{"id":16059,"date":"2023-11-10T12:07:57","date_gmt":"2023-11-10T15:07:57","guid":{"rendered":"https:\/\/www.grupomedcof.com.br\/blog\/?p=16059"},"modified":"2025-04-28T17:39:05","modified_gmt":"2025-04-28T20:39:05","slug":"confira-os-principais-editais-de-pos-graduacao-em-dermatologia","status":"publish","type":"post","link":"https:\/\/www.grupomedcof.com.br\/blog\/confira-os-principais-editais-de-pos-graduacao-em-dermatologia\/","title":{"rendered":"Editais de P\u00f3s-gradua\u00e7\u00e3o em Dermatologia: confira especializa\u00e7\u00f5es abertas e previs\u00f5es"},"content":{"rendered":"<div id=\"ez-toc-container\" class=\"ez-toc-v2_0_74 counter-hierarchy ez-toc-counter ez-toc-transparent ez-toc-container-direction\">\n<div class=\"ez-toc-title-container\">\n<p class=\"ez-toc-title\" style=\"cursor:inherit\">Sum\u00e1rio<\/p>\n<span class=\"ez-toc-title-toggle\"><a href=\"#\" class=\"ez-toc-pull-right ez-toc-btn ez-toc-btn-xs ez-toc-btn-default ez-toc-toggle\" aria-label=\"Alternar tabela de conte\u00fado\"><span class=\"ez-toc-js-icon-con\"><span class=\"\"><span class=\"eztoc-hide\" style=\"display:none;\">Toggle<\/span><span class=\"ez-toc-icon-toggle-span\"><svg style=\"fill: #999;color:#999\" xmlns=\"http:\/\/www.w3.org\/2000\/svg\" class=\"list-377408\" width=\"20px\" height=\"20px\" viewBox=\"0 0 24 24\" fill=\"none\"><path d=\"M6 6H4v2h2V6zm14 0H8v2h12V6zM4 11h2v2H4v-2zm16 0H8v2h12v-2zM4 16h2v2H4v-2zm16 0H8v2h12v-2z\" fill=\"currentColor\"><\/path><\/svg><svg style=\"fill: #999;color:#999\" class=\"arrow-unsorted-368013\" xmlns=\"http:\/\/www.w3.org\/2000\/svg\" width=\"10px\" height=\"10px\" viewBox=\"0 0 24 24\" version=\"1.2\" baseProfile=\"tiny\"><path d=\"M18.2 9.3l-6.2-6.3-6.2 6.3c-.2.2-.3.4-.3.7s.1.5.3.7c.2.2.4.3.7.3h11c.3 0 .5-.1.7-.3.2-.2.3-.5.3-.7s-.1-.5-.3-.7zM5.8 14.7l6.2 6.3 6.2-6.3c.2-.2.3-.5.3-.7s-.1-.5-.3-.7c-.2-.2-.4-.3-.7-.3h-11c-.3 0-.5.1-.7.3-.2.2-.3.5-.3.7s.1.5.3.7z\"\/><\/svg><\/span><\/span><\/span><\/a><\/span><\/div>\n<nav><ul class='ez-toc-list ez-toc-list-level-1 ' ><li class='ez-toc-page-1 ez-toc-heading-level-2'><a class=\"ez-toc-link ez-toc-heading-1\" href=\"https:\/\/www.grupomedcof.com.br\/blog\/confira-os-principais-editais-de-pos-graduacao-em-dermatologia\/#Especializacao_em_Dermatologia\" >Especializa\u00e7\u00e3o\u00a0em Dermatologia<\/a><\/li><li class='ez-toc-page-1 ez-toc-heading-level-2'><a class=\"ez-toc-link ez-toc-heading-2\" href=\"https:\/\/www.grupomedcof.com.br\/blog\/confira-os-principais-editais-de-pos-graduacao-em-dermatologia\/#Editais_abertos_em_servicos_credenciados\" >Editais abertos em servi\u00e7os credenciados<\/a><ul class='ez-toc-list-level-3' ><li class='ez-toc-heading-level-3'><a class=\"ez-toc-link ez-toc-heading-3\" href=\"https:\/\/www.grupomedcof.com.br\/blog\/confira-os-principais-editais-de-pos-graduacao-em-dermatologia\/#Hospital_Central_Aristarcho_Pessoa_HCAP_%E2%80%93_Carlos_Chagas\" >Hospital Central Aristarcho Pessoa (HCAP) &#8211; Carlos Chagas<\/a><\/li><li class='ez-toc-page-1 ez-toc-heading-level-3'><a class=\"ez-toc-link ez-toc-heading-4\" href=\"https:\/\/www.grupomedcof.com.br\/blog\/confira-os-principais-editais-de-pos-graduacao-em-dermatologia\/#Faculdade_Evangelica_Mackenzie_Parana\" >Faculdade Evang\u00e9lica Mackenzie Paran\u00e1<\/a><\/li><li class='ez-toc-page-1 ez-toc-heading-level-3'><a class=\"ez-toc-link ez-toc-heading-5\" href=\"https:\/\/www.grupomedcof.com.br\/blog\/confira-os-principais-editais-de-pos-graduacao-em-dermatologia\/#Santa_Casa_de_Sao_Jose_dos_Campos\" >Santa Casa de S\u00e3o Jos\u00e9 dos Campos<\/a><\/li><li class='ez-toc-page-1 ez-toc-heading-level-3'><a class=\"ez-toc-link ez-toc-heading-6\" href=\"https:\/\/www.grupomedcof.com.br\/blog\/confira-os-principais-editais-de-pos-graduacao-em-dermatologia\/#Centro_de_Estudos_Dermatologicos_de_Recife_%E2%80%93_CEDER\" >Centro de Estudos Dermatol\u00f3gicos de Recife &#8211; CEDER<\/a><\/li><li class='ez-toc-page-1 ez-toc-heading-level-3'><a class=\"ez-toc-link ez-toc-heading-7\" href=\"https:\/\/www.grupomedcof.com.br\/blog\/confira-os-principais-editais-de-pos-graduacao-em-dermatologia\/#UNOESTE_%E2%80%93_Presidente_Prudente\" >UNOESTE &#8211; Presidente Prudente<\/a><\/li><li class='ez-toc-page-1 ez-toc-heading-level-3'><a class=\"ez-toc-link ez-toc-heading-8\" href=\"https:\/\/www.grupomedcof.com.br\/blog\/confira-os-principais-editais-de-pos-graduacao-em-dermatologia\/#UERJ_%E2%80%93_Rio_de_Janeiro\" >UERJ &#8211; Rio de Janeiro<\/a><\/li><li class='ez-toc-page-1 ez-toc-heading-level-3'><a class=\"ez-toc-link ez-toc-heading-9\" href=\"https:\/\/www.grupomedcof.com.br\/blog\/confira-os-principais-editais-de-pos-graduacao-em-dermatologia\/#UFRJ_%E2%80%93_Rio_de_Janeiro\" >UFRJ &#8211; Rio de Janeiro<\/a><\/li><li class='ez-toc-page-1 ez-toc-heading-level-3'><a class=\"ez-toc-link ez-toc-heading-10\" href=\"https:\/\/www.grupomedcof.com.br\/blog\/confira-os-principais-editais-de-pos-graduacao-em-dermatologia\/#AZULAY_%E2%80%93_Rio_de_Janeiro\" >AZULAY &#8211; Rio de Janeiro<\/a><\/li><\/ul><\/li><li class='ez-toc-page-1 ez-toc-heading-level-2'><a class=\"ez-toc-link ez-toc-heading-11\" href=\"https:\/\/www.grupomedcof.com.br\/blog\/confira-os-principais-editais-de-pos-graduacao-em-dermatologia\/#Editais_previstos_para_Novembro\" >Editais previstos para Novembro<\/a><\/li><li class='ez-toc-page-1 ez-toc-heading-level-2'><a class=\"ez-toc-link ez-toc-heading-12\" href=\"https:\/\/www.grupomedcof.com.br\/blog\/confira-os-principais-editais-de-pos-graduacao-em-dermatologia\/#Editais_previstos_a_partir_de_dezembro\" >Editais previstos a partir de dezembro<\/a><\/li><li class='ez-toc-page-1 ez-toc-heading-level-2'><a class=\"ez-toc-link ez-toc-heading-13\" href=\"https:\/\/www.grupomedcof.com.br\/blog\/confira-os-principais-editais-de-pos-graduacao-em-dermatologia\/#AProva_MedCof_Derma\" >A.Prova MedCof Derma<\/a><\/li><\/ul><\/nav><\/div>\n<p><img loading=\"lazy\" decoding=\"async\" src=\"https:\/\/www.grupomedcof.com.br\/blog\/wp-content\/uploads\/2023\/11\/Blog-MedCof-2023-11-10T150250.714-1024x576.png\" sizes=\"auto, (max-width: 800px) 100vw, 800px\" srcset=\"https:\/\/www.grupomedcof.com.br\/blog\/wp-content\/uploads\/2023\/11\/Blog-MedCof-2023-11-10T150250.714-1024x576.png 1024w, https:\/\/www.grupomedcof.com.br\/blog\/wp-content\/uploads\/2023\/11\/Blog-MedCof-2023-11-10T150250.714-300x169.png 300w, https:\/\/www.grupomedcof.com.br\/blog\/wp-content\/uploads\/2023\/11\/Blog-MedCof-2023-11-10T150250.714-768x432.png 768w, https:\/\/www.grupomedcof.com.br\/blog\/wp-content\/uploads\/2023\/11\/Blog-MedCof-2023-11-10T150250.714-1536x864.png 1536w, https:\/\/www.grupomedcof.com.br\/blog\/wp-content\/uploads\/2023\/11\/Blog-MedCof-2023-11-10T150250.714-2048x1152.png 2048w\" alt=\"\" width=\"800\" height=\"450\" \/><\/p>\n<p>Est\u00e1 pensando em se especializar atrav\u00e9s de uma <strong>p\u00f3s-gradua\u00e7\u00e3o em dermatologia<\/strong>, mas n\u00e3o sabe quais institui\u00e7\u00f5es ofertam servi\u00e7o? Ent\u00e3o este post ir\u00e1 te ajudar!<\/p>\n<h2 id=\"h-pos-graduacao-em-dermatologia\" style=\"font-family: Poppins, sans-serif; color: #7a7a7a;\"><span class=\"ez-toc-section\" id=\"Especializacao_em_Dermatologia\"><\/span><strong>Especializa\u00e7\u00e3o\u00a0em Dermatologia<\/strong><span class=\"ez-toc-section-end\"><\/span><\/h2>\n<p>Passar na prova de resid\u00eancia \u00e9 t\u00e3o concorrido quanto passar no vestibular de Medicina. Mas voc\u00ea sabia que existem outros caminhos poss\u00edveis?\u00a0<\/p>\n<p>A resid\u00eancia m\u00e9dica \u00e9 a modalidade de ensino de p\u00f3s-gradua\u00e7\u00e3o destinada a m\u00e9dicos mais conhecida. O residente possui uma carga hor\u00e1ria de 60 horas semanais e recebe uma bolsa MEC no valor de 4 mil reais aproximadamente. A prova de acesso abrange todas as \u00e1reas m\u00e9dicas e, ap\u00f3s o t\u00e9rmino o m\u00e9dico j\u00e1 recebe o registro de especialista, o t\u00e3o sonhado RQE.\u00a0<\/p>\n<p>A segunda op\u00e7\u00e3o \u00e9 o est\u00e1gio ou p\u00f3s gradua\u00e7\u00e3o credenciada pela Sociedade Brasileira de Dermatologia (SBD). Possui mesma carga hor\u00e1ria e mesma dura\u00e7\u00e3o (3 anos) por\u00e9m, alguns servi\u00e7os s\u00e3o pagos e n\u00e3o possuem bolsa. A prova de admiss\u00e3o requer conhecimentos espec\u00edficos da Dermatologia e, ao final, \u00e9 necess\u00e1rio prestar a prova de t\u00edtulo de especialista para conseguir o RQE.\u00a0<\/p>\n<p>E, por \u00faltimo, a p\u00f3s gradua\u00e7\u00e3o n\u00e3o credenciada pela SBD. Esses cursos n\u00e3o possuem processo seletivo e s\u00e3o pagos, com uma carga hor\u00e1ria vari\u00e1vel, mas menor que a resid\u00eancia ou est\u00e1gio. A prova de t\u00edtulo da SBD s\u00f3 pode ser prestada ap\u00f3s 6 anos de atua\u00e7\u00e3o na \u00e1rea.\u00a0<\/p>\n<h2 style=\"font-family: Poppins, sans-serif; color: #7a7a7a;\"><span class=\"ez-toc-section\" id=\"Editais_abertos_em_servicos_credenciados\"><\/span><strong>Editais abertos em servi\u00e7os credenciados<\/strong><span class=\"ez-toc-section-end\"><\/span><\/h2>\n<p>Veja mais algumas institui\u00e7\u00f5es que tamb\u00e9m est\u00e3o com seus editais para p\u00f3s-gradua\u00e7\u00e3o em medicina em aberto:<\/p>\n<p><a href=\"https:\/\/medcofderma.com.br\/aprova\/\" target=\"_blank\" rel=\"noopener\"><br \/><img loading=\"lazy\" decoding=\"async\" src=\"https:\/\/www.grupomedcof.com.br\/blog\/wp-content\/uploads\/2023\/11\/Blog-MedCof-2023-11-10T112712.715-e1699626493995-1024x194.png\" sizes=\"auto, (max-width: 800px) 100vw, 800px\" srcset=\"https:\/\/www.grupomedcof.com.br\/blog\/wp-content\/uploads\/2023\/11\/Blog-MedCof-2023-11-10T112712.715-e1699626493995-1024x194.png 1024w, https:\/\/www.grupomedcof.com.br\/blog\/wp-content\/uploads\/2023\/11\/Blog-MedCof-2023-11-10T112712.715-e1699626493995-300x57.png 300w, https:\/\/www.grupomedcof.com.br\/blog\/wp-content\/uploads\/2023\/11\/Blog-MedCof-2023-11-10T112712.715-e1699626493995-768x146.png 768w, https:\/\/www.grupomedcof.com.br\/blog\/wp-content\/uploads\/2023\/11\/Blog-MedCof-2023-11-10T112712.715-e1699626493995-1536x292.png 1536w, https:\/\/www.grupomedcof.com.br\/blog\/wp-content\/uploads\/2023\/11\/Blog-MedCof-2023-11-10T112712.715-e1699626493995-2048x389.png 2048w\" alt=\"\" width=\"800\" height=\"152\" \/> <\/a><\/p>\n<h3 id=\"h-hospital-central-aristarcho-pessoa-hcap-carlos-chagas\" style=\"font-family: Poppins, sans-serif; color: #7a7a7a;\"><span class=\"ez-toc-section\" id=\"Hospital_Central_Aristarcho_Pessoa_HCAP_%E2%80%93_Carlos_Chagas\"><\/span><strong>Hospital Central Aristarcho Pessoa (HCAP) &#8211; Carlos Chagas<\/strong><span class=\"ez-toc-section-end\"><\/span><\/h3>\n<p>Com mais de 60 anos de hist\u00f3ria, o <strong>HCAP &#8211; Carlos Chagas<\/strong> conta com 25 cursos oferecidos e 29 hospitais conveniados. Al\u00e9m disso, ele est\u00e1 com processo seletivo para p\u00f3s-gradua\u00e7\u00e3o em dermatologia aberto!<\/p>\n<p>De acordo com o<strong>\u00a0<a href=\"https:\/\/www.carloschagas.org.br\/wp-content\/uploads\/2022\/12\/EDITAL-35-2023-DERMATOLOGIA-I-MARA.pdf\" target=\"_blank\" rel=\"noopener\">edital<\/a>\u00a0<\/strong>haver\u00e1 <strong>1 vaga<\/strong> para o curso que ser\u00e1 coordenado pela Dra. Mara Mazzillo.<\/p>\n<p>&#x1f538;<strong>Inscri\u00e7\u00f5es:<\/strong> 02 novembro at\u00e9 31 janeiro 2024 &#8211; R$700,00<br \/>&#x1f538;<strong>Mensalidade:<\/strong> R$3300,00 + taxa semestral<br \/>&#x1f538;<strong>Prova:<\/strong> 05 fevereiro 2024 (8h) &#8211; 55 quest\u00f5es m\u00faltipla escolha (Dermato + CM)<br \/>&#x1f538;<strong>2\u00aa etapa:<\/strong> 05 fevereiro 2024 &#8211; Entrevista + an\u00e1lise curricular<\/p>\n<h3 id=\"h-hospital-central-aristarcho-pessoa-hcap-carlos-chagas\" style=\"font-family: Poppins, sans-serif; color: #7a7a7a;\"><span class=\"ez-toc-section\" id=\"Faculdade_Evangelica_Mackenzie_Parana\"><\/span><strong>Faculdade Evang\u00e9lica Mackenzie Paran\u00e1<\/strong><span class=\"ez-toc-section-end\"><\/span><\/h3>\n<p>A<strong> Faculdade Evang\u00e9lica Mackenzie do Paran\u00e1<\/strong> tamb\u00e9m est\u00e1 com o processo seletivo para p\u00f3s-gradua\u00e7\u00e3o em dermatologia. Sendo assim, veja a seguir as principais informa\u00e7\u00f5es contidas no<strong>\u00a0<a href=\"https:\/\/www.mackenzie.br\/fileadmin\/ARQUIVOS\/Public\/1-mackenzie\/faculdades\/curitiba\/2023\/editais_2023\/174_-_PS_Especializa%C3%A7%C3%A3o_M%C3%A9dica_em_Dermatologia.pdf\" target=\"_blank\" rel=\"noopener\">edital<\/a>:<\/strong><\/p>\n<p>&#x1f538;<strong>Inscri\u00e7\u00f5es:<\/strong> 01 novembro at\u00e9 30 novembro 2023 &#8211; R$450,00<br \/>&#x1f538;<strong>5 vagas<\/strong><br \/>&#x1f538;<strong>Mensalidade:<\/strong> R$3000,00<br \/>&#x1f538;<strong>Prova:<\/strong> 12 dezembro 2023 (13:15h) &#8211; conhecimentos de Dermatologia (50 quest\u00f5es)<br \/><strong>&#x1f538;2\u00aa etapa:<\/strong> 12 dezembro 2023 (16h) &#8211; Prova te\u00f3rico-pr\u00e1tica em multim\u00eddia: Tema Dermatologia + entrevista + an\u00e1lise curricular<\/p>\n<h3 id=\"h-hospital-central-aristarcho-pessoa-hcap-carlos-chagas\" style=\"font-family: Poppins, sans-serif; color: #7a7a7a;\"><span class=\"ez-toc-section\" id=\"Santa_Casa_de_Sao_Jose_dos_Campos\"><\/span><strong>Santa Casa de S\u00e3o Jos\u00e9 dos Campos<\/strong><span class=\"ez-toc-section-end\"><\/span><\/h3>\n<p>A <strong>Santa Casa de S\u00e3o Jos\u00e9 dos Campos<\/strong> j\u00e1 tem um s\u00e9culo de hist\u00f3ria e diversas institui\u00e7\u00f5es conveniadas. Al\u00e9m disso, ela est\u00e1 seu processo seletivo para p\u00f3s-gradua\u00e7\u00e3o em dermatologia, confira a seguir as principais informa\u00e7\u00f5es do\u00a0<strong><a href=\"https:\/\/www.iepsantacasasjc.com\/_files\/ugd\/1715e8_79c89f951814440f96984604aaf9fbcb.pdf\" target=\"_blank\" rel=\"noopener\">edital<\/a>:<\/strong><\/p>\n<p>&#x1f538;<strong>Inscri\u00e7\u00f5es:<\/strong> 01 novembro at\u00e9 22 dezembro 2023 &#8211; R$500-600,00<br \/><strong>&#x1f538;3 vagas<\/strong><br \/>&#x1f538;<strong>Mensalidade:<\/strong> R$3000,00<br \/><strong>&#x1f538;Prova:<\/strong> 10 janeiro 2024 &#8211; prova te\u00f3rica escrita de Dermatologia<br \/>&#x1f538;<strong>2\u00aa etapa:<\/strong> 17 janeiro 2024 &#8211; prova de Dermatologia Pr\u00e1tica, Entrevista mais An\u00e1lise de Curr\u00edculo<\/p>\n<h3 id=\"h-hospital-central-aristarcho-pessoa-hcap-carlos-chagas\" style=\"font-family: Poppins, sans-serif; color: #7a7a7a;\"><span class=\"ez-toc-section\" id=\"Centro_de_Estudos_Dermatologicos_de_Recife_%E2%80%93_CEDER\"><\/span><strong>Centro de Estudos Dermatol\u00f3gicos de Recife &#8211; CEDER<\/strong><span class=\"ez-toc-section-end\"><\/span><\/h3>\n<p>Regido pelo\u00a0Cremepe\u00a0(Conselho Regional de Medicina do Estado de Pernambuco) o\u00a0Centro de Estudos Dermatol\u00f3gicos de Recife\u00a0j\u00e1 publicou o edital para 2024 em seu\u00a0<a href=\"https:\/\/www.cremepe.org.br\/2020\/12\/04\/edital-centro-de-estudos-dermatologicos-do-recife-ceder\/#\" target=\"_blank\" rel=\"noopener\">site:<\/a><\/p>\n<p>&#x1f538;<strong>Inscri\u00e7\u00f5es:<\/strong> 17 outubro at\u00e9 17 novembro 2023 &#8211; R$700,00<br \/>&#x1f538;<strong>3 vagas<\/strong><br \/>&#x1f538;<strong>Mensalidade:<\/strong> R$2800,00<br \/>&#x1f538;<strong>Prova:<\/strong> 25 novembro 2023 &#8211; 45 quest\u00f5es objetivas de Dermatologia<br \/>&#x1f538;2\u00aa etapa: 24 janeiro 2024 &#8211; entrevista + an\u00e1lise de curr\u00edculo<\/p>\n<p>@dermatologiaceder<br \/><strong>E-mail:<\/strong> cederrecife@gmail.com<\/p>\n<p><img loading=\"lazy\" decoding=\"async\" class=\"alignright\" src=\"https:\/\/www.grupomedcof.com.br\/blog\/wp-content\/uploads\/2023\/10\/Captura-de-tela-2023-10-09-111414.png\" sizes=\"auto, (max-width: 705px) 100vw, 705px\" srcset=\"https:\/\/www.grupomedcof.com.br\/blog\/wp-content\/uploads\/2023\/10\/Captura-de-tela-2023-10-09-111414.png 705w, https:\/\/www.grupomedcof.com.br\/blog\/wp-content\/uploads\/2023\/10\/Captura-de-tela-2023-10-09-111414-300x267.png 300w\" alt=\"medcof derma, simulado medcof, aula medcof, aulas medcof,\" width=\"304\" height=\"271\" \/><\/p>\n<h3 id=\"h-hospital-central-aristarcho-pessoa-hcap-carlos-chagas\" style=\"font-family: Poppins, sans-serif; color: #7a7a7a;\"><span class=\"ez-toc-section\" id=\"UNOESTE_%E2%80%93_Presidente_Prudente\"><\/span><strong>UNOESTE &#8211; Presidente Prudente<\/strong><span class=\"ez-toc-section-end\"><\/span><\/h3>\n<p>Ativa desde os anos 70 a <strong>Universidade do Oeste Paulista<\/strong> possui diversos campus pelo Estado e e diversos cursos em formato EAD. Ademais, ele tamb\u00e9m est\u00e1 com\u00a0<strong><a href=\"https:\/\/www.unoeste.br\/site\/CursoPosGraduacao\/ExibeCurso.aspx?codigo=5814&amp;menu=apresentacao\" target=\"_blank\" rel=\"noopener\">edital<\/a>\u00a0<\/strong>aberto para especializa\u00e7\u00e3o em dermatologia atrav\u00e9s da p\u00f3s-gradua\u00e7\u00e3o:<\/p>\n<p><strong>&#x1f538;Inscri\u00e7\u00f5es:<\/strong> 02 outubro at\u00e9 25 janeiro 2024 &#8211; R$670,00<br \/><strong>&#x1f538;4 vagas<\/strong><br \/><strong>&#x1f538;Mensalidade:<\/strong> R$ 3832,50<br \/>&#x1f538;<strong>Prova:<\/strong> 31 janeiro 2024 &#8211; conhecimentos em Medicina<br \/><strong>&#x1f538;2\u00aa etapa:<\/strong> 07 fevereiro 2024 &#8211; prova de ingl\u00eas + entrevista + an\u00e1lise de curr\u00edculo + prova espec\u00edfica Dermato<\/p>\n<h3 id=\"h-hospital-central-aristarcho-pessoa-hcap-carlos-chagas\" style=\"font-family: Poppins, sans-serif; color: #7a7a7a;\"><span class=\"ez-toc-section\" id=\"UERJ_%E2%80%93_Rio_de_Janeiro\"><\/span><strong>UERJ &#8211; Rio de Janeiro<\/strong><span class=\"ez-toc-section-end\"><\/span><\/h3>\n<p>A <strong>Universidade Estadual do Rio de Janeiro t<\/strong>amb\u00e9m oferta cursos de p\u00f3s-gradua\u00e7\u00e3o, inclusive para dermatologia, confira o resumo do<strong>\u00a0<a href=\"https:\/\/www.cepuerj.uerj.br\/uploads\/outros\/16909910712696014fdf484eeeb011a5fb52cf33751b4e22f\/1245411529.pdf?fbclid=PAAabbGGyTGUD38GGEvMiYc2zgK\" target=\"_blank\" rel=\"noopener\">edital<\/a>:<\/strong><\/p>\n<p>&#x1f538;<strong>Inscri\u00e7\u00f5es:<\/strong> 01 novembro at\u00e9 30 novembro 2024 &#8211; R$265,00<br \/><strong>&#x1f538;6 vagas<\/strong> (2 cotistas e 4 ampla concorr\u00eancia)<br \/><strong>&#x1f538;Mensalidade:<\/strong> R$ 3470,00<br \/><strong>&#x1f538;Prova:<\/strong> 08 janeiro 2024 &#8211; prova te\u00f3rica escrita (35 quest\u00f5es CM e 15 Dermato)<br \/>&#x1f538;11 janeiro 2024 &#8211; <strong>prova de ingl\u00eas + entrevista + an\u00e1lise de curr\u00edculo<\/strong><\/p>\n<h3 id=\"h-hospital-central-aristarcho-pessoa-hcap-carlos-chagas\" style=\"font-family: Poppins, sans-serif; color: #7a7a7a;\"><span class=\"ez-toc-section\" id=\"UFRJ_%E2%80%93_Rio_de_Janeiro\"><\/span><strong>UFRJ &#8211; Rio de Janeiro<\/strong><span class=\"ez-toc-section-end\"><\/span><\/h3>\n<p>O <strong>Hospital Universit\u00e1rio Clementino Fraga Filh<\/strong>o vinculado \u00e0 UFRJ tamb\u00e9m publicou o edital para especializa\u00e7\u00e3o em dermatologia de 2024 em seu\u00a0<strong><a href=\"https:\/\/www.hucff.ufrj.br\/editais\/\" target=\"_blank\" rel=\"noopener\">site<\/a>:<\/strong><\/p>\n<p><strong>&#x1f538;Inscri\u00e7\u00f5es:<\/strong> 16 outubro at\u00e9 22 dezembro 2023 &#8211; R$850,00<br \/><strong>&#x1f538;9 vagas<\/strong><br \/>&#x1f538;<strong>Mensalidade:<\/strong> R$3200,00<br \/>&#x1f538;<strong>Prova:<\/strong> 09 e 10 janeiro 2024 &#8211; <strong>N\u00c3O H\u00c1 PROVA ESPEC\u00cdFICA DE DERMATO<\/strong> &#8211; prova de conhecimentos em medicina + prova de ingl\u00eas + entrevista<\/p>\n<p>\u00a0<\/p>\n\n\n<\/p>\n<p>\n\n\n<\/p>\n<p>\n\n\n<\/p>\n<h3 class=\"wp-block-heading\" id=\"h-hospital-central-aristarcho-pessoa-hcap-carlos-chagas\"><span class=\"ez-toc-section\" id=\"AZULAY_%E2%80%93_Rio_de_Janeiro\"><\/span><strong style=\"color: inherit; font-family: inherit; font-size: 1.75rem;\">AZULAY &#8211; Rio de Janeiro<\/strong><span class=\"ez-toc-section-end\"><\/span><\/h3>\n<p>\n\n\n<\/p>\n<p>\n\n\n<\/p>\n<p>Com mais de 100 anos ofertando o ensino especializado em dermatologia, O <strong>Instituto de Dermatologia Prof. Rubem David Azulay<\/strong> oferta diversos servi\u00e7os, veja a seguir o detalhes do edital deste ano dispon\u00edvel em seu <strong><a href=\"https:\/\/santacasadermatoazulay.com.br\/idprda\/\" target=\"_blank\" rel=\"noopener\">site<\/a>:<\/strong><\/p>\n<p>\u00a0<\/p>\n<p>\n\n\n<\/p>\n<p>\n\n\n<\/p>\n<p><strong>&#x1f538;Inscri\u00e7\u00f5es:<\/strong> 23 outubro at\u00e9 09 janeiro 2024 &#8211; R$950,00 at\u00e9 R$1140,00<br \/><strong>&#x1f538;18 vagas<\/strong> (13 brasileiros e 5 estrangeiros)<br \/><strong>&#x1f538;Mensalidade:<\/strong> R$ 3500,00<br \/><strong>&#x1f538;Prova:<\/strong> 12 janeiro 2024 &#8211; prova te\u00f3rica m\u00faltipla escolha (50 quest\u00f5es CM e Dermato)<br \/><strong>&#x1f538;16 janeiro 2024<\/strong> &#8211; an\u00e1lise de curr\u00edculo presencial<\/p>\n<p>\n\n\n<p><a href=\"https:\/\/medcofderma.com.br\/aprova\/\" target=\"_blank\" rel=\"noopener\"><br \/><img loading=\"lazy\" decoding=\"async\" src=\"https:\/\/www.grupomedcof.com.br\/blog\/wp-content\/uploads\/2023\/11\/Blog-MedCof-2023-11-10T115953.653-e1699628539386-1024x164.png\" sizes=\"auto, (max-width: 800px) 100vw, 800px\" srcset=\"https:\/\/www.grupomedcof.com.br\/blog\/wp-content\/uploads\/2023\/11\/Blog-MedCof-2023-11-10T115953.653-e1699628539386-1024x164.png 1024w, https:\/\/www.grupomedcof.com.br\/blog\/wp-content\/uploads\/2023\/11\/Blog-MedCof-2023-11-10T115953.653-e1699628539386-300x48.png 300w, https:\/\/www.grupomedcof.com.br\/blog\/wp-content\/uploads\/2023\/11\/Blog-MedCof-2023-11-10T115953.653-e1699628539386-768x123.png 768w, https:\/\/www.grupomedcof.com.br\/blog\/wp-content\/uploads\/2023\/11\/Blog-MedCof-2023-11-10T115953.653-e1699628539386-1536x245.png 1536w, https:\/\/www.grupomedcof.com.br\/blog\/wp-content\/uploads\/2023\/11\/Blog-MedCof-2023-11-10T115953.653-e1699628539386-2048x327.png 2048w\" alt=\"\" width=\"800\" height=\"128\" \/> <\/a><\/p>\n<h2 id=\"h-editais-previstos-para-novembro\" style=\"font-family: Poppins, sans-serif; color: #7a7a7a;\"><span class=\"ez-toc-section\" id=\"Editais_previstos_para_Novembro\"><\/span><strong>Editais previstos para Novembro<\/strong><span class=\"ez-toc-section-end\"><\/span><\/h2>\n<p>&#x1f538;Faculdade de Medicina do ABC<br \/>&#x1f538;Hospital Universit\u00e1rio de Taubat\u00e9<br \/>&#x1f538;Policl\u00ednica Geral do Rio de Janeiro<br \/>&#x1f538;Irm. Da Santa Casa de Curitiba<br \/>&#x1f538;Escola Pernambucana de Sa\u00fade &#8211; IMIP<\/p>\n<h2 id=\"h-editais-previstos-a-partir-de-dezembro\" style=\"font-family: Poppins, sans-serif; color: #7a7a7a;\"><span class=\"ez-toc-section\" id=\"Editais_previstos_a_partir_de_dezembro\"><\/span><strong>Editais previstos a partir de dezembro<\/strong><span class=\"ez-toc-section-end\"><\/span><\/h2>\n<p>&#x1f538; Uni5 (Heli\u00f3polis, Jundia\u00ed, Santos, Bauru e Mogi)<br \/>&#x1f538;PUC Sorocaba (N\u00c3O H\u00c1 PROVA ESPEC\u00cdFICA DE DERMATO)<br \/>&#x1f538;Servi\u00e7o de Dermatologia da Univ. Do Estado do Par\u00e1<\/p>\n<h2 id=\"h-a-prova-medcof-derma\" style=\"font-family: Poppins, sans-serif; color: #7a7a7a;\"><span class=\"ez-toc-section\" id=\"AProva_MedCof_Derma\"><\/span><strong>A.Prova MedCof Derma<\/strong><span class=\"ez-toc-section-end\"><\/span><\/h2>\n<p>Como voc\u00ea deve ter visto, a p\u00f3s-gradua\u00e7\u00e3o em medicina \u00e9 uma forma v\u00e1lida de especializa\u00e7\u00e3o que possui diversas vantagens. Com isso em mente, o\u00a0<a href=\"https:\/\/medcofderma.com.br\/\" target=\"_blank\" rel=\"noreferrer noopener\">MedCof Derma\u00a0<\/a>preparou um curso exclusivo para voc\u00ea que pensa em fazer um p\u00f3s na \u00e1rea de dermatologia, o\u00a0<a href=\"https:\/\/medcofderma.com.br\/aprova\/\" target=\"_blank\" rel=\"noreferrer noopener\">A.Prova MedCof Derma.<\/a><\/p>\n<p><iframe loading=\"lazy\" title=\"A.PROVA - APROVEITE O SEU DESCONTO.\" width=\"696\" height=\"392\" src=\"https:\/\/www.youtube.com\/embed\/bj2FoQoIuT0?feature=oembed\" frameborder=\"0\" allow=\"accelerometer; autoplay; clipboard-write; encrypted-media; gyroscope; picture-in-picture; web-share\" referrerpolicy=\"strict-origin-when-cross-origin\" allowfullscreen><\/iframe><\/p>","protected":false},"excerpt":{"rendered":"<p>Confira os principais editais de p\u00f3s-gradua\u00e7\u00e3o em dermatologia, com especializa\u00e7\u00f5es abertas, previs\u00f5es por m\u00eas e informa\u00e7\u00f5es da Prova MedCof Derma.<\/p>\n","protected":false},"author":6,"featured_media":16138,"comment_status":"open","ping_status":"open","sticky":false,"template":"","format":"standard","meta":{"footnotes":""},"categories":[55,203,1401],"tags":[204,93,276],"ppma_author":[3609],"class_list":{"0":"post-16059","1":"post","2":"type-post","3":"status-publish","4":"format-standard","5":"has-post-thumbnail","7":"category-carreira-medica","8":"category-dermatologia","9":"category-medcof-derma","10":"tag-dermatologia","11":"tag-especialidades-medicas","12":"tag-pos-graduacao"},"yoast_head":"<!-- This site is optimized with the Yoast SEO Premium plugin v24.3 (Yoast SEO v27.4) - https:\/\/yoast.com\/product\/yoast-seo-premium-wordpress\/ -->\n<title>Editais de p\u00f3s em dermatologia: confira os principais!<\/title>\n<meta name=\"description\" content=\"Confira os principais editais de p\u00f3s-gradua\u00e7\u00e3o em dermatologia, com especializa\u00e7\u00f5es abertas, previs\u00f5es por m\u00eas e informa\u00e7\u00f5es da Prova MedCof Derma.\" \/>\n<meta name=\"robots\" content=\"index, follow, max-snippet:-1, max-image-preview:large, max-video-preview:-1\" \/>\n<link rel=\"canonical\" href=\"https:\/\/www.grupomedcof.com.br\/blog\/confira-os-principais-editais-de-pos-graduacao-em-dermatologia\/\" \/>\n<meta property=\"og:locale\" content=\"pt_BR\" \/>\n<meta property=\"og:type\" content=\"article\" \/>\n<meta property=\"og:title\" content=\"Editais de P\u00f3s-gradua\u00e7\u00e3o em Dermatologia: confira especializa\u00e7\u00f5es abertas e previs\u00f5es\" \/>\n<meta property=\"og:description\" content=\"Confira os principais editais de p\u00f3s-gradua\u00e7\u00e3o em dermatologia, com especializa\u00e7\u00f5es abertas, previs\u00f5es por m\u00eas e informa\u00e7\u00f5es da Prova MedCof Derma.\" \/>\n<meta property=\"og:url\" content=\"https:\/\/www.grupomedcof.com.br\/blog\/confira-os-principais-editais-de-pos-graduacao-em-dermatologia\/\" \/>\n<meta property=\"og:site_name\" content=\"Blog de Medcof: conte\u00fados, editais, revalida e mais!\" \/>\n<meta property=\"article:publisher\" content=\"https:\/\/www.facebook.com\/MedCofQbank\/\" \/>\n<meta property=\"article:published_time\" content=\"2023-11-10T15:07:57+00:00\" \/>\n<meta property=\"article:modified_time\" content=\"2025-04-28T20:39:05+00:00\" \/>\n<meta property=\"og:image\" content=\"https:\/\/www.grupomedcof.com.br\/blog\/wp-content\/uploads\/2023\/11\/Blog-MedCof-2023-11-10T101934.693-1024x576.png\" \/>\n\t<meta property=\"og:image:width\" content=\"1024\" \/>\n\t<meta property=\"og:image:height\" content=\"576\" \/>\n\t<meta property=\"og:image:type\" content=\"image\/png\" \/>\n<meta name=\"author\" content=\"J\u00falia Moreira\" \/>\n<meta name=\"twitter:card\" content=\"summary_large_image\" \/>\n<meta name=\"twitter:label1\" content=\"Escrito por\" \/>\n\t<meta name=\"twitter:data1\" content=\"J\u00falia Moreira\" \/>\n\t<meta name=\"twitter:label2\" content=\"Est. tempo de leitura\" \/>\n\t<meta name=\"twitter:data2\" content=\"7 minutos\" \/>\n<script type=\"application\/ld+json\" class=\"yoast-schema-graph\">{\"@context\":\"https:\\\/\\\/schema.org\",\"@graph\":[{\"@type\":\"Article\",\"@id\":\"https:\\\/\\\/www.grupomedcof.com.br\\\/blog\\\/confira-os-principais-editais-de-pos-graduacao-em-dermatologia\\\/#article\",\"isPartOf\":{\"@id\":\"https:\\\/\\\/www.grupomedcof.com.br\\\/blog\\\/confira-os-principais-editais-de-pos-graduacao-em-dermatologia\\\/\"},\"author\":{\"name\":\"J\u00falia Moreira\",\"@id\":\"https:\\\/\\\/www.grupomedcof.com.br\\\/blog\\\/#\\\/schema\\\/person\\\/1375e0ce724529d7a1d8156ea7f8ceaa\"},\"headline\":\"Editais de P\u00f3s-gradua\u00e7\u00e3o em Dermatologia: confira especializa\u00e7\u00f5es abertas e previs\u00f5es\",\"datePublished\":\"2023-11-10T15:07:57+00:00\",\"dateModified\":\"2025-04-28T20:39:05+00:00\",\"mainEntityOfPage\":{\"@id\":\"https:\\\/\\\/www.grupomedcof.com.br\\\/blog\\\/confira-os-principais-editais-de-pos-graduacao-em-dermatologia\\\/\"},\"wordCount\":1123,\"commentCount\":0,\"publisher\":{\"@id\":\"https:\\\/\\\/www.grupomedcof.com.br\\\/blog\\\/#organization\"},\"image\":{\"@id\":\"https:\\\/\\\/www.grupomedcof.com.br\\\/blog\\\/confira-os-principais-editais-de-pos-graduacao-em-dermatologia\\\/#primaryimage\"},\"thumbnailUrl\":\"https:\\\/\\\/www.grupomedcof.com.br\\\/blog\\\/wp-content\\\/uploads\\\/2023\\\/11\\\/Blog-MedCof-2023-11-10T101934.693.png\",\"keywords\":[\"Dermatologia\",\"Especialidades m\u00e9dicas\",\"P\u00f3s-Gradua\u00e7\u00e3o\"],\"articleSection\":[\"Carreira M\u00e9dica\",\"Dermatologia\",\"MedCof Derma\"],\"inLanguage\":\"pt-BR\"},{\"@type\":\"WebPage\",\"@id\":\"https:\\\/\\\/www.grupomedcof.com.br\\\/blog\\\/confira-os-principais-editais-de-pos-graduacao-em-dermatologia\\\/\",\"url\":\"https:\\\/\\\/www.grupomedcof.com.br\\\/blog\\\/confira-os-principais-editais-de-pos-graduacao-em-dermatologia\\\/\",\"name\":\"Editais de p\u00f3s em dermatologia: confira os principais!\",\"isPartOf\":{\"@id\":\"https:\\\/\\\/www.grupomedcof.com.br\\\/blog\\\/#website\"},\"primaryImageOfPage\":{\"@id\":\"https:\\\/\\\/www.grupomedcof.com.br\\\/blog\\\/confira-os-principais-editais-de-pos-graduacao-em-dermatologia\\\/#primaryimage\"},\"image\":{\"@id\":\"https:\\\/\\\/www.grupomedcof.com.br\\\/blog\\\/confira-os-principais-editais-de-pos-graduacao-em-dermatologia\\\/#primaryimage\"},\"thumbnailUrl\":\"https:\\\/\\\/www.grupomedcof.com.br\\\/blog\\\/wp-content\\\/uploads\\\/2023\\\/11\\\/Blog-MedCof-2023-11-10T101934.693.png\",\"datePublished\":\"2023-11-10T15:07:57+00:00\",\"dateModified\":\"2025-04-28T20:39:05+00:00\",\"description\":\"Confira os principais editais de p\u00f3s-gradua\u00e7\u00e3o em dermatologia, com especializa\u00e7\u00f5es abertas, previs\u00f5es por m\u00eas e informa\u00e7\u00f5es da Prova MedCof Derma.\",\"breadcrumb\":{\"@id\":\"https:\\\/\\\/www.grupomedcof.com.br\\\/blog\\\/confira-os-principais-editais-de-pos-graduacao-em-dermatologia\\\/#breadcrumb\"},\"inLanguage\":\"pt-BR\",\"potentialAction\":[{\"@type\":\"ReadAction\",\"target\":[\"https:\\\/\\\/www.grupomedcof.com.br\\\/blog\\\/confira-os-principais-editais-de-pos-graduacao-em-dermatologia\\\/\"]}]},{\"@type\":\"ImageObject\",\"inLanguage\":\"pt-BR\",\"@id\":\"https:\\\/\\\/www.grupomedcof.com.br\\\/blog\\\/confira-os-principais-editais-de-pos-graduacao-em-dermatologia\\\/#primaryimage\",\"url\":\"https:\\\/\\\/www.grupomedcof.com.br\\\/blog\\\/wp-content\\\/uploads\\\/2023\\\/11\\\/Blog-MedCof-2023-11-10T101934.693.png\",\"contentUrl\":\"https:\\\/\\\/www.grupomedcof.com.br\\\/blog\\\/wp-content\\\/uploads\\\/2023\\\/11\\\/Blog-MedCof-2023-11-10T101934.693.png\",\"width\":2560,\"height\":1440,\"caption\":\"Est\u00e1 pensando em se especializar atrav\u00e9s de uma p\u00f3s-gradua\u00e7\u00e3o em dermatologia, mas n\u00e3o sabe quais institui\u00e7\u00f5es ofertam servi\u00e7o?\"},{\"@type\":\"BreadcrumbList\",\"@id\":\"https:\\\/\\\/www.grupomedcof.com.br\\\/blog\\\/confira-os-principais-editais-de-pos-graduacao-em-dermatologia\\\/#breadcrumb\",\"itemListElement\":[{\"@type\":\"ListItem\",\"position\":1,\"name\":\"In\u00edcio\",\"item\":\"https:\\\/\\\/www.grupomedcof.com.br\\\/blog\\\/\"},{\"@type\":\"ListItem\",\"position\":2,\"name\":\"Editais de P\u00f3s-gradua\u00e7\u00e3o em Dermatologia: confira especializa\u00e7\u00f5es abertas e previs\u00f5es\"}]},{\"@type\":\"WebSite\",\"@id\":\"https:\\\/\\\/www.grupomedcof.com.br\\\/blog\\\/#website\",\"url\":\"https:\\\/\\\/www.grupomedcof.com.br\\\/blog\\\/\",\"name\":\"Blog de Medcof: conte\u00fados, editais, revalida e mais!\",\"description\":\"Acesso o blog de MedCof! Seu portal de conte\u00fados sobre resid\u00eancia m\u00e9dica, an\u00e1lise e editais e muito mais. Clique e confira!\",\"publisher\":{\"@id\":\"https:\\\/\\\/www.grupomedcof.com.br\\\/blog\\\/#organization\"},\"alternateName\":\"Blog de Medcof: conte\u00fados, editais, revalida e mais!\",\"potentialAction\":[{\"@type\":\"SearchAction\",\"target\":{\"@type\":\"EntryPoint\",\"urlTemplate\":\"https:\\\/\\\/www.grupomedcof.com.br\\\/blog\\\/?s={search_term_string}\"},\"query-input\":{\"@type\":\"PropertyValueSpecification\",\"valueRequired\":true,\"valueName\":\"search_term_string\"}}],\"inLanguage\":\"pt-BR\"},{\"@type\":\"Organization\",\"@id\":\"https:\\\/\\\/www.grupomedcof.com.br\\\/blog\\\/#organization\",\"name\":\"Grupo MedCof\",\"url\":\"https:\\\/\\\/www.grupomedcof.com.br\\\/blog\\\/\",\"logo\":{\"@type\":\"ImageObject\",\"inLanguage\":\"pt-BR\",\"@id\":\"https:\\\/\\\/www.grupomedcof.com.br\\\/blog\\\/#\\\/schema\\\/logo\\\/image\\\/\",\"url\":\"https:\\\/\\\/www.grupomedcof.com.br\\\/blog\\\/wp-content\\\/uploads\\\/2022\\\/01\\\/logo-medcof.png\",\"contentUrl\":\"https:\\\/\\\/www.grupomedcof.com.br\\\/blog\\\/wp-content\\\/uploads\\\/2022\\\/01\\\/logo-medcof.png\",\"width\":768,\"height\":269,\"caption\":\"Grupo MedCof\"},\"image\":{\"@id\":\"https:\\\/\\\/www.grupomedcof.com.br\\\/blog\\\/#\\\/schema\\\/logo\\\/image\\\/\"},\"sameAs\":[\"https:\\\/\\\/www.facebook.com\\\/MedCofQbank\\\/\",\"https:\\\/\\\/www.instagram.com\\\/grupomedcof\\\/\",\"https:\\\/\\\/br.linkedin.com\\\/company\\\/medcof\",\"https:\\\/\\\/www.youtube.com\\\/channel\\\/UCdHMuOHKICxcHwecxN8P-AA\"]},{\"@type\":\"Person\",\"@id\":\"https:\\\/\\\/www.grupomedcof.com.br\\\/blog\\\/#\\\/schema\\\/person\\\/1375e0ce724529d7a1d8156ea7f8ceaa\",\"name\":\"J\u00falia Moreira\",\"image\":{\"@type\":\"ImageObject\",\"inLanguage\":\"pt-BR\",\"@id\":\"https:\\\/\\\/www.grupomedcof.com.br\\\/blog\\\/wp-content\\\/uploads\\\/2024\\\/12\\\/cropped-Captura-de-tela-2023-12-15-094946-96x96.png6a0083ac34a0445de97d55fae63a4a41\",\"url\":\"https:\\\/\\\/www.grupomedcof.com.br\\\/blog\\\/wp-content\\\/uploads\\\/2024\\\/12\\\/cropped-Captura-de-tela-2023-12-15-094946-96x96.png\",\"contentUrl\":\"https:\\\/\\\/www.grupomedcof.com.br\\\/blog\\\/wp-content\\\/uploads\\\/2024\\\/12\\\/cropped-Captura-de-tela-2023-12-15-094946-96x96.png\",\"caption\":\"J\u00falia Moreira\"},\"description\":\"Estudante do 8\u00ba semestre de Jornalismo na ECA-USP, f\u00e3 de filmes de terror e m\u00fasica popular sul-coreana.\",\"sameAs\":[\"https:\\\/\\\/www.grupomedcof.com.br\\\/\"],\"url\":\"https:\\\/\\\/www.grupomedcof.com.br\\\/blog\\\/author\\\/julia\\\/\"}]}<\/script>\n<!-- \/ Yoast SEO Premium plugin. -->","yoast_head_json":{"title":"Editais de p\u00f3s em dermatologia: confira os principais!","description":"Confira os principais editais de p\u00f3s-gradua\u00e7\u00e3o em dermatologia, com especializa\u00e7\u00f5es abertas, previs\u00f5es por m\u00eas e informa\u00e7\u00f5es da Prova MedCof Derma.","robots":{"index":"index","follow":"follow","max-snippet":"max-snippet:-1","max-image-preview":"max-image-preview:large","max-video-preview":"max-video-preview:-1"},"canonical":"https:\/\/www.grupomedcof.com.br\/blog\/confira-os-principais-editais-de-pos-graduacao-em-dermatologia\/","og_locale":"pt_BR","og_type":"article","og_title":"Editais de P\u00f3s-gradua\u00e7\u00e3o em Dermatologia: confira especializa\u00e7\u00f5es abertas e previs\u00f5es","og_description":"Confira os principais editais de p\u00f3s-gradua\u00e7\u00e3o em dermatologia, com especializa\u00e7\u00f5es abertas, previs\u00f5es por m\u00eas e informa\u00e7\u00f5es da Prova MedCof Derma.","og_url":"https:\/\/www.grupomedcof.com.br\/blog\/confira-os-principais-editais-de-pos-graduacao-em-dermatologia\/","og_site_name":"Blog de Medcof: conte\u00fados, editais, revalida e mais!","article_publisher":"https:\/\/www.facebook.com\/MedCofQbank\/","article_published_time":"2023-11-10T15:07:57+00:00","article_modified_time":"2025-04-28T20:39:05+00:00","og_image":[{"width":1024,"height":576,"url":"https:\/\/www.grupomedcof.com.br\/blog\/wp-content\/uploads\/2023\/11\/Blog-MedCof-2023-11-10T101934.693-1024x576.png","type":"image\/png"}],"author":"J\u00falia Moreira","twitter_card":"summary_large_image","twitter_misc":{"Escrito por":"J\u00falia Moreira","Est. tempo de leitura":"7 minutos"},"schema":{"@context":"https:\/\/schema.org","@graph":[{"@type":"Article","@id":"https:\/\/www.grupomedcof.com.br\/blog\/confira-os-principais-editais-de-pos-graduacao-em-dermatologia\/#article","isPartOf":{"@id":"https:\/\/www.grupomedcof.com.br\/blog\/confira-os-principais-editais-de-pos-graduacao-em-dermatologia\/"},"author":{"name":"J\u00falia Moreira","@id":"https:\/\/www.grupomedcof.com.br\/blog\/#\/schema\/person\/1375e0ce724529d7a1d8156ea7f8ceaa"},"headline":"Editais de P\u00f3s-gradua\u00e7\u00e3o em Dermatologia: confira especializa\u00e7\u00f5es abertas e previs\u00f5es","datePublished":"2023-11-10T15:07:57+00:00","dateModified":"2025-04-28T20:39:05+00:00","mainEntityOfPage":{"@id":"https:\/\/www.grupomedcof.com.br\/blog\/confira-os-principais-editais-de-pos-graduacao-em-dermatologia\/"},"wordCount":1123,"commentCount":0,"publisher":{"@id":"https:\/\/www.grupomedcof.com.br\/blog\/#organization"},"image":{"@id":"https:\/\/www.grupomedcof.com.br\/blog\/confira-os-principais-editais-de-pos-graduacao-em-dermatologia\/#primaryimage"},"thumbnailUrl":"https:\/\/www.grupomedcof.com.br\/blog\/wp-content\/uploads\/2023\/11\/Blog-MedCof-2023-11-10T101934.693.png","keywords":["Dermatologia","Especialidades m\u00e9dicas","P\u00f3s-Gradua\u00e7\u00e3o"],"articleSection":["Carreira M\u00e9dica","Dermatologia","MedCof Derma"],"inLanguage":"pt-BR"},{"@type":"WebPage","@id":"https:\/\/www.grupomedcof.com.br\/blog\/confira-os-principais-editais-de-pos-graduacao-em-dermatologia\/","url":"https:\/\/www.grupomedcof.com.br\/blog\/confira-os-principais-editais-de-pos-graduacao-em-dermatologia\/","name":"Editais de p\u00f3s em dermatologia: confira os principais!","isPartOf":{"@id":"https:\/\/www.grupomedcof.com.br\/blog\/#website"},"primaryImageOfPage":{"@id":"https:\/\/www.grupomedcof.com.br\/blog\/confira-os-principais-editais-de-pos-graduacao-em-dermatologia\/#primaryimage"},"image":{"@id":"https:\/\/www.grupomedcof.com.br\/blog\/confira-os-principais-editais-de-pos-graduacao-em-dermatologia\/#primaryimage"},"thumbnailUrl":"https:\/\/www.grupomedcof.com.br\/blog\/wp-content\/uploads\/2023\/11\/Blog-MedCof-2023-11-10T101934.693.png","datePublished":"2023-11-10T15:07:57+00:00","dateModified":"2025-04-28T20:39:05+00:00","description":"Confira os principais editais de p\u00f3s-gradua\u00e7\u00e3o em dermatologia, com especializa\u00e7\u00f5es abertas, previs\u00f5es por m\u00eas e informa\u00e7\u00f5es da Prova MedCof Derma.","breadcrumb":{"@id":"https:\/\/www.grupomedcof.com.br\/blog\/confira-os-principais-editais-de-pos-graduacao-em-dermatologia\/#breadcrumb"},"inLanguage":"pt-BR","potentialAction":[{"@type":"ReadAction","target":["https:\/\/www.grupomedcof.com.br\/blog\/confira-os-principais-editais-de-pos-graduacao-em-dermatologia\/"]}]},{"@type":"ImageObject","inLanguage":"pt-BR","@id":"https:\/\/www.grupomedcof.com.br\/blog\/confira-os-principais-editais-de-pos-graduacao-em-dermatologia\/#primaryimage","url":"https:\/\/www.grupomedcof.com.br\/blog\/wp-content\/uploads\/2023\/11\/Blog-MedCof-2023-11-10T101934.693.png","contentUrl":"https:\/\/www.grupomedcof.com.br\/blog\/wp-content\/uploads\/2023\/11\/Blog-MedCof-2023-11-10T101934.693.png","width":2560,"height":1440,"caption":"Est\u00e1 pensando em se especializar atrav\u00e9s de uma p\u00f3s-gradua\u00e7\u00e3o em dermatologia, mas n\u00e3o sabe quais institui\u00e7\u00f5es ofertam servi\u00e7o?"},{"@type":"BreadcrumbList","@id":"https:\/\/www.grupomedcof.com.br\/blog\/confira-os-principais-editais-de-pos-graduacao-em-dermatologia\/#breadcrumb","itemListElement":[{"@type":"ListItem","position":1,"name":"In\u00edcio","item":"https:\/\/www.grupomedcof.com.br\/blog\/"},{"@type":"ListItem","position":2,"name":"Editais de P\u00f3s-gradua\u00e7\u00e3o em Dermatologia: confira especializa\u00e7\u00f5es abertas e previs\u00f5es"}]},{"@type":"WebSite","@id":"https:\/\/www.grupomedcof.com.br\/blog\/#website","url":"https:\/\/www.grupomedcof.com.br\/blog\/","name":"Blog de Medcof: conte\u00fados, editais, revalida e mais!","description":"Acesso o blog de MedCof! Seu portal de conte\u00fados sobre resid\u00eancia m\u00e9dica, an\u00e1lise e editais e muito mais. Clique e confira!","publisher":{"@id":"https:\/\/www.grupomedcof.com.br\/blog\/#organization"},"alternateName":"Blog de Medcof: conte\u00fados, editais, revalida e mais!","potentialAction":[{"@type":"SearchAction","target":{"@type":"EntryPoint","urlTemplate":"https:\/\/www.grupomedcof.com.br\/blog\/?s={search_term_string}"},"query-input":{"@type":"PropertyValueSpecification","valueRequired":true,"valueName":"search_term_string"}}],"inLanguage":"pt-BR"},{"@type":"Organization","@id":"https:\/\/www.grupomedcof.com.br\/blog\/#organization","name":"Grupo MedCof","url":"https:\/\/www.grupomedcof.com.br\/blog\/","logo":{"@type":"ImageObject","inLanguage":"pt-BR","@id":"https:\/\/www.grupomedcof.com.br\/blog\/#\/schema\/logo\/image\/","url":"https:\/\/www.grupomedcof.com.br\/blog\/wp-content\/uploads\/2022\/01\/logo-medcof.png","contentUrl":"https:\/\/www.grupomedcof.com.br\/blog\/wp-content\/uploads\/2022\/01\/logo-medcof.png","width":768,"height":269,"caption":"Grupo MedCof"},"image":{"@id":"https:\/\/www.grupomedcof.com.br\/blog\/#\/schema\/logo\/image\/"},"sameAs":["https:\/\/www.facebook.com\/MedCofQbank\/","https:\/\/www.instagram.com\/grupomedcof\/","https:\/\/br.linkedin.com\/company\/medcof","https:\/\/www.youtube.com\/channel\/UCdHMuOHKICxcHwecxN8P-AA"]},{"@type":"Person","@id":"https:\/\/www.grupomedcof.com.br\/blog\/#\/schema\/person\/1375e0ce724529d7a1d8156ea7f8ceaa","name":"J\u00falia Moreira","image":{"@type":"ImageObject","inLanguage":"pt-BR","@id":"https:\/\/www.grupomedcof.com.br\/blog\/wp-content\/uploads\/2024\/12\/cropped-Captura-de-tela-2023-12-15-094946-96x96.png6a0083ac34a0445de97d55fae63a4a41","url":"https:\/\/www.grupomedcof.com.br\/blog\/wp-content\/uploads\/2024\/12\/cropped-Captura-de-tela-2023-12-15-094946-96x96.png","contentUrl":"https:\/\/www.grupomedcof.com.br\/blog\/wp-content\/uploads\/2024\/12\/cropped-Captura-de-tela-2023-12-15-094946-96x96.png","caption":"J\u00falia Moreira"},"description":"Estudante do 8\u00ba semestre de Jornalismo na ECA-USP, f\u00e3 de filmes de terror e m\u00fasica popular sul-coreana.","sameAs":["https:\/\/www.grupomedcof.com.br\/"],"url":"https:\/\/www.grupomedcof.com.br\/blog\/author\/julia\/"}]}},"authors":[{"term_id":3609,"user_id":6,"is_guest":0,"slug":"julia","display_name":"J\u00falia Moreira","avatar_url":"https:\/\/www.grupomedcof.com.br\/blog\/wp-content\/uploads\/2024\/12\/cropped-Captura-de-tela-2023-12-15-094946-96x96.png","0":null,"1":"","2":"","3":"","4":"","5":"","6":"","7":"","8":""}],"_links":{"self":[{"href":"https:\/\/www.grupomedcof.com.br\/blog\/wp-json\/wp\/v2\/posts\/16059","targetHints":{"allow":["GET"]}}],"collection":[{"href":"https:\/\/www.grupomedcof.com.br\/blog\/wp-json\/wp\/v2\/posts"}],"about":[{"href":"https:\/\/www.grupomedcof.com.br\/blog\/wp-json\/wp\/v2\/types\/post"}],"author":[{"embeddable":true,"href":"https:\/\/www.grupomedcof.com.br\/blog\/wp-json\/wp\/v2\/users\/6"}],"replies":[{"embeddable":true,"href":"https:\/\/www.grupomedcof.com.br\/blog\/wp-json\/wp\/v2\/comments?post=16059"}],"version-history":[{"count":0,"href":"https:\/\/www.grupomedcof.com.br\/blog\/wp-json\/wp\/v2\/posts\/16059\/revisions"}],"wp:featuredmedia":[{"embeddable":true,"href":"https:\/\/www.grupomedcof.com.br\/blog\/wp-json\/wp\/v2\/media\/16138"}],"wp:attachment":[{"href":"https:\/\/www.grupomedcof.com.br\/blog\/wp-json\/wp\/v2\/media?parent=16059"}],"wp:term":[{"taxonomy":"category","embeddable":true,"href":"https:\/\/www.grupomedcof.com.br\/blog\/wp-json\/wp\/v2\/categories?post=16059"},{"taxonomy":"post_tag","embeddable":true,"href":"https:\/\/www.grupomedcof.com.br\/blog\/wp-json\/wp\/v2\/tags?post=16059"},{"taxonomy":"author","embeddable":true,"href":"https:\/\/www.grupomedcof.com.br\/blog\/wp-json\/wp\/v2\/ppma_author?post=16059"}],"curies":[{"name":"wp","href":"https:\/\/api.w.org\/{rel}","templated":true}]}}