{"id":16070,"date":"2025-05-20T09:06:10","date_gmt":"2025-05-20T12:06:10","guid":{"rendered":"https:\/\/www.grupomedcof.com.br\/blog\/?p=16070"},"modified":"2026-04-24T16:29:56","modified_gmt":"2026-04-24T19:29:56","slug":"tudo-o-que-voce-precisa-lembrar-sobre-a-sifilis-congenita-e-adquirida","status":"publish","type":"post","link":"https:\/\/www.grupomedcof.com.br\/blog\/tudo-o-que-voce-precisa-lembrar-sobre-a-sifilis-congenita-e-adquirida\/","title":{"rendered":"S\u00edfilis: o que \u00e9, sintomas, diagn\u00f3stico, tratamento e como prevenir"},"content":{"rendered":"<div id=\"ez-toc-container\" class=\"ez-toc-v2_0_74 counter-hierarchy ez-toc-counter ez-toc-transparent ez-toc-container-direction\">\n<div class=\"ez-toc-title-container\">\n<p class=\"ez-toc-title\" style=\"cursor:inherit\">Sum\u00e1rio<\/p>\n<span class=\"ez-toc-title-toggle\"><a href=\"#\" class=\"ez-toc-pull-right ez-toc-btn ez-toc-btn-xs ez-toc-btn-default ez-toc-toggle\" aria-label=\"Alternar tabela de conte\u00fado\"><span class=\"ez-toc-js-icon-con\"><span class=\"\"><span class=\"eztoc-hide\" style=\"display:none;\">Toggle<\/span><span class=\"ez-toc-icon-toggle-span\"><svg style=\"fill: #999;color:#999\" xmlns=\"http:\/\/www.w3.org\/2000\/svg\" class=\"list-377408\" width=\"20px\" height=\"20px\" viewBox=\"0 0 24 24\" fill=\"none\"><path d=\"M6 6H4v2h2V6zm14 0H8v2h12V6zM4 11h2v2H4v-2zm16 0H8v2h12v-2zM4 16h2v2H4v-2zm16 0H8v2h12v-2z\" fill=\"currentColor\"><\/path><\/svg><svg style=\"fill: #999;color:#999\" class=\"arrow-unsorted-368013\" xmlns=\"http:\/\/www.w3.org\/2000\/svg\" width=\"10px\" height=\"10px\" viewBox=\"0 0 24 24\" version=\"1.2\" baseProfile=\"tiny\"><path d=\"M18.2 9.3l-6.2-6.3-6.2 6.3c-.2.2-.3.4-.3.7s.1.5.3.7c.2.2.4.3.7.3h11c.3 0 .5-.1.7-.3.2-.2.3-.5.3-.7s-.1-.5-.3-.7zM5.8 14.7l6.2 6.3 6.2-6.3c.2-.2.3-.5.3-.7s-.1-.5-.3-.7c-.2-.2-.4-.3-.7-.3h-11c-.3 0-.5.1-.7.3-.2.2-.3.5-.3.7s.1.5.3.7z\"\/><\/svg><\/span><\/span><\/span><\/a><\/span><\/div>\n<nav><ul class='ez-toc-list ez-toc-list-level-1 ' ><li class='ez-toc-page-1 ez-toc-heading-level-2'><a class=\"ez-toc-link ez-toc-heading-1\" href=\"https:\/\/www.grupomedcof.com.br\/blog\/tudo-o-que-voce-precisa-lembrar-sobre-a-sifilis-congenita-e-adquirida\/#Quais_sao_os_principais_sintomas_de_cada_fase_da_sifilis\" >Quais s\u00e3o os principais sintomas de cada fase da s\u00edfilis?<\/a><ul class='ez-toc-list-level-3' ><li class='ez-toc-heading-level-3'><a class=\"ez-toc-link ez-toc-heading-2\" href=\"https:\/\/www.grupomedcof.com.br\/blog\/tudo-o-que-voce-precisa-lembrar-sobre-a-sifilis-congenita-e-adquirida\/#Sifilis_primaria\" >S\u00edfilis prim\u00e1ria<\/a><\/li><li class='ez-toc-page-1 ez-toc-heading-level-3'><a class=\"ez-toc-link ez-toc-heading-3\" href=\"https:\/\/www.grupomedcof.com.br\/blog\/tudo-o-que-voce-precisa-lembrar-sobre-a-sifilis-congenita-e-adquirida\/#Sifilis_secundaria\" >S\u00edfilis secund\u00e1ria<\/a><\/li><li class='ez-toc-page-1 ez-toc-heading-level-3'><a class=\"ez-toc-link ez-toc-heading-4\" href=\"https:\/\/www.grupomedcof.com.br\/blog\/tudo-o-que-voce-precisa-lembrar-sobre-a-sifilis-congenita-e-adquirida\/#Sifilis_latente\" >S\u00edfilis latente<\/a><\/li><li class='ez-toc-page-1 ez-toc-heading-level-3'><a class=\"ez-toc-link ez-toc-heading-5\" href=\"https:\/\/www.grupomedcof.com.br\/blog\/tudo-o-que-voce-precisa-lembrar-sobre-a-sifilis-congenita-e-adquirida\/#Sifilis_terciaria\" >S\u00edfilis terci\u00e1ria<\/a><\/li><\/ul><\/li><li class='ez-toc-page-1 ez-toc-heading-level-2'><a class=\"ez-toc-link ez-toc-heading-6\" href=\"https:\/\/www.grupomedcof.com.br\/blog\/tudo-o-que-voce-precisa-lembrar-sobre-a-sifilis-congenita-e-adquirida\/#Diagnostico_da_sifilis\" >Diagn\u00f3stico da s\u00edfilis<\/a><\/li><li class='ez-toc-page-1 ez-toc-heading-level-2'><a class=\"ez-toc-link ez-toc-heading-7\" href=\"https:\/\/www.grupomedcof.com.br\/blog\/tudo-o-que-voce-precisa-lembrar-sobre-a-sifilis-congenita-e-adquirida\/#Como_e_feito_o_tratamento_da_sifilis\" >Como \u00e9 feito o tratamento da s\u00edfilis?<\/a><\/li><li class='ez-toc-page-1 ez-toc-heading-level-2'><a class=\"ez-toc-link ez-toc-heading-8\" href=\"https:\/\/www.grupomedcof.com.br\/blog\/tudo-o-que-voce-precisa-lembrar-sobre-a-sifilis-congenita-e-adquirida\/#Sifilis_Congenita\" >S\u00edfilis Cong\u00eanita<\/a><\/li><li class='ez-toc-page-1 ez-toc-heading-level-2'><a class=\"ez-toc-link ez-toc-heading-9\" href=\"https:\/\/www.grupomedcof.com.br\/blog\/tudo-o-que-voce-precisa-lembrar-sobre-a-sifilis-congenita-e-adquirida\/#Sifilis_adquirida\" >S\u00edfilis adquirida<\/a><\/li><li class='ez-toc-page-1 ez-toc-heading-level-2'><a class=\"ez-toc-link ez-toc-heading-10\" href=\"https:\/\/www.grupomedcof.com.br\/blog\/tudo-o-que-voce-precisa-lembrar-sobre-a-sifilis-congenita-e-adquirida\/#Como_prevenir_a_transmissao_da_sifilis\" >Como prevenir a transmiss\u00e3o da s\u00edfilis?<\/a><\/li><li class='ez-toc-page-1 ez-toc-heading-level-2'><a class=\"ez-toc-link ez-toc-heading-11\" href=\"https:\/\/www.grupomedcof.com.br\/blog\/tudo-o-que-voce-precisa-lembrar-sobre-a-sifilis-congenita-e-adquirida\/#Complicacoes_da_sifilis_nao_tratada\" >Complica\u00e7\u00f5es da s\u00edfilis n\u00e3o tratada<\/a><\/li><li class='ez-toc-page-1 ez-toc-heading-level-2'><a class=\"ez-toc-link ez-toc-heading-12\" href=\"https:\/\/www.grupomedcof.com.br\/blog\/tudo-o-que-voce-precisa-lembrar-sobre-a-sifilis-congenita-e-adquirida\/#Aprofunde_seus_conhecimentos_sobre_sifilis_com_MedCof\" >Aprofunde seus conhecimentos sobre s\u00edfilis com MedCof!<\/a><\/li><\/ul><\/nav><\/div>\n\n<figure class=\"wp-block-image size-large\"><img loading=\"lazy\" decoding=\"async\" width=\"1024\" height=\"576\" src=\"https:\/\/www.grupomedcof.com.br\/blog\/wp-content\/uploads\/2023\/11\/Blog-MedCof-2025-04-16T095444.001-1024x576.jpg\" alt=\"\" class=\"wp-image-35166\" srcset=\"https:\/\/www.grupomedcof.com.br\/blog\/wp-content\/uploads\/2023\/11\/Blog-MedCof-2025-04-16T095444.001-1024x576.jpg 1024w, https:\/\/www.grupomedcof.com.br\/blog\/wp-content\/uploads\/2023\/11\/Blog-MedCof-2025-04-16T095444.001-300x169.jpg 300w, https:\/\/www.grupomedcof.com.br\/blog\/wp-content\/uploads\/2023\/11\/Blog-MedCof-2025-04-16T095444.001-768x432.jpg 768w, https:\/\/www.grupomedcof.com.br\/blog\/wp-content\/uploads\/2023\/11\/Blog-MedCof-2025-04-16T095444.001-1536x864.jpg 1536w, https:\/\/www.grupomedcof.com.br\/blog\/wp-content\/uploads\/2023\/11\/Blog-MedCof-2025-04-16T095444.001-747x420.jpg 747w, https:\/\/www.grupomedcof.com.br\/blog\/wp-content\/uploads\/2023\/11\/Blog-MedCof-2025-04-16T095444.001-150x84.jpg 150w, https:\/\/www.grupomedcof.com.br\/blog\/wp-content\/uploads\/2023\/11\/Blog-MedCof-2025-04-16T095444.001-696x392.jpg 696w, https:\/\/www.grupomedcof.com.br\/blog\/wp-content\/uploads\/2023\/11\/Blog-MedCof-2025-04-16T095444.001-1068x601.jpg 1068w, https:\/\/www.grupomedcof.com.br\/blog\/wp-content\/uploads\/2023\/11\/Blog-MedCof-2025-04-16T095444.001.jpg 1920w\" sizes=\"auto, (max-width: 1024px) 100vw, 1024px\" \/><figcaption class=\"wp-element-caption\">Teste de s\u00edfilis | Reprodu\u00e7\u00e3o: Canva<\/figcaption><\/figure>\n\n\n\n<p>A <strong>s\u00edfilis<\/strong> \u00e9 uma <strong>infec\u00e7\u00e3o sexualmente transmiss\u00edvel (IST)<\/strong> causada pela bact\u00e9ria <em>Treponema pallidum<\/em>. Ela pode evoluir em <strong>diferentes fases<\/strong>, apresentando <strong>sintomas variados<\/strong> ou at\u00e9 <strong>passar despercebida, <\/strong>o que facilita sua transmiss\u00e3o.&nbsp;<\/p>\n\n\n\n<p>Se n\u00e3o for tratada corretamente, a s\u00edfilis pode levar a complica\u00e7\u00f5es <strong>graves para a sa\u00fade.<\/strong><\/p>\n\n\n\n<h2 class=\"wp-block-heading\" id=\"h-quais-sao-os-principais-sintomas-de-cada-fase-da-sifilis\"><span class=\"ez-toc-section\" id=\"Quais_sao_os_principais_sintomas_de_cada_fase_da_sifilis\"><\/span><strong>Quais s\u00e3o os principais sintomas de cada fase da s\u00edfilis?<\/strong><span class=\"ez-toc-section-end\"><\/span><\/h2>\n\n\n\n<p>A s\u00edfilis se desenvolve em quatro fases principais: <strong>prim\u00e1ria, secund\u00e1ria, latente e terci\u00e1ria<\/strong>. Cada etapa tem sinais e sintomas espec\u00edficos, e o conhecimento sobre elas \u00e9 fundamental para o diagn\u00f3stico precoce e tratamento eficaz.<\/p>\n\n\n\n<h3 class=\"wp-block-heading\" id=\"h-sifilis-primaria\"><span class=\"ez-toc-section\" id=\"Sifilis_primaria\"><\/span><strong>S\u00edfilis prim\u00e1ria<\/strong><span class=\"ez-toc-section-end\"><\/span><\/h3>\n\n\n\n<p>Nesta fase, geralmente surgem:<\/p>\n\n\n\n<ul class=\"wp-block-list\">\n<li><strong>Ferida<\/strong> (cancro duro) indolor no local de entrada da bact\u00e9ria (genitais, \u00e2nus, boca, dedos, ou outras \u00e1reas do corpo).<\/li>\n\n\n\n<li>A <strong>les\u00e3o \u00e9 endurecida,<\/strong> com <strong>bordas elevadas<\/strong>, <strong>limpa<\/strong>, de <strong>fundo avermelhado<\/strong> e <strong>n\u00e3o apresenta pus.<\/strong><\/li>\n\n\n\n<li>A ferida <strong>desaparece espontaneamente <\/strong>em 3 a 6 semanas, <strong>mesmo sem tratamento.<\/strong><\/li>\n\n\n\n<li>Pode haver<strong> incha\u00e7o dos g\u00e2nglios linf\u00e1ticos pr\u00f3ximos <\/strong>(\u00ednguas).<\/li>\n<\/ul>\n\n\n\n<h3 class=\"wp-block-heading\" id=\"h-sifilis-secundaria\"><span class=\"ez-toc-section\" id=\"Sifilis_secundaria\"><\/span><strong>S\u00edfilis secund\u00e1ria<\/strong><span class=\"ez-toc-section-end\"><\/span><\/h3>\n\n\n\n<p>Se n\u00e3o tratada na fase prim\u00e1ria, a infec\u00e7\u00e3o evolui:<\/p>\n\n\n\n<ul class=\"wp-block-list\">\n<li>Manchas avermelhadas ou acastanhadas na pele, especialmente nas palmas das m\u00e3os e plantas dos p\u00e9s.<\/li>\n\n\n\n<li>Les\u00f5es na mucosa da boca, garganta ou genitais (placas esbranqui\u00e7adas ou \u00falceras).<\/li>\n\n\n\n<li>Febre, dor de cabe\u00e7a, dor muscular, mal-estar e cansa\u00e7o.<\/li>\n\n\n\n<li>Incha\u00e7o dos g\u00e2nglios linf\u00e1ticos em v\u00e1rias partes do corpo.<\/li>\n\n\n\n<li>Alopecia em remendo (queda de cabelo em \u00e1reas espec\u00edficas).<\/li>\n\n\n\n<li>Os sintomas podem desaparecer mesmo sem tratamento, mas a bact\u00e9ria continua ativa no organismo.<\/li>\n<\/ul>\n\n\n\n<h3 class=\"wp-block-heading\" id=\"h-sifilis-latente\"><span class=\"ez-toc-section\" id=\"Sifilis_latente\"><\/span><strong>S\u00edfilis latente<\/strong><span class=\"ez-toc-section-end\"><\/span><\/h3>\n\n\n\n<ul class=\"wp-block-list\">\n<li><strong>Aus\u00eancia de sintomas vis\u00edveis:<\/strong> A fase latente <strong>n\u00e3o apresenta sinais externos.<\/strong><\/li>\n\n\n\n<li>A infec\u00e7\u00e3o <strong>permanece no organismo<\/strong> e pode <strong>durar anos<\/strong>.<\/li>\n\n\n\n<li>\u00c9 dividida em:<\/li>\n\n\n\n<li><strong>Latente precoce:<\/strong> at\u00e9 1 ano ap\u00f3s a infec\u00e7\u00e3o.<\/li>\n\n\n\n<li><strong>Latente tardia: <\/strong>ap\u00f3s 1 ano de infec\u00e7\u00e3o.<\/li>\n\n\n\n<li>Apenas exames espec\u00edficos conseguem detectar a doen\u00e7a neste est\u00e1gio.<\/li>\n<\/ul>\n\n\n\n<h3 class=\"wp-block-heading\" id=\"h-sifilis-terciaria\"><span class=\"ez-toc-section\" id=\"Sifilis_terciaria\"><\/span><strong>S\u00edfilis terci\u00e1ria<\/strong><span class=\"ez-toc-section-end\"><\/span><\/h3>\n\n\n\n<p>A fase terci\u00e1ria \u00e9 <strong>rara, <\/strong>ocorre em pessoas que n\u00e3o receberam tratamento adequado e pode se manifestar anos ap\u00f3s a infec\u00e7\u00e3o inicial:<\/p>\n\n\n\n<ul class=\"wp-block-list\">\n<li>Compromete \u00f3rg\u00e3os importantes, como <strong>cora\u00e7\u00e3o, c\u00e9rebro, olhos, ossos, nervos e vasos sangu\u00edneos.<\/strong><\/li>\n\n\n\n<li>Poss\u00edveis sintomas:<strong> les\u00f5es graves na pele, ossos, cora\u00e7\u00e3o<\/strong> (aneurismas), <strong>problemas neurol\u00f3gicos severos<\/strong> (paralisias, dificuldade de coordena\u00e7\u00e3o motora, dem\u00eancia) e at\u00e9 <strong>risco de morte<\/strong>.<\/li>\n\n\n\n<li>As sequelas nesta fase s\u00e3o muitas vezes irrevers\u00edveis.<\/li>\n<\/ul>\n\n\n\n<h2 class=\"wp-block-heading\" id=\"h-diagnostico-da-sifilis\"><span class=\"ez-toc-section\" id=\"Diagnostico_da_sifilis\"><\/span><strong>Diagn\u00f3stico da s\u00edfilis<\/strong><span class=\"ez-toc-section-end\"><\/span><\/h2>\n\n\n\n<p>O<strong> diagn\u00f3stico da s\u00edfilis<\/strong> envolve uma combina\u00e7\u00e3o de <strong>avalia\u00e7\u00e3o cl\u00ednica <\/strong>(hist\u00f3ria e exame f\u00edsico) e <strong>testes laboratoriais<\/strong>. A infec\u00e7\u00e3o pelo Treponema pallidum pode passar por<strong> diversos est\u00e1gios cl\u00ednicos<\/strong> (prim\u00e1ria, secund\u00e1ria, latente e terci\u00e1ria), e os exames s\u00e3o fundamentais para confirma\u00e7\u00e3o e acompanhamento. Confira a seguir:<\/p>\n\n\n\n<p><strong>1. Avalia\u00e7\u00e3o Cl\u00ednica<\/strong><\/p>\n\n\n\n<p>Anamnese: Historial sexual, sintomas atuais (\u00falceras, les\u00f5es cut\u00e2neas, adenopatias, entre outros).<\/p>\n\n\n\n<p>Exame f\u00edsico: Procura de \u00falceras (cancro duro), les\u00f5es cut\u00e2neo-mucosas, sinais de infec\u00e7\u00f5es em \u00f3rg\u00e3os internos.<\/p>\n\n\n\n<p><strong>2. Exames Laboratoriais<\/strong><\/p>\n\n\n\n<p>Os exames para s\u00edfilis s\u00e3o divididos em:<\/p>\n\n\n\n<ul class=\"wp-block-list\">\n<li>Testes n\u00e3o trepon\u00eamicos;<\/li>\n\n\n\n<li>Testes trepon\u00eamicos.<\/li>\n<\/ul>\n\n\n\n<p><strong>A. Testes N\u00e3o Trepon\u00eamicos<\/strong><\/p>\n\n\n\n<p>Detectam anticorpos contra componentes liberados por c\u00e9lulas lesadas durante a infec\u00e7\u00e3o, por\u00e9m n\u00e3o s\u00e3o espec\u00edficos para T. pallidum.<\/p>\n\n\n\n<p>Exemplos:<\/p>\n\n\n\n<ul class=\"wp-block-list\">\n<li>VDRL (Venereal Disease Research Laboratory);<\/li>\n\n\n\n<li>RPR (Rapid Plasma Reagin).<\/li>\n<\/ul>\n\n\n\n<p>Uso:<\/p>\n\n\n\n<ul class=\"wp-block-list\">\n<li>Rastreio inicial<\/li>\n\n\n\n<li>Monitoramento da resposta ao tratamento (t\u00edtulos caem ap\u00f3s tratamento eficaz)<\/li>\n<\/ul>\n\n\n\n<p>Interpreta\u00e7\u00e3o:<\/p>\n\n\n\n<ul class=\"wp-block-list\">\n<li>Reagente: Sugere infec\u00e7\u00e3o ativa (necessita confirma\u00e7\u00e3o com teste trepon\u00eamico).<\/li>\n\n\n\n<li>N\u00e3o reagente: Geralmente indica aus\u00eancia de infec\u00e7\u00e3o recente, mas pode ser negativo em fases iniciais ou latentes (falso negativo).<\/li>\n\n\n\n<li>T\u00edtulos: Expressos em dilui\u00e7\u00f5es (ex: 1:8, 1:32). T\u00edtulos altos sugerem infec\u00e7\u00e3o ativa, baixos podem indicar infec\u00e7\u00e3o antiga ou tratada.<\/li>\n<\/ul>\n\n\n\n<p><strong>B. Testes Trepon\u00eamicos<\/strong><\/p>\n\n\n\n<p>Detectam anticorpos espec\u00edficos contra o Treponema pallidum.<\/p>\n\n\n\n<p>Exemplos:<\/p>\n\n\n\n<ul class=\"wp-block-list\">\n<li>FTA-Abs (Fluorescent Treponemal Antibody-Absorption)<\/li>\n\n\n\n<li>TPHA (Treponema pallidum Hemagglutination Assay)<\/li>\n\n\n\n<li>ELISA trepon\u00eamico<\/li>\n\n\n\n<li>Testes r\u00e1pidos (imunocromatogr\u00e1ficos)<\/li>\n<\/ul>\n\n\n\n<p>Uso:<\/p>\n\n\n\n<ul class=\"wp-block-list\">\n<li>Confirma\u00e7\u00e3o do diagn\u00f3stico ap\u00f3s teste n\u00e3o trepon\u00eamico positivo.<\/li>\n\n\n\n<li>Geralmente permanecem positivos por toda a vida, mesmo ap\u00f3s tratamento eficaz.<\/li>\n<\/ul>\n\n\n\n<p>Interpreta\u00e7\u00e3o:<\/p>\n\n\n\n<ul class=\"wp-block-list\">\n<li>Reagente: Confirma exposi\u00e7\u00e3o ao T. pallidum, ativa ou passada.<\/li>\n\n\n\n<li>N\u00e3o reagente: Aus\u00eancia de exposi\u00e7\u00e3o.<\/li>\n<\/ul>\n\n\n\n<p><strong>3. Fluxo do Diagn\u00f3stico<\/strong><\/p>\n\n\n\n<ol class=\"wp-block-list\">\n<li>In\u00edcio: Paciente com sinais\/sintomas suspeitos ou rastreio em popula\u00e7\u00f5es de risco.<\/li>\n\n\n\n<li>Teste n\u00e3o trepon\u00eamico (VDRL\/RPR):<\/li>\n<\/ol>\n\n\n\n<ul class=\"wp-block-list\">\n<li>Negativo: Avaliar risco; considerar janela imunol\u00f3gica ou s\u00edfilis muito precoce\/latente.<\/li>\n\n\n\n<li>Positivo: Seguir com teste trepon\u00eamico para confirma\u00e7\u00e3o.<\/li>\n<\/ul>\n\n\n\n<ol start=\"3\" class=\"wp-block-list\">\n<li>Teste trepon\u00eamico (FTA-Abs, ELISA, etc):<\/li>\n<\/ol>\n\n\n\n<ul class=\"wp-block-list\">\n<li>Positivo: Confirma diagn\u00f3stico.<\/li>\n\n\n\n<li>Negativo: Pode indicar falso-positivo do teste inicial.<\/li>\n<\/ul>\n\n\n\n<p><strong>&nbsp;&nbsp;&nbsp;&nbsp;&nbsp;&nbsp;&nbsp;&nbsp;&nbsp;&nbsp;&nbsp;&nbsp;&nbsp;&nbsp;&nbsp;&nbsp;4. Exemplo de Interpreta\u00e7\u00e3o dos Testes<\/strong><\/p>\n\n\n\n<figure class=\"wp-block-table\"><table class=\"has-fixed-layout\"><tbody><tr><td><strong>TESTE N\u00c3O TREPON\u00caMICO<\/strong><strong><\/strong><\/td><td><strong>TESTE TREPON\u00caMICO<\/strong><\/td><td><strong>INTERPRETA\u00c7\u00c3O<\/strong><\/td><\/tr><tr><td>Positivo<\/td><td>Positivo<\/td><td>S\u00edfilis confirmada<\/td><\/tr><tr><td>Positivo<\/td><td>Negativo<\/td><td>Prov\u00e1vel falso-positivo<\/td><\/tr><tr><td>Negativo<\/td><td>Positivo<\/td><td>Infec\u00e7\u00e3o antiga\/tratada; s\u00edfilis latente; considerar janela imunol\u00f3gica<\/td><\/tr><tr><td>Negativo<\/td><td>Negativo<\/td><td>Aus\u00eancia de infec\u00e7\u00e3o<\/td><\/tr><\/tbody><\/table><\/figure>\n\n\n\n<p><strong>5. Outros Exames<\/strong><\/p>\n\n\n\n<ul class=\"wp-block-list\">\n<li><strong>Exame direto:<\/strong> Pesquisa de treponemas na les\u00e3o por microscopia de campo escuro ou imunofluoresc\u00eancia direta (pouco dispon\u00edvel e mais \u00fatil na s\u00edfilis prim\u00e1ria).<\/li>\n<\/ul>\n\n\n\n<figure class=\"wp-block-image size-full\"><img loading=\"lazy\" decoding=\"async\" width=\"633\" height=\"580\" src=\"https:\/\/www.grupomedcof.com.br\/blog\/wp-content\/uploads\/2025\/04\/image-6.png\" alt=\"Gr\u00e1fico de desempenho dos testes sorol\u00f3gicos nos est\u00e1gios da s\u00edfilis, mostrando a reatividade dos testes trepon\u00eamicos e n\u00e3o-trepon\u00eamicos ao longo do tempo. Ilustra como os testes n\u00e3o-trepon\u00eamicos reagem com e sem tratamento. Ferramenta \u00fatil para entender o diagn\u00f3stico e tratamento da s\u00edfilis, com detalhes claros sobre os est\u00e1gios da doen\u00e7a e impactos do tratamento, destacando s\u00edfilis prim\u00e1ria, secund\u00e1ria, lat\u00eancia e terci\u00e1ria.\" class=\"wp-image-35839\" srcset=\"https:\/\/www.grupomedcof.com.br\/blog\/wp-content\/uploads\/2025\/04\/image-6.png 633w, https:\/\/www.grupomedcof.com.br\/blog\/wp-content\/uploads\/2025\/04\/image-6-300x275.png 300w, https:\/\/www.grupomedcof.com.br\/blog\/wp-content\/uploads\/2025\/04\/image-6-458x420.png 458w, https:\/\/www.grupomedcof.com.br\/blog\/wp-content\/uploads\/2025\/04\/image-6-150x137.png 150w\" sizes=\"auto, (max-width: 633px) 100vw, 633px\" \/><figcaption class=\"wp-element-caption\">Desempenho dos testes sorol\u00f3gicos por est\u00e1gio de S\u00edfilis | Fonte: Acervo de ilustra\u00e7\u00f5es Grupo MedCof<\/figcaption><\/figure>\n\n\n\n<h2 class=\"wp-block-heading\" id=\"h-como-e-feito-o-tratamento-da-sifilis\"><span class=\"ez-toc-section\" id=\"Como_e_feito_o_tratamento_da_sifilis\"><\/span><strong>Como \u00e9 feito o tratamento da s\u00edfilis?<\/strong><span class=\"ez-toc-section-end\"><\/span><\/h2>\n\n\n\n<p>O<strong> tratamento da s\u00edfilis <\/strong>\u00e9 realizado principalmente com <strong>penicilina benzatina<\/strong>, administrada por <strong>via intramuscular<\/strong>. Nos casos de <strong>s\u00edfilis prim\u00e1ria<\/strong>, <strong>secund\u00e1ria<\/strong> ou <strong>latente recente<\/strong> (infec\u00e7\u00e3o com menos de 1 ano), utiliza-se uma <strong>dose \u00fanica de 2,4 milh\u00f5es de unidades internacionais (UI).<\/strong><\/p>\n\n\n\n<p>Para <strong>s\u00edfilis latente tardia<\/strong> (com mais de 1 ano de evolu\u00e7\u00e3o ou de tempo indeterminado) e <strong>s\u00edfilis terci\u00e1ria<\/strong>, o tratamento consiste em <strong>tr\u00eas doses semanais de penicilina benzatina 2,4 milh\u00f5es UI<\/strong>, totalizando <strong>7,2 milh\u00f5es UI<\/strong>. Nos casos de <strong>neuros\u00edfilis<\/strong>, utiliza-se <strong>penicilina cristalina endovenosa<\/strong> por 10 a 14 dias.<\/p>\n\n\n\n<p>Nos casos das<strong> gestantes<\/strong>, devem sempre ser tratadas com<strong> penicilina<\/strong>, independentemente da fase, pois \u00e9 o <strong>\u00fanico medicamento eficaz para prevenir transmiss\u00e3o para o beb\u00ea.<\/strong>&nbsp;<\/p>\n\n\n\n<p>Contudo, <strong>pessoas al\u00e9rgicas \u00e0 penicilina <\/strong>podem usar <strong>doxiciclina<\/strong> (<strong>exceto gestantes<\/strong>), respeitando o tempo de tratamento da fase correspondente.<\/p>\n\n\n\n<p>Ap\u00f3s o tratamento, \u00e9 necess\u00e1rio <strong>acompanhamento sorol\u00f3gico<\/strong> com exames regulares para confirmar a cura e identificar poss\u00edveis reinfec\u00e7\u00f5es. O tratamento tamb\u00e9m <strong>deve ser estendido aos parceiros sexuais<\/strong> para evitar novas transmiss\u00f5es.<\/p>\n\n\n\n<h2 class=\"wp-block-heading\" id=\"h-sifilis-congenita\"><span class=\"ez-toc-section\" id=\"Sifilis_Congenita\"><\/span><strong>S\u00edfilis Cong\u00eanita<\/strong><span class=\"ez-toc-section-end\"><\/span><\/h2>\n\n\n\n<p>A <strong>s\u00edfilis cong\u00eanita<\/strong> ocorre quando a <strong>bact\u00e9ria <\/strong><strong><em>Treponema pallidum<\/em><\/strong><strong> \u00e9 transmitida verticalmente da gestante infectada para o feto<\/strong>, geralmente atrav\u00e9s da placenta, em qualquer fase da gravidez.<\/p>\n\n\n\n<p>A <strong>infec\u00e7\u00e3o fetal <\/strong>pode provocar <strong>desde a morte intrauterina<\/strong> at\u00e9 <strong>manifesta\u00e7\u00f5es cl\u00ednicas graves no rec\u00e9m-nascido<\/strong>. Os riscos aumentam quanto mais precoce for a infec\u00e7\u00e3o materna e menor o tempo entre a infec\u00e7\u00e3o e o parto.<\/p>\n\n\n\n<p>As principais manifesta\u00e7\u00f5es cl\u00ednicas s\u00e3o:<\/p>\n\n\n\n<ul class=\"wp-block-list\">\n<li><strong>Prematuridade<\/strong> e<strong> baixo peso<\/strong> ao nascer<\/li>\n\n\n\n<li><strong>\u00d3bito fetal <\/strong>ou <strong>neonatal<\/strong> precoce<\/li>\n\n\n\n<li><strong>Sintomas iniciais (primeiros dois anos de vida): <\/strong>hepatoesplenomegalia, icter\u00edcia, rinite serossanguinolenta, erup\u00e7\u00f5es cut\u00e2neas palmoplantares bolhosas (p\u00eanfigo sifil\u00edtico), adenomegalia, anemia, trombocitopenia e irritabilidade.<\/li>\n\n\n\n<li><strong>Sintomas tardios (ap\u00f3s dois anos de vida): <\/strong>deformidades \u00f3sseas (t\u00edbia em sabre, dentes de Hutchinson, nariz em sela, surdez neurossensorial, cegueira por les\u00e3o coriorretiniana), entre outros.<\/li>\n<\/ul>\n\n\n\n<p>Assim, o <strong>diagn\u00f3stico da s\u00edfilis cong\u00eanita <\/strong>exige a <strong>an\u00e1lise conjunta de antecedentes maternos,<\/strong> <strong>avalia\u00e7\u00e3o cl\u00ednica do rec\u00e9m-nascido<\/strong> e <strong>exames laboratoriais espec\u00edficos.<\/strong>&nbsp;<\/p>\n\n\n\n<p>S\u00e3o utilizados <strong>testes sorol\u00f3gicos<\/strong> <strong>quantitativos<\/strong> <strong>(VDRL\/RPR) no beb\u00ea, <\/strong>comparados aos t\u00edtulos maternos, al\u00e9m da<strong> pesquisa direta do <\/strong><strong><em>Treponema pallidum<\/em><\/strong><strong> <\/strong>em secre\u00e7\u00f5es suspeitas.&nbsp;<\/p>\n\n\n\n<p>Ainda, exames complementares ajudam a definir a extens\u00e3o do comprometimento, sendo fundamental identificar precocemente manifesta\u00e7\u00f5es cl\u00ednicas, mesmo em casos inicialmente assintom\u00e1ticos.<\/p>\n\n\n\n<p>J\u00e1 o <strong>tratamento de escolha para a s\u00edfilis cong\u00eanita,<\/strong> \u00e9 feito exclusivamente com <strong>penicilina,<\/strong> preferencialmente a <strong>penicilina cristalina G endovenosa<\/strong>, administrada por 10 dias em rec\u00e9m-nascidos com sinais de infec\u00e7\u00e3o ou altera\u00e7\u00f5es em exames complementares.&nbsp;<\/p>\n\n\n\n<p>Por fim, a<strong> principal estrat\u00e9gia de preven\u00e7\u00e3o<\/strong> \u00e9 o <a href=\"https:\/\/www.grupomedcof.com.br\/blog\/ginecologia-e-obstetricia\/\"><strong>pr\u00e9-natal de qualidade<\/strong><\/a>, com rastreamento sorol\u00f3gico materno em pelo menos tr\u00eas momentos: <strong>in\u00edcio do pr\u00e9-natal,<\/strong> <strong>in\u00edcio do terceiro trimestre<\/strong> e no <strong>momento do parto<\/strong>.&nbsp;<\/p>\n\n\n\n<h2 class=\"wp-block-heading\" id=\"h-sifilis-adquirida\"><span class=\"ez-toc-section\" id=\"Sifilis_adquirida\"><\/span><strong>S\u00edfilis adquirida<\/strong><span class=\"ez-toc-section-end\"><\/span><\/h2>\n\n\n\n<p>A<strong> s\u00edfilis adquirida<\/strong> \u00e9 chamada assim para<strong> diferenciar da s\u00edfilis cong\u00eanita.<\/strong> O termo indica, portanto, que a <strong>infec\u00e7\u00e3o ocorreu ap\u00f3s o nascimento,<\/strong> predominantemente por <strong>contato sexual<\/strong> ou, mais raramente, por <strong>exposi\u00e7\u00e3o a sangue contaminado<\/strong>.<\/p>\n\n\n\n<p>As principais diferen\u00e7as entre os termos s\u00e3o:<\/p>\n\n\n\n<ul class=\"wp-block-list\">\n<li><strong>Via de Transmiss\u00e3o:<\/strong> O principal modo de transmiss\u00e3o \u00e9 sexual, por meio de les\u00f5es ativas (cancro duro) em mucosas e pele, ao contr\u00e1rio da cong\u00eanita, que ocorre via placenta.<\/li>\n\n\n\n<li><strong>Faixa Et\u00e1ria Predominante:<\/strong> Acomete principalmente adultos e jovens sexualmente ativos.<\/li>\n\n\n\n<li><strong>Evolu\u00e7\u00e3o Cl\u00ednica:<\/strong> Apresenta uma evolu\u00e7\u00e3o t\u00edpica dividida em est\u00e1gios bem definidos, o que orienta o manejo e o acompanhamento.<\/li>\n<\/ul>\n\n\n\n<p>Os sintomas dessa condi\u00e7\u00e3o variam de acordo com o est\u00e1gio, mas podem incluir <strong>feridas, manchas pelo corpo, febre, fadiga, dores musculares<\/strong> e, em est\u00e1gios avan\u00e7ados, <strong>complica\u00e7\u00f5es neurol\u00f3gicas e cardiovasculares.&nbsp;<\/strong><\/p>\n\n\n\n<h2 class=\"wp-block-heading\" id=\"h-como-prevenir-a-transmissao-da-sifilis\"><span class=\"ez-toc-section\" id=\"Como_prevenir_a_transmissao_da_sifilis\"><\/span><strong>Como prevenir a transmiss\u00e3o da s\u00edfilis?<\/strong><span class=\"ez-toc-section-end\"><\/span><\/h2>\n\n\n\n<p>As principais formas de preven\u00e7\u00e3o s\u00e3o:<\/p>\n\n\n\n<ul class=\"wp-block-list\">\n<li><strong>Uso de preservativos:<\/strong> utilize sempre camisinha (masculina ou feminina) em todas as rela\u00e7\u00f5es sexuais (vaginal, anal e oral).<\/li>\n\n\n\n<li><strong>Testagem regular<\/strong>: fa\u00e7a exames de s\u00edfilis periodicamente, especialmente se voc\u00ea tem m\u00faltiplos parceiros(as) ou pertence a grupos de maior risco. A testagem precoce ajuda a detectar e tratar a infec\u00e7\u00e3o ainda no in\u00edcio.<\/li>\n\n\n\n<li><strong>Tratamento imediato dos casos detectados: <\/strong>caso seja diagnosticada, comece o tratamento imediatamente, assim como os(as) parceiros(as) sexuais, para evitar novas transmiss\u00f5es.<\/li>\n\n\n\n<li><strong>Evitar compartilhamento de objetos perfurocortantes: <\/strong>n\u00e3o compartilhe agulhas, seringas, l\u00e2minas, alicates ou objetos que possam causar cortes ou perfura\u00e7\u00f5es.<\/li>\n\n\n\n<li><strong>Cuidados durante a gesta\u00e7\u00e3o: <\/strong>todas as gestantes devem realizar exames de s\u00edfilis durante o pr\u00e9-natal. Se o diagn\u00f3stico for positivo, inicie o tratamento o quanto antes para evitar a transmiss\u00e3o para o beb\u00ea.<\/li>\n<\/ul>\n\n\n\n<figure class=\"wp-block-image size-large\"><img loading=\"lazy\" decoding=\"async\" width=\"1024\" height=\"932\" src=\"https:\/\/www.grupomedcof.com.br\/blog\/wp-content\/uploads\/2025\/04\/image-5-1024x932.png\" alt=\"Imagem de teste r\u00e1pido de s\u00edfilis em cl\u00ednica, ilustrando profissional de sa\u00fade coletando sangue do dedo do paciente para diagn\u00f3stico preciso e r\u00e1pido. Destaca a import\u00e2ncia da detec\u00e7\u00e3o precoce e do tratamento eficaz da s\u00edfilis\" class=\"wp-image-35838\" srcset=\"https:\/\/www.grupomedcof.com.br\/blog\/wp-content\/uploads\/2025\/04\/image-5-1024x932.png 1024w, https:\/\/www.grupomedcof.com.br\/blog\/wp-content\/uploads\/2025\/04\/image-5-300x273.png 300w, https:\/\/www.grupomedcof.com.br\/blog\/wp-content\/uploads\/2025\/04\/image-5-768x699.png 768w, https:\/\/www.grupomedcof.com.br\/blog\/wp-content\/uploads\/2025\/04\/image-5-1536x1399.png 1536w, https:\/\/www.grupomedcof.com.br\/blog\/wp-content\/uploads\/2025\/04\/image-5-461x420.png 461w, https:\/\/www.grupomedcof.com.br\/blog\/wp-content\/uploads\/2025\/04\/image-5-150x137.png 150w, https:\/\/www.grupomedcof.com.br\/blog\/wp-content\/uploads\/2025\/04\/image-5-696x634.png 696w, https:\/\/www.grupomedcof.com.br\/blog\/wp-content\/uploads\/2025\/04\/image-5-1068x973.png 1068w, https:\/\/www.grupomedcof.com.br\/blog\/wp-content\/uploads\/2025\/04\/image-5.png 1600w\" sizes=\"auto, (max-width: 1024px) 100vw, 1024px\" \/><figcaption class=\"wp-element-caption\">Teste de s\u00edfilis | Fonte: Acervo de ilustra\u00e7\u00f5es do Grupo MedCof.<\/figcaption><\/figure>\n\n\n\n<h2 class=\"wp-block-heading\" id=\"h-complicacoes-da-sifilis-nao-tratada\"><span class=\"ez-toc-section\" id=\"Complicacoes_da_sifilis_nao_tratada\"><\/span><strong>Complica\u00e7\u00f5es da s\u00edfilis n\u00e3o tratada<\/strong><span class=\"ez-toc-section-end\"><\/span><\/h2>\n\n\n\n<ul class=\"wp-block-list\">\n<li><strong>Les\u00f5es cut\u00e2neas e mucosas persistentes:<\/strong> feridas e manchas podem aparecer e desaparecer, mas a bact\u00e9ria permanece no corpo, podendo levar a est\u00e1gios mais graves da doen\u00e7a.<\/li>\n\n\n\n<li><strong>S\u00edfilis latente:<\/strong> fase em que n\u00e3o h\u00e1 sintomas, mas a bact\u00e9ria continua ativa, podendo evoluir para formas graves posteriores.<\/li>\n\n\n\n<li><strong>S\u00edfilis terci\u00e1ria:<\/strong> surge anos ap\u00f3s a infec\u00e7\u00e3o, podendo afetar v\u00e1rios \u00f3rg\u00e3os:<\/li>\n\n\n\n<li><strong>Gomas sifil\u00edticas:<\/strong> n\u00f3dulos ou massas inflamat\u00f3rias que podem destruir tecidos em qualquer parte do corpo (pele, ossos, f\u00edgado, etc.).<\/li>\n\n\n\n<li><strong>Complica\u00e7\u00f5es cardiovasculares:<\/strong> inflama\u00e7\u00e3o na aorta (aortite sifil\u00edtica), podendo causar aneurismas, insufici\u00eancia card\u00edaca e risco de morte.<\/li>\n\n\n\n<li><strong>Comprometimento neurol\u00f3gico (<\/strong><a href=\"https:\/\/www.grupomedcof.com.br\/blog\/neurossifilis-quais-sintomas-e-prejuizos-causados-no-sistema-nervoso\/\"><strong>Neuross\u00edfilis<\/strong><\/a><strong>):<\/strong> pode provocar dor cr\u00f4nica, dist\u00farbios motores, paralisia, dem\u00eancia, altera\u00e7\u00e3o de personalidade, cegueira e surdez.<\/li>\n\n\n\n<li><strong>Complica\u00e7\u00f5es nos olhos (Ocular e Otoss\u00edfilis): <\/strong>inflama\u00e7\u00f5es que levam \u00e0 perda parcial ou total da vis\u00e3o e\/ou audi\u00e7\u00e3o.<\/li>\n\n\n\n<li><strong>S\u00edfilis cong\u00eanita<\/strong>: quando a doen\u00e7a \u00e9 transmitida da m\u00e3e para o beb\u00ea durante a gesta\u00e7\u00e3o. Pode causar aborto espont\u00e2neo, morte fetal, malforma\u00e7\u00f5es, cegueira, surdez e atraso no desenvolvimento da crian\u00e7a.<\/li>\n<\/ul>\n\n\n\n<h2 class=\"wp-block-heading\" id=\"h-aprofunde-seus-conhecimentos-sobre-sifilis-com-medcof\"><span class=\"ez-toc-section\" id=\"Aprofunde_seus_conhecimentos_sobre_sifilis_com_MedCof\"><\/span><strong>Aprofunde seus conhecimentos sobre s\u00edfilis com MedCof!<\/strong><span class=\"ez-toc-section-end\"><\/span><\/h2>\n\n\n\n<p>Se voc\u00ea busca aprofundar seus conhecimentos sobre a <strong>S\u00edfilis<\/strong> e conquistar sua aprova\u00e7\u00e3o na resid\u00eancia m\u00e9dica, o <a href=\"https:\/\/www.grupomedcof.com.br\/home\/?page=sobre-nos\">Grupo MedCof <\/a>\u00e9 o parceiro ideal nessa jornada. O MedCof oferece conte\u00fados atualizados, did\u00e1ticos e focados na pr\u00e1tica cl\u00ednica com uma qualidade excelente! <a href=\"https:\/\/www.grupomedcof.com.br\/home\/\">Seja um MedCofer agora mesmo!\u00a0<\/a><\/p>\n\n\n\n<figure class=\"wp-block-embed is-type-video is-provider-youtube wp-block-embed-youtube wp-embed-aspect-16-9 wp-has-aspect-ratio\"><div class=\"wp-block-embed__wrapper\">\n<div class=\"youtube-embed\" data-video_id=\"kiNomSG0lLM\"><iframe loading=\"lazy\" title=\"COFEXPRESS - Infec\u00e7\u00f5es e gravidez. Com Dra. Isabela Pasotti\" width=\"696\" height=\"392\" src=\"https:\/\/www.youtube.com\/embed\/kiNomSG0lLM?start=12&#038;feature=oembed\" frameborder=\"0\" allow=\"accelerometer; autoplay; clipboard-write; encrypted-media; gyroscope; picture-in-picture; web-share\" referrerpolicy=\"strict-origin-when-cross-origin\" allowfullscreen><\/iframe><\/div>\n<\/div><\/figure>\n","protected":false},"excerpt":{"rendered":"<p>Entenda o que \u00e9 a s\u00edfilis, seus sintomas, fases da infec\u00e7\u00e3o, diagn\u00f3stico e tratamentos. Confira como ocorre a transmiss\u00e3o e como preveni-la. Saiba agora!<\/p>\n","protected":false},"author":2,"featured_media":35166,"comment_status":"open","ping_status":"open","sticky":false,"template":"","format":"standard","meta":{"footnotes":""},"categories":[125,195],"tags":[196,290,68,291],"ppma_author":[3612],"class_list":{"0":"post-16070","1":"post","2":"type-post","3":"status-publish","4":"format-standard","5":"has-post-thumbnail","7":"category-ginecologia-e-obstetricia","8":"category-infectologia","9":"tag-infectologia","10":"tag-ist","11":"tag-residencia-medica","12":"tag-sifilis"},"yoast_head":"<!-- This site is optimized with the Yoast SEO Premium plugin v24.3 (Yoast SEO v27.4) - https:\/\/yoast.com\/product\/yoast-seo-premium-wordpress\/ -->\n<title>S\u00edfilis Cong\u00eanita e Adquirida: Guia de Conduta | Medcof<\/title>\n<meta name=\"description\" content=\"Entenda o que \u00e9 a s\u00edfilis, seus sintomas, fases da infec\u00e7\u00e3o, diagn\u00f3stico e tratamentos. Confira como ocorre a transmiss\u00e3o e como preveni-la. Saiba agora!\" \/>\n<meta name=\"robots\" content=\"index, follow, max-snippet:-1, max-image-preview:large, max-video-preview:-1\" \/>\n<link rel=\"canonical\" href=\"https:\/\/www.grupomedcof.com.br\/blog\/tudo-o-que-voce-precisa-lembrar-sobre-a-sifilis-congenita-e-adquirida\/\" \/>\n<meta property=\"og:locale\" content=\"pt_BR\" \/>\n<meta property=\"og:type\" content=\"article\" \/>\n<meta property=\"og:title\" content=\"S\u00edfilis: o que \u00e9, sintomas, diagn\u00f3stico, tratamento e como prevenir\" \/>\n<meta property=\"og:description\" content=\"Entenda o que \u00e9 a s\u00edfilis, seus sintomas, fases da infec\u00e7\u00e3o, diagn\u00f3stico e tratamentos. Confira como ocorre a transmiss\u00e3o e como preveni-la. Saiba agora!\" \/>\n<meta property=\"og:url\" content=\"https:\/\/www.grupomedcof.com.br\/blog\/tudo-o-que-voce-precisa-lembrar-sobre-a-sifilis-congenita-e-adquirida\/\" \/>\n<meta property=\"og:site_name\" content=\"Blog de Medcof: conte\u00fados, editais, revalida e mais!\" \/>\n<meta property=\"article:publisher\" content=\"https:\/\/www.facebook.com\/MedCofQbank\/\" \/>\n<meta property=\"article:published_time\" content=\"2025-05-20T12:06:10+00:00\" \/>\n<meta property=\"article:modified_time\" content=\"2026-04-24T19:29:56+00:00\" \/>\n<meta property=\"og:image\" content=\"https:\/\/www.grupomedcof.com.br\/blog\/wp-content\/uploads\/2023\/11\/Blog-MedCof-2025-04-16T095444.001.jpg\" \/>\n\t<meta property=\"og:image:width\" content=\"1920\" \/>\n\t<meta property=\"og:image:height\" content=\"1080\" \/>\n\t<meta property=\"og:image:type\" content=\"image\/jpeg\" \/>\n<meta name=\"author\" content=\"Patr\u00edcia Oliveira\" \/>\n<meta name=\"twitter:card\" content=\"summary_large_image\" \/>\n<meta name=\"twitter:label1\" content=\"Escrito por\" \/>\n\t<meta name=\"twitter:data1\" content=\"Patr\u00edcia Oliveira\" \/>\n\t<meta name=\"twitter:label2\" content=\"Est. tempo de leitura\" \/>\n\t<meta name=\"twitter:data2\" content=\"10 minutos\" \/>\n<script type=\"application\/ld+json\" class=\"yoast-schema-graph\">{\"@context\":\"https:\\\/\\\/schema.org\",\"@graph\":[{\"@type\":\"Article\",\"@id\":\"https:\\\/\\\/www.grupomedcof.com.br\\\/blog\\\/tudo-o-que-voce-precisa-lembrar-sobre-a-sifilis-congenita-e-adquirida\\\/#article\",\"isPartOf\":{\"@id\":\"https:\\\/\\\/www.grupomedcof.com.br\\\/blog\\\/tudo-o-que-voce-precisa-lembrar-sobre-a-sifilis-congenita-e-adquirida\\\/\"},\"author\":{\"name\":\"Patr\u00edcia Oliveira\",\"@id\":\"https:\\\/\\\/www.grupomedcof.com.br\\\/blog\\\/#\\\/schema\\\/person\\\/7a655db4c3da9796e0166bf55a9ea53a\"},\"headline\":\"S\u00edfilis: o que \u00e9, sintomas, diagn\u00f3stico, tratamento e como prevenir\",\"datePublished\":\"2025-05-20T12:06:10+00:00\",\"dateModified\":\"2026-04-24T19:29:56+00:00\",\"mainEntityOfPage\":{\"@id\":\"https:\\\/\\\/www.grupomedcof.com.br\\\/blog\\\/tudo-o-que-voce-precisa-lembrar-sobre-a-sifilis-congenita-e-adquirida\\\/\"},\"wordCount\":2009,\"commentCount\":0,\"publisher\":{\"@id\":\"https:\\\/\\\/www.grupomedcof.com.br\\\/blog\\\/#organization\"},\"image\":{\"@id\":\"https:\\\/\\\/www.grupomedcof.com.br\\\/blog\\\/tudo-o-que-voce-precisa-lembrar-sobre-a-sifilis-congenita-e-adquirida\\\/#primaryimage\"},\"thumbnailUrl\":\"https:\\\/\\\/www.grupomedcof.com.br\\\/blog\\\/wp-content\\\/uploads\\\/2023\\\/11\\\/Blog-MedCof-2025-04-16T095444.001.jpg\",\"keywords\":[\"Infectologia\",\"IST\",\"Resid\u00eancia M\u00e9dica\",\"S\u00edfilis\"],\"articleSection\":[\"Ginecologia e Obstetr\u00edcia\",\"Infectologia\"],\"inLanguage\":\"pt-BR\"},{\"@type\":\"WebPage\",\"@id\":\"https:\\\/\\\/www.grupomedcof.com.br\\\/blog\\\/tudo-o-que-voce-precisa-lembrar-sobre-a-sifilis-congenita-e-adquirida\\\/\",\"url\":\"https:\\\/\\\/www.grupomedcof.com.br\\\/blog\\\/tudo-o-que-voce-precisa-lembrar-sobre-a-sifilis-congenita-e-adquirida\\\/\",\"name\":\"S\u00edfilis Cong\u00eanita e Adquirida: Guia de Conduta | Medcof\",\"isPartOf\":{\"@id\":\"https:\\\/\\\/www.grupomedcof.com.br\\\/blog\\\/#website\"},\"primaryImageOfPage\":{\"@id\":\"https:\\\/\\\/www.grupomedcof.com.br\\\/blog\\\/tudo-o-que-voce-precisa-lembrar-sobre-a-sifilis-congenita-e-adquirida\\\/#primaryimage\"},\"image\":{\"@id\":\"https:\\\/\\\/www.grupomedcof.com.br\\\/blog\\\/tudo-o-que-voce-precisa-lembrar-sobre-a-sifilis-congenita-e-adquirida\\\/#primaryimage\"},\"thumbnailUrl\":\"https:\\\/\\\/www.grupomedcof.com.br\\\/blog\\\/wp-content\\\/uploads\\\/2023\\\/11\\\/Blog-MedCof-2025-04-16T095444.001.jpg\",\"datePublished\":\"2025-05-20T12:06:10+00:00\",\"dateModified\":\"2026-04-24T19:29:56+00:00\",\"description\":\"Entenda o que \u00e9 a s\u00edfilis, seus sintomas, fases da infec\u00e7\u00e3o, diagn\u00f3stico e tratamentos. Confira como ocorre a transmiss\u00e3o e como preveni-la. Saiba agora!\",\"breadcrumb\":{\"@id\":\"https:\\\/\\\/www.grupomedcof.com.br\\\/blog\\\/tudo-o-que-voce-precisa-lembrar-sobre-a-sifilis-congenita-e-adquirida\\\/#breadcrumb\"},\"inLanguage\":\"pt-BR\",\"potentialAction\":[{\"@type\":\"ReadAction\",\"target\":[\"https:\\\/\\\/www.grupomedcof.com.br\\\/blog\\\/tudo-o-que-voce-precisa-lembrar-sobre-a-sifilis-congenita-e-adquirida\\\/\"]}]},{\"@type\":\"ImageObject\",\"inLanguage\":\"pt-BR\",\"@id\":\"https:\\\/\\\/www.grupomedcof.com.br\\\/blog\\\/tudo-o-que-voce-precisa-lembrar-sobre-a-sifilis-congenita-e-adquirida\\\/#primaryimage\",\"url\":\"https:\\\/\\\/www.grupomedcof.com.br\\\/blog\\\/wp-content\\\/uploads\\\/2023\\\/11\\\/Blog-MedCof-2025-04-16T095444.001.jpg\",\"contentUrl\":\"https:\\\/\\\/www.grupomedcof.com.br\\\/blog\\\/wp-content\\\/uploads\\\/2023\\\/11\\\/Blog-MedCof-2025-04-16T095444.001.jpg\",\"width\":1920,\"height\":1080,\"caption\":\"Teste de s\u00edfilis | Reprodu\u00e7\u00e3o: Canva\"},{\"@type\":\"BreadcrumbList\",\"@id\":\"https:\\\/\\\/www.grupomedcof.com.br\\\/blog\\\/tudo-o-que-voce-precisa-lembrar-sobre-a-sifilis-congenita-e-adquirida\\\/#breadcrumb\",\"itemListElement\":[{\"@type\":\"ListItem\",\"position\":1,\"name\":\"In\u00edcio\",\"item\":\"https:\\\/\\\/www.grupomedcof.com.br\\\/blog\\\/\"},{\"@type\":\"ListItem\",\"position\":2,\"name\":\"S\u00edfilis: o que \u00e9, sintomas, diagn\u00f3stico, tratamento e como prevenir\"}]},{\"@type\":\"WebSite\",\"@id\":\"https:\\\/\\\/www.grupomedcof.com.br\\\/blog\\\/#website\",\"url\":\"https:\\\/\\\/www.grupomedcof.com.br\\\/blog\\\/\",\"name\":\"Blog de Medcof: conte\u00fados, editais, revalida e mais!\",\"description\":\"Acesso o blog de MedCof! Seu portal de conte\u00fados sobre resid\u00eancia m\u00e9dica, an\u00e1lise e editais e muito mais. Clique e confira!\",\"publisher\":{\"@id\":\"https:\\\/\\\/www.grupomedcof.com.br\\\/blog\\\/#organization\"},\"alternateName\":\"Blog de Medcof: conte\u00fados, editais, revalida e mais!\",\"potentialAction\":[{\"@type\":\"SearchAction\",\"target\":{\"@type\":\"EntryPoint\",\"urlTemplate\":\"https:\\\/\\\/www.grupomedcof.com.br\\\/blog\\\/?s={search_term_string}\"},\"query-input\":{\"@type\":\"PropertyValueSpecification\",\"valueRequired\":true,\"valueName\":\"search_term_string\"}}],\"inLanguage\":\"pt-BR\"},{\"@type\":\"Organization\",\"@id\":\"https:\\\/\\\/www.grupomedcof.com.br\\\/blog\\\/#organization\",\"name\":\"Grupo MedCof\",\"url\":\"https:\\\/\\\/www.grupomedcof.com.br\\\/blog\\\/\",\"logo\":{\"@type\":\"ImageObject\",\"inLanguage\":\"pt-BR\",\"@id\":\"https:\\\/\\\/www.grupomedcof.com.br\\\/blog\\\/#\\\/schema\\\/logo\\\/image\\\/\",\"url\":\"https:\\\/\\\/www.grupomedcof.com.br\\\/blog\\\/wp-content\\\/uploads\\\/2022\\\/01\\\/logo-medcof.png\",\"contentUrl\":\"https:\\\/\\\/www.grupomedcof.com.br\\\/blog\\\/wp-content\\\/uploads\\\/2022\\\/01\\\/logo-medcof.png\",\"width\":768,\"height\":269,\"caption\":\"Grupo MedCof\"},\"image\":{\"@id\":\"https:\\\/\\\/www.grupomedcof.com.br\\\/blog\\\/#\\\/schema\\\/logo\\\/image\\\/\"},\"sameAs\":[\"https:\\\/\\\/www.facebook.com\\\/MedCofQbank\\\/\",\"https:\\\/\\\/www.instagram.com\\\/grupomedcof\\\/\",\"https:\\\/\\\/br.linkedin.com\\\/company\\\/medcof\",\"https:\\\/\\\/www.youtube.com\\\/channel\\\/UCdHMuOHKICxcHwecxN8P-AA\"]},{\"@type\":\"Person\",\"@id\":\"https:\\\/\\\/www.grupomedcof.com.br\\\/blog\\\/#\\\/schema\\\/person\\\/7a655db4c3da9796e0166bf55a9ea53a\",\"name\":\"Patr\u00edcia Oliveira\",\"image\":{\"@type\":\"ImageObject\",\"inLanguage\":\"pt-BR\",\"@id\":\"https:\\\/\\\/www.grupomedcof.com.br\\\/blog\\\/wp-content\\\/uploads\\\/2022\\\/03\\\/furacao-96x96.png19e0d43e5696aaa42a3bb896953b331f\",\"url\":\"https:\\\/\\\/www.grupomedcof.com.br\\\/blog\\\/wp-content\\\/uploads\\\/2022\\\/03\\\/furacao-96x96.png\",\"contentUrl\":\"https:\\\/\\\/www.grupomedcof.com.br\\\/blog\\\/wp-content\\\/uploads\\\/2022\\\/03\\\/furacao-96x96.png\",\"caption\":\"Patr\u00edcia Oliveira\"},\"sameAs\":[\"https:\\\/\\\/www.grupomedcof.com.br\\\/\"],\"url\":\"https:\\\/\\\/www.grupomedcof.com.br\\\/blog\\\/author\\\/patricia\\\/\"}]}<\/script>\n<!-- \/ Yoast SEO Premium plugin. -->","yoast_head_json":{"title":"S\u00edfilis Cong\u00eanita e Adquirida: Guia de Conduta | Medcof","description":"Entenda o que \u00e9 a s\u00edfilis, seus sintomas, fases da infec\u00e7\u00e3o, diagn\u00f3stico e tratamentos. Confira como ocorre a transmiss\u00e3o e como preveni-la. Saiba agora!","robots":{"index":"index","follow":"follow","max-snippet":"max-snippet:-1","max-image-preview":"max-image-preview:large","max-video-preview":"max-video-preview:-1"},"canonical":"https:\/\/www.grupomedcof.com.br\/blog\/tudo-o-que-voce-precisa-lembrar-sobre-a-sifilis-congenita-e-adquirida\/","og_locale":"pt_BR","og_type":"article","og_title":"S\u00edfilis: o que \u00e9, sintomas, diagn\u00f3stico, tratamento e como prevenir","og_description":"Entenda o que \u00e9 a s\u00edfilis, seus sintomas, fases da infec\u00e7\u00e3o, diagn\u00f3stico e tratamentos. Confira como ocorre a transmiss\u00e3o e como preveni-la. Saiba agora!","og_url":"https:\/\/www.grupomedcof.com.br\/blog\/tudo-o-que-voce-precisa-lembrar-sobre-a-sifilis-congenita-e-adquirida\/","og_site_name":"Blog de Medcof: conte\u00fados, editais, revalida e mais!","article_publisher":"https:\/\/www.facebook.com\/MedCofQbank\/","article_published_time":"2025-05-20T12:06:10+00:00","article_modified_time":"2026-04-24T19:29:56+00:00","og_image":[{"width":1920,"height":1080,"url":"https:\/\/www.grupomedcof.com.br\/blog\/wp-content\/uploads\/2023\/11\/Blog-MedCof-2025-04-16T095444.001.jpg","type":"image\/jpeg"}],"author":"Patr\u00edcia Oliveira","twitter_card":"summary_large_image","twitter_misc":{"Escrito por":"Patr\u00edcia Oliveira","Est. tempo de leitura":"10 minutos"},"schema":{"@context":"https:\/\/schema.org","@graph":[{"@type":"Article","@id":"https:\/\/www.grupomedcof.com.br\/blog\/tudo-o-que-voce-precisa-lembrar-sobre-a-sifilis-congenita-e-adquirida\/#article","isPartOf":{"@id":"https:\/\/www.grupomedcof.com.br\/blog\/tudo-o-que-voce-precisa-lembrar-sobre-a-sifilis-congenita-e-adquirida\/"},"author":{"name":"Patr\u00edcia Oliveira","@id":"https:\/\/www.grupomedcof.com.br\/blog\/#\/schema\/person\/7a655db4c3da9796e0166bf55a9ea53a"},"headline":"S\u00edfilis: o que \u00e9, sintomas, diagn\u00f3stico, tratamento e como prevenir","datePublished":"2025-05-20T12:06:10+00:00","dateModified":"2026-04-24T19:29:56+00:00","mainEntityOfPage":{"@id":"https:\/\/www.grupomedcof.com.br\/blog\/tudo-o-que-voce-precisa-lembrar-sobre-a-sifilis-congenita-e-adquirida\/"},"wordCount":2009,"commentCount":0,"publisher":{"@id":"https:\/\/www.grupomedcof.com.br\/blog\/#organization"},"image":{"@id":"https:\/\/www.grupomedcof.com.br\/blog\/tudo-o-que-voce-precisa-lembrar-sobre-a-sifilis-congenita-e-adquirida\/#primaryimage"},"thumbnailUrl":"https:\/\/www.grupomedcof.com.br\/blog\/wp-content\/uploads\/2023\/11\/Blog-MedCof-2025-04-16T095444.001.jpg","keywords":["Infectologia","IST","Resid\u00eancia M\u00e9dica","S\u00edfilis"],"articleSection":["Ginecologia e Obstetr\u00edcia","Infectologia"],"inLanguage":"pt-BR"},{"@type":"WebPage","@id":"https:\/\/www.grupomedcof.com.br\/blog\/tudo-o-que-voce-precisa-lembrar-sobre-a-sifilis-congenita-e-adquirida\/","url":"https:\/\/www.grupomedcof.com.br\/blog\/tudo-o-que-voce-precisa-lembrar-sobre-a-sifilis-congenita-e-adquirida\/","name":"S\u00edfilis Cong\u00eanita e Adquirida: Guia de Conduta | Medcof","isPartOf":{"@id":"https:\/\/www.grupomedcof.com.br\/blog\/#website"},"primaryImageOfPage":{"@id":"https:\/\/www.grupomedcof.com.br\/blog\/tudo-o-que-voce-precisa-lembrar-sobre-a-sifilis-congenita-e-adquirida\/#primaryimage"},"image":{"@id":"https:\/\/www.grupomedcof.com.br\/blog\/tudo-o-que-voce-precisa-lembrar-sobre-a-sifilis-congenita-e-adquirida\/#primaryimage"},"thumbnailUrl":"https:\/\/www.grupomedcof.com.br\/blog\/wp-content\/uploads\/2023\/11\/Blog-MedCof-2025-04-16T095444.001.jpg","datePublished":"2025-05-20T12:06:10+00:00","dateModified":"2026-04-24T19:29:56+00:00","description":"Entenda o que \u00e9 a s\u00edfilis, seus sintomas, fases da infec\u00e7\u00e3o, diagn\u00f3stico e tratamentos. Confira como ocorre a transmiss\u00e3o e como preveni-la. Saiba agora!","breadcrumb":{"@id":"https:\/\/www.grupomedcof.com.br\/blog\/tudo-o-que-voce-precisa-lembrar-sobre-a-sifilis-congenita-e-adquirida\/#breadcrumb"},"inLanguage":"pt-BR","potentialAction":[{"@type":"ReadAction","target":["https:\/\/www.grupomedcof.com.br\/blog\/tudo-o-que-voce-precisa-lembrar-sobre-a-sifilis-congenita-e-adquirida\/"]}]},{"@type":"ImageObject","inLanguage":"pt-BR","@id":"https:\/\/www.grupomedcof.com.br\/blog\/tudo-o-que-voce-precisa-lembrar-sobre-a-sifilis-congenita-e-adquirida\/#primaryimage","url":"https:\/\/www.grupomedcof.com.br\/blog\/wp-content\/uploads\/2023\/11\/Blog-MedCof-2025-04-16T095444.001.jpg","contentUrl":"https:\/\/www.grupomedcof.com.br\/blog\/wp-content\/uploads\/2023\/11\/Blog-MedCof-2025-04-16T095444.001.jpg","width":1920,"height":1080,"caption":"Teste de s\u00edfilis | Reprodu\u00e7\u00e3o: Canva"},{"@type":"BreadcrumbList","@id":"https:\/\/www.grupomedcof.com.br\/blog\/tudo-o-que-voce-precisa-lembrar-sobre-a-sifilis-congenita-e-adquirida\/#breadcrumb","itemListElement":[{"@type":"ListItem","position":1,"name":"In\u00edcio","item":"https:\/\/www.grupomedcof.com.br\/blog\/"},{"@type":"ListItem","position":2,"name":"S\u00edfilis: o que \u00e9, sintomas, diagn\u00f3stico, tratamento e como prevenir"}]},{"@type":"WebSite","@id":"https:\/\/www.grupomedcof.com.br\/blog\/#website","url":"https:\/\/www.grupomedcof.com.br\/blog\/","name":"Blog de Medcof: conte\u00fados, editais, revalida e mais!","description":"Acesso o blog de MedCof! Seu portal de conte\u00fados sobre resid\u00eancia m\u00e9dica, an\u00e1lise e editais e muito mais. Clique e confira!","publisher":{"@id":"https:\/\/www.grupomedcof.com.br\/blog\/#organization"},"alternateName":"Blog de Medcof: conte\u00fados, editais, revalida e mais!","potentialAction":[{"@type":"SearchAction","target":{"@type":"EntryPoint","urlTemplate":"https:\/\/www.grupomedcof.com.br\/blog\/?s={search_term_string}"},"query-input":{"@type":"PropertyValueSpecification","valueRequired":true,"valueName":"search_term_string"}}],"inLanguage":"pt-BR"},{"@type":"Organization","@id":"https:\/\/www.grupomedcof.com.br\/blog\/#organization","name":"Grupo MedCof","url":"https:\/\/www.grupomedcof.com.br\/blog\/","logo":{"@type":"ImageObject","inLanguage":"pt-BR","@id":"https:\/\/www.grupomedcof.com.br\/blog\/#\/schema\/logo\/image\/","url":"https:\/\/www.grupomedcof.com.br\/blog\/wp-content\/uploads\/2022\/01\/logo-medcof.png","contentUrl":"https:\/\/www.grupomedcof.com.br\/blog\/wp-content\/uploads\/2022\/01\/logo-medcof.png","width":768,"height":269,"caption":"Grupo MedCof"},"image":{"@id":"https:\/\/www.grupomedcof.com.br\/blog\/#\/schema\/logo\/image\/"},"sameAs":["https:\/\/www.facebook.com\/MedCofQbank\/","https:\/\/www.instagram.com\/grupomedcof\/","https:\/\/br.linkedin.com\/company\/medcof","https:\/\/www.youtube.com\/channel\/UCdHMuOHKICxcHwecxN8P-AA"]},{"@type":"Person","@id":"https:\/\/www.grupomedcof.com.br\/blog\/#\/schema\/person\/7a655db4c3da9796e0166bf55a9ea53a","name":"Patr\u00edcia Oliveira","image":{"@type":"ImageObject","inLanguage":"pt-BR","@id":"https:\/\/www.grupomedcof.com.br\/blog\/wp-content\/uploads\/2022\/03\/furacao-96x96.png19e0d43e5696aaa42a3bb896953b331f","url":"https:\/\/www.grupomedcof.com.br\/blog\/wp-content\/uploads\/2022\/03\/furacao-96x96.png","contentUrl":"https:\/\/www.grupomedcof.com.br\/blog\/wp-content\/uploads\/2022\/03\/furacao-96x96.png","caption":"Patr\u00edcia Oliveira"},"sameAs":["https:\/\/www.grupomedcof.com.br\/"],"url":"https:\/\/www.grupomedcof.com.br\/blog\/author\/patricia\/"}]}},"authors":[{"term_id":3612,"user_id":2,"is_guest":0,"slug":"patricia","display_name":"Patr\u00edcia Oliveira","avatar_url":"https:\/\/www.grupomedcof.com.br\/blog\/wp-content\/uploads\/2022\/03\/furacao-96x96.png","0":null,"1":"","2":"","3":"","4":"","5":"","6":"","7":"","8":""}],"_links":{"self":[{"href":"https:\/\/www.grupomedcof.com.br\/blog\/wp-json\/wp\/v2\/posts\/16070","targetHints":{"allow":["GET"]}}],"collection":[{"href":"https:\/\/www.grupomedcof.com.br\/blog\/wp-json\/wp\/v2\/posts"}],"about":[{"href":"https:\/\/www.grupomedcof.com.br\/blog\/wp-json\/wp\/v2\/types\/post"}],"author":[{"embeddable":true,"href":"https:\/\/www.grupomedcof.com.br\/blog\/wp-json\/wp\/v2\/users\/2"}],"replies":[{"embeddable":true,"href":"https:\/\/www.grupomedcof.com.br\/blog\/wp-json\/wp\/v2\/comments?post=16070"}],"version-history":[{"count":1,"href":"https:\/\/www.grupomedcof.com.br\/blog\/wp-json\/wp\/v2\/posts\/16070\/revisions"}],"predecessor-version":[{"id":35840,"href":"https:\/\/www.grupomedcof.com.br\/blog\/wp-json\/wp\/v2\/posts\/16070\/revisions\/35840"}],"wp:featuredmedia":[{"embeddable":true,"href":"https:\/\/www.grupomedcof.com.br\/blog\/wp-json\/wp\/v2\/media\/35166"}],"wp:attachment":[{"href":"https:\/\/www.grupomedcof.com.br\/blog\/wp-json\/wp\/v2\/media?parent=16070"}],"wp:term":[{"taxonomy":"category","embeddable":true,"href":"https:\/\/www.grupomedcof.com.br\/blog\/wp-json\/wp\/v2\/categories?post=16070"},{"taxonomy":"post_tag","embeddable":true,"href":"https:\/\/www.grupomedcof.com.br\/blog\/wp-json\/wp\/v2\/tags?post=16070"},{"taxonomy":"author","embeddable":true,"href":"https:\/\/www.grupomedcof.com.br\/blog\/wp-json\/wp\/v2\/ppma_author?post=16070"}],"curies":[{"name":"wp","href":"https:\/\/api.w.org\/{rel}","templated":true}]}}