{"id":16281,"date":"2023-12-01T10:25:24","date_gmt":"2023-12-01T13:25:24","guid":{"rendered":"https:\/\/www.grupomedcof.com.br\/blog\/?p=16281"},"modified":"2024-12-03T17:15:53","modified_gmt":"2024-12-03T20:15:53","slug":"apneia-da-prematuridade-voce-sabe-o-que-e","status":"publish","type":"post","link":"https:\/\/www.grupomedcof.com.br\/blog\/apneia-da-prematuridade-voce-sabe-o-que-e\/","title":{"rendered":"Apneia da prematuridade: Voc\u00ea sabe o que \u00e9?"},"content":{"rendered":"<div id=\"ez-toc-container\" class=\"ez-toc-v2_0_74 counter-hierarchy ez-toc-counter ez-toc-transparent ez-toc-container-direction\">\n<div class=\"ez-toc-title-container\">\n<p class=\"ez-toc-title\" style=\"cursor:inherit\">Sum\u00e1rio<\/p>\n<span class=\"ez-toc-title-toggle\"><a href=\"#\" class=\"ez-toc-pull-right ez-toc-btn ez-toc-btn-xs ez-toc-btn-default ez-toc-toggle\" aria-label=\"Alternar tabela de conte\u00fado\"><span class=\"ez-toc-js-icon-con\"><span class=\"\"><span class=\"eztoc-hide\" style=\"display:none;\">Toggle<\/span><span class=\"ez-toc-icon-toggle-span\"><svg style=\"fill: #999;color:#999\" xmlns=\"http:\/\/www.w3.org\/2000\/svg\" class=\"list-377408\" width=\"20px\" height=\"20px\" viewBox=\"0 0 24 24\" fill=\"none\"><path d=\"M6 6H4v2h2V6zm14 0H8v2h12V6zM4 11h2v2H4v-2zm16 0H8v2h12v-2zM4 16h2v2H4v-2zm16 0H8v2h12v-2z\" fill=\"currentColor\"><\/path><\/svg><svg style=\"fill: #999;color:#999\" class=\"arrow-unsorted-368013\" xmlns=\"http:\/\/www.w3.org\/2000\/svg\" width=\"10px\" height=\"10px\" viewBox=\"0 0 24 24\" version=\"1.2\" baseProfile=\"tiny\"><path d=\"M18.2 9.3l-6.2-6.3-6.2 6.3c-.2.2-.3.4-.3.7s.1.5.3.7c.2.2.4.3.7.3h11c.3 0 .5-.1.7-.3.2-.2.3-.5.3-.7s-.1-.5-.3-.7zM5.8 14.7l6.2 6.3 6.2-6.3c.2-.2.3-.5.3-.7s-.1-.5-.3-.7c-.2-.2-.4-.3-.7-.3h-11c-.3 0-.5.1-.7.3-.2.2-.3.5-.3.7s.1.5.3.7z\"\/><\/svg><\/span><\/span><\/span><\/a><\/span><\/div>\n<nav><ul class='ez-toc-list ez-toc-list-level-1 ' ><li class='ez-toc-page-1 ez-toc-heading-level-2'><a class=\"ez-toc-link ez-toc-heading-1\" href=\"https:\/\/www.grupomedcof.com.br\/blog\/apneia-da-prematuridade-voce-sabe-o-que-e\/#Definicao\" >Defini\u00e7\u00e3o<\/a><\/li><li class='ez-toc-page-1 ez-toc-heading-level-2'><a class=\"ez-toc-link ez-toc-heading-2\" href=\"https:\/\/www.grupomedcof.com.br\/blog\/apneia-da-prematuridade-voce-sabe-o-que-e\/#Apneia_da_prematuridade_Fisiopatologia\" >Apneia da prematuridade: Fisiopatologia<\/a><\/li><li class='ez-toc-page-1 ez-toc-heading-level-2'><a class=\"ez-toc-link ez-toc-heading-3\" href=\"https:\/\/www.grupomedcof.com.br\/blog\/apneia-da-prematuridade-voce-sabe-o-que-e\/#Fatores_Associados\" >Fatores Associados<\/a><\/li><li class='ez-toc-page-1 ez-toc-heading-level-2'><a class=\"ez-toc-link ez-toc-heading-4\" href=\"https:\/\/www.grupomedcof.com.br\/blog\/apneia-da-prematuridade-voce-sabe-o-que-e\/#Classificacao_da_apneia_da_prematuridade\" >Classifica\u00e7\u00e3o da apneia da prematuridade<\/a><\/li><li class='ez-toc-page-1 ez-toc-heading-level-2'><a class=\"ez-toc-link ez-toc-heading-5\" href=\"https:\/\/www.grupomedcof.com.br\/blog\/apneia-da-prematuridade-voce-sabe-o-que-e\/#Manifestacao_Clinica\" >Manifesta\u00e7\u00e3o Cl\u00ednica<\/a><\/li><li class='ez-toc-page-1 ez-toc-heading-level-2'><a class=\"ez-toc-link ez-toc-heading-6\" href=\"https:\/\/www.grupomedcof.com.br\/blog\/apneia-da-prematuridade-voce-sabe-o-que-e\/#Diagnostico_da_apneia_da_prematuridade\" >Diagn\u00f3stico da apneia da prematuridade<\/a><ul class='ez-toc-list-level-3' ><li class='ez-toc-heading-level-3'><a class=\"ez-toc-link ez-toc-heading-7\" href=\"https:\/\/www.grupomedcof.com.br\/blog\/apneia-da-prematuridade-voce-sabe-o-que-e\/#Diagnosticos_diferenciais\" >Diagn\u00f3sticos diferenciais<\/a><\/li><\/ul><\/li><li class='ez-toc-page-1 ez-toc-heading-level-2'><a class=\"ez-toc-link ez-toc-heading-8\" href=\"https:\/\/www.grupomedcof.com.br\/blog\/apneia-da-prematuridade-voce-sabe-o-que-e\/#Tratamento\" >Tratamento<\/a><ul class='ez-toc-list-level-3' ><li class='ez-toc-heading-level-3'><a class=\"ez-toc-link ez-toc-heading-9\" href=\"https:\/\/www.grupomedcof.com.br\/blog\/apneia-da-prematuridade-voce-sabe-o-que-e\/#Medidas_gerais\" >Medidas gerais<\/a><\/li><\/ul><\/li><li class='ez-toc-page-1 ez-toc-heading-level-2'><a class=\"ez-toc-link ez-toc-heading-10\" href=\"https:\/\/www.grupomedcof.com.br\/blog\/apneia-da-prematuridade-voce-sabe-o-que-e\/#Suporte_respiratorio\" >Suporte respirat\u00f3rio<\/a><\/li><li class='ez-toc-page-1 ez-toc-heading-level-2'><a class=\"ez-toc-link ez-toc-heading-11\" href=\"https:\/\/www.grupomedcof.com.br\/blog\/apneia-da-prematuridade-voce-sabe-o-que-e\/#Apneia_da_prematuridade_Abordagem_medicamentosa\" >Apneia da prematuridade: Abordagem medicamentosa<\/a><ul class='ez-toc-list-level-3' ><li class='ez-toc-heading-level-3'><a class=\"ez-toc-link ez-toc-heading-12\" href=\"https:\/\/www.grupomedcof.com.br\/blog\/apneia-da-prematuridade-voce-sabe-o-que-e\/#Como_administra\" >Como administra?<\/a><\/li><\/ul><\/li><li class='ez-toc-page-1 ez-toc-heading-level-2'><a class=\"ez-toc-link ez-toc-heading-13\" href=\"https:\/\/www.grupomedcof.com.br\/blog\/apneia-da-prematuridade-voce-sabe-o-que-e\/#Conquiste_a_aprovacao\" >Conquiste a aprova\u00e7\u00e3o<\/a><\/li><\/ul><\/nav><\/div>\n<img loading=\"lazy\" decoding=\"async\" width=\"800\" height=\"450\" src=\"https:\/\/www.grupomedcof.com.br\/blog\/wp-content\/uploads\/2023\/12\/Blog-MedCof-2023-12-01T094353.146-1024x576.png\" alt=\"apneia em bebe, apneia neonatal, o que \u00e9 apneia em beb\u00ea prematuro, apneia recem nascido, apneia da prematuridade sintomas, o que \u00e9 apneia da prematuridade, apneia em prematuro, apneia em recem nascido\" srcset=\"https:\/\/www.grupomedcof.com.br\/blog\/wp-content\/uploads\/2023\/12\/Blog-MedCof-2023-12-01T094353.146-1024x576.png 1024w, https:\/\/www.grupomedcof.com.br\/blog\/wp-content\/uploads\/2023\/12\/Blog-MedCof-2023-12-01T094353.146-300x169.png 300w, https:\/\/www.grupomedcof.com.br\/blog\/wp-content\/uploads\/2023\/12\/Blog-MedCof-2023-12-01T094353.146-768x432.png 768w, https:\/\/www.grupomedcof.com.br\/blog\/wp-content\/uploads\/2023\/12\/Blog-MedCof-2023-12-01T094353.146-1536x864.png 1536w, https:\/\/www.grupomedcof.com.br\/blog\/wp-content\/uploads\/2023\/12\/Blog-MedCof-2023-12-01T094353.146-2048x1152.png 2048w\" sizes=\"auto, (max-width: 800px) 100vw, 800px\" \/>\t\t\t\t\t\t\t\t\t\t\t\t\t\t\t\n\t\t<p>A prematuridade \u00e9 uma realidade que desafia os profissionais da neonatologia, por apresentarem maior risco de desenvolver dist\u00farbios respirat\u00f3rios. Dentre eles, podemos destacar a apneia da prematuridade, que vamos abordar nesse post.<br><\/p>\t\t\n\t\t\t<h4>\n\t\t\t\tSaiba mais\t\t\t<\/h4>\n\t\t<h2 id=\"h-definicao\" style=\"font-family: Poppins, sans-serif; color: #7a7a7a;\"><span class=\"ez-toc-section\" id=\"Definicao\"><\/span><strong>Defini\u00e7\u00e3o<\/strong><span class=\"ez-toc-section-end\"><\/span><\/h2>\n<p>A apneia da prematuridade \u00e9 caracterizada por epis\u00f3dios de pausa na respira\u00e7\u00e3o que duram mais de 20 segundos, ou epis\u00f3dios menores (5 a 10 seg) que se associam a bradicardia ou dessatura\u00e7\u00e3o em rec\u00e9m-nascidos prematuros (IG &lt; 37 semanas). Sendo assim, prematuros extremos, com 28 semanas, possuem risco particularmente elevado para essa condi\u00e7\u00e3o.<\/p>\t\t\n\t\t\t\t\t\t\t\t\t\t\t\t\t\t\t\t<a href=\"https:\/\/www.grupomedcof.com.br\/links-extensivos-2024\/\" target=\"_blank\" rel=\"noopener\">\n\t\t\t\t\t\t\t<img loading=\"lazy\" decoding=\"async\" width=\"800\" height=\"129\" src=\"https:\/\/www.grupomedcof.com.br\/blog\/wp-content\/uploads\/2023\/11\/Captura-de-tela-2023-11-01-091957-1024x165.png\" alt=\"cursinho para residencia, blackfriday medcof,cursinho para residencia medica , cursinho residencia medica, curso de residencia medica,\" srcset=\"https:\/\/www.grupomedcof.com.br\/blog\/wp-content\/uploads\/2023\/11\/Captura-de-tela-2023-11-01-091957-1024x165.png 1024w, https:\/\/www.grupomedcof.com.br\/blog\/wp-content\/uploads\/2023\/11\/Captura-de-tela-2023-11-01-091957-300x48.png 300w, https:\/\/www.grupomedcof.com.br\/blog\/wp-content\/uploads\/2023\/11\/Captura-de-tela-2023-11-01-091957-768x123.png 768w, https:\/\/www.grupomedcof.com.br\/blog\/wp-content\/uploads\/2023\/11\/Captura-de-tela-2023-11-01-091957-1536x247.png 1536w, https:\/\/www.grupomedcof.com.br\/blog\/wp-content\/uploads\/2023\/11\/Captura-de-tela-2023-11-01-091957.png 1655w\" sizes=\"auto, (max-width: 800px) 100vw, 800px\" \/>\t\t\t\t\t\t\t\t<\/a>\n\t\t<h2><span class=\"ez-toc-section\" id=\"Apneia_da_prematuridade_Fisiopatologia\"><\/span><strong>Apneia da prematuridade: Fisiopatologia<\/strong><span class=\"ez-toc-section-end\"><\/span><\/h2>\n<p>A fisiopatologia da apneia da prematuridade \u00e9 complexa e multifatorial. A imaturidade do sistema respirat\u00f3rio \u00e9 um fator chave, especialmente a falta de matura\u00e7\u00e3o dos centros respirat\u00f3rios no tronco cerebral.<\/p>\n<p>\u00a0<\/p>\n<p>Al\u00e9m disso, problemas relacionados \u00e0 regula\u00e7\u00e3o da press\u00e3o arterial, ajustes na concentra\u00e7\u00e3o de oxig\u00eanio, baixa sensibilidade dos quimiorreceptores a PaCO2, resposta bif\u00e1sica \u00e0 hipoxemia, tend\u00eancia \u00e0 inibi\u00e7\u00e3o pela presen\u00e7a de GABA, endorfinas e adenosina, contribuem para que essa condi\u00e7\u00e3o aconte\u00e7a.<\/p>\n<p>\u00a0<\/p>\n<p>Ademais, outro fator que corrobora para a piora do quadro \u00e9 a hiperbilirrubinemia indireta, que pode inibir o centro respirat\u00f3rio.<\/p><p><\/p>\n<h2><span class=\"ez-toc-section\" id=\"Fatores_Associados\"><\/span><strong>Fatores Associados<\/strong><span class=\"ez-toc-section-end\"><\/span><\/h2>\n<p><\/p>\n<p><\/p>\n<p>Quanto mais novo o prematuro \u00e9, mais ele te o risco de apresentar epis\u00f3dios de apneia. Entretanto, outros fatores podem ser contribuintes por dificultar a hematose, como:<\/p>\n<p><\/p>\n<p><\/p>\n<ul class=\"wp-block-list\">\n<li style=\"list-style-type: none;\">\n<ul><\/ul>\n<\/li>\n<\/ul>\n<p>\u00a0<\/p>\n<ul>\n<li style=\"list-style-type: none;\">\n<ul>\n<li>Redu\u00e7\u00e3o do t\u00f4nus da musculatura hipofar\u00edngea, que pode ser agravada com posionamento em flex\u00e3o do RN, e desencadear a apneia com o sono REM (Rapid Eyes Movement);<\/li>\n<\/ul>\n<\/li>\n<\/ul>\n<p><\/p>\n<p><\/p>\n<ul>\n<li style=\"list-style-type: none;\">\n<ul>\n<li>Obstru\u00e7\u00e3o nasal, lembre-se que RNs possuem predominantemente respira\u00e7\u00e3o nasal;<\/li>\n<\/ul>\n<\/li>\n<\/ul>\n<p><\/p>\n<p><\/p>\n<ul>\n<li style=\"list-style-type: none;\">\n<ul>\n<li>Anormalidades anat\u00f4micas: edema de laringe, disfun\u00e7\u00e3o de cordas vocais, estenose traqueal;<\/li>\n<li>Reflexos de prote\u00e7\u00e3o da via a\u00e9rea superior (frente a um fator agravante);<\/li>\n<\/ul>\n<\/li>\n<\/ul>\n<p><\/p>\n<p><\/p>\n<p><\/p><h2 style=\"font-family: Poppins, sans-serif; color: #7a7a7a;\"><span class=\"ez-toc-section\" id=\"Classificacao_da_apneia_da_prematuridade\"><\/span><strong>Classifica\u00e7\u00e3o da apneia da prematuridade<\/strong><span class=\"ez-toc-section-end\"><\/span><\/h2>\n<p>Desse modo, a classifica\u00e7\u00e3o da apneia pode ser:<\/p>\n<p>\u00a0<\/p>\n<ul style=\"font-size: 16px; background-color: #ffffff;\">\n<li style=\"list-style-type: none;\">\n<ul style=\"font-size: 16px; background-color: #ffffff;\">\n<li style=\"font-size: 16px;\">Central: Aus\u00eancia de esfor\u00e7os inspirat\u00f3rios;<\/li>\n<\/ul>\n<\/li>\n<\/ul>\n<ul style=\"font-size: 16px; background-color: #ffffff;\">\n<li style=\"list-style-type: none;\">\n<ul style=\"font-size: 16px; background-color: #ffffff;\">\n<li style=\"font-size: 16px;\">Obstrutivas: esfor\u00e7os inspirat\u00f3rios persistem, mas s\u00e3o ineficazes na presen\u00e7a de obstru\u00e7\u00e3o das vias a\u00e9reas superiores;<\/li>\n<li style=\"font-size: 16px;\">Mista: presen\u00e7a de obstru\u00e7\u00e3o adicionado a esfor\u00e7os inspirat\u00f3rios que precedem ou seguem a apneia central;<\/li>\n<\/ul>\n<\/li>\n<\/ul>\t\t\n\t\t\t\t\t\t\t\t\t\t\t\t\t\t\t\t<a href=\"https:\/\/www.grupomedcof.com.br\/blog\/qbank-medcof\/\" target=\"_blank\" rel=\"noopener\">\n\t\t\t\t\t\t\t<img loading=\"lazy\" decoding=\"async\" width=\"800\" height=\"128\" src=\"https:\/\/www.grupomedcof.com.br\/blog\/wp-content\/uploads\/2023\/07\/Blog-MedCof-2023-07-06T091657.858-1024x164.png\" alt=\"medcof qbank, medcof aulas, grupo medcof, aulas medcof, qbank, banco de questoes medcof, medcof banco de questoes\" srcset=\"https:\/\/www.grupomedcof.com.br\/blog\/wp-content\/uploads\/2023\/07\/Blog-MedCof-2023-07-06T091657.858-1024x164.png 1024w, https:\/\/www.grupomedcof.com.br\/blog\/wp-content\/uploads\/2023\/07\/Blog-MedCof-2023-07-06T091657.858-300x48.png 300w, https:\/\/www.grupomedcof.com.br\/blog\/wp-content\/uploads\/2023\/07\/Blog-MedCof-2023-07-06T091657.858-768x123.png 768w, https:\/\/www.grupomedcof.com.br\/blog\/wp-content\/uploads\/2023\/07\/Blog-MedCof-2023-07-06T091657.858-1536x246.png 1536w, https:\/\/www.grupomedcof.com.br\/blog\/wp-content\/uploads\/2023\/07\/Blog-MedCof-2023-07-06T091657.858-2048x327.png 2048w\" sizes=\"auto, (max-width: 800px) 100vw, 800px\" \/>\t\t\t\t\t\t\t\t<\/a>\n\t\t<h2 style=\"font-family: Poppins, sans-serif; color: #7a7a7a;\"><span class=\"ez-toc-section\" id=\"Manifestacao_Clinica\"><\/span><strong>Manifesta\u00e7\u00e3o Cl\u00ednica<\/strong><span class=\"ez-toc-section-end\"><\/span><\/h2>\n<p>Os sinais cl\u00ednicos da apneia da prematuridade podem variar de epis\u00f3dios\u00a0leves a graves,\u00a0afetando o bem-estar geral do rec\u00e9m-nascido.<\/p>\n<p>\u00a0<\/p>\n<p>Geralmente esses epis\u00f3dios ocorrem do\u00a0segundo ao terceiro dia de vida, em prematuros que est\u00e3o em suporte ventilat\u00f3rio ou n\u00e3o, e ocorre a resolu\u00e7\u00e3o por volta das 37 semanas de vida, na maioria dos casos, exceto em prematuros extremos, que o quadro pode prolongar mais (como 43 semanas de idade corrigida).<\/p>\n<p>\u00a0<\/p>\n<p>Al\u00e9m das pausas na respira\u00e7\u00e3o, podem ocorrer\u00a0bradicardia e cianose.<\/p>\n<p>\u00a0<\/p>\n<p>Ademais, beb\u00eas prematuros afetados por essa condi\u00e7\u00e3o tamb\u00e9m podem ter\u00a0dificuldade na alimenta\u00e7\u00e3o, ganho de peso insuficiente\u00a0e\u00a0problemas de desenvolvimento neuromotor.<\/p><h2 style=\"font-family: Poppins, sans-serif; color: #7a7a7a;\"><span class=\"ez-toc-section\" id=\"Diagnostico_da_apneia_da_prematuridade\"><\/span><strong>Diagn\u00f3stico da apneia da prematuridade<\/strong><span class=\"ez-toc-section-end\"><\/span><\/h2>\n<p>O diagn\u00f3stico da apneia da prematuridade envolve a identifica\u00e7\u00e3o de epis\u00f3dios de pausas respirat\u00f3rias e sintomas associados. Para isso, a\u00a0monitoriza\u00e7\u00e3o cont\u00ednua\u00a0e\u00a0observa\u00e7\u00e3o cl\u00ednica\u00a0s\u00e3o fundamentais.<\/p>\n<p>\u00a0<\/p>\n<h3 style=\"font-family: Poppins, sans-serif; color: #7a7a7a;\"><span class=\"ez-toc-section\" id=\"Diagnosticos_diferenciais\"><\/span><strong>Diagn\u00f3sticos diferenciais<\/strong><span class=\"ez-toc-section-end\"><\/span><\/h3>\n<p>Alguns exames e testes podem e devem ser realizados para diferenciar a apneia da prematuridade com outras causa de apneia como asfixia perinatal, sepse, hipoglicemia, desordens neurol\u00f3gicas, anomalia cong\u00eanita de vias a\u00e9reas, exposi\u00e7\u00e3o neonatal a drogas supressoras, como opi\u00f3ides entre outras causas.<\/p><h2 style=\"font-family: Poppins, sans-serif; color: #7a7a7a;\"><span class=\"ez-toc-section\" id=\"Tratamento\"><\/span><strong>Tratamento<\/strong><span class=\"ez-toc-section-end\"><\/span><\/h2>\n<h3 style=\"font-family: Poppins, sans-serif; color: #7a7a7a;\"><span class=\"ez-toc-section\" id=\"Medidas_gerais\"><\/span><strong>Medidas gerais<\/strong><span class=\"ez-toc-section-end\"><\/span><\/h3>\n<p>Desse modo, s\u00e3o medidas institu\u00eddas para diminuir o risco de apneia, como:<\/p>\n<p>\u00a0<\/p>\n<ul style=\"font-size: 16px; background-color: #ffffff;\">\n<li style=\"list-style-type: none;\">\n<ul style=\"font-size: 16px; background-color: #ffffff;\">\n<li style=\"font-size: 16px;\">Controle de temperatura;<\/li>\n<\/ul>\n<\/li>\n<\/ul>\n<ul style=\"font-size: 16px; background-color: #ffffff;\">\n<li style=\"list-style-type: none;\">\n<ul style=\"font-size: 16px; background-color: #ffffff;\">\n<li style=\"font-size: 16px;\">Postura do RN: evitar hiperflex\u00e3o ou extens\u00e3o cervical;<\/li>\n<\/ul>\n<\/li>\n<\/ul>\n<ul style=\"font-size: 16px; background-color: #ffffff;\">\n<li style=\"list-style-type: none;\">\n<ul style=\"font-size: 16px; background-color: #ffffff;\">\n<li style=\"font-size: 16px;\">Manter permeabilidade de vias a\u00e9reas;<\/li>\n<\/ul>\n<\/li>\n<\/ul>\n<ul style=\"font-size: 16px; background-color: #ffffff;\">\n<li style=\"list-style-type: none;\">\n<ul style=\"font-size: 16px; background-color: #ffffff;\">\n<li style=\"font-size: 16px;\">Suplementar O2 visando manter a satura\u00e7\u00e3o entre 90 e 95%;<\/li>\n<\/ul>\n<\/li>\n<\/ul>\n<p>\u00a0<\/p>\n<ul style=\"font-size: 16px; background-color: #ffffff;\">\n<li style=\"font-size: 16px;\">Monitoriza\u00e7\u00e3o ativa dos sinais vitais, especialmente em RNs com idade gestacional &lt; 35 semanas;<\/li>\n<\/ul><h2 style=\"font-family: Poppins, sans-serif; color: #7a7a7a;\"><span class=\"ez-toc-section\" id=\"Suporte_respiratorio\"><\/span><strong>Suporte respirat\u00f3rio<\/strong><span class=\"ez-toc-section-end\"><\/span><\/h2>\n<p>A utiliza\u00e7\u00e3o do\u00a0CPAP\u00a0(\u201cPress\u00e3o Positiva Cont\u00ednua nas Vias A\u00e9reas\u201d), pode ocorrer para suporte ventilat\u00f3rio e manter uma respira\u00e7\u00e3o efetivas em RNs que apresentam apneia, especialmente se s\u00e3o acompanhados de epis\u00f3dios de cianose e bradicardia.<\/p>\n<p>\u00a0<\/p>\n<p>Outras op\u00e7\u00f5es que podem ser utilizadas, entretanto, com menos efic\u00e1cia que o CPAP como a c\u00e2nula de alto fluxo, c\u00e2nula de baixo fluxo e ventila\u00e7\u00e3o nasal intermitente.<\/p>\n<p>\u00a0<\/p>\n<p>Alguns prematuros mesmo com as medidas ventilat\u00f3rias do CPAP e uso da cafe\u00edna, mant\u00e9m apn\u00e9ia clinicamente significativa, sendo, portanto uma indica\u00e7\u00e3o para\u00a0intuba\u00e7\u00e3o orotraqueal\u00a0e\u00a0ventila\u00e7\u00e3o mec\u00e2nica invasiva.<\/p>\t\t\n\t\t\t\t\t\t\t\t\t\t\t\t\t\t\t\t<a href=\"https:\/\/www.grupomedcof.com.br\/hiit-target-2023-links\/\" target=\"_blank\" rel=\"noopener\">\n\t\t\t\t\t\t\t<img loading=\"lazy\" decoding=\"async\" width=\"800\" height=\"139\" src=\"https:\/\/www.grupomedcof.com.br\/blog\/wp-content\/uploads\/2023\/09\/Blog-MedCof-22-1024x178.png\" alt=\"medcof, medcof qbank, qbank medcof, medcof aulas, grupo medcof,\" srcset=\"https:\/\/www.grupomedcof.com.br\/blog\/wp-content\/uploads\/2023\/09\/Blog-MedCof-22-1024x178.png 1024w, https:\/\/www.grupomedcof.com.br\/blog\/wp-content\/uploads\/2023\/09\/Blog-MedCof-22-300x52.png 300w, https:\/\/www.grupomedcof.com.br\/blog\/wp-content\/uploads\/2023\/09\/Blog-MedCof-22-768x134.png 768w, https:\/\/www.grupomedcof.com.br\/blog\/wp-content\/uploads\/2023\/09\/Blog-MedCof-22-1536x267.png 1536w, https:\/\/www.grupomedcof.com.br\/blog\/wp-content\/uploads\/2023\/09\/Blog-MedCof-22-2048x356.png 2048w\" sizes=\"auto, (max-width: 800px) 100vw, 800px\" \/>\t\t\t\t\t\t\t\t<\/a>\n\t\t<h2 style=\"font-family: Poppins, sans-serif; color: #7a7a7a;\"><span class=\"ez-toc-section\" id=\"Apneia_da_prematuridade_Abordagem_medicamentosa\"><\/span><strong>Apneia da prematuridade: Abordagem medicamentosa<\/strong><span class=\"ez-toc-section-end\"><\/span><\/h2>\n<p>As principais medica\u00e7\u00f5es utilizadas para conuzir os casos da apeia da prematuridade s\u00e3o a\u00a0Cafe\u00edna e a Teofilina,\u00a0metilxantinas que atuam estimulando as vias neurais da mec\u00e2nica respirat\u00f3ria.<\/p>\n<p>\u00a0<\/p>\n<p>A\u00a0CAFE\u00cdNA\u00a0geralmente tem prefer\u00eancia por possuir uma meia vida maior (65-100h), maior seguran\u00e7a e menor riscos de efeitos adversos.<\/p>\n<p>\u00a0<\/p>\n<p>Dessa forma, as\u00a0indica\u00e7\u00f5es\u00a0do uso da cafe\u00edna s\u00e3o:<\/p>\n<p>\u00a0<\/p>\n<ul style=\"font-size: 16px; background-color: #ffffff;\">\n<li style=\"list-style-type: none;\">\n<ul style=\"font-size: 16px; background-color: #ffffff;\">\n<li style=\"font-size: 16px;\">Lactentes com epis\u00f3dios frequentes de apn\u00e9ia documentados, prolongados ou associados a bradicardia e\/ou dessatura\u00e7\u00e3o de oxig\u00eanio;<\/li>\n<\/ul>\n<\/li>\n<\/ul>\n<p>\u00a0<\/p>\n<ul style=\"font-size: 16px; background-color: #ffffff;\">\n<li style=\"list-style-type: none;\">\n<ul style=\"font-size: 16px; background-color: #ffffff;\">\n<li style=\"font-size: 16px;\">Lactentes com crises de apn\u00e9ia que requerem interven\u00e7\u00e3o com bolsa e m\u00e1scara de ventila\u00e7\u00e3o ou m\u00faltiplos epis\u00f3dios de estimula\u00e7\u00e3o t\u00e1til;<\/li>\n<\/ul>\n<\/li>\n<\/ul>\n<p>\u00a0<\/p>\n<ul style=\"font-size: 16px; background-color: #ffffff;\">\n<li style=\"list-style-type: none;\">\n<ul style=\"font-size: 16px; background-color: #ffffff;\">\n<li style=\"font-size: 16px;\">Profilaxia de apneia em RNs prematuros extremos (&lt; 28 semanas), geralmente realizada at\u00e9 o terceiro dia de vida;<\/li>\n<\/ul>\n<\/li>\n<\/ul>\n<p>\u00a0<\/p>\n<ul style=\"font-size: 16px; background-color: #ffffff;\">\n<li style=\"font-size: 16px;\">Para facilitar extuba\u00e7\u00e3o de prematuros extremos;<\/li>\n<\/ul><h3 id=\"h-como-administra\" style=\"font-family: Poppins, sans-serif; color: rgb(122, 122, 122);\"><span class=\"ez-toc-section\" id=\"Como_administra\"><\/span>Como administra?<span class=\"ez-toc-section-end\"><\/span><\/h3><p><\/p><p><\/p><p>A administra\u00e7\u00e3o da cafe\u00edna divide-se em duas etapas, a primeira consiste em uma&nbsp;dose \u00fanica de ataque,&nbsp;seguida de uma&nbsp;dose de manuten\u00e7\u00e3o a cada 24 horas, iniciando ap\u00f3s 24h da dose de ataque,&nbsp;at\u00e9 a finaliza\u00e7\u00e3o do tratamento. Lembrando que administra\u00e7\u00e3o ocorre por via endovenosa.<\/p><p><\/p><p><\/p><figure><table style=\"width: 800px;\"><thead><tr><th style=\"border-top-color: rgba(128, 128, 128, 0.5);\">Solu\u00e7\u00e3o aquosa de citrato de cafe\u00edna (20 mg\/ml)<\/th><th style=\"border-top-color: rgba(128, 128, 128, 0.5);\">Dose de Citrato de cafe\u00edna (Volume)<\/th><th style=\"border-top-color: rgba(128, 128, 128, 0.5);\">Dose de Citrato de cafe\u00edna (mg\/kg de peso)<\/th><th style=\"border-top-color: rgba(128, 128, 128, 0.5);\">Infus\u00e3o<\/th><\/tr><\/thead><tbody><tr><td style=\"background-color: rgba(128, 128, 128, 0.07);\">Dose de ataque<\/td><td style=\"background-color: rgba(128, 128, 128, 0.07);\">1 ml\/kg de peso corporal<\/td><td style=\"background-color: rgba(128, 128, 128, 0.07);\">20 mg\/kg de peso corporal<\/td><td style=\"background-color: rgba(128, 128, 128, 0.07);\">Durante 30 minutos<\/td><\/tr><tr><td>Dose de manuten\u00e7\u00e3o<\/td><td>0,25 ml\/kg de peso corporal<\/td><td>5 mg\/kg de peso corporal<\/td><td>Durante 10 minutos<\/td><\/tr><\/tbody><\/table><\/figure><p>O diagn\u00f3stico e tratamento da apneia da prematuridade t\u00eam evolu\u00eddo significativamente, gra\u00e7as aos avan\u00e7os na compreens\u00e3o da fisiopatologia e ao desenvolvimento de abordagens terap\u00eauticas mais eficazes.<\/p>\n<p>\u00a0<\/p>\n<p>A implementa\u00e7\u00e3o de estrat\u00e9gias como o uso da cafe\u00edna e a abordagem personalizada baseada nas necessidades do beb\u00ea contribuem para uma melhoria nos resultados de sa\u00fade e no bem-estar dos rec\u00e9m-nascidos prematuros.<\/p><h2 style=\"font-family: Poppins, sans-serif; color: rgb(122, 122, 122);\"><span class=\"ez-toc-section\" id=\"Conquiste_a_aprovacao\"><\/span>Conquiste a aprova\u00e7\u00e3o<span class=\"ez-toc-section-end\"><\/span><\/h2><p><\/p><p><\/p><p>As provas de resid\u00eancia m\u00e9dica j\u00e1 come\u00e7aram! Se voc\u00ea quer garantir a sua aprova\u00e7\u00e3o nesta resta final, ent\u00e3o conhe\u00e7a o Grupo MedCof e a metodologia que j\u00e1 aprovou<a href=\"https:\/\/www.grupomedcof.com.br\/blog\/presenca-da-medcof-nas-aprovacoes-em-residencia-medica-no-brasil\/\" target=\"_blank\" rel=\"noreferrer noopener\">&nbsp;mais de 10 mil residentes&nbsp;<\/a>pelo pa\u00eds. Por fim, voc\u00ea pode acessar o nosso<a href=\"https:\/\/www.youtube.com\/@GrupoMedcof\/featured\" target=\"_blank\" rel=\"noreferrer noopener\">&nbsp;canal do youtube&nbsp;<\/a>e ver o nosso material de revis\u00e3o e corre\u00e7\u00e3o.<\/p>","protected":false},"excerpt":{"rendered":"<p>A apneia da prematuridade \u00e9 caracterizada por epis\u00f3dios de pausa na respira\u00e7\u00e3o que duram mais de 20 segundos, ou epis\u00f3dios menores&#8230;<\/p>\n","protected":false},"author":10,"featured_media":16283,"comment_status":"open","ping_status":"open","sticky":false,"template":"","format":"standard","meta":{"footnotes":""},"categories":[120],"tags":[109,108],"ppma_author":[3613],"class_list":{"0":"post-16281","1":"post","2":"type-post","3":"status-publish","4":"format-standard","5":"has-post-thumbnail","7":"category-pediatria","8":"tag-pediatria","9":"tag-residencia-em-pediatria"},"yoast_head":"<!-- This site is optimized with the Yoast SEO Premium plugin v24.3 (Yoast SEO v27.4) - https:\/\/yoast.com\/product\/yoast-seo-premium-wordpress\/ -->\n<title>Apneia da prematuridade: Voc\u00ea sabe o que \u00e9? - Blog de Medcof: conte\u00fados, editais, revalida e mais!<\/title>\n<meta name=\"description\" content=\"A apneia da prematuridade \u00e9 caracterizada por epis\u00f3dios de pausa na respira\u00e7\u00e3o que duram mais de 20 segundos, ou epis\u00f3dios menores...\" \/>\n<meta name=\"robots\" content=\"index, follow, max-snippet:-1, max-image-preview:large, max-video-preview:-1\" \/>\n<link rel=\"canonical\" href=\"https:\/\/www.grupomedcof.com.br\/blog\/apneia-da-prematuridade-voce-sabe-o-que-e\/\" \/>\n<meta property=\"og:locale\" content=\"pt_BR\" \/>\n<meta property=\"og:type\" content=\"article\" \/>\n<meta property=\"og:title\" content=\"Apneia da prematuridade: Voc\u00ea sabe o que \u00e9?\" \/>\n<meta property=\"og:description\" content=\"A apneia da prematuridade \u00e9 caracterizada por epis\u00f3dios de pausa na respira\u00e7\u00e3o que duram mais de 20 segundos, ou epis\u00f3dios menores...\" \/>\n<meta property=\"og:url\" content=\"https:\/\/www.grupomedcof.com.br\/blog\/apneia-da-prematuridade-voce-sabe-o-que-e\/\" \/>\n<meta property=\"og:site_name\" content=\"Blog de Medcof: conte\u00fados, editais, revalida e mais!\" \/>\n<meta property=\"article:publisher\" content=\"https:\/\/www.facebook.com\/MedCofQbank\/\" \/>\n<meta property=\"article:published_time\" content=\"2023-12-01T13:25:24+00:00\" \/>\n<meta property=\"article:modified_time\" content=\"2024-12-03T20:15:53+00:00\" \/>\n<meta property=\"og:image\" content=\"https:\/\/www.grupomedcof.com.br\/blog\/wp-content\/uploads\/2023\/12\/Blog-MedCof-2023-12-01T094230.272-1024x576.png\" \/>\n\t<meta property=\"og:image:width\" content=\"1024\" \/>\n\t<meta property=\"og:image:height\" content=\"576\" \/>\n\t<meta property=\"og:image:type\" content=\"image\/png\" \/>\n<meta name=\"author\" content=\"Grupo MedCof\" \/>\n<meta name=\"twitter:card\" content=\"summary_large_image\" \/>\n<meta name=\"twitter:label1\" content=\"Escrito por\" \/>\n\t<meta name=\"twitter:data1\" content=\"Grupo MedCof\" \/>\n\t<meta name=\"twitter:label2\" content=\"Est. tempo de leitura\" \/>\n\t<meta name=\"twitter:data2\" content=\"9 minutos\" \/>\n<script type=\"application\/ld+json\" class=\"yoast-schema-graph\">{\"@context\":\"https:\\\/\\\/schema.org\",\"@graph\":[{\"@type\":\"Article\",\"@id\":\"https:\\\/\\\/www.grupomedcof.com.br\\\/blog\\\/apneia-da-prematuridade-voce-sabe-o-que-e\\\/#article\",\"isPartOf\":{\"@id\":\"https:\\\/\\\/www.grupomedcof.com.br\\\/blog\\\/apneia-da-prematuridade-voce-sabe-o-que-e\\\/\"},\"author\":{\"name\":\"Grupo MedCof\",\"@id\":\"https:\\\/\\\/www.grupomedcof.com.br\\\/blog\\\/#\\\/schema\\\/person\\\/5e56a3921255c01181f3d8c20d53f9c0\"},\"headline\":\"Apneia da prematuridade: Voc\u00ea sabe o que \u00e9?\",\"datePublished\":\"2023-12-01T13:25:24+00:00\",\"dateModified\":\"2024-12-03T20:15:53+00:00\",\"mainEntityOfPage\":{\"@id\":\"https:\\\/\\\/www.grupomedcof.com.br\\\/blog\\\/apneia-da-prematuridade-voce-sabe-o-que-e\\\/\"},\"wordCount\":1149,\"commentCount\":0,\"publisher\":{\"@id\":\"https:\\\/\\\/www.grupomedcof.com.br\\\/blog\\\/#organization\"},\"image\":{\"@id\":\"https:\\\/\\\/www.grupomedcof.com.br\\\/blog\\\/apneia-da-prematuridade-voce-sabe-o-que-e\\\/#primaryimage\"},\"thumbnailUrl\":\"https:\\\/\\\/www.grupomedcof.com.br\\\/blog\\\/wp-content\\\/uploads\\\/2023\\\/12\\\/Blog-MedCof-2023-12-01T094230.272.png\",\"keywords\":[\"Pediatria\",\"Resid\u00eancia em Pediatria\"],\"articleSection\":[\"Pediatria\"],\"inLanguage\":\"pt-BR\"},{\"@type\":\"WebPage\",\"@id\":\"https:\\\/\\\/www.grupomedcof.com.br\\\/blog\\\/apneia-da-prematuridade-voce-sabe-o-que-e\\\/\",\"url\":\"https:\\\/\\\/www.grupomedcof.com.br\\\/blog\\\/apneia-da-prematuridade-voce-sabe-o-que-e\\\/\",\"name\":\"Apneia da prematuridade: Voc\u00ea sabe o que \u00e9? - Blog de Medcof: conte\u00fados, editais, revalida e mais!\",\"isPartOf\":{\"@id\":\"https:\\\/\\\/www.grupomedcof.com.br\\\/blog\\\/#website\"},\"primaryImageOfPage\":{\"@id\":\"https:\\\/\\\/www.grupomedcof.com.br\\\/blog\\\/apneia-da-prematuridade-voce-sabe-o-que-e\\\/#primaryimage\"},\"image\":{\"@id\":\"https:\\\/\\\/www.grupomedcof.com.br\\\/blog\\\/apneia-da-prematuridade-voce-sabe-o-que-e\\\/#primaryimage\"},\"thumbnailUrl\":\"https:\\\/\\\/www.grupomedcof.com.br\\\/blog\\\/wp-content\\\/uploads\\\/2023\\\/12\\\/Blog-MedCof-2023-12-01T094230.272.png\",\"datePublished\":\"2023-12-01T13:25:24+00:00\",\"dateModified\":\"2024-12-03T20:15:53+00:00\",\"description\":\"A apneia da prematuridade \u00e9 caracterizada por epis\u00f3dios de pausa na respira\u00e7\u00e3o que duram mais de 20 segundos, ou epis\u00f3dios menores...\",\"breadcrumb\":{\"@id\":\"https:\\\/\\\/www.grupomedcof.com.br\\\/blog\\\/apneia-da-prematuridade-voce-sabe-o-que-e\\\/#breadcrumb\"},\"inLanguage\":\"pt-BR\",\"potentialAction\":[{\"@type\":\"ReadAction\",\"target\":[\"https:\\\/\\\/www.grupomedcof.com.br\\\/blog\\\/apneia-da-prematuridade-voce-sabe-o-que-e\\\/\"]}]},{\"@type\":\"ImageObject\",\"inLanguage\":\"pt-BR\",\"@id\":\"https:\\\/\\\/www.grupomedcof.com.br\\\/blog\\\/apneia-da-prematuridade-voce-sabe-o-que-e\\\/#primaryimage\",\"url\":\"https:\\\/\\\/www.grupomedcof.com.br\\\/blog\\\/wp-content\\\/uploads\\\/2023\\\/12\\\/Blog-MedCof-2023-12-01T094230.272.png\",\"contentUrl\":\"https:\\\/\\\/www.grupomedcof.com.br\\\/blog\\\/wp-content\\\/uploads\\\/2023\\\/12\\\/Blog-MedCof-2023-12-01T094230.272.png\",\"width\":2560,\"height\":1440,\"caption\":\"A apneia da prematuridade \u00e9 caracterizada por epis\u00f3dios de pausa na respira\u00e7\u00e3o que duram mais de 20 segundos, ou epis\u00f3dios menores...\"},{\"@type\":\"BreadcrumbList\",\"@id\":\"https:\\\/\\\/www.grupomedcof.com.br\\\/blog\\\/apneia-da-prematuridade-voce-sabe-o-que-e\\\/#breadcrumb\",\"itemListElement\":[{\"@type\":\"ListItem\",\"position\":1,\"name\":\"In\u00edcio\",\"item\":\"https:\\\/\\\/www.grupomedcof.com.br\\\/blog\\\/\"},{\"@type\":\"ListItem\",\"position\":2,\"name\":\"Apneia da prematuridade: Voc\u00ea sabe o que \u00e9?\"}]},{\"@type\":\"WebSite\",\"@id\":\"https:\\\/\\\/www.grupomedcof.com.br\\\/blog\\\/#website\",\"url\":\"https:\\\/\\\/www.grupomedcof.com.br\\\/blog\\\/\",\"name\":\"Blog de Medcof: conte\u00fados, editais, revalida e mais!\",\"description\":\"Acesso o blog de MedCof! Seu portal de conte\u00fados sobre resid\u00eancia m\u00e9dica, an\u00e1lise e editais e muito mais. Clique e confira!\",\"publisher\":{\"@id\":\"https:\\\/\\\/www.grupomedcof.com.br\\\/blog\\\/#organization\"},\"alternateName\":\"Blog de Medcof: conte\u00fados, editais, revalida e mais!\",\"potentialAction\":[{\"@type\":\"SearchAction\",\"target\":{\"@type\":\"EntryPoint\",\"urlTemplate\":\"https:\\\/\\\/www.grupomedcof.com.br\\\/blog\\\/?s={search_term_string}\"},\"query-input\":{\"@type\":\"PropertyValueSpecification\",\"valueRequired\":true,\"valueName\":\"search_term_string\"}}],\"inLanguage\":\"pt-BR\"},{\"@type\":\"Organization\",\"@id\":\"https:\\\/\\\/www.grupomedcof.com.br\\\/blog\\\/#organization\",\"name\":\"Grupo MedCof\",\"url\":\"https:\\\/\\\/www.grupomedcof.com.br\\\/blog\\\/\",\"logo\":{\"@type\":\"ImageObject\",\"inLanguage\":\"pt-BR\",\"@id\":\"https:\\\/\\\/www.grupomedcof.com.br\\\/blog\\\/#\\\/schema\\\/logo\\\/image\\\/\",\"url\":\"https:\\\/\\\/www.grupomedcof.com.br\\\/blog\\\/wp-content\\\/uploads\\\/2022\\\/01\\\/logo-medcof.png\",\"contentUrl\":\"https:\\\/\\\/www.grupomedcof.com.br\\\/blog\\\/wp-content\\\/uploads\\\/2022\\\/01\\\/logo-medcof.png\",\"width\":768,\"height\":269,\"caption\":\"Grupo MedCof\"},\"image\":{\"@id\":\"https:\\\/\\\/www.grupomedcof.com.br\\\/blog\\\/#\\\/schema\\\/logo\\\/image\\\/\"},\"sameAs\":[\"https:\\\/\\\/www.facebook.com\\\/MedCofQbank\\\/\",\"https:\\\/\\\/www.instagram.com\\\/grupomedcof\\\/\",\"https:\\\/\\\/br.linkedin.com\\\/company\\\/medcof\",\"https:\\\/\\\/www.youtube.com\\\/channel\\\/UCdHMuOHKICxcHwecxN8P-AA\"]},{\"@type\":\"Person\",\"@id\":\"https:\\\/\\\/www.grupomedcof.com.br\\\/blog\\\/#\\\/schema\\\/person\\\/5e56a3921255c01181f3d8c20d53f9c0\",\"name\":\"Grupo MedCof\",\"image\":{\"@type\":\"ImageObject\",\"inLanguage\":\"pt-BR\",\"@id\":\"https:\\\/\\\/www.grupomedcof.com.br\\\/blog\\\/wp-content\\\/uploads\\\/2023\\\/04\\\/cropped-cropped-cropped-cropped-logo-96x96.png28585d174f19c23095510da5f63bc127\",\"url\":\"https:\\\/\\\/www.grupomedcof.com.br\\\/blog\\\/wp-content\\\/uploads\\\/2023\\\/04\\\/cropped-cropped-cropped-cropped-logo-96x96.png\",\"contentUrl\":\"https:\\\/\\\/www.grupomedcof.com.br\\\/blog\\\/wp-content\\\/uploads\\\/2023\\\/04\\\/cropped-cropped-cropped-cropped-logo-96x96.png\",\"caption\":\"Grupo MedCof\"},\"description\":\"Tendo aulas baseadas em quest\u00f5es, + de 115 subespecialistas dispon\u00edveis e uma metodologia \u00fanica, voc\u00ea pode se juntar ao nosso time que conta com mais de 10 mil ...\",\"url\":\"https:\\\/\\\/www.grupomedcof.com.br\\\/blog\\\/author\\\/grupo-medcof\\\/\"}]}<\/script>\n<!-- \/ Yoast SEO Premium plugin. -->","yoast_head_json":{"title":"Apneia da prematuridade: Voc\u00ea sabe o que \u00e9? - Blog de Medcof: conte\u00fados, editais, revalida e mais!","description":"A apneia da prematuridade \u00e9 caracterizada por epis\u00f3dios de pausa na respira\u00e7\u00e3o que duram mais de 20 segundos, ou epis\u00f3dios menores...","robots":{"index":"index","follow":"follow","max-snippet":"max-snippet:-1","max-image-preview":"max-image-preview:large","max-video-preview":"max-video-preview:-1"},"canonical":"https:\/\/www.grupomedcof.com.br\/blog\/apneia-da-prematuridade-voce-sabe-o-que-e\/","og_locale":"pt_BR","og_type":"article","og_title":"Apneia da prematuridade: Voc\u00ea sabe o que \u00e9?","og_description":"A apneia da prematuridade \u00e9 caracterizada por epis\u00f3dios de pausa na respira\u00e7\u00e3o que duram mais de 20 segundos, ou epis\u00f3dios menores...","og_url":"https:\/\/www.grupomedcof.com.br\/blog\/apneia-da-prematuridade-voce-sabe-o-que-e\/","og_site_name":"Blog de Medcof: conte\u00fados, editais, revalida e mais!","article_publisher":"https:\/\/www.facebook.com\/MedCofQbank\/","article_published_time":"2023-12-01T13:25:24+00:00","article_modified_time":"2024-12-03T20:15:53+00:00","og_image":[{"width":1024,"height":576,"url":"https:\/\/www.grupomedcof.com.br\/blog\/wp-content\/uploads\/2023\/12\/Blog-MedCof-2023-12-01T094230.272-1024x576.png","type":"image\/png"}],"author":"Grupo MedCof","twitter_card":"summary_large_image","twitter_misc":{"Escrito por":"Grupo MedCof","Est. tempo de leitura":"9 minutos"},"schema":{"@context":"https:\/\/schema.org","@graph":[{"@type":"Article","@id":"https:\/\/www.grupomedcof.com.br\/blog\/apneia-da-prematuridade-voce-sabe-o-que-e\/#article","isPartOf":{"@id":"https:\/\/www.grupomedcof.com.br\/blog\/apneia-da-prematuridade-voce-sabe-o-que-e\/"},"author":{"name":"Grupo MedCof","@id":"https:\/\/www.grupomedcof.com.br\/blog\/#\/schema\/person\/5e56a3921255c01181f3d8c20d53f9c0"},"headline":"Apneia da prematuridade: Voc\u00ea sabe o que \u00e9?","datePublished":"2023-12-01T13:25:24+00:00","dateModified":"2024-12-03T20:15:53+00:00","mainEntityOfPage":{"@id":"https:\/\/www.grupomedcof.com.br\/blog\/apneia-da-prematuridade-voce-sabe-o-que-e\/"},"wordCount":1149,"commentCount":0,"publisher":{"@id":"https:\/\/www.grupomedcof.com.br\/blog\/#organization"},"image":{"@id":"https:\/\/www.grupomedcof.com.br\/blog\/apneia-da-prematuridade-voce-sabe-o-que-e\/#primaryimage"},"thumbnailUrl":"https:\/\/www.grupomedcof.com.br\/blog\/wp-content\/uploads\/2023\/12\/Blog-MedCof-2023-12-01T094230.272.png","keywords":["Pediatria","Resid\u00eancia em Pediatria"],"articleSection":["Pediatria"],"inLanguage":"pt-BR"},{"@type":"WebPage","@id":"https:\/\/www.grupomedcof.com.br\/blog\/apneia-da-prematuridade-voce-sabe-o-que-e\/","url":"https:\/\/www.grupomedcof.com.br\/blog\/apneia-da-prematuridade-voce-sabe-o-que-e\/","name":"Apneia da prematuridade: Voc\u00ea sabe o que \u00e9? - Blog de Medcof: conte\u00fados, editais, revalida e mais!","isPartOf":{"@id":"https:\/\/www.grupomedcof.com.br\/blog\/#website"},"primaryImageOfPage":{"@id":"https:\/\/www.grupomedcof.com.br\/blog\/apneia-da-prematuridade-voce-sabe-o-que-e\/#primaryimage"},"image":{"@id":"https:\/\/www.grupomedcof.com.br\/blog\/apneia-da-prematuridade-voce-sabe-o-que-e\/#primaryimage"},"thumbnailUrl":"https:\/\/www.grupomedcof.com.br\/blog\/wp-content\/uploads\/2023\/12\/Blog-MedCof-2023-12-01T094230.272.png","datePublished":"2023-12-01T13:25:24+00:00","dateModified":"2024-12-03T20:15:53+00:00","description":"A apneia da prematuridade \u00e9 caracterizada por epis\u00f3dios de pausa na respira\u00e7\u00e3o que duram mais de 20 segundos, ou epis\u00f3dios menores...","breadcrumb":{"@id":"https:\/\/www.grupomedcof.com.br\/blog\/apneia-da-prematuridade-voce-sabe-o-que-e\/#breadcrumb"},"inLanguage":"pt-BR","potentialAction":[{"@type":"ReadAction","target":["https:\/\/www.grupomedcof.com.br\/blog\/apneia-da-prematuridade-voce-sabe-o-que-e\/"]}]},{"@type":"ImageObject","inLanguage":"pt-BR","@id":"https:\/\/www.grupomedcof.com.br\/blog\/apneia-da-prematuridade-voce-sabe-o-que-e\/#primaryimage","url":"https:\/\/www.grupomedcof.com.br\/blog\/wp-content\/uploads\/2023\/12\/Blog-MedCof-2023-12-01T094230.272.png","contentUrl":"https:\/\/www.grupomedcof.com.br\/blog\/wp-content\/uploads\/2023\/12\/Blog-MedCof-2023-12-01T094230.272.png","width":2560,"height":1440,"caption":"A apneia da prematuridade \u00e9 caracterizada por epis\u00f3dios de pausa na respira\u00e7\u00e3o que duram mais de 20 segundos, ou epis\u00f3dios menores..."},{"@type":"BreadcrumbList","@id":"https:\/\/www.grupomedcof.com.br\/blog\/apneia-da-prematuridade-voce-sabe-o-que-e\/#breadcrumb","itemListElement":[{"@type":"ListItem","position":1,"name":"In\u00edcio","item":"https:\/\/www.grupomedcof.com.br\/blog\/"},{"@type":"ListItem","position":2,"name":"Apneia da prematuridade: Voc\u00ea sabe o que \u00e9?"}]},{"@type":"WebSite","@id":"https:\/\/www.grupomedcof.com.br\/blog\/#website","url":"https:\/\/www.grupomedcof.com.br\/blog\/","name":"Blog de Medcof: conte\u00fados, editais, revalida e mais!","description":"Acesso o blog de MedCof! Seu portal de conte\u00fados sobre resid\u00eancia m\u00e9dica, an\u00e1lise e editais e muito mais. Clique e confira!","publisher":{"@id":"https:\/\/www.grupomedcof.com.br\/blog\/#organization"},"alternateName":"Blog de Medcof: conte\u00fados, editais, revalida e mais!","potentialAction":[{"@type":"SearchAction","target":{"@type":"EntryPoint","urlTemplate":"https:\/\/www.grupomedcof.com.br\/blog\/?s={search_term_string}"},"query-input":{"@type":"PropertyValueSpecification","valueRequired":true,"valueName":"search_term_string"}}],"inLanguage":"pt-BR"},{"@type":"Organization","@id":"https:\/\/www.grupomedcof.com.br\/blog\/#organization","name":"Grupo MedCof","url":"https:\/\/www.grupomedcof.com.br\/blog\/","logo":{"@type":"ImageObject","inLanguage":"pt-BR","@id":"https:\/\/www.grupomedcof.com.br\/blog\/#\/schema\/logo\/image\/","url":"https:\/\/www.grupomedcof.com.br\/blog\/wp-content\/uploads\/2022\/01\/logo-medcof.png","contentUrl":"https:\/\/www.grupomedcof.com.br\/blog\/wp-content\/uploads\/2022\/01\/logo-medcof.png","width":768,"height":269,"caption":"Grupo MedCof"},"image":{"@id":"https:\/\/www.grupomedcof.com.br\/blog\/#\/schema\/logo\/image\/"},"sameAs":["https:\/\/www.facebook.com\/MedCofQbank\/","https:\/\/www.instagram.com\/grupomedcof\/","https:\/\/br.linkedin.com\/company\/medcof","https:\/\/www.youtube.com\/channel\/UCdHMuOHKICxcHwecxN8P-AA"]},{"@type":"Person","@id":"https:\/\/www.grupomedcof.com.br\/blog\/#\/schema\/person\/5e56a3921255c01181f3d8c20d53f9c0","name":"Grupo MedCof","image":{"@type":"ImageObject","inLanguage":"pt-BR","@id":"https:\/\/www.grupomedcof.com.br\/blog\/wp-content\/uploads\/2023\/04\/cropped-cropped-cropped-cropped-logo-96x96.png28585d174f19c23095510da5f63bc127","url":"https:\/\/www.grupomedcof.com.br\/blog\/wp-content\/uploads\/2023\/04\/cropped-cropped-cropped-cropped-logo-96x96.png","contentUrl":"https:\/\/www.grupomedcof.com.br\/blog\/wp-content\/uploads\/2023\/04\/cropped-cropped-cropped-cropped-logo-96x96.png","caption":"Grupo MedCof"},"description":"Tendo aulas baseadas em quest\u00f5es, + de 115 subespecialistas dispon\u00edveis e uma metodologia \u00fanica, voc\u00ea pode se juntar ao nosso time que conta com mais de 10 mil ...","url":"https:\/\/www.grupomedcof.com.br\/blog\/author\/grupo-medcof\/"}]}},"authors":[{"term_id":3613,"user_id":10,"is_guest":0,"slug":"grupo-medcof","display_name":"Grupo MedCof","avatar_url":"https:\/\/www.grupomedcof.com.br\/blog\/wp-content\/uploads\/2023\/04\/cropped-cropped-cropped-cropped-logo-96x96.png","0":null,"1":"","2":"","3":"","4":"","5":"","6":"","7":"","8":""}],"_links":{"self":[{"href":"https:\/\/www.grupomedcof.com.br\/blog\/wp-json\/wp\/v2\/posts\/16281","targetHints":{"allow":["GET"]}}],"collection":[{"href":"https:\/\/www.grupomedcof.com.br\/blog\/wp-json\/wp\/v2\/posts"}],"about":[{"href":"https:\/\/www.grupomedcof.com.br\/blog\/wp-json\/wp\/v2\/types\/post"}],"author":[{"embeddable":true,"href":"https:\/\/www.grupomedcof.com.br\/blog\/wp-json\/wp\/v2\/users\/10"}],"replies":[{"embeddable":true,"href":"https:\/\/www.grupomedcof.com.br\/blog\/wp-json\/wp\/v2\/comments?post=16281"}],"version-history":[{"count":0,"href":"https:\/\/www.grupomedcof.com.br\/blog\/wp-json\/wp\/v2\/posts\/16281\/revisions"}],"wp:featuredmedia":[{"embeddable":true,"href":"https:\/\/www.grupomedcof.com.br\/blog\/wp-json\/wp\/v2\/media\/16283"}],"wp:attachment":[{"href":"https:\/\/www.grupomedcof.com.br\/blog\/wp-json\/wp\/v2\/media?parent=16281"}],"wp:term":[{"taxonomy":"category","embeddable":true,"href":"https:\/\/www.grupomedcof.com.br\/blog\/wp-json\/wp\/v2\/categories?post=16281"},{"taxonomy":"post_tag","embeddable":true,"href":"https:\/\/www.grupomedcof.com.br\/blog\/wp-json\/wp\/v2\/tags?post=16281"},{"taxonomy":"author","embeddable":true,"href":"https:\/\/www.grupomedcof.com.br\/blog\/wp-json\/wp\/v2\/ppma_author?post=16281"}],"curies":[{"name":"wp","href":"https:\/\/api.w.org\/{rel}","templated":true}]}}