{"id":16299,"date":"2025-10-01T08:25:49","date_gmt":"2025-10-01T11:25:49","guid":{"rendered":"https:\/\/www.grupomedcof.com.br\/blog\/?p=16299"},"modified":"2025-10-01T08:30:16","modified_gmt":"2025-10-01T11:30:16","slug":"edital-residencia-medica-uepa","status":"publish","type":"post","link":"https:\/\/www.grupomedcof.com.br\/blog\/edital-residencia-medica-uepa\/","title":{"rendered":"Edital UEPA para resid\u00eancia m\u00e9dica 2025\/2026"},"content":{"rendered":"<div id=\"ez-toc-container\" class=\"ez-toc-v2_0_74 counter-hierarchy ez-toc-counter ez-toc-transparent ez-toc-container-direction\">\n<div class=\"ez-toc-title-container\">\n<p class=\"ez-toc-title\" style=\"cursor:inherit\">Sum\u00e1rio<\/p>\n<span class=\"ez-toc-title-toggle\"><a href=\"#\" class=\"ez-toc-pull-right ez-toc-btn ez-toc-btn-xs ez-toc-btn-default ez-toc-toggle\" aria-label=\"Alternar tabela de conte\u00fado\"><span class=\"ez-toc-js-icon-con\"><span class=\"\"><span class=\"eztoc-hide\" style=\"display:none;\">Toggle<\/span><span class=\"ez-toc-icon-toggle-span\"><svg style=\"fill: #999;color:#999\" xmlns=\"http:\/\/www.w3.org\/2000\/svg\" class=\"list-377408\" width=\"20px\" height=\"20px\" viewBox=\"0 0 24 24\" fill=\"none\"><path d=\"M6 6H4v2h2V6zm14 0H8v2h12V6zM4 11h2v2H4v-2zm16 0H8v2h12v-2zM4 16h2v2H4v-2zm16 0H8v2h12v-2z\" fill=\"currentColor\"><\/path><\/svg><svg style=\"fill: #999;color:#999\" class=\"arrow-unsorted-368013\" xmlns=\"http:\/\/www.w3.org\/2000\/svg\" width=\"10px\" height=\"10px\" viewBox=\"0 0 24 24\" version=\"1.2\" baseProfile=\"tiny\"><path d=\"M18.2 9.3l-6.2-6.3-6.2 6.3c-.2.2-.3.4-.3.7s.1.5.3.7c.2.2.4.3.7.3h11c.3 0 .5-.1.7-.3.2-.2.3-.5.3-.7s-.1-.5-.3-.7zM5.8 14.7l6.2 6.3 6.2-6.3c.2-.2.3-.5.3-.7s-.1-.5-.3-.7c-.2-.2-.4-.3-.7-.3h-11c-.3 0-.5.1-.7.3-.2.2-.3.5-.3.7s.1.5.3.7z\"\/><\/svg><\/span><\/span><\/span><\/a><\/span><\/div>\n<nav><ul class='ez-toc-list ez-toc-list-level-1 ' ><li class='ez-toc-page-1 ez-toc-heading-level-2'><a class=\"ez-toc-link ez-toc-heading-1\" href=\"https:\/\/www.grupomedcof.com.br\/blog\/edital-residencia-medica-uepa\/#Sobre_a_Universidade_do_Estado_do_Para_UEPA\" >Sobre a Universidade do Estado do Par\u00e1 (UEPA)<\/a><\/li><li class='ez-toc-page-1 ez-toc-heading-level-2'><a class=\"ez-toc-link ez-toc-heading-2\" href=\"https:\/\/www.grupomedcof.com.br\/blog\/edital-residencia-medica-uepa\/#Criterios_de_selecao_e_etapas\" >Crit\u00e9rios de sele\u00e7\u00e3o e etapas<\/a><ul class='ez-toc-list-level-3' ><li class='ez-toc-heading-level-3'><a class=\"ez-toc-link ez-toc-heading-3\" href=\"https:\/\/www.grupomedcof.com.br\/blog\/edital-residencia-medica-uepa\/#Inscricoes\" >Inscri\u00e7\u00f5es<\/a><\/li><li class='ez-toc-page-1 ez-toc-heading-level-3'><a class=\"ez-toc-link ez-toc-heading-4\" href=\"https:\/\/www.grupomedcof.com.br\/blog\/edital-residencia-medica-uepa\/#Prova_objetiva\" >Prova objetiva<\/a><\/li><\/ul><\/li><li class='ez-toc-page-1 ez-toc-heading-level-2'><a class=\"ez-toc-link ez-toc-heading-5\" href=\"https:\/\/www.grupomedcof.com.br\/blog\/edital-residencia-medica-uepa\/#Vagas_disponiveis\" >Vagas dispon\u00edveis<\/a><ul class='ez-toc-list-level-3' ><li class='ez-toc-heading-level-3'><a class=\"ez-toc-link ez-toc-heading-6\" href=\"https:\/\/www.grupomedcof.com.br\/blog\/edital-residencia-medica-uepa\/#Vagas_Belem\" >Vagas Bel\u00e9m<\/a><\/li><li class='ez-toc-page-1 ez-toc-heading-level-3'><a class=\"ez-toc-link ez-toc-heading-7\" href=\"https:\/\/www.grupomedcof.com.br\/blog\/edital-residencia-medica-uepa\/#Santarem\" >Santar\u00e9m<\/a><\/li><\/ul><\/li><li class='ez-toc-page-1 ez-toc-heading-level-2'><a class=\"ez-toc-link ez-toc-heading-8\" href=\"https:\/\/www.grupomedcof.com.br\/blog\/edital-residencia-medica-uepa\/#Cronograma_UEPA_20252026\" >Cronograma UEPA 2025\/2026<\/a><\/li><li class='ez-toc-page-1 ez-toc-heading-level-2'><a class=\"ez-toc-link ez-toc-heading-9\" href=\"https:\/\/www.grupomedcof.com.br\/blog\/edital-residencia-medica-uepa\/#Edital_UEPA_2026\" >Edital UEPA 2026<\/a><\/li><li class='ez-toc-page-1 ez-toc-heading-level-2'><a class=\"ez-toc-link ez-toc-heading-10\" href=\"https:\/\/www.grupomedcof.com.br\/blog\/edital-residencia-medica-uepa\/#O_metodo_que_te_aprova\" >O m\u00e9todo que te aprova!<\/a><\/li><\/ul><\/nav><\/div>\n\n<figure class=\"wp-block-image size-large\"><img loading=\"lazy\" decoding=\"async\" width=\"1024\" height=\"576\" src=\"https:\/\/www.grupomedcof.com.br\/blog\/wp-content\/uploads\/2023\/12\/Modelo-instituicoes-40-1024x576.png\" alt=\"\" class=\"wp-image-31274\" srcset=\"https:\/\/www.grupomedcof.com.br\/blog\/wp-content\/uploads\/2023\/12\/Modelo-instituicoes-40-1024x576.png 1024w, https:\/\/www.grupomedcof.com.br\/blog\/wp-content\/uploads\/2023\/12\/Modelo-instituicoes-40-300x169.png 300w, https:\/\/www.grupomedcof.com.br\/blog\/wp-content\/uploads\/2023\/12\/Modelo-instituicoes-40-768x432.png 768w, https:\/\/www.grupomedcof.com.br\/blog\/wp-content\/uploads\/2023\/12\/Modelo-instituicoes-40-1536x864.png 1536w, https:\/\/www.grupomedcof.com.br\/blog\/wp-content\/uploads\/2023\/12\/Modelo-instituicoes-40-2048x1152.png 2048w, https:\/\/www.grupomedcof.com.br\/blog\/wp-content\/uploads\/2023\/12\/Modelo-instituicoes-40-747x420.png 747w, https:\/\/www.grupomedcof.com.br\/blog\/wp-content\/uploads\/2023\/12\/Modelo-instituicoes-40-150x84.png 150w, https:\/\/www.grupomedcof.com.br\/blog\/wp-content\/uploads\/2023\/12\/Modelo-instituicoes-40-696x392.png 696w, https:\/\/www.grupomedcof.com.br\/blog\/wp-content\/uploads\/2023\/12\/Modelo-instituicoes-40-1068x601.png 1068w, https:\/\/www.grupomedcof.com.br\/blog\/wp-content\/uploads\/2023\/12\/Modelo-instituicoes-40-1920x1080.png 1920w\" sizes=\"auto, (max-width: 1024px) 100vw, 1024px\" \/><\/figure>\n\n\n\n<p>Confira as informa\u00e7\u00f5es sobre o edital da <strong>Universidade Estadual do Par\u00e1<\/strong> e prepare-se para a pr\u00f3xima edi\u00e7\u00e3o!<\/p>\n\n\n\n<h2 class=\"wp-block-heading\" id=\"h-sobre-a-universidade-do-estado-do-para-uepa\"><span class=\"ez-toc-section\" id=\"Sobre_a_Universidade_do_Estado_do_Para_UEPA\"><\/span><strong>Sobre a Universidade do Estado do Par\u00e1 (UEPA)<\/strong><span class=\"ez-toc-section-end\"><\/span><\/h2>\n\n\n\n<p>Criada em 1993, a <a href=\"https:\/\/www.uepa.br\/pt-br\/content\/instituicao\"><strong>Universidade Estadual do Par\u00e1 (UEPA)<\/strong><\/a> foi institu\u00edda a partir da fus\u00e3o das faculdades estaduais de Enfermagem, Medicina, Educa\u00e7\u00e3o F\u00edsica e Educa\u00e7\u00e3o. Atualmente, atua no desenvolvimento de forma\u00e7\u00e3o profissional, extens\u00e3o e pesquisa.<\/p>\n\n\n\n<p>A institui\u00e7\u00e3o apresenta, em sua grade atual, mais de 130 cursos de gradua\u00e7\u00e3o e conta com 17 mil alunos matriculados espalhados por dez regi\u00f5es do estado onde a universidade est\u00e1 presente.<\/p>\n\n\n\n<h2 class=\"wp-block-heading\" id=\"h-criterios-de-selecao-e-etapas\"><span class=\"ez-toc-section\" id=\"Criterios_de_selecao_e_etapas\"><\/span><strong>Crit\u00e9rios de sele\u00e7\u00e3o e etapas<\/strong><span class=\"ez-toc-section-end\"><\/span><\/h2>\n\n\n\n<p>Mantendo o padr\u00e3o de algumas provas de resid\u00eancia m\u00e9dica pelo pa\u00eds, o processo seletivo da UEPA conta com somente uma fase, sendo essa a <strong>prova objetiva<\/strong>.<\/p>\n\n\n\n<h3 class=\"wp-block-heading\" id=\"h-inscricoes\"><span class=\"ez-toc-section\" id=\"Inscricoes\"><\/span><strong>Inscri\u00e7\u00f5es<\/strong><span class=\"ez-toc-section-end\"><\/span><\/h3>\n\n\n\n<p>Nesta edi\u00e7\u00e3o, os candidatos ter\u00e3o entre os dias <strong>16 e 30 de outubro de 2025<\/strong> para realizarem a inscri\u00e7\u00e3o, mediante quita\u00e7\u00e3o da taxa no valor <strong>de R$500,00.<\/strong><\/p>\n\n\n\n<h3 class=\"wp-block-heading\" id=\"h-prova-objetiva\"><span class=\"ez-toc-section\" id=\"Prova_objetiva\"><\/span><strong>Prova objetiva<\/strong><span class=\"ez-toc-section-end\"><\/span><\/h3>\n\n\n\n<p>Conforme edital, os candidatos ser\u00e3o avaliados por meio de uma \u00fanica etapa, a prova objetiva, que acontecer\u00e1 no dia <strong>18 de janeiro de 2026<\/strong>. Ainda, a prova conter\u00e1 <strong>100 quest\u00f5es<\/strong> <strong>para Acesso Direto<\/strong> e <strong>50 quest\u00f5es para Pr\u00e9-Requisito<\/strong> em \u00c1rea Cir\u00fargica B\u00e1sica ou Cirurgia Geral e Pr\u00e9-Requisito em \u00c1rea Cir\u00fargica B\u00e1sica ou Cirurgia Geral ou Ginecologia e Obstetr\u00edcia. <\/p>\n\n\n\n<p>Para um melhor aprofundamento do conte\u00fado, confira nosso post sobre as <a href=\"https:\/\/www.grupomedcof.com.br\/blog\/uepa-2024-provas-similares\/\"><strong>provas similares<\/strong><\/a><strong> <\/strong>da UEPA. Al\u00e9m disso, separamos uma publica\u00e7\u00e3o com os<strong> <\/strong><a href=\"https:\/\/www.grupomedcof.com.br\/blog\/residencia-medica-uepa-temas-quentes\/\"><strong>principais temas<\/strong><\/a> da prova da UEPA.<\/p>\n\n\n\n<figure class=\"wp-block-image size-large\"><a href=\"https:\/\/www.grupomedcof.com.br\/cofletters\/\"><img loading=\"lazy\" decoding=\"async\" width=\"1024\" height=\"366\" src=\"https:\/\/www.grupomedcof.com.br\/blog\/wp-content\/uploads\/2024\/10\/Capa-Eventos-MedCof-Plus-1-1024x366.png\" alt=\"\" class=\"wp-image-30896\" srcset=\"https:\/\/www.grupomedcof.com.br\/blog\/wp-content\/uploads\/2024\/10\/Capa-Eventos-MedCof-Plus-1-1024x366.png 1024w, https:\/\/www.grupomedcof.com.br\/blog\/wp-content\/uploads\/2024\/10\/Capa-Eventos-MedCof-Plus-1-300x107.png 300w, https:\/\/www.grupomedcof.com.br\/blog\/wp-content\/uploads\/2024\/10\/Capa-Eventos-MedCof-Plus-1-768x275.png 768w, https:\/\/www.grupomedcof.com.br\/blog\/wp-content\/uploads\/2024\/10\/Capa-Eventos-MedCof-Plus-1-1536x549.png 1536w, https:\/\/www.grupomedcof.com.br\/blog\/wp-content\/uploads\/2024\/10\/Capa-Eventos-MedCof-Plus-1-2048x732.png 2048w, https:\/\/www.grupomedcof.com.br\/blog\/wp-content\/uploads\/2024\/10\/Capa-Eventos-MedCof-Plus-1-1175x420.png 1175w, https:\/\/www.grupomedcof.com.br\/blog\/wp-content\/uploads\/2024\/10\/Capa-Eventos-MedCof-Plus-1-150x54.png 150w, https:\/\/www.grupomedcof.com.br\/blog\/wp-content\/uploads\/2024\/10\/Capa-Eventos-MedCof-Plus-1-696x249.png 696w, https:\/\/www.grupomedcof.com.br\/blog\/wp-content\/uploads\/2024\/10\/Capa-Eventos-MedCof-Plus-1-1068x382.png 1068w, https:\/\/www.grupomedcof.com.br\/blog\/wp-content\/uploads\/2024\/10\/Capa-Eventos-MedCof-Plus-1-1920x686.png 1920w\" sizes=\"auto, (max-width: 1024px) 100vw, 1024px\" \/><\/a><\/figure>\n\n\n\n<h2 class=\"wp-block-heading\" id=\"h-vagas-disponiveis\"><span class=\"ez-toc-section\" id=\"Vagas_disponiveis\"><\/span><strong>Vagas dispon\u00edveis<\/strong><span class=\"ez-toc-section-end\"><\/span><\/h2>\n\n\n\n<p>Nesta edi\u00e7\u00e3o, a UEPA ofertar\u00e1 <strong>198 vagas no total<\/strong>, sendo 11 delas reservadas para For\u00e7as Armadas. Confira:<\/p>\n\n\n\n<h3 class=\"wp-block-heading\" id=\"h-vagas-belem\"><span class=\"ez-toc-section\" id=\"Vagas_Belem\"><\/span><strong>Vagas Bel\u00e9m<\/strong><span class=\"ez-toc-section-end\"><\/span><\/h3>\n\n\n\n<figure class=\"wp-block-table\"><table class=\"has-fixed-layout\"><tbody><tr><td><strong>Especialidades<\/strong><\/td><td><strong>Vagas<\/strong><\/td><\/tr><tr><td>Anestesiologia<\/td><td>14<\/td><\/tr><tr><td>Cardiologia<\/td><td>6<\/td><\/tr><tr><td>Cardiologia Pedi\u00e1trica<\/td><td>2<\/td><\/tr><tr><td>Cirurgia Cardiovascular<\/td><td>3<\/td><\/tr><tr><td>Cirurgia da M\u00e3o<\/td><td>2<\/td><\/tr><tr><td>Cirurgia de Cabe\u00e7a e Pesco\u00e7o<\/td><td>1<\/td><\/tr><tr><td>Cirurgia Geral (3 anos)<\/td><td>18<\/td><\/tr><tr><td>Cirurgia Oncol\u00f3gica<\/td><td>2<\/td><\/tr><tr><td>Cirurgia Pedi\u00e1trica<\/td><td>2<\/td><\/tr><tr><td>Cirurgia Vascular<\/td><td>1<\/td><\/tr><tr><td>Cl\u00ednica M\u00e9dica<\/td><td>29<\/td><\/tr><tr><td>Dermatologia<\/td><td>3<\/td><\/tr><tr><td>Endocrinologia e Metabologia<\/td><td>2<\/td><\/tr><tr><td>Endoscopia<\/td><td>2<\/td><\/tr><tr><td>Ginecologia e Obstetr\u00edcia<\/td><td>10<\/td><\/tr><tr><td>Hematologia e Hemoterapia<\/td><td>1<\/td><\/tr><tr><td>Hemodin\u00e2mica<\/td><td>2<\/td><\/tr><tr><td>Hepatologia<\/td><td>2<\/td><\/tr><tr><td>Mastologia<\/td><td>1<\/td><\/tr><tr><td>Medicina da Fam\u00edlia e Comunidade<\/td><td>14<\/td><\/tr><tr><td>Medicina da Fam\u00edlia e Comunidade \u2013 Sa\u00fade Mental<\/td><td>4<\/td><\/tr><tr><td>Medicina de Emerg\u00eancia<\/td><td>3<\/td><\/tr><tr><td>Medicina Intensiva<\/td><td>11<\/td><\/tr><tr><td>Medicina Intensiva Pedi\u00e1trica<\/td><td>3<\/td><\/tr><tr><td>Nefrologia<\/td><td>5<\/td><\/tr><tr><td>Nefrologia Pedi\u00e1trica<\/td><td>2<\/td><\/tr><tr><td>Neonatologia<\/td><td>5<\/td><\/tr><tr><td>Neurocirurgia<\/td><td>3<\/td><\/tr><tr><td>Neurologia<\/td><td>2<\/td><\/tr><tr><td>Neurorradiologia<\/td><td>1<\/td><\/tr><tr><td>Oncologia Cl\u00ednica<\/td><td>1<\/td><\/tr><tr><td>Ortopedia e Traumatologia<\/td><td>6<\/td><\/tr><tr><td>Pediatria<\/td><td>10<\/td><\/tr><tr><td>Psiquiatria<\/td><td>5<\/td><\/tr><tr><td>Radiologia e Diagn\u00f3stico por Imagem<\/td><td>13<\/td><\/tr><tr><td>Radiologia e Diagn\u00f3stico por Imagem 4\u00ba ano<\/td><td>1<\/td><\/tr><tr><td>Reumatologia<\/td><td>2<\/td><\/tr><tr><td>Urologia<\/td><td>4<\/td><\/tr><\/tbody><\/table><\/figure>\n\n\n\n<h3 class=\"wp-block-heading\" id=\"h-santarem\"><span class=\"ez-toc-section\" id=\"Santarem\"><\/span><strong>Santar\u00e9m<\/strong><span class=\"ez-toc-section-end\"><\/span><\/h3>\n\n\n\n<figure class=\"wp-block-table\"><table class=\"has-fixed-layout\"><tbody><tr><td><strong>Especialidades<\/strong><\/td><td><strong>Vagas Dispon\u00edveis<\/strong><\/td><td><strong>Reservadas<\/strong><\/td><\/tr><tr><td>Anestesiologia<\/td><td>1<\/td><td>1<\/td><\/tr><tr><td>Cirurgia Geral (3 anos)<\/td><td>4<\/td><td>0<\/td><\/tr><tr><td>Cl\u00ednica M\u00e9dica<\/td><td>6<\/td><td>0<\/td><\/tr><tr><td>Ginecologia e Obstetr\u00edcia<\/td><td>4<\/td><td>0<\/td><\/tr><tr><td>Medicina da Fam\u00edlia e Comunidade<\/td><td>2<\/td><td>0<\/td><\/tr><tr><td>Medicina Intensiva<\/td><td>2<\/td><td>0<\/td><\/tr><tr><td>Neurocirurgia<\/td><td>1<\/td><td>0<\/td><\/tr><tr><td>Oncologia Cl\u00ednica<\/td><td>2<\/td><td>0<\/td><\/tr><tr><td>Ortopedia e Traumatologia<\/td><td>2<\/td><td>0<\/td><\/tr><tr><td>Pediatria<\/td><td>2<\/td><td>0<\/td><\/tr><tr><td>Urologia<\/td><td>1<\/td><td>0<\/td><\/tr><\/tbody><\/table><\/figure>\n\n\n\n<h2 class=\"wp-block-heading\" id=\"h-cronograma-uepa-2025-2026\"><span class=\"ez-toc-section\" id=\"Cronograma_UEPA_20252026\"><\/span><strong>Cronograma UEPA 2025\/2026<\/strong><span class=\"ez-toc-section-end\"><\/span><\/h2>\n\n\n\n<figure class=\"wp-block-table\"><table class=\"has-fixed-layout\"><tbody><tr><td><strong>Per\u00edodo de Inscri\u00e7\u00f5es<\/strong><\/td><td>16 a 30\/10\/2025<\/td><\/tr><tr><td><strong>Solicita\u00e7\u00f5es de Isen\u00e7\u00f5es de taxa de inscri\u00e7\u00e3o<\/strong><\/td><td>16 a 18\/10\/2025<\/td><\/tr><tr><td><strong>Fim do prazo para pagamento da taxa de inscri\u00e7\u00e3o<\/strong><\/td><td>31\/10\/2025<\/td><\/tr><tr><td><strong>Divulga\u00e7\u00e3o do Cart\u00e3o de informa\u00e7\u00e3o da prova<\/strong><\/td><td>12\/01\/2026<\/td><\/tr><tr><td><strong>Realiza\u00e7\u00e3o da 1\u00aa Etapa \u2013 Prova Objetiva<\/strong><\/td><td>18\/01\/2026<\/td><\/tr><tr><td><strong>Divulga\u00e7\u00e3o do Gabarito Preliminar da Prova Objetiva<\/strong><\/td><td>19\/01\/2026<\/td><\/tr><tr><td><strong>Prazo para interposi\u00e7\u00e3o de Recursos ao Gabarito Preliminar da Prova Objetiva<\/strong><\/td><td>20 e 21\/01\/2026<\/td><\/tr><tr><td><strong>Resultado do julgamento dos Recursos ao Gabarito Preliminar da Prova Objetiva<\/strong><\/td><td>09\/02\/2026<\/td><\/tr><tr><td><strong>Divulga\u00e7\u00e3o do Gabarito Definitivo da Prova Objetiva<\/strong><\/td><td>09\/02\/2026<\/td><\/tr><tr><td><strong>Divulga\u00e7\u00e3o do Resultado Provis\u00f3rio da Prova Objetiva<\/strong><\/td><td>12\/02\/2026<\/td><\/tr><tr><td><strong>Recurso ao Resultado Provis\u00f3rio da Prova Objetiva<\/strong><\/td><td>13 a 14\/02\/2026<\/td><\/tr><tr><td><strong>Resultado do Recurso ao Resultado Provis\u00f3rio da Prova Objetiva<\/strong><\/td><td>16\/02\/2026<\/td><\/tr><tr><td><strong>Divulga\u00e7\u00e3o do Resultado Final<\/strong><\/td><td>17\/02\/2026<\/td><\/tr><tr><td><strong>In\u00edcio do Ano Letivo 2026<\/strong><\/td><td>01\/03\/2026<\/td><\/tr><\/tbody><\/table><\/figure>\n\n\n\n<h2 class=\"wp-block-heading\" id=\"h-edital-uepa-2026\"><span class=\"ez-toc-section\" id=\"Edital_UEPA_2026\"><\/span><strong>Edital UEPA 2026<\/strong><span class=\"ez-toc-section-end\"><\/span><\/h2>\n\n\n\n<div data-wp-interactive=\"core\/file\" class=\"wp-block-file\"><object data-wp-bind--hidden=\"!state.hasPdfPreview\" hidden class=\"wp-block-file__embed\" data=\"https:\/\/www.grupomedcof.com.br\/blog\/wp-content\/uploads\/2025\/07\/Edital-UEPA-2026.pdf\" type=\"application\/pdf\" style=\"width:100%;height:600px\" aria-label=\"Incorporado de Edital UEPA 2026.\"><\/object><a id=\"wp-block-file--media-439d9c24-506b-4e00-9616-6eef4a93b4be\" href=\"https:\/\/www.grupomedcof.com.br\/blog\/wp-content\/uploads\/2025\/07\/Edital-UEPA-2026.pdf\">Edital UEPA 2026<\/a><a href=\"https:\/\/www.grupomedcof.com.br\/blog\/wp-content\/uploads\/2025\/07\/Edital-UEPA-2026.pdf\" class=\"wp-block-file__button wp-element-button\" download aria-describedby=\"wp-block-file--media-439d9c24-506b-4e00-9616-6eef4a93b4be\">Baixar<\/a><\/div>\n\n\n\n<h2 class=\"wp-block-heading\" id=\"o-m\u00e9todo-que-te-aprova\"><span class=\"ez-toc-section\" id=\"O_metodo_que_te_aprova\"><\/span><strong>O m\u00e9todo que te aprova!<\/strong><span class=\"ez-toc-section-end\"><\/span><\/h2>\n\n\n\n<p>Quer alcan\u00e7ar a aprova\u00e7\u00e3o nas provas de resid\u00eancia m\u00e9dica? Ent\u00e3o seja um&nbsp;<a href=\"https:\/\/www.grupomedcof.com.br\/home\/\" target=\"_blank\" rel=\"noreferrer noopener\">MedCoffer<\/a>! Aqui te ajudaremos na busca da aprova\u00e7\u00e3o com conte\u00fados de qualidade e uma&nbsp;<a href=\"https:\/\/www.grupomedcof.com.br\/blog\/presenca-da-medcof-nas-aprovacoes-em-residencia-medica-no-brasil\/\" target=\"_blank\" rel=\"noreferrer noopener\">metodologia que j\u00e1 aprovou mais de 10 mil residentes no pa\u00eds!&nbsp;<\/a>Por fim, acesse o nosso<a href=\"https:\/\/www.youtube.com\/@GrupoMedcof\/featured\" target=\"_blank\" rel=\"noreferrer noopener\">&nbsp;<strong>canal do youtube&nbsp;<\/strong><\/a>para ver o nosso material.<\/p>\n\n\n\n<figure class=\"wp-block-embed is-type-video is-provider-youtube wp-block-embed-youtube wp-embed-aspect-16-9 wp-has-aspect-ratio\"><div class=\"wp-block-embed__wrapper\">\n<div class=\"youtube-embed\" data-video_id=\"nuHzq9jZjl4\"><iframe loading=\"lazy\" title=\"Conforto M\u00e9dico - NC \u00e9 isso tudo ? com DR. Matheus Gar\u00e7a - Ep #09\" width=\"696\" height=\"392\" src=\"https:\/\/www.youtube.com\/embed\/nuHzq9jZjl4?feature=oembed&#038;enablejsapi=1\" frameborder=\"0\" allow=\"accelerometer; autoplay; clipboard-write; encrypted-media; gyroscope; picture-in-picture; web-share\" referrerpolicy=\"strict-origin-when-cross-origin\" allowfullscreen><\/iframe><\/div>\n<\/div><\/figure>\n","protected":false},"excerpt":{"rendered":"<p>Fique por dentro do edital da resid\u00eancia m\u00e9dica UEPA 2025\/2026 e d\u00ea o primeiro passo para uma carreira de excel\u00eancia na sa\u00fade. Confira j\u00e1!<\/p>\n","protected":false},"author":20,"featured_media":31274,"comment_status":"open","ping_status":"open","sticky":false,"template":"","format":"standard","meta":{"footnotes":""},"categories":[287,2023],"tags":[93,117,68,295],"ppma_author":[3616],"class_list":{"0":"post-16299","1":"post","2":"type-post","3":"status-publish","4":"format-standard","5":"has-post-thumbnail","7":"category-destaques-medcof","8":"category-editais","9":"tag-especialidades-medicas","10":"tag-provas-de-residencia","11":"tag-residencia-medica","12":"tag-uepa"},"yoast_head":"<!-- This site is optimized with the Yoast SEO Premium plugin v24.3 (Yoast SEO v27.4) - https:\/\/yoast.com\/product\/yoast-seo-premium-wordpress\/ -->\n<title>UEPA 2025\/2026 resid\u00eancia m\u00e9dica: edital, vagas e mais<\/title>\n<meta name=\"description\" content=\"Fique por dentro do edital da resid\u00eancia m\u00e9dica UEPA 2025\/2026 e d\u00ea o primeiro passo para uma carreira de excel\u00eancia na sa\u00fade. Confira j\u00e1!\" \/>\n<meta name=\"robots\" content=\"index, follow, max-snippet:-1, max-image-preview:large, max-video-preview:-1\" \/>\n<link rel=\"canonical\" href=\"https:\/\/www.grupomedcof.com.br\/blog\/edital-residencia-medica-uepa\/\" \/>\n<meta property=\"og:locale\" content=\"pt_BR\" \/>\n<meta property=\"og:type\" content=\"article\" \/>\n<meta property=\"og:title\" content=\"Edital UEPA para resid\u00eancia m\u00e9dica 2025\/2026\" \/>\n<meta property=\"og:description\" content=\"Fique por dentro do edital da resid\u00eancia m\u00e9dica UEPA 2025\/2026 e d\u00ea o primeiro passo para uma carreira de excel\u00eancia na sa\u00fade. Confira j\u00e1!\" \/>\n<meta property=\"og:url\" content=\"https:\/\/www.grupomedcof.com.br\/blog\/edital-residencia-medica-uepa\/\" \/>\n<meta property=\"og:site_name\" content=\"Blog de Medcof: conte\u00fados, editais, revalida e mais!\" \/>\n<meta property=\"article:publisher\" content=\"https:\/\/www.facebook.com\/MedCofQbank\/\" \/>\n<meta property=\"article:published_time\" content=\"2025-10-01T11:25:49+00:00\" \/>\n<meta property=\"article:modified_time\" content=\"2025-10-01T11:30:16+00:00\" \/>\n<meta property=\"og:image\" content=\"https:\/\/www.grupomedcof.com.br\/blog\/wp-content\/uploads\/2023\/12\/Modelo-instituicoes-40.png\" \/>\n\t<meta property=\"og:image:width\" content=\"2560\" \/>\n\t<meta property=\"og:image:height\" content=\"1440\" \/>\n\t<meta property=\"og:image:type\" content=\"image\/png\" \/>\n<meta name=\"author\" content=\"Leila Menzel\" \/>\n<meta name=\"twitter:card\" content=\"summary_large_image\" \/>\n<meta name=\"twitter:label1\" content=\"Escrito por\" \/>\n\t<meta name=\"twitter:data1\" content=\"Leila Menzel\" \/>\n\t<meta name=\"twitter:label2\" content=\"Est. tempo de leitura\" \/>\n\t<meta name=\"twitter:data2\" content=\"5 minutos\" \/>\n<script type=\"application\/ld+json\" class=\"yoast-schema-graph\">{\"@context\":\"https:\\\/\\\/schema.org\",\"@graph\":[{\"@type\":\"Article\",\"@id\":\"https:\\\/\\\/www.grupomedcof.com.br\\\/blog\\\/edital-residencia-medica-uepa\\\/#article\",\"isPartOf\":{\"@id\":\"https:\\\/\\\/www.grupomedcof.com.br\\\/blog\\\/edital-residencia-medica-uepa\\\/\"},\"author\":{\"name\":\"Leila Menzel\",\"@id\":\"https:\\\/\\\/www.grupomedcof.com.br\\\/blog\\\/#\\\/schema\\\/person\\\/9a44c2184a836bf5ae6967fdb3a1451e\"},\"headline\":\"Edital UEPA para resid\u00eancia m\u00e9dica 2025\\\/2026\",\"datePublished\":\"2025-10-01T11:25:49+00:00\",\"dateModified\":\"2025-10-01T11:30:16+00:00\",\"mainEntityOfPage\":{\"@id\":\"https:\\\/\\\/www.grupomedcof.com.br\\\/blog\\\/edital-residencia-medica-uepa\\\/\"},\"wordCount\":642,\"commentCount\":0,\"publisher\":{\"@id\":\"https:\\\/\\\/www.grupomedcof.com.br\\\/blog\\\/#organization\"},\"image\":{\"@id\":\"https:\\\/\\\/www.grupomedcof.com.br\\\/blog\\\/edital-residencia-medica-uepa\\\/#primaryimage\"},\"thumbnailUrl\":\"https:\\\/\\\/www.grupomedcof.com.br\\\/blog\\\/wp-content\\\/uploads\\\/2023\\\/12\\\/Modelo-instituicoes-40.png\",\"keywords\":[\"Especialidades m\u00e9dicas\",\"Provas de Resid\u00eancia\",\"Resid\u00eancia M\u00e9dica\",\"UEPA\"],\"articleSection\":[\"Destaques MedCof\",\"Editais\"],\"inLanguage\":\"pt-BR\"},{\"@type\":\"WebPage\",\"@id\":\"https:\\\/\\\/www.grupomedcof.com.br\\\/blog\\\/edital-residencia-medica-uepa\\\/\",\"url\":\"https:\\\/\\\/www.grupomedcof.com.br\\\/blog\\\/edital-residencia-medica-uepa\\\/\",\"name\":\"UEPA 2025\\\/2026 resid\u00eancia m\u00e9dica: edital, vagas e mais\",\"isPartOf\":{\"@id\":\"https:\\\/\\\/www.grupomedcof.com.br\\\/blog\\\/#website\"},\"primaryImageOfPage\":{\"@id\":\"https:\\\/\\\/www.grupomedcof.com.br\\\/blog\\\/edital-residencia-medica-uepa\\\/#primaryimage\"},\"image\":{\"@id\":\"https:\\\/\\\/www.grupomedcof.com.br\\\/blog\\\/edital-residencia-medica-uepa\\\/#primaryimage\"},\"thumbnailUrl\":\"https:\\\/\\\/www.grupomedcof.com.br\\\/blog\\\/wp-content\\\/uploads\\\/2023\\\/12\\\/Modelo-instituicoes-40.png\",\"datePublished\":\"2025-10-01T11:25:49+00:00\",\"dateModified\":\"2025-10-01T11:30:16+00:00\",\"description\":\"Fique por dentro do edital da resid\u00eancia m\u00e9dica UEPA 2025\\\/2026 e d\u00ea o primeiro passo para uma carreira de excel\u00eancia na sa\u00fade. Confira j\u00e1!\",\"breadcrumb\":{\"@id\":\"https:\\\/\\\/www.grupomedcof.com.br\\\/blog\\\/edital-residencia-medica-uepa\\\/#breadcrumb\"},\"inLanguage\":\"pt-BR\",\"potentialAction\":[{\"@type\":\"ReadAction\",\"target\":[\"https:\\\/\\\/www.grupomedcof.com.br\\\/blog\\\/edital-residencia-medica-uepa\\\/\"]}]},{\"@type\":\"ImageObject\",\"inLanguage\":\"pt-BR\",\"@id\":\"https:\\\/\\\/www.grupomedcof.com.br\\\/blog\\\/edital-residencia-medica-uepa\\\/#primaryimage\",\"url\":\"https:\\\/\\\/www.grupomedcof.com.br\\\/blog\\\/wp-content\\\/uploads\\\/2023\\\/12\\\/Modelo-instituicoes-40.png\",\"contentUrl\":\"https:\\\/\\\/www.grupomedcof.com.br\\\/blog\\\/wp-content\\\/uploads\\\/2023\\\/12\\\/Modelo-instituicoes-40.png\",\"width\":2560,\"height\":1440,\"caption\":\"Resid\u00eancia M\u00e9dica UEPA. Logo da institui\u00e7\u00e3o\"},{\"@type\":\"BreadcrumbList\",\"@id\":\"https:\\\/\\\/www.grupomedcof.com.br\\\/blog\\\/edital-residencia-medica-uepa\\\/#breadcrumb\",\"itemListElement\":[{\"@type\":\"ListItem\",\"position\":1,\"name\":\"In\u00edcio\",\"item\":\"https:\\\/\\\/www.grupomedcof.com.br\\\/blog\\\/\"},{\"@type\":\"ListItem\",\"position\":2,\"name\":\"Edital UEPA para resid\u00eancia m\u00e9dica 2025\\\/2026\"}]},{\"@type\":\"WebSite\",\"@id\":\"https:\\\/\\\/www.grupomedcof.com.br\\\/blog\\\/#website\",\"url\":\"https:\\\/\\\/www.grupomedcof.com.br\\\/blog\\\/\",\"name\":\"Blog de Medcof: conte\u00fados, editais, revalida e mais!\",\"description\":\"Acesso o blog de MedCof! Seu portal de conte\u00fados sobre resid\u00eancia m\u00e9dica, an\u00e1lise e editais e muito mais. Clique e confira!\",\"publisher\":{\"@id\":\"https:\\\/\\\/www.grupomedcof.com.br\\\/blog\\\/#organization\"},\"alternateName\":\"Blog de Medcof: conte\u00fados, editais, revalida e mais!\",\"potentialAction\":[{\"@type\":\"SearchAction\",\"target\":{\"@type\":\"EntryPoint\",\"urlTemplate\":\"https:\\\/\\\/www.grupomedcof.com.br\\\/blog\\\/?s={search_term_string}\"},\"query-input\":{\"@type\":\"PropertyValueSpecification\",\"valueRequired\":true,\"valueName\":\"search_term_string\"}}],\"inLanguage\":\"pt-BR\"},{\"@type\":\"Organization\",\"@id\":\"https:\\\/\\\/www.grupomedcof.com.br\\\/blog\\\/#organization\",\"name\":\"Grupo MedCof\",\"url\":\"https:\\\/\\\/www.grupomedcof.com.br\\\/blog\\\/\",\"logo\":{\"@type\":\"ImageObject\",\"inLanguage\":\"pt-BR\",\"@id\":\"https:\\\/\\\/www.grupomedcof.com.br\\\/blog\\\/#\\\/schema\\\/logo\\\/image\\\/\",\"url\":\"https:\\\/\\\/www.grupomedcof.com.br\\\/blog\\\/wp-content\\\/uploads\\\/2022\\\/01\\\/logo-medcof.png\",\"contentUrl\":\"https:\\\/\\\/www.grupomedcof.com.br\\\/blog\\\/wp-content\\\/uploads\\\/2022\\\/01\\\/logo-medcof.png\",\"width\":768,\"height\":269,\"caption\":\"Grupo MedCof\"},\"image\":{\"@id\":\"https:\\\/\\\/www.grupomedcof.com.br\\\/blog\\\/#\\\/schema\\\/logo\\\/image\\\/\"},\"sameAs\":[\"https:\\\/\\\/www.facebook.com\\\/MedCofQbank\\\/\",\"https:\\\/\\\/www.instagram.com\\\/grupomedcof\\\/\",\"https:\\\/\\\/br.linkedin.com\\\/company\\\/medcof\",\"https:\\\/\\\/www.youtube.com\\\/channel\\\/UCdHMuOHKICxcHwecxN8P-AA\"]},{\"@type\":\"Person\",\"@id\":\"https:\\\/\\\/www.grupomedcof.com.br\\\/blog\\\/#\\\/schema\\\/person\\\/9a44c2184a836bf5ae6967fdb3a1451e\",\"name\":\"Leila Menzel\",\"image\":{\"@type\":\"ImageObject\",\"inLanguage\":\"pt-BR\",\"@id\":\"https:\\\/\\\/www.grupomedcof.com.br\\\/blog\\\/wp-content\\\/uploads\\\/2025\\\/09\\\/cropped-eu-96x96.jpeg19a74936d997c0a8b3031618467fa1d0\",\"url\":\"https:\\\/\\\/www.grupomedcof.com.br\\\/blog\\\/wp-content\\\/uploads\\\/2025\\\/09\\\/cropped-eu-96x96.jpeg\",\"contentUrl\":\"https:\\\/\\\/www.grupomedcof.com.br\\\/blog\\\/wp-content\\\/uploads\\\/2025\\\/09\\\/cropped-eu-96x96.jpeg\",\"caption\":\"Leila Menzel\"},\"description\":\"Estudante do 6\u00b0 semestre de jornalismo, amo e escrevo poesias e viajo em livros de romances clich\u00eas.\",\"url\":\"https:\\\/\\\/www.grupomedcof.com.br\\\/blog\\\/author\\\/leila-menzel\\\/\"}]}<\/script>\n<!-- \/ Yoast SEO Premium plugin. -->","yoast_head_json":{"title":"UEPA 2025\/2026 resid\u00eancia m\u00e9dica: edital, vagas e mais","description":"Fique por dentro do edital da resid\u00eancia m\u00e9dica UEPA 2025\/2026 e d\u00ea o primeiro passo para uma carreira de excel\u00eancia na sa\u00fade. Confira j\u00e1!","robots":{"index":"index","follow":"follow","max-snippet":"max-snippet:-1","max-image-preview":"max-image-preview:large","max-video-preview":"max-video-preview:-1"},"canonical":"https:\/\/www.grupomedcof.com.br\/blog\/edital-residencia-medica-uepa\/","og_locale":"pt_BR","og_type":"article","og_title":"Edital UEPA para resid\u00eancia m\u00e9dica 2025\/2026","og_description":"Fique por dentro do edital da resid\u00eancia m\u00e9dica UEPA 2025\/2026 e d\u00ea o primeiro passo para uma carreira de excel\u00eancia na sa\u00fade. Confira j\u00e1!","og_url":"https:\/\/www.grupomedcof.com.br\/blog\/edital-residencia-medica-uepa\/","og_site_name":"Blog de Medcof: conte\u00fados, editais, revalida e mais!","article_publisher":"https:\/\/www.facebook.com\/MedCofQbank\/","article_published_time":"2025-10-01T11:25:49+00:00","article_modified_time":"2025-10-01T11:30:16+00:00","og_image":[{"width":2560,"height":1440,"url":"https:\/\/www.grupomedcof.com.br\/blog\/wp-content\/uploads\/2023\/12\/Modelo-instituicoes-40.png","type":"image\/png"}],"author":"Leila Menzel","twitter_card":"summary_large_image","twitter_misc":{"Escrito por":"Leila Menzel","Est. tempo de leitura":"5 minutos"},"schema":{"@context":"https:\/\/schema.org","@graph":[{"@type":"Article","@id":"https:\/\/www.grupomedcof.com.br\/blog\/edital-residencia-medica-uepa\/#article","isPartOf":{"@id":"https:\/\/www.grupomedcof.com.br\/blog\/edital-residencia-medica-uepa\/"},"author":{"name":"Leila Menzel","@id":"https:\/\/www.grupomedcof.com.br\/blog\/#\/schema\/person\/9a44c2184a836bf5ae6967fdb3a1451e"},"headline":"Edital UEPA para resid\u00eancia m\u00e9dica 2025\/2026","datePublished":"2025-10-01T11:25:49+00:00","dateModified":"2025-10-01T11:30:16+00:00","mainEntityOfPage":{"@id":"https:\/\/www.grupomedcof.com.br\/blog\/edital-residencia-medica-uepa\/"},"wordCount":642,"commentCount":0,"publisher":{"@id":"https:\/\/www.grupomedcof.com.br\/blog\/#organization"},"image":{"@id":"https:\/\/www.grupomedcof.com.br\/blog\/edital-residencia-medica-uepa\/#primaryimage"},"thumbnailUrl":"https:\/\/www.grupomedcof.com.br\/blog\/wp-content\/uploads\/2023\/12\/Modelo-instituicoes-40.png","keywords":["Especialidades m\u00e9dicas","Provas de Resid\u00eancia","Resid\u00eancia M\u00e9dica","UEPA"],"articleSection":["Destaques MedCof","Editais"],"inLanguage":"pt-BR"},{"@type":"WebPage","@id":"https:\/\/www.grupomedcof.com.br\/blog\/edital-residencia-medica-uepa\/","url":"https:\/\/www.grupomedcof.com.br\/blog\/edital-residencia-medica-uepa\/","name":"UEPA 2025\/2026 resid\u00eancia m\u00e9dica: edital, vagas e mais","isPartOf":{"@id":"https:\/\/www.grupomedcof.com.br\/blog\/#website"},"primaryImageOfPage":{"@id":"https:\/\/www.grupomedcof.com.br\/blog\/edital-residencia-medica-uepa\/#primaryimage"},"image":{"@id":"https:\/\/www.grupomedcof.com.br\/blog\/edital-residencia-medica-uepa\/#primaryimage"},"thumbnailUrl":"https:\/\/www.grupomedcof.com.br\/blog\/wp-content\/uploads\/2023\/12\/Modelo-instituicoes-40.png","datePublished":"2025-10-01T11:25:49+00:00","dateModified":"2025-10-01T11:30:16+00:00","description":"Fique por dentro do edital da resid\u00eancia m\u00e9dica UEPA 2025\/2026 e d\u00ea o primeiro passo para uma carreira de excel\u00eancia na sa\u00fade. Confira j\u00e1!","breadcrumb":{"@id":"https:\/\/www.grupomedcof.com.br\/blog\/edital-residencia-medica-uepa\/#breadcrumb"},"inLanguage":"pt-BR","potentialAction":[{"@type":"ReadAction","target":["https:\/\/www.grupomedcof.com.br\/blog\/edital-residencia-medica-uepa\/"]}]},{"@type":"ImageObject","inLanguage":"pt-BR","@id":"https:\/\/www.grupomedcof.com.br\/blog\/edital-residencia-medica-uepa\/#primaryimage","url":"https:\/\/www.grupomedcof.com.br\/blog\/wp-content\/uploads\/2023\/12\/Modelo-instituicoes-40.png","contentUrl":"https:\/\/www.grupomedcof.com.br\/blog\/wp-content\/uploads\/2023\/12\/Modelo-instituicoes-40.png","width":2560,"height":1440,"caption":"Resid\u00eancia M\u00e9dica UEPA. Logo da institui\u00e7\u00e3o"},{"@type":"BreadcrumbList","@id":"https:\/\/www.grupomedcof.com.br\/blog\/edital-residencia-medica-uepa\/#breadcrumb","itemListElement":[{"@type":"ListItem","position":1,"name":"In\u00edcio","item":"https:\/\/www.grupomedcof.com.br\/blog\/"},{"@type":"ListItem","position":2,"name":"Edital UEPA para resid\u00eancia m\u00e9dica 2025\/2026"}]},{"@type":"WebSite","@id":"https:\/\/www.grupomedcof.com.br\/blog\/#website","url":"https:\/\/www.grupomedcof.com.br\/blog\/","name":"Blog de Medcof: conte\u00fados, editais, revalida e mais!","description":"Acesso o blog de MedCof! Seu portal de conte\u00fados sobre resid\u00eancia m\u00e9dica, an\u00e1lise e editais e muito mais. Clique e confira!","publisher":{"@id":"https:\/\/www.grupomedcof.com.br\/blog\/#organization"},"alternateName":"Blog de Medcof: conte\u00fados, editais, revalida e mais!","potentialAction":[{"@type":"SearchAction","target":{"@type":"EntryPoint","urlTemplate":"https:\/\/www.grupomedcof.com.br\/blog\/?s={search_term_string}"},"query-input":{"@type":"PropertyValueSpecification","valueRequired":true,"valueName":"search_term_string"}}],"inLanguage":"pt-BR"},{"@type":"Organization","@id":"https:\/\/www.grupomedcof.com.br\/blog\/#organization","name":"Grupo MedCof","url":"https:\/\/www.grupomedcof.com.br\/blog\/","logo":{"@type":"ImageObject","inLanguage":"pt-BR","@id":"https:\/\/www.grupomedcof.com.br\/blog\/#\/schema\/logo\/image\/","url":"https:\/\/www.grupomedcof.com.br\/blog\/wp-content\/uploads\/2022\/01\/logo-medcof.png","contentUrl":"https:\/\/www.grupomedcof.com.br\/blog\/wp-content\/uploads\/2022\/01\/logo-medcof.png","width":768,"height":269,"caption":"Grupo MedCof"},"image":{"@id":"https:\/\/www.grupomedcof.com.br\/blog\/#\/schema\/logo\/image\/"},"sameAs":["https:\/\/www.facebook.com\/MedCofQbank\/","https:\/\/www.instagram.com\/grupomedcof\/","https:\/\/br.linkedin.com\/company\/medcof","https:\/\/www.youtube.com\/channel\/UCdHMuOHKICxcHwecxN8P-AA"]},{"@type":"Person","@id":"https:\/\/www.grupomedcof.com.br\/blog\/#\/schema\/person\/9a44c2184a836bf5ae6967fdb3a1451e","name":"Leila Menzel","image":{"@type":"ImageObject","inLanguage":"pt-BR","@id":"https:\/\/www.grupomedcof.com.br\/blog\/wp-content\/uploads\/2025\/09\/cropped-eu-96x96.jpeg19a74936d997c0a8b3031618467fa1d0","url":"https:\/\/www.grupomedcof.com.br\/blog\/wp-content\/uploads\/2025\/09\/cropped-eu-96x96.jpeg","contentUrl":"https:\/\/www.grupomedcof.com.br\/blog\/wp-content\/uploads\/2025\/09\/cropped-eu-96x96.jpeg","caption":"Leila Menzel"},"description":"Estudante do 6\u00b0 semestre de jornalismo, amo e escrevo poesias e viajo em livros de romances clich\u00eas.","url":"https:\/\/www.grupomedcof.com.br\/blog\/author\/leila-menzel\/"}]}},"authors":[{"term_id":3616,"user_id":20,"is_guest":0,"slug":"leila-menzel","display_name":"Leila Menzel","avatar_url":"https:\/\/www.grupomedcof.com.br\/blog\/wp-content\/uploads\/2025\/09\/cropped-eu-96x96.jpeg","0":null,"1":"","2":"","3":"","4":"","5":"","6":"","7":"","8":""}],"_links":{"self":[{"href":"https:\/\/www.grupomedcof.com.br\/blog\/wp-json\/wp\/v2\/posts\/16299","targetHints":{"allow":["GET"]}}],"collection":[{"href":"https:\/\/www.grupomedcof.com.br\/blog\/wp-json\/wp\/v2\/posts"}],"about":[{"href":"https:\/\/www.grupomedcof.com.br\/blog\/wp-json\/wp\/v2\/types\/post"}],"author":[{"embeddable":true,"href":"https:\/\/www.grupomedcof.com.br\/blog\/wp-json\/wp\/v2\/users\/20"}],"replies":[{"embeddable":true,"href":"https:\/\/www.grupomedcof.com.br\/blog\/wp-json\/wp\/v2\/comments?post=16299"}],"version-history":[{"count":6,"href":"https:\/\/www.grupomedcof.com.br\/blog\/wp-json\/wp\/v2\/posts\/16299\/revisions"}],"predecessor-version":[{"id":38256,"href":"https:\/\/www.grupomedcof.com.br\/blog\/wp-json\/wp\/v2\/posts\/16299\/revisions\/38256"}],"wp:featuredmedia":[{"embeddable":true,"href":"https:\/\/www.grupomedcof.com.br\/blog\/wp-json\/wp\/v2\/media\/31274"}],"wp:attachment":[{"href":"https:\/\/www.grupomedcof.com.br\/blog\/wp-json\/wp\/v2\/media?parent=16299"}],"wp:term":[{"taxonomy":"category","embeddable":true,"href":"https:\/\/www.grupomedcof.com.br\/blog\/wp-json\/wp\/v2\/categories?post=16299"},{"taxonomy":"post_tag","embeddable":true,"href":"https:\/\/www.grupomedcof.com.br\/blog\/wp-json\/wp\/v2\/tags?post=16299"},{"taxonomy":"author","embeddable":true,"href":"https:\/\/www.grupomedcof.com.br\/blog\/wp-json\/wp\/v2\/ppma_author?post=16299"}],"curies":[{"name":"wp","href":"https:\/\/api.w.org\/{rel}","templated":true}]}}