{"id":16335,"date":"2026-03-04T13:19:59","date_gmt":"2026-03-04T16:19:59","guid":{"rendered":"https:\/\/www.grupomedcof.com.br\/blog\/?p=16335"},"modified":"2026-04-08T13:30:20","modified_gmt":"2026-04-08T16:30:20","slug":"prova-de-titulo-de-dermatologia","status":"publish","type":"post","link":"https:\/\/www.grupomedcof.com.br\/blog\/prova-de-titulo-de-dermatologia\/","title":{"rendered":"Prova de t\u00edtulo em Dermatologia (TED) 2026: inscri\u00e7\u00f5es, cronograma e provas anteriores"},"content":{"rendered":"<div id=\"ez-toc-container\" class=\"ez-toc-v2_0_74 counter-hierarchy ez-toc-counter ez-toc-transparent ez-toc-container-direction\">\n<div class=\"ez-toc-title-container\">\n<p class=\"ez-toc-title\" style=\"cursor:inherit\">Sum\u00e1rio<\/p>\n<span class=\"ez-toc-title-toggle\"><a href=\"#\" class=\"ez-toc-pull-right ez-toc-btn ez-toc-btn-xs ez-toc-btn-default ez-toc-toggle\" aria-label=\"Alternar tabela de conte\u00fado\"><span class=\"ez-toc-js-icon-con\"><span class=\"\"><span class=\"eztoc-hide\" style=\"display:none;\">Toggle<\/span><span class=\"ez-toc-icon-toggle-span\"><svg style=\"fill: #999;color:#999\" xmlns=\"http:\/\/www.w3.org\/2000\/svg\" class=\"list-377408\" width=\"20px\" height=\"20px\" viewBox=\"0 0 24 24\" fill=\"none\"><path d=\"M6 6H4v2h2V6zm14 0H8v2h12V6zM4 11h2v2H4v-2zm16 0H8v2h12v-2zM4 16h2v2H4v-2zm16 0H8v2h12v-2z\" fill=\"currentColor\"><\/path><\/svg><svg style=\"fill: #999;color:#999\" class=\"arrow-unsorted-368013\" xmlns=\"http:\/\/www.w3.org\/2000\/svg\" width=\"10px\" height=\"10px\" viewBox=\"0 0 24 24\" version=\"1.2\" baseProfile=\"tiny\"><path d=\"M18.2 9.3l-6.2-6.3-6.2 6.3c-.2.2-.3.4-.3.7s.1.5.3.7c.2.2.4.3.7.3h11c.3 0 .5-.1.7-.3.2-.2.3-.5.3-.7s-.1-.5-.3-.7zM5.8 14.7l6.2 6.3 6.2-6.3c.2-.2.3-.5.3-.7s-.1-.5-.3-.7c-.2-.2-.4-.3-.7-.3h-11c-.3 0-.5.1-.7.3-.2.2-.3.5-.3.7s.1.5.3.7z\"\/><\/svg><\/span><\/span><\/span><\/a><\/span><\/div>\n<nav><ul class='ez-toc-list ez-toc-list-level-1 ' ><li class='ez-toc-page-1 ez-toc-heading-level-2'><a class=\"ez-toc-link ez-toc-heading-1\" href=\"https:\/\/www.grupomedcof.com.br\/blog\/prova-de-titulo-de-dermatologia\/#TED_2026\" >TED 2026<\/a><ul class='ez-toc-list-level-3' ><li class='ez-toc-heading-level-3'><a class=\"ez-toc-link ez-toc-heading-2\" href=\"https:\/\/www.grupomedcof.com.br\/blog\/prova-de-titulo-de-dermatologia\/#Inscricoes\" >Inscri\u00e7\u00f5es<\/a><\/li><li class='ez-toc-page-1 ez-toc-heading-level-3'><a class=\"ez-toc-link ez-toc-heading-3\" href=\"https:\/\/www.grupomedcof.com.br\/blog\/prova-de-titulo-de-dermatologia\/#Documentos_obrigatorios\" >Documentos obrigat\u00f3rios<\/a><\/li><li class='ez-toc-page-1 ez-toc-heading-level-3'><a class=\"ez-toc-link ez-toc-heading-4\" href=\"https:\/\/www.grupomedcof.com.br\/blog\/prova-de-titulo-de-dermatologia\/#Cronograma_TED_2026\" >Cronograma TED 2026<\/a><\/li><li class='ez-toc-page-1 ez-toc-heading-level-3'><a class=\"ez-toc-link ez-toc-heading-5\" href=\"https:\/\/www.grupomedcof.com.br\/blog\/prova-de-titulo-de-dermatologia\/#Edital_TED_2026\" >Edital TED 2026<\/a><\/li><\/ul><\/li><li class='ez-toc-page-1 ez-toc-heading-level-2'><a class=\"ez-toc-link ez-toc-heading-6\" href=\"https:\/\/www.grupomedcof.com.br\/blog\/prova-de-titulo-de-dermatologia\/#Como_funciona_a_prova\" >Como funciona a prova?<\/a><ul class='ez-toc-list-level-3' ><li class='ez-toc-heading-level-3'><a class=\"ez-toc-link ez-toc-heading-7\" href=\"https:\/\/www.grupomedcof.com.br\/blog\/prova-de-titulo-de-dermatologia\/#Quem_pode_participar\" >Quem pode participar?<\/a><\/li><\/ul><\/li><li class='ez-toc-page-1 ez-toc-heading-level-2'><a class=\"ez-toc-link ez-toc-heading-8\" href=\"https:\/\/www.grupomedcof.com.br\/blog\/prova-de-titulo-de-dermatologia\/#Provas_anteriores\" >Provas anteriores<\/a><ul class='ez-toc-list-level-3' ><li class='ez-toc-heading-level-3'><a class=\"ez-toc-link ez-toc-heading-9\" href=\"https:\/\/www.grupomedcof.com.br\/blog\/prova-de-titulo-de-dermatologia\/#TED_2025\" >TED 2025<\/a><\/li><li class='ez-toc-page-1 ez-toc-heading-level-3'><a class=\"ez-toc-link ez-toc-heading-10\" href=\"https:\/\/www.grupomedcof.com.br\/blog\/prova-de-titulo-de-dermatologia\/#TED_2024\" >TED 2024<\/a><\/li><li class='ez-toc-page-1 ez-toc-heading-level-3'><a class=\"ez-toc-link ez-toc-heading-11\" href=\"https:\/\/www.grupomedcof.com.br\/blog\/prova-de-titulo-de-dermatologia\/#TED_2023\" >TED 2023<\/a><\/li><li class='ez-toc-page-1 ez-toc-heading-level-3'><a class=\"ez-toc-link ez-toc-heading-12\" href=\"https:\/\/www.grupomedcof.com.br\/blog\/prova-de-titulo-de-dermatologia\/#TED_2022\" >TED 2022<\/a><\/li><li class='ez-toc-page-1 ez-toc-heading-level-3'><a class=\"ez-toc-link ez-toc-heading-13\" href=\"https:\/\/www.grupomedcof.com.br\/blog\/prova-de-titulo-de-dermatologia\/#TED_2021\" >TED 2021<\/a><\/li><\/ul><\/li><li class='ez-toc-page-1 ez-toc-heading-level-2'><a class=\"ez-toc-link ez-toc-heading-14\" href=\"https:\/\/www.grupomedcof.com.br\/blog\/prova-de-titulo-de-dermatologia\/#Duvidas_Frequentes_sobre_a_Prova_de_Titulo_de_Dermatologia\" >D\u00favidas Frequentes sobre a Prova de T\u00edtulo de Dermatologia<\/a><ul class='ez-toc-list-level-3' ><li class='ez-toc-heading-level-3'><a class=\"ez-toc-link ez-toc-heading-15\" href=\"https:\/\/www.grupomedcof.com.br\/blog\/prova-de-titulo-de-dermatologia\/#Posso_fazer_o_TED_sem_residencia\" >Posso fazer o TED sem resid\u00eancia?<\/a><\/li><li class='ez-toc-page-1 ez-toc-heading-level-3'><a class=\"ez-toc-link ez-toc-heading-16\" href=\"https:\/\/www.grupomedcof.com.br\/blog\/prova-de-titulo-de-dermatologia\/#Quanto_tempo_estudar_para_a_prova_de_titulo_de_dermatologia\" >Quanto tempo estudar para a prova de t\u00edtulo de dermatologia?<\/a><\/li><li class='ez-toc-page-1 ez-toc-heading-level-3'><a class=\"ez-toc-link ez-toc-heading-17\" href=\"https:\/\/www.grupomedcof.com.br\/blog\/prova-de-titulo-de-dermatologia\/#Como_tirar_o_titulo_de_Dermatologia\" >Como tirar o t\u00edtulo de Dermatologia?<\/a><\/li><li class='ez-toc-page-1 ez-toc-heading-level-3'><a class=\"ez-toc-link ez-toc-heading-18\" href=\"https:\/\/www.grupomedcof.com.br\/blog\/prova-de-titulo-de-dermatologia\/#Como_conseguir_RQE_em_Dermatologia\" >Como conseguir RQE em Dermatologia?<\/a><\/li><li class='ez-toc-page-1 ez-toc-heading-level-3'><a class=\"ez-toc-link ez-toc-heading-19\" href=\"https:\/\/www.grupomedcof.com.br\/blog\/prova-de-titulo-de-dermatologia\/#Como_e_a_prova_pratica_do_TED\" >Como \u00e9 a prova pr\u00e1tica do TED?<\/a><\/li><\/ul><\/li><\/ul><\/nav><\/div>\n\n<figure class=\"wp-block-image size-large\"><img loading=\"lazy\" decoding=\"async\" width=\"1024\" height=\"576\" src=\"https:\/\/www.grupomedcof.com.br\/blog\/wp-content\/uploads\/2023\/12\/Modelo-instituicoes-88-1024x576.jpg\" alt=\"\" class=\"wp-image-33600\" srcset=\"https:\/\/www.grupomedcof.com.br\/blog\/wp-content\/uploads\/2023\/12\/Modelo-instituicoes-88-1024x576.jpg 1024w, https:\/\/www.grupomedcof.com.br\/blog\/wp-content\/uploads\/2023\/12\/Modelo-instituicoes-88-300x169.jpg 300w, https:\/\/www.grupomedcof.com.br\/blog\/wp-content\/uploads\/2023\/12\/Modelo-instituicoes-88-768x432.jpg 768w, https:\/\/www.grupomedcof.com.br\/blog\/wp-content\/uploads\/2023\/12\/Modelo-instituicoes-88-1536x864.jpg 1536w, https:\/\/www.grupomedcof.com.br\/blog\/wp-content\/uploads\/2023\/12\/Modelo-instituicoes-88-747x420.jpg 747w, https:\/\/www.grupomedcof.com.br\/blog\/wp-content\/uploads\/2023\/12\/Modelo-instituicoes-88-150x84.jpg 150w, https:\/\/www.grupomedcof.com.br\/blog\/wp-content\/uploads\/2023\/12\/Modelo-instituicoes-88-696x392.jpg 696w, https:\/\/www.grupomedcof.com.br\/blog\/wp-content\/uploads\/2023\/12\/Modelo-instituicoes-88-1068x601.jpg 1068w, https:\/\/www.grupomedcof.com.br\/blog\/wp-content\/uploads\/2023\/12\/Modelo-instituicoes-88.jpg 1920w\" sizes=\"auto, (max-width: 1024px) 100vw, 1024px\" \/><\/figure>\n\n\n\n<p>A <strong>Sociedade Brasileira de Dermatologia (SBD)<\/strong> divulgou o edital para obten\u00e7\u00e3o do <strong>T\u00edtulo de Especialista em Dermatologia (TED)<\/strong> em 2026!<\/p>\n\n\n\n<h2 class=\"wp-block-heading\" id=\"h-ted-2026\"><span class=\"ez-toc-section\" id=\"TED_2026\"><\/span><strong>TED 2026<\/strong><span class=\"ez-toc-section-end\"><\/span><\/h2>\n\n\n\n<h3 class=\"wp-block-heading\"><span class=\"ez-toc-section\" id=\"Inscricoes\"><\/span><strong>Inscri\u00e7\u00f5es<\/strong><span class=\"ez-toc-section-end\"><\/span><\/h3>\n\n\n\n<p>A <strong>inscri\u00e7\u00e3o preliminar<\/strong> ocorre de <strong>4 a 31 de mar\u00e7o de 2026<\/strong>, com taxa de <strong>R$1.550<\/strong>.<\/p>\n\n\n\n<p>Ap\u00f3s a aprova\u00e7\u00e3o na prova te\u00f3rica, o candidato deve realizar a <strong>inscri\u00e7\u00e3o definitiva<\/strong> entre <strong>12 e 14 de maio de 2026<\/strong>, com envio digital dos documentos que comprovam os pr\u00e9-requisitos.<\/p>\n\n\n\n<p>A confirma\u00e7\u00e3o das inscri\u00e7\u00f5es e os resultados dos recursos s\u00e3o divulgados na plataforma oficial do exame.<\/p>\n\n\n\n<h3 class=\"wp-block-heading\"><span class=\"ez-toc-section\" id=\"Documentos_obrigatorios\"><\/span><strong>Documentos obrigat\u00f3rios<\/strong><span class=\"ez-toc-section-end\"><\/span><\/h3>\n\n\n\n<ul class=\"wp-block-list\">\n<li><strong>Diploma <\/strong>de Medicina (c\u00f3pia autenticada);<\/li>\n\n\n\n<li><strong>CRM <\/strong>definitivo;<\/li>\n\n\n\n<li><strong>Certid\u00e3o \u00e9tico-profissional<\/strong> de nada consta;<\/li>\n\n\n\n<li><strong>Curr\u00edculo vitae<\/strong>;<\/li>\n\n\n\n<li><strong>Documenta\u00e7\u00e3o que comprove resid\u00eancia<\/strong>, <strong>forma\u00e7\u00e3o credenciada<\/strong> ou a<strong>tua\u00e7\u00e3o profissional de 6 anos.<\/strong><\/li>\n<\/ul>\n\n\n\n<h3 class=\"wp-block-heading\"><span class=\"ez-toc-section\" id=\"Cronograma_TED_2026\"><\/span><strong>Cronograma TED 2026<\/strong><span class=\"ez-toc-section-end\"><\/span><\/h3>\n\n\n\n<figure class=\"wp-block-table\"><table class=\"has-fixed-layout\"><tbody><tr><td><strong>Inscri\u00e7\u00f5es preliminares<\/strong><\/td><td>04 a 31\/03\/2026<\/td><\/tr><tr><td><strong>Prova Te\u00f3rica<\/strong><\/td><td>19\/04\/2026<\/td><\/tr><tr><td><strong>Gabarito da Prova Te\u00f3rica<\/strong><\/td><td>20\/04\/2026<\/td><\/tr><tr><td><strong>Inscri\u00e7\u00f5es definitivas e envio dos documentos obrigat\u00f3rios<\/strong><\/td><td>12 a 14\/05\/2026<\/td><\/tr><tr><td><strong>Prova Te\u00f3rico-Pr\u00e1tica<\/strong><\/td><td>21\/06\/2026<\/td><\/tr><tr><td><strong>Resultado final<\/strong><\/td><td>03\/07\/2026<\/td><\/tr><\/tbody><\/table><\/figure>\n\n\n\n<h3 class=\"wp-block-heading\"><span class=\"ez-toc-section\" id=\"Edital_TED_2026\"><\/span><strong>Edital TED 2026<\/strong><span class=\"ez-toc-section-end\"><\/span><\/h3>\n\n\n\n<div class=\"wp-block-buttons is-layout-flex wp-block-buttons-is-layout-flex\">\n<div class=\"wp-block-button\"><a class=\"wp-block-button__link wp-element-button\">Confira o edital TED 2026 na \u00edntegra<\/a><\/div>\n<\/div>\n\n\n\n<h2 class=\"wp-block-heading\"><span class=\"ez-toc-section\" id=\"Como_funciona_a_prova\"><\/span><strong>Como funciona a prova?<\/strong><span class=\"ez-toc-section-end\"><\/span><\/h2>\n\n\n\n<p>O exame \u00e9 composto por <strong>duas etapas eliminat\u00f3rias<\/strong>.<\/p>\n\n\n\n<p><strong>Prova te\u00f3rica (1\u00aa etapa):<\/strong> presencial, ser\u00e1 aplicada em 19 de abril de 2026, das 9h \u00e0s 13h, na UNIP \u2013 Campus Vergueiro, em S\u00e3o Paulo.<\/p>\n\n\n\n<p>A avalia\u00e7\u00e3o ter\u00e1 <strong>80 quest\u00f5es objetivas<\/strong>, com dura\u00e7\u00e3o de quatro horas, abordando conte\u00fados de dermatologia cl\u00ednica, cir\u00fargica, laboratorial e cosmiatria.<\/p>\n\n\n\n<p>Para avan\u00e7ar, \u00e9 necess\u00e1rio atingir no m\u00ednimo 60% de acertos.<\/p>\n\n\n\n<p><strong>Prova te\u00f3rico-pr\u00e1tica (2\u00aa etapa):<\/strong> realizada online em 21 de junho de 2026, das 9h \u00e0s 12h30.<\/p>\n\n\n\n<p>A avalia\u00e7\u00e3o ter\u00e1 <strong>40 quest\u00f5es<\/strong>, com dura\u00e7\u00e3o de tr\u00eas horas e meia, e cobrar\u00e1 conhecimentos cl\u00ednicos, cir\u00fargicos, laboratoriais, histopatol\u00f3gicos, micol\u00f3gicos, cosmi\u00e1tricos e proped\u00eauticos da dermatologia.<\/p>\n\n\n\n<p>Antes da prova, \u00e9 obrigat\u00f3rio realizar um pr\u00e9-teste t\u00e9cnico entre 5 e 16 de junho.<\/p>\n\n\n\n<h3 class=\"wp-block-heading\"><span class=\"ez-toc-section\" id=\"Quem_pode_participar\"><\/span><strong>Quem pode participar?<\/strong><span class=\"ez-toc-section-end\"><\/span><\/h3>\n\n\n\n<p>Podem se inscrever no TED os m\u00e9dicos que <strong>conclu\u00edram resid\u00eancia m\u00e9dica em programa credenciado pelo MEC<\/strong>.&nbsp;<\/p>\n\n\n\n<p id=\"h-\">Tamb\u00e9m s\u00e3o aceitos profissionais que seguiram caminhos alternativos, como <strong>cursos de especializa\u00e7\u00e3o reconhecidos pela SBD e AMB<\/strong>, desde que comprovem experi\u00eancia pr\u00e1tica equivalente.<\/p>\n\n\n\n<figure class=\"wp-block-image\"><a href=\"https:\/\/grupomedcof.com.br\/r\/blog-banner-ted-guia\"><img loading=\"lazy\" decoding=\"async\" width=\"1600\" height=\"500\" src=\"https:\/\/www.grupomedcof.com.br\/blog\/wp-content\/uploads\/2025\/12\/Banner-MedCof-Plus-2200x460-22.png\" alt=\"preparat\u00f3rio ted\" class=\"wp-image-42026\" srcset=\"https:\/\/www.grupomedcof.com.br\/blog\/wp-content\/uploads\/2025\/12\/Banner-MedCof-Plus-2200x460-22.png 1600w, https:\/\/www.grupomedcof.com.br\/blog\/wp-content\/uploads\/2025\/12\/Banner-MedCof-Plus-2200x460-22-300x94.png 300w, https:\/\/www.grupomedcof.com.br\/blog\/wp-content\/uploads\/2025\/12\/Banner-MedCof-Plus-2200x460-22-1024x320.png 1024w, https:\/\/www.grupomedcof.com.br\/blog\/wp-content\/uploads\/2025\/12\/Banner-MedCof-Plus-2200x460-22-768x240.png 768w, https:\/\/www.grupomedcof.com.br\/blog\/wp-content\/uploads\/2025\/12\/Banner-MedCof-Plus-2200x460-22-1536x480.png 1536w, https:\/\/www.grupomedcof.com.br\/blog\/wp-content\/uploads\/2025\/12\/Banner-MedCof-Plus-2200x460-22-1344x420.png 1344w, https:\/\/www.grupomedcof.com.br\/blog\/wp-content\/uploads\/2025\/12\/Banner-MedCof-Plus-2200x460-22-150x47.png 150w, https:\/\/www.grupomedcof.com.br\/blog\/wp-content\/uploads\/2025\/12\/Banner-MedCof-Plus-2200x460-22-696x218.png 696w, https:\/\/www.grupomedcof.com.br\/blog\/wp-content\/uploads\/2025\/12\/Banner-MedCof-Plus-2200x460-22-1068x334.png 1068w\" sizes=\"auto, (max-width: 1600px) 100vw, 1600px\" \/><\/a><\/figure>\n\n\n\n<h2 class=\"wp-block-heading\" id=\"h-provas-anteriores\"><span class=\"ez-toc-section\" id=\"Provas_anteriores\"><\/span><strong>Provas anteriores<\/strong><span class=\"ez-toc-section-end\"><\/span><\/h2>\n\n\n\n<h3 class=\"wp-block-heading\" id=\"h-ted-2025\"><span class=\"ez-toc-section\" id=\"TED_2025\"><\/span><strong>TED 2025<\/strong><span class=\"ez-toc-section-end\"><\/span><\/h3>\n\n\n\n<div class=\"wp-block-buttons is-layout-flex wp-block-buttons-is-layout-flex\">\n<div class=\"wp-block-button\"><a class=\"wp-block-button__link wp-element-button\" href=\"https:\/\/www.grupomedcof.com.br\/blog\/wp-content\/uploads\/2026\/03\/PROVA-TED-2024.pdf\">Prova TED 2025<\/a><\/div>\n\n\n\n<div class=\"wp-block-button\"><a class=\"wp-block-button__link wp-element-button\" href=\"https:\/\/www.youtube.com\/watch?v=vv3q4Q3JtLE&amp;t=2s\">Corre\u00e7\u00e3o TED 2025<\/a><\/div>\n<\/div>\n\n\n\n<h3 class=\"wp-block-heading\" id=\"h-ted-2024\"><span class=\"ez-toc-section\" id=\"TED_2024\"><\/span><strong>TED 2024<\/strong><span class=\"ez-toc-section-end\"><\/span><\/h3>\n\n\n\n<div class=\"wp-block-buttons is-layout-flex wp-block-buttons-is-layout-flex\">\n<div class=\"wp-block-button\"><a class=\"wp-block-button__link wp-element-button\" href=\"https:\/\/www.grupomedcof.com.br\/blog\/wp-content\/uploads\/2026\/03\/PROVA-TED-2024-1.pdf\">Prova TED 2024<\/a><\/div>\n\n\n\n<div class=\"wp-block-button\"><a class=\"wp-block-button__link wp-element-button\" href=\"https:\/\/www.youtube.com\/watch?v=D1xwOFlV6f0\">Corre\u00e7\u00e3o TED 2024<\/a><\/div>\n<\/div>\n\n\n\n<h3 class=\"wp-block-heading\" id=\"h-ted-2023\"><span class=\"ez-toc-section\" id=\"TED_2023\"><\/span><strong>TED 2023<\/strong><span class=\"ez-toc-section-end\"><\/span><\/h3>\n\n\n\n<div class=\"wp-block-buttons is-layout-flex wp-block-buttons-is-layout-flex\">\n<div class=\"wp-block-button\"><a class=\"wp-block-button__link wp-element-button\" href=\"https:\/\/www.grupomedcof.com.br\/blog\/wp-content\/uploads\/2026\/03\/PROVA-TED-2023.pdf\">Prova TED 2023<\/a><\/div>\n\n\n\n<div class=\"wp-block-button\"><a class=\"wp-block-button__link wp-element-button\" href=\"https:\/\/www.youtube.com\/watch?v=JhjZ_U-eKHg\">Corre\u00e7\u00e3o TED 2023<\/a><\/div>\n<\/div>\n\n\n\n<h3 class=\"wp-block-heading\" id=\"h-ted-2022\"><span class=\"ez-toc-section\" id=\"TED_2022\"><\/span><strong>TED 2022<\/strong><span class=\"ez-toc-section-end\"><\/span><\/h3>\n\n\n\n<div class=\"wp-block-buttons is-layout-flex wp-block-buttons-is-layout-flex\">\n<div class=\"wp-block-button\"><a class=\"wp-block-button__link wp-element-button\" href=\"https:\/\/www.grupomedcof.com.br\/blog\/wp-content\/uploads\/2026\/03\/PROVA-TED-2022.pdf\">Prova TED 2022<\/a><\/div>\n\n\n\n<div class=\"wp-block-button\"><a class=\"wp-block-button__link wp-element-button\" href=\"https:\/\/www.youtube.com\/watch?v=-ZkRSsU4cYo\">Corre\u00e7\u00e3o TED 2022<\/a><\/div>\n<\/div>\n\n\n\n<h3 class=\"wp-block-heading\" id=\"h-ted-2021\"><span class=\"ez-toc-section\" id=\"TED_2021\"><\/span><strong>TED 2021<\/strong><span class=\"ez-toc-section-end\"><\/span><\/h3>\n\n\n\n<div class=\"wp-block-buttons is-layout-flex wp-block-buttons-is-layout-flex\">\n<div class=\"wp-block-button\"><a class=\"wp-block-button__link wp-element-button\" href=\"https:\/\/www.grupomedcof.com.br\/blog\/wp-content\/uploads\/2026\/03\/PROVA-TED-2021.pdf\">Prova TED 2021<\/a><\/div>\n\n\n\n<div class=\"wp-block-button\"><a class=\"wp-block-button__link wp-element-button\" href=\"https:\/\/www.youtube.com\/watch?v=HlKeLvISlXs\">Corre\u00e7\u00e3o TED 2021<\/a><\/div>\n<\/div>\n\n\n\n<h2 class=\"wp-block-heading\"><span class=\"ez-toc-section\" id=\"Duvidas_Frequentes_sobre_a_Prova_de_Titulo_de_Dermatologia\"><\/span><strong>D\u00favidas Frequentes sobre a Prova de T\u00edtulo de Dermatologia<\/strong><span class=\"ez-toc-section-end\"><\/span><\/h2>\n\n\n\n<p>Confira <strong>respostas <\/strong>para as principais d\u00favidas sobre a prova TED:<\/p>\n\n\n\n<h3 class=\"wp-block-heading\" id=\"h-posso-fazer-o-ted-sem-residencia\"><span class=\"ez-toc-section\" id=\"Posso_fazer_o_TED_sem_residencia\"><\/span><strong>Posso fazer o TED sem resid\u00eancia?<\/strong><span class=\"ez-toc-section-end\"><\/span><\/h3>\n\n\n\n<p><strong>N\u00e3o<\/strong>. Para se inscrever no TED, <strong>\u00e9 necess\u00e1rio ter conclu\u00eddo resid\u00eancia m\u00e9dica em Dermatologia<\/strong> reconhecida pelo MEC ou seguir caminhos alternativos aprovados pela SBD\/AMB, com comprova\u00e7\u00e3o de experi\u00eancia pr\u00e1tica.<\/p>\n\n\n\n<h3 class=\"wp-block-heading\" id=\"h-quanto-tempo-estudar-para-a-prova-de-titulo-de-dermatologia\"><span class=\"ez-toc-section\" id=\"Quanto_tempo_estudar_para_a_prova_de_titulo_de_dermatologia\"><\/span><strong>Quanto tempo estudar para a prova de t\u00edtulo de dermatologia?<\/strong><span class=\"ez-toc-section-end\"><\/span><\/h3>\n\n\n\n<p>O tempo ideal varia conforme a experi\u00eancia do candidato, mas recomenda-se iniciar a prepara\u00e7\u00e3o de<strong> 6 a 12 meses antes da prova<\/strong>, revisando teoria, imagens e pr\u00e1tica cl\u00ednica.<\/p>\n\n\n\n<h3 class=\"wp-block-heading\" id=\"h-como-tirar-o-titulo-de-dermatologia\"><span class=\"ez-toc-section\" id=\"Como_tirar_o_titulo_de_Dermatologia\"><\/span><strong>Como tirar o t\u00edtulo de Dermatologia?<\/strong><span class=\"ez-toc-section-end\"><\/span><\/h3>\n\n\n\n<p>Para obter o t\u00edtulo, o m\u00e9dico deve cumprir os <strong>pr\u00e9-requisitos, <\/strong>se inscrever na prova, <strong>ser aprovado nas etapas te\u00f3rica, pr\u00e1tica e avalia\u00e7\u00e3o curricular, e receber o reconhecimento oficial<\/strong> da SBD e AMB.<\/p>\n\n\n\n<h3 class=\"wp-block-heading\" id=\"h-como-conseguir-rqe-em-dermatologia\"><span class=\"ez-toc-section\" id=\"Como_conseguir_RQE_em_Dermatologia\"><\/span><strong>Como conseguir RQE em Dermatologia?<\/strong><span class=\"ez-toc-section-end\"><\/span><\/h3>\n\n\n\n<p>O <strong>Registro de Qualifica\u00e7\u00e3o de Especialista (RQE)<\/strong> \u00e9 obtido a<strong>p\u00f3s a aprova\u00e7\u00e3o na prova TED<\/strong>, mediante solicita\u00e7\u00e3o ao Conselho Regional de Medicina com documenta\u00e7\u00e3o que comprove o t\u00edtulo de especialista.<\/p>\n\n\n\n<h3 class=\"wp-block-heading\" id=\"h-como-e-a-prova-pratica-do-ted\"><span class=\"ez-toc-section\" id=\"Como_e_a_prova_pratica_do_TED\"><\/span><strong>Como \u00e9 a prova pr\u00e1tica do TED?<\/strong><span class=\"ez-toc-section-end\"><\/span><\/h3>\n\n\n\n<p>A prova pr\u00e1tica avalia o <strong>racioc\u00ednio cl\u00ednico e a execu\u00e7\u00e3o de procedimentos dermatol\u00f3gicos<\/strong>, por meio de an\u00e1lise de casos, interpreta\u00e7\u00e3o de imagens e identifica\u00e7\u00e3o de les\u00f5es cut\u00e2neas.<\/p>\n","protected":false},"excerpt":{"rendered":"<p>Saiu o edital para a prova de T\u00edtulo de Especialista em Dermatologia (TED) 2026, confira todos os detalhes para voc\u00ea se preparar!<\/p>\n","protected":false},"author":35,"featured_media":33600,"comment_status":"open","ping_status":"open","sticky":false,"template":"","format":"standard","meta":{"footnotes":""},"categories":[203,240,1409,1403],"tags":[204,1568,1452,212,2573],"ppma_author":[3619],"class_list":{"0":"post-16335","1":"post","2":"type-post","3":"status-publish","4":"format-standard","5":"has-post-thumbnail","7":"category-dermatologia","8":"category-noticias","9":"category-prova-de-titulo","10":"category-ted","11":"tag-dermatologia","12":"tag-edital","13":"tag-provas","14":"tag-provas-de-titulo","15":"tag-ted-2025"},"yoast_head":"<!-- This site is optimized with the Yoast SEO Premium plugin v24.3 (Yoast SEO v27.5) - https:\/\/yoast.com\/product\/yoast-seo-premium-wordpress\/ -->\n<title>Prova de t\u00edtulo em Dermatologia (TED) 2026: inscri\u00e7\u00f5es, cronograma e provas anteriores - Blog de Medcof: conte\u00fados, editais, revalida e mais!<\/title>\n<meta name=\"description\" content=\"Saiu o edital para a prova de T\u00edtulo de Especialista em Dermatologia (TED) 2026, confira todos os detalhes para voc\u00ea se preparar!\" \/>\n<meta name=\"robots\" content=\"index, follow, max-snippet:-1, max-image-preview:large, max-video-preview:-1\" \/>\n<link rel=\"canonical\" href=\"https:\/\/www.grupomedcof.com.br\/blog\/prova-de-titulo-de-dermatologia\/\" \/>\n<meta property=\"og:locale\" content=\"pt_BR\" \/>\n<meta property=\"og:type\" content=\"article\" \/>\n<meta property=\"og:title\" content=\"Prova de t\u00edtulo em Dermatologia (TED) 2026: inscri\u00e7\u00f5es, cronograma e provas anteriores\" \/>\n<meta property=\"og:description\" content=\"Saiu o edital para a prova de T\u00edtulo de Especialista em Dermatologia (TED) 2026, confira todos os detalhes para voc\u00ea se preparar!\" \/>\n<meta property=\"og:url\" content=\"https:\/\/www.grupomedcof.com.br\/blog\/prova-de-titulo-de-dermatologia\/\" \/>\n<meta property=\"og:site_name\" content=\"Blog de Medcof: conte\u00fados, editais, revalida e mais!\" \/>\n<meta property=\"article:publisher\" content=\"https:\/\/www.facebook.com\/MedCofQbank\/\" \/>\n<meta property=\"article:published_time\" content=\"2026-03-04T16:19:59+00:00\" \/>\n<meta property=\"article:modified_time\" content=\"2026-04-08T16:30:20+00:00\" \/>\n<meta property=\"og:image\" content=\"https:\/\/www.grupomedcof.com.br\/blog\/wp-content\/uploads\/2023\/12\/Modelo-instituicoes-88.jpg\" \/>\n\t<meta property=\"og:image:width\" content=\"1920\" \/>\n\t<meta property=\"og:image:height\" content=\"1080\" \/>\n\t<meta property=\"og:image:type\" content=\"image\/jpeg\" \/>\n<meta name=\"author\" content=\"Laura Fernandes\" \/>\n<meta name=\"twitter:card\" content=\"summary_large_image\" \/>\n<meta name=\"twitter:label1\" content=\"Escrito por\" \/>\n\t<meta name=\"twitter:data1\" content=\"Laura Fernandes\" \/>\n\t<meta name=\"twitter:label2\" content=\"Est. tempo de leitura\" \/>\n\t<meta name=\"twitter:data2\" content=\"4 minutos\" \/>\n<script type=\"application\/ld+json\" class=\"yoast-schema-graph\">{\"@context\":\"https:\\\/\\\/schema.org\",\"@graph\":[{\"@type\":\"Article\",\"@id\":\"https:\\\/\\\/www.grupomedcof.com.br\\\/blog\\\/prova-de-titulo-de-dermatologia\\\/#article\",\"isPartOf\":{\"@id\":\"https:\\\/\\\/www.grupomedcof.com.br\\\/blog\\\/prova-de-titulo-de-dermatologia\\\/\"},\"author\":{\"name\":\"Laura Fernandes\",\"@id\":\"https:\\\/\\\/www.grupomedcof.com.br\\\/blog\\\/#\\\/schema\\\/person\\\/8ef52fbd7689d8a1d2208bdf4d975d8e\"},\"headline\":\"Prova de t\u00edtulo em Dermatologia (TED) 2026: inscri\u00e7\u00f5es, cronograma e provas anteriores\",\"datePublished\":\"2026-03-04T16:19:59+00:00\",\"dateModified\":\"2026-04-08T16:30:20+00:00\",\"mainEntityOfPage\":{\"@id\":\"https:\\\/\\\/www.grupomedcof.com.br\\\/blog\\\/prova-de-titulo-de-dermatologia\\\/\"},\"wordCount\":631,\"commentCount\":2,\"publisher\":{\"@id\":\"https:\\\/\\\/www.grupomedcof.com.br\\\/blog\\\/#organization\"},\"image\":{\"@id\":\"https:\\\/\\\/www.grupomedcof.com.br\\\/blog\\\/prova-de-titulo-de-dermatologia\\\/#primaryimage\"},\"thumbnailUrl\":\"https:\\\/\\\/www.grupomedcof.com.br\\\/blog\\\/wp-content\\\/uploads\\\/2023\\\/12\\\/Modelo-instituicoes-88.jpg\",\"keywords\":[\"Dermatologia\",\"Edital\",\"Provas\",\"Provas de T\u00edtulo\",\"TED 2025\"],\"articleSection\":[\"Dermatologia\",\"Not\u00edcias\",\"Prova de T\u00edtulo: dicas e informa\u00e7\u00f5es confi\u00e1veis e atualizadas\",\"TED\"],\"inLanguage\":\"pt-BR\"},{\"@type\":\"WebPage\",\"@id\":\"https:\\\/\\\/www.grupomedcof.com.br\\\/blog\\\/prova-de-titulo-de-dermatologia\\\/\",\"url\":\"https:\\\/\\\/www.grupomedcof.com.br\\\/blog\\\/prova-de-titulo-de-dermatologia\\\/\",\"name\":\"Prova de t\u00edtulo em Dermatologia (TED) 2026: inscri\u00e7\u00f5es, cronograma e provas anteriores - Blog de Medcof: conte\u00fados, editais, revalida e mais!\",\"isPartOf\":{\"@id\":\"https:\\\/\\\/www.grupomedcof.com.br\\\/blog\\\/#website\"},\"primaryImageOfPage\":{\"@id\":\"https:\\\/\\\/www.grupomedcof.com.br\\\/blog\\\/prova-de-titulo-de-dermatologia\\\/#primaryimage\"},\"image\":{\"@id\":\"https:\\\/\\\/www.grupomedcof.com.br\\\/blog\\\/prova-de-titulo-de-dermatologia\\\/#primaryimage\"},\"thumbnailUrl\":\"https:\\\/\\\/www.grupomedcof.com.br\\\/blog\\\/wp-content\\\/uploads\\\/2023\\\/12\\\/Modelo-instituicoes-88.jpg\",\"datePublished\":\"2026-03-04T16:19:59+00:00\",\"dateModified\":\"2026-04-08T16:30:20+00:00\",\"description\":\"Saiu o edital para a prova de T\u00edtulo de Especialista em Dermatologia (TED) 2026, confira todos os detalhes para voc\u00ea se preparar!\",\"breadcrumb\":{\"@id\":\"https:\\\/\\\/www.grupomedcof.com.br\\\/blog\\\/prova-de-titulo-de-dermatologia\\\/#breadcrumb\"},\"inLanguage\":\"pt-BR\",\"potentialAction\":[{\"@type\":\"ReadAction\",\"target\":[\"https:\\\/\\\/www.grupomedcof.com.br\\\/blog\\\/prova-de-titulo-de-dermatologia\\\/\"]}]},{\"@type\":\"ImageObject\",\"inLanguage\":\"pt-BR\",\"@id\":\"https:\\\/\\\/www.grupomedcof.com.br\\\/blog\\\/prova-de-titulo-de-dermatologia\\\/#primaryimage\",\"url\":\"https:\\\/\\\/www.grupomedcof.com.br\\\/blog\\\/wp-content\\\/uploads\\\/2023\\\/12\\\/Modelo-instituicoes-88.jpg\",\"contentUrl\":\"https:\\\/\\\/www.grupomedcof.com.br\\\/blog\\\/wp-content\\\/uploads\\\/2023\\\/12\\\/Modelo-instituicoes-88.jpg\",\"width\":1920,\"height\":1080},{\"@type\":\"BreadcrumbList\",\"@id\":\"https:\\\/\\\/www.grupomedcof.com.br\\\/blog\\\/prova-de-titulo-de-dermatologia\\\/#breadcrumb\",\"itemListElement\":[{\"@type\":\"ListItem\",\"position\":1,\"name\":\"In\u00edcio\",\"item\":\"https:\\\/\\\/www.grupomedcof.com.br\\\/blog\\\/\"},{\"@type\":\"ListItem\",\"position\":2,\"name\":\"Prova de t\u00edtulo em Dermatologia (TED) 2026: inscri\u00e7\u00f5es, cronograma e provas anteriores\"}]},{\"@type\":\"WebSite\",\"@id\":\"https:\\\/\\\/www.grupomedcof.com.br\\\/blog\\\/#website\",\"url\":\"https:\\\/\\\/www.grupomedcof.com.br\\\/blog\\\/\",\"name\":\"Blog de Medcof: conte\u00fados, editais, revalida e mais!\",\"description\":\"Acesso o blog de MedCof! Seu portal de conte\u00fados sobre resid\u00eancia m\u00e9dica, an\u00e1lise e editais e muito mais. Clique e confira!\",\"publisher\":{\"@id\":\"https:\\\/\\\/www.grupomedcof.com.br\\\/blog\\\/#organization\"},\"alternateName\":\"Blog de Medcof: conte\u00fados, editais, revalida e mais!\",\"potentialAction\":[{\"@type\":\"SearchAction\",\"target\":{\"@type\":\"EntryPoint\",\"urlTemplate\":\"https:\\\/\\\/www.grupomedcof.com.br\\\/blog\\\/?s={search_term_string}\"},\"query-input\":{\"@type\":\"PropertyValueSpecification\",\"valueRequired\":true,\"valueName\":\"search_term_string\"}}],\"inLanguage\":\"pt-BR\"},{\"@type\":\"Organization\",\"@id\":\"https:\\\/\\\/www.grupomedcof.com.br\\\/blog\\\/#organization\",\"name\":\"Grupo MedCof\",\"url\":\"https:\\\/\\\/www.grupomedcof.com.br\\\/blog\\\/\",\"logo\":{\"@type\":\"ImageObject\",\"inLanguage\":\"pt-BR\",\"@id\":\"https:\\\/\\\/www.grupomedcof.com.br\\\/blog\\\/#\\\/schema\\\/logo\\\/image\\\/\",\"url\":\"https:\\\/\\\/www.grupomedcof.com.br\\\/blog\\\/wp-content\\\/uploads\\\/2022\\\/01\\\/logo-medcof.png\",\"contentUrl\":\"https:\\\/\\\/www.grupomedcof.com.br\\\/blog\\\/wp-content\\\/uploads\\\/2022\\\/01\\\/logo-medcof.png\",\"width\":768,\"height\":269,\"caption\":\"Grupo MedCof\"},\"image\":{\"@id\":\"https:\\\/\\\/www.grupomedcof.com.br\\\/blog\\\/#\\\/schema\\\/logo\\\/image\\\/\"},\"sameAs\":[\"https:\\\/\\\/www.facebook.com\\\/MedCofQbank\\\/\",\"https:\\\/\\\/www.instagram.com\\\/grupomedcof\\\/\",\"https:\\\/\\\/br.linkedin.com\\\/company\\\/medcof\",\"https:\\\/\\\/www.youtube.com\\\/channel\\\/UCdHMuOHKICxcHwecxN8P-AA\"]},{\"@type\":\"Person\",\"@id\":\"https:\\\/\\\/www.grupomedcof.com.br\\\/blog\\\/#\\\/schema\\\/person\\\/8ef52fbd7689d8a1d2208bdf4d975d8e\",\"name\":\"Laura Fernandes\",\"image\":{\"@type\":\"ImageObject\",\"inLanguage\":\"pt-BR\",\"@id\":\"https:\\\/\\\/www.grupomedcof.com.br\\\/blog\\\/wp-content\\\/uploads\\\/2025\\\/09\\\/cropped-equipe-96x96.jpegaa171aa213b4913d9406ab69d274aa2a\",\"url\":\"https:\\\/\\\/www.grupomedcof.com.br\\\/blog\\\/wp-content\\\/uploads\\\/2025\\\/09\\\/cropped-equipe-96x96.jpeg\",\"contentUrl\":\"https:\\\/\\\/www.grupomedcof.com.br\\\/blog\\\/wp-content\\\/uploads\\\/2025\\\/09\\\/cropped-equipe-96x96.jpeg\",\"caption\":\"Laura Fernandes\"},\"description\":\"Jornalista pela UFOP, escrevo sobre sa\u00fade e especializa\u00e7\u00f5es m\u00e9dicas.\",\"url\":\"https:\\\/\\\/www.grupomedcof.com.br\\\/blog\\\/author\\\/laura\\\/\"}]}<\/script>\n<!-- \/ Yoast SEO Premium plugin. -->","yoast_head_json":{"title":"Prova de t\u00edtulo em Dermatologia (TED) 2026: inscri\u00e7\u00f5es, cronograma e provas anteriores - Blog de Medcof: conte\u00fados, editais, revalida e mais!","description":"Saiu o edital para a prova de T\u00edtulo de Especialista em Dermatologia (TED) 2026, confira todos os detalhes para voc\u00ea se preparar!","robots":{"index":"index","follow":"follow","max-snippet":"max-snippet:-1","max-image-preview":"max-image-preview:large","max-video-preview":"max-video-preview:-1"},"canonical":"https:\/\/www.grupomedcof.com.br\/blog\/prova-de-titulo-de-dermatologia\/","og_locale":"pt_BR","og_type":"article","og_title":"Prova de t\u00edtulo em Dermatologia (TED) 2026: inscri\u00e7\u00f5es, cronograma e provas anteriores","og_description":"Saiu o edital para a prova de T\u00edtulo de Especialista em Dermatologia (TED) 2026, confira todos os detalhes para voc\u00ea se preparar!","og_url":"https:\/\/www.grupomedcof.com.br\/blog\/prova-de-titulo-de-dermatologia\/","og_site_name":"Blog de Medcof: conte\u00fados, editais, revalida e mais!","article_publisher":"https:\/\/www.facebook.com\/MedCofQbank\/","article_published_time":"2026-03-04T16:19:59+00:00","article_modified_time":"2026-04-08T16:30:20+00:00","og_image":[{"width":1920,"height":1080,"url":"https:\/\/www.grupomedcof.com.br\/blog\/wp-content\/uploads\/2023\/12\/Modelo-instituicoes-88.jpg","type":"image\/jpeg"}],"author":"Laura Fernandes","twitter_card":"summary_large_image","twitter_misc":{"Escrito por":"Laura Fernandes","Est. tempo de leitura":"4 minutos"},"schema":{"@context":"https:\/\/schema.org","@graph":[{"@type":"Article","@id":"https:\/\/www.grupomedcof.com.br\/blog\/prova-de-titulo-de-dermatologia\/#article","isPartOf":{"@id":"https:\/\/www.grupomedcof.com.br\/blog\/prova-de-titulo-de-dermatologia\/"},"author":{"name":"Laura Fernandes","@id":"https:\/\/www.grupomedcof.com.br\/blog\/#\/schema\/person\/8ef52fbd7689d8a1d2208bdf4d975d8e"},"headline":"Prova de t\u00edtulo em Dermatologia (TED) 2026: inscri\u00e7\u00f5es, cronograma e provas anteriores","datePublished":"2026-03-04T16:19:59+00:00","dateModified":"2026-04-08T16:30:20+00:00","mainEntityOfPage":{"@id":"https:\/\/www.grupomedcof.com.br\/blog\/prova-de-titulo-de-dermatologia\/"},"wordCount":631,"commentCount":2,"publisher":{"@id":"https:\/\/www.grupomedcof.com.br\/blog\/#organization"},"image":{"@id":"https:\/\/www.grupomedcof.com.br\/blog\/prova-de-titulo-de-dermatologia\/#primaryimage"},"thumbnailUrl":"https:\/\/www.grupomedcof.com.br\/blog\/wp-content\/uploads\/2023\/12\/Modelo-instituicoes-88.jpg","keywords":["Dermatologia","Edital","Provas","Provas de T\u00edtulo","TED 2025"],"articleSection":["Dermatologia","Not\u00edcias","Prova de T\u00edtulo: dicas e informa\u00e7\u00f5es confi\u00e1veis e atualizadas","TED"],"inLanguage":"pt-BR"},{"@type":"WebPage","@id":"https:\/\/www.grupomedcof.com.br\/blog\/prova-de-titulo-de-dermatologia\/","url":"https:\/\/www.grupomedcof.com.br\/blog\/prova-de-titulo-de-dermatologia\/","name":"Prova de t\u00edtulo em Dermatologia (TED) 2026: inscri\u00e7\u00f5es, cronograma e provas anteriores - Blog de Medcof: conte\u00fados, editais, revalida e mais!","isPartOf":{"@id":"https:\/\/www.grupomedcof.com.br\/blog\/#website"},"primaryImageOfPage":{"@id":"https:\/\/www.grupomedcof.com.br\/blog\/prova-de-titulo-de-dermatologia\/#primaryimage"},"image":{"@id":"https:\/\/www.grupomedcof.com.br\/blog\/prova-de-titulo-de-dermatologia\/#primaryimage"},"thumbnailUrl":"https:\/\/www.grupomedcof.com.br\/blog\/wp-content\/uploads\/2023\/12\/Modelo-instituicoes-88.jpg","datePublished":"2026-03-04T16:19:59+00:00","dateModified":"2026-04-08T16:30:20+00:00","description":"Saiu o edital para a prova de T\u00edtulo de Especialista em Dermatologia (TED) 2026, confira todos os detalhes para voc\u00ea se preparar!","breadcrumb":{"@id":"https:\/\/www.grupomedcof.com.br\/blog\/prova-de-titulo-de-dermatologia\/#breadcrumb"},"inLanguage":"pt-BR","potentialAction":[{"@type":"ReadAction","target":["https:\/\/www.grupomedcof.com.br\/blog\/prova-de-titulo-de-dermatologia\/"]}]},{"@type":"ImageObject","inLanguage":"pt-BR","@id":"https:\/\/www.grupomedcof.com.br\/blog\/prova-de-titulo-de-dermatologia\/#primaryimage","url":"https:\/\/www.grupomedcof.com.br\/blog\/wp-content\/uploads\/2023\/12\/Modelo-instituicoes-88.jpg","contentUrl":"https:\/\/www.grupomedcof.com.br\/blog\/wp-content\/uploads\/2023\/12\/Modelo-instituicoes-88.jpg","width":1920,"height":1080},{"@type":"BreadcrumbList","@id":"https:\/\/www.grupomedcof.com.br\/blog\/prova-de-titulo-de-dermatologia\/#breadcrumb","itemListElement":[{"@type":"ListItem","position":1,"name":"In\u00edcio","item":"https:\/\/www.grupomedcof.com.br\/blog\/"},{"@type":"ListItem","position":2,"name":"Prova de t\u00edtulo em Dermatologia (TED) 2026: inscri\u00e7\u00f5es, cronograma e provas anteriores"}]},{"@type":"WebSite","@id":"https:\/\/www.grupomedcof.com.br\/blog\/#website","url":"https:\/\/www.grupomedcof.com.br\/blog\/","name":"Blog de Medcof: conte\u00fados, editais, revalida e mais!","description":"Acesso o blog de MedCof! Seu portal de conte\u00fados sobre resid\u00eancia m\u00e9dica, an\u00e1lise e editais e muito mais. Clique e confira!","publisher":{"@id":"https:\/\/www.grupomedcof.com.br\/blog\/#organization"},"alternateName":"Blog de Medcof: conte\u00fados, editais, revalida e mais!","potentialAction":[{"@type":"SearchAction","target":{"@type":"EntryPoint","urlTemplate":"https:\/\/www.grupomedcof.com.br\/blog\/?s={search_term_string}"},"query-input":{"@type":"PropertyValueSpecification","valueRequired":true,"valueName":"search_term_string"}}],"inLanguage":"pt-BR"},{"@type":"Organization","@id":"https:\/\/www.grupomedcof.com.br\/blog\/#organization","name":"Grupo MedCof","url":"https:\/\/www.grupomedcof.com.br\/blog\/","logo":{"@type":"ImageObject","inLanguage":"pt-BR","@id":"https:\/\/www.grupomedcof.com.br\/blog\/#\/schema\/logo\/image\/","url":"https:\/\/www.grupomedcof.com.br\/blog\/wp-content\/uploads\/2022\/01\/logo-medcof.png","contentUrl":"https:\/\/www.grupomedcof.com.br\/blog\/wp-content\/uploads\/2022\/01\/logo-medcof.png","width":768,"height":269,"caption":"Grupo MedCof"},"image":{"@id":"https:\/\/www.grupomedcof.com.br\/blog\/#\/schema\/logo\/image\/"},"sameAs":["https:\/\/www.facebook.com\/MedCofQbank\/","https:\/\/www.instagram.com\/grupomedcof\/","https:\/\/br.linkedin.com\/company\/medcof","https:\/\/www.youtube.com\/channel\/UCdHMuOHKICxcHwecxN8P-AA"]},{"@type":"Person","@id":"https:\/\/www.grupomedcof.com.br\/blog\/#\/schema\/person\/8ef52fbd7689d8a1d2208bdf4d975d8e","name":"Laura Fernandes","image":{"@type":"ImageObject","inLanguage":"pt-BR","@id":"https:\/\/www.grupomedcof.com.br\/blog\/wp-content\/uploads\/2025\/09\/cropped-equipe-96x96.jpegaa171aa213b4913d9406ab69d274aa2a","url":"https:\/\/www.grupomedcof.com.br\/blog\/wp-content\/uploads\/2025\/09\/cropped-equipe-96x96.jpeg","contentUrl":"https:\/\/www.grupomedcof.com.br\/blog\/wp-content\/uploads\/2025\/09\/cropped-equipe-96x96.jpeg","caption":"Laura Fernandes"},"description":"Jornalista pela UFOP, escrevo sobre sa\u00fade e especializa\u00e7\u00f5es m\u00e9dicas.","url":"https:\/\/www.grupomedcof.com.br\/blog\/author\/laura\/"}]}},"authors":[{"term_id":3619,"user_id":35,"is_guest":0,"slug":"laura","display_name":"Laura Fernandes","avatar_url":"https:\/\/www.grupomedcof.com.br\/blog\/wp-content\/uploads\/2025\/09\/cropped-equipe-96x96.jpeg","0":null,"1":"","2":"","3":"","4":"","5":"","6":"","7":"","8":""}],"_links":{"self":[{"href":"https:\/\/www.grupomedcof.com.br\/blog\/wp-json\/wp\/v2\/posts\/16335","targetHints":{"allow":["GET"]}}],"collection":[{"href":"https:\/\/www.grupomedcof.com.br\/blog\/wp-json\/wp\/v2\/posts"}],"about":[{"href":"https:\/\/www.grupomedcof.com.br\/blog\/wp-json\/wp\/v2\/types\/post"}],"author":[{"embeddable":true,"href":"https:\/\/www.grupomedcof.com.br\/blog\/wp-json\/wp\/v2\/users\/35"}],"replies":[{"embeddable":true,"href":"https:\/\/www.grupomedcof.com.br\/blog\/wp-json\/wp\/v2\/comments?post=16335"}],"version-history":[{"count":21,"href":"https:\/\/www.grupomedcof.com.br\/blog\/wp-json\/wp\/v2\/posts\/16335\/revisions"}],"predecessor-version":[{"id":42848,"href":"https:\/\/www.grupomedcof.com.br\/blog\/wp-json\/wp\/v2\/posts\/16335\/revisions\/42848"}],"wp:featuredmedia":[{"embeddable":true,"href":"https:\/\/www.grupomedcof.com.br\/blog\/wp-json\/wp\/v2\/media\/33600"}],"wp:attachment":[{"href":"https:\/\/www.grupomedcof.com.br\/blog\/wp-json\/wp\/v2\/media?parent=16335"}],"wp:term":[{"taxonomy":"category","embeddable":true,"href":"https:\/\/www.grupomedcof.com.br\/blog\/wp-json\/wp\/v2\/categories?post=16335"},{"taxonomy":"post_tag","embeddable":true,"href":"https:\/\/www.grupomedcof.com.br\/blog\/wp-json\/wp\/v2\/tags?post=16335"},{"taxonomy":"author","embeddable":true,"href":"https:\/\/www.grupomedcof.com.br\/blog\/wp-json\/wp\/v2\/ppma_author?post=16335"}],"curies":[{"name":"wp","href":"https:\/\/api.w.org\/{rel}","templated":true}]}}