{"id":16359,"date":"2023-12-06T09:43:02","date_gmt":"2023-12-06T12:43:02","guid":{"rendered":"https:\/\/www.grupomedcof.com.br\/blog\/?p=16359"},"modified":"2024-07-01T13:31:27","modified_gmt":"2024-07-01T16:31:27","slug":"uso-de-antidepressivos-na-gestacao","status":"publish","type":"post","link":"https:\/\/www.grupomedcof.com.br\/blog\/uso-de-antidepressivos-na-gestacao\/","title":{"rendered":"Uso de antidepressivos na gesta\u00e7\u00e3o"},"content":{"rendered":"<div id=\"ez-toc-container\" class=\"ez-toc-v2_0_74 counter-hierarchy ez-toc-counter ez-toc-transparent ez-toc-container-direction\">\n<div class=\"ez-toc-title-container\">\n<p class=\"ez-toc-title\" style=\"cursor:inherit\">Sum\u00e1rio<\/p>\n<span class=\"ez-toc-title-toggle\"><a href=\"#\" class=\"ez-toc-pull-right ez-toc-btn ez-toc-btn-xs ez-toc-btn-default ez-toc-toggle\" aria-label=\"Alternar tabela de conte\u00fado\"><span class=\"ez-toc-js-icon-con\"><span class=\"\"><span class=\"eztoc-hide\" style=\"display:none;\">Toggle<\/span><span class=\"ez-toc-icon-toggle-span\"><svg style=\"fill: #999;color:#999\" xmlns=\"http:\/\/www.w3.org\/2000\/svg\" class=\"list-377408\" width=\"20px\" height=\"20px\" viewBox=\"0 0 24 24\" fill=\"none\"><path d=\"M6 6H4v2h2V6zm14 0H8v2h12V6zM4 11h2v2H4v-2zm16 0H8v2h12v-2zM4 16h2v2H4v-2zm16 0H8v2h12v-2z\" fill=\"currentColor\"><\/path><\/svg><svg style=\"fill: #999;color:#999\" class=\"arrow-unsorted-368013\" xmlns=\"http:\/\/www.w3.org\/2000\/svg\" width=\"10px\" height=\"10px\" viewBox=\"0 0 24 24\" version=\"1.2\" baseProfile=\"tiny\"><path d=\"M18.2 9.3l-6.2-6.3-6.2 6.3c-.2.2-.3.4-.3.7s.1.5.3.7c.2.2.4.3.7.3h11c.3 0 .5-.1.7-.3.2-.2.3-.5.3-.7s-.1-.5-.3-.7zM5.8 14.7l6.2 6.3 6.2-6.3c.2-.2.3-.5.3-.7s-.1-.5-.3-.7c-.2-.2-.4-.3-.7-.3h-11c-.3 0-.5.1-.7.3-.2.2-.3.5-.3.7s.1.5.3.7z\"\/><\/svg><\/span><\/span><\/span><\/a><\/span><\/div>\n<nav><ul class='ez-toc-list ez-toc-list-level-1 ' ><li class='ez-toc-page-1 ez-toc-heading-level-2'><a class=\"ez-toc-link ez-toc-heading-1\" href=\"https:\/\/www.grupomedcof.com.br\/blog\/uso-de-antidepressivos-na-gestacao\/#Introducao\" >Introdu\u00e7\u00e3o<\/a><\/li><li class='ez-toc-page-1 ez-toc-heading-level-2'><a class=\"ez-toc-link ez-toc-heading-2\" href=\"https:\/\/www.grupomedcof.com.br\/blog\/uso-de-antidepressivos-na-gestacao\/#O_que_avaliar\" >O que avaliar?<\/a><ul class='ez-toc-list-level-3' ><li class='ez-toc-heading-level-3'><a class=\"ez-toc-link ez-toc-heading-3\" href=\"https:\/\/www.grupomedcof.com.br\/blog\/uso-de-antidepressivos-na-gestacao\/#Avaliacao_individualizada\" >Avalia\u00e7\u00e3o individualizada:<\/a><\/li><li class='ez-toc-page-1 ez-toc-heading-level-3'><a class=\"ez-toc-link ez-toc-heading-4\" href=\"https:\/\/www.grupomedcof.com.br\/blog\/uso-de-antidepressivos-na-gestacao\/#Uso_de_antidepressivos_na_gestacao_Seguranca_para_a_mae_e_o_feto\" >Uso de antidepressivos na gesta\u00e7\u00e3o: Seguran\u00e7a para a m\u00e3e e o feto<\/a><\/li><\/ul><\/li><li class='ez-toc-page-1 ez-toc-heading-level-2'><a class=\"ez-toc-link ez-toc-heading-5\" href=\"https:\/\/www.grupomedcof.com.br\/blog\/uso-de-antidepressivos-na-gestacao\/#Alternativas_nao_medicamentosas\" >Alternativas n\u00e3o medicamentosas:<\/a><ul class='ez-toc-list-level-3' ><li class='ez-toc-heading-level-3'><a class=\"ez-toc-link ez-toc-heading-6\" href=\"https:\/\/www.grupomedcof.com.br\/blog\/uso-de-antidepressivos-na-gestacao\/#Monitoramento_regular\" >Monitoramento regular:<\/a><\/li><\/ul><\/li><li class='ez-toc-page-1 ez-toc-heading-level-2'><a class=\"ez-toc-link ez-toc-heading-7\" href=\"https:\/\/www.grupomedcof.com.br\/blog\/uso-de-antidepressivos-na-gestacao\/#O_que_temos_de_evidencia_sobre_cada_classe\" >O que temos de evid\u00eancia sobre cada classe?<\/a><ul class='ez-toc-list-level-3' ><li class='ez-toc-heading-level-3'><a class=\"ez-toc-link ez-toc-heading-8\" href=\"https:\/\/www.grupomedcof.com.br\/blog\/uso-de-antidepressivos-na-gestacao\/#Antidepressivos\" >Antidepressivos<\/a><\/li><li class='ez-toc-page-1 ez-toc-heading-level-3'><a class=\"ez-toc-link ez-toc-heading-9\" href=\"https:\/\/www.grupomedcof.com.br\/blog\/uso-de-antidepressivos-na-gestacao\/#ISRS\" >ISRS<\/a><\/li><li class='ez-toc-page-1 ez-toc-heading-level-3'><a class=\"ez-toc-link ez-toc-heading-10\" href=\"https:\/\/www.grupomedcof.com.br\/blog\/uso-de-antidepressivos-na-gestacao\/#Triciclicos\" >Tric\u00edclicos<\/a><\/li><li class='ez-toc-page-1 ez-toc-heading-level-3'><a class=\"ez-toc-link ez-toc-heading-11\" href=\"https:\/\/www.grupomedcof.com.br\/blog\/uso-de-antidepressivos-na-gestacao\/#Outros_antidepressivos\" >Outros antidepressivos<\/a><\/li><\/ul><\/li><li class='ez-toc-page-1 ez-toc-heading-level-2'><a class=\"ez-toc-link ez-toc-heading-12\" href=\"https:\/\/www.grupomedcof.com.br\/blog\/uso-de-antidepressivos-na-gestacao\/#Estabilizadores_do_humor\" >Estabilizadores do humor<\/a><\/li><li class='ez-toc-page-1 ez-toc-heading-level-2'><a class=\"ez-toc-link ez-toc-heading-13\" href=\"https:\/\/www.grupomedcof.com.br\/blog\/uso-de-antidepressivos-na-gestacao\/#Benzodiazepinicos\" >Benzodiazep\u00ednicos<\/a><\/li><li class='ez-toc-page-1 ez-toc-heading-level-2'><a class=\"ez-toc-link ez-toc-heading-14\" href=\"https:\/\/www.grupomedcof.com.br\/blog\/uso-de-antidepressivos-na-gestacao\/#Antipsicoticos\" >Antipsic\u00f3ticos<\/a><\/li><li class='ez-toc-page-1 ez-toc-heading-level-2'><a class=\"ez-toc-link ez-toc-heading-15\" href=\"https:\/\/www.grupomedcof.com.br\/blog\/uso-de-antidepressivos-na-gestacao\/#Uso_de_antidepressivos_da_gestacao\" >Uso de antidepressivos da gesta\u00e7\u00e3o<\/a><\/li><li class='ez-toc-page-1 ez-toc-heading-level-2'><a class=\"ez-toc-link ez-toc-heading-16\" href=\"https:\/\/www.grupomedcof.com.br\/blog\/uso-de-antidepressivos-na-gestacao\/#Conquiste_a_aprovacao\" >Conquiste a aprova\u00e7\u00e3o<\/a><\/li><\/ul><\/nav><\/div>\n<p><img loading=\"lazy\" decoding=\"async\" width=\"800\" height=\"450\" src=\"https:\/\/www.grupomedcof.com.br\/blog\/wp-content\/uploads\/2023\/12\/Blog-MedCof-3-1-1024x576.png\" alt=\"antidepressivos na gesta\u00e7\u00e3o, psicotr\u00f3picos na gesta\u00e7\u00e3o, gesta\u00e7\u00e3o. antidepressivos na gravidez, psicotr\u00f3picos na gravidez, psicotr\u00f3picos, antidepressivos na gravidez,\" srcset=\"https:\/\/www.grupomedcof.com.br\/blog\/wp-content\/uploads\/2023\/12\/Blog-MedCof-3-1-1024x576.png 1024w, https:\/\/www.grupomedcof.com.br\/blog\/wp-content\/uploads\/2023\/12\/Blog-MedCof-3-1-300x169.png 300w, https:\/\/www.grupomedcof.com.br\/blog\/wp-content\/uploads\/2023\/12\/Blog-MedCof-3-1-768x432.png 768w, https:\/\/www.grupomedcof.com.br\/blog\/wp-content\/uploads\/2023\/12\/Blog-MedCof-3-1-1536x864.png 1536w, https:\/\/www.grupomedcof.com.br\/blog\/wp-content\/uploads\/2023\/12\/Blog-MedCof-3-1-2048x1152.png 2048w\" sizes=\"auto, (max-width: 800px) 100vw, 800px\" \/>\t\t\t\t\t\t\t\t\t\t\t\t\t\t\t<\/p>\n<p><strong>Uso de antidepressivos na gesta\u00e7\u00e3o:<\/strong> A sa\u00fade mental durante a gesta\u00e7\u00e3o \u00e9 uma preocupa\u00e7\u00e3o fundamental, tanto para a m\u00e3e quanto para o desenvolvimento saud\u00e1vel do feto.<\/p>\n<\/p>\n<p>Neste post abordaremos sobre alguns <strong>pontos que se deve avaliar<\/strong> no uso de psicotr\u00f3picos na gesta\u00e7\u00e3o.<\/p>\n<h4>\n\t\t\t\tVeja a seguir\t\t\t<\/h4>\n<h2 style=\"font-family: Poppins, sans-serif; color: #7a7a7a;\"><span class=\"ez-toc-section\" id=\"Introducao\"><\/span><strong>Introdu\u00e7\u00e3o<\/strong><span class=\"ez-toc-section-end\"><\/span><\/h2>\n<p>O uso dos antipsic\u00f3ticos na gesta\u00e7\u00e3o \u00e9 um grande desafio para a psiquiatria, principalmente quando h\u00e1 a necessidade de iniciar o antidepressivo em vig\u00eancia da gesta\u00e7\u00e3o.<\/p>\n<\/p>\n<p>Por outro lado, o uso de psicotr\u00f3picos como antidepressivos, estabilizadores de humor ou ansiol\u00edticos, pode ser necess\u00e1rio para tratar transtornos psiqui\u00e1tricos durante a gravidez. Especialmente pelo fato que as mulheres est\u00e3o mais vulner\u00e1veis a apresentar nesse per\u00edodo de flutua\u00e7\u00e3o hormonal e mudan\u00e7a de vida, uma piora ou desenvolvimento de um transtorno mental.<\/p>\n<\/p>\n<p>Portanto, a avalia\u00e7\u00e3o da decis\u00e3o de utilizar esses medicamentos deve ocorrer de forma cuidadosa, levando em considera\u00e7\u00e3o os potenciais riscos e benef\u00edcios envolvidos.<\/p>\n<p>\t\t\t\t\t\t\t\t\t\t\t\t\t\t\t<img loading=\"lazy\" decoding=\"async\" width=\"800\" height=\"135\" src=\"https:\/\/www.grupomedcof.com.br\/blog\/wp-content\/uploads\/2023\/12\/Blog-MedCof-6-e1701865068938-1024x173.png\" alt=\"antidepressivos na gesta\u00e7\u00e3o, psicotr\u00f3picos na gesta\u00e7\u00e3o, gesta\u00e7\u00e3o. antidepressivos na gravidez, psicotr\u00f3picos na gravidez, psicotr\u00f3picos, antidepressivos na gravidez,\" srcset=\"https:\/\/www.grupomedcof.com.br\/blog\/wp-content\/uploads\/2023\/12\/Blog-MedCof-6-e1701865068938-1024x173.png 1024w, https:\/\/www.grupomedcof.com.br\/blog\/wp-content\/uploads\/2023\/12\/Blog-MedCof-6-e1701865068938-300x51.png 300w, https:\/\/www.grupomedcof.com.br\/blog\/wp-content\/uploads\/2023\/12\/Blog-MedCof-6-e1701865068938-768x130.png 768w, https:\/\/www.grupomedcof.com.br\/blog\/wp-content\/uploads\/2023\/12\/Blog-MedCof-6-e1701865068938-1536x259.png 1536w, https:\/\/www.grupomedcof.com.br\/blog\/wp-content\/uploads\/2023\/12\/Blog-MedCof-6-e1701865068938.png 1920w\" sizes=\"auto, (max-width: 800px) 100vw, 800px\" \/>\t\t\t\t\t\t\t\t\t\t\t\t\t\t\t<\/p>\n<h2 style=\"font-family: Poppins, sans-serif; color: #7a7a7a;\"><span class=\"ez-toc-section\" id=\"O_que_avaliar\"><\/span><strong>O que avaliar?<\/strong><span class=\"ez-toc-section-end\"><\/span><\/h2>\n<h3 id=\"h-avaliacao-individualizada\" style=\"font-family: Poppins, sans-serif; color: #7a7a7a;\"><span class=\"ez-toc-section\" id=\"Avaliacao_individualizada\"><\/span><strong>Avalia\u00e7\u00e3o individualizada:<\/strong><span class=\"ez-toc-section-end\"><\/span><\/h3>\n<p>A decis\u00e3o de indicar o uso de psicotr\u00f3picos na gesta\u00e7\u00e3o deve ter como base uma avalia\u00e7\u00e3o individualizada de cada caso, considerando fatores como:<\/p>\n<\/p>\n<ul style=\"font-size: 16px; background-color: #ffffff;\">\n<li style=\"font-size: 16px; list-style-type: none;\">&nbsp;<\/li>\n<\/ul>\n<ul style=\"font-size: 16px; background-color: #ffffff;\">\n<li style=\"font-size: 16px; list-style-type: none;\">\n<ul style=\"font-size: 16px;\">\n<li style=\"font-size: 16px;\">gravidade do transtorno psiqui\u00e1trico;<\/li>\n<\/ul>\n<\/li>\n<\/ul>\n<ul style=\"font-size: 16px; background-color: #ffffff;\">\n<li style=\"font-size: 16px; list-style-type: none;\">\n<ul style=\"font-size: 16px;\">\n<li style=\"font-size: 16px;\">hist\u00f3rico de tratamento anterior;<\/li>\n<\/ul>\n<\/li>\n<\/ul>\n<ul style=\"font-size: 16px; background-color: #ffffff;\">\n<li style=\"font-size: 16px; list-style-type: none;\">\n<ul style=\"font-size: 16px;\">\n<li style=\"font-size: 16px;\">riscos associados \u00e0 doen\u00e7a n\u00e3o tratada e riscos potenciais do uso de medicamentos.<\/li>\n<\/ul>\n<\/li>\n<\/ul>\n<ul>\n<\/ul>\n<h3 id=\"h-uso-de-antidepressivos-na-gestacao-seguranca-para-a-mae-e-o-feto\" style=\"font-family: Poppins, sans-serif; color: #7a7a7a;\"><span class=\"ez-toc-section\" id=\"Uso_de_antidepressivos_na_gestacao_Seguranca_para_a_mae_e_o_feto\"><\/span>Uso de antidepressivos na gesta\u00e7\u00e3o: Seguran\u00e7a para a m\u00e3e e o feto<span class=\"ez-toc-section-end\"><\/span><\/h3>\n<p>A seguran\u00e7a do uso de psicotr\u00f3picos na gesta\u00e7\u00e3o \u00e9 uma preocupa\u00e7\u00e3o importante. Estudos recentes t\u00eam investigado os efeitos desses medicamentos no desenvolvimento fetal e no resultado da gesta\u00e7\u00e3o.<\/p>\n<\/p>\n<p>Sendo assim, deve-se avaliar o:<\/p>\n<ul style=\"font-size: 16px; background-color: #ffffff;\">\n<li style=\"font-size: 16px;\">Risco de Abortamento,<\/li>\n<li style=\"font-size: 16px;\">Risco de malforma\u00e7\u00e3o ou teratog\u00eanese;<\/li>\n<li style=\"font-size: 16px;\">Risco de toxicidade neonatal e s\u00edndrome de abstin\u00eancia e<\/li>\n<li style=\"font-size: 16px;\">Risco de sequelas neurocomportamentais a longo prazo<\/li>\n<\/ul>\n<p>\t\t\t\t\t\t\t\t\t\t\t\t\t\t\t\t<a href=\"https:\/\/www.grupomedcof.com.br\/blog\/qbank-medcof\/\" target=\"_blank\" rel=\"noopener\"><br \/>\n\t\t\t\t\t\t\t<img loading=\"lazy\" decoding=\"async\" width=\"800\" height=\"128\" src=\"https:\/\/www.grupomedcof.com.br\/blog\/wp-content\/uploads\/2023\/07\/Blog-MedCof-2023-07-06T091657.858-1024x164.png\" alt=\"medcof qbank, medcof aulas, grupo medcof, aulas medcof, qbank, banco de questoes medcof, medcof banco de questoes\" srcset=\"https:\/\/www.grupomedcof.com.br\/blog\/wp-content\/uploads\/2023\/07\/Blog-MedCof-2023-07-06T091657.858-1024x164.png 1024w, https:\/\/www.grupomedcof.com.br\/blog\/wp-content\/uploads\/2023\/07\/Blog-MedCof-2023-07-06T091657.858-300x48.png 300w, https:\/\/www.grupomedcof.com.br\/blog\/wp-content\/uploads\/2023\/07\/Blog-MedCof-2023-07-06T091657.858-768x123.png 768w, https:\/\/www.grupomedcof.com.br\/blog\/wp-content\/uploads\/2023\/07\/Blog-MedCof-2023-07-06T091657.858-1536x246.png 1536w, https:\/\/www.grupomedcof.com.br\/blog\/wp-content\/uploads\/2023\/07\/Blog-MedCof-2023-07-06T091657.858-2048x327.png 2048w\" sizes=\"auto, (max-width: 800px) 100vw, 800px\" \/>\t\t\t\t\t\t\t\t<\/a><\/p>\n<p>\n\n\n<\/p>\n<h2><span class=\"ez-toc-section\" id=\"Alternativas_nao_medicamentosas\"><\/span><strong>Alternativas n\u00e3o medicamentosas:<\/strong><span class=\"ez-toc-section-end\"><\/span><\/h2>\n<p>\n\n\n<\/p>\n<p>\n\n\n<\/p>\n<p>Em alguns casos, pode ser poss\u00edvel considerar<strong> op\u00e7\u00f5es n\u00e3o medicamentosas<\/strong> para o tratamento de transtornos psiqui\u00e1tricos durante a gesta\u00e7\u00e3o. Terapias psicossociais, como a terapia cognitivo-comportamental (TCC) e o suporte psicoterap\u00eautico, podem ser eficazes e seguras para algumas gestantes.<\/p>\n<p>\u00a0<\/p>\n<p>\n\n\n<\/p>\n<p>\n\n\n<\/p>\n<p>Um estudo publicado na revista JAMA Psychiatry (2018) demonstrou que a terapia cognitivo-comportamental foi associada a uma redu\u00e7\u00e3o significativa dos sintomas depressivos em gestantes, sendo uma <strong>op\u00e7\u00e3o a ser considerada antes do uso de medicamentos.<\/strong><\/p>\n<p>\n\n\n<h3 id=\"h-monitoramento-regular\" style=\"font-family: Poppins, sans-serif; color: #7a7a7a;\"><span class=\"ez-toc-section\" id=\"Monitoramento_regular\"><\/span><strong>Monitoramento regular:<\/strong><span class=\"ez-toc-section-end\"><\/span><\/h3>\n<p>Quando o uso de psicotr\u00f3picos \u00e9 indicado durante a gesta\u00e7\u00e3o, \u00e9 essencial que a gestante receba um monitoramento regular e cuidadoso. Isso pode incluir consultas frequentes com o m\u00e9dico, exames de ultrassom para acompanhar o desenvolvimento fetal e avalia\u00e7\u00e3o da resposta ao tratamento.<\/p>\n<p>O acompanhamento m\u00e9dico adequado permitir\u00e1 ajustes na medica\u00e7\u00e3o, se necess\u00e1rio, e identifica\u00e7\u00e3o precoce de poss\u00edveis efeitos adversos tanto para a m\u00e3e quanto para o feto.<\/p>\n<h2 id=\"h-o-que-temos-de-evidencia-sobre-cada-classe\" style=\"font-family: Poppins, sans-serif; color: #7a7a7a;\"><span class=\"ez-toc-section\" id=\"O_que_temos_de_evidencia_sobre_cada_classe\"><\/span><strong>O que temos de evid\u00eancia sobre cada classe?<\/strong><span class=\"ez-toc-section-end\"><\/span><\/h2>\n<h3 id=\"h-antidepressivos\" style=\"font-family: Poppins, sans-serif; color: #7a7a7a;\"><span class=\"ez-toc-section\" id=\"Antidepressivos\"><\/span><strong>Antidepressivos<\/strong><span class=\"ez-toc-section-end\"><\/span><\/h3>\n<p>Como grupo, os antidepressivos n\u00e3o est\u00e3o relacionados a piores desfechos na gesta\u00e7\u00e3o. Um estudo publicado no JAMA Psychiatry (2019) concluiu que o uso de antidepressivos durante o primeiro trimestre da gravidez n\u00e3o foi associado a um aumento significativo no risco de malforma\u00e7\u00f5es cong\u00eanitas.<\/p>\n<p>No entanto, \u00e9 necess\u00e1rio considerar os riscos espec\u00edficos associados a cada classe de psicotr\u00f3pico e discuti-los com a gestante antes de tomar uma decis\u00e3o.<\/p>\n<h3 id=\"h-isrs\" style=\"font-family: Poppins, sans-serif; color: #7a7a7a;\"><span class=\"ez-toc-section\" id=\"ISRS\"><\/span><strong>ISRS<\/strong><span class=\"ez-toc-section-end\"><\/span><\/h3>\n<p>Os inibidores seletivos da recapta\u00e7\u00e3o de serotonina s\u00e3o drogas aceitas como seguras em rela\u00e7\u00e3o a anomalias cong\u00eanitas, exceto a\u00a0Paroxetina\u00a0, que houve observa\u00e7\u00e3o da altera\u00e7\u00e3o card\u00edaca durante a utiliza\u00e7\u00e3o no primeiro trimestre desta medica\u00e7\u00e3o.<\/p>\n<p>Alguns estudos apontaram um maior risco de abortamento e aumento de incid\u00eancia de Transtorno do Espectro Autista, entretanto esses estudos n\u00e3o controlaram os vieses presentes.<\/p>\n<p>Alguns desses f\u00e1rmacos, foram associados a um maior risco de hipertens\u00e3o pulmonar persistente do rec\u00e9m-nascido (HPPRN), uma condi\u00e7\u00e3o rara, mas grave.<\/p>\n<p><img loading=\"lazy\" decoding=\"async\" src=\"https:\/\/www.grupomedcof.com.br\/blog\/wp-content\/uploads\/2023\/12\/Blog-MedCof-9-e1701865248250-1024x184.png\" sizes=\"auto, (max-width: 800px) 100vw, 800px\" srcset=\"https:\/\/www.grupomedcof.com.br\/blog\/wp-content\/uploads\/2023\/12\/Blog-MedCof-9-e1701865248250-1024x184.png 1024w, https:\/\/www.grupomedcof.com.br\/blog\/wp-content\/uploads\/2023\/12\/Blog-MedCof-9-e1701865248250-300x54.png 300w, https:\/\/www.grupomedcof.com.br\/blog\/wp-content\/uploads\/2023\/12\/Blog-MedCof-9-e1701865248250-768x138.png 768w, https:\/\/www.grupomedcof.com.br\/blog\/wp-content\/uploads\/2023\/12\/Blog-MedCof-9-e1701865248250-1536x276.png 1536w, https:\/\/www.grupomedcof.com.br\/blog\/wp-content\/uploads\/2023\/12\/Blog-MedCof-9-e1701865248250-2048x368.png 2048w\" alt=\"antidepressivos na gesta\u00e7\u00e3o, psicotr\u00f3picos na gesta\u00e7\u00e3o, gesta\u00e7\u00e3o. antidepressivos na gravidez, psicotr\u00f3picos na gravidez, psicotr\u00f3picos, antidepressivos na gravidez,\" width=\"800\" height=\"144\" \/><\/p>\n<h3 id=\"h-triciclicos\" style=\"font-family: Poppins, sans-serif; color: #7a7a7a;\"><span class=\"ez-toc-section\" id=\"Triciclicos\"><\/span><strong>Tric\u00edclicos<\/strong><span class=\"ez-toc-section-end\"><\/span><\/h3>\n<p>O uso de tric\u00edclicos n\u00e3o est\u00e1 relacionado a presen\u00e7a de malforma\u00e7\u00f5es, entretanto algumas\u00a0coortes\u00a0vem mostrando um\u00a0risco maior (em at\u00e9 3 vezes) para pr\u00e9-ecl\u00e2mpsia\u00a0no per\u00edodo neonatal.<\/p>\n<p>Al\u00e9m disso, o beb\u00ea pode apresentar\u00a0sintomas anticolin\u00e9rgicos,\u00a0como constipa\u00e7\u00e3o e reten\u00e7\u00e3o urin\u00e1ria, devido a exposi\u00e7\u00e3o, al\u00e9m de sintomas devido a\u00a0descontinua\u00e7\u00e3o\/abstin\u00eancia\u00a0com irritabilidade, choro, dificuldade de suc\u00e7\u00e3o, hipoglicemia, icter\u00edcia, entre outros.<\/p>\n<p><img loading=\"lazy\" decoding=\"async\" src=\"https:\/\/www.grupomedcof.com.br\/blog\/wp-content\/uploads\/2023\/12\/Blog-MedCof-1024x576.png\" sizes=\"auto, (max-width: 800px) 100vw, 800px\" srcset=\"https:\/\/www.grupomedcof.com.br\/blog\/wp-content\/uploads\/2023\/12\/Blog-MedCof-1024x576.png 1024w, https:\/\/www.grupomedcof.com.br\/blog\/wp-content\/uploads\/2023\/12\/Blog-MedCof-300x169.png 300w, https:\/\/www.grupomedcof.com.br\/blog\/wp-content\/uploads\/2023\/12\/Blog-MedCof-768x432.png 768w, https:\/\/www.grupomedcof.com.br\/blog\/wp-content\/uploads\/2023\/12\/Blog-MedCof-1536x864.png 1536w, https:\/\/www.grupomedcof.com.br\/blog\/wp-content\/uploads\/2023\/12\/Blog-MedCof-2048x1152.png 2048w\" alt=\"antidepressivos na gesta\u00e7\u00e3o, psicotr\u00f3picos na gesta\u00e7\u00e3o, gesta\u00e7\u00e3o. antidepressivos na gravidez, psicotr\u00f3picos na gravidez, psicotr\u00f3picos, antidepressivos na gravidez,\" width=\"800\" height=\"450\" \/><\/p>\n<h3 id=\"h-outros-antidepressivos\" style=\"font-family: Poppins, sans-serif; color: #7a7a7a;\"><span class=\"ez-toc-section\" id=\"Outros_antidepressivos\"><\/span><strong>Outros antidepressivos<\/strong><span class=\"ez-toc-section-end\"><\/span><\/h3>\n<p>Os IMAO (inibidores da monoaminoxidade) s\u00e3o prescritos durante a gesta\u00e7\u00e3o.<\/p>\n<p>Os Duais (inibidores seletivos da recapta\u00e7\u00e3o de serotonina e noradrenalina) apresentam poucos estudos, a Venlafaxina \u00e9 a mais utilizada, e estudos mostram que apesar de ser segura para malforma\u00e7\u00f5es, aumenta o risco para hipertesns\u00e3o arterial e pr\u00e9-ecl\u00e2mpsia.<\/p>\n<p>Os demais antidepressivos n\u00e3o est\u00e3o associado ao aumento de risco de malforma\u00e7\u00f5es, mas tamb\u00e9m h\u00e1 poucos estudos que demonstrem a sua seguran\u00e7a.<\/p>\n<h2 id=\"h-estabilizadores-do-humor\" style=\"font-family: Poppins, sans-serif; color: #7a7a7a;\"><span class=\"ez-toc-section\" id=\"Estabilizadores_do_humor\"><\/span><strong>Estabilizadores do humor<\/strong><span class=\"ez-toc-section-end\"><\/span><\/h2>\n<p>Alguns estabilizadores de humor, como o l\u00edtio, podem apresentar riscos teratog\u00eanicos, associados a malforma\u00e7\u00f5es cong\u00eanitas, especialmente quando usados durante o primeiro trimestre da gesta\u00e7\u00e3o, como a\u00a0anomalia de Ebstein, e quando o beb\u00ea nasce pode apresentar a s\u00edndrome\u00a0floppy baby\u00a0(*hipotonia, letargia, arritmias e cianose).<\/p>\n<p>Para mulheres que possuem transtorno grave, o benef\u00edcio da medica\u00e7\u00e3o pode sobrepor o risco relativamente pequeno da anomalia de Ebstein.<\/p>\n<p>Outros estabilizadores de humor, como o \u00e1cido valproico e carbamazepina,\u00a0n\u00e3o devem ser usados na gesta\u00e7\u00e3o,\u00a0pois t\u00eam sido associados a um maior risco de malforma\u00e7\u00f5es cong\u00eanitas graves, atraso no desenvolvimento neuropsicomotor e problemas cognitivos.<\/p>\n<p><img loading=\"lazy\" decoding=\"async\" src=\"https:\/\/www.grupomedcof.com.br\/blog\/wp-content\/uploads\/2023\/09\/Blog-MedCof-22-1024x178.png\" sizes=\"auto, (max-width: 800px) 100vw, 800px\" srcset=\"https:\/\/www.grupomedcof.com.br\/blog\/wp-content\/uploads\/2023\/09\/Blog-MedCof-22-1024x178.png 1024w, https:\/\/www.grupomedcof.com.br\/blog\/wp-content\/uploads\/2023\/09\/Blog-MedCof-22-300x52.png 300w, https:\/\/www.grupomedcof.com.br\/blog\/wp-content\/uploads\/2023\/09\/Blog-MedCof-22-768x134.png 768w, https:\/\/www.grupomedcof.com.br\/blog\/wp-content\/uploads\/2023\/09\/Blog-MedCof-22-1536x267.png 1536w, https:\/\/www.grupomedcof.com.br\/blog\/wp-content\/uploads\/2023\/09\/Blog-MedCof-22-2048x356.png 2048w\" alt=\"medcof, medcof qbank, qbank medcof, medcof aulas, grupo medcof,\" width=\"800\" height=\"139\" \/><\/p>\n<h2 id=\"h-benzodiazepinicos\" style=\"font-family: Poppins, sans-serif; color: #7a7a7a;\"><span class=\"ez-toc-section\" id=\"Benzodiazepinicos\"><\/span><strong>Benzodiazep\u00ednicos<\/strong><span class=\"ez-toc-section-end\"><\/span><\/h2>\n<p>A associa\u00e7\u00e3o do uso de benzodiazep\u00ednicos durante a gesta\u00e7\u00e3o tem sido a um\u00a0risco ligeiramente aumentado de malforma\u00e7\u00f5es cong\u00eanitas,\u00a0especialmente quando utilizados no\u00a0primeiro trimestre.<\/p>\n<p>Al\u00e9m disso, a\u00a0exposi\u00e7\u00e3o neonatal a benzodiazep\u00ednicos\u00a0pode levar \u00e0 s\u00edndrome de abstin\u00eancia neonatal, com sintomas de irritabilidade, agita\u00e7\u00e3o e problemas de sono.<\/p>\n<h2 id=\"h-antipsicoticos\" style=\"font-family: Poppins, sans-serif; color: #7a7a7a;\"><span class=\"ez-toc-section\" id=\"Antipsicoticos\"><\/span><strong>Antipsic\u00f3ticos<\/strong><span class=\"ez-toc-section-end\"><\/span><\/h2>\n<p>Em geral os antipsic\u00f3ticos s\u00e3o escolhas seguras para tratar transtornos mentais durante a gesta\u00e7\u00e3o, mostrado maior benef\u00edcio em usar do que de evitar, aumentando expressivamente o risco de suic\u00eddio e infantic\u00eddio.\u00a0Medica\u00e7\u00f5es como a quetiapina, risperidona, haloperidol e olanzapina\u00a0s\u00e3o os\u00a0antipsic\u00f3ticos de menor passagem placent\u00e1ria.<\/p>\n<p>O uso de antipsic\u00f3ticos durante a gesta\u00e7\u00e3o tamb\u00e9m pode estar relacionado a um risco aumentado de diabetes gestacional, ganho de peso materno, e complica\u00e7\u00f5es neonatais, como prematuridade e baixo peso ao nascer.<\/p>\n<h2><span class=\"ez-toc-section\" id=\"Uso_de_antidepressivos_da_gestacao\"><\/span><strong>Uso de antidepressivos da gesta\u00e7\u00e3o<\/strong><span class=\"ez-toc-section-end\"><\/span><\/h2>\n<p>O que precisa ficar \u00e9 que a avalia\u00e7\u00e3o da abordagem a transtornos mentais no per\u00edodo perinatal deve acontecer de forma individualizada, levando em considera\u00e7\u00e3o os riscos associados ao uso e benef\u00edcios do psicof\u00e1rmaco em conjunto com outras terapias.<\/p>\n<p>Esse conte\u00fado te ajudou? Ent\u00e3o n\u00e3o deixe de acompanhar o nosso blog com os temas mais atualizados da pr\u00e1tica m\u00e9dica.<\/p>\n<h2 style=\"font-family: Poppins, sans-serif; color: #7a7a7a;\"><span class=\"ez-toc-section\" id=\"Conquiste_a_aprovacao\"><\/span>Conquiste a aprova\u00e7\u00e3o<span class=\"ez-toc-section-end\"><\/span><\/h2>\n<p>As provas de resid\u00eancia m\u00e9dica j\u00e1 come\u00e7aram! Se voc\u00ea quer garantir a sua aprova\u00e7\u00e3o nesta resta final, ent\u00e3o conhe\u00e7a o Grupo MedCof e a metodologia que j\u00e1 aprovou<a href=\"https:\/\/www.grupomedcof.com.br\/blog\/presenca-da-medcof-nas-aprovacoes-em-residencia-medica-no-brasil\/\" target=\"_blank\" rel=\"noreferrer noopener\">\u00a0mais de 10 mil residentes\u00a0<\/a>pelo pa\u00eds. Por fim, voc\u00ea pode acessar o nosso<a href=\"https:\/\/www.youtube.com\/@GrupoMedcof\/featured\" target=\"_blank\" rel=\"noreferrer noopener\">\u00a0canal do youtube\u00a0<\/a>e ver o nosso material de revis\u00e3o e corre\u00e7\u00e3o. Confira abaixo nossa <a href=\"https:\/\/youtu.be\/jdgMG7s8_5M?si=PjF1YQ79JMmxwFiH\"><strong>aula completa<\/strong><\/a> sobre o assunto!<\/p>\n<p><iframe loading=\"lazy\" title=\"Entendendo os dist\u00farbios psiqui\u00e1tricos na gesta\u00e7\u00e3o e p\u00f3s-parto. Com Dra. Nicole Kemberly\" width=\"696\" height=\"392\" src=\"https:\/\/www.youtube.com\/embed\/jdgMG7s8_5M?feature=oembed\" frameborder=\"0\" allow=\"accelerometer; autoplay; clipboard-write; encrypted-media; gyroscope; picture-in-picture; web-share\" referrerpolicy=\"strict-origin-when-cross-origin\" allowfullscreen><\/iframe><\/p>","protected":false},"excerpt":{"rendered":"<p>Uso de antidepressivos na gesta\u00e7\u00e3o: A sa\u00fade mental durante a gesta\u00e7\u00e3o \u00e9 uma preocupa\u00e7\u00e3o fundamental, tanto para a m\u00e3e&#8230;<\/p>\n","protected":false},"author":6,"featured_media":16360,"comment_status":"open","ping_status":"open","sticky":false,"template":"","format":"standard","meta":{"footnotes":""},"categories":[125,216],"tags":[152,218,153],"ppma_author":[3609],"class_list":{"0":"post-16359","1":"post","2":"type-post","3":"status-publish","4":"format-standard","5":"has-post-thumbnail","7":"category-ginecologia-e-obstetricia","8":"category-psiquiatria","9":"tag-ginecologia-e-obstetricia","10":"tag-psiquiatria","11":"tag-residencia-em-ginecologia-e-obstetricia"},"yoast_head":"<!-- This site is optimized with the Yoast SEO Premium plugin v24.3 (Yoast SEO v27.4) - https:\/\/yoast.com\/product\/yoast-seo-premium-wordpress\/ -->\n<title>Uso de antidepressivos na gesta\u00e7\u00e3o - Blog de Medcof: conte\u00fados, editais, revalida e mais!<\/title>\n<meta name=\"description\" content=\"Uso de antidepressivos na gesta\u00e7\u00e3o: A sa\u00fade mental durante a gesta\u00e7\u00e3o \u00e9 uma preocupa\u00e7\u00e3o fundamental, tanto para a m\u00e3e...\" \/>\n<meta name=\"robots\" content=\"index, follow, max-snippet:-1, max-image-preview:large, max-video-preview:-1\" \/>\n<link rel=\"canonical\" href=\"https:\/\/www.grupomedcof.com.br\/blog\/uso-de-antidepressivos-na-gestacao\/\" \/>\n<meta property=\"og:locale\" content=\"pt_BR\" \/>\n<meta property=\"og:type\" content=\"article\" \/>\n<meta property=\"og:title\" content=\"Uso de antidepressivos na gesta\u00e7\u00e3o\" \/>\n<meta property=\"og:description\" content=\"Uso de antidepressivos na gesta\u00e7\u00e3o: A sa\u00fade mental durante a gesta\u00e7\u00e3o \u00e9 uma preocupa\u00e7\u00e3o fundamental, tanto para a m\u00e3e...\" \/>\n<meta property=\"og:url\" content=\"https:\/\/www.grupomedcof.com.br\/blog\/uso-de-antidepressivos-na-gestacao\/\" \/>\n<meta property=\"og:site_name\" content=\"Blog de Medcof: conte\u00fados, editais, revalida e mais!\" \/>\n<meta property=\"article:publisher\" content=\"https:\/\/www.facebook.com\/MedCofQbank\/\" \/>\n<meta property=\"article:published_time\" content=\"2023-12-06T12:43:02+00:00\" \/>\n<meta property=\"article:modified_time\" content=\"2024-07-01T16:31:27+00:00\" \/>\n<meta property=\"og:image\" content=\"https:\/\/www.grupomedcof.com.br\/blog\/wp-content\/uploads\/2023\/12\/Blog-MedCof-4-1024x576.png\" \/>\n\t<meta property=\"og:image:width\" content=\"1024\" \/>\n\t<meta property=\"og:image:height\" content=\"576\" \/>\n\t<meta property=\"og:image:type\" content=\"image\/png\" \/>\n<meta name=\"author\" content=\"J\u00falia Moreira\" \/>\n<meta name=\"twitter:card\" content=\"summary_large_image\" \/>\n<meta name=\"twitter:label1\" content=\"Escrito por\" \/>\n\t<meta name=\"twitter:data1\" content=\"J\u00falia Moreira\" \/>\n\t<meta name=\"twitter:label2\" content=\"Est. tempo de leitura\" \/>\n\t<meta name=\"twitter:data2\" content=\"8 minutos\" \/>\n<script type=\"application\/ld+json\" class=\"yoast-schema-graph\">{\"@context\":\"https:\\\/\\\/schema.org\",\"@graph\":[{\"@type\":\"Article\",\"@id\":\"https:\\\/\\\/www.grupomedcof.com.br\\\/blog\\\/uso-de-antidepressivos-na-gestacao\\\/#article\",\"isPartOf\":{\"@id\":\"https:\\\/\\\/www.grupomedcof.com.br\\\/blog\\\/uso-de-antidepressivos-na-gestacao\\\/\"},\"author\":{\"name\":\"J\u00falia Moreira\",\"@id\":\"https:\\\/\\\/www.grupomedcof.com.br\\\/blog\\\/#\\\/schema\\\/person\\\/1375e0ce724529d7a1d8156ea7f8ceaa\"},\"headline\":\"Uso de antidepressivos na gesta\u00e7\u00e3o\",\"datePublished\":\"2023-12-06T12:43:02+00:00\",\"dateModified\":\"2024-07-01T16:31:27+00:00\",\"mainEntityOfPage\":{\"@id\":\"https:\\\/\\\/www.grupomedcof.com.br\\\/blog\\\/uso-de-antidepressivos-na-gestacao\\\/\"},\"wordCount\":1248,\"commentCount\":0,\"publisher\":{\"@id\":\"https:\\\/\\\/www.grupomedcof.com.br\\\/blog\\\/#organization\"},\"image\":{\"@id\":\"https:\\\/\\\/www.grupomedcof.com.br\\\/blog\\\/uso-de-antidepressivos-na-gestacao\\\/#primaryimage\"},\"thumbnailUrl\":\"https:\\\/\\\/www.grupomedcof.com.br\\\/blog\\\/wp-content\\\/uploads\\\/2023\\\/12\\\/Blog-MedCof-4.png\",\"keywords\":[\"Ginecologia e Obstetr\u00edcia\",\"Psiquiatria\",\"Resid\u00eancia em Ginecologia e Obstetr\u00edcia\"],\"articleSection\":[\"Ginecologia e Obstetr\u00edcia\",\"Psiquiatria\"],\"inLanguage\":\"pt-BR\"},{\"@type\":\"WebPage\",\"@id\":\"https:\\\/\\\/www.grupomedcof.com.br\\\/blog\\\/uso-de-antidepressivos-na-gestacao\\\/\",\"url\":\"https:\\\/\\\/www.grupomedcof.com.br\\\/blog\\\/uso-de-antidepressivos-na-gestacao\\\/\",\"name\":\"Uso de antidepressivos na gesta\u00e7\u00e3o - Blog de Medcof: conte\u00fados, editais, revalida e mais!\",\"isPartOf\":{\"@id\":\"https:\\\/\\\/www.grupomedcof.com.br\\\/blog\\\/#website\"},\"primaryImageOfPage\":{\"@id\":\"https:\\\/\\\/www.grupomedcof.com.br\\\/blog\\\/uso-de-antidepressivos-na-gestacao\\\/#primaryimage\"},\"image\":{\"@id\":\"https:\\\/\\\/www.grupomedcof.com.br\\\/blog\\\/uso-de-antidepressivos-na-gestacao\\\/#primaryimage\"},\"thumbnailUrl\":\"https:\\\/\\\/www.grupomedcof.com.br\\\/blog\\\/wp-content\\\/uploads\\\/2023\\\/12\\\/Blog-MedCof-4.png\",\"datePublished\":\"2023-12-06T12:43:02+00:00\",\"dateModified\":\"2024-07-01T16:31:27+00:00\",\"description\":\"Uso de antidepressivos na gesta\u00e7\u00e3o: A sa\u00fade mental durante a gesta\u00e7\u00e3o \u00e9 uma preocupa\u00e7\u00e3o fundamental, tanto para a m\u00e3e...\",\"breadcrumb\":{\"@id\":\"https:\\\/\\\/www.grupomedcof.com.br\\\/blog\\\/uso-de-antidepressivos-na-gestacao\\\/#breadcrumb\"},\"inLanguage\":\"pt-BR\",\"potentialAction\":[{\"@type\":\"ReadAction\",\"target\":[\"https:\\\/\\\/www.grupomedcof.com.br\\\/blog\\\/uso-de-antidepressivos-na-gestacao\\\/\"]}]},{\"@type\":\"ImageObject\",\"inLanguage\":\"pt-BR\",\"@id\":\"https:\\\/\\\/www.grupomedcof.com.br\\\/blog\\\/uso-de-antidepressivos-na-gestacao\\\/#primaryimage\",\"url\":\"https:\\\/\\\/www.grupomedcof.com.br\\\/blog\\\/wp-content\\\/uploads\\\/2023\\\/12\\\/Blog-MedCof-4.png\",\"contentUrl\":\"https:\\\/\\\/www.grupomedcof.com.br\\\/blog\\\/wp-content\\\/uploads\\\/2023\\\/12\\\/Blog-MedCof-4.png\",\"width\":2560,\"height\":1440,\"caption\":\"antidepressivos na gesta\u00e7\u00e3o, psicotr\u00f3picos na gesta\u00e7\u00e3o, gesta\u00e7\u00e3o. antidepressivos na gravidez, psicotr\u00f3picos na gravidez, psicotr\u00f3picos, antidepressivos na gravidez,\"},{\"@type\":\"BreadcrumbList\",\"@id\":\"https:\\\/\\\/www.grupomedcof.com.br\\\/blog\\\/uso-de-antidepressivos-na-gestacao\\\/#breadcrumb\",\"itemListElement\":[{\"@type\":\"ListItem\",\"position\":1,\"name\":\"In\u00edcio\",\"item\":\"https:\\\/\\\/www.grupomedcof.com.br\\\/blog\\\/\"},{\"@type\":\"ListItem\",\"position\":2,\"name\":\"Uso de antidepressivos na gesta\u00e7\u00e3o\"}]},{\"@type\":\"WebSite\",\"@id\":\"https:\\\/\\\/www.grupomedcof.com.br\\\/blog\\\/#website\",\"url\":\"https:\\\/\\\/www.grupomedcof.com.br\\\/blog\\\/\",\"name\":\"Blog de Medcof: conte\u00fados, editais, revalida e mais!\",\"description\":\"Acesso o blog de MedCof! Seu portal de conte\u00fados sobre resid\u00eancia m\u00e9dica, an\u00e1lise e editais e muito mais. Clique e confira!\",\"publisher\":{\"@id\":\"https:\\\/\\\/www.grupomedcof.com.br\\\/blog\\\/#organization\"},\"alternateName\":\"Blog de Medcof: conte\u00fados, editais, revalida e mais!\",\"potentialAction\":[{\"@type\":\"SearchAction\",\"target\":{\"@type\":\"EntryPoint\",\"urlTemplate\":\"https:\\\/\\\/www.grupomedcof.com.br\\\/blog\\\/?s={search_term_string}\"},\"query-input\":{\"@type\":\"PropertyValueSpecification\",\"valueRequired\":true,\"valueName\":\"search_term_string\"}}],\"inLanguage\":\"pt-BR\"},{\"@type\":\"Organization\",\"@id\":\"https:\\\/\\\/www.grupomedcof.com.br\\\/blog\\\/#organization\",\"name\":\"Grupo MedCof\",\"url\":\"https:\\\/\\\/www.grupomedcof.com.br\\\/blog\\\/\",\"logo\":{\"@type\":\"ImageObject\",\"inLanguage\":\"pt-BR\",\"@id\":\"https:\\\/\\\/www.grupomedcof.com.br\\\/blog\\\/#\\\/schema\\\/logo\\\/image\\\/\",\"url\":\"https:\\\/\\\/www.grupomedcof.com.br\\\/blog\\\/wp-content\\\/uploads\\\/2022\\\/01\\\/logo-medcof.png\",\"contentUrl\":\"https:\\\/\\\/www.grupomedcof.com.br\\\/blog\\\/wp-content\\\/uploads\\\/2022\\\/01\\\/logo-medcof.png\",\"width\":768,\"height\":269,\"caption\":\"Grupo MedCof\"},\"image\":{\"@id\":\"https:\\\/\\\/www.grupomedcof.com.br\\\/blog\\\/#\\\/schema\\\/logo\\\/image\\\/\"},\"sameAs\":[\"https:\\\/\\\/www.facebook.com\\\/MedCofQbank\\\/\",\"https:\\\/\\\/www.instagram.com\\\/grupomedcof\\\/\",\"https:\\\/\\\/br.linkedin.com\\\/company\\\/medcof\",\"https:\\\/\\\/www.youtube.com\\\/channel\\\/UCdHMuOHKICxcHwecxN8P-AA\"]},{\"@type\":\"Person\",\"@id\":\"https:\\\/\\\/www.grupomedcof.com.br\\\/blog\\\/#\\\/schema\\\/person\\\/1375e0ce724529d7a1d8156ea7f8ceaa\",\"name\":\"J\u00falia Moreira\",\"image\":{\"@type\":\"ImageObject\",\"inLanguage\":\"pt-BR\",\"@id\":\"https:\\\/\\\/www.grupomedcof.com.br\\\/blog\\\/wp-content\\\/uploads\\\/2024\\\/12\\\/cropped-Captura-de-tela-2023-12-15-094946-96x96.png6a0083ac34a0445de97d55fae63a4a41\",\"url\":\"https:\\\/\\\/www.grupomedcof.com.br\\\/blog\\\/wp-content\\\/uploads\\\/2024\\\/12\\\/cropped-Captura-de-tela-2023-12-15-094946-96x96.png\",\"contentUrl\":\"https:\\\/\\\/www.grupomedcof.com.br\\\/blog\\\/wp-content\\\/uploads\\\/2024\\\/12\\\/cropped-Captura-de-tela-2023-12-15-094946-96x96.png\",\"caption\":\"J\u00falia Moreira\"},\"description\":\"Estudante do 8\u00ba semestre de Jornalismo na ECA-USP, f\u00e3 de filmes de terror e m\u00fasica popular sul-coreana.\",\"sameAs\":[\"https:\\\/\\\/www.grupomedcof.com.br\\\/\"],\"url\":\"https:\\\/\\\/www.grupomedcof.com.br\\\/blog\\\/author\\\/julia\\\/\"}]}<\/script>\n<!-- \/ Yoast SEO Premium plugin. -->","yoast_head_json":{"title":"Uso de antidepressivos na gesta\u00e7\u00e3o - Blog de Medcof: conte\u00fados, editais, revalida e mais!","description":"Uso de antidepressivos na gesta\u00e7\u00e3o: A sa\u00fade mental durante a gesta\u00e7\u00e3o \u00e9 uma preocupa\u00e7\u00e3o fundamental, tanto para a m\u00e3e...","robots":{"index":"index","follow":"follow","max-snippet":"max-snippet:-1","max-image-preview":"max-image-preview:large","max-video-preview":"max-video-preview:-1"},"canonical":"https:\/\/www.grupomedcof.com.br\/blog\/uso-de-antidepressivos-na-gestacao\/","og_locale":"pt_BR","og_type":"article","og_title":"Uso de antidepressivos na gesta\u00e7\u00e3o","og_description":"Uso de antidepressivos na gesta\u00e7\u00e3o: A sa\u00fade mental durante a gesta\u00e7\u00e3o \u00e9 uma preocupa\u00e7\u00e3o fundamental, tanto para a m\u00e3e...","og_url":"https:\/\/www.grupomedcof.com.br\/blog\/uso-de-antidepressivos-na-gestacao\/","og_site_name":"Blog de Medcof: conte\u00fados, editais, revalida e mais!","article_publisher":"https:\/\/www.facebook.com\/MedCofQbank\/","article_published_time":"2023-12-06T12:43:02+00:00","article_modified_time":"2024-07-01T16:31:27+00:00","og_image":[{"width":1024,"height":576,"url":"https:\/\/www.grupomedcof.com.br\/blog\/wp-content\/uploads\/2023\/12\/Blog-MedCof-4-1024x576.png","type":"image\/png"}],"author":"J\u00falia Moreira","twitter_card":"summary_large_image","twitter_misc":{"Escrito por":"J\u00falia Moreira","Est. tempo de leitura":"8 minutos"},"schema":{"@context":"https:\/\/schema.org","@graph":[{"@type":"Article","@id":"https:\/\/www.grupomedcof.com.br\/blog\/uso-de-antidepressivos-na-gestacao\/#article","isPartOf":{"@id":"https:\/\/www.grupomedcof.com.br\/blog\/uso-de-antidepressivos-na-gestacao\/"},"author":{"name":"J\u00falia Moreira","@id":"https:\/\/www.grupomedcof.com.br\/blog\/#\/schema\/person\/1375e0ce724529d7a1d8156ea7f8ceaa"},"headline":"Uso de antidepressivos na gesta\u00e7\u00e3o","datePublished":"2023-12-06T12:43:02+00:00","dateModified":"2024-07-01T16:31:27+00:00","mainEntityOfPage":{"@id":"https:\/\/www.grupomedcof.com.br\/blog\/uso-de-antidepressivos-na-gestacao\/"},"wordCount":1248,"commentCount":0,"publisher":{"@id":"https:\/\/www.grupomedcof.com.br\/blog\/#organization"},"image":{"@id":"https:\/\/www.grupomedcof.com.br\/blog\/uso-de-antidepressivos-na-gestacao\/#primaryimage"},"thumbnailUrl":"https:\/\/www.grupomedcof.com.br\/blog\/wp-content\/uploads\/2023\/12\/Blog-MedCof-4.png","keywords":["Ginecologia e Obstetr\u00edcia","Psiquiatria","Resid\u00eancia em Ginecologia e Obstetr\u00edcia"],"articleSection":["Ginecologia e Obstetr\u00edcia","Psiquiatria"],"inLanguage":"pt-BR"},{"@type":"WebPage","@id":"https:\/\/www.grupomedcof.com.br\/blog\/uso-de-antidepressivos-na-gestacao\/","url":"https:\/\/www.grupomedcof.com.br\/blog\/uso-de-antidepressivos-na-gestacao\/","name":"Uso de antidepressivos na gesta\u00e7\u00e3o - Blog de Medcof: conte\u00fados, editais, revalida e mais!","isPartOf":{"@id":"https:\/\/www.grupomedcof.com.br\/blog\/#website"},"primaryImageOfPage":{"@id":"https:\/\/www.grupomedcof.com.br\/blog\/uso-de-antidepressivos-na-gestacao\/#primaryimage"},"image":{"@id":"https:\/\/www.grupomedcof.com.br\/blog\/uso-de-antidepressivos-na-gestacao\/#primaryimage"},"thumbnailUrl":"https:\/\/www.grupomedcof.com.br\/blog\/wp-content\/uploads\/2023\/12\/Blog-MedCof-4.png","datePublished":"2023-12-06T12:43:02+00:00","dateModified":"2024-07-01T16:31:27+00:00","description":"Uso de antidepressivos na gesta\u00e7\u00e3o: A sa\u00fade mental durante a gesta\u00e7\u00e3o \u00e9 uma preocupa\u00e7\u00e3o fundamental, tanto para a m\u00e3e...","breadcrumb":{"@id":"https:\/\/www.grupomedcof.com.br\/blog\/uso-de-antidepressivos-na-gestacao\/#breadcrumb"},"inLanguage":"pt-BR","potentialAction":[{"@type":"ReadAction","target":["https:\/\/www.grupomedcof.com.br\/blog\/uso-de-antidepressivos-na-gestacao\/"]}]},{"@type":"ImageObject","inLanguage":"pt-BR","@id":"https:\/\/www.grupomedcof.com.br\/blog\/uso-de-antidepressivos-na-gestacao\/#primaryimage","url":"https:\/\/www.grupomedcof.com.br\/blog\/wp-content\/uploads\/2023\/12\/Blog-MedCof-4.png","contentUrl":"https:\/\/www.grupomedcof.com.br\/blog\/wp-content\/uploads\/2023\/12\/Blog-MedCof-4.png","width":2560,"height":1440,"caption":"antidepressivos na gesta\u00e7\u00e3o, psicotr\u00f3picos na gesta\u00e7\u00e3o, gesta\u00e7\u00e3o. antidepressivos na gravidez, psicotr\u00f3picos na gravidez, psicotr\u00f3picos, antidepressivos na gravidez,"},{"@type":"BreadcrumbList","@id":"https:\/\/www.grupomedcof.com.br\/blog\/uso-de-antidepressivos-na-gestacao\/#breadcrumb","itemListElement":[{"@type":"ListItem","position":1,"name":"In\u00edcio","item":"https:\/\/www.grupomedcof.com.br\/blog\/"},{"@type":"ListItem","position":2,"name":"Uso de antidepressivos na gesta\u00e7\u00e3o"}]},{"@type":"WebSite","@id":"https:\/\/www.grupomedcof.com.br\/blog\/#website","url":"https:\/\/www.grupomedcof.com.br\/blog\/","name":"Blog de Medcof: conte\u00fados, editais, revalida e mais!","description":"Acesso o blog de MedCof! Seu portal de conte\u00fados sobre resid\u00eancia m\u00e9dica, an\u00e1lise e editais e muito mais. Clique e confira!","publisher":{"@id":"https:\/\/www.grupomedcof.com.br\/blog\/#organization"},"alternateName":"Blog de Medcof: conte\u00fados, editais, revalida e mais!","potentialAction":[{"@type":"SearchAction","target":{"@type":"EntryPoint","urlTemplate":"https:\/\/www.grupomedcof.com.br\/blog\/?s={search_term_string}"},"query-input":{"@type":"PropertyValueSpecification","valueRequired":true,"valueName":"search_term_string"}}],"inLanguage":"pt-BR"},{"@type":"Organization","@id":"https:\/\/www.grupomedcof.com.br\/blog\/#organization","name":"Grupo MedCof","url":"https:\/\/www.grupomedcof.com.br\/blog\/","logo":{"@type":"ImageObject","inLanguage":"pt-BR","@id":"https:\/\/www.grupomedcof.com.br\/blog\/#\/schema\/logo\/image\/","url":"https:\/\/www.grupomedcof.com.br\/blog\/wp-content\/uploads\/2022\/01\/logo-medcof.png","contentUrl":"https:\/\/www.grupomedcof.com.br\/blog\/wp-content\/uploads\/2022\/01\/logo-medcof.png","width":768,"height":269,"caption":"Grupo MedCof"},"image":{"@id":"https:\/\/www.grupomedcof.com.br\/blog\/#\/schema\/logo\/image\/"},"sameAs":["https:\/\/www.facebook.com\/MedCofQbank\/","https:\/\/www.instagram.com\/grupomedcof\/","https:\/\/br.linkedin.com\/company\/medcof","https:\/\/www.youtube.com\/channel\/UCdHMuOHKICxcHwecxN8P-AA"]},{"@type":"Person","@id":"https:\/\/www.grupomedcof.com.br\/blog\/#\/schema\/person\/1375e0ce724529d7a1d8156ea7f8ceaa","name":"J\u00falia Moreira","image":{"@type":"ImageObject","inLanguage":"pt-BR","@id":"https:\/\/www.grupomedcof.com.br\/blog\/wp-content\/uploads\/2024\/12\/cropped-Captura-de-tela-2023-12-15-094946-96x96.png6a0083ac34a0445de97d55fae63a4a41","url":"https:\/\/www.grupomedcof.com.br\/blog\/wp-content\/uploads\/2024\/12\/cropped-Captura-de-tela-2023-12-15-094946-96x96.png","contentUrl":"https:\/\/www.grupomedcof.com.br\/blog\/wp-content\/uploads\/2024\/12\/cropped-Captura-de-tela-2023-12-15-094946-96x96.png","caption":"J\u00falia Moreira"},"description":"Estudante do 8\u00ba semestre de Jornalismo na ECA-USP, f\u00e3 de filmes de terror e m\u00fasica popular sul-coreana.","sameAs":["https:\/\/www.grupomedcof.com.br\/"],"url":"https:\/\/www.grupomedcof.com.br\/blog\/author\/julia\/"}]}},"authors":[{"term_id":3609,"user_id":6,"is_guest":0,"slug":"julia","display_name":"J\u00falia Moreira","avatar_url":"https:\/\/www.grupomedcof.com.br\/blog\/wp-content\/uploads\/2024\/12\/cropped-Captura-de-tela-2023-12-15-094946-96x96.png","0":null,"1":"","2":"","3":"","4":"","5":"","6":"","7":"","8":""}],"_links":{"self":[{"href":"https:\/\/www.grupomedcof.com.br\/blog\/wp-json\/wp\/v2\/posts\/16359","targetHints":{"allow":["GET"]}}],"collection":[{"href":"https:\/\/www.grupomedcof.com.br\/blog\/wp-json\/wp\/v2\/posts"}],"about":[{"href":"https:\/\/www.grupomedcof.com.br\/blog\/wp-json\/wp\/v2\/types\/post"}],"author":[{"embeddable":true,"href":"https:\/\/www.grupomedcof.com.br\/blog\/wp-json\/wp\/v2\/users\/6"}],"replies":[{"embeddable":true,"href":"https:\/\/www.grupomedcof.com.br\/blog\/wp-json\/wp\/v2\/comments?post=16359"}],"version-history":[{"count":0,"href":"https:\/\/www.grupomedcof.com.br\/blog\/wp-json\/wp\/v2\/posts\/16359\/revisions"}],"wp:featuredmedia":[{"embeddable":true,"href":"https:\/\/www.grupomedcof.com.br\/blog\/wp-json\/wp\/v2\/media\/16360"}],"wp:attachment":[{"href":"https:\/\/www.grupomedcof.com.br\/blog\/wp-json\/wp\/v2\/media?parent=16359"}],"wp:term":[{"taxonomy":"category","embeddable":true,"href":"https:\/\/www.grupomedcof.com.br\/blog\/wp-json\/wp\/v2\/categories?post=16359"},{"taxonomy":"post_tag","embeddable":true,"href":"https:\/\/www.grupomedcof.com.br\/blog\/wp-json\/wp\/v2\/tags?post=16359"},{"taxonomy":"author","embeddable":true,"href":"https:\/\/www.grupomedcof.com.br\/blog\/wp-json\/wp\/v2\/ppma_author?post=16359"}],"curies":[{"name":"wp","href":"https:\/\/api.w.org\/{rel}","templated":true}]}}