{"id":16395,"date":"2023-12-11T10:34:05","date_gmt":"2023-12-11T13:34:05","guid":{"rendered":"https:\/\/www.grupomedcof.com.br\/blog\/?p=16395"},"modified":"2023-12-11T10:34:05","modified_gmt":"2023-12-11T13:34:05","slug":"provas-da-scmsp-sao-reagendadas-apos-irregularidades-na-aplicacao","status":"publish","type":"post","link":"https:\/\/www.grupomedcof.com.br\/blog\/provas-da-scmsp-sao-reagendadas-apos-irregularidades-na-aplicacao\/","title":{"rendered":"Provas da SCMSP s\u00e3o reagendadas ap\u00f3s irregularidades na aplica\u00e7\u00e3o"},"content":{"rendered":"<div id=\"ez-toc-container\" class=\"ez-toc-v2_0_74 counter-hierarchy ez-toc-counter ez-toc-transparent ez-toc-container-direction\">\n<div class=\"ez-toc-title-container\">\n<p class=\"ez-toc-title\" style=\"cursor:inherit\">Sum\u00e1rio<\/p>\n<span class=\"ez-toc-title-toggle\"><a href=\"#\" class=\"ez-toc-pull-right ez-toc-btn ez-toc-btn-xs ez-toc-btn-default ez-toc-toggle\" aria-label=\"Alternar tabela de conte\u00fado\"><span class=\"ez-toc-js-icon-con\"><span class=\"\"><span class=\"eztoc-hide\" style=\"display:none;\">Toggle<\/span><span class=\"ez-toc-icon-toggle-span\"><svg style=\"fill: #999;color:#999\" xmlns=\"http:\/\/www.w3.org\/2000\/svg\" class=\"list-377408\" width=\"20px\" height=\"20px\" viewBox=\"0 0 24 24\" fill=\"none\"><path d=\"M6 6H4v2h2V6zm14 0H8v2h12V6zM4 11h2v2H4v-2zm16 0H8v2h12v-2zM4 16h2v2H4v-2zm16 0H8v2h12v-2z\" fill=\"currentColor\"><\/path><\/svg><svg style=\"fill: #999;color:#999\" class=\"arrow-unsorted-368013\" xmlns=\"http:\/\/www.w3.org\/2000\/svg\" width=\"10px\" height=\"10px\" viewBox=\"0 0 24 24\" version=\"1.2\" baseProfile=\"tiny\"><path d=\"M18.2 9.3l-6.2-6.3-6.2 6.3c-.2.2-.3.4-.3.7s.1.5.3.7c.2.2.4.3.7.3h11c.3 0 .5-.1.7-.3.2-.2.3-.5.3-.7s-.1-.5-.3-.7zM5.8 14.7l6.2 6.3 6.2-6.3c.2-.2.3-.5.3-.7s-.1-.5-.3-.7c-.2-.2-.4-.3-.7-.3h-11c-.3 0-.5.1-.7.3-.2.2-.3.5-.3.7s.1.5.3.7z\"\/><\/svg><\/span><\/span><\/span><\/a><\/span><\/div>\n<nav><ul class='ez-toc-list ez-toc-list-level-1 ' ><li class='ez-toc-page-1 ez-toc-heading-level-2'><a class=\"ez-toc-link ez-toc-heading-1\" href=\"https:\/\/www.grupomedcof.com.br\/blog\/provas-da-scmsp-sao-reagendadas-apos-irregularidades-na-aplicacao\/#Provas_da_SCMSP_sao_reagendadas_apos_confusao_em_dia_de_aplicacao\" >Provas da SCMSP s\u00e3o reagendadas ap\u00f3s confus\u00e3o em dia de aplica\u00e7\u00e3o<\/a><\/li><li class='ez-toc-page-1 ez-toc-heading-level-2'><a class=\"ez-toc-link ez-toc-heading-2\" href=\"https:\/\/www.grupomedcof.com.br\/blog\/provas-da-scmsp-sao-reagendadas-apos-irregularidades-na-aplicacao\/#Irregularidades_na_aplicacao\" >Irregularidades na aplica\u00e7\u00e3o<\/a><\/li><li class='ez-toc-page-1 ez-toc-heading-level-2'><a class=\"ez-toc-link ez-toc-heading-3\" href=\"https:\/\/www.grupomedcof.com.br\/blog\/provas-da-scmsp-sao-reagendadas-apos-irregularidades-na-aplicacao\/#Esclarecimentos\" >Esclarecimentos<\/a><\/li><li class='ez-toc-page-1 ez-toc-heading-level-2'><a class=\"ez-toc-link ez-toc-heading-4\" href=\"https:\/\/www.grupomedcof.com.br\/blog\/provas-da-scmsp-sao-reagendadas-apos-irregularidades-na-aplicacao\/#Residencia_Medica_SCMSP_2024\" >Resid\u00eancia M\u00e9dica SCMSP 2024<\/a><\/li><li class='ez-toc-page-1 ez-toc-heading-level-2'><a class=\"ez-toc-link ez-toc-heading-5\" href=\"https:\/\/www.grupomedcof.com.br\/blog\/provas-da-scmsp-sao-reagendadas-apos-irregularidades-na-aplicacao\/#Cronograma_SCMSP_20232024\" >Cronograma SCMSP 2023\/2024<\/a><\/li><li class='ez-toc-page-1 ez-toc-heading-level-2'><a class=\"ez-toc-link ez-toc-heading-6\" href=\"https:\/\/www.grupomedcof.com.br\/blog\/provas-da-scmsp-sao-reagendadas-apos-irregularidades-na-aplicacao\/#Conquiste_a_aprovacao\" >Conquiste a aprova\u00e7\u00e3o<\/a><\/li><\/ul><\/nav><\/div>\n<img loading=\"lazy\" decoding=\"async\" width=\"800\" height=\"450\" src=\"https:\/\/www.grupomedcof.com.br\/blog\/wp-content\/uploads\/2023\/12\/Blog-MedCof-12-1024x576.png\" alt=\"residencia medica santa casa, santa casa residencia medica, residencia medica santa casa sp, iscmsp resid\u00eancia m\u00e9dica 2023 , irregularidades residencia medica scmsp, prova resid\u00eancia m\u00e9dica scmsp, prova resid\u00eancia m\u00e9dica santa casa de s\u00e3o paulo, o que aconteceu da prova da santa casa, resid\u00eancia m\u00e9dica santa casa de s\u00e3o paulo 2024, instituto mais santa casa 2023, instituto mais\" srcset=\"https:\/\/www.grupomedcof.com.br\/blog\/wp-content\/uploads\/2023\/12\/Blog-MedCof-12-1024x576.png 1024w, https:\/\/www.grupomedcof.com.br\/blog\/wp-content\/uploads\/2023\/12\/Blog-MedCof-12-300x169.png 300w, https:\/\/www.grupomedcof.com.br\/blog\/wp-content\/uploads\/2023\/12\/Blog-MedCof-12-768x432.png 768w, https:\/\/www.grupomedcof.com.br\/blog\/wp-content\/uploads\/2023\/12\/Blog-MedCof-12-1536x864.png 1536w, https:\/\/www.grupomedcof.com.br\/blog\/wp-content\/uploads\/2023\/12\/Blog-MedCof-12-2048x1152.png 2048w\" sizes=\"auto, (max-width: 800px) 100vw, 800px\" \/>\t\t\t\t\t\t\t\t\t\t\t\t\t\t\t\n\t\t<p style=\"box-sizing: border-box; margin-top: 0px; margin-bottom: 0px; color: #7a7a7a; font-family: Poppins, sans-serif; font-size: 16px; font-style: normal; font-variant-ligatures: normal; font-variant-caps: normal; font-weight: 400; letter-spacing: normal; orphans: 2; text-align: left; text-indent: 0px; text-transform: none; widows: 2; word-spacing: 0px; -webkit-text-stroke-width: 0px; white-space: normal; background-color: #ffffff; text-decoration-thickness: initial; text-decoration-style: initial; text-decoration-color: initial;\">De acordo com o Instituto Mais, ap\u00f3s<strong> irregularidades em dia de aplica\u00e7\u00e3o,<\/strong> provas da SCMSP realizadas na unidade Anhembi-Morumbi da Mooca ser\u00e3o reagendadas para &#8220;data oportuna&#8221;.<\/p>\t\t\n\t\t\t<h4>\n\t\t\t\tLeia a seguir\t\t\t<\/h4>\n\t\t\t\t\t\t\t\t\t\t\t\t\t\t\t\t<a href=\"https:\/\/site.grupomedcof.com.br\/lead\/cod6-blog\" target=\"_blank\" rel=\"noopener\">\n\t\t\t\t\t\t\t<img loading=\"lazy\" decoding=\"async\" width=\"800\" height=\"130\" src=\"https:\/\/www.grupomedcof.com.br\/blog\/wp-content\/uploads\/2023\/12\/Captura-de-tela-2023-12-11-100512-1024x166.png\" alt=\"medcof, medcof academy, hiit medcof, medcof derma, medcof hiit, medcof extensivo, medcof revalida\" srcset=\"https:\/\/www.grupomedcof.com.br\/blog\/wp-content\/uploads\/2023\/12\/Captura-de-tela-2023-12-11-100512-1024x166.png 1024w, https:\/\/www.grupomedcof.com.br\/blog\/wp-content\/uploads\/2023\/12\/Captura-de-tela-2023-12-11-100512-300x49.png 300w, https:\/\/www.grupomedcof.com.br\/blog\/wp-content\/uploads\/2023\/12\/Captura-de-tela-2023-12-11-100512-768x125.png 768w, https:\/\/www.grupomedcof.com.br\/blog\/wp-content\/uploads\/2023\/12\/Captura-de-tela-2023-12-11-100512-1536x250.png 1536w, https:\/\/www.grupomedcof.com.br\/blog\/wp-content\/uploads\/2023\/12\/Captura-de-tela-2023-12-11-100512.png 1637w\" sizes=\"auto, (max-width: 800px) 100vw, 800px\" \/>\t\t\t\t\t\t\t\t<\/a>\n\t\t<p><\/p>\n<h2><span class=\"ez-toc-section\" id=\"Provas_da_SCMSP_sao_reagendadas_apos_confusao_em_dia_de_aplicacao\"><\/span><strong>Provas da SCMSP s\u00e3o reagendadas ap\u00f3s confus\u00e3o em dia de aplica\u00e7\u00e3o<\/strong><span class=\"ez-toc-section-end\"><\/span><\/h2>\n<p><\/p>\n<p><\/p>\n<p>O momento mais esperado de muitos estudantes que almejavam ingressar em uma das resid\u00eancias m\u00e9dicas mais prestigiadas no pa\u00eds foi marcado por irregularidades na aplica\u00e7\u00e3o e pedidos de anula\u00e7\u00e3o da prova<\/p>\n<p>.<\/p>\n<p><\/p>\n<p><\/p>\n<p>No dia 09 de dezembro (s\u00e1bado), ocorreu a aplica\u00e7\u00e3o da<strong> 1\u00aa fase do processo seletivo para resid\u00eancia m\u00e9dica da Santa Casa de Miseric\u00f3rdia de S\u00e3o Paulo (SCMSP)<\/strong>. Realizada em diversos locais de S\u00e3o Paulo, a a avalia\u00e7\u00e3o teve in\u00edcio \u00e0s 08h e dura\u00e7\u00e3o m\u00e1xima de 4 horas para as vagas de Acesso Direto (R1) ou de 3 horas para as especialidades de pr\u00e9-requisito (R+).<\/p>\n<p>\u00a0<\/p>\n<p><\/p>\n<p><\/p>\n<p>Infelizmente, isso n\u00e3o ocorreu para os candidatos da<strong> sala 72 da universidade Anhembi-Morumbi da Mooca,<\/strong> que concorriam para as vagas de resid\u00eancia em pediatria.<\/p>\n<p><\/p><h2 id=\"h-irregularidades-na-aplicacao\" style=\"font-family: Poppins, sans-serif; color: #7a7a7a;\"><span class=\"ez-toc-section\" id=\"Irregularidades_na_aplicacao\"><\/span><strong>Irregularidades na aplica\u00e7\u00e3o<\/strong><span class=\"ez-toc-section-end\"><\/span><\/h2>\t\t\n\t\t<p>De acordo com os candidatos, tudo come\u00e7ou quando o envelope que continha as provas a serem aplicadas chegou&nbsp;violado e com 20 provas faltantes.<br><\/p>\t\t\n\t\t<p>A justificativa inicial apresentada pelos representantes foi de que o material havia sido utilizado em outra sala e que as 20 seriam repostas. Os participantes, mediante o descumprimento das normas contidas no edital, e negaram a realizar a avalia\u00e7\u00e3o.<br><\/p>\t\t\n\t\t\t\t\t\t\t\t\t\t\t\t<figure>\n\t\t\t\t\t\t\t\t\t\t<img loading=\"lazy\" decoding=\"async\" width=\"800\" height=\"707\" src=\"https:\/\/www.grupomedcof.com.br\/blog\/wp-content\/uploads\/2023\/12\/Captura-de-tela-2023-12-11-091603.png\" alt=\"residencia medica santa casa, santa casa residencia medica, residencia medica santa casa sp, iscmsp resid\u00eancia m\u00e9dica 2023 , irregularidades residencia medica scmsp, prova resid\u00eancia m\u00e9dica scmsp, prova resid\u00eancia m\u00e9dica santa casa de s\u00e3o paulo, o que aconteceu da prova da santa casa, resid\u00eancia m\u00e9dica santa casa de s\u00e3o paulo 2024, instituto mais santa casa 2023, instituto mais\" srcset=\"https:\/\/www.grupomedcof.com.br\/blog\/wp-content\/uploads\/2023\/12\/Captura-de-tela-2023-12-11-091603.png 868w, https:\/\/www.grupomedcof.com.br\/blog\/wp-content\/uploads\/2023\/12\/Captura-de-tela-2023-12-11-091603-300x265.png 300w, https:\/\/www.grupomedcof.com.br\/blog\/wp-content\/uploads\/2023\/12\/Captura-de-tela-2023-12-11-091603-768x679.png 768w\" sizes=\"auto, (max-width: 800px) 100vw, 800px\" \/>\t\t\t\t\t\t\t\t\t\t\t<figcaption>Depoimentos enviado pelos alunos sobre a aplica\u00e7\u00e3o da prova da SCMSP 2024<\/figcaption>\n\t\t\t\t\t\t\t\t\t\t<\/figure>\n\t\t<p>Assim, percorrido o prazo limite para realiza\u00e7\u00e3o da prova, os candidatos se dirigiram para 8\u00aa Delegacia de Pol\u00edcia (Belenzinho) a fim de registrar boletim de ocorr\u00eancia mediante a situa\u00e7\u00e3o.<\/p>\n<p>\u00a0<\/p>\n<p>Al\u00e9m disso, no mesmo dia, os candidatos de R+ Cl\u00ednica M\u00e9dica constaram\u00a0alternativas &#8220;mais claras&#8221;, estas que poderiam ser a resposta correta para a quest\u00e3o.<\/p>\t\t\n\t\t\t\t\t\t\t\t\t\t\t\t\t\t\t<img loading=\"lazy\" decoding=\"async\" width=\"800\" height=\"806\" src=\"https:\/\/www.grupomedcof.com.br\/blog\/wp-content\/uploads\/2023\/12\/Captura-de-tela-2023-12-11-091524.png\" alt=\"residencia medica santa casa, santa casa residencia medica, residencia medica santa casa sp, iscmsp resid\u00eancia m\u00e9dica 2023 , irregularidades residencia medica scmsp, prova resid\u00eancia m\u00e9dica scmsp, prova resid\u00eancia m\u00e9dica santa casa de s\u00e3o paulo, o que aconteceu da prova da santa casa, resid\u00eancia m\u00e9dica santa casa de s\u00e3o paulo 2024, instituto mais santa casa 2023, instituto mais\" srcset=\"https:\/\/www.grupomedcof.com.br\/blog\/wp-content\/uploads\/2023\/12\/Captura-de-tela-2023-12-11-091524.png 870w, https:\/\/www.grupomedcof.com.br\/blog\/wp-content\/uploads\/2023\/12\/Captura-de-tela-2023-12-11-091524-298x300.png 298w, https:\/\/www.grupomedcof.com.br\/blog\/wp-content\/uploads\/2023\/12\/Captura-de-tela-2023-12-11-091524-150x150.png 150w, https:\/\/www.grupomedcof.com.br\/blog\/wp-content\/uploads\/2023\/12\/Captura-de-tela-2023-12-11-091524-768x773.png 768w\" sizes=\"auto, (max-width: 800px) 100vw, 800px\" \/>\t\t\t\t\t\t\t\t\t\t\t\t\t\t\t\n\t\t<h2 id=\"h-esclarecimentos\" style=\"font-family: Poppins, sans-serif; color: #7a7a7a;\"><span class=\"ez-toc-section\" id=\"Esclarecimentos\"><\/span><strong>Esclarecimentos<\/strong><span class=\"ez-toc-section-end\"><\/span><\/h2>\n<p>Sob as irregularidades no dia de aplica\u00e7\u00e3o das provas, a COREME da Santa Casa de S\u00e3o Paulo (SCMSP) publicou no mesmo dia de aplica\u00e7\u00e3o, 09 de novembro, uma\u00a0nota de esclarecimento\u00a0sobre o ocorrido. De acordo com o documento, institui\u00e7\u00e3o confirma as falhas na aplica\u00e7\u00e3o e impress\u00e3o das provas e anuncia o cancelamento das provas aplicadas para os candidatos as vagas Pediatria (R1) e Pr\u00e9-Requisito em Cl\u00ednica M\u00e9dica, abrangendo assim as especialidades de:<\/p>\n<p>\u00a0<\/p>\n<ul style=\"font-size: 16px; background-color: #ffffff;\">\n<li style=\"list-style-type: none;\">\n<ul style=\"font-size: 16px; background-color: #ffffff;\">\n<li style=\"font-size: 16px;\">Endocrinologia e Metabologia;<\/li>\n<\/ul>\n<\/li>\n<\/ul>\n<ul style=\"font-size: 16px; background-color: #ffffff;\">\n<li style=\"list-style-type: none;\">\n<ul style=\"font-size: 16px; background-color: #ffffff;\">\n<li style=\"font-size: 16px;\">Gastroenterologia<\/li>\n<\/ul>\n<\/li>\n<\/ul>\n<ul style=\"font-size: 16px; background-color: #ffffff;\">\n<li style=\"list-style-type: none;\">\n<ul style=\"font-size: 16px; background-color: #ffffff;\">\n<li style=\"font-size: 16px;\">Geriatria<\/li>\n<\/ul>\n<\/li>\n<\/ul>\n<ul style=\"font-size: 16px; background-color: #ffffff;\">\n<li style=\"list-style-type: none;\">\n<ul style=\"font-size: 16px; background-color: #ffffff;\">\n<li style=\"font-size: 16px;\">Hematologia e Hemoterapia;<\/li>\n<\/ul>\n<\/li>\n<\/ul>\n<ul style=\"font-size: 16px; background-color: #ffffff;\">\n<li style=\"list-style-type: none;\">\n<ul style=\"font-size: 16px; background-color: #ffffff;\">\n<li style=\"font-size: 16px;\">Oncologia Cl\u00ednica;<\/li>\n<\/ul>\n<\/li>\n<\/ul>\n<ul style=\"font-size: 16px; background-color: #ffffff;\">\n<li style=\"list-style-type: none;\">\n<ul style=\"font-size: 16px; background-color: #ffffff;\">\n<li style=\"font-size: 16px;\">Pneumologia;<\/li>\n<\/ul>\n<\/li>\n<\/ul>\n<ul style=\"font-size: 16px; background-color: #ffffff;\">\n<li style=\"list-style-type: none;\">\n<ul style=\"font-size: 16px; background-color: #ffffff;\">\n<li style=\"font-size: 16px;\">e Reumatologia.<\/li>\n<\/ul>\n<\/li>\n<\/ul>\t\t\n\t\t\t<iframe src=\"https:\/\/www.grupomedcof.com.br\/blog\/wp-content\/plugins\/pdf-viewer-for-elementor\/assets\/pdfjs\/web\/viewer.html?file=https:\/\/www.grupomedcof.com.br\/blog\/wp-content\/uploads\/2023\/12\/Nota-de-Esclarecimento_COREME_Santa-Casa.pdf&amp;embedded=true\" style=\"display: block; margin-left: auto; margin-right: auto; width: 1500px; height: 520px;\" frameborder=\"1\" marginheight=\"0px\" marginwidth=\"0px\" allowfullscreen><\/iframe>\t\t\n\t\t\t<a href=\"https:\/\/www.santacasasp.org.br\/portal\/wp-content\/uploads\/2023\/12\/Nota-de-Esclarecimento_COREME_Santa-Casa.pdf\" target=\"_blank\" rel=\"nofollow noopener\">\n\t\t\t\t\t\tNota de Esclarecimento COREME SCMSP\n\t\t\t\t\t<\/a>\n\t\t<p>J\u00e1 em\u00a0Nota de Esclarecimento, o Instituto Mais de Gest\u00e3o e Desenvolvimento Social, respons\u00e1vel pelo processo seletivo, lamenta o ocorrido e determina o reagendamento para &#8220;data oportuna&#8221;<\/p>\t\t\n\t\t\t<iframe src=\"https:\/\/www.grupomedcof.com.br\/blog\/wp-content\/plugins\/pdf-viewer-for-elementor\/assets\/pdfjs\/web\/viewer.html?file=https:\/\/www.grupomedcof.com.br\/blog\/wp-content\/uploads\/2023\/12\/Nota-de-Esclarecimento_Santa-Casa-SP.pdf&amp;embedded=true\" style=\"display: block; margin-left: auto; margin-right: auto; width: 1500px; height: 520px;\" frameborder=\"1\" marginheight=\"0px\" marginwidth=\"0px\" allowfullscreen><\/iframe>\t\t\n\t\t\t<a href=\"https:\/\/www.institutomais.org.br\/ckfinder\/userfiles\/files\/Nota%20de%20Esclarecimento_Santa%20Casa%20SP.pdf\" target=\"_blank\" rel=\"nofollow noopener\">\n\t\t\t\t\t\tNota de Esclarecimento IMais\n\t\t\t\t\t<\/a>\n\t\t<h2 id=\"h-residencia-medica-scmsp-2024\" style=\"font-family: Poppins, sans-serif; color: #7a7a7a;\"><span class=\"ez-toc-section\" id=\"Residencia_Medica_SCMSP_2024\"><\/span><strong>Resid\u00eancia M\u00e9dica SCMSP 2024<\/strong><span class=\"ez-toc-section-end\"><\/span><\/h2>\n<p>Com nova banca avaliadora, a\u00a0Irmandade Santa Casa de Miseric\u00f3rdia de S\u00e3o Paulo\u00a0(SCMSP) anunciou o<strong>\u00a0<a href=\"https:\/\/www.grupomedcof.com.br\/blog\/edital-residencia-medica-scmsp-2023-2024\/\" target=\"_blank\" rel=\"noopener\">edital<\/a>\u00a0<\/strong>para resid\u00eancia m\u00e9dica de 2024 no dia 25 de novembro de 2023.<\/p>\n<p>\u00a0<\/p>\n<p>Com <strong>mais de 250 vagas ofertadas<\/strong>, as inscri\u00e7\u00f5es ocorreram entre os dias 07 de novembro e 01 de dezembro com taxa determinada em <strong>R$ 650,00.<\/strong><\/p>\n<p>\u00a0<\/p>\n<p>De acordo com o documento, o processo seletivo contar\u00e1 com duas fases avaliativas, uma prova objetiva e uma an\u00e1lise curricular, interrompendo a aplica\u00e7\u00e3o da prova pr\u00e1tica tradicionalmente conhecida.<\/p>\t\t\n\t\t<h2 id=\"h-cronograma-scmsp-2023-2024\" style=\"font-family: Poppins, sans-serif; color: #7a7a7a;\"><span class=\"ez-toc-section\" id=\"Cronograma_SCMSP_20232024\"><\/span>Cronograma SCMSP 2023\/2024<span class=\"ez-toc-section-end\"><\/span><\/h2>\n<p>Confira as\u00a0principais datas\u00a0do processo seletivo para resid\u00eancia m\u00e9dica da Santa Casa de Miseric\u00f3rdia de S\u00e3o Paulo, a SCMSP 2023\/2024.<\/p>\n<p>\u00a0<\/p>\n<ul style=\"font-size: 16px; background-color: #ffffff;\">\n<li style=\"list-style-type: none;\">\n<ul style=\"font-size: 16px; background-color: #ffffff;\">\n<li style=\"font-size: 16px;\">Inscri\u00e7\u00f5es e Envio da documenta\u00e7\u00e3o para 2\u00aa fase: 07\/10 a 01\/12\/2023<\/li>\n<\/ul>\n<\/li>\n<\/ul>\n<ul style=\"font-size: 16px; background-color: #ffffff;\">\n<li style=\"list-style-type: none;\">\n<ul style=\"font-size: 16px; background-color: #ffffff;\">\n<li style=\"font-size: 16px;\">Prova Objetiva (1\u00aa fase): 09\/12\/2023<\/li>\n<\/ul>\n<\/li>\n<\/ul>\n<ul style=\"font-size: 16px; background-color: #ffffff;\">\n<li style=\"list-style-type: none;\">\n<ul style=\"font-size: 16px; background-color: #ffffff;\">\n<li style=\"font-size: 16px;\">Recursos: 12 a 13\/12\/2023<\/li>\n<\/ul>\n<\/li>\n<\/ul>\n<ul style=\"font-size: 16px; background-color: #ffffff;\">\n<li style=\"list-style-type: none;\">\n<ul style=\"font-size: 16px; background-color: #ffffff;\">\n<li style=\"font-size: 16px;\">Gabarito Definitivo e Resultado Preliminar da 1\u00aa fase: 18\/12\/2023<\/li>\n<\/ul>\n<\/li>\n<\/ul>\n<ul style=\"font-size: 16px; background-color: #ffffff;\">\n<li style=\"list-style-type: none;\">\n<ul style=\"font-size: 16px; background-color: #ffffff;\">\n<li style=\"font-size: 16px;\">Recursos: 19 a 20\/12\/2023<\/li>\n<\/ul>\n<\/li>\n<\/ul>\n<ul style=\"font-size: 16px; background-color: #ffffff;\">\n<li style=\"list-style-type: none;\">\n<ul style=\"font-size: 16px; background-color: #ffffff;\">\n<li style=\"font-size: 16px;\">Resultado Definitivo da 1\u00aa fase: 22\/12\/2023<\/li>\n<\/ul>\n<\/li>\n<\/ul>\n<ul style=\"font-size: 16px; background-color: #ffffff;\">\n<li style=\"list-style-type: none;\">\n<ul style=\"font-size: 16px; background-color: #ffffff;\">\n<li style=\"font-size: 16px;\">An\u00e1lise Curricular (2\u00aa fase): 23 a 29\/12\/2023<\/li>\n<\/ul>\n<\/li>\n<\/ul>\n<ul style=\"font-size: 16px; background-color: #ffffff;\">\n<li style=\"list-style-type: none;\">\n<ul style=\"font-size: 16px; background-color: #ffffff;\">\n<li style=\"font-size: 16px;\">Resultado preliminar da 2\u00aa fase: 11\/01\/2024<\/li>\n<\/ul>\n<\/li>\n<\/ul>\n<ul style=\"font-size: 16px; background-color: #ffffff;\">\n<li style=\"list-style-type: none;\">\n<ul style=\"font-size: 16px; background-color: #ffffff;\">\n<li style=\"font-size: 16px;\">Recursos: 12 a 13\/01\/2024<\/li>\n<\/ul>\n<\/li>\n<\/ul>\n<ul style=\"font-size: 16px; background-color: #ffffff;\">\n<li style=\"list-style-type: none;\">\n<ul style=\"font-size: 16px; background-color: #ffffff;\">\n<li style=\"font-size: 16px;\">Resultado Final: 06\/02\/2024<\/li>\n<\/ul>\n<\/li>\n<\/ul>\n<ul style=\"font-size: 16px; background-color: #ffffff;\">\n<li style=\"list-style-type: none;\">\n<ul style=\"font-size: 16px; background-color: #ffffff;\">\n<li style=\"font-size: 16px;\">Matr\u00edculas: 15,16 e 19\/02\/2024<\/li>\n<li style=\"font-size: 16px;\">In\u00edcio das atividades:\u00a001\/03\/2024<\/li>\n<\/ul>\n<\/li>\n<\/ul>\t\t\n\t\t<h2 style=\"font-family: Poppins, sans-serif; color: rgb(122, 122, 122);\"><span class=\"ez-toc-section\" id=\"Conquiste_a_aprovacao\"><\/span>Conquiste a aprova\u00e7\u00e3o<span class=\"ez-toc-section-end\"><\/span><\/h2><p><\/p><p><\/p><p>Apesar das irregularidades no dia de aplica\u00e7\u00e3o das provas da SCMSP e o reagendamento da avalia\u00e7\u00e3o, o Grupo MedCof cobriu ao vivo a corre\u00e7\u00e3o da prova de Acesso Direto, R+ Cl\u00ednica e R+ Cirurgia.&nbsp;<a href=\"https:\/\/www.youtube.com\/@GrupoMedcof\/featured\">Confira na \u00edntegra<\/a>&nbsp;a corre\u00e7\u00e3o feitas pelos nossos especialistas e metodologia que j\u00e1 aprovou<a href=\"https:\/\/www.grupomedcof.com.br\/blog\/presenca-da-medcof-nas-aprovacoes-em-residencia-medica-no-brasil\/\" target=\"_blank\" rel=\"noreferrer noopener\">&nbsp;mais de 10 mil residentes&nbsp;<\/a>pelo pa\u00eds.<\/p>","protected":false},"excerpt":{"rendered":"<p>Ap\u00f3s irregularidades em dia de aplica\u00e7\u00e3o, provas da SCMSP realizadas na unidade Anhembi Morumbi Mooca ser\u00e3o reagendadas.<\/p>\n","protected":false},"author":6,"featured_media":16397,"comment_status":"open","ping_status":"open","sticky":false,"template":"","format":"standard","meta":{"footnotes":""},"categories":[240,174],"tags":[93,117,68,25],"ppma_author":[3609],"class_list":{"0":"post-16395","1":"post","2":"type-post","3":"status-publish","4":"format-standard","5":"has-post-thumbnail","7":"category-noticias","8":"category-residencia-medica","9":"tag-especialidades-medicas","10":"tag-provas-de-residencia","11":"tag-residencia-medica","12":"tag-santa-casa-sp"},"yoast_head":"<!-- This site is optimized with the Yoast SEO Premium plugin v24.3 (Yoast SEO v27.4) - https:\/\/yoast.com\/product\/yoast-seo-premium-wordpress\/ -->\n<title>Provas da SCMSP s\u00e3o reagendadas ap\u00f3s irregularidades na aplica\u00e7\u00e3o - Blog de Medcof: conte\u00fados, editais, revalida e mais!<\/title>\n<meta name=\"description\" content=\"Ap\u00f3s irregularidades em dia de aplica\u00e7\u00e3o, provas da SCMSP realizadas na unidade Anhembi Morumbi Mooca ser\u00e3o reagendadas.\" \/>\n<meta name=\"robots\" content=\"index, follow, max-snippet:-1, max-image-preview:large, max-video-preview:-1\" \/>\n<link rel=\"canonical\" href=\"https:\/\/www.grupomedcof.com.br\/blog\/provas-da-scmsp-sao-reagendadas-apos-irregularidades-na-aplicacao\/\" \/>\n<meta property=\"og:locale\" content=\"pt_BR\" \/>\n<meta property=\"og:type\" content=\"article\" \/>\n<meta property=\"og:title\" content=\"Provas da SCMSP s\u00e3o reagendadas ap\u00f3s irregularidades na aplica\u00e7\u00e3o\" \/>\n<meta property=\"og:description\" content=\"Ap\u00f3s irregularidades em dia de aplica\u00e7\u00e3o, provas da SCMSP realizadas na unidade Anhembi Morumbi Mooca ser\u00e3o reagendadas.\" \/>\n<meta property=\"og:url\" content=\"https:\/\/www.grupomedcof.com.br\/blog\/provas-da-scmsp-sao-reagendadas-apos-irregularidades-na-aplicacao\/\" \/>\n<meta property=\"og:site_name\" content=\"Blog de Medcof: conte\u00fados, editais, revalida e mais!\" \/>\n<meta property=\"article:publisher\" content=\"https:\/\/www.facebook.com\/MedCofQbank\/\" \/>\n<meta property=\"article:published_time\" content=\"2023-12-11T13:34:05+00:00\" \/>\n<meta property=\"og:image\" content=\"https:\/\/www.grupomedcof.com.br\/blog\/wp-content\/uploads\/2023\/12\/Blog-MedCof-12.png\" \/>\n\t<meta property=\"og:image:width\" content=\"2560\" \/>\n\t<meta property=\"og:image:height\" content=\"1440\" \/>\n\t<meta property=\"og:image:type\" content=\"image\/png\" \/>\n<meta name=\"author\" content=\"J\u00falia Moreira\" \/>\n<meta name=\"twitter:card\" content=\"summary_large_image\" \/>\n<meta name=\"twitter:label1\" content=\"Escrito por\" \/>\n\t<meta name=\"twitter:data1\" content=\"J\u00falia Moreira\" \/>\n\t<meta name=\"twitter:label2\" content=\"Est. tempo de leitura\" \/>\n\t<meta name=\"twitter:data2\" content=\"7 minutos\" \/>\n<script type=\"application\/ld+json\" class=\"yoast-schema-graph\">{\"@context\":\"https:\\\/\\\/schema.org\",\"@graph\":[{\"@type\":\"Article\",\"@id\":\"https:\\\/\\\/www.grupomedcof.com.br\\\/blog\\\/provas-da-scmsp-sao-reagendadas-apos-irregularidades-na-aplicacao\\\/#article\",\"isPartOf\":{\"@id\":\"https:\\\/\\\/www.grupomedcof.com.br\\\/blog\\\/provas-da-scmsp-sao-reagendadas-apos-irregularidades-na-aplicacao\\\/\"},\"author\":{\"name\":\"J\u00falia Moreira\",\"@id\":\"https:\\\/\\\/www.grupomedcof.com.br\\\/blog\\\/#\\\/schema\\\/person\\\/1375e0ce724529d7a1d8156ea7f8ceaa\"},\"headline\":\"Provas da SCMSP s\u00e3o reagendadas ap\u00f3s irregularidades na aplica\u00e7\u00e3o\",\"datePublished\":\"2023-12-11T13:34:05+00:00\",\"mainEntityOfPage\":{\"@id\":\"https:\\\/\\\/www.grupomedcof.com.br\\\/blog\\\/provas-da-scmsp-sao-reagendadas-apos-irregularidades-na-aplicacao\\\/\"},\"wordCount\":697,\"commentCount\":2,\"publisher\":{\"@id\":\"https:\\\/\\\/www.grupomedcof.com.br\\\/blog\\\/#organization\"},\"image\":{\"@id\":\"https:\\\/\\\/www.grupomedcof.com.br\\\/blog\\\/provas-da-scmsp-sao-reagendadas-apos-irregularidades-na-aplicacao\\\/#primaryimage\"},\"thumbnailUrl\":\"https:\\\/\\\/www.grupomedcof.com.br\\\/blog\\\/wp-content\\\/uploads\\\/2023\\\/12\\\/Blog-MedCof-12.png\",\"keywords\":[\"Especialidades m\u00e9dicas\",\"Provas de Resid\u00eancia\",\"Resid\u00eancia M\u00e9dica\",\"Santa Casa SP\"],\"articleSection\":[\"Not\u00edcias\",\"Resid\u00eancia m\u00e9dica: editais, resultados, temas quentes e mais\"],\"inLanguage\":\"pt-BR\"},{\"@type\":\"WebPage\",\"@id\":\"https:\\\/\\\/www.grupomedcof.com.br\\\/blog\\\/provas-da-scmsp-sao-reagendadas-apos-irregularidades-na-aplicacao\\\/\",\"url\":\"https:\\\/\\\/www.grupomedcof.com.br\\\/blog\\\/provas-da-scmsp-sao-reagendadas-apos-irregularidades-na-aplicacao\\\/\",\"name\":\"Provas da SCMSP s\u00e3o reagendadas ap\u00f3s irregularidades na aplica\u00e7\u00e3o - Blog de Medcof: conte\u00fados, editais, revalida e mais!\",\"isPartOf\":{\"@id\":\"https:\\\/\\\/www.grupomedcof.com.br\\\/blog\\\/#website\"},\"primaryImageOfPage\":{\"@id\":\"https:\\\/\\\/www.grupomedcof.com.br\\\/blog\\\/provas-da-scmsp-sao-reagendadas-apos-irregularidades-na-aplicacao\\\/#primaryimage\"},\"image\":{\"@id\":\"https:\\\/\\\/www.grupomedcof.com.br\\\/blog\\\/provas-da-scmsp-sao-reagendadas-apos-irregularidades-na-aplicacao\\\/#primaryimage\"},\"thumbnailUrl\":\"https:\\\/\\\/www.grupomedcof.com.br\\\/blog\\\/wp-content\\\/uploads\\\/2023\\\/12\\\/Blog-MedCof-12.png\",\"datePublished\":\"2023-12-11T13:34:05+00:00\",\"description\":\"Ap\u00f3s irregularidades em dia de aplica\u00e7\u00e3o, provas da SCMSP realizadas na unidade Anhembi Morumbi Mooca ser\u00e3o reagendadas.\",\"breadcrumb\":{\"@id\":\"https:\\\/\\\/www.grupomedcof.com.br\\\/blog\\\/provas-da-scmsp-sao-reagendadas-apos-irregularidades-na-aplicacao\\\/#breadcrumb\"},\"inLanguage\":\"pt-BR\",\"potentialAction\":[{\"@type\":\"ReadAction\",\"target\":[\"https:\\\/\\\/www.grupomedcof.com.br\\\/blog\\\/provas-da-scmsp-sao-reagendadas-apos-irregularidades-na-aplicacao\\\/\"]}]},{\"@type\":\"ImageObject\",\"inLanguage\":\"pt-BR\",\"@id\":\"https:\\\/\\\/www.grupomedcof.com.br\\\/blog\\\/provas-da-scmsp-sao-reagendadas-apos-irregularidades-na-aplicacao\\\/#primaryimage\",\"url\":\"https:\\\/\\\/www.grupomedcof.com.br\\\/blog\\\/wp-content\\\/uploads\\\/2023\\\/12\\\/Blog-MedCof-12.png\",\"contentUrl\":\"https:\\\/\\\/www.grupomedcof.com.br\\\/blog\\\/wp-content\\\/uploads\\\/2023\\\/12\\\/Blog-MedCof-12.png\",\"width\":2560,\"height\":1440,\"caption\":\"Ap\u00f3s irregularidades em dia de aplica\u00e7\u00e3o, provas da SCMSP realizadas na unidade Anhembi Morumbi Mooca ser\u00e3o reagendadas.\"},{\"@type\":\"BreadcrumbList\",\"@id\":\"https:\\\/\\\/www.grupomedcof.com.br\\\/blog\\\/provas-da-scmsp-sao-reagendadas-apos-irregularidades-na-aplicacao\\\/#breadcrumb\",\"itemListElement\":[{\"@type\":\"ListItem\",\"position\":1,\"name\":\"In\u00edcio\",\"item\":\"https:\\\/\\\/www.grupomedcof.com.br\\\/blog\\\/\"},{\"@type\":\"ListItem\",\"position\":2,\"name\":\"Provas da SCMSP s\u00e3o reagendadas ap\u00f3s irregularidades na aplica\u00e7\u00e3o\"}]},{\"@type\":\"WebSite\",\"@id\":\"https:\\\/\\\/www.grupomedcof.com.br\\\/blog\\\/#website\",\"url\":\"https:\\\/\\\/www.grupomedcof.com.br\\\/blog\\\/\",\"name\":\"Blog de Medcof: conte\u00fados, editais, revalida e mais!\",\"description\":\"Acesso o blog de MedCof! Seu portal de conte\u00fados sobre resid\u00eancia m\u00e9dica, an\u00e1lise e editais e muito mais. Clique e confira!\",\"publisher\":{\"@id\":\"https:\\\/\\\/www.grupomedcof.com.br\\\/blog\\\/#organization\"},\"alternateName\":\"Blog de Medcof: conte\u00fados, editais, revalida e mais!\",\"potentialAction\":[{\"@type\":\"SearchAction\",\"target\":{\"@type\":\"EntryPoint\",\"urlTemplate\":\"https:\\\/\\\/www.grupomedcof.com.br\\\/blog\\\/?s={search_term_string}\"},\"query-input\":{\"@type\":\"PropertyValueSpecification\",\"valueRequired\":true,\"valueName\":\"search_term_string\"}}],\"inLanguage\":\"pt-BR\"},{\"@type\":\"Organization\",\"@id\":\"https:\\\/\\\/www.grupomedcof.com.br\\\/blog\\\/#organization\",\"name\":\"Grupo MedCof\",\"url\":\"https:\\\/\\\/www.grupomedcof.com.br\\\/blog\\\/\",\"logo\":{\"@type\":\"ImageObject\",\"inLanguage\":\"pt-BR\",\"@id\":\"https:\\\/\\\/www.grupomedcof.com.br\\\/blog\\\/#\\\/schema\\\/logo\\\/image\\\/\",\"url\":\"https:\\\/\\\/www.grupomedcof.com.br\\\/blog\\\/wp-content\\\/uploads\\\/2022\\\/01\\\/logo-medcof.png\",\"contentUrl\":\"https:\\\/\\\/www.grupomedcof.com.br\\\/blog\\\/wp-content\\\/uploads\\\/2022\\\/01\\\/logo-medcof.png\",\"width\":768,\"height\":269,\"caption\":\"Grupo MedCof\"},\"image\":{\"@id\":\"https:\\\/\\\/www.grupomedcof.com.br\\\/blog\\\/#\\\/schema\\\/logo\\\/image\\\/\"},\"sameAs\":[\"https:\\\/\\\/www.facebook.com\\\/MedCofQbank\\\/\",\"https:\\\/\\\/www.instagram.com\\\/grupomedcof\\\/\",\"https:\\\/\\\/br.linkedin.com\\\/company\\\/medcof\",\"https:\\\/\\\/www.youtube.com\\\/channel\\\/UCdHMuOHKICxcHwecxN8P-AA\"]},{\"@type\":\"Person\",\"@id\":\"https:\\\/\\\/www.grupomedcof.com.br\\\/blog\\\/#\\\/schema\\\/person\\\/1375e0ce724529d7a1d8156ea7f8ceaa\",\"name\":\"J\u00falia Moreira\",\"image\":{\"@type\":\"ImageObject\",\"inLanguage\":\"pt-BR\",\"@id\":\"https:\\\/\\\/www.grupomedcof.com.br\\\/blog\\\/wp-content\\\/uploads\\\/2024\\\/12\\\/cropped-Captura-de-tela-2023-12-15-094946-96x96.png6a0083ac34a0445de97d55fae63a4a41\",\"url\":\"https:\\\/\\\/www.grupomedcof.com.br\\\/blog\\\/wp-content\\\/uploads\\\/2024\\\/12\\\/cropped-Captura-de-tela-2023-12-15-094946-96x96.png\",\"contentUrl\":\"https:\\\/\\\/www.grupomedcof.com.br\\\/blog\\\/wp-content\\\/uploads\\\/2024\\\/12\\\/cropped-Captura-de-tela-2023-12-15-094946-96x96.png\",\"caption\":\"J\u00falia Moreira\"},\"description\":\"Estudante do 8\u00ba semestre de Jornalismo na ECA-USP, f\u00e3 de filmes de terror e m\u00fasica popular sul-coreana.\",\"sameAs\":[\"https:\\\/\\\/www.grupomedcof.com.br\\\/\"],\"url\":\"https:\\\/\\\/www.grupomedcof.com.br\\\/blog\\\/author\\\/julia\\\/\"}]}<\/script>\n<!-- \/ Yoast SEO Premium plugin. -->","yoast_head_json":{"title":"Provas da SCMSP s\u00e3o reagendadas ap\u00f3s irregularidades na aplica\u00e7\u00e3o - Blog de Medcof: conte\u00fados, editais, revalida e mais!","description":"Ap\u00f3s irregularidades em dia de aplica\u00e7\u00e3o, provas da SCMSP realizadas na unidade Anhembi Morumbi Mooca ser\u00e3o reagendadas.","robots":{"index":"index","follow":"follow","max-snippet":"max-snippet:-1","max-image-preview":"max-image-preview:large","max-video-preview":"max-video-preview:-1"},"canonical":"https:\/\/www.grupomedcof.com.br\/blog\/provas-da-scmsp-sao-reagendadas-apos-irregularidades-na-aplicacao\/","og_locale":"pt_BR","og_type":"article","og_title":"Provas da SCMSP s\u00e3o reagendadas ap\u00f3s irregularidades na aplica\u00e7\u00e3o","og_description":"Ap\u00f3s irregularidades em dia de aplica\u00e7\u00e3o, provas da SCMSP realizadas na unidade Anhembi Morumbi Mooca ser\u00e3o reagendadas.","og_url":"https:\/\/www.grupomedcof.com.br\/blog\/provas-da-scmsp-sao-reagendadas-apos-irregularidades-na-aplicacao\/","og_site_name":"Blog de Medcof: conte\u00fados, editais, revalida e mais!","article_publisher":"https:\/\/www.facebook.com\/MedCofQbank\/","article_published_time":"2023-12-11T13:34:05+00:00","og_image":[{"width":2560,"height":1440,"url":"https:\/\/www.grupomedcof.com.br\/blog\/wp-content\/uploads\/2023\/12\/Blog-MedCof-12.png","type":"image\/png"}],"author":"J\u00falia Moreira","twitter_card":"summary_large_image","twitter_misc":{"Escrito por":"J\u00falia Moreira","Est. tempo de leitura":"7 minutos"},"schema":{"@context":"https:\/\/schema.org","@graph":[{"@type":"Article","@id":"https:\/\/www.grupomedcof.com.br\/blog\/provas-da-scmsp-sao-reagendadas-apos-irregularidades-na-aplicacao\/#article","isPartOf":{"@id":"https:\/\/www.grupomedcof.com.br\/blog\/provas-da-scmsp-sao-reagendadas-apos-irregularidades-na-aplicacao\/"},"author":{"name":"J\u00falia Moreira","@id":"https:\/\/www.grupomedcof.com.br\/blog\/#\/schema\/person\/1375e0ce724529d7a1d8156ea7f8ceaa"},"headline":"Provas da SCMSP s\u00e3o reagendadas ap\u00f3s irregularidades na aplica\u00e7\u00e3o","datePublished":"2023-12-11T13:34:05+00:00","mainEntityOfPage":{"@id":"https:\/\/www.grupomedcof.com.br\/blog\/provas-da-scmsp-sao-reagendadas-apos-irregularidades-na-aplicacao\/"},"wordCount":697,"commentCount":2,"publisher":{"@id":"https:\/\/www.grupomedcof.com.br\/blog\/#organization"},"image":{"@id":"https:\/\/www.grupomedcof.com.br\/blog\/provas-da-scmsp-sao-reagendadas-apos-irregularidades-na-aplicacao\/#primaryimage"},"thumbnailUrl":"https:\/\/www.grupomedcof.com.br\/blog\/wp-content\/uploads\/2023\/12\/Blog-MedCof-12.png","keywords":["Especialidades m\u00e9dicas","Provas de Resid\u00eancia","Resid\u00eancia M\u00e9dica","Santa Casa SP"],"articleSection":["Not\u00edcias","Resid\u00eancia m\u00e9dica: editais, resultados, temas quentes e mais"],"inLanguage":"pt-BR"},{"@type":"WebPage","@id":"https:\/\/www.grupomedcof.com.br\/blog\/provas-da-scmsp-sao-reagendadas-apos-irregularidades-na-aplicacao\/","url":"https:\/\/www.grupomedcof.com.br\/blog\/provas-da-scmsp-sao-reagendadas-apos-irregularidades-na-aplicacao\/","name":"Provas da SCMSP s\u00e3o reagendadas ap\u00f3s irregularidades na aplica\u00e7\u00e3o - Blog de Medcof: conte\u00fados, editais, revalida e mais!","isPartOf":{"@id":"https:\/\/www.grupomedcof.com.br\/blog\/#website"},"primaryImageOfPage":{"@id":"https:\/\/www.grupomedcof.com.br\/blog\/provas-da-scmsp-sao-reagendadas-apos-irregularidades-na-aplicacao\/#primaryimage"},"image":{"@id":"https:\/\/www.grupomedcof.com.br\/blog\/provas-da-scmsp-sao-reagendadas-apos-irregularidades-na-aplicacao\/#primaryimage"},"thumbnailUrl":"https:\/\/www.grupomedcof.com.br\/blog\/wp-content\/uploads\/2023\/12\/Blog-MedCof-12.png","datePublished":"2023-12-11T13:34:05+00:00","description":"Ap\u00f3s irregularidades em dia de aplica\u00e7\u00e3o, provas da SCMSP realizadas na unidade Anhembi Morumbi Mooca ser\u00e3o reagendadas.","breadcrumb":{"@id":"https:\/\/www.grupomedcof.com.br\/blog\/provas-da-scmsp-sao-reagendadas-apos-irregularidades-na-aplicacao\/#breadcrumb"},"inLanguage":"pt-BR","potentialAction":[{"@type":"ReadAction","target":["https:\/\/www.grupomedcof.com.br\/blog\/provas-da-scmsp-sao-reagendadas-apos-irregularidades-na-aplicacao\/"]}]},{"@type":"ImageObject","inLanguage":"pt-BR","@id":"https:\/\/www.grupomedcof.com.br\/blog\/provas-da-scmsp-sao-reagendadas-apos-irregularidades-na-aplicacao\/#primaryimage","url":"https:\/\/www.grupomedcof.com.br\/blog\/wp-content\/uploads\/2023\/12\/Blog-MedCof-12.png","contentUrl":"https:\/\/www.grupomedcof.com.br\/blog\/wp-content\/uploads\/2023\/12\/Blog-MedCof-12.png","width":2560,"height":1440,"caption":"Ap\u00f3s irregularidades em dia de aplica\u00e7\u00e3o, provas da SCMSP realizadas na unidade Anhembi Morumbi Mooca ser\u00e3o reagendadas."},{"@type":"BreadcrumbList","@id":"https:\/\/www.grupomedcof.com.br\/blog\/provas-da-scmsp-sao-reagendadas-apos-irregularidades-na-aplicacao\/#breadcrumb","itemListElement":[{"@type":"ListItem","position":1,"name":"In\u00edcio","item":"https:\/\/www.grupomedcof.com.br\/blog\/"},{"@type":"ListItem","position":2,"name":"Provas da SCMSP s\u00e3o reagendadas ap\u00f3s irregularidades na aplica\u00e7\u00e3o"}]},{"@type":"WebSite","@id":"https:\/\/www.grupomedcof.com.br\/blog\/#website","url":"https:\/\/www.grupomedcof.com.br\/blog\/","name":"Blog de Medcof: conte\u00fados, editais, revalida e mais!","description":"Acesso o blog de MedCof! Seu portal de conte\u00fados sobre resid\u00eancia m\u00e9dica, an\u00e1lise e editais e muito mais. Clique e confira!","publisher":{"@id":"https:\/\/www.grupomedcof.com.br\/blog\/#organization"},"alternateName":"Blog de Medcof: conte\u00fados, editais, revalida e mais!","potentialAction":[{"@type":"SearchAction","target":{"@type":"EntryPoint","urlTemplate":"https:\/\/www.grupomedcof.com.br\/blog\/?s={search_term_string}"},"query-input":{"@type":"PropertyValueSpecification","valueRequired":true,"valueName":"search_term_string"}}],"inLanguage":"pt-BR"},{"@type":"Organization","@id":"https:\/\/www.grupomedcof.com.br\/blog\/#organization","name":"Grupo MedCof","url":"https:\/\/www.grupomedcof.com.br\/blog\/","logo":{"@type":"ImageObject","inLanguage":"pt-BR","@id":"https:\/\/www.grupomedcof.com.br\/blog\/#\/schema\/logo\/image\/","url":"https:\/\/www.grupomedcof.com.br\/blog\/wp-content\/uploads\/2022\/01\/logo-medcof.png","contentUrl":"https:\/\/www.grupomedcof.com.br\/blog\/wp-content\/uploads\/2022\/01\/logo-medcof.png","width":768,"height":269,"caption":"Grupo MedCof"},"image":{"@id":"https:\/\/www.grupomedcof.com.br\/blog\/#\/schema\/logo\/image\/"},"sameAs":["https:\/\/www.facebook.com\/MedCofQbank\/","https:\/\/www.instagram.com\/grupomedcof\/","https:\/\/br.linkedin.com\/company\/medcof","https:\/\/www.youtube.com\/channel\/UCdHMuOHKICxcHwecxN8P-AA"]},{"@type":"Person","@id":"https:\/\/www.grupomedcof.com.br\/blog\/#\/schema\/person\/1375e0ce724529d7a1d8156ea7f8ceaa","name":"J\u00falia Moreira","image":{"@type":"ImageObject","inLanguage":"pt-BR","@id":"https:\/\/www.grupomedcof.com.br\/blog\/wp-content\/uploads\/2024\/12\/cropped-Captura-de-tela-2023-12-15-094946-96x96.png6a0083ac34a0445de97d55fae63a4a41","url":"https:\/\/www.grupomedcof.com.br\/blog\/wp-content\/uploads\/2024\/12\/cropped-Captura-de-tela-2023-12-15-094946-96x96.png","contentUrl":"https:\/\/www.grupomedcof.com.br\/blog\/wp-content\/uploads\/2024\/12\/cropped-Captura-de-tela-2023-12-15-094946-96x96.png","caption":"J\u00falia Moreira"},"description":"Estudante do 8\u00ba semestre de Jornalismo na ECA-USP, f\u00e3 de filmes de terror e m\u00fasica popular sul-coreana.","sameAs":["https:\/\/www.grupomedcof.com.br\/"],"url":"https:\/\/www.grupomedcof.com.br\/blog\/author\/julia\/"}]}},"authors":[{"term_id":3609,"user_id":6,"is_guest":0,"slug":"julia","display_name":"J\u00falia Moreira","avatar_url":"https:\/\/www.grupomedcof.com.br\/blog\/wp-content\/uploads\/2024\/12\/cropped-Captura-de-tela-2023-12-15-094946-96x96.png","0":null,"1":"","2":"","3":"","4":"","5":"","6":"","7":"","8":""}],"_links":{"self":[{"href":"https:\/\/www.grupomedcof.com.br\/blog\/wp-json\/wp\/v2\/posts\/16395","targetHints":{"allow":["GET"]}}],"collection":[{"href":"https:\/\/www.grupomedcof.com.br\/blog\/wp-json\/wp\/v2\/posts"}],"about":[{"href":"https:\/\/www.grupomedcof.com.br\/blog\/wp-json\/wp\/v2\/types\/post"}],"author":[{"embeddable":true,"href":"https:\/\/www.grupomedcof.com.br\/blog\/wp-json\/wp\/v2\/users\/6"}],"replies":[{"embeddable":true,"href":"https:\/\/www.grupomedcof.com.br\/blog\/wp-json\/wp\/v2\/comments?post=16395"}],"version-history":[{"count":0,"href":"https:\/\/www.grupomedcof.com.br\/blog\/wp-json\/wp\/v2\/posts\/16395\/revisions"}],"wp:featuredmedia":[{"embeddable":true,"href":"https:\/\/www.grupomedcof.com.br\/blog\/wp-json\/wp\/v2\/media\/16397"}],"wp:attachment":[{"href":"https:\/\/www.grupomedcof.com.br\/blog\/wp-json\/wp\/v2\/media?parent=16395"}],"wp:term":[{"taxonomy":"category","embeddable":true,"href":"https:\/\/www.grupomedcof.com.br\/blog\/wp-json\/wp\/v2\/categories?post=16395"},{"taxonomy":"post_tag","embeddable":true,"href":"https:\/\/www.grupomedcof.com.br\/blog\/wp-json\/wp\/v2\/tags?post=16395"},{"taxonomy":"author","embeddable":true,"href":"https:\/\/www.grupomedcof.com.br\/blog\/wp-json\/wp\/v2\/ppma_author?post=16395"}],"curies":[{"name":"wp","href":"https:\/\/api.w.org\/{rel}","templated":true}]}}