{"id":16505,"date":"2025-08-29T17:22:34","date_gmt":"2025-08-29T20:22:34","guid":{"rendered":"https:\/\/www.grupomedcof.com.br\/blog\/?p=16505"},"modified":"2025-09-04T15:47:28","modified_gmt":"2025-09-04T18:47:28","slug":"edital-residencia-medica-ses-rj","status":"publish","type":"post","link":"https:\/\/www.grupomedcof.com.br\/blog\/edital-residencia-medica-ses-rj\/","title":{"rendered":"SES-RJ publica edital para Resid\u00eancia M\u00e9dica 2025\/2026"},"content":{"rendered":"<div id=\"ez-toc-container\" class=\"ez-toc-v2_0_74 counter-hierarchy ez-toc-counter ez-toc-transparent ez-toc-container-direction\">\n<div class=\"ez-toc-title-container\">\n<p class=\"ez-toc-title\" style=\"cursor:inherit\">Sum\u00e1rio<\/p>\n<span class=\"ez-toc-title-toggle\"><a href=\"#\" class=\"ez-toc-pull-right ez-toc-btn ez-toc-btn-xs ez-toc-btn-default ez-toc-toggle\" aria-label=\"Alternar tabela de conte\u00fado\"><span class=\"ez-toc-js-icon-con\"><span class=\"\"><span class=\"eztoc-hide\" style=\"display:none;\">Toggle<\/span><span class=\"ez-toc-icon-toggle-span\"><svg style=\"fill: #999;color:#999\" xmlns=\"http:\/\/www.w3.org\/2000\/svg\" class=\"list-377408\" width=\"20px\" height=\"20px\" viewBox=\"0 0 24 24\" fill=\"none\"><path d=\"M6 6H4v2h2V6zm14 0H8v2h12V6zM4 11h2v2H4v-2zm16 0H8v2h12v-2zM4 16h2v2H4v-2zm16 0H8v2h12v-2z\" fill=\"currentColor\"><\/path><\/svg><svg style=\"fill: #999;color:#999\" class=\"arrow-unsorted-368013\" xmlns=\"http:\/\/www.w3.org\/2000\/svg\" width=\"10px\" height=\"10px\" viewBox=\"0 0 24 24\" version=\"1.2\" baseProfile=\"tiny\"><path d=\"M18.2 9.3l-6.2-6.3-6.2 6.3c-.2.2-.3.4-.3.7s.1.5.3.7c.2.2.4.3.7.3h11c.3 0 .5-.1.7-.3.2-.2.3-.5.3-.7s-.1-.5-.3-.7zM5.8 14.7l6.2 6.3 6.2-6.3c.2-.2.3-.5.3-.7s-.1-.5-.3-.7c-.2-.2-.4-.3-.7-.3h-11c-.3 0-.5.1-.7.3-.2.2-.3.5-.3.7s.1.5.3.7z\"\/><\/svg><\/span><\/span><\/span><\/a><\/span><\/div>\n<nav><ul class='ez-toc-list ez-toc-list-level-1 ' ><li class='ez-toc-page-1 ez-toc-heading-level-2'><a class=\"ez-toc-link ez-toc-heading-1\" href=\"https:\/\/www.grupomedcof.com.br\/blog\/edital-residencia-medica-ses-rj\/#Edital_SES-RJ_20252026\" >Edital SES-RJ 2025\/2026<\/a><\/li><li class='ez-toc-page-1 ez-toc-heading-level-2'><a class=\"ez-toc-link ez-toc-heading-2\" href=\"https:\/\/www.grupomedcof.com.br\/blog\/edital-residencia-medica-ses-rj\/#Vagas_ofertadas\" >Vagas ofertadas<\/a><ul class='ez-toc-list-level-3' ><li class='ez-toc-heading-level-3'><a class=\"ez-toc-link ez-toc-heading-3\" href=\"https:\/\/www.grupomedcof.com.br\/blog\/edital-residencia-medica-ses-rj\/#Acesso_Direto\" >Acesso Direto<\/a><\/li><li class='ez-toc-page-1 ez-toc-heading-level-3'><a class=\"ez-toc-link ez-toc-heading-4\" href=\"https:\/\/www.grupomedcof.com.br\/blog\/edital-residencia-medica-ses-rj\/#Pre-Requisito\" >Pr\u00e9-Requisito<\/a><\/li><li class='ez-toc-page-1 ez-toc-heading-level-3'><a class=\"ez-toc-link ez-toc-heading-5\" href=\"https:\/\/www.grupomedcof.com.br\/blog\/edital-residencia-medica-ses-rj\/#Areas_de_Atuacao\" >\u00c1reas de Atua\u00e7\u00e3o<\/a><\/li><\/ul><\/li><li class='ez-toc-page-1 ez-toc-heading-level-2'><a class=\"ez-toc-link ez-toc-heading-6\" href=\"https:\/\/www.grupomedcof.com.br\/blog\/edital-residencia-medica-ses-rj\/#Processo_Seletivo_SES-RJ_20242025\" >Processo Seletivo SES-RJ 2024\/2025<\/a><\/li><li class='ez-toc-page-1 ez-toc-heading-level-2'><a class=\"ez-toc-link ez-toc-heading-7\" href=\"https:\/\/www.grupomedcof.com.br\/blog\/edital-residencia-medica-ses-rj\/#Cronograma_SES-RJ_20252026\" >Cronograma SES-RJ 2025\/2026<\/a><\/li><li class='ez-toc-page-1 ez-toc-heading-level-2'><a class=\"ez-toc-link ez-toc-heading-8\" href=\"https:\/\/www.grupomedcof.com.br\/blog\/edital-residencia-medica-ses-rj\/#Edital_na_integra\" >Edital na \u00edntegra<\/a><\/li><li class='ez-toc-page-1 ez-toc-heading-level-2'><a class=\"ez-toc-link ez-toc-heading-9\" href=\"https:\/\/www.grupomedcof.com.br\/blog\/edital-residencia-medica-ses-rj\/#Prepare-se_conosco\" >Prepare-se conosco!<\/a><\/li><\/ul><\/nav><\/div>\n\n<figure class=\"wp-block-image size-large\"><img loading=\"lazy\" decoding=\"async\" width=\"1024\" height=\"576\" src=\"https:\/\/www.grupomedcof.com.br\/blog\/wp-content\/uploads\/2023\/12\/Modelo-instituicoes-2024-10-08T144538.505-1024x576.png\" alt=\"\" class=\"wp-image-30429\" srcset=\"https:\/\/www.grupomedcof.com.br\/blog\/wp-content\/uploads\/2023\/12\/Modelo-instituicoes-2024-10-08T144538.505-1024x576.png 1024w, https:\/\/www.grupomedcof.com.br\/blog\/wp-content\/uploads\/2023\/12\/Modelo-instituicoes-2024-10-08T144538.505-300x169.png 300w, https:\/\/www.grupomedcof.com.br\/blog\/wp-content\/uploads\/2023\/12\/Modelo-instituicoes-2024-10-08T144538.505-768x432.png 768w, https:\/\/www.grupomedcof.com.br\/blog\/wp-content\/uploads\/2023\/12\/Modelo-instituicoes-2024-10-08T144538.505-1536x864.png 1536w, https:\/\/www.grupomedcof.com.br\/blog\/wp-content\/uploads\/2023\/12\/Modelo-instituicoes-2024-10-08T144538.505-2048x1152.png 2048w, https:\/\/www.grupomedcof.com.br\/blog\/wp-content\/uploads\/2023\/12\/Modelo-instituicoes-2024-10-08T144538.505-747x420.png 747w, https:\/\/www.grupomedcof.com.br\/blog\/wp-content\/uploads\/2023\/12\/Modelo-instituicoes-2024-10-08T144538.505-150x84.png 150w, https:\/\/www.grupomedcof.com.br\/blog\/wp-content\/uploads\/2023\/12\/Modelo-instituicoes-2024-10-08T144538.505-696x392.png 696w, https:\/\/www.grupomedcof.com.br\/blog\/wp-content\/uploads\/2023\/12\/Modelo-instituicoes-2024-10-08T144538.505-1068x601.png 1068w, https:\/\/www.grupomedcof.com.br\/blog\/wp-content\/uploads\/2023\/12\/Modelo-instituicoes-2024-10-08T144538.505-1920x1080.png 1920w\" sizes=\"auto, (max-width: 1024px) 100vw, 1024px\" \/><\/figure>\n\n\n\n<p>A <strong>Secretaria de Estado de Sa\u00fade do Rio de Janeiro (SES-RJ)<\/strong>&nbsp;divulgou o edital para resid\u00eancia m\u00e9dica. As inscri\u00e7\u00f5es come\u00e7am hoje, 29 de agosto, <strong>e v\u00e3o at\u00e9 o dia 29 de setembro de 2025.<\/strong> Confira!<\/p>\n\n\n\n<h2 class=\"wp-block-heading\" id=\"h-edital-ses-rj-2025-2026\"><span class=\"ez-toc-section\" id=\"Edital_SES-RJ_20252026\"><\/span><strong>Edital SES-RJ 2025\/2026<\/strong><span class=\"ez-toc-section-end\"><\/span><\/h2>\n\n\n\n<p>De acordo com o edital, o SES-RJ disponibilizar\u00e1<strong> 122 vagas<\/strong> distribu\u00eddas entre Acesso Direto, Pr\u00e9-Requisito e \u00c1rea de Atua\u00e7\u00e3o. Com isso, os candidatos ser\u00e3o avaliados por meio de uma fase \u00fanica, a prova objetiva. E para concluir a inscri\u00e7\u00e3o, o participante dever\u00e1 efetuar o pagamento da taxa de inscri\u00e7\u00e3o no valor de <strong>R$300<\/strong>. Entrentanto, \u00e9 poss\u00edvel solicitar o pedido de isen\u00e7\u00e3o no per\u00edodo de <strong>29 de agosto a 02 de setembro de 2025.<\/strong><\/p>\n\n\n\n<h2 class=\"wp-block-heading\" id=\"h-vagas-ofertadas\"><span class=\"ez-toc-section\" id=\"Vagas_ofertadas\"><\/span><strong>Vagas ofertadas<\/strong><span class=\"ez-toc-section-end\"><\/span><\/h2>\n\n\n\n<h3 class=\"wp-block-heading\"><span class=\"ez-toc-section\" id=\"Acesso_Direto\"><\/span><strong>Acesso Direto<\/strong><span class=\"ez-toc-section-end\"><\/span><\/h3>\n\n\n\n<figure class=\"wp-block-table\"><table class=\"has-fixed-layout\"><thead><tr><th>Especialidade \/ Unidade<\/th><th>Ampla Concorr\u00eancia<\/th><th>PCD<\/th><th>Negras e Ind\u00edgenas<\/th><th>Total<\/th><th>Reserva Servi\u00e7o Militar<\/th><\/tr><\/thead><tbody><tr><td>Anestesiologia \u2013 HEAL<\/td><td>02<\/td><td>\u2013<\/td><td>\u2013<\/td><td>02<\/td><td>01<\/td><\/tr><tr><td>Anestesiologia \u2013 HEGV<\/td><td>03<\/td><td>\u2013<\/td><td>01<\/td><td>04<\/td><td>\u2013<\/td><\/tr><tr><td>Anestesiologia \u2013 HEAT<\/td><td>03<\/td><td>\u2013<\/td><td>01<\/td><td>04<\/td><td>\u2013<\/td><\/tr><tr><td>Anestesiologia \u2013 HMMRC<\/td><td>03<\/td><td>\u2013<\/td><td>01<\/td><td>04<\/td><td>\u2013<\/td><\/tr><tr><td>Anestesiologia \u2013 HMAPN<\/td><td>02<\/td><td>\u2013<\/td><td>\u2013<\/td><td>02<\/td><td>\u2013<\/td><\/tr><tr><td>Cirurgia Cardiovascular \u2013 IECAC<\/td><td>01<\/td><td>\u2013<\/td><td>\u2013<\/td><td>01<\/td><td>\u2013<\/td><\/tr><tr><td>Cirurgia Geral \u2013 HEAT<\/td><td>01<\/td><td>\u2013<\/td><td>01<\/td><td>01<\/td><td>\u2013<\/td><\/tr><tr><td>Cirurgia Geral \u2013 HEGV<\/td><td>03<\/td><td>01<\/td><td>01<\/td><td>05<\/td><td>01<\/td><\/tr><tr><td>Cirurgia Geral \u2013 HMMRC<\/td><td>03<\/td><td>\u2013<\/td><td>01<\/td><td>04<\/td><td>\u2013<\/td><\/tr><tr><td>Cirurgia Geral \u2013 HMAPN<\/td><td>02<\/td><td>\u2013<\/td><td>01<\/td><td>03<\/td><td>\u2013<\/td><\/tr><tr><td>Cirurgia Geral \u2013 HOF<\/td><td>04<\/td><td>01<\/td><td>01<\/td><td>06<\/td><td>\u2013<\/td><\/tr><tr><td>Cirurgia Geral \u2013 HECC<\/td><td>02<\/td><td>\u2013<\/td><td>01<\/td><td>03<\/td><td>\u2013<\/td><\/tr><tr><td>Cl\u00ednica M\u00e9dica \u2013 HMMRC<\/td><td>02<\/td><td>\u2013<\/td><td>01<\/td><td>03<\/td><td>01<\/td><\/tr><tr><td>Ginecologia e Obstetr\u00edcia \u2013 HMHS<\/td><td>03<\/td><td>\u2013<\/td><td>01<\/td><td>04<\/td><td>\u2013<\/td><\/tr><tr><td>Ginecologia e Obstetr\u00edcia \u2013 HMAPN<\/td><td>02<\/td><td>\u2013<\/td><td>\u2013<\/td><td>02<\/td><td>\u2013<\/td><\/tr><tr><td>Medicina Intensiva \u2013 HEAT<\/td><td>02<\/td><td>\u2013<\/td><td>\u2013<\/td><td>02<\/td><td>\u2013<\/td><\/tr><tr><td>Medicina Intensiva \u2013 HEAL<\/td><td>02<\/td><td>\u2013<\/td><td>\u2013<\/td><td>02<\/td><td>\u2013<\/td><\/tr><tr><td>Medicina Intensiva \u2013 HEGV<\/td><td>02<\/td><td>\u2013<\/td><td>\u2013<\/td><td>02<\/td><td>\u2013<\/td><\/tr><tr><td>Neurocirurgia \u2013 IEC<\/td><td>02<\/td><td>\u2013<\/td><td>\u2013<\/td><td>02<\/td><td>\u2013<\/td><\/tr><tr><td>Ortopedia e Traumatologia \u2013 HEGV<\/td><td>03<\/td><td>\u2013<\/td><td>01<\/td><td>04<\/td><td>\u2013<\/td><\/tr><tr><td>Ortopedia e Traumatologia \u2013 HEAT<\/td><td>02<\/td><td>\u2013<\/td><td>\u2013<\/td><td>02<\/td><td>\u2013<\/td><\/tr><tr><td>Ortopedia e Traumatologia \u2013 HEAL<\/td><td>\u2013<\/td><td>\u2013<\/td><td>\u2013<\/td><td>02<\/td><td>\u2013<\/td><\/tr><tr><td>Ortopedia e Traumatologia \u2013 HETDOL<\/td><td>03<\/td><td>01<\/td><td>01<\/td><td>05<\/td><td>01<\/td><\/tr><tr><td>Ortopedia e Traumatologia \u2013 HMAPN<\/td><td>01<\/td><td>\u2013<\/td><td>01<\/td><td>01<\/td><td>\u2013<\/td><\/tr><tr><td>Pediatria \u2013 HMAPN<\/td><td>04<\/td><td>01<\/td><td>01<\/td><td>06<\/td><td>\u2013<\/td><\/tr><tr><td>Psiquiatria \u2013 CPRJ<\/td><td>02<\/td><td>\u2013<\/td><td>01<\/td><td>03<\/td><td>\u2013<\/td><\/tr><tr><td>Psiquiatria \u2013 HPJ<\/td><td>03<\/td><td>\u2013<\/td><td>01<\/td><td>04<\/td><td>\u2013<\/td><\/tr><\/tbody><\/table><\/figure>\n\n\n\n<h3 class=\"wp-block-heading\"><span class=\"ez-toc-section\" id=\"Pre-Requisito\"><\/span><strong>Pr\u00e9-Requisito<\/strong><span class=\"ez-toc-section-end\"><\/span><\/h3>\n\n\n\n<figure class=\"wp-block-table\"><table class=\"has-fixed-layout\"><thead><tr><th>Especialidade \/ Unidade<\/th><th>Ampla Concorr\u00eancia<\/th><th>PCD<\/th><th>Negras e Ind\u00edgenas<\/th><th>Total<\/th><\/tr><\/thead><tbody><tr><td>Cardiologia \u2013 IECAC<\/td><td>03<\/td><td>01<\/td><td>01<\/td><td>05<\/td><\/tr><tr><td>Cirurgia Pedi\u00e1trica \u2013 HMAPN<\/td><td>02<\/td><td>\u2013<\/td><td>\u2013<\/td><td>02<\/td><\/tr><tr><td>Cirurgia Vascular \u2013 IECAC<\/td><td>01<\/td><td>\u2013<\/td><td>\u2013<\/td><td>01<\/td><\/tr><tr><td>Endocrinologia e Metabologia \u2013 IEDE<\/td><td>09<\/td><td>01<\/td><td>02<\/td><td>12<\/td><\/tr><tr><td>Hematologia e Hemoterapia Adulto \u2013 HEMORIO<\/td><td>04<\/td><td>01<\/td><td>01<\/td><td>06<\/td><\/tr><\/tbody><\/table><\/figure>\n\n\n\n<h3 class=\"wp-block-heading\"><span class=\"ez-toc-section\" id=\"Areas_de_Atuacao\"><\/span><strong>\u00c1reas de Atua\u00e7\u00e3o<\/strong><span class=\"ez-toc-section-end\"><\/span><\/h3>\n\n\n\n<figure class=\"wp-block-table\"><table class=\"has-fixed-layout\"><thead><tr><th>Especialidade \/ Unidade<\/th><th>Ampla Concorr\u00eancia<\/th><th>Negras e Ind\u00edgenas<\/th><th>Total<\/th><\/tr><\/thead><tbody><tr><td>Angiorradiologia e Cirurgia Endovascular \u2013 IECAC<\/td><td>01<\/td><td>\u2013<\/td><td>01<\/td><\/tr><tr><td>Cardiologia Pedi\u00e1trica \u2013 IECAC<\/td><td>01<\/td><td>\u2013<\/td><td>01<\/td><\/tr><tr><td>Ecocardiografia \u2013 IECAC<\/td><td>02<\/td><td>\u2013<\/td><td>02<\/td><\/tr><tr><td>Eletrofisiologia Cl\u00ednica Invasiva \u2013 IECAC<\/td><td>01<\/td><td>\u2013<\/td><td>01<\/td><\/tr><tr><td>Endocrinologia Pedi\u00e1trica \u2013 IEDE<\/td><td>02<\/td><td>\u2013<\/td><td>02<\/td><\/tr><tr><td>Ergometria \u2013 IECAC<\/td><td>01<\/td><td>\u2013<\/td><td>01<\/td><\/tr><tr><td>Hemodin\u00e2mica e Cardiologia Intervencionista \u2013 IECAC<\/td><td>02<\/td><td>\u2013<\/td><td>02<\/td><\/tr><tr><td>Hematologia e Hemoterapia Pedi\u00e1trica \u2013 HEMORIO<\/td><td>02<\/td><td>01<\/td><td>03<\/td><\/tr><tr><td>Medicina Intensiva Pedi\u00e1trica \u2013 HMAPN<\/td><td>02<\/td><td>\u2013<\/td><td>02<\/td><\/tr><\/tbody><\/table><\/figure>\n\n\n\n<h2 class=\"wp-block-heading\" id=\"h-processo-seletivo-ses-rj-2024-2025\"><span class=\"ez-toc-section\" id=\"Processo_Seletivo_SES-RJ_20242025\"><\/span><strong>Processo Seletivo SES-RJ 2024\/2025<\/strong><span class=\"ez-toc-section-end\"><\/span><\/h2>\n\n\n\n<p>O processo seletivo do SES-RJ ter\u00e1 uma \u00fanica fase, a prova objetiva, que acontecer\u00e1 no dia <strong>26 de outubro de 2025<\/strong>, no Rio de Janeiro. Para os candidatos de especialidade de Acesso Direto, a prova ter\u00e1 dura\u00e7\u00e3o de at\u00e9 3h30, j\u00e1 para Pr\u00e9-Requisito e \u00c1rea de Atua\u00e7\u00e3o, a prova ter\u00e1 at\u00e9 2h.<\/p>\n\n\n\n<p>Desse modo, a prova ser\u00e1 composta por 60 quest\u00f5es objetivas para Acesso Direto, 30 para Pr\u00e9-Requisito e 25 para \u00c1rea de Atua\u00e7\u00e3o.<\/p>\n\n\n\n<h2 class=\"wp-block-heading\" id=\"cronograma-rede-dr-m\u00e1rio-gatti-2024-2025\"><span class=\"ez-toc-section\" id=\"Cronograma_SES-RJ_20252026\"><\/span><strong>Cronograma SES-RJ 2025\/2026<\/strong><span class=\"ez-toc-section-end\"><\/span><\/h2>\n\n\n\n<figure class=\"wp-block-table\"><table class=\"has-fixed-layout\"><tbody><tr><td><strong>Vagas Ofertadas<\/strong><\/td><td>81 (AD) + 41 (R+)<\/td><\/tr><tr><td><strong>Taxa de Inscri\u00e7\u00e3o<\/strong><\/td><td>R$ 300,00<\/td><\/tr><tr><td><strong>Per\u00edodo de Inscri\u00e7\u00f5es<\/strong><\/td><td>29\/08 a 29\/09\/2025<\/td><\/tr><tr><td><strong>Prova Objetiva<\/strong><\/td><td>26\/10\/2025<\/td><\/tr><tr><td><strong>Gabarito Preliminar<\/strong><\/td><td>27\/10\/2025<\/td><\/tr><tr><td><strong>Gabarito Definitivo<\/strong><\/td><td>18\/11\/2025<\/td><\/tr><tr><td><strong>Resultado Final<\/strong><\/td><td>09\/01\/2026<\/td><\/tr><\/tbody><\/table><\/figure>\n\n\n\n<h2 class=\"wp-block-heading\" id=\"h-edital-na-integra\"><span class=\"ez-toc-section\" id=\"Edital_na_integra\"><\/span><strong>Edital na \u00edntegra<\/strong><span class=\"ez-toc-section-end\"><\/span><\/h2>\n\n\n\n<div data-wp-interactive=\"core\/file\" class=\"wp-block-file\"><object data-wp-bind--hidden=\"!state.hasPdfPreview\" hidden class=\"wp-block-file__embed\" data=\"https:\/\/www.grupomedcof.com.br\/blog\/wp-content\/uploads\/2024\/10\/Edital-SES-RJ-2026.pdf\" type=\"application\/pdf\" style=\"width:100%;height:600px\" aria-label=\"Incorporado de Edital SES-RJ 2026.\"><\/object><a id=\"wp-block-file--media-f787a4ab-1380-44ea-b858-98f6d2656639\" href=\"https:\/\/www.grupomedcof.com.br\/blog\/wp-content\/uploads\/2024\/10\/Edital-SES-RJ-2026.pdf\">Edital SES-RJ 2026<\/a><a href=\"https:\/\/www.grupomedcof.com.br\/blog\/wp-content\/uploads\/2024\/10\/Edital-SES-RJ-2026.pdf\" class=\"wp-block-file__button wp-element-button\" download aria-describedby=\"wp-block-file--media-f787a4ab-1380-44ea-b858-98f6d2656639\">Baixar<\/a><\/div>\n\n\n\n<h2 class=\"wp-block-heading\" id=\"prepare-se-conosco\"><span class=\"ez-toc-section\" id=\"Prepare-se_conosco\"><\/span><strong>Prepare-se conosco!<\/strong><span class=\"ez-toc-section-end\"><\/span><\/h2>\n\n\n\n<p>Quer se preparar para as provas de resid\u00eancia m\u00e9dica de 2026? Ent\u00e3o prepare-se com o&nbsp;<a href=\"https:\/\/www.grupomedcof.com.br\/home\/\" target=\"_blank\" rel=\"noreferrer noopener\">Grupo MedCof<\/a>&nbsp;e confira o v\u00eddeo no qual nossos especialistas tiram d\u00favidas sobre as&nbsp;<a href=\"https:\/\/www.grupomedcof.com.br\/blog\/presenca-da-medcof-nas-aprovacoes-em-residencia-medica-no-brasil\/\" target=\"_blank\" rel=\"noreferrer noopener\">principais resid\u00eancias!<\/a><\/p>\n\n\n\n<figure class=\"wp-block-embed is-type-video is-provider-youtube wp-block-embed-youtube wp-embed-aspect-16-9 wp-has-aspect-ratio\"><div class=\"wp-block-embed__wrapper\">\n<div class=\"youtube-embed\" data-video_id=\"9x1v1O024YQ\"><iframe loading=\"lazy\" title=\"Entendendo a Anemia Falciforme. Com Dra. J\u00falia Sion\" width=\"696\" height=\"392\" src=\"https:\/\/www.youtube.com\/embed\/9x1v1O024YQ?feature=oembed&#038;enablejsapi=1\" frameborder=\"0\" allow=\"accelerometer; autoplay; clipboard-write; encrypted-media; gyroscope; picture-in-picture; web-share\" referrerpolicy=\"strict-origin-when-cross-origin\" allowfullscreen><\/iframe><\/div>\n<\/div><\/figure>\n","protected":false},"excerpt":{"rendered":"<p>O SES-RJ divulgou o edital para resid\u00eancia m\u00e9dica, ofertando 122 vagas. As inscri\u00e7\u00f5es fecham no dia 29\/09. Veja!<\/p>\n","protected":false},"author":20,"featured_media":30429,"comment_status":"open","ping_status":"open","sticky":false,"template":"","format":"standard","meta":{"footnotes":""},"categories":[287,2023],"tags":[93,1452,117,68,294],"ppma_author":[3616],"class_list":{"0":"post-16505","1":"post","2":"type-post","3":"status-publish","4":"format-standard","5":"has-post-thumbnail","7":"category-destaques-medcof","8":"category-editais","9":"tag-especialidades-medicas","10":"tag-provas","11":"tag-provas-de-residencia","12":"tag-residencia-medica","13":"tag-ses-rj"},"yoast_head":"<!-- This site is optimized with the Yoast SEO Premium plugin v24.3 (Yoast SEO v27.4) - https:\/\/yoast.com\/product\/yoast-seo-premium-wordpress\/ -->\n<title>SES-RJ publica edital para Resid\u00eancia M\u00e9dica 2025\/2026 - Blog de Medcof: conte\u00fados, editais, revalida e mais!<\/title>\n<meta name=\"description\" content=\"O SES-RJ divulgou o edital para resid\u00eancia m\u00e9dica, ofertando 122 vagas. As inscri\u00e7\u00f5es fecham no dia 29\/09. Veja!\" \/>\n<meta name=\"robots\" content=\"index, follow, max-snippet:-1, max-image-preview:large, max-video-preview:-1\" \/>\n<link rel=\"canonical\" href=\"https:\/\/www.grupomedcof.com.br\/blog\/edital-residencia-medica-ses-rj\/\" \/>\n<meta property=\"og:locale\" content=\"pt_BR\" \/>\n<meta property=\"og:type\" content=\"article\" \/>\n<meta property=\"og:title\" content=\"SES-RJ publica edital para Resid\u00eancia M\u00e9dica 2025\/2026\" \/>\n<meta property=\"og:description\" content=\"O SES-RJ divulgou o edital para resid\u00eancia m\u00e9dica, ofertando 122 vagas. As inscri\u00e7\u00f5es fecham no dia 29\/09. Veja!\" \/>\n<meta property=\"og:url\" content=\"https:\/\/www.grupomedcof.com.br\/blog\/edital-residencia-medica-ses-rj\/\" \/>\n<meta property=\"og:site_name\" content=\"Blog de Medcof: conte\u00fados, editais, revalida e mais!\" \/>\n<meta property=\"article:publisher\" content=\"https:\/\/www.facebook.com\/MedCofQbank\/\" \/>\n<meta property=\"article:published_time\" content=\"2025-08-29T20:22:34+00:00\" \/>\n<meta property=\"article:modified_time\" content=\"2025-09-04T18:47:28+00:00\" \/>\n<meta property=\"og:image\" content=\"https:\/\/www.grupomedcof.com.br\/blog\/wp-content\/uploads\/2023\/12\/Modelo-instituicoes-2024-10-08T144538.505.png\" \/>\n\t<meta property=\"og:image:width\" content=\"2560\" \/>\n\t<meta property=\"og:image:height\" content=\"1440\" \/>\n\t<meta property=\"og:image:type\" content=\"image\/png\" \/>\n<meta name=\"author\" content=\"Leila Menzel\" \/>\n<meta name=\"twitter:card\" content=\"summary_large_image\" \/>\n<meta name=\"twitter:label1\" content=\"Escrito por\" \/>\n\t<meta name=\"twitter:data1\" content=\"Leila Menzel\" \/>\n\t<meta name=\"twitter:label2\" content=\"Est. tempo de leitura\" \/>\n\t<meta name=\"twitter:data2\" content=\"1 minuto\" \/>\n<script type=\"application\/ld+json\" class=\"yoast-schema-graph\">{\"@context\":\"https:\\\/\\\/schema.org\",\"@graph\":[{\"@type\":\"Article\",\"@id\":\"https:\\\/\\\/www.grupomedcof.com.br\\\/blog\\\/edital-residencia-medica-ses-rj\\\/#article\",\"isPartOf\":{\"@id\":\"https:\\\/\\\/www.grupomedcof.com.br\\\/blog\\\/edital-residencia-medica-ses-rj\\\/\"},\"author\":{\"name\":\"Leila Menzel\",\"@id\":\"https:\\\/\\\/www.grupomedcof.com.br\\\/blog\\\/#\\\/schema\\\/person\\\/9a44c2184a836bf5ae6967fdb3a1451e\"},\"headline\":\"SES-RJ publica edital para Resid\u00eancia M\u00e9dica 2025\\\/2026\",\"datePublished\":\"2025-08-29T20:22:34+00:00\",\"dateModified\":\"2025-09-04T18:47:28+00:00\",\"mainEntityOfPage\":{\"@id\":\"https:\\\/\\\/www.grupomedcof.com.br\\\/blog\\\/edital-residencia-medica-ses-rj\\\/\"},\"wordCount\":472,\"commentCount\":1,\"publisher\":{\"@id\":\"https:\\\/\\\/www.grupomedcof.com.br\\\/blog\\\/#organization\"},\"image\":{\"@id\":\"https:\\\/\\\/www.grupomedcof.com.br\\\/blog\\\/edital-residencia-medica-ses-rj\\\/#primaryimage\"},\"thumbnailUrl\":\"https:\\\/\\\/www.grupomedcof.com.br\\\/blog\\\/wp-content\\\/uploads\\\/2023\\\/12\\\/Modelo-instituicoes-2024-10-08T144538.505.png\",\"keywords\":[\"Especialidades m\u00e9dicas\",\"Provas\",\"Provas de Resid\u00eancia\",\"Resid\u00eancia M\u00e9dica\",\"SES-RJ\"],\"articleSection\":[\"Destaques MedCof\",\"Editais\"],\"inLanguage\":\"pt-BR\"},{\"@type\":\"WebPage\",\"@id\":\"https:\\\/\\\/www.grupomedcof.com.br\\\/blog\\\/edital-residencia-medica-ses-rj\\\/\",\"url\":\"https:\\\/\\\/www.grupomedcof.com.br\\\/blog\\\/edital-residencia-medica-ses-rj\\\/\",\"name\":\"SES-RJ publica edital para Resid\u00eancia M\u00e9dica 2025\\\/2026 - Blog de Medcof: conte\u00fados, editais, revalida e mais!\",\"isPartOf\":{\"@id\":\"https:\\\/\\\/www.grupomedcof.com.br\\\/blog\\\/#website\"},\"primaryImageOfPage\":{\"@id\":\"https:\\\/\\\/www.grupomedcof.com.br\\\/blog\\\/edital-residencia-medica-ses-rj\\\/#primaryimage\"},\"image\":{\"@id\":\"https:\\\/\\\/www.grupomedcof.com.br\\\/blog\\\/edital-residencia-medica-ses-rj\\\/#primaryimage\"},\"thumbnailUrl\":\"https:\\\/\\\/www.grupomedcof.com.br\\\/blog\\\/wp-content\\\/uploads\\\/2023\\\/12\\\/Modelo-instituicoes-2024-10-08T144538.505.png\",\"datePublished\":\"2025-08-29T20:22:34+00:00\",\"dateModified\":\"2025-09-04T18:47:28+00:00\",\"description\":\"O SES-RJ divulgou o edital para resid\u00eancia m\u00e9dica, ofertando 122 vagas. As inscri\u00e7\u00f5es fecham no dia 29\\\/09. Veja!\",\"breadcrumb\":{\"@id\":\"https:\\\/\\\/www.grupomedcof.com.br\\\/blog\\\/edital-residencia-medica-ses-rj\\\/#breadcrumb\"},\"inLanguage\":\"pt-BR\",\"potentialAction\":[{\"@type\":\"ReadAction\",\"target\":[\"https:\\\/\\\/www.grupomedcof.com.br\\\/blog\\\/edital-residencia-medica-ses-rj\\\/\"]}]},{\"@type\":\"ImageObject\",\"inLanguage\":\"pt-BR\",\"@id\":\"https:\\\/\\\/www.grupomedcof.com.br\\\/blog\\\/edital-residencia-medica-ses-rj\\\/#primaryimage\",\"url\":\"https:\\\/\\\/www.grupomedcof.com.br\\\/blog\\\/wp-content\\\/uploads\\\/2023\\\/12\\\/Modelo-instituicoes-2024-10-08T144538.505.png\",\"contentUrl\":\"https:\\\/\\\/www.grupomedcof.com.br\\\/blog\\\/wp-content\\\/uploads\\\/2023\\\/12\\\/Modelo-instituicoes-2024-10-08T144538.505.png\",\"width\":2560,\"height\":1440},{\"@type\":\"BreadcrumbList\",\"@id\":\"https:\\\/\\\/www.grupomedcof.com.br\\\/blog\\\/edital-residencia-medica-ses-rj\\\/#breadcrumb\",\"itemListElement\":[{\"@type\":\"ListItem\",\"position\":1,\"name\":\"In\u00edcio\",\"item\":\"https:\\\/\\\/www.grupomedcof.com.br\\\/blog\\\/\"},{\"@type\":\"ListItem\",\"position\":2,\"name\":\"SES-RJ publica edital para Resid\u00eancia M\u00e9dica 2025\\\/2026\"}]},{\"@type\":\"WebSite\",\"@id\":\"https:\\\/\\\/www.grupomedcof.com.br\\\/blog\\\/#website\",\"url\":\"https:\\\/\\\/www.grupomedcof.com.br\\\/blog\\\/\",\"name\":\"Blog de Medcof: conte\u00fados, editais, revalida e mais!\",\"description\":\"Acesso o blog de MedCof! Seu portal de conte\u00fados sobre resid\u00eancia m\u00e9dica, an\u00e1lise e editais e muito mais. Clique e confira!\",\"publisher\":{\"@id\":\"https:\\\/\\\/www.grupomedcof.com.br\\\/blog\\\/#organization\"},\"alternateName\":\"Blog de Medcof: conte\u00fados, editais, revalida e mais!\",\"potentialAction\":[{\"@type\":\"SearchAction\",\"target\":{\"@type\":\"EntryPoint\",\"urlTemplate\":\"https:\\\/\\\/www.grupomedcof.com.br\\\/blog\\\/?s={search_term_string}\"},\"query-input\":{\"@type\":\"PropertyValueSpecification\",\"valueRequired\":true,\"valueName\":\"search_term_string\"}}],\"inLanguage\":\"pt-BR\"},{\"@type\":\"Organization\",\"@id\":\"https:\\\/\\\/www.grupomedcof.com.br\\\/blog\\\/#organization\",\"name\":\"Grupo MedCof\",\"url\":\"https:\\\/\\\/www.grupomedcof.com.br\\\/blog\\\/\",\"logo\":{\"@type\":\"ImageObject\",\"inLanguage\":\"pt-BR\",\"@id\":\"https:\\\/\\\/www.grupomedcof.com.br\\\/blog\\\/#\\\/schema\\\/logo\\\/image\\\/\",\"url\":\"https:\\\/\\\/www.grupomedcof.com.br\\\/blog\\\/wp-content\\\/uploads\\\/2022\\\/01\\\/logo-medcof.png\",\"contentUrl\":\"https:\\\/\\\/www.grupomedcof.com.br\\\/blog\\\/wp-content\\\/uploads\\\/2022\\\/01\\\/logo-medcof.png\",\"width\":768,\"height\":269,\"caption\":\"Grupo MedCof\"},\"image\":{\"@id\":\"https:\\\/\\\/www.grupomedcof.com.br\\\/blog\\\/#\\\/schema\\\/logo\\\/image\\\/\"},\"sameAs\":[\"https:\\\/\\\/www.facebook.com\\\/MedCofQbank\\\/\",\"https:\\\/\\\/www.instagram.com\\\/grupomedcof\\\/\",\"https:\\\/\\\/br.linkedin.com\\\/company\\\/medcof\",\"https:\\\/\\\/www.youtube.com\\\/channel\\\/UCdHMuOHKICxcHwecxN8P-AA\"]},{\"@type\":\"Person\",\"@id\":\"https:\\\/\\\/www.grupomedcof.com.br\\\/blog\\\/#\\\/schema\\\/person\\\/9a44c2184a836bf5ae6967fdb3a1451e\",\"name\":\"Leila Menzel\",\"image\":{\"@type\":\"ImageObject\",\"inLanguage\":\"pt-BR\",\"@id\":\"https:\\\/\\\/www.grupomedcof.com.br\\\/blog\\\/wp-content\\\/uploads\\\/2025\\\/09\\\/cropped-eu-96x96.jpeg19a74936d997c0a8b3031618467fa1d0\",\"url\":\"https:\\\/\\\/www.grupomedcof.com.br\\\/blog\\\/wp-content\\\/uploads\\\/2025\\\/09\\\/cropped-eu-96x96.jpeg\",\"contentUrl\":\"https:\\\/\\\/www.grupomedcof.com.br\\\/blog\\\/wp-content\\\/uploads\\\/2025\\\/09\\\/cropped-eu-96x96.jpeg\",\"caption\":\"Leila Menzel\"},\"description\":\"Estudante do 6\u00b0 semestre de jornalismo, amo e escrevo poesias e viajo em livros de romances clich\u00eas.\",\"url\":\"https:\\\/\\\/www.grupomedcof.com.br\\\/blog\\\/author\\\/leila-menzel\\\/\"}]}<\/script>\n<!-- \/ Yoast SEO Premium plugin. -->","yoast_head_json":{"title":"SES-RJ publica edital para Resid\u00eancia M\u00e9dica 2025\/2026 - Blog de Medcof: conte\u00fados, editais, revalida e mais!","description":"O SES-RJ divulgou o edital para resid\u00eancia m\u00e9dica, ofertando 122 vagas. As inscri\u00e7\u00f5es fecham no dia 29\/09. Veja!","robots":{"index":"index","follow":"follow","max-snippet":"max-snippet:-1","max-image-preview":"max-image-preview:large","max-video-preview":"max-video-preview:-1"},"canonical":"https:\/\/www.grupomedcof.com.br\/blog\/edital-residencia-medica-ses-rj\/","og_locale":"pt_BR","og_type":"article","og_title":"SES-RJ publica edital para Resid\u00eancia M\u00e9dica 2025\/2026","og_description":"O SES-RJ divulgou o edital para resid\u00eancia m\u00e9dica, ofertando 122 vagas. As inscri\u00e7\u00f5es fecham no dia 29\/09. Veja!","og_url":"https:\/\/www.grupomedcof.com.br\/blog\/edital-residencia-medica-ses-rj\/","og_site_name":"Blog de Medcof: conte\u00fados, editais, revalida e mais!","article_publisher":"https:\/\/www.facebook.com\/MedCofQbank\/","article_published_time":"2025-08-29T20:22:34+00:00","article_modified_time":"2025-09-04T18:47:28+00:00","og_image":[{"width":2560,"height":1440,"url":"https:\/\/www.grupomedcof.com.br\/blog\/wp-content\/uploads\/2023\/12\/Modelo-instituicoes-2024-10-08T144538.505.png","type":"image\/png"}],"author":"Leila Menzel","twitter_card":"summary_large_image","twitter_misc":{"Escrito por":"Leila Menzel","Est. tempo de leitura":"1 minuto"},"schema":{"@context":"https:\/\/schema.org","@graph":[{"@type":"Article","@id":"https:\/\/www.grupomedcof.com.br\/blog\/edital-residencia-medica-ses-rj\/#article","isPartOf":{"@id":"https:\/\/www.grupomedcof.com.br\/blog\/edital-residencia-medica-ses-rj\/"},"author":{"name":"Leila Menzel","@id":"https:\/\/www.grupomedcof.com.br\/blog\/#\/schema\/person\/9a44c2184a836bf5ae6967fdb3a1451e"},"headline":"SES-RJ publica edital para Resid\u00eancia M\u00e9dica 2025\/2026","datePublished":"2025-08-29T20:22:34+00:00","dateModified":"2025-09-04T18:47:28+00:00","mainEntityOfPage":{"@id":"https:\/\/www.grupomedcof.com.br\/blog\/edital-residencia-medica-ses-rj\/"},"wordCount":472,"commentCount":1,"publisher":{"@id":"https:\/\/www.grupomedcof.com.br\/blog\/#organization"},"image":{"@id":"https:\/\/www.grupomedcof.com.br\/blog\/edital-residencia-medica-ses-rj\/#primaryimage"},"thumbnailUrl":"https:\/\/www.grupomedcof.com.br\/blog\/wp-content\/uploads\/2023\/12\/Modelo-instituicoes-2024-10-08T144538.505.png","keywords":["Especialidades m\u00e9dicas","Provas","Provas de Resid\u00eancia","Resid\u00eancia M\u00e9dica","SES-RJ"],"articleSection":["Destaques MedCof","Editais"],"inLanguage":"pt-BR"},{"@type":"WebPage","@id":"https:\/\/www.grupomedcof.com.br\/blog\/edital-residencia-medica-ses-rj\/","url":"https:\/\/www.grupomedcof.com.br\/blog\/edital-residencia-medica-ses-rj\/","name":"SES-RJ publica edital para Resid\u00eancia M\u00e9dica 2025\/2026 - Blog de Medcof: conte\u00fados, editais, revalida e mais!","isPartOf":{"@id":"https:\/\/www.grupomedcof.com.br\/blog\/#website"},"primaryImageOfPage":{"@id":"https:\/\/www.grupomedcof.com.br\/blog\/edital-residencia-medica-ses-rj\/#primaryimage"},"image":{"@id":"https:\/\/www.grupomedcof.com.br\/blog\/edital-residencia-medica-ses-rj\/#primaryimage"},"thumbnailUrl":"https:\/\/www.grupomedcof.com.br\/blog\/wp-content\/uploads\/2023\/12\/Modelo-instituicoes-2024-10-08T144538.505.png","datePublished":"2025-08-29T20:22:34+00:00","dateModified":"2025-09-04T18:47:28+00:00","description":"O SES-RJ divulgou o edital para resid\u00eancia m\u00e9dica, ofertando 122 vagas. As inscri\u00e7\u00f5es fecham no dia 29\/09. Veja!","breadcrumb":{"@id":"https:\/\/www.grupomedcof.com.br\/blog\/edital-residencia-medica-ses-rj\/#breadcrumb"},"inLanguage":"pt-BR","potentialAction":[{"@type":"ReadAction","target":["https:\/\/www.grupomedcof.com.br\/blog\/edital-residencia-medica-ses-rj\/"]}]},{"@type":"ImageObject","inLanguage":"pt-BR","@id":"https:\/\/www.grupomedcof.com.br\/blog\/edital-residencia-medica-ses-rj\/#primaryimage","url":"https:\/\/www.grupomedcof.com.br\/blog\/wp-content\/uploads\/2023\/12\/Modelo-instituicoes-2024-10-08T144538.505.png","contentUrl":"https:\/\/www.grupomedcof.com.br\/blog\/wp-content\/uploads\/2023\/12\/Modelo-instituicoes-2024-10-08T144538.505.png","width":2560,"height":1440},{"@type":"BreadcrumbList","@id":"https:\/\/www.grupomedcof.com.br\/blog\/edital-residencia-medica-ses-rj\/#breadcrumb","itemListElement":[{"@type":"ListItem","position":1,"name":"In\u00edcio","item":"https:\/\/www.grupomedcof.com.br\/blog\/"},{"@type":"ListItem","position":2,"name":"SES-RJ publica edital para Resid\u00eancia M\u00e9dica 2025\/2026"}]},{"@type":"WebSite","@id":"https:\/\/www.grupomedcof.com.br\/blog\/#website","url":"https:\/\/www.grupomedcof.com.br\/blog\/","name":"Blog de Medcof: conte\u00fados, editais, revalida e mais!","description":"Acesso o blog de MedCof! Seu portal de conte\u00fados sobre resid\u00eancia m\u00e9dica, an\u00e1lise e editais e muito mais. Clique e confira!","publisher":{"@id":"https:\/\/www.grupomedcof.com.br\/blog\/#organization"},"alternateName":"Blog de Medcof: conte\u00fados, editais, revalida e mais!","potentialAction":[{"@type":"SearchAction","target":{"@type":"EntryPoint","urlTemplate":"https:\/\/www.grupomedcof.com.br\/blog\/?s={search_term_string}"},"query-input":{"@type":"PropertyValueSpecification","valueRequired":true,"valueName":"search_term_string"}}],"inLanguage":"pt-BR"},{"@type":"Organization","@id":"https:\/\/www.grupomedcof.com.br\/blog\/#organization","name":"Grupo MedCof","url":"https:\/\/www.grupomedcof.com.br\/blog\/","logo":{"@type":"ImageObject","inLanguage":"pt-BR","@id":"https:\/\/www.grupomedcof.com.br\/blog\/#\/schema\/logo\/image\/","url":"https:\/\/www.grupomedcof.com.br\/blog\/wp-content\/uploads\/2022\/01\/logo-medcof.png","contentUrl":"https:\/\/www.grupomedcof.com.br\/blog\/wp-content\/uploads\/2022\/01\/logo-medcof.png","width":768,"height":269,"caption":"Grupo MedCof"},"image":{"@id":"https:\/\/www.grupomedcof.com.br\/blog\/#\/schema\/logo\/image\/"},"sameAs":["https:\/\/www.facebook.com\/MedCofQbank\/","https:\/\/www.instagram.com\/grupomedcof\/","https:\/\/br.linkedin.com\/company\/medcof","https:\/\/www.youtube.com\/channel\/UCdHMuOHKICxcHwecxN8P-AA"]},{"@type":"Person","@id":"https:\/\/www.grupomedcof.com.br\/blog\/#\/schema\/person\/9a44c2184a836bf5ae6967fdb3a1451e","name":"Leila Menzel","image":{"@type":"ImageObject","inLanguage":"pt-BR","@id":"https:\/\/www.grupomedcof.com.br\/blog\/wp-content\/uploads\/2025\/09\/cropped-eu-96x96.jpeg19a74936d997c0a8b3031618467fa1d0","url":"https:\/\/www.grupomedcof.com.br\/blog\/wp-content\/uploads\/2025\/09\/cropped-eu-96x96.jpeg","contentUrl":"https:\/\/www.grupomedcof.com.br\/blog\/wp-content\/uploads\/2025\/09\/cropped-eu-96x96.jpeg","caption":"Leila Menzel"},"description":"Estudante do 6\u00b0 semestre de jornalismo, amo e escrevo poesias e viajo em livros de romances clich\u00eas.","url":"https:\/\/www.grupomedcof.com.br\/blog\/author\/leila-menzel\/"}]}},"authors":[{"term_id":3616,"user_id":20,"is_guest":0,"slug":"leila-menzel","display_name":"Leila Menzel","avatar_url":"https:\/\/www.grupomedcof.com.br\/blog\/wp-content\/uploads\/2025\/09\/cropped-eu-96x96.jpeg","0":null,"1":"","2":"","3":"","4":"","5":"","6":"","7":"","8":""}],"_links":{"self":[{"href":"https:\/\/www.grupomedcof.com.br\/blog\/wp-json\/wp\/v2\/posts\/16505","targetHints":{"allow":["GET"]}}],"collection":[{"href":"https:\/\/www.grupomedcof.com.br\/blog\/wp-json\/wp\/v2\/posts"}],"about":[{"href":"https:\/\/www.grupomedcof.com.br\/blog\/wp-json\/wp\/v2\/types\/post"}],"author":[{"embeddable":true,"href":"https:\/\/www.grupomedcof.com.br\/blog\/wp-json\/wp\/v2\/users\/20"}],"replies":[{"embeddable":true,"href":"https:\/\/www.grupomedcof.com.br\/blog\/wp-json\/wp\/v2\/comments?post=16505"}],"version-history":[{"count":2,"href":"https:\/\/www.grupomedcof.com.br\/blog\/wp-json\/wp\/v2\/posts\/16505\/revisions"}],"predecessor-version":[{"id":37568,"href":"https:\/\/www.grupomedcof.com.br\/blog\/wp-json\/wp\/v2\/posts\/16505\/revisions\/37568"}],"wp:featuredmedia":[{"embeddable":true,"href":"https:\/\/www.grupomedcof.com.br\/blog\/wp-json\/wp\/v2\/media\/30429"}],"wp:attachment":[{"href":"https:\/\/www.grupomedcof.com.br\/blog\/wp-json\/wp\/v2\/media?parent=16505"}],"wp:term":[{"taxonomy":"category","embeddable":true,"href":"https:\/\/www.grupomedcof.com.br\/blog\/wp-json\/wp\/v2\/categories?post=16505"},{"taxonomy":"post_tag","embeddable":true,"href":"https:\/\/www.grupomedcof.com.br\/blog\/wp-json\/wp\/v2\/tags?post=16505"},{"taxonomy":"author","embeddable":true,"href":"https:\/\/www.grupomedcof.com.br\/blog\/wp-json\/wp\/v2\/ppma_author?post=16505"}],"curies":[{"name":"wp","href":"https:\/\/api.w.org\/{rel}","templated":true}]}}