{"id":16646,"date":"2023-12-18T15:45:50","date_gmt":"2023-12-18T18:45:50","guid":{"rendered":"https:\/\/www.grupomedcof.com.br\/blog\/?p=16646"},"modified":"2023-12-18T15:45:50","modified_gmt":"2023-12-18T18:45:50","slug":"novo-edital-residencia-medica-scmsp-2024","status":"publish","type":"post","link":"https:\/\/www.grupomedcof.com.br\/blog\/novo-edital-residencia-medica-scmsp-2024\/","title":{"rendered":"Novo Edital Resid\u00eancia M\u00e9dica SCMSP 2024"},"content":{"rendered":"<div id=\"ez-toc-container\" class=\"ez-toc-v2_0_74 counter-hierarchy ez-toc-counter ez-toc-transparent ez-toc-container-direction\">\n<div class=\"ez-toc-title-container\">\n<p class=\"ez-toc-title\" style=\"cursor:inherit\">Sum\u00e1rio<\/p>\n<span class=\"ez-toc-title-toggle\"><a href=\"#\" class=\"ez-toc-pull-right ez-toc-btn ez-toc-btn-xs ez-toc-btn-default ez-toc-toggle\" aria-label=\"Alternar tabela de conte\u00fado\"><span class=\"ez-toc-js-icon-con\"><span class=\"\"><span class=\"eztoc-hide\" style=\"display:none;\">Toggle<\/span><span class=\"ez-toc-icon-toggle-span\"><svg style=\"fill: #999;color:#999\" xmlns=\"http:\/\/www.w3.org\/2000\/svg\" class=\"list-377408\" width=\"20px\" height=\"20px\" viewBox=\"0 0 24 24\" fill=\"none\"><path d=\"M6 6H4v2h2V6zm14 0H8v2h12V6zM4 11h2v2H4v-2zm16 0H8v2h12v-2zM4 16h2v2H4v-2zm16 0H8v2h12v-2z\" fill=\"currentColor\"><\/path><\/svg><svg style=\"fill: #999;color:#999\" class=\"arrow-unsorted-368013\" xmlns=\"http:\/\/www.w3.org\/2000\/svg\" width=\"10px\" height=\"10px\" viewBox=\"0 0 24 24\" version=\"1.2\" baseProfile=\"tiny\"><path d=\"M18.2 9.3l-6.2-6.3-6.2 6.3c-.2.2-.3.4-.3.7s.1.5.3.7c.2.2.4.3.7.3h11c.3 0 .5-.1.7-.3.2-.2.3-.5.3-.7s-.1-.5-.3-.7zM5.8 14.7l6.2 6.3 6.2-6.3c.2-.2.3-.5.3-.7s-.1-.5-.3-.7c-.2-.2-.4-.3-.7-.3h-11c-.3 0-.5.1-.7.3-.2.2-.3.5-.3.7s.1.5.3.7z\"\/><\/svg><\/span><\/span><\/span><\/a><\/span><\/div>\n<nav><ul class='ez-toc-list ez-toc-list-level-1 ' ><li class='ez-toc-page-1 ez-toc-heading-level-2'><a class=\"ez-toc-link ez-toc-heading-1\" href=\"https:\/\/www.grupomedcof.com.br\/blog\/novo-edital-residencia-medica-scmsp-2024\/#Novo_Edital_Residencia_Medica_SCMSP_2024\" >Novo Edital Resid\u00eancia M\u00e9dica SCMSP 2024<\/a><ul class='ez-toc-list-level-3' ><li class='ez-toc-heading-level-3'><a class=\"ez-toc-link ez-toc-heading-2\" href=\"https:\/\/www.grupomedcof.com.br\/blog\/novo-edital-residencia-medica-scmsp-2024\/#Novo_Cronograma_Medica_SCMSP_2024\" >Novo Cronograma M\u00e9dica SCMSP 2024<\/a><\/li><\/ul><\/li><li class='ez-toc-page-1 ez-toc-heading-level-2'><a class=\"ez-toc-link ez-toc-heading-3\" href=\"https:\/\/www.grupomedcof.com.br\/blog\/novo-edital-residencia-medica-scmsp-2024\/#Provas_de_residencia_medica_da_SCMSP_sao_canceladas\" >Provas de resid\u00eancia m\u00e9dica da SCMSP s\u00e3o canceladas<\/a><\/li><li class='ez-toc-page-1 ez-toc-heading-level-2'><a class=\"ez-toc-link ez-toc-heading-4\" href=\"https:\/\/www.grupomedcof.com.br\/blog\/novo-edital-residencia-medica-scmsp-2024\/#Residencia_Medica_SCMSP_2024\" >Resid\u00eancia M\u00e9dica SCMSP 2024<\/a><\/li><li class='ez-toc-page-1 ez-toc-heading-level-2'><a class=\"ez-toc-link ez-toc-heading-5\" href=\"https:\/\/www.grupomedcof.com.br\/blog\/novo-edital-residencia-medica-scmsp-2024\/#Conquiste_a_aprovacao\" >Conquiste a aprova\u00e7\u00e3o<\/a><\/li><\/ul><\/nav><\/div>\n<img loading=\"lazy\" decoding=\"async\" width=\"800\" height=\"450\" src=\"https:\/\/www.grupomedcof.com.br\/blog\/wp-content\/uploads\/2023\/12\/Blog-MedCof-41-1024x576.png\" alt=\"residencia medica santa casa, santa casa residencia medica, residencia medica santa casa sp, iscmsp resid\u00eancia m\u00e9dica 2023 , irregularidades residencia medica scmsp, prova resid\u00eancia m\u00e9dica scmsp, prova resid\u00eancia m\u00e9dica santa casa de s\u00e3o paulo, o que aconteceu da prova da santa casa, resid\u00eancia m\u00e9dica santa casa de s\u00e3o paulo 2024, instituto mais santa casa 2023, instituto mais, edital residencia medica scmsp, edital residencia medica santa casa sp, prova residencia medica scmsp 2024,\" srcset=\"https:\/\/www.grupomedcof.com.br\/blog\/wp-content\/uploads\/2023\/12\/Blog-MedCof-41-1024x576.png 1024w, https:\/\/www.grupomedcof.com.br\/blog\/wp-content\/uploads\/2023\/12\/Blog-MedCof-41-300x169.png 300w, https:\/\/www.grupomedcof.com.br\/blog\/wp-content\/uploads\/2023\/12\/Blog-MedCof-41-768x432.png 768w, https:\/\/www.grupomedcof.com.br\/blog\/wp-content\/uploads\/2023\/12\/Blog-MedCof-41-1536x864.png 1536w, https:\/\/www.grupomedcof.com.br\/blog\/wp-content\/uploads\/2023\/12\/Blog-MedCof-41-2048x1152.png 2048w\" sizes=\"auto, (max-width: 800px) 100vw, 800px\" \/>\t\t\t\t\t\t\t\t\t\t\t\t\t\t\t\n\t\t<p>Ap\u00f3s <strong>anula\u00e7\u00e3o das provas aplicadas no dia 09 de dezembro<\/strong>, a Santa Casa de Miseric\u00f3rdia de S\u00e3o Paulo (SCMSP) divulga novo edital para resid\u00eancia m\u00e9dica de 2024.<\/p>\t\t\n\t\t\t<h4>\n\t\t\t\tSaiba mais\t\t\t<\/h4>\n\t\t<p><\/p>\n<p><\/p>\n<p><\/p>\n<h2 class=\"wp-block-heading\" id=\"h-novo-edital-residencia-medica-scmsp-2024\"><span class=\"ez-toc-section\" id=\"Novo_Edital_Residencia_Medica_SCMSP_2024\"><\/span><strong>Novo Edital Resid\u00eancia M\u00e9dica SCMSP 2024<\/strong><span class=\"ez-toc-section-end\"><\/span><\/h2>\n<p><\/p>\n<p><\/p>\n<p>Conforme nota de esclarecimento, a Santa Casa de S\u00e3o Paulo retifica o edital do seu processo seletivo para resid\u00eancia m\u00e9dica com ingresso em 2024. De acordo com o documento, a <strong>aplica\u00e7\u00e3o da 1\u00aa fase ocorrer\u00e1 no dia 13 de janeiro de 2024<\/strong> no per\u00edodo da manh\u00e3, com o Instituto Mais permanecendo respons\u00e1vel pelo processo seletivo.<\/p>\n<p>\u00a0<\/p>\n<p><\/p>\n<p><\/p>\n<p>Al\u00e9m disso, sem abertura para novas inscri\u00e7\u00f5es, a A<strong>n\u00e1lise Curricular (2\u00aa fase) ocorrer\u00e1 entre os dias 29 janeiro e 02 de fevereiro.<\/strong><\/p>\n<p><\/p>\t\t\n\t\t\t<iframe src=\"https:\/\/www.grupomedcof.com.br\/blog\/wp-content\/plugins\/pdf-viewer-for-elementor\/assets\/pdfjs\/web\/viewer.html?file=https:\/\/www.grupomedcof.com.br\/blog\/wp-content\/uploads\/2023\/12\/ISCMSP_Edital-Concurso-2024_Retificacao-011.pdf&amp;embedded=true\" style=\"display: block; margin-left: auto; margin-right: auto; width: 1500px; height: 500px;\" frameborder=\"1\" marginheight=\"0px\" marginwidth=\"0px\" allowfullscreen><\/iframe>\t\t\n\t\t\t<a href=\"https:\/\/www.institutomais.org.br\/ckfinder\/userfiles\/files\/ISCMSP_Edital%20Concurso%202024_Retifica%c3%a7%c3%a3o%2001(1).pdf\" target=\"_blank\" rel=\"noopener\">\n\t\t\t\t\t\tEdital retificado\n\t\t\t\t\t<\/a>\n\t\t<h3><span class=\"ez-toc-section\" id=\"Novo_Cronograma_Medica_SCMSP_2024\"><\/span>Novo Cronograma M\u00e9dica SCMSP 2024<span class=\"ez-toc-section-end\"><\/span><\/h3>\n<p>Sendo assim, confira as\u00a0novas datas\u00a0do processo seletivo para resid\u00eancia m\u00e9dica da SCMSP 2024<\/p>\n<p>\u00a0<\/p>\n<ul>\n<li><strong>Comprovante de local:<\/strong> 09\/12\/2023<\/li>\n<li><strong>Prova Objetiva:<\/strong> 13\/01\/2024<\/li>\n<li><strong>Gabarito Preliminar:<\/strong> 14\/01\/2024<\/li>\n<li><strong>Prazo para recursos:<\/strong> 15 a 16\/01\/2024<\/li>\n<li><strong>Gabarito Definitivo e Resultado Preliminar da 1\u00aa fase:<\/strong> 19\/01\/2024<\/li>\n<li><strong>Prazo para recursos:<\/strong> 22 a 23\/01\/2024<\/li>\n<li><strong>Resultado Definitivo da 1\u00aa fase:<\/strong> 26\/01\/2024<\/li>\n<li><strong>An\u00e1lise curricular:<\/strong> 29\/01 a 02\/02\/2024<\/li>\n<li><strong>Resultado Preliminar da 2\u00aa fase:<\/strong>05\/02\/2024<\/li>\n<li><strong>Prazo para recursos:<\/strong> 06 a 07\/02\/2024<\/li>\n<li><strong>Resultado definitivo da 2\u00aa fase:<\/strong> 15\/02\/2024<\/li>\n<li><strong>Resultado Final e Convoca\u00e7\u00e3o para matr\u00edcula:<\/strong> 16\/02\/2024<\/li>\n<li><strong>Per\u00edodo para matr\u00edcula:<\/strong> 21,22 e 23\/02\/2024<\/li>\n<li><strong>Convoca\u00e7\u00e3o para Vagas Remanescentes:<\/strong> A partir de 27\/02\/2024<\/li>\n<li><strong>In\u00edcio das atividades:<\/strong> 01\/03\/2024<\/li>\n<\/ul>\t\t\n\t\t\t<iframe src=\"https:\/\/www.grupomedcof.com.br\/blog\/wp-content\/plugins\/pdf-viewer-for-elementor\/assets\/pdfjs\/web\/viewer.html?file=https:\/\/www.grupomedcof.com.br\/blog\/wp-content\/uploads\/2023\/12\/ISCMSP_Retificacao-01_Edital-de-Abertura1.pdf&amp;embedded=true\" style=\"display: block; margin-left: auto; margin-right: auto; width: 1500px; height: 500px;\" frameborder=\"1\" marginheight=\"0px\" marginwidth=\"0px\" allowfullscreen><\/iframe>\t\t\n\t\t\t<a href=\"https:\/\/www.institutomais.org.br\/ckfinder\/userfiles\/files\/ISCMSP_Retifica%c3%a7%c3%a3o%2001_Edital%20de%20Abertura(1).pdf\" target=\"_blank\" rel=\"noopener\">\n\t\t\t\t\t\tRetifica\u00e7\u00e3o do Edital\n\t\t\t\t\t<\/a>\n\t\t<h2 id=\"h-provas-de-residencia-medica-da-scmsp-sao-canceladas\" style=\"font-family: Poppins, sans-serif; color: #7a7a7a;\"><span class=\"ez-toc-section\" id=\"Provas_de_residencia_medica_da_SCMSP_sao_canceladas\"><\/span>Provas de resid\u00eancia m\u00e9dica da SCMSP s\u00e3o canceladas<span class=\"ez-toc-section-end\"><\/span><\/h2>\n<p>No dia 15 deste m\u00eas, a SCMSP tornou\u00a0\u201csem efeito\u201d todas as provas realizadas no dia 09 de dezembro. Al\u00e9m disso, ela afirma\u00a0n\u00e3o haver ind\u00edcios de fraudes, mas que\u00a0reconhece os erros cometidos\u00a0pela banca organizadora.<\/p>\n<p>\u00a0<\/p>\n<p>De acordo com os candidatos, tudo come\u00e7ou quando o envelope que continha as provas a serem aplicadas chegou\u00a0violado e com 20 provas faltantes.<\/p>\n<p>\u00a0<\/p>\n<p>A justificativa inicial apresentada pelos representantes foi utiliza\u00e7\u00e3o do material em outra sala, mas que haveria reposi\u00e7\u00e3o das provas. Os participantes, mediante as\u00a0<a href=\"https:\/\/www.grupomedcof.com.br\/blog\/provas-da-scmsp-sao-reagendadas-apos-irregularidades-na-aplicacao\/\" target=\"_blank\" rel=\"noopener\"><strong>irregularidades<\/strong>\u00a0<\/a>e descumprimento das normas contidas no edital, negaram-se a realizar a avalia\u00e7\u00e3o.<\/p>\n<p>\u00a0<\/p>\n<p>Al\u00e9m disso, no mesmo dia, os candidatos de R+ Cl\u00ednica M\u00e9dica observaram alternativas \u201cmais claras\u201d na avalia\u00e7\u00e3o, estas que poderiam ser a resposta correta para a quest\u00e3o.<\/p>\t\t\n\t\t\t\t\t\t\t\t\t\t\t\t\t\t\t\t<a href=\"https:\/\/site.grupomedcof.com.br\/lead\/cod6-blog\" target=\"_blank\" rel=\"noopener\">\n\t\t\t\t\t\t\t<img loading=\"lazy\" decoding=\"async\" width=\"800\" height=\"230\" src=\"https:\/\/www.grupomedcof.com.br\/blog\/wp-content\/uploads\/2023\/12\/Thumb-Youtube-1-p.-Cod-aprov_-1024x294.png\" alt=\"medcof, medcof academy, hiit medcof, medcof derma, medcof hiit, medcof extensivo, medcof revalida\" srcset=\"https:\/\/www.grupomedcof.com.br\/blog\/wp-content\/uploads\/2023\/12\/Thumb-Youtube-1-p.-Cod-aprov_-1024x294.png 1024w, https:\/\/www.grupomedcof.com.br\/blog\/wp-content\/uploads\/2023\/12\/Thumb-Youtube-1-p.-Cod-aprov_-300x86.png 300w, https:\/\/www.grupomedcof.com.br\/blog\/wp-content\/uploads\/2023\/12\/Thumb-Youtube-1-p.-Cod-aprov_-768x221.png 768w, https:\/\/www.grupomedcof.com.br\/blog\/wp-content\/uploads\/2023\/12\/Thumb-Youtube-1-p.-Cod-aprov_-1536x442.png 1536w, https:\/\/www.grupomedcof.com.br\/blog\/wp-content\/uploads\/2023\/12\/Thumb-Youtube-1-p.-Cod-aprov_.png 1920w\" sizes=\"auto, (max-width: 800px) 100vw, 800px\" \/>\t\t\t\t\t\t\t\t<\/a>\n\t\t<h2 id=\"h-residencia-medica-scmsp-2024\" style=\"font-family: Poppins, sans-serif; color: #7a7a7a;\"><span class=\"ez-toc-section\" id=\"Residencia_Medica_SCMSP_2024\"><\/span><strong>Resid\u00eancia M\u00e9dica SCMSP 2024<\/strong><span class=\"ez-toc-section-end\"><\/span><\/h2>\n<p>Sob nova organiza\u00e7\u00e3o, a\u00a0Irmandade Santa Casa de Miseric\u00f3rdia de S\u00e3o Paulo\u00a0(SCMSP) anunciou o<strong>\u00a0<a href=\"https:\/\/www.grupomedcof.com.br\/blog\/edital-residencia-medica-scmsp-2023-2024\/\" target=\"_blank\" rel=\"noreferrer noopener\">edital<\/a>\u00a0<\/strong>para resid\u00eancia m\u00e9dica de 2024 no dia 25 de novembro de 2023.<\/p>\n<p>\u00a0<\/p>\n<p>Com\u00a0mais de <strong>250 vagas ofertadas<\/strong>, as inscri\u00e7\u00f5es ocorreram entre os dias 07 de novembro e 01 de dezembro com taxa determinada em<strong>\u00a0R$ 650,00.<\/strong><\/p>\n<p>\u00a0<\/p>\n<p>O processo seletivo conta com <strong>duas fases avaliativas<\/strong>, consistindo na aplica\u00e7\u00e3o de uma prova objetiva e uma an\u00e1lise curricular, interrompe-se realiza\u00e7\u00e3o da prova pr\u00e1tica, tradicionalmente conhecida.<\/p>\t\t\n\t\t<h2 style=\"font-family: Poppins, sans-serif; color: #7a7a7a;\"><span class=\"ez-toc-section\" id=\"Conquiste_a_aprovacao\"><\/span>Conquiste a aprova\u00e7\u00e3o<span class=\"ez-toc-section-end\"><\/span><\/h2>\n<p>Apesar das irregularidades e o reagendamento das provas da SCMSP 2024, o Grupo MedCof cobriu ao vivo a corre\u00e7\u00e3o da prova de Acesso Direto, R+ Cl\u00ednica e R+ Cirurgia.\u00a0<a href=\"https:\/\/www.youtube.com\/@GrupoMedcof\/featured\">Confira na \u00edntegra<\/a>\u00a0a corre\u00e7\u00e3o feitas pelos nossos especialistas e metodologia que j\u00e1 aprovou<a href=\"https:\/\/www.grupomedcof.com.br\/blog\/presenca-da-medcof-nas-aprovacoes-em-residencia-medica-no-brasil\/\" target=\"_blank\" rel=\"noreferrer noopener\">\u00a0mais de 10 mil residentes\u00a0<\/a>pelo pa\u00eds.<\/p>","protected":false},"excerpt":{"rendered":"<p>Ap\u00f3s anula\u00e7\u00e3o das provas aplicadas no dia 09 de dezembro, a SCMSP divulga novo edital para resid\u00eancia m\u00e9dica de 2024.<\/p>\n","protected":false},"author":6,"featured_media":16647,"comment_status":"open","ping_status":"open","sticky":false,"template":"","format":"standard","meta":{"footnotes":""},"categories":[240,10,174],"tags":[117,68,284],"ppma_author":[3609],"class_list":{"0":"post-16646","1":"post","2":"type-post","3":"status-publish","4":"format-standard","5":"has-post-thumbnail","7":"category-noticias","8":"category-raio-x-editais","9":"category-residencia-medica","10":"tag-provas-de-residencia","11":"tag-residencia-medica","12":"tag-scmsp"},"yoast_head":"<!-- This site is optimized with the Yoast SEO Premium plugin v24.3 (Yoast SEO v27.5) - https:\/\/yoast.com\/product\/yoast-seo-premium-wordpress\/ -->\n<title>Novo Edital Resid\u00eancia M\u00e9dica SCMSP 2024 - Blog de Medcof: conte\u00fados, editais, revalida e mais!<\/title>\n<meta name=\"description\" content=\"Ap\u00f3s anula\u00e7\u00e3o das provas aplicadas no dia 09 de dezembro, a SCMSP divulga novo edital para resid\u00eancia m\u00e9dica de 2024.\" \/>\n<meta name=\"robots\" content=\"index, follow, max-snippet:-1, max-image-preview:large, max-video-preview:-1\" \/>\n<link rel=\"canonical\" href=\"https:\/\/www.grupomedcof.com.br\/blog\/novo-edital-residencia-medica-scmsp-2024\/\" \/>\n<meta property=\"og:locale\" content=\"pt_BR\" \/>\n<meta property=\"og:type\" content=\"article\" \/>\n<meta property=\"og:title\" content=\"Novo Edital Resid\u00eancia M\u00e9dica SCMSP 2024\" \/>\n<meta property=\"og:description\" content=\"Ap\u00f3s anula\u00e7\u00e3o das provas aplicadas no dia 09 de dezembro, a SCMSP divulga novo edital para resid\u00eancia m\u00e9dica de 2024.\" \/>\n<meta property=\"og:url\" content=\"https:\/\/www.grupomedcof.com.br\/blog\/novo-edital-residencia-medica-scmsp-2024\/\" \/>\n<meta property=\"og:site_name\" content=\"Blog de Medcof: conte\u00fados, editais, revalida e mais!\" \/>\n<meta property=\"article:publisher\" content=\"https:\/\/www.facebook.com\/MedCofQbank\/\" \/>\n<meta property=\"article:published_time\" content=\"2023-12-18T18:45:50+00:00\" \/>\n<meta property=\"og:image\" content=\"https:\/\/www.grupomedcof.com.br\/blog\/wp-content\/uploads\/2023\/12\/Blog-MedCof-41-1024x576.png\" \/>\n\t<meta property=\"og:image:width\" content=\"1024\" \/>\n\t<meta property=\"og:image:height\" content=\"576\" \/>\n\t<meta property=\"og:image:type\" content=\"image\/png\" \/>\n<meta name=\"author\" content=\"J\u00falia Moreira\" \/>\n<meta name=\"twitter:card\" content=\"summary_large_image\" \/>\n<meta name=\"twitter:label1\" content=\"Escrito por\" \/>\n\t<meta name=\"twitter:data1\" content=\"J\u00falia Moreira\" \/>\n\t<meta name=\"twitter:label2\" content=\"Est. tempo de leitura\" \/>\n\t<meta name=\"twitter:data2\" content=\"6 minutos\" \/>\n<script type=\"application\/ld+json\" class=\"yoast-schema-graph\">{\"@context\":\"https:\\\/\\\/schema.org\",\"@graph\":[{\"@type\":\"Article\",\"@id\":\"https:\\\/\\\/www.grupomedcof.com.br\\\/blog\\\/novo-edital-residencia-medica-scmsp-2024\\\/#article\",\"isPartOf\":{\"@id\":\"https:\\\/\\\/www.grupomedcof.com.br\\\/blog\\\/novo-edital-residencia-medica-scmsp-2024\\\/\"},\"author\":{\"name\":\"J\u00falia Moreira\",\"@id\":\"https:\\\/\\\/www.grupomedcof.com.br\\\/blog\\\/#\\\/schema\\\/person\\\/1375e0ce724529d7a1d8156ea7f8ceaa\"},\"headline\":\"Novo Edital Resid\u00eancia M\u00e9dica SCMSP 2024\",\"datePublished\":\"2023-12-18T18:45:50+00:00\",\"mainEntityOfPage\":{\"@id\":\"https:\\\/\\\/www.grupomedcof.com.br\\\/blog\\\/novo-edital-residencia-medica-scmsp-2024\\\/\"},\"wordCount\":509,\"commentCount\":0,\"publisher\":{\"@id\":\"https:\\\/\\\/www.grupomedcof.com.br\\\/blog\\\/#organization\"},\"image\":{\"@id\":\"https:\\\/\\\/www.grupomedcof.com.br\\\/blog\\\/novo-edital-residencia-medica-scmsp-2024\\\/#primaryimage\"},\"thumbnailUrl\":\"https:\\\/\\\/www.grupomedcof.com.br\\\/blog\\\/wp-content\\\/uploads\\\/2023\\\/12\\\/Blog-MedCof-41.png\",\"keywords\":[\"Provas de Resid\u00eancia\",\"Resid\u00eancia M\u00e9dica\",\"SCMSP\"],\"articleSection\":[\"Not\u00edcias\",\"Raio-X Editais\",\"Resid\u00eancia m\u00e9dica: editais, resultados, temas quentes e mais\"],\"inLanguage\":\"pt-BR\"},{\"@type\":\"WebPage\",\"@id\":\"https:\\\/\\\/www.grupomedcof.com.br\\\/blog\\\/novo-edital-residencia-medica-scmsp-2024\\\/\",\"url\":\"https:\\\/\\\/www.grupomedcof.com.br\\\/blog\\\/novo-edital-residencia-medica-scmsp-2024\\\/\",\"name\":\"Novo Edital Resid\u00eancia M\u00e9dica SCMSP 2024 - Blog de Medcof: conte\u00fados, editais, revalida e mais!\",\"isPartOf\":{\"@id\":\"https:\\\/\\\/www.grupomedcof.com.br\\\/blog\\\/#website\"},\"primaryImageOfPage\":{\"@id\":\"https:\\\/\\\/www.grupomedcof.com.br\\\/blog\\\/novo-edital-residencia-medica-scmsp-2024\\\/#primaryimage\"},\"image\":{\"@id\":\"https:\\\/\\\/www.grupomedcof.com.br\\\/blog\\\/novo-edital-residencia-medica-scmsp-2024\\\/#primaryimage\"},\"thumbnailUrl\":\"https:\\\/\\\/www.grupomedcof.com.br\\\/blog\\\/wp-content\\\/uploads\\\/2023\\\/12\\\/Blog-MedCof-41.png\",\"datePublished\":\"2023-12-18T18:45:50+00:00\",\"description\":\"Ap\u00f3s anula\u00e7\u00e3o das provas aplicadas no dia 09 de dezembro, a SCMSP divulga novo edital para resid\u00eancia m\u00e9dica de 2024.\",\"breadcrumb\":{\"@id\":\"https:\\\/\\\/www.grupomedcof.com.br\\\/blog\\\/novo-edital-residencia-medica-scmsp-2024\\\/#breadcrumb\"},\"inLanguage\":\"pt-BR\",\"potentialAction\":[{\"@type\":\"ReadAction\",\"target\":[\"https:\\\/\\\/www.grupomedcof.com.br\\\/blog\\\/novo-edital-residencia-medica-scmsp-2024\\\/\"]}]},{\"@type\":\"ImageObject\",\"inLanguage\":\"pt-BR\",\"@id\":\"https:\\\/\\\/www.grupomedcof.com.br\\\/blog\\\/novo-edital-residencia-medica-scmsp-2024\\\/#primaryimage\",\"url\":\"https:\\\/\\\/www.grupomedcof.com.br\\\/blog\\\/wp-content\\\/uploads\\\/2023\\\/12\\\/Blog-MedCof-41.png\",\"contentUrl\":\"https:\\\/\\\/www.grupomedcof.com.br\\\/blog\\\/wp-content\\\/uploads\\\/2023\\\/12\\\/Blog-MedCof-41.png\",\"width\":2560,\"height\":1440,\"caption\":\"Ap\u00f3s anula\u00e7\u00e3o das provas aplicadas no dia 09 de dezembro, a SCMSP divulga novo edital para resid\u00eancia m\u00e9dica de 2024.\"},{\"@type\":\"BreadcrumbList\",\"@id\":\"https:\\\/\\\/www.grupomedcof.com.br\\\/blog\\\/novo-edital-residencia-medica-scmsp-2024\\\/#breadcrumb\",\"itemListElement\":[{\"@type\":\"ListItem\",\"position\":1,\"name\":\"In\u00edcio\",\"item\":\"https:\\\/\\\/www.grupomedcof.com.br\\\/blog\\\/\"},{\"@type\":\"ListItem\",\"position\":2,\"name\":\"Novo Edital Resid\u00eancia M\u00e9dica SCMSP 2024\"}]},{\"@type\":\"WebSite\",\"@id\":\"https:\\\/\\\/www.grupomedcof.com.br\\\/blog\\\/#website\",\"url\":\"https:\\\/\\\/www.grupomedcof.com.br\\\/blog\\\/\",\"name\":\"Blog de Medcof: conte\u00fados, editais, revalida e mais!\",\"description\":\"Acesso o blog de MedCof! Seu portal de conte\u00fados sobre resid\u00eancia m\u00e9dica, an\u00e1lise e editais e muito mais. Clique e confira!\",\"publisher\":{\"@id\":\"https:\\\/\\\/www.grupomedcof.com.br\\\/blog\\\/#organization\"},\"alternateName\":\"Blog de Medcof: conte\u00fados, editais, revalida e mais!\",\"potentialAction\":[{\"@type\":\"SearchAction\",\"target\":{\"@type\":\"EntryPoint\",\"urlTemplate\":\"https:\\\/\\\/www.grupomedcof.com.br\\\/blog\\\/?s={search_term_string}\"},\"query-input\":{\"@type\":\"PropertyValueSpecification\",\"valueRequired\":true,\"valueName\":\"search_term_string\"}}],\"inLanguage\":\"pt-BR\"},{\"@type\":\"Organization\",\"@id\":\"https:\\\/\\\/www.grupomedcof.com.br\\\/blog\\\/#organization\",\"name\":\"Grupo MedCof\",\"url\":\"https:\\\/\\\/www.grupomedcof.com.br\\\/blog\\\/\",\"logo\":{\"@type\":\"ImageObject\",\"inLanguage\":\"pt-BR\",\"@id\":\"https:\\\/\\\/www.grupomedcof.com.br\\\/blog\\\/#\\\/schema\\\/logo\\\/image\\\/\",\"url\":\"https:\\\/\\\/www.grupomedcof.com.br\\\/blog\\\/wp-content\\\/uploads\\\/2022\\\/01\\\/logo-medcof.png\",\"contentUrl\":\"https:\\\/\\\/www.grupomedcof.com.br\\\/blog\\\/wp-content\\\/uploads\\\/2022\\\/01\\\/logo-medcof.png\",\"width\":768,\"height\":269,\"caption\":\"Grupo MedCof\"},\"image\":{\"@id\":\"https:\\\/\\\/www.grupomedcof.com.br\\\/blog\\\/#\\\/schema\\\/logo\\\/image\\\/\"},\"sameAs\":[\"https:\\\/\\\/www.facebook.com\\\/MedCofQbank\\\/\",\"https:\\\/\\\/www.instagram.com\\\/grupomedcof\\\/\",\"https:\\\/\\\/br.linkedin.com\\\/company\\\/medcof\",\"https:\\\/\\\/www.youtube.com\\\/channel\\\/UCdHMuOHKICxcHwecxN8P-AA\"]},{\"@type\":\"Person\",\"@id\":\"https:\\\/\\\/www.grupomedcof.com.br\\\/blog\\\/#\\\/schema\\\/person\\\/1375e0ce724529d7a1d8156ea7f8ceaa\",\"name\":\"J\u00falia Moreira\",\"image\":{\"@type\":\"ImageObject\",\"inLanguage\":\"pt-BR\",\"@id\":\"https:\\\/\\\/www.grupomedcof.com.br\\\/blog\\\/wp-content\\\/uploads\\\/2024\\\/12\\\/cropped-Captura-de-tela-2023-12-15-094946-96x96.png6a0083ac34a0445de97d55fae63a4a41\",\"url\":\"https:\\\/\\\/www.grupomedcof.com.br\\\/blog\\\/wp-content\\\/uploads\\\/2024\\\/12\\\/cropped-Captura-de-tela-2023-12-15-094946-96x96.png\",\"contentUrl\":\"https:\\\/\\\/www.grupomedcof.com.br\\\/blog\\\/wp-content\\\/uploads\\\/2024\\\/12\\\/cropped-Captura-de-tela-2023-12-15-094946-96x96.png\",\"caption\":\"J\u00falia Moreira\"},\"description\":\"Estudante do 8\u00ba semestre de Jornalismo na ECA-USP, f\u00e3 de filmes de terror e m\u00fasica popular sul-coreana.\",\"sameAs\":[\"https:\\\/\\\/www.grupomedcof.com.br\\\/\"],\"url\":\"https:\\\/\\\/www.grupomedcof.com.br\\\/blog\\\/author\\\/julia\\\/\"}]}<\/script>\n<!-- \/ Yoast SEO Premium plugin. -->","yoast_head_json":{"title":"Novo Edital Resid\u00eancia M\u00e9dica SCMSP 2024 - Blog de Medcof: conte\u00fados, editais, revalida e mais!","description":"Ap\u00f3s anula\u00e7\u00e3o das provas aplicadas no dia 09 de dezembro, a SCMSP divulga novo edital para resid\u00eancia m\u00e9dica de 2024.","robots":{"index":"index","follow":"follow","max-snippet":"max-snippet:-1","max-image-preview":"max-image-preview:large","max-video-preview":"max-video-preview:-1"},"canonical":"https:\/\/www.grupomedcof.com.br\/blog\/novo-edital-residencia-medica-scmsp-2024\/","og_locale":"pt_BR","og_type":"article","og_title":"Novo Edital Resid\u00eancia M\u00e9dica SCMSP 2024","og_description":"Ap\u00f3s anula\u00e7\u00e3o das provas aplicadas no dia 09 de dezembro, a SCMSP divulga novo edital para resid\u00eancia m\u00e9dica de 2024.","og_url":"https:\/\/www.grupomedcof.com.br\/blog\/novo-edital-residencia-medica-scmsp-2024\/","og_site_name":"Blog de Medcof: conte\u00fados, editais, revalida e mais!","article_publisher":"https:\/\/www.facebook.com\/MedCofQbank\/","article_published_time":"2023-12-18T18:45:50+00:00","og_image":[{"width":1024,"height":576,"url":"https:\/\/www.grupomedcof.com.br\/blog\/wp-content\/uploads\/2023\/12\/Blog-MedCof-41-1024x576.png","type":"image\/png"}],"author":"J\u00falia Moreira","twitter_card":"summary_large_image","twitter_misc":{"Escrito por":"J\u00falia Moreira","Est. tempo de leitura":"6 minutos"},"schema":{"@context":"https:\/\/schema.org","@graph":[{"@type":"Article","@id":"https:\/\/www.grupomedcof.com.br\/blog\/novo-edital-residencia-medica-scmsp-2024\/#article","isPartOf":{"@id":"https:\/\/www.grupomedcof.com.br\/blog\/novo-edital-residencia-medica-scmsp-2024\/"},"author":{"name":"J\u00falia Moreira","@id":"https:\/\/www.grupomedcof.com.br\/blog\/#\/schema\/person\/1375e0ce724529d7a1d8156ea7f8ceaa"},"headline":"Novo Edital Resid\u00eancia M\u00e9dica SCMSP 2024","datePublished":"2023-12-18T18:45:50+00:00","mainEntityOfPage":{"@id":"https:\/\/www.grupomedcof.com.br\/blog\/novo-edital-residencia-medica-scmsp-2024\/"},"wordCount":509,"commentCount":0,"publisher":{"@id":"https:\/\/www.grupomedcof.com.br\/blog\/#organization"},"image":{"@id":"https:\/\/www.grupomedcof.com.br\/blog\/novo-edital-residencia-medica-scmsp-2024\/#primaryimage"},"thumbnailUrl":"https:\/\/www.grupomedcof.com.br\/blog\/wp-content\/uploads\/2023\/12\/Blog-MedCof-41.png","keywords":["Provas de Resid\u00eancia","Resid\u00eancia M\u00e9dica","SCMSP"],"articleSection":["Not\u00edcias","Raio-X Editais","Resid\u00eancia m\u00e9dica: editais, resultados, temas quentes e mais"],"inLanguage":"pt-BR"},{"@type":"WebPage","@id":"https:\/\/www.grupomedcof.com.br\/blog\/novo-edital-residencia-medica-scmsp-2024\/","url":"https:\/\/www.grupomedcof.com.br\/blog\/novo-edital-residencia-medica-scmsp-2024\/","name":"Novo Edital Resid\u00eancia M\u00e9dica SCMSP 2024 - Blog de Medcof: conte\u00fados, editais, revalida e mais!","isPartOf":{"@id":"https:\/\/www.grupomedcof.com.br\/blog\/#website"},"primaryImageOfPage":{"@id":"https:\/\/www.grupomedcof.com.br\/blog\/novo-edital-residencia-medica-scmsp-2024\/#primaryimage"},"image":{"@id":"https:\/\/www.grupomedcof.com.br\/blog\/novo-edital-residencia-medica-scmsp-2024\/#primaryimage"},"thumbnailUrl":"https:\/\/www.grupomedcof.com.br\/blog\/wp-content\/uploads\/2023\/12\/Blog-MedCof-41.png","datePublished":"2023-12-18T18:45:50+00:00","description":"Ap\u00f3s anula\u00e7\u00e3o das provas aplicadas no dia 09 de dezembro, a SCMSP divulga novo edital para resid\u00eancia m\u00e9dica de 2024.","breadcrumb":{"@id":"https:\/\/www.grupomedcof.com.br\/blog\/novo-edital-residencia-medica-scmsp-2024\/#breadcrumb"},"inLanguage":"pt-BR","potentialAction":[{"@type":"ReadAction","target":["https:\/\/www.grupomedcof.com.br\/blog\/novo-edital-residencia-medica-scmsp-2024\/"]}]},{"@type":"ImageObject","inLanguage":"pt-BR","@id":"https:\/\/www.grupomedcof.com.br\/blog\/novo-edital-residencia-medica-scmsp-2024\/#primaryimage","url":"https:\/\/www.grupomedcof.com.br\/blog\/wp-content\/uploads\/2023\/12\/Blog-MedCof-41.png","contentUrl":"https:\/\/www.grupomedcof.com.br\/blog\/wp-content\/uploads\/2023\/12\/Blog-MedCof-41.png","width":2560,"height":1440,"caption":"Ap\u00f3s anula\u00e7\u00e3o das provas aplicadas no dia 09 de dezembro, a SCMSP divulga novo edital para resid\u00eancia m\u00e9dica de 2024."},{"@type":"BreadcrumbList","@id":"https:\/\/www.grupomedcof.com.br\/blog\/novo-edital-residencia-medica-scmsp-2024\/#breadcrumb","itemListElement":[{"@type":"ListItem","position":1,"name":"In\u00edcio","item":"https:\/\/www.grupomedcof.com.br\/blog\/"},{"@type":"ListItem","position":2,"name":"Novo Edital Resid\u00eancia M\u00e9dica SCMSP 2024"}]},{"@type":"WebSite","@id":"https:\/\/www.grupomedcof.com.br\/blog\/#website","url":"https:\/\/www.grupomedcof.com.br\/blog\/","name":"Blog de Medcof: conte\u00fados, editais, revalida e mais!","description":"Acesso o blog de MedCof! Seu portal de conte\u00fados sobre resid\u00eancia m\u00e9dica, an\u00e1lise e editais e muito mais. Clique e confira!","publisher":{"@id":"https:\/\/www.grupomedcof.com.br\/blog\/#organization"},"alternateName":"Blog de Medcof: conte\u00fados, editais, revalida e mais!","potentialAction":[{"@type":"SearchAction","target":{"@type":"EntryPoint","urlTemplate":"https:\/\/www.grupomedcof.com.br\/blog\/?s={search_term_string}"},"query-input":{"@type":"PropertyValueSpecification","valueRequired":true,"valueName":"search_term_string"}}],"inLanguage":"pt-BR"},{"@type":"Organization","@id":"https:\/\/www.grupomedcof.com.br\/blog\/#organization","name":"Grupo MedCof","url":"https:\/\/www.grupomedcof.com.br\/blog\/","logo":{"@type":"ImageObject","inLanguage":"pt-BR","@id":"https:\/\/www.grupomedcof.com.br\/blog\/#\/schema\/logo\/image\/","url":"https:\/\/www.grupomedcof.com.br\/blog\/wp-content\/uploads\/2022\/01\/logo-medcof.png","contentUrl":"https:\/\/www.grupomedcof.com.br\/blog\/wp-content\/uploads\/2022\/01\/logo-medcof.png","width":768,"height":269,"caption":"Grupo MedCof"},"image":{"@id":"https:\/\/www.grupomedcof.com.br\/blog\/#\/schema\/logo\/image\/"},"sameAs":["https:\/\/www.facebook.com\/MedCofQbank\/","https:\/\/www.instagram.com\/grupomedcof\/","https:\/\/br.linkedin.com\/company\/medcof","https:\/\/www.youtube.com\/channel\/UCdHMuOHKICxcHwecxN8P-AA"]},{"@type":"Person","@id":"https:\/\/www.grupomedcof.com.br\/blog\/#\/schema\/person\/1375e0ce724529d7a1d8156ea7f8ceaa","name":"J\u00falia Moreira","image":{"@type":"ImageObject","inLanguage":"pt-BR","@id":"https:\/\/www.grupomedcof.com.br\/blog\/wp-content\/uploads\/2024\/12\/cropped-Captura-de-tela-2023-12-15-094946-96x96.png6a0083ac34a0445de97d55fae63a4a41","url":"https:\/\/www.grupomedcof.com.br\/blog\/wp-content\/uploads\/2024\/12\/cropped-Captura-de-tela-2023-12-15-094946-96x96.png","contentUrl":"https:\/\/www.grupomedcof.com.br\/blog\/wp-content\/uploads\/2024\/12\/cropped-Captura-de-tela-2023-12-15-094946-96x96.png","caption":"J\u00falia Moreira"},"description":"Estudante do 8\u00ba semestre de Jornalismo na ECA-USP, f\u00e3 de filmes de terror e m\u00fasica popular sul-coreana.","sameAs":["https:\/\/www.grupomedcof.com.br\/"],"url":"https:\/\/www.grupomedcof.com.br\/blog\/author\/julia\/"}]}},"authors":[{"term_id":3609,"user_id":6,"is_guest":0,"slug":"julia","display_name":"J\u00falia Moreira","avatar_url":"https:\/\/www.grupomedcof.com.br\/blog\/wp-content\/uploads\/2024\/12\/cropped-Captura-de-tela-2023-12-15-094946-96x96.png","0":null,"1":"","2":"","3":"","4":"","5":"","6":"","7":"","8":""}],"_links":{"self":[{"href":"https:\/\/www.grupomedcof.com.br\/blog\/wp-json\/wp\/v2\/posts\/16646","targetHints":{"allow":["GET"]}}],"collection":[{"href":"https:\/\/www.grupomedcof.com.br\/blog\/wp-json\/wp\/v2\/posts"}],"about":[{"href":"https:\/\/www.grupomedcof.com.br\/blog\/wp-json\/wp\/v2\/types\/post"}],"author":[{"embeddable":true,"href":"https:\/\/www.grupomedcof.com.br\/blog\/wp-json\/wp\/v2\/users\/6"}],"replies":[{"embeddable":true,"href":"https:\/\/www.grupomedcof.com.br\/blog\/wp-json\/wp\/v2\/comments?post=16646"}],"version-history":[{"count":0,"href":"https:\/\/www.grupomedcof.com.br\/blog\/wp-json\/wp\/v2\/posts\/16646\/revisions"}],"wp:featuredmedia":[{"embeddable":true,"href":"https:\/\/www.grupomedcof.com.br\/blog\/wp-json\/wp\/v2\/media\/16647"}],"wp:attachment":[{"href":"https:\/\/www.grupomedcof.com.br\/blog\/wp-json\/wp\/v2\/media?parent=16646"}],"wp:term":[{"taxonomy":"category","embeddable":true,"href":"https:\/\/www.grupomedcof.com.br\/blog\/wp-json\/wp\/v2\/categories?post=16646"},{"taxonomy":"post_tag","embeddable":true,"href":"https:\/\/www.grupomedcof.com.br\/blog\/wp-json\/wp\/v2\/tags?post=16646"},{"taxonomy":"author","embeddable":true,"href":"https:\/\/www.grupomedcof.com.br\/blog\/wp-json\/wp\/v2\/ppma_author?post=16646"}],"curies":[{"name":"wp","href":"https:\/\/api.w.org\/{rel}","templated":true}]}}