{"id":16667,"date":"2023-12-19T15:34:38","date_gmt":"2023-12-19T18:34:38","guid":{"rendered":"https:\/\/www.grupomedcof.com.br\/blog\/?p=16667"},"modified":"2023-12-19T15:34:38","modified_gmt":"2023-12-19T18:34:38","slug":"residencia-medica-scmsp-2024-prova-reagendada-novamente","status":"publish","type":"post","link":"https:\/\/www.grupomedcof.com.br\/blog\/residencia-medica-scmsp-2024-prova-reagendada-novamente\/","title":{"rendered":"Resid\u00eancia M\u00e9dica SCMSP 2024: Prova reagendada novamente"},"content":{"rendered":"<div id=\"ez-toc-container\" class=\"ez-toc-v2_0_74 counter-hierarchy ez-toc-counter ez-toc-transparent ez-toc-container-direction\">\n<div class=\"ez-toc-title-container\">\n<p class=\"ez-toc-title\" style=\"cursor:inherit\">Sum\u00e1rio<\/p>\n<span class=\"ez-toc-title-toggle\"><a href=\"#\" class=\"ez-toc-pull-right ez-toc-btn ez-toc-btn-xs ez-toc-btn-default ez-toc-toggle\" aria-label=\"Alternar tabela de conte\u00fado\"><span class=\"ez-toc-js-icon-con\"><span class=\"\"><span class=\"eztoc-hide\" style=\"display:none;\">Toggle<\/span><span class=\"ez-toc-icon-toggle-span\"><svg style=\"fill: #999;color:#999\" xmlns=\"http:\/\/www.w3.org\/2000\/svg\" class=\"list-377408\" width=\"20px\" height=\"20px\" viewBox=\"0 0 24 24\" fill=\"none\"><path d=\"M6 6H4v2h2V6zm14 0H8v2h12V6zM4 11h2v2H4v-2zm16 0H8v2h12v-2zM4 16h2v2H4v-2zm16 0H8v2h12v-2z\" fill=\"currentColor\"><\/path><\/svg><svg style=\"fill: #999;color:#999\" class=\"arrow-unsorted-368013\" xmlns=\"http:\/\/www.w3.org\/2000\/svg\" width=\"10px\" height=\"10px\" viewBox=\"0 0 24 24\" version=\"1.2\" baseProfile=\"tiny\"><path d=\"M18.2 9.3l-6.2-6.3-6.2 6.3c-.2.2-.3.4-.3.7s.1.5.3.7c.2.2.4.3.7.3h11c.3 0 .5-.1.7-.3.2-.2.3-.5.3-.7s-.1-.5-.3-.7zM5.8 14.7l6.2 6.3 6.2-6.3c.2-.2.3-.5.3-.7s-.1-.5-.3-.7c-.2-.2-.4-.3-.7-.3h-11c-.3 0-.5.1-.7.3-.2.2-.3.5-.3.7s.1.5.3.7z\"\/><\/svg><\/span><\/span><\/span><\/a><\/span><\/div>\n<nav><ul class='ez-toc-list ez-toc-list-level-1 ' ><li class='ez-toc-page-1 ez-toc-heading-level-2'><a class=\"ez-toc-link ez-toc-heading-1\" href=\"https:\/\/www.grupomedcof.com.br\/blog\/residencia-medica-scmsp-2024-prova-reagendada-novamente\/#Residencia_Medica_SCMSP_2024_Prova_reagendada_novamente\" >Resid\u00eancia M\u00e9dica SCMSP 2024: Prova reagendada novamente<\/a><\/li><li class='ez-toc-page-1 ez-toc-heading-level-2'><a class=\"ez-toc-link ez-toc-heading-2\" href=\"https:\/\/www.grupomedcof.com.br\/blog\/residencia-medica-scmsp-2024-prova-reagendada-novamente\/#Cronograma_Medica_SCMSP_2024_atualizado\" >Cronograma M\u00e9dica SCMSP 2024 atualizado<\/a><\/li><li class='ez-toc-page-1 ez-toc-heading-level-2'><a class=\"ez-toc-link ez-toc-heading-3\" href=\"https:\/\/www.grupomedcof.com.br\/blog\/residencia-medica-scmsp-2024-prova-reagendada-novamente\/#Residencia_Medica_SCMSP_2024_Cancelamento_e_Primeira_Retificacao\" >Resid\u00eancia M\u00e9dica SCMSP 2024: Cancelamento e Primeira Retifica\u00e7\u00e3o<\/a><\/li><li class='ez-toc-page-1 ez-toc-heading-level-2'><a class=\"ez-toc-link ez-toc-heading-4\" href=\"https:\/\/www.grupomedcof.com.br\/blog\/residencia-medica-scmsp-2024-prova-reagendada-novamente\/#Provas_canceladas\" >Provas canceladas<\/a><\/li><li class='ez-toc-page-1 ez-toc-heading-level-2'><a class=\"ez-toc-link ez-toc-heading-5\" href=\"https:\/\/www.grupomedcof.com.br\/blog\/residencia-medica-scmsp-2024-prova-reagendada-novamente\/#Conquiste_a_aprovacao\" >Conquiste a aprova\u00e7\u00e3o<\/a><\/li><\/ul><\/nav><\/div>\n<img loading=\"lazy\" decoding=\"async\" width=\"800\" height=\"450\" src=\"https:\/\/www.grupomedcof.com.br\/blog\/wp-content\/uploads\/2023\/12\/Blog-MedCof-42-1024x576.png\" alt=\"residencia medica santa casa, santa casa residencia medica, residencia medica santa casa sp, iscmsp resid\u00eancia m\u00e9dica 2023 , irregularidades residencia medica scmsp, prova resid\u00eancia m\u00e9dica scmsp, prova resid\u00eancia m\u00e9dica santa casa de s\u00e3o paulo, o que aconteceu da prova da santa casa, resid\u00eancia m\u00e9dica santa casa de s\u00e3o paulo 2024, instituto mais santa casa 2023, instituto mais, edital residencia medica scmsp, edital residencia medica santa casa sp, prova residencia medica scmsp 2024,\" srcset=\"https:\/\/www.grupomedcof.com.br\/blog\/wp-content\/uploads\/2023\/12\/Blog-MedCof-42-1024x576.png 1024w, https:\/\/www.grupomedcof.com.br\/blog\/wp-content\/uploads\/2023\/12\/Blog-MedCof-42-300x169.png 300w, https:\/\/www.grupomedcof.com.br\/blog\/wp-content\/uploads\/2023\/12\/Blog-MedCof-42-768x432.png 768w, https:\/\/www.grupomedcof.com.br\/blog\/wp-content\/uploads\/2023\/12\/Blog-MedCof-42-1536x864.png 1536w, https:\/\/www.grupomedcof.com.br\/blog\/wp-content\/uploads\/2023\/12\/Blog-MedCof-42-2048x1152.png 2048w\" sizes=\"auto, (max-width: 800px) 100vw, 800px\" \/>\t\t\t\t\t\t\t\t\t\t\t\t\t\t\t\n\t\t<p><\/p>\n<p><strong>Resid\u00eancia M\u00e9dica SCMSP 2024:<\/strong> Um dia ap\u00f3s a retifica\u00e7\u00e3o do edital, aplica\u00e7\u00e3o da prova \u00e9 novamente reagendada, agora para o dia 28 de janeiro.<\/p>\n<p><\/p>\t\t\n\t\t\t<h4>\n\t\t\t\tVeja a seguir\t\t\t<\/h4>\n\t\t\t\t\t\t\t\t\t\t\t\t\t\t\t\t<a href=\"https:\/\/site.grupomedcof.com.br\/lead\/cod6-blog\" target=\"_blank\" rel=\"noopener\">\n\t\t\t\t\t\t\t<img loading=\"lazy\" decoding=\"async\" width=\"800\" height=\"230\" src=\"https:\/\/www.grupomedcof.com.br\/blog\/wp-content\/uploads\/2023\/12\/Thumb-Youtube-1-p.-Cod-aprov_-1024x294.png\" alt=\"medcof, medcof academy, hiit medcof, medcof derma, medcof hiit, medcof extensivo, medcof revalida\" srcset=\"https:\/\/www.grupomedcof.com.br\/blog\/wp-content\/uploads\/2023\/12\/Thumb-Youtube-1-p.-Cod-aprov_-1024x294.png 1024w, https:\/\/www.grupomedcof.com.br\/blog\/wp-content\/uploads\/2023\/12\/Thumb-Youtube-1-p.-Cod-aprov_-300x86.png 300w, https:\/\/www.grupomedcof.com.br\/blog\/wp-content\/uploads\/2023\/12\/Thumb-Youtube-1-p.-Cod-aprov_-768x221.png 768w, https:\/\/www.grupomedcof.com.br\/blog\/wp-content\/uploads\/2023\/12\/Thumb-Youtube-1-p.-Cod-aprov_-1536x442.png 1536w, https:\/\/www.grupomedcof.com.br\/blog\/wp-content\/uploads\/2023\/12\/Thumb-Youtube-1-p.-Cod-aprov_.png 1920w\" sizes=\"auto, (max-width: 800px) 100vw, 800px\" \/>\t\t\t\t\t\t\t\t<\/a>\n\t\t<h2 id=\"h-residencia-medica-scmsp-2024-prova-reagendada-novamente\" style=\"font-family: Poppins, sans-serif; color: #7a7a7a;\"><span class=\"ez-toc-section\" id=\"Residencia_Medica_SCMSP_2024_Prova_reagendada_novamente\"><\/span><strong>Resid\u00eancia M\u00e9dica SCMSP 2024: Prova reagendada novamente<\/strong><span class=\"ez-toc-section-end\"><\/span><\/h2>\n<p>Hoje, 19 de dezembro, o Instituto Mais publicou uma nova retifica\u00e7\u00e3o do edital para resid\u00eancia m\u00e9dica da Santa Casa de S\u00e3o Paulo. Dessa vez, a data de aplica\u00e7\u00e3o da prova est\u00e1 marcada para o dia\u00a028 de janeiro de 2024, ainda no per\u00edodo da manh\u00e3.<\/p>\n<p>\u00a0<\/p>\n<p>Assim, com o adiamento das datas, a realiza\u00e7\u00e3o da 2\u00aa fase ocorrer\u00e1 entre os dias\u00a014 e 16 de fevereiro.\u00a0Al\u00e9m disso, o in\u00edcio das atividades continua marcado para o dia 1 de mar\u00e7o.<\/p>\t\t\n\t\t\t<iframe src=\"https:\/\/www.grupomedcof.com.br\/blog\/wp-content\/plugins\/pdf-viewer-for-elementor\/assets\/pdfjs\/web\/viewer.html?file=https:\/\/www.grupomedcof.com.br\/blog\/wp-content\/uploads\/2023\/12\/ISCMSP_Retificacao-01_Edital-de-Abertura2.pdf&amp;embedded=true\" style=\"display: block; margin-left: auto; margin-right: auto; width: 1500px; height: 500px;\" frameborder=\"1\" marginheight=\"0px\" marginwidth=\"0px\" allowfullscreen><\/iframe>\t\t\n\t\t\t<a href=\"https:\/\/www.institutomais.org.br\/ckfinder\/userfiles\/files\/ISCMSP_Retifica%c3%a7%c3%a3o%2001_Edital%20de%20Abertura(2).pdf\" target=\"_blank\" rel=\"noopener\">\n\t\t\t\t\t\tNovo edital\n\t\t\t\t\t<\/a>\n\t\t<h2 id=\"h-cronograma-medica-scmsp-2024-atualizado\" style=\"font-family: Poppins, sans-serif; color: #7a7a7a;\"><span class=\"ez-toc-section\" id=\"Cronograma_Medica_SCMSP_2024_atualizado\"><\/span><strong>Cronograma M\u00e9dica SCMSP 2024 atualizado<\/strong><span class=\"ez-toc-section-end\"><\/span><\/h2>\n<p>De acordo com o documento, o cronograma ser\u00e1:<\/p>\n<p>\u00a0<\/p>\n<ul style=\"font-size: 16px; background-color: #ffffff;\">\n<li style=\"list-style-type: none;\">\n<ul style=\"font-size: 16px; background-color: #ffffff;\">\n<li style=\"font-size: 16px;\">Comprovante de local: 19\/01\/2024<\/li>\n<\/ul>\n<\/li>\n<\/ul>\n<ul style=\"font-size: 16px; background-color: #ffffff;\">\n<li style=\"list-style-type: none;\">\n<ul style=\"font-size: 16px; background-color: #ffffff;\">\n<li style=\"font-size: 16px;\">Prova Objetiva e\u00a0Gabarito Preliminar: 28\/01\/2024<\/li>\n<\/ul>\n<\/li>\n<\/ul>\n<ul style=\"font-size: 16px; background-color: #ffffff;\">\n<li style=\"list-style-type: none;\">\n<ul style=\"font-size: 16px; background-color: #ffffff;\">\n<li style=\"font-size: 16px;\">Prazo para recursos: 29 a 30\/01\/2024<\/li>\n<\/ul>\n<\/li>\n<\/ul>\n<ul style=\"font-size: 16px; background-color: #ffffff;\">\n<li style=\"list-style-type: none;\">\n<ul style=\"font-size: 16px; background-color: #ffffff;\">\n<li style=\"font-size: 16px;\">Gabarito Definitivo e Resultado Preliminar da 1\u00aa fase: 02\/02\/2024<\/li>\n<\/ul>\n<\/li>\n<\/ul>\n<ul style=\"font-size: 16px; background-color: #ffffff;\">\n<li style=\"list-style-type: none;\">\n<ul style=\"font-size: 16px; background-color: #ffffff;\">\n<li style=\"font-size: 16px;\">Prazo para recursos: 05 a 06\/02\/2024<\/li>\n<\/ul>\n<\/li>\n<\/ul>\n<ul style=\"font-size: 16px; background-color: #ffffff;\">\n<li style=\"list-style-type: none;\">\n<ul style=\"font-size: 16px; background-color: #ffffff;\">\n<li style=\"font-size: 16px;\">Resultado Definitivo da 1\u00aa fase: 09\/02\/2024<\/li>\n<li style=\"font-size: 16px;\">An\u00e1lise curricular: 14 a 16\/02\/2024<\/li>\n<\/ul>\n<\/li>\n<\/ul>\n<ul style=\"font-size: 16px; background-color: #ffffff;\">\n<li style=\"list-style-type: none;\">\n<ul style=\"font-size: 16px; background-color: #ffffff;\">\n<li style=\"font-size: 16px;\">Resultado Preliminar da 2\u00aa fase: 19\/02\/2024<\/li>\n<\/ul>\n<\/li>\n<\/ul>\n<ul style=\"font-size: 16px; background-color: #ffffff;\">\n<li style=\"list-style-type: none;\">\n<ul style=\"font-size: 16px; background-color: #ffffff;\">\n<li style=\"font-size: 16px;\">Prazo para recursos: 20 a 21\/02\/2024<\/li>\n<\/ul>\n<\/li>\n<\/ul>\n<ul style=\"font-size: 16px; background-color: #ffffff;\">\n<li style=\"list-style-type: none;\">\n<ul style=\"font-size: 16px; background-color: #ffffff;\">\n<li style=\"font-size: 16px;\">Resultado definitivo da 2\u00aa fase:\u00a0 23\/02\/2024<\/li>\n<\/ul>\n<\/li>\n<\/ul>\n<ul style=\"font-size: 16px; background-color: #ffffff;\">\n<li style=\"list-style-type: none;\">\n<ul style=\"font-size: 16px; background-color: #ffffff;\">\n<li style=\"font-size: 16px;\">Resultado Final e Convoca\u00e7\u00e3o para matr\u00edcula: 23\/02\/2024<\/li>\n<\/ul>\n<\/li>\n<\/ul>\n<ul style=\"font-size: 16px; background-color: #ffffff;\">\n<li style=\"list-style-type: none;\">\n<ul style=\"font-size: 16px; background-color: #ffffff;\">\n<li style=\"font-size: 16px;\">Per\u00edodo para matr\u00edcula: 27, 28, 29\/02\/2024<\/li>\n<\/ul>\n<\/li>\n<\/ul>\n<ul style=\"font-size: 16px; background-color: #ffffff;\">\n<li style=\"list-style-type: none;\">\n<ul style=\"font-size: 16px; background-color: #ffffff;\">\n<li style=\"font-size: 16px;\">Convoca\u00e7\u00e3o para Vagas Remanescentes: 01\/03\/2024<\/li>\n<li style=\"font-size: 16px;\">In\u00edcio das atividades:\u00a001\/03\/2024<\/li>\n<\/ul>\n<\/li>\n<\/ul>\t\t\n\t\t<h2 id=\"h-residencia-medica-scmsp-2024-cancelamento-e-primeira-retificacao\" style=\"font-family: Poppins, sans-serif; color: #7a7a7a;\"><span class=\"ez-toc-section\" id=\"Residencia_Medica_SCMSP_2024_Cancelamento_e_Primeira_Retificacao\"><\/span><strong>Resid\u00eancia M\u00e9dica SCMSP 2024: Cancelamento e Primeira Retifica\u00e7\u00e3o<\/strong><span class=\"ez-toc-section-end\"><\/span><\/h2>\n<p>Ap\u00f3s o cancelamento das provas aplicadas no dia 09 de dezembro, o Instituto Mais, respons\u00e1vel pelo processo seletivo, anunciou a publica\u00e7\u00e3o de um edital retificado no dia 18 do mesmo m\u00eas. Segundo o documento, a 1\u00aa fase ocorreria no dia 13 de janeiro, enquanto a 2\u00aa fase foi marcada para os dias 29 de janeiro e 02 de fevereiro.<\/p>\n<p>\u00a0<\/p>\n<p>Conciliando com a 2\u00aa fase do\u00a0<a href=\"https:\/\/www.grupomedcof.com.br\/blog\/edital-residencia-medica-unifesp-2023-2024\/\" target=\"_blank\" rel=\"noreferrer noopener\">processo seletivo da UNIFESP<\/a>,\u00a0a prova foi novamente reagendada.<\/p>\t\t\n\t\t\t<iframe src=\"https:\/\/www.grupomedcof.com.br\/blog\/wp-content\/plugins\/pdf-viewer-for-elementor\/assets\/pdfjs\/web\/viewer.html?file=https:\/\/www.grupomedcof.com.br\/blog\/wp-content\/uploads\/2023\/12\/ISCMSP_Edital-Concurso-2024_Retificacao-011.pdf&amp;embedded=true\" style=\"display: block; margin-left: auto; margin-right: auto; width: 1500px; height: 500px;\" frameborder=\"1\" marginheight=\"0px\" marginwidth=\"0px\" allowfullscreen><\/iframe>\t\t\n\t\t\t<a href=\"https:\/\/www.institutomais.org.br\/ckfinder\/userfiles\/files\/ISCMSP_Edital%20Concurso%202024_Retifica%c3%a7%c3%a3o%2001(1).pdf\" target=\"_blank\" rel=\"noopener\">\n\t\t\t\t\t\t1\u00aa retifica\u00e7\u00e3o\n\t\t\t\t\t<\/a>\n\t\t<h2 id=\"h-provas-canceladas\" style=\"font-family: Poppins, sans-serif; color: #7a7a7a;\"><span class=\"ez-toc-section\" id=\"Provas_canceladas\"><\/span><strong>Provas canceladas<\/strong><span class=\"ez-toc-section-end\"><\/span><\/h2>\n<p>No dia 15 deste m\u00eas, a SCMSP tornou\u00a0\u201csem efeito\u201d todas as provas realizadas no dia 09 de dezembro, afirmando\u00a0n\u00e3o haver ind\u00edcios de fraudes, mas reconhecendo os erros cometidos\u00a0pela banca organizadora.<\/p>\n<p>\u00a0<\/p>\n<p>De acordo com os candidatos, tudo come\u00e7ou quando o envelope que continha as provas a serem aplicadas chegou\u00a0violado e com 20 provas faltantes. Os participantes, mediante as\u00a0<a href=\"https:\/\/www.grupomedcof.com.br\/blog\/provas-da-scmsp-sao-reagendadas-apos-irregularidades-na-aplicacao\/\" target=\"_blank\" rel=\"noreferrer noopener\">irregularidades\u00a0<\/a>e descumprimento das normas contidas no edital, negaram-se a realizar a avalia\u00e7\u00e3o.<\/p>\n<p>\u00a0<\/p>\n<p>Ademais, no mesmo dia, os candidatos de R+ Cl\u00ednica M\u00e9dica observaram alternativas \u201cmais claras\u201d na avalia\u00e7\u00e3o, estas que poderiam ser a resposta correta para a quest\u00e3o.<\/p>\t\t\n\t\t<h2 style=\"font-family: Poppins, sans-serif; color: #7a7a7a;\"><span class=\"ez-toc-section\" id=\"Conquiste_a_aprovacao\"><\/span><strong>Conquiste a aprova\u00e7\u00e3o<\/strong><span class=\"ez-toc-section-end\"><\/span><\/h2>\n<p>Apesar das irregularidades e o reagendamento das provas da SCMSP 2024, o Grupo MedCof cobriu ao vivo a corre\u00e7\u00e3o da prova de Acesso Direto, R+ Cl\u00ednica e R+ Cirurgia.<strong>\u00a0<a href=\"https:\/\/www.youtube.com\/@GrupoMedcof\/featured\" target=\"_blank\" rel=\"noopener\">Confira na \u00edntegra<\/a><\/strong>\u00a0a corre\u00e7\u00e3o feitas pelos nossos especialistas e metodologia que j\u00e1 aprovou<a href=\"https:\/\/www.grupomedcof.com.br\/blog\/presenca-da-medcof-nas-aprovacoes-em-residencia-medica-no-brasil\/\" target=\"_blank\" rel=\"noreferrer noopener\">\u00a0<strong>mais de 10 mil residentes<\/strong>\u00a0<\/a>pelo pa\u00eds.<\/p>","protected":false},"excerpt":{"rendered":"<p>Resid\u00eancia M\u00e9dica SCMSP 2024: Um dia ap\u00f3s a retifica\u00e7\u00e3o do edital, aplica\u00e7\u00e3o da prova \u00e9  novamente reagendada, agora para o dia 28 de janeiro.<\/p>\n","protected":false},"author":6,"featured_media":16680,"comment_status":"open","ping_status":"open","sticky":false,"template":"","format":"standard","meta":{"footnotes":""},"categories":[240,174],"tags":[283,117,68,284],"ppma_author":[3609],"class_list":{"0":"post-16667","1":"post","2":"type-post","3":"status-publish","4":"format-standard","5":"has-post-thumbnail","7":"category-noticias","8":"category-residencia-medica","9":"tag-iscmsp","10":"tag-provas-de-residencia","11":"tag-residencia-medica","12":"tag-scmsp"},"yoast_head":"<!-- This site is optimized with the Yoast SEO Premium plugin v24.3 (Yoast SEO v27.5) - https:\/\/yoast.com\/product\/yoast-seo-premium-wordpress\/ -->\n<title>Resid\u00eancia M\u00e9dica SCMSP 2024: Prova reagendada novamente - Blog de Medcof: conte\u00fados, editais, revalida e mais!<\/title>\n<meta name=\"description\" content=\"Resid\u00eancia M\u00e9dica SCMSP 2024: Um dia ap\u00f3s a retifica\u00e7\u00e3o do edital, aplica\u00e7\u00e3o da prova \u00e9 novamente reagendada, agora para o dia 28 de janeiro.\" \/>\n<meta name=\"robots\" content=\"index, follow, max-snippet:-1, max-image-preview:large, max-video-preview:-1\" \/>\n<link rel=\"canonical\" href=\"https:\/\/www.grupomedcof.com.br\/blog\/residencia-medica-scmsp-2024-prova-reagendada-novamente\/\" \/>\n<meta property=\"og:locale\" content=\"pt_BR\" \/>\n<meta property=\"og:type\" content=\"article\" \/>\n<meta property=\"og:title\" content=\"Resid\u00eancia M\u00e9dica SCMSP 2024: Prova reagendada novamente\" \/>\n<meta property=\"og:description\" content=\"Resid\u00eancia M\u00e9dica SCMSP 2024: Um dia ap\u00f3s a retifica\u00e7\u00e3o do edital, aplica\u00e7\u00e3o da prova \u00e9 novamente reagendada, agora para o dia 28 de janeiro.\" \/>\n<meta property=\"og:url\" content=\"https:\/\/www.grupomedcof.com.br\/blog\/residencia-medica-scmsp-2024-prova-reagendada-novamente\/\" \/>\n<meta property=\"og:site_name\" content=\"Blog de Medcof: conte\u00fados, editais, revalida e mais!\" \/>\n<meta property=\"article:publisher\" content=\"https:\/\/www.facebook.com\/MedCofQbank\/\" \/>\n<meta property=\"article:published_time\" content=\"2023-12-19T18:34:38+00:00\" \/>\n<meta property=\"og:image\" content=\"https:\/\/www.grupomedcof.com.br\/blog\/wp-content\/uploads\/2023\/12\/Blog-MedCof-42.png\" \/>\n\t<meta property=\"og:image:width\" content=\"2560\" \/>\n\t<meta property=\"og:image:height\" content=\"1440\" \/>\n\t<meta property=\"og:image:type\" content=\"image\/png\" \/>\n<meta name=\"author\" content=\"J\u00falia Moreira\" \/>\n<meta name=\"twitter:card\" content=\"summary_large_image\" \/>\n<meta name=\"twitter:label1\" content=\"Escrito por\" \/>\n\t<meta name=\"twitter:data1\" content=\"J\u00falia Moreira\" \/>\n\t<meta name=\"twitter:label2\" content=\"Est. tempo de leitura\" \/>\n\t<meta name=\"twitter:data2\" content=\"6 minutos\" \/>\n<script type=\"application\/ld+json\" class=\"yoast-schema-graph\">{\"@context\":\"https:\\\/\\\/schema.org\",\"@graph\":[{\"@type\":\"Article\",\"@id\":\"https:\\\/\\\/www.grupomedcof.com.br\\\/blog\\\/residencia-medica-scmsp-2024-prova-reagendada-novamente\\\/#article\",\"isPartOf\":{\"@id\":\"https:\\\/\\\/www.grupomedcof.com.br\\\/blog\\\/residencia-medica-scmsp-2024-prova-reagendada-novamente\\\/\"},\"author\":{\"name\":\"J\u00falia Moreira\",\"@id\":\"https:\\\/\\\/www.grupomedcof.com.br\\\/blog\\\/#\\\/schema\\\/person\\\/1375e0ce724529d7a1d8156ea7f8ceaa\"},\"headline\":\"Resid\u00eancia M\u00e9dica SCMSP 2024: Prova reagendada novamente\",\"datePublished\":\"2023-12-19T18:34:38+00:00\",\"mainEntityOfPage\":{\"@id\":\"https:\\\/\\\/www.grupomedcof.com.br\\\/blog\\\/residencia-medica-scmsp-2024-prova-reagendada-novamente\\\/\"},\"wordCount\":453,\"commentCount\":1,\"publisher\":{\"@id\":\"https:\\\/\\\/www.grupomedcof.com.br\\\/blog\\\/#organization\"},\"image\":{\"@id\":\"https:\\\/\\\/www.grupomedcof.com.br\\\/blog\\\/residencia-medica-scmsp-2024-prova-reagendada-novamente\\\/#primaryimage\"},\"thumbnailUrl\":\"https:\\\/\\\/www.grupomedcof.com.br\\\/blog\\\/wp-content\\\/uploads\\\/2023\\\/12\\\/Blog-MedCof-42.png\",\"keywords\":[\"iscmsp\",\"Provas de Resid\u00eancia\",\"Resid\u00eancia M\u00e9dica\",\"SCMSP\"],\"articleSection\":[\"Not\u00edcias\",\"Resid\u00eancia m\u00e9dica: editais, resultados, temas quentes e mais\"],\"inLanguage\":\"pt-BR\"},{\"@type\":\"WebPage\",\"@id\":\"https:\\\/\\\/www.grupomedcof.com.br\\\/blog\\\/residencia-medica-scmsp-2024-prova-reagendada-novamente\\\/\",\"url\":\"https:\\\/\\\/www.grupomedcof.com.br\\\/blog\\\/residencia-medica-scmsp-2024-prova-reagendada-novamente\\\/\",\"name\":\"Resid\u00eancia M\u00e9dica SCMSP 2024: Prova reagendada novamente - Blog de Medcof: conte\u00fados, editais, revalida e mais!\",\"isPartOf\":{\"@id\":\"https:\\\/\\\/www.grupomedcof.com.br\\\/blog\\\/#website\"},\"primaryImageOfPage\":{\"@id\":\"https:\\\/\\\/www.grupomedcof.com.br\\\/blog\\\/residencia-medica-scmsp-2024-prova-reagendada-novamente\\\/#primaryimage\"},\"image\":{\"@id\":\"https:\\\/\\\/www.grupomedcof.com.br\\\/blog\\\/residencia-medica-scmsp-2024-prova-reagendada-novamente\\\/#primaryimage\"},\"thumbnailUrl\":\"https:\\\/\\\/www.grupomedcof.com.br\\\/blog\\\/wp-content\\\/uploads\\\/2023\\\/12\\\/Blog-MedCof-42.png\",\"datePublished\":\"2023-12-19T18:34:38+00:00\",\"description\":\"Resid\u00eancia M\u00e9dica SCMSP 2024: Um dia ap\u00f3s a retifica\u00e7\u00e3o do edital, aplica\u00e7\u00e3o da prova \u00e9 novamente reagendada, agora para o dia 28 de janeiro.\",\"breadcrumb\":{\"@id\":\"https:\\\/\\\/www.grupomedcof.com.br\\\/blog\\\/residencia-medica-scmsp-2024-prova-reagendada-novamente\\\/#breadcrumb\"},\"inLanguage\":\"pt-BR\",\"potentialAction\":[{\"@type\":\"ReadAction\",\"target\":[\"https:\\\/\\\/www.grupomedcof.com.br\\\/blog\\\/residencia-medica-scmsp-2024-prova-reagendada-novamente\\\/\"]}]},{\"@type\":\"ImageObject\",\"inLanguage\":\"pt-BR\",\"@id\":\"https:\\\/\\\/www.grupomedcof.com.br\\\/blog\\\/residencia-medica-scmsp-2024-prova-reagendada-novamente\\\/#primaryimage\",\"url\":\"https:\\\/\\\/www.grupomedcof.com.br\\\/blog\\\/wp-content\\\/uploads\\\/2023\\\/12\\\/Blog-MedCof-42.png\",\"contentUrl\":\"https:\\\/\\\/www.grupomedcof.com.br\\\/blog\\\/wp-content\\\/uploads\\\/2023\\\/12\\\/Blog-MedCof-42.png\",\"width\":2560,\"height\":1440,\"caption\":\"residencia medica santa casa, santa casa residencia medica, residencia medica santa casa sp, iscmsp resid\u00eancia m\u00e9dica 2023 , irregularidades residencia medica scmsp, prova resid\u00eancia m\u00e9dica scmsp, prova resid\u00eancia m\u00e9dica santa casa de s\u00e3o paulo, o que aconteceu da prova da santa casa, resid\u00eancia m\u00e9dica santa casa de s\u00e3o paulo 2024, instituto mais santa casa 2023, instituto mais, edital residencia medica scmsp, edital residencia medica santa casa sp, prova residencia medica scmsp 2024,\"},{\"@type\":\"BreadcrumbList\",\"@id\":\"https:\\\/\\\/www.grupomedcof.com.br\\\/blog\\\/residencia-medica-scmsp-2024-prova-reagendada-novamente\\\/#breadcrumb\",\"itemListElement\":[{\"@type\":\"ListItem\",\"position\":1,\"name\":\"In\u00edcio\",\"item\":\"https:\\\/\\\/www.grupomedcof.com.br\\\/blog\\\/\"},{\"@type\":\"ListItem\",\"position\":2,\"name\":\"Resid\u00eancia M\u00e9dica SCMSP 2024: Prova reagendada novamente\"}]},{\"@type\":\"WebSite\",\"@id\":\"https:\\\/\\\/www.grupomedcof.com.br\\\/blog\\\/#website\",\"url\":\"https:\\\/\\\/www.grupomedcof.com.br\\\/blog\\\/\",\"name\":\"Blog de Medcof: conte\u00fados, editais, revalida e mais!\",\"description\":\"Acesso o blog de MedCof! Seu portal de conte\u00fados sobre resid\u00eancia m\u00e9dica, an\u00e1lise e editais e muito mais. Clique e confira!\",\"publisher\":{\"@id\":\"https:\\\/\\\/www.grupomedcof.com.br\\\/blog\\\/#organization\"},\"alternateName\":\"Blog de Medcof: conte\u00fados, editais, revalida e mais!\",\"potentialAction\":[{\"@type\":\"SearchAction\",\"target\":{\"@type\":\"EntryPoint\",\"urlTemplate\":\"https:\\\/\\\/www.grupomedcof.com.br\\\/blog\\\/?s={search_term_string}\"},\"query-input\":{\"@type\":\"PropertyValueSpecification\",\"valueRequired\":true,\"valueName\":\"search_term_string\"}}],\"inLanguage\":\"pt-BR\"},{\"@type\":\"Organization\",\"@id\":\"https:\\\/\\\/www.grupomedcof.com.br\\\/blog\\\/#organization\",\"name\":\"Grupo MedCof\",\"url\":\"https:\\\/\\\/www.grupomedcof.com.br\\\/blog\\\/\",\"logo\":{\"@type\":\"ImageObject\",\"inLanguage\":\"pt-BR\",\"@id\":\"https:\\\/\\\/www.grupomedcof.com.br\\\/blog\\\/#\\\/schema\\\/logo\\\/image\\\/\",\"url\":\"https:\\\/\\\/www.grupomedcof.com.br\\\/blog\\\/wp-content\\\/uploads\\\/2022\\\/01\\\/logo-medcof.png\",\"contentUrl\":\"https:\\\/\\\/www.grupomedcof.com.br\\\/blog\\\/wp-content\\\/uploads\\\/2022\\\/01\\\/logo-medcof.png\",\"width\":768,\"height\":269,\"caption\":\"Grupo MedCof\"},\"image\":{\"@id\":\"https:\\\/\\\/www.grupomedcof.com.br\\\/blog\\\/#\\\/schema\\\/logo\\\/image\\\/\"},\"sameAs\":[\"https:\\\/\\\/www.facebook.com\\\/MedCofQbank\\\/\",\"https:\\\/\\\/www.instagram.com\\\/grupomedcof\\\/\",\"https:\\\/\\\/br.linkedin.com\\\/company\\\/medcof\",\"https:\\\/\\\/www.youtube.com\\\/channel\\\/UCdHMuOHKICxcHwecxN8P-AA\"]},{\"@type\":\"Person\",\"@id\":\"https:\\\/\\\/www.grupomedcof.com.br\\\/blog\\\/#\\\/schema\\\/person\\\/1375e0ce724529d7a1d8156ea7f8ceaa\",\"name\":\"J\u00falia Moreira\",\"image\":{\"@type\":\"ImageObject\",\"inLanguage\":\"pt-BR\",\"@id\":\"https:\\\/\\\/www.grupomedcof.com.br\\\/blog\\\/wp-content\\\/uploads\\\/2024\\\/12\\\/cropped-Captura-de-tela-2023-12-15-094946-96x96.png6a0083ac34a0445de97d55fae63a4a41\",\"url\":\"https:\\\/\\\/www.grupomedcof.com.br\\\/blog\\\/wp-content\\\/uploads\\\/2024\\\/12\\\/cropped-Captura-de-tela-2023-12-15-094946-96x96.png\",\"contentUrl\":\"https:\\\/\\\/www.grupomedcof.com.br\\\/blog\\\/wp-content\\\/uploads\\\/2024\\\/12\\\/cropped-Captura-de-tela-2023-12-15-094946-96x96.png\",\"caption\":\"J\u00falia Moreira\"},\"description\":\"Estudante do 8\u00ba semestre de Jornalismo na ECA-USP, f\u00e3 de filmes de terror e m\u00fasica popular sul-coreana.\",\"sameAs\":[\"https:\\\/\\\/www.grupomedcof.com.br\\\/\"],\"url\":\"https:\\\/\\\/www.grupomedcof.com.br\\\/blog\\\/author\\\/julia\\\/\"}]}<\/script>\n<!-- \/ Yoast SEO Premium plugin. -->","yoast_head_json":{"title":"Resid\u00eancia M\u00e9dica SCMSP 2024: Prova reagendada novamente - Blog de Medcof: conte\u00fados, editais, revalida e mais!","description":"Resid\u00eancia M\u00e9dica SCMSP 2024: Um dia ap\u00f3s a retifica\u00e7\u00e3o do edital, aplica\u00e7\u00e3o da prova \u00e9 novamente reagendada, agora para o dia 28 de janeiro.","robots":{"index":"index","follow":"follow","max-snippet":"max-snippet:-1","max-image-preview":"max-image-preview:large","max-video-preview":"max-video-preview:-1"},"canonical":"https:\/\/www.grupomedcof.com.br\/blog\/residencia-medica-scmsp-2024-prova-reagendada-novamente\/","og_locale":"pt_BR","og_type":"article","og_title":"Resid\u00eancia M\u00e9dica SCMSP 2024: Prova reagendada novamente","og_description":"Resid\u00eancia M\u00e9dica SCMSP 2024: Um dia ap\u00f3s a retifica\u00e7\u00e3o do edital, aplica\u00e7\u00e3o da prova \u00e9 novamente reagendada, agora para o dia 28 de janeiro.","og_url":"https:\/\/www.grupomedcof.com.br\/blog\/residencia-medica-scmsp-2024-prova-reagendada-novamente\/","og_site_name":"Blog de Medcof: conte\u00fados, editais, revalida e mais!","article_publisher":"https:\/\/www.facebook.com\/MedCofQbank\/","article_published_time":"2023-12-19T18:34:38+00:00","og_image":[{"width":2560,"height":1440,"url":"https:\/\/www.grupomedcof.com.br\/blog\/wp-content\/uploads\/2023\/12\/Blog-MedCof-42.png","type":"image\/png"}],"author":"J\u00falia Moreira","twitter_card":"summary_large_image","twitter_misc":{"Escrito por":"J\u00falia Moreira","Est. tempo de leitura":"6 minutos"},"schema":{"@context":"https:\/\/schema.org","@graph":[{"@type":"Article","@id":"https:\/\/www.grupomedcof.com.br\/blog\/residencia-medica-scmsp-2024-prova-reagendada-novamente\/#article","isPartOf":{"@id":"https:\/\/www.grupomedcof.com.br\/blog\/residencia-medica-scmsp-2024-prova-reagendada-novamente\/"},"author":{"name":"J\u00falia Moreira","@id":"https:\/\/www.grupomedcof.com.br\/blog\/#\/schema\/person\/1375e0ce724529d7a1d8156ea7f8ceaa"},"headline":"Resid\u00eancia M\u00e9dica SCMSP 2024: Prova reagendada novamente","datePublished":"2023-12-19T18:34:38+00:00","mainEntityOfPage":{"@id":"https:\/\/www.grupomedcof.com.br\/blog\/residencia-medica-scmsp-2024-prova-reagendada-novamente\/"},"wordCount":453,"commentCount":1,"publisher":{"@id":"https:\/\/www.grupomedcof.com.br\/blog\/#organization"},"image":{"@id":"https:\/\/www.grupomedcof.com.br\/blog\/residencia-medica-scmsp-2024-prova-reagendada-novamente\/#primaryimage"},"thumbnailUrl":"https:\/\/www.grupomedcof.com.br\/blog\/wp-content\/uploads\/2023\/12\/Blog-MedCof-42.png","keywords":["iscmsp","Provas de Resid\u00eancia","Resid\u00eancia M\u00e9dica","SCMSP"],"articleSection":["Not\u00edcias","Resid\u00eancia m\u00e9dica: editais, resultados, temas quentes e mais"],"inLanguage":"pt-BR"},{"@type":"WebPage","@id":"https:\/\/www.grupomedcof.com.br\/blog\/residencia-medica-scmsp-2024-prova-reagendada-novamente\/","url":"https:\/\/www.grupomedcof.com.br\/blog\/residencia-medica-scmsp-2024-prova-reagendada-novamente\/","name":"Resid\u00eancia M\u00e9dica SCMSP 2024: Prova reagendada novamente - Blog de Medcof: conte\u00fados, editais, revalida e mais!","isPartOf":{"@id":"https:\/\/www.grupomedcof.com.br\/blog\/#website"},"primaryImageOfPage":{"@id":"https:\/\/www.grupomedcof.com.br\/blog\/residencia-medica-scmsp-2024-prova-reagendada-novamente\/#primaryimage"},"image":{"@id":"https:\/\/www.grupomedcof.com.br\/blog\/residencia-medica-scmsp-2024-prova-reagendada-novamente\/#primaryimage"},"thumbnailUrl":"https:\/\/www.grupomedcof.com.br\/blog\/wp-content\/uploads\/2023\/12\/Blog-MedCof-42.png","datePublished":"2023-12-19T18:34:38+00:00","description":"Resid\u00eancia M\u00e9dica SCMSP 2024: Um dia ap\u00f3s a retifica\u00e7\u00e3o do edital, aplica\u00e7\u00e3o da prova \u00e9 novamente reagendada, agora para o dia 28 de janeiro.","breadcrumb":{"@id":"https:\/\/www.grupomedcof.com.br\/blog\/residencia-medica-scmsp-2024-prova-reagendada-novamente\/#breadcrumb"},"inLanguage":"pt-BR","potentialAction":[{"@type":"ReadAction","target":["https:\/\/www.grupomedcof.com.br\/blog\/residencia-medica-scmsp-2024-prova-reagendada-novamente\/"]}]},{"@type":"ImageObject","inLanguage":"pt-BR","@id":"https:\/\/www.grupomedcof.com.br\/blog\/residencia-medica-scmsp-2024-prova-reagendada-novamente\/#primaryimage","url":"https:\/\/www.grupomedcof.com.br\/blog\/wp-content\/uploads\/2023\/12\/Blog-MedCof-42.png","contentUrl":"https:\/\/www.grupomedcof.com.br\/blog\/wp-content\/uploads\/2023\/12\/Blog-MedCof-42.png","width":2560,"height":1440,"caption":"residencia medica santa casa, santa casa residencia medica, residencia medica santa casa sp, iscmsp resid\u00eancia m\u00e9dica 2023 , irregularidades residencia medica scmsp, prova resid\u00eancia m\u00e9dica scmsp, prova resid\u00eancia m\u00e9dica santa casa de s\u00e3o paulo, o que aconteceu da prova da santa casa, resid\u00eancia m\u00e9dica santa casa de s\u00e3o paulo 2024, instituto mais santa casa 2023, instituto mais, edital residencia medica scmsp, edital residencia medica santa casa sp, prova residencia medica scmsp 2024,"},{"@type":"BreadcrumbList","@id":"https:\/\/www.grupomedcof.com.br\/blog\/residencia-medica-scmsp-2024-prova-reagendada-novamente\/#breadcrumb","itemListElement":[{"@type":"ListItem","position":1,"name":"In\u00edcio","item":"https:\/\/www.grupomedcof.com.br\/blog\/"},{"@type":"ListItem","position":2,"name":"Resid\u00eancia M\u00e9dica SCMSP 2024: Prova reagendada novamente"}]},{"@type":"WebSite","@id":"https:\/\/www.grupomedcof.com.br\/blog\/#website","url":"https:\/\/www.grupomedcof.com.br\/blog\/","name":"Blog de Medcof: conte\u00fados, editais, revalida e mais!","description":"Acesso o blog de MedCof! Seu portal de conte\u00fados sobre resid\u00eancia m\u00e9dica, an\u00e1lise e editais e muito mais. Clique e confira!","publisher":{"@id":"https:\/\/www.grupomedcof.com.br\/blog\/#organization"},"alternateName":"Blog de Medcof: conte\u00fados, editais, revalida e mais!","potentialAction":[{"@type":"SearchAction","target":{"@type":"EntryPoint","urlTemplate":"https:\/\/www.grupomedcof.com.br\/blog\/?s={search_term_string}"},"query-input":{"@type":"PropertyValueSpecification","valueRequired":true,"valueName":"search_term_string"}}],"inLanguage":"pt-BR"},{"@type":"Organization","@id":"https:\/\/www.grupomedcof.com.br\/blog\/#organization","name":"Grupo MedCof","url":"https:\/\/www.grupomedcof.com.br\/blog\/","logo":{"@type":"ImageObject","inLanguage":"pt-BR","@id":"https:\/\/www.grupomedcof.com.br\/blog\/#\/schema\/logo\/image\/","url":"https:\/\/www.grupomedcof.com.br\/blog\/wp-content\/uploads\/2022\/01\/logo-medcof.png","contentUrl":"https:\/\/www.grupomedcof.com.br\/blog\/wp-content\/uploads\/2022\/01\/logo-medcof.png","width":768,"height":269,"caption":"Grupo MedCof"},"image":{"@id":"https:\/\/www.grupomedcof.com.br\/blog\/#\/schema\/logo\/image\/"},"sameAs":["https:\/\/www.facebook.com\/MedCofQbank\/","https:\/\/www.instagram.com\/grupomedcof\/","https:\/\/br.linkedin.com\/company\/medcof","https:\/\/www.youtube.com\/channel\/UCdHMuOHKICxcHwecxN8P-AA"]},{"@type":"Person","@id":"https:\/\/www.grupomedcof.com.br\/blog\/#\/schema\/person\/1375e0ce724529d7a1d8156ea7f8ceaa","name":"J\u00falia Moreira","image":{"@type":"ImageObject","inLanguage":"pt-BR","@id":"https:\/\/www.grupomedcof.com.br\/blog\/wp-content\/uploads\/2024\/12\/cropped-Captura-de-tela-2023-12-15-094946-96x96.png6a0083ac34a0445de97d55fae63a4a41","url":"https:\/\/www.grupomedcof.com.br\/blog\/wp-content\/uploads\/2024\/12\/cropped-Captura-de-tela-2023-12-15-094946-96x96.png","contentUrl":"https:\/\/www.grupomedcof.com.br\/blog\/wp-content\/uploads\/2024\/12\/cropped-Captura-de-tela-2023-12-15-094946-96x96.png","caption":"J\u00falia Moreira"},"description":"Estudante do 8\u00ba semestre de Jornalismo na ECA-USP, f\u00e3 de filmes de terror e m\u00fasica popular sul-coreana.","sameAs":["https:\/\/www.grupomedcof.com.br\/"],"url":"https:\/\/www.grupomedcof.com.br\/blog\/author\/julia\/"}]}},"authors":[{"term_id":3609,"user_id":6,"is_guest":0,"slug":"julia","display_name":"J\u00falia Moreira","avatar_url":"https:\/\/www.grupomedcof.com.br\/blog\/wp-content\/uploads\/2024\/12\/cropped-Captura-de-tela-2023-12-15-094946-96x96.png","0":null,"1":"","2":"","3":"","4":"","5":"","6":"","7":"","8":""}],"_links":{"self":[{"href":"https:\/\/www.grupomedcof.com.br\/blog\/wp-json\/wp\/v2\/posts\/16667","targetHints":{"allow":["GET"]}}],"collection":[{"href":"https:\/\/www.grupomedcof.com.br\/blog\/wp-json\/wp\/v2\/posts"}],"about":[{"href":"https:\/\/www.grupomedcof.com.br\/blog\/wp-json\/wp\/v2\/types\/post"}],"author":[{"embeddable":true,"href":"https:\/\/www.grupomedcof.com.br\/blog\/wp-json\/wp\/v2\/users\/6"}],"replies":[{"embeddable":true,"href":"https:\/\/www.grupomedcof.com.br\/blog\/wp-json\/wp\/v2\/comments?post=16667"}],"version-history":[{"count":0,"href":"https:\/\/www.grupomedcof.com.br\/blog\/wp-json\/wp\/v2\/posts\/16667\/revisions"}],"wp:featuredmedia":[{"embeddable":true,"href":"https:\/\/www.grupomedcof.com.br\/blog\/wp-json\/wp\/v2\/media\/16680"}],"wp:attachment":[{"href":"https:\/\/www.grupomedcof.com.br\/blog\/wp-json\/wp\/v2\/media?parent=16667"}],"wp:term":[{"taxonomy":"category","embeddable":true,"href":"https:\/\/www.grupomedcof.com.br\/blog\/wp-json\/wp\/v2\/categories?post=16667"},{"taxonomy":"post_tag","embeddable":true,"href":"https:\/\/www.grupomedcof.com.br\/blog\/wp-json\/wp\/v2\/tags?post=16667"},{"taxonomy":"author","embeddable":true,"href":"https:\/\/www.grupomedcof.com.br\/blog\/wp-json\/wp\/v2\/ppma_author?post=16667"}],"curies":[{"name":"wp","href":"https:\/\/api.w.org\/{rel}","templated":true}]}}