{"id":1680,"date":"2026-09-02T16:40:16","date_gmt":"2026-09-02T19:40:16","guid":{"rendered":"https:\/\/www.grupomedcof.com.br\/blog\/?p=1680"},"modified":"2026-09-02T16:40:19","modified_gmt":"2026-09-02T19:40:19","slug":"cessacao-de-tabagismo","status":"publish","type":"post","link":"https:\/\/www.grupomedcof.com.br\/blog\/cessacao-de-tabagismo\/","title":{"rendered":"Cessa\u00e7\u00e3o do tabagismo no Enamed: 5 passos do PCDT para n\u00e3o errar na prova"},"content":{"rendered":"\n<figure class=\"wp-block-image is-resized\"><img decoding=\"async\" src=\"https:\/\/www.grupomedcof.com.br\/blog\/wp-content\/uploads\/2022\/08\/Sem-nome-Banner-para-blogue-1-2-1-1-1-768x432.png\" alt=\"tabagismo\" style=\"aspect-ratio:1.7777777777777777;width:768px;height:auto\"\/><\/figure>\n\n\n\n<p class=\"wp-block-paragraph\">\u201cProfessor, eu acertei o rem\u00e9dio e errei a quest\u00e3o.\u201d<\/p>\n\n\n\n<p class=\"wp-block-paragraph\">Essa foi a frase de um aluno meu, durante uma mentoria, depois de cair em uma quest\u00e3o de tabagismo. O caso parecia simples: homem de 52 anos, fumando 25 cigarros por dia, primeiro cigarro dez minutos depois de acordar e duas tentativas anteriores de parar. A pergunta era direta: qual a conduta?<\/p>\n\n\n\n<p class=\"wp-block-paragraph\">Ele marcou \u201ciniciar adesivo de nicotina 21 mg e orientar redu\u00e7\u00e3o progressiva do n\u00famero de cigarros at\u00e9 a cessa\u00e7\u00e3o\u201d.<\/p>\n\n\n\n<p class=\"wp-block-paragraph\">A dose estava certa. Ele sabia que 25 cigarros por dia indicavam adesivo de 21 mg e que aquele paciente apresentava alta depend\u00eancia de nicotina pelo teste de <em>Fagerstr\u00f6m<\/em>. O erro estava em outro lugar: <strong>no momento de iniciar o tratamento.<\/strong><\/p>\n\n\n\n<p class=\"wp-block-paragraph\">A terapia de reposi\u00e7\u00e3o de nicotina come\u00e7a no<strong> dia da cessa\u00e7\u00e3o, <\/strong>e o protocolo brasileiro trabalha com data marcada e parada abrupta, n\u00e3o com redu\u00e7\u00e3o progressiva.<strong> Ele perdeu a quest\u00e3o por causa de um detalhe de timing.<\/strong><\/p>\n\n\n\n<p class=\"wp-block-paragraph\">E esse caso resume bem o que acontece com o tema<strong> tabagismo nas provas de resid\u00eancia e no Enamed<\/strong>. \u00c9 um assunto que parece intuitivo: <strong>orientar a cessa\u00e7\u00e3o, prescrever um adesivo, acompanhar. <\/strong>Justamente por isso, \u00e9 f\u00e1cil estudar de forma superficial.<\/p>\n\n\n\n<p class=\"wp-block-paragraph\">Mas, quando a quest\u00e3o cobra o <strong>Protocolo Cl\u00ednico e Diretrizes Terap\u00eauticas (PCDT) do Tabagismo<\/strong>, n\u00e3o basta saber qual medicamento usar. \u00c9 preciso entender a sequ\u00eancia da decis\u00e3o cl\u00ednica.<\/p>\n\n\n\n<p class=\"wp-block-paragraph\">\u00c9 essa ordem \u2014 e as principais pegadinhas que aparecem no caminho \u2014 que vamos revisar aqui.<\/p>\n\n\n\n<h2 id=\"h-como-funciona-a-cessacao-do-tabagismo-no-pcdt\" class=\"wp-block-heading\"><strong>Como funciona a cessa\u00e7\u00e3o do tabagismo no PCDT?<\/strong><\/h2>\n\n\n\n<p class=\"wp-block-paragraph\">O tratamento do tabagismo no Brasil \u00e9 orientado pelo <strong>Protocolo Cl\u00ednico e Diretrizes Terap\u00eauticas (PCDT) do Tabagismo<\/strong>, publicado por meio da Portaria Conjunta SCTIE\/SAES\/MS n\u00ba 10, de 16 de abril de 2020.<\/p>\n\n\n\n<pre class=\"wp-block-verse\">Um detalhe importante para a prova: n\u00e3o existe um \u201cPCDT 2024\u201d do tabagismo. A refer\u00eancia ao ano de 2024 encontrada em alguns materiais est\u00e1 relacionada \u00e0 edi\u00e7\u00e3o ou disponibiliza\u00e7\u00e3o do conte\u00fado, e n\u00e3o \u00e0 publica\u00e7\u00e3o de um novo protocolo.<\/pre>\n\n\n\n<p class=\"wp-block-paragraph\">A l\u00f3gica do PCDT pode ser organizada em cinco perguntas sucessivas.<\/p>\n\n\n\n<h3 id=\"h-1-o-paciente-esta-motivado-para-parar-de-fumar\" class=\"wp-block-heading\"><strong>1. O paciente est\u00e1 motivado para parar de fumar?<\/strong><\/h3>\n\n\n\n<p class=\"wp-block-paragraph\">Antes de pensar em medicamento, \u00e9 necess\u00e1rio avaliar o est\u00e1gio motivacional do paciente.<\/p>\n\n\n\n<p class=\"wp-block-paragraph\">A abordagem n\u00e3o come\u00e7a pela prescri\u00e7\u00e3o. Come\u00e7a pela identifica\u00e7\u00e3o de quanto o paciente est\u00e1 preparado para interromper o tabagismo e pela constru\u00e7\u00e3o de uma estrat\u00e9gia individualizada para a cessa\u00e7\u00e3o.<\/p>\n\n\n\n<h3 id=\"h-2-qual-e-o-grau-de-dependencia-de-nicotina\" class=\"wp-block-heading\"><strong>2. Qual \u00e9 o grau de depend\u00eancia de nicotina?<\/strong><\/h3>\n\n\n\n<p class=\"wp-block-paragraph\">A segunda etapa \u00e9 quantificar a depend\u00eancia, principalmente por meio do <strong>Teste de Fagerstr\u00f6m para Depend\u00eancia de Nicotina<\/strong>.<\/p>\n\n\n\n<p class=\"wp-block-paragraph\">Aqui, duas informa\u00e7\u00f5es costumam chamar aten\u00e7\u00e3o nas quest\u00f5es: o n\u00famero de cigarros fumados por dia e, especialmente, quanto tempo depois de acordar o paciente fuma o primeiro cigarro.<\/p>\n\n\n\n<h3 id=\"h-3-ha-indicacao-de-farmacoterapia\" class=\"wp-block-heading\"><strong>3. H\u00e1 indica\u00e7\u00e3o de farmacoterapia?<\/strong><\/h3>\n\n\n\n<p class=\"wp-block-paragraph\">Nem todo fumante precisa obrigatoriamente de medicamento.<\/p>\n\n\n\n<p class=\"wp-block-paragraph\">O PCDT estabelece situa\u00e7\u00f5es em que o tratamento comportamental intensivo pode ser realizado isoladamente, especialmente quando a depend\u00eancia \u00e9 menor e n\u00e3o h\u00e1 sintomas importantes de abstin\u00eancia.<\/p>\n\n\n\n<h3 id=\"h-4-qual-tratamento-deve-ser-escolhido\" class=\"wp-block-heading\"><strong>4. Qual tratamento deve ser escolhido?<\/strong><\/h3>\n\n\n\n<p class=\"wp-block-paragraph\">Quando existe indica\u00e7\u00e3o de farmacoterapia, \u00e9 preciso conhecer as op\u00e7\u00f5es dispon\u00edveis no protocolo brasileiro, incluindo a terapia de reposi\u00e7\u00e3o de nicotina e a bupropiona.<\/p>\n\n\n\n<h3 id=\"h-5-quando-o-medicamento-deve-ser-iniciado\" class=\"wp-block-heading\"><strong>5. Quando o medicamento deve ser iniciado?<\/strong><\/h3>\n\n\n\n<p class=\"wp-block-paragraph\">Essa \u00e9 uma das maiores pegadinhas.<\/p>\n\n\n\n<p class=\"wp-block-paragraph\">A TRN come\u00e7a <strong>no dia em que o paciente para de fumar<\/strong>. J\u00e1 a bupropiona pode ser iniciada enquanto o paciente ainda fuma, com a data de cessa\u00e7\u00e3o programada posteriormente.<\/p>\n\n\n\n<p class=\"wp-block-paragraph\">Cinco passos. Uma sequ\u00eancia simples.<\/p>\n\n\n\n<p class=\"wp-block-paragraph\">Mas, em prova, inverter dois deles pode transformar uma prescri\u00e7\u00e3o aparentemente correta em uma resposta errada.<\/p>\n\n\n\n<h2 class=\"wp-block-heading\"><strong>Teste de Fagerstr\u00f6m: como avaliar a depend\u00eancia de nicotina<\/strong><\/h2>\n\n\n\n<p class=\"wp-block-paragraph\">O <strong>Teste de <em>Fagerstr\u00f6m<\/em><\/strong> \u00e9 utilizado para avaliar o grau de depend\u00eancia de nicotina.<\/p>\n\n\n\n<p class=\"wp-block-paragraph\">S\u00e3o seis perguntas, com pontua\u00e7\u00e3o total que varia de 0 a 10.<\/p>\n\n\n\n<p class=\"wp-block-paragraph\">Para o Enamed, vale especialmente memorizar os dois elementos que aparecem com frequ\u00eancia nas quest\u00f5es:<\/p>\n\n\n\n<ul class=\"wp-block-list\">\n<li><strong>Tempo entre acordar e fumar o primeiro cigarro<\/strong>;<\/li>\n\n\n\n<li><strong>N\u00famero de cigarros fumados por dia<\/strong>.<\/li>\n<\/ul>\n\n\n\n<p class=\"wp-block-paragraph\">Quanto mais cedo o primeiro cigarro \u00e9 consumido ap\u00f3s o despertar, maior a sugest\u00e3o de depend\u00eancia.<\/p>\n\n\n\n<p class=\"wp-block-paragraph\">Da mesma forma, um n\u00famero maior de cigarros por dia contribui para uma pontua\u00e7\u00e3o mais elevada.<\/p>\n\n\n\n<p class=\"wp-block-paragraph\">O ponto de corte importante \u00e9 <strong><em>Fagerstr\u00f6m<\/em> \u2265 5<\/strong>, que indica depend\u00eancia relevante e favorece a indica\u00e7\u00e3o de tratamento farmacol\u00f3gico, desde que n\u00e3o haja contraindica\u00e7\u00f5es.<\/p>\n\n\n\n<p class=\"wp-block-paragraph\">Mas existe uma pegadinha interessante: o Fagerstr\u00f6m n\u00e3o deve ser interpretado isoladamente.<\/p>\n\n\n\n<p class=\"wp-block-paragraph\">A indica\u00e7\u00e3o de farmacoterapia tamb\u00e9m considera caracter\u00edsticas cl\u00ednicas, presen\u00e7a de sintomas de abstin\u00eancia, padr\u00e3o de consumo, motiva\u00e7\u00e3o e as condi\u00e7\u00f5es espec\u00edficas estabelecidas pelo protocolo.<\/p>\n\n\n\n<p class=\"wp-block-paragraph\">Portanto, n\u00e3o transforme o teste em uma decis\u00e3o autom\u00e1tica.<\/p>\n\n\n\n<p class=\"wp-block-paragraph\">Use-o como parte do racioc\u00ednio.<\/p>\n\n\n\n<h2 class=\"wp-block-heading\"><strong>Quando indicar farmacoterapia para cessa\u00e7\u00e3o do tabagismo?<\/strong><\/h2>\n\n\n\n<p class=\"wp-block-paragraph\">Essa \u00e9 uma das mudan\u00e7as mais importantes na l\u00f3gica do PCDT de 2020.<\/p>\n\n\n\n<p class=\"wp-block-paragraph\">A farmacoterapia n\u00e3o \u00e9 obrigat\u00f3ria para todo paciente que fuma.<\/p>\n\n\n\n<p class=\"wp-block-paragraph\">O protocolo prioriza o tratamento comportamental intensivo isolado em pacientes que apresentam menor grau de depend\u00eancia, especialmente quando est\u00e3o presentes as seguintes caracter\u00edsticas:<\/p>\n\n\n\n<ul class=\"wp-block-list\">\n<li>Aus\u00eancia de sintomas de abstin\u00eancia;<\/li>\n\n\n\n<li>Consumo de at\u00e9 5 cigarros por dia;<\/li>\n\n\n\n<li>Primeiro cigarro pelo menos 1 hora ap\u00f3s acordar;<\/li>\n\n\n\n<li>Escore de Fagerstr\u00f6m \u2264 4.<\/li>\n<\/ul>\n\n\n\n<p class=\"wp-block-paragraph\">Al\u00e9m disso, o tratamento medicamentoso n\u00e3o deve ser utilizado quando houver contraindica\u00e7\u00e3o ou quando o pr\u00f3prio paciente n\u00e3o desejar utiliz\u00e1-lo.<\/p>\n\n\n\n<p class=\"wp-block-paragraph\">A ideia central \u00e9 simples: <strong>o medicamento \u00e9 uma ferramenta dentro do tratamento, e n\u00e3o o tratamento inteiro<\/strong>.<\/p>\n\n\n\n<p class=\"wp-block-paragraph\">Esse detalhe \u00e9 importante porque quest\u00f5es de prova podem apresentar um paciente com baixo consumo, primeiro cigarro muito tempo ap\u00f3s acordar e aus\u00eancia de abstin\u00eancia e, em seguida, oferecer um medicamento como resposta.<\/p>\n\n\n\n<p class=\"wp-block-paragraph\">Antes de escolher a droga, pergunte:<\/p>\n\n\n\n<p class=\"wp-block-paragraph\"><strong>Esse paciente realmente tem indica\u00e7\u00e3o de farmacoterapia?<\/strong><\/p>\n\n\n\n<p class=\"wp-block-paragraph\">Essa pergunta elimina muitas alternativas.<\/p>\n\n\n\n<h2 class=\"wp-block-heading\"><strong>Tratamento do tabagismo: TRN, bupropiona e medicamentos dispon\u00edveis no SUS<\/strong><\/h2>\n\n\n\n<p class=\"wp-block-paragraph\">Quando a farmacoterapia est\u00e1 indicada, \u00e9 hora de escolher o tratamento.<\/p>\n\n\n\n<p class=\"wp-block-paragraph\">No PCDT brasileiro, a op\u00e7\u00e3o preferencial \u00e9 a <strong>terapia de reposi\u00e7\u00e3o de nicotina combinada<\/strong>, associando:<\/p>\n\n\n\n<ul class=\"wp-block-list\">\n<li>Adesivo transd\u00e9rmico de nicotina;<\/li>\n\n\n\n<li>Goma de mascar ou pastilha de nicotina.<\/li>\n<\/ul>\n\n\n\n<p class=\"wp-block-paragraph\">O adesivo pode ser utilizado nas apresenta\u00e7\u00f5es de 7 mg, 14 mg e 21 mg, enquanto goma e pastilha s\u00e3o disponibilizadas na dose de 2 mg.<\/p>\n\n\n\n<p class=\"wp-block-paragraph\">A associa\u00e7\u00e3o permite manter uma oferta basal de nicotina pelo adesivo e utilizar a forma de a\u00e7\u00e3o mais r\u00e1pida para controlar sintomas de abstin\u00eancia e fissura.<\/p>\n\n\n\n<h3 class=\"wp-block-heading\"><strong>E a bupropiona?<\/strong><\/h3>\n\n\n\n<p class=\"wp-block-paragraph\">A bupropiona \u00e9 outra op\u00e7\u00e3o farmacol\u00f3gica prevista no tratamento.<\/p>\n\n\n\n<p class=\"wp-block-paragraph\">No esquema apresentado pelo protocolo, utiliza-se bupropiona de libera\u00e7\u00e3o prolongada 150 mg.<\/p>\n\n\n\n<p class=\"wp-block-paragraph\">A administra\u00e7\u00e3o come\u00e7a com:<\/p>\n\n\n\n<ul class=\"wp-block-list\">\n<li>Dias 1 a 3: 150 mg pela manh\u00e3;<\/li>\n\n\n\n<li>A partir do 4\u00ba dia: 150 mg pela manh\u00e3 + 150 mg aproximadamente 8 horas depois;<\/li>\n\n\n\n<li>A segunda dose n\u00e3o deve ser tomada ap\u00f3s as 16 horas.<\/li>\n<\/ul>\n\n\n\n<p class=\"wp-block-paragraph\">Em pessoas com mais de 65 anos ou com altera\u00e7\u00f5es renal ou hep\u00e1tica, o esquema pode exigir redu\u00e7\u00e3o para 150 mg ao dia.<\/p>\n\n\n\n<p class=\"wp-block-paragraph\">O comprimido deve ser engolido inteiro.<\/p>\n\n\n\n<h3 class=\"wp-block-heading\"><strong>Quais s\u00e3o as contraindica\u00e7\u00f5es da bupropiona?<\/strong><\/h3>\n\n\n\n<p class=\"wp-block-paragraph\">Esse \u00e9 um ponto que merece aten\u00e7\u00e3o em quest\u00f5es cl\u00ednicas.<\/p>\n\n\n\n<p class=\"wp-block-paragraph\">Entre as contraindica\u00e7\u00f5es e situa\u00e7\u00f5es de cautela destacadas pelo protocolo e pelos materiais oficiais est\u00e3o:<\/p>\n\n\n\n<ul class=\"wp-block-list\">\n<li>Epilepsia;<\/li>\n\n\n\n<li>Hist\u00f3ria de convuls\u00e3o febril na inf\u00e2ncia;<\/li>\n\n\n\n<li>Tumor do sistema nervoso central;<\/li>\n\n\n\n<li>Traumatismo cranioencef\u00e1lico pr\u00e9vio;<\/li>\n\n\n\n<li>Altera\u00e7\u00f5es eletroencefalogr\u00e1ficas;<\/li>\n\n\n\n<li>Uso de inibidores da monoaminoxidase (IMAOs), respeitando o intervalo recomendado;<\/li>\n\n\n\n<li>Anorexia ou bulimia;<\/li>\n\n\n\n<li>Situa\u00e7\u00f5es de abstin\u00eancia de \u00e1lcool ou benzodiazep\u00ednicos.<\/li>\n<\/ul>\n\n\n\n<p class=\"wp-block-paragraph\">Em caso de d\u00favida, a hist\u00f3ria cl\u00ednica importa tanto quanto o diagn\u00f3stico principal apresentado no enunciado.<\/p>\n\n\n\n<h3 class=\"wp-block-heading\"><strong>E a vareniclina?<\/strong><\/h3>\n\n\n\n<p class=\"wp-block-paragraph\">A vareniclina n\u00e3o faz parte das op\u00e7\u00f5es disponibilizadas pelo SUS no protocolo brasileiro citado. Por isso, uma quest\u00e3o que pergunte especificamente sobre o tratamento disponibilizado no SUS exige aten\u00e7\u00e3o ao contexto.<\/p>\n\n\n\n<p class=\"wp-block-paragraph\">N\u00e3o basta saber qual medicamento existe na literatura internacional. \u00c9 preciso saber <strong>qual medicamento faz parte do protocolo brasileiro<\/strong>.<\/p>\n\n\n\n<h2 class=\"wp-block-heading\"><strong>Quando iniciar a terapia de reposi\u00e7\u00e3o de nicotina e a bupropiona?<\/strong><\/h2>\n\n\n\n<p class=\"wp-block-paragraph\">Agora chegamos ao ponto que derrubou meu aluno.<\/p>\n\n\n\n<p class=\"wp-block-paragraph\">O racioc\u00ednio fica muito mais f\u00e1cil se voc\u00ea separar os dois medicamentos.<\/p>\n\n\n\n<h3 class=\"wp-block-heading\"><strong>Terapia de reposi\u00e7\u00e3o de nicotina<\/strong><\/h3>\n\n\n\n<p class=\"wp-block-paragraph\">A TRN deve ser iniciada <strong>no dia em que o paciente parar de fumar<\/strong>.<\/p>\n\n\n\n<p class=\"wp-block-paragraph\">Ou seja:<\/p>\n\n\n\n<p class=\"wp-block-paragraph\"><strong>fumando \u2192 define a data de cessa\u00e7\u00e3o \u2192 para de fumar \u2192 inicia a TRN.<\/strong><\/p>\n\n\n\n<p class=\"wp-block-paragraph\">A terapia de reposi\u00e7\u00e3o de nicotina n\u00e3o deve ser utilizada concomitantemente ao consumo de cigarros ou outros produtos de tabaco dentro da estrat\u00e9gia apresentada pelo protocolo.<\/p>\n\n\n\n<p class=\"wp-block-paragraph\">Por isso, se o enunciado disser que o paciente ainda est\u00e1 fumando e perguntar quando iniciar o adesivo, a resposta est\u00e1 na pr\u00f3pria sequ\u00eancia do tratamento.<\/p>\n\n\n\n<p class=\"wp-block-paragraph\">N\u00e3o \u00e9 para come\u00e7ar o adesivo enquanto ele continua fumando.<\/p>\n\n\n\n<h3 class=\"wp-block-heading\"><strong>Bupropiona<\/strong><\/h3>\n\n\n\n<p class=\"wp-block-paragraph\">Com a bupropiona, a l\u00f3gica \u00e9 diferente.<\/p>\n\n\n\n<p class=\"wp-block-paragraph\">Ela pode ser iniciada <strong>enquanto o paciente ainda est\u00e1 fumando<\/strong>.<\/p>\n\n\n\n<p class=\"wp-block-paragraph\">O paciente come\u00e7a o medicamento e estabelece uma data para parar de fumar, geralmente no <strong>8\u00ba dia<\/strong>, conforme a orienta\u00e7\u00e3o apresentada pelo INCA.<\/p>\n\n\n\n<p class=\"wp-block-paragraph\">\u00c9 justamente essa diferen\u00e7a que costuma aparecer em quest\u00f5es:<\/p>\n\n\n\n<figure class=\"wp-block-table\"><table class=\"has-fixed-layout\"><tbody><tr><td><strong>Tratamento<\/strong><\/td><td><strong>Quando iniciar?<\/strong><\/td><\/tr><tr><td>TRN<\/td><td>No dia em que parar de fumar<\/td><\/tr><tr><td>Bupropiona<\/td><td>Antes da cessa\u00e7\u00e3o, enquanto ainda fuma<\/td><\/tr><\/tbody><\/table><\/figure>\n\n\n\n<p class=\"wp-block-paragraph\">Uma forma simples de memorizar:<\/p>\n\n\n\n<p class=\"wp-block-paragraph\"><strong>TRN acompanha o dia da parada. Bupropiona vem antes.<\/strong><\/p>\n\n\n\n<p class=\"wp-block-paragraph\">E aten\u00e7\u00e3o a outro detalhe: o intervalo de 8 a 14 dias encontrado em algumas fontes est\u00e1 relacionado \u00e0s informa\u00e7\u00f5es de bula da bupropiona. Para a l\u00f3gica cobrada no PCDT e nos materiais do INCA, o marco utilizado \u00e9 o <strong>8\u00ba dia<\/strong>.<\/p>\n\n\n\n<h2 class=\"wp-block-heading\"><strong>Cessa\u00e7\u00e3o do tabagismo em gestantes, adolescentes e pacientes cardiopatas<\/strong><\/h2>\n\n\n\n<p class=\"wp-block-paragraph\">Alguns grupos exigem aten\u00e7\u00e3o especial porque a conduta pode mudar.<\/p>\n\n\n\n<h3 class=\"wp-block-heading\"><strong>Tabagismo na gesta\u00e7\u00e3o: qual a conduta segundo o PCDT?<\/strong><\/h3>\n\n\n\n<p class=\"wp-block-paragraph\">Em gestantes e lactantes, a orienta\u00e7\u00e3o do PCDT \u00e9 priorizar a tentativa de cessa\u00e7\u00e3o <strong>sem medicamentos<\/strong>.<\/p>\n\n\n\n<p class=\"wp-block-paragraph\">A abordagem comportamental deve ser valorizada, considerando os riscos do tabagismo e a avalia\u00e7\u00e3o individual da paciente.<\/p>\n\n\n\n<h3 class=\"wp-block-heading\"><strong>Tratamento do tabagismo em menores de 18 anos<\/strong><\/h3>\n\n\n\n<p class=\"wp-block-paragraph\">Para menores de 18 anos, a abordagem deve ser predominantemente comportamental.<\/p>\n\n\n\n<p class=\"wp-block-paragraph\">O tratamento farmacol\u00f3gico n\u00e3o \u00e9 indicado de rotina nessa popula\u00e7\u00e3o dentro da abordagem apresentada pelo protocolo.<\/p>\n\n\n\n<h3 class=\"wp-block-heading\"><strong>Terapia de reposi\u00e7\u00e3o de nicotina em pacientes cardiopatas<\/strong><\/h3>\n\n\n\n<p class=\"wp-block-paragraph\">Doen\u00e7a cardiovascular est\u00e1vel n\u00e3o significa contraindica\u00e7\u00e3o autom\u00e1tica \u00e0 terapia de reposi\u00e7\u00e3o de nicotina.<\/p>\n\n\n\n<p class=\"wp-block-paragraph\">A avalia\u00e7\u00e3o deve considerar o quadro cl\u00ednico.<\/p>\n\n\n\n<p class=\"wp-block-paragraph\">Por outro lado, recomenda-se evitar a utiliza\u00e7\u00e3o da TRN nas primeiras duas semanas ap\u00f3s um evento cardiovascular agudo.<\/p>\n\n\n\n<p class=\"wp-block-paragraph\">A pegadinha aqui \u00e9 transformar \u201ccardiopatia\u201d em contraindica\u00e7\u00e3o absoluta.<\/p>\n\n\n\n<p class=\"wp-block-paragraph\">N\u00e3o \u00e9.<\/p>\n\n\n\n<h3 class=\"wp-block-heading\"><strong>Tratamento do tabagismo em pacientes com transtornos psiqui\u00e1tricos<\/strong><\/h3>\n\n\n\n<p class=\"wp-block-paragraph\">Pacientes com transtornos psiqui\u00e1tricos tamb\u00e9m devem receber tratamento para cessa\u00e7\u00e3o do tabagismo.<\/p>\n\n\n\n<p class=\"wp-block-paragraph\">A presen\u00e7a de um transtorno psiqui\u00e1trico n\u00e3o \u00e9 motivo para simplesmente excluir o paciente do tratamento.<\/p>\n\n\n\n<p class=\"wp-block-paragraph\">A avalia\u00e7\u00e3o deve ser individualizada, considerando o quadro cl\u00ednico, as medica\u00e7\u00f5es utilizadas e as contraindica\u00e7\u00f5es espec\u00edficas de cada op\u00e7\u00e3o terap\u00eautica.<\/p>\n\n\n\n<h3 class=\"wp-block-heading\"><strong>Cigarro eletr\u00f4nico ajuda a parar de fumar?<\/strong><\/h3>\n\n\n\n<p class=\"wp-block-paragraph\">Aqui \u00e9 preciso separar duas coisas: <strong>evid\u00eancia cient\u00edfica internacional<\/strong> e <strong>conduta dentro do contexto brasileiro<\/strong>.<\/p>\n\n\n\n<p class=\"wp-block-paragraph\">No Brasil, os dispositivos eletr\u00f4nicos para fumar permanecem proibidos pela Anvisa, conforme a regulamenta\u00e7\u00e3o vigente.<\/p>\n\n\n\n<p class=\"wp-block-paragraph\">Al\u00e9m disso, dentro da l\u00f3gica do PCDT brasileiro, o cigarro eletr\u00f4nico n\u00e3o \u00e9 apresentado como m\u00e9todo de cessa\u00e7\u00e3o do tabagismo.<\/p>\n\n\n\n<p class=\"wp-block-paragraph\">Portanto, em uma quest\u00e3o que cobre o protocolo brasileiro, n\u00e3o transforme automaticamente resultados de estudos internacionais em recomenda\u00e7\u00e3o terap\u00eautica nacional.<\/p>\n\n\n\n<p class=\"wp-block-paragraph\">Essa \u00e9 uma diferen\u00e7a importante entre conhecer a literatura e saber responder uma quest\u00e3o de prova.<\/p>\n\n\n\n<h2 class=\"wp-block-heading\"><strong>Reca\u00edda, lapso e dura\u00e7\u00e3o do tratamento do tabagismo<\/strong><\/h2>\n\n\n\n<p class=\"wp-block-paragraph\">Parar de fumar n\u00e3o significa que o tratamento terminou.<\/p>\n\n\n\n<p class=\"wp-block-paragraph\">\u00c9 importante diferenciar <strong>lapso<\/strong> de <strong>reca\u00edda<\/strong>.<\/p>\n\n\n\n<p class=\"wp-block-paragraph\">O lapso corresponde a um epis\u00f3dio isolado de consumo de cigarro depois da tentativa de cessa\u00e7\u00e3o.<\/p>\n\n\n\n<p class=\"wp-block-paragraph\">A reca\u00edda, por outro lado, representa o retorno ao padr\u00e3o anterior de consumo.<\/p>\n\n\n\n<p class=\"wp-block-paragraph\">Essa diferen\u00e7a n\u00e3o \u00e9 apenas sem\u00e2ntica.<\/p>\n\n\n\n<p class=\"wp-block-paragraph\">Um lapso n\u00e3o significa que todo o tratamento fracassou. Ele deve ser abordado como uma oportunidade para identificar os fatores que levaram ao consumo e refor\u00e7ar as estrat\u00e9gias de preven\u00e7\u00e3o de reca\u00edda.<\/p>\n\n\n\n<p class=\"wp-block-paragraph\">Outro ponto que aparece em quest\u00f5es \u00e9 a dura\u00e7\u00e3o do tratamento farmacol\u00f3gico.<\/p>\n\n\n\n<p class=\"wp-block-paragraph\">Em geral, o tratamento medicamentoso \u00e9 realizado por aproximadamente <strong>12 semanas<\/strong>, associado ao acompanhamento cl\u00ednico.<\/p>\n\n\n\n<p class=\"wp-block-paragraph\">E existe ainda uma consequ\u00eancia frequentemente esquecida: o ganho de peso.<\/p>\n\n\n\n<p class=\"wp-block-paragraph\">Ap\u00f3s a cessa\u00e7\u00e3o, o ganho m\u00e9dio de peso pode ficar em torno de <strong>4 a 5 kg ao longo de 12 meses<\/strong>.<\/p>\n\n\n\n<p class=\"wp-block-paragraph\">Isso n\u00e3o deve ser utilizado como argumento para adiar a cessa\u00e7\u00e3o.<\/p>\n\n\n\n<p class=\"wp-block-paragraph\">O acompanhamento \u00e9 parte essencial do processo.<\/p>\n\n\n\n<h2 id=\"h-como-resolver-uma-questao-de-tabagismo-no-enamed\" class=\"wp-block-heading\"><strong>Como resolver uma quest\u00e3o de tabagismo no Enamed?<\/strong><\/h2>\n\n\n\n<p class=\"wp-block-paragraph\">Voltemos \u00e0 quest\u00e3o do meu aluno.<\/p>\n\n\n\n<ul class=\"wp-block-list\">\n<li>Homem de 52 anos.<\/li>\n\n\n\n<li>25 cigarros por dia.<\/li>\n\n\n\n<li>Primeiro cigarro 10 minutos depois de acordar.<\/li>\n\n\n\n<li>Duas tentativas anteriores.<\/li>\n\n\n\n<li>Ele apresenta forte evid\u00eancia de depend\u00eancia de nicotina.<\/li>\n<\/ul>\n\n\n\n<p class=\"wp-block-paragraph\">Ent\u00e3o, vamos seguir os cinco degraus.<\/p>\n\n\n\n<p class=\"wp-block-paragraph\"><strong>1. Motiva\u00e7\u00e3o:<\/strong><strong><br><\/strong>Ele j\u00e1 tentou parar anteriormente, portanto \u00e9 necess\u00e1rio avaliar seu est\u00e1gio motivacional e trabalhar a estrat\u00e9gia de cessa\u00e7\u00e3o.<\/p>\n\n\n\n<p class=\"wp-block-paragraph\"><strong>2. Depend\u00eancia:<\/strong><strong><br><\/strong>O consumo elevado e o primeiro cigarro poucos minutos ap\u00f3s acordar apontam para depend\u00eancia importante.<\/p>\n\n\n\n<p class=\"wp-block-paragraph\"><strong>3. Farmacoterapia:<\/strong><strong><br><\/strong>H\u00e1 indica\u00e7\u00e3o de tratamento farmacol\u00f3gico, desde que n\u00e3o existam contraindica\u00e7\u00f5es.<\/p>\n\n\n\n<p class=\"wp-block-paragraph\"><strong>4. Escolha do tratamento:<\/strong><strong><br><\/strong>Uma das principais op\u00e7\u00f5es \u00e9 a TRN combinada, com adesivo associado \u00e0 goma ou pastilha de nicotina. A bupropiona tamb\u00e9m \u00e9 uma alternativa.<\/p>\n\n\n\n<p class=\"wp-block-paragraph\"><strong>5. Momento de iniciar:<\/strong><strong><br><\/strong>Se a escolha for TRN, ela come\u00e7a <strong>no dia em que o paciente parar de fumar<\/strong>.<\/p>\n\n\n\n<p class=\"wp-block-paragraph\">Foi aqui que meu aluno errou.<\/p>\n\n\n\n<p class=\"wp-block-paragraph\">Ele acertou o rem\u00e9dio.<\/p>\n\n\n\n<p class=\"wp-block-paragraph\">Errou o tempo.<\/p>\n\n\n\n<p class=\"wp-block-paragraph\">E \u00e9 exatamente esse tipo de detalhe que transforma uma quest\u00e3o aparentemente simples em uma quest\u00e3o de protocolo.<\/p>\n\n\n\n<p class=\"wp-block-paragraph\">A grande li\u00e7\u00e3o n\u00e3o \u00e9 decorar que \u201cadesivo de nicotina \u00e9 21 mg\u201d.<\/p>\n\n\n\n<p class=\"wp-block-paragraph\">\u00c9 saber construir o caminho:<\/p>\n\n\n\n<p class=\"wp-block-paragraph\"><strong>depend\u00eancia \u2192 indica\u00e7\u00e3o \u2192 tratamento \u2192 data de cessa\u00e7\u00e3o \u2192 in\u00edcio do medicamento.<\/strong><\/p>\n\n\n\n<p class=\"wp-block-paragraph\">Cinco degraus.<\/p>\n\n\n\n<p class=\"wp-block-paragraph\">Nenhum deles exige que voc\u00ea seja brilhante. Todos exigem que voc\u00ea seja ordenado.<\/p>\n\n\n\n<p class=\"wp-block-paragraph\">Continue saindo do lugar-comum.<\/p>\n\n\n\n<h2 class=\"wp-block-heading\"><strong>Acompanhe o \u2018Fala, Cavarzan<\/strong>\u2018<\/h2>\n\n\n\n<p class=\"wp-block-paragraph\">O que separa o candidato mediano de quem domina a prova \u00e9 o direcionamento t\u00e1tico. Se voc\u00ea quer receber&nbsp;<strong>engenharia reversa de bancas, estrat\u00e9gias de estudo<\/strong>&nbsp;que funcionam na rotina real e&nbsp;<strong>an\u00e1lises cl\u00ednicas<\/strong>&nbsp;direto na sua caixa de entrada, assine a newsletter&nbsp;<strong>Fala, Cavarzan<\/strong>.<\/p>\n\n\n\n<p class=\"wp-block-paragraph\">Escrita pelo Dr. Mateus Cavarzan, \u00e9 o espa\u00e7o onde a gente discute o que realmente impacta o seu plant\u00e3o e o seu edital \u2014 sem enrola\u00e7\u00e3o e direto ao ponto.<\/p>\n\n\n\n<div class=\"wp-block-buttons is-content-justification-center is-layout-flex wp-container-core-buttons-is-layout-fe48e5de wp-block-buttons-is-layout-flex\">\n<div class=\"wp-block-button\"><a class=\"wp-block-button__link wp-element-button\" href=\"https:\/\/mentoria.grupomedcof.com.br\/fala-cavarzan?clientId=&amp;utm_campaign=outros-continua-captacao-base&amp;utm_medium=social&amp;utm_source=plataforma#https:\/\/mentoria.grupomedcof.com.br\" target=\"_blank\" rel=\"noopener\">Inscreva-se aqui!<\/a><\/div>\n<\/div>\n","protected":false},"excerpt":{"rendered":"<p>Cessa\u00e7\u00e3o do tabagismo no Enamed: veja os 5 passos do PCDT, Fagerstr\u00f6m, farmacoterapia, TRN, bupropiona e principais pegadinhas.<\/p>\n","protected":false},"author":44,"featured_media":1681,"comment_status":"open","ping_status":"open","sticky":false,"template":"","format":"standard","meta":{"footnotes":""},"categories":[3992],"tags":[4577,805,134,4580,4578],"ppma_author":[3633],"class_list":["post-1680","post","type-post","status-publish","format-standard","has-post-thumbnail","category-coluna-singular","tag-nicotina","tag-sus","tag-tabagismo","tag-terapia-de-reposicao-de-nicotina","tag-teste-de-fagerstrom"],"yoast_head":"<!-- This site is optimized with the Yoast SEO Premium plugin v28.1 (Yoast SEO v28.4) - https:\/\/yoast.com\/product\/yoast-seo-premium-wordpress\/ -->\n<title>Cessa\u00e7\u00e3o do Tabagismo no Enamed: PCDT e 5 Passos<\/title>\n<meta name=\"description\" content=\"Cessa\u00e7\u00e3o do tabagismo no Enamed: veja os 5 passos do PCDT, Fagerstr\u00f6m, farmacoterapia, TRN, bupropiona e principais pegadinhas.\" \/>\n<meta name=\"robots\" content=\"index, follow, max-snippet:-1, max-image-preview:large, max-video-preview:-1\" \/>\n<link rel=\"canonical\" href=\"https:\/\/www.grupomedcof.com.br\/blog\/cessacao-de-tabagismo\/\" \/>\n<meta property=\"og:locale\" content=\"pt_BR\" \/>\n<meta property=\"og:type\" content=\"article\" \/>\n<meta property=\"og:title\" content=\"Cessa\u00e7\u00e3o do tabagismo no Enamed: 5 passos do PCDT para n\u00e3o errar na prova\" \/>\n<meta property=\"og:description\" content=\"Cessa\u00e7\u00e3o do tabagismo no Enamed: veja os 5 passos do PCDT, Fagerstr\u00f6m, farmacoterapia, TRN, bupropiona e principais pegadinhas.\" \/>\n<meta property=\"og:url\" content=\"https:\/\/www.grupomedcof.com.br\/blog\/cessacao-de-tabagismo\/\" \/>\n<meta property=\"og:site_name\" content=\"Blog de Medcof: conte\u00fados, editais, revalida e mais!\" \/>\n<meta property=\"article:publisher\" content=\"https:\/\/www.facebook.com\/MedCofQbank\/\" \/>\n<meta property=\"article:published_time\" content=\"2026-09-02T19:40:16+00:00\" \/>\n<meta property=\"article:modified_time\" content=\"2026-09-02T19:40:19+00:00\" \/>\n<meta property=\"og:image\" content=\"https:\/\/www.grupomedcof.com.br\/blog\/wp-content\/uploads\/2022\/08\/Sem-nome-Banner-para-blogue-1-2-1-1-1.png\" \/>\n\t<meta property=\"og:image:width\" content=\"2240\" \/>\n\t<meta property=\"og:image:height\" content=\"1260\" \/>\n\t<meta property=\"og:image:type\" content=\"image\/png\" \/>\n<meta name=\"author\" content=\"Dr. Mateus Cavarzan\" \/>\n<meta name=\"twitter:card\" content=\"summary_large_image\" \/>\n<meta name=\"twitter:label1\" content=\"Escrito por\" \/>\n\t<meta name=\"twitter:data1\" content=\"Dr. Mateus Cavarzan\" \/>\n\t<meta name=\"twitter:label2\" content=\"Est. tempo de leitura\" \/>\n\t<meta name=\"twitter:data2\" content=\"13 minutos\" \/>\n<script type=\"application\/ld+json\" class=\"yoast-schema-graph\">{\"@context\":\"https:\\\/\\\/schema.org\",\"@graph\":[{\"@type\":\"Article\",\"@id\":\"https:\\\/\\\/www.grupomedcof.com.br\\\/blog\\\/cessacao-de-tabagismo\\\/#article\",\"isPartOf\":{\"@id\":\"https:\\\/\\\/www.grupomedcof.com.br\\\/blog\\\/cessacao-de-tabagismo\\\/\"},\"author\":{\"name\":\"Dr. Mateus Cavarzan\",\"@id\":\"https:\\\/\\\/www.grupomedcof.com.br\\\/blog\\\/#\\\/schema\\\/person\\\/c1be82962b249cd0f66ae70202f9fad2\"},\"headline\":\"Cessa\u00e7\u00e3o do tabagismo no Enamed: 5 passos do PCDT para n\u00e3o errar na prova\",\"datePublished\":\"2026-09-02T19:40:16+00:00\",\"dateModified\":\"2026-09-02T19:40:19+00:00\",\"mainEntityOfPage\":{\"@id\":\"https:\\\/\\\/www.grupomedcof.com.br\\\/blog\\\/cessacao-de-tabagismo\\\/\"},\"wordCount\":2431,\"commentCount\":0,\"publisher\":{\"@id\":\"https:\\\/\\\/www.grupomedcof.com.br\\\/blog\\\/#organization\"},\"image\":{\"@id\":\"https:\\\/\\\/www.grupomedcof.com.br\\\/blog\\\/cessacao-de-tabagismo\\\/#primaryimage\"},\"thumbnailUrl\":\"https:\\\/\\\/www.grupomedcof.com.br\\\/blog\\\/wp-content\\\/uploads\\\/2022\\\/08\\\/Sem-nome-Banner-para-blogue-1-2-1-1-1.png\",\"keywords\":[\"Nicotina\",\"SUS\",\"tabagismo\",\"Terapia de reposi\u00e7\u00e3o de nicotina\",\"Teste de Fagerstr\u00f6m\"],\"articleSection\":[\"Coluna Singular\"],\"inLanguage\":\"pt-BR\"},{\"@type\":\"WebPage\",\"@id\":\"https:\\\/\\\/www.grupomedcof.com.br\\\/blog\\\/cessacao-de-tabagismo\\\/\",\"url\":\"https:\\\/\\\/www.grupomedcof.com.br\\\/blog\\\/cessacao-de-tabagismo\\\/\",\"name\":\"Cessa\u00e7\u00e3o do Tabagismo no Enamed: PCDT e 5 Passos\",\"isPartOf\":{\"@id\":\"https:\\\/\\\/www.grupomedcof.com.br\\\/blog\\\/#website\"},\"primaryImageOfPage\":{\"@id\":\"https:\\\/\\\/www.grupomedcof.com.br\\\/blog\\\/cessacao-de-tabagismo\\\/#primaryimage\"},\"image\":{\"@id\":\"https:\\\/\\\/www.grupomedcof.com.br\\\/blog\\\/cessacao-de-tabagismo\\\/#primaryimage\"},\"thumbnailUrl\":\"https:\\\/\\\/www.grupomedcof.com.br\\\/blog\\\/wp-content\\\/uploads\\\/2022\\\/08\\\/Sem-nome-Banner-para-blogue-1-2-1-1-1.png\",\"datePublished\":\"2026-09-02T19:40:16+00:00\",\"dateModified\":\"2026-09-02T19:40:19+00:00\",\"description\":\"Cessa\u00e7\u00e3o do tabagismo no Enamed: veja os 5 passos do PCDT, Fagerstr\u00f6m, farmacoterapia, TRN, bupropiona e principais pegadinhas.\",\"breadcrumb\":{\"@id\":\"https:\\\/\\\/www.grupomedcof.com.br\\\/blog\\\/cessacao-de-tabagismo\\\/#breadcrumb\"},\"inLanguage\":\"pt-BR\",\"potentialAction\":[{\"@type\":\"ReadAction\",\"target\":[\"https:\\\/\\\/www.grupomedcof.com.br\\\/blog\\\/cessacao-de-tabagismo\\\/\"]}]},{\"@type\":\"ImageObject\",\"inLanguage\":\"pt-BR\",\"@id\":\"https:\\\/\\\/www.grupomedcof.com.br\\\/blog\\\/cessacao-de-tabagismo\\\/#primaryimage\",\"url\":\"https:\\\/\\\/www.grupomedcof.com.br\\\/blog\\\/wp-content\\\/uploads\\\/2022\\\/08\\\/Sem-nome-Banner-para-blogue-1-2-1-1-1.png\",\"contentUrl\":\"https:\\\/\\\/www.grupomedcof.com.br\\\/blog\\\/wp-content\\\/uploads\\\/2022\\\/08\\\/Sem-nome-Banner-para-blogue-1-2-1-1-1.png\",\"width\":2240,\"height\":1260,\"caption\":\"tabagismo\"},{\"@type\":\"BreadcrumbList\",\"@id\":\"https:\\\/\\\/www.grupomedcof.com.br\\\/blog\\\/cessacao-de-tabagismo\\\/#breadcrumb\",\"itemListElement\":[{\"@type\":\"ListItem\",\"position\":1,\"name\":\"In\u00edcio\",\"item\":\"https:\\\/\\\/www.grupomedcof.com.br\\\/blog\\\/\"},{\"@type\":\"ListItem\",\"position\":2,\"name\":\"Cessa\u00e7\u00e3o do tabagismo no Enamed: 5 passos do PCDT para n\u00e3o errar na prova\"}]},{\"@type\":\"WebSite\",\"@id\":\"https:\\\/\\\/www.grupomedcof.com.br\\\/blog\\\/#website\",\"url\":\"https:\\\/\\\/www.grupomedcof.com.br\\\/blog\\\/\",\"name\":\"Blog de Medcof: conte\u00fados, editais, revalida e mais!\",\"description\":\"Acesso o blog de MedCof! Seu portal de conte\u00fados sobre resid\u00eancia m\u00e9dica, an\u00e1lise e editais e muito mais. Clique e confira!\",\"publisher\":{\"@id\":\"https:\\\/\\\/www.grupomedcof.com.br\\\/blog\\\/#organization\"},\"alternateName\":\"Blog de Medcof: conte\u00fados, editais, revalida e mais!\",\"potentialAction\":[{\"@type\":\"SearchAction\",\"target\":{\"@type\":\"EntryPoint\",\"urlTemplate\":\"https:\\\/\\\/www.grupomedcof.com.br\\\/blog\\\/?s={search_term_string}\"},\"query-input\":{\"@type\":\"PropertyValueSpecification\",\"valueRequired\":true,\"valueName\":\"search_term_string\"}}],\"inLanguage\":\"pt-BR\"},{\"@type\":\"Organization\",\"@id\":\"https:\\\/\\\/www.grupomedcof.com.br\\\/blog\\\/#organization\",\"name\":\"Grupo MedCof\",\"url\":\"https:\\\/\\\/www.grupomedcof.com.br\\\/blog\\\/\",\"logo\":{\"@type\":\"ImageObject\",\"inLanguage\":\"pt-BR\",\"@id\":\"https:\\\/\\\/www.grupomedcof.com.br\\\/blog\\\/#\\\/schema\\\/logo\\\/image\\\/\",\"url\":\"https:\\\/\\\/www.grupomedcof.com.br\\\/blog\\\/wp-content\\\/uploads\\\/2022\\\/01\\\/logo-medcof.png\",\"contentUrl\":\"https:\\\/\\\/www.grupomedcof.com.br\\\/blog\\\/wp-content\\\/uploads\\\/2022\\\/01\\\/logo-medcof.png\",\"width\":768,\"height\":269,\"caption\":\"Grupo MedCof\"},\"image\":{\"@id\":\"https:\\\/\\\/www.grupomedcof.com.br\\\/blog\\\/#\\\/schema\\\/logo\\\/image\\\/\"},\"sameAs\":[\"https:\\\/\\\/www.facebook.com\\\/MedCofQbank\\\/\",\"https:\\\/\\\/www.instagram.com\\\/grupomedcof\\\/\",\"https:\\\/\\\/br.linkedin.com\\\/company\\\/medcof\",\"https:\\\/\\\/www.youtube.com\\\/channel\\\/UCdHMuOHKICxcHwecxN8P-AA\"]},{\"@type\":\"Person\",\"@id\":\"https:\\\/\\\/www.grupomedcof.com.br\\\/blog\\\/#\\\/schema\\\/person\\\/c1be82962b249cd0f66ae70202f9fad2\",\"name\":\"Dr. Mateus Cavarzan\",\"image\":{\"@type\":\"ImageObject\",\"inLanguage\":\"pt-BR\",\"@id\":\"https:\\\/\\\/www.grupomedcof.com.br\\\/blog\\\/wp-content\\\/uploads\\\/2026\\\/05\\\/Foto-Perfil-e1779887474682.jpega7f1ae869238d2af139afc81507f78e0\",\"url\":\"https:\\\/\\\/www.grupomedcof.com.br\\\/blog\\\/wp-content\\\/uploads\\\/2026\\\/05\\\/Foto-Perfil-e1779887474682.jpeg\",\"contentUrl\":\"https:\\\/\\\/www.grupomedcof.com.br\\\/blog\\\/wp-content\\\/uploads\\\/2026\\\/05\\\/Foto-Perfil-e1779887474682.jpeg\",\"caption\":\"Dr. Mateus Cavarzan\"},\"description\":\"Sou Mateus Cavarzan, m\u00e9dico reumatologista formado pela USP-SP \u2014 apaixonado por l\u00fapus e mentor para a prova de resid\u00eancia. Voc\u00ea me acompanha tamb\u00e9m no Instagram (@mateuscavarzan) e no TikTok (@mateuscavarzan). CRM: 199884 | RQE Cl\u00ednica M\u00e9dica: 109195 | RQE Reumatologia: 109196\",\"sameAs\":[\"https:\\\/\\\/www.instagram.com\\\/mentoriasingular\\\/\"],\"url\":\"https:\\\/\\\/www.grupomedcof.com.br\\\/blog\\\/author\\\/mateus\\\/\"}]}<\/script>\n<!-- \/ Yoast SEO Premium plugin. -->","yoast_head_json":{"title":"Cessa\u00e7\u00e3o do Tabagismo no Enamed: PCDT e 5 Passos","description":"Cessa\u00e7\u00e3o do tabagismo no Enamed: veja os 5 passos do PCDT, Fagerstr\u00f6m, farmacoterapia, TRN, bupropiona e principais pegadinhas.","robots":{"index":"index","follow":"follow","max-snippet":"max-snippet:-1","max-image-preview":"max-image-preview:large","max-video-preview":"max-video-preview:-1"},"canonical":"https:\/\/www.grupomedcof.com.br\/blog\/cessacao-de-tabagismo\/","og_locale":"pt_BR","og_type":"article","og_title":"Cessa\u00e7\u00e3o do tabagismo no Enamed: 5 passos do PCDT para n\u00e3o errar na prova","og_description":"Cessa\u00e7\u00e3o do tabagismo no Enamed: veja os 5 passos do PCDT, Fagerstr\u00f6m, farmacoterapia, TRN, bupropiona e principais pegadinhas.","og_url":"https:\/\/www.grupomedcof.com.br\/blog\/cessacao-de-tabagismo\/","og_site_name":"Blog de Medcof: conte\u00fados, editais, revalida e mais!","article_publisher":"https:\/\/www.facebook.com\/MedCofQbank\/","article_published_time":"2026-09-02T19:40:16+00:00","article_modified_time":"2026-09-02T19:40:19+00:00","og_image":[{"width":2240,"height":1260,"url":"https:\/\/www.grupomedcof.com.br\/blog\/wp-content\/uploads\/2022\/08\/Sem-nome-Banner-para-blogue-1-2-1-1-1.png","type":"image\/png"}],"author":"Dr. Mateus Cavarzan","twitter_card":"summary_large_image","twitter_misc":{"Escrito por":"Dr. Mateus Cavarzan","Est. tempo de leitura":"13 minutos"},"schema":{"@context":"https:\/\/schema.org","@graph":[{"@type":"Article","@id":"https:\/\/www.grupomedcof.com.br\/blog\/cessacao-de-tabagismo\/#article","isPartOf":{"@id":"https:\/\/www.grupomedcof.com.br\/blog\/cessacao-de-tabagismo\/"},"author":{"name":"Dr. Mateus Cavarzan","@id":"https:\/\/www.grupomedcof.com.br\/blog\/#\/schema\/person\/c1be82962b249cd0f66ae70202f9fad2"},"headline":"Cessa\u00e7\u00e3o do tabagismo no Enamed: 5 passos do PCDT para n\u00e3o errar na prova","datePublished":"2026-09-02T19:40:16+00:00","dateModified":"2026-09-02T19:40:19+00:00","mainEntityOfPage":{"@id":"https:\/\/www.grupomedcof.com.br\/blog\/cessacao-de-tabagismo\/"},"wordCount":2431,"commentCount":0,"publisher":{"@id":"https:\/\/www.grupomedcof.com.br\/blog\/#organization"},"image":{"@id":"https:\/\/www.grupomedcof.com.br\/blog\/cessacao-de-tabagismo\/#primaryimage"},"thumbnailUrl":"https:\/\/www.grupomedcof.com.br\/blog\/wp-content\/uploads\/2022\/08\/Sem-nome-Banner-para-blogue-1-2-1-1-1.png","keywords":["Nicotina","SUS","tabagismo","Terapia de reposi\u00e7\u00e3o de nicotina","Teste de Fagerstr\u00f6m"],"articleSection":["Coluna Singular"],"inLanguage":"pt-BR"},{"@type":"WebPage","@id":"https:\/\/www.grupomedcof.com.br\/blog\/cessacao-de-tabagismo\/","url":"https:\/\/www.grupomedcof.com.br\/blog\/cessacao-de-tabagismo\/","name":"Cessa\u00e7\u00e3o do Tabagismo no Enamed: PCDT e 5 Passos","isPartOf":{"@id":"https:\/\/www.grupomedcof.com.br\/blog\/#website"},"primaryImageOfPage":{"@id":"https:\/\/www.grupomedcof.com.br\/blog\/cessacao-de-tabagismo\/#primaryimage"},"image":{"@id":"https:\/\/www.grupomedcof.com.br\/blog\/cessacao-de-tabagismo\/#primaryimage"},"thumbnailUrl":"https:\/\/www.grupomedcof.com.br\/blog\/wp-content\/uploads\/2022\/08\/Sem-nome-Banner-para-blogue-1-2-1-1-1.png","datePublished":"2026-09-02T19:40:16+00:00","dateModified":"2026-09-02T19:40:19+00:00","description":"Cessa\u00e7\u00e3o do tabagismo no Enamed: veja os 5 passos do PCDT, Fagerstr\u00f6m, farmacoterapia, TRN, bupropiona e principais pegadinhas.","breadcrumb":{"@id":"https:\/\/www.grupomedcof.com.br\/blog\/cessacao-de-tabagismo\/#breadcrumb"},"inLanguage":"pt-BR","potentialAction":[{"@type":"ReadAction","target":["https:\/\/www.grupomedcof.com.br\/blog\/cessacao-de-tabagismo\/"]}]},{"@type":"ImageObject","inLanguage":"pt-BR","@id":"https:\/\/www.grupomedcof.com.br\/blog\/cessacao-de-tabagismo\/#primaryimage","url":"https:\/\/www.grupomedcof.com.br\/blog\/wp-content\/uploads\/2022\/08\/Sem-nome-Banner-para-blogue-1-2-1-1-1.png","contentUrl":"https:\/\/www.grupomedcof.com.br\/blog\/wp-content\/uploads\/2022\/08\/Sem-nome-Banner-para-blogue-1-2-1-1-1.png","width":2240,"height":1260,"caption":"tabagismo"},{"@type":"BreadcrumbList","@id":"https:\/\/www.grupomedcof.com.br\/blog\/cessacao-de-tabagismo\/#breadcrumb","itemListElement":[{"@type":"ListItem","position":1,"name":"In\u00edcio","item":"https:\/\/www.grupomedcof.com.br\/blog\/"},{"@type":"ListItem","position":2,"name":"Cessa\u00e7\u00e3o do tabagismo no Enamed: 5 passos do PCDT para n\u00e3o errar na prova"}]},{"@type":"WebSite","@id":"https:\/\/www.grupomedcof.com.br\/blog\/#website","url":"https:\/\/www.grupomedcof.com.br\/blog\/","name":"Blog de Medcof: conte\u00fados, editais, revalida e mais!","description":"Acesso o blog de MedCof! Seu portal de conte\u00fados sobre resid\u00eancia m\u00e9dica, an\u00e1lise e editais e muito mais. Clique e confira!","publisher":{"@id":"https:\/\/www.grupomedcof.com.br\/blog\/#organization"},"alternateName":"Blog de Medcof: conte\u00fados, editais, revalida e mais!","potentialAction":[{"@type":"SearchAction","target":{"@type":"EntryPoint","urlTemplate":"https:\/\/www.grupomedcof.com.br\/blog\/?s={search_term_string}"},"query-input":{"@type":"PropertyValueSpecification","valueRequired":true,"valueName":"search_term_string"}}],"inLanguage":"pt-BR"},{"@type":"Organization","@id":"https:\/\/www.grupomedcof.com.br\/blog\/#organization","name":"Grupo MedCof","url":"https:\/\/www.grupomedcof.com.br\/blog\/","logo":{"@type":"ImageObject","inLanguage":"pt-BR","@id":"https:\/\/www.grupomedcof.com.br\/blog\/#\/schema\/logo\/image\/","url":"https:\/\/www.grupomedcof.com.br\/blog\/wp-content\/uploads\/2022\/01\/logo-medcof.png","contentUrl":"https:\/\/www.grupomedcof.com.br\/blog\/wp-content\/uploads\/2022\/01\/logo-medcof.png","width":768,"height":269,"caption":"Grupo MedCof"},"image":{"@id":"https:\/\/www.grupomedcof.com.br\/blog\/#\/schema\/logo\/image\/"},"sameAs":["https:\/\/www.facebook.com\/MedCofQbank\/","https:\/\/www.instagram.com\/grupomedcof\/","https:\/\/br.linkedin.com\/company\/medcof","https:\/\/www.youtube.com\/channel\/UCdHMuOHKICxcHwecxN8P-AA"]},{"@type":"Person","@id":"https:\/\/www.grupomedcof.com.br\/blog\/#\/schema\/person\/c1be82962b249cd0f66ae70202f9fad2","name":"Dr. Mateus Cavarzan","image":{"@type":"ImageObject","inLanguage":"pt-BR","@id":"https:\/\/www.grupomedcof.com.br\/blog\/wp-content\/uploads\/2026\/05\/Foto-Perfil-e1779887474682.jpega7f1ae869238d2af139afc81507f78e0","url":"https:\/\/www.grupomedcof.com.br\/blog\/wp-content\/uploads\/2026\/05\/Foto-Perfil-e1779887474682.jpeg","contentUrl":"https:\/\/www.grupomedcof.com.br\/blog\/wp-content\/uploads\/2026\/05\/Foto-Perfil-e1779887474682.jpeg","caption":"Dr. Mateus Cavarzan"},"description":"Sou Mateus Cavarzan, m\u00e9dico reumatologista formado pela USP-SP \u2014 apaixonado por l\u00fapus e mentor para a prova de resid\u00eancia. Voc\u00ea me acompanha tamb\u00e9m no Instagram (@mateuscavarzan) e no TikTok (@mateuscavarzan). CRM: 199884 | RQE Cl\u00ednica M\u00e9dica: 109195 | RQE Reumatologia: 109196","sameAs":["https:\/\/www.instagram.com\/mentoriasingular\/"],"url":"https:\/\/www.grupomedcof.com.br\/blog\/author\/mateus\/"}]}},"authors":[{"term_id":3633,"user_id":44,"is_guest":0,"slug":"mateus","display_name":"Dr. Mateus Cavarzan","avatar_url":{"url":"https:\/\/www.grupomedcof.com.br\/blog\/wp-content\/uploads\/2026\/05\/Foto-Perfil-e1779887474682.jpeg","url2x":"https:\/\/www.grupomedcof.com.br\/blog\/wp-content\/uploads\/2026\/05\/Foto-Perfil-e1779887474682.jpeg"},"0":null,"1":"","2":"","3":"","4":"","5":"","6":"","7":"","8":""}],"_links":{"self":[{"href":"https:\/\/www.grupomedcof.com.br\/blog\/wp-json\/wp\/v2\/posts\/1680","targetHints":{"allow":["GET"]}}],"collection":[{"href":"https:\/\/www.grupomedcof.com.br\/blog\/wp-json\/wp\/v2\/posts"}],"about":[{"href":"https:\/\/www.grupomedcof.com.br\/blog\/wp-json\/wp\/v2\/types\/post"}],"author":[{"embeddable":true,"href":"https:\/\/www.grupomedcof.com.br\/blog\/wp-json\/wp\/v2\/users\/44"}],"replies":[{"embeddable":true,"href":"https:\/\/www.grupomedcof.com.br\/blog\/wp-json\/wp\/v2\/comments?post=1680"}],"version-history":[{"count":1,"href":"https:\/\/www.grupomedcof.com.br\/blog\/wp-json\/wp\/v2\/posts\/1680\/revisions"}],"predecessor-version":[{"id":48806,"href":"https:\/\/www.grupomedcof.com.br\/blog\/wp-json\/wp\/v2\/posts\/1680\/revisions\/48806"}],"wp:featuredmedia":[{"embeddable":true,"href":"https:\/\/www.grupomedcof.com.br\/blog\/wp-json\/wp\/v2\/media\/1681"}],"wp:attachment":[{"href":"https:\/\/www.grupomedcof.com.br\/blog\/wp-json\/wp\/v2\/media?parent=1680"}],"wp:term":[{"taxonomy":"category","embeddable":true,"href":"https:\/\/www.grupomedcof.com.br\/blog\/wp-json\/wp\/v2\/categories?post=1680"},{"taxonomy":"post_tag","embeddable":true,"href":"https:\/\/www.grupomedcof.com.br\/blog\/wp-json\/wp\/v2\/tags?post=1680"},{"taxonomy":"author","embeddable":true,"href":"https:\/\/www.grupomedcof.com.br\/blog\/wp-json\/wp\/v2\/ppma_author?post=1680"}],"curies":[{"name":"wp","href":"https:\/\/api.w.org\/{rel}","templated":true}]}}