{"id":16914,"date":"2023-12-29T13:19:26","date_gmt":"2023-12-29T16:19:26","guid":{"rendered":"https:\/\/www.grupomedcof.com.br\/blog\/?p=16914"},"modified":"2024-07-01T13:40:06","modified_gmt":"2024-07-01T16:40:06","slug":"aprenda-a-diferenciar-os-estudos-epidemiologicos","status":"publish","type":"post","link":"https:\/\/www.grupomedcof.com.br\/blog\/aprenda-a-diferenciar-os-estudos-epidemiologicos\/","title":{"rendered":"Aprenda a diferenciar os estudos epidemiol\u00f3gicos!"},"content":{"rendered":"<div id=\"ez-toc-container\" class=\"ez-toc-v2_0_74 counter-hierarchy ez-toc-counter ez-toc-transparent ez-toc-container-direction\">\n<div class=\"ez-toc-title-container\">\n<p class=\"ez-toc-title\" style=\"cursor:inherit\">Sum\u00e1rio<\/p>\n<span class=\"ez-toc-title-toggle\"><a href=\"#\" class=\"ez-toc-pull-right ez-toc-btn ez-toc-btn-xs ez-toc-btn-default ez-toc-toggle\" aria-label=\"Alternar tabela de conte\u00fado\"><span class=\"ez-toc-js-icon-con\"><span class=\"\"><span class=\"eztoc-hide\" style=\"display:none;\">Toggle<\/span><span class=\"ez-toc-icon-toggle-span\"><svg style=\"fill: #999;color:#999\" xmlns=\"http:\/\/www.w3.org\/2000\/svg\" class=\"list-377408\" width=\"20px\" height=\"20px\" viewBox=\"0 0 24 24\" fill=\"none\"><path d=\"M6 6H4v2h2V6zm14 0H8v2h12V6zM4 11h2v2H4v-2zm16 0H8v2h12v-2zM4 16h2v2H4v-2zm16 0H8v2h12v-2z\" fill=\"currentColor\"><\/path><\/svg><svg style=\"fill: #999;color:#999\" class=\"arrow-unsorted-368013\" xmlns=\"http:\/\/www.w3.org\/2000\/svg\" width=\"10px\" height=\"10px\" viewBox=\"0 0 24 24\" version=\"1.2\" baseProfile=\"tiny\"><path d=\"M18.2 9.3l-6.2-6.3-6.2 6.3c-.2.2-.3.4-.3.7s.1.5.3.7c.2.2.4.3.7.3h11c.3 0 .5-.1.7-.3.2-.2.3-.5.3-.7s-.1-.5-.3-.7zM5.8 14.7l6.2 6.3 6.2-6.3c.2-.2.3-.5.3-.7s-.1-.5-.3-.7c-.2-.2-.4-.3-.7-.3h-11c-.3 0-.5.1-.7.3-.2.2-.3.5-.3.7s.1.5.3.7z\"\/><\/svg><\/span><\/span><\/span><\/a><\/span><\/div>\n<nav><ul class='ez-toc-list ez-toc-list-level-1 ' ><li class='ez-toc-page-1 ez-toc-heading-level-2'><a class=\"ez-toc-link ez-toc-heading-1\" href=\"https:\/\/www.grupomedcof.com.br\/blog\/aprenda-a-diferenciar-os-estudos-epidemiologicos\/#Estudo_Ecologico_Agregado\" >Estudo Ecol\u00f3gico Agregado:<\/a><\/li><li class='ez-toc-page-1 ez-toc-heading-level-2'><a class=\"ez-toc-link ez-toc-heading-2\" href=\"https:\/\/www.grupomedcof.com.br\/blog\/aprenda-a-diferenciar-os-estudos-epidemiologicos\/#Estudo_de_Coorte\" >Estudo de Coorte<\/a><\/li><li class='ez-toc-page-1 ez-toc-heading-level-2'><a class=\"ez-toc-link ez-toc-heading-3\" href=\"https:\/\/www.grupomedcof.com.br\/blog\/aprenda-a-diferenciar-os-estudos-epidemiologicos\/#Estudo_de_Caso_controle\" >Estudo de Caso controle<\/a><\/li><li class='ez-toc-page-1 ez-toc-heading-level-2'><a class=\"ez-toc-link ez-toc-heading-4\" href=\"https:\/\/www.grupomedcof.com.br\/blog\/aprenda-a-diferenciar-os-estudos-epidemiologicos\/#Qual_a_diferenca_entre_estudo_de_corte_e_caso-controle\" >Qual a diferen\u00e7a entre estudo de corte e caso-controle?<\/a><\/li><li class='ez-toc-page-1 ez-toc-heading-level-2'><a class=\"ez-toc-link ez-toc-heading-5\" href=\"https:\/\/www.grupomedcof.com.br\/blog\/aprenda-a-diferenciar-os-estudos-epidemiologicos\/#Ensaio_Clinico\" >Ensaio Cl\u00ednico<\/a><\/li><li class='ez-toc-page-1 ez-toc-heading-level-2'><a class=\"ez-toc-link ez-toc-heading-6\" href=\"https:\/\/www.grupomedcof.com.br\/blog\/aprenda-a-diferenciar-os-estudos-epidemiologicos\/#Aprenda_a_diferenciar_os_estudos_epidemiologicos\" >Aprenda a diferenciar os estudos epidemiol\u00f3gicos!<\/a><\/li><li class='ez-toc-page-1 ez-toc-heading-level-2'><a class=\"ez-toc-link ez-toc-heading-7\" href=\"https:\/\/www.grupomedcof.com.br\/blog\/aprenda-a-diferenciar-os-estudos-epidemiologicos\/#Saiba_mais_sobre_o_assunto\" >Saiba mais sobre o assunto<\/a><\/li><li class='ez-toc-page-1 ez-toc-heading-level-2'><a class=\"ez-toc-link ez-toc-heading-8\" href=\"https:\/\/www.grupomedcof.com.br\/blog\/aprenda-a-diferenciar-os-estudos-epidemiologicos\/#Codigo_da_aprovacao\" >C\u00f3digo da aprova\u00e7\u00e3o<\/a><\/li><\/ul><\/nav><\/div>\n<p><img loading=\"lazy\" decoding=\"async\" width=\"800\" height=\"450\" src=\"https:\/\/www.grupomedcof.com.br\/blog\/wp-content\/uploads\/2023\/12\/Blog-MedCof-76-1024x576.png\" alt=\"tipos de estudo epidemiologico, estudo epidemiol\u00f3gico, tipos de estudos epidemiol\u00f3gicos, Estudo de Coorte, Estudo Ecol\u00f3gico Agregado, estudos epidemiol\u00f3gicos, Qual a diferen\u00e7a entre estudo de corte e caso-controle, estudos epidemiologicos,\" srcset=\"https:\/\/www.grupomedcof.com.br\/blog\/wp-content\/uploads\/2023\/12\/Blog-MedCof-76-1024x576.png 1024w, https:\/\/www.grupomedcof.com.br\/blog\/wp-content\/uploads\/2023\/12\/Blog-MedCof-76-300x169.png 300w, https:\/\/www.grupomedcof.com.br\/blog\/wp-content\/uploads\/2023\/12\/Blog-MedCof-76-768x432.png 768w, https:\/\/www.grupomedcof.com.br\/blog\/wp-content\/uploads\/2023\/12\/Blog-MedCof-76-1536x864.png 1536w, https:\/\/www.grupomedcof.com.br\/blog\/wp-content\/uploads\/2023\/12\/Blog-MedCof-76-2048x1152.png 2048w\" sizes=\"auto, (max-width: 800px) 100vw, 800px\" \/>\t\t\t\t\t\t\t\t\t\t\t\t\t\t\t<\/p>\n<p>\n\n\n<\/p>\n<p>Aprenda a diferenciar os estudos epidemiol\u00f3gicos: Se voc\u00ea j\u00e1 est\u00e1 cansado de escutar que preventiva \u00e9 o<a href=\"https:\/\/www.grupomedcof.com.br\/blog\/residencia-medica-usp-o-que-estudar\/\" target=\"_blank\" rel=\"noopener\"><strong> que mais cai<\/strong> <\/a>na sua prova de resid\u00eancia, mas voc\u00ea ainda vive se confundido com os temas fundamentais nessa grande \u00e1rea, leia at\u00e9 o final.<\/p>\n<p>\n\n\n<\/p>\n<p>\n\n\n<\/p>\n<p>\n\n\n<\/p>\n<p>\n\n\n<\/p>\n<p>\n\n\n<h4>Saiba mais<\/h4>\n<p><a href=\"https:\/\/site.grupomedcof.com.br\/lead\/cod6-blog\" target=\"_blank\" rel=\"noopener\"><br \/><img loading=\"lazy\" decoding=\"async\" src=\"https:\/\/www.grupomedcof.com.br\/blog\/wp-content\/uploads\/2023\/12\/Data-corrigida-1024x294.png\" sizes=\"auto, (max-width: 800px) 100vw, 800px\" srcset=\"https:\/\/www.grupomedcof.com.br\/blog\/wp-content\/uploads\/2023\/12\/Data-corrigida-1024x294.png 1024w, https:\/\/www.grupomedcof.com.br\/blog\/wp-content\/uploads\/2023\/12\/Data-corrigida-300x86.png 300w, https:\/\/www.grupomedcof.com.br\/blog\/wp-content\/uploads\/2023\/12\/Data-corrigida-768x221.png 768w, https:\/\/www.grupomedcof.com.br\/blog\/wp-content\/uploads\/2023\/12\/Data-corrigida-1536x442.png 1536w, https:\/\/www.grupomedcof.com.br\/blog\/wp-content\/uploads\/2023\/12\/Data-corrigida.png 1920w\" alt=\"medcof, medcof academy, hiit medcof, medcof derma, medcof hiit, medcof extensivo, medcof revalida\" width=\"800\" height=\"230\" \/> <\/a><\/p>\n<h2 id=\"h-estudo-ecologico-agregado\" style=\"font-family: Poppins, sans-serif; color: #7a7a7a;\"><span class=\"ez-toc-section\" id=\"Estudo_Ecologico_Agregado\"><\/span>Estudo Ecol\u00f3gico Agregado:<span class=\"ez-toc-section-end\"><\/span><\/h2>\n<p>O estudo ecol\u00f3gico agregado examina\u00a0rela\u00e7\u00f5es entre vari\u00e1veis populacionais, mas\u00a0N\u00c3O\u00a0fornece conclus\u00f5es individuais.<\/p>\n<p>Assim, esse tipo de estudo pode ser \u00fatil na avalia\u00e7\u00e3o de\u00a0tend\u00eancias de sa\u00fade\u00a0em n\u00edvel populacional, contudo\u00a0n\u00e3o podem estabelecer rela\u00e7\u00f5es de causa e efeito entre vari\u00e1veis, quando isso ocorre chamamos de\u00a0fal\u00e1cia ecol\u00f3gica.<\/p>\n<h2 id=\"h-estudo-de-coorte\"><span class=\"ez-toc-section\" id=\"Estudo_de_Coorte\"><\/span><strong>Estudo de Coorte<\/strong><span class=\"ez-toc-section-end\"><\/span><\/h2>\n<p><!-- \/wp:post-content --><\/p>\n<p><!-- wp:paragraph --><\/p>\n<p>Os estudos de coorte <strong>acompanham<\/strong> grupos de indiv\u00edduos a<strong>o longo do tempo<\/strong> para analisar a <strong>exposi\u00e7\u00e3o e o desenvolvimento de doen\u00e7a.<\/strong> Desse modo, ele \u00e9 importante na identifica\u00e7\u00e3o de fatores de risco e sua rela\u00e7\u00e3o com doen\u00e7as.<\/p>\n<p><!-- \/wp:paragraph --><\/p>\n<p><!-- wp:paragraph --><\/p>\n<p>A vantagem dos estudos de coorte \u00e9 a capacidade de analisar a temporalidade entre exposi\u00e7\u00e3o e resultado, permitindo infer\u00eancias mais fortes de causalidade.<\/p>\n<p><!-- \/wp:paragraph --><\/p>\n<p><!-- wp:paragraph --><\/p>\n<p>A medida de associa\u00e7\u00e3o \u00e9 o <strong>Risco Relativo (RR):<\/strong> Compara a incid\u00eancia de um evento em um grupo exposto a um fator de risco com a incid\u00eancia em um grupo n\u00e3o exposto (Risco de Incid\u00eancia no Grupo exposto) \/ (Risco de Incid\u00eancia no n\u00e3o exposto).<\/p>\n<p><!-- \/wp:paragraph --><\/p>\n<p><!-- wp:list --><\/p>\n<ul>\n<li style=\"list-style-type: none;\">\n<ul><!-- wp:list-item --><\/ul>\n<\/li>\n<\/ul>\n<ul>\n<li style=\"list-style-type: none;\">\n<ul>\n<li><strong>RR &gt; 1:<\/strong> indica um risco aumentado associado \u00e0 exposi\u00e7\u00e3o.<\/li>\n<\/ul>\n<\/li>\n<\/ul>\n<p><!-- \/wp:list-item --><\/p>\n<p><!-- wp:list-item --><\/p>\n<ul>\n<li style=\"list-style-type: none;\">\n<ul>\n<li><strong>RR = 1:<\/strong> n\u00e3o h\u00e1 diferen\u00e7a no risco entre os grupos.<\/li>\n<\/ul>\n<\/li>\n<\/ul>\n<p><!-- \/wp:list-item --><\/p>\n<p><!-- wp:list-item --><\/p>\n<ul>\n<li style=\"list-style-type: none;\">\n<ul>\n<li><strong>RR &lt; 1:<\/strong> sugere um risco reduzido associado \u00e0 exposi\u00e7\u00e3o.<\/li>\n<\/ul>\n<\/li>\n<\/ul>\n<h2 id=\"h-estudo-de-caso-controle\" style=\"font-family: Poppins, sans-serif; color: #7a7a7a;\"><span class=\"ez-toc-section\" id=\"Estudo_de_Caso_controle\"><\/span><strong>Estudo de Caso controle<\/strong><span class=\"ez-toc-section-end\"><\/span><\/h2>\n<p>Os estudos de caso-controle comparam indiv\u00edduos com uma doen\u00e7a (casos) com aqueles sem a doen\u00e7a (controles) para identificar exposi\u00e7\u00f5es associadas \u00e0 enfermidade.<\/p>\n<p>Embora os estudos de caso-controle s\u00e3o excelentes para identificar associa\u00e7\u00f5es, eles t\u00eam limita\u00e7\u00f5es na capacidade de estabelecer causalidade devido \u00e0 natureza retrospectiva e potencial para vi\u00e9s. Sendo assim, ele \u00e9 particularmente \u00fatil quando voc\u00ea deseja investigar v\u00e1rias exposi\u00e7\u00f5es potenciais que podem estar relacionadas a uma doen\u00e7a.<\/p>\n<p>Vi\u00e9s de Sele\u00e7\u00e3o e de Mem\u00f3ria:\u00a0Os estudos de caso-controle podem ser suscet\u00edveis a vi\u00e9s de sele\u00e7\u00e3o (se a sele\u00e7\u00e3o de casos e controles n\u00e3o for representativa da popula\u00e7\u00e3o original) e vi\u00e9s de mem\u00f3ria (quando os casos se lembram ou relatam suas exposi\u00e7\u00f5es de maneira diferente dos controles).<\/p>\n<p>A medida de associa\u00e7\u00e3o \u00e9 o\u00a0Odds Ratio (OR):\u00a0Semelhante ao RR, mas frequentemente usado em estudos de caso-controle. OR = (Odds de ocorr\u00eancia no Grupo de Tratamento) \/ (Odds de ocorr\u00eancia no Grupo Controle).<\/p>\n<h2 style=\"font-family: Poppins, sans-serif; color: #7a7a7a;\"><span class=\"ez-toc-section\" id=\"Qual_a_diferenca_entre_estudo_de_corte_e_caso-controle\"><\/span><strong>Qual a diferen\u00e7a entre estudo de corte e caso-controle?<\/strong><span class=\"ez-toc-section-end\"><\/span><\/h2>\n<p>N\u00e3o confunda mais<\/p>\n<p>Estudo de Caso-Controle:<\/p>\n<ul>\n<li>Compara casos (indiv\u00edduos com a doen\u00e7a) com controles (indiv\u00edduos sem a doen\u00e7a).<\/li>\n<li style=\"font-size: 16px;\">\u00c9 retrospectivo, analisando exposi\u00e7\u00f5es passadas.<\/li>\n<li>Eficiente para doen\u00e7as raras ou com longos per\u00edodos de lat\u00eancia.<\/li>\n<li>Calcula Odds Ratio para medir associa\u00e7\u00e3o.<\/li>\n<li>Potencial para vi\u00e9s de sele\u00e7\u00e3o e mem\u00f3ria.<\/li>\n<\/ul>\n<p>Estudo de Coorte:<\/p>\n<ul>\n<li>Acompanha grupos de indiv\u00edduos ao longo do tempo.<\/li>\n<li>Pode ser prospectivo (acompanhamento a partir do presente) ou retrospectivo (an\u00e1lise de registros passados).<\/li>\n<li>Identifica exposi\u00e7\u00e3o e observa o desenvolvimento da doen\u00e7a.<\/li>\n<li>Eficiente para calcular incid\u00eancia e risco relativo.<\/li>\n<li>Minimiza vi\u00e9s de mem\u00f3ria.<\/li>\n<\/ul>\n<ul>\n<li>Permite avaliar temporalidade entre exposi\u00e7\u00e3o e doen\u00e7a, E Mais forte para estabelecer causalidade.<\/li>\n<\/ul>\n<h2 style=\"font-family: Poppins, sans-serif; color: #7a7a7a;\"><span class=\"ez-toc-section\" id=\"Ensaio_Clinico\"><\/span><strong>Ensaio Cl\u00ednico<\/strong><span class=\"ez-toc-section-end\"><\/span><\/h2>\n<p>Os ensaios cl\u00ednicos avaliam a efic\u00e1cia e seguran\u00e7a de interven\u00e7\u00f5es em grupos de indiv\u00edduos. Dessa forma, esses estudos s\u00e3o considerados o\u00a0padr\u00e3o-ouro para avaliar a efic\u00e1cia de tratamentos,\u00a0entretanto, a aleatoriza\u00e7\u00e3o \u00e9 essencial para minimizar vi\u00e9s.<\/p>\n<ul>\n<li><em><strong>Limitado para estabelecer causalidade.<\/strong><\/em><!-- notionvc: 17fac9fd-5014-4395-aa85-f9be0bd22287 --><\/li>\n<\/ul>\n<p>Portanto, preste aten\u00e7\u00e3o em algumas medidas de associa\u00e7\u00e3o<\/p>\n<p>N\u00famero Necess\u00e1rio para Tratar (NNT):\u00a0Indica quantos pacientes precisam ser tratados para evitar um evento indesejado. \u00c9 uma medida importante para entender o impacto cl\u00ednico da interven\u00e7\u00e3o.<\/p>\n<p>Risco Relativo (RR):\u00a0Compara a taxa de incid\u00eancia de um evento em um grupo de tratamento com a taxa em um grupo controle. RR = (Taxa de Incid\u00eancia no Grupo de Tratamento) \/ (Taxa de Incid\u00eancia no Grupo Controle).<\/p>\n<h2 id=\"h-aprenda-a-diferenciar-os-estudos-epidemiologicos\"><span class=\"ez-toc-section\" id=\"Aprenda_a_diferenciar_os_estudos_epidemiologicos\"><\/span><strong>Aprenda a diferenciar os estudos epidemiol\u00f3gicos!<\/strong><span class=\"ez-toc-section-end\"><\/span><\/h2>\n<p><!-- \/wp:list-item --><\/p>\n<p><!-- wp:paragraph --><\/p>\n<p>Por fim, veja tabela a seguir e saiba diferenciar os tipos de estudos epidemiol\u00f3gicos!<\/p>\n<p><!-- \/wp:paragraph --><\/p>\n<p><!-- wp:table --><\/p>\n<figure>\n<table>\n<tbody>\n<tr>\n<td><strong>Desenho de Estudo<\/strong><\/td>\n<td><strong>Caracter\u00edsticas<\/strong><\/td>\n<td><strong>Medida de Associa\u00e7\u00e3o<\/strong><\/td>\n<td><strong>Observa\u00e7\u00f5es<\/strong><\/td>\n<\/tr>\n<tr>\n<td>Ecol\u00f3gico Agregado<\/td>\n<td>Agregado, Observacional Transversal<\/td>\n<td>Transversal<\/td>\n<td>N\u00e3o estabelecem causalidade<br \/>&gt;Fal\u00e1cia ecol\u00f3gica<\/td>\n<\/tr>\n<tr>\n<td>Coorte<\/td>\n<td>Individual Observacional Longitudinal Prospectivo Anal\u00edtico<\/td>\n<td>Risco Relativo<\/td>\n<td>Determina risco de algum evento ocorrer.<\/td>\n<\/tr>\n<tr>\n<td>Caso-controle<\/td>\n<td>Individual Observacional Longitudinal Retrospectivo Anal\u00edtico<\/td>\n<td>Odds-ratio<\/td>\n<td>Apenas estima risco Odds-ratio pode estar presente em outros estudos<\/td>\n<\/tr>\n<tr>\n<td>Ensaio Cl\u00ednico<\/td>\n<td>Individual Interven\u00e7\u00e3o Longitudinal Anal\u00edtico<\/td>\n<td>RR<br \/>NNT<\/td>\n<td>Padr\u00e3o ouro para avalia\u00e7\u00e3o de tratamento.<\/td>\n<\/tr>\n<\/tbody>\n<\/table>\n<\/figure>\n<h2><span class=\"ez-toc-section\" id=\"Saiba_mais_sobre_o_assunto\"><\/span>Saiba mais sobre o assunto<span class=\"ez-toc-section-end\"><\/span><\/h2>\n<p>Confira abaixo o nosso <a href=\"https:\/\/youtu.be\/xsqIc3eBVqs?si=mp0kHBmQD3wRTC4X\"><strong>COFEXPRESS<\/strong><\/a> sobre o assunto:<\/p>\n<p><iframe loading=\"lazy\" title=\"COFEXPRESS - Resumo dos Principais Estudos Epidemiol\u00f3gicos: O Que Voc\u00ea Precisa Saber. Com Dr. Da...\" width=\"696\" height=\"392\" src=\"https:\/\/www.youtube.com\/embed\/xsqIc3eBVqs?feature=oembed\" frameborder=\"0\" allow=\"accelerometer; autoplay; clipboard-write; encrypted-media; gyroscope; picture-in-picture; web-share\" referrerpolicy=\"strict-origin-when-cross-origin\" allowfullscreen><\/iframe><\/p>\n<h2 id=\"h-codigo-da-aprovacao\" style=\"font-family: Poppins, sans-serif; color: #7a7a7a;\"><span class=\"ez-toc-section\" id=\"Codigo_da_aprovacao\"><\/span>C\u00f3digo da aprova\u00e7\u00e3o<span class=\"ez-toc-section-end\"><\/span><\/h2>\n<p>Se voc\u00ea viu os resultados das provas de resid\u00eancia m\u00e9dica deste ano e pensou: \u201cO que eu preciso para estar entre os primeiros colocados?\u201d. Saiba que est\u00e1 d\u00favida ser\u00e1 sanada entre os dias 08 e 09 de janeiro com o\u00a0<strong><a href=\"https:\/\/site.grupomedcof.com.br\/lead\/cod6-blog\" target=\"_blank\" rel=\"noreferrer noopener\">C\u00f3digo da Aprova\u00e7\u00e3o<\/a>!<\/strong><\/p>\n<p>Ser\u00e3o\u00a0<em><strong>02 dias de um evento\u00a0100% gratuito e online<\/strong>\u00a0<\/em>que mostrar\u00e1 o caminho para as provas de resid\u00eancia m\u00e9dica que ocorrer\u00e3o em 2024! Quer saber mais? Ent\u00e3o fique atento \u00e0s atualiza\u00e7\u00f5es do nosso\u00a0canal do youtube!<\/p>\n<p><div class=\"youtube-embed\" data-video_id=\"noaDRv80-L8\"><iframe loading=\"lazy\" title=\"Live 1- Respondendo a prova de resid\u00eancia m\u00e9dica antes dela chegar.\" width=\"696\" height=\"392\" src=\"https:\/\/www.youtube.com\/embed\/noaDRv80-L8?feature=oembed&#038;enablejsapi=1\" frameborder=\"0\" allow=\"accelerometer; autoplay; clipboard-write; encrypted-media; gyroscope; picture-in-picture; web-share\" referrerpolicy=\"strict-origin-when-cross-origin\" allowfullscreen><\/iframe><\/div><\/p><!-- \/wp:table -->","protected":false},"excerpt":{"rendered":"<p>Nesse post voc\u00ea aprender\u00e1 a diferenciar e as caracter\u00edsticas fundamentais dos estudos epidemiol\u00f3gicos que mais s\u00e3o cobrados em sua prova!<\/p>\n","protected":false},"author":6,"featured_media":16916,"comment_status":"open","ping_status":"open","sticky":false,"template":"","format":"standard","meta":{"footnotes":""},"categories":[197],"tags":[93,199,68],"ppma_author":[3609],"class_list":{"0":"post-16914","1":"post","2":"type-post","3":"status-publish","4":"format-standard","5":"has-post-thumbnail","7":"category-preventiva","8":"tag-especialidades-medicas","9":"tag-preventiva","10":"tag-residencia-medica"},"yoast_head":"<!-- This site is optimized with the Yoast SEO Premium plugin v24.3 (Yoast SEO v27.4) - https:\/\/yoast.com\/product\/yoast-seo-premium-wordpress\/ -->\n<title>Aprenda a diferenciar os estudos epidemiol\u00f3gicos! - Blog de Medcof: conte\u00fados, editais, revalida e mais!<\/title>\n<meta name=\"description\" content=\"Aprenda a diferenciar os estudos epidemiol\u00f3gicos: Se voc\u00ea j\u00e1 est\u00e1 cansado de escutar que preventiva \u00e9 o que mais cai na sua prova de...\" \/>\n<meta name=\"robots\" content=\"index, follow, max-snippet:-1, max-image-preview:large, max-video-preview:-1\" \/>\n<link rel=\"canonical\" href=\"https:\/\/www.grupomedcof.com.br\/blog\/aprenda-a-diferenciar-os-estudos-epidemiologicos\/\" \/>\n<meta property=\"og:locale\" content=\"pt_BR\" \/>\n<meta property=\"og:type\" content=\"article\" \/>\n<meta property=\"og:title\" content=\"Aprenda a diferenciar os estudos epidemiol\u00f3gicos!\" \/>\n<meta property=\"og:description\" content=\"Aprenda a diferenciar os estudos epidemiol\u00f3gicos: Se voc\u00ea j\u00e1 est\u00e1 cansado de escutar que preventiva \u00e9 o que mais cai na sua prova de...\" \/>\n<meta property=\"og:url\" content=\"https:\/\/www.grupomedcof.com.br\/blog\/aprenda-a-diferenciar-os-estudos-epidemiologicos\/\" \/>\n<meta property=\"og:site_name\" content=\"Blog de Medcof: conte\u00fados, editais, revalida e mais!\" \/>\n<meta property=\"article:publisher\" content=\"https:\/\/www.facebook.com\/MedCofQbank\/\" \/>\n<meta property=\"article:published_time\" content=\"2023-12-29T16:19:26+00:00\" \/>\n<meta property=\"article:modified_time\" content=\"2024-07-01T16:40:06+00:00\" \/>\n<meta property=\"og:image\" content=\"https:\/\/www.grupomedcof.com.br\/blog\/wp-content\/uploads\/2023\/12\/Blog-MedCof-75-1024x576.png\" \/>\n\t<meta property=\"og:image:width\" content=\"1024\" \/>\n\t<meta property=\"og:image:height\" content=\"576\" \/>\n\t<meta property=\"og:image:type\" content=\"image\/png\" \/>\n<meta name=\"author\" content=\"J\u00falia Moreira\" \/>\n<meta name=\"twitter:card\" content=\"summary_large_image\" \/>\n<meta name=\"twitter:label1\" content=\"Escrito por\" \/>\n\t<meta name=\"twitter:data1\" content=\"J\u00falia Moreira\" \/>\n\t<meta name=\"twitter:label2\" content=\"Est. tempo de leitura\" \/>\n\t<meta name=\"twitter:data2\" content=\"6 minutos\" \/>\n<script type=\"application\/ld+json\" class=\"yoast-schema-graph\">{\"@context\":\"https:\\\/\\\/schema.org\",\"@graph\":[{\"@type\":\"Article\",\"@id\":\"https:\\\/\\\/www.grupomedcof.com.br\\\/blog\\\/aprenda-a-diferenciar-os-estudos-epidemiologicos\\\/#article\",\"isPartOf\":{\"@id\":\"https:\\\/\\\/www.grupomedcof.com.br\\\/blog\\\/aprenda-a-diferenciar-os-estudos-epidemiologicos\\\/\"},\"author\":{\"name\":\"J\u00falia Moreira\",\"@id\":\"https:\\\/\\\/www.grupomedcof.com.br\\\/blog\\\/#\\\/schema\\\/person\\\/1375e0ce724529d7a1d8156ea7f8ceaa\"},\"headline\":\"Aprenda a diferenciar os estudos epidemiol\u00f3gicos!\",\"datePublished\":\"2023-12-29T16:19:26+00:00\",\"dateModified\":\"2024-07-01T16:40:06+00:00\",\"mainEntityOfPage\":{\"@id\":\"https:\\\/\\\/www.grupomedcof.com.br\\\/blog\\\/aprenda-a-diferenciar-os-estudos-epidemiologicos\\\/\"},\"wordCount\":931,\"commentCount\":0,\"publisher\":{\"@id\":\"https:\\\/\\\/www.grupomedcof.com.br\\\/blog\\\/#organization\"},\"image\":{\"@id\":\"https:\\\/\\\/www.grupomedcof.com.br\\\/blog\\\/aprenda-a-diferenciar-os-estudos-epidemiologicos\\\/#primaryimage\"},\"thumbnailUrl\":\"https:\\\/\\\/www.grupomedcof.com.br\\\/blog\\\/wp-content\\\/uploads\\\/2023\\\/12\\\/Blog-MedCof-75.png\",\"keywords\":[\"Especialidades m\u00e9dicas\",\"Preventiva\",\"Resid\u00eancia M\u00e9dica\"],\"articleSection\":[\"Preventiva\"],\"inLanguage\":\"pt-BR\"},{\"@type\":\"WebPage\",\"@id\":\"https:\\\/\\\/www.grupomedcof.com.br\\\/blog\\\/aprenda-a-diferenciar-os-estudos-epidemiologicos\\\/\",\"url\":\"https:\\\/\\\/www.grupomedcof.com.br\\\/blog\\\/aprenda-a-diferenciar-os-estudos-epidemiologicos\\\/\",\"name\":\"Aprenda a diferenciar os estudos epidemiol\u00f3gicos! - Blog de Medcof: conte\u00fados, editais, revalida e mais!\",\"isPartOf\":{\"@id\":\"https:\\\/\\\/www.grupomedcof.com.br\\\/blog\\\/#website\"},\"primaryImageOfPage\":{\"@id\":\"https:\\\/\\\/www.grupomedcof.com.br\\\/blog\\\/aprenda-a-diferenciar-os-estudos-epidemiologicos\\\/#primaryimage\"},\"image\":{\"@id\":\"https:\\\/\\\/www.grupomedcof.com.br\\\/blog\\\/aprenda-a-diferenciar-os-estudos-epidemiologicos\\\/#primaryimage\"},\"thumbnailUrl\":\"https:\\\/\\\/www.grupomedcof.com.br\\\/blog\\\/wp-content\\\/uploads\\\/2023\\\/12\\\/Blog-MedCof-75.png\",\"datePublished\":\"2023-12-29T16:19:26+00:00\",\"dateModified\":\"2024-07-01T16:40:06+00:00\",\"description\":\"Aprenda a diferenciar os estudos epidemiol\u00f3gicos: Se voc\u00ea j\u00e1 est\u00e1 cansado de escutar que preventiva \u00e9 o que mais cai na sua prova de...\",\"breadcrumb\":{\"@id\":\"https:\\\/\\\/www.grupomedcof.com.br\\\/blog\\\/aprenda-a-diferenciar-os-estudos-epidemiologicos\\\/#breadcrumb\"},\"inLanguage\":\"pt-BR\",\"potentialAction\":[{\"@type\":\"ReadAction\",\"target\":[\"https:\\\/\\\/www.grupomedcof.com.br\\\/blog\\\/aprenda-a-diferenciar-os-estudos-epidemiologicos\\\/\"]}]},{\"@type\":\"ImageObject\",\"inLanguage\":\"pt-BR\",\"@id\":\"https:\\\/\\\/www.grupomedcof.com.br\\\/blog\\\/aprenda-a-diferenciar-os-estudos-epidemiologicos\\\/#primaryimage\",\"url\":\"https:\\\/\\\/www.grupomedcof.com.br\\\/blog\\\/wp-content\\\/uploads\\\/2023\\\/12\\\/Blog-MedCof-75.png\",\"contentUrl\":\"https:\\\/\\\/www.grupomedcof.com.br\\\/blog\\\/wp-content\\\/uploads\\\/2023\\\/12\\\/Blog-MedCof-75.png\",\"width\":2560,\"height\":1440,\"caption\":\"tipos de estudo epidemiologico, estudo epidemiol\u00f3gico, tipos de estudos epidemiol\u00f3gicos, Estudo de Coorte, Estudo Ecol\u00f3gico Agregado, estudos epidemiol\u00f3gicos, Qual a diferen\u00e7a entre estudo de corte e caso-controle, estudos epidemiologicos,\"},{\"@type\":\"BreadcrumbList\",\"@id\":\"https:\\\/\\\/www.grupomedcof.com.br\\\/blog\\\/aprenda-a-diferenciar-os-estudos-epidemiologicos\\\/#breadcrumb\",\"itemListElement\":[{\"@type\":\"ListItem\",\"position\":1,\"name\":\"In\u00edcio\",\"item\":\"https:\\\/\\\/www.grupomedcof.com.br\\\/blog\\\/\"},{\"@type\":\"ListItem\",\"position\":2,\"name\":\"Aprenda a diferenciar os estudos epidemiol\u00f3gicos!\"}]},{\"@type\":\"WebSite\",\"@id\":\"https:\\\/\\\/www.grupomedcof.com.br\\\/blog\\\/#website\",\"url\":\"https:\\\/\\\/www.grupomedcof.com.br\\\/blog\\\/\",\"name\":\"Blog de Medcof: conte\u00fados, editais, revalida e mais!\",\"description\":\"Acesso o blog de MedCof! Seu portal de conte\u00fados sobre resid\u00eancia m\u00e9dica, an\u00e1lise e editais e muito mais. Clique e confira!\",\"publisher\":{\"@id\":\"https:\\\/\\\/www.grupomedcof.com.br\\\/blog\\\/#organization\"},\"alternateName\":\"Blog de Medcof: conte\u00fados, editais, revalida e mais!\",\"potentialAction\":[{\"@type\":\"SearchAction\",\"target\":{\"@type\":\"EntryPoint\",\"urlTemplate\":\"https:\\\/\\\/www.grupomedcof.com.br\\\/blog\\\/?s={search_term_string}\"},\"query-input\":{\"@type\":\"PropertyValueSpecification\",\"valueRequired\":true,\"valueName\":\"search_term_string\"}}],\"inLanguage\":\"pt-BR\"},{\"@type\":\"Organization\",\"@id\":\"https:\\\/\\\/www.grupomedcof.com.br\\\/blog\\\/#organization\",\"name\":\"Grupo MedCof\",\"url\":\"https:\\\/\\\/www.grupomedcof.com.br\\\/blog\\\/\",\"logo\":{\"@type\":\"ImageObject\",\"inLanguage\":\"pt-BR\",\"@id\":\"https:\\\/\\\/www.grupomedcof.com.br\\\/blog\\\/#\\\/schema\\\/logo\\\/image\\\/\",\"url\":\"https:\\\/\\\/www.grupomedcof.com.br\\\/blog\\\/wp-content\\\/uploads\\\/2022\\\/01\\\/logo-medcof.png\",\"contentUrl\":\"https:\\\/\\\/www.grupomedcof.com.br\\\/blog\\\/wp-content\\\/uploads\\\/2022\\\/01\\\/logo-medcof.png\",\"width\":768,\"height\":269,\"caption\":\"Grupo MedCof\"},\"image\":{\"@id\":\"https:\\\/\\\/www.grupomedcof.com.br\\\/blog\\\/#\\\/schema\\\/logo\\\/image\\\/\"},\"sameAs\":[\"https:\\\/\\\/www.facebook.com\\\/MedCofQbank\\\/\",\"https:\\\/\\\/www.instagram.com\\\/grupomedcof\\\/\",\"https:\\\/\\\/br.linkedin.com\\\/company\\\/medcof\",\"https:\\\/\\\/www.youtube.com\\\/channel\\\/UCdHMuOHKICxcHwecxN8P-AA\"]},{\"@type\":\"Person\",\"@id\":\"https:\\\/\\\/www.grupomedcof.com.br\\\/blog\\\/#\\\/schema\\\/person\\\/1375e0ce724529d7a1d8156ea7f8ceaa\",\"name\":\"J\u00falia Moreira\",\"image\":{\"@type\":\"ImageObject\",\"inLanguage\":\"pt-BR\",\"@id\":\"https:\\\/\\\/www.grupomedcof.com.br\\\/blog\\\/wp-content\\\/uploads\\\/2024\\\/12\\\/cropped-Captura-de-tela-2023-12-15-094946-96x96.png6a0083ac34a0445de97d55fae63a4a41\",\"url\":\"https:\\\/\\\/www.grupomedcof.com.br\\\/blog\\\/wp-content\\\/uploads\\\/2024\\\/12\\\/cropped-Captura-de-tela-2023-12-15-094946-96x96.png\",\"contentUrl\":\"https:\\\/\\\/www.grupomedcof.com.br\\\/blog\\\/wp-content\\\/uploads\\\/2024\\\/12\\\/cropped-Captura-de-tela-2023-12-15-094946-96x96.png\",\"caption\":\"J\u00falia Moreira\"},\"description\":\"Estudante do 8\u00ba semestre de Jornalismo na ECA-USP, f\u00e3 de filmes de terror e m\u00fasica popular sul-coreana.\",\"sameAs\":[\"https:\\\/\\\/www.grupomedcof.com.br\\\/\"],\"url\":\"https:\\\/\\\/www.grupomedcof.com.br\\\/blog\\\/author\\\/julia\\\/\"}]}<\/script>\n<!-- \/ Yoast SEO Premium plugin. -->","yoast_head_json":{"title":"Aprenda a diferenciar os estudos epidemiol\u00f3gicos! - Blog de Medcof: conte\u00fados, editais, revalida e mais!","description":"Aprenda a diferenciar os estudos epidemiol\u00f3gicos: Se voc\u00ea j\u00e1 est\u00e1 cansado de escutar que preventiva \u00e9 o que mais cai na sua prova de...","robots":{"index":"index","follow":"follow","max-snippet":"max-snippet:-1","max-image-preview":"max-image-preview:large","max-video-preview":"max-video-preview:-1"},"canonical":"https:\/\/www.grupomedcof.com.br\/blog\/aprenda-a-diferenciar-os-estudos-epidemiologicos\/","og_locale":"pt_BR","og_type":"article","og_title":"Aprenda a diferenciar os estudos epidemiol\u00f3gicos!","og_description":"Aprenda a diferenciar os estudos epidemiol\u00f3gicos: Se voc\u00ea j\u00e1 est\u00e1 cansado de escutar que preventiva \u00e9 o que mais cai na sua prova de...","og_url":"https:\/\/www.grupomedcof.com.br\/blog\/aprenda-a-diferenciar-os-estudos-epidemiologicos\/","og_site_name":"Blog de Medcof: conte\u00fados, editais, revalida e mais!","article_publisher":"https:\/\/www.facebook.com\/MedCofQbank\/","article_published_time":"2023-12-29T16:19:26+00:00","article_modified_time":"2024-07-01T16:40:06+00:00","og_image":[{"width":1024,"height":576,"url":"https:\/\/www.grupomedcof.com.br\/blog\/wp-content\/uploads\/2023\/12\/Blog-MedCof-75-1024x576.png","type":"image\/png"}],"author":"J\u00falia Moreira","twitter_card":"summary_large_image","twitter_misc":{"Escrito por":"J\u00falia Moreira","Est. tempo de leitura":"6 minutos"},"schema":{"@context":"https:\/\/schema.org","@graph":[{"@type":"Article","@id":"https:\/\/www.grupomedcof.com.br\/blog\/aprenda-a-diferenciar-os-estudos-epidemiologicos\/#article","isPartOf":{"@id":"https:\/\/www.grupomedcof.com.br\/blog\/aprenda-a-diferenciar-os-estudos-epidemiologicos\/"},"author":{"name":"J\u00falia Moreira","@id":"https:\/\/www.grupomedcof.com.br\/blog\/#\/schema\/person\/1375e0ce724529d7a1d8156ea7f8ceaa"},"headline":"Aprenda a diferenciar os estudos epidemiol\u00f3gicos!","datePublished":"2023-12-29T16:19:26+00:00","dateModified":"2024-07-01T16:40:06+00:00","mainEntityOfPage":{"@id":"https:\/\/www.grupomedcof.com.br\/blog\/aprenda-a-diferenciar-os-estudos-epidemiologicos\/"},"wordCount":931,"commentCount":0,"publisher":{"@id":"https:\/\/www.grupomedcof.com.br\/blog\/#organization"},"image":{"@id":"https:\/\/www.grupomedcof.com.br\/blog\/aprenda-a-diferenciar-os-estudos-epidemiologicos\/#primaryimage"},"thumbnailUrl":"https:\/\/www.grupomedcof.com.br\/blog\/wp-content\/uploads\/2023\/12\/Blog-MedCof-75.png","keywords":["Especialidades m\u00e9dicas","Preventiva","Resid\u00eancia M\u00e9dica"],"articleSection":["Preventiva"],"inLanguage":"pt-BR"},{"@type":"WebPage","@id":"https:\/\/www.grupomedcof.com.br\/blog\/aprenda-a-diferenciar-os-estudos-epidemiologicos\/","url":"https:\/\/www.grupomedcof.com.br\/blog\/aprenda-a-diferenciar-os-estudos-epidemiologicos\/","name":"Aprenda a diferenciar os estudos epidemiol\u00f3gicos! - Blog de Medcof: conte\u00fados, editais, revalida e mais!","isPartOf":{"@id":"https:\/\/www.grupomedcof.com.br\/blog\/#website"},"primaryImageOfPage":{"@id":"https:\/\/www.grupomedcof.com.br\/blog\/aprenda-a-diferenciar-os-estudos-epidemiologicos\/#primaryimage"},"image":{"@id":"https:\/\/www.grupomedcof.com.br\/blog\/aprenda-a-diferenciar-os-estudos-epidemiologicos\/#primaryimage"},"thumbnailUrl":"https:\/\/www.grupomedcof.com.br\/blog\/wp-content\/uploads\/2023\/12\/Blog-MedCof-75.png","datePublished":"2023-12-29T16:19:26+00:00","dateModified":"2024-07-01T16:40:06+00:00","description":"Aprenda a diferenciar os estudos epidemiol\u00f3gicos: Se voc\u00ea j\u00e1 est\u00e1 cansado de escutar que preventiva \u00e9 o que mais cai na sua prova de...","breadcrumb":{"@id":"https:\/\/www.grupomedcof.com.br\/blog\/aprenda-a-diferenciar-os-estudos-epidemiologicos\/#breadcrumb"},"inLanguage":"pt-BR","potentialAction":[{"@type":"ReadAction","target":["https:\/\/www.grupomedcof.com.br\/blog\/aprenda-a-diferenciar-os-estudos-epidemiologicos\/"]}]},{"@type":"ImageObject","inLanguage":"pt-BR","@id":"https:\/\/www.grupomedcof.com.br\/blog\/aprenda-a-diferenciar-os-estudos-epidemiologicos\/#primaryimage","url":"https:\/\/www.grupomedcof.com.br\/blog\/wp-content\/uploads\/2023\/12\/Blog-MedCof-75.png","contentUrl":"https:\/\/www.grupomedcof.com.br\/blog\/wp-content\/uploads\/2023\/12\/Blog-MedCof-75.png","width":2560,"height":1440,"caption":"tipos de estudo epidemiologico, estudo epidemiol\u00f3gico, tipos de estudos epidemiol\u00f3gicos, Estudo de Coorte, Estudo Ecol\u00f3gico Agregado, estudos epidemiol\u00f3gicos, Qual a diferen\u00e7a entre estudo de corte e caso-controle, estudos epidemiologicos,"},{"@type":"BreadcrumbList","@id":"https:\/\/www.grupomedcof.com.br\/blog\/aprenda-a-diferenciar-os-estudos-epidemiologicos\/#breadcrumb","itemListElement":[{"@type":"ListItem","position":1,"name":"In\u00edcio","item":"https:\/\/www.grupomedcof.com.br\/blog\/"},{"@type":"ListItem","position":2,"name":"Aprenda a diferenciar os estudos epidemiol\u00f3gicos!"}]},{"@type":"WebSite","@id":"https:\/\/www.grupomedcof.com.br\/blog\/#website","url":"https:\/\/www.grupomedcof.com.br\/blog\/","name":"Blog de Medcof: conte\u00fados, editais, revalida e mais!","description":"Acesso o blog de MedCof! Seu portal de conte\u00fados sobre resid\u00eancia m\u00e9dica, an\u00e1lise e editais e muito mais. Clique e confira!","publisher":{"@id":"https:\/\/www.grupomedcof.com.br\/blog\/#organization"},"alternateName":"Blog de Medcof: conte\u00fados, editais, revalida e mais!","potentialAction":[{"@type":"SearchAction","target":{"@type":"EntryPoint","urlTemplate":"https:\/\/www.grupomedcof.com.br\/blog\/?s={search_term_string}"},"query-input":{"@type":"PropertyValueSpecification","valueRequired":true,"valueName":"search_term_string"}}],"inLanguage":"pt-BR"},{"@type":"Organization","@id":"https:\/\/www.grupomedcof.com.br\/blog\/#organization","name":"Grupo MedCof","url":"https:\/\/www.grupomedcof.com.br\/blog\/","logo":{"@type":"ImageObject","inLanguage":"pt-BR","@id":"https:\/\/www.grupomedcof.com.br\/blog\/#\/schema\/logo\/image\/","url":"https:\/\/www.grupomedcof.com.br\/blog\/wp-content\/uploads\/2022\/01\/logo-medcof.png","contentUrl":"https:\/\/www.grupomedcof.com.br\/blog\/wp-content\/uploads\/2022\/01\/logo-medcof.png","width":768,"height":269,"caption":"Grupo MedCof"},"image":{"@id":"https:\/\/www.grupomedcof.com.br\/blog\/#\/schema\/logo\/image\/"},"sameAs":["https:\/\/www.facebook.com\/MedCofQbank\/","https:\/\/www.instagram.com\/grupomedcof\/","https:\/\/br.linkedin.com\/company\/medcof","https:\/\/www.youtube.com\/channel\/UCdHMuOHKICxcHwecxN8P-AA"]},{"@type":"Person","@id":"https:\/\/www.grupomedcof.com.br\/blog\/#\/schema\/person\/1375e0ce724529d7a1d8156ea7f8ceaa","name":"J\u00falia Moreira","image":{"@type":"ImageObject","inLanguage":"pt-BR","@id":"https:\/\/www.grupomedcof.com.br\/blog\/wp-content\/uploads\/2024\/12\/cropped-Captura-de-tela-2023-12-15-094946-96x96.png6a0083ac34a0445de97d55fae63a4a41","url":"https:\/\/www.grupomedcof.com.br\/blog\/wp-content\/uploads\/2024\/12\/cropped-Captura-de-tela-2023-12-15-094946-96x96.png","contentUrl":"https:\/\/www.grupomedcof.com.br\/blog\/wp-content\/uploads\/2024\/12\/cropped-Captura-de-tela-2023-12-15-094946-96x96.png","caption":"J\u00falia Moreira"},"description":"Estudante do 8\u00ba semestre de Jornalismo na ECA-USP, f\u00e3 de filmes de terror e m\u00fasica popular sul-coreana.","sameAs":["https:\/\/www.grupomedcof.com.br\/"],"url":"https:\/\/www.grupomedcof.com.br\/blog\/author\/julia\/"}]}},"authors":[{"term_id":3609,"user_id":6,"is_guest":0,"slug":"julia","display_name":"J\u00falia Moreira","avatar_url":"https:\/\/www.grupomedcof.com.br\/blog\/wp-content\/uploads\/2024\/12\/cropped-Captura-de-tela-2023-12-15-094946-96x96.png","0":null,"1":"","2":"","3":"","4":"","5":"","6":"","7":"","8":""}],"_links":{"self":[{"href":"https:\/\/www.grupomedcof.com.br\/blog\/wp-json\/wp\/v2\/posts\/16914","targetHints":{"allow":["GET"]}}],"collection":[{"href":"https:\/\/www.grupomedcof.com.br\/blog\/wp-json\/wp\/v2\/posts"}],"about":[{"href":"https:\/\/www.grupomedcof.com.br\/blog\/wp-json\/wp\/v2\/types\/post"}],"author":[{"embeddable":true,"href":"https:\/\/www.grupomedcof.com.br\/blog\/wp-json\/wp\/v2\/users\/6"}],"replies":[{"embeddable":true,"href":"https:\/\/www.grupomedcof.com.br\/blog\/wp-json\/wp\/v2\/comments?post=16914"}],"version-history":[{"count":0,"href":"https:\/\/www.grupomedcof.com.br\/blog\/wp-json\/wp\/v2\/posts\/16914\/revisions"}],"wp:featuredmedia":[{"embeddable":true,"href":"https:\/\/www.grupomedcof.com.br\/blog\/wp-json\/wp\/v2\/media\/16916"}],"wp:attachment":[{"href":"https:\/\/www.grupomedcof.com.br\/blog\/wp-json\/wp\/v2\/media?parent=16914"}],"wp:term":[{"taxonomy":"category","embeddable":true,"href":"https:\/\/www.grupomedcof.com.br\/blog\/wp-json\/wp\/v2\/categories?post=16914"},{"taxonomy":"post_tag","embeddable":true,"href":"https:\/\/www.grupomedcof.com.br\/blog\/wp-json\/wp\/v2\/tags?post=16914"},{"taxonomy":"author","embeddable":true,"href":"https:\/\/www.grupomedcof.com.br\/blog\/wp-json\/wp\/v2\/ppma_author?post=16914"}],"curies":[{"name":"wp","href":"https:\/\/api.w.org\/{rel}","templated":true}]}}