{"id":17168,"date":"2024-02-01T08:23:07","date_gmt":"2024-02-01T11:23:07","guid":{"rendered":"https:\/\/www.grupomedcof.com.br\/blog\/?p=17168"},"modified":"2024-02-01T08:23:07","modified_gmt":"2024-02-01T11:23:07","slug":"doencas-exantematicas-rubeola","status":"publish","type":"post","link":"https:\/\/www.grupomedcof.com.br\/blog\/doencas-exantematicas-rubeola\/","title":{"rendered":"Doen\u00e7as exantem\u00e1ticas: Rub\u00e9ola"},"content":{"rendered":"<div id=\"ez-toc-container\" class=\"ez-toc-v2_0_74 counter-hierarchy ez-toc-counter ez-toc-transparent ez-toc-container-direction\">\n<div class=\"ez-toc-title-container\">\n<p class=\"ez-toc-title\" style=\"cursor:inherit\">Sum\u00e1rio<\/p>\n<span class=\"ez-toc-title-toggle\"><a href=\"#\" class=\"ez-toc-pull-right ez-toc-btn ez-toc-btn-xs ez-toc-btn-default ez-toc-toggle\" aria-label=\"Alternar tabela de conte\u00fado\"><span class=\"ez-toc-js-icon-con\"><span class=\"\"><span class=\"eztoc-hide\" style=\"display:none;\">Toggle<\/span><span class=\"ez-toc-icon-toggle-span\"><svg style=\"fill: #999;color:#999\" xmlns=\"http:\/\/www.w3.org\/2000\/svg\" class=\"list-377408\" width=\"20px\" height=\"20px\" viewBox=\"0 0 24 24\" fill=\"none\"><path d=\"M6 6H4v2h2V6zm14 0H8v2h12V6zM4 11h2v2H4v-2zm16 0H8v2h12v-2zM4 16h2v2H4v-2zm16 0H8v2h12v-2z\" fill=\"currentColor\"><\/path><\/svg><svg style=\"fill: #999;color:#999\" class=\"arrow-unsorted-368013\" xmlns=\"http:\/\/www.w3.org\/2000\/svg\" width=\"10px\" height=\"10px\" viewBox=\"0 0 24 24\" version=\"1.2\" baseProfile=\"tiny\"><path d=\"M18.2 9.3l-6.2-6.3-6.2 6.3c-.2.2-.3.4-.3.7s.1.5.3.7c.2.2.4.3.7.3h11c.3 0 .5-.1.7-.3.2-.2.3-.5.3-.7s-.1-.5-.3-.7zM5.8 14.7l6.2 6.3 6.2-6.3c.2-.2.3-.5.3-.7s-.1-.5-.3-.7c-.2-.2-.4-.3-.7-.3h-11c-.3 0-.5.1-.7.3-.2.2-.3.5-.3.7s.1.5.3.7z\"\/><\/svg><\/span><\/span><\/span><\/a><\/span><\/div>\n<nav><ul class='ez-toc-list ez-toc-list-level-1 ' ><li class='ez-toc-page-1 ez-toc-heading-level-2'><a class=\"ez-toc-link ez-toc-heading-1\" href=\"https:\/\/www.grupomedcof.com.br\/blog\/doencas-exantematicas-rubeola\/#Rubeola\" >Rub\u00e9ola<\/a><\/li><li class='ez-toc-page-1 ez-toc-heading-level-2'><a class=\"ez-toc-link ez-toc-heading-2\" href=\"https:\/\/www.grupomedcof.com.br\/blog\/doencas-exantematicas-rubeola\/#Mais_de_30_MedCoffers_em_1o_lugar_na_primeira_fase_da_USP-SP\" >Mais de 30 MedCoffers em 1\u00ba lugar na primeira fase da USP-SP<\/a><\/li><\/ul><\/nav><\/div>\n<img loading=\"lazy\" decoding=\"async\" width=\"800\" height=\"450\" src=\"https:\/\/www.grupomedcof.com.br\/blog\/wp-content\/uploads\/2024\/01\/Blog-MedCof-2024-01-31T112510.642-1024x576.png\" alt=\"Rub\u00e9ola Doen\u00e7as Exantem\u00e1ticas\" srcset=\"https:\/\/www.grupomedcof.com.br\/blog\/wp-content\/uploads\/2024\/01\/Blog-MedCof-2024-01-31T112510.642-1024x576.png 1024w, https:\/\/www.grupomedcof.com.br\/blog\/wp-content\/uploads\/2024\/01\/Blog-MedCof-2024-01-31T112510.642-300x169.png 300w, https:\/\/www.grupomedcof.com.br\/blog\/wp-content\/uploads\/2024\/01\/Blog-MedCof-2024-01-31T112510.642-768x432.png 768w, https:\/\/www.grupomedcof.com.br\/blog\/wp-content\/uploads\/2024\/01\/Blog-MedCof-2024-01-31T112510.642-1536x864.png 1536w, https:\/\/www.grupomedcof.com.br\/blog\/wp-content\/uploads\/2024\/01\/Blog-MedCof-2024-01-31T112510.642-2048x1152.png 2048w\" sizes=\"auto, (max-width: 800px) 100vw, 800px\" \/>\t\t\t\t\t\t\t\t\t\t\t\t\t\t\t\n\t\t<p>Nessa s\u00e9rie de posts iremos conversar sobre as principais <b>doen\u00e7as exantem\u00e1ticas<\/b>, entre elas a <strong>R<\/strong><b>ub\u00e9ola <\/b>e como diferenci\u00e1-las.<\/p>\t\t\n\t\t\t<h4>\n\t\t\t\tSum\u00e1rio\t\t\t<\/h4>\n\t\t<p>Consideramos <strong>doen\u00e7as exantem\u00e1ticas<\/strong>&nbsp;as s\u00edndromes de origem infecciosa, sendo sua maioria viral, de evolu\u00e7\u00e3o benigna e autolimitada, acompanhadas por <strong>exantema,<\/strong> podendo ou n\u00e3o apresentar febre associada.<\/p><h2 id=\"h-rubeola\"><span class=\"ez-toc-section\" id=\"Rubeola\"><\/span><strong>Rub\u00e9ola<\/strong><span class=\"ez-toc-section-end\"><\/span><\/h2>\n<p><!-- \/wp:post-content --><!-- wp:list --><\/p>\n<ul><!-- wp:list-item --><p><\/p>\n<li>Agente etiol\u00f3gico: <strong>v\u00edrus<\/strong> da fam\u00edlia <em>Togaviridae.<\/em><\/li>\n<p><!-- \/wp:list-item --><!-- wp:list-item --><\/p>\n<li>Pode acometer pessoas de <strong>qualquer idade.<\/strong><\/li>\n<\/ul><p>&#x26a0;&#xfe0f;&nbsp;LEMBRE-SE:&nbsp;Existe a forma adquirida e cong\u00eanita.<br><\/p><ul style=\"font-size: 16px; background-color: rgb(255, 255, 255);\"><li style=\"font-size: 16px;\">Transmitida por via a\u00e9rea.&nbsp;Com transmissibilidade por 5 a 7 dias antes e depois do surgimento do exantema. Isolamento respirat\u00f3rio \u00e9 recomendado durante esse per\u00edodo.<\/li><p><\/p><li style=\"font-size: 16px;\">Cl\u00ednica \u2014&nbsp;quadro cl\u00ednico leve, sendo 70% dos casos subcl\u00ednicos. Na maior parte das vezes, n\u00e3o tem pr\u00f3dromos. Podem apresentar febr\u00edcula, astenia,&nbsp;adenopatia retroauricular,&nbsp;cervical e\/ou occipital.<\/li><\/ul><ul>\n<li><strong>Exantema rubeoliforme maculopapular r\u00f3seo, difuso e puntiforme<\/strong> \u2014 Tem in\u00edcio em face com evolu\u00e7\u00e3o cefelocaudal . Dura de 3 a 5 dias, podendo haver <strong>descama\u00e7\u00e3o<\/strong>.\u00a0<\/li>\n<\/ul>\t\t\n\t\t\t\t\t\t\t\t\t\t\t\t<figure>\n\t\t\t\t\t\t\t\t\t\t<img loading=\"lazy\" decoding=\"async\" width=\"300\" height=\"367\" src=\"https:\/\/www.grupomedcof.com.br\/blog\/wp-content\/uploads\/2024\/01\/Untitled-5.png\" alt=\"Rub\u00e9ola\" srcset=\"https:\/\/www.grupomedcof.com.br\/blog\/wp-content\/uploads\/2024\/01\/Untitled-5.png 300w, https:\/\/www.grupomedcof.com.br\/blog\/wp-content\/uploads\/2024\/01\/Untitled-5-245x300.png 245w\" sizes=\"auto, (max-width: 300px) 100vw, 300px\" \/>\t\t\t\t\t\t\t\t\t\t\t<figcaption>Fonte : Google imagens<\/figcaption>\n\t\t\t\t\t\t\t\t\t\t<\/figure>\n\t\t<p>\u00a0<\/p>\n<ul><!-- \/wp:list-item --><!-- wp:list-item -->\n<li><strong>Sinal de Forscheimer \u2014<\/strong> N\u00c3O \u00e9 patognom\u00f4nico. Presen\u00e7a les\u00f5es petequiais em palato mole.<\/li>\n<\/ul>\t\t\n\t\t\t\t\t\t\t\t\t\t\t\t<figure>\n\t\t\t\t\t\t\t\t\t\t<img loading=\"lazy\" decoding=\"async\" width=\"705\" height=\"477\" src=\"https:\/\/www.grupomedcof.com.br\/blog\/wp-content\/uploads\/2024\/01\/Untitled-6.png\" alt=\"Sinal de Forchheimer\" srcset=\"https:\/\/www.grupomedcof.com.br\/blog\/wp-content\/uploads\/2024\/01\/Untitled-6.png 705w, https:\/\/www.grupomedcof.com.br\/blog\/wp-content\/uploads\/2024\/01\/Untitled-6-300x203.png 300w\" sizes=\"auto, (max-width: 705px) 100vw, 705px\" \/>\t\t\t\t\t\t\t\t\t\t\t<figcaption>Fonte : Google imagens<\/figcaption>\n\t\t\t\t\t\t\t\t\t\t<\/figure>\n\t\t<ul>\n<li><strong>Complica\u00e7\u00f5es (raras)<\/strong> \u2014 trombocitopenia imune, artrite, artralgia e encefalite aguda.<\/li>\n<!-- \/wp:list-item --><!-- wp:list-item -->\n<li><strong>Diagn\u00f3stico \u2014<\/strong> sorologia IgM e IgG e\/ou isolamento viral de nasofaringe ou urina.&nbsp;<\/li><\/ul>\t\t\n\t\t<p>&#x26a0;&#xfe0f;&nbsp;LEMBRE-SE:&nbsp;\u00c9 uma doen\u00e7a de&nbsp;NOTIFICA\u00c7\u00c3O COMPULS\u00d3RIA!<br><\/p>\t\t\n\t\t<ul style=\"font-size: 16px; background-color: rgb(255, 255, 255);\"><li style=\"font-size: 16px;\">Tratamento&nbsp;\u2014 suporte + sintom\u00e1tico.<\/li><p><\/p><li style=\"font-size: 16px;\">Abordagem pr\u00e9-exposi\u00e7\u00e3o \u2014 Igual a do sarampo.<ul style=\"font-size: 16px;\"><p><\/p><li style=\"font-size: 16px;\">Vacina\u00e7\u00e3o com tr\u00edplice\/tetra viral. No Programa Nacional de Imuniza\u00e7\u00f5es (PNI), crian\u00e7as recebem tr\u00edplice viral aos 12 meses e tetra viral aos 15 meses. J\u00e1 os adultos, podem receber tr\u00edplice com 2 doses at\u00e9 29 anos e, ap\u00f3s isso (at\u00e9 os 59 anos), podem receber uma dose.<\/li><\/ul><\/li><\/ul>\t\t\n\t\t<p>Anota todas as dicas e continua ligado no nosso <a href=\"https:\/\/www.grupomedcof.com.br\/blog\/doencas-exantematicas-sarampo\/\">blog<\/a>, pois tamb\u00e9m iremos conversar sobre as outras doen\u00e7as exantem\u00e1ticas. Bons estudos!<\/p><p><!-- wp:paragraph \/--><!-- wp:heading {\"level\":3} \/--><!-- wp:heading --><\/p>\n<h2><span class=\"ez-toc-section\" id=\"Mais_de_30_MedCoffers_em_1o_lugar_na_primeira_fase_da_USP-SP\"><\/span><strong>Mais de 30 MedCoffers em 1\u00ba lugar na primeira fase da USP-SP<\/strong><span class=\"ez-toc-section-end\"><\/span><\/h2>\n<p><!-- \/wp:heading --><!-- wp:paragraph --><\/p>\n<p>Sabia que mais de\u00a0<strong><a href=\"https:\/\/www.grupomedcof.com.br\/?gad_source=1&amp;gclid=CjwKCAiAzJOtBhALEiwAtwj8tiBiQZQcJ8rEPNVLsV5QBH_yktiywCiaWkXhRQ6ue-3ZaiTHb0MulxoCTiQQAvD_BwE\" target=\"_blank\" rel=\"noreferrer noopener\">30 alunos MedCof<\/a>\u00a0<\/strong>ficaram em <strong>\u00a0<a href=\"https:\/\/www.grupomedcof.com.br\/blog\/residencia-medica-usp-sp-2024-convocacao-para-a-2a-fase\/\" target=\"_blank\" rel=\"noreferrer noopener\">1\u00ba lugar na classifica\u00e7\u00e3o da 1\u00aa fase do processo seletivo da USP-SP?<\/a><\/strong><strong><a href=\"https:\/\/www.grupomedcof.com.br\/blog\/residencia-medica-usp-sp-2024-convocacao-para-a-2a-fase\/\" target=\"_blank\" rel=\"noreferrer noopener\">\u00a0<\/a><\/strong>Pessoas com nome e sobrenome que mostraram na pr\u00e1tica a recompensa de confiar em nosso m\u00e9todo de estudos!<\/p>\n<p><!-- \/wp:paragraph --><\/p>\t\t\n\t\t\t\t\t\t\t\t\t\t\t\t\t\t\t<img loading=\"lazy\" decoding=\"async\" width=\"800\" height=\"450\" src=\"https:\/\/www.grupomedcof.com.br\/blog\/wp-content\/uploads\/2024\/01\/Blog-MedCof-2024-01-18T142531.961-1024x576.png\" alt=\"medicina-usp-primeiros-lugares-usp-sp-medcof\" srcset=\"https:\/\/www.grupomedcof.com.br\/blog\/wp-content\/uploads\/2024\/01\/Blog-MedCof-2024-01-18T142531.961-1024x576.png 1024w, https:\/\/www.grupomedcof.com.br\/blog\/wp-content\/uploads\/2024\/01\/Blog-MedCof-2024-01-18T142531.961-300x169.png 300w, https:\/\/www.grupomedcof.com.br\/blog\/wp-content\/uploads\/2024\/01\/Blog-MedCof-2024-01-18T142531.961-768x432.png 768w, https:\/\/www.grupomedcof.com.br\/blog\/wp-content\/uploads\/2024\/01\/Blog-MedCof-2024-01-18T142531.961-1536x864.png 1536w, https:\/\/www.grupomedcof.com.br\/blog\/wp-content\/uploads\/2024\/01\/Blog-MedCof-2024-01-18T142531.961-2048x1152.png 2048w\" sizes=\"auto, (max-width: 800px) 100vw, 800px\" \/><!-- \/wp:list-item -->","protected":false},"excerpt":{"rendered":"<p>Nessa s\u00e9rie de posts iremos conversar sobre as principais doen\u00e7as exantem\u00e1ticas, entre elas a Rub\u00e9ola e como diferenci\u00e1-las.<\/p>\n","protected":false},"author":10,"featured_media":17195,"comment_status":"open","ping_status":"open","sticky":false,"template":"","format":"standard","meta":{"footnotes":""},"categories":[115,120],"tags":[807,808,806],"ppma_author":[3613],"class_list":{"0":"post-17168","1":"post","2":"type-post","3":"status-publish","4":"format-standard","5":"has-post-thumbnail","7":"category-clinica-medica","8":"category-pediatria","9":"tag-doencas-exantematicas","10":"tag-exantema","11":"tag-rubeola"},"yoast_head":"<!-- This site is optimized with the Yoast SEO Premium plugin v24.3 (Yoast SEO v27.4) - https:\/\/yoast.com\/product\/yoast-seo-premium-wordpress\/ -->\n<title>Doen\u00e7as exantem\u00e1ticas: Rub\u00e9ola - Blog de Medcof: conte\u00fados, editais, revalida e mais!<\/title>\n<meta name=\"description\" content=\"Nessa s\u00e9rie de posts iremos conversar sobre as principais doen\u00e7as exantem\u00e1ticas, entre elas a Rub\u00e9ola e como diferenci\u00e1-las.\" \/>\n<meta name=\"robots\" content=\"index, follow, max-snippet:-1, max-image-preview:large, max-video-preview:-1\" \/>\n<link rel=\"canonical\" href=\"https:\/\/www.grupomedcof.com.br\/blog\/doencas-exantematicas-rubeola\/\" \/>\n<meta property=\"og:locale\" content=\"pt_BR\" \/>\n<meta property=\"og:type\" content=\"article\" \/>\n<meta property=\"og:title\" content=\"Doen\u00e7as exantem\u00e1ticas: Rub\u00e9ola\" \/>\n<meta property=\"og:description\" content=\"Nessa s\u00e9rie de posts iremos conversar sobre as principais doen\u00e7as exantem\u00e1ticas, entre elas a Rub\u00e9ola e como diferenci\u00e1-las.\" \/>\n<meta property=\"og:url\" content=\"https:\/\/www.grupomedcof.com.br\/blog\/doencas-exantematicas-rubeola\/\" \/>\n<meta property=\"og:site_name\" content=\"Blog de Medcof: conte\u00fados, editais, revalida e mais!\" \/>\n<meta property=\"article:publisher\" content=\"https:\/\/www.facebook.com\/MedCofQbank\/\" \/>\n<meta property=\"article:published_time\" content=\"2024-02-01T11:23:07+00:00\" \/>\n<meta property=\"og:image\" content=\"https:\/\/www.grupomedcof.com.br\/blog\/wp-content\/uploads\/2024\/02\/Blog-MedCof-2024-02-01T082424.599-1024x576.png\" \/>\n\t<meta property=\"og:image:width\" content=\"1024\" \/>\n\t<meta property=\"og:image:height\" content=\"576\" \/>\n\t<meta property=\"og:image:type\" content=\"image\/png\" \/>\n<meta name=\"author\" content=\"Grupo MedCof\" \/>\n<meta name=\"twitter:card\" content=\"summary_large_image\" \/>\n<meta name=\"twitter:label1\" content=\"Escrito por\" \/>\n\t<meta name=\"twitter:data1\" content=\"Grupo MedCof\" \/>\n\t<meta name=\"twitter:label2\" content=\"Est. tempo de leitura\" \/>\n\t<meta name=\"twitter:data2\" content=\"5 minutos\" \/>\n<script type=\"application\/ld+json\" class=\"yoast-schema-graph\">{\"@context\":\"https:\\\/\\\/schema.org\",\"@graph\":[{\"@type\":\"Article\",\"@id\":\"https:\\\/\\\/www.grupomedcof.com.br\\\/blog\\\/doencas-exantematicas-rubeola\\\/#article\",\"isPartOf\":{\"@id\":\"https:\\\/\\\/www.grupomedcof.com.br\\\/blog\\\/doencas-exantematicas-rubeola\\\/\"},\"author\":{\"name\":\"Grupo MedCof\",\"@id\":\"https:\\\/\\\/www.grupomedcof.com.br\\\/blog\\\/#\\\/schema\\\/person\\\/5e56a3921255c01181f3d8c20d53f9c0\"},\"headline\":\"Doen\u00e7as exantem\u00e1ticas: Rub\u00e9ola\",\"datePublished\":\"2024-02-01T11:23:07+00:00\",\"mainEntityOfPage\":{\"@id\":\"https:\\\/\\\/www.grupomedcof.com.br\\\/blog\\\/doencas-exantematicas-rubeola\\\/\"},\"wordCount\":378,\"commentCount\":1,\"publisher\":{\"@id\":\"https:\\\/\\\/www.grupomedcof.com.br\\\/blog\\\/#organization\"},\"image\":{\"@id\":\"https:\\\/\\\/www.grupomedcof.com.br\\\/blog\\\/doencas-exantematicas-rubeola\\\/#primaryimage\"},\"thumbnailUrl\":\"https:\\\/\\\/www.grupomedcof.com.br\\\/blog\\\/wp-content\\\/uploads\\\/2024\\\/02\\\/Blog-MedCof-2024-02-01T082424.599.png\",\"keywords\":[\"Doen\u00e7as Exantem\u00e1ticas\",\"Exantema\",\"Rub\u00e9ola\"],\"articleSection\":[\"Cl\u00ednica M\u00e9dica\",\"Pediatria\"],\"inLanguage\":\"pt-BR\"},{\"@type\":\"WebPage\",\"@id\":\"https:\\\/\\\/www.grupomedcof.com.br\\\/blog\\\/doencas-exantematicas-rubeola\\\/\",\"url\":\"https:\\\/\\\/www.grupomedcof.com.br\\\/blog\\\/doencas-exantematicas-rubeola\\\/\",\"name\":\"Doen\u00e7as exantem\u00e1ticas: Rub\u00e9ola - Blog de Medcof: conte\u00fados, editais, revalida e mais!\",\"isPartOf\":{\"@id\":\"https:\\\/\\\/www.grupomedcof.com.br\\\/blog\\\/#website\"},\"primaryImageOfPage\":{\"@id\":\"https:\\\/\\\/www.grupomedcof.com.br\\\/blog\\\/doencas-exantematicas-rubeola\\\/#primaryimage\"},\"image\":{\"@id\":\"https:\\\/\\\/www.grupomedcof.com.br\\\/blog\\\/doencas-exantematicas-rubeola\\\/#primaryimage\"},\"thumbnailUrl\":\"https:\\\/\\\/www.grupomedcof.com.br\\\/blog\\\/wp-content\\\/uploads\\\/2024\\\/02\\\/Blog-MedCof-2024-02-01T082424.599.png\",\"datePublished\":\"2024-02-01T11:23:07+00:00\",\"description\":\"Nessa s\u00e9rie de posts iremos conversar sobre as principais doen\u00e7as exantem\u00e1ticas, entre elas a Rub\u00e9ola e como diferenci\u00e1-las.\",\"breadcrumb\":{\"@id\":\"https:\\\/\\\/www.grupomedcof.com.br\\\/blog\\\/doencas-exantematicas-rubeola\\\/#breadcrumb\"},\"inLanguage\":\"pt-BR\",\"potentialAction\":[{\"@type\":\"ReadAction\",\"target\":[\"https:\\\/\\\/www.grupomedcof.com.br\\\/blog\\\/doencas-exantematicas-rubeola\\\/\"]}]},{\"@type\":\"ImageObject\",\"inLanguage\":\"pt-BR\",\"@id\":\"https:\\\/\\\/www.grupomedcof.com.br\\\/blog\\\/doencas-exantematicas-rubeola\\\/#primaryimage\",\"url\":\"https:\\\/\\\/www.grupomedcof.com.br\\\/blog\\\/wp-content\\\/uploads\\\/2024\\\/02\\\/Blog-MedCof-2024-02-01T082424.599.png\",\"contentUrl\":\"https:\\\/\\\/www.grupomedcof.com.br\\\/blog\\\/wp-content\\\/uploads\\\/2024\\\/02\\\/Blog-MedCof-2024-02-01T082424.599.png\",\"width\":2560,\"height\":1440},{\"@type\":\"BreadcrumbList\",\"@id\":\"https:\\\/\\\/www.grupomedcof.com.br\\\/blog\\\/doencas-exantematicas-rubeola\\\/#breadcrumb\",\"itemListElement\":[{\"@type\":\"ListItem\",\"position\":1,\"name\":\"In\u00edcio\",\"item\":\"https:\\\/\\\/www.grupomedcof.com.br\\\/blog\\\/\"},{\"@type\":\"ListItem\",\"position\":2,\"name\":\"Doen\u00e7as exantem\u00e1ticas: Rub\u00e9ola\"}]},{\"@type\":\"WebSite\",\"@id\":\"https:\\\/\\\/www.grupomedcof.com.br\\\/blog\\\/#website\",\"url\":\"https:\\\/\\\/www.grupomedcof.com.br\\\/blog\\\/\",\"name\":\"Blog de Medcof: conte\u00fados, editais, revalida e mais!\",\"description\":\"Acesso o blog de MedCof! Seu portal de conte\u00fados sobre resid\u00eancia m\u00e9dica, an\u00e1lise e editais e muito mais. Clique e confira!\",\"publisher\":{\"@id\":\"https:\\\/\\\/www.grupomedcof.com.br\\\/blog\\\/#organization\"},\"alternateName\":\"Blog de Medcof: conte\u00fados, editais, revalida e mais!\",\"potentialAction\":[{\"@type\":\"SearchAction\",\"target\":{\"@type\":\"EntryPoint\",\"urlTemplate\":\"https:\\\/\\\/www.grupomedcof.com.br\\\/blog\\\/?s={search_term_string}\"},\"query-input\":{\"@type\":\"PropertyValueSpecification\",\"valueRequired\":true,\"valueName\":\"search_term_string\"}}],\"inLanguage\":\"pt-BR\"},{\"@type\":\"Organization\",\"@id\":\"https:\\\/\\\/www.grupomedcof.com.br\\\/blog\\\/#organization\",\"name\":\"Grupo MedCof\",\"url\":\"https:\\\/\\\/www.grupomedcof.com.br\\\/blog\\\/\",\"logo\":{\"@type\":\"ImageObject\",\"inLanguage\":\"pt-BR\",\"@id\":\"https:\\\/\\\/www.grupomedcof.com.br\\\/blog\\\/#\\\/schema\\\/logo\\\/image\\\/\",\"url\":\"https:\\\/\\\/www.grupomedcof.com.br\\\/blog\\\/wp-content\\\/uploads\\\/2022\\\/01\\\/logo-medcof.png\",\"contentUrl\":\"https:\\\/\\\/www.grupomedcof.com.br\\\/blog\\\/wp-content\\\/uploads\\\/2022\\\/01\\\/logo-medcof.png\",\"width\":768,\"height\":269,\"caption\":\"Grupo MedCof\"},\"image\":{\"@id\":\"https:\\\/\\\/www.grupomedcof.com.br\\\/blog\\\/#\\\/schema\\\/logo\\\/image\\\/\"},\"sameAs\":[\"https:\\\/\\\/www.facebook.com\\\/MedCofQbank\\\/\",\"https:\\\/\\\/www.instagram.com\\\/grupomedcof\\\/\",\"https:\\\/\\\/br.linkedin.com\\\/company\\\/medcof\",\"https:\\\/\\\/www.youtube.com\\\/channel\\\/UCdHMuOHKICxcHwecxN8P-AA\"]},{\"@type\":\"Person\",\"@id\":\"https:\\\/\\\/www.grupomedcof.com.br\\\/blog\\\/#\\\/schema\\\/person\\\/5e56a3921255c01181f3d8c20d53f9c0\",\"name\":\"Grupo MedCof\",\"image\":{\"@type\":\"ImageObject\",\"inLanguage\":\"pt-BR\",\"@id\":\"https:\\\/\\\/www.grupomedcof.com.br\\\/blog\\\/wp-content\\\/uploads\\\/2023\\\/04\\\/cropped-cropped-cropped-cropped-logo-96x96.png28585d174f19c23095510da5f63bc127\",\"url\":\"https:\\\/\\\/www.grupomedcof.com.br\\\/blog\\\/wp-content\\\/uploads\\\/2023\\\/04\\\/cropped-cropped-cropped-cropped-logo-96x96.png\",\"contentUrl\":\"https:\\\/\\\/www.grupomedcof.com.br\\\/blog\\\/wp-content\\\/uploads\\\/2023\\\/04\\\/cropped-cropped-cropped-cropped-logo-96x96.png\",\"caption\":\"Grupo MedCof\"},\"description\":\"Tendo aulas baseadas em quest\u00f5es, + de 115 subespecialistas dispon\u00edveis e uma metodologia \u00fanica, voc\u00ea pode se juntar ao nosso time que conta com mais de 10 mil ...\",\"url\":\"https:\\\/\\\/www.grupomedcof.com.br\\\/blog\\\/author\\\/grupo-medcof\\\/\"}]}<\/script>\n<!-- \/ Yoast SEO Premium plugin. -->","yoast_head_json":{"title":"Doen\u00e7as exantem\u00e1ticas: Rub\u00e9ola - Blog de Medcof: conte\u00fados, editais, revalida e mais!","description":"Nessa s\u00e9rie de posts iremos conversar sobre as principais doen\u00e7as exantem\u00e1ticas, entre elas a Rub\u00e9ola e como diferenci\u00e1-las.","robots":{"index":"index","follow":"follow","max-snippet":"max-snippet:-1","max-image-preview":"max-image-preview:large","max-video-preview":"max-video-preview:-1"},"canonical":"https:\/\/www.grupomedcof.com.br\/blog\/doencas-exantematicas-rubeola\/","og_locale":"pt_BR","og_type":"article","og_title":"Doen\u00e7as exantem\u00e1ticas: Rub\u00e9ola","og_description":"Nessa s\u00e9rie de posts iremos conversar sobre as principais doen\u00e7as exantem\u00e1ticas, entre elas a Rub\u00e9ola e como diferenci\u00e1-las.","og_url":"https:\/\/www.grupomedcof.com.br\/blog\/doencas-exantematicas-rubeola\/","og_site_name":"Blog de Medcof: conte\u00fados, editais, revalida e mais!","article_publisher":"https:\/\/www.facebook.com\/MedCofQbank\/","article_published_time":"2024-02-01T11:23:07+00:00","og_image":[{"width":1024,"height":576,"url":"https:\/\/www.grupomedcof.com.br\/blog\/wp-content\/uploads\/2024\/02\/Blog-MedCof-2024-02-01T082424.599-1024x576.png","type":"image\/png"}],"author":"Grupo MedCof","twitter_card":"summary_large_image","twitter_misc":{"Escrito por":"Grupo MedCof","Est. tempo de leitura":"5 minutos"},"schema":{"@context":"https:\/\/schema.org","@graph":[{"@type":"Article","@id":"https:\/\/www.grupomedcof.com.br\/blog\/doencas-exantematicas-rubeola\/#article","isPartOf":{"@id":"https:\/\/www.grupomedcof.com.br\/blog\/doencas-exantematicas-rubeola\/"},"author":{"name":"Grupo MedCof","@id":"https:\/\/www.grupomedcof.com.br\/blog\/#\/schema\/person\/5e56a3921255c01181f3d8c20d53f9c0"},"headline":"Doen\u00e7as exantem\u00e1ticas: Rub\u00e9ola","datePublished":"2024-02-01T11:23:07+00:00","mainEntityOfPage":{"@id":"https:\/\/www.grupomedcof.com.br\/blog\/doencas-exantematicas-rubeola\/"},"wordCount":378,"commentCount":1,"publisher":{"@id":"https:\/\/www.grupomedcof.com.br\/blog\/#organization"},"image":{"@id":"https:\/\/www.grupomedcof.com.br\/blog\/doencas-exantematicas-rubeola\/#primaryimage"},"thumbnailUrl":"https:\/\/www.grupomedcof.com.br\/blog\/wp-content\/uploads\/2024\/02\/Blog-MedCof-2024-02-01T082424.599.png","keywords":["Doen\u00e7as Exantem\u00e1ticas","Exantema","Rub\u00e9ola"],"articleSection":["Cl\u00ednica M\u00e9dica","Pediatria"],"inLanguage":"pt-BR"},{"@type":"WebPage","@id":"https:\/\/www.grupomedcof.com.br\/blog\/doencas-exantematicas-rubeola\/","url":"https:\/\/www.grupomedcof.com.br\/blog\/doencas-exantematicas-rubeola\/","name":"Doen\u00e7as exantem\u00e1ticas: Rub\u00e9ola - Blog de Medcof: conte\u00fados, editais, revalida e mais!","isPartOf":{"@id":"https:\/\/www.grupomedcof.com.br\/blog\/#website"},"primaryImageOfPage":{"@id":"https:\/\/www.grupomedcof.com.br\/blog\/doencas-exantematicas-rubeola\/#primaryimage"},"image":{"@id":"https:\/\/www.grupomedcof.com.br\/blog\/doencas-exantematicas-rubeola\/#primaryimage"},"thumbnailUrl":"https:\/\/www.grupomedcof.com.br\/blog\/wp-content\/uploads\/2024\/02\/Blog-MedCof-2024-02-01T082424.599.png","datePublished":"2024-02-01T11:23:07+00:00","description":"Nessa s\u00e9rie de posts iremos conversar sobre as principais doen\u00e7as exantem\u00e1ticas, entre elas a Rub\u00e9ola e como diferenci\u00e1-las.","breadcrumb":{"@id":"https:\/\/www.grupomedcof.com.br\/blog\/doencas-exantematicas-rubeola\/#breadcrumb"},"inLanguage":"pt-BR","potentialAction":[{"@type":"ReadAction","target":["https:\/\/www.grupomedcof.com.br\/blog\/doencas-exantematicas-rubeola\/"]}]},{"@type":"ImageObject","inLanguage":"pt-BR","@id":"https:\/\/www.grupomedcof.com.br\/blog\/doencas-exantematicas-rubeola\/#primaryimage","url":"https:\/\/www.grupomedcof.com.br\/blog\/wp-content\/uploads\/2024\/02\/Blog-MedCof-2024-02-01T082424.599.png","contentUrl":"https:\/\/www.grupomedcof.com.br\/blog\/wp-content\/uploads\/2024\/02\/Blog-MedCof-2024-02-01T082424.599.png","width":2560,"height":1440},{"@type":"BreadcrumbList","@id":"https:\/\/www.grupomedcof.com.br\/blog\/doencas-exantematicas-rubeola\/#breadcrumb","itemListElement":[{"@type":"ListItem","position":1,"name":"In\u00edcio","item":"https:\/\/www.grupomedcof.com.br\/blog\/"},{"@type":"ListItem","position":2,"name":"Doen\u00e7as exantem\u00e1ticas: Rub\u00e9ola"}]},{"@type":"WebSite","@id":"https:\/\/www.grupomedcof.com.br\/blog\/#website","url":"https:\/\/www.grupomedcof.com.br\/blog\/","name":"Blog de Medcof: conte\u00fados, editais, revalida e mais!","description":"Acesso o blog de MedCof! Seu portal de conte\u00fados sobre resid\u00eancia m\u00e9dica, an\u00e1lise e editais e muito mais. Clique e confira!","publisher":{"@id":"https:\/\/www.grupomedcof.com.br\/blog\/#organization"},"alternateName":"Blog de Medcof: conte\u00fados, editais, revalida e mais!","potentialAction":[{"@type":"SearchAction","target":{"@type":"EntryPoint","urlTemplate":"https:\/\/www.grupomedcof.com.br\/blog\/?s={search_term_string}"},"query-input":{"@type":"PropertyValueSpecification","valueRequired":true,"valueName":"search_term_string"}}],"inLanguage":"pt-BR"},{"@type":"Organization","@id":"https:\/\/www.grupomedcof.com.br\/blog\/#organization","name":"Grupo MedCof","url":"https:\/\/www.grupomedcof.com.br\/blog\/","logo":{"@type":"ImageObject","inLanguage":"pt-BR","@id":"https:\/\/www.grupomedcof.com.br\/blog\/#\/schema\/logo\/image\/","url":"https:\/\/www.grupomedcof.com.br\/blog\/wp-content\/uploads\/2022\/01\/logo-medcof.png","contentUrl":"https:\/\/www.grupomedcof.com.br\/blog\/wp-content\/uploads\/2022\/01\/logo-medcof.png","width":768,"height":269,"caption":"Grupo MedCof"},"image":{"@id":"https:\/\/www.grupomedcof.com.br\/blog\/#\/schema\/logo\/image\/"},"sameAs":["https:\/\/www.facebook.com\/MedCofQbank\/","https:\/\/www.instagram.com\/grupomedcof\/","https:\/\/br.linkedin.com\/company\/medcof","https:\/\/www.youtube.com\/channel\/UCdHMuOHKICxcHwecxN8P-AA"]},{"@type":"Person","@id":"https:\/\/www.grupomedcof.com.br\/blog\/#\/schema\/person\/5e56a3921255c01181f3d8c20d53f9c0","name":"Grupo MedCof","image":{"@type":"ImageObject","inLanguage":"pt-BR","@id":"https:\/\/www.grupomedcof.com.br\/blog\/wp-content\/uploads\/2023\/04\/cropped-cropped-cropped-cropped-logo-96x96.png28585d174f19c23095510da5f63bc127","url":"https:\/\/www.grupomedcof.com.br\/blog\/wp-content\/uploads\/2023\/04\/cropped-cropped-cropped-cropped-logo-96x96.png","contentUrl":"https:\/\/www.grupomedcof.com.br\/blog\/wp-content\/uploads\/2023\/04\/cropped-cropped-cropped-cropped-logo-96x96.png","caption":"Grupo MedCof"},"description":"Tendo aulas baseadas em quest\u00f5es, + de 115 subespecialistas dispon\u00edveis e uma metodologia \u00fanica, voc\u00ea pode se juntar ao nosso time que conta com mais de 10 mil ...","url":"https:\/\/www.grupomedcof.com.br\/blog\/author\/grupo-medcof\/"}]}},"authors":[{"term_id":3613,"user_id":10,"is_guest":0,"slug":"grupo-medcof","display_name":"Grupo MedCof","avatar_url":"https:\/\/www.grupomedcof.com.br\/blog\/wp-content\/uploads\/2023\/04\/cropped-cropped-cropped-cropped-logo-96x96.png","0":null,"1":"","2":"","3":"","4":"","5":"","6":"","7":"","8":""}],"_links":{"self":[{"href":"https:\/\/www.grupomedcof.com.br\/blog\/wp-json\/wp\/v2\/posts\/17168","targetHints":{"allow":["GET"]}}],"collection":[{"href":"https:\/\/www.grupomedcof.com.br\/blog\/wp-json\/wp\/v2\/posts"}],"about":[{"href":"https:\/\/www.grupomedcof.com.br\/blog\/wp-json\/wp\/v2\/types\/post"}],"author":[{"embeddable":true,"href":"https:\/\/www.grupomedcof.com.br\/blog\/wp-json\/wp\/v2\/users\/10"}],"replies":[{"embeddable":true,"href":"https:\/\/www.grupomedcof.com.br\/blog\/wp-json\/wp\/v2\/comments?post=17168"}],"version-history":[{"count":0,"href":"https:\/\/www.grupomedcof.com.br\/blog\/wp-json\/wp\/v2\/posts\/17168\/revisions"}],"wp:featuredmedia":[{"embeddable":true,"href":"https:\/\/www.grupomedcof.com.br\/blog\/wp-json\/wp\/v2\/media\/17195"}],"wp:attachment":[{"href":"https:\/\/www.grupomedcof.com.br\/blog\/wp-json\/wp\/v2\/media?parent=17168"}],"wp:term":[{"taxonomy":"category","embeddable":true,"href":"https:\/\/www.grupomedcof.com.br\/blog\/wp-json\/wp\/v2\/categories?post=17168"},{"taxonomy":"post_tag","embeddable":true,"href":"https:\/\/www.grupomedcof.com.br\/blog\/wp-json\/wp\/v2\/tags?post=17168"},{"taxonomy":"author","embeddable":true,"href":"https:\/\/www.grupomedcof.com.br\/blog\/wp-json\/wp\/v2\/ppma_author?post=17168"}],"curies":[{"name":"wp","href":"https:\/\/api.w.org\/{rel}","templated":true}]}}