{"id":17346,"date":"2026-02-06T08:59:40","date_gmt":"2026-02-06T11:59:40","guid":{"rendered":"https:\/\/www.grupomedcof.com.br\/blog\/?p=17346"},"modified":"2026-02-06T09:55:06","modified_gmt":"2026-02-06T12:55:06","slug":"atualizacao-vacina-dengue","status":"publish","type":"post","link":"https:\/\/www.grupomedcof.com.br\/blog\/atualizacao-vacina-dengue\/","title":{"rendered":"Vacina da dengue \u00e9 ampliada para crian\u00e7as e adolescentes de 10 a 14 anos em todos os munic\u00edpios do Brasil"},"content":{"rendered":"<div id=\"ez-toc-container\" class=\"ez-toc-v2_0_74 counter-hierarchy ez-toc-counter ez-toc-transparent ez-toc-container-direction\">\n<div class=\"ez-toc-title-container\">\n<p class=\"ez-toc-title\" style=\"cursor:inherit\">Sum\u00e1rio<\/p>\n<span class=\"ez-toc-title-toggle\"><a href=\"#\" class=\"ez-toc-pull-right ez-toc-btn ez-toc-btn-xs ez-toc-btn-default ez-toc-toggle\" aria-label=\"Alternar tabela de conte\u00fado\"><span class=\"ez-toc-js-icon-con\"><span class=\"\"><span class=\"eztoc-hide\" style=\"display:none;\">Toggle<\/span><span class=\"ez-toc-icon-toggle-span\"><svg style=\"fill: #999;color:#999\" xmlns=\"http:\/\/www.w3.org\/2000\/svg\" class=\"list-377408\" width=\"20px\" height=\"20px\" viewBox=\"0 0 24 24\" fill=\"none\"><path d=\"M6 6H4v2h2V6zm14 0H8v2h12V6zM4 11h2v2H4v-2zm16 0H8v2h12v-2zM4 16h2v2H4v-2zm16 0H8v2h12v-2z\" fill=\"currentColor\"><\/path><\/svg><svg style=\"fill: #999;color:#999\" class=\"arrow-unsorted-368013\" xmlns=\"http:\/\/www.w3.org\/2000\/svg\" width=\"10px\" height=\"10px\" viewBox=\"0 0 24 24\" version=\"1.2\" baseProfile=\"tiny\"><path d=\"M18.2 9.3l-6.2-6.3-6.2 6.3c-.2.2-.3.4-.3.7s.1.5.3.7c.2.2.4.3.7.3h11c.3 0 .5-.1.7-.3.2-.2.3-.5.3-.7s-.1-.5-.3-.7zM5.8 14.7l6.2 6.3 6.2-6.3c.2-.2.3-.5.3-.7s-.1-.5-.3-.7c-.2-.2-.4-.3-.7-.3h-11c-.3 0-.5.1-.7.3-.2.2-.3.5-.3.7s.1.5.3.7z\"\/><\/svg><\/span><\/span><\/span><\/a><\/span><\/div>\n<nav><ul class='ez-toc-list ez-toc-list-level-1 ' ><li class='ez-toc-page-1 ez-toc-heading-level-2'><a class=\"ez-toc-link ez-toc-heading-1\" href=\"https:\/\/www.grupomedcof.com.br\/blog\/atualizacao-vacina-dengue\/#O_que_muda_com_a_nova_estrategia\" >O que muda com a nova estrat\u00e9gia?<\/a><\/li><li class='ez-toc-page-1 ez-toc-heading-level-2'><a class=\"ez-toc-link ez-toc-heading-2\" href=\"https:\/\/www.grupomedcof.com.br\/blog\/atualizacao-vacina-dengue\/#Quem_pode_se_vacinar\" >Quem pode se vacinar?<\/a><\/li><li class='ez-toc-page-1 ez-toc-heading-level-2'><a class=\"ez-toc-link ez-toc-heading-3\" href=\"https:\/\/www.grupomedcof.com.br\/blog\/atualizacao-vacina-dengue\/#Como_funciona_o_esquema_vacinal\" >Como funciona o esquema vacinal?<\/a><\/li><li class='ez-toc-page-1 ez-toc-heading-level-2'><a class=\"ez-toc-link ez-toc-heading-4\" href=\"https:\/\/www.grupomedcof.com.br\/blog\/atualizacao-vacina-dengue\/#Seguranca_e_monitoramento\" >Seguran\u00e7a e monitoramento<\/a><\/li><li class='ez-toc-page-1 ez-toc-heading-level-2'><a class=\"ez-toc-link ez-toc-heading-5\" href=\"https:\/\/www.grupomedcof.com.br\/blog\/atualizacao-vacina-dengue\/#Nota_Tecnica\" >Nota T\u00e9cnica<\/a><\/li><li class='ez-toc-page-1 ez-toc-heading-level-2'><a class=\"ez-toc-link ez-toc-heading-6\" href=\"https:\/\/www.grupomedcof.com.br\/blog\/atualizacao-vacina-dengue\/#Seja_um_MedCofer\" >Seja um MedCofer!<\/a><\/li><\/ul><\/nav><\/div>\n\n<figure class=\"wp-block-image size-large\"><img loading=\"lazy\" decoding=\"async\" width=\"1024\" height=\"576\" src=\"https:\/\/www.grupomedcof.com.br\/blog\/wp-content\/uploads\/2024\/02\/Modelo-instituicoes-2026-02-06T085501.952-1024x576.jpg\" alt=\"\" class=\"wp-image-41579\" srcset=\"https:\/\/www.grupomedcof.com.br\/blog\/wp-content\/uploads\/2024\/02\/Modelo-instituicoes-2026-02-06T085501.952-1024x576.jpg 1024w, https:\/\/www.grupomedcof.com.br\/blog\/wp-content\/uploads\/2024\/02\/Modelo-instituicoes-2026-02-06T085501.952-300x169.jpg 300w, https:\/\/www.grupomedcof.com.br\/blog\/wp-content\/uploads\/2024\/02\/Modelo-instituicoes-2026-02-06T085501.952-768x432.jpg 768w, https:\/\/www.grupomedcof.com.br\/blog\/wp-content\/uploads\/2024\/02\/Modelo-instituicoes-2026-02-06T085501.952-1536x864.jpg 1536w, https:\/\/www.grupomedcof.com.br\/blog\/wp-content\/uploads\/2024\/02\/Modelo-instituicoes-2026-02-06T085501.952-747x420.jpg 747w, https:\/\/www.grupomedcof.com.br\/blog\/wp-content\/uploads\/2024\/02\/Modelo-instituicoes-2026-02-06T085501.952-150x84.jpg 150w, https:\/\/www.grupomedcof.com.br\/blog\/wp-content\/uploads\/2024\/02\/Modelo-instituicoes-2026-02-06T085501.952-696x392.jpg 696w, https:\/\/www.grupomedcof.com.br\/blog\/wp-content\/uploads\/2024\/02\/Modelo-instituicoes-2026-02-06T085501.952-1068x601.jpg 1068w, https:\/\/www.grupomedcof.com.br\/blog\/wp-content\/uploads\/2024\/02\/Modelo-instituicoes-2026-02-06T085501.952.jpg 1920w\" sizes=\"auto, (max-width: 1024px) 100vw, 1024px\" \/><\/figure>\n\n\n\n<p>O Minist\u00e9rio da Sa\u00fade anunciou a <strong>amplia\u00e7\u00e3o da estrat\u00e9gia de vacina\u00e7\u00e3o contra a dengue<\/strong> para <strong>todos os munic\u00edpios brasileiros<\/strong>, contemplando <strong>crian\u00e7as e adolescentes de 10 a 14 anos<\/strong>. A medida marca um avan\u00e7o importante na preven\u00e7\u00e3o da doen\u00e7a e substitui o modelo anterior, no qual a vacina\u00e7\u00e3o estava restrita a munic\u00edpios previamente selecionados.<\/p>\n\n\n\n<p>A decis\u00e3o foi oficializada por meio da <strong>Nota T\u00e9cnica n\u00ba 4\/2026<\/strong>, publicada pelo Departamento do Programa Nacional de Imuniza\u00e7\u00f5es (DPNI), e passa a valer a partir de sua divulga\u00e7\u00e3o oficial, 15 de janeiro de 2026.<\/p>\n\n\n\n<h2 class=\"wp-block-heading\" id=\"h-o-que-muda-com-a-nova-estrategia\"><span class=\"ez-toc-section\" id=\"O_que_muda_com_a_nova_estrategia\"><\/span><strong>O que muda com a nova estrat\u00e9gia?<\/strong><span class=\"ez-toc-section-end\"><\/span><\/h2>\n\n\n\n<p>Desde a <strong>incorpora\u00e7\u00e3o da vacina contra a dengue ao Sistema \u00danico de Sa\u00fade (SUS)<\/strong>, em dezembro de <strong>2023,<\/strong> a imuniza\u00e7\u00e3o vinha sendo realizada de forma escalonada. Inicialmente, apenas <strong>521 munic\u00edpios<\/strong> foram contemplados, devido \u00e0 <strong>disponibilidade limitada de doses<\/strong> pelo laborat\u00f3rio fabricante. Esse n\u00famero foi ampliado progressivamente, alcan\u00e7ando <strong>2.752 munic\u00edpios at\u00e9 o fim de 2025<\/strong>.<\/p>\n\n\n\n<p>Agora, com a <strong>maior capacidade de fornecimento da vacina<\/strong>, o Minist\u00e9rio da Sa\u00fade autoriza a <strong>oferta universal da imuniza\u00e7\u00e3o em todo o territ\u00f3rio nacional<\/strong>, mantendo a <strong>faixa et\u00e1ria priorit\u00e1ria de 10 a 14 anos<\/strong>, conforme recomenda\u00e7\u00f5es da Organiza\u00e7\u00e3o Mundial da Sa\u00fade (OMS) e an\u00e1lises epidemiol\u00f3gicas nacionais<\/p>\n\n\n\n<h2 class=\"wp-block-heading\" id=\"h-quem-pode-se-vacinar\"><span class=\"ez-toc-section\" id=\"Quem_pode_se_vacinar\"><\/span><strong>Quem pode se vacinar?<\/strong><span class=\"ez-toc-section-end\"><\/span><\/h2>\n\n\n\n<p>A vacina\u00e7\u00e3o segue <strong>exclusivamente indicada para crian\u00e7as e adolescentes de 10 a 14 anos<\/strong>, em todos os munic\u00edpios do pa\u00eds. O Minist\u00e9rio refor\u00e7a que <strong>n\u00e3o h\u00e1, neste momento, amplia\u00e7\u00e3o para outras faixas et\u00e1rias<\/strong>, exceto em situa\u00e7\u00f5es pontuais e tempor\u00e1rias, como estrat\u00e9gias relacionadas ao vencimento de doses.<\/p>\n\n\n\n<h2 class=\"wp-block-heading\" id=\"h-como-funciona-o-esquema-vacinal\"><span class=\"ez-toc-section\" id=\"Como_funciona_o_esquema_vacinal\"><\/span><strong>Como funciona o esquema vacinal?<\/strong><span class=\"ez-toc-section-end\"><\/span><\/h2>\n\n\n\n<p>O esquema da vacina contra a dengue \u00e9 composto por <strong>duas doses<\/strong>, com <strong>intervalo de tr\u00eas meses entre elas<\/strong>. Para garantir a efic\u00e1cia e a seguran\u00e7a da imuniza\u00e7\u00e3o, \u00e9 fundamental que o esquema seja completado conforme a orienta\u00e7\u00e3o dos servi\u00e7os de sa\u00fade.<\/p>\n\n\n\n<h2 class=\"wp-block-heading\" id=\"h-seguranca-e-monitoramento\"><span class=\"ez-toc-section\" id=\"Seguranca_e_monitoramento\"><\/span><strong>Seguran\u00e7a e monitoramento<\/strong><span class=\"ez-toc-section-end\"><\/span><\/h2>\n\n\n\n<p>A amplia\u00e7\u00e3o da vacina\u00e7\u00e3o vem acompanhada do <strong>refor\u00e7o das a\u00e7\u00f5es de farmacovigil\u00e2ncia<\/strong>. Eventos adversos graves, raros ou inesperados devem ser notificados, assim como erros de imuniza\u00e7\u00e3o ou situa\u00e7\u00f5es especiais, seguindo os protocolos do SUS. A vigil\u00e2ncia ativa \u00e9 parte essencial da estrat\u00e9gia para manter a seguran\u00e7a da popula\u00e7\u00e3o vacinada.<\/p>\n\n\n\n<h2 class=\"wp-block-heading\" id=\"h-nota-tecnica\"><span class=\"ez-toc-section\" id=\"Nota_Tecnica\"><\/span><strong>Nota T\u00e9cnica<\/strong><span class=\"ez-toc-section-end\"><\/span><\/h2>\n\n\n\n<p>A nota t\u00e9cnica foi publicado pelo Minist\u00e9rio da Sa\u00fade em janeiro de 2026. Veja a seguir!<\/p>\n\n\n\n<div class=\"wp-block-buttons is-layout-flex wp-block-buttons-is-layout-flex\">\n<div class=\"wp-block-button\"><a class=\"wp-block-button__link wp-element-button\" href=\"https:\/\/www.grupomedcof.com.br\/blog\/wp-content\/uploads\/2024\/02\/Nota-Tecnica-no-4.2026-CGICI-DPNI-SVSA-MS.pdf\" target=\"_blank\" rel=\"noreferrer noopener\">Nota T\u00e9cnica n\u00ba 4\/2026-CGICI\/DPNI\/SVSA\/MS<\/a><\/div>\n<\/div>\n\n\n\n<figure class=\"wp-block-image size-large\"><a href=\"https:\/\/www.grupomedcof.com.br\/cofletters\/?clientId=&amp;utm_campaign=newsletter&amp;utm_medium=banner&amp;utm_source=blog&amp;utm_content=inscricao#https:\/\/www.grupomedcof.com.br\/blog\/\" target=\"_blank\" rel=\" noreferrer noopener\"><img loading=\"lazy\" decoding=\"async\" width=\"1024\" height=\"320\" src=\"https:\/\/www.grupomedcof.com.br\/blog\/wp-content\/uploads\/2025\/11\/Banner-MedCof-Plus-2200x460-11-1343x420-1-1024x320.png\" alt=\"\" class=\"wp-image-39227\" srcset=\"https:\/\/www.grupomedcof.com.br\/blog\/wp-content\/uploads\/2025\/11\/Banner-MedCof-Plus-2200x460-11-1343x420-1-1024x320.png 1024w, https:\/\/www.grupomedcof.com.br\/blog\/wp-content\/uploads\/2025\/11\/Banner-MedCof-Plus-2200x460-11-1343x420-1-300x94.png 300w, https:\/\/www.grupomedcof.com.br\/blog\/wp-content\/uploads\/2025\/11\/Banner-MedCof-Plus-2200x460-11-1343x420-1-768x240.png 768w, https:\/\/www.grupomedcof.com.br\/blog\/wp-content\/uploads\/2025\/11\/Banner-MedCof-Plus-2200x460-11-1343x420-1-150x47.png 150w, https:\/\/www.grupomedcof.com.br\/blog\/wp-content\/uploads\/2025\/11\/Banner-MedCof-Plus-2200x460-11-1343x420-1-696x218.png 696w, https:\/\/www.grupomedcof.com.br\/blog\/wp-content\/uploads\/2025\/11\/Banner-MedCof-Plus-2200x460-11-1343x420-1-1068x334.png 1068w, https:\/\/www.grupomedcof.com.br\/blog\/wp-content\/uploads\/2025\/11\/Banner-MedCof-Plus-2200x460-11-1343x420-1.png 1343w\" sizes=\"auto, (max-width: 1024px) 100vw, 1024px\" \/><\/a><\/figure>\n\n\n\n<pre class=\"wp-block-verse\">Leia tamb\u00e9m: <a href=\"https:\/\/www.grupomedcof.com.br\/blog\/ministerio-da-saude-anuncia-vacina-100-nacional-contra-a-dengue\/\" target=\"_blank\" rel=\"noreferrer noopener\">Anvisa aprova vacina 100% nacional contra a dengue<\/a><\/pre>\n\n\n\n<h2 class=\"wp-block-heading\" id=\"seja-um-medcofer\"><span class=\"ez-toc-section\" id=\"Seja_um_MedCofer\"><\/span><strong>Seja um MedCofer!<\/strong><span class=\"ez-toc-section-end\"><\/span><\/h2>\n\n\n\n<p>Quer alcan\u00e7ar a aprova\u00e7\u00e3o nas provas de resid\u00eancia m\u00e9dica? Ent\u00e3o seja um&nbsp;<a href=\"https:\/\/www.grupomedcof.com.br\/home\/\"><strong>MedCofer<\/strong><\/a>! Aqui te ajudaremos na busca da aprova\u00e7\u00e3o com conte\u00fados de qualidade e uma metodologia que j\u00e1 aprovou mais de 35 mil residentes no pa\u00eds! Por fim, acesse o nosso<a href=\"https:\/\/www.youtube.com\/@GrupoMedcof\/featured\">&nbsp;<strong>canal do youtube&nbsp;<\/strong><\/a>para ver o nosso material.<\/p>\n\n\n\n<figure class=\"wp-block-embed is-type-video is-provider-youtube wp-block-embed-youtube wp-embed-aspect-16-9 wp-has-aspect-ratio\"><div class=\"wp-block-embed__wrapper\">\n<div class=\"youtube-embed\" data-video_id=\"vpxE3hNdGX8\"><iframe loading=\"lazy\" title=\"Aula de vacina\u00e7\u00e3o com Dra. Jaqueline Palazzo\" width=\"696\" height=\"392\" src=\"https:\/\/www.youtube.com\/embed\/vpxE3hNdGX8?feature=oembed&#038;enablejsapi=1\" frameborder=\"0\" allow=\"accelerometer; autoplay; clipboard-write; encrypted-media; gyroscope; picture-in-picture; web-share\" referrerpolicy=\"strict-origin-when-cross-origin\" allowfullscreen><\/iframe><\/div>\n<\/div><\/figure>\n","protected":false},"excerpt":{"rendered":"<p>Confira a amplia\u00e7\u00e3o da vacina\u00e7\u00e3o contra a dengue para crian\u00e7as e adolescentes em todos os munic\u00edpios do Brasil. Saiba quem pode se vacinar!<\/p>\n","protected":false},"author":20,"featured_media":41579,"comment_status":"open","ping_status":"open","sticky":false,"template":"","format":"standard","meta":{"footnotes":""},"categories":[258,195,173,120,197,875],"tags":[541,804,196,199,874,876],"ppma_author":[3616],"class_list":{"0":"post-17346","1":"post","2":"type-post","3":"status-publish","4":"format-standard","5":"has-post-thumbnail","7":"category-atualizacoes","8":"category-infectologia","9":"category-novidades","10":"category-pediatria","11":"category-preventiva","12":"category-saude-da-familia","13":"tag-atualizacoes","14":"tag-dengue","15":"tag-infectologia","16":"tag-preventiva","17":"tag-saude-da-familia","18":"tag-vacina-da-dengue"},"yoast_head":"<!-- This site is optimized with the Yoast SEO Premium plugin v24.3 (Yoast SEO v27.4) - https:\/\/yoast.com\/product\/yoast-seo-premium-wordpress\/ -->\n<title>Vacina da dengue \u00e9 ampliada para crian\u00e7as e adolescentes de 10 a 14 anos em todos os munic\u00edpios do Brasil - Blog de Medcof: conte\u00fados, editais, revalida e mais!<\/title>\n<meta name=\"description\" content=\"Confira a amplia\u00e7\u00e3o da vacina\u00e7\u00e3o contra a dengue para crian\u00e7as e adolescentes em todos os munic\u00edpios do Brasil. Saiba quem pode se vacinar!\" \/>\n<meta name=\"robots\" content=\"index, follow, max-snippet:-1, max-image-preview:large, max-video-preview:-1\" \/>\n<link rel=\"canonical\" href=\"https:\/\/www.grupomedcof.com.br\/blog\/atualizacao-vacina-dengue\/\" \/>\n<meta property=\"og:locale\" content=\"pt_BR\" \/>\n<meta property=\"og:type\" content=\"article\" \/>\n<meta property=\"og:title\" content=\"Vacina da dengue \u00e9 ampliada para crian\u00e7as e adolescentes de 10 a 14 anos em todos os munic\u00edpios do Brasil\" \/>\n<meta property=\"og:description\" content=\"Confira a amplia\u00e7\u00e3o da vacina\u00e7\u00e3o contra a dengue para crian\u00e7as e adolescentes em todos os munic\u00edpios do Brasil. Saiba quem pode se vacinar!\" \/>\n<meta property=\"og:url\" content=\"https:\/\/www.grupomedcof.com.br\/blog\/atualizacao-vacina-dengue\/\" \/>\n<meta property=\"og:site_name\" content=\"Blog de Medcof: conte\u00fados, editais, revalida e mais!\" \/>\n<meta property=\"article:publisher\" content=\"https:\/\/www.facebook.com\/MedCofQbank\/\" \/>\n<meta property=\"article:published_time\" content=\"2026-02-06T11:59:40+00:00\" \/>\n<meta property=\"article:modified_time\" content=\"2026-02-06T12:55:06+00:00\" \/>\n<meta property=\"og:image\" content=\"https:\/\/www.grupomedcof.com.br\/blog\/wp-content\/uploads\/2024\/02\/Modelo-instituicoes-2026-02-06T085501.952.jpg\" \/>\n\t<meta property=\"og:image:width\" content=\"1920\" \/>\n\t<meta property=\"og:image:height\" content=\"1080\" \/>\n\t<meta property=\"og:image:type\" content=\"image\/jpeg\" \/>\n<meta name=\"author\" content=\"Leila Menzel\" \/>\n<meta name=\"twitter:card\" content=\"summary_large_image\" \/>\n<meta name=\"twitter:label1\" content=\"Escrito por\" \/>\n\t<meta name=\"twitter:data1\" content=\"Leila Menzel\" \/>\n\t<meta name=\"twitter:label2\" content=\"Est. tempo de leitura\" \/>\n\t<meta name=\"twitter:data2\" content=\"3 minutos\" \/>\n<script type=\"application\/ld+json\" class=\"yoast-schema-graph\">{\"@context\":\"https:\\\/\\\/schema.org\",\"@graph\":[{\"@type\":\"Article\",\"@id\":\"https:\\\/\\\/www.grupomedcof.com.br\\\/blog\\\/atualizacao-vacina-dengue\\\/#article\",\"isPartOf\":{\"@id\":\"https:\\\/\\\/www.grupomedcof.com.br\\\/blog\\\/atualizacao-vacina-dengue\\\/\"},\"author\":{\"name\":\"Leila Menzel\",\"@id\":\"https:\\\/\\\/www.grupomedcof.com.br\\\/blog\\\/#\\\/schema\\\/person\\\/9a44c2184a836bf5ae6967fdb3a1451e\"},\"headline\":\"Vacina da dengue \u00e9 ampliada para crian\u00e7as e adolescentes de 10 a 14 anos em todos os munic\u00edpios do Brasil\",\"datePublished\":\"2026-02-06T11:59:40+00:00\",\"dateModified\":\"2026-02-06T12:55:06+00:00\",\"mainEntityOfPage\":{\"@id\":\"https:\\\/\\\/www.grupomedcof.com.br\\\/blog\\\/atualizacao-vacina-dengue\\\/\"},\"wordCount\":513,\"commentCount\":1,\"publisher\":{\"@id\":\"https:\\\/\\\/www.grupomedcof.com.br\\\/blog\\\/#organization\"},\"image\":{\"@id\":\"https:\\\/\\\/www.grupomedcof.com.br\\\/blog\\\/atualizacao-vacina-dengue\\\/#primaryimage\"},\"thumbnailUrl\":\"https:\\\/\\\/www.grupomedcof.com.br\\\/blog\\\/wp-content\\\/uploads\\\/2024\\\/02\\\/Modelo-instituicoes-2026-02-06T085501.952.jpg\",\"keywords\":[\"Atualiza\u00e7\u00f5es\",\"Dengue\",\"Infectologia\",\"Preventiva\",\"Sa\u00fade da Fam\u00edlia\",\"vacina da dengue\"],\"articleSection\":[\"Atualiza\u00e7\u00f5es\",\"Infectologia\",\"Novidades\",\"Pediatria\",\"Preventiva\",\"Sa\u00fade da Fam\u00edlia\"],\"inLanguage\":\"pt-BR\"},{\"@type\":\"WebPage\",\"@id\":\"https:\\\/\\\/www.grupomedcof.com.br\\\/blog\\\/atualizacao-vacina-dengue\\\/\",\"url\":\"https:\\\/\\\/www.grupomedcof.com.br\\\/blog\\\/atualizacao-vacina-dengue\\\/\",\"name\":\"Vacina da dengue \u00e9 ampliada para crian\u00e7as e adolescentes de 10 a 14 anos em todos os munic\u00edpios do Brasil - Blog de Medcof: conte\u00fados, editais, revalida e mais!\",\"isPartOf\":{\"@id\":\"https:\\\/\\\/www.grupomedcof.com.br\\\/blog\\\/#website\"},\"primaryImageOfPage\":{\"@id\":\"https:\\\/\\\/www.grupomedcof.com.br\\\/blog\\\/atualizacao-vacina-dengue\\\/#primaryimage\"},\"image\":{\"@id\":\"https:\\\/\\\/www.grupomedcof.com.br\\\/blog\\\/atualizacao-vacina-dengue\\\/#primaryimage\"},\"thumbnailUrl\":\"https:\\\/\\\/www.grupomedcof.com.br\\\/blog\\\/wp-content\\\/uploads\\\/2024\\\/02\\\/Modelo-instituicoes-2026-02-06T085501.952.jpg\",\"datePublished\":\"2026-02-06T11:59:40+00:00\",\"dateModified\":\"2026-02-06T12:55:06+00:00\",\"description\":\"Confira a amplia\u00e7\u00e3o da vacina\u00e7\u00e3o contra a dengue para crian\u00e7as e adolescentes em todos os munic\u00edpios do Brasil. Saiba quem pode se vacinar!\",\"breadcrumb\":{\"@id\":\"https:\\\/\\\/www.grupomedcof.com.br\\\/blog\\\/atualizacao-vacina-dengue\\\/#breadcrumb\"},\"inLanguage\":\"pt-BR\",\"potentialAction\":[{\"@type\":\"ReadAction\",\"target\":[\"https:\\\/\\\/www.grupomedcof.com.br\\\/blog\\\/atualizacao-vacina-dengue\\\/\"]}]},{\"@type\":\"ImageObject\",\"inLanguage\":\"pt-BR\",\"@id\":\"https:\\\/\\\/www.grupomedcof.com.br\\\/blog\\\/atualizacao-vacina-dengue\\\/#primaryimage\",\"url\":\"https:\\\/\\\/www.grupomedcof.com.br\\\/blog\\\/wp-content\\\/uploads\\\/2024\\\/02\\\/Modelo-instituicoes-2026-02-06T085501.952.jpg\",\"contentUrl\":\"https:\\\/\\\/www.grupomedcof.com.br\\\/blog\\\/wp-content\\\/uploads\\\/2024\\\/02\\\/Modelo-instituicoes-2026-02-06T085501.952.jpg\",\"width\":1920,\"height\":1080},{\"@type\":\"BreadcrumbList\",\"@id\":\"https:\\\/\\\/www.grupomedcof.com.br\\\/blog\\\/atualizacao-vacina-dengue\\\/#breadcrumb\",\"itemListElement\":[{\"@type\":\"ListItem\",\"position\":1,\"name\":\"In\u00edcio\",\"item\":\"https:\\\/\\\/www.grupomedcof.com.br\\\/blog\\\/\"},{\"@type\":\"ListItem\",\"position\":2,\"name\":\"Vacina da dengue \u00e9 ampliada para crian\u00e7as e adolescentes de 10 a 14 anos em todos os munic\u00edpios do Brasil\"}]},{\"@type\":\"WebSite\",\"@id\":\"https:\\\/\\\/www.grupomedcof.com.br\\\/blog\\\/#website\",\"url\":\"https:\\\/\\\/www.grupomedcof.com.br\\\/blog\\\/\",\"name\":\"Blog de Medcof: conte\u00fados, editais, revalida e mais!\",\"description\":\"Acesso o blog de MedCof! Seu portal de conte\u00fados sobre resid\u00eancia m\u00e9dica, an\u00e1lise e editais e muito mais. Clique e confira!\",\"publisher\":{\"@id\":\"https:\\\/\\\/www.grupomedcof.com.br\\\/blog\\\/#organization\"},\"alternateName\":\"Blog de Medcof: conte\u00fados, editais, revalida e mais!\",\"potentialAction\":[{\"@type\":\"SearchAction\",\"target\":{\"@type\":\"EntryPoint\",\"urlTemplate\":\"https:\\\/\\\/www.grupomedcof.com.br\\\/blog\\\/?s={search_term_string}\"},\"query-input\":{\"@type\":\"PropertyValueSpecification\",\"valueRequired\":true,\"valueName\":\"search_term_string\"}}],\"inLanguage\":\"pt-BR\"},{\"@type\":\"Organization\",\"@id\":\"https:\\\/\\\/www.grupomedcof.com.br\\\/blog\\\/#organization\",\"name\":\"Grupo MedCof\",\"url\":\"https:\\\/\\\/www.grupomedcof.com.br\\\/blog\\\/\",\"logo\":{\"@type\":\"ImageObject\",\"inLanguage\":\"pt-BR\",\"@id\":\"https:\\\/\\\/www.grupomedcof.com.br\\\/blog\\\/#\\\/schema\\\/logo\\\/image\\\/\",\"url\":\"https:\\\/\\\/www.grupomedcof.com.br\\\/blog\\\/wp-content\\\/uploads\\\/2022\\\/01\\\/logo-medcof.png\",\"contentUrl\":\"https:\\\/\\\/www.grupomedcof.com.br\\\/blog\\\/wp-content\\\/uploads\\\/2022\\\/01\\\/logo-medcof.png\",\"width\":768,\"height\":269,\"caption\":\"Grupo MedCof\"},\"image\":{\"@id\":\"https:\\\/\\\/www.grupomedcof.com.br\\\/blog\\\/#\\\/schema\\\/logo\\\/image\\\/\"},\"sameAs\":[\"https:\\\/\\\/www.facebook.com\\\/MedCofQbank\\\/\",\"https:\\\/\\\/www.instagram.com\\\/grupomedcof\\\/\",\"https:\\\/\\\/br.linkedin.com\\\/company\\\/medcof\",\"https:\\\/\\\/www.youtube.com\\\/channel\\\/UCdHMuOHKICxcHwecxN8P-AA\"]},{\"@type\":\"Person\",\"@id\":\"https:\\\/\\\/www.grupomedcof.com.br\\\/blog\\\/#\\\/schema\\\/person\\\/9a44c2184a836bf5ae6967fdb3a1451e\",\"name\":\"Leila Menzel\",\"image\":{\"@type\":\"ImageObject\",\"inLanguage\":\"pt-BR\",\"@id\":\"https:\\\/\\\/www.grupomedcof.com.br\\\/blog\\\/wp-content\\\/uploads\\\/2025\\\/09\\\/cropped-eu-96x96.jpeg19a74936d997c0a8b3031618467fa1d0\",\"url\":\"https:\\\/\\\/www.grupomedcof.com.br\\\/blog\\\/wp-content\\\/uploads\\\/2025\\\/09\\\/cropped-eu-96x96.jpeg\",\"contentUrl\":\"https:\\\/\\\/www.grupomedcof.com.br\\\/blog\\\/wp-content\\\/uploads\\\/2025\\\/09\\\/cropped-eu-96x96.jpeg\",\"caption\":\"Leila Menzel\"},\"description\":\"Estudante do 6\u00b0 semestre de jornalismo, amo e escrevo poesias e viajo em livros de romances clich\u00eas.\",\"url\":\"https:\\\/\\\/www.grupomedcof.com.br\\\/blog\\\/author\\\/leila-menzel\\\/\"}]}<\/script>\n<!-- \/ Yoast SEO Premium plugin. -->","yoast_head_json":{"title":"Vacina da dengue \u00e9 ampliada para crian\u00e7as e adolescentes de 10 a 14 anos em todos os munic\u00edpios do Brasil - Blog de Medcof: conte\u00fados, editais, revalida e mais!","description":"Confira a amplia\u00e7\u00e3o da vacina\u00e7\u00e3o contra a dengue para crian\u00e7as e adolescentes em todos os munic\u00edpios do Brasil. Saiba quem pode se vacinar!","robots":{"index":"index","follow":"follow","max-snippet":"max-snippet:-1","max-image-preview":"max-image-preview:large","max-video-preview":"max-video-preview:-1"},"canonical":"https:\/\/www.grupomedcof.com.br\/blog\/atualizacao-vacina-dengue\/","og_locale":"pt_BR","og_type":"article","og_title":"Vacina da dengue \u00e9 ampliada para crian\u00e7as e adolescentes de 10 a 14 anos em todos os munic\u00edpios do Brasil","og_description":"Confira a amplia\u00e7\u00e3o da vacina\u00e7\u00e3o contra a dengue para crian\u00e7as e adolescentes em todos os munic\u00edpios do Brasil. Saiba quem pode se vacinar!","og_url":"https:\/\/www.grupomedcof.com.br\/blog\/atualizacao-vacina-dengue\/","og_site_name":"Blog de Medcof: conte\u00fados, editais, revalida e mais!","article_publisher":"https:\/\/www.facebook.com\/MedCofQbank\/","article_published_time":"2026-02-06T11:59:40+00:00","article_modified_time":"2026-02-06T12:55:06+00:00","og_image":[{"width":1920,"height":1080,"url":"https:\/\/www.grupomedcof.com.br\/blog\/wp-content\/uploads\/2024\/02\/Modelo-instituicoes-2026-02-06T085501.952.jpg","type":"image\/jpeg"}],"author":"Leila Menzel","twitter_card":"summary_large_image","twitter_misc":{"Escrito por":"Leila Menzel","Est. tempo de leitura":"3 minutos"},"schema":{"@context":"https:\/\/schema.org","@graph":[{"@type":"Article","@id":"https:\/\/www.grupomedcof.com.br\/blog\/atualizacao-vacina-dengue\/#article","isPartOf":{"@id":"https:\/\/www.grupomedcof.com.br\/blog\/atualizacao-vacina-dengue\/"},"author":{"name":"Leila Menzel","@id":"https:\/\/www.grupomedcof.com.br\/blog\/#\/schema\/person\/9a44c2184a836bf5ae6967fdb3a1451e"},"headline":"Vacina da dengue \u00e9 ampliada para crian\u00e7as e adolescentes de 10 a 14 anos em todos os munic\u00edpios do Brasil","datePublished":"2026-02-06T11:59:40+00:00","dateModified":"2026-02-06T12:55:06+00:00","mainEntityOfPage":{"@id":"https:\/\/www.grupomedcof.com.br\/blog\/atualizacao-vacina-dengue\/"},"wordCount":513,"commentCount":1,"publisher":{"@id":"https:\/\/www.grupomedcof.com.br\/blog\/#organization"},"image":{"@id":"https:\/\/www.grupomedcof.com.br\/blog\/atualizacao-vacina-dengue\/#primaryimage"},"thumbnailUrl":"https:\/\/www.grupomedcof.com.br\/blog\/wp-content\/uploads\/2024\/02\/Modelo-instituicoes-2026-02-06T085501.952.jpg","keywords":["Atualiza\u00e7\u00f5es","Dengue","Infectologia","Preventiva","Sa\u00fade da Fam\u00edlia","vacina da dengue"],"articleSection":["Atualiza\u00e7\u00f5es","Infectologia","Novidades","Pediatria","Preventiva","Sa\u00fade da Fam\u00edlia"],"inLanguage":"pt-BR"},{"@type":"WebPage","@id":"https:\/\/www.grupomedcof.com.br\/blog\/atualizacao-vacina-dengue\/","url":"https:\/\/www.grupomedcof.com.br\/blog\/atualizacao-vacina-dengue\/","name":"Vacina da dengue \u00e9 ampliada para crian\u00e7as e adolescentes de 10 a 14 anos em todos os munic\u00edpios do Brasil - Blog de Medcof: conte\u00fados, editais, revalida e mais!","isPartOf":{"@id":"https:\/\/www.grupomedcof.com.br\/blog\/#website"},"primaryImageOfPage":{"@id":"https:\/\/www.grupomedcof.com.br\/blog\/atualizacao-vacina-dengue\/#primaryimage"},"image":{"@id":"https:\/\/www.grupomedcof.com.br\/blog\/atualizacao-vacina-dengue\/#primaryimage"},"thumbnailUrl":"https:\/\/www.grupomedcof.com.br\/blog\/wp-content\/uploads\/2024\/02\/Modelo-instituicoes-2026-02-06T085501.952.jpg","datePublished":"2026-02-06T11:59:40+00:00","dateModified":"2026-02-06T12:55:06+00:00","description":"Confira a amplia\u00e7\u00e3o da vacina\u00e7\u00e3o contra a dengue para crian\u00e7as e adolescentes em todos os munic\u00edpios do Brasil. Saiba quem pode se vacinar!","breadcrumb":{"@id":"https:\/\/www.grupomedcof.com.br\/blog\/atualizacao-vacina-dengue\/#breadcrumb"},"inLanguage":"pt-BR","potentialAction":[{"@type":"ReadAction","target":["https:\/\/www.grupomedcof.com.br\/blog\/atualizacao-vacina-dengue\/"]}]},{"@type":"ImageObject","inLanguage":"pt-BR","@id":"https:\/\/www.grupomedcof.com.br\/blog\/atualizacao-vacina-dengue\/#primaryimage","url":"https:\/\/www.grupomedcof.com.br\/blog\/wp-content\/uploads\/2024\/02\/Modelo-instituicoes-2026-02-06T085501.952.jpg","contentUrl":"https:\/\/www.grupomedcof.com.br\/blog\/wp-content\/uploads\/2024\/02\/Modelo-instituicoes-2026-02-06T085501.952.jpg","width":1920,"height":1080},{"@type":"BreadcrumbList","@id":"https:\/\/www.grupomedcof.com.br\/blog\/atualizacao-vacina-dengue\/#breadcrumb","itemListElement":[{"@type":"ListItem","position":1,"name":"In\u00edcio","item":"https:\/\/www.grupomedcof.com.br\/blog\/"},{"@type":"ListItem","position":2,"name":"Vacina da dengue \u00e9 ampliada para crian\u00e7as e adolescentes de 10 a 14 anos em todos os munic\u00edpios do Brasil"}]},{"@type":"WebSite","@id":"https:\/\/www.grupomedcof.com.br\/blog\/#website","url":"https:\/\/www.grupomedcof.com.br\/blog\/","name":"Blog de Medcof: conte\u00fados, editais, revalida e mais!","description":"Acesso o blog de MedCof! Seu portal de conte\u00fados sobre resid\u00eancia m\u00e9dica, an\u00e1lise e editais e muito mais. Clique e confira!","publisher":{"@id":"https:\/\/www.grupomedcof.com.br\/blog\/#organization"},"alternateName":"Blog de Medcof: conte\u00fados, editais, revalida e mais!","potentialAction":[{"@type":"SearchAction","target":{"@type":"EntryPoint","urlTemplate":"https:\/\/www.grupomedcof.com.br\/blog\/?s={search_term_string}"},"query-input":{"@type":"PropertyValueSpecification","valueRequired":true,"valueName":"search_term_string"}}],"inLanguage":"pt-BR"},{"@type":"Organization","@id":"https:\/\/www.grupomedcof.com.br\/blog\/#organization","name":"Grupo MedCof","url":"https:\/\/www.grupomedcof.com.br\/blog\/","logo":{"@type":"ImageObject","inLanguage":"pt-BR","@id":"https:\/\/www.grupomedcof.com.br\/blog\/#\/schema\/logo\/image\/","url":"https:\/\/www.grupomedcof.com.br\/blog\/wp-content\/uploads\/2022\/01\/logo-medcof.png","contentUrl":"https:\/\/www.grupomedcof.com.br\/blog\/wp-content\/uploads\/2022\/01\/logo-medcof.png","width":768,"height":269,"caption":"Grupo MedCof"},"image":{"@id":"https:\/\/www.grupomedcof.com.br\/blog\/#\/schema\/logo\/image\/"},"sameAs":["https:\/\/www.facebook.com\/MedCofQbank\/","https:\/\/www.instagram.com\/grupomedcof\/","https:\/\/br.linkedin.com\/company\/medcof","https:\/\/www.youtube.com\/channel\/UCdHMuOHKICxcHwecxN8P-AA"]},{"@type":"Person","@id":"https:\/\/www.grupomedcof.com.br\/blog\/#\/schema\/person\/9a44c2184a836bf5ae6967fdb3a1451e","name":"Leila Menzel","image":{"@type":"ImageObject","inLanguage":"pt-BR","@id":"https:\/\/www.grupomedcof.com.br\/blog\/wp-content\/uploads\/2025\/09\/cropped-eu-96x96.jpeg19a74936d997c0a8b3031618467fa1d0","url":"https:\/\/www.grupomedcof.com.br\/blog\/wp-content\/uploads\/2025\/09\/cropped-eu-96x96.jpeg","contentUrl":"https:\/\/www.grupomedcof.com.br\/blog\/wp-content\/uploads\/2025\/09\/cropped-eu-96x96.jpeg","caption":"Leila Menzel"},"description":"Estudante do 6\u00b0 semestre de jornalismo, amo e escrevo poesias e viajo em livros de romances clich\u00eas.","url":"https:\/\/www.grupomedcof.com.br\/blog\/author\/leila-menzel\/"}]}},"authors":[{"term_id":3616,"user_id":20,"is_guest":0,"slug":"leila-menzel","display_name":"Leila Menzel","avatar_url":"https:\/\/www.grupomedcof.com.br\/blog\/wp-content\/uploads\/2025\/09\/cropped-eu-96x96.jpeg","0":null,"1":"","2":"","3":"","4":"","5":"","6":"","7":"","8":""}],"_links":{"self":[{"href":"https:\/\/www.grupomedcof.com.br\/blog\/wp-json\/wp\/v2\/posts\/17346","targetHints":{"allow":["GET"]}}],"collection":[{"href":"https:\/\/www.grupomedcof.com.br\/blog\/wp-json\/wp\/v2\/posts"}],"about":[{"href":"https:\/\/www.grupomedcof.com.br\/blog\/wp-json\/wp\/v2\/types\/post"}],"author":[{"embeddable":true,"href":"https:\/\/www.grupomedcof.com.br\/blog\/wp-json\/wp\/v2\/users\/20"}],"replies":[{"embeddable":true,"href":"https:\/\/www.grupomedcof.com.br\/blog\/wp-json\/wp\/v2\/comments?post=17346"}],"version-history":[{"count":1,"href":"https:\/\/www.grupomedcof.com.br\/blog\/wp-json\/wp\/v2\/posts\/17346\/revisions"}],"predecessor-version":[{"id":41580,"href":"https:\/\/www.grupomedcof.com.br\/blog\/wp-json\/wp\/v2\/posts\/17346\/revisions\/41580"}],"wp:featuredmedia":[{"embeddable":true,"href":"https:\/\/www.grupomedcof.com.br\/blog\/wp-json\/wp\/v2\/media\/41579"}],"wp:attachment":[{"href":"https:\/\/www.grupomedcof.com.br\/blog\/wp-json\/wp\/v2\/media?parent=17346"}],"wp:term":[{"taxonomy":"category","embeddable":true,"href":"https:\/\/www.grupomedcof.com.br\/blog\/wp-json\/wp\/v2\/categories?post=17346"},{"taxonomy":"post_tag","embeddable":true,"href":"https:\/\/www.grupomedcof.com.br\/blog\/wp-json\/wp\/v2\/tags?post=17346"},{"taxonomy":"author","embeddable":true,"href":"https:\/\/www.grupomedcof.com.br\/blog\/wp-json\/wp\/v2\/ppma_author?post=17346"}],"curies":[{"name":"wp","href":"https:\/\/api.w.org\/{rel}","templated":true}]}}