{"id":17867,"date":"2024-02-09T18:01:07","date_gmt":"2024-02-09T21:01:07","guid":{"rendered":"https:\/\/www.grupomedcof.com.br\/blog\/?p=17867"},"modified":"2024-02-09T18:01:07","modified_gmt":"2024-02-09T21:01:07","slug":"fiocruz-divulga-edital-de-residencia-em-medicina-de-familia-e-comunidade-2024","status":"publish","type":"post","link":"https:\/\/www.grupomedcof.com.br\/blog\/fiocruz-divulga-edital-de-residencia-em-medicina-de-familia-e-comunidade-2024\/","title":{"rendered":"Fiocruz divulga Edital de Resid\u00eancia em Medicina de Fam\u00edlia e Comunidade 2024"},"content":{"rendered":"<div id=\"ez-toc-container\" class=\"ez-toc-v2_0_74 counter-hierarchy ez-toc-counter ez-toc-transparent ez-toc-container-direction\">\n<div class=\"ez-toc-title-container\">\n<p class=\"ez-toc-title\" style=\"cursor:inherit\">Sum\u00e1rio<\/p>\n<span class=\"ez-toc-title-toggle\"><a href=\"#\" class=\"ez-toc-pull-right ez-toc-btn ez-toc-btn-xs ez-toc-btn-default ez-toc-toggle\" aria-label=\"Alternar tabela de conte\u00fado\"><span class=\"ez-toc-js-icon-con\"><span class=\"\"><span class=\"eztoc-hide\" style=\"display:none;\">Toggle<\/span><span class=\"ez-toc-icon-toggle-span\"><svg style=\"fill: #999;color:#999\" xmlns=\"http:\/\/www.w3.org\/2000\/svg\" class=\"list-377408\" width=\"20px\" height=\"20px\" viewBox=\"0 0 24 24\" fill=\"none\"><path d=\"M6 6H4v2h2V6zm14 0H8v2h12V6zM4 11h2v2H4v-2zm16 0H8v2h12v-2zM4 16h2v2H4v-2zm16 0H8v2h12v-2z\" fill=\"currentColor\"><\/path><\/svg><svg style=\"fill: #999;color:#999\" class=\"arrow-unsorted-368013\" xmlns=\"http:\/\/www.w3.org\/2000\/svg\" width=\"10px\" height=\"10px\" viewBox=\"0 0 24 24\" version=\"1.2\" baseProfile=\"tiny\"><path d=\"M18.2 9.3l-6.2-6.3-6.2 6.3c-.2.2-.3.4-.3.7s.1.5.3.7c.2.2.4.3.7.3h11c.3 0 .5-.1.7-.3.2-.2.3-.5.3-.7s-.1-.5-.3-.7zM5.8 14.7l6.2 6.3 6.2-6.3c.2-.2.3-.5.3-.7s-.1-.5-.3-.7c-.2-.2-.4-.3-.7-.3h-11c-.3 0-.5.1-.7.3-.2.2-.3.5-.3.7s.1.5.3.7z\"\/><\/svg><\/span><\/span><\/span><\/a><\/span><\/div>\n<nav><ul class='ez-toc-list ez-toc-list-level-1 ' ><li class='ez-toc-page-1 ez-toc-heading-level-2'><a class=\"ez-toc-link ez-toc-heading-1\" href=\"https:\/\/www.grupomedcof.com.br\/blog\/fiocruz-divulga-edital-de-residencia-em-medicina-de-familia-e-comunidade-2024\/#Residencia_em_Medicina_de_Familia_e_Comunidade\" >Resid\u00eancia em Medicina de Fam\u00edlia e Comunidade\u00a0<\/a><\/li><li class='ez-toc-page-1 ez-toc-heading-level-2'><a class=\"ez-toc-link ez-toc-heading-2\" href=\"https:\/\/www.grupomedcof.com.br\/blog\/fiocruz-divulga-edital-de-residencia-em-medicina-de-familia-e-comunidade-2024\/#Como_sera_o_Processo_Seletivo\" >Como ser\u00e1 o Processo Seletivo?<\/a><\/li><li class='ez-toc-page-1 ez-toc-heading-level-2'><a class=\"ez-toc-link ez-toc-heading-3\" href=\"https:\/\/www.grupomedcof.com.br\/blog\/fiocruz-divulga-edital-de-residencia-em-medicina-de-familia-e-comunidade-2024\/#Cronograma_PRMFC_SEMSFiocruz_%E2%80%93_2024\" >Cronograma PRMFC SEMS\/Fiocruz &#8211; 2024<\/a><\/li><li class='ez-toc-page-1 ez-toc-heading-level-2'><a class=\"ez-toc-link ez-toc-heading-4\" href=\"https:\/\/www.grupomedcof.com.br\/blog\/fiocruz-divulga-edital-de-residencia-em-medicina-de-familia-e-comunidade-2024\/#Leia_o_Edital_sobre_o_PRMFC_SEMSFiocruz_%E2%80%93_2024_na_integra\" >Leia o Edital sobre o PRMFC SEMS\/Fiocruz &#8211; 2024\u00a0 na \u00edntegra<\/a><\/li><li class='ez-toc-page-1 ez-toc-heading-level-2'><a class=\"ez-toc-link ez-toc-heading-5\" href=\"https:\/\/www.grupomedcof.com.br\/blog\/fiocruz-divulga-edital-de-residencia-em-medicina-de-familia-e-comunidade-2024\/#Conquiste_a_aprovacao\" >Conquiste a aprova\u00e7\u00e3o<\/a><\/li><\/ul><\/nav><\/div>\n<img loading=\"lazy\" decoding=\"async\" width=\"800\" height=\"450\" src=\"https:\/\/www.grupomedcof.com.br\/blog\/wp-content\/uploads\/2024\/02\/Blog-MedCof-7-1024x576.jpg\" alt=\"\" srcset=\"https:\/\/www.grupomedcof.com.br\/blog\/wp-content\/uploads\/2024\/02\/Blog-MedCof-7-1024x576.jpg 1024w, https:\/\/www.grupomedcof.com.br\/blog\/wp-content\/uploads\/2024\/02\/Blog-MedCof-7-300x169.jpg 300w, https:\/\/www.grupomedcof.com.br\/blog\/wp-content\/uploads\/2024\/02\/Blog-MedCof-7-768x432.jpg 768w, https:\/\/www.grupomedcof.com.br\/blog\/wp-content\/uploads\/2024\/02\/Blog-MedCof-7-1536x864.jpg 1536w, https:\/\/www.grupomedcof.com.br\/blog\/wp-content\/uploads\/2024\/02\/Blog-MedCof-7.jpg 1920w\" sizes=\"auto, (max-width: 800px) 100vw, 800px\" \/>\t\t\t\t\t\t\t\t\t\t\t\t\t\t\t\n\t\t<p><\/p>\n<p>Segundo edital divulgado pela SEMS\/Fiocruz, as inscri\u00e7\u00f5es para o Processo Seletivo 2024 do Programa de Resid\u00eancia M\u00e9dica em Medicina de Fam\u00edlia e Comunidade v\u00e3o at\u00e9 dia <b>29 de fevereiro.<\/b><\/p>\n<p><\/p>\t\t\n\t\t\t<h4>\n\t\t\t\tSum\u00e1rio\t\t\t<\/h4>\n\t\t<p>A Secretaria Municipal de Sa\u00fade do Munic\u00edpio de Dourados (SEMS) e a Funda\u00e7\u00e3o Oswaldo Cruz (Fiocruz) divulgaram a abertura das inscri\u00e7\u00f5es para o Programa de Resid\u00eancia M\u00e9dica em Medicina de Fam\u00edlia e Comunidade da Secretaria Municipal de Sa\u00fade do Munic\u00edpio de Dourados e Funda\u00e7\u00e3o Oswaldo Cruz \u2013 PRMFC SEMS\/Fiocruz &#8211; 2024.\u00a0<\/p>\n<p>\u00a0<\/p>\n<h2><span class=\"ez-toc-section\" id=\"Residencia_em_Medicina_de_Familia_e_Comunidade\"><\/span>Resid\u00eancia em Medicina de Fam\u00edlia e Comunidade\u00a0<span class=\"ez-toc-section-end\"><\/span><\/h2>\n<p>De acordo com o edital divulgado dia<b> 29 de janeiro de 2024<\/b>, o processo seletivo visa ao preenchimento de seis vagas no munic\u00edpio de Dourados, Mato Grosso do Sul. Dentre essas vagas, uma delas \u00e9 reservada para candidatos pretos(as), pardos(as) ou ind\u00edgenas e outra \u00e9 reservada para Pessoa com Defici\u00eancia (PcD). Os candidatos que se enquadram nestas condi\u00e7\u00f5es dever\u00e3o preencher e assinar a autodeclara\u00e7\u00e3o (conforme descrito no decorrer do edital).<\/p>\n<p>As inscri\u00e7\u00f5es est\u00e3o abertas desde o dia 29 de janeiro e <b>se encerram dia 29 de fevereiro, \u00e0s 23 horas e 59 minutos (hor\u00e1rio de Bras\u00edlia). <\/b>Elas devem ser realizadas por meio endere\u00e7o eletr\u00f4nico: residencia.sems.dourados.ms.gov.br<\/p>\n<p>O valor da inscri\u00e7\u00e3o \u00e9 R$250,00 (duzentos e cinquenta reais), cujo pagamento ser\u00e1 feito ap\u00f3s a inscri\u00e7\u00e3o, entre os dias 19 e 29 de fevereiro. At\u00e9 o dia 16 de fevereiro, \u00e9 poss\u00edvel solicitar <b>isen\u00e7\u00e3o da taxa de inscri\u00e7\u00e3o<\/b>, com direito \u00e0 recurso em caso de indeferimento no dia 19 de fevereiro.\u00a0<\/p>\t\t\n\t\t<h2><span class=\"ez-toc-section\" id=\"Como_sera_o_Processo_Seletivo\"><\/span>Como ser\u00e1 o Processo Seletivo?<span class=\"ez-toc-section-end\"><\/span><\/h2>\n<p>O processo seletivo para o\u00a0Programa de Resid\u00eancia M\u00e9dica em Medicina de Fam\u00edlia e Comunidade \u00a0\u00e9 realizado em uma \u00fanica fase, que ocorrer\u00e1 no dia 10 de mar\u00e7o de 2024, em que haver\u00e1 a aplica\u00e7\u00e3o da prova objetiva.\u00a0<\/p>\t\t\n\t\t<h2><span class=\"ez-toc-section\" id=\"Cronograma_PRMFC_SEMSFiocruz_%E2%80%93_2024\"><\/span>Cronograma PRMFC SEMS\/Fiocruz &#8211; 2024<span class=\"ez-toc-section-end\"><\/span><\/h2>\n<p>Confira o cronograma do processo seletivo:\u00a0<\/p>\n<ul>\n<li style=\"list-style-type: none;\">\n<ul style=\"font-size: 16px;\">\n<li style=\"font-size: 16px;\">Publica\u00e7\u00e3o do edital de abertura do Processo Seletivo P\u00fablico PRMFC SEMS\/Fiocruz: 29\/01\/2024\u00a0<\/li>\n<\/ul>\n<\/li>\n<\/ul>\n<ul style=\"font-size: 16px; background-color: #ffffff;\">\n<li style=\"font-size: 16px; list-style-type: none;\">\n<ul style=\"font-size: 16px;\">\n<li style=\"font-size: 16px;\">Per\u00edodo de inscri\u00e7\u00f5es: Das 13h do dia 29\/01\/2024 at\u00e9 \u00e0s 23h59mdo dia 29\/02\/2024 (Hor\u00e1rio de Bras\u00edlia)<\/li>\n<\/ul>\n<\/li>\n<\/ul>\n<ul style=\"font-size: 16px; background-color: #ffffff;\">\n<li style=\"font-size: 16px; list-style-type: none;\">\n<ul style=\"font-size: 16px;\">\n<li style=\"font-size: 16px;\">Solicita\u00e7\u00e3o de isen\u00e7\u00e3o da taxa de inscri\u00e7\u00e3o: 29\/01\/2024 \u00e0 16\/02\/2024\u00a0<\/li>\n<\/ul>\n<\/li>\n<\/ul>\n<ul style=\"font-size: 16px; background-color: #ffffff;\">\n<li style=\"font-size: 16px; list-style-type: none;\">\n<ul style=\"font-size: 16px;\">\n<li style=\"font-size: 16px;\">Envio de laudo m\u00e9dico para solicita\u00e7\u00e3o de condi\u00e7\u00f5es especiais para o dia da prova: 29\/01\/2024 \u00e0 19\/02\/2024<\/li>\n<\/ul>\n<\/li>\n<\/ul>\n<ul style=\"font-size: 16px; background-color: #ffffff;\">\n<li style=\"font-size: 16px; list-style-type: none;\">\n<ul style=\"font-size: 16px;\">\n<li style=\"font-size: 16px;\">Per\u00edodo para pagamento da taxa de inscri\u00e7\u00e3o: 19\/02\/2024 \u00e0 29\/02\/2024<\/li>\n<\/ul>\n<\/li>\n<\/ul>\n<ul style=\"font-size: 16px; background-color: #ffffff;\">\n<li style=\"font-size: 16px; list-style-type: none;\">\n<ul style=\"font-size: 16px;\">\n<li style=\"font-size: 16px;\">Divulga\u00e7\u00e3o dos locais e do hor\u00e1rio da prova: 06\/03\/2024<\/li>\n<\/ul>\n<\/li>\n<\/ul>\n<ul style=\"font-size: 16px; background-color: #ffffff;\">\n<li style=\"font-size: 16px; list-style-type: none;\">\n<ul style=\"font-size: 16px;\">\n<li style=\"font-size: 16px;\">Data de aplica\u00e7\u00e3o da prova objetiva: 10\/03\/2024<\/li>\n<\/ul>\n<\/li>\n<\/ul>\n<ul style=\"font-size: 16px; background-color: #ffffff;\">\n<li style=\"font-size: 16px; list-style-type: none;\">\n<ul style=\"font-size: 16px;\">\n<li style=\"font-size: 16px;\">Divulga\u00e7\u00e3o do gabarito definitivo e da nota preliminar da prova: 12\/03\/2024<\/li>\n<\/ul>\n<\/li>\n<\/ul>\n<ul style=\"font-size: 16px; background-color: #ffffff;\">\n<li style=\"font-size: 16px; list-style-type: none;\">\n<ul style=\"font-size: 16px;\">\n<li style=\"font-size: 16px;\">Divulga\u00e7\u00e3o do resultado definitivo da prova: 14\/03\/2024<\/li>\n<\/ul>\n<\/li>\n<\/ul>\n<ul style=\"font-size: 16px; background-color: #ffffff;\">\n<li style=\"font-size: 16px; list-style-type: none;\">\n<ul style=\"font-size: 16px;\">\n<li style=\"font-size: 16px;\">Convoca\u00e7\u00e3o de aprovados para matr\u00edcula &#8211; 1\u00aa chamada: 14\/03\/2024<\/li>\n<\/ul>\n<\/li>\n<\/ul>\n<ul style=\"font-size: 16px; background-color: #ffffff;\">\n<li style=\"font-size: 16px; list-style-type: none;\">\n<ul style=\"font-size: 16px;\">\n<li style=\"font-size: 16px;\">Matr\u00edculas on-line dos convocados da 1\u00aa chamada: 15\/03\/2024 \u00e0 16\/03\/2024<\/li>\n<\/ul>\n<\/li>\n<\/ul>\n<ul style=\"font-size: 16px; background-color: #ffffff;\">\n<li style=\"font-size: 16px; list-style-type: none;\">\n<ul style=\"font-size: 16px;\">\n<li style=\"font-size: 16px;\">Convoca\u00e7\u00e3o de aprovados para matr\u00edcula &#8211; 2\u00aa chamada: 18\/03\/2024\u00a0<\/li>\n<\/ul>\n<\/li>\n<\/ul>\n<ul style=\"font-size: 16px; background-color: #ffffff;\">\n<li style=\"font-size: 16px; list-style-type: none;\">\n<ul style=\"font-size: 16px;\">\n<li style=\"font-size: 16px;\">Matr\u00edculas on-line dos convocados da 2\u00aa chamada: 19\/03\/2024<\/li>\n<\/ul>\n<\/li>\n<\/ul>\n<ul style=\"font-size: 16px; background-color: #ffffff;\">\n<li style=\"font-size: 16px; list-style-type: none;\">\n<ul style=\"font-size: 16px;\">\n<li style=\"font-size: 16px;\">Publica\u00e7\u00e3o do local para in\u00edcio das atividades: 20\/03\/2024<\/li>\n<\/ul>\n<\/li>\n<\/ul>\n<ul style=\"font-size: 16px; background-color: #ffffff;\">\n<li style=\"font-size: 16px; list-style-type: none;\">\n<ul style=\"font-size: 16px;\">\n<li style=\"font-size: 16px;\">In\u00edcio das atividades: 21\/03, 22\/03 e 23\/03\/2024<\/li>\n<\/ul>\n<\/li>\n<\/ul>\t\t\n\t\t<h2><span class=\"ez-toc-section\" id=\"Leia_o_Edital_sobre_o_PRMFC_SEMSFiocruz_%E2%80%93_2024_na_integra\"><\/span>Leia o Edital sobre o PRMFC SEMS\/Fiocruz &#8211; 2024\u00a0 na \u00edntegra<span class=\"ez-toc-section-end\"><\/span><\/h2>\n<p>Por fim, n\u00e3o deixe de conferir o Edital completo. Nele constam o cronograma para recursos, instru\u00e7\u00f5es para a realiza\u00e7\u00e3o de inscri\u00e7\u00f5es, entre outras informa\u00e7\u00f5es importantes:\u00a0<\/p>\t\t\n\t\t\t<a href=\"https:\/\/drive.google.com\/file\/d\/1hprSb8y3Vyn0bl-crqy8ojAPRqyDlGRI\/view?usp=sharing\" target=\"_blank\" rel=\"noopener\">\n\t\t\t\t\t\tEDITAL PRMFC SEMS\/Fiocruz &#8211; 2024\n\t\t\t\t\t<\/a>\n\t\t<h2 style=\"font-family: Poppins, sans-serif; color: #7a7a7a;\"><span class=\"ez-toc-section\" id=\"Conquiste_a_aprovacao\"><\/span>Conquiste a aprova\u00e7\u00e3o<span class=\"ez-toc-section-end\"><\/span><\/h2>\nQuer conquistar a aprova\u00e7\u00e3o ainda este ano? Ent\u00e3o venha conhecer o Grupo Medcof e sua metodologia que\u00a0<a style=\"background-color: #ffffff;\" href=\"https:\/\/www.grupomedcof.com.br\/blog\/presenca-da-medcof-nas-aprovacoes-em-residencia-medica-no-brasil\/\">j\u00e1 aprovou mais de 10 mil residentes por todo o Brasil.<\/a>\u00a0Acesse<strong> <a href=\"https:\/\/www.youtube.com\/watch?v=b2at0bkcWm0&amp;t=22s\">nosso canal no YouTube<\/a> <\/strong>e confira as melhores conte\u00fados para os seus estudos!","protected":false},"excerpt":{"rendered":"<p>Segundo o Edital, as inscri\u00e7\u00f5es para o processo seletivo 2024 do Programa de Resid\u00eancia M\u00e9dica em Medicina de Fam\u00edlia e Comunidade v\u00e3o at\u00e9 dia 29 de fevereiro. <\/p>\n","protected":false},"author":6,"featured_media":17871,"comment_status":"open","ping_status":"open","sticky":false,"template":"","format":"standard","meta":{"footnotes":""},"categories":[55,174],"tags":[253],"ppma_author":[3609],"class_list":{"0":"post-17867","1":"post","2":"type-post","3":"status-publish","4":"format-standard","5":"has-post-thumbnail","7":"category-carreira-medica","8":"category-residencia-medica","9":"tag-medicina-de-familia-e-comunidade"},"yoast_head":"<!-- This site is optimized with the Yoast SEO Premium plugin v24.3 (Yoast SEO v27.4) - https:\/\/yoast.com\/product\/yoast-seo-premium-wordpress\/ -->\n<title>Fiocruz divulga Edital de Resid\u00eancia em Medicina de Fam\u00edlia e Comunidade 2024 - Blog de Medcof: conte\u00fados, editais, revalida e mais!<\/title>\n<meta name=\"description\" content=\"As inscri\u00e7\u00f5es para o processo seletivo 2024 do Programa de Resid\u00eancia M\u00e9dica em Medicina de Fam\u00edlia e Comunidade v\u00e3o at\u00e9 dia 2...\" \/>\n<meta name=\"robots\" content=\"index, follow, max-snippet:-1, max-image-preview:large, max-video-preview:-1\" \/>\n<link rel=\"canonical\" href=\"https:\/\/www.grupomedcof.com.br\/blog\/fiocruz-divulga-edital-de-residencia-em-medicina-de-familia-e-comunidade-2024\/\" \/>\n<meta property=\"og:locale\" content=\"pt_BR\" \/>\n<meta property=\"og:type\" content=\"article\" \/>\n<meta property=\"og:title\" content=\"Fiocruz divulga Edital de Resid\u00eancia em Medicina de Fam\u00edlia e Comunidade 2024\" \/>\n<meta property=\"og:description\" content=\"As inscri\u00e7\u00f5es para o processo seletivo 2024 do Programa de Resid\u00eancia M\u00e9dica em Medicina de Fam\u00edlia e Comunidade v\u00e3o at\u00e9 dia 2...\" \/>\n<meta property=\"og:url\" content=\"https:\/\/www.grupomedcof.com.br\/blog\/fiocruz-divulga-edital-de-residencia-em-medicina-de-familia-e-comunidade-2024\/\" \/>\n<meta property=\"og:site_name\" content=\"Blog de Medcof: conte\u00fados, editais, revalida e mais!\" \/>\n<meta property=\"article:publisher\" content=\"https:\/\/www.facebook.com\/MedCofQbank\/\" \/>\n<meta property=\"article:published_time\" content=\"2024-02-09T21:01:07+00:00\" \/>\n<meta property=\"og:image\" content=\"https:\/\/www.grupomedcof.com.br\/blog\/wp-content\/uploads\/2024\/02\/Blog-MedCof-7.jpg\" \/>\n\t<meta property=\"og:image:width\" content=\"1920\" \/>\n\t<meta property=\"og:image:height\" content=\"1080\" \/>\n\t<meta property=\"og:image:type\" content=\"image\/jpeg\" \/>\n<meta name=\"author\" content=\"J\u00falia Moreira\" \/>\n<meta name=\"twitter:card\" content=\"summary_large_image\" \/>\n<meta name=\"twitter:label1\" content=\"Escrito por\" \/>\n\t<meta name=\"twitter:data1\" content=\"J\u00falia Moreira\" \/>\n\t<meta name=\"twitter:label2\" content=\"Est. tempo de leitura\" \/>\n\t<meta name=\"twitter:data2\" content=\"6 minutos\" \/>\n<script type=\"application\/ld+json\" class=\"yoast-schema-graph\">{\"@context\":\"https:\\\/\\\/schema.org\",\"@graph\":[{\"@type\":\"Article\",\"@id\":\"https:\\\/\\\/www.grupomedcof.com.br\\\/blog\\\/fiocruz-divulga-edital-de-residencia-em-medicina-de-familia-e-comunidade-2024\\\/#article\",\"isPartOf\":{\"@id\":\"https:\\\/\\\/www.grupomedcof.com.br\\\/blog\\\/fiocruz-divulga-edital-de-residencia-em-medicina-de-familia-e-comunidade-2024\\\/\"},\"author\":{\"name\":\"J\u00falia Moreira\",\"@id\":\"https:\\\/\\\/www.grupomedcof.com.br\\\/blog\\\/#\\\/schema\\\/person\\\/1375e0ce724529d7a1d8156ea7f8ceaa\"},\"headline\":\"Fiocruz divulga Edital de Resid\u00eancia em Medicina de Fam\u00edlia e Comunidade 2024\",\"datePublished\":\"2024-02-09T21:01:07+00:00\",\"mainEntityOfPage\":{\"@id\":\"https:\\\/\\\/www.grupomedcof.com.br\\\/blog\\\/fiocruz-divulga-edital-de-residencia-em-medicina-de-familia-e-comunidade-2024\\\/\"},\"wordCount\":584,\"commentCount\":0,\"publisher\":{\"@id\":\"https:\\\/\\\/www.grupomedcof.com.br\\\/blog\\\/#organization\"},\"image\":{\"@id\":\"https:\\\/\\\/www.grupomedcof.com.br\\\/blog\\\/fiocruz-divulga-edital-de-residencia-em-medicina-de-familia-e-comunidade-2024\\\/#primaryimage\"},\"thumbnailUrl\":\"https:\\\/\\\/www.grupomedcof.com.br\\\/blog\\\/wp-content\\\/uploads\\\/2024\\\/02\\\/Blog-MedCof-7.jpg\",\"keywords\":[\"Medicina de Fam\u00edlia e Comunidade\"],\"articleSection\":[\"Carreira M\u00e9dica\",\"Resid\u00eancia m\u00e9dica: editais, resultados, temas quentes e mais\"],\"inLanguage\":\"pt-BR\"},{\"@type\":\"WebPage\",\"@id\":\"https:\\\/\\\/www.grupomedcof.com.br\\\/blog\\\/fiocruz-divulga-edital-de-residencia-em-medicina-de-familia-e-comunidade-2024\\\/\",\"url\":\"https:\\\/\\\/www.grupomedcof.com.br\\\/blog\\\/fiocruz-divulga-edital-de-residencia-em-medicina-de-familia-e-comunidade-2024\\\/\",\"name\":\"Fiocruz divulga Edital de Resid\u00eancia em Medicina de Fam\u00edlia e Comunidade 2024 - Blog de Medcof: conte\u00fados, editais, revalida e mais!\",\"isPartOf\":{\"@id\":\"https:\\\/\\\/www.grupomedcof.com.br\\\/blog\\\/#website\"},\"primaryImageOfPage\":{\"@id\":\"https:\\\/\\\/www.grupomedcof.com.br\\\/blog\\\/fiocruz-divulga-edital-de-residencia-em-medicina-de-familia-e-comunidade-2024\\\/#primaryimage\"},\"image\":{\"@id\":\"https:\\\/\\\/www.grupomedcof.com.br\\\/blog\\\/fiocruz-divulga-edital-de-residencia-em-medicina-de-familia-e-comunidade-2024\\\/#primaryimage\"},\"thumbnailUrl\":\"https:\\\/\\\/www.grupomedcof.com.br\\\/blog\\\/wp-content\\\/uploads\\\/2024\\\/02\\\/Blog-MedCof-7.jpg\",\"datePublished\":\"2024-02-09T21:01:07+00:00\",\"description\":\"As inscri\u00e7\u00f5es para o processo seletivo 2024 do Programa de Resid\u00eancia M\u00e9dica em Medicina de Fam\u00edlia e Comunidade v\u00e3o at\u00e9 dia 2...\",\"breadcrumb\":{\"@id\":\"https:\\\/\\\/www.grupomedcof.com.br\\\/blog\\\/fiocruz-divulga-edital-de-residencia-em-medicina-de-familia-e-comunidade-2024\\\/#breadcrumb\"},\"inLanguage\":\"pt-BR\",\"potentialAction\":[{\"@type\":\"ReadAction\",\"target\":[\"https:\\\/\\\/www.grupomedcof.com.br\\\/blog\\\/fiocruz-divulga-edital-de-residencia-em-medicina-de-familia-e-comunidade-2024\\\/\"]}]},{\"@type\":\"ImageObject\",\"inLanguage\":\"pt-BR\",\"@id\":\"https:\\\/\\\/www.grupomedcof.com.br\\\/blog\\\/fiocruz-divulga-edital-de-residencia-em-medicina-de-familia-e-comunidade-2024\\\/#primaryimage\",\"url\":\"https:\\\/\\\/www.grupomedcof.com.br\\\/blog\\\/wp-content\\\/uploads\\\/2024\\\/02\\\/Blog-MedCof-7.jpg\",\"contentUrl\":\"https:\\\/\\\/www.grupomedcof.com.br\\\/blog\\\/wp-content\\\/uploads\\\/2024\\\/02\\\/Blog-MedCof-7.jpg\",\"width\":1920,\"height\":1080,\"caption\":\"As inscri\u00e7\u00f5es para o processo seletivo 2024 do Programa de Resid\u00eancia M\u00e9dica em Medicina de Fam\u00edlia e Comunidade v\u00e3o at\u00e9 dia 29 de fevereiro, segundo edital.\"},{\"@type\":\"BreadcrumbList\",\"@id\":\"https:\\\/\\\/www.grupomedcof.com.br\\\/blog\\\/fiocruz-divulga-edital-de-residencia-em-medicina-de-familia-e-comunidade-2024\\\/#breadcrumb\",\"itemListElement\":[{\"@type\":\"ListItem\",\"position\":1,\"name\":\"In\u00edcio\",\"item\":\"https:\\\/\\\/www.grupomedcof.com.br\\\/blog\\\/\"},{\"@type\":\"ListItem\",\"position\":2,\"name\":\"Fiocruz divulga Edital de Resid\u00eancia em Medicina de Fam\u00edlia e Comunidade 2024\"}]},{\"@type\":\"WebSite\",\"@id\":\"https:\\\/\\\/www.grupomedcof.com.br\\\/blog\\\/#website\",\"url\":\"https:\\\/\\\/www.grupomedcof.com.br\\\/blog\\\/\",\"name\":\"Blog de Medcof: conte\u00fados, editais, revalida e mais!\",\"description\":\"Acesso o blog de MedCof! Seu portal de conte\u00fados sobre resid\u00eancia m\u00e9dica, an\u00e1lise e editais e muito mais. Clique e confira!\",\"publisher\":{\"@id\":\"https:\\\/\\\/www.grupomedcof.com.br\\\/blog\\\/#organization\"},\"alternateName\":\"Blog de Medcof: conte\u00fados, editais, revalida e mais!\",\"potentialAction\":[{\"@type\":\"SearchAction\",\"target\":{\"@type\":\"EntryPoint\",\"urlTemplate\":\"https:\\\/\\\/www.grupomedcof.com.br\\\/blog\\\/?s={search_term_string}\"},\"query-input\":{\"@type\":\"PropertyValueSpecification\",\"valueRequired\":true,\"valueName\":\"search_term_string\"}}],\"inLanguage\":\"pt-BR\"},{\"@type\":\"Organization\",\"@id\":\"https:\\\/\\\/www.grupomedcof.com.br\\\/blog\\\/#organization\",\"name\":\"Grupo MedCof\",\"url\":\"https:\\\/\\\/www.grupomedcof.com.br\\\/blog\\\/\",\"logo\":{\"@type\":\"ImageObject\",\"inLanguage\":\"pt-BR\",\"@id\":\"https:\\\/\\\/www.grupomedcof.com.br\\\/blog\\\/#\\\/schema\\\/logo\\\/image\\\/\",\"url\":\"https:\\\/\\\/www.grupomedcof.com.br\\\/blog\\\/wp-content\\\/uploads\\\/2022\\\/01\\\/logo-medcof.png\",\"contentUrl\":\"https:\\\/\\\/www.grupomedcof.com.br\\\/blog\\\/wp-content\\\/uploads\\\/2022\\\/01\\\/logo-medcof.png\",\"width\":768,\"height\":269,\"caption\":\"Grupo MedCof\"},\"image\":{\"@id\":\"https:\\\/\\\/www.grupomedcof.com.br\\\/blog\\\/#\\\/schema\\\/logo\\\/image\\\/\"},\"sameAs\":[\"https:\\\/\\\/www.facebook.com\\\/MedCofQbank\\\/\",\"https:\\\/\\\/www.instagram.com\\\/grupomedcof\\\/\",\"https:\\\/\\\/br.linkedin.com\\\/company\\\/medcof\",\"https:\\\/\\\/www.youtube.com\\\/channel\\\/UCdHMuOHKICxcHwecxN8P-AA\"]},{\"@type\":\"Person\",\"@id\":\"https:\\\/\\\/www.grupomedcof.com.br\\\/blog\\\/#\\\/schema\\\/person\\\/1375e0ce724529d7a1d8156ea7f8ceaa\",\"name\":\"J\u00falia Moreira\",\"image\":{\"@type\":\"ImageObject\",\"inLanguage\":\"pt-BR\",\"@id\":\"https:\\\/\\\/www.grupomedcof.com.br\\\/blog\\\/wp-content\\\/uploads\\\/2024\\\/12\\\/cropped-Captura-de-tela-2023-12-15-094946-96x96.png6a0083ac34a0445de97d55fae63a4a41\",\"url\":\"https:\\\/\\\/www.grupomedcof.com.br\\\/blog\\\/wp-content\\\/uploads\\\/2024\\\/12\\\/cropped-Captura-de-tela-2023-12-15-094946-96x96.png\",\"contentUrl\":\"https:\\\/\\\/www.grupomedcof.com.br\\\/blog\\\/wp-content\\\/uploads\\\/2024\\\/12\\\/cropped-Captura-de-tela-2023-12-15-094946-96x96.png\",\"caption\":\"J\u00falia Moreira\"},\"description\":\"Estudante do 8\u00ba semestre de Jornalismo na ECA-USP, f\u00e3 de filmes de terror e m\u00fasica popular sul-coreana.\",\"sameAs\":[\"https:\\\/\\\/www.grupomedcof.com.br\\\/\"],\"url\":\"https:\\\/\\\/www.grupomedcof.com.br\\\/blog\\\/author\\\/julia\\\/\"}]}<\/script>\n<!-- \/ Yoast SEO Premium plugin. -->","yoast_head_json":{"title":"Fiocruz divulga Edital de Resid\u00eancia em Medicina de Fam\u00edlia e Comunidade 2024 - Blog de Medcof: conte\u00fados, editais, revalida e mais!","description":"As inscri\u00e7\u00f5es para o processo seletivo 2024 do Programa de Resid\u00eancia M\u00e9dica em Medicina de Fam\u00edlia e Comunidade v\u00e3o at\u00e9 dia 2...","robots":{"index":"index","follow":"follow","max-snippet":"max-snippet:-1","max-image-preview":"max-image-preview:large","max-video-preview":"max-video-preview:-1"},"canonical":"https:\/\/www.grupomedcof.com.br\/blog\/fiocruz-divulga-edital-de-residencia-em-medicina-de-familia-e-comunidade-2024\/","og_locale":"pt_BR","og_type":"article","og_title":"Fiocruz divulga Edital de Resid\u00eancia em Medicina de Fam\u00edlia e Comunidade 2024","og_description":"As inscri\u00e7\u00f5es para o processo seletivo 2024 do Programa de Resid\u00eancia M\u00e9dica em Medicina de Fam\u00edlia e Comunidade v\u00e3o at\u00e9 dia 2...","og_url":"https:\/\/www.grupomedcof.com.br\/blog\/fiocruz-divulga-edital-de-residencia-em-medicina-de-familia-e-comunidade-2024\/","og_site_name":"Blog de Medcof: conte\u00fados, editais, revalida e mais!","article_publisher":"https:\/\/www.facebook.com\/MedCofQbank\/","article_published_time":"2024-02-09T21:01:07+00:00","og_image":[{"width":1920,"height":1080,"url":"https:\/\/www.grupomedcof.com.br\/blog\/wp-content\/uploads\/2024\/02\/Blog-MedCof-7.jpg","type":"image\/jpeg"}],"author":"J\u00falia Moreira","twitter_card":"summary_large_image","twitter_misc":{"Escrito por":"J\u00falia Moreira","Est. tempo de leitura":"6 minutos"},"schema":{"@context":"https:\/\/schema.org","@graph":[{"@type":"Article","@id":"https:\/\/www.grupomedcof.com.br\/blog\/fiocruz-divulga-edital-de-residencia-em-medicina-de-familia-e-comunidade-2024\/#article","isPartOf":{"@id":"https:\/\/www.grupomedcof.com.br\/blog\/fiocruz-divulga-edital-de-residencia-em-medicina-de-familia-e-comunidade-2024\/"},"author":{"name":"J\u00falia Moreira","@id":"https:\/\/www.grupomedcof.com.br\/blog\/#\/schema\/person\/1375e0ce724529d7a1d8156ea7f8ceaa"},"headline":"Fiocruz divulga Edital de Resid\u00eancia em Medicina de Fam\u00edlia e Comunidade 2024","datePublished":"2024-02-09T21:01:07+00:00","mainEntityOfPage":{"@id":"https:\/\/www.grupomedcof.com.br\/blog\/fiocruz-divulga-edital-de-residencia-em-medicina-de-familia-e-comunidade-2024\/"},"wordCount":584,"commentCount":0,"publisher":{"@id":"https:\/\/www.grupomedcof.com.br\/blog\/#organization"},"image":{"@id":"https:\/\/www.grupomedcof.com.br\/blog\/fiocruz-divulga-edital-de-residencia-em-medicina-de-familia-e-comunidade-2024\/#primaryimage"},"thumbnailUrl":"https:\/\/www.grupomedcof.com.br\/blog\/wp-content\/uploads\/2024\/02\/Blog-MedCof-7.jpg","keywords":["Medicina de Fam\u00edlia e Comunidade"],"articleSection":["Carreira M\u00e9dica","Resid\u00eancia m\u00e9dica: editais, resultados, temas quentes e mais"],"inLanguage":"pt-BR"},{"@type":"WebPage","@id":"https:\/\/www.grupomedcof.com.br\/blog\/fiocruz-divulga-edital-de-residencia-em-medicina-de-familia-e-comunidade-2024\/","url":"https:\/\/www.grupomedcof.com.br\/blog\/fiocruz-divulga-edital-de-residencia-em-medicina-de-familia-e-comunidade-2024\/","name":"Fiocruz divulga Edital de Resid\u00eancia em Medicina de Fam\u00edlia e Comunidade 2024 - Blog de Medcof: conte\u00fados, editais, revalida e mais!","isPartOf":{"@id":"https:\/\/www.grupomedcof.com.br\/blog\/#website"},"primaryImageOfPage":{"@id":"https:\/\/www.grupomedcof.com.br\/blog\/fiocruz-divulga-edital-de-residencia-em-medicina-de-familia-e-comunidade-2024\/#primaryimage"},"image":{"@id":"https:\/\/www.grupomedcof.com.br\/blog\/fiocruz-divulga-edital-de-residencia-em-medicina-de-familia-e-comunidade-2024\/#primaryimage"},"thumbnailUrl":"https:\/\/www.grupomedcof.com.br\/blog\/wp-content\/uploads\/2024\/02\/Blog-MedCof-7.jpg","datePublished":"2024-02-09T21:01:07+00:00","description":"As inscri\u00e7\u00f5es para o processo seletivo 2024 do Programa de Resid\u00eancia M\u00e9dica em Medicina de Fam\u00edlia e Comunidade v\u00e3o at\u00e9 dia 2...","breadcrumb":{"@id":"https:\/\/www.grupomedcof.com.br\/blog\/fiocruz-divulga-edital-de-residencia-em-medicina-de-familia-e-comunidade-2024\/#breadcrumb"},"inLanguage":"pt-BR","potentialAction":[{"@type":"ReadAction","target":["https:\/\/www.grupomedcof.com.br\/blog\/fiocruz-divulga-edital-de-residencia-em-medicina-de-familia-e-comunidade-2024\/"]}]},{"@type":"ImageObject","inLanguage":"pt-BR","@id":"https:\/\/www.grupomedcof.com.br\/blog\/fiocruz-divulga-edital-de-residencia-em-medicina-de-familia-e-comunidade-2024\/#primaryimage","url":"https:\/\/www.grupomedcof.com.br\/blog\/wp-content\/uploads\/2024\/02\/Blog-MedCof-7.jpg","contentUrl":"https:\/\/www.grupomedcof.com.br\/blog\/wp-content\/uploads\/2024\/02\/Blog-MedCof-7.jpg","width":1920,"height":1080,"caption":"As inscri\u00e7\u00f5es para o processo seletivo 2024 do Programa de Resid\u00eancia M\u00e9dica em Medicina de Fam\u00edlia e Comunidade v\u00e3o at\u00e9 dia 29 de fevereiro, segundo edital."},{"@type":"BreadcrumbList","@id":"https:\/\/www.grupomedcof.com.br\/blog\/fiocruz-divulga-edital-de-residencia-em-medicina-de-familia-e-comunidade-2024\/#breadcrumb","itemListElement":[{"@type":"ListItem","position":1,"name":"In\u00edcio","item":"https:\/\/www.grupomedcof.com.br\/blog\/"},{"@type":"ListItem","position":2,"name":"Fiocruz divulga Edital de Resid\u00eancia em Medicina de Fam\u00edlia e Comunidade 2024"}]},{"@type":"WebSite","@id":"https:\/\/www.grupomedcof.com.br\/blog\/#website","url":"https:\/\/www.grupomedcof.com.br\/blog\/","name":"Blog de Medcof: conte\u00fados, editais, revalida e mais!","description":"Acesso o blog de MedCof! Seu portal de conte\u00fados sobre resid\u00eancia m\u00e9dica, an\u00e1lise e editais e muito mais. Clique e confira!","publisher":{"@id":"https:\/\/www.grupomedcof.com.br\/blog\/#organization"},"alternateName":"Blog de Medcof: conte\u00fados, editais, revalida e mais!","potentialAction":[{"@type":"SearchAction","target":{"@type":"EntryPoint","urlTemplate":"https:\/\/www.grupomedcof.com.br\/blog\/?s={search_term_string}"},"query-input":{"@type":"PropertyValueSpecification","valueRequired":true,"valueName":"search_term_string"}}],"inLanguage":"pt-BR"},{"@type":"Organization","@id":"https:\/\/www.grupomedcof.com.br\/blog\/#organization","name":"Grupo MedCof","url":"https:\/\/www.grupomedcof.com.br\/blog\/","logo":{"@type":"ImageObject","inLanguage":"pt-BR","@id":"https:\/\/www.grupomedcof.com.br\/blog\/#\/schema\/logo\/image\/","url":"https:\/\/www.grupomedcof.com.br\/blog\/wp-content\/uploads\/2022\/01\/logo-medcof.png","contentUrl":"https:\/\/www.grupomedcof.com.br\/blog\/wp-content\/uploads\/2022\/01\/logo-medcof.png","width":768,"height":269,"caption":"Grupo MedCof"},"image":{"@id":"https:\/\/www.grupomedcof.com.br\/blog\/#\/schema\/logo\/image\/"},"sameAs":["https:\/\/www.facebook.com\/MedCofQbank\/","https:\/\/www.instagram.com\/grupomedcof\/","https:\/\/br.linkedin.com\/company\/medcof","https:\/\/www.youtube.com\/channel\/UCdHMuOHKICxcHwecxN8P-AA"]},{"@type":"Person","@id":"https:\/\/www.grupomedcof.com.br\/blog\/#\/schema\/person\/1375e0ce724529d7a1d8156ea7f8ceaa","name":"J\u00falia Moreira","image":{"@type":"ImageObject","inLanguage":"pt-BR","@id":"https:\/\/www.grupomedcof.com.br\/blog\/wp-content\/uploads\/2024\/12\/cropped-Captura-de-tela-2023-12-15-094946-96x96.png6a0083ac34a0445de97d55fae63a4a41","url":"https:\/\/www.grupomedcof.com.br\/blog\/wp-content\/uploads\/2024\/12\/cropped-Captura-de-tela-2023-12-15-094946-96x96.png","contentUrl":"https:\/\/www.grupomedcof.com.br\/blog\/wp-content\/uploads\/2024\/12\/cropped-Captura-de-tela-2023-12-15-094946-96x96.png","caption":"J\u00falia Moreira"},"description":"Estudante do 8\u00ba semestre de Jornalismo na ECA-USP, f\u00e3 de filmes de terror e m\u00fasica popular sul-coreana.","sameAs":["https:\/\/www.grupomedcof.com.br\/"],"url":"https:\/\/www.grupomedcof.com.br\/blog\/author\/julia\/"}]}},"authors":[{"term_id":3609,"user_id":6,"is_guest":0,"slug":"julia","display_name":"J\u00falia Moreira","avatar_url":"https:\/\/www.grupomedcof.com.br\/blog\/wp-content\/uploads\/2024\/12\/cropped-Captura-de-tela-2023-12-15-094946-96x96.png","0":null,"1":"","2":"","3":"","4":"","5":"","6":"","7":"","8":""}],"_links":{"self":[{"href":"https:\/\/www.grupomedcof.com.br\/blog\/wp-json\/wp\/v2\/posts\/17867","targetHints":{"allow":["GET"]}}],"collection":[{"href":"https:\/\/www.grupomedcof.com.br\/blog\/wp-json\/wp\/v2\/posts"}],"about":[{"href":"https:\/\/www.grupomedcof.com.br\/blog\/wp-json\/wp\/v2\/types\/post"}],"author":[{"embeddable":true,"href":"https:\/\/www.grupomedcof.com.br\/blog\/wp-json\/wp\/v2\/users\/6"}],"replies":[{"embeddable":true,"href":"https:\/\/www.grupomedcof.com.br\/blog\/wp-json\/wp\/v2\/comments?post=17867"}],"version-history":[{"count":0,"href":"https:\/\/www.grupomedcof.com.br\/blog\/wp-json\/wp\/v2\/posts\/17867\/revisions"}],"wp:featuredmedia":[{"embeddable":true,"href":"https:\/\/www.grupomedcof.com.br\/blog\/wp-json\/wp\/v2\/media\/17871"}],"wp:attachment":[{"href":"https:\/\/www.grupomedcof.com.br\/blog\/wp-json\/wp\/v2\/media?parent=17867"}],"wp:term":[{"taxonomy":"category","embeddable":true,"href":"https:\/\/www.grupomedcof.com.br\/blog\/wp-json\/wp\/v2\/categories?post=17867"},{"taxonomy":"post_tag","embeddable":true,"href":"https:\/\/www.grupomedcof.com.br\/blog\/wp-json\/wp\/v2\/tags?post=17867"},{"taxonomy":"author","embeddable":true,"href":"https:\/\/www.grupomedcof.com.br\/blog\/wp-json\/wp\/v2\/ppma_author?post=17867"}],"curies":[{"name":"wp","href":"https:\/\/api.w.org\/{rel}","templated":true}]}}