{"id":18040,"date":"2024-02-14T14:38:44","date_gmt":"2024-02-14T17:38:44","guid":{"rendered":"https:\/\/www.grupomedcof.com.br\/blog\/?p=18040"},"modified":"2024-02-14T14:38:44","modified_gmt":"2024-02-14T17:38:44","slug":"inscricoes-para-residencia-medica-em-alagoas-2024-2-estao-abertas","status":"publish","type":"post","link":"https:\/\/www.grupomedcof.com.br\/blog\/inscricoes-para-residencia-medica-em-alagoas-2024-2-estao-abertas\/","title":{"rendered":"Inscri\u00e7\u00f5es para Resid\u00eancia M\u00e9dica em Alagoas 2024.2 est\u00e3o abertas"},"content":{"rendered":"<div id=\"ez-toc-container\" class=\"ez-toc-v2_0_74 counter-hierarchy ez-toc-counter ez-toc-transparent ez-toc-container-direction\">\n<div class=\"ez-toc-title-container\">\n<p class=\"ez-toc-title\" style=\"cursor:inherit\">Sum\u00e1rio<\/p>\n<span class=\"ez-toc-title-toggle\"><a href=\"#\" class=\"ez-toc-pull-right ez-toc-btn ez-toc-btn-xs ez-toc-btn-default ez-toc-toggle\" aria-label=\"Alternar tabela de conte\u00fado\"><span class=\"ez-toc-js-icon-con\"><span class=\"\"><span class=\"eztoc-hide\" style=\"display:none;\">Toggle<\/span><span class=\"ez-toc-icon-toggle-span\"><svg style=\"fill: #999;color:#999\" xmlns=\"http:\/\/www.w3.org\/2000\/svg\" class=\"list-377408\" width=\"20px\" height=\"20px\" viewBox=\"0 0 24 24\" fill=\"none\"><path d=\"M6 6H4v2h2V6zm14 0H8v2h12V6zM4 11h2v2H4v-2zm16 0H8v2h12v-2zM4 16h2v2H4v-2zm16 0H8v2h12v-2z\" fill=\"currentColor\"><\/path><\/svg><svg style=\"fill: #999;color:#999\" class=\"arrow-unsorted-368013\" xmlns=\"http:\/\/www.w3.org\/2000\/svg\" width=\"10px\" height=\"10px\" viewBox=\"0 0 24 24\" version=\"1.2\" baseProfile=\"tiny\"><path d=\"M18.2 9.3l-6.2-6.3-6.2 6.3c-.2.2-.3.4-.3.7s.1.5.3.7c.2.2.4.3.7.3h11c.3 0 .5-.1.7-.3.2-.2.3-.5.3-.7s-.1-.5-.3-.7zM5.8 14.7l6.2 6.3 6.2-6.3c.2-.2.3-.5.3-.7s-.1-.5-.3-.7c-.2-.2-.4-.3-.7-.3h-11c-.3 0-.5.1-.7.3-.2.2-.3.5-.3.7s.1.5.3.7z\"\/><\/svg><\/span><\/span><\/span><\/a><\/span><\/div>\n<nav><ul class='ez-toc-list ez-toc-list-level-1 ' ><li class='ez-toc-page-1 ez-toc-heading-level-2'><a class=\"ez-toc-link ez-toc-heading-1\" href=\"https:\/\/www.grupomedcof.com.br\/blog\/inscricoes-para-residencia-medica-em-alagoas-2024-2-estao-abertas\/#Residencia_Medica_em_Alagoas_20242_Programas_oferecidos_e_numero_de_vagas_previstas\" >Resid\u00eancia M\u00e9dica em Alagoas 2024.2: Programas oferecidos e n\u00famero de vagas previstas<\/a><\/li><li class='ez-toc-page-1 ez-toc-heading-level-2'><a class=\"ez-toc-link ez-toc-heading-2\" href=\"https:\/\/www.grupomedcof.com.br\/blog\/inscricoes-para-residencia-medica-em-alagoas-2024-2-estao-abertas\/#Como_funciona_o_processo_seletivo_da_Residencia_Medica_CEREMAL\" >Como funciona o processo seletivo da Resid\u00eancia M\u00e9dica CEREM\/AL?<\/a><\/li><li class='ez-toc-page-1 ez-toc-heading-level-2'><a class=\"ez-toc-link ez-toc-heading-3\" href=\"https:\/\/www.grupomedcof.com.br\/blog\/inscricoes-para-residencia-medica-em-alagoas-2024-2-estao-abertas\/#Cronograma_Residencia_Medica_CEREMAL_20242\" >Cronograma Resid\u00eancia M\u00e9dica CEREM\/AL 2024.2<\/a><\/li><li class='ez-toc-page-1 ez-toc-heading-level-2'><a class=\"ez-toc-link ez-toc-heading-4\" href=\"https:\/\/www.grupomedcof.com.br\/blog\/inscricoes-para-residencia-medica-em-alagoas-2024-2-estao-abertas\/#Conquiste_a_Aprovacao\" >Conquiste a Aprova\u00e7\u00e3o<\/a><\/li><\/ul><\/nav><\/div>\n<img loading=\"lazy\" decoding=\"async\" width=\"800\" height=\"450\" src=\"https:\/\/www.grupomedcof.com.br\/blog\/wp-content\/uploads\/2024\/02\/Blog-MedCof-8-1024x576.jpg\" alt=\"\" srcset=\"https:\/\/www.grupomedcof.com.br\/blog\/wp-content\/uploads\/2024\/02\/Blog-MedCof-8-1024x576.jpg 1024w, https:\/\/www.grupomedcof.com.br\/blog\/wp-content\/uploads\/2024\/02\/Blog-MedCof-8-300x169.jpg 300w, https:\/\/www.grupomedcof.com.br\/blog\/wp-content\/uploads\/2024\/02\/Blog-MedCof-8-768x432.jpg 768w, https:\/\/www.grupomedcof.com.br\/blog\/wp-content\/uploads\/2024\/02\/Blog-MedCof-8-1536x864.jpg 1536w, https:\/\/www.grupomedcof.com.br\/blog\/wp-content\/uploads\/2024\/02\/Blog-MedCof-8.jpg 1920w\" sizes=\"auto, (max-width: 800px) 100vw, 800px\" \/>\t\t\t\t\t\t\t\t\t\t\t\t\t\t\t\n\t\t<p>Processo Seletivo CEREM\/AL: as inscri\u00e7\u00f5es para Resid\u00eancia M\u00e9dica em Alagoas est\u00e3o abertas at\u00e9 dia 3 de mar\u00e7o. Confira a lista de programas oferecidos.\u00a0<\/p>\t\t\n\t\t\t<h4>\n\t\t\t\tSum\u00e1rio\t\t\t<\/h4>\n\t\t<p><\/p>\n<p><\/p>\n<p><\/p>\n<p>De acordo com o Edital publicado em janeiro de 2024 pela CEREM\/AL e disponibilizado no site da Strix Educa\u00e7\u00e3o, as inscri\u00e7\u00f5es para o Processo Seletivo Unificado de <b>Resid\u00eancia M\u00e9dica\/Alagoas 2024.2 <\/b>para os Programas de Resid\u00eancia M\u00e9dica em Alagoas estar\u00e3o abertas at\u00e9 <b>dia 3 de mar\u00e7o.<\/b><\/p>\n<p><\/p>\n<p><\/p>\n<p><\/p>\n<p><!-- \/wp:post-content --><\/p>\n<p><!-- wp:paragraph --><\/p>\n<p><!-- \/wp:paragraph --><\/p><h2><span class=\"ez-toc-section\" id=\"Residencia_Medica_em_Alagoas_20242_Programas_oferecidos_e_numero_de_vagas_previstas\"><\/span><strong>Resid\u00eancia M\u00e9dica em Alagoas 2024.2: Programas oferecidos e n\u00famero de vagas previstas<\/strong><span class=\"ez-toc-section-end\"><\/span><\/h2>\n<p>\u00a0<\/p>\n<p><!-- \/wp:paragraph --><\/p>\n<p><!-- wp:paragraph --><\/p>\n<p>De acordo com o Edital da CEREM\/AL, os programas oferecidos s\u00e3o:\u00a0<\/p>\n<ul>\n<li style=\"list-style-type: none;\">\n<ul style=\"font-size: 16px;\">\n<li style=\"font-size: 16px;\">Cl\u00ednica M\u00e9dica, 3 vagas;<\/li>\n<\/ul>\n<\/li>\n<\/ul>\n<ul style=\"font-size: 16px; background-color: #ffffff;\">\n<li style=\"font-size: 16px; list-style-type: none;\">\n<ul style=\"font-size: 16px;\">\n<li style=\"font-size: 16px;\">Emerg\u00eancia Pedi\u00e1trica, 1 vaga;<\/li>\n<\/ul>\n<\/li>\n<\/ul>\n<ul style=\"font-size: 16px; background-color: #ffffff;\">\n<li style=\"font-size: 16px; list-style-type: none;\">\n<ul style=\"font-size: 16px;\">\n<li style=\"font-size: 16px;\">Geriatria, 1 vaga;<\/li>\n<\/ul>\n<\/li>\n<\/ul>\n<ul style=\"font-size: 16px; background-color: #ffffff;\">\n<li style=\"font-size: 16px; list-style-type: none;\">\n<ul style=\"font-size: 16px;\">\n<li style=\"font-size: 16px;\">Medicina de Emerg\u00eancia, 5 vagas;<\/li>\n<\/ul>\n<\/li>\n<\/ul>\n<ul style=\"font-size: 16px; background-color: #ffffff;\">\n<li style=\"font-size: 16px; list-style-type: none;\">\n<ul style=\"font-size: 16px;\">\n<li style=\"font-size: 16px;\">Medicina F\u00edsica e Reabilita\u00e7\u00e3o, 1 vaga;\u00a0<\/li>\n<\/ul>\n<\/li>\n<\/ul>\n<ul style=\"font-size: 16px; background-color: #ffffff;\">\n<li style=\"font-size: 16px; list-style-type: none;\">\n<ul style=\"font-size: 16px;\">\n<li style=\"font-size: 16px;\">Neonatologia, 1 vaga;<\/li>\n<\/ul>\n<\/li>\n<\/ul>\n<ul style=\"font-size: 16px; background-color: #ffffff;\">\n<li style=\"font-size: 16px; list-style-type: none;\">\n<ul style=\"font-size: 16px;\">\n<li style=\"font-size: 16px;\">Oncologia Cl\u00ednica, 1 vaga.<\/li>\n<\/ul>\n<\/li>\n<\/ul>\t\t\n\t\t<h2><span class=\"ez-toc-section\" id=\"Como_funciona_o_processo_seletivo_da_Residencia_Medica_CEREMAL\"><\/span>Como funciona o processo seletivo da Resid\u00eancia M\u00e9dica CEREM\/AL?<span class=\"ez-toc-section-end\"><\/span><\/h2>\n<p>As provas ser\u00e3o aplicadas de forma presencial em <strong>Macei\u00f3, Alagoas, no dia 10 de mar\u00e7o de 2024, \u00e0s 9h10.\u00a0<\/strong><\/p>\n<p>\u00a0<\/p>\n<p>As provas ser\u00e3o aplicadas de <em><strong>formas diferentes<\/strong><\/em> para candidatos aos Programas de Especialidades de Acesso Direto e para os de Especialidade com Exig\u00eancia de Pr\u00e9-requisito, \u00c1reas de Atua\u00e7\u00e3o ou Anos Adicionais.\u00a0<\/p>\n<p>\u00a0<\/p>\n<p>Sendo assim, os candidatos da primeira modalidade realizar\u00e3o uma prova de car\u00e1ter gen\u00e9rico composta por 15 Situa\u00e7\u00f5es-Problemas, cada uma com tr\u00eas quest\u00f5es objetivas de m\u00faltipla escolha.\u00a0 Dessa forma, essa prova cobrar\u00e1 conte\u00fados de Cl\u00ednica M\u00e9dica; Cirurgia Geral; Obstetr\u00edcia e Ginecologia; Pediatria; Medicina Preventiva, Medicina de Fam\u00edlia e Comunidade e Sa\u00fade Coletiva. Para esses candidatos, a dura\u00e7\u00e3o m\u00e1xima do exame \u00e9 de<strong> tr\u00eas horas.\u00a0<\/strong><\/p>\n<p>\u00a0<\/p>\n<p>Por outro lado, os candidatos de especialidade com exig\u00eancia de pr\u00e9-requisito, \u00e1reas de atua\u00e7\u00e3o ou anos adicionais realizar\u00e3o uma prova de car\u00e1ter espec\u00edfico composta por 5 Situa\u00e7\u00f5es-Problemas, cada uma com tr\u00eas quest\u00f5es objetivas de m\u00faltipla escolha. Os candidatos precisar\u00e3o estar preparados para conte\u00fados das especialidades pr\u00e9-requisitos do Programa almejado.\u00a0 A dura\u00e7\u00e3o m\u00e1xima desse exame \u00e9 de <strong>duas horas.\u00a0<\/strong><\/p>\n<p>\u00a0<\/p>\n<p><strong>No dia 7 de mar\u00e7o,<\/strong> o candidato j\u00e1 poder\u00e1 consultar o <strong>local da prova<\/strong>.\u00a0<\/p>\t\t\n\t\t\t<a href=\"https:\/\/drive.google.com\/file\/d\/1IoxuSuVThGv2k1wiXWFRMEL9hqyqaen6\/view?usp=drive_link\" target=\"_blank\" rel=\"noopener\">\n\t\t\t\t\t\tEdital CEREM\/AL 2024.2\n\t\t\t\t\t<\/a>\n\t\t<h2 style=\"font-family: Poppins, sans-serif; color: #7a7a7a;\"><span class=\"ez-toc-section\" id=\"Cronograma_Residencia_Medica_CEREMAL_20242\"><\/span>Cronograma Resid\u00eancia M\u00e9dica CEREM\/AL 2024.2<span class=\"ez-toc-section-end\"><\/span><\/h2>\n<ul style=\"font-size: 16px; background-color: #ffffff;\">\n<li style=\"font-size: 16px; list-style-type: none;\">\n<ul style=\"font-size: 16px; background-color: #ffffff;\">\n<li style=\"font-size: 16px;\">Fim das inscri\u00e7\u00f5es: 03\/03\/2024.<\/li>\n<\/ul>\n<\/li>\n<\/ul>\n<ul style=\"font-size: 16px; background-color: #ffffff;\">\n<li style=\"font-size: 16px; list-style-type: none;\">\n<ul style=\"font-size: 16px; background-color: #ffffff;\">\n<li style=\"font-size: 16px;\">Divulga\u00e7\u00e3o de inscri\u00e7\u00f5es homologadas: 05\/03\/2024.<\/li>\n<\/ul>\n<\/li>\n<\/ul>\n<ul style=\"font-size: 16px; background-color: #ffffff;\">\n<li style=\"font-size: 16px; list-style-type: none;\">\n<ul style=\"font-size: 16px; background-color: #ffffff;\">\n<li style=\"font-size: 16px;\">Divulga\u00e7\u00e3o dos locais de Provas: 07\/03\/2024.<\/li>\n<\/ul>\n<\/li>\n<\/ul>\n<ul style=\"font-size: 16px; background-color: #ffffff;\">\n<li style=\"font-size: 16px; list-style-type: none;\">\n<ul style=\"font-size: 16px; background-color: #ffffff;\">\n<li style=\"font-size: 16px;\">Aplica\u00e7\u00e3o de Provas: 10\/03\/2024.\u00a0<\/li>\n<\/ul>\n<\/li>\n<\/ul>\n<ul style=\"font-size: 16px; background-color: #ffffff;\">\n<li style=\"font-size: 16px; list-style-type: none;\">\n<ul style=\"font-size: 16px; background-color: #ffffff;\">\n<li style=\"font-size: 16px;\">Divulga\u00e7\u00e3o dos Gabaritos Preliminares: 10\/03\/2024.\u00a0<\/li>\n<\/ul>\n<\/li>\n<\/ul>\n<ul style=\"font-size: 16px; background-color: #ffffff;\">\n<li style=\"font-size: 16px; list-style-type: none;\">\n<ul style=\"font-size: 16px; background-color: #ffffff;\">\n<li style=\"font-size: 16px;\">Divulga\u00e7\u00e3o do Edital e Cronograma de Matr\u00edcula: 11\/03\/2024.<\/li>\n<\/ul>\n<\/li>\n<\/ul>\n<ul style=\"font-size: 16px; background-color: #ffffff;\">\n<li style=\"font-size: 16px; list-style-type: none;\">\n<ul style=\"font-size: 16px; background-color: #ffffff;\">\n<li style=\"font-size: 16px;\">Divulga\u00e7\u00e3o da Classifica\u00e7\u00e3o Final do Processo Seletivo e 1\u00aa convoca\u00e7\u00e3o para matr\u00edcula: 15\/03\/2024.<\/li>\n<\/ul>\n<\/li>\n<\/ul>\n\u00a0\n<p>Para mais informa\u00e7\u00f5es sobre o Processo Seletivo CEREM\/AL 2024.2, consulte os anexos disponibilizados abaixo:\u00a0<\/p>\t\t\n\t\t\t<a href=\"https:\/\/drive.google.com\/file\/d\/1U9Fs2MVqjW8k_Xjj4gAii5R6Xyr-asBo\/view?usp=drive_link\">\n\t\t\t\t\t\tCronograma Processo Seletivo CEREM\/AL 2024.2\n\t\t\t\t\t<\/a>\n\t\t\t<a href=\"https:\/\/drive.google.com\/file\/d\/1SYwmqGvkwnnCI0JUKkx7-gei806j98wR\/view?usp=drive_link\">\n\t\t\t\t\t\tInforma\u00e7\u00f5es sobre Programas Oferecidos CEREM\/AL 2024.2\n\t\t\t\t\t<\/a>\n\t\t<h2><span class=\"ez-toc-section\" id=\"Conquiste_a_Aprovacao\"><\/span>Conquiste a Aprova\u00e7\u00e3o<span class=\"ez-toc-section-end\"><\/span><\/h2>\n<p>Se voc\u00ea quer garantir a sua aprova\u00e7\u00e3o nas provas de resid\u00eancia, ent\u00e3o conhe\u00e7a o Grupo Medcof e a metodologia que j\u00e1 aprovou<a href=\"https:\/\/www.grupomedcof.com.br\/blog\/presenca-da-medcof-nas-aprovacoes-em-residencia-medica-no-brasil\/\">\u00a0<strong>mais de 10 mil residentes\u00a0<\/strong><\/a>pelo pa\u00eds. Por fim, voc\u00ea pode acessar o nosso<a href=\"https:\/\/www.youtube.com\/@GrupoMedcof\/featured\">\u00a0<strong>canal do youtube<\/strong>\u00a0<\/a>e ver o nosso material de revis\u00e3o e corre\u00e7\u00e3o.<\/p>","protected":false},"excerpt":{"rendered":"<p>Processo Seletivo CEREM\/AL: as inscri\u00e7\u00f5es para Resid\u00eancia M\u00e9dica em Alagoas est\u00e3o abertas. Confira a lista de programas e vagas oferecidas. <\/p>\n","protected":false},"author":6,"featured_media":18210,"comment_status":"open","ping_status":"open","sticky":false,"template":"","format":"standard","meta":{"footnotes":""},"categories":[55],"tags":[],"ppma_author":[3609],"class_list":{"0":"post-18040","1":"post","2":"type-post","3":"status-publish","4":"format-standard","5":"has-post-thumbnail","7":"category-carreira-medica"},"yoast_head":"<!-- This site is optimized with the Yoast SEO Premium plugin v24.3 (Yoast SEO v27.4) - https:\/\/yoast.com\/product\/yoast-seo-premium-wordpress\/ -->\n<title>Inscri\u00e7\u00f5es para Resid\u00eancia M\u00e9dica\/Alagoas 2024.2 est\u00e3o abertas<\/title>\n<meta name=\"description\" content=\"Processo Seletivo CEREM\/AL: as inscri\u00e7\u00f5es para Resid\u00eancia M\u00e9dica 2024.2 est\u00e3o abertas. Confira a lista de programas e vagas ofereci...\" \/>\n<meta name=\"robots\" content=\"index, follow, max-snippet:-1, max-image-preview:large, max-video-preview:-1\" \/>\n<link rel=\"canonical\" href=\"https:\/\/www.grupomedcof.com.br\/blog\/inscricoes-para-residencia-medica-em-alagoas-2024-2-estao-abertas\/\" \/>\n<meta property=\"og:locale\" content=\"pt_BR\" \/>\n<meta property=\"og:type\" content=\"article\" \/>\n<meta property=\"og:title\" content=\"Inscri\u00e7\u00f5es para Resid\u00eancia M\u00e9dica em Alagoas 2024.2 est\u00e3o abertas\" \/>\n<meta property=\"og:description\" content=\"Processo Seletivo CEREM\/AL: as inscri\u00e7\u00f5es para Resid\u00eancia M\u00e9dica 2024.2 est\u00e3o abertas. Confira a lista de programas e vagas ofereci...\" \/>\n<meta property=\"og:url\" content=\"https:\/\/www.grupomedcof.com.br\/blog\/inscricoes-para-residencia-medica-em-alagoas-2024-2-estao-abertas\/\" \/>\n<meta property=\"og:site_name\" content=\"Blog de Medcof: conte\u00fados, editais, revalida e mais!\" \/>\n<meta property=\"article:publisher\" content=\"https:\/\/www.facebook.com\/MedCofQbank\/\" \/>\n<meta property=\"article:published_time\" content=\"2024-02-14T17:38:44+00:00\" \/>\n<meta property=\"og:image\" content=\"https:\/\/www.grupomedcof.com.br\/blog\/wp-content\/uploads\/2024\/02\/Blog-MedCof-10.jpg\" \/>\n\t<meta property=\"og:image:width\" content=\"1920\" \/>\n\t<meta property=\"og:image:height\" content=\"1080\" \/>\n\t<meta property=\"og:image:type\" content=\"image\/jpeg\" \/>\n<meta name=\"author\" content=\"J\u00falia Moreira\" \/>\n<meta name=\"twitter:card\" content=\"summary_large_image\" \/>\n<meta name=\"twitter:label1\" content=\"Escrito por\" \/>\n\t<meta name=\"twitter:data1\" content=\"J\u00falia Moreira\" \/>\n\t<meta name=\"twitter:label2\" content=\"Est. tempo de leitura\" \/>\n\t<meta name=\"twitter:data2\" content=\"6 minutos\" \/>\n<script type=\"application\/ld+json\" class=\"yoast-schema-graph\">{\"@context\":\"https:\\\/\\\/schema.org\",\"@graph\":[{\"@type\":\"Article\",\"@id\":\"https:\\\/\\\/www.grupomedcof.com.br\\\/blog\\\/inscricoes-para-residencia-medica-em-alagoas-2024-2-estao-abertas\\\/#article\",\"isPartOf\":{\"@id\":\"https:\\\/\\\/www.grupomedcof.com.br\\\/blog\\\/inscricoes-para-residencia-medica-em-alagoas-2024-2-estao-abertas\\\/\"},\"author\":{\"name\":\"J\u00falia Moreira\",\"@id\":\"https:\\\/\\\/www.grupomedcof.com.br\\\/blog\\\/#\\\/schema\\\/person\\\/1375e0ce724529d7a1d8156ea7f8ceaa\"},\"headline\":\"Inscri\u00e7\u00f5es para Resid\u00eancia M\u00e9dica em Alagoas 2024.2 est\u00e3o abertas\",\"datePublished\":\"2024-02-14T17:38:44+00:00\",\"mainEntityOfPage\":{\"@id\":\"https:\\\/\\\/www.grupomedcof.com.br\\\/blog\\\/inscricoes-para-residencia-medica-em-alagoas-2024-2-estao-abertas\\\/\"},\"wordCount\":523,\"commentCount\":0,\"publisher\":{\"@id\":\"https:\\\/\\\/www.grupomedcof.com.br\\\/blog\\\/#organization\"},\"image\":{\"@id\":\"https:\\\/\\\/www.grupomedcof.com.br\\\/blog\\\/inscricoes-para-residencia-medica-em-alagoas-2024-2-estao-abertas\\\/#primaryimage\"},\"thumbnailUrl\":\"https:\\\/\\\/www.grupomedcof.com.br\\\/blog\\\/wp-content\\\/uploads\\\/2024\\\/02\\\/Blog-MedCof-10.jpg\",\"articleSection\":[\"Carreira M\u00e9dica\"],\"inLanguage\":\"pt-BR\"},{\"@type\":\"WebPage\",\"@id\":\"https:\\\/\\\/www.grupomedcof.com.br\\\/blog\\\/inscricoes-para-residencia-medica-em-alagoas-2024-2-estao-abertas\\\/\",\"url\":\"https:\\\/\\\/www.grupomedcof.com.br\\\/blog\\\/inscricoes-para-residencia-medica-em-alagoas-2024-2-estao-abertas\\\/\",\"name\":\"Inscri\u00e7\u00f5es para Resid\u00eancia M\u00e9dica\\\/Alagoas 2024.2 est\u00e3o abertas\",\"isPartOf\":{\"@id\":\"https:\\\/\\\/www.grupomedcof.com.br\\\/blog\\\/#website\"},\"primaryImageOfPage\":{\"@id\":\"https:\\\/\\\/www.grupomedcof.com.br\\\/blog\\\/inscricoes-para-residencia-medica-em-alagoas-2024-2-estao-abertas\\\/#primaryimage\"},\"image\":{\"@id\":\"https:\\\/\\\/www.grupomedcof.com.br\\\/blog\\\/inscricoes-para-residencia-medica-em-alagoas-2024-2-estao-abertas\\\/#primaryimage\"},\"thumbnailUrl\":\"https:\\\/\\\/www.grupomedcof.com.br\\\/blog\\\/wp-content\\\/uploads\\\/2024\\\/02\\\/Blog-MedCof-10.jpg\",\"datePublished\":\"2024-02-14T17:38:44+00:00\",\"description\":\"Processo Seletivo CEREM\\\/AL: as inscri\u00e7\u00f5es para Resid\u00eancia M\u00e9dica 2024.2 est\u00e3o abertas. Confira a lista de programas e vagas ofereci...\",\"breadcrumb\":{\"@id\":\"https:\\\/\\\/www.grupomedcof.com.br\\\/blog\\\/inscricoes-para-residencia-medica-em-alagoas-2024-2-estao-abertas\\\/#breadcrumb\"},\"inLanguage\":\"pt-BR\",\"potentialAction\":[{\"@type\":\"ReadAction\",\"target\":[\"https:\\\/\\\/www.grupomedcof.com.br\\\/blog\\\/inscricoes-para-residencia-medica-em-alagoas-2024-2-estao-abertas\\\/\"]}]},{\"@type\":\"ImageObject\",\"inLanguage\":\"pt-BR\",\"@id\":\"https:\\\/\\\/www.grupomedcof.com.br\\\/blog\\\/inscricoes-para-residencia-medica-em-alagoas-2024-2-estao-abertas\\\/#primaryimage\",\"url\":\"https:\\\/\\\/www.grupomedcof.com.br\\\/blog\\\/wp-content\\\/uploads\\\/2024\\\/02\\\/Blog-MedCof-10.jpg\",\"contentUrl\":\"https:\\\/\\\/www.grupomedcof.com.br\\\/blog\\\/wp-content\\\/uploads\\\/2024\\\/02\\\/Blog-MedCof-10.jpg\",\"width\":1920,\"height\":1080,\"caption\":\"Processo Seletivo CEREM\\\/AL: as inscri\u00e7\u00f5es para Resid\u00eancia M\u00e9dica em Alagoas est\u00e3o abertas.\"},{\"@type\":\"BreadcrumbList\",\"@id\":\"https:\\\/\\\/www.grupomedcof.com.br\\\/blog\\\/inscricoes-para-residencia-medica-em-alagoas-2024-2-estao-abertas\\\/#breadcrumb\",\"itemListElement\":[{\"@type\":\"ListItem\",\"position\":1,\"name\":\"In\u00edcio\",\"item\":\"https:\\\/\\\/www.grupomedcof.com.br\\\/blog\\\/\"},{\"@type\":\"ListItem\",\"position\":2,\"name\":\"Inscri\u00e7\u00f5es para Resid\u00eancia M\u00e9dica em Alagoas 2024.2 est\u00e3o abertas\"}]},{\"@type\":\"WebSite\",\"@id\":\"https:\\\/\\\/www.grupomedcof.com.br\\\/blog\\\/#website\",\"url\":\"https:\\\/\\\/www.grupomedcof.com.br\\\/blog\\\/\",\"name\":\"Blog de Medcof: conte\u00fados, editais, revalida e mais!\",\"description\":\"Acesso o blog de MedCof! Seu portal de conte\u00fados sobre resid\u00eancia m\u00e9dica, an\u00e1lise e editais e muito mais. Clique e confira!\",\"publisher\":{\"@id\":\"https:\\\/\\\/www.grupomedcof.com.br\\\/blog\\\/#organization\"},\"alternateName\":\"Blog de Medcof: conte\u00fados, editais, revalida e mais!\",\"potentialAction\":[{\"@type\":\"SearchAction\",\"target\":{\"@type\":\"EntryPoint\",\"urlTemplate\":\"https:\\\/\\\/www.grupomedcof.com.br\\\/blog\\\/?s={search_term_string}\"},\"query-input\":{\"@type\":\"PropertyValueSpecification\",\"valueRequired\":true,\"valueName\":\"search_term_string\"}}],\"inLanguage\":\"pt-BR\"},{\"@type\":\"Organization\",\"@id\":\"https:\\\/\\\/www.grupomedcof.com.br\\\/blog\\\/#organization\",\"name\":\"Grupo MedCof\",\"url\":\"https:\\\/\\\/www.grupomedcof.com.br\\\/blog\\\/\",\"logo\":{\"@type\":\"ImageObject\",\"inLanguage\":\"pt-BR\",\"@id\":\"https:\\\/\\\/www.grupomedcof.com.br\\\/blog\\\/#\\\/schema\\\/logo\\\/image\\\/\",\"url\":\"https:\\\/\\\/www.grupomedcof.com.br\\\/blog\\\/wp-content\\\/uploads\\\/2022\\\/01\\\/logo-medcof.png\",\"contentUrl\":\"https:\\\/\\\/www.grupomedcof.com.br\\\/blog\\\/wp-content\\\/uploads\\\/2022\\\/01\\\/logo-medcof.png\",\"width\":768,\"height\":269,\"caption\":\"Grupo MedCof\"},\"image\":{\"@id\":\"https:\\\/\\\/www.grupomedcof.com.br\\\/blog\\\/#\\\/schema\\\/logo\\\/image\\\/\"},\"sameAs\":[\"https:\\\/\\\/www.facebook.com\\\/MedCofQbank\\\/\",\"https:\\\/\\\/www.instagram.com\\\/grupomedcof\\\/\",\"https:\\\/\\\/br.linkedin.com\\\/company\\\/medcof\",\"https:\\\/\\\/www.youtube.com\\\/channel\\\/UCdHMuOHKICxcHwecxN8P-AA\"]},{\"@type\":\"Person\",\"@id\":\"https:\\\/\\\/www.grupomedcof.com.br\\\/blog\\\/#\\\/schema\\\/person\\\/1375e0ce724529d7a1d8156ea7f8ceaa\",\"name\":\"J\u00falia Moreira\",\"image\":{\"@type\":\"ImageObject\",\"inLanguage\":\"pt-BR\",\"@id\":\"https:\\\/\\\/www.grupomedcof.com.br\\\/blog\\\/wp-content\\\/uploads\\\/2024\\\/12\\\/cropped-Captura-de-tela-2023-12-15-094946-96x96.png6a0083ac34a0445de97d55fae63a4a41\",\"url\":\"https:\\\/\\\/www.grupomedcof.com.br\\\/blog\\\/wp-content\\\/uploads\\\/2024\\\/12\\\/cropped-Captura-de-tela-2023-12-15-094946-96x96.png\",\"contentUrl\":\"https:\\\/\\\/www.grupomedcof.com.br\\\/blog\\\/wp-content\\\/uploads\\\/2024\\\/12\\\/cropped-Captura-de-tela-2023-12-15-094946-96x96.png\",\"caption\":\"J\u00falia Moreira\"},\"description\":\"Estudante do 8\u00ba semestre de Jornalismo na ECA-USP, f\u00e3 de filmes de terror e m\u00fasica popular sul-coreana.\",\"sameAs\":[\"https:\\\/\\\/www.grupomedcof.com.br\\\/\"],\"url\":\"https:\\\/\\\/www.grupomedcof.com.br\\\/blog\\\/author\\\/julia\\\/\"}]}<\/script>\n<!-- \/ Yoast SEO Premium plugin. -->","yoast_head_json":{"title":"Inscri\u00e7\u00f5es para Resid\u00eancia M\u00e9dica\/Alagoas 2024.2 est\u00e3o abertas","description":"Processo Seletivo CEREM\/AL: as inscri\u00e7\u00f5es para Resid\u00eancia M\u00e9dica 2024.2 est\u00e3o abertas. Confira a lista de programas e vagas ofereci...","robots":{"index":"index","follow":"follow","max-snippet":"max-snippet:-1","max-image-preview":"max-image-preview:large","max-video-preview":"max-video-preview:-1"},"canonical":"https:\/\/www.grupomedcof.com.br\/blog\/inscricoes-para-residencia-medica-em-alagoas-2024-2-estao-abertas\/","og_locale":"pt_BR","og_type":"article","og_title":"Inscri\u00e7\u00f5es para Resid\u00eancia M\u00e9dica em Alagoas 2024.2 est\u00e3o abertas","og_description":"Processo Seletivo CEREM\/AL: as inscri\u00e7\u00f5es para Resid\u00eancia M\u00e9dica 2024.2 est\u00e3o abertas. Confira a lista de programas e vagas ofereci...","og_url":"https:\/\/www.grupomedcof.com.br\/blog\/inscricoes-para-residencia-medica-em-alagoas-2024-2-estao-abertas\/","og_site_name":"Blog de Medcof: conte\u00fados, editais, revalida e mais!","article_publisher":"https:\/\/www.facebook.com\/MedCofQbank\/","article_published_time":"2024-02-14T17:38:44+00:00","og_image":[{"width":1920,"height":1080,"url":"https:\/\/www.grupomedcof.com.br\/blog\/wp-content\/uploads\/2024\/02\/Blog-MedCof-10.jpg","type":"image\/jpeg"}],"author":"J\u00falia Moreira","twitter_card":"summary_large_image","twitter_misc":{"Escrito por":"J\u00falia Moreira","Est. tempo de leitura":"6 minutos"},"schema":{"@context":"https:\/\/schema.org","@graph":[{"@type":"Article","@id":"https:\/\/www.grupomedcof.com.br\/blog\/inscricoes-para-residencia-medica-em-alagoas-2024-2-estao-abertas\/#article","isPartOf":{"@id":"https:\/\/www.grupomedcof.com.br\/blog\/inscricoes-para-residencia-medica-em-alagoas-2024-2-estao-abertas\/"},"author":{"name":"J\u00falia Moreira","@id":"https:\/\/www.grupomedcof.com.br\/blog\/#\/schema\/person\/1375e0ce724529d7a1d8156ea7f8ceaa"},"headline":"Inscri\u00e7\u00f5es para Resid\u00eancia M\u00e9dica em Alagoas 2024.2 est\u00e3o abertas","datePublished":"2024-02-14T17:38:44+00:00","mainEntityOfPage":{"@id":"https:\/\/www.grupomedcof.com.br\/blog\/inscricoes-para-residencia-medica-em-alagoas-2024-2-estao-abertas\/"},"wordCount":523,"commentCount":0,"publisher":{"@id":"https:\/\/www.grupomedcof.com.br\/blog\/#organization"},"image":{"@id":"https:\/\/www.grupomedcof.com.br\/blog\/inscricoes-para-residencia-medica-em-alagoas-2024-2-estao-abertas\/#primaryimage"},"thumbnailUrl":"https:\/\/www.grupomedcof.com.br\/blog\/wp-content\/uploads\/2024\/02\/Blog-MedCof-10.jpg","articleSection":["Carreira M\u00e9dica"],"inLanguage":"pt-BR"},{"@type":"WebPage","@id":"https:\/\/www.grupomedcof.com.br\/blog\/inscricoes-para-residencia-medica-em-alagoas-2024-2-estao-abertas\/","url":"https:\/\/www.grupomedcof.com.br\/blog\/inscricoes-para-residencia-medica-em-alagoas-2024-2-estao-abertas\/","name":"Inscri\u00e7\u00f5es para Resid\u00eancia M\u00e9dica\/Alagoas 2024.2 est\u00e3o abertas","isPartOf":{"@id":"https:\/\/www.grupomedcof.com.br\/blog\/#website"},"primaryImageOfPage":{"@id":"https:\/\/www.grupomedcof.com.br\/blog\/inscricoes-para-residencia-medica-em-alagoas-2024-2-estao-abertas\/#primaryimage"},"image":{"@id":"https:\/\/www.grupomedcof.com.br\/blog\/inscricoes-para-residencia-medica-em-alagoas-2024-2-estao-abertas\/#primaryimage"},"thumbnailUrl":"https:\/\/www.grupomedcof.com.br\/blog\/wp-content\/uploads\/2024\/02\/Blog-MedCof-10.jpg","datePublished":"2024-02-14T17:38:44+00:00","description":"Processo Seletivo CEREM\/AL: as inscri\u00e7\u00f5es para Resid\u00eancia M\u00e9dica 2024.2 est\u00e3o abertas. Confira a lista de programas e vagas ofereci...","breadcrumb":{"@id":"https:\/\/www.grupomedcof.com.br\/blog\/inscricoes-para-residencia-medica-em-alagoas-2024-2-estao-abertas\/#breadcrumb"},"inLanguage":"pt-BR","potentialAction":[{"@type":"ReadAction","target":["https:\/\/www.grupomedcof.com.br\/blog\/inscricoes-para-residencia-medica-em-alagoas-2024-2-estao-abertas\/"]}]},{"@type":"ImageObject","inLanguage":"pt-BR","@id":"https:\/\/www.grupomedcof.com.br\/blog\/inscricoes-para-residencia-medica-em-alagoas-2024-2-estao-abertas\/#primaryimage","url":"https:\/\/www.grupomedcof.com.br\/blog\/wp-content\/uploads\/2024\/02\/Blog-MedCof-10.jpg","contentUrl":"https:\/\/www.grupomedcof.com.br\/blog\/wp-content\/uploads\/2024\/02\/Blog-MedCof-10.jpg","width":1920,"height":1080,"caption":"Processo Seletivo CEREM\/AL: as inscri\u00e7\u00f5es para Resid\u00eancia M\u00e9dica em Alagoas est\u00e3o abertas."},{"@type":"BreadcrumbList","@id":"https:\/\/www.grupomedcof.com.br\/blog\/inscricoes-para-residencia-medica-em-alagoas-2024-2-estao-abertas\/#breadcrumb","itemListElement":[{"@type":"ListItem","position":1,"name":"In\u00edcio","item":"https:\/\/www.grupomedcof.com.br\/blog\/"},{"@type":"ListItem","position":2,"name":"Inscri\u00e7\u00f5es para Resid\u00eancia M\u00e9dica em Alagoas 2024.2 est\u00e3o abertas"}]},{"@type":"WebSite","@id":"https:\/\/www.grupomedcof.com.br\/blog\/#website","url":"https:\/\/www.grupomedcof.com.br\/blog\/","name":"Blog de Medcof: conte\u00fados, editais, revalida e mais!","description":"Acesso o blog de MedCof! Seu portal de conte\u00fados sobre resid\u00eancia m\u00e9dica, an\u00e1lise e editais e muito mais. Clique e confira!","publisher":{"@id":"https:\/\/www.grupomedcof.com.br\/blog\/#organization"},"alternateName":"Blog de Medcof: conte\u00fados, editais, revalida e mais!","potentialAction":[{"@type":"SearchAction","target":{"@type":"EntryPoint","urlTemplate":"https:\/\/www.grupomedcof.com.br\/blog\/?s={search_term_string}"},"query-input":{"@type":"PropertyValueSpecification","valueRequired":true,"valueName":"search_term_string"}}],"inLanguage":"pt-BR"},{"@type":"Organization","@id":"https:\/\/www.grupomedcof.com.br\/blog\/#organization","name":"Grupo MedCof","url":"https:\/\/www.grupomedcof.com.br\/blog\/","logo":{"@type":"ImageObject","inLanguage":"pt-BR","@id":"https:\/\/www.grupomedcof.com.br\/blog\/#\/schema\/logo\/image\/","url":"https:\/\/www.grupomedcof.com.br\/blog\/wp-content\/uploads\/2022\/01\/logo-medcof.png","contentUrl":"https:\/\/www.grupomedcof.com.br\/blog\/wp-content\/uploads\/2022\/01\/logo-medcof.png","width":768,"height":269,"caption":"Grupo MedCof"},"image":{"@id":"https:\/\/www.grupomedcof.com.br\/blog\/#\/schema\/logo\/image\/"},"sameAs":["https:\/\/www.facebook.com\/MedCofQbank\/","https:\/\/www.instagram.com\/grupomedcof\/","https:\/\/br.linkedin.com\/company\/medcof","https:\/\/www.youtube.com\/channel\/UCdHMuOHKICxcHwecxN8P-AA"]},{"@type":"Person","@id":"https:\/\/www.grupomedcof.com.br\/blog\/#\/schema\/person\/1375e0ce724529d7a1d8156ea7f8ceaa","name":"J\u00falia Moreira","image":{"@type":"ImageObject","inLanguage":"pt-BR","@id":"https:\/\/www.grupomedcof.com.br\/blog\/wp-content\/uploads\/2024\/12\/cropped-Captura-de-tela-2023-12-15-094946-96x96.png6a0083ac34a0445de97d55fae63a4a41","url":"https:\/\/www.grupomedcof.com.br\/blog\/wp-content\/uploads\/2024\/12\/cropped-Captura-de-tela-2023-12-15-094946-96x96.png","contentUrl":"https:\/\/www.grupomedcof.com.br\/blog\/wp-content\/uploads\/2024\/12\/cropped-Captura-de-tela-2023-12-15-094946-96x96.png","caption":"J\u00falia Moreira"},"description":"Estudante do 8\u00ba semestre de Jornalismo na ECA-USP, f\u00e3 de filmes de terror e m\u00fasica popular sul-coreana.","sameAs":["https:\/\/www.grupomedcof.com.br\/"],"url":"https:\/\/www.grupomedcof.com.br\/blog\/author\/julia\/"}]}},"authors":[{"term_id":3609,"user_id":6,"is_guest":0,"slug":"julia","display_name":"J\u00falia Moreira","avatar_url":"https:\/\/www.grupomedcof.com.br\/blog\/wp-content\/uploads\/2024\/12\/cropped-Captura-de-tela-2023-12-15-094946-96x96.png","0":null,"1":"","2":"","3":"","4":"","5":"","6":"","7":"","8":""}],"_links":{"self":[{"href":"https:\/\/www.grupomedcof.com.br\/blog\/wp-json\/wp\/v2\/posts\/18040","targetHints":{"allow":["GET"]}}],"collection":[{"href":"https:\/\/www.grupomedcof.com.br\/blog\/wp-json\/wp\/v2\/posts"}],"about":[{"href":"https:\/\/www.grupomedcof.com.br\/blog\/wp-json\/wp\/v2\/types\/post"}],"author":[{"embeddable":true,"href":"https:\/\/www.grupomedcof.com.br\/blog\/wp-json\/wp\/v2\/users\/6"}],"replies":[{"embeddable":true,"href":"https:\/\/www.grupomedcof.com.br\/blog\/wp-json\/wp\/v2\/comments?post=18040"}],"version-history":[{"count":0,"href":"https:\/\/www.grupomedcof.com.br\/blog\/wp-json\/wp\/v2\/posts\/18040\/revisions"}],"wp:featuredmedia":[{"embeddable":true,"href":"https:\/\/www.grupomedcof.com.br\/blog\/wp-json\/wp\/v2\/media\/18210"}],"wp:attachment":[{"href":"https:\/\/www.grupomedcof.com.br\/blog\/wp-json\/wp\/v2\/media?parent=18040"}],"wp:term":[{"taxonomy":"category","embeddable":true,"href":"https:\/\/www.grupomedcof.com.br\/blog\/wp-json\/wp\/v2\/categories?post=18040"},{"taxonomy":"post_tag","embeddable":true,"href":"https:\/\/www.grupomedcof.com.br\/blog\/wp-json\/wp\/v2\/tags?post=18040"},{"taxonomy":"author","embeddable":true,"href":"https:\/\/www.grupomedcof.com.br\/blog\/wp-json\/wp\/v2\/ppma_author?post=18040"}],"curies":[{"name":"wp","href":"https:\/\/api.w.org\/{rel}","templated":true}]}}