{"id":18306,"date":"2024-02-15T14:05:43","date_gmt":"2024-02-15T17:05:43","guid":{"rendered":"https:\/\/www.grupomedcof.com.br\/blog\/?p=18306"},"modified":"2024-02-15T14:05:43","modified_gmt":"2024-02-15T17:05:43","slug":"especializacao-em-dermatologia-como-se-preparar","status":"publish","type":"post","link":"https:\/\/www.grupomedcof.com.br\/blog\/especializacao-em-dermatologia-como-se-preparar\/","title":{"rendered":"Especializa\u00e7\u00e3o em dermatologia: como se preparar?"},"content":{"rendered":"<div id=\"ez-toc-container\" class=\"ez-toc-v2_0_74 counter-hierarchy ez-toc-counter ez-toc-transparent ez-toc-container-direction\">\n<div class=\"ez-toc-title-container\">\n<p class=\"ez-toc-title\" style=\"cursor:inherit\">Sum\u00e1rio<\/p>\n<span class=\"ez-toc-title-toggle\"><a href=\"#\" class=\"ez-toc-pull-right ez-toc-btn ez-toc-btn-xs ez-toc-btn-default ez-toc-toggle\" aria-label=\"Alternar tabela de conte\u00fado\"><span class=\"ez-toc-js-icon-con\"><span class=\"\"><span class=\"eztoc-hide\" style=\"display:none;\">Toggle<\/span><span class=\"ez-toc-icon-toggle-span\"><svg style=\"fill: #999;color:#999\" xmlns=\"http:\/\/www.w3.org\/2000\/svg\" class=\"list-377408\" width=\"20px\" height=\"20px\" viewBox=\"0 0 24 24\" fill=\"none\"><path d=\"M6 6H4v2h2V6zm14 0H8v2h12V6zM4 11h2v2H4v-2zm16 0H8v2h12v-2zM4 16h2v2H4v-2zm16 0H8v2h12v-2z\" fill=\"currentColor\"><\/path><\/svg><svg style=\"fill: #999;color:#999\" class=\"arrow-unsorted-368013\" xmlns=\"http:\/\/www.w3.org\/2000\/svg\" width=\"10px\" height=\"10px\" viewBox=\"0 0 24 24\" version=\"1.2\" baseProfile=\"tiny\"><path d=\"M18.2 9.3l-6.2-6.3-6.2 6.3c-.2.2-.3.4-.3.7s.1.5.3.7c.2.2.4.3.7.3h11c.3 0 .5-.1.7-.3.2-.2.3-.5.3-.7s-.1-.5-.3-.7zM5.8 14.7l6.2 6.3 6.2-6.3c.2-.2.3-.5.3-.7s-.1-.5-.3-.7c-.2-.2-.4-.3-.7-.3h-11c-.3 0-.5.1-.7.3-.2.2-.3.5-.3.7s.1.5.3.7z\"\/><\/svg><\/span><\/span><\/span><\/a><\/span><\/div>\n<nav><ul class='ez-toc-list ez-toc-list-level-1 ' ><li class='ez-toc-page-1 ez-toc-heading-level-2'><a class=\"ez-toc-link ez-toc-heading-1\" href=\"https:\/\/www.grupomedcof.com.br\/blog\/especializacao-em-dermatologia-como-se-preparar\/#Qual_e_a_diferenca_entre_especializacao_e_residencia_medica_de_dermatologia\" >Qual \u00e9 a diferen\u00e7a entre especializa\u00e7\u00e3o e resid\u00eancia m\u00e9dica de dermatologia?<\/a><\/li><li class='ez-toc-page-1 ez-toc-heading-level-2'><a class=\"ez-toc-link ez-toc-heading-2\" href=\"https:\/\/www.grupomedcof.com.br\/blog\/especializacao-em-dermatologia-como-se-preparar\/#Como_se_preparar_para_a_especializacao_em_dermatologia\" >Como se preparar para a especializa\u00e7\u00e3o em dermatologia?<\/a><\/li><li class='ez-toc-page-1 ez-toc-heading-level-2'><a class=\"ez-toc-link ez-toc-heading-3\" href=\"https:\/\/www.grupomedcof.com.br\/blog\/especializacao-em-dermatologia-como-se-preparar\/#Ebook_exclusivo\" >Ebook exclusivo&nbsp;<\/a><\/li><\/ul><\/nav><\/div>\n<img loading=\"lazy\" decoding=\"async\" width=\"800\" height=\"450\" src=\"https:\/\/www.grupomedcof.com.br\/blog\/wp-content\/uploads\/2024\/02\/1-2-1024x576.jpg\" alt=\"Realizar uma especializa\u00e7\u00e3o em dermatologia \u00e9 um dos caminhos poss\u00edveis para m\u00e9dicos que querem ser dermatologistas.\" srcset=\"https:\/\/www.grupomedcof.com.br\/blog\/wp-content\/uploads\/2024\/02\/1-2-1024x576.jpg 1024w, https:\/\/www.grupomedcof.com.br\/blog\/wp-content\/uploads\/2024\/02\/1-2-300x169.jpg 300w, https:\/\/www.grupomedcof.com.br\/blog\/wp-content\/uploads\/2024\/02\/1-2-768x432.jpg 768w, https:\/\/www.grupomedcof.com.br\/blog\/wp-content\/uploads\/2024\/02\/1-2-1536x864.jpg 1536w, https:\/\/www.grupomedcof.com.br\/blog\/wp-content\/uploads\/2024\/02\/1-2.jpg 1920w\" sizes=\"auto, (max-width: 800px) 100vw, 800px\" \/>\t\t\t\t\t\t\t\t\t\t\t\t\t\t\t\n\t\t<p>Realizar uma especializa\u00e7\u00e3o em dermatologia \u00e9 um dos caminhos poss\u00edveis para m\u00e9dicos que querem ser dermatologistas. Saiba como se preparar para a p\u00f3s-gradua\u00e7\u00e3o credenciada.\u00a0<\/p>\t\t\n\t\t\t<h4>\n\t\t\t\tSum\u00e1rio\t\t\t<\/h4>\n\t\t<p><\/p>\n<p>Para adquirir o t\u00e3o sonhado <b>RQE (registro de especialista)<\/b> em dermatologia, o m\u00e9dico formado tem duas op\u00e7\u00f5es: optar por entrar em um Programa de Resid\u00eancia M\u00e9dica ou realizar uma P\u00f3s-Gradua\u00e7\u00e3o Credenciada em Dermatologia, tamb\u00e9m conhecida como Especializa\u00e7\u00e3o em Dermatologia.<\/p>\n<p><\/p>\n<p><\/p>\n<p><\/p>\t\t\n\t\t<h2><span class=\"ez-toc-section\" id=\"Qual_e_a_diferenca_entre_especializacao_e_residencia_medica_de_dermatologia\"><\/span>Qual \u00e9 a diferen\u00e7a entre especializa\u00e7\u00e3o e resid\u00eancia m\u00e9dica de dermatologia?<span class=\"ez-toc-section-end\"><\/span><\/h2>\n<p>Ambas t\u00eam o <strong>mesmo tempo de dura\u00e7\u00e3o,<\/strong> ou seja, tr\u00eas anos. No entanto, a primeira diferen\u00e7a consiste no fato de que os processos seletivos para resid\u00eancia m\u00e9dica exigem a realiza\u00e7\u00e3o de provas cujo conte\u00fado aborda<strong> todas as \u00e1reas da medicina<\/strong>, enquanto para a P\u00f3s-Gradua\u00e7\u00e3o, os programas aplicam provas com conte\u00fado focado em<strong> Dermatologia e Cl\u00ednica M\u00e9dica.<\/strong><\/p>\n<p>\u00a0<\/p>\n<p>Al\u00e9m disso, o m\u00e9dico residente em dermatologia recebe uma <strong>bolsa MEC,<\/strong> e efetua o programa de resid\u00eancia em uma rede de sa\u00fade reconhecida pelo Conselho Nacional de Resid\u00eancia M\u00e9dica. J\u00e1 o m\u00e9dico p\u00f3s-graduando nem sempre ter\u00e1 a op\u00e7\u00e3o de bolsa de estudo, al\u00e9m de, \u00e0 depender do programa escolhido, <strong>precisar realizar o pagamento do curso.<\/strong><\/p>\n<p>\u00a0<\/p>\n<p>Por fim, um p\u00f3s-graduando em dermatologia n\u00e3o recebe o t\u00edtulo de especialista assim que finaliza o curso, como acontece com os m\u00e9dicos residentes. Para obter o RQE, ele precisa ser <strong>aprovado na Prova de T\u00edtulo de Especialista em Dermatologia.<\/strong><\/p>\t\t\n\t\t<h2><span class=\"ez-toc-section\" id=\"Como_se_preparar_para_a_especializacao_em_dermatologia\"><\/span>Como se preparar para a especializa\u00e7\u00e3o em dermatologia?<span class=\"ez-toc-section-end\"><\/span><\/h2>\n<p>Como mencionado acima, devido \u00e0s diferen\u00e7as conteudistas das provas, a prepara\u00e7\u00e3o para a p\u00f3s-gradua\u00e7\u00e3o credenciada envolve um foco bem maior nas \u00e1reas da Dermatologia e Cl\u00ednica M\u00e9dica. Embora o p\u00f3s-graduando se esquive um pouco da intensa concorr\u00eancia das resid\u00eancias m\u00e9dicas, ainda \u00e9 necess\u00e1rio seguir um m\u00e9todo de estudos espec\u00edfico.<\/p>\n<p>\u00a0<\/p>\n<p>Pensando nisso, o Grupo Medcof desenvolveu<strong> a prepara\u00e7\u00e3o mais completa do mercado<\/strong> para processos seletivos de p\u00f3s-gradua\u00e7\u00e3o credenciada em dermatologia, a\u00a0<a href=\"https:\/\/medcofderma.com.br\/aprova\/\">Derma A.Prova<\/a>.<\/p>\t\t\n\t\t<h2><span class=\"ez-toc-section\" id=\"Ebook_exclusivo\"><\/span><strong>Ebook exclusivo&nbsp;<\/strong><span class=\"ez-toc-section-end\"><\/span><\/h2>\n<p>Confira nosso ebook exclusivo com mais dicas de como voc\u00ea pode se preparar para essa prova:<\/p>\t\t\n\t\t\t<iframe src=\"https:\/\/www.grupomedcof.com.br\/blog\/wp-content\/plugins\/pdf-viewer-for-elementor\/assets\/pdfjs\/web\/viewer.html?file=https:\/\/www.grupomedcof.com.br\/blog\/wp-content\/uploads\/2024\/02\/e-book_derma_aprova_oficial_medcof.pdf&amp;embedded=true\" style=\"display: block; margin-left: auto; margin-right: auto; width: 640px; height: 1020px;\" frameborder=\"1\" marginheight=\"0px\" marginwidth=\"0px\" allowfullscreen><\/iframe>\t\t\n\t\t\t<a href=\"https:\/\/drive.google.com\/file\/d\/1SB4QKM8owmi6eyiB7VqbluLqTcuHJWpp\/view?usp=drive_link\" target=\"_blank\" rel=\"noopener\">\n\t\t\t\t\t\tClique aqui para baixar o ebook\n\t\t\t\t\t<\/a>","protected":false},"excerpt":{"rendered":"<p>Realizar uma especializa\u00e7\u00e3o em dermatologia \u00e9 um dos caminhos poss\u00edveis para m\u00e9dicos que querem ser dermatologistas. Saiba como se preparar para a p\u00f3s-gradua\u00e7\u00e3o credenciada. <\/p>\n","protected":false},"author":6,"featured_media":18340,"comment_status":"open","ping_status":"open","sticky":false,"template":"","format":"standard","meta":{"footnotes":""},"categories":[203],"tags":[946,204,949,947,948],"ppma_author":[3609],"class_list":{"0":"post-18306","1":"post","2":"type-post","3":"status-publish","4":"format-standard","5":"has-post-thumbnail","7":"category-dermatologia","8":"tag-derma-a-prova","9":"tag-dermatologia","10":"tag-especializacao-em-dermatologia","11":"tag-pos-graduacao-credenciada","12":"tag-pos-graduacao-em-dermatologia"},"yoast_head":"<!-- This site is optimized with the Yoast SEO Premium plugin v24.3 (Yoast SEO v27.4) - https:\/\/yoast.com\/product\/yoast-seo-premium-wordpress\/ -->\n<title>Especializa\u00e7\u00e3o em dermatologia: como se preparar? - Blog de Medcof: conte\u00fados, editais, revalida e mais!<\/title>\n<meta name=\"description\" content=\"Realizar uma especializa\u00e7\u00e3o em dermatologia \u00e9 um dos caminhos poss\u00edveis para m\u00e9dicos que querem ser dermatologistas. Saiba como se prepar...\" \/>\n<meta name=\"robots\" content=\"index, follow, max-snippet:-1, max-image-preview:large, max-video-preview:-1\" \/>\n<link rel=\"canonical\" href=\"https:\/\/www.grupomedcof.com.br\/blog\/especializacao-em-dermatologia-como-se-preparar\/\" \/>\n<meta property=\"og:locale\" content=\"pt_BR\" \/>\n<meta property=\"og:type\" content=\"article\" \/>\n<meta property=\"og:title\" content=\"Especializa\u00e7\u00e3o em dermatologia: como se preparar?\" \/>\n<meta property=\"og:description\" content=\"Realizar uma especializa\u00e7\u00e3o em dermatologia \u00e9 um dos caminhos poss\u00edveis para m\u00e9dicos que querem ser dermatologistas. Saiba como se prepar...\" \/>\n<meta property=\"og:url\" content=\"https:\/\/www.grupomedcof.com.br\/blog\/especializacao-em-dermatologia-como-se-preparar\/\" \/>\n<meta property=\"og:site_name\" content=\"Blog de Medcof: conte\u00fados, editais, revalida e mais!\" \/>\n<meta property=\"article:publisher\" content=\"https:\/\/www.facebook.com\/MedCofQbank\/\" \/>\n<meta property=\"article:published_time\" content=\"2024-02-15T17:05:43+00:00\" \/>\n<meta property=\"og:image\" content=\"https:\/\/www.grupomedcof.com.br\/blog\/wp-content\/uploads\/2024\/02\/2-5.jpg\" \/>\n\t<meta property=\"og:image:width\" content=\"1920\" \/>\n\t<meta property=\"og:image:height\" content=\"1080\" \/>\n\t<meta property=\"og:image:type\" content=\"image\/jpeg\" \/>\n<meta name=\"author\" content=\"J\u00falia Moreira\" \/>\n<meta name=\"twitter:card\" content=\"summary_large_image\" \/>\n<meta name=\"twitter:label1\" content=\"Escrito por\" \/>\n\t<meta name=\"twitter:data1\" content=\"J\u00falia Moreira\" \/>\n\t<meta name=\"twitter:label2\" content=\"Est. tempo de leitura\" \/>\n\t<meta name=\"twitter:data2\" content=\"5 minutos\" \/>\n<script type=\"application\/ld+json\" class=\"yoast-schema-graph\">{\"@context\":\"https:\\\/\\\/schema.org\",\"@graph\":[{\"@type\":\"Article\",\"@id\":\"https:\\\/\\\/www.grupomedcof.com.br\\\/blog\\\/especializacao-em-dermatologia-como-se-preparar\\\/#article\",\"isPartOf\":{\"@id\":\"https:\\\/\\\/www.grupomedcof.com.br\\\/blog\\\/especializacao-em-dermatologia-como-se-preparar\\\/\"},\"author\":{\"name\":\"J\u00falia Moreira\",\"@id\":\"https:\\\/\\\/www.grupomedcof.com.br\\\/blog\\\/#\\\/schema\\\/person\\\/1375e0ce724529d7a1d8156ea7f8ceaa\"},\"headline\":\"Especializa\u00e7\u00e3o em dermatologia: como se preparar?\",\"datePublished\":\"2024-02-15T17:05:43+00:00\",\"mainEntityOfPage\":{\"@id\":\"https:\\\/\\\/www.grupomedcof.com.br\\\/blog\\\/especializacao-em-dermatologia-como-se-preparar\\\/\"},\"wordCount\":398,\"commentCount\":0,\"publisher\":{\"@id\":\"https:\\\/\\\/www.grupomedcof.com.br\\\/blog\\\/#organization\"},\"image\":{\"@id\":\"https:\\\/\\\/www.grupomedcof.com.br\\\/blog\\\/especializacao-em-dermatologia-como-se-preparar\\\/#primaryimage\"},\"thumbnailUrl\":\"https:\\\/\\\/www.grupomedcof.com.br\\\/blog\\\/wp-content\\\/uploads\\\/2024\\\/02\\\/2-5.jpg\",\"keywords\":[\"derma a.prova\",\"Dermatologia\",\"especializa\u00e7\u00e3o em dermatologia\",\"p\u00f3s-gradua\u00e7\u00e3o credenciada\",\"p\u00f3s-gradua\u00e7\u00e3o em dermatologia\"],\"articleSection\":[\"Dermatologia\"],\"inLanguage\":\"pt-BR\"},{\"@type\":\"WebPage\",\"@id\":\"https:\\\/\\\/www.grupomedcof.com.br\\\/blog\\\/especializacao-em-dermatologia-como-se-preparar\\\/\",\"url\":\"https:\\\/\\\/www.grupomedcof.com.br\\\/blog\\\/especializacao-em-dermatologia-como-se-preparar\\\/\",\"name\":\"Especializa\u00e7\u00e3o em dermatologia: como se preparar? - Blog de Medcof: conte\u00fados, editais, revalida e mais!\",\"isPartOf\":{\"@id\":\"https:\\\/\\\/www.grupomedcof.com.br\\\/blog\\\/#website\"},\"primaryImageOfPage\":{\"@id\":\"https:\\\/\\\/www.grupomedcof.com.br\\\/blog\\\/especializacao-em-dermatologia-como-se-preparar\\\/#primaryimage\"},\"image\":{\"@id\":\"https:\\\/\\\/www.grupomedcof.com.br\\\/blog\\\/especializacao-em-dermatologia-como-se-preparar\\\/#primaryimage\"},\"thumbnailUrl\":\"https:\\\/\\\/www.grupomedcof.com.br\\\/blog\\\/wp-content\\\/uploads\\\/2024\\\/02\\\/2-5.jpg\",\"datePublished\":\"2024-02-15T17:05:43+00:00\",\"description\":\"Realizar uma especializa\u00e7\u00e3o em dermatologia \u00e9 um dos caminhos poss\u00edveis para m\u00e9dicos que querem ser dermatologistas. Saiba como se prepar...\",\"breadcrumb\":{\"@id\":\"https:\\\/\\\/www.grupomedcof.com.br\\\/blog\\\/especializacao-em-dermatologia-como-se-preparar\\\/#breadcrumb\"},\"inLanguage\":\"pt-BR\",\"potentialAction\":[{\"@type\":\"ReadAction\",\"target\":[\"https:\\\/\\\/www.grupomedcof.com.br\\\/blog\\\/especializacao-em-dermatologia-como-se-preparar\\\/\"]}]},{\"@type\":\"ImageObject\",\"inLanguage\":\"pt-BR\",\"@id\":\"https:\\\/\\\/www.grupomedcof.com.br\\\/blog\\\/especializacao-em-dermatologia-como-se-preparar\\\/#primaryimage\",\"url\":\"https:\\\/\\\/www.grupomedcof.com.br\\\/blog\\\/wp-content\\\/uploads\\\/2024\\\/02\\\/2-5.jpg\",\"contentUrl\":\"https:\\\/\\\/www.grupomedcof.com.br\\\/blog\\\/wp-content\\\/uploads\\\/2024\\\/02\\\/2-5.jpg\",\"width\":1920,\"height\":1080,\"caption\":\"Especializa\u00e7\u00e3o em dermatologia, op\u00e7\u00f5es para m\u00e9dicos que querem seguir a carreira de dermato.\"},{\"@type\":\"BreadcrumbList\",\"@id\":\"https:\\\/\\\/www.grupomedcof.com.br\\\/blog\\\/especializacao-em-dermatologia-como-se-preparar\\\/#breadcrumb\",\"itemListElement\":[{\"@type\":\"ListItem\",\"position\":1,\"name\":\"In\u00edcio\",\"item\":\"https:\\\/\\\/www.grupomedcof.com.br\\\/blog\\\/\"},{\"@type\":\"ListItem\",\"position\":2,\"name\":\"Especializa\u00e7\u00e3o em dermatologia: como se preparar?\"}]},{\"@type\":\"WebSite\",\"@id\":\"https:\\\/\\\/www.grupomedcof.com.br\\\/blog\\\/#website\",\"url\":\"https:\\\/\\\/www.grupomedcof.com.br\\\/blog\\\/\",\"name\":\"Blog de Medcof: conte\u00fados, editais, revalida e mais!\",\"description\":\"Acesso o blog de MedCof! Seu portal de conte\u00fados sobre resid\u00eancia m\u00e9dica, an\u00e1lise e editais e muito mais. Clique e confira!\",\"publisher\":{\"@id\":\"https:\\\/\\\/www.grupomedcof.com.br\\\/blog\\\/#organization\"},\"alternateName\":\"Blog de Medcof: conte\u00fados, editais, revalida e mais!\",\"potentialAction\":[{\"@type\":\"SearchAction\",\"target\":{\"@type\":\"EntryPoint\",\"urlTemplate\":\"https:\\\/\\\/www.grupomedcof.com.br\\\/blog\\\/?s={search_term_string}\"},\"query-input\":{\"@type\":\"PropertyValueSpecification\",\"valueRequired\":true,\"valueName\":\"search_term_string\"}}],\"inLanguage\":\"pt-BR\"},{\"@type\":\"Organization\",\"@id\":\"https:\\\/\\\/www.grupomedcof.com.br\\\/blog\\\/#organization\",\"name\":\"Grupo MedCof\",\"url\":\"https:\\\/\\\/www.grupomedcof.com.br\\\/blog\\\/\",\"logo\":{\"@type\":\"ImageObject\",\"inLanguage\":\"pt-BR\",\"@id\":\"https:\\\/\\\/www.grupomedcof.com.br\\\/blog\\\/#\\\/schema\\\/logo\\\/image\\\/\",\"url\":\"https:\\\/\\\/www.grupomedcof.com.br\\\/blog\\\/wp-content\\\/uploads\\\/2022\\\/01\\\/logo-medcof.png\",\"contentUrl\":\"https:\\\/\\\/www.grupomedcof.com.br\\\/blog\\\/wp-content\\\/uploads\\\/2022\\\/01\\\/logo-medcof.png\",\"width\":768,\"height\":269,\"caption\":\"Grupo MedCof\"},\"image\":{\"@id\":\"https:\\\/\\\/www.grupomedcof.com.br\\\/blog\\\/#\\\/schema\\\/logo\\\/image\\\/\"},\"sameAs\":[\"https:\\\/\\\/www.facebook.com\\\/MedCofQbank\\\/\",\"https:\\\/\\\/www.instagram.com\\\/grupomedcof\\\/\",\"https:\\\/\\\/br.linkedin.com\\\/company\\\/medcof\",\"https:\\\/\\\/www.youtube.com\\\/channel\\\/UCdHMuOHKICxcHwecxN8P-AA\"]},{\"@type\":\"Person\",\"@id\":\"https:\\\/\\\/www.grupomedcof.com.br\\\/blog\\\/#\\\/schema\\\/person\\\/1375e0ce724529d7a1d8156ea7f8ceaa\",\"name\":\"J\u00falia Moreira\",\"image\":{\"@type\":\"ImageObject\",\"inLanguage\":\"pt-BR\",\"@id\":\"https:\\\/\\\/www.grupomedcof.com.br\\\/blog\\\/wp-content\\\/uploads\\\/2024\\\/12\\\/cropped-Captura-de-tela-2023-12-15-094946-96x96.png6a0083ac34a0445de97d55fae63a4a41\",\"url\":\"https:\\\/\\\/www.grupomedcof.com.br\\\/blog\\\/wp-content\\\/uploads\\\/2024\\\/12\\\/cropped-Captura-de-tela-2023-12-15-094946-96x96.png\",\"contentUrl\":\"https:\\\/\\\/www.grupomedcof.com.br\\\/blog\\\/wp-content\\\/uploads\\\/2024\\\/12\\\/cropped-Captura-de-tela-2023-12-15-094946-96x96.png\",\"caption\":\"J\u00falia Moreira\"},\"description\":\"Estudante do 8\u00ba semestre de Jornalismo na ECA-USP, f\u00e3 de filmes de terror e m\u00fasica popular sul-coreana.\",\"sameAs\":[\"https:\\\/\\\/www.grupomedcof.com.br\\\/\"],\"url\":\"https:\\\/\\\/www.grupomedcof.com.br\\\/blog\\\/author\\\/julia\\\/\"}]}<\/script>\n<!-- \/ Yoast SEO Premium plugin. -->","yoast_head_json":{"title":"Especializa\u00e7\u00e3o em dermatologia: como se preparar? - Blog de Medcof: conte\u00fados, editais, revalida e mais!","description":"Realizar uma especializa\u00e7\u00e3o em dermatologia \u00e9 um dos caminhos poss\u00edveis para m\u00e9dicos que querem ser dermatologistas. Saiba como se prepar...","robots":{"index":"index","follow":"follow","max-snippet":"max-snippet:-1","max-image-preview":"max-image-preview:large","max-video-preview":"max-video-preview:-1"},"canonical":"https:\/\/www.grupomedcof.com.br\/blog\/especializacao-em-dermatologia-como-se-preparar\/","og_locale":"pt_BR","og_type":"article","og_title":"Especializa\u00e7\u00e3o em dermatologia: como se preparar?","og_description":"Realizar uma especializa\u00e7\u00e3o em dermatologia \u00e9 um dos caminhos poss\u00edveis para m\u00e9dicos que querem ser dermatologistas. Saiba como se prepar...","og_url":"https:\/\/www.grupomedcof.com.br\/blog\/especializacao-em-dermatologia-como-se-preparar\/","og_site_name":"Blog de Medcof: conte\u00fados, editais, revalida e mais!","article_publisher":"https:\/\/www.facebook.com\/MedCofQbank\/","article_published_time":"2024-02-15T17:05:43+00:00","og_image":[{"width":1920,"height":1080,"url":"https:\/\/www.grupomedcof.com.br\/blog\/wp-content\/uploads\/2024\/02\/2-5.jpg","type":"image\/jpeg"}],"author":"J\u00falia Moreira","twitter_card":"summary_large_image","twitter_misc":{"Escrito por":"J\u00falia Moreira","Est. tempo de leitura":"5 minutos"},"schema":{"@context":"https:\/\/schema.org","@graph":[{"@type":"Article","@id":"https:\/\/www.grupomedcof.com.br\/blog\/especializacao-em-dermatologia-como-se-preparar\/#article","isPartOf":{"@id":"https:\/\/www.grupomedcof.com.br\/blog\/especializacao-em-dermatologia-como-se-preparar\/"},"author":{"name":"J\u00falia Moreira","@id":"https:\/\/www.grupomedcof.com.br\/blog\/#\/schema\/person\/1375e0ce724529d7a1d8156ea7f8ceaa"},"headline":"Especializa\u00e7\u00e3o em dermatologia: como se preparar?","datePublished":"2024-02-15T17:05:43+00:00","mainEntityOfPage":{"@id":"https:\/\/www.grupomedcof.com.br\/blog\/especializacao-em-dermatologia-como-se-preparar\/"},"wordCount":398,"commentCount":0,"publisher":{"@id":"https:\/\/www.grupomedcof.com.br\/blog\/#organization"},"image":{"@id":"https:\/\/www.grupomedcof.com.br\/blog\/especializacao-em-dermatologia-como-se-preparar\/#primaryimage"},"thumbnailUrl":"https:\/\/www.grupomedcof.com.br\/blog\/wp-content\/uploads\/2024\/02\/2-5.jpg","keywords":["derma a.prova","Dermatologia","especializa\u00e7\u00e3o em dermatologia","p\u00f3s-gradua\u00e7\u00e3o credenciada","p\u00f3s-gradua\u00e7\u00e3o em dermatologia"],"articleSection":["Dermatologia"],"inLanguage":"pt-BR"},{"@type":"WebPage","@id":"https:\/\/www.grupomedcof.com.br\/blog\/especializacao-em-dermatologia-como-se-preparar\/","url":"https:\/\/www.grupomedcof.com.br\/blog\/especializacao-em-dermatologia-como-se-preparar\/","name":"Especializa\u00e7\u00e3o em dermatologia: como se preparar? - Blog de Medcof: conte\u00fados, editais, revalida e mais!","isPartOf":{"@id":"https:\/\/www.grupomedcof.com.br\/blog\/#website"},"primaryImageOfPage":{"@id":"https:\/\/www.grupomedcof.com.br\/blog\/especializacao-em-dermatologia-como-se-preparar\/#primaryimage"},"image":{"@id":"https:\/\/www.grupomedcof.com.br\/blog\/especializacao-em-dermatologia-como-se-preparar\/#primaryimage"},"thumbnailUrl":"https:\/\/www.grupomedcof.com.br\/blog\/wp-content\/uploads\/2024\/02\/2-5.jpg","datePublished":"2024-02-15T17:05:43+00:00","description":"Realizar uma especializa\u00e7\u00e3o em dermatologia \u00e9 um dos caminhos poss\u00edveis para m\u00e9dicos que querem ser dermatologistas. Saiba como se prepar...","breadcrumb":{"@id":"https:\/\/www.grupomedcof.com.br\/blog\/especializacao-em-dermatologia-como-se-preparar\/#breadcrumb"},"inLanguage":"pt-BR","potentialAction":[{"@type":"ReadAction","target":["https:\/\/www.grupomedcof.com.br\/blog\/especializacao-em-dermatologia-como-se-preparar\/"]}]},{"@type":"ImageObject","inLanguage":"pt-BR","@id":"https:\/\/www.grupomedcof.com.br\/blog\/especializacao-em-dermatologia-como-se-preparar\/#primaryimage","url":"https:\/\/www.grupomedcof.com.br\/blog\/wp-content\/uploads\/2024\/02\/2-5.jpg","contentUrl":"https:\/\/www.grupomedcof.com.br\/blog\/wp-content\/uploads\/2024\/02\/2-5.jpg","width":1920,"height":1080,"caption":"Especializa\u00e7\u00e3o em dermatologia, op\u00e7\u00f5es para m\u00e9dicos que querem seguir a carreira de dermato."},{"@type":"BreadcrumbList","@id":"https:\/\/www.grupomedcof.com.br\/blog\/especializacao-em-dermatologia-como-se-preparar\/#breadcrumb","itemListElement":[{"@type":"ListItem","position":1,"name":"In\u00edcio","item":"https:\/\/www.grupomedcof.com.br\/blog\/"},{"@type":"ListItem","position":2,"name":"Especializa\u00e7\u00e3o em dermatologia: como se preparar?"}]},{"@type":"WebSite","@id":"https:\/\/www.grupomedcof.com.br\/blog\/#website","url":"https:\/\/www.grupomedcof.com.br\/blog\/","name":"Blog de Medcof: conte\u00fados, editais, revalida e mais!","description":"Acesso o blog de MedCof! Seu portal de conte\u00fados sobre resid\u00eancia m\u00e9dica, an\u00e1lise e editais e muito mais. Clique e confira!","publisher":{"@id":"https:\/\/www.grupomedcof.com.br\/blog\/#organization"},"alternateName":"Blog de Medcof: conte\u00fados, editais, revalida e mais!","potentialAction":[{"@type":"SearchAction","target":{"@type":"EntryPoint","urlTemplate":"https:\/\/www.grupomedcof.com.br\/blog\/?s={search_term_string}"},"query-input":{"@type":"PropertyValueSpecification","valueRequired":true,"valueName":"search_term_string"}}],"inLanguage":"pt-BR"},{"@type":"Organization","@id":"https:\/\/www.grupomedcof.com.br\/blog\/#organization","name":"Grupo MedCof","url":"https:\/\/www.grupomedcof.com.br\/blog\/","logo":{"@type":"ImageObject","inLanguage":"pt-BR","@id":"https:\/\/www.grupomedcof.com.br\/blog\/#\/schema\/logo\/image\/","url":"https:\/\/www.grupomedcof.com.br\/blog\/wp-content\/uploads\/2022\/01\/logo-medcof.png","contentUrl":"https:\/\/www.grupomedcof.com.br\/blog\/wp-content\/uploads\/2022\/01\/logo-medcof.png","width":768,"height":269,"caption":"Grupo MedCof"},"image":{"@id":"https:\/\/www.grupomedcof.com.br\/blog\/#\/schema\/logo\/image\/"},"sameAs":["https:\/\/www.facebook.com\/MedCofQbank\/","https:\/\/www.instagram.com\/grupomedcof\/","https:\/\/br.linkedin.com\/company\/medcof","https:\/\/www.youtube.com\/channel\/UCdHMuOHKICxcHwecxN8P-AA"]},{"@type":"Person","@id":"https:\/\/www.grupomedcof.com.br\/blog\/#\/schema\/person\/1375e0ce724529d7a1d8156ea7f8ceaa","name":"J\u00falia Moreira","image":{"@type":"ImageObject","inLanguage":"pt-BR","@id":"https:\/\/www.grupomedcof.com.br\/blog\/wp-content\/uploads\/2024\/12\/cropped-Captura-de-tela-2023-12-15-094946-96x96.png6a0083ac34a0445de97d55fae63a4a41","url":"https:\/\/www.grupomedcof.com.br\/blog\/wp-content\/uploads\/2024\/12\/cropped-Captura-de-tela-2023-12-15-094946-96x96.png","contentUrl":"https:\/\/www.grupomedcof.com.br\/blog\/wp-content\/uploads\/2024\/12\/cropped-Captura-de-tela-2023-12-15-094946-96x96.png","caption":"J\u00falia Moreira"},"description":"Estudante do 8\u00ba semestre de Jornalismo na ECA-USP, f\u00e3 de filmes de terror e m\u00fasica popular sul-coreana.","sameAs":["https:\/\/www.grupomedcof.com.br\/"],"url":"https:\/\/www.grupomedcof.com.br\/blog\/author\/julia\/"}]}},"authors":[{"term_id":3609,"user_id":6,"is_guest":0,"slug":"julia","display_name":"J\u00falia Moreira","avatar_url":"https:\/\/www.grupomedcof.com.br\/blog\/wp-content\/uploads\/2024\/12\/cropped-Captura-de-tela-2023-12-15-094946-96x96.png","0":null,"1":"","2":"","3":"","4":"","5":"","6":"","7":"","8":""}],"_links":{"self":[{"href":"https:\/\/www.grupomedcof.com.br\/blog\/wp-json\/wp\/v2\/posts\/18306","targetHints":{"allow":["GET"]}}],"collection":[{"href":"https:\/\/www.grupomedcof.com.br\/blog\/wp-json\/wp\/v2\/posts"}],"about":[{"href":"https:\/\/www.grupomedcof.com.br\/blog\/wp-json\/wp\/v2\/types\/post"}],"author":[{"embeddable":true,"href":"https:\/\/www.grupomedcof.com.br\/blog\/wp-json\/wp\/v2\/users\/6"}],"replies":[{"embeddable":true,"href":"https:\/\/www.grupomedcof.com.br\/blog\/wp-json\/wp\/v2\/comments?post=18306"}],"version-history":[{"count":0,"href":"https:\/\/www.grupomedcof.com.br\/blog\/wp-json\/wp\/v2\/posts\/18306\/revisions"}],"wp:featuredmedia":[{"embeddable":true,"href":"https:\/\/www.grupomedcof.com.br\/blog\/wp-json\/wp\/v2\/media\/18340"}],"wp:attachment":[{"href":"https:\/\/www.grupomedcof.com.br\/blog\/wp-json\/wp\/v2\/media?parent=18306"}],"wp:term":[{"taxonomy":"category","embeddable":true,"href":"https:\/\/www.grupomedcof.com.br\/blog\/wp-json\/wp\/v2\/categories?post=18306"},{"taxonomy":"post_tag","embeddable":true,"href":"https:\/\/www.grupomedcof.com.br\/blog\/wp-json\/wp\/v2\/tags?post=18306"},{"taxonomy":"author","embeddable":true,"href":"https:\/\/www.grupomedcof.com.br\/blog\/wp-json\/wp\/v2\/ppma_author?post=18306"}],"curies":[{"name":"wp","href":"https:\/\/api.w.org\/{rel}","templated":true}]}}