{"id":18496,"date":"2024-02-15T17:25:13","date_gmt":"2024-02-15T20:25:13","guid":{"rendered":"https:\/\/www.grupomedcof.com.br\/blog\/?p=18496"},"modified":"2024-02-15T17:25:13","modified_gmt":"2024-02-15T20:25:13","slug":"atualizacao-pni-2024-vacina-da-dengue","status":"publish","type":"post","link":"https:\/\/www.grupomedcof.com.br\/blog\/atualizacao-pni-2024-vacina-da-dengue\/","title":{"rendered":"Atualiza\u00e7\u00e3o PNI 2024: Vacina da dengue"},"content":{"rendered":"<div id=\"ez-toc-container\" class=\"ez-toc-v2_0_74 counter-hierarchy ez-toc-counter ez-toc-transparent ez-toc-container-direction\">\n<div class=\"ez-toc-title-container\">\n<p class=\"ez-toc-title\" style=\"cursor:inherit\">Sum\u00e1rio<\/p>\n<span class=\"ez-toc-title-toggle\"><a href=\"#\" class=\"ez-toc-pull-right ez-toc-btn ez-toc-btn-xs ez-toc-btn-default ez-toc-toggle\" aria-label=\"Alternar tabela de conte\u00fado\"><span class=\"ez-toc-js-icon-con\"><span class=\"\"><span class=\"eztoc-hide\" style=\"display:none;\">Toggle<\/span><span class=\"ez-toc-icon-toggle-span\"><svg style=\"fill: #999;color:#999\" xmlns=\"http:\/\/www.w3.org\/2000\/svg\" class=\"list-377408\" width=\"20px\" height=\"20px\" viewBox=\"0 0 24 24\" fill=\"none\"><path d=\"M6 6H4v2h2V6zm14 0H8v2h12V6zM4 11h2v2H4v-2zm16 0H8v2h12v-2zM4 16h2v2H4v-2zm16 0H8v2h12v-2z\" fill=\"currentColor\"><\/path><\/svg><svg style=\"fill: #999;color:#999\" class=\"arrow-unsorted-368013\" xmlns=\"http:\/\/www.w3.org\/2000\/svg\" width=\"10px\" height=\"10px\" viewBox=\"0 0 24 24\" version=\"1.2\" baseProfile=\"tiny\"><path d=\"M18.2 9.3l-6.2-6.3-6.2 6.3c-.2.2-.3.4-.3.7s.1.5.3.7c.2.2.4.3.7.3h11c.3 0 .5-.1.7-.3.2-.2.3-.5.3-.7s-.1-.5-.3-.7zM5.8 14.7l6.2 6.3 6.2-6.3c.2-.2.3-.5.3-.7s-.1-.5-.3-.7c-.2-.2-.4-.3-.7-.3h-11c-.3 0-.5.1-.7.3-.2.2-.3.5-.3.7s.1.5.3.7z\"\/><\/svg><\/span><\/span><\/span><\/a><\/span><\/div>\n<nav><ul class='ez-toc-list ez-toc-list-level-1 ' ><li class='ez-toc-page-1 ez-toc-heading-level-2'><a class=\"ez-toc-link ez-toc-heading-1\" href=\"https:\/\/www.grupomedcof.com.br\/blog\/atualizacao-pni-2024-vacina-da-dengue\/#Qdenga%C2%AE_a_vacina_da_dengue\" >Qdenga\u00ae, a vacina da dengue<\/a><\/li><li class='ez-toc-page-1 ez-toc-heading-level-2'><a class=\"ez-toc-link ez-toc-heading-2\" href=\"https:\/\/www.grupomedcof.com.br\/blog\/atualizacao-pni-2024-vacina-da-dengue\/#Quem_pode_tomar_a_vacina_da_dengue\" >Quem pode tomar a vacina da dengue?<\/a><\/li><li class='ez-toc-page-1 ez-toc-heading-level-2'><a class=\"ez-toc-link ez-toc-heading-3\" href=\"https:\/\/www.grupomedcof.com.br\/blog\/atualizacao-pni-2024-vacina-da-dengue\/#Qual_a_eficacia_da_vacina_da_dengue\" >Qual a efic\u00e1cia da vacina da dengue?<\/a><\/li><li class='ez-toc-page-1 ez-toc-heading-level-2'><a class=\"ez-toc-link ez-toc-heading-4\" href=\"https:\/\/www.grupomedcof.com.br\/blog\/atualizacao-pni-2024-vacina-da-dengue\/#Esquema_vacinal_da_Qdenga_indicacoes_e_contraindicacoes\" >Esquema vacinal da Qdenga, indica\u00e7\u00f5es e contraindica\u00e7\u00f5es<\/a><\/li><li class='ez-toc-page-1 ez-toc-heading-level-2'><a class=\"ez-toc-link ez-toc-heading-5\" href=\"https:\/\/www.grupomedcof.com.br\/blog\/atualizacao-pni-2024-vacina-da-dengue\/#Grupos_prioritarios_e_estrategia_vacinal_da_vacina_Qdenga%C2%AE\" >Grupos priorit\u00e1rios e estrat\u00e9gia vacinal da vacina Qdenga\u00ae<\/a><\/li><li class='ez-toc-page-1 ez-toc-heading-level-2'><a class=\"ez-toc-link ez-toc-heading-6\" href=\"https:\/\/www.grupomedcof.com.br\/blog\/atualizacao-pni-2024-vacina-da-dengue\/#O_metodo_da_sua_aprovacao\" >O m\u00e9todo da sua aprova\u00e7\u00e3o!<\/a><\/li><\/ul><\/nav><\/div>\n<img loading=\"lazy\" decoding=\"async\" width=\"800\" height=\"450\" src=\"https:\/\/www.grupomedcof.com.br\/blog\/wp-content\/uploads\/2024\/02\/1-3-1024x576.jpg\" alt=\"Esquema vacinal da Qdenga PNI 2024\" srcset=\"https:\/\/www.grupomedcof.com.br\/blog\/wp-content\/uploads\/2024\/02\/1-3-1024x576.jpg 1024w, https:\/\/www.grupomedcof.com.br\/blog\/wp-content\/uploads\/2024\/02\/1-3-300x169.jpg 300w, https:\/\/www.grupomedcof.com.br\/blog\/wp-content\/uploads\/2024\/02\/1-3-768x432.jpg 768w, https:\/\/www.grupomedcof.com.br\/blog\/wp-content\/uploads\/2024\/02\/1-3-1536x864.jpg 1536w, https:\/\/www.grupomedcof.com.br\/blog\/wp-content\/uploads\/2024\/02\/1-3.jpg 1920w\" sizes=\"auto, (max-width: 800px) 100vw, 800px\" \/>\t\t\t\t\t\t\t\t\t\t\t\t\t\t\t\n\t\t<p>De acordo com atualiza\u00e7\u00e3o de 2024, a vacina para preven\u00e7\u00e3o da dengue foi inclu\u00edda no Programa Nacional de Imuniza\u00e7\u00e3o (PNI). Saiba como funcionar\u00e1 o esquema vacinal da Qdenga.<\/p><p><strong><em>Por: Giovanna Tardin &#8211; Infectologista Pedi\u00e1trica &#8211; USP SP<\/em><\/strong><\/p>\t\t\n\t\t\t<h4>\n\t\t\t\tSum\u00e1rio\t\t\t<\/h4>\n\t\t<p><\/p>\n<p>Em 2023, <a style=\"font-family: var( --e-global-typography-text-font-family ), Sans-serif; font-weight: var( --e-global-typography-text-font-weight ); background-color: #ffffff;\" href=\"https:\/\/www.grupomedcof.com.br\/blog\/vacina-da-dengue-no-sus-em-2024-ultimas-atualizacoes\/\">a ANVISA aprovou a vacina Qdenga\u00ae<\/a>, da empresa Takeda Pharma Ltda, para uso no pa\u00eds. Sendo assim, ainda em fevereiro de 2024, o Minist\u00e9rio da Sa\u00fade iniciar\u00e1 a administra\u00e7\u00e3o da vacina na popula\u00e7\u00e3o.<\/p>\n<p><\/p>\t\t\n\t\t<h2><span class=\"ez-toc-section\" id=\"Qdenga%C2%AE_a_vacina_da_dengue\"><\/span><strong>Qdenga<\/strong>\u00ae<strong style=\"color: inherit; font-family: inherit; font-size: 2rem;\">, a vacina da dengue<\/strong><span class=\"ez-toc-section-end\"><\/span><\/h2>\n<p>A Qdenga\u00ae\u00a0\u00e9 uma vacina tetravalente atenuada para dengue baseada em engenharia gen\u00e9tica recombinante. Utiliza um v\u00edrus DENV-2 vivo atenuado, derivado de laborat\u00f3rio, que fornece a estrutura gen\u00e9tica para agregar os outros sorotipos do v\u00edrus da dengue. Ou seja, na cepa vacinal DENV-2, realizou-se modifica\u00e7\u00f5es nos genes da prote\u00edna do envelope (E) e da pr\u00e9-membrana (prM), substituindo o gene do DENV-2 desses dois locais por genes correspondentes das cepas selvagens DENV-1, DENV-2 e DENV-4, formando, assim, as \u201cquimeras\u201d.<\/p>\t\t\n\t\t\t\t\t\t\t\t\t\t\t\t<figure>\n\t\t\t\t\t\t\t\t\t\t<img loading=\"lazy\" decoding=\"async\" width=\"800\" height=\"327\" src=\"https:\/\/www.grupomedcof.com.br\/blog\/wp-content\/uploads\/2024\/02\/Captura-de-tela-2024-04-02-140820-1024x419.png\" alt=\"\" srcset=\"https:\/\/www.grupomedcof.com.br\/blog\/wp-content\/uploads\/2024\/02\/Captura-de-tela-2024-04-02-140820-1024x419.png 1024w, https:\/\/www.grupomedcof.com.br\/blog\/wp-content\/uploads\/2024\/02\/Captura-de-tela-2024-04-02-140820-300x123.png 300w, https:\/\/www.grupomedcof.com.br\/blog\/wp-content\/uploads\/2024\/02\/Captura-de-tela-2024-04-02-140820-768x314.png 768w, https:\/\/www.grupomedcof.com.br\/blog\/wp-content\/uploads\/2024\/02\/Captura-de-tela-2024-04-02-140820-1536x629.png 1536w, https:\/\/www.grupomedcof.com.br\/blog\/wp-content\/uploads\/2024\/02\/Captura-de-tela-2024-04-02-140820.png 1698w\" sizes=\"auto, (max-width: 800px) 100vw, 800px\" \/>\t\t\t\t\t\t\t\t\t\t\t<figcaption>Fonte: Nota T\u00e9cnica Conjunta SBIm\/SBI\/SBMT &#8211; 03\/07\/2023 &#8211; Vacina DENGUE 1,2,3 e 4 (atenuada) QDENGA<\/figcaption>\n\t\t\t\t\t\t\t\t\t\t<\/figure>\n\t\t<h2><span class=\"ez-toc-section\" id=\"Quem_pode_tomar_a_vacina_da_dengue\"><\/span><strong>Quem pode tomar a vacina da dengue?<\/strong><span class=\"ez-toc-section-end\"><\/span><\/h2>\n<p>Pessoas de 4 a 60 anos podem tomar a vacina da dengue. Em indiv\u00edduos com menos de quatro anos houve pouca efic\u00e1cia. N\u00e3o h\u00e1, ainda, estudos com essa vacina que contemple a popula\u00e7\u00e3o acima de 60 anos de idade.<\/p>\t\t\n\t\t<h2><span class=\"ez-toc-section\" id=\"Qual_a_eficacia_da_vacina_da_dengue\"><\/span><strong>Qual a efic\u00e1cia da vacina da dengue?<\/strong><span class=\"ez-toc-section-end\"><\/span><\/h2>\n<p>Qdenga\u00ae teve efic\u00e1cia para DENV-1 em 69,8% dos casos; DENV-2 em 95,1%; e DENV-3 em 48,9%. N\u00e3o foi poss\u00edvel avaliar efic\u00e1cia para DENV-4 por poucos casos de dengue por esse sorotipo no per\u00edodo do estudo.<\/p>\n<p>\u00a0<\/p>\n<p>Houve prote\u00e7\u00e3o geral de 84,1% para hospitaliza\u00e7\u00f5es, sendo 85,9% em pacientes soropositivos e 79,3% em pacientes soronegativos. Portanto, a efic\u00e1cia geral n\u00e3o teve diferen\u00e7a estat\u00edstica entre pessoas soronegativas e soropositivas para dengue previamente \u00e0 vacina\u00e7\u00e3o. Isso torna poss\u00edvel o uso da Qdenga\u00ae\u00a0a n\u00edvel populacional, diferentemente da primeira vacina que foi licenciada pela ANVISA para uso no Brasil, Dengvaxia\u00ae (Sanofi Pasteur), pelo seu uso restrito a indiv\u00edduos com infec\u00e7\u00e3o pr\u00e9via comprovada pelo v\u00edrus da dengue.<\/p>\n<p>\u00a0<\/p>\n<p>A vacina tem sido bem tolerada. Eventos adversos locais foram: primeiramente, dor no local da inje\u00e7\u00e3o, seguido por vermelhid\u00e3o e edema, resolu\u00e7\u00e3o em 1 a 3 dias. Entre as rea\u00e7\u00f5es sist\u00eamicas, cefaleia foi o evento mais comum, seguido por mialgia, fadiga e astenia. As rea\u00e7\u00f5es raras foram irritabilidade (em crian\u00e7as), sonol\u00eancia, perda de apetite e febre. N\u00e3o houve nenhum evento adverso grave associado \u00e0 vacina\u00e7\u00e3o.<\/p>\t\t\n\t\t<h2><span class=\"ez-toc-section\" id=\"Esquema_vacinal_da_Qdenga_indicacoes_e_contraindicacoes\"><\/span>Esquema vacinal da Qdenga, indica\u00e7\u00f5es e contraindica\u00e7\u00f5es<span class=\"ez-toc-section-end\"><\/span><\/h2>\n<p>O esquema vacinal recomendado s\u00e3o 2 (duas) doses, com intervalo de 3 (tr\u00eas) meses entre elas.<\/p>\n<p>Indiv\u00edduos soronegativos e soropositivos podem receber a vacina, mas recomenda-se aguardar por seis meses para in\u00edcio do esquema vacina ap\u00f3s infec\u00e7\u00e3o pelo v\u00edrus da dengue.<\/p>\n<p>\u00a0<\/p>\n<p>As contraindica\u00e7\u00f5es s\u00e3o:<\/p>\n<p>\u00a0<\/p>\n<ul style=\"font-size: 16px;\">\n<li style=\"list-style-type: none;\">\n<ul style=\"font-size: 16px;\">\n<li style=\"font-size: 16px;\">Gestantes<\/li>\n<\/ul>\n<\/li>\n<\/ul>\n<ul style=\"font-size: 16px;\">\n<li style=\"list-style-type: none;\">\n<ul style=\"font-size: 16px;\">\n<li style=\"font-size: 16px;\">Lactantes<\/li>\n<\/ul>\n<\/li>\n<\/ul>\n<ul style=\"font-size: 16px;\">\n<li style=\"list-style-type: none;\">\n<ul style=\"font-size: 16px;\">\n<li style=\"font-size: 16px;\">Imunodefici\u00eancias prim\u00e1rias ou adquiridas, inclu\u00eddo uso de medica\u00e7\u00e3o imunossupressora<\/li>\n<\/ul>\n<\/li>\n<\/ul>\n<ul style=\"font-size: 16px;\">\n<li style=\"list-style-type: none;\">\n<ul style=\"font-size: 16px;\">\n<li style=\"font-size: 16px;\">Hist\u00f3rico de anafilaxia aos componentes da vacina ou ap\u00f3s dose anterior da Qdenga\u00ae<\/li>\n<\/ul>\n<\/li>\n<\/ul>\t\t\n\t\t<h2><span class=\"ez-toc-section\" id=\"Grupos_prioritarios_e_estrategia_vacinal_da_vacina_Qdenga%C2%AE\"><\/span>Grupos priorit\u00e1rios e estrat\u00e9gia vacinal da vacina Qdenga\u00ae<span class=\"ez-toc-section-end\"><\/span><\/h2>\n<p>Apesar da sua efic\u00e1cia e seguran\u00e7a, aprova\u00e7\u00e3o pela ANVISA e incorpora\u00e7\u00e3o ao PNI pelo Minist\u00e9rio da Sa\u00fade, a vacina ainda n\u00e3o ser\u00e1 amplamente distribu\u00edda. Devido ao n\u00famero de doses dispon\u00edveis e capacidade de produ\u00e7\u00e3o da vacina, ambos reduzidos, precisou-se escolher um grupo priorit\u00e1rio para iniciar a aplica\u00e7\u00e3o da vacina.<\/p>\n<p>\u00a0<\/p>\n<p>Considerando taxas de hospitaliza\u00e7\u00e3o por dengue nos \u00faltimos 5 anos, o grupo inicial contemplado pela vacina\u00e7\u00e3o \u00e9 de adolescentes de 10-14 anos que residem em munic\u00edpios de grande porte (popula\u00e7\u00e3o maior ou igual a 100 mil habitantes) com alta transmiss\u00e3o de dengue, predomin\u00e2ncia do sorotipo DENV-2 (reemerg\u00eancia recente) e pelo maior n\u00famero de casos no monitoramento 2023\/2024.<\/p>\n<p>\u00a0<\/p>\n<p>Portanto: A estrat\u00e9gia inicial de vacina\u00e7\u00e3o contra a dengue no Brasil contemplar\u00e1, inicialmente, indiv\u00edduos de 10 a 11 anos, progressivamente at\u00e9 atingir todos na faixa et\u00e1ria de 10 a 14 anos 11 meses e 29 dias; que residem em localidades priorit\u00e1rias, com crit\u00e9rios definidos a partir do cen\u00e1rio epidemiol\u00f3gico da doen\u00e7a no pa\u00eds.<\/p>\n<p>\u00a0<\/p>\n<p>\u00a0<\/p>\n<p>Acesse a p\u00e1gina do Minit\u00e9rio da Sa\u00fade ou clique no bot\u00e3o abaixo para se informar sobre as cidades contempladas para a fase inicial da vacina\u00e7\u00e3o pela Qdenga\u00ae:<\/p>\n<p>\u00a0<\/p>\t\t\n\t\t\t<a href=\"https:\/\/www.gov.br\/saude\/pt-br\/assuntos\/saude-de-a-a-z\/d\/dengue\/vacinacao\" target=\"_blank\" rel=\"noopener\">\n\t\t\t\t\t\tVacina\u00e7\u00e3o Qdenga\u00ae  &#8211; fase inicial\n\t\t\t\t\t<\/a>\n\t\t<p>A vacina contra a dengue desenvolvida pelo Butant\u00e3 est\u00e1 com estudos em fase avan\u00e7ada. Sendo assim, espera-se novidades ainda este ano.<\/p>\t\t\n\t\t<h2 style=\"font-family: Poppins, sans-serif; color: #7a7a7a;\"><span class=\"ez-toc-section\" id=\"O_metodo_da_sua_aprovacao\"><\/span>O m\u00e9todo da sua aprova\u00e7\u00e3o!<span class=\"ez-toc-section-end\"><\/span><\/h2>\n<p>Se voc\u00ea quer garantir a sua aprova\u00e7\u00e3o nas provas de resid\u00eancia, ent\u00e3o conhe\u00e7a o Grupo Medcof e a metodologia que j\u00e1 aprovou<a href=\"https:\/\/www.grupomedcof.com.br\/blog\/presenca-da-medcof-nas-aprovacoes-em-residencia-medica-no-brasil\/\">\u00a0mais de 10 mil residentes\u00a0<\/a>pelo pa\u00eds. Confira o relato de quem pode comprovar na pr\u00e1tica a recompensa de confiar em nosso m\u00e9todo:\u00a0<\/p>\t\t\n\t\t<div class=\"youtube-embed\" data-video_id=\"rAAYlQly7GU\"><iframe loading=\"lazy\" title=\"Aprova\u00e7\u00e3o na Resid\u00eancia M\u00e9dica do ENARE - 1\u00ba Lugar em Cirurgia Pl\u00e1stica\" width=\"696\" height=\"392\" src=\"https:\/\/www.youtube.com\/embed\/rAAYlQly7GU?feature=oembed&#038;enablejsapi=1\" frameborder=\"0\" allow=\"accelerometer; autoplay; clipboard-write; encrypted-media; gyroscope; picture-in-picture; web-share\" referrerpolicy=\"strict-origin-when-cross-origin\" allowfullscreen><\/iframe><\/div>","protected":false},"excerpt":{"rendered":"<p>De acordo com atualiza\u00e7\u00e3o de 2024, a vacina para preven\u00e7\u00e3o da dengue foi inclu\u00edda no Programa Nacional de Imuniza\u00e7\u00e3o (PNI). Saiba como funcionar\u00e1 o esquema vacinal da Qdenga. <\/p>\n","protected":false},"author":6,"featured_media":18518,"comment_status":"open","ping_status":"open","sticky":false,"template":"","format":"standard","meta":{"footnotes":""},"categories":[258,287],"tags":[876,954],"ppma_author":[3609],"class_list":{"0":"post-18496","1":"post","2":"type-post","3":"status-publish","4":"format-standard","5":"has-post-thumbnail","7":"category-atualizacoes","8":"category-destaques-medcof","9":"tag-vacina-da-dengue","10":"tag-vacinacao-dengue"},"yoast_head":"<!-- This site is optimized with the Yoast SEO Premium plugin v24.3 (Yoast SEO v27.4) - https:\/\/yoast.com\/product\/yoast-seo-premium-wordpress\/ -->\n<title>Atualiza\u00e7\u00e3o PNI 2024: Vacina da dengue - Blog de Medcof: conte\u00fados, editais, revalida e mais!<\/title>\n<meta name=\"description\" content=\"De acordo com atualiza\u00e7\u00e3o de 2024, a vacina para preven\u00e7\u00e3o da dengue foi inclu\u00edda no Programa Nacional de Imuniza\u00e7\u00e3o (PNI). Saiba quem pod...\" \/>\n<meta name=\"robots\" content=\"index, follow, max-snippet:-1, max-image-preview:large, max-video-preview:-1\" \/>\n<link rel=\"canonical\" href=\"https:\/\/www.grupomedcof.com.br\/blog\/atualizacao-pni-2024-vacina-da-dengue\/\" \/>\n<meta property=\"og:locale\" content=\"pt_BR\" \/>\n<meta property=\"og:type\" content=\"article\" \/>\n<meta property=\"og:title\" content=\"Atualiza\u00e7\u00e3o PNI 2024: Vacina da dengue\" \/>\n<meta property=\"og:description\" content=\"De acordo com atualiza\u00e7\u00e3o de 2024, a vacina para preven\u00e7\u00e3o da dengue foi inclu\u00edda no Programa Nacional de Imuniza\u00e7\u00e3o (PNI). Saiba quem pod...\" \/>\n<meta property=\"og:url\" content=\"https:\/\/www.grupomedcof.com.br\/blog\/atualizacao-pni-2024-vacina-da-dengue\/\" \/>\n<meta property=\"og:site_name\" content=\"Blog de Medcof: conte\u00fados, editais, revalida e mais!\" \/>\n<meta property=\"article:publisher\" content=\"https:\/\/www.facebook.com\/MedCofQbank\/\" \/>\n<meta property=\"article:published_time\" content=\"2024-02-15T20:25:13+00:00\" \/>\n<meta property=\"og:image\" content=\"https:\/\/www.grupomedcof.com.br\/blog\/wp-content\/uploads\/2024\/02\/2-6.jpg\" \/>\n\t<meta property=\"og:image:width\" content=\"1920\" \/>\n\t<meta property=\"og:image:height\" content=\"1080\" \/>\n\t<meta property=\"og:image:type\" content=\"image\/jpeg\" \/>\n<meta name=\"author\" content=\"J\u00falia Moreira\" \/>\n<meta name=\"twitter:card\" content=\"summary_large_image\" \/>\n<meta name=\"twitter:label1\" content=\"Escrito por\" \/>\n\t<meta name=\"twitter:data1\" content=\"J\u00falia Moreira\" \/>\n\t<meta name=\"twitter:label2\" content=\"Est. tempo de leitura\" \/>\n\t<meta name=\"twitter:data2\" content=\"8 minutos\" \/>\n<script type=\"application\/ld+json\" class=\"yoast-schema-graph\">{\"@context\":\"https:\\\/\\\/schema.org\",\"@graph\":[{\"@type\":\"Article\",\"@id\":\"https:\\\/\\\/www.grupomedcof.com.br\\\/blog\\\/atualizacao-pni-2024-vacina-da-dengue\\\/#article\",\"isPartOf\":{\"@id\":\"https:\\\/\\\/www.grupomedcof.com.br\\\/blog\\\/atualizacao-pni-2024-vacina-da-dengue\\\/\"},\"author\":{\"name\":\"J\u00falia Moreira\",\"@id\":\"https:\\\/\\\/www.grupomedcof.com.br\\\/blog\\\/#\\\/schema\\\/person\\\/1375e0ce724529d7a1d8156ea7f8ceaa\"},\"headline\":\"Atualiza\u00e7\u00e3o PNI 2024: Vacina da dengue\",\"datePublished\":\"2024-02-15T20:25:13+00:00\",\"mainEntityOfPage\":{\"@id\":\"https:\\\/\\\/www.grupomedcof.com.br\\\/blog\\\/atualizacao-pni-2024-vacina-da-dengue\\\/\"},\"wordCount\":848,\"commentCount\":0,\"publisher\":{\"@id\":\"https:\\\/\\\/www.grupomedcof.com.br\\\/blog\\\/#organization\"},\"image\":{\"@id\":\"https:\\\/\\\/www.grupomedcof.com.br\\\/blog\\\/atualizacao-pni-2024-vacina-da-dengue\\\/#primaryimage\"},\"thumbnailUrl\":\"https:\\\/\\\/www.grupomedcof.com.br\\\/blog\\\/wp-content\\\/uploads\\\/2024\\\/02\\\/2-6.jpg\",\"keywords\":[\"vacina da dengue\",\"vacina\u00e7\u00e3o dengue\"],\"articleSection\":[\"Atualiza\u00e7\u00f5es\",\"Destaques MedCof\"],\"inLanguage\":\"pt-BR\"},{\"@type\":\"WebPage\",\"@id\":\"https:\\\/\\\/www.grupomedcof.com.br\\\/blog\\\/atualizacao-pni-2024-vacina-da-dengue\\\/\",\"url\":\"https:\\\/\\\/www.grupomedcof.com.br\\\/blog\\\/atualizacao-pni-2024-vacina-da-dengue\\\/\",\"name\":\"Atualiza\u00e7\u00e3o PNI 2024: Vacina da dengue - Blog de Medcof: conte\u00fados, editais, revalida e mais!\",\"isPartOf\":{\"@id\":\"https:\\\/\\\/www.grupomedcof.com.br\\\/blog\\\/#website\"},\"primaryImageOfPage\":{\"@id\":\"https:\\\/\\\/www.grupomedcof.com.br\\\/blog\\\/atualizacao-pni-2024-vacina-da-dengue\\\/#primaryimage\"},\"image\":{\"@id\":\"https:\\\/\\\/www.grupomedcof.com.br\\\/blog\\\/atualizacao-pni-2024-vacina-da-dengue\\\/#primaryimage\"},\"thumbnailUrl\":\"https:\\\/\\\/www.grupomedcof.com.br\\\/blog\\\/wp-content\\\/uploads\\\/2024\\\/02\\\/2-6.jpg\",\"datePublished\":\"2024-02-15T20:25:13+00:00\",\"description\":\"De acordo com atualiza\u00e7\u00e3o de 2024, a vacina para preven\u00e7\u00e3o da dengue foi inclu\u00edda no Programa Nacional de Imuniza\u00e7\u00e3o (PNI). Saiba quem pod...\",\"breadcrumb\":{\"@id\":\"https:\\\/\\\/www.grupomedcof.com.br\\\/blog\\\/atualizacao-pni-2024-vacina-da-dengue\\\/#breadcrumb\"},\"inLanguage\":\"pt-BR\",\"potentialAction\":[{\"@type\":\"ReadAction\",\"target\":[\"https:\\\/\\\/www.grupomedcof.com.br\\\/blog\\\/atualizacao-pni-2024-vacina-da-dengue\\\/\"]}]},{\"@type\":\"ImageObject\",\"inLanguage\":\"pt-BR\",\"@id\":\"https:\\\/\\\/www.grupomedcof.com.br\\\/blog\\\/atualizacao-pni-2024-vacina-da-dengue\\\/#primaryimage\",\"url\":\"https:\\\/\\\/www.grupomedcof.com.br\\\/blog\\\/wp-content\\\/uploads\\\/2024\\\/02\\\/2-6.jpg\",\"contentUrl\":\"https:\\\/\\\/www.grupomedcof.com.br\\\/blog\\\/wp-content\\\/uploads\\\/2024\\\/02\\\/2-6.jpg\",\"width\":1920,\"height\":1080,\"caption\":\"Esquema vacinal da Qdenga PNI 2024 atualiza\u00e7\u00f5es\"},{\"@type\":\"BreadcrumbList\",\"@id\":\"https:\\\/\\\/www.grupomedcof.com.br\\\/blog\\\/atualizacao-pni-2024-vacina-da-dengue\\\/#breadcrumb\",\"itemListElement\":[{\"@type\":\"ListItem\",\"position\":1,\"name\":\"In\u00edcio\",\"item\":\"https:\\\/\\\/www.grupomedcof.com.br\\\/blog\\\/\"},{\"@type\":\"ListItem\",\"position\":2,\"name\":\"Atualiza\u00e7\u00e3o PNI 2024: Vacina da dengue\"}]},{\"@type\":\"WebSite\",\"@id\":\"https:\\\/\\\/www.grupomedcof.com.br\\\/blog\\\/#website\",\"url\":\"https:\\\/\\\/www.grupomedcof.com.br\\\/blog\\\/\",\"name\":\"Blog de Medcof: conte\u00fados, editais, revalida e mais!\",\"description\":\"Acesso o blog de MedCof! Seu portal de conte\u00fados sobre resid\u00eancia m\u00e9dica, an\u00e1lise e editais e muito mais. Clique e confira!\",\"publisher\":{\"@id\":\"https:\\\/\\\/www.grupomedcof.com.br\\\/blog\\\/#organization\"},\"alternateName\":\"Blog de Medcof: conte\u00fados, editais, revalida e mais!\",\"potentialAction\":[{\"@type\":\"SearchAction\",\"target\":{\"@type\":\"EntryPoint\",\"urlTemplate\":\"https:\\\/\\\/www.grupomedcof.com.br\\\/blog\\\/?s={search_term_string}\"},\"query-input\":{\"@type\":\"PropertyValueSpecification\",\"valueRequired\":true,\"valueName\":\"search_term_string\"}}],\"inLanguage\":\"pt-BR\"},{\"@type\":\"Organization\",\"@id\":\"https:\\\/\\\/www.grupomedcof.com.br\\\/blog\\\/#organization\",\"name\":\"Grupo MedCof\",\"url\":\"https:\\\/\\\/www.grupomedcof.com.br\\\/blog\\\/\",\"logo\":{\"@type\":\"ImageObject\",\"inLanguage\":\"pt-BR\",\"@id\":\"https:\\\/\\\/www.grupomedcof.com.br\\\/blog\\\/#\\\/schema\\\/logo\\\/image\\\/\",\"url\":\"https:\\\/\\\/www.grupomedcof.com.br\\\/blog\\\/wp-content\\\/uploads\\\/2022\\\/01\\\/logo-medcof.png\",\"contentUrl\":\"https:\\\/\\\/www.grupomedcof.com.br\\\/blog\\\/wp-content\\\/uploads\\\/2022\\\/01\\\/logo-medcof.png\",\"width\":768,\"height\":269,\"caption\":\"Grupo MedCof\"},\"image\":{\"@id\":\"https:\\\/\\\/www.grupomedcof.com.br\\\/blog\\\/#\\\/schema\\\/logo\\\/image\\\/\"},\"sameAs\":[\"https:\\\/\\\/www.facebook.com\\\/MedCofQbank\\\/\",\"https:\\\/\\\/www.instagram.com\\\/grupomedcof\\\/\",\"https:\\\/\\\/br.linkedin.com\\\/company\\\/medcof\",\"https:\\\/\\\/www.youtube.com\\\/channel\\\/UCdHMuOHKICxcHwecxN8P-AA\"]},{\"@type\":\"Person\",\"@id\":\"https:\\\/\\\/www.grupomedcof.com.br\\\/blog\\\/#\\\/schema\\\/person\\\/1375e0ce724529d7a1d8156ea7f8ceaa\",\"name\":\"J\u00falia Moreira\",\"image\":{\"@type\":\"ImageObject\",\"inLanguage\":\"pt-BR\",\"@id\":\"https:\\\/\\\/www.grupomedcof.com.br\\\/blog\\\/wp-content\\\/uploads\\\/2024\\\/12\\\/cropped-Captura-de-tela-2023-12-15-094946-96x96.png6a0083ac34a0445de97d55fae63a4a41\",\"url\":\"https:\\\/\\\/www.grupomedcof.com.br\\\/blog\\\/wp-content\\\/uploads\\\/2024\\\/12\\\/cropped-Captura-de-tela-2023-12-15-094946-96x96.png\",\"contentUrl\":\"https:\\\/\\\/www.grupomedcof.com.br\\\/blog\\\/wp-content\\\/uploads\\\/2024\\\/12\\\/cropped-Captura-de-tela-2023-12-15-094946-96x96.png\",\"caption\":\"J\u00falia Moreira\"},\"description\":\"Estudante do 8\u00ba semestre de Jornalismo na ECA-USP, f\u00e3 de filmes de terror e m\u00fasica popular sul-coreana.\",\"sameAs\":[\"https:\\\/\\\/www.grupomedcof.com.br\\\/\"],\"url\":\"https:\\\/\\\/www.grupomedcof.com.br\\\/blog\\\/author\\\/julia\\\/\"}]}<\/script>\n<!-- \/ Yoast SEO Premium plugin. -->","yoast_head_json":{"title":"Atualiza\u00e7\u00e3o PNI 2024: Vacina da dengue - Blog de Medcof: conte\u00fados, editais, revalida e mais!","description":"De acordo com atualiza\u00e7\u00e3o de 2024, a vacina para preven\u00e7\u00e3o da dengue foi inclu\u00edda no Programa Nacional de Imuniza\u00e7\u00e3o (PNI). Saiba quem pod...","robots":{"index":"index","follow":"follow","max-snippet":"max-snippet:-1","max-image-preview":"max-image-preview:large","max-video-preview":"max-video-preview:-1"},"canonical":"https:\/\/www.grupomedcof.com.br\/blog\/atualizacao-pni-2024-vacina-da-dengue\/","og_locale":"pt_BR","og_type":"article","og_title":"Atualiza\u00e7\u00e3o PNI 2024: Vacina da dengue","og_description":"De acordo com atualiza\u00e7\u00e3o de 2024, a vacina para preven\u00e7\u00e3o da dengue foi inclu\u00edda no Programa Nacional de Imuniza\u00e7\u00e3o (PNI). Saiba quem pod...","og_url":"https:\/\/www.grupomedcof.com.br\/blog\/atualizacao-pni-2024-vacina-da-dengue\/","og_site_name":"Blog de Medcof: conte\u00fados, editais, revalida e mais!","article_publisher":"https:\/\/www.facebook.com\/MedCofQbank\/","article_published_time":"2024-02-15T20:25:13+00:00","og_image":[{"width":1920,"height":1080,"url":"https:\/\/www.grupomedcof.com.br\/blog\/wp-content\/uploads\/2024\/02\/2-6.jpg","type":"image\/jpeg"}],"author":"J\u00falia Moreira","twitter_card":"summary_large_image","twitter_misc":{"Escrito por":"J\u00falia Moreira","Est. tempo de leitura":"8 minutos"},"schema":{"@context":"https:\/\/schema.org","@graph":[{"@type":"Article","@id":"https:\/\/www.grupomedcof.com.br\/blog\/atualizacao-pni-2024-vacina-da-dengue\/#article","isPartOf":{"@id":"https:\/\/www.grupomedcof.com.br\/blog\/atualizacao-pni-2024-vacina-da-dengue\/"},"author":{"name":"J\u00falia Moreira","@id":"https:\/\/www.grupomedcof.com.br\/blog\/#\/schema\/person\/1375e0ce724529d7a1d8156ea7f8ceaa"},"headline":"Atualiza\u00e7\u00e3o PNI 2024: Vacina da dengue","datePublished":"2024-02-15T20:25:13+00:00","mainEntityOfPage":{"@id":"https:\/\/www.grupomedcof.com.br\/blog\/atualizacao-pni-2024-vacina-da-dengue\/"},"wordCount":848,"commentCount":0,"publisher":{"@id":"https:\/\/www.grupomedcof.com.br\/blog\/#organization"},"image":{"@id":"https:\/\/www.grupomedcof.com.br\/blog\/atualizacao-pni-2024-vacina-da-dengue\/#primaryimage"},"thumbnailUrl":"https:\/\/www.grupomedcof.com.br\/blog\/wp-content\/uploads\/2024\/02\/2-6.jpg","keywords":["vacina da dengue","vacina\u00e7\u00e3o dengue"],"articleSection":["Atualiza\u00e7\u00f5es","Destaques MedCof"],"inLanguage":"pt-BR"},{"@type":"WebPage","@id":"https:\/\/www.grupomedcof.com.br\/blog\/atualizacao-pni-2024-vacina-da-dengue\/","url":"https:\/\/www.grupomedcof.com.br\/blog\/atualizacao-pni-2024-vacina-da-dengue\/","name":"Atualiza\u00e7\u00e3o PNI 2024: Vacina da dengue - Blog de Medcof: conte\u00fados, editais, revalida e mais!","isPartOf":{"@id":"https:\/\/www.grupomedcof.com.br\/blog\/#website"},"primaryImageOfPage":{"@id":"https:\/\/www.grupomedcof.com.br\/blog\/atualizacao-pni-2024-vacina-da-dengue\/#primaryimage"},"image":{"@id":"https:\/\/www.grupomedcof.com.br\/blog\/atualizacao-pni-2024-vacina-da-dengue\/#primaryimage"},"thumbnailUrl":"https:\/\/www.grupomedcof.com.br\/blog\/wp-content\/uploads\/2024\/02\/2-6.jpg","datePublished":"2024-02-15T20:25:13+00:00","description":"De acordo com atualiza\u00e7\u00e3o de 2024, a vacina para preven\u00e7\u00e3o da dengue foi inclu\u00edda no Programa Nacional de Imuniza\u00e7\u00e3o (PNI). Saiba quem pod...","breadcrumb":{"@id":"https:\/\/www.grupomedcof.com.br\/blog\/atualizacao-pni-2024-vacina-da-dengue\/#breadcrumb"},"inLanguage":"pt-BR","potentialAction":[{"@type":"ReadAction","target":["https:\/\/www.grupomedcof.com.br\/blog\/atualizacao-pni-2024-vacina-da-dengue\/"]}]},{"@type":"ImageObject","inLanguage":"pt-BR","@id":"https:\/\/www.grupomedcof.com.br\/blog\/atualizacao-pni-2024-vacina-da-dengue\/#primaryimage","url":"https:\/\/www.grupomedcof.com.br\/blog\/wp-content\/uploads\/2024\/02\/2-6.jpg","contentUrl":"https:\/\/www.grupomedcof.com.br\/blog\/wp-content\/uploads\/2024\/02\/2-6.jpg","width":1920,"height":1080,"caption":"Esquema vacinal da Qdenga PNI 2024 atualiza\u00e7\u00f5es"},{"@type":"BreadcrumbList","@id":"https:\/\/www.grupomedcof.com.br\/blog\/atualizacao-pni-2024-vacina-da-dengue\/#breadcrumb","itemListElement":[{"@type":"ListItem","position":1,"name":"In\u00edcio","item":"https:\/\/www.grupomedcof.com.br\/blog\/"},{"@type":"ListItem","position":2,"name":"Atualiza\u00e7\u00e3o PNI 2024: Vacina da dengue"}]},{"@type":"WebSite","@id":"https:\/\/www.grupomedcof.com.br\/blog\/#website","url":"https:\/\/www.grupomedcof.com.br\/blog\/","name":"Blog de Medcof: conte\u00fados, editais, revalida e mais!","description":"Acesso o blog de MedCof! Seu portal de conte\u00fados sobre resid\u00eancia m\u00e9dica, an\u00e1lise e editais e muito mais. Clique e confira!","publisher":{"@id":"https:\/\/www.grupomedcof.com.br\/blog\/#organization"},"alternateName":"Blog de Medcof: conte\u00fados, editais, revalida e mais!","potentialAction":[{"@type":"SearchAction","target":{"@type":"EntryPoint","urlTemplate":"https:\/\/www.grupomedcof.com.br\/blog\/?s={search_term_string}"},"query-input":{"@type":"PropertyValueSpecification","valueRequired":true,"valueName":"search_term_string"}}],"inLanguage":"pt-BR"},{"@type":"Organization","@id":"https:\/\/www.grupomedcof.com.br\/blog\/#organization","name":"Grupo MedCof","url":"https:\/\/www.grupomedcof.com.br\/blog\/","logo":{"@type":"ImageObject","inLanguage":"pt-BR","@id":"https:\/\/www.grupomedcof.com.br\/blog\/#\/schema\/logo\/image\/","url":"https:\/\/www.grupomedcof.com.br\/blog\/wp-content\/uploads\/2022\/01\/logo-medcof.png","contentUrl":"https:\/\/www.grupomedcof.com.br\/blog\/wp-content\/uploads\/2022\/01\/logo-medcof.png","width":768,"height":269,"caption":"Grupo MedCof"},"image":{"@id":"https:\/\/www.grupomedcof.com.br\/blog\/#\/schema\/logo\/image\/"},"sameAs":["https:\/\/www.facebook.com\/MedCofQbank\/","https:\/\/www.instagram.com\/grupomedcof\/","https:\/\/br.linkedin.com\/company\/medcof","https:\/\/www.youtube.com\/channel\/UCdHMuOHKICxcHwecxN8P-AA"]},{"@type":"Person","@id":"https:\/\/www.grupomedcof.com.br\/blog\/#\/schema\/person\/1375e0ce724529d7a1d8156ea7f8ceaa","name":"J\u00falia Moreira","image":{"@type":"ImageObject","inLanguage":"pt-BR","@id":"https:\/\/www.grupomedcof.com.br\/blog\/wp-content\/uploads\/2024\/12\/cropped-Captura-de-tela-2023-12-15-094946-96x96.png6a0083ac34a0445de97d55fae63a4a41","url":"https:\/\/www.grupomedcof.com.br\/blog\/wp-content\/uploads\/2024\/12\/cropped-Captura-de-tela-2023-12-15-094946-96x96.png","contentUrl":"https:\/\/www.grupomedcof.com.br\/blog\/wp-content\/uploads\/2024\/12\/cropped-Captura-de-tela-2023-12-15-094946-96x96.png","caption":"J\u00falia Moreira"},"description":"Estudante do 8\u00ba semestre de Jornalismo na ECA-USP, f\u00e3 de filmes de terror e m\u00fasica popular sul-coreana.","sameAs":["https:\/\/www.grupomedcof.com.br\/"],"url":"https:\/\/www.grupomedcof.com.br\/blog\/author\/julia\/"}]}},"authors":[{"term_id":3609,"user_id":6,"is_guest":0,"slug":"julia","display_name":"J\u00falia Moreira","avatar_url":"https:\/\/www.grupomedcof.com.br\/blog\/wp-content\/uploads\/2024\/12\/cropped-Captura-de-tela-2023-12-15-094946-96x96.png","0":null,"1":"","2":"","3":"","4":"","5":"","6":"","7":"","8":""}],"_links":{"self":[{"href":"https:\/\/www.grupomedcof.com.br\/blog\/wp-json\/wp\/v2\/posts\/18496","targetHints":{"allow":["GET"]}}],"collection":[{"href":"https:\/\/www.grupomedcof.com.br\/blog\/wp-json\/wp\/v2\/posts"}],"about":[{"href":"https:\/\/www.grupomedcof.com.br\/blog\/wp-json\/wp\/v2\/types\/post"}],"author":[{"embeddable":true,"href":"https:\/\/www.grupomedcof.com.br\/blog\/wp-json\/wp\/v2\/users\/6"}],"replies":[{"embeddable":true,"href":"https:\/\/www.grupomedcof.com.br\/blog\/wp-json\/wp\/v2\/comments?post=18496"}],"version-history":[{"count":0,"href":"https:\/\/www.grupomedcof.com.br\/blog\/wp-json\/wp\/v2\/posts\/18496\/revisions"}],"wp:featuredmedia":[{"embeddable":true,"href":"https:\/\/www.grupomedcof.com.br\/blog\/wp-json\/wp\/v2\/media\/18518"}],"wp:attachment":[{"href":"https:\/\/www.grupomedcof.com.br\/blog\/wp-json\/wp\/v2\/media?parent=18496"}],"wp:term":[{"taxonomy":"category","embeddable":true,"href":"https:\/\/www.grupomedcof.com.br\/blog\/wp-json\/wp\/v2\/categories?post=18496"},{"taxonomy":"post_tag","embeddable":true,"href":"https:\/\/www.grupomedcof.com.br\/blog\/wp-json\/wp\/v2\/tags?post=18496"},{"taxonomy":"author","embeddable":true,"href":"https:\/\/www.grupomedcof.com.br\/blog\/wp-json\/wp\/v2\/ppma_author?post=18496"}],"curies":[{"name":"wp","href":"https:\/\/api.w.org\/{rel}","templated":true}]}}