{"id":1892,"date":"2024-08-12T11:45:14","date_gmt":"2024-08-12T14:45:14","guid":{"rendered":"https:\/\/www.grupomedcof.com.br\/blog\/?p=1892"},"modified":"2024-12-12T12:50:53","modified_gmt":"2024-12-12T15:50:53","slug":"quem-foi-albert-sabin","status":"publish","type":"post","link":"https:\/\/www.grupomedcof.com.br\/blog\/quem-foi-albert-sabin\/","title":{"rendered":"Albert Sabin e sua trajet\u00f3ria profissional"},"content":{"rendered":"\n<figure class=\"wp-block-image size-large\"><img loading=\"lazy\" decoding=\"async\" width=\"1024\" height=\"576\" src=\"https:\/\/www.grupomedcof.com.br\/blog\/wp-content\/uploads\/2024\/08\/Modelo-instituicoes-47-1024x576.jpg\" alt=\"\" class=\"wp-image-32455\" srcset=\"https:\/\/www.grupomedcof.com.br\/blog\/wp-content\/uploads\/2024\/08\/Modelo-instituicoes-47-1024x576.jpg 1024w, https:\/\/www.grupomedcof.com.br\/blog\/wp-content\/uploads\/2024\/08\/Modelo-instituicoes-47-300x169.jpg 300w, https:\/\/www.grupomedcof.com.br\/blog\/wp-content\/uploads\/2024\/08\/Modelo-instituicoes-47-768x432.jpg 768w, https:\/\/www.grupomedcof.com.br\/blog\/wp-content\/uploads\/2024\/08\/Modelo-instituicoes-47-1536x864.jpg 1536w, https:\/\/www.grupomedcof.com.br\/blog\/wp-content\/uploads\/2024\/08\/Modelo-instituicoes-47-2048x1152.jpg 2048w, https:\/\/www.grupomedcof.com.br\/blog\/wp-content\/uploads\/2024\/08\/Modelo-instituicoes-47-747x420.jpg 747w, https:\/\/www.grupomedcof.com.br\/blog\/wp-content\/uploads\/2024\/08\/Modelo-instituicoes-47-150x84.jpg 150w, https:\/\/www.grupomedcof.com.br\/blog\/wp-content\/uploads\/2024\/08\/Modelo-instituicoes-47-696x392.jpg 696w, https:\/\/www.grupomedcof.com.br\/blog\/wp-content\/uploads\/2024\/08\/Modelo-instituicoes-47-1068x601.jpg 1068w, https:\/\/www.grupomedcof.com.br\/blog\/wp-content\/uploads\/2024\/08\/Modelo-instituicoes-47-1920x1080.jpg 1920w\" sizes=\"auto, (max-width: 1024px) 100vw, 1024px\" \/><\/figure>\n\n\n\n<p>Albert Sabin \u00e9 uma figura fundamental na hist\u00f3ria da Medicina e sa\u00fade p\u00fablica, conhecido, principalmente pelas suas contribui\u00e7\u00f5es significativas na luta contra a\u00a0<strong>poliomielite<\/strong>. Por isso, preparamos este post para explorarmos a trajet\u00f3ria profissional, realiza\u00e7\u00f5es e o impacto de seu trabalho na vida de milhares de pessoas!<\/p>\n\n\n\n<h2 class=\"wp-block-heading\" id=\"h-quem-foi-albert-sabin\"><strong>Quem foi Albert Sabin?<\/strong><\/h2>\n\n\n\n<p>Albert Sabin nasceu em 26 de agosto de 1906, em Bialystok, na Pol\u00f4nia. Em 1921 sua fam\u00edlia emigrou para os Estados Unidos, onde naturalizou-se norte-americano posteriormente. <\/p>\n\n\n\n<p>Desde cedo, Sabin demonstrou um certo interesse pela ci\u00eancia e pela Medicina. Assim, iniciou o curso de medicina na Universidade de Nova Iorque e em 1931 concluiu seu doutorado, quando deu in\u00edcio \u00e0 pesquisa de diversas doen\u00e7as infecciosas.<\/p>\n\n\n\n<p>Atrav\u00e9s do Instituto Rockefeller de Pesquisas M\u00e9dicas, Sabin foi o primeiro pesquisador que demonstrou o crescimento do<strong> v\u00edrus da poliomielite <\/strong>nas amostras de tecido humano. Tamb\u00e9m colocou abaixo a teoria de cont\u00e1gio da poliomielite pelas vias a\u00e9reas, <strong>provando que o trato alimentar era a via prim\u00e1ria de infec\u00e7\u00e3o.<\/strong> Defendeu, ent\u00e3o, a teoria de que se v\u00edrus vivos atenuados fossem administrados por via oral, isso proporcionaria maior imunidade contra \u00e0 doen\u00e7a do que a inje\u00e7\u00e3o de v\u00edrus mortos, que havia sido desenvolvida por Jonas Salk h\u00e1 um ano, e n\u00e3o apresentaria riscos de contamina\u00e7\u00e3o. Em 1960, esse modelo de vacina foi aceito oficialmente nos Estados Unidos e Sabin renunciou os direitos de patente visando facilitar sua utiliza\u00e7\u00e3o em todo o mundo.<\/p>\n\n\n\n<p>Apesar da <strong>vacina oral contra poliomielite<\/strong> ser o seu <strong>maior feito<\/strong>, o m\u00e9dico e pesquisador tamb\u00e9m foi <strong>m\u00e9dico interno do Hospital Bellevue<\/strong>, <strong>professor de pesquisas pedi\u00e1tricas<\/strong> da <strong>Universidade de Cininnati<\/strong>, teve grande empenho nos estudos da rela\u00e7\u00e3o entre v\u00edrus e c\u00e2ncer, dedicando parte do seu tempo \u00e0s pesquisas no <strong>Instituto Nacional do C\u00e2ncer nos Estados Unidos<\/strong> e foi <strong>presidente do Instituto de Ci\u00eancias de Weizmann, em Israel.<\/strong> Al\u00e9m disso, desenvolveu <strong>estudos sobre a dengue, a encefalite japonesa e a toxoplasmose.<\/strong><\/p>\n\n\n\n<p>Sabin esteve no Brasil diversas vezes acompanhando o combate \u00e0 poliomielite e em 1967 recebeu, do governo brasileiro, a <strong>Gr\u00e3-Cruz do M\u00e9rito Nacional. <\/strong>Em 1972 casou-se com a brasileira Heloisa Dunshee de Abranches.<\/p>\n\n\n\n<p>Albert Sabin faleceu em 3 de mar\u00e7o de 1993 devido a um ataque card\u00edaco, na cidade de Washington, nos Estados Unidos.<\/p>\n\n\n\n<p><strong><i>Refer\u00eancias bibliogr\u00e1ficas:<\/i><\/strong><\/p>\n\n\n\n<p><i>Hospital Albert Sabin.&nbsp;<\/i><\/p>\n\n\n\n<p><b><i>Personalidades<\/i><\/b><i>. Revista da Vacina.&nbsp;<\/i><\/p>\n\n\n\n<p><b><i>Albert Sabin<\/i><\/b><i>. E-biografia.&nbsp;<\/i><\/p>\n\n\n\n<p>Confira as aulas gratuitas, corre\u00e7\u00f5es de provas e muito mais em nosso <a style=\"color: #0000ff;\" href=\"https:\/\/www.youtube.com\/channel\/UCdHMuOHKICxcHwecxN8P-AA\" rel=\"nofollow\">canal do YouTube<\/a>!<\/p>\n","protected":false},"excerpt":{"rendered":"<p>Albert Sabin \u00e9 uma figura fundamental na hist\u00f3ria da Medicina e sa\u00fade p\u00fablica, conhecido, principalmente pelas suas contribui\u00e7\u00f5es significativas na luta contra a\u00a0poliomielite. Por isso, preparamos este post para explorarmos a trajet\u00f3ria profissional, realiza\u00e7\u00f5es e o impacto de seu trabalho na vida de milhares de pessoas! Quem foi Albert Sabin? Albert Sabin nasceu em 26 [&hellip;]<\/p>\n","protected":false},"author":2,"featured_media":32455,"comment_status":"open","ping_status":"open","sticky":false,"template":"","format":"standard","meta":{"footnotes":""},"categories":[21],"tags":[139,141,140],"ppma_author":[3612],"class_list":{"0":"post-1892","1":"post","2":"type-post","3":"status-publish","4":"format-standard","5":"has-post-thumbnail","7":"category-historia-cultura-comportamento","8":"tag-albert-sabin","9":"tag-poliomielite","10":"tag-vacina"},"yoast_head":"<!-- This site is optimized with the Yoast SEO Premium plugin v24.3 (Yoast SEO v27.4) - https:\/\/yoast.com\/product\/yoast-seo-premium-wordpress\/ -->\n<title>Albert Sabin e sua trajet\u00f3ria profissional - Blog de Medcof: conte\u00fados, editais, revalida e mais!<\/title>\n<meta name=\"description\" content=\"Albert Sabin nasceu em 26 de agosto de 1906, completando-se, hoje, 116 anos de seu nascimento. Saiba mais sobre sua hist\u00f3ria.\" \/>\n<meta name=\"robots\" content=\"index, follow, max-snippet:-1, max-image-preview:large, max-video-preview:-1\" \/>\n<link rel=\"canonical\" href=\"https:\/\/www.grupomedcof.com.br\/blog\/quem-foi-albert-sabin\/\" \/>\n<meta property=\"og:locale\" content=\"pt_BR\" \/>\n<meta property=\"og:type\" content=\"article\" \/>\n<meta property=\"og:title\" content=\"Albert Sabin e sua trajet\u00f3ria profissional\" \/>\n<meta property=\"og:description\" content=\"Albert Sabin nasceu em 26 de agosto de 1906, completando-se, hoje, 116 anos de seu nascimento. Saiba mais sobre sua hist\u00f3ria.\" \/>\n<meta property=\"og:url\" content=\"https:\/\/www.grupomedcof.com.br\/blog\/quem-foi-albert-sabin\/\" \/>\n<meta property=\"og:site_name\" content=\"Blog de Medcof: conte\u00fados, editais, revalida e mais!\" \/>\n<meta property=\"article:publisher\" content=\"https:\/\/www.facebook.com\/MedCofQbank\/\" \/>\n<meta property=\"article:published_time\" content=\"2024-08-12T14:45:14+00:00\" \/>\n<meta property=\"article:modified_time\" content=\"2024-12-12T15:50:53+00:00\" \/>\n<meta property=\"og:image\" content=\"https:\/\/www.grupomedcof.com.br\/blog\/wp-content\/uploads\/2024\/08\/Modelo-instituicoes-47-scaled.jpg\" \/>\n\t<meta property=\"og:image:width\" content=\"2560\" \/>\n\t<meta property=\"og:image:height\" content=\"1440\" \/>\n\t<meta property=\"og:image:type\" content=\"image\/jpeg\" \/>\n<meta name=\"author\" content=\"Patr\u00edcia Oliveira\" \/>\n<meta name=\"twitter:card\" content=\"summary_large_image\" \/>\n<meta name=\"twitter:label1\" content=\"Escrito por\" \/>\n\t<meta name=\"twitter:data1\" content=\"Patr\u00edcia Oliveira\" \/>\n\t<meta name=\"twitter:label2\" content=\"Est. tempo de leitura\" \/>\n\t<meta name=\"twitter:data2\" content=\"3 minutos\" \/>\n<script type=\"application\/ld+json\" class=\"yoast-schema-graph\">{\"@context\":\"https:\\\/\\\/schema.org\",\"@graph\":[{\"@type\":\"Article\",\"@id\":\"https:\\\/\\\/www.grupomedcof.com.br\\\/blog\\\/quem-foi-albert-sabin\\\/#article\",\"isPartOf\":{\"@id\":\"https:\\\/\\\/www.grupomedcof.com.br\\\/blog\\\/quem-foi-albert-sabin\\\/\"},\"author\":{\"name\":\"Patr\u00edcia Oliveira\",\"@id\":\"https:\\\/\\\/www.grupomedcof.com.br\\\/blog\\\/#\\\/schema\\\/person\\\/7a655db4c3da9796e0166bf55a9ea53a\"},\"headline\":\"Albert Sabin e sua trajet\u00f3ria profissional\",\"datePublished\":\"2024-08-12T14:45:14+00:00\",\"dateModified\":\"2024-12-12T15:50:53+00:00\",\"mainEntityOfPage\":{\"@id\":\"https:\\\/\\\/www.grupomedcof.com.br\\\/blog\\\/quem-foi-albert-sabin\\\/\"},\"wordCount\":437,\"commentCount\":0,\"publisher\":{\"@id\":\"https:\\\/\\\/www.grupomedcof.com.br\\\/blog\\\/#organization\"},\"image\":{\"@id\":\"https:\\\/\\\/www.grupomedcof.com.br\\\/blog\\\/quem-foi-albert-sabin\\\/#primaryimage\"},\"thumbnailUrl\":\"https:\\\/\\\/www.grupomedcof.com.br\\\/blog\\\/wp-content\\\/uploads\\\/2024\\\/08\\\/Modelo-instituicoes-47-scaled.jpg\",\"keywords\":[\"Albert Sabin\",\"Poliomielite\",\"Vacina\"],\"articleSection\":[\"Hist\u00f3ria\\\/Cultura\\\/Comportamento\"],\"inLanguage\":\"pt-BR\"},{\"@type\":\"WebPage\",\"@id\":\"https:\\\/\\\/www.grupomedcof.com.br\\\/blog\\\/quem-foi-albert-sabin\\\/\",\"url\":\"https:\\\/\\\/www.grupomedcof.com.br\\\/blog\\\/quem-foi-albert-sabin\\\/\",\"name\":\"Albert Sabin e sua trajet\u00f3ria profissional - Blog de Medcof: conte\u00fados, editais, revalida e mais!\",\"isPartOf\":{\"@id\":\"https:\\\/\\\/www.grupomedcof.com.br\\\/blog\\\/#website\"},\"primaryImageOfPage\":{\"@id\":\"https:\\\/\\\/www.grupomedcof.com.br\\\/blog\\\/quem-foi-albert-sabin\\\/#primaryimage\"},\"image\":{\"@id\":\"https:\\\/\\\/www.grupomedcof.com.br\\\/blog\\\/quem-foi-albert-sabin\\\/#primaryimage\"},\"thumbnailUrl\":\"https:\\\/\\\/www.grupomedcof.com.br\\\/blog\\\/wp-content\\\/uploads\\\/2024\\\/08\\\/Modelo-instituicoes-47-scaled.jpg\",\"datePublished\":\"2024-08-12T14:45:14+00:00\",\"dateModified\":\"2024-12-12T15:50:53+00:00\",\"description\":\"Albert Sabin nasceu em 26 de agosto de 1906, completando-se, hoje, 116 anos de seu nascimento. Saiba mais sobre sua hist\u00f3ria.\",\"breadcrumb\":{\"@id\":\"https:\\\/\\\/www.grupomedcof.com.br\\\/blog\\\/quem-foi-albert-sabin\\\/#breadcrumb\"},\"inLanguage\":\"pt-BR\",\"potentialAction\":[{\"@type\":\"ReadAction\",\"target\":[\"https:\\\/\\\/www.grupomedcof.com.br\\\/blog\\\/quem-foi-albert-sabin\\\/\"]}]},{\"@type\":\"ImageObject\",\"inLanguage\":\"pt-BR\",\"@id\":\"https:\\\/\\\/www.grupomedcof.com.br\\\/blog\\\/quem-foi-albert-sabin\\\/#primaryimage\",\"url\":\"https:\\\/\\\/www.grupomedcof.com.br\\\/blog\\\/wp-content\\\/uploads\\\/2024\\\/08\\\/Modelo-instituicoes-47-scaled.jpg\",\"contentUrl\":\"https:\\\/\\\/www.grupomedcof.com.br\\\/blog\\\/wp-content\\\/uploads\\\/2024\\\/08\\\/Modelo-instituicoes-47-scaled.jpg\",\"width\":2560,\"height\":1440},{\"@type\":\"BreadcrumbList\",\"@id\":\"https:\\\/\\\/www.grupomedcof.com.br\\\/blog\\\/quem-foi-albert-sabin\\\/#breadcrumb\",\"itemListElement\":[{\"@type\":\"ListItem\",\"position\":1,\"name\":\"In\u00edcio\",\"item\":\"https:\\\/\\\/www.grupomedcof.com.br\\\/blog\\\/\"},{\"@type\":\"ListItem\",\"position\":2,\"name\":\"Albert Sabin e sua trajet\u00f3ria profissional\"}]},{\"@type\":\"WebSite\",\"@id\":\"https:\\\/\\\/www.grupomedcof.com.br\\\/blog\\\/#website\",\"url\":\"https:\\\/\\\/www.grupomedcof.com.br\\\/blog\\\/\",\"name\":\"Blog de Medcof: conte\u00fados, editais, revalida e mais!\",\"description\":\"Acesso o blog de MedCof! Seu portal de conte\u00fados sobre resid\u00eancia m\u00e9dica, an\u00e1lise e editais e muito mais. Clique e confira!\",\"publisher\":{\"@id\":\"https:\\\/\\\/www.grupomedcof.com.br\\\/blog\\\/#organization\"},\"alternateName\":\"Blog de Medcof: conte\u00fados, editais, revalida e mais!\",\"potentialAction\":[{\"@type\":\"SearchAction\",\"target\":{\"@type\":\"EntryPoint\",\"urlTemplate\":\"https:\\\/\\\/www.grupomedcof.com.br\\\/blog\\\/?s={search_term_string}\"},\"query-input\":{\"@type\":\"PropertyValueSpecification\",\"valueRequired\":true,\"valueName\":\"search_term_string\"}}],\"inLanguage\":\"pt-BR\"},{\"@type\":\"Organization\",\"@id\":\"https:\\\/\\\/www.grupomedcof.com.br\\\/blog\\\/#organization\",\"name\":\"Grupo MedCof\",\"url\":\"https:\\\/\\\/www.grupomedcof.com.br\\\/blog\\\/\",\"logo\":{\"@type\":\"ImageObject\",\"inLanguage\":\"pt-BR\",\"@id\":\"https:\\\/\\\/www.grupomedcof.com.br\\\/blog\\\/#\\\/schema\\\/logo\\\/image\\\/\",\"url\":\"https:\\\/\\\/www.grupomedcof.com.br\\\/blog\\\/wp-content\\\/uploads\\\/2022\\\/01\\\/logo-medcof.png\",\"contentUrl\":\"https:\\\/\\\/www.grupomedcof.com.br\\\/blog\\\/wp-content\\\/uploads\\\/2022\\\/01\\\/logo-medcof.png\",\"width\":768,\"height\":269,\"caption\":\"Grupo MedCof\"},\"image\":{\"@id\":\"https:\\\/\\\/www.grupomedcof.com.br\\\/blog\\\/#\\\/schema\\\/logo\\\/image\\\/\"},\"sameAs\":[\"https:\\\/\\\/www.facebook.com\\\/MedCofQbank\\\/\",\"https:\\\/\\\/www.instagram.com\\\/grupomedcof\\\/\",\"https:\\\/\\\/br.linkedin.com\\\/company\\\/medcof\",\"https:\\\/\\\/www.youtube.com\\\/channel\\\/UCdHMuOHKICxcHwecxN8P-AA\"]},{\"@type\":\"Person\",\"@id\":\"https:\\\/\\\/www.grupomedcof.com.br\\\/blog\\\/#\\\/schema\\\/person\\\/7a655db4c3da9796e0166bf55a9ea53a\",\"name\":\"Patr\u00edcia Oliveira\",\"image\":{\"@type\":\"ImageObject\",\"inLanguage\":\"pt-BR\",\"@id\":\"https:\\\/\\\/www.grupomedcof.com.br\\\/blog\\\/wp-content\\\/uploads\\\/2022\\\/03\\\/furacao-96x96.png19e0d43e5696aaa42a3bb896953b331f\",\"url\":\"https:\\\/\\\/www.grupomedcof.com.br\\\/blog\\\/wp-content\\\/uploads\\\/2022\\\/03\\\/furacao-96x96.png\",\"contentUrl\":\"https:\\\/\\\/www.grupomedcof.com.br\\\/blog\\\/wp-content\\\/uploads\\\/2022\\\/03\\\/furacao-96x96.png\",\"caption\":\"Patr\u00edcia Oliveira\"},\"sameAs\":[\"https:\\\/\\\/www.grupomedcof.com.br\\\/\"],\"url\":\"https:\\\/\\\/www.grupomedcof.com.br\\\/blog\\\/author\\\/patricia\\\/\"}]}<\/script>\n<!-- \/ Yoast SEO Premium plugin. -->","yoast_head_json":{"title":"Albert Sabin e sua trajet\u00f3ria profissional - Blog de Medcof: conte\u00fados, editais, revalida e mais!","description":"Albert Sabin nasceu em 26 de agosto de 1906, completando-se, hoje, 116 anos de seu nascimento. Saiba mais sobre sua hist\u00f3ria.","robots":{"index":"index","follow":"follow","max-snippet":"max-snippet:-1","max-image-preview":"max-image-preview:large","max-video-preview":"max-video-preview:-1"},"canonical":"https:\/\/www.grupomedcof.com.br\/blog\/quem-foi-albert-sabin\/","og_locale":"pt_BR","og_type":"article","og_title":"Albert Sabin e sua trajet\u00f3ria profissional","og_description":"Albert Sabin nasceu em 26 de agosto de 1906, completando-se, hoje, 116 anos de seu nascimento. Saiba mais sobre sua hist\u00f3ria.","og_url":"https:\/\/www.grupomedcof.com.br\/blog\/quem-foi-albert-sabin\/","og_site_name":"Blog de Medcof: conte\u00fados, editais, revalida e mais!","article_publisher":"https:\/\/www.facebook.com\/MedCofQbank\/","article_published_time":"2024-08-12T14:45:14+00:00","article_modified_time":"2024-12-12T15:50:53+00:00","og_image":[{"width":2560,"height":1440,"url":"https:\/\/www.grupomedcof.com.br\/blog\/wp-content\/uploads\/2024\/08\/Modelo-instituicoes-47-scaled.jpg","type":"image\/jpeg"}],"author":"Patr\u00edcia Oliveira","twitter_card":"summary_large_image","twitter_misc":{"Escrito por":"Patr\u00edcia Oliveira","Est. tempo de leitura":"3 minutos"},"schema":{"@context":"https:\/\/schema.org","@graph":[{"@type":"Article","@id":"https:\/\/www.grupomedcof.com.br\/blog\/quem-foi-albert-sabin\/#article","isPartOf":{"@id":"https:\/\/www.grupomedcof.com.br\/blog\/quem-foi-albert-sabin\/"},"author":{"name":"Patr\u00edcia Oliveira","@id":"https:\/\/www.grupomedcof.com.br\/blog\/#\/schema\/person\/7a655db4c3da9796e0166bf55a9ea53a"},"headline":"Albert Sabin e sua trajet\u00f3ria profissional","datePublished":"2024-08-12T14:45:14+00:00","dateModified":"2024-12-12T15:50:53+00:00","mainEntityOfPage":{"@id":"https:\/\/www.grupomedcof.com.br\/blog\/quem-foi-albert-sabin\/"},"wordCount":437,"commentCount":0,"publisher":{"@id":"https:\/\/www.grupomedcof.com.br\/blog\/#organization"},"image":{"@id":"https:\/\/www.grupomedcof.com.br\/blog\/quem-foi-albert-sabin\/#primaryimage"},"thumbnailUrl":"https:\/\/www.grupomedcof.com.br\/blog\/wp-content\/uploads\/2024\/08\/Modelo-instituicoes-47-scaled.jpg","keywords":["Albert Sabin","Poliomielite","Vacina"],"articleSection":["Hist\u00f3ria\/Cultura\/Comportamento"],"inLanguage":"pt-BR"},{"@type":"WebPage","@id":"https:\/\/www.grupomedcof.com.br\/blog\/quem-foi-albert-sabin\/","url":"https:\/\/www.grupomedcof.com.br\/blog\/quem-foi-albert-sabin\/","name":"Albert Sabin e sua trajet\u00f3ria profissional - Blog de Medcof: conte\u00fados, editais, revalida e mais!","isPartOf":{"@id":"https:\/\/www.grupomedcof.com.br\/blog\/#website"},"primaryImageOfPage":{"@id":"https:\/\/www.grupomedcof.com.br\/blog\/quem-foi-albert-sabin\/#primaryimage"},"image":{"@id":"https:\/\/www.grupomedcof.com.br\/blog\/quem-foi-albert-sabin\/#primaryimage"},"thumbnailUrl":"https:\/\/www.grupomedcof.com.br\/blog\/wp-content\/uploads\/2024\/08\/Modelo-instituicoes-47-scaled.jpg","datePublished":"2024-08-12T14:45:14+00:00","dateModified":"2024-12-12T15:50:53+00:00","description":"Albert Sabin nasceu em 26 de agosto de 1906, completando-se, hoje, 116 anos de seu nascimento. Saiba mais sobre sua hist\u00f3ria.","breadcrumb":{"@id":"https:\/\/www.grupomedcof.com.br\/blog\/quem-foi-albert-sabin\/#breadcrumb"},"inLanguage":"pt-BR","potentialAction":[{"@type":"ReadAction","target":["https:\/\/www.grupomedcof.com.br\/blog\/quem-foi-albert-sabin\/"]}]},{"@type":"ImageObject","inLanguage":"pt-BR","@id":"https:\/\/www.grupomedcof.com.br\/blog\/quem-foi-albert-sabin\/#primaryimage","url":"https:\/\/www.grupomedcof.com.br\/blog\/wp-content\/uploads\/2024\/08\/Modelo-instituicoes-47-scaled.jpg","contentUrl":"https:\/\/www.grupomedcof.com.br\/blog\/wp-content\/uploads\/2024\/08\/Modelo-instituicoes-47-scaled.jpg","width":2560,"height":1440},{"@type":"BreadcrumbList","@id":"https:\/\/www.grupomedcof.com.br\/blog\/quem-foi-albert-sabin\/#breadcrumb","itemListElement":[{"@type":"ListItem","position":1,"name":"In\u00edcio","item":"https:\/\/www.grupomedcof.com.br\/blog\/"},{"@type":"ListItem","position":2,"name":"Albert Sabin e sua trajet\u00f3ria profissional"}]},{"@type":"WebSite","@id":"https:\/\/www.grupomedcof.com.br\/blog\/#website","url":"https:\/\/www.grupomedcof.com.br\/blog\/","name":"Blog de Medcof: conte\u00fados, editais, revalida e mais!","description":"Acesso o blog de MedCof! Seu portal de conte\u00fados sobre resid\u00eancia m\u00e9dica, an\u00e1lise e editais e muito mais. Clique e confira!","publisher":{"@id":"https:\/\/www.grupomedcof.com.br\/blog\/#organization"},"alternateName":"Blog de Medcof: conte\u00fados, editais, revalida e mais!","potentialAction":[{"@type":"SearchAction","target":{"@type":"EntryPoint","urlTemplate":"https:\/\/www.grupomedcof.com.br\/blog\/?s={search_term_string}"},"query-input":{"@type":"PropertyValueSpecification","valueRequired":true,"valueName":"search_term_string"}}],"inLanguage":"pt-BR"},{"@type":"Organization","@id":"https:\/\/www.grupomedcof.com.br\/blog\/#organization","name":"Grupo MedCof","url":"https:\/\/www.grupomedcof.com.br\/blog\/","logo":{"@type":"ImageObject","inLanguage":"pt-BR","@id":"https:\/\/www.grupomedcof.com.br\/blog\/#\/schema\/logo\/image\/","url":"https:\/\/www.grupomedcof.com.br\/blog\/wp-content\/uploads\/2022\/01\/logo-medcof.png","contentUrl":"https:\/\/www.grupomedcof.com.br\/blog\/wp-content\/uploads\/2022\/01\/logo-medcof.png","width":768,"height":269,"caption":"Grupo MedCof"},"image":{"@id":"https:\/\/www.grupomedcof.com.br\/blog\/#\/schema\/logo\/image\/"},"sameAs":["https:\/\/www.facebook.com\/MedCofQbank\/","https:\/\/www.instagram.com\/grupomedcof\/","https:\/\/br.linkedin.com\/company\/medcof","https:\/\/www.youtube.com\/channel\/UCdHMuOHKICxcHwecxN8P-AA"]},{"@type":"Person","@id":"https:\/\/www.grupomedcof.com.br\/blog\/#\/schema\/person\/7a655db4c3da9796e0166bf55a9ea53a","name":"Patr\u00edcia Oliveira","image":{"@type":"ImageObject","inLanguage":"pt-BR","@id":"https:\/\/www.grupomedcof.com.br\/blog\/wp-content\/uploads\/2022\/03\/furacao-96x96.png19e0d43e5696aaa42a3bb896953b331f","url":"https:\/\/www.grupomedcof.com.br\/blog\/wp-content\/uploads\/2022\/03\/furacao-96x96.png","contentUrl":"https:\/\/www.grupomedcof.com.br\/blog\/wp-content\/uploads\/2022\/03\/furacao-96x96.png","caption":"Patr\u00edcia Oliveira"},"sameAs":["https:\/\/www.grupomedcof.com.br\/"],"url":"https:\/\/www.grupomedcof.com.br\/blog\/author\/patricia\/"}]}},"authors":[{"term_id":3612,"user_id":2,"is_guest":0,"slug":"patricia","display_name":"Patr\u00edcia Oliveira","avatar_url":"https:\/\/www.grupomedcof.com.br\/blog\/wp-content\/uploads\/2022\/03\/furacao-96x96.png","0":null,"1":"","2":"","3":"","4":"","5":"","6":"","7":"","8":""}],"_links":{"self":[{"href":"https:\/\/www.grupomedcof.com.br\/blog\/wp-json\/wp\/v2\/posts\/1892","targetHints":{"allow":["GET"]}}],"collection":[{"href":"https:\/\/www.grupomedcof.com.br\/blog\/wp-json\/wp\/v2\/posts"}],"about":[{"href":"https:\/\/www.grupomedcof.com.br\/blog\/wp-json\/wp\/v2\/types\/post"}],"author":[{"embeddable":true,"href":"https:\/\/www.grupomedcof.com.br\/blog\/wp-json\/wp\/v2\/users\/2"}],"replies":[{"embeddable":true,"href":"https:\/\/www.grupomedcof.com.br\/blog\/wp-json\/wp\/v2\/comments?post=1892"}],"version-history":[{"count":0,"href":"https:\/\/www.grupomedcof.com.br\/blog\/wp-json\/wp\/v2\/posts\/1892\/revisions"}],"wp:featuredmedia":[{"embeddable":true,"href":"https:\/\/www.grupomedcof.com.br\/blog\/wp-json\/wp\/v2\/media\/32455"}],"wp:attachment":[{"href":"https:\/\/www.grupomedcof.com.br\/blog\/wp-json\/wp\/v2\/media?parent=1892"}],"wp:term":[{"taxonomy":"category","embeddable":true,"href":"https:\/\/www.grupomedcof.com.br\/blog\/wp-json\/wp\/v2\/categories?post=1892"},{"taxonomy":"post_tag","embeddable":true,"href":"https:\/\/www.grupomedcof.com.br\/blog\/wp-json\/wp\/v2\/tags?post=1892"},{"taxonomy":"author","embeddable":true,"href":"https:\/\/www.grupomedcof.com.br\/blog\/wp-json\/wp\/v2\/ppma_author?post=1892"}],"curies":[{"name":"wp","href":"https:\/\/api.w.org\/{rel}","templated":true}]}}