{"id":18935,"date":"2024-02-21T13:09:30","date_gmt":"2024-02-21T16:09:30","guid":{"rendered":"https:\/\/www.grupomedcof.com.br\/blog\/?p=18935"},"modified":"2024-02-21T13:09:30","modified_gmt":"2024-02-21T16:09:30","slug":"imunizacao-na-gestacao-lembre-se-como-fazer","status":"publish","type":"post","link":"https:\/\/www.grupomedcof.com.br\/blog\/imunizacao-na-gestacao-lembre-se-como-fazer\/","title":{"rendered":"Imuniza\u00e7\u00e3o na gesta\u00e7\u00e3o: lembre-se como fazer!"},"content":{"rendered":"<div id=\"ez-toc-container\" class=\"ez-toc-v2_0_74 counter-hierarchy ez-toc-counter ez-toc-transparent ez-toc-container-direction\">\n<div class=\"ez-toc-title-container\">\n<p class=\"ez-toc-title\" style=\"cursor:inherit\">Sum\u00e1rio<\/p>\n<span class=\"ez-toc-title-toggle\"><a href=\"#\" class=\"ez-toc-pull-right ez-toc-btn ez-toc-btn-xs ez-toc-btn-default ez-toc-toggle\" aria-label=\"Alternar tabela de conte\u00fado\"><span class=\"ez-toc-js-icon-con\"><span class=\"\"><span class=\"eztoc-hide\" style=\"display:none;\">Toggle<\/span><span class=\"ez-toc-icon-toggle-span\"><svg style=\"fill: #999;color:#999\" xmlns=\"http:\/\/www.w3.org\/2000\/svg\" class=\"list-377408\" width=\"20px\" height=\"20px\" viewBox=\"0 0 24 24\" fill=\"none\"><path d=\"M6 6H4v2h2V6zm14 0H8v2h12V6zM4 11h2v2H4v-2zm16 0H8v2h12v-2zM4 16h2v2H4v-2zm16 0H8v2h12v-2z\" fill=\"currentColor\"><\/path><\/svg><svg style=\"fill: #999;color:#999\" class=\"arrow-unsorted-368013\" xmlns=\"http:\/\/www.w3.org\/2000\/svg\" width=\"10px\" height=\"10px\" viewBox=\"0 0 24 24\" version=\"1.2\" baseProfile=\"tiny\"><path d=\"M18.2 9.3l-6.2-6.3-6.2 6.3c-.2.2-.3.4-.3.7s.1.5.3.7c.2.2.4.3.7.3h11c.3 0 .5-.1.7-.3.2-.2.3-.5.3-.7s-.1-.5-.3-.7zM5.8 14.7l6.2 6.3 6.2-6.3c.2-.2.3-.5.3-.7s-.1-.5-.3-.7c-.2-.2-.4-.3-.7-.3h-11c-.3 0-.5.1-.7.3-.2.2-.3.5-.3.7s.1.5.3.7z\"\/><\/svg><\/span><\/span><\/span><\/a><\/span><\/div>\n<nav><ul class='ez-toc-list ez-toc-list-level-1 ' ><li class='ez-toc-page-1 ez-toc-heading-level-2'><a class=\"ez-toc-link ez-toc-heading-1\" href=\"https:\/\/www.grupomedcof.com.br\/blog\/imunizacao-na-gestacao-lembre-se-como-fazer\/#Sumario\" >Sum\u00e1rio<\/a><\/li><li class='ez-toc-page-1 ez-toc-heading-level-2'><a class=\"ez-toc-link ez-toc-heading-2\" href=\"https:\/\/www.grupomedcof.com.br\/blog\/imunizacao-na-gestacao-lembre-se-como-fazer\/#Diretrizes_para_a_imunizacao_na_gestacao\" >Diretrizes para a imuniza\u00e7\u00e3o na gesta\u00e7\u00e3o\u00a0<\/a><\/li><li class='ez-toc-page-1 ez-toc-heading-level-2'><a class=\"ez-toc-link ez-toc-heading-3\" href=\"https:\/\/www.grupomedcof.com.br\/blog\/imunizacao-na-gestacao-lembre-se-como-fazer\/#Influenza\" >Influenza<\/a><\/li><li class='ez-toc-page-1 ez-toc-heading-level-2'><a class=\"ez-toc-link ez-toc-heading-4\" href=\"https:\/\/www.grupomedcof.com.br\/blog\/imunizacao-na-gestacao-lembre-se-como-fazer\/#Difteria_e_Tetano\" >Difteria e T\u00e9tano<\/a><\/li><li class='ez-toc-page-1 ez-toc-heading-level-2'><a class=\"ez-toc-link ez-toc-heading-5\" href=\"https:\/\/www.grupomedcof.com.br\/blog\/imunizacao-na-gestacao-lembre-se-como-fazer\/#Hepatite_B\" >Hepatite B<\/a><\/li><li class='ez-toc-page-1 ez-toc-heading-level-2'><a class=\"ez-toc-link ez-toc-heading-6\" href=\"https:\/\/www.grupomedcof.com.br\/blog\/imunizacao-na-gestacao-lembre-se-como-fazer\/#COVID-19\" >COVID-19<\/a><\/li><li class='ez-toc-page-1 ez-toc-heading-level-2'><a class=\"ez-toc-link ez-toc-heading-7\" href=\"https:\/\/www.grupomedcof.com.br\/blog\/imunizacao-na-gestacao-lembre-se-como-fazer\/#O_metodo_da_sua_aprovacao\" >O m\u00e9todo da sua aprova\u00e7\u00e3o!<\/a><\/li><\/ul><\/nav><\/div>\n<img loading=\"lazy\" decoding=\"async\" width=\"800\" height=\"450\" src=\"https:\/\/www.grupomedcof.com.br\/blog\/wp-content\/uploads\/2024\/02\/Blog-MedCof-1-1024x576.jpg\" alt=\"Saiba as indica\u00e7\u00f5es da imuniza\u00e7\u00e3o na gesta\u00e7\u00e3o, uma medida fundamental para a preven\u00e7\u00e3o de doen\u00e7as infecciosas.\" srcset=\"https:\/\/www.grupomedcof.com.br\/blog\/wp-content\/uploads\/2024\/02\/Blog-MedCof-1-1024x576.jpg 1024w, https:\/\/www.grupomedcof.com.br\/blog\/wp-content\/uploads\/2024\/02\/Blog-MedCof-1-300x169.jpg 300w, https:\/\/www.grupomedcof.com.br\/blog\/wp-content\/uploads\/2024\/02\/Blog-MedCof-1-768x432.jpg 768w, https:\/\/www.grupomedcof.com.br\/blog\/wp-content\/uploads\/2024\/02\/Blog-MedCof-1-1536x864.jpg 1536w, https:\/\/www.grupomedcof.com.br\/blog\/wp-content\/uploads\/2024\/02\/Blog-MedCof-1.jpg 1920w\" sizes=\"auto, (max-width: 800px) 100vw, 800px\" \/>\t\t\t\t\t\t\t\t\t\t\t\t\t\t\t\n\t\t<p>Saiba as indica\u00e7\u00f5es da <strong>imuniza\u00e7\u00e3o na gesta\u00e7\u00e3o<\/strong>,\u00a0uma medida fundamental para a preven\u00e7\u00e3o de doen\u00e7as infecciosas.<\/p>\t\t\n\t\t\t<h2><span class=\"ez-toc-section\" id=\"Sumario\"><\/span>\n\t\t\t\tSum\u00e1rio\t\t\t<span class=\"ez-toc-section-end\"><\/span><\/h2>\n\t\t<p>Durante a gesta\u00e7\u00e3o, a vacina\u00e7\u00e3o desempenha um papel importante na prote\u00e7\u00e3o da sa\u00fade da m\u00e3e e do beb\u00ea em desenvolvimento.\u00a0Nesse post, vamos relembrar as indica\u00e7\u00f5es para a imuniza\u00e7\u00e3o em gestantes.\u00a0<\/p>\n<p><!-- \/wp:post-content --><!-- wp:paragraph --><\/p>\t\t\n\t\t<h2><span class=\"ez-toc-section\" id=\"Diretrizes_para_a_imunizacao_na_gestacao\"><\/span><b>Diretrizes para a imuniza\u00e7\u00e3o na gesta\u00e7\u00e3o\u00a0<\/b><span class=\"ez-toc-section-end\"><\/span><\/h2>\n<p><!-- \/wp:paragraph --><!-- wp:paragraph --><\/p>\n<p><!-- \/wp:paragraph --><!-- wp:paragraph --><\/p>\n<p>Durante o per\u00edodo de gesta\u00e7\u00e3o, o sistema imunol\u00f3gico da gestante passa por mudan\u00e7as para acomodar o desenvolvimento do feto, tornando-a mais suscet\u00edvel a algumas infec\u00e7\u00f5es.<\/p>\n<p>\u00a0<\/p>\n<p><!-- \/wp:paragraph --><!-- wp:paragraph --><\/p>\n<p>Al\u00e9m disso, algumas doen\u00e7as infecciosas podem ter complica\u00e7\u00f5es graves durante a gesta\u00e7\u00e3o e serem transmitidas ao beb\u00ea no \u00fatero, o que torna a vacina\u00e7\u00e3o uma medida importante para prevenir essas situa\u00e7\u00f5es, como parto prematuro, CIUR e malforma\u00e7\u00f5es.<\/p>\n<p>\u00a0<\/p>\n<p>Sendo assim, afim de garantir a <strong>seguran\u00e7a e efic\u00e1cia das imuniza\u00e7\u00f5es<\/strong> para gestantes e beb\u00eas, o Minist\u00e9rio da Sa\u00fade estabelece diretrizes espec\u00edficas para a vacina\u00e7\u00e3o nesse per\u00edodo. Confira:<\/p>\t\t\n\t\t<h2><span class=\"ez-toc-section\" id=\"Influenza\"><\/span><strong>Influenza<\/strong><span class=\"ez-toc-section-end\"><\/span><\/h2>\n<p><!-- \/wp:paragraph --><!-- wp:paragraph --><\/p>\n<p>A influenza pode ser mais grave em gestantes e pode aumentar o risco de complica\u00e7\u00f5es como pneumonia. Sendo assim, a vacina\u00e7\u00e3o contra a gripe \u00e9 recomendada para gestantes em <strong>qualquer trimestre da gesta\u00e7\u00e3o<\/strong>, inclusive em at\u00e9 42 dias ap\u00f3s o parto.\u00a0<\/p>\n<p>\u00a0<\/p>\n<p><!-- \/wp:paragraph --><!-- wp:paragraph --><\/p>\n<p>Al\u00e9m disso, a vacina\u00e7\u00e3o da m\u00e3e durante a gesta\u00e7\u00e3o pode conferir <strong>prote\u00e7\u00e3o ao beb\u00ea nos primeiros seis meses<\/strong> de vida.<\/p>\t\t\n\t\t<h2><span class=\"ez-toc-section\" id=\"Difteria_e_Tetano\"><\/span><strong>Difteria e T\u00e9tano<\/strong><span class=\"ez-toc-section-end\"><\/span><\/h2>\n<p><!-- \/wp:paragraph --><!-- wp:paragraph --><\/p>\n<p>A vacina para prote\u00e7\u00e3o da difteria e t\u00e9tano deve ser feita em <strong>todas as gestantes<\/strong>, no seguinte esquema:<\/p>\n<p>\u00a0<\/p>\n<p><!-- \/wp:paragraph --><!-- wp:list --><\/p>\n<ul><!-- wp:list-item -->\n<li>Aus\u00eancia de imuniza\u00e7\u00e3o ou hist\u00f3rico desconhecido: realizar <strong>2 doses de dT e 1 dose de dTpa<\/strong>, com intervalo de 60 dias entre as doses. Sendo as 2 doses de dT a qualquer momento da gesta\u00e7\u00e3o e a dose de\u00a0<strong>dTpa a partir da 20\u00aa semana<\/strong>\u00a0de gesta\u00e7\u00e3o;<\/li>\n<!-- \/wp:list-item --><!-- wp:list-item -->\n<li>Apenas 1 dose de dT realizada: realizar <strong>1 dose da dT<\/strong>\u00a0em qualquer momento da gesta\u00e7\u00e3o e\u00a0<strong>1 dose de dTpa<\/strong>\u00a0a partir da 20\u00aa semana, com um intervalo m\u00ednimo de 30 dias entre elas.<\/li>\n<!-- \/wp:list-item --><!-- wp:list-item -->\n<li>Imunizada com \u2265 2 doses da dT: realizar <strong>1 dose de dTpa<\/strong>\u00a0a partir da 20\u00aa semana.<\/li>\n<\/ul>\t\t\n\t\t<p>&#x1f4a1; <strong>PRESTE ATEN\u00c7\u00c3O!<\/strong> Perceba que a dTpa vai ser administrada em <strong>TODA GESTANTE<\/strong> e em <strong>CADA GESTA\u00c7\u00c3O,<\/strong> pois \u00e9 transmitida para o beb\u00ea! Perceba que recomenda-se a partir da <strong>20a semana<\/strong>, mas o tempo ideal \u00e9 da <strong>27-36\u00b0 semana<\/strong>.<\/p>\t\t\n\t\t<h2><span class=\"ez-toc-section\" id=\"Hepatite_B\"><\/span><strong>Hepatite B<\/strong><span class=\"ez-toc-section-end\"><\/span><\/h2>\n<p><!-- \/wp:list-item --><!-- wp:heading {\"level\":3} \/--><!-- wp:paragraph --><\/p>\n<p>A vacina contra hepatite B \u00e9 recomendada para gestantes que n\u00e3o foram previamente vacinadas, ou que n\u00e3o t\u00eam o esquema completo.<\/p>\n<p>\u00a0<\/p>\n<p><!-- \/wp:paragraph --><!-- wp:paragraph --><\/p>\n<p>Em casos de mulheres que <strong>n\u00e3o foram imunizadas previamente<\/strong>, devem receber <strong>3 doses<\/strong>, no <strong>esquema 0-1-6 meses.<\/strong><\/p>\n<p>\u00a0<\/p>\n<p><!-- \/wp:paragraph --><!-- wp:paragraph --><\/p>\n<p>A hepatite B \u00e9 uma doen\u00e7a viral que \u00e9 poss\u00edvel ser transmitida da m\u00e3e para o beb\u00ea durante o parto. Sendo assim, a vacina\u00e7\u00e3o durante a gesta\u00e7\u00e3o ajuda a prevenir essa transmiss\u00e3o e proteger o beb\u00ea.<\/p>\t\t\n\t\t<!-- wp:paragraph \/--><!-- wp:heading \/--><!-- wp:heading {\"level\":3} \/--><!-- wp:heading {\"level\":3} \/--><!-- wp:paragraph \/--><!-- wp:heading {\"level\":3} -->\n<h2 id=\"h-covid-19\"><span class=\"ez-toc-section\" id=\"COVID-19\"><\/span><strong>COVID-19<\/strong><span class=\"ez-toc-section-end\"><\/span><\/h2>\n<!-- \/wp:heading --><!-- wp:paragraph -->\n<p>A vacina da COVID-19 foi a imuniza\u00e7\u00e3o mais recentemente implantada no PNI da gestante, e \u00e9 \u00fatil para proteger a gestante da infec\u00e7\u00e3o do Sars-cov-2, podendo ser aplicada em qualquer momento da gesta\u00e7\u00e3o ou do puerp\u00e9rio at\u00e9 42 dias p\u00f3s parto.<\/p>\n<p>\u00a0<\/p>\n<!-- \/wp:paragraph --><!-- wp:paragraph -->\n<p>Al\u00e9m das vacinas espec\u00edficas, o Minist\u00e9rio da Sa\u00fade tamb\u00e9m enfatiza a import\u00e2ncia da <strong><a href=\"https:\/\/www.grupomedcof.com.br\/blog\/saiba-as-principais-atualizacoes-vacinais-deste-ano\/\">atualiza\u00e7\u00e3o do calend\u00e1rio de vacina\u00e7\u00e3o <\/a><\/strong>de todas as gestantes, garantindo que elas estejam protegidas contra outras doen\u00e7as infecciosas.<\/p>\n<!-- \/wp:paragraph -->\t\t\n\t\t<h2><span class=\"ez-toc-section\" id=\"O_metodo_da_sua_aprovacao\"><\/span><strong>O m\u00e9todo da sua aprova\u00e7\u00e3o!<\/strong><span class=\"ez-toc-section-end\"><\/span><\/h2><p>Se voc\u00ea quer garantir a sua aprova\u00e7\u00e3o nas provas de resid\u00eancia, ent\u00e3o conhe\u00e7a o <a href=\"https:\/\/www.youtube.com\/watch?v=vN5tAcnrBSY&amp;t=7s\">Grupo MedCof<\/a> e a metodologia que j\u00e1 aprovou mais de 10 mil residentes no pa\u00eds.<\/p>\t\t\n\t\thttps:\/\/www.youtube.com\/watch?v=vN5tAcnrBSY&#038;t=7s<!-- \/wp:paragraph -->","protected":false},"excerpt":{"rendered":"<p>Saiba as indica\u00e7\u00f5es da imuniza\u00e7\u00e3o na gesta\u00e7\u00e3o, uma medida fundamental para a preven\u00e7\u00e3o de doen\u00e7as infecciosas nesta fase.<\/p>\n","protected":false},"author":10,"featured_media":19279,"comment_status":"open","ping_status":"open","sticky":false,"template":"","format":"standard","meta":{"footnotes":""},"categories":[197],"tags":[976,977,975],"ppma_author":[3613],"class_list":{"0":"post-18935","1":"post","2":"type-post","3":"status-publish","4":"format-standard","5":"has-post-thumbnail","7":"category-preventiva","8":"tag-gestacao","9":"tag-imunizacao-em-gestantes","10":"tag-vacinacao"},"yoast_head":"<!-- This site is optimized with the Yoast SEO Premium plugin v24.3 (Yoast SEO v27.4) - https:\/\/yoast.com\/product\/yoast-seo-premium-wordpress\/ -->\n<title>Imuniza\u00e7\u00e3o na gesta\u00e7\u00e3o: lembre-se como fazer! - Blog de Medcof: conte\u00fados, editais, revalida e mais!<\/title>\n<meta name=\"description\" content=\"A vacina\u00e7\u00e3o na gesta\u00e7\u00e3o \u00e9 uma estrat\u00e9gia segura e eficaz para proteger a sa\u00fade da m\u00e3e e do beb\u00ea...\" \/>\n<meta name=\"robots\" content=\"index, follow, max-snippet:-1, max-image-preview:large, max-video-preview:-1\" \/>\n<link rel=\"canonical\" href=\"https:\/\/www.grupomedcof.com.br\/blog\/imunizacao-na-gestacao-lembre-se-como-fazer\/\" \/>\n<meta property=\"og:locale\" content=\"pt_BR\" \/>\n<meta property=\"og:type\" content=\"article\" \/>\n<meta property=\"og:title\" content=\"Imuniza\u00e7\u00e3o na gesta\u00e7\u00e3o: lembre-se como fazer!\" \/>\n<meta property=\"og:description\" content=\"A vacina\u00e7\u00e3o na gesta\u00e7\u00e3o \u00e9 uma estrat\u00e9gia segura e eficaz para proteger a sa\u00fade da m\u00e3e e do beb\u00ea...\" \/>\n<meta property=\"og:url\" content=\"https:\/\/www.grupomedcof.com.br\/blog\/imunizacao-na-gestacao-lembre-se-como-fazer\/\" \/>\n<meta property=\"og:site_name\" content=\"Blog de Medcof: conte\u00fados, editais, revalida e mais!\" \/>\n<meta property=\"article:publisher\" content=\"https:\/\/www.facebook.com\/MedCofQbank\/\" \/>\n<meta property=\"article:published_time\" content=\"2024-02-21T16:09:30+00:00\" \/>\n<meta property=\"og:image\" content=\"https:\/\/www.grupomedcof.com.br\/blog\/wp-content\/uploads\/2024\/02\/Blog-MedCof.jpg\" \/>\n\t<meta property=\"og:image:width\" content=\"1920\" \/>\n\t<meta property=\"og:image:height\" content=\"1080\" \/>\n\t<meta property=\"og:image:type\" content=\"image\/jpeg\" \/>\n<meta name=\"author\" content=\"Grupo MedCof\" \/>\n<meta name=\"twitter:card\" content=\"summary_large_image\" \/>\n<meta name=\"twitter:label1\" content=\"Escrito por\" \/>\n\t<meta name=\"twitter:data1\" content=\"Grupo MedCof\" \/>\n\t<meta name=\"twitter:label2\" content=\"Est. tempo de leitura\" \/>\n\t<meta name=\"twitter:data2\" content=\"6 minutos\" \/>\n<script type=\"application\/ld+json\" class=\"yoast-schema-graph\">{\"@context\":\"https:\\\/\\\/schema.org\",\"@graph\":[{\"@type\":\"Article\",\"@id\":\"https:\\\/\\\/www.grupomedcof.com.br\\\/blog\\\/imunizacao-na-gestacao-lembre-se-como-fazer\\\/#article\",\"isPartOf\":{\"@id\":\"https:\\\/\\\/www.grupomedcof.com.br\\\/blog\\\/imunizacao-na-gestacao-lembre-se-como-fazer\\\/\"},\"author\":{\"name\":\"Grupo MedCof\",\"@id\":\"https:\\\/\\\/www.grupomedcof.com.br\\\/blog\\\/#\\\/schema\\\/person\\\/5e56a3921255c01181f3d8c20d53f9c0\"},\"headline\":\"Imuniza\u00e7\u00e3o na gesta\u00e7\u00e3o: lembre-se como fazer!\",\"datePublished\":\"2024-02-21T16:09:30+00:00\",\"mainEntityOfPage\":{\"@id\":\"https:\\\/\\\/www.grupomedcof.com.br\\\/blog\\\/imunizacao-na-gestacao-lembre-se-como-fazer\\\/\"},\"wordCount\":634,\"commentCount\":0,\"publisher\":{\"@id\":\"https:\\\/\\\/www.grupomedcof.com.br\\\/blog\\\/#organization\"},\"image\":{\"@id\":\"https:\\\/\\\/www.grupomedcof.com.br\\\/blog\\\/imunizacao-na-gestacao-lembre-se-como-fazer\\\/#primaryimage\"},\"thumbnailUrl\":\"https:\\\/\\\/www.grupomedcof.com.br\\\/blog\\\/wp-content\\\/uploads\\\/2024\\\/02\\\/Blog-MedCof.jpg\",\"keywords\":[\"gesta\u00e7\u00e3o\",\"imuniza\u00e7\u00e3o em gestantes\",\"vacina\u00e7\u00e3o\"],\"articleSection\":[\"Preventiva\"],\"inLanguage\":\"pt-BR\"},{\"@type\":\"WebPage\",\"@id\":\"https:\\\/\\\/www.grupomedcof.com.br\\\/blog\\\/imunizacao-na-gestacao-lembre-se-como-fazer\\\/\",\"url\":\"https:\\\/\\\/www.grupomedcof.com.br\\\/blog\\\/imunizacao-na-gestacao-lembre-se-como-fazer\\\/\",\"name\":\"Imuniza\u00e7\u00e3o na gesta\u00e7\u00e3o: lembre-se como fazer! - Blog de Medcof: conte\u00fados, editais, revalida e mais!\",\"isPartOf\":{\"@id\":\"https:\\\/\\\/www.grupomedcof.com.br\\\/blog\\\/#website\"},\"primaryImageOfPage\":{\"@id\":\"https:\\\/\\\/www.grupomedcof.com.br\\\/blog\\\/imunizacao-na-gestacao-lembre-se-como-fazer\\\/#primaryimage\"},\"image\":{\"@id\":\"https:\\\/\\\/www.grupomedcof.com.br\\\/blog\\\/imunizacao-na-gestacao-lembre-se-como-fazer\\\/#primaryimage\"},\"thumbnailUrl\":\"https:\\\/\\\/www.grupomedcof.com.br\\\/blog\\\/wp-content\\\/uploads\\\/2024\\\/02\\\/Blog-MedCof.jpg\",\"datePublished\":\"2024-02-21T16:09:30+00:00\",\"description\":\"A vacina\u00e7\u00e3o na gesta\u00e7\u00e3o \u00e9 uma estrat\u00e9gia segura e eficaz para proteger a sa\u00fade da m\u00e3e e do beb\u00ea...\",\"breadcrumb\":{\"@id\":\"https:\\\/\\\/www.grupomedcof.com.br\\\/blog\\\/imunizacao-na-gestacao-lembre-se-como-fazer\\\/#breadcrumb\"},\"inLanguage\":\"pt-BR\",\"potentialAction\":[{\"@type\":\"ReadAction\",\"target\":[\"https:\\\/\\\/www.grupomedcof.com.br\\\/blog\\\/imunizacao-na-gestacao-lembre-se-como-fazer\\\/\"]}]},{\"@type\":\"ImageObject\",\"inLanguage\":\"pt-BR\",\"@id\":\"https:\\\/\\\/www.grupomedcof.com.br\\\/blog\\\/imunizacao-na-gestacao-lembre-se-como-fazer\\\/#primaryimage\",\"url\":\"https:\\\/\\\/www.grupomedcof.com.br\\\/blog\\\/wp-content\\\/uploads\\\/2024\\\/02\\\/Blog-MedCof.jpg\",\"contentUrl\":\"https:\\\/\\\/www.grupomedcof.com.br\\\/blog\\\/wp-content\\\/uploads\\\/2024\\\/02\\\/Blog-MedCof.jpg\",\"width\":1920,\"height\":1080,\"caption\":\"Vacina\u00e7\u00e3o de gestantes. Saiba as diretrizes.\"},{\"@type\":\"BreadcrumbList\",\"@id\":\"https:\\\/\\\/www.grupomedcof.com.br\\\/blog\\\/imunizacao-na-gestacao-lembre-se-como-fazer\\\/#breadcrumb\",\"itemListElement\":[{\"@type\":\"ListItem\",\"position\":1,\"name\":\"In\u00edcio\",\"item\":\"https:\\\/\\\/www.grupomedcof.com.br\\\/blog\\\/\"},{\"@type\":\"ListItem\",\"position\":2,\"name\":\"Imuniza\u00e7\u00e3o na gesta\u00e7\u00e3o: lembre-se como fazer!\"}]},{\"@type\":\"WebSite\",\"@id\":\"https:\\\/\\\/www.grupomedcof.com.br\\\/blog\\\/#website\",\"url\":\"https:\\\/\\\/www.grupomedcof.com.br\\\/blog\\\/\",\"name\":\"Blog de Medcof: conte\u00fados, editais, revalida e mais!\",\"description\":\"Acesso o blog de MedCof! Seu portal de conte\u00fados sobre resid\u00eancia m\u00e9dica, an\u00e1lise e editais e muito mais. Clique e confira!\",\"publisher\":{\"@id\":\"https:\\\/\\\/www.grupomedcof.com.br\\\/blog\\\/#organization\"},\"alternateName\":\"Blog de Medcof: conte\u00fados, editais, revalida e mais!\",\"potentialAction\":[{\"@type\":\"SearchAction\",\"target\":{\"@type\":\"EntryPoint\",\"urlTemplate\":\"https:\\\/\\\/www.grupomedcof.com.br\\\/blog\\\/?s={search_term_string}\"},\"query-input\":{\"@type\":\"PropertyValueSpecification\",\"valueRequired\":true,\"valueName\":\"search_term_string\"}}],\"inLanguage\":\"pt-BR\"},{\"@type\":\"Organization\",\"@id\":\"https:\\\/\\\/www.grupomedcof.com.br\\\/blog\\\/#organization\",\"name\":\"Grupo MedCof\",\"url\":\"https:\\\/\\\/www.grupomedcof.com.br\\\/blog\\\/\",\"logo\":{\"@type\":\"ImageObject\",\"inLanguage\":\"pt-BR\",\"@id\":\"https:\\\/\\\/www.grupomedcof.com.br\\\/blog\\\/#\\\/schema\\\/logo\\\/image\\\/\",\"url\":\"https:\\\/\\\/www.grupomedcof.com.br\\\/blog\\\/wp-content\\\/uploads\\\/2022\\\/01\\\/logo-medcof.png\",\"contentUrl\":\"https:\\\/\\\/www.grupomedcof.com.br\\\/blog\\\/wp-content\\\/uploads\\\/2022\\\/01\\\/logo-medcof.png\",\"width\":768,\"height\":269,\"caption\":\"Grupo MedCof\"},\"image\":{\"@id\":\"https:\\\/\\\/www.grupomedcof.com.br\\\/blog\\\/#\\\/schema\\\/logo\\\/image\\\/\"},\"sameAs\":[\"https:\\\/\\\/www.facebook.com\\\/MedCofQbank\\\/\",\"https:\\\/\\\/www.instagram.com\\\/grupomedcof\\\/\",\"https:\\\/\\\/br.linkedin.com\\\/company\\\/medcof\",\"https:\\\/\\\/www.youtube.com\\\/channel\\\/UCdHMuOHKICxcHwecxN8P-AA\"]},{\"@type\":\"Person\",\"@id\":\"https:\\\/\\\/www.grupomedcof.com.br\\\/blog\\\/#\\\/schema\\\/person\\\/5e56a3921255c01181f3d8c20d53f9c0\",\"name\":\"Grupo MedCof\",\"image\":{\"@type\":\"ImageObject\",\"inLanguage\":\"pt-BR\",\"@id\":\"https:\\\/\\\/www.grupomedcof.com.br\\\/blog\\\/wp-content\\\/uploads\\\/2023\\\/04\\\/cropped-cropped-cropped-cropped-logo-96x96.png28585d174f19c23095510da5f63bc127\",\"url\":\"https:\\\/\\\/www.grupomedcof.com.br\\\/blog\\\/wp-content\\\/uploads\\\/2023\\\/04\\\/cropped-cropped-cropped-cropped-logo-96x96.png\",\"contentUrl\":\"https:\\\/\\\/www.grupomedcof.com.br\\\/blog\\\/wp-content\\\/uploads\\\/2023\\\/04\\\/cropped-cropped-cropped-cropped-logo-96x96.png\",\"caption\":\"Grupo MedCof\"},\"description\":\"Tendo aulas baseadas em quest\u00f5es, + de 115 subespecialistas dispon\u00edveis e uma metodologia \u00fanica, voc\u00ea pode se juntar ao nosso time que conta com mais de 10 mil ...\",\"url\":\"https:\\\/\\\/www.grupomedcof.com.br\\\/blog\\\/author\\\/grupo-medcof\\\/\"}]}<\/script>\n<!-- \/ Yoast SEO Premium plugin. -->","yoast_head_json":{"title":"Imuniza\u00e7\u00e3o na gesta\u00e7\u00e3o: lembre-se como fazer! - Blog de Medcof: conte\u00fados, editais, revalida e mais!","description":"A vacina\u00e7\u00e3o na gesta\u00e7\u00e3o \u00e9 uma estrat\u00e9gia segura e eficaz para proteger a sa\u00fade da m\u00e3e e do beb\u00ea...","robots":{"index":"index","follow":"follow","max-snippet":"max-snippet:-1","max-image-preview":"max-image-preview:large","max-video-preview":"max-video-preview:-1"},"canonical":"https:\/\/www.grupomedcof.com.br\/blog\/imunizacao-na-gestacao-lembre-se-como-fazer\/","og_locale":"pt_BR","og_type":"article","og_title":"Imuniza\u00e7\u00e3o na gesta\u00e7\u00e3o: lembre-se como fazer!","og_description":"A vacina\u00e7\u00e3o na gesta\u00e7\u00e3o \u00e9 uma estrat\u00e9gia segura e eficaz para proteger a sa\u00fade da m\u00e3e e do beb\u00ea...","og_url":"https:\/\/www.grupomedcof.com.br\/blog\/imunizacao-na-gestacao-lembre-se-como-fazer\/","og_site_name":"Blog de Medcof: conte\u00fados, editais, revalida e mais!","article_publisher":"https:\/\/www.facebook.com\/MedCofQbank\/","article_published_time":"2024-02-21T16:09:30+00:00","og_image":[{"width":1920,"height":1080,"url":"https:\/\/www.grupomedcof.com.br\/blog\/wp-content\/uploads\/2024\/02\/Blog-MedCof.jpg","type":"image\/jpeg"}],"author":"Grupo MedCof","twitter_card":"summary_large_image","twitter_misc":{"Escrito por":"Grupo MedCof","Est. tempo de leitura":"6 minutos"},"schema":{"@context":"https:\/\/schema.org","@graph":[{"@type":"Article","@id":"https:\/\/www.grupomedcof.com.br\/blog\/imunizacao-na-gestacao-lembre-se-como-fazer\/#article","isPartOf":{"@id":"https:\/\/www.grupomedcof.com.br\/blog\/imunizacao-na-gestacao-lembre-se-como-fazer\/"},"author":{"name":"Grupo MedCof","@id":"https:\/\/www.grupomedcof.com.br\/blog\/#\/schema\/person\/5e56a3921255c01181f3d8c20d53f9c0"},"headline":"Imuniza\u00e7\u00e3o na gesta\u00e7\u00e3o: lembre-se como fazer!","datePublished":"2024-02-21T16:09:30+00:00","mainEntityOfPage":{"@id":"https:\/\/www.grupomedcof.com.br\/blog\/imunizacao-na-gestacao-lembre-se-como-fazer\/"},"wordCount":634,"commentCount":0,"publisher":{"@id":"https:\/\/www.grupomedcof.com.br\/blog\/#organization"},"image":{"@id":"https:\/\/www.grupomedcof.com.br\/blog\/imunizacao-na-gestacao-lembre-se-como-fazer\/#primaryimage"},"thumbnailUrl":"https:\/\/www.grupomedcof.com.br\/blog\/wp-content\/uploads\/2024\/02\/Blog-MedCof.jpg","keywords":["gesta\u00e7\u00e3o","imuniza\u00e7\u00e3o em gestantes","vacina\u00e7\u00e3o"],"articleSection":["Preventiva"],"inLanguage":"pt-BR"},{"@type":"WebPage","@id":"https:\/\/www.grupomedcof.com.br\/blog\/imunizacao-na-gestacao-lembre-se-como-fazer\/","url":"https:\/\/www.grupomedcof.com.br\/blog\/imunizacao-na-gestacao-lembre-se-como-fazer\/","name":"Imuniza\u00e7\u00e3o na gesta\u00e7\u00e3o: lembre-se como fazer! - Blog de Medcof: conte\u00fados, editais, revalida e mais!","isPartOf":{"@id":"https:\/\/www.grupomedcof.com.br\/blog\/#website"},"primaryImageOfPage":{"@id":"https:\/\/www.grupomedcof.com.br\/blog\/imunizacao-na-gestacao-lembre-se-como-fazer\/#primaryimage"},"image":{"@id":"https:\/\/www.grupomedcof.com.br\/blog\/imunizacao-na-gestacao-lembre-se-como-fazer\/#primaryimage"},"thumbnailUrl":"https:\/\/www.grupomedcof.com.br\/blog\/wp-content\/uploads\/2024\/02\/Blog-MedCof.jpg","datePublished":"2024-02-21T16:09:30+00:00","description":"A vacina\u00e7\u00e3o na gesta\u00e7\u00e3o \u00e9 uma estrat\u00e9gia segura e eficaz para proteger a sa\u00fade da m\u00e3e e do beb\u00ea...","breadcrumb":{"@id":"https:\/\/www.grupomedcof.com.br\/blog\/imunizacao-na-gestacao-lembre-se-como-fazer\/#breadcrumb"},"inLanguage":"pt-BR","potentialAction":[{"@type":"ReadAction","target":["https:\/\/www.grupomedcof.com.br\/blog\/imunizacao-na-gestacao-lembre-se-como-fazer\/"]}]},{"@type":"ImageObject","inLanguage":"pt-BR","@id":"https:\/\/www.grupomedcof.com.br\/blog\/imunizacao-na-gestacao-lembre-se-como-fazer\/#primaryimage","url":"https:\/\/www.grupomedcof.com.br\/blog\/wp-content\/uploads\/2024\/02\/Blog-MedCof.jpg","contentUrl":"https:\/\/www.grupomedcof.com.br\/blog\/wp-content\/uploads\/2024\/02\/Blog-MedCof.jpg","width":1920,"height":1080,"caption":"Vacina\u00e7\u00e3o de gestantes. Saiba as diretrizes."},{"@type":"BreadcrumbList","@id":"https:\/\/www.grupomedcof.com.br\/blog\/imunizacao-na-gestacao-lembre-se-como-fazer\/#breadcrumb","itemListElement":[{"@type":"ListItem","position":1,"name":"In\u00edcio","item":"https:\/\/www.grupomedcof.com.br\/blog\/"},{"@type":"ListItem","position":2,"name":"Imuniza\u00e7\u00e3o na gesta\u00e7\u00e3o: lembre-se como fazer!"}]},{"@type":"WebSite","@id":"https:\/\/www.grupomedcof.com.br\/blog\/#website","url":"https:\/\/www.grupomedcof.com.br\/blog\/","name":"Blog de Medcof: conte\u00fados, editais, revalida e mais!","description":"Acesso o blog de MedCof! Seu portal de conte\u00fados sobre resid\u00eancia m\u00e9dica, an\u00e1lise e editais e muito mais. Clique e confira!","publisher":{"@id":"https:\/\/www.grupomedcof.com.br\/blog\/#organization"},"alternateName":"Blog de Medcof: conte\u00fados, editais, revalida e mais!","potentialAction":[{"@type":"SearchAction","target":{"@type":"EntryPoint","urlTemplate":"https:\/\/www.grupomedcof.com.br\/blog\/?s={search_term_string}"},"query-input":{"@type":"PropertyValueSpecification","valueRequired":true,"valueName":"search_term_string"}}],"inLanguage":"pt-BR"},{"@type":"Organization","@id":"https:\/\/www.grupomedcof.com.br\/blog\/#organization","name":"Grupo MedCof","url":"https:\/\/www.grupomedcof.com.br\/blog\/","logo":{"@type":"ImageObject","inLanguage":"pt-BR","@id":"https:\/\/www.grupomedcof.com.br\/blog\/#\/schema\/logo\/image\/","url":"https:\/\/www.grupomedcof.com.br\/blog\/wp-content\/uploads\/2022\/01\/logo-medcof.png","contentUrl":"https:\/\/www.grupomedcof.com.br\/blog\/wp-content\/uploads\/2022\/01\/logo-medcof.png","width":768,"height":269,"caption":"Grupo MedCof"},"image":{"@id":"https:\/\/www.grupomedcof.com.br\/blog\/#\/schema\/logo\/image\/"},"sameAs":["https:\/\/www.facebook.com\/MedCofQbank\/","https:\/\/www.instagram.com\/grupomedcof\/","https:\/\/br.linkedin.com\/company\/medcof","https:\/\/www.youtube.com\/channel\/UCdHMuOHKICxcHwecxN8P-AA"]},{"@type":"Person","@id":"https:\/\/www.grupomedcof.com.br\/blog\/#\/schema\/person\/5e56a3921255c01181f3d8c20d53f9c0","name":"Grupo MedCof","image":{"@type":"ImageObject","inLanguage":"pt-BR","@id":"https:\/\/www.grupomedcof.com.br\/blog\/wp-content\/uploads\/2023\/04\/cropped-cropped-cropped-cropped-logo-96x96.png28585d174f19c23095510da5f63bc127","url":"https:\/\/www.grupomedcof.com.br\/blog\/wp-content\/uploads\/2023\/04\/cropped-cropped-cropped-cropped-logo-96x96.png","contentUrl":"https:\/\/www.grupomedcof.com.br\/blog\/wp-content\/uploads\/2023\/04\/cropped-cropped-cropped-cropped-logo-96x96.png","caption":"Grupo MedCof"},"description":"Tendo aulas baseadas em quest\u00f5es, + de 115 subespecialistas dispon\u00edveis e uma metodologia \u00fanica, voc\u00ea pode se juntar ao nosso time que conta com mais de 10 mil ...","url":"https:\/\/www.grupomedcof.com.br\/blog\/author\/grupo-medcof\/"}]}},"authors":[{"term_id":3613,"user_id":10,"is_guest":0,"slug":"grupo-medcof","display_name":"Grupo MedCof","avatar_url":"https:\/\/www.grupomedcof.com.br\/blog\/wp-content\/uploads\/2023\/04\/cropped-cropped-cropped-cropped-logo-96x96.png","0":null,"1":"","2":"","3":"","4":"","5":"","6":"","7":"","8":""}],"_links":{"self":[{"href":"https:\/\/www.grupomedcof.com.br\/blog\/wp-json\/wp\/v2\/posts\/18935","targetHints":{"allow":["GET"]}}],"collection":[{"href":"https:\/\/www.grupomedcof.com.br\/blog\/wp-json\/wp\/v2\/posts"}],"about":[{"href":"https:\/\/www.grupomedcof.com.br\/blog\/wp-json\/wp\/v2\/types\/post"}],"author":[{"embeddable":true,"href":"https:\/\/www.grupomedcof.com.br\/blog\/wp-json\/wp\/v2\/users\/10"}],"replies":[{"embeddable":true,"href":"https:\/\/www.grupomedcof.com.br\/blog\/wp-json\/wp\/v2\/comments?post=18935"}],"version-history":[{"count":0,"href":"https:\/\/www.grupomedcof.com.br\/blog\/wp-json\/wp\/v2\/posts\/18935\/revisions"}],"wp:featuredmedia":[{"embeddable":true,"href":"https:\/\/www.grupomedcof.com.br\/blog\/wp-json\/wp\/v2\/media\/19279"}],"wp:attachment":[{"href":"https:\/\/www.grupomedcof.com.br\/blog\/wp-json\/wp\/v2\/media?parent=18935"}],"wp:term":[{"taxonomy":"category","embeddable":true,"href":"https:\/\/www.grupomedcof.com.br\/blog\/wp-json\/wp\/v2\/categories?post=18935"},{"taxonomy":"post_tag","embeddable":true,"href":"https:\/\/www.grupomedcof.com.br\/blog\/wp-json\/wp\/v2\/tags?post=18935"},{"taxonomy":"author","embeddable":true,"href":"https:\/\/www.grupomedcof.com.br\/blog\/wp-json\/wp\/v2\/ppma_author?post=18935"}],"curies":[{"name":"wp","href":"https:\/\/api.w.org\/{rel}","templated":true}]}}