{"id":19305,"date":"2024-02-26T14:28:43","date_gmt":"2024-02-26T17:28:43","guid":{"rendered":"https:\/\/www.grupomedcof.com.br\/blog\/?p=19305"},"modified":"2024-05-15T15:38:22","modified_gmt":"2024-05-15T18:38:22","slug":"raio-x-residencia-medica-fmabc-2024","status":"publish","type":"post","link":"https:\/\/www.grupomedcof.com.br\/blog\/raio-x-residencia-medica-fmabc-2024\/","title":{"rendered":"Confira como foi o Processo para Resid\u00eancia M\u00e9dica FMABC 2024"},"content":{"rendered":"<div id=\"ez-toc-container\" class=\"ez-toc-v2_0_74 counter-hierarchy ez-toc-counter ez-toc-transparent ez-toc-container-direction\">\n<div class=\"ez-toc-title-container\">\n<p class=\"ez-toc-title\" style=\"cursor:inherit\">Sum\u00e1rio<\/p>\n<span class=\"ez-toc-title-toggle\"><a href=\"#\" class=\"ez-toc-pull-right ez-toc-btn ez-toc-btn-xs ez-toc-btn-default ez-toc-toggle\" aria-label=\"Alternar tabela de conte\u00fado\"><span class=\"ez-toc-js-icon-con\"><span class=\"\"><span class=\"eztoc-hide\" style=\"display:none;\">Toggle<\/span><span class=\"ez-toc-icon-toggle-span\"><svg style=\"fill: #999;color:#999\" xmlns=\"http:\/\/www.w3.org\/2000\/svg\" class=\"list-377408\" width=\"20px\" height=\"20px\" viewBox=\"0 0 24 24\" fill=\"none\"><path d=\"M6 6H4v2h2V6zm14 0H8v2h12V6zM4 11h2v2H4v-2zm16 0H8v2h12v-2zM4 16h2v2H4v-2zm16 0H8v2h12v-2z\" fill=\"currentColor\"><\/path><\/svg><svg style=\"fill: #999;color:#999\" class=\"arrow-unsorted-368013\" xmlns=\"http:\/\/www.w3.org\/2000\/svg\" width=\"10px\" height=\"10px\" viewBox=\"0 0 24 24\" version=\"1.2\" baseProfile=\"tiny\"><path d=\"M18.2 9.3l-6.2-6.3-6.2 6.3c-.2.2-.3.4-.3.7s.1.5.3.7c.2.2.4.3.7.3h11c.3 0 .5-.1.7-.3.2-.2.3-.5.3-.7s-.1-.5-.3-.7zM5.8 14.7l6.2 6.3 6.2-6.3c.2-.2.3-.5.3-.7s-.1-.5-.3-.7c-.2-.2-.4-.3-.7-.3h-11c-.3 0-.5.1-.7.3-.2.2-.3.5-.3.7s.1.5.3.7z\"\/><\/svg><\/span><\/span><\/span><\/a><\/span><\/div>\n<nav><ul class='ez-toc-list ez-toc-list-level-1 ' ><li class='ez-toc-page-1 ez-toc-heading-level-2'><a class=\"ez-toc-link ez-toc-heading-1\" href=\"https:\/\/www.grupomedcof.com.br\/blog\/raio-x-residencia-medica-fmabc-2024\/#Quantas_vagas_e_quais_especialidades_foram_ofertadas\" >Quantas vagas e quais especialidades foram ofertadas?<\/a><\/li><li class='ez-toc-page-1 ez-toc-heading-level-2'><a class=\"ez-toc-link ez-toc-heading-2\" href=\"https:\/\/www.grupomedcof.com.br\/blog\/raio-x-residencia-medica-fmabc-2024\/#Como_foi_o_Processo_Seletivo_para_Residencia_Medica_2024_da_FMABC\" >Como foi o Processo Seletivo para Resid\u00eancia M\u00e9dica 2024 da FMABC?\u00a0<\/a><\/li><li class='ez-toc-page-1 ez-toc-heading-level-2'><a class=\"ez-toc-link ez-toc-heading-3\" href=\"https:\/\/www.grupomedcof.com.br\/blog\/raio-x-residencia-medica-fmabc-2024\/#Resultado_Processo_Seletivo_para_Residencia_Medica_2024_da_FMABC\" >Resultado Processo Seletivo para Resid\u00eancia M\u00e9dica 2024 da FMABC<\/a><\/li><li class='ez-toc-page-1 ez-toc-heading-level-2'><a class=\"ez-toc-link ez-toc-heading-4\" href=\"https:\/\/www.grupomedcof.com.br\/blog\/raio-x-residencia-medica-fmabc-2024\/#Teve_Edital_de_vagas_remanescentes_para_Residencia_Medica_2024_da_FMABC\" >Teve Edital de vagas remanescentes para Resid\u00eancia M\u00e9dica 2024 da FMABC?<\/a><\/li><li class='ez-toc-page-1 ez-toc-heading-level-2'><a class=\"ez-toc-link ez-toc-heading-5\" href=\"https:\/\/www.grupomedcof.com.br\/blog\/raio-x-residencia-medica-fmabc-2024\/#Nota_de_Corte_Residencia_Medica_2024_da_FMABC\" >Nota de Corte Resid\u00eancia M\u00e9dica 2024 da FMABC<\/a><\/li><li class='ez-toc-page-1 ez-toc-heading-level-2'><a class=\"ez-toc-link ez-toc-heading-6\" href=\"https:\/\/www.grupomedcof.com.br\/blog\/raio-x-residencia-medica-fmabc-2024\/#O_metodo_da_sua_aprovacao\" >O m\u00e9todo da sua aprova\u00e7\u00e3o<\/a><\/li><\/ul><\/nav><\/div>\n<p><img loading=\"lazy\" decoding=\"async\" src=\"https:\/\/www.grupomedcof.com.br\/blog\/wp-content\/uploads\/2024\/02\/Blog-MedCof-12-1-1024x576.jpg\" sizes=\"auto, (max-width: 800px) 100vw, 800px\" srcset=\"https:\/\/www.grupomedcof.com.br\/blog\/wp-content\/uploads\/2024\/02\/Blog-MedCof-12-1-1024x576.jpg 1024w, https:\/\/www.grupomedcof.com.br\/blog\/wp-content\/uploads\/2024\/02\/Blog-MedCof-12-1-300x169.jpg 300w, https:\/\/www.grupomedcof.com.br\/blog\/wp-content\/uploads\/2024\/02\/Blog-MedCof-12-1-768x432.jpg 768w, https:\/\/www.grupomedcof.com.br\/blog\/wp-content\/uploads\/2024\/02\/Blog-MedCof-12-1-1536x864.jpg 1536w, https:\/\/www.grupomedcof.com.br\/blog\/wp-content\/uploads\/2024\/02\/Blog-MedCof-12-1.jpg 1920w\" alt=\"resid\u00eancia m\u00e9dica fmabc 2024\" width=\"800\" height=\"450\" \/><\/p>\n<p>Inscri\u00e7\u00f5es, especialidades ofertadas, resultados e nota de corte: confira como foi o Processo Seletivo para Resid\u00eancia M\u00e9dica 2024 da FMABC.<\/p>\n<p>\u00a0<\/p>\n\n\n<\/p>\n<p>Em 16 de setembro de 2023, a Faculdade de Medicina do Centro Universit\u00e1rio FMABC publicou o edital de abertura de inscri\u00e7\u00f5es para o Processo Seletivo para Resid\u00eancia M\u00e9dica 2024, no portal da Funda\u00e7\u00e3o Vunesp.<\/p>\n<p>\n\n\n<\/p>\n<p>\n\n\n<\/p>\n<p>\u00a0<\/p>\n<p>De acordo com o edital, o per\u00edodo de inscri\u00e7\u00e3o foi do dia 2 ao dia 26 de outubro, exclusivamente online pelo <strong>site da Vunesp<\/strong>. Dessa forma, para se inscrever, cada candidato precisou preencher a ficha de inscri\u00e7\u00e3o e efetuar o pagamento da taxa de R$600,00 via boleto banc\u00e1rio.\u00a0<\/p>\n<p>\u00a0<\/p>\n<p>\n\n\n<\/p>\n<p>\n\n\n<\/p>\n<p>Houve a possibilidade de candidatos que se declaram hipossuficiente econ\u00f4mico solicitar a isen\u00e7\u00e3o da taxa de inscri\u00e7\u00e3o. Essa solicita\u00e7\u00e3o poderia ser feita a partir das 10h00 do dia 2 de outubro at\u00e9 as 23h59 do dia 3 de outubro.\u00a0<\/p>\n<p>\n\n\n<\/p>\n<p>\n\n\n<\/p>\n<p>\n\n\n<h2><span class=\"ez-toc-section\" id=\"Quantas_vagas_e_quais_especialidades_foram_ofertadas\"><\/span><strong>Quantas vagas e quais especialidades foram ofertadas?<\/strong><span class=\"ez-toc-section-end\"><\/span><\/h2>\n<p>Foram ofertadas 229 vagas ao todo, em 40 programas diferentes. Confira as especialidades abaixo:<\/p>\n<p><a href=\"https:\/\/drive.google.com\/file\/d\/1FEQ9Pfz7mTenOeFQKPvod7Fq2UEUuhAh\/view?usp=drive_link\"><br \/>Vagas e Especialidades FMABC 2024<br \/><\/a><br \/><iframe style=\"display: block; margin-left: auto; margin-right: auto; width: 640px; height: 1020px;\" src=\"https:\/\/www.grupomedcof.com.br\/blog\/wp-content\/plugins\/pdf-viewer-for-elementor\/assets\/pdfjs\/web\/viewer.html?file=https:\/\/www.grupomedcof.com.br\/blog\/wp-content\/uploads\/2024\/02\/raio_x_residencias_Especialidades_e_Vagas_Ofertadas_FMABC_2024_GrupoMedCof.pdf&amp;embedded=true\" frameborder=\"1\" marginwidth=\"0px\" marginheight=\"0px\" allowfullscreen=\"allowfullscreen\"><\/iframe><\/p>\n<h2><span class=\"ez-toc-section\" id=\"Como_foi_o_Processo_Seletivo_para_Residencia_Medica_2024_da_FMABC\"><\/span><strong>Como foi o Processo Seletivo para Resid\u00eancia M\u00e9dica 2024 da FMABC?\u00a0<\/strong><span class=\"ez-toc-section-end\"><\/span><\/h2>\n<p>O\u00a0 Processo Seletivo para Resid\u00eancia M\u00e9dica 2024 da FMABC foi realizado em duas fases: prova objetiva e an\u00e1lise curricular. O formato da prova variava de acordo com a especialidade e o tipo do programa escolhido (acesso direto ou pr\u00e9-requisito).\u00a0<\/p>\n<p>Sendo assim, os candidatos inscritos em especialidades de acesso direto, enfrentaram uma prova objetiva geral com 100 quest\u00f5es sobre as \u00e1reas de cl\u00ednica m\u00e9dica, cirurgia geral, pediatria, ginecologia e obstetr\u00edcia, medicina preventiva e social, medicina de fam\u00edlia e comunidade e sa\u00fade coletiva.\u00a0<\/p>\n<p>Por outro lado, os candidatos inscritos em especialidades de pr\u00e9-requisito enfrentaram provas objetivas de 50 quest\u00f5es sobre a \u00e1rea pr\u00e9-requisito da especialidade escolhida.\u00a0<\/p>\n<p>O Edital de Abertura de Inscri\u00e7\u00f5es do Processo Seletivo para Resid\u00eancia M\u00e9dica 2024 da FMABC tamb\u00e9m disponibilizou como Anexo V os conte\u00fados program\u00e1ticos de cada \u00e1rea.\u00a0<\/p>\n<p>A aplica\u00e7\u00e3o das provas ocorreu na cidade de S\u00e3o Paulo no dia 19 de novembro de 2023. Por fim, ap\u00f3s o per\u00edodo de interposi\u00e7\u00e3o e an\u00e1lise de recursos, a banca examinadora realizou a an\u00e1lise curricular entre os dias 15 de dezembro de 2023 e 12 de janeiro de 2024.\u00a0<\/p>\n<h2><span class=\"ez-toc-section\" id=\"Resultado_Processo_Seletivo_para_Residencia_Medica_2024_da_FMABC\"><\/span><strong>Resultado Processo Seletivo para Resid\u00eancia M\u00e9dica 2024 da FMABC<\/strong><span class=\"ez-toc-section-end\"><\/span><\/h2>\n<p>O resultado foi divulgado no Edital de Convocados para 1\u00aa Chamada de Matr\u00edcula no site da Funda\u00e7\u00e3o Vunesp no dia 2 de fevereiro de 2024. No dia 15 e 16 de fevereiro de 2024, os aprovados deveriam realizar a matr\u00edcula.\u00a0<\/p>\n<h2><span class=\"ez-toc-section\" id=\"Teve_Edital_de_vagas_remanescentes_para_Residencia_Medica_2024_da_FMABC\"><\/span><strong>Teve Edital de vagas remanescentes para Resid\u00eancia M\u00e9dica 2024 da FMABC?<\/strong><span class=\"ez-toc-section-end\"><\/span><\/h2>\n<p>No dia 2 de janeiro de 2024, a FMABC publicou em seu site na Educata Inform\u00e1tica o edital para preenchimento das vagas remanescentes para Resid\u00eancia M\u00e9dica 2024.\u00a0<\/p>\n<p>Aop todo, 28 vagas foram ofertadas. Neste mesmo Edital, a FMABC ofertou vagas para Especialidades com Reserva T\u00e9cnica em que o candidato, devidamente habilitado, poder\u00e1 ser convocado caso n\u00e3o haja efetiva\u00e7\u00e3o da matr\u00edcula da pessoa aprovada no processo seletivo anterior.<\/p>\n<p>Confira as especialidades abaixo:\u00a0<\/p>\n<p><a href=\"https:\/\/drive.google.com\/file\/d\/1pxstAeQRFhuqZtqdGpqYWI5trguCl_zL\/view?usp=drive_link\"><br \/>Vagas Remanescentes FMACB 2024<br \/><\/a><br \/><iframe style=\"display: block; margin-left: auto; margin-right: auto; width: 640px; height: 1020px;\" src=\"https:\/\/www.grupomedcof.com.br\/blog\/wp-content\/plugins\/pdf-viewer-for-elementor\/assets\/pdfjs\/web\/viewer.html?file=https:\/\/www.grupomedcof.com.br\/blog\/wp-content\/uploads\/2024\/02\/vagas_remanescentes_especialidades_FMABC_2024_GrupoMedCof.pdf&amp;embedded=true\" frameborder=\"1\" marginwidth=\"0px\" marginheight=\"0px\" allowfullscreen=\"allowfullscreen\"><\/iframe><\/p>\n<p>Assim como o primeiro processo seletivo, este tamb\u00e9m aconteceu em duas fases: prova objetiva e an\u00e1lise curricular. Sendo assim, a aplica\u00e7\u00e3o da prova aconteceu no dia 27 de janeiro de 2024 e a realiza\u00e7\u00e3o da an\u00e1lise curricular aconteceu entre 5 e 8 de fevereiro.\u00a0<\/p>\n<p>Tanto o resultado final quanto a convoca\u00e7\u00e3o de matr\u00edculas aconteceu dia 19 de fevereiro de 2024.\u00a0<\/p>\n<h2><span class=\"ez-toc-section\" id=\"Nota_de_Corte_Residencia_Medica_2024_da_FMABC\"><\/span>Nota de Corte Resid\u00eancia M\u00e9dica 2024 da FMABC<span class=\"ez-toc-section-end\"><\/span><\/h2>\n<p>Confira as notas de corte da primeira chamada do Processo Seletivo para Resid\u00eancia M\u00e9dica 2024 da FMABC:<\/p>\n<p><a href=\"https:\/\/drive.google.com\/file\/d\/12qHHPh25IRwjPacLKaYyeOXm0KI8HyGR\/view?usp=drive_link\"><br \/>Nota de Corte FMABC 2024<br \/><\/a><br \/><iframe style=\"display: block; margin-left: auto; margin-right: auto; width: 640px; height: 1020px;\" src=\"https:\/\/www.grupomedcof.com.br\/blog\/wp-content\/plugins\/pdf-viewer-for-elementor\/assets\/pdfjs\/web\/viewer.html?file=https:\/\/www.grupomedcof.com.br\/blog\/wp-content\/uploads\/2024\/02\/notas_de_corte_FMABC_2024_GrupoMedCof.pdf&amp;embedded=true\" frameborder=\"1\" marginwidth=\"0px\" marginheight=\"0px\" allowfullscreen=\"allowfullscreen\"><\/iframe><\/p>\n<h2><span class=\"ez-toc-section\" id=\"O_metodo_da_sua_aprovacao\"><\/span><strong>O m\u00e9todo da sua aprova\u00e7\u00e3o<\/strong><span class=\"ez-toc-section-end\"><\/span><\/h2>\n<p>Voc\u00ea quer garantir sua aprova\u00e7\u00e3o ainda este ano? Ent\u00e3o conhe\u00e7a o Grupo Medcof e a metodologia que j\u00e1 aprovou\u00a0<a href=\"https:\/\/www.grupomedcof.com.br\/blog\/presenca-da-medcof-nas-aprovacoes-em-residencia-medica-no-brasil\/\"><strong>mais de 10<\/strong> <strong>mil<\/strong><\/a>\u00a0residentes pelo pa\u00eds. Confira a dica de como conquistar a aprova\u00e7\u00e3o em Neurocicurgia pela USP-RP:\u00a0<\/p>\n<p><iframe loading=\"lazy\" title=\"Como conquistar a aprova\u00e7\u00e3o em Neurocirurgia pela USP-RP - com Dr. Paulo Gabriel Thomaz - EP #01\" width=\"696\" height=\"392\" src=\"https:\/\/www.youtube.com\/embed\/b2at0bkcWm0?feature=oembed\" frameborder=\"0\" allow=\"accelerometer; autoplay; clipboard-write; encrypted-media; gyroscope; picture-in-picture; web-share\" referrerpolicy=\"strict-origin-when-cross-origin\" allowfullscreen><\/iframe><\/p>","protected":false},"excerpt":{"rendered":"<p>Inscri\u00e7\u00f5es, especialidades ofertadas, resultados e nota de corte: confira como foi o Processo Seletivo para Resid\u00eancia M\u00e9dica 2024 da FMABC.<\/p>\n","protected":false},"author":6,"featured_media":19309,"comment_status":"open","ping_status":"open","sticky":false,"template":"","format":"standard","meta":{"footnotes":""},"categories":[55,10,174],"tags":[93,117,980,979,981,68],"ppma_author":[3609],"class_list":{"0":"post-19305","1":"post","2":"type-post","3":"status-publish","4":"format-standard","5":"has-post-thumbnail","7":"category-carreira-medica","8":"category-raio-x-editais","9":"category-residencia-medica","10":"tag-especialidades-medicas","11":"tag-provas-de-residencia","12":"tag-raio-x-editais","13":"tag-raio-x-editais-2024","14":"tag-raio-x-residencia-medica","15":"tag-residencia-medica"},"yoast_head":"<!-- This site is optimized with the Yoast SEO Premium plugin v24.3 (Yoast SEO v27.4) - https:\/\/yoast.com\/product\/yoast-seo-premium-wordpress\/ -->\n<title>Confira como foi o Processo para Resid\u00eancia M\u00e9dica FMABC 2024 - Blog de Medcof: conte\u00fados, editais, revalida e mais!<\/title>\n<meta name=\"description\" content=\"Inscri\u00e7\u00f5es, vagas e especialidades ofertadas: confira como foi o Processo Seletivo para Resid\u00eancia M\u00e9dica 2024 da FMABC.\" \/>\n<meta name=\"robots\" content=\"index, follow, max-snippet:-1, max-image-preview:large, max-video-preview:-1\" \/>\n<link rel=\"canonical\" href=\"https:\/\/www.grupomedcof.com.br\/blog\/raio-x-residencia-medica-fmabc-2024\/\" \/>\n<meta property=\"og:locale\" content=\"pt_BR\" \/>\n<meta property=\"og:type\" content=\"article\" \/>\n<meta property=\"og:title\" content=\"Confira como foi o Processo para Resid\u00eancia M\u00e9dica FMABC 2024\" \/>\n<meta property=\"og:description\" content=\"Inscri\u00e7\u00f5es, vagas e especialidades ofertadas: confira como foi o Processo Seletivo para Resid\u00eancia M\u00e9dica 2024 da FMABC.\" \/>\n<meta property=\"og:url\" content=\"https:\/\/www.grupomedcof.com.br\/blog\/raio-x-residencia-medica-fmabc-2024\/\" \/>\n<meta property=\"og:site_name\" content=\"Blog de Medcof: conte\u00fados, editais, revalida e mais!\" \/>\n<meta property=\"article:publisher\" content=\"https:\/\/www.facebook.com\/MedCofQbank\/\" \/>\n<meta property=\"article:published_time\" content=\"2024-02-26T17:28:43+00:00\" \/>\n<meta property=\"article:modified_time\" content=\"2024-05-15T18:38:22+00:00\" \/>\n<meta property=\"og:image\" content=\"https:\/\/www.grupomedcof.com.br\/blog\/wp-content\/uploads\/2024\/02\/Blog-MedCof-2-1.jpg\" \/>\n\t<meta property=\"og:image:width\" content=\"1920\" \/>\n\t<meta property=\"og:image:height\" content=\"1080\" \/>\n\t<meta property=\"og:image:type\" content=\"image\/jpeg\" \/>\n<meta name=\"author\" content=\"J\u00falia Moreira\" \/>\n<meta name=\"twitter:card\" content=\"summary_large_image\" \/>\n<meta name=\"twitter:label1\" content=\"Escrito por\" \/>\n\t<meta name=\"twitter:data1\" content=\"J\u00falia Moreira\" \/>\n\t<meta name=\"twitter:label2\" content=\"Est. tempo de leitura\" \/>\n\t<meta name=\"twitter:data2\" content=\"4 minutos\" \/>\n<script type=\"application\/ld+json\" class=\"yoast-schema-graph\">{\"@context\":\"https:\\\/\\\/schema.org\",\"@graph\":[{\"@type\":\"Article\",\"@id\":\"https:\\\/\\\/www.grupomedcof.com.br\\\/blog\\\/raio-x-residencia-medica-fmabc-2024\\\/#article\",\"isPartOf\":{\"@id\":\"https:\\\/\\\/www.grupomedcof.com.br\\\/blog\\\/raio-x-residencia-medica-fmabc-2024\\\/\"},\"author\":{\"name\":\"J\u00falia Moreira\",\"@id\":\"https:\\\/\\\/www.grupomedcof.com.br\\\/blog\\\/#\\\/schema\\\/person\\\/1375e0ce724529d7a1d8156ea7f8ceaa\"},\"headline\":\"Confira como foi o Processo para Resid\u00eancia M\u00e9dica FMABC 2024\",\"datePublished\":\"2024-02-26T17:28:43+00:00\",\"dateModified\":\"2024-05-15T18:38:22+00:00\",\"mainEntityOfPage\":{\"@id\":\"https:\\\/\\\/www.grupomedcof.com.br\\\/blog\\\/raio-x-residencia-medica-fmabc-2024\\\/\"},\"wordCount\":673,\"commentCount\":0,\"publisher\":{\"@id\":\"https:\\\/\\\/www.grupomedcof.com.br\\\/blog\\\/#organization\"},\"image\":{\"@id\":\"https:\\\/\\\/www.grupomedcof.com.br\\\/blog\\\/raio-x-residencia-medica-fmabc-2024\\\/#primaryimage\"},\"thumbnailUrl\":\"https:\\\/\\\/www.grupomedcof.com.br\\\/blog\\\/wp-content\\\/uploads\\\/2024\\\/02\\\/Blog-MedCof-2-1.jpg\",\"keywords\":[\"Especialidades m\u00e9dicas\",\"Provas de Resid\u00eancia\",\"Raio-X Editais\",\"Raio-X Editais 2024\",\"Raio-X Resid\u00eancia M\u00e9dica\",\"Resid\u00eancia M\u00e9dica\"],\"articleSection\":[\"Carreira M\u00e9dica\",\"Raio-X Editais\",\"Resid\u00eancia m\u00e9dica: editais, resultados, temas quentes e mais\"],\"inLanguage\":\"pt-BR\"},{\"@type\":\"WebPage\",\"@id\":\"https:\\\/\\\/www.grupomedcof.com.br\\\/blog\\\/raio-x-residencia-medica-fmabc-2024\\\/\",\"url\":\"https:\\\/\\\/www.grupomedcof.com.br\\\/blog\\\/raio-x-residencia-medica-fmabc-2024\\\/\",\"name\":\"Confira como foi o Processo para Resid\u00eancia M\u00e9dica FMABC 2024 - Blog de Medcof: conte\u00fados, editais, revalida e mais!\",\"isPartOf\":{\"@id\":\"https:\\\/\\\/www.grupomedcof.com.br\\\/blog\\\/#website\"},\"primaryImageOfPage\":{\"@id\":\"https:\\\/\\\/www.grupomedcof.com.br\\\/blog\\\/raio-x-residencia-medica-fmabc-2024\\\/#primaryimage\"},\"image\":{\"@id\":\"https:\\\/\\\/www.grupomedcof.com.br\\\/blog\\\/raio-x-residencia-medica-fmabc-2024\\\/#primaryimage\"},\"thumbnailUrl\":\"https:\\\/\\\/www.grupomedcof.com.br\\\/blog\\\/wp-content\\\/uploads\\\/2024\\\/02\\\/Blog-MedCof-2-1.jpg\",\"datePublished\":\"2024-02-26T17:28:43+00:00\",\"dateModified\":\"2024-05-15T18:38:22+00:00\",\"description\":\"Inscri\u00e7\u00f5es, vagas e especialidades ofertadas: confira como foi o Processo Seletivo para Resid\u00eancia M\u00e9dica 2024 da FMABC.\",\"breadcrumb\":{\"@id\":\"https:\\\/\\\/www.grupomedcof.com.br\\\/blog\\\/raio-x-residencia-medica-fmabc-2024\\\/#breadcrumb\"},\"inLanguage\":\"pt-BR\",\"potentialAction\":[{\"@type\":\"ReadAction\",\"target\":[\"https:\\\/\\\/www.grupomedcof.com.br\\\/blog\\\/raio-x-residencia-medica-fmabc-2024\\\/\"]}]},{\"@type\":\"ImageObject\",\"inLanguage\":\"pt-BR\",\"@id\":\"https:\\\/\\\/www.grupomedcof.com.br\\\/blog\\\/raio-x-residencia-medica-fmabc-2024\\\/#primaryimage\",\"url\":\"https:\\\/\\\/www.grupomedcof.com.br\\\/blog\\\/wp-content\\\/uploads\\\/2024\\\/02\\\/Blog-MedCof-2-1.jpg\",\"contentUrl\":\"https:\\\/\\\/www.grupomedcof.com.br\\\/blog\\\/wp-content\\\/uploads\\\/2024\\\/02\\\/Blog-MedCof-2-1.jpg\",\"width\":1920,\"height\":1080},{\"@type\":\"BreadcrumbList\",\"@id\":\"https:\\\/\\\/www.grupomedcof.com.br\\\/blog\\\/raio-x-residencia-medica-fmabc-2024\\\/#breadcrumb\",\"itemListElement\":[{\"@type\":\"ListItem\",\"position\":1,\"name\":\"In\u00edcio\",\"item\":\"https:\\\/\\\/www.grupomedcof.com.br\\\/blog\\\/\"},{\"@type\":\"ListItem\",\"position\":2,\"name\":\"Confira como foi o Processo para Resid\u00eancia M\u00e9dica FMABC 2024\"}]},{\"@type\":\"WebSite\",\"@id\":\"https:\\\/\\\/www.grupomedcof.com.br\\\/blog\\\/#website\",\"url\":\"https:\\\/\\\/www.grupomedcof.com.br\\\/blog\\\/\",\"name\":\"Blog de Medcof: conte\u00fados, editais, revalida e mais!\",\"description\":\"Acesso o blog de MedCof! Seu portal de conte\u00fados sobre resid\u00eancia m\u00e9dica, an\u00e1lise e editais e muito mais. Clique e confira!\",\"publisher\":{\"@id\":\"https:\\\/\\\/www.grupomedcof.com.br\\\/blog\\\/#organization\"},\"alternateName\":\"Blog de Medcof: conte\u00fados, editais, revalida e mais!\",\"potentialAction\":[{\"@type\":\"SearchAction\",\"target\":{\"@type\":\"EntryPoint\",\"urlTemplate\":\"https:\\\/\\\/www.grupomedcof.com.br\\\/blog\\\/?s={search_term_string}\"},\"query-input\":{\"@type\":\"PropertyValueSpecification\",\"valueRequired\":true,\"valueName\":\"search_term_string\"}}],\"inLanguage\":\"pt-BR\"},{\"@type\":\"Organization\",\"@id\":\"https:\\\/\\\/www.grupomedcof.com.br\\\/blog\\\/#organization\",\"name\":\"Grupo MedCof\",\"url\":\"https:\\\/\\\/www.grupomedcof.com.br\\\/blog\\\/\",\"logo\":{\"@type\":\"ImageObject\",\"inLanguage\":\"pt-BR\",\"@id\":\"https:\\\/\\\/www.grupomedcof.com.br\\\/blog\\\/#\\\/schema\\\/logo\\\/image\\\/\",\"url\":\"https:\\\/\\\/www.grupomedcof.com.br\\\/blog\\\/wp-content\\\/uploads\\\/2022\\\/01\\\/logo-medcof.png\",\"contentUrl\":\"https:\\\/\\\/www.grupomedcof.com.br\\\/blog\\\/wp-content\\\/uploads\\\/2022\\\/01\\\/logo-medcof.png\",\"width\":768,\"height\":269,\"caption\":\"Grupo MedCof\"},\"image\":{\"@id\":\"https:\\\/\\\/www.grupomedcof.com.br\\\/blog\\\/#\\\/schema\\\/logo\\\/image\\\/\"},\"sameAs\":[\"https:\\\/\\\/www.facebook.com\\\/MedCofQbank\\\/\",\"https:\\\/\\\/www.instagram.com\\\/grupomedcof\\\/\",\"https:\\\/\\\/br.linkedin.com\\\/company\\\/medcof\",\"https:\\\/\\\/www.youtube.com\\\/channel\\\/UCdHMuOHKICxcHwecxN8P-AA\"]},{\"@type\":\"Person\",\"@id\":\"https:\\\/\\\/www.grupomedcof.com.br\\\/blog\\\/#\\\/schema\\\/person\\\/1375e0ce724529d7a1d8156ea7f8ceaa\",\"name\":\"J\u00falia Moreira\",\"image\":{\"@type\":\"ImageObject\",\"inLanguage\":\"pt-BR\",\"@id\":\"https:\\\/\\\/www.grupomedcof.com.br\\\/blog\\\/wp-content\\\/uploads\\\/2024\\\/12\\\/cropped-Captura-de-tela-2023-12-15-094946-96x96.png6a0083ac34a0445de97d55fae63a4a41\",\"url\":\"https:\\\/\\\/www.grupomedcof.com.br\\\/blog\\\/wp-content\\\/uploads\\\/2024\\\/12\\\/cropped-Captura-de-tela-2023-12-15-094946-96x96.png\",\"contentUrl\":\"https:\\\/\\\/www.grupomedcof.com.br\\\/blog\\\/wp-content\\\/uploads\\\/2024\\\/12\\\/cropped-Captura-de-tela-2023-12-15-094946-96x96.png\",\"caption\":\"J\u00falia Moreira\"},\"description\":\"Estudante do 8\u00ba semestre de Jornalismo na ECA-USP, f\u00e3 de filmes de terror e m\u00fasica popular sul-coreana.\",\"sameAs\":[\"https:\\\/\\\/www.grupomedcof.com.br\\\/\"],\"url\":\"https:\\\/\\\/www.grupomedcof.com.br\\\/blog\\\/author\\\/julia\\\/\"}]}<\/script>\n<!-- \/ Yoast SEO Premium plugin. -->","yoast_head_json":{"title":"Confira como foi o Processo para Resid\u00eancia M\u00e9dica FMABC 2024 - Blog de Medcof: conte\u00fados, editais, revalida e mais!","description":"Inscri\u00e7\u00f5es, vagas e especialidades ofertadas: confira como foi o Processo Seletivo para Resid\u00eancia M\u00e9dica 2024 da FMABC.","robots":{"index":"index","follow":"follow","max-snippet":"max-snippet:-1","max-image-preview":"max-image-preview:large","max-video-preview":"max-video-preview:-1"},"canonical":"https:\/\/www.grupomedcof.com.br\/blog\/raio-x-residencia-medica-fmabc-2024\/","og_locale":"pt_BR","og_type":"article","og_title":"Confira como foi o Processo para Resid\u00eancia M\u00e9dica FMABC 2024","og_description":"Inscri\u00e7\u00f5es, vagas e especialidades ofertadas: confira como foi o Processo Seletivo para Resid\u00eancia M\u00e9dica 2024 da FMABC.","og_url":"https:\/\/www.grupomedcof.com.br\/blog\/raio-x-residencia-medica-fmabc-2024\/","og_site_name":"Blog de Medcof: conte\u00fados, editais, revalida e mais!","article_publisher":"https:\/\/www.facebook.com\/MedCofQbank\/","article_published_time":"2024-02-26T17:28:43+00:00","article_modified_time":"2024-05-15T18:38:22+00:00","og_image":[{"width":1920,"height":1080,"url":"https:\/\/www.grupomedcof.com.br\/blog\/wp-content\/uploads\/2024\/02\/Blog-MedCof-2-1.jpg","type":"image\/jpeg"}],"author":"J\u00falia Moreira","twitter_card":"summary_large_image","twitter_misc":{"Escrito por":"J\u00falia Moreira","Est. tempo de leitura":"4 minutos"},"schema":{"@context":"https:\/\/schema.org","@graph":[{"@type":"Article","@id":"https:\/\/www.grupomedcof.com.br\/blog\/raio-x-residencia-medica-fmabc-2024\/#article","isPartOf":{"@id":"https:\/\/www.grupomedcof.com.br\/blog\/raio-x-residencia-medica-fmabc-2024\/"},"author":{"name":"J\u00falia Moreira","@id":"https:\/\/www.grupomedcof.com.br\/blog\/#\/schema\/person\/1375e0ce724529d7a1d8156ea7f8ceaa"},"headline":"Confira como foi o Processo para Resid\u00eancia M\u00e9dica FMABC 2024","datePublished":"2024-02-26T17:28:43+00:00","dateModified":"2024-05-15T18:38:22+00:00","mainEntityOfPage":{"@id":"https:\/\/www.grupomedcof.com.br\/blog\/raio-x-residencia-medica-fmabc-2024\/"},"wordCount":673,"commentCount":0,"publisher":{"@id":"https:\/\/www.grupomedcof.com.br\/blog\/#organization"},"image":{"@id":"https:\/\/www.grupomedcof.com.br\/blog\/raio-x-residencia-medica-fmabc-2024\/#primaryimage"},"thumbnailUrl":"https:\/\/www.grupomedcof.com.br\/blog\/wp-content\/uploads\/2024\/02\/Blog-MedCof-2-1.jpg","keywords":["Especialidades m\u00e9dicas","Provas de Resid\u00eancia","Raio-X Editais","Raio-X Editais 2024","Raio-X Resid\u00eancia M\u00e9dica","Resid\u00eancia M\u00e9dica"],"articleSection":["Carreira M\u00e9dica","Raio-X Editais","Resid\u00eancia m\u00e9dica: editais, resultados, temas quentes e mais"],"inLanguage":"pt-BR"},{"@type":"WebPage","@id":"https:\/\/www.grupomedcof.com.br\/blog\/raio-x-residencia-medica-fmabc-2024\/","url":"https:\/\/www.grupomedcof.com.br\/blog\/raio-x-residencia-medica-fmabc-2024\/","name":"Confira como foi o Processo para Resid\u00eancia M\u00e9dica FMABC 2024 - Blog de Medcof: conte\u00fados, editais, revalida e mais!","isPartOf":{"@id":"https:\/\/www.grupomedcof.com.br\/blog\/#website"},"primaryImageOfPage":{"@id":"https:\/\/www.grupomedcof.com.br\/blog\/raio-x-residencia-medica-fmabc-2024\/#primaryimage"},"image":{"@id":"https:\/\/www.grupomedcof.com.br\/blog\/raio-x-residencia-medica-fmabc-2024\/#primaryimage"},"thumbnailUrl":"https:\/\/www.grupomedcof.com.br\/blog\/wp-content\/uploads\/2024\/02\/Blog-MedCof-2-1.jpg","datePublished":"2024-02-26T17:28:43+00:00","dateModified":"2024-05-15T18:38:22+00:00","description":"Inscri\u00e7\u00f5es, vagas e especialidades ofertadas: confira como foi o Processo Seletivo para Resid\u00eancia M\u00e9dica 2024 da FMABC.","breadcrumb":{"@id":"https:\/\/www.grupomedcof.com.br\/blog\/raio-x-residencia-medica-fmabc-2024\/#breadcrumb"},"inLanguage":"pt-BR","potentialAction":[{"@type":"ReadAction","target":["https:\/\/www.grupomedcof.com.br\/blog\/raio-x-residencia-medica-fmabc-2024\/"]}]},{"@type":"ImageObject","inLanguage":"pt-BR","@id":"https:\/\/www.grupomedcof.com.br\/blog\/raio-x-residencia-medica-fmabc-2024\/#primaryimage","url":"https:\/\/www.grupomedcof.com.br\/blog\/wp-content\/uploads\/2024\/02\/Blog-MedCof-2-1.jpg","contentUrl":"https:\/\/www.grupomedcof.com.br\/blog\/wp-content\/uploads\/2024\/02\/Blog-MedCof-2-1.jpg","width":1920,"height":1080},{"@type":"BreadcrumbList","@id":"https:\/\/www.grupomedcof.com.br\/blog\/raio-x-residencia-medica-fmabc-2024\/#breadcrumb","itemListElement":[{"@type":"ListItem","position":1,"name":"In\u00edcio","item":"https:\/\/www.grupomedcof.com.br\/blog\/"},{"@type":"ListItem","position":2,"name":"Confira como foi o Processo para Resid\u00eancia M\u00e9dica FMABC 2024"}]},{"@type":"WebSite","@id":"https:\/\/www.grupomedcof.com.br\/blog\/#website","url":"https:\/\/www.grupomedcof.com.br\/blog\/","name":"Blog de Medcof: conte\u00fados, editais, revalida e mais!","description":"Acesso o blog de MedCof! Seu portal de conte\u00fados sobre resid\u00eancia m\u00e9dica, an\u00e1lise e editais e muito mais. Clique e confira!","publisher":{"@id":"https:\/\/www.grupomedcof.com.br\/blog\/#organization"},"alternateName":"Blog de Medcof: conte\u00fados, editais, revalida e mais!","potentialAction":[{"@type":"SearchAction","target":{"@type":"EntryPoint","urlTemplate":"https:\/\/www.grupomedcof.com.br\/blog\/?s={search_term_string}"},"query-input":{"@type":"PropertyValueSpecification","valueRequired":true,"valueName":"search_term_string"}}],"inLanguage":"pt-BR"},{"@type":"Organization","@id":"https:\/\/www.grupomedcof.com.br\/blog\/#organization","name":"Grupo MedCof","url":"https:\/\/www.grupomedcof.com.br\/blog\/","logo":{"@type":"ImageObject","inLanguage":"pt-BR","@id":"https:\/\/www.grupomedcof.com.br\/blog\/#\/schema\/logo\/image\/","url":"https:\/\/www.grupomedcof.com.br\/blog\/wp-content\/uploads\/2022\/01\/logo-medcof.png","contentUrl":"https:\/\/www.grupomedcof.com.br\/blog\/wp-content\/uploads\/2022\/01\/logo-medcof.png","width":768,"height":269,"caption":"Grupo MedCof"},"image":{"@id":"https:\/\/www.grupomedcof.com.br\/blog\/#\/schema\/logo\/image\/"},"sameAs":["https:\/\/www.facebook.com\/MedCofQbank\/","https:\/\/www.instagram.com\/grupomedcof\/","https:\/\/br.linkedin.com\/company\/medcof","https:\/\/www.youtube.com\/channel\/UCdHMuOHKICxcHwecxN8P-AA"]},{"@type":"Person","@id":"https:\/\/www.grupomedcof.com.br\/blog\/#\/schema\/person\/1375e0ce724529d7a1d8156ea7f8ceaa","name":"J\u00falia Moreira","image":{"@type":"ImageObject","inLanguage":"pt-BR","@id":"https:\/\/www.grupomedcof.com.br\/blog\/wp-content\/uploads\/2024\/12\/cropped-Captura-de-tela-2023-12-15-094946-96x96.png6a0083ac34a0445de97d55fae63a4a41","url":"https:\/\/www.grupomedcof.com.br\/blog\/wp-content\/uploads\/2024\/12\/cropped-Captura-de-tela-2023-12-15-094946-96x96.png","contentUrl":"https:\/\/www.grupomedcof.com.br\/blog\/wp-content\/uploads\/2024\/12\/cropped-Captura-de-tela-2023-12-15-094946-96x96.png","caption":"J\u00falia Moreira"},"description":"Estudante do 8\u00ba semestre de Jornalismo na ECA-USP, f\u00e3 de filmes de terror e m\u00fasica popular sul-coreana.","sameAs":["https:\/\/www.grupomedcof.com.br\/"],"url":"https:\/\/www.grupomedcof.com.br\/blog\/author\/julia\/"}]}},"authors":[{"term_id":3609,"user_id":6,"is_guest":0,"slug":"julia","display_name":"J\u00falia Moreira","avatar_url":"https:\/\/www.grupomedcof.com.br\/blog\/wp-content\/uploads\/2024\/12\/cropped-Captura-de-tela-2023-12-15-094946-96x96.png","0":null,"1":"","2":"","3":"","4":"","5":"","6":"","7":"","8":""}],"_links":{"self":[{"href":"https:\/\/www.grupomedcof.com.br\/blog\/wp-json\/wp\/v2\/posts\/19305","targetHints":{"allow":["GET"]}}],"collection":[{"href":"https:\/\/www.grupomedcof.com.br\/blog\/wp-json\/wp\/v2\/posts"}],"about":[{"href":"https:\/\/www.grupomedcof.com.br\/blog\/wp-json\/wp\/v2\/types\/post"}],"author":[{"embeddable":true,"href":"https:\/\/www.grupomedcof.com.br\/blog\/wp-json\/wp\/v2\/users\/6"}],"replies":[{"embeddable":true,"href":"https:\/\/www.grupomedcof.com.br\/blog\/wp-json\/wp\/v2\/comments?post=19305"}],"version-history":[{"count":0,"href":"https:\/\/www.grupomedcof.com.br\/blog\/wp-json\/wp\/v2\/posts\/19305\/revisions"}],"wp:featuredmedia":[{"embeddable":true,"href":"https:\/\/www.grupomedcof.com.br\/blog\/wp-json\/wp\/v2\/media\/19309"}],"wp:attachment":[{"href":"https:\/\/www.grupomedcof.com.br\/blog\/wp-json\/wp\/v2\/media?parent=19305"}],"wp:term":[{"taxonomy":"category","embeddable":true,"href":"https:\/\/www.grupomedcof.com.br\/blog\/wp-json\/wp\/v2\/categories?post=19305"},{"taxonomy":"post_tag","embeddable":true,"href":"https:\/\/www.grupomedcof.com.br\/blog\/wp-json\/wp\/v2\/tags?post=19305"},{"taxonomy":"author","embeddable":true,"href":"https:\/\/www.grupomedcof.com.br\/blog\/wp-json\/wp\/v2\/ppma_author?post=19305"}],"curies":[{"name":"wp","href":"https:\/\/api.w.org\/{rel}","templated":true}]}}