{"id":19364,"date":"2024-02-26T14:15:05","date_gmt":"2024-02-26T17:15:05","guid":{"rendered":"https:\/\/www.grupomedcof.com.br\/blog\/?p=19364"},"modified":"2026-04-24T16:07:07","modified_gmt":"2026-04-24T19:07:07","slug":"violencia-na-infancia-aprenda-a-identificar","status":"publish","type":"post","link":"https:\/\/www.grupomedcof.com.br\/blog\/violencia-na-infancia-aprenda-a-identificar\/","title":{"rendered":"Viol\u00eancia na inf\u00e2ncia: como o profissional de sa\u00fade pode identificar"},"content":{"rendered":"<div id=\"ez-toc-container\" class=\"ez-toc-v2_0_74 counter-hierarchy ez-toc-counter ez-toc-transparent ez-toc-container-direction\">\n<div class=\"ez-toc-title-container\">\n<p class=\"ez-toc-title\" style=\"cursor:inherit\">Sum\u00e1rio<\/p>\n<span class=\"ez-toc-title-toggle\"><a href=\"#\" class=\"ez-toc-pull-right ez-toc-btn ez-toc-btn-xs ez-toc-btn-default ez-toc-toggle\" aria-label=\"Alternar tabela de conte\u00fado\"><span class=\"ez-toc-js-icon-con\"><span class=\"\"><span class=\"eztoc-hide\" style=\"display:none;\">Toggle<\/span><span class=\"ez-toc-icon-toggle-span\"><svg style=\"fill: #999;color:#999\" xmlns=\"http:\/\/www.w3.org\/2000\/svg\" class=\"list-377408\" width=\"20px\" height=\"20px\" viewBox=\"0 0 24 24\" fill=\"none\"><path d=\"M6 6H4v2h2V6zm14 0H8v2h12V6zM4 11h2v2H4v-2zm16 0H8v2h12v-2zM4 16h2v2H4v-2zm16 0H8v2h12v-2z\" fill=\"currentColor\"><\/path><\/svg><svg style=\"fill: #999;color:#999\" class=\"arrow-unsorted-368013\" xmlns=\"http:\/\/www.w3.org\/2000\/svg\" width=\"10px\" height=\"10px\" viewBox=\"0 0 24 24\" version=\"1.2\" baseProfile=\"tiny\"><path d=\"M18.2 9.3l-6.2-6.3-6.2 6.3c-.2.2-.3.4-.3.7s.1.5.3.7c.2.2.4.3.7.3h11c.3 0 .5-.1.7-.3.2-.2.3-.5.3-.7s-.1-.5-.3-.7zM5.8 14.7l6.2 6.3 6.2-6.3c.2-.2.3-.5.3-.7s-.1-.5-.3-.7c-.2-.2-.4-.3-.7-.3h-11c-.3 0-.5.1-.7.3-.2.2-.3.5-.3.7s.1.5.3.7z\"\/><\/svg><\/span><\/span><\/span><\/a><\/span><\/div>\n<nav><ul class='ez-toc-list ez-toc-list-level-1 ' ><li class='ez-toc-page-1 ez-toc-heading-level-2'><a class=\"ez-toc-link ez-toc-heading-1\" href=\"https:\/\/www.grupomedcof.com.br\/blog\/violencia-na-infancia-aprenda-a-identificar\/#O_que_e_considerado_violencia_na_infancia\" >O que \u00e9 considerado viol\u00eancia na inf\u00e2ncia?<\/a><\/li><li class='ez-toc-page-1 ez-toc-heading-level-2'><a class=\"ez-toc-link ez-toc-heading-2\" href=\"https:\/\/www.grupomedcof.com.br\/blog\/violencia-na-infancia-aprenda-a-identificar\/#Quais_sao_os_sinais_de_que_a_crianca_esta_sofrendo_violencia\" >Quais s\u00e3o os sinais de que a crian\u00e7a est\u00e1 sofrendo viol\u00eancia?<\/a><\/li><li class='ez-toc-page-1 ez-toc-heading-level-2'><a class=\"ez-toc-link ez-toc-heading-3\" href=\"https:\/\/www.grupomedcof.com.br\/blog\/violencia-na-infancia-aprenda-a-identificar\/#O_papel_do_profissional_de_saude\" >O papel do profissional de sa\u00fade<\/a><\/li><li class='ez-toc-page-1 ez-toc-heading-level-2'><a class=\"ez-toc-link ez-toc-heading-4\" href=\"https:\/\/www.grupomedcof.com.br\/blog\/violencia-na-infancia-aprenda-a-identificar\/#Seja_um_MedCofer\" >Seja um MedCofer!<\/a><\/li><\/ul><\/nav><\/div>\n\n<figure class=\"wp-block-image\"><img decoding=\"async\" src=\"https:\/\/www.grupomedcof.com.br\/blog\/wp-content\/uploads\/2024\/02\/Blog-MedCof-9-1024x576.png\" alt=\"Qual o papel do profissional de sa\u00fade na identifica\u00e7\u00e3o de abuso em crian\u00e7as\"\/><\/figure>\n\n\n\n<p>Entenda a import\u00e2ncia de reconhecer os sinais de <strong>viol\u00eancia infantil<\/strong> e como os profissionais da sa\u00fade podem e devem desempenhar um papel essencial na prote\u00e7\u00e3o das crian\u00e7as vulner\u00e1veis.<\/p>\n\n\n\n<p>Em todo o mundo, crian\u00e7as sofrem abusos e neglig\u00eancia diariamente. Sendo assim, profissionais de sa\u00fade desempenham papel cr\u00edtico na identifica\u00e7\u00e3o e interven\u00e7\u00e3o em casos de viol\u00eancia na inf\u00e2ncia.<\/p>\n\n\n\n<h2 class=\"wp-block-heading\" id=\"h-o-que-e-considerado-violencia-na-infancia\"><span class=\"ez-toc-section\" id=\"O_que_e_considerado_violencia_na_infancia\"><\/span><strong>O que \u00e9 considerado viol\u00eancia na inf\u00e2ncia?<\/strong><span class=\"ez-toc-section-end\"><\/span><\/h2>\n\n\n\n<p>A viol\u00eancia na inf\u00e2ncia engloba qualquer ato ou omiss\u00e3o que cause dano f\u00edsico, emocional, sexual ou psicol\u00f3gico a uma crian\u00e7a, podendo assumir diversas formas e manifesta\u00e7\u00f5es. Por isso, a viol\u00eancia afeta o bem-estar e o desenvolvimento saud\u00e1vel das crian\u00e7as.&nbsp;<\/p>\n\n\n\n<p>Sendo assim, ao tratar sobre viol\u00eancia na inf\u00e2ncia, pode-se abordar:<\/p>\n\n\n\n<ul class=\"wp-block-list\">\n<li><strong>Abuso F\u00edsico:<\/strong> quando acontece a utiliza\u00e7\u00e3o de for\u00e7a f\u00edsica para infligir dano \u00e0 crian\u00e7a.<\/li>\n\n\n\n<li><strong>Abuso Emocional ou Psicol\u00f3gico: <\/strong>qualquer forma de tratamento que cause trauma emocional ou afete negativamente a autoestima da crian\u00e7a.<\/li>\n\n\n\n<li><strong>Abuso Sexual:<\/strong> qualquer forma de explora\u00e7\u00e3o sexual, seja por meio de contato f\u00edsico, exposi\u00e7\u00e3o a conte\u00fado sexualmente expl\u00edcito ou coer\u00e7\u00e3o sexual.<\/li>\n\n\n\n<li><strong>Neglig\u00eancia:<\/strong> neglig\u00eancia \u00e0s necessidades b\u00e1sicas da crian\u00e7a, como alimenta\u00e7\u00e3o, abrigo, cuidados m\u00e9dicos, educa\u00e7\u00e3o e supervis\u00e3o.<\/li>\n\n\n\n<li><strong>Viol\u00eancia entre Pares: <\/strong>comportamentos agressivos, bullying, cyberbullying ou qualquer forma de viol\u00eancia perpetrada por colegas.<\/li>\n\n\n\n<li><strong>Testemunho de Viol\u00eancia Dom\u00e9stica: <\/strong>exposi\u00e7\u00e3o a viol\u00eancia entre adultos em seu ambiente familiar.<\/li>\n<\/ul>\n\n\n\n<h2 class=\"wp-block-heading\" id=\"h-quais-sao-os-sinais-de-que-a-crianca-esta-sofrendo-violencia\"><span class=\"ez-toc-section\" id=\"Quais_sao_os_sinais_de_que_a_crianca_esta_sofrendo_violencia\"><\/span><strong>Quais s\u00e3o os sinais de que a crian\u00e7a est\u00e1 sofrendo viol\u00eancia?<\/strong><span class=\"ez-toc-section-end\"><\/span><\/h2>\n\n\n\n<p>O primeiro sinal trata-se de mudan\u00e7as<strong> repentinas de comportamento.<\/strong> Isso porque crian\u00e7as expostas \u00e0 viol\u00eancia podem se tornar retra\u00eddas, agressivas ou deprimidas.<\/p>\n\n\n\n<p>Al\u00e9m disso, a observa\u00e7\u00e3o de <strong>les\u00f5es f\u00edsicas inexplic\u00e1veis <\/strong>tamb\u00e9m podem ser um forte ind\u00edcio de que algu\u00e9m est\u00e1 agredindo ou abusando daquela crian\u00e7a.&nbsp;<\/p>\n\n\n\n<p>Em terceiro lugar, crian\u00e7as que est\u00e3o sendo abusadas podem apresentar um<strong> atraso no desenvolvimento <\/strong>ou at\u00e9 regress\u00e3o de habilidades j\u00e1 adquiridas.&nbsp;<\/p>\n\n\n\n<p>Por fim, um <strong>comportamento sexual inadequado <\/strong>ou comportamento sexualmente provocativo inadequado para a idade tamb\u00e9m \u00e9 um forte ind\u00edcio de que a crian\u00e7a est\u00e1 sendo abusada.&nbsp;<\/p>\n\n\n\n<h2 class=\"wp-block-heading\" id=\"h-o-papel-do-profissional-de-saude\"><span class=\"ez-toc-section\" id=\"O_papel_do_profissional_de_saude\"><\/span><strong>O papel do profissional de sa\u00fade<\/strong><span class=\"ez-toc-section-end\"><\/span><\/h2>\n\n\n\n<p>O olhar cauteloso do profissional junto com seus conhecimentos podem ajudar a identificar situa\u00e7\u00f5es de viol\u00eancia em crian\u00e7as. Dessa forma, pode-se iniciar os tratamentos adequados de forma antecipada e at\u00e9 possibilita a realiza\u00e7\u00e3o pr\u00e9via de interven\u00e7\u00f5es externas para prote\u00e7\u00e3o da crian\u00e7a.<\/p>\n\n\n\n<p>Entre as atitudes que o profissional de sa\u00fade pode tomar para identificar esses casos, est\u00e3o:<\/p>\n\n\n\n<ul class=\"wp-block-list\">\n<li><strong>Treinamento Adequado:<\/strong> habilidade para identifica\u00e7\u00e3o de sinais de viol\u00eancia infantil e procedimentos apropriados para relatar casos suspeitos.<\/li>\n\n\n\n<li><strong>Escuta Ativa:<\/strong> criar um ambiente acolhedor para a crian\u00e7a e os pais, encorajando a comunica\u00e7\u00e3o aberta e honesta.<\/li>\n\n\n\n<li><strong>Registro Detalhado: <\/strong>\u00a0mantenha registros precisos e detalhados, em prontu\u00e1rio, de les\u00f5es ou comportamentos preocupantes.<\/li>\n\n\n\n<li><strong>Relato apropriado: <\/strong>na suspeita de viol\u00eancia contra uma crian\u00e7a, \u00e9 de responsabilidade do profissional relatar o caso \u00e0s autoridades ou ao departamento de prote\u00e7\u00e3o \u00e0 crian\u00e7a em sua regi\u00e3o.<\/li>\n\n\n\n<li><strong>Interven\u00e7\u00e3o Multidisciplinar:<\/strong> trabalhe em conjunto com outros profissionais da \u00e1rea de sa\u00fade, assistentes sociais e psic\u00f3logos para garantir uma resolu\u00e7\u00e3o adequada do caso.<\/li>\n<\/ul>\n\n\n\n<h2 class=\"wp-block-heading\" id=\"conquiste-a-aprova\u00e7\u00e3o\"><span class=\"ez-toc-section\" id=\"Seja_um_MedCofer\"><\/span><strong>Seja um MedCofer!<\/strong><span class=\"ez-toc-section-end\"><\/span><\/h2>\n\n\n\n<p>Quer garantir a sua aprova\u00e7\u00e3o nas provas de resid\u00eancia m\u00e9dica? Ent\u00e3o conhe\u00e7a o&nbsp;<strong>Grupo MedCof&nbsp;<\/strong>e a&nbsp;<a href=\"https:\/\/www.grupomedcof.com.br\/home\/\"><strong>metodologia<\/strong><\/a>&nbsp;que j\u00e1 aprovou<a href=\"https:\/\/www.grupomedcof.com.br\/blog\/presenca-da-medcof-nas-aprovacoes-em-residencia-medica-no-brasil\/\">&nbsp;<strong>mais de 10 mil residentes<\/strong>&nbsp;<\/a>pelo pa\u00eds!<\/p>\n\n\n\n<figure class=\"wp-block-embed is-type-video is-provider-youtube wp-block-embed-youtube wp-embed-aspect-16-9 wp-has-aspect-ratio\"><div class=\"wp-block-embed__wrapper\">\n<div class=\"youtube-embed\" data-video_id=\"TWl9173AmMM\"><iframe loading=\"lazy\" title=\"De volta para o HIIT: A jornada de quem acreditava que j\u00e1 era tarde.\" width=\"696\" height=\"392\" src=\"https:\/\/www.youtube.com\/embed\/TWl9173AmMM?feature=oembed&#038;enablejsapi=1\" frameborder=\"0\" allow=\"accelerometer; autoplay; clipboard-write; encrypted-media; gyroscope; picture-in-picture; web-share\" referrerpolicy=\"strict-origin-when-cross-origin\" allowfullscreen><\/iframe><\/div>\n<\/div><\/figure>\n","protected":false},"excerpt":{"rendered":"<p>A viol\u00eancia na inf\u00e2ncia engloba qualquer ato ou omiss\u00e3o que cause dano f\u00edsico, emocional, sexual ou psicol\u00f3gico a uma crian\u00e7a, podendo assumir diversas formas e manifesta\u00e7\u00f5es.<\/p>\n","protected":false},"author":10,"featured_media":19365,"comment_status":"open","ping_status":"open","sticky":false,"template":"","format":"standard","meta":{"footnotes":""},"categories":[115,120],"tags":[3020,982],"ppma_author":[3613],"class_list":{"0":"post-19364","1":"post","2":"type-post","3":"status-publish","4":"format-standard","5":"has-post-thumbnail","7":"category-clinica-medica","8":"category-pediatria","9":"tag-revisado-por-camilla-castro","10":"tag-violencia-infantil"},"yoast_head":"<!-- This site is optimized with the Yoast SEO Premium plugin v24.3 (Yoast SEO v27.4) - https:\/\/yoast.com\/product\/yoast-seo-premium-wordpress\/ -->\n<title>Viol\u00eancia na Inf\u00e2ncia: Como Identificar na Sa\u00fade | Medcof<\/title>\n<meta name=\"description\" content=\"A viol\u00eancia na inf\u00e2ncia engloba qualquer ato ou omiss\u00e3o que cause dano f\u00edsico, emocional, sexual ou psicol\u00f3gico a uma crian\u00e7a...\" \/>\n<meta name=\"robots\" content=\"index, follow, max-snippet:-1, max-image-preview:large, max-video-preview:-1\" \/>\n<link rel=\"canonical\" href=\"https:\/\/www.grupomedcof.com.br\/blog\/violencia-na-infancia-aprenda-a-identificar\/\" \/>\n<meta property=\"og:locale\" content=\"pt_BR\" \/>\n<meta property=\"og:type\" content=\"article\" \/>\n<meta property=\"og:title\" content=\"Viol\u00eancia na inf\u00e2ncia: como o profissional de sa\u00fade pode identificar\" \/>\n<meta property=\"og:description\" content=\"A viol\u00eancia na inf\u00e2ncia engloba qualquer ato ou omiss\u00e3o que cause dano f\u00edsico, emocional, sexual ou psicol\u00f3gico a uma crian\u00e7a...\" \/>\n<meta property=\"og:url\" content=\"https:\/\/www.grupomedcof.com.br\/blog\/violencia-na-infancia-aprenda-a-identificar\/\" \/>\n<meta property=\"og:site_name\" content=\"Blog de Medcof: conte\u00fados, editais, revalida e mais!\" \/>\n<meta property=\"article:publisher\" content=\"https:\/\/www.facebook.com\/MedCofQbank\/\" \/>\n<meta property=\"article:published_time\" content=\"2024-02-26T17:15:05+00:00\" \/>\n<meta property=\"article:modified_time\" content=\"2026-04-24T19:07:07+00:00\" \/>\n<meta property=\"og:image\" content=\"https:\/\/www.grupomedcof.com.br\/blog\/wp-content\/uploads\/2024\/02\/Blog-MedCof-9.png\" \/>\n\t<meta property=\"og:image:width\" content=\"1920\" \/>\n\t<meta property=\"og:image:height\" content=\"1080\" \/>\n\t<meta property=\"og:image:type\" content=\"image\/png\" \/>\n<meta name=\"author\" content=\"Grupo MedCof\" \/>\n<meta name=\"twitter:card\" content=\"summary_large_image\" \/>\n<meta name=\"twitter:label1\" content=\"Escrito por\" \/>\n\t<meta name=\"twitter:data1\" content=\"Grupo MedCof\" \/>\n\t<meta name=\"twitter:label2\" content=\"Est. tempo de leitura\" \/>\n\t<meta name=\"twitter:data2\" content=\"4 minutos\" \/>\n<script type=\"application\/ld+json\" class=\"yoast-schema-graph\">{\"@context\":\"https:\\\/\\\/schema.org\",\"@graph\":[{\"@type\":\"Article\",\"@id\":\"https:\\\/\\\/www.grupomedcof.com.br\\\/blog\\\/violencia-na-infancia-aprenda-a-identificar\\\/#article\",\"isPartOf\":{\"@id\":\"https:\\\/\\\/www.grupomedcof.com.br\\\/blog\\\/violencia-na-infancia-aprenda-a-identificar\\\/\"},\"author\":{\"name\":\"Grupo MedCof\",\"@id\":\"https:\\\/\\\/www.grupomedcof.com.br\\\/blog\\\/#\\\/schema\\\/person\\\/5e56a3921255c01181f3d8c20d53f9c0\"},\"headline\":\"Viol\u00eancia na inf\u00e2ncia: como o profissional de sa\u00fade pode identificar\",\"datePublished\":\"2024-02-26T17:15:05+00:00\",\"dateModified\":\"2026-04-24T19:07:07+00:00\",\"mainEntityOfPage\":{\"@id\":\"https:\\\/\\\/www.grupomedcof.com.br\\\/blog\\\/violencia-na-infancia-aprenda-a-identificar\\\/\"},\"wordCount\":639,\"commentCount\":0,\"publisher\":{\"@id\":\"https:\\\/\\\/www.grupomedcof.com.br\\\/blog\\\/#organization\"},\"image\":{\"@id\":\"https:\\\/\\\/www.grupomedcof.com.br\\\/blog\\\/violencia-na-infancia-aprenda-a-identificar\\\/#primaryimage\"},\"thumbnailUrl\":\"https:\\\/\\\/www.grupomedcof.com.br\\\/blog\\\/wp-content\\\/uploads\\\/2024\\\/02\\\/Blog-MedCof-9.png\",\"keywords\":[\"Revisado por: Camilla Castro\",\"Viol\u00eancia infantil\"],\"articleSection\":[\"Cl\u00ednica M\u00e9dica\",\"Pediatria\"],\"inLanguage\":\"pt-BR\"},{\"@type\":\"WebPage\",\"@id\":\"https:\\\/\\\/www.grupomedcof.com.br\\\/blog\\\/violencia-na-infancia-aprenda-a-identificar\\\/\",\"url\":\"https:\\\/\\\/www.grupomedcof.com.br\\\/blog\\\/violencia-na-infancia-aprenda-a-identificar\\\/\",\"name\":\"Viol\u00eancia na Inf\u00e2ncia: Como Identificar na Sa\u00fade | Medcof\",\"isPartOf\":{\"@id\":\"https:\\\/\\\/www.grupomedcof.com.br\\\/blog\\\/#website\"},\"primaryImageOfPage\":{\"@id\":\"https:\\\/\\\/www.grupomedcof.com.br\\\/blog\\\/violencia-na-infancia-aprenda-a-identificar\\\/#primaryimage\"},\"image\":{\"@id\":\"https:\\\/\\\/www.grupomedcof.com.br\\\/blog\\\/violencia-na-infancia-aprenda-a-identificar\\\/#primaryimage\"},\"thumbnailUrl\":\"https:\\\/\\\/www.grupomedcof.com.br\\\/blog\\\/wp-content\\\/uploads\\\/2024\\\/02\\\/Blog-MedCof-9.png\",\"datePublished\":\"2024-02-26T17:15:05+00:00\",\"dateModified\":\"2026-04-24T19:07:07+00:00\",\"description\":\"A viol\u00eancia na inf\u00e2ncia engloba qualquer ato ou omiss\u00e3o que cause dano f\u00edsico, emocional, sexual ou psicol\u00f3gico a uma crian\u00e7a...\",\"breadcrumb\":{\"@id\":\"https:\\\/\\\/www.grupomedcof.com.br\\\/blog\\\/violencia-na-infancia-aprenda-a-identificar\\\/#breadcrumb\"},\"inLanguage\":\"pt-BR\",\"potentialAction\":[{\"@type\":\"ReadAction\",\"target\":[\"https:\\\/\\\/www.grupomedcof.com.br\\\/blog\\\/violencia-na-infancia-aprenda-a-identificar\\\/\"]}]},{\"@type\":\"ImageObject\",\"inLanguage\":\"pt-BR\",\"@id\":\"https:\\\/\\\/www.grupomedcof.com.br\\\/blog\\\/violencia-na-infancia-aprenda-a-identificar\\\/#primaryimage\",\"url\":\"https:\\\/\\\/www.grupomedcof.com.br\\\/blog\\\/wp-content\\\/uploads\\\/2024\\\/02\\\/Blog-MedCof-9.png\",\"contentUrl\":\"https:\\\/\\\/www.grupomedcof.com.br\\\/blog\\\/wp-content\\\/uploads\\\/2024\\\/02\\\/Blog-MedCof-9.png\",\"width\":1920,\"height\":1080,\"caption\":\"Qual o papel do profissional de sa\u00fade na identifica\u00e7\u00e3o de viol\u00eancia em crian\u00e7as\"},{\"@type\":\"BreadcrumbList\",\"@id\":\"https:\\\/\\\/www.grupomedcof.com.br\\\/blog\\\/violencia-na-infancia-aprenda-a-identificar\\\/#breadcrumb\",\"itemListElement\":[{\"@type\":\"ListItem\",\"position\":1,\"name\":\"In\u00edcio\",\"item\":\"https:\\\/\\\/www.grupomedcof.com.br\\\/blog\\\/\"},{\"@type\":\"ListItem\",\"position\":2,\"name\":\"Viol\u00eancia na inf\u00e2ncia: como o profissional de sa\u00fade pode identificar\"}]},{\"@type\":\"WebSite\",\"@id\":\"https:\\\/\\\/www.grupomedcof.com.br\\\/blog\\\/#website\",\"url\":\"https:\\\/\\\/www.grupomedcof.com.br\\\/blog\\\/\",\"name\":\"Blog de Medcof: conte\u00fados, editais, revalida e mais!\",\"description\":\"Acesso o blog de MedCof! Seu portal de conte\u00fados sobre resid\u00eancia m\u00e9dica, an\u00e1lise e editais e muito mais. Clique e confira!\",\"publisher\":{\"@id\":\"https:\\\/\\\/www.grupomedcof.com.br\\\/blog\\\/#organization\"},\"alternateName\":\"Blog de Medcof: conte\u00fados, editais, revalida e mais!\",\"potentialAction\":[{\"@type\":\"SearchAction\",\"target\":{\"@type\":\"EntryPoint\",\"urlTemplate\":\"https:\\\/\\\/www.grupomedcof.com.br\\\/blog\\\/?s={search_term_string}\"},\"query-input\":{\"@type\":\"PropertyValueSpecification\",\"valueRequired\":true,\"valueName\":\"search_term_string\"}}],\"inLanguage\":\"pt-BR\"},{\"@type\":\"Organization\",\"@id\":\"https:\\\/\\\/www.grupomedcof.com.br\\\/blog\\\/#organization\",\"name\":\"Grupo MedCof\",\"url\":\"https:\\\/\\\/www.grupomedcof.com.br\\\/blog\\\/\",\"logo\":{\"@type\":\"ImageObject\",\"inLanguage\":\"pt-BR\",\"@id\":\"https:\\\/\\\/www.grupomedcof.com.br\\\/blog\\\/#\\\/schema\\\/logo\\\/image\\\/\",\"url\":\"https:\\\/\\\/www.grupomedcof.com.br\\\/blog\\\/wp-content\\\/uploads\\\/2022\\\/01\\\/logo-medcof.png\",\"contentUrl\":\"https:\\\/\\\/www.grupomedcof.com.br\\\/blog\\\/wp-content\\\/uploads\\\/2022\\\/01\\\/logo-medcof.png\",\"width\":768,\"height\":269,\"caption\":\"Grupo MedCof\"},\"image\":{\"@id\":\"https:\\\/\\\/www.grupomedcof.com.br\\\/blog\\\/#\\\/schema\\\/logo\\\/image\\\/\"},\"sameAs\":[\"https:\\\/\\\/www.facebook.com\\\/MedCofQbank\\\/\",\"https:\\\/\\\/www.instagram.com\\\/grupomedcof\\\/\",\"https:\\\/\\\/br.linkedin.com\\\/company\\\/medcof\",\"https:\\\/\\\/www.youtube.com\\\/channel\\\/UCdHMuOHKICxcHwecxN8P-AA\"]},{\"@type\":\"Person\",\"@id\":\"https:\\\/\\\/www.grupomedcof.com.br\\\/blog\\\/#\\\/schema\\\/person\\\/5e56a3921255c01181f3d8c20d53f9c0\",\"name\":\"Grupo MedCof\",\"image\":{\"@type\":\"ImageObject\",\"inLanguage\":\"pt-BR\",\"@id\":\"https:\\\/\\\/www.grupomedcof.com.br\\\/blog\\\/wp-content\\\/uploads\\\/2023\\\/04\\\/cropped-cropped-cropped-cropped-logo-96x96.png28585d174f19c23095510da5f63bc127\",\"url\":\"https:\\\/\\\/www.grupomedcof.com.br\\\/blog\\\/wp-content\\\/uploads\\\/2023\\\/04\\\/cropped-cropped-cropped-cropped-logo-96x96.png\",\"contentUrl\":\"https:\\\/\\\/www.grupomedcof.com.br\\\/blog\\\/wp-content\\\/uploads\\\/2023\\\/04\\\/cropped-cropped-cropped-cropped-logo-96x96.png\",\"caption\":\"Grupo MedCof\"},\"description\":\"Tendo aulas baseadas em quest\u00f5es, + de 115 subespecialistas dispon\u00edveis e uma metodologia \u00fanica, voc\u00ea pode se juntar ao nosso time que conta com mais de 10 mil ...\",\"url\":\"https:\\\/\\\/www.grupomedcof.com.br\\\/blog\\\/author\\\/grupo-medcof\\\/\"}]}<\/script>\n<!-- \/ Yoast SEO Premium plugin. -->","yoast_head_json":{"title":"Viol\u00eancia na Inf\u00e2ncia: Como Identificar na Sa\u00fade | Medcof","description":"A viol\u00eancia na inf\u00e2ncia engloba qualquer ato ou omiss\u00e3o que cause dano f\u00edsico, emocional, sexual ou psicol\u00f3gico a uma crian\u00e7a...","robots":{"index":"index","follow":"follow","max-snippet":"max-snippet:-1","max-image-preview":"max-image-preview:large","max-video-preview":"max-video-preview:-1"},"canonical":"https:\/\/www.grupomedcof.com.br\/blog\/violencia-na-infancia-aprenda-a-identificar\/","og_locale":"pt_BR","og_type":"article","og_title":"Viol\u00eancia na inf\u00e2ncia: como o profissional de sa\u00fade pode identificar","og_description":"A viol\u00eancia na inf\u00e2ncia engloba qualquer ato ou omiss\u00e3o que cause dano f\u00edsico, emocional, sexual ou psicol\u00f3gico a uma crian\u00e7a...","og_url":"https:\/\/www.grupomedcof.com.br\/blog\/violencia-na-infancia-aprenda-a-identificar\/","og_site_name":"Blog de Medcof: conte\u00fados, editais, revalida e mais!","article_publisher":"https:\/\/www.facebook.com\/MedCofQbank\/","article_published_time":"2024-02-26T17:15:05+00:00","article_modified_time":"2026-04-24T19:07:07+00:00","og_image":[{"width":1920,"height":1080,"url":"https:\/\/www.grupomedcof.com.br\/blog\/wp-content\/uploads\/2024\/02\/Blog-MedCof-9.png","type":"image\/png"}],"author":"Grupo MedCof","twitter_card":"summary_large_image","twitter_misc":{"Escrito por":"Grupo MedCof","Est. tempo de leitura":"4 minutos"},"schema":{"@context":"https:\/\/schema.org","@graph":[{"@type":"Article","@id":"https:\/\/www.grupomedcof.com.br\/blog\/violencia-na-infancia-aprenda-a-identificar\/#article","isPartOf":{"@id":"https:\/\/www.grupomedcof.com.br\/blog\/violencia-na-infancia-aprenda-a-identificar\/"},"author":{"name":"Grupo MedCof","@id":"https:\/\/www.grupomedcof.com.br\/blog\/#\/schema\/person\/5e56a3921255c01181f3d8c20d53f9c0"},"headline":"Viol\u00eancia na inf\u00e2ncia: como o profissional de sa\u00fade pode identificar","datePublished":"2024-02-26T17:15:05+00:00","dateModified":"2026-04-24T19:07:07+00:00","mainEntityOfPage":{"@id":"https:\/\/www.grupomedcof.com.br\/blog\/violencia-na-infancia-aprenda-a-identificar\/"},"wordCount":639,"commentCount":0,"publisher":{"@id":"https:\/\/www.grupomedcof.com.br\/blog\/#organization"},"image":{"@id":"https:\/\/www.grupomedcof.com.br\/blog\/violencia-na-infancia-aprenda-a-identificar\/#primaryimage"},"thumbnailUrl":"https:\/\/www.grupomedcof.com.br\/blog\/wp-content\/uploads\/2024\/02\/Blog-MedCof-9.png","keywords":["Revisado por: Camilla Castro","Viol\u00eancia infantil"],"articleSection":["Cl\u00ednica M\u00e9dica","Pediatria"],"inLanguage":"pt-BR"},{"@type":"WebPage","@id":"https:\/\/www.grupomedcof.com.br\/blog\/violencia-na-infancia-aprenda-a-identificar\/","url":"https:\/\/www.grupomedcof.com.br\/blog\/violencia-na-infancia-aprenda-a-identificar\/","name":"Viol\u00eancia na Inf\u00e2ncia: Como Identificar na Sa\u00fade | Medcof","isPartOf":{"@id":"https:\/\/www.grupomedcof.com.br\/blog\/#website"},"primaryImageOfPage":{"@id":"https:\/\/www.grupomedcof.com.br\/blog\/violencia-na-infancia-aprenda-a-identificar\/#primaryimage"},"image":{"@id":"https:\/\/www.grupomedcof.com.br\/blog\/violencia-na-infancia-aprenda-a-identificar\/#primaryimage"},"thumbnailUrl":"https:\/\/www.grupomedcof.com.br\/blog\/wp-content\/uploads\/2024\/02\/Blog-MedCof-9.png","datePublished":"2024-02-26T17:15:05+00:00","dateModified":"2026-04-24T19:07:07+00:00","description":"A viol\u00eancia na inf\u00e2ncia engloba qualquer ato ou omiss\u00e3o que cause dano f\u00edsico, emocional, sexual ou psicol\u00f3gico a uma crian\u00e7a...","breadcrumb":{"@id":"https:\/\/www.grupomedcof.com.br\/blog\/violencia-na-infancia-aprenda-a-identificar\/#breadcrumb"},"inLanguage":"pt-BR","potentialAction":[{"@type":"ReadAction","target":["https:\/\/www.grupomedcof.com.br\/blog\/violencia-na-infancia-aprenda-a-identificar\/"]}]},{"@type":"ImageObject","inLanguage":"pt-BR","@id":"https:\/\/www.grupomedcof.com.br\/blog\/violencia-na-infancia-aprenda-a-identificar\/#primaryimage","url":"https:\/\/www.grupomedcof.com.br\/blog\/wp-content\/uploads\/2024\/02\/Blog-MedCof-9.png","contentUrl":"https:\/\/www.grupomedcof.com.br\/blog\/wp-content\/uploads\/2024\/02\/Blog-MedCof-9.png","width":1920,"height":1080,"caption":"Qual o papel do profissional de sa\u00fade na identifica\u00e7\u00e3o de viol\u00eancia em crian\u00e7as"},{"@type":"BreadcrumbList","@id":"https:\/\/www.grupomedcof.com.br\/blog\/violencia-na-infancia-aprenda-a-identificar\/#breadcrumb","itemListElement":[{"@type":"ListItem","position":1,"name":"In\u00edcio","item":"https:\/\/www.grupomedcof.com.br\/blog\/"},{"@type":"ListItem","position":2,"name":"Viol\u00eancia na inf\u00e2ncia: como o profissional de sa\u00fade pode identificar"}]},{"@type":"WebSite","@id":"https:\/\/www.grupomedcof.com.br\/blog\/#website","url":"https:\/\/www.grupomedcof.com.br\/blog\/","name":"Blog de Medcof: conte\u00fados, editais, revalida e mais!","description":"Acesso o blog de MedCof! Seu portal de conte\u00fados sobre resid\u00eancia m\u00e9dica, an\u00e1lise e editais e muito mais. Clique e confira!","publisher":{"@id":"https:\/\/www.grupomedcof.com.br\/blog\/#organization"},"alternateName":"Blog de Medcof: conte\u00fados, editais, revalida e mais!","potentialAction":[{"@type":"SearchAction","target":{"@type":"EntryPoint","urlTemplate":"https:\/\/www.grupomedcof.com.br\/blog\/?s={search_term_string}"},"query-input":{"@type":"PropertyValueSpecification","valueRequired":true,"valueName":"search_term_string"}}],"inLanguage":"pt-BR"},{"@type":"Organization","@id":"https:\/\/www.grupomedcof.com.br\/blog\/#organization","name":"Grupo MedCof","url":"https:\/\/www.grupomedcof.com.br\/blog\/","logo":{"@type":"ImageObject","inLanguage":"pt-BR","@id":"https:\/\/www.grupomedcof.com.br\/blog\/#\/schema\/logo\/image\/","url":"https:\/\/www.grupomedcof.com.br\/blog\/wp-content\/uploads\/2022\/01\/logo-medcof.png","contentUrl":"https:\/\/www.grupomedcof.com.br\/blog\/wp-content\/uploads\/2022\/01\/logo-medcof.png","width":768,"height":269,"caption":"Grupo MedCof"},"image":{"@id":"https:\/\/www.grupomedcof.com.br\/blog\/#\/schema\/logo\/image\/"},"sameAs":["https:\/\/www.facebook.com\/MedCofQbank\/","https:\/\/www.instagram.com\/grupomedcof\/","https:\/\/br.linkedin.com\/company\/medcof","https:\/\/www.youtube.com\/channel\/UCdHMuOHKICxcHwecxN8P-AA"]},{"@type":"Person","@id":"https:\/\/www.grupomedcof.com.br\/blog\/#\/schema\/person\/5e56a3921255c01181f3d8c20d53f9c0","name":"Grupo MedCof","image":{"@type":"ImageObject","inLanguage":"pt-BR","@id":"https:\/\/www.grupomedcof.com.br\/blog\/wp-content\/uploads\/2023\/04\/cropped-cropped-cropped-cropped-logo-96x96.png28585d174f19c23095510da5f63bc127","url":"https:\/\/www.grupomedcof.com.br\/blog\/wp-content\/uploads\/2023\/04\/cropped-cropped-cropped-cropped-logo-96x96.png","contentUrl":"https:\/\/www.grupomedcof.com.br\/blog\/wp-content\/uploads\/2023\/04\/cropped-cropped-cropped-cropped-logo-96x96.png","caption":"Grupo MedCof"},"description":"Tendo aulas baseadas em quest\u00f5es, + de 115 subespecialistas dispon\u00edveis e uma metodologia \u00fanica, voc\u00ea pode se juntar ao nosso time que conta com mais de 10 mil ...","url":"https:\/\/www.grupomedcof.com.br\/blog\/author\/grupo-medcof\/"}]}},"authors":[{"term_id":3613,"user_id":10,"is_guest":0,"slug":"grupo-medcof","display_name":"Grupo MedCof","avatar_url":"https:\/\/www.grupomedcof.com.br\/blog\/wp-content\/uploads\/2023\/04\/cropped-cropped-cropped-cropped-logo-96x96.png","0":null,"1":"","2":"","3":"","4":"","5":"","6":"","7":"","8":""}],"_links":{"self":[{"href":"https:\/\/www.grupomedcof.com.br\/blog\/wp-json\/wp\/v2\/posts\/19364","targetHints":{"allow":["GET"]}}],"collection":[{"href":"https:\/\/www.grupomedcof.com.br\/blog\/wp-json\/wp\/v2\/posts"}],"about":[{"href":"https:\/\/www.grupomedcof.com.br\/blog\/wp-json\/wp\/v2\/types\/post"}],"author":[{"embeddable":true,"href":"https:\/\/www.grupomedcof.com.br\/blog\/wp-json\/wp\/v2\/users\/10"}],"replies":[{"embeddable":true,"href":"https:\/\/www.grupomedcof.com.br\/blog\/wp-json\/wp\/v2\/comments?post=19364"}],"version-history":[{"count":1,"href":"https:\/\/www.grupomedcof.com.br\/blog\/wp-json\/wp\/v2\/posts\/19364\/revisions"}],"predecessor-version":[{"id":36486,"href":"https:\/\/www.grupomedcof.com.br\/blog\/wp-json\/wp\/v2\/posts\/19364\/revisions\/36486"}],"wp:featuredmedia":[{"embeddable":true,"href":"https:\/\/www.grupomedcof.com.br\/blog\/wp-json\/wp\/v2\/media\/19365"}],"wp:attachment":[{"href":"https:\/\/www.grupomedcof.com.br\/blog\/wp-json\/wp\/v2\/media?parent=19364"}],"wp:term":[{"taxonomy":"category","embeddable":true,"href":"https:\/\/www.grupomedcof.com.br\/blog\/wp-json\/wp\/v2\/categories?post=19364"},{"taxonomy":"post_tag","embeddable":true,"href":"https:\/\/www.grupomedcof.com.br\/blog\/wp-json\/wp\/v2\/tags?post=19364"},{"taxonomy":"author","embeddable":true,"href":"https:\/\/www.grupomedcof.com.br\/blog\/wp-json\/wp\/v2\/ppma_author?post=19364"}],"curies":[{"name":"wp","href":"https:\/\/api.w.org\/{rel}","templated":true}]}}