{"id":1939,"date":"2026-01-14T10:40:23","date_gmt":"2026-01-14T13:40:23","guid":{"rendered":"https:\/\/www.grupomedcof.com.br\/blog\/?p=1939"},"modified":"2026-01-14T10:40:25","modified_gmt":"2026-01-14T13:40:25","slug":"edital-residencia-medica-into","status":"publish","type":"post","link":"https:\/\/www.grupomedcof.com.br\/blog\/edital-residencia-medica-into\/","title":{"rendered":"Resid\u00eancia M\u00e9dica INTO 2025\/2026: edital, nota de corte, resultado final"},"content":{"rendered":"<div id=\"ez-toc-container\" class=\"ez-toc-v2_0_74 counter-hierarchy ez-toc-counter ez-toc-transparent ez-toc-container-direction\">\n<div class=\"ez-toc-title-container\">\n<p class=\"ez-toc-title\" style=\"cursor:inherit\">Sum\u00e1rio<\/p>\n<span class=\"ez-toc-title-toggle\"><a href=\"#\" class=\"ez-toc-pull-right ez-toc-btn ez-toc-btn-xs ez-toc-btn-default ez-toc-toggle\" aria-label=\"Alternar tabela de conte\u00fado\"><span class=\"ez-toc-js-icon-con\"><span class=\"\"><span class=\"eztoc-hide\" style=\"display:none;\">Toggle<\/span><span class=\"ez-toc-icon-toggle-span\"><svg style=\"fill: #999;color:#999\" xmlns=\"http:\/\/www.w3.org\/2000\/svg\" class=\"list-377408\" width=\"20px\" height=\"20px\" viewBox=\"0 0 24 24\" fill=\"none\"><path d=\"M6 6H4v2h2V6zm14 0H8v2h12V6zM4 11h2v2H4v-2zm16 0H8v2h12v-2zM4 16h2v2H4v-2zm16 0H8v2h12v-2z\" fill=\"currentColor\"><\/path><\/svg><svg style=\"fill: #999;color:#999\" class=\"arrow-unsorted-368013\" xmlns=\"http:\/\/www.w3.org\/2000\/svg\" width=\"10px\" height=\"10px\" viewBox=\"0 0 24 24\" version=\"1.2\" baseProfile=\"tiny\"><path d=\"M18.2 9.3l-6.2-6.3-6.2 6.3c-.2.2-.3.4-.3.7s.1.5.3.7c.2.2.4.3.7.3h11c.3 0 .5-.1.7-.3.2-.2.3-.5.3-.7s-.1-.5-.3-.7zM5.8 14.7l6.2 6.3 6.2-6.3c.2-.2.3-.5.3-.7s-.1-.5-.3-.7c-.2-.2-.4-.3-.7-.3h-11c-.3 0-.5.1-.7.3-.2.2-.3.5-.3.7s.1.5.3.7z\"\/><\/svg><\/span><\/span><\/span><\/a><\/span><\/div>\n<nav><ul class='ez-toc-list ez-toc-list-level-1 ' ><li class='ez-toc-page-1 ez-toc-heading-level-2'><a class=\"ez-toc-link ez-toc-heading-1\" href=\"https:\/\/www.grupomedcof.com.br\/blog\/edital-residencia-medica-into\/#Informacoes_edital_INTO_20252026\" >Informa\u00e7\u00f5es edital INTO 2025\/2026<\/a><ul class='ez-toc-list-level-3' ><li class='ez-toc-heading-level-3'><a class=\"ez-toc-link ez-toc-heading-2\" href=\"https:\/\/www.grupomedcof.com.br\/blog\/edital-residencia-medica-into\/#Inscricoes\" >Inscri\u00e7\u00f5es<\/a><\/li><\/ul><\/li><li class='ez-toc-page-1 ez-toc-heading-level-2'><a class=\"ez-toc-link ez-toc-heading-3\" href=\"https:\/\/www.grupomedcof.com.br\/blog\/edital-residencia-medica-into\/#Processo_seletivo_INTO_2025\" >Processo seletivo INTO 2025<\/a><ul class='ez-toc-list-level-3' ><li class='ez-toc-heading-level-3'><a class=\"ez-toc-link ez-toc-heading-4\" href=\"https:\/\/www.grupomedcof.com.br\/blog\/edital-residencia-medica-into\/#Prova_objetiva\" >Prova objetiva<\/a><\/li><li class='ez-toc-page-1 ez-toc-heading-level-3'><a class=\"ez-toc-link ez-toc-heading-5\" href=\"https:\/\/www.grupomedcof.com.br\/blog\/edital-residencia-medica-into\/#Prova_Oral\" >Prova Oral<\/a><\/li><\/ul><\/li><li class='ez-toc-page-1 ez-toc-heading-level-2'><a class=\"ez-toc-link ez-toc-heading-6\" href=\"https:\/\/www.grupomedcof.com.br\/blog\/edital-residencia-medica-into\/#Vagas_INTO_20252025\" >Vagas INTO 2025\/2025<\/a><\/li><li class='ez-toc-page-1 ez-toc-heading-level-2'><a class=\"ez-toc-link ez-toc-heading-7\" href=\"https:\/\/www.grupomedcof.com.br\/blog\/edital-residencia-medica-into\/#Cronograma_residencia_medica_INTO_20252026\" >Cronograma resid\u00eancia m\u00e9dica INTO 2025\/2026<\/a><\/li><li class='ez-toc-page-1 ez-toc-heading-level-2'><a class=\"ez-toc-link ez-toc-heading-8\" href=\"https:\/\/www.grupomedcof.com.br\/blog\/edital-residencia-medica-into\/#Edital_INTO_2026\" >Edital INTO 2026<\/a><\/li><li class='ez-toc-page-1 ez-toc-heading-level-2'><a class=\"ez-toc-link ez-toc-heading-9\" href=\"https:\/\/www.grupomedcof.com.br\/blog\/edital-residencia-medica-into\/#Nota_de_Corte_INTO_20252026\" >Nota de Corte INTO 2025\/2026<\/a><\/li><li class='ez-toc-page-1 ez-toc-heading-level-2'><a class=\"ez-toc-link ez-toc-heading-10\" href=\"https:\/\/www.grupomedcof.com.br\/blog\/edital-residencia-medica-into\/#Lista_de_convocados_para_a_2a_fase\" >Lista de convocados para a 2\u00aa fase<\/a><\/li><li class='ez-toc-page-1 ez-toc-heading-level-2'><a class=\"ez-toc-link ez-toc-heading-11\" href=\"https:\/\/www.grupomedcof.com.br\/blog\/edital-residencia-medica-into\/#Segunda_Fase_INTO_2026\" >Segunda Fase INTO 2026<\/a><\/li><li class='ez-toc-page-1 ez-toc-heading-level-2'><a class=\"ez-toc-link ez-toc-heading-12\" href=\"https:\/\/www.grupomedcof.com.br\/blog\/edital-residencia-medica-into\/#Resultado_Final_INTO_20252026\" >Resultado Final INTO 2025\/2026<\/a><\/li><li class='ez-toc-page-1 ez-toc-heading-level-2'><a class=\"ez-toc-link ez-toc-heading-13\" href=\"https:\/\/www.grupomedcof.com.br\/blog\/edital-residencia-medica-into\/#Conquiste_a_aprovacao_na_residencia_medica\" >Conquiste a aprova\u00e7\u00e3o na resid\u00eancia m\u00e9dica!<\/a><\/li><\/ul><\/nav><\/div>\n\n<figure class=\"wp-block-image size-large\"><img loading=\"lazy\" decoding=\"async\" width=\"1024\" height=\"576\" src=\"https:\/\/www.grupomedcof.com.br\/blog\/wp-content\/uploads\/2022\/08\/Modelo-instituicoes-7-1024x576.png\" alt=\"Logo escrito INTO, no canto inferior direito h\u00e1 o logo MedCof\" class=\"wp-image-29884\" srcset=\"https:\/\/www.grupomedcof.com.br\/blog\/wp-content\/uploads\/2022\/08\/Modelo-instituicoes-7-1024x576.png 1024w, https:\/\/www.grupomedcof.com.br\/blog\/wp-content\/uploads\/2022\/08\/Modelo-instituicoes-7-300x169.png 300w, https:\/\/www.grupomedcof.com.br\/blog\/wp-content\/uploads\/2022\/08\/Modelo-instituicoes-7-768x432.png 768w, https:\/\/www.grupomedcof.com.br\/blog\/wp-content\/uploads\/2022\/08\/Modelo-instituicoes-7-1536x864.png 1536w, https:\/\/www.grupomedcof.com.br\/blog\/wp-content\/uploads\/2022\/08\/Modelo-instituicoes-7-2048x1152.png 2048w, https:\/\/www.grupomedcof.com.br\/blog\/wp-content\/uploads\/2022\/08\/Modelo-instituicoes-7-747x420.png 747w, https:\/\/www.grupomedcof.com.br\/blog\/wp-content\/uploads\/2022\/08\/Modelo-instituicoes-7-150x84.png 150w, https:\/\/www.grupomedcof.com.br\/blog\/wp-content\/uploads\/2022\/08\/Modelo-instituicoes-7-696x392.png 696w, https:\/\/www.grupomedcof.com.br\/blog\/wp-content\/uploads\/2022\/08\/Modelo-instituicoes-7-1068x601.png 1068w, https:\/\/www.grupomedcof.com.br\/blog\/wp-content\/uploads\/2022\/08\/Modelo-instituicoes-7-1920x1080.png 1920w\" sizes=\"auto, (max-width: 1024px) 100vw, 1024px\" \/><\/figure>\n\n\n\n<p>Confira todos os detalhes do processo seletivo do <strong>Instituto Nacional de Traumatologia e Ortopedia (INTO)<\/strong> 2025\/2026!<\/p>\n\n\n\n<h2 class=\"wp-block-heading\" id=\"visao-geral\"><span class=\"ez-toc-section\" id=\"Informacoes_edital_INTO_20252026\"><\/span><strong>Informa\u00e7\u00f5es edital INTO 2025\/2026<\/strong><span class=\"ez-toc-section-end\"><\/span><\/h2>\n\n\n\n<h3 class=\"wp-block-heading\" id=\"h-inscricoes\"><span class=\"ez-toc-section\" id=\"Inscricoes\"><\/span><strong>Inscri\u00e7\u00f5es<\/strong><span class=\"ez-toc-section-end\"><\/span><\/h3>\n\n\n\n<p>De acordo com o edital publicado, o processo seletivo contar\u00e1 com <strong>12 vagas para resid\u00eancia m\u00e9dica<\/strong> e as inscri\u00e7\u00f5es ocorreram entre os dias os dias <strong><strong>6 de setembro e 24 de outubro de 2025<\/strong><\/strong>, atrav\u00e9s correio eletr\u00f4nico: <em>residenciamedica@into.saude.gov.br<\/em>.<\/p>\n\n\n\n<p>A taxa de inscri\u00e7\u00e3o foi estabelecida no valor de <strong>R$ 500,00<\/strong>. Entretanto, os candidatos que queriam solicitar a isen\u00e7\u00e3o da taxa tiveram o per\u00edodo de <strong>22 e 23 de setembro de 2025.<\/strong><\/p>\n\n\n\n<h2 class=\"wp-block-heading\" id=\"h-processo-seletivo-into-2025\"><span class=\"ez-toc-section\" id=\"Processo_seletivo_INTO_2025\"><\/span><strong>Processo seletivo INTO 2025<\/strong><span class=\"ez-toc-section-end\"><\/span><\/h2>\n\n\n\n<p>O processo seletivo para resid\u00eancia m\u00e9dica da INTO possui duas fases: a prova objetiva e a prova oral.<\/p>\n\n\n\n<h3 class=\"wp-block-heading\" id=\"h-prova-objetiva\"><span class=\"ez-toc-section\" id=\"Prova_objetiva\"><\/span><strong>Prova objetiva<\/strong><span class=\"ez-toc-section-end\"><\/span><\/h3>\n\n\n\n<p>Marcada para o dia<strong> 05 de novembro de 2025, \u00e0s 09h,<\/strong> foi composta de 50 quest\u00f5es de m\u00faltipla escolha, valendo 2,00 pontos cada e 100 pontos totais.<\/p>\n\n\n\n<p>Assim, os candidatos tiveram que obter at\u00e9 <strong>50 pontos (50%) para prosseguirem para a pr\u00f3xima etapa.<\/strong><\/p>\n\n\n\n<h3 class=\"wp-block-heading\" id=\"h-prova-oral\"><span class=\"ez-toc-section\" id=\"Prova_Oral\"><\/span><strong>Prova Oral<\/strong><span class=\"ez-toc-section-end\"><\/span><\/h3>\n\n\n\n<p>Dessa forma, os aprovados seguir\u00e3o para a 2\u00aa fase, composta por <strong>ambientes sucessivos em que quest\u00f5es foram formuladas de acordo com o programa que valer\u00e3o 90 pontos. <\/strong>Avaliando conhecimentos da L\u00edngua Inglesa, al\u00e9m da Argui\u00e7\u00e3o Curricular, com Curr\u00edculo no modelo da plataforma Lattes, valendo 10 dez.<\/p>\n\n\n\n<p>Os candidatos foram <strong>convocados no dia 10 de novembro de 2025,<\/strong> para enfim, realizarem a prova no dia <strong>26 de novembro de 2025<\/strong> para <strong>Ortopedia e Traumatologia, e 27 de novembro de 2025 para Cirurgia da M\u00e3o.<\/strong><\/p>\n\n\n\n<h2 class=\"wp-block-heading\" id=\"h-vagas-into-2025-2025\"><span class=\"ez-toc-section\" id=\"Vagas_INTO_20252025\"><\/span><strong>Vagas INTO 2025\/2025<\/strong><span class=\"ez-toc-section-end\"><\/span><\/h2>\n\n\n\n<p>Nesta edi\u00e7\u00e3o, o INTO ofertar\u00e1 <strong>14 vagas<\/strong> ao total. Veja:<\/p>\n\n\n\n<figure class=\"wp-block-table\"><table class=\"has-fixed-layout\"><tbody><tr><td><strong>Especialidade<\/strong><\/td><td><strong>Vagas<\/strong><\/td><\/tr><tr><td>Ortopedia e Traumatologia<\/td><td>12<\/td><\/tr><tr><td>Cirurgia da M\u00e3o<\/td><td>2<\/td><\/tr><\/tbody><\/table><\/figure>\n\n\n\n<h2 class=\"wp-block-heading\" id=\"cronograma\"><span class=\"ez-toc-section\" id=\"Cronograma_residencia_medica_INTO_20252026\"><\/span><strong>Cronograma resid\u00eancia m\u00e9dica INTO 2025\/2026<\/strong><span class=\"ez-toc-section-end\"><\/span><\/h2>\n\n\n\n<figure class=\"wp-block-table\"><table class=\"has-fixed-layout\"><tbody><tr><td><strong>Solicita\u00e7\u00e3o de Isen\u00e7\u00e3o<\/strong><\/td><td>22 a 23\/09\/2025<\/td><\/tr><tr><td><strong>Per\u00edodo da inscri\u00e7\u00f5es<\/strong><\/td><td>26 a 24\/10\/2025<\/td><\/tr><tr><td><strong>Prova Objetiva (1\u00aa fase)<\/strong><\/td><td>05\/11\/2025<\/td><\/tr><tr><td><strong>Gabarito Preliminar<\/strong><\/td><td>05\/11\/2025<\/td><\/tr><tr><td><strong>Recursos<\/strong><\/td><td>06\/11\/2025, 9h \u00e0s 13h<\/td><\/tr><tr><td><strong>Resultado da 1\u00aa fase<\/strong><\/td><td>10\/11\/2025<\/td><\/tr><tr><td><strong>Prova Oral (2\u00aa fase)<\/strong><\/td><td>26\/11\/2025 (Ortopedia e Traumatologia); 27\/11\/2025 (Cirurgia da M\u00e3o)<\/td><\/tr><tr><td><strong>Resultado e Classifica\u00e7\u00e3o Final<\/strong><\/td><td>29\/12\/2025<\/td><\/tr><tr><td><strong>Per\u00edodo para matr\u00edcula<\/strong><\/td><td>02 a 06\/02\/2026<\/td><\/tr><tr><td><strong>In\u00edcio dos programas<\/strong><\/td><td>Mar\u00e7o de 2026<\/td><\/tr><\/tbody><\/table><\/figure>\n\n\n\n<div class=\"wp-block-group\"><div class=\"wp-block-group__inner-container is-layout-constrained wp-block-group-is-layout-constrained\">\n<h2 class=\"wp-block-heading\" id=\"h-edital-into-2026\"><span class=\"ez-toc-section\" id=\"Edital_INTO_2026\"><\/span><strong>Edital INTO 2026<\/strong><span class=\"ez-toc-section-end\"><\/span><\/h2>\n\n\n\n<div data-wp-interactive=\"core\/file\" class=\"wp-block-file\"><object data-wp-bind--hidden=\"!state.hasPdfPreview\" hidden class=\"wp-block-file__embed\" data=\"https:\/\/www.grupomedcof.com.br\/blog\/wp-content\/uploads\/2024\/12\/Edital-INTO-2026.pdf\" type=\"application\/pdf\" style=\"width:100%;height:600px\" aria-label=\"Incorporado de Edital INTO 2026.\"><\/object><a id=\"wp-block-file--media-3313e251-a8c0-4a00-ab9f-860cbc49bf2c\" href=\"https:\/\/www.grupomedcof.com.br\/blog\/wp-content\/uploads\/2024\/12\/Edital-INTO-2026.pdf\">Edital INTO 2026<\/a><a href=\"https:\/\/www.grupomedcof.com.br\/blog\/wp-content\/uploads\/2024\/12\/Edital-INTO-2026.pdf\" class=\"wp-block-file__button wp-element-button\" download aria-describedby=\"wp-block-file--media-3313e251-a8c0-4a00-ab9f-860cbc49bf2c\">Baixar<\/a><\/div>\n<\/div><\/div>\n\n\n\n<h2 class=\"wp-block-heading\" id=\"h-nota-de-corte-into-2025-2026\"><span class=\"ez-toc-section\" id=\"Nota_de_Corte_INTO_20252026\"><\/span><strong>Nota de Corte INTO 2025\/2026<\/strong><span class=\"ez-toc-section-end\"><\/span><\/h2>\n\n\n\n<p>Contando com 50 quest\u00f5es valendo 2 pontos cada, a prova objetiva teve <strong>pontua\u00e7\u00e3o m\u00ednima de 50 pontos. <\/strong><\/p>\n\n\n\n<p>Assim, os candidatos de <strong>Ortopedia e Traumatologia<\/strong> foram classificados para a segunda fase os candidatos com pontua\u00e7\u00e3o igual ou superior a 50 pontos,&nbsp;<strong>at\u00e9 o dobro do n\u00famero de vagas credenciadas<\/strong>, ou seja,&nbsp;<strong>at\u00e9 a 30\u00aa coloca\u00e7\u00e3o<\/strong>.<\/p>\n\n\n\n<p>J\u00e1 para os candidatos de&nbsp;<strong>Cirurgia da M\u00e3o<\/strong>, avan\u00e7aram que obteve a nota m\u00ednima de 50 pontos, <strong>at\u00e9 a 6\u00aa coloca\u00e7\u00e3o<\/strong>, considerando o triplo do n\u00famero de vagas dispon\u00edveis.<\/p>\n\n\n\n<figure class=\"wp-block-table\"><table class=\"has-fixed-layout\"><thead><tr><th>Especialidades<\/th><th>Nota de Corte 2025<\/th><th>Nota de Corte 2026<\/th><\/tr><\/thead><tbody><tr><td>Ortopedia e Traumatologia<\/td><td>70<\/td><td>66<\/td><\/tr><tr><td>Cirurgia da M\u00e3o<\/td><td>52<\/td><td>58<\/td><\/tr><\/tbody><\/table><\/figure>\n\n\n\n<h2 class=\"wp-block-heading\" id=\"h-lista-de-convocados-para-a-2\u00aa-fase\"><span class=\"ez-toc-section\" id=\"Lista_de_convocados_para_a_2a_fase\"><\/span><strong>Lista de convocados para a 2\u00aa fase<\/strong><span class=\"ez-toc-section-end\"><\/span><\/h2>\n\n\n\n<p>O documento foi divulgado no dia 10 de novembro, trazendo a a&nbsp;<strong>lista de candidatos classificados para a prova oral,<\/strong> segunda fase da sele\u00e7\u00e3o do INTO. <\/p>\n\n\n\n<p>Os candidatos que alcan\u00e7aram\u00a0<strong>pontua\u00e7\u00e3o m\u00ednima de 50 pontos<\/strong>\u00a0na prova objetiva e figuram entre os classificados, at\u00e9 o dobro do n\u00famero de vagas credenciadas para Ortopedia (30 primeiros) e at\u00e9 o triplo para Cirurgia da M\u00e3o (6 primeiros), estiveram aptos a participar da pr\u00f3xima etapa.<\/p>\n\n\n\n<div class=\"wp-block-buttons is-layout-flex wp-block-buttons-is-layout-flex\">\n<div class=\"wp-block-button\"><a class=\"wp-block-button__link wp-element-button\" href=\"https:\/\/www.grupomedcof.com.br\/blog\/wp-content\/uploads\/2025\/09\/Classificados-ORTOP-INTO-2026.pdf\" target=\"_blank\" rel=\"noreferrer noopener\">Classificados <strong>2\u00aa fase<\/strong> &#8211; Ortopedia e Traumatologia<\/a><\/div>\n\n\n\n<div class=\"wp-block-button\"><a class=\"wp-block-button__link wp-element-button\" href=\"https:\/\/www.grupomedcof.com.br\/blog\/wp-content\/uploads\/2025\/09\/Classificados-CIR-da-mao-INTO-2026.pdf\" target=\"_blank\" rel=\"noreferrer noopener\">Classificados <strong>2\u00aa fase<\/strong> &#8211; Cirurgia da M\u00e3o<\/a><\/div>\n<\/div>\n\n\n\n<h2 class=\"wp-block-heading\" id=\"h-segunda-fase-into-2026\"><span class=\"ez-toc-section\" id=\"Segunda_Fase_INTO_2026\"><\/span><strong>Segunda Fase INTO 2026<\/strong><span class=\"ez-toc-section-end\"><\/span><\/h2>\n\n\n\n<p>A segunda fase \u00e9 composta pela prova oral, que foi realizada nos dias <strong>26 e 27 de novembro de 2025,<\/strong> nos audit\u00f3rios do INTO, no Rio de Janeiro.<\/p>\n\n\n\n<p>Para o\u00a0<strong>Programa de Ortopedia e Traumatologia<\/strong>, a avalia\u00e7\u00e3o foi composta de:<\/p>\n\n\n\n<ul class=\"wp-block-list\">\n<li><strong>Quest\u00f5es orais<\/strong>&nbsp;sobre&nbsp;<strong>Cl\u00ednica M\u00e9dica, Cirurgia Geral, Ginecologia\/Obstetr\u00edcia, Pediatria e Medicina Preventiva e Social<\/strong>&nbsp;\u2013 valendo&nbsp;<strong>90 pontos<\/strong>;<\/li>\n\n\n\n<li><strong>Avalia\u00e7\u00e3o de conhecimentos em L\u00edngua Inglesa<\/strong>&nbsp;e&nbsp;<strong>entrevista de argui\u00e7\u00e3o curricular (modelo Lattes\/CNPq)<\/strong>&nbsp;\u2013 valendo&nbsp;<strong>10 pontos<\/strong>.<\/li>\n<\/ul>\n\n\n\n<p>Para o&nbsp;<strong>Programa de Cirurgia da M\u00e3o<\/strong>, a estrutura segue o mesmo formato, sendo:<\/p>\n\n\n\n<ul class=\"wp-block-list\">\n<li><strong>Quest\u00f5es orais<\/strong>&nbsp;sobre&nbsp;<strong>Ortopedia e Traumatologia e Cirurgia Pl\u00e1stica<\/strong>&nbsp;\u2013 valendo&nbsp;<strong>90 pontos<\/strong>;<\/li>\n\n\n\n<li><strong>Avalia\u00e7\u00e3o de conhecimentos em L\u00edngua Inglesa<\/strong>&nbsp;e&nbsp;<strong>entrevista de argui\u00e7\u00e3o curricular (modelo Lattes\/CNPq)<\/strong>&nbsp;\u2013 valendo&nbsp;<strong>10 pontos<\/strong>.<\/li>\n<\/ul>\n\n\n\n<h2 class=\"wp-block-heading\" id=\"h-resultado-final-into-2025-2026\"><span class=\"ez-toc-section\" id=\"Resultado_Final_INTO_20252026\"><\/span><strong>Resultado Final INTO 2025\/2026<\/strong><span class=\"ez-toc-section-end\"><\/span><\/h2>\n\n\n\n<p>O documento foi divulgado no dia 12 de janeiro de 2026, apresentando a\u00a0<strong>lista completa de candidatos<\/strong>, incluindo\u00a0<strong>classifica\u00e7\u00e3o<\/strong>,\u00a0<strong>pontua\u00e7\u00e3o final<\/strong>\u00a0e situa\u00e7\u00e3o de cada participante. Veja a seguir:<\/p>\n\n\n\n<div class=\"wp-block-buttons is-layout-flex wp-block-buttons-is-layout-flex\">\n<div class=\"wp-block-button\"><a class=\"wp-block-button__link wp-element-button\" href=\"https:\/\/www.grupomedcof.com.br\/blog\/wp-content\/uploads\/2025\/11\/Resultado-Final-INTO-2026.pdf\" target=\"_blank\" rel=\"noreferrer noopener\">Resultado Final <\/a><\/div>\n<\/div>\n\n\n\n<p>As <strong>matr\u00edculas <\/strong>ter\u00e3o o per\u00edodo de <strong>02 e 06 de fevereiro de 2026<\/strong>, das\u00a0<strong>9h \u00e0s 15h<\/strong>, para serem realizadas pelo candidatos aprovados. Por fim, as atividades dos programas de resid\u00eancia m\u00e9dica ter\u00e3o \u00ednicio no dia 02 de mar\u00e7o de 2026, \u00a0\u00e0s\u00a0<strong>8h<\/strong>, na Divis\u00e3o de Ensino e Pesquisa (DIENP).<\/p>\n\n\n\n<h2 class=\"wp-block-heading\" id=\"h-conquiste-a-aprovacao-na-residencia-medica\"><span class=\"ez-toc-section\" id=\"Conquiste_a_aprovacao_na_residencia_medica\"><\/span><strong>Conquiste a aprova\u00e7\u00e3o na resid\u00eancia m\u00e9dica! <\/strong><span class=\"ez-toc-section-end\"><\/span><\/h2>\n\n\n\n<p>As provas de resid\u00eancia est\u00e3o cada vez mais perto! Se voc\u00ea<strong><a href=\"https:\/\/www.grupomedcof.com.br\/blog\/presenca-da-medcof-nas-aprovacoes-em-residencia-medica-no-brasil\/\" target=\"_blank\" rel=\"noreferrer noopener\">\u00a0quer\u00a0ser mais\u00a0um aprovado<\/a>\u00a0<\/strong>nas melhores resid\u00eancias m\u00e9dicas do pa\u00eds, ent\u00e3o conhe\u00e7a o<a href=\"https:\/\/www.grupomedcof.com.br\/\" target=\"_blank\" rel=\"noreferrer noopener\">\u00a0<strong>Grupo\u00a0MedCof<\/strong><\/a><strong>!<\/strong>\u00a0 Temos um cat\u00e1logo repleto de cursos que te guiar\u00e3o na jornada para as provas de Resid\u00eancia M\u00e9dica que ocorrer\u00e3o em 2026\/2027!<\/p>\n\n\n\n<figure class=\"wp-block-embed is-type-video is-provider-youtube wp-block-embed-youtube wp-embed-aspect-16-9 wp-has-aspect-ratio\"><div class=\"wp-block-embed__wrapper\">\n<div class=\"youtube-embed\" data-video_id=\"1bW21urTlAM\"><iframe loading=\"lazy\" title=\"COFEXPRESS - Trauma Cranioencef\u00e1lico. Com Dr. Henrique Lunardelli\" width=\"696\" height=\"392\" src=\"https:\/\/www.youtube.com\/embed\/1bW21urTlAM?feature=oembed&#038;enablejsapi=1\" frameborder=\"0\" allow=\"accelerometer; autoplay; clipboard-write; encrypted-media; gyroscope; picture-in-picture; web-share\" referrerpolicy=\"strict-origin-when-cross-origin\" allowfullscreen><\/iframe><\/div>\n<\/div><\/figure>\n","protected":false},"excerpt":{"rendered":"<p>Saiba todos os detalhes do processo seletivo do INTO: data da prova objetiva e oral, gabaritos, notas de corte a mais!<\/p>\n","protected":false},"author":20,"featured_media":29884,"comment_status":"open","ping_status":"open","sticky":false,"template":"","format":"standard","meta":{"footnotes":""},"categories":[287,2023],"tags":[2033,160,2031,679,2348,2032,68,2108],"ppma_author":[3616],"class_list":{"0":"post-1939","1":"post","2":"type-post","3":"status-publish","4":"format-standard","5":"has-post-thumbnail","7":"category-destaques-medcof","8":"category-editais","9":"tag-cirurgia-de-mao","10":"tag-especialidades-cirurgicas","11":"tag-instituto-nacional-de-traumatologia-e-ortopedia","12":"tag-into","13":"tag-matricula","14":"tag-ortopedia-e-traumatologia","15":"tag-residencia-medica","16":"tag-resultado-final"},"yoast_head":"<!-- This site is optimized with the Yoast SEO Premium plugin v24.3 (Yoast SEO v27.4) - https:\/\/yoast.com\/product\/yoast-seo-premium-wordpress\/ -->\n<title>INTO divulga edital para resid\u00eancia m\u00e9dica com 15 vagas! Confira!<\/title>\n<meta name=\"description\" content=\"Saiba todos os detalhes do processo seletivo do INTO: data da prova objetiva e oral, gabaritos, notas de corte a mais!\" \/>\n<meta name=\"robots\" content=\"index, follow, max-snippet:-1, max-image-preview:large, max-video-preview:-1\" \/>\n<link rel=\"canonical\" href=\"https:\/\/www.grupomedcof.com.br\/blog\/edital-residencia-medica-into\/\" \/>\n<meta property=\"og:locale\" content=\"pt_BR\" \/>\n<meta property=\"og:type\" content=\"article\" \/>\n<meta property=\"og:title\" content=\"Resid\u00eancia M\u00e9dica INTO 2025\/2026: edital, nota de corte, resultado final\" \/>\n<meta property=\"og:description\" content=\"Saiba todos os detalhes do processo seletivo do INTO: data da prova objetiva e oral, gabaritos, notas de corte a mais!\" \/>\n<meta property=\"og:url\" content=\"https:\/\/www.grupomedcof.com.br\/blog\/edital-residencia-medica-into\/\" \/>\n<meta property=\"og:site_name\" content=\"Blog de Medcof: conte\u00fados, editais, revalida e mais!\" \/>\n<meta property=\"article:publisher\" content=\"https:\/\/www.facebook.com\/MedCofQbank\/\" \/>\n<meta property=\"article:published_time\" content=\"2026-01-14T13:40:23+00:00\" \/>\n<meta property=\"article:modified_time\" content=\"2026-01-14T13:40:25+00:00\" \/>\n<meta property=\"og:image\" content=\"https:\/\/www.grupomedcof.com.br\/blog\/wp-content\/uploads\/2022\/08\/Modelo-instituicoes-7.png\" \/>\n\t<meta property=\"og:image:width\" content=\"2560\" \/>\n\t<meta property=\"og:image:height\" content=\"1440\" \/>\n\t<meta property=\"og:image:type\" content=\"image\/png\" \/>\n<meta name=\"author\" content=\"Leila Menzel\" \/>\n<meta name=\"twitter:card\" content=\"summary_large_image\" \/>\n<meta name=\"twitter:label1\" content=\"Escrito por\" \/>\n\t<meta name=\"twitter:data1\" content=\"Leila Menzel\" \/>\n\t<meta name=\"twitter:label2\" content=\"Est. tempo de leitura\" \/>\n\t<meta name=\"twitter:data2\" content=\"5 minutos\" \/>\n<script type=\"application\/ld+json\" class=\"yoast-schema-graph\">{\"@context\":\"https:\\\/\\\/schema.org\",\"@graph\":[{\"@type\":\"Article\",\"@id\":\"https:\\\/\\\/www.grupomedcof.com.br\\\/blog\\\/edital-residencia-medica-into\\\/#article\",\"isPartOf\":{\"@id\":\"https:\\\/\\\/www.grupomedcof.com.br\\\/blog\\\/edital-residencia-medica-into\\\/\"},\"author\":{\"name\":\"Leila Menzel\",\"@id\":\"https:\\\/\\\/www.grupomedcof.com.br\\\/blog\\\/#\\\/schema\\\/person\\\/9a44c2184a836bf5ae6967fdb3a1451e\"},\"headline\":\"Resid\u00eancia M\u00e9dica INTO 2025\\\/2026: edital, nota de corte, resultado final\",\"datePublished\":\"2026-01-14T13:40:23+00:00\",\"dateModified\":\"2026-01-14T13:40:25+00:00\",\"mainEntityOfPage\":{\"@id\":\"https:\\\/\\\/www.grupomedcof.com.br\\\/blog\\\/edital-residencia-medica-into\\\/\"},\"wordCount\":851,\"commentCount\":0,\"publisher\":{\"@id\":\"https:\\\/\\\/www.grupomedcof.com.br\\\/blog\\\/#organization\"},\"image\":{\"@id\":\"https:\\\/\\\/www.grupomedcof.com.br\\\/blog\\\/edital-residencia-medica-into\\\/#primaryimage\"},\"thumbnailUrl\":\"https:\\\/\\\/www.grupomedcof.com.br\\\/blog\\\/wp-content\\\/uploads\\\/2022\\\/08\\\/Modelo-instituicoes-7.png\",\"keywords\":[\"Cirurgia de M\u00e3o\",\"Especialidades cir\u00fargicas\",\"Instituto Nacional de Traumatologia e Ortopedia\",\"INTO\",\"Matr\u00edcula\",\"Ortopedia e Traumatologia\",\"Resid\u00eancia M\u00e9dica\",\"Resultado Final\"],\"articleSection\":[\"Destaques MedCof\",\"Editais\"],\"inLanguage\":\"pt-BR\"},{\"@type\":\"WebPage\",\"@id\":\"https:\\\/\\\/www.grupomedcof.com.br\\\/blog\\\/edital-residencia-medica-into\\\/\",\"url\":\"https:\\\/\\\/www.grupomedcof.com.br\\\/blog\\\/edital-residencia-medica-into\\\/\",\"name\":\"INTO divulga edital para resid\u00eancia m\u00e9dica com 15 vagas! Confira!\",\"isPartOf\":{\"@id\":\"https:\\\/\\\/www.grupomedcof.com.br\\\/blog\\\/#website\"},\"primaryImageOfPage\":{\"@id\":\"https:\\\/\\\/www.grupomedcof.com.br\\\/blog\\\/edital-residencia-medica-into\\\/#primaryimage\"},\"image\":{\"@id\":\"https:\\\/\\\/www.grupomedcof.com.br\\\/blog\\\/edital-residencia-medica-into\\\/#primaryimage\"},\"thumbnailUrl\":\"https:\\\/\\\/www.grupomedcof.com.br\\\/blog\\\/wp-content\\\/uploads\\\/2022\\\/08\\\/Modelo-instituicoes-7.png\",\"datePublished\":\"2026-01-14T13:40:23+00:00\",\"dateModified\":\"2026-01-14T13:40:25+00:00\",\"description\":\"Saiba todos os detalhes do processo seletivo do INTO: data da prova objetiva e oral, gabaritos, notas de corte a mais!\",\"breadcrumb\":{\"@id\":\"https:\\\/\\\/www.grupomedcof.com.br\\\/blog\\\/edital-residencia-medica-into\\\/#breadcrumb\"},\"inLanguage\":\"pt-BR\",\"potentialAction\":[{\"@type\":\"ReadAction\",\"target\":[\"https:\\\/\\\/www.grupomedcof.com.br\\\/blog\\\/edital-residencia-medica-into\\\/\"]}]},{\"@type\":\"ImageObject\",\"inLanguage\":\"pt-BR\",\"@id\":\"https:\\\/\\\/www.grupomedcof.com.br\\\/blog\\\/edital-residencia-medica-into\\\/#primaryimage\",\"url\":\"https:\\\/\\\/www.grupomedcof.com.br\\\/blog\\\/wp-content\\\/uploads\\\/2022\\\/08\\\/Modelo-instituicoes-7.png\",\"contentUrl\":\"https:\\\/\\\/www.grupomedcof.com.br\\\/blog\\\/wp-content\\\/uploads\\\/2022\\\/08\\\/Modelo-instituicoes-7.png\",\"width\":2560,\"height\":1440,\"caption\":\"Logo escrito INTO, no canto inferior direito h\u00e1 o logo MedCof\"},{\"@type\":\"BreadcrumbList\",\"@id\":\"https:\\\/\\\/www.grupomedcof.com.br\\\/blog\\\/edital-residencia-medica-into\\\/#breadcrumb\",\"itemListElement\":[{\"@type\":\"ListItem\",\"position\":1,\"name\":\"In\u00edcio\",\"item\":\"https:\\\/\\\/www.grupomedcof.com.br\\\/blog\\\/\"},{\"@type\":\"ListItem\",\"position\":2,\"name\":\"Resid\u00eancia M\u00e9dica INTO 2025\\\/2026: edital, nota de corte, resultado final\"}]},{\"@type\":\"WebSite\",\"@id\":\"https:\\\/\\\/www.grupomedcof.com.br\\\/blog\\\/#website\",\"url\":\"https:\\\/\\\/www.grupomedcof.com.br\\\/blog\\\/\",\"name\":\"Blog de Medcof: conte\u00fados, editais, revalida e mais!\",\"description\":\"Acesso o blog de MedCof! Seu portal de conte\u00fados sobre resid\u00eancia m\u00e9dica, an\u00e1lise e editais e muito mais. Clique e confira!\",\"publisher\":{\"@id\":\"https:\\\/\\\/www.grupomedcof.com.br\\\/blog\\\/#organization\"},\"alternateName\":\"Blog de Medcof: conte\u00fados, editais, revalida e mais!\",\"potentialAction\":[{\"@type\":\"SearchAction\",\"target\":{\"@type\":\"EntryPoint\",\"urlTemplate\":\"https:\\\/\\\/www.grupomedcof.com.br\\\/blog\\\/?s={search_term_string}\"},\"query-input\":{\"@type\":\"PropertyValueSpecification\",\"valueRequired\":true,\"valueName\":\"search_term_string\"}}],\"inLanguage\":\"pt-BR\"},{\"@type\":\"Organization\",\"@id\":\"https:\\\/\\\/www.grupomedcof.com.br\\\/blog\\\/#organization\",\"name\":\"Grupo MedCof\",\"url\":\"https:\\\/\\\/www.grupomedcof.com.br\\\/blog\\\/\",\"logo\":{\"@type\":\"ImageObject\",\"inLanguage\":\"pt-BR\",\"@id\":\"https:\\\/\\\/www.grupomedcof.com.br\\\/blog\\\/#\\\/schema\\\/logo\\\/image\\\/\",\"url\":\"https:\\\/\\\/www.grupomedcof.com.br\\\/blog\\\/wp-content\\\/uploads\\\/2022\\\/01\\\/logo-medcof.png\",\"contentUrl\":\"https:\\\/\\\/www.grupomedcof.com.br\\\/blog\\\/wp-content\\\/uploads\\\/2022\\\/01\\\/logo-medcof.png\",\"width\":768,\"height\":269,\"caption\":\"Grupo MedCof\"},\"image\":{\"@id\":\"https:\\\/\\\/www.grupomedcof.com.br\\\/blog\\\/#\\\/schema\\\/logo\\\/image\\\/\"},\"sameAs\":[\"https:\\\/\\\/www.facebook.com\\\/MedCofQbank\\\/\",\"https:\\\/\\\/www.instagram.com\\\/grupomedcof\\\/\",\"https:\\\/\\\/br.linkedin.com\\\/company\\\/medcof\",\"https:\\\/\\\/www.youtube.com\\\/channel\\\/UCdHMuOHKICxcHwecxN8P-AA\"]},{\"@type\":\"Person\",\"@id\":\"https:\\\/\\\/www.grupomedcof.com.br\\\/blog\\\/#\\\/schema\\\/person\\\/9a44c2184a836bf5ae6967fdb3a1451e\",\"name\":\"Leila Menzel\",\"image\":{\"@type\":\"ImageObject\",\"inLanguage\":\"pt-BR\",\"@id\":\"https:\\\/\\\/www.grupomedcof.com.br\\\/blog\\\/wp-content\\\/uploads\\\/2025\\\/09\\\/cropped-eu-96x96.jpeg19a74936d997c0a8b3031618467fa1d0\",\"url\":\"https:\\\/\\\/www.grupomedcof.com.br\\\/blog\\\/wp-content\\\/uploads\\\/2025\\\/09\\\/cropped-eu-96x96.jpeg\",\"contentUrl\":\"https:\\\/\\\/www.grupomedcof.com.br\\\/blog\\\/wp-content\\\/uploads\\\/2025\\\/09\\\/cropped-eu-96x96.jpeg\",\"caption\":\"Leila Menzel\"},\"description\":\"Estudante do 6\u00b0 semestre de jornalismo, amo e escrevo poesias e viajo em livros de romances clich\u00eas.\",\"url\":\"https:\\\/\\\/www.grupomedcof.com.br\\\/blog\\\/author\\\/leila-menzel\\\/\"}]}<\/script>\n<!-- \/ Yoast SEO Premium plugin. -->","yoast_head_json":{"title":"INTO divulga edital para resid\u00eancia m\u00e9dica com 15 vagas! Confira!","description":"Saiba todos os detalhes do processo seletivo do INTO: data da prova objetiva e oral, gabaritos, notas de corte a mais!","robots":{"index":"index","follow":"follow","max-snippet":"max-snippet:-1","max-image-preview":"max-image-preview:large","max-video-preview":"max-video-preview:-1"},"canonical":"https:\/\/www.grupomedcof.com.br\/blog\/edital-residencia-medica-into\/","og_locale":"pt_BR","og_type":"article","og_title":"Resid\u00eancia M\u00e9dica INTO 2025\/2026: edital, nota de corte, resultado final","og_description":"Saiba todos os detalhes do processo seletivo do INTO: data da prova objetiva e oral, gabaritos, notas de corte a mais!","og_url":"https:\/\/www.grupomedcof.com.br\/blog\/edital-residencia-medica-into\/","og_site_name":"Blog de Medcof: conte\u00fados, editais, revalida e mais!","article_publisher":"https:\/\/www.facebook.com\/MedCofQbank\/","article_published_time":"2026-01-14T13:40:23+00:00","article_modified_time":"2026-01-14T13:40:25+00:00","og_image":[{"width":2560,"height":1440,"url":"https:\/\/www.grupomedcof.com.br\/blog\/wp-content\/uploads\/2022\/08\/Modelo-instituicoes-7.png","type":"image\/png"}],"author":"Leila Menzel","twitter_card":"summary_large_image","twitter_misc":{"Escrito por":"Leila Menzel","Est. tempo de leitura":"5 minutos"},"schema":{"@context":"https:\/\/schema.org","@graph":[{"@type":"Article","@id":"https:\/\/www.grupomedcof.com.br\/blog\/edital-residencia-medica-into\/#article","isPartOf":{"@id":"https:\/\/www.grupomedcof.com.br\/blog\/edital-residencia-medica-into\/"},"author":{"name":"Leila Menzel","@id":"https:\/\/www.grupomedcof.com.br\/blog\/#\/schema\/person\/9a44c2184a836bf5ae6967fdb3a1451e"},"headline":"Resid\u00eancia M\u00e9dica INTO 2025\/2026: edital, nota de corte, resultado final","datePublished":"2026-01-14T13:40:23+00:00","dateModified":"2026-01-14T13:40:25+00:00","mainEntityOfPage":{"@id":"https:\/\/www.grupomedcof.com.br\/blog\/edital-residencia-medica-into\/"},"wordCount":851,"commentCount":0,"publisher":{"@id":"https:\/\/www.grupomedcof.com.br\/blog\/#organization"},"image":{"@id":"https:\/\/www.grupomedcof.com.br\/blog\/edital-residencia-medica-into\/#primaryimage"},"thumbnailUrl":"https:\/\/www.grupomedcof.com.br\/blog\/wp-content\/uploads\/2022\/08\/Modelo-instituicoes-7.png","keywords":["Cirurgia de M\u00e3o","Especialidades cir\u00fargicas","Instituto Nacional de Traumatologia e Ortopedia","INTO","Matr\u00edcula","Ortopedia e Traumatologia","Resid\u00eancia M\u00e9dica","Resultado Final"],"articleSection":["Destaques MedCof","Editais"],"inLanguage":"pt-BR"},{"@type":"WebPage","@id":"https:\/\/www.grupomedcof.com.br\/blog\/edital-residencia-medica-into\/","url":"https:\/\/www.grupomedcof.com.br\/blog\/edital-residencia-medica-into\/","name":"INTO divulga edital para resid\u00eancia m\u00e9dica com 15 vagas! Confira!","isPartOf":{"@id":"https:\/\/www.grupomedcof.com.br\/blog\/#website"},"primaryImageOfPage":{"@id":"https:\/\/www.grupomedcof.com.br\/blog\/edital-residencia-medica-into\/#primaryimage"},"image":{"@id":"https:\/\/www.grupomedcof.com.br\/blog\/edital-residencia-medica-into\/#primaryimage"},"thumbnailUrl":"https:\/\/www.grupomedcof.com.br\/blog\/wp-content\/uploads\/2022\/08\/Modelo-instituicoes-7.png","datePublished":"2026-01-14T13:40:23+00:00","dateModified":"2026-01-14T13:40:25+00:00","description":"Saiba todos os detalhes do processo seletivo do INTO: data da prova objetiva e oral, gabaritos, notas de corte a mais!","breadcrumb":{"@id":"https:\/\/www.grupomedcof.com.br\/blog\/edital-residencia-medica-into\/#breadcrumb"},"inLanguage":"pt-BR","potentialAction":[{"@type":"ReadAction","target":["https:\/\/www.grupomedcof.com.br\/blog\/edital-residencia-medica-into\/"]}]},{"@type":"ImageObject","inLanguage":"pt-BR","@id":"https:\/\/www.grupomedcof.com.br\/blog\/edital-residencia-medica-into\/#primaryimage","url":"https:\/\/www.grupomedcof.com.br\/blog\/wp-content\/uploads\/2022\/08\/Modelo-instituicoes-7.png","contentUrl":"https:\/\/www.grupomedcof.com.br\/blog\/wp-content\/uploads\/2022\/08\/Modelo-instituicoes-7.png","width":2560,"height":1440,"caption":"Logo escrito INTO, no canto inferior direito h\u00e1 o logo MedCof"},{"@type":"BreadcrumbList","@id":"https:\/\/www.grupomedcof.com.br\/blog\/edital-residencia-medica-into\/#breadcrumb","itemListElement":[{"@type":"ListItem","position":1,"name":"In\u00edcio","item":"https:\/\/www.grupomedcof.com.br\/blog\/"},{"@type":"ListItem","position":2,"name":"Resid\u00eancia M\u00e9dica INTO 2025\/2026: edital, nota de corte, resultado final"}]},{"@type":"WebSite","@id":"https:\/\/www.grupomedcof.com.br\/blog\/#website","url":"https:\/\/www.grupomedcof.com.br\/blog\/","name":"Blog de Medcof: conte\u00fados, editais, revalida e mais!","description":"Acesso o blog de MedCof! Seu portal de conte\u00fados sobre resid\u00eancia m\u00e9dica, an\u00e1lise e editais e muito mais. Clique e confira!","publisher":{"@id":"https:\/\/www.grupomedcof.com.br\/blog\/#organization"},"alternateName":"Blog de Medcof: conte\u00fados, editais, revalida e mais!","potentialAction":[{"@type":"SearchAction","target":{"@type":"EntryPoint","urlTemplate":"https:\/\/www.grupomedcof.com.br\/blog\/?s={search_term_string}"},"query-input":{"@type":"PropertyValueSpecification","valueRequired":true,"valueName":"search_term_string"}}],"inLanguage":"pt-BR"},{"@type":"Organization","@id":"https:\/\/www.grupomedcof.com.br\/blog\/#organization","name":"Grupo MedCof","url":"https:\/\/www.grupomedcof.com.br\/blog\/","logo":{"@type":"ImageObject","inLanguage":"pt-BR","@id":"https:\/\/www.grupomedcof.com.br\/blog\/#\/schema\/logo\/image\/","url":"https:\/\/www.grupomedcof.com.br\/blog\/wp-content\/uploads\/2022\/01\/logo-medcof.png","contentUrl":"https:\/\/www.grupomedcof.com.br\/blog\/wp-content\/uploads\/2022\/01\/logo-medcof.png","width":768,"height":269,"caption":"Grupo MedCof"},"image":{"@id":"https:\/\/www.grupomedcof.com.br\/blog\/#\/schema\/logo\/image\/"},"sameAs":["https:\/\/www.facebook.com\/MedCofQbank\/","https:\/\/www.instagram.com\/grupomedcof\/","https:\/\/br.linkedin.com\/company\/medcof","https:\/\/www.youtube.com\/channel\/UCdHMuOHKICxcHwecxN8P-AA"]},{"@type":"Person","@id":"https:\/\/www.grupomedcof.com.br\/blog\/#\/schema\/person\/9a44c2184a836bf5ae6967fdb3a1451e","name":"Leila Menzel","image":{"@type":"ImageObject","inLanguage":"pt-BR","@id":"https:\/\/www.grupomedcof.com.br\/blog\/wp-content\/uploads\/2025\/09\/cropped-eu-96x96.jpeg19a74936d997c0a8b3031618467fa1d0","url":"https:\/\/www.grupomedcof.com.br\/blog\/wp-content\/uploads\/2025\/09\/cropped-eu-96x96.jpeg","contentUrl":"https:\/\/www.grupomedcof.com.br\/blog\/wp-content\/uploads\/2025\/09\/cropped-eu-96x96.jpeg","caption":"Leila Menzel"},"description":"Estudante do 6\u00b0 semestre de jornalismo, amo e escrevo poesias e viajo em livros de romances clich\u00eas.","url":"https:\/\/www.grupomedcof.com.br\/blog\/author\/leila-menzel\/"}]}},"authors":[{"term_id":3616,"user_id":20,"is_guest":0,"slug":"leila-menzel","display_name":"Leila Menzel","avatar_url":"https:\/\/www.grupomedcof.com.br\/blog\/wp-content\/uploads\/2025\/09\/cropped-eu-96x96.jpeg","0":null,"1":"","2":"","3":"","4":"","5":"","6":"","7":"","8":""}],"_links":{"self":[{"href":"https:\/\/www.grupomedcof.com.br\/blog\/wp-json\/wp\/v2\/posts\/1939","targetHints":{"allow":["GET"]}}],"collection":[{"href":"https:\/\/www.grupomedcof.com.br\/blog\/wp-json\/wp\/v2\/posts"}],"about":[{"href":"https:\/\/www.grupomedcof.com.br\/blog\/wp-json\/wp\/v2\/types\/post"}],"author":[{"embeddable":true,"href":"https:\/\/www.grupomedcof.com.br\/blog\/wp-json\/wp\/v2\/users\/20"}],"replies":[{"embeddable":true,"href":"https:\/\/www.grupomedcof.com.br\/blog\/wp-json\/wp\/v2\/comments?post=1939"}],"version-history":[{"count":4,"href":"https:\/\/www.grupomedcof.com.br\/blog\/wp-json\/wp\/v2\/posts\/1939\/revisions"}],"predecessor-version":[{"id":40691,"href":"https:\/\/www.grupomedcof.com.br\/blog\/wp-json\/wp\/v2\/posts\/1939\/revisions\/40691"}],"wp:featuredmedia":[{"embeddable":true,"href":"https:\/\/www.grupomedcof.com.br\/blog\/wp-json\/wp\/v2\/media\/29884"}],"wp:attachment":[{"href":"https:\/\/www.grupomedcof.com.br\/blog\/wp-json\/wp\/v2\/media?parent=1939"}],"wp:term":[{"taxonomy":"category","embeddable":true,"href":"https:\/\/www.grupomedcof.com.br\/blog\/wp-json\/wp\/v2\/categories?post=1939"},{"taxonomy":"post_tag","embeddable":true,"href":"https:\/\/www.grupomedcof.com.br\/blog\/wp-json\/wp\/v2\/tags?post=1939"},{"taxonomy":"author","embeddable":true,"href":"https:\/\/www.grupomedcof.com.br\/blog\/wp-json\/wp\/v2\/ppma_author?post=1939"}],"curies":[{"name":"wp","href":"https:\/\/api.w.org\/{rel}","templated":true}]}}