{"id":20669,"date":"2024-03-01T17:07:30","date_gmt":"2024-03-01T20:07:30","guid":{"rendered":"https:\/\/www.grupomedcof.com.br\/blog\/?p=20669"},"modified":"2024-03-01T17:07:30","modified_gmt":"2024-03-01T20:07:30","slug":"santa-casa-de-maceio-abre-vagas-remanescentes-para-residencia-medica-2024","status":"publish","type":"post","link":"https:\/\/www.grupomedcof.com.br\/blog\/santa-casa-de-maceio-abre-vagas-remanescentes-para-residencia-medica-2024\/","title":{"rendered":"Santa Casa de Macei\u00f3 abre vagas remanescentes para resid\u00eancia m\u00e9dica 2024"},"content":{"rendered":"<div id=\"ez-toc-container\" class=\"ez-toc-v2_0_74 counter-hierarchy ez-toc-counter ez-toc-transparent ez-toc-container-direction\">\n<div class=\"ez-toc-title-container\">\n<p class=\"ez-toc-title\" style=\"cursor:inherit\">Sum\u00e1rio<\/p>\n<span class=\"ez-toc-title-toggle\"><a href=\"#\" class=\"ez-toc-pull-right ez-toc-btn ez-toc-btn-xs ez-toc-btn-default ez-toc-toggle\" aria-label=\"Alternar tabela de conte\u00fado\"><span class=\"ez-toc-js-icon-con\"><span class=\"\"><span class=\"eztoc-hide\" style=\"display:none;\">Toggle<\/span><span class=\"ez-toc-icon-toggle-span\"><svg style=\"fill: #999;color:#999\" xmlns=\"http:\/\/www.w3.org\/2000\/svg\" class=\"list-377408\" width=\"20px\" height=\"20px\" viewBox=\"0 0 24 24\" fill=\"none\"><path d=\"M6 6H4v2h2V6zm14 0H8v2h12V6zM4 11h2v2H4v-2zm16 0H8v2h12v-2zM4 16h2v2H4v-2zm16 0H8v2h12v-2z\" fill=\"currentColor\"><\/path><\/svg><svg style=\"fill: #999;color:#999\" class=\"arrow-unsorted-368013\" xmlns=\"http:\/\/www.w3.org\/2000\/svg\" width=\"10px\" height=\"10px\" viewBox=\"0 0 24 24\" version=\"1.2\" baseProfile=\"tiny\"><path d=\"M18.2 9.3l-6.2-6.3-6.2 6.3c-.2.2-.3.4-.3.7s.1.5.3.7c.2.2.4.3.7.3h11c.3 0 .5-.1.7-.3.2-.2.3-.5.3-.7s-.1-.5-.3-.7zM5.8 14.7l6.2 6.3 6.2-6.3c.2-.2.3-.5.3-.7s-.1-.5-.3-.7c-.2-.2-.4-.3-.7-.3h-11c-.3 0-.5.1-.7.3-.2.2-.3.5-.3.7s.1.5.3.7z\"\/><\/svg><\/span><\/span><\/span><\/a><\/span><\/div>\n<nav><ul class='ez-toc-list ez-toc-list-level-1 ' ><li class='ez-toc-page-1 ez-toc-heading-level-2'><a class=\"ez-toc-link ez-toc-heading-1\" href=\"https:\/\/www.grupomedcof.com.br\/blog\/santa-casa-de-maceio-abre-vagas-remanescentes-para-residencia-medica-2024\/#Como_funcionara_o_processo_seletivo\" >Como funcionar\u00e1 o processo seletivo?<\/a><\/li><li class='ez-toc-page-1 ez-toc-heading-level-2'><a class=\"ez-toc-link ez-toc-heading-2\" href=\"https:\/\/www.grupomedcof.com.br\/blog\/santa-casa-de-maceio-abre-vagas-remanescentes-para-residencia-medica-2024\/#Cronograma\" >Cronograma<\/a><\/li><li class='ez-toc-page-1 ez-toc-heading-level-2'><a class=\"ez-toc-link ez-toc-heading-3\" href=\"https:\/\/www.grupomedcof.com.br\/blog\/santa-casa-de-maceio-abre-vagas-remanescentes-para-residencia-medica-2024\/#O_metodo_da_sua_aprovacao\" >O m\u00e9todo da sua aprova\u00e7\u00e3o<\/a><\/li><\/ul><\/nav><\/div>\n<img loading=\"lazy\" decoding=\"async\" width=\"800\" height=\"450\" src=\"https:\/\/www.grupomedcof.com.br\/blog\/wp-content\/uploads\/2024\/03\/Blog-MedCof-22-1024x576.jpg\" alt=\"santa casa de miseric\u00f3rdia macei\u00f3 vagas remanescentes resid\u00eancia m\u00e9dica 2024\" srcset=\"https:\/\/www.grupomedcof.com.br\/blog\/wp-content\/uploads\/2024\/03\/Blog-MedCof-22-1024x576.jpg 1024w, https:\/\/www.grupomedcof.com.br\/blog\/wp-content\/uploads\/2024\/03\/Blog-MedCof-22-300x169.jpg 300w, https:\/\/www.grupomedcof.com.br\/blog\/wp-content\/uploads\/2024\/03\/Blog-MedCof-22-768x432.jpg 768w, https:\/\/www.grupomedcof.com.br\/blog\/wp-content\/uploads\/2024\/03\/Blog-MedCof-22-1536x864.jpg 1536w, https:\/\/www.grupomedcof.com.br\/blog\/wp-content\/uploads\/2024\/03\/Blog-MedCof-22.jpg 1920w\" sizes=\"auto, (max-width: 800px) 100vw, 800px\" \/>\t\t\t\t\t\t\t\t\t\t\t\t\t\t\t\n\t\t<p>A Santa Casa de Miseric\u00f3rdia de Macei\u00f3 divulgou edital de processo seletivo para vagas remanescentes em Resid\u00eancia M\u00e9dica 2024.<strong> As inscri\u00e7\u00f5es ocorrer\u00e3o at\u00e9 dia 3 de mar\u00e7o.<\/strong><\/p>\t\t\n\t\t\t<h4>\n\t\t\t\tSum\u00e1rio\t\t\t<\/h4>\n\t\t<p><\/p>\n<p>De acordo com o Edital publicado pela Institui\u00e7\u00e3o, h\u00e1 <strong>sete vagas remanescentes em programas de pr\u00e9-requisito<\/strong>, sendo elas:\u00a0<\/p>\n<p>\u00a0<\/p>\n<p><\/p>\n<p><\/p>\n<ol class=\"wp-block-list\">\n<li style=\"list-style-type: none;\">\n<ol><\/ol>\n<\/li>\n<\/ol>\n<ol>\n<li style=\"list-style-type: none;\">\n<ol>\n<li>Cirurgia Oncol\u00f3gica, 2 vagas, pr\u00e9-requisito em Cirurgia Geral ou \u00c1rea Cir\u00fargica B\u00e1sica;<\/li>\n<\/ol>\n<\/li>\n<\/ol>\n<p><\/p>\n<p><\/p>\n<ol>\n<li style=\"list-style-type: none;\">\n<ol>\n<li>Medicina Intensiva Pedi\u00e1trica, 1 vaga, pr\u00e9-requisito em Pediatria ou Medicina Intensiva;<\/li>\n<\/ol>\n<\/li>\n<\/ol>\n<p><\/p>\n<p><\/p>\n<ol>\n<li style=\"list-style-type: none;\">\n<ol>\n<li>Nefrologia, 1 vaga, Cl\u00ednica M\u00e9dica;<\/li>\n<\/ol>\n<\/li>\n<\/ol>\n<p><\/p>\n<p><\/p>\n<ol>\n<li style=\"list-style-type: none;\">\n<ol>\n<li>Neonatologia, 2 vagas, Pediatria;<\/li>\n<\/ol>\n<\/li>\n<\/ol>\n<p><\/p>\n<p><\/p>\n<ol>\n<li style=\"list-style-type: none;\">\n<ol>\n<li>Oncologia Pedi\u00e1trica; 1 vaga; Pediatria.\u00a0\u00a0<\/li>\n<\/ol>\n<\/li>\n<\/ol>\n<p>\u00a0<\/p>\n<p><\/p>\n<p><\/p>\n<p><\/p>\n<p>Sendo assim, os interessados podem se inscrever de forma online pelo site da <a href=\"http:\/\/www.consesp.com.br\/\"><strong>Consesp<\/strong><\/a>.<\/p>\n<p>\u00a0<\/p>\n<p><\/p>\n<p><\/p>\n<p>Para realizar a inscri\u00e7\u00e3o, ser\u00e1 necess\u00e1rio realizar o pagamento da<strong> taxa no valor R$600,00<\/strong> via boleto banc\u00e1rio ou Pix at\u00e9 o \u00faltimo dia de inscri\u00e7\u00e3o. Confira no edital disponibilizado nesta p\u00e1gina as instru\u00e7\u00f5es detalhadas para inscri\u00e7\u00e3o.<\/p>\n<p><\/p>\n<p><\/p>\n<p><\/p>\t\t\n\t\t<h2><span class=\"ez-toc-section\" id=\"Como_funcionara_o_processo_seletivo\"><\/span><strong>Como funcionar\u00e1 o processo seletivo?<\/strong><span class=\"ez-toc-section-end\"><\/span><\/h2>\n<p>\u00a0<\/p>\n<p>As vagas dispon\u00edveis s\u00e3o apenas para Pr\u00e9-Requisito. Sendo assim, o processo ocorrer\u00e1 em apenas uma etapa composta por prova te\u00f3rica objetiva.<\/p>\n<p>\u00a0<\/p>\n<p>Os candidatos \u00e0 especialidade de Cirurgia Oncol\u00f3gica enfrentar\u00e3o um exame com 50 quest\u00f5es que abordam Cirurgia Geral. J\u00e1 os candidatos de Nefrologia enfrentar\u00e3o 50 quest\u00f5es sobre Cl\u00ednica M\u00e9dica.\u00a0<\/p>\n<p>\u00a0<\/p>\n<p>A prova para os interessados em Medicina Intensiva Pedi\u00e1trica ter\u00e1 25 quest\u00f5es de Medicina Intensiva e 25 quest\u00f5es de Pediatria. Por fim, os candidatos \u00e0 Neonatologia e Oncologia Pedi\u00e1trica far\u00e3o um exame com 50 quest\u00f5es sobre Pediatria.\u00a0<\/p>\n<p>\u00a0<\/p>\n<p>A aplica\u00e7\u00e3o da prova acontecer\u00e1 de forma virtual no dia 8 de mar\u00e7o, \u00e0s 9h00 (hor\u00e1rio de Bras\u00edlia).<\/p>\t\t\n\t\t<h2><span class=\"ez-toc-section\" id=\"Cronograma\"><\/span><strong>Cronograma<\/strong><span class=\"ez-toc-section-end\"><\/span><\/h2>\n<p>\u00a0<\/p>\n<ul>\n<li>Inscri\u00e7\u00f5es: 01 a 03\/03\/2024;<\/li>\n<li>Aplica\u00e7\u00e3o de Provas e divulga\u00e7\u00e3o do gabarito: 08\/03\/2024;<\/li>\n<li>Resultado final: 14\/03\/2024;<\/li>\n<li>Matr\u00edculas: 15\/03\/2024;\u00a0<\/li>\n<li>In\u00edcio das atividades: 18\/03\/2024.\u00a0<\/li>\n<\/ul>\n<p>\u00a0<\/p>\n<p>Para mais informa\u00e7\u00f5es, leia o Edital na \u00edntegra:<\/p>\t\t\n\t\t\t<a href=\"https:\/\/drive.google.com\/file\/d\/1ybsDrFIlN078bh79JbtwJcr3jBPEAt2o\/view?usp=drive_link\" target=\"_blank\" rel=\"noopener\">\n\t\t\t\t\t\tVagas Remanescentes Santa Casa Macei\u00f3 2024\n\t\t\t\t\t<\/a>\n\t\t\t<iframe src=\"https:\/\/www.grupomedcof.com.br\/blog\/wp-content\/plugins\/pdf-viewer-for-elementor\/assets\/pdfjs\/web\/viewer.html?file=https:\/\/www.grupomedcof.com.br\/blog\/wp-content\/uploads\/2024\/03\/grupomedcof_santa_casa_misericordia_maceio_vagas_remanescentes.pdf&amp;embedded=true\" style=\"display: block; margin-left: auto; margin-right: auto; width: 640px; height: 1020px;\" frameborder=\"1\" marginheight=\"0px\" marginwidth=\"0px\" allowfullscreen><\/iframe>\t\t\n\t\t<h2 id=\"h-o-metodo-da-sua-aprovacao\"><span class=\"ez-toc-section\" id=\"O_metodo_da_sua_aprovacao\"><\/span><strong>O m\u00e9todo da sua aprova\u00e7\u00e3o<\/strong><span class=\"ez-toc-section-end\"><\/span><\/h2>\n<p>\u00a0<\/p>\n<p>A metodologia do Grupo MedCof j\u00e1 aprovou mais de\u00a0<a href=\"https:\/\/www.grupomedcof.com.br\/blog\/presenca-da-medcof-nas-aprovacoes-em-residencia-medica-no-brasil\/\"><strong>10 mil residentes em todo o pa\u00eds<\/strong><\/a>. Quer entrar para nossa estat\u00edstica? Confira o conte\u00fado abaixo e outros dispon\u00edveis no canal do YouTube sobre como otimizar seus estudos usando nosso m\u00e9todo:<\/p>\t\t\n\t\t<iframe loading=\"lazy\" title=\"Dra. Mariah Menoci Mortean conta como otimizar os estudos para aprova\u00e7\u00e3o na USP-RP - EP #02\" width=\"696\" height=\"392\" src=\"https:\/\/www.youtube.com\/embed\/gxg5DALsw8I?feature=oembed\" frameborder=\"0\" allow=\"accelerometer; autoplay; clipboard-write; encrypted-media; gyroscope; picture-in-picture; web-share\" referrerpolicy=\"strict-origin-when-cross-origin\" allowfullscreen><\/iframe>","protected":false},"excerpt":{"rendered":"<p>A Santa Casa de Miseric\u00f3rdia de Macei\u00f3 divulgou edital de processo seletivo para vagas remanescentes em Resid\u00eancia M\u00e9dica 2024. As inscri\u00e7\u00f5es ocorrer\u00e3o at\u00e9 dia 3 de mar\u00e7o.\u00a0<\/p>\n","protected":false},"author":6,"featured_media":20682,"comment_status":"open","ping_status":"open","sticky":false,"template":"","format":"standard","meta":{"footnotes":""},"categories":[55,174],"tags":[93,109,117,68],"ppma_author":[3609],"class_list":{"0":"post-20669","1":"post","2":"type-post","3":"status-publish","4":"format-standard","5":"has-post-thumbnail","7":"category-carreira-medica","8":"category-residencia-medica","9":"tag-especialidades-medicas","10":"tag-pediatria","11":"tag-provas-de-residencia","12":"tag-residencia-medica"},"yoast_head":"<!-- This site is optimized with the Yoast SEO Premium plugin v24.3 (Yoast SEO v27.4) - https:\/\/yoast.com\/product\/yoast-seo-premium-wordpress\/ -->\n<title>Santa Casa de Macei\u00f3 abre vagas para resid\u00eancia m\u00e9dica 2024<\/title>\n<meta name=\"description\" content=\"A Santa Casa de Miseric\u00f3rdia de Macei\u00f3 divulgou edital de processo seletivo para vagas remanescentes em Resid\u00eancia M\u00e9dica 2024. As inscri...\" \/>\n<meta name=\"robots\" content=\"index, follow, max-snippet:-1, max-image-preview:large, max-video-preview:-1\" \/>\n<link rel=\"canonical\" href=\"https:\/\/www.grupomedcof.com.br\/blog\/santa-casa-de-maceio-abre-vagas-remanescentes-para-residencia-medica-2024\/\" \/>\n<meta property=\"og:locale\" content=\"pt_BR\" \/>\n<meta property=\"og:type\" content=\"article\" \/>\n<meta property=\"og:title\" content=\"Santa Casa de Macei\u00f3 abre vagas remanescentes para resid\u00eancia m\u00e9dica 2024\" \/>\n<meta property=\"og:description\" content=\"A Santa Casa de Miseric\u00f3rdia de Macei\u00f3 divulgou edital de processo seletivo para vagas remanescentes em Resid\u00eancia M\u00e9dica 2024. As inscri...\" \/>\n<meta property=\"og:url\" content=\"https:\/\/www.grupomedcof.com.br\/blog\/santa-casa-de-maceio-abre-vagas-remanescentes-para-residencia-medica-2024\/\" \/>\n<meta property=\"og:site_name\" content=\"Blog de Medcof: conte\u00fados, editais, revalida e mais!\" \/>\n<meta property=\"article:publisher\" content=\"https:\/\/www.facebook.com\/MedCofQbank\/\" \/>\n<meta property=\"article:published_time\" content=\"2024-03-01T20:07:30+00:00\" \/>\n<meta property=\"og:image\" content=\"https:\/\/www.grupomedcof.com.br\/blog\/wp-content\/uploads\/2024\/03\/Blog-MedCof-22.jpg\" \/>\n\t<meta property=\"og:image:width\" content=\"1920\" \/>\n\t<meta property=\"og:image:height\" content=\"1080\" \/>\n\t<meta property=\"og:image:type\" content=\"image\/jpeg\" \/>\n<meta name=\"author\" content=\"J\u00falia Moreira\" \/>\n<meta name=\"twitter:card\" content=\"summary_large_image\" \/>\n<meta name=\"twitter:label1\" content=\"Escrito por\" \/>\n\t<meta name=\"twitter:data1\" content=\"J\u00falia Moreira\" \/>\n\t<meta name=\"twitter:label2\" content=\"Est. tempo de leitura\" \/>\n\t<meta name=\"twitter:data2\" content=\"5 minutos\" \/>\n<script type=\"application\/ld+json\" class=\"yoast-schema-graph\">{\"@context\":\"https:\\\/\\\/schema.org\",\"@graph\":[{\"@type\":\"Article\",\"@id\":\"https:\\\/\\\/www.grupomedcof.com.br\\\/blog\\\/santa-casa-de-maceio-abre-vagas-remanescentes-para-residencia-medica-2024\\\/#article\",\"isPartOf\":{\"@id\":\"https:\\\/\\\/www.grupomedcof.com.br\\\/blog\\\/santa-casa-de-maceio-abre-vagas-remanescentes-para-residencia-medica-2024\\\/\"},\"author\":{\"name\":\"J\u00falia Moreira\",\"@id\":\"https:\\\/\\\/www.grupomedcof.com.br\\\/blog\\\/#\\\/schema\\\/person\\\/1375e0ce724529d7a1d8156ea7f8ceaa\"},\"headline\":\"Santa Casa de Macei\u00f3 abre vagas remanescentes para resid\u00eancia m\u00e9dica 2024\",\"datePublished\":\"2024-03-01T20:07:30+00:00\",\"mainEntityOfPage\":{\"@id\":\"https:\\\/\\\/www.grupomedcof.com.br\\\/blog\\\/santa-casa-de-maceio-abre-vagas-remanescentes-para-residencia-medica-2024\\\/\"},\"wordCount\":377,\"commentCount\":0,\"publisher\":{\"@id\":\"https:\\\/\\\/www.grupomedcof.com.br\\\/blog\\\/#organization\"},\"image\":{\"@id\":\"https:\\\/\\\/www.grupomedcof.com.br\\\/blog\\\/santa-casa-de-maceio-abre-vagas-remanescentes-para-residencia-medica-2024\\\/#primaryimage\"},\"thumbnailUrl\":\"https:\\\/\\\/www.grupomedcof.com.br\\\/blog\\\/wp-content\\\/uploads\\\/2024\\\/03\\\/Blog-MedCof-22.jpg\",\"keywords\":[\"Especialidades m\u00e9dicas\",\"Pediatria\",\"Provas de Resid\u00eancia\",\"Resid\u00eancia M\u00e9dica\"],\"articleSection\":[\"Carreira M\u00e9dica\",\"Resid\u00eancia m\u00e9dica: editais, resultados, temas quentes e mais\"],\"inLanguage\":\"pt-BR\"},{\"@type\":\"WebPage\",\"@id\":\"https:\\\/\\\/www.grupomedcof.com.br\\\/blog\\\/santa-casa-de-maceio-abre-vagas-remanescentes-para-residencia-medica-2024\\\/\",\"url\":\"https:\\\/\\\/www.grupomedcof.com.br\\\/blog\\\/santa-casa-de-maceio-abre-vagas-remanescentes-para-residencia-medica-2024\\\/\",\"name\":\"Santa Casa de Macei\u00f3 abre vagas para resid\u00eancia m\u00e9dica 2024\",\"isPartOf\":{\"@id\":\"https:\\\/\\\/www.grupomedcof.com.br\\\/blog\\\/#website\"},\"primaryImageOfPage\":{\"@id\":\"https:\\\/\\\/www.grupomedcof.com.br\\\/blog\\\/santa-casa-de-maceio-abre-vagas-remanescentes-para-residencia-medica-2024\\\/#primaryimage\"},\"image\":{\"@id\":\"https:\\\/\\\/www.grupomedcof.com.br\\\/blog\\\/santa-casa-de-maceio-abre-vagas-remanescentes-para-residencia-medica-2024\\\/#primaryimage\"},\"thumbnailUrl\":\"https:\\\/\\\/www.grupomedcof.com.br\\\/blog\\\/wp-content\\\/uploads\\\/2024\\\/03\\\/Blog-MedCof-22.jpg\",\"datePublished\":\"2024-03-01T20:07:30+00:00\",\"description\":\"A Santa Casa de Miseric\u00f3rdia de Macei\u00f3 divulgou edital de processo seletivo para vagas remanescentes em Resid\u00eancia M\u00e9dica 2024. As inscri...\",\"breadcrumb\":{\"@id\":\"https:\\\/\\\/www.grupomedcof.com.br\\\/blog\\\/santa-casa-de-maceio-abre-vagas-remanescentes-para-residencia-medica-2024\\\/#breadcrumb\"},\"inLanguage\":\"pt-BR\",\"potentialAction\":[{\"@type\":\"ReadAction\",\"target\":[\"https:\\\/\\\/www.grupomedcof.com.br\\\/blog\\\/santa-casa-de-maceio-abre-vagas-remanescentes-para-residencia-medica-2024\\\/\"]}]},{\"@type\":\"ImageObject\",\"inLanguage\":\"pt-BR\",\"@id\":\"https:\\\/\\\/www.grupomedcof.com.br\\\/blog\\\/santa-casa-de-maceio-abre-vagas-remanescentes-para-residencia-medica-2024\\\/#primaryimage\",\"url\":\"https:\\\/\\\/www.grupomedcof.com.br\\\/blog\\\/wp-content\\\/uploads\\\/2024\\\/03\\\/Blog-MedCof-22.jpg\",\"contentUrl\":\"https:\\\/\\\/www.grupomedcof.com.br\\\/blog\\\/wp-content\\\/uploads\\\/2024\\\/03\\\/Blog-MedCof-22.jpg\",\"width\":1920,\"height\":1080,\"caption\":\"santa casa de miseric\u00f3rdia macei\u00f3 vagas remanescentes resid\u00eancia m\u00e9dica 2024\"},{\"@type\":\"BreadcrumbList\",\"@id\":\"https:\\\/\\\/www.grupomedcof.com.br\\\/blog\\\/santa-casa-de-maceio-abre-vagas-remanescentes-para-residencia-medica-2024\\\/#breadcrumb\",\"itemListElement\":[{\"@type\":\"ListItem\",\"position\":1,\"name\":\"In\u00edcio\",\"item\":\"https:\\\/\\\/www.grupomedcof.com.br\\\/blog\\\/\"},{\"@type\":\"ListItem\",\"position\":2,\"name\":\"Santa Casa de Macei\u00f3 abre vagas remanescentes para resid\u00eancia m\u00e9dica 2024\"}]},{\"@type\":\"WebSite\",\"@id\":\"https:\\\/\\\/www.grupomedcof.com.br\\\/blog\\\/#website\",\"url\":\"https:\\\/\\\/www.grupomedcof.com.br\\\/blog\\\/\",\"name\":\"Blog de Medcof: conte\u00fados, editais, revalida e mais!\",\"description\":\"Acesso o blog de MedCof! Seu portal de conte\u00fados sobre resid\u00eancia m\u00e9dica, an\u00e1lise e editais e muito mais. Clique e confira!\",\"publisher\":{\"@id\":\"https:\\\/\\\/www.grupomedcof.com.br\\\/blog\\\/#organization\"},\"alternateName\":\"Blog de Medcof: conte\u00fados, editais, revalida e mais!\",\"potentialAction\":[{\"@type\":\"SearchAction\",\"target\":{\"@type\":\"EntryPoint\",\"urlTemplate\":\"https:\\\/\\\/www.grupomedcof.com.br\\\/blog\\\/?s={search_term_string}\"},\"query-input\":{\"@type\":\"PropertyValueSpecification\",\"valueRequired\":true,\"valueName\":\"search_term_string\"}}],\"inLanguage\":\"pt-BR\"},{\"@type\":\"Organization\",\"@id\":\"https:\\\/\\\/www.grupomedcof.com.br\\\/blog\\\/#organization\",\"name\":\"Grupo MedCof\",\"url\":\"https:\\\/\\\/www.grupomedcof.com.br\\\/blog\\\/\",\"logo\":{\"@type\":\"ImageObject\",\"inLanguage\":\"pt-BR\",\"@id\":\"https:\\\/\\\/www.grupomedcof.com.br\\\/blog\\\/#\\\/schema\\\/logo\\\/image\\\/\",\"url\":\"https:\\\/\\\/www.grupomedcof.com.br\\\/blog\\\/wp-content\\\/uploads\\\/2022\\\/01\\\/logo-medcof.png\",\"contentUrl\":\"https:\\\/\\\/www.grupomedcof.com.br\\\/blog\\\/wp-content\\\/uploads\\\/2022\\\/01\\\/logo-medcof.png\",\"width\":768,\"height\":269,\"caption\":\"Grupo MedCof\"},\"image\":{\"@id\":\"https:\\\/\\\/www.grupomedcof.com.br\\\/blog\\\/#\\\/schema\\\/logo\\\/image\\\/\"},\"sameAs\":[\"https:\\\/\\\/www.facebook.com\\\/MedCofQbank\\\/\",\"https:\\\/\\\/www.instagram.com\\\/grupomedcof\\\/\",\"https:\\\/\\\/br.linkedin.com\\\/company\\\/medcof\",\"https:\\\/\\\/www.youtube.com\\\/channel\\\/UCdHMuOHKICxcHwecxN8P-AA\"]},{\"@type\":\"Person\",\"@id\":\"https:\\\/\\\/www.grupomedcof.com.br\\\/blog\\\/#\\\/schema\\\/person\\\/1375e0ce724529d7a1d8156ea7f8ceaa\",\"name\":\"J\u00falia Moreira\",\"image\":{\"@type\":\"ImageObject\",\"inLanguage\":\"pt-BR\",\"@id\":\"https:\\\/\\\/www.grupomedcof.com.br\\\/blog\\\/wp-content\\\/uploads\\\/2024\\\/12\\\/cropped-Captura-de-tela-2023-12-15-094946-96x96.png6a0083ac34a0445de97d55fae63a4a41\",\"url\":\"https:\\\/\\\/www.grupomedcof.com.br\\\/blog\\\/wp-content\\\/uploads\\\/2024\\\/12\\\/cropped-Captura-de-tela-2023-12-15-094946-96x96.png\",\"contentUrl\":\"https:\\\/\\\/www.grupomedcof.com.br\\\/blog\\\/wp-content\\\/uploads\\\/2024\\\/12\\\/cropped-Captura-de-tela-2023-12-15-094946-96x96.png\",\"caption\":\"J\u00falia Moreira\"},\"description\":\"Estudante do 8\u00ba semestre de Jornalismo na ECA-USP, f\u00e3 de filmes de terror e m\u00fasica popular sul-coreana.\",\"sameAs\":[\"https:\\\/\\\/www.grupomedcof.com.br\\\/\"],\"url\":\"https:\\\/\\\/www.grupomedcof.com.br\\\/blog\\\/author\\\/julia\\\/\"}]}<\/script>\n<!-- \/ Yoast SEO Premium plugin. -->","yoast_head_json":{"title":"Santa Casa de Macei\u00f3 abre vagas para resid\u00eancia m\u00e9dica 2024","description":"A Santa Casa de Miseric\u00f3rdia de Macei\u00f3 divulgou edital de processo seletivo para vagas remanescentes em Resid\u00eancia M\u00e9dica 2024. As inscri...","robots":{"index":"index","follow":"follow","max-snippet":"max-snippet:-1","max-image-preview":"max-image-preview:large","max-video-preview":"max-video-preview:-1"},"canonical":"https:\/\/www.grupomedcof.com.br\/blog\/santa-casa-de-maceio-abre-vagas-remanescentes-para-residencia-medica-2024\/","og_locale":"pt_BR","og_type":"article","og_title":"Santa Casa de Macei\u00f3 abre vagas remanescentes para resid\u00eancia m\u00e9dica 2024","og_description":"A Santa Casa de Miseric\u00f3rdia de Macei\u00f3 divulgou edital de processo seletivo para vagas remanescentes em Resid\u00eancia M\u00e9dica 2024. As inscri...","og_url":"https:\/\/www.grupomedcof.com.br\/blog\/santa-casa-de-maceio-abre-vagas-remanescentes-para-residencia-medica-2024\/","og_site_name":"Blog de Medcof: conte\u00fados, editais, revalida e mais!","article_publisher":"https:\/\/www.facebook.com\/MedCofQbank\/","article_published_time":"2024-03-01T20:07:30+00:00","og_image":[{"width":1920,"height":1080,"url":"https:\/\/www.grupomedcof.com.br\/blog\/wp-content\/uploads\/2024\/03\/Blog-MedCof-22.jpg","type":"image\/jpeg"}],"author":"J\u00falia Moreira","twitter_card":"summary_large_image","twitter_misc":{"Escrito por":"J\u00falia Moreira","Est. tempo de leitura":"5 minutos"},"schema":{"@context":"https:\/\/schema.org","@graph":[{"@type":"Article","@id":"https:\/\/www.grupomedcof.com.br\/blog\/santa-casa-de-maceio-abre-vagas-remanescentes-para-residencia-medica-2024\/#article","isPartOf":{"@id":"https:\/\/www.grupomedcof.com.br\/blog\/santa-casa-de-maceio-abre-vagas-remanescentes-para-residencia-medica-2024\/"},"author":{"name":"J\u00falia Moreira","@id":"https:\/\/www.grupomedcof.com.br\/blog\/#\/schema\/person\/1375e0ce724529d7a1d8156ea7f8ceaa"},"headline":"Santa Casa de Macei\u00f3 abre vagas remanescentes para resid\u00eancia m\u00e9dica 2024","datePublished":"2024-03-01T20:07:30+00:00","mainEntityOfPage":{"@id":"https:\/\/www.grupomedcof.com.br\/blog\/santa-casa-de-maceio-abre-vagas-remanescentes-para-residencia-medica-2024\/"},"wordCount":377,"commentCount":0,"publisher":{"@id":"https:\/\/www.grupomedcof.com.br\/blog\/#organization"},"image":{"@id":"https:\/\/www.grupomedcof.com.br\/blog\/santa-casa-de-maceio-abre-vagas-remanescentes-para-residencia-medica-2024\/#primaryimage"},"thumbnailUrl":"https:\/\/www.grupomedcof.com.br\/blog\/wp-content\/uploads\/2024\/03\/Blog-MedCof-22.jpg","keywords":["Especialidades m\u00e9dicas","Pediatria","Provas de Resid\u00eancia","Resid\u00eancia M\u00e9dica"],"articleSection":["Carreira M\u00e9dica","Resid\u00eancia m\u00e9dica: editais, resultados, temas quentes e mais"],"inLanguage":"pt-BR"},{"@type":"WebPage","@id":"https:\/\/www.grupomedcof.com.br\/blog\/santa-casa-de-maceio-abre-vagas-remanescentes-para-residencia-medica-2024\/","url":"https:\/\/www.grupomedcof.com.br\/blog\/santa-casa-de-maceio-abre-vagas-remanescentes-para-residencia-medica-2024\/","name":"Santa Casa de Macei\u00f3 abre vagas para resid\u00eancia m\u00e9dica 2024","isPartOf":{"@id":"https:\/\/www.grupomedcof.com.br\/blog\/#website"},"primaryImageOfPage":{"@id":"https:\/\/www.grupomedcof.com.br\/blog\/santa-casa-de-maceio-abre-vagas-remanescentes-para-residencia-medica-2024\/#primaryimage"},"image":{"@id":"https:\/\/www.grupomedcof.com.br\/blog\/santa-casa-de-maceio-abre-vagas-remanescentes-para-residencia-medica-2024\/#primaryimage"},"thumbnailUrl":"https:\/\/www.grupomedcof.com.br\/blog\/wp-content\/uploads\/2024\/03\/Blog-MedCof-22.jpg","datePublished":"2024-03-01T20:07:30+00:00","description":"A Santa Casa de Miseric\u00f3rdia de Macei\u00f3 divulgou edital de processo seletivo para vagas remanescentes em Resid\u00eancia M\u00e9dica 2024. As inscri...","breadcrumb":{"@id":"https:\/\/www.grupomedcof.com.br\/blog\/santa-casa-de-maceio-abre-vagas-remanescentes-para-residencia-medica-2024\/#breadcrumb"},"inLanguage":"pt-BR","potentialAction":[{"@type":"ReadAction","target":["https:\/\/www.grupomedcof.com.br\/blog\/santa-casa-de-maceio-abre-vagas-remanescentes-para-residencia-medica-2024\/"]}]},{"@type":"ImageObject","inLanguage":"pt-BR","@id":"https:\/\/www.grupomedcof.com.br\/blog\/santa-casa-de-maceio-abre-vagas-remanescentes-para-residencia-medica-2024\/#primaryimage","url":"https:\/\/www.grupomedcof.com.br\/blog\/wp-content\/uploads\/2024\/03\/Blog-MedCof-22.jpg","contentUrl":"https:\/\/www.grupomedcof.com.br\/blog\/wp-content\/uploads\/2024\/03\/Blog-MedCof-22.jpg","width":1920,"height":1080,"caption":"santa casa de miseric\u00f3rdia macei\u00f3 vagas remanescentes resid\u00eancia m\u00e9dica 2024"},{"@type":"BreadcrumbList","@id":"https:\/\/www.grupomedcof.com.br\/blog\/santa-casa-de-maceio-abre-vagas-remanescentes-para-residencia-medica-2024\/#breadcrumb","itemListElement":[{"@type":"ListItem","position":1,"name":"In\u00edcio","item":"https:\/\/www.grupomedcof.com.br\/blog\/"},{"@type":"ListItem","position":2,"name":"Santa Casa de Macei\u00f3 abre vagas remanescentes para resid\u00eancia m\u00e9dica 2024"}]},{"@type":"WebSite","@id":"https:\/\/www.grupomedcof.com.br\/blog\/#website","url":"https:\/\/www.grupomedcof.com.br\/blog\/","name":"Blog de Medcof: conte\u00fados, editais, revalida e mais!","description":"Acesso o blog de MedCof! Seu portal de conte\u00fados sobre resid\u00eancia m\u00e9dica, an\u00e1lise e editais e muito mais. Clique e confira!","publisher":{"@id":"https:\/\/www.grupomedcof.com.br\/blog\/#organization"},"alternateName":"Blog de Medcof: conte\u00fados, editais, revalida e mais!","potentialAction":[{"@type":"SearchAction","target":{"@type":"EntryPoint","urlTemplate":"https:\/\/www.grupomedcof.com.br\/blog\/?s={search_term_string}"},"query-input":{"@type":"PropertyValueSpecification","valueRequired":true,"valueName":"search_term_string"}}],"inLanguage":"pt-BR"},{"@type":"Organization","@id":"https:\/\/www.grupomedcof.com.br\/blog\/#organization","name":"Grupo MedCof","url":"https:\/\/www.grupomedcof.com.br\/blog\/","logo":{"@type":"ImageObject","inLanguage":"pt-BR","@id":"https:\/\/www.grupomedcof.com.br\/blog\/#\/schema\/logo\/image\/","url":"https:\/\/www.grupomedcof.com.br\/blog\/wp-content\/uploads\/2022\/01\/logo-medcof.png","contentUrl":"https:\/\/www.grupomedcof.com.br\/blog\/wp-content\/uploads\/2022\/01\/logo-medcof.png","width":768,"height":269,"caption":"Grupo MedCof"},"image":{"@id":"https:\/\/www.grupomedcof.com.br\/blog\/#\/schema\/logo\/image\/"},"sameAs":["https:\/\/www.facebook.com\/MedCofQbank\/","https:\/\/www.instagram.com\/grupomedcof\/","https:\/\/br.linkedin.com\/company\/medcof","https:\/\/www.youtube.com\/channel\/UCdHMuOHKICxcHwecxN8P-AA"]},{"@type":"Person","@id":"https:\/\/www.grupomedcof.com.br\/blog\/#\/schema\/person\/1375e0ce724529d7a1d8156ea7f8ceaa","name":"J\u00falia Moreira","image":{"@type":"ImageObject","inLanguage":"pt-BR","@id":"https:\/\/www.grupomedcof.com.br\/blog\/wp-content\/uploads\/2024\/12\/cropped-Captura-de-tela-2023-12-15-094946-96x96.png6a0083ac34a0445de97d55fae63a4a41","url":"https:\/\/www.grupomedcof.com.br\/blog\/wp-content\/uploads\/2024\/12\/cropped-Captura-de-tela-2023-12-15-094946-96x96.png","contentUrl":"https:\/\/www.grupomedcof.com.br\/blog\/wp-content\/uploads\/2024\/12\/cropped-Captura-de-tela-2023-12-15-094946-96x96.png","caption":"J\u00falia Moreira"},"description":"Estudante do 8\u00ba semestre de Jornalismo na ECA-USP, f\u00e3 de filmes de terror e m\u00fasica popular sul-coreana.","sameAs":["https:\/\/www.grupomedcof.com.br\/"],"url":"https:\/\/www.grupomedcof.com.br\/blog\/author\/julia\/"}]}},"authors":[{"term_id":3609,"user_id":6,"is_guest":0,"slug":"julia","display_name":"J\u00falia Moreira","avatar_url":"https:\/\/www.grupomedcof.com.br\/blog\/wp-content\/uploads\/2024\/12\/cropped-Captura-de-tela-2023-12-15-094946-96x96.png","0":null,"1":"","2":"","3":"","4":"","5":"","6":"","7":"","8":""}],"_links":{"self":[{"href":"https:\/\/www.grupomedcof.com.br\/blog\/wp-json\/wp\/v2\/posts\/20669","targetHints":{"allow":["GET"]}}],"collection":[{"href":"https:\/\/www.grupomedcof.com.br\/blog\/wp-json\/wp\/v2\/posts"}],"about":[{"href":"https:\/\/www.grupomedcof.com.br\/blog\/wp-json\/wp\/v2\/types\/post"}],"author":[{"embeddable":true,"href":"https:\/\/www.grupomedcof.com.br\/blog\/wp-json\/wp\/v2\/users\/6"}],"replies":[{"embeddable":true,"href":"https:\/\/www.grupomedcof.com.br\/blog\/wp-json\/wp\/v2\/comments?post=20669"}],"version-history":[{"count":0,"href":"https:\/\/www.grupomedcof.com.br\/blog\/wp-json\/wp\/v2\/posts\/20669\/revisions"}],"wp:featuredmedia":[{"embeddable":true,"href":"https:\/\/www.grupomedcof.com.br\/blog\/wp-json\/wp\/v2\/media\/20682"}],"wp:attachment":[{"href":"https:\/\/www.grupomedcof.com.br\/blog\/wp-json\/wp\/v2\/media?parent=20669"}],"wp:term":[{"taxonomy":"category","embeddable":true,"href":"https:\/\/www.grupomedcof.com.br\/blog\/wp-json\/wp\/v2\/categories?post=20669"},{"taxonomy":"post_tag","embeddable":true,"href":"https:\/\/www.grupomedcof.com.br\/blog\/wp-json\/wp\/v2\/tags?post=20669"},{"taxonomy":"author","embeddable":true,"href":"https:\/\/www.grupomedcof.com.br\/blog\/wp-json\/wp\/v2\/ppma_author?post=20669"}],"curies":[{"name":"wp","href":"https:\/\/api.w.org\/{rel}","templated":true}]}}