{"id":20742,"date":"2024-03-06T13:40:32","date_gmt":"2024-03-06T16:40:32","guid":{"rendered":"https:\/\/www.grupomedcof.com.br\/blog\/?p=20742"},"modified":"2026-04-24T17:36:56","modified_gmt":"2026-04-24T20:36:56","slug":"saiba-como-aferir-e-avaliar-a-pressao-arterial-em-criancas","status":"publish","type":"post","link":"https:\/\/www.grupomedcof.com.br\/blog\/saiba-como-aferir-e-avaliar-a-pressao-arterial-em-criancas\/","title":{"rendered":"Press\u00e3o arterial em crian\u00e7as: saiba como aferir e avaliar"},"content":{"rendered":"<div id=\"ez-toc-container\" class=\"ez-toc-v2_0_74 counter-hierarchy ez-toc-counter ez-toc-transparent ez-toc-container-direction\">\n<div class=\"ez-toc-title-container\">\n<p class=\"ez-toc-title\" style=\"cursor:inherit\">Sum\u00e1rio<\/p>\n<span class=\"ez-toc-title-toggle\"><a href=\"#\" class=\"ez-toc-pull-right ez-toc-btn ez-toc-btn-xs ez-toc-btn-default ez-toc-toggle\" aria-label=\"Alternar tabela de conte\u00fado\"><span class=\"ez-toc-js-icon-con\"><span class=\"\"><span class=\"eztoc-hide\" style=\"display:none;\">Toggle<\/span><span class=\"ez-toc-icon-toggle-span\"><svg style=\"fill: #999;color:#999\" xmlns=\"http:\/\/www.w3.org\/2000\/svg\" class=\"list-377408\" width=\"20px\" height=\"20px\" viewBox=\"0 0 24 24\" fill=\"none\"><path d=\"M6 6H4v2h2V6zm14 0H8v2h12V6zM4 11h2v2H4v-2zm16 0H8v2h12v-2zM4 16h2v2H4v-2zm16 0H8v2h12v-2z\" fill=\"currentColor\"><\/path><\/svg><svg style=\"fill: #999;color:#999\" class=\"arrow-unsorted-368013\" xmlns=\"http:\/\/www.w3.org\/2000\/svg\" width=\"10px\" height=\"10px\" viewBox=\"0 0 24 24\" version=\"1.2\" baseProfile=\"tiny\"><path d=\"M18.2 9.3l-6.2-6.3-6.2 6.3c-.2.2-.3.4-.3.7s.1.5.3.7c.2.2.4.3.7.3h11c.3 0 .5-.1.7-.3.2-.2.3-.5.3-.7s-.1-.5-.3-.7zM5.8 14.7l6.2 6.3 6.2-6.3c.2-.2.3-.5.3-.7s-.1-.5-.3-.7c-.2-.2-.4-.3-.7-.3h-11c-.3 0-.5.1-.7.3-.2.2-.3.5-.3.7s.1.5.3.7z\"\/><\/svg><\/span><\/span><\/span><\/a><\/span><\/div>\n<nav><ul class='ez-toc-list ez-toc-list-level-1 ' ><li class='ez-toc-page-1 ez-toc-heading-level-2'><a class=\"ez-toc-link ez-toc-heading-1\" href=\"https:\/\/www.grupomedcof.com.br\/blog\/saiba-como-aferir-e-avaliar-a-pressao-arterial-em-criancas\/#Tecnica_de_Afericao_de_PA_em_criancas\" >T\u00e9cnica de Aferi\u00e7\u00e3o de PA em crian\u00e7as<\/a><\/li><li class='ez-toc-page-1 ez-toc-heading-level-2'><a class=\"ez-toc-link ez-toc-heading-2\" href=\"https:\/\/www.grupomedcof.com.br\/blog\/saiba-como-aferir-e-avaliar-a-pressao-arterial-em-criancas\/#Avaliacao\" >Avalia\u00e7\u00e3o<\/a><\/li><li class='ez-toc-page-1 ez-toc-heading-level-2'><a class=\"ez-toc-link ez-toc-heading-3\" href=\"https:\/\/www.grupomedcof.com.br\/blog\/saiba-como-aferir-e-avaliar-a-pressao-arterial-em-criancas\/#E_se_der_alterado\" >E se der alterado?<\/a><\/li><li class='ez-toc-page-1 ez-toc-heading-level-2'><a class=\"ez-toc-link ez-toc-heading-4\" href=\"https:\/\/www.grupomedcof.com.br\/blog\/saiba-como-aferir-e-avaliar-a-pressao-arterial-em-criancas\/#Classificacao\" >Classifica\u00e7\u00e3o<\/a><\/li><li class='ez-toc-page-1 ez-toc-heading-level-2'><a class=\"ez-toc-link ez-toc-heading-5\" href=\"https:\/\/www.grupomedcof.com.br\/blog\/saiba-como-aferir-e-avaliar-a-pressao-arterial-em-criancas\/#Use_a_metodologia_do_Grupo_MedCof_e_conquiste_sua_aprovacao%E2%80%8B\" >Use a metodologia do Grupo MedCof e conquiste sua aprova\u00e7\u00e3o\u200b<\/a><\/li><li class='ez-toc-page-1 ez-toc-heading-level-2'><a class=\"ez-toc-link ez-toc-heading-6\" href=\"https:\/\/www.grupomedcof.com.br\/blog\/saiba-como-aferir-e-avaliar-a-pressao-arterial-em-criancas\/#Avaliacao-2\" >Avalia\u00e7\u00e3o<\/a><\/li><li class='ez-toc-page-1 ez-toc-heading-level-2'><a class=\"ez-toc-link ez-toc-heading-7\" href=\"https:\/\/www.grupomedcof.com.br\/blog\/saiba-como-aferir-e-avaliar-a-pressao-arterial-em-criancas\/#E_se_der_alterado-2\" >E se der alterado?<\/a><\/li><li class='ez-toc-page-1 ez-toc-heading-level-2'><a class=\"ez-toc-link ez-toc-heading-8\" href=\"https:\/\/www.grupomedcof.com.br\/blog\/saiba-como-aferir-e-avaliar-a-pressao-arterial-em-criancas\/#Classificacao-2\" >Classifica\u00e7\u00e3o<\/a><\/li><li class='ez-toc-page-1 ez-toc-heading-level-2'><a class=\"ez-toc-link ez-toc-heading-9\" href=\"https:\/\/www.grupomedcof.com.br\/blog\/saiba-como-aferir-e-avaliar-a-pressao-arterial-em-criancas\/#Use_a_metodologia_do_Grupo_MedCof_e_conquiste_sua_aprovacao%E2%80%8B-2\" >Use a metodologia do Grupo MedCof e conquiste sua aprova\u00e7\u00e3o\u200b<\/a><\/li><li class='ez-toc-page-1 ez-toc-heading-level-2'><a class=\"ez-toc-link ez-toc-heading-10\" href=\"https:\/\/www.grupomedcof.com.br\/blog\/saiba-como-aferir-e-avaliar-a-pressao-arterial-em-criancas\/#Avaliacao-3\" >Avalia\u00e7\u00e3o<\/a><\/li><li class='ez-toc-page-1 ez-toc-heading-level-2'><a class=\"ez-toc-link ez-toc-heading-11\" href=\"https:\/\/www.grupomedcof.com.br\/blog\/saiba-como-aferir-e-avaliar-a-pressao-arterial-em-criancas\/#E_se_der_alterado-3\" >E se der alterado?<\/a><\/li><li class='ez-toc-page-1 ez-toc-heading-level-2'><a class=\"ez-toc-link ez-toc-heading-12\" href=\"https:\/\/www.grupomedcof.com.br\/blog\/saiba-como-aferir-e-avaliar-a-pressao-arterial-em-criancas\/#Classificacao-3\" >Classifica\u00e7\u00e3o<\/a><\/li><li class='ez-toc-page-1 ez-toc-heading-level-2'><a class=\"ez-toc-link ez-toc-heading-13\" href=\"https:\/\/www.grupomedcof.com.br\/blog\/saiba-como-aferir-e-avaliar-a-pressao-arterial-em-criancas\/#Use_a_metodologia_do_Grupo_MedCof_e_conquiste_sua_aprovacao%E2%80%8B-3\" >Use a metodologia do Grupo MedCof e conquiste sua aprova\u00e7\u00e3o\u200b<\/a><\/li><li class='ez-toc-page-1 ez-toc-heading-level-2'><a class=\"ez-toc-link ez-toc-heading-14\" href=\"https:\/\/www.grupomedcof.com.br\/blog\/saiba-como-aferir-e-avaliar-a-pressao-arterial-em-criancas\/#Avaliacao-4\" >Avalia\u00e7\u00e3o<\/a><\/li><li class='ez-toc-page-1 ez-toc-heading-level-2'><a class=\"ez-toc-link ez-toc-heading-15\" href=\"https:\/\/www.grupomedcof.com.br\/blog\/saiba-como-aferir-e-avaliar-a-pressao-arterial-em-criancas\/#E_se_der_alterado-4\" >E se der alterado?<\/a><\/li><li class='ez-toc-page-1 ez-toc-heading-level-2'><a class=\"ez-toc-link ez-toc-heading-16\" href=\"https:\/\/www.grupomedcof.com.br\/blog\/saiba-como-aferir-e-avaliar-a-pressao-arterial-em-criancas\/#Classificacao-4\" >Classifica\u00e7\u00e3o<\/a><\/li><li class='ez-toc-page-1 ez-toc-heading-level-2'><a class=\"ez-toc-link ez-toc-heading-17\" href=\"https:\/\/www.grupomedcof.com.br\/blog\/saiba-como-aferir-e-avaliar-a-pressao-arterial-em-criancas\/#Use_a_metodologia_do_Grupo_MedCof_e_conquiste_sua_aprovacao%E2%80%8B-4\" >Use a metodologia do Grupo MedCof e conquiste sua aprova\u00e7\u00e3o\u200b<\/a><\/li><li class='ez-toc-page-1 ez-toc-heading-level-2'><a class=\"ez-toc-link ez-toc-heading-18\" href=\"https:\/\/www.grupomedcof.com.br\/blog\/saiba-como-aferir-e-avaliar-a-pressao-arterial-em-criancas\/#Avaliacao-5\" >Avalia\u00e7\u00e3o<\/a><\/li><li class='ez-toc-page-1 ez-toc-heading-level-2'><a class=\"ez-toc-link ez-toc-heading-19\" href=\"https:\/\/www.grupomedcof.com.br\/blog\/saiba-como-aferir-e-avaliar-a-pressao-arterial-em-criancas\/#E_se_der_alterado-5\" >E se der alterado?<\/a><\/li><li class='ez-toc-page-1 ez-toc-heading-level-2'><a class=\"ez-toc-link ez-toc-heading-20\" href=\"https:\/\/www.grupomedcof.com.br\/blog\/saiba-como-aferir-e-avaliar-a-pressao-arterial-em-criancas\/#Classificacao-5\" >Classifica\u00e7\u00e3o<\/a><\/li><li class='ez-toc-page-1 ez-toc-heading-level-2'><a class=\"ez-toc-link ez-toc-heading-21\" href=\"https:\/\/www.grupomedcof.com.br\/blog\/saiba-como-aferir-e-avaliar-a-pressao-arterial-em-criancas\/#Use_a_metodologia_do_Grupo_MedCof_e_conquiste_sua_aprovacao%E2%80%8B-5\" >Use a metodologia do Grupo MedCof e conquiste sua aprova\u00e7\u00e3o\u200b<\/a><\/li><li class='ez-toc-page-1 ez-toc-heading-level-2'><a class=\"ez-toc-link ez-toc-heading-22\" href=\"https:\/\/www.grupomedcof.com.br\/blog\/saiba-como-aferir-e-avaliar-a-pressao-arterial-em-criancas\/#Avaliacao-6\" >Avalia\u00e7\u00e3o<\/a><\/li><li class='ez-toc-page-1 ez-toc-heading-level-2'><a class=\"ez-toc-link ez-toc-heading-23\" href=\"https:\/\/www.grupomedcof.com.br\/blog\/saiba-como-aferir-e-avaliar-a-pressao-arterial-em-criancas\/#E_se_der_alterado-6\" >E se der alterado?<\/a><\/li><li class='ez-toc-page-1 ez-toc-heading-level-2'><a class=\"ez-toc-link ez-toc-heading-24\" href=\"https:\/\/www.grupomedcof.com.br\/blog\/saiba-como-aferir-e-avaliar-a-pressao-arterial-em-criancas\/#Classificacao-6\" >Classifica\u00e7\u00e3o<\/a><\/li><li class='ez-toc-page-1 ez-toc-heading-level-2'><a class=\"ez-toc-link ez-toc-heading-25\" href=\"https:\/\/www.grupomedcof.com.br\/blog\/saiba-como-aferir-e-avaliar-a-pressao-arterial-em-criancas\/#Use_a_metodologia_do_Grupo_MedCof_e_conquiste_sua_aprovacao%E2%80%8B-6\" >Use a metodologia do Grupo MedCof e conquiste sua aprova\u00e7\u00e3o\u200b<\/a><\/li><li class='ez-toc-page-1 ez-toc-heading-level-2'><a class=\"ez-toc-link ez-toc-heading-26\" href=\"https:\/\/www.grupomedcof.com.br\/blog\/saiba-como-aferir-e-avaliar-a-pressao-arterial-em-criancas\/#Avaliacao-7\" >Avalia\u00e7\u00e3o<\/a><\/li><li class='ez-toc-page-1 ez-toc-heading-level-2'><a class=\"ez-toc-link ez-toc-heading-27\" href=\"https:\/\/www.grupomedcof.com.br\/blog\/saiba-como-aferir-e-avaliar-a-pressao-arterial-em-criancas\/#E_se_der_alterado-7\" >E se der alterado?<\/a><\/li><li class='ez-toc-page-1 ez-toc-heading-level-2'><a class=\"ez-toc-link ez-toc-heading-28\" href=\"https:\/\/www.grupomedcof.com.br\/blog\/saiba-como-aferir-e-avaliar-a-pressao-arterial-em-criancas\/#Classificacao-7\" >Classifica\u00e7\u00e3o<\/a><\/li><li class='ez-toc-page-1 ez-toc-heading-level-2'><a class=\"ez-toc-link ez-toc-heading-29\" href=\"https:\/\/www.grupomedcof.com.br\/blog\/saiba-como-aferir-e-avaliar-a-pressao-arterial-em-criancas\/#Use_a_metodologia_do_Grupo_MedCof_e_conquiste_sua_aprovacao%E2%80%8B-7\" >Use a metodologia do Grupo MedCof e conquiste sua aprova\u00e7\u00e3o\u200b<\/a><\/li><li class='ez-toc-page-1 ez-toc-heading-level-2'><a class=\"ez-toc-link ez-toc-heading-30\" href=\"https:\/\/www.grupomedcof.com.br\/blog\/saiba-como-aferir-e-avaliar-a-pressao-arterial-em-criancas\/#Avaliacao-8\" >Avalia\u00e7\u00e3o<\/a><\/li><li class='ez-toc-page-1 ez-toc-heading-level-2'><a class=\"ez-toc-link ez-toc-heading-31\" href=\"https:\/\/www.grupomedcof.com.br\/blog\/saiba-como-aferir-e-avaliar-a-pressao-arterial-em-criancas\/#E_se_der_alterado-8\" >E se der alterado?<\/a><\/li><li class='ez-toc-page-1 ez-toc-heading-level-2'><a class=\"ez-toc-link ez-toc-heading-32\" href=\"https:\/\/www.grupomedcof.com.br\/blog\/saiba-como-aferir-e-avaliar-a-pressao-arterial-em-criancas\/#Classificacao-8\" >Classifica\u00e7\u00e3o<\/a><\/li><li class='ez-toc-page-1 ez-toc-heading-level-2'><a class=\"ez-toc-link ez-toc-heading-33\" href=\"https:\/\/www.grupomedcof.com.br\/blog\/saiba-como-aferir-e-avaliar-a-pressao-arterial-em-criancas\/#Use_a_metodologia_do_Grupo_MedCof_e_conquiste_sua_aprovacao%E2%80%8B-8\" >Use a metodologia do Grupo MedCof e conquiste sua aprova\u00e7\u00e3o\u200b<\/a><\/li><\/ul><\/nav><\/div>\n<img loading=\"lazy\" decoding=\"async\" width=\"800\" height=\"450\" src=\"https:\/\/www.grupomedcof.com.br\/blog\/wp-content\/uploads\/2024\/03\/Blog-MedCof-12-1024x576.png\" alt=\"Saiba como aferir e avaliar a press\u00e3o arterial em crian\u00e7as.\" srcset=\"https:\/\/www.grupomedcof.com.br\/blog\/wp-content\/uploads\/2024\/03\/Blog-MedCof-12-1024x576.png 1024w, https:\/\/www.grupomedcof.com.br\/blog\/wp-content\/uploads\/2024\/03\/Blog-MedCof-12-300x169.png 300w, https:\/\/www.grupomedcof.com.br\/blog\/wp-content\/uploads\/2024\/03\/Blog-MedCof-12-768x432.png 768w, https:\/\/www.grupomedcof.com.br\/blog\/wp-content\/uploads\/2024\/03\/Blog-MedCof-12-1536x864.png 1536w, https:\/\/www.grupomedcof.com.br\/blog\/wp-content\/uploads\/2024\/03\/Blog-MedCof-12.png 1920w\" sizes=\"auto, (max-width: 800px) 100vw, 800px\" \/>\t\t\t\t\t\t\t\t\t\t\t\t\t\t\t\n\t\t<p>A aferi\u00e7\u00e3o da press\u00e3o arterial \u00e9 muito importante para termos um controle sobre nossa sa\u00fade e at\u00e9 para investiga\u00e7\u00e3o de algumas doen\u00e7as. Saiba como aferir e avaliar a press\u00e3o arterial em crian\u00e7as.<\/p>\t\t\n\t\t\t<h4>\n\t\t\t\tSum\u00e1rio\t\t\t<\/h4>\n\t\t<p>Um dos grandes desafios dos estudantes, internos e at\u00e9 residentes, \u00e9 a aferi\u00e7\u00e3o precisa da press\u00e3o arterial na pediatria.\u00a0<\/p>\n<p>\u00a0<\/p>\n<p>A avalia\u00e7\u00e3o da<a href=\"https:\/\/www.grupomedcof.com.br\/blog\/cuidados-no-diagnostico-de-hipertensao-arterial-sistemica\/\"><b>\u00a0press\u00e3o arterial<\/b>\u00a0<\/a>\u00e9 principalmente importante quando se est\u00e1 na investiga\u00e7\u00e3o de doen\u00e7as cr\u00f4nicas, como tamb\u00e9m na emerg\u00eancia.<\/p>\n<p>\u00a0<\/p>\n<p>Portanto, \u00e9 necess\u00e1rio que todo m\u00e9dico tenha habilidade para aferir a press\u00e3o arterial de crian\u00e7as e adolescentes.<\/p><h2><span class=\"ez-toc-section\" id=\"Tecnica_de_Afericao_de_PA_em_criancas\"><\/span><strong>T\u00e9cnica de Aferi\u00e7\u00e3o de PA em crian\u00e7as<\/strong><span class=\"ez-toc-section-end\"><\/span><\/h2>\n<p>\u00a0<\/p>\n<p><!-- \/wp:post-content --><!-- wp:paragraph --><\/p>\n<p>Para a correta identifica\u00e7\u00e3o e diagn\u00f3stico de hipertens\u00e3o, \u00e9 necess\u00e1rio a aferi\u00e7\u00e3o correta da PA em crian\u00e7as e adolescente, pois a falha nesse m\u00e9todo pode subestimar ou superestimar a PA.<\/p>\n<p>\u00a0<\/p>\n<p><!-- \/wp:paragraph --><!-- wp:paragraph --><\/p>\n<p>Portanto, voc\u00ea deve estar atento a:<\/p>\n<p><!-- \/wp:paragraph --><\/p>\n<ul>\n<li style=\"list-style-type: none;\">\n<ul>\n<li>Selecione o <strong>manguito adequado,<\/strong> que deve cobrir <strong>40% do comprimento e 80 a 100% da circunfer\u00eancia<\/strong> do bra\u00e7o:<!-- wp:list -->\n<ul><!-- wp:list-item --><\/ul>\n<\/li>\n<\/ul>\n<\/li>\n<\/ul>\n<p>\u00a0<\/p>\n<ul>\n<li style=\"list-style-type: none;\">\n<ul>\n<li style=\"list-style-type: none;\">\n<ul>\n<li>1\u00ba passo: Medir a dist\u00e2ncia do acr\u00f4mio ao ol\u00e9crano (comprimento);<\/li>\n<\/ul>\n<\/li>\n<\/ul>\n<\/li>\n<\/ul>\n<p><!-- \/wp:list-item --><!-- wp:list-item --><\/p>\n<ul>\n<li style=\"list-style-type: none;\">\n<ul>\n<li style=\"list-style-type: none;\">\n<ul>\n<li>2\u00ba passo: Identificar o ponto m\u00e9dio da dist\u00e2ncia entre o acr\u00f4mio e o ol\u00e9crano ;<\/li>\n<\/ul>\n<\/li>\n<\/ul>\n<\/li>\n<\/ul>\n<p><!-- \/wp:list-item --><!-- wp:list-item --><\/p>\n<ul>\n<li style=\"list-style-type: none;\">\n<ul>\n<li>3\u00ba passo: Medir a circunfer\u00eancia do bra\u00e7o nesse ponto m\u00e9dio (circunfer\u00eancia);<\/li>\n<\/ul>\n<\/li>\n<\/ul>\n<br \/>Observe de forma esquem\u00e1tica abaixo:\t\t\n\t\t\t\t\t\t\t\t\t\t\t\t<figure>\n\t\t\t\t\t\t\t\t\t\t<img loading=\"lazy\" decoding=\"async\" width=\"543\" height=\"505\" src=\"https:\/\/www.grupomedcof.com.br\/blog\/wp-content\/uploads\/2024\/03\/Untitled-18.png\" alt=\"\" srcset=\"https:\/\/www.grupomedcof.com.br\/blog\/wp-content\/uploads\/2024\/03\/Untitled-18.png 543w, https:\/\/www.grupomedcof.com.br\/blog\/wp-content\/uploads\/2024\/03\/Untitled-18-300x279.png 300w\" sizes=\"auto, (max-width: 543px) 100vw, 543px\" \/>\t\t\t\t\t\t\t\t\t\t\t<figcaption>Fonte: Uptodate, 2023.<\/figcaption>\n\t\t\t\t\t\t\t\t\t\t<\/figure>\n\t\t<h2><span class=\"ez-toc-section\" id=\"Avaliacao\"><\/span><strong>Avalia\u00e7\u00e3o<\/strong><span class=\"ez-toc-section-end\"><\/span><\/h2>\n<p>\u00a0<\/p>\n<p><!-- \/wp:list-item --><!-- wp:paragraph \/--><!-- wp:heading {\"level\":1} \/--><!-- wp:paragraph --><\/p>\n<p>Uma vez aferida a press\u00e3o arterial a avalia\u00e7\u00e3o deve ser realizada a partir da an\u00e1lise dos percentis! Portanto, devemos avaliar o gr\u00e1fico para saber se a PA est\u00e1 ou n\u00e3o adequada para a crian\u00e7a.\u00a0<strong style=\"color: var( --e-global-color-text ); font-family: var( --e-global-typography-text-font-family ), Sans-serif;\"><a href=\"https:\/\/www.sbp.com.br\/fileadmin\/user_upload\/21635c-MO_-_Hipertensao_Arterial_Infanc_e_Adolesc.pdf\">Clique aqui para acessar a tabela completa.<\/a><\/strong><\/p><p>&#x1f4dd; <strong>Vamos Praticar!<\/strong><\/p>\n<p><!-- \/wp:paragraph --><!-- wp:paragraph --><\/p>\n<p>Maria \u00e9 uma crian\u00e7a de 4 anos, que est\u00e1 no percentil 75 de estatura, e est\u00e1 com uma PA de 93&#215;51 mmHg, e sua m\u00e3e ficou preocupada por achar baixa. Essa preocupa\u00e7\u00e3o retrata a realidade?<\/p>\t\t\n\t\t\t\t\t\t\t\t\t\t\t\t\t\t\t<img loading=\"lazy\" decoding=\"async\" width=\"800\" height=\"561\" src=\"https:\/\/www.grupomedcof.com.br\/blog\/wp-content\/uploads\/2024\/03\/Untitled-19.png\" alt=\"\" srcset=\"https:\/\/www.grupomedcof.com.br\/blog\/wp-content\/uploads\/2024\/03\/Untitled-19.png 808w, https:\/\/www.grupomedcof.com.br\/blog\/wp-content\/uploads\/2024\/03\/Untitled-19-300x211.png 300w, https:\/\/www.grupomedcof.com.br\/blog\/wp-content\/uploads\/2024\/03\/Untitled-19-768x539.png 768w\" sizes=\"auto, (max-width: 800px) 100vw, 800px\" \/>\t\t\t\t\t\t\t\t\t\t\t\t\t\t\t\n\t\t<p>R: Quando colocamos as informa\u00e7\u00f5es do texto no gr\u00e1fico, podemos ver que a press\u00e3o de Maria est\u00e1 no percentil 50, n\u00e3o apresentando riscos no momento para a crian\u00e7a.&nbsp;<\/p>\t\t\n\t\t<h2><span class=\"ez-toc-section\" id=\"E_se_der_alterado\"><\/span><strong>E se der alterado?<\/strong><span class=\"ez-toc-section-end\"><\/span><\/h2>\n<p>\u00a0<\/p>\n<p><!-- \/wp:paragraph --><!-- wp:paragraph --><\/p>\n<p>Se quando for feita a aferi\u00e7\u00e3o da PA o percentil encontrada for maior ou igual ao p90, a aferi\u00e7\u00e3o deve ser feita por mais 2 vezes, e ap\u00f3s isso, calcular a m\u00e9dia das 3 medidas e avaliar no gr\u00e1fico.<\/p>\t\t\n\t\t<p><!-- wp:paragraph \/--><!-- wp:paragraph \/--><!-- wp:heading {\"level\":1} \/--><!-- wp:heading {\"level\":1} \/--><!-- wp:image \/--><!-- wp:paragraph \/--><!-- wp:paragraph \/--><!-- wp:image \/--><!-- wp:paragraph \/--><!-- wp:paragraph \/--><!-- wp:heading \/--><!-- wp:heading --><\/p>\n<h2><span class=\"ez-toc-section\" id=\"Classificacao\"><\/span><strong>Classifica\u00e7\u00e3o<\/strong><span class=\"ez-toc-section-end\"><\/span><\/h2>\n<p>\u00a0<\/p>\n<p><!-- \/wp:heading --><!-- wp:paragraph --><\/p>\n<p>Ent\u00e3o, a partir da avalia\u00e7\u00e3o da press\u00e3o, \u00e9 necess\u00e1rio que que classifique a partir do percentil encontrado:<\/p>\n<p><!-- \/wp:paragraph --><!-- wp:list --><\/p>\n<ul>\n<li style=\"list-style-type: none;\">\n<ul><!-- wp:list-item --><\/ul>\n<\/li>\n<\/ul>\n<p>\u00a0<\/p>\n<ul>\n<li style=\"list-style-type: none;\">\n<ul>\n<li>Normal se &lt; p90;<\/li>\n<\/ul>\n<\/li>\n<\/ul>\n<p><!-- \/wp:list-item --><!-- wp:list-item --><\/p>\n<ul>\n<li style=\"list-style-type: none;\">\n<ul>\n<li>PA elevada se \u2265 p90 e &lt;p95, ou 120&#215;80 mmHg;<\/li>\n<\/ul>\n<\/li>\n<\/ul>\n<p><!-- \/wp:list-item --><!-- wp:list-item --><\/p>\n<ul>\n<li style=\"list-style-type: none;\">\n<ul>\n<li>HAS est\u00e1gio 1 se \u2265 p95 e &lt; p95 + 12mmHg;<\/li>\n<\/ul>\n<\/li>\n<\/ul>\n<p><!-- \/wp:list-item --><!-- wp:list-item --><\/p>\n<ul>\n<li style=\"list-style-type: none;\">\n<ul>\n<li>HAS est\u00e1gio 2 se \u2265 p95 + 12 mmHg;<\/li>\n<\/ul>\n<\/li>\n<\/ul>\n\u00a0\nLembrando que essa classifica\u00e7\u00e3o e v\u00e1lida para crian\u00e7as de 1 a 13 anos.\n<p><!-- \/wp:list-item --><\/p>\n<p><!-- \/wp:list --><!-- wp:paragraph \/--><\/p>\t\t\n\t\t<h2 contenteditable=\"true\" data-elementor-setting-key=\"title\" data-pen-placeholder=\"Digite aqui...\"><span class=\"ez-toc-section\" id=\"Use_a_metodologia_do_Grupo_MedCof_e_conquiste_sua_aprovacao%E2%80%8B\"><\/span><strong>Use a metodologia do Grupo MedCof e conquiste sua aprova\u00e7\u00e3o\u200b<\/strong><span class=\"ez-toc-section-end\"><\/span><\/h2>\n<p>\u00a0<\/p>\n<p>Conhe\u00e7a o\u00a0<a href=\"https:\/\/www.grupomedcof.com.br\/?gad_source=1&amp;gclid=CjwKCAiAloavBhBOEiwAbtAJOz-7xq_hITHvKfMwVqxpiifO0EmzWegC7Dv3MbKh1mmkLXOJUZ8b1RoCKdYQAvD_BwE\"><strong>Grupo MedCof,<\/strong><\/a>\u00a0avalanque seus estudos e conquiste a sua aprova\u00e7\u00e3o. Confira o relato de quem pode comprovar na pr\u00e1tica a recompensa de confiar em nosso m\u00e9todo:\u00a0<\/p>https:\/\/www.youtube.com\/watch?v=lQ-WAjPz7QQ<!-- \/wp:paragraph --><!-- \/wp:list --><!-- wp:list-item --><\/p>\n<ul>\n<li style=\"list-style-type: none;\">\n<ul>\n<li>Selecione o <strong>manguito adequado,<\/strong> que deve cobrir <strong>40% do comprimento e 80 a 100% da circunfer\u00eancia<\/strong> do bra\u00e7o:<!-- wp:list -->\n<ul><!-- wp:list-item --><\/ul>\n<\/li>\n<\/ul>\n<\/li>\n<\/ul>\n<p>\u00a0<\/p>\n<ul>\n<li style=\"list-style-type: none;\">\n<ul>\n<li style=\"list-style-type: none;\">\n<ul>\n<li>1\u00ba passo: Medir a dist\u00e2ncia do acr\u00f4mio ao ol\u00e9crano (comprimento);<\/li>\n<\/ul>\n<\/li>\n<\/ul>\n<\/li>\n<\/ul>\n<p><!-- \/wp:list-item --><!-- wp:list-item --><\/p>\n<ul>\n<li style=\"list-style-type: none;\">\n<ul>\n<li style=\"list-style-type: none;\">\n<ul>\n<li>2\u00ba passo: Identificar o ponto m\u00e9dio da dist\u00e2ncia entre o acr\u00f4mio e o ol\u00e9crano ;<\/li>\n<\/ul>\n<\/li>\n<\/ul>\n<\/li>\n<\/ul>\n<p><!-- \/wp:list-item --><!-- wp:list-item --><\/p>\n<ul>\n<li style=\"list-style-type: none;\">\n<ul>\n<li>3\u00ba passo: Medir a circunfer\u00eancia do bra\u00e7o nesse ponto m\u00e9dio (circunfer\u00eancia);<\/li>\n<\/ul>\n<\/li>\n<\/ul>\n<br \/>Observe de forma esquem\u00e1tica abaixo:\t\t\n\t\t\t\t\t\t\t\t\t\t\t\t<figure>\n\t\t\t\t\t\t\t\t\t\t<img loading=\"lazy\" decoding=\"async\" width=\"543\" height=\"505\" src=\"https:\/\/www.grupomedcof.com.br\/blog\/wp-content\/uploads\/2024\/03\/Untitled-18.png\" alt=\"\" srcset=\"https:\/\/www.grupomedcof.com.br\/blog\/wp-content\/uploads\/2024\/03\/Untitled-18.png 543w, https:\/\/www.grupomedcof.com.br\/blog\/wp-content\/uploads\/2024\/03\/Untitled-18-300x279.png 300w\" sizes=\"auto, (max-width: 543px) 100vw, 543px\" \/>\t\t\t\t\t\t\t\t\t\t\t<figcaption>Fonte: Uptodate, 2023.<\/figcaption>\n\t\t\t\t\t\t\t\t\t\t<\/figure>\n\t\t<h2><span class=\"ez-toc-section\" id=\"Avaliacao-2\"><\/span><strong>Avalia\u00e7\u00e3o<\/strong><span class=\"ez-toc-section-end\"><\/span><\/h2>\n<p>\u00a0<\/p>\n<p><!-- \/wp:list-item --><!-- wp:paragraph \/--><!-- wp:heading {\"level\":1} \/--><!-- wp:paragraph --><\/p>\n<p>Uma vez aferida a press\u00e3o arterial a avalia\u00e7\u00e3o deve ser realizada a partir da an\u00e1lise dos percentis! Portanto, devemos avaliar o gr\u00e1fico para saber se a PA est\u00e1 ou n\u00e3o adequada para a crian\u00e7a.\u00a0<strong style=\"color: var( --e-global-color-text ); font-family: var( --e-global-typography-text-font-family ), Sans-serif;\"><a href=\"https:\/\/www.sbp.com.br\/fileadmin\/user_upload\/21635c-MO_-_Hipertensao_Arterial_Infanc_e_Adolesc.pdf\">Clique aqui para acessar a tabela completa.<\/a><\/strong><\/p><p>&#x1f4dd; <strong>Vamos Praticar!<\/strong><\/p>\n<p><!-- \/wp:paragraph --><!-- wp:paragraph --><\/p>\n<p>Maria \u00e9 uma crian\u00e7a de 4 anos, que est\u00e1 no percentil 75 de estatura, e est\u00e1 com uma PA de 93&#215;51 mmHg, e sua m\u00e3e ficou preocupada por achar baixa. Essa preocupa\u00e7\u00e3o retrata a realidade?<\/p>\t\t\n\t\t\t\t\t\t\t\t\t\t\t\t\t\t\t<img loading=\"lazy\" decoding=\"async\" width=\"800\" height=\"561\" src=\"https:\/\/www.grupomedcof.com.br\/blog\/wp-content\/uploads\/2024\/03\/Untitled-19.png\" alt=\"\" srcset=\"https:\/\/www.grupomedcof.com.br\/blog\/wp-content\/uploads\/2024\/03\/Untitled-19.png 808w, https:\/\/www.grupomedcof.com.br\/blog\/wp-content\/uploads\/2024\/03\/Untitled-19-300x211.png 300w, https:\/\/www.grupomedcof.com.br\/blog\/wp-content\/uploads\/2024\/03\/Untitled-19-768x539.png 768w\" sizes=\"auto, (max-width: 800px) 100vw, 800px\" \/>\t\t\t\t\t\t\t\t\t\t\t\t\t\t\t\n\t\t<p>R: Quando colocamos as informa\u00e7\u00f5es do texto no gr\u00e1fico, podemos ver que a press\u00e3o de Maria est\u00e1 no percentil 50, n\u00e3o apresentando riscos no momento para a crian\u00e7a.&nbsp;<\/p>\t\t\n\t\t<h2><span class=\"ez-toc-section\" id=\"E_se_der_alterado-2\"><\/span><strong>E se der alterado?<\/strong><span class=\"ez-toc-section-end\"><\/span><\/h2>\n<p>\u00a0<\/p>\n<p><!-- \/wp:paragraph --><!-- wp:paragraph --><\/p>\n<p>Se quando for feita a aferi\u00e7\u00e3o da PA o percentil encontrada for maior ou igual ao p90, a aferi\u00e7\u00e3o deve ser feita por mais 2 vezes, e ap\u00f3s isso, calcular a m\u00e9dia das 3 medidas e avaliar no gr\u00e1fico.<\/p>\t\t\n\t\t<p><!-- wp:paragraph \/--><!-- wp:paragraph \/--><!-- wp:heading {\"level\":1} \/--><!-- wp:heading {\"level\":1} \/--><!-- wp:image \/--><!-- wp:paragraph \/--><!-- wp:paragraph \/--><!-- wp:image \/--><!-- wp:paragraph \/--><!-- wp:paragraph \/--><!-- wp:heading \/--><!-- wp:heading --><\/p>\n<h2><span class=\"ez-toc-section\" id=\"Classificacao-2\"><\/span><strong>Classifica\u00e7\u00e3o<\/strong><span class=\"ez-toc-section-end\"><\/span><\/h2>\n<p>\u00a0<\/p>\n<p><!-- \/wp:heading --><!-- wp:paragraph --><\/p>\n<p>Ent\u00e3o, a partir da avalia\u00e7\u00e3o da press\u00e3o, \u00e9 necess\u00e1rio que que classifique a partir do percentil encontrado:<\/p>\n<p><!-- \/wp:paragraph --><!-- wp:list --><\/p>\n<ul>\n<li style=\"list-style-type: none;\">\n<ul><!-- wp:list-item --><\/ul>\n<\/li>\n<\/ul>\n<p>\u00a0<\/p>\n<ul>\n<li style=\"list-style-type: none;\">\n<ul>\n<li>Normal se &lt; p90;<\/li>\n<\/ul>\n<\/li>\n<\/ul>\n<p><!-- \/wp:list-item --><!-- wp:list-item --><\/p>\n<ul>\n<li style=\"list-style-type: none;\">\n<ul>\n<li>PA elevada se \u2265 p90 e &lt;p95, ou 120&#215;80 mmHg;<\/li>\n<\/ul>\n<\/li>\n<\/ul>\n<p><!-- \/wp:list-item --><!-- wp:list-item --><\/p>\n<ul>\n<li style=\"list-style-type: none;\">\n<ul>\n<li>HAS est\u00e1gio 1 se \u2265 p95 e &lt; p95 + 12mmHg;<\/li>\n<\/ul>\n<\/li>\n<\/ul>\n<p><!-- \/wp:list-item --><!-- wp:list-item --><\/p>\n<ul>\n<li style=\"list-style-type: none;\">\n<ul>\n<li>HAS est\u00e1gio 2 se \u2265 p95 + 12 mmHg;<\/li>\n<\/ul>\n<\/li>\n<\/ul>\n\u00a0\nLembrando que essa classifica\u00e7\u00e3o e v\u00e1lida para crian\u00e7as de 1 a 13 anos.\n<p><!-- \/wp:list-item --><\/p>\n<p><!-- \/wp:list --><!-- wp:paragraph \/--><\/p>\t\t\n\t\t<h2 contenteditable=\"true\" data-elementor-setting-key=\"title\" data-pen-placeholder=\"Digite aqui...\"><span class=\"ez-toc-section\" id=\"Use_a_metodologia_do_Grupo_MedCof_e_conquiste_sua_aprovacao%E2%80%8B-2\"><\/span><strong>Use a metodologia do Grupo MedCof e conquiste sua aprova\u00e7\u00e3o\u200b<\/strong><span class=\"ez-toc-section-end\"><\/span><\/h2>\n<p>\u00a0<\/p>\n<p>Conhe\u00e7a o\u00a0<a href=\"https:\/\/www.grupomedcof.com.br\/?gad_source=1&amp;gclid=CjwKCAiAloavBhBOEiwAbtAJOz-7xq_hITHvKfMwVqxpiifO0EmzWegC7Dv3MbKh1mmkLXOJUZ8b1RoCKdYQAvD_BwE\"><strong>Grupo MedCof,<\/strong><\/a>\u00a0avalanque seus estudos e conquiste a sua aprova\u00e7\u00e3o. Confira o relato de quem pode comprovar na pr\u00e1tica a recompensa de confiar em nosso m\u00e9todo:\u00a0<\/p>https:\/\/www.youtube.com\/watch?v=lQ-WAjPz7QQ<!-- \/wp:paragraph --><!-- \/wp:list --><!-- \/wp:list-item --><!-- wp:list --><\/p>\n<ul>\n<li style=\"list-style-type: none;\">\n<ul><!-- wp:list-item --><\/ul>\n<\/li>\n<\/ul>\n<p>\u00a0<\/p>\n<ul>\n<li style=\"list-style-type: none;\">\n<ul>\n<li>Posi\u00e7\u00e3o:<!-- wp:list -->\n<ul>\n<li style=\"list-style-type: none;\">\n<ul><!-- wp:list-item --><\/ul>\n<\/li>\n<\/ul>\n<p>\u00a0<\/p>\n<ul>\n<li style=\"list-style-type: none;\">\n<ul>\n<li>Sentada ou deitada;<\/li>\n<\/ul>\n<\/li>\n<\/ul>\n<p><!-- \/wp:list-item --><!-- wp:list-item --><\/p>\n<ul>\n<li style=\"list-style-type: none;\">\n<ul>\n<li>Pernas descruzadas;<\/li>\n<\/ul>\n<\/li>\n<\/ul>\n<p><!-- \/wp:list-item --><\/p>\n<p><!-- \/wp:list --><\/p>\n<\/li>\n<\/ul>\n<\/li>\n<\/ul>\n<p><!-- \/wp:list-item --><!-- wp:list-item --><\/p>\n<ul>\n<li style=\"list-style-type: none;\">\n<ul>\n<li>Repouso h\u00e1 &gt; 5 minutos;<\/li>\n<\/ul>\n<\/li>\n<\/ul>\n<p><!-- \/wp:list-item --><!-- wp:list-item --><\/p>\n<ul>\n<li style=\"list-style-type: none;\">\n<ul>\n<li>Bexiga vazia;<\/li>\n<\/ul>\n<\/li>\n<\/ul>\n<p><!-- \/wp:list-item --><!-- wp:list-item --><\/p>\n<ul>\n<li style=\"list-style-type: none;\">\n<ul>\n<li>Sem exerc\u00edcio f\u00edsico na \u00faltima hora;<\/li>\n<\/ul>\n<\/li>\n<\/ul>\n<p><!-- \/wp:list-item --><!-- wp:list-item --><\/p>\n<ul>\n<li style=\"list-style-type: none;\">\n<ul>\n<li>Aferir preferencialmente no <strong>Bra\u00e7o direito ao n\u00edvel do cora\u00e7\u00e3o;<\/strong><\/li>\n<\/ul>\n<\/li>\n<\/ul>\n<p><!-- \/wp:list-item --><!-- wp:list-item --><\/p>\n<ul>\n<li style=\"list-style-type: none;\">\n<ul>\n<li>Selecione o <strong>manguito adequado,<\/strong> que deve cobrir <strong>40% do comprimento e 80 a 100% da circunfer\u00eancia<\/strong> do bra\u00e7o:<!-- wp:list -->\n<ul><!-- wp:list-item --><\/ul>\n<\/li>\n<\/ul>\n<\/li>\n<\/ul>\n<p>\u00a0<\/p>\n<ul>\n<li style=\"list-style-type: none;\">\n<ul>\n<li style=\"list-style-type: none;\">\n<ul>\n<li>1\u00ba passo: Medir a dist\u00e2ncia do acr\u00f4mio ao ol\u00e9crano (comprimento);<\/li>\n<\/ul>\n<\/li>\n<\/ul>\n<\/li>\n<\/ul>\n<p><!-- \/wp:list-item --><!-- wp:list-item --><\/p>\n<ul>\n<li style=\"list-style-type: none;\">\n<ul>\n<li style=\"list-style-type: none;\">\n<ul>\n<li>2\u00ba passo: Identificar o ponto m\u00e9dio da dist\u00e2ncia entre o acr\u00f4mio e o ol\u00e9crano ;<\/li>\n<\/ul>\n<\/li>\n<\/ul>\n<\/li>\n<\/ul>\n<p><!-- \/wp:list-item --><!-- wp:list-item --><\/p>\n<ul>\n<li style=\"list-style-type: none;\">\n<ul>\n<li>3\u00ba passo: Medir a circunfer\u00eancia do bra\u00e7o nesse ponto m\u00e9dio (circunfer\u00eancia);<\/li>\n<\/ul>\n<\/li>\n<\/ul>\n<br \/>Observe de forma esquem\u00e1tica abaixo:\t\t\n\t\t\t\t\t\t\t\t\t\t\t\t<figure>\n\t\t\t\t\t\t\t\t\t\t<img loading=\"lazy\" decoding=\"async\" width=\"543\" height=\"505\" src=\"https:\/\/www.grupomedcof.com.br\/blog\/wp-content\/uploads\/2024\/03\/Untitled-18.png\" alt=\"\" srcset=\"https:\/\/www.grupomedcof.com.br\/blog\/wp-content\/uploads\/2024\/03\/Untitled-18.png 543w, https:\/\/www.grupomedcof.com.br\/blog\/wp-content\/uploads\/2024\/03\/Untitled-18-300x279.png 300w\" sizes=\"auto, (max-width: 543px) 100vw, 543px\" \/>\t\t\t\t\t\t\t\t\t\t\t<figcaption>Fonte: Uptodate, 2023.<\/figcaption>\n\t\t\t\t\t\t\t\t\t\t<\/figure>\n\t\t<h2><span class=\"ez-toc-section\" id=\"Avaliacao-3\"><\/span><strong>Avalia\u00e7\u00e3o<\/strong><span class=\"ez-toc-section-end\"><\/span><\/h2>\n<p>\u00a0<\/p>\n<p><!-- \/wp:list-item --><!-- wp:paragraph \/--><!-- wp:heading {\"level\":1} \/--><!-- wp:paragraph --><\/p>\n<p>Uma vez aferida a press\u00e3o arterial a avalia\u00e7\u00e3o deve ser realizada a partir da an\u00e1lise dos percentis! Portanto, devemos avaliar o gr\u00e1fico para saber se a PA est\u00e1 ou n\u00e3o adequada para a crian\u00e7a.\u00a0<strong style=\"color: var( --e-global-color-text ); font-family: var( --e-global-typography-text-font-family ), Sans-serif;\"><a href=\"https:\/\/www.sbp.com.br\/fileadmin\/user_upload\/21635c-MO_-_Hipertensao_Arterial_Infanc_e_Adolesc.pdf\">Clique aqui para acessar a tabela completa.<\/a><\/strong><\/p><p>&#x1f4dd; <strong>Vamos Praticar!<\/strong><\/p>\n<p><!-- \/wp:paragraph --><!-- wp:paragraph --><\/p>\n<p>Maria \u00e9 uma crian\u00e7a de 4 anos, que est\u00e1 no percentil 75 de estatura, e est\u00e1 com uma PA de 93&#215;51 mmHg, e sua m\u00e3e ficou preocupada por achar baixa. Essa preocupa\u00e7\u00e3o retrata a realidade?<\/p>\t\t\n\t\t\t\t\t\t\t\t\t\t\t\t\t\t\t<img loading=\"lazy\" decoding=\"async\" width=\"800\" height=\"561\" src=\"https:\/\/www.grupomedcof.com.br\/blog\/wp-content\/uploads\/2024\/03\/Untitled-19.png\" alt=\"\" srcset=\"https:\/\/www.grupomedcof.com.br\/blog\/wp-content\/uploads\/2024\/03\/Untitled-19.png 808w, https:\/\/www.grupomedcof.com.br\/blog\/wp-content\/uploads\/2024\/03\/Untitled-19-300x211.png 300w, https:\/\/www.grupomedcof.com.br\/blog\/wp-content\/uploads\/2024\/03\/Untitled-19-768x539.png 768w\" sizes=\"auto, (max-width: 800px) 100vw, 800px\" \/>\t\t\t\t\t\t\t\t\t\t\t\t\t\t\t\n\t\t<p>R: Quando colocamos as informa\u00e7\u00f5es do texto no gr\u00e1fico, podemos ver que a press\u00e3o de Maria est\u00e1 no percentil 50, n\u00e3o apresentando riscos no momento para a crian\u00e7a.&nbsp;<\/p>\t\t\n\t\t<h2><span class=\"ez-toc-section\" id=\"E_se_der_alterado-3\"><\/span><strong>E se der alterado?<\/strong><span class=\"ez-toc-section-end\"><\/span><\/h2>\n<p>\u00a0<\/p>\n<p><!-- \/wp:paragraph --><!-- wp:paragraph --><\/p>\n<p>Se quando for feita a aferi\u00e7\u00e3o da PA o percentil encontrada for maior ou igual ao p90, a aferi\u00e7\u00e3o deve ser feita por mais 2 vezes, e ap\u00f3s isso, calcular a m\u00e9dia das 3 medidas e avaliar no gr\u00e1fico.<\/p>\t\t\n\t\t<p><!-- wp:paragraph \/--><!-- wp:paragraph \/--><!-- wp:heading {\"level\":1} \/--><!-- wp:heading {\"level\":1} \/--><!-- wp:image \/--><!-- wp:paragraph \/--><!-- wp:paragraph \/--><!-- wp:image \/--><!-- wp:paragraph \/--><!-- wp:paragraph \/--><!-- wp:heading \/--><!-- wp:heading --><\/p>\n<h2><span class=\"ez-toc-section\" id=\"Classificacao-3\"><\/span><strong>Classifica\u00e7\u00e3o<\/strong><span class=\"ez-toc-section-end\"><\/span><\/h2>\n<p>\u00a0<\/p>\n<p><!-- \/wp:heading --><!-- wp:paragraph --><\/p>\n<p>Ent\u00e3o, a partir da avalia\u00e7\u00e3o da press\u00e3o, \u00e9 necess\u00e1rio que que classifique a partir do percentil encontrado:<\/p>\n<p><!-- \/wp:paragraph --><!-- wp:list --><\/p>\n<ul>\n<li style=\"list-style-type: none;\">\n<ul><!-- wp:list-item --><\/ul>\n<\/li>\n<\/ul>\n<p>\u00a0<\/p>\n<ul>\n<li style=\"list-style-type: none;\">\n<ul>\n<li>Normal se &lt; p90;<\/li>\n<\/ul>\n<\/li>\n<\/ul>\n<p><!-- \/wp:list-item --><!-- wp:list-item --><\/p>\n<ul>\n<li style=\"list-style-type: none;\">\n<ul>\n<li>PA elevada se \u2265 p90 e &lt;p95, ou 120&#215;80 mmHg;<\/li>\n<\/ul>\n<\/li>\n<\/ul>\n<p><!-- \/wp:list-item --><!-- wp:list-item --><\/p>\n<ul>\n<li style=\"list-style-type: none;\">\n<ul>\n<li>HAS est\u00e1gio 1 se \u2265 p95 e &lt; p95 + 12mmHg;<\/li>\n<\/ul>\n<\/li>\n<\/ul>\n<p><!-- \/wp:list-item --><!-- wp:list-item --><\/p>\n<ul>\n<li style=\"list-style-type: none;\">\n<ul>\n<li>HAS est\u00e1gio 2 se \u2265 p95 + 12 mmHg;<\/li>\n<\/ul>\n<\/li>\n<\/ul>\n\u00a0\nLembrando que essa classifica\u00e7\u00e3o e v\u00e1lida para crian\u00e7as de 1 a 13 anos.\n<p><!-- \/wp:list-item --><\/p>\n<p><!-- \/wp:list --><!-- wp:paragraph \/--><\/p>\t\t\n\t\t<h2 contenteditable=\"true\" data-elementor-setting-key=\"title\" data-pen-placeholder=\"Digite aqui...\"><span class=\"ez-toc-section\" id=\"Use_a_metodologia_do_Grupo_MedCof_e_conquiste_sua_aprovacao%E2%80%8B-3\"><\/span><strong>Use a metodologia do Grupo MedCof e conquiste sua aprova\u00e7\u00e3o\u200b<\/strong><span class=\"ez-toc-section-end\"><\/span><\/h2>\n<p>\u00a0<\/p>\n<p>Conhe\u00e7a o\u00a0<a href=\"https:\/\/www.grupomedcof.com.br\/?gad_source=1&amp;gclid=CjwKCAiAloavBhBOEiwAbtAJOz-7xq_hITHvKfMwVqxpiifO0EmzWegC7Dv3MbKh1mmkLXOJUZ8b1RoCKdYQAvD_BwE\"><strong>Grupo MedCof,<\/strong><\/a>\u00a0avalanque seus estudos e conquiste a sua aprova\u00e7\u00e3o. Confira o relato de quem pode comprovar na pr\u00e1tica a recompensa de confiar em nosso m\u00e9todo:\u00a0<\/p>https:\/\/www.youtube.com\/watch?v=lQ-WAjPz7QQ<!-- \/wp:paragraph --><!-- \/wp:list --><!-- \/wp:list-item --><!-- \/wp:list --><!-- wp:list-item --><\/p>\n<ul>\n<li style=\"list-style-type: none;\">\n<ul>\n<li>Selecione o <strong>manguito adequado,<\/strong> que deve cobrir <strong>40% do comprimento e 80 a 100% da circunfer\u00eancia<\/strong> do bra\u00e7o:<!-- wp:list -->\n<ul><!-- wp:list-item --><\/ul>\n<\/li>\n<\/ul>\n<\/li>\n<\/ul>\n<p>\u00a0<\/p>\n<ul>\n<li style=\"list-style-type: none;\">\n<ul>\n<li style=\"list-style-type: none;\">\n<ul>\n<li>1\u00ba passo: Medir a dist\u00e2ncia do acr\u00f4mio ao ol\u00e9crano (comprimento);<\/li>\n<\/ul>\n<\/li>\n<\/ul>\n<\/li>\n<\/ul>\n<p><!-- \/wp:list-item --><!-- wp:list-item --><\/p>\n<ul>\n<li style=\"list-style-type: none;\">\n<ul>\n<li style=\"list-style-type: none;\">\n<ul>\n<li>2\u00ba passo: Identificar o ponto m\u00e9dio da dist\u00e2ncia entre o acr\u00f4mio e o ol\u00e9crano ;<\/li>\n<\/ul>\n<\/li>\n<\/ul>\n<\/li>\n<\/ul>\n<p><!-- \/wp:list-item --><!-- wp:list-item --><\/p>\n<ul>\n<li style=\"list-style-type: none;\">\n<ul>\n<li>3\u00ba passo: Medir a circunfer\u00eancia do bra\u00e7o nesse ponto m\u00e9dio (circunfer\u00eancia);<\/li>\n<\/ul>\n<\/li>\n<\/ul>\n<br \/>Observe de forma esquem\u00e1tica abaixo:\t\t\n\t\t\t\t\t\t\t\t\t\t\t\t<figure>\n\t\t\t\t\t\t\t\t\t\t<img loading=\"lazy\" decoding=\"async\" width=\"543\" height=\"505\" src=\"https:\/\/www.grupomedcof.com.br\/blog\/wp-content\/uploads\/2024\/03\/Untitled-18.png\" alt=\"\" srcset=\"https:\/\/www.grupomedcof.com.br\/blog\/wp-content\/uploads\/2024\/03\/Untitled-18.png 543w, https:\/\/www.grupomedcof.com.br\/blog\/wp-content\/uploads\/2024\/03\/Untitled-18-300x279.png 300w\" sizes=\"auto, (max-width: 543px) 100vw, 543px\" \/>\t\t\t\t\t\t\t\t\t\t\t<figcaption>Fonte: Uptodate, 2023.<\/figcaption>\n\t\t\t\t\t\t\t\t\t\t<\/figure>\n\t\t<h2><span class=\"ez-toc-section\" id=\"Avaliacao-4\"><\/span><strong>Avalia\u00e7\u00e3o<\/strong><span class=\"ez-toc-section-end\"><\/span><\/h2>\n<p>\u00a0<\/p>\n<p><!-- \/wp:list-item --><!-- wp:paragraph \/--><!-- wp:heading {\"level\":1} \/--><!-- wp:paragraph --><\/p>\n<p>Uma vez aferida a press\u00e3o arterial a avalia\u00e7\u00e3o deve ser realizada a partir da an\u00e1lise dos percentis! Portanto, devemos avaliar o gr\u00e1fico para saber se a PA est\u00e1 ou n\u00e3o adequada para a crian\u00e7a.\u00a0<strong style=\"color: var( --e-global-color-text ); font-family: var( --e-global-typography-text-font-family ), Sans-serif;\"><a href=\"https:\/\/www.sbp.com.br\/fileadmin\/user_upload\/21635c-MO_-_Hipertensao_Arterial_Infanc_e_Adolesc.pdf\">Clique aqui para acessar a tabela completa.<\/a><\/strong><\/p><p>&#x1f4dd; <strong>Vamos Praticar!<\/strong><\/p>\n<p><!-- \/wp:paragraph --><!-- wp:paragraph --><\/p>\n<p>Maria \u00e9 uma crian\u00e7a de 4 anos, que est\u00e1 no percentil 75 de estatura, e est\u00e1 com uma PA de 93&#215;51 mmHg, e sua m\u00e3e ficou preocupada por achar baixa. Essa preocupa\u00e7\u00e3o retrata a realidade?<\/p>\t\t\n\t\t\t\t\t\t\t\t\t\t\t\t\t\t\t<img loading=\"lazy\" decoding=\"async\" width=\"800\" height=\"561\" src=\"https:\/\/www.grupomedcof.com.br\/blog\/wp-content\/uploads\/2024\/03\/Untitled-19.png\" alt=\"\" srcset=\"https:\/\/www.grupomedcof.com.br\/blog\/wp-content\/uploads\/2024\/03\/Untitled-19.png 808w, https:\/\/www.grupomedcof.com.br\/blog\/wp-content\/uploads\/2024\/03\/Untitled-19-300x211.png 300w, https:\/\/www.grupomedcof.com.br\/blog\/wp-content\/uploads\/2024\/03\/Untitled-19-768x539.png 768w\" sizes=\"auto, (max-width: 800px) 100vw, 800px\" \/>\t\t\t\t\t\t\t\t\t\t\t\t\t\t\t\n\t\t<p>R: Quando colocamos as informa\u00e7\u00f5es do texto no gr\u00e1fico, podemos ver que a press\u00e3o de Maria est\u00e1 no percentil 50, n\u00e3o apresentando riscos no momento para a crian\u00e7a.&nbsp;<\/p>\t\t\n\t\t<h2><span class=\"ez-toc-section\" id=\"E_se_der_alterado-4\"><\/span><strong>E se der alterado?<\/strong><span class=\"ez-toc-section-end\"><\/span><\/h2>\n<p>\u00a0<\/p>\n<p><!-- \/wp:paragraph --><!-- wp:paragraph --><\/p>\n<p>Se quando for feita a aferi\u00e7\u00e3o da PA o percentil encontrada for maior ou igual ao p90, a aferi\u00e7\u00e3o deve ser feita por mais 2 vezes, e ap\u00f3s isso, calcular a m\u00e9dia das 3 medidas e avaliar no gr\u00e1fico.<\/p>\t\t\n\t\t<p><!-- wp:paragraph \/--><!-- wp:paragraph \/--><!-- wp:heading {\"level\":1} \/--><!-- wp:heading {\"level\":1} \/--><!-- wp:image \/--><!-- wp:paragraph \/--><!-- wp:paragraph \/--><!-- wp:image \/--><!-- wp:paragraph \/--><!-- wp:paragraph \/--><!-- wp:heading \/--><!-- wp:heading --><\/p>\n<h2><span class=\"ez-toc-section\" id=\"Classificacao-4\"><\/span><strong>Classifica\u00e7\u00e3o<\/strong><span class=\"ez-toc-section-end\"><\/span><\/h2>\n<p>\u00a0<\/p>\n<p><!-- \/wp:heading --><!-- wp:paragraph --><\/p>\n<p>Ent\u00e3o, a partir da avalia\u00e7\u00e3o da press\u00e3o, \u00e9 necess\u00e1rio que que classifique a partir do percentil encontrado:<\/p>\n<p><!-- \/wp:paragraph --><!-- wp:list --><\/p>\n<ul>\n<li style=\"list-style-type: none;\">\n<ul><!-- wp:list-item --><\/ul>\n<\/li>\n<\/ul>\n<p>\u00a0<\/p>\n<ul>\n<li style=\"list-style-type: none;\">\n<ul>\n<li>Normal se &lt; p90;<\/li>\n<\/ul>\n<\/li>\n<\/ul>\n<p><!-- \/wp:list-item --><!-- wp:list-item --><\/p>\n<ul>\n<li style=\"list-style-type: none;\">\n<ul>\n<li>PA elevada se \u2265 p90 e &lt;p95, ou 120&#215;80 mmHg;<\/li>\n<\/ul>\n<\/li>\n<\/ul>\n<p><!-- \/wp:list-item --><!-- wp:list-item --><\/p>\n<ul>\n<li style=\"list-style-type: none;\">\n<ul>\n<li>HAS est\u00e1gio 1 se \u2265 p95 e &lt; p95 + 12mmHg;<\/li>\n<\/ul>\n<\/li>\n<\/ul>\n<p><!-- \/wp:list-item --><!-- wp:list-item --><\/p>\n<ul>\n<li style=\"list-style-type: none;\">\n<ul>\n<li>HAS est\u00e1gio 2 se \u2265 p95 + 12 mmHg;<\/li>\n<\/ul>\n<\/li>\n<\/ul>\n\u00a0\nLembrando que essa classifica\u00e7\u00e3o e v\u00e1lida para crian\u00e7as de 1 a 13 anos.\n<p><!-- \/wp:list-item --><\/p>\n<p><!-- \/wp:list --><!-- wp:paragraph \/--><\/p>\t\t\n\t\t<h2 contenteditable=\"true\" data-elementor-setting-key=\"title\" data-pen-placeholder=\"Digite aqui...\"><span class=\"ez-toc-section\" id=\"Use_a_metodologia_do_Grupo_MedCof_e_conquiste_sua_aprovacao%E2%80%8B-4\"><\/span><strong>Use a metodologia do Grupo MedCof e conquiste sua aprova\u00e7\u00e3o\u200b<\/strong><span class=\"ez-toc-section-end\"><\/span><\/h2>\n<p>\u00a0<\/p>\n<p>Conhe\u00e7a o\u00a0<a href=\"https:\/\/www.grupomedcof.com.br\/?gad_source=1&amp;gclid=CjwKCAiAloavBhBOEiwAbtAJOz-7xq_hITHvKfMwVqxpiifO0EmzWegC7Dv3MbKh1mmkLXOJUZ8b1RoCKdYQAvD_BwE\"><strong>Grupo MedCof,<\/strong><\/a>\u00a0avalanque seus estudos e conquiste a sua aprova\u00e7\u00e3o. Confira o relato de quem pode comprovar na pr\u00e1tica a recompensa de confiar em nosso m\u00e9todo:\u00a0<\/p>https:\/\/www.youtube.com\/watch?v=lQ-WAjPz7QQ<!-- \/wp:paragraph --><!-- \/wp:list --><!-- wp:list --><\/p>\n<ul>\n<li style=\"list-style-type: none;\">\n<ul><!-- wp:list-item --><\/ul>\n<\/li>\n<\/ul>\n<p>\u00a0<\/p>\n<ul>\n<li style=\"list-style-type: none;\">\n<ul>\n<li>Posi\u00e7\u00e3o:<!-- wp:list -->\n<ul>\n<li style=\"list-style-type: none;\">\n<ul><!-- wp:list-item --><\/ul>\n<\/li>\n<\/ul>\n<p>\u00a0<\/p>\n<ul>\n<li style=\"list-style-type: none;\">\n<ul>\n<li>Sentada ou deitada;<\/li>\n<\/ul>\n<\/li>\n<\/ul>\n<p><!-- \/wp:list-item --><!-- wp:list-item --><\/p>\n<ul>\n<li style=\"list-style-type: none;\">\n<ul>\n<li>Pernas descruzadas;<\/li>\n<\/ul>\n<\/li>\n<\/ul>\n<p><!-- \/wp:list-item --><\/p>\n<p><!-- \/wp:list --><\/p>\n<\/li>\n<\/ul>\n<\/li>\n<\/ul>\n<p><!-- \/wp:list-item --><!-- wp:list-item --><\/p>\n<ul>\n<li style=\"list-style-type: none;\">\n<ul>\n<li>Repouso h\u00e1 &gt; 5 minutos;<\/li>\n<\/ul>\n<\/li>\n<\/ul>\n<p><!-- \/wp:list-item --><!-- wp:list-item --><\/p>\n<ul>\n<li style=\"list-style-type: none;\">\n<ul>\n<li>Bexiga vazia;<\/li>\n<\/ul>\n<\/li>\n<\/ul>\n<p><!-- \/wp:list-item --><!-- wp:list-item --><\/p>\n<ul>\n<li style=\"list-style-type: none;\">\n<ul>\n<li>Sem exerc\u00edcio f\u00edsico na \u00faltima hora;<\/li>\n<\/ul>\n<\/li>\n<\/ul>\n<p><!-- \/wp:list-item --><!-- wp:list-item --><\/p>\n<ul>\n<li style=\"list-style-type: none;\">\n<ul>\n<li>Aferir preferencialmente no <strong>Bra\u00e7o direito ao n\u00edvel do cora\u00e7\u00e3o;<\/strong><\/li>\n<\/ul>\n<\/li>\n<\/ul>\n<p><!-- \/wp:list-item --><!-- wp:list-item --><\/p>\n<ul>\n<li style=\"list-style-type: none;\">\n<ul>\n<li>Selecione o <strong>manguito adequado,<\/strong> que deve cobrir <strong>40% do comprimento e 80 a 100% da circunfer\u00eancia<\/strong> do bra\u00e7o:<!-- wp:list -->\n<ul><!-- wp:list-item --><\/ul>\n<\/li>\n<\/ul>\n<\/li>\n<\/ul>\n<p>\u00a0<\/p>\n<ul>\n<li style=\"list-style-type: none;\">\n<ul>\n<li style=\"list-style-type: none;\">\n<ul>\n<li>1\u00ba passo: Medir a dist\u00e2ncia do acr\u00f4mio ao ol\u00e9crano (comprimento);<\/li>\n<\/ul>\n<\/li>\n<\/ul>\n<\/li>\n<\/ul>\n<p><!-- \/wp:list-item --><!-- wp:list-item --><\/p>\n<ul>\n<li style=\"list-style-type: none;\">\n<ul>\n<li style=\"list-style-type: none;\">\n<ul>\n<li>2\u00ba passo: Identificar o ponto m\u00e9dio da dist\u00e2ncia entre o acr\u00f4mio e o ol\u00e9crano ;<\/li>\n<\/ul>\n<\/li>\n<\/ul>\n<\/li>\n<\/ul>\n<p><!-- \/wp:list-item --><!-- wp:list-item --><\/p>\n<ul>\n<li style=\"list-style-type: none;\">\n<ul>\n<li>3\u00ba passo: Medir a circunfer\u00eancia do bra\u00e7o nesse ponto m\u00e9dio (circunfer\u00eancia);<\/li>\n<\/ul>\n<\/li>\n<\/ul>\n<br \/>Observe de forma esquem\u00e1tica abaixo:\t\t\n\t\t\t\t\t\t\t\t\t\t\t\t<figure>\n\t\t\t\t\t\t\t\t\t\t<img loading=\"lazy\" decoding=\"async\" width=\"543\" height=\"505\" src=\"https:\/\/www.grupomedcof.com.br\/blog\/wp-content\/uploads\/2024\/03\/Untitled-18.png\" alt=\"\" srcset=\"https:\/\/www.grupomedcof.com.br\/blog\/wp-content\/uploads\/2024\/03\/Untitled-18.png 543w, https:\/\/www.grupomedcof.com.br\/blog\/wp-content\/uploads\/2024\/03\/Untitled-18-300x279.png 300w\" sizes=\"auto, (max-width: 543px) 100vw, 543px\" \/>\t\t\t\t\t\t\t\t\t\t\t<figcaption>Fonte: Uptodate, 2023.<\/figcaption>\n\t\t\t\t\t\t\t\t\t\t<\/figure>\n\t\t<h2><span class=\"ez-toc-section\" id=\"Avaliacao-5\"><\/span><strong>Avalia\u00e7\u00e3o<\/strong><span class=\"ez-toc-section-end\"><\/span><\/h2>\n<p>\u00a0<\/p>\n<p><!-- \/wp:image --><!-- wp:paragraph --><!-- \/wp:paragraph --><!-- wp:heading {\"level\":1} --><!-- \/wp:heading --><!-- wp:paragraph --><\/p>\n<p>Uma vez aferida a press\u00e3o arterial a avalia\u00e7\u00e3o deve ser realizada a partir da an\u00e1lise dos percentis! Portanto, devemos avaliar o gr\u00e1fico para saber se a PA est\u00e1 ou n\u00e3o adequada para a crian\u00e7a.\u00a0<strong style=\"color: var( --e-global-color-text ); font-family: var( --e-global-typography-text-font-family ), Sans-serif;\"><a href=\"https:\/\/www.sbp.com.br\/fileadmin\/user_upload\/21635c-MO_-_Hipertensao_Arterial_Infanc_e_Adolesc.pdf\">Clique aqui para acessar a tabela completa.<\/a><\/strong><\/p><p>&#x1f4dd; <strong>Vamos Praticar!<\/strong><\/p>\n<p><!-- \/wp:paragraph --><!-- wp:paragraph --><\/p>\n<p>Maria \u00e9 uma crian\u00e7a de 4 anos, que est\u00e1 no percentil 75 de estatura, e est\u00e1 com uma PA de 93&#215;51 mmHg, e sua m\u00e3e ficou preocupada por achar baixa. Essa preocupa\u00e7\u00e3o retrata a realidade?<\/p>\t\t\n\t\t\t\t\t\t\t\t\t\t\t\t\t\t\t<img loading=\"lazy\" decoding=\"async\" width=\"800\" height=\"561\" src=\"https:\/\/www.grupomedcof.com.br\/blog\/wp-content\/uploads\/2024\/03\/Untitled-19.png\" alt=\"\" srcset=\"https:\/\/www.grupomedcof.com.br\/blog\/wp-content\/uploads\/2024\/03\/Untitled-19.png 808w, https:\/\/www.grupomedcof.com.br\/blog\/wp-content\/uploads\/2024\/03\/Untitled-19-300x211.png 300w, https:\/\/www.grupomedcof.com.br\/blog\/wp-content\/uploads\/2024\/03\/Untitled-19-768x539.png 768w\" sizes=\"auto, (max-width: 800px) 100vw, 800px\" \/>\t\t\t\t\t\t\t\t\t\t\t\t\t\t\t\n\t\t<p>R: Quando colocamos as informa\u00e7\u00f5es do texto no gr\u00e1fico, podemos ver que a press\u00e3o de Maria est\u00e1 no percentil 50, n\u00e3o apresentando riscos no momento para a crian\u00e7a.&nbsp;<\/p>\t\t\n\t\t<h2><span class=\"ez-toc-section\" id=\"E_se_der_alterado-5\"><\/span><strong>E se der alterado?<\/strong><span class=\"ez-toc-section-end\"><\/span><\/h2>\n<p>\u00a0<\/p>\n<p><!-- \/wp:heading --><!-- wp:paragraph --><\/p>\n<p>Se quando for feita a aferi\u00e7\u00e3o da PA o percentil encontrada for maior ou igual ao p90, a aferi\u00e7\u00e3o deve ser feita por mais 2 vezes, e ap\u00f3s isso, calcular a m\u00e9dia das 3 medidas e avaliar no gr\u00e1fico.<\/p>\t\t\n\t\t<p><!-- wp:paragraph --><!-- \/wp:paragraph --><!-- wp:paragraph --><!-- \/wp:paragraph --><!-- wp:heading {\"level\":1} --><!-- \/wp:paragraph --><!-- wp:heading {\"level\":1} --><!-- \/wp:paragraph --><!-- wp:image --><!-- \/wp:paragraph --><!-- wp:paragraph --><!-- \/wp:paragraph --><!-- wp:paragraph --><!-- \/wp:paragraph --><!-- wp:image --><!-- \/wp:image --><!-- wp:paragraph --><!-- \/wp:paragraph --><!-- wp:paragraph --><!-- \/wp:paragraph --><!-- wp:heading --><!-- \/wp:paragraph --><!-- wp:heading --><\/p>\n<h2><span class=\"ez-toc-section\" id=\"Classificacao-5\"><\/span><strong>Classifica\u00e7\u00e3o<\/strong><span class=\"ez-toc-section-end\"><\/span><\/h2>\n<p>\u00a0<\/p>\n<p><!-- \/wp:heading --><!-- wp:paragraph --><\/p>\n<p>Ent\u00e3o, a partir da avalia\u00e7\u00e3o da press\u00e3o, \u00e9 necess\u00e1rio que que classifique a partir do percentil encontrado:<\/p>\n<p><!-- \/wp:paragraph --><!-- wp:list --><\/p>\n<ul>\n<li style=\"list-style-type: none;\">\n<ul><!-- wp:list-item --><\/ul>\n<\/li>\n<\/ul>\n<p>\u00a0<\/p>\n<ul>\n<li style=\"list-style-type: none;\">\n<ul>\n<li>Normal se &lt; p90;<\/li>\n<\/ul>\n<\/li>\n<\/ul>\n<p><!-- \/wp:list-item --><!-- wp:list-item --><\/p>\n<ul>\n<li style=\"list-style-type: none;\">\n<ul>\n<li>PA elevada se \u2265 p90 e &lt;p95, ou 120&#215;80 mmHg;<\/li>\n<\/ul>\n<\/li>\n<\/ul>\n<p><!-- \/wp:list-item --><!-- wp:list-item --><\/p>\n<ul>\n<li style=\"list-style-type: none;\">\n<ul>\n<li>HAS est\u00e1gio 1 se \u2265 p95 e &lt; p95 + 12mmHg;<\/li>\n<\/ul>\n<\/li>\n<\/ul>\n<p><!-- \/wp:list-item --><!-- wp:list-item --><\/p>\n<ul>\n<li style=\"list-style-type: none;\">\n<ul>\n<li>HAS est\u00e1gio 2 se \u2265 p95 + 12 mmHg;<\/li>\n<\/ul>\n<\/li>\n<\/ul>\n\u00a0\nLembrando que essa classifica\u00e7\u00e3o e v\u00e1lida para crian\u00e7as de 1 a 13 anos.\n<p><!-- \/wp:list-item --><\/p>\n<p><!-- \/wp:list --><!-- wp:paragraph --><!-- \/wp:paragraph --><\/p>\t\t\n\t\t<h2 contenteditable=\"true\" data-elementor-setting-key=\"title\" data-pen-placeholder=\"Digite aqui...\"><span class=\"ez-toc-section\" id=\"Use_a_metodologia_do_Grupo_MedCof_e_conquiste_sua_aprovacao%E2%80%8B-5\"><\/span><strong>Use a metodologia do Grupo MedCof e conquiste sua aprova\u00e7\u00e3o\u200b<\/strong><span class=\"ez-toc-section-end\"><\/span><\/h2>\n<p>\u00a0<\/p>\n<p>Conhe\u00e7a o\u00a0<a href=\"https:\/\/www.grupomedcof.com.br\/?gad_source=1&amp;gclid=CjwKCAiAloavBhBOEiwAbtAJOz-7xq_hITHvKfMwVqxpiifO0EmzWegC7Dv3MbKh1mmkLXOJUZ8b1RoCKdYQAvD_BwE\"><strong>Grupo MedCof,<\/strong><\/a>\u00a0avalanque seus estudos e conquiste a sua aprova\u00e7\u00e3o. Confira o relato de quem pode comprovar na pr\u00e1tica a recompensa de confiar em nosso m\u00e9todo:\u00a0<\/p>https:\/\/www.youtube.com\/watch?v=lQ-WAjPz7QQ<!-- \/wp:post-content --><!-- \/wp:post-content --><!-- \/wp:post-content --><!-- \/wp:list-item --><!-- wp:list --><\/p>\n<ul>\n<li style=\"list-style-type: none;\">\n<ul><!-- wp:list-item --><\/ul>\n<\/li>\n<\/ul>\n<p>\u00a0<\/p>\n<ul>\n<li style=\"list-style-type: none;\">\n<ul>\n<li>Posi\u00e7\u00e3o:<!-- wp:list -->\n<ul>\n<li style=\"list-style-type: none;\">\n<ul><!-- wp:list-item --><\/ul>\n<\/li>\n<\/ul>\n<p>\u00a0<\/p>\n<ul>\n<li style=\"list-style-type: none;\">\n<ul>\n<li>Sentada ou deitada;<\/li>\n<\/ul>\n<\/li>\n<\/ul>\n<p><!-- \/wp:list-item --><!-- wp:list-item --><\/p>\n<ul>\n<li style=\"list-style-type: none;\">\n<ul>\n<li>Pernas descruzadas;<\/li>\n<\/ul>\n<\/li>\n<\/ul>\n<p><!-- \/wp:list-item --><\/p>\n<p><!-- \/wp:list --><\/p>\n<\/li>\n<\/ul>\n<\/li>\n<\/ul>\n<p><!-- \/wp:list-item --><!-- wp:list-item --><\/p>\n<ul>\n<li style=\"list-style-type: none;\">\n<ul>\n<li>Repouso h\u00e1 &gt; 5 minutos;<\/li>\n<\/ul>\n<\/li>\n<\/ul>\n<p><!-- \/wp:list-item --><!-- wp:list-item --><\/p>\n<ul>\n<li style=\"list-style-type: none;\">\n<ul>\n<li>Bexiga vazia;<\/li>\n<\/ul>\n<\/li>\n<\/ul>\n<p><!-- \/wp:list-item --><!-- wp:list-item --><\/p>\n<ul>\n<li style=\"list-style-type: none;\">\n<ul>\n<li>Sem exerc\u00edcio f\u00edsico na \u00faltima hora;<\/li>\n<\/ul>\n<\/li>\n<\/ul>\n<p><!-- \/wp:list-item --><!-- wp:list-item --><\/p>\n<ul>\n<li style=\"list-style-type: none;\">\n<ul>\n<li>Aferir preferencialmente no <strong>Bra\u00e7o direito ao n\u00edvel do cora\u00e7\u00e3o;<\/strong><\/li>\n<\/ul>\n<\/li>\n<\/ul>\n<p><!-- \/wp:list-item --><!-- wp:list-item --><\/p>\n<ul>\n<li style=\"list-style-type: none;\">\n<ul>\n<li>Selecione o <strong>manguito adequado,<\/strong> que deve cobrir <strong>40% do comprimento e 80 a 100% da circunfer\u00eancia<\/strong> do bra\u00e7o:<!-- wp:list -->\n<ul><!-- wp:list-item --><\/ul>\n<\/li>\n<\/ul>\n<\/li>\n<\/ul>\n<p>\u00a0<\/p>\n<ul>\n<li style=\"list-style-type: none;\">\n<ul>\n<li style=\"list-style-type: none;\">\n<ul>\n<li>1\u00ba passo: Medir a dist\u00e2ncia do acr\u00f4mio ao ol\u00e9crano (comprimento);<\/li>\n<\/ul>\n<\/li>\n<\/ul>\n<\/li>\n<\/ul>\n<p><!-- \/wp:list-item --><!-- wp:list-item --><\/p>\n<ul>\n<li style=\"list-style-type: none;\">\n<ul>\n<li style=\"list-style-type: none;\">\n<ul>\n<li>2\u00ba passo: Identificar o ponto m\u00e9dio da dist\u00e2ncia entre o acr\u00f4mio e o ol\u00e9crano ;<\/li>\n<\/ul>\n<\/li>\n<\/ul>\n<\/li>\n<\/ul>\n<p><!-- \/wp:list-item --><!-- wp:list-item --><\/p>\n<ul>\n<li style=\"list-style-type: none;\">\n<ul>\n<li>3\u00ba passo: Medir a circunfer\u00eancia do bra\u00e7o nesse ponto m\u00e9dio (circunfer\u00eancia);<\/li>\n<\/ul>\n<\/li>\n<\/ul>\n<br \/>Observe de forma esquem\u00e1tica abaixo:\t\t\n\t\t\t\t\t\t\t\t\t\t\t\t<figure>\n\t\t\t\t\t\t\t\t\t\t<img loading=\"lazy\" decoding=\"async\" width=\"543\" height=\"505\" src=\"https:\/\/www.grupomedcof.com.br\/blog\/wp-content\/uploads\/2024\/03\/Untitled-18.png\" alt=\"\" srcset=\"https:\/\/www.grupomedcof.com.br\/blog\/wp-content\/uploads\/2024\/03\/Untitled-18.png 543w, https:\/\/www.grupomedcof.com.br\/blog\/wp-content\/uploads\/2024\/03\/Untitled-18-300x279.png 300w\" sizes=\"auto, (max-width: 543px) 100vw, 543px\" \/>\t\t\t\t\t\t\t\t\t\t\t<figcaption>Fonte: Uptodate, 2023.<\/figcaption>\n\t\t\t\t\t\t\t\t\t\t<\/figure>\n\t\t<h2><span class=\"ez-toc-section\" id=\"Avaliacao-6\"><\/span><strong>Avalia\u00e7\u00e3o<\/strong><span class=\"ez-toc-section-end\"><\/span><\/h2>\n<p>\u00a0<\/p>\n<p><!-- \/wp:list-item --><!-- wp:paragraph \/--><!-- wp:heading {\"level\":1} \/--><!-- wp:paragraph --><\/p>\n<p>Uma vez aferida a press\u00e3o arterial a avalia\u00e7\u00e3o deve ser realizada a partir da an\u00e1lise dos percentis! Portanto, devemos avaliar o gr\u00e1fico para saber se a PA est\u00e1 ou n\u00e3o adequada para a crian\u00e7a.\u00a0<strong style=\"color: var( --e-global-color-text ); font-family: var( --e-global-typography-text-font-family ), Sans-serif;\"><a href=\"https:\/\/www.sbp.com.br\/fileadmin\/user_upload\/21635c-MO_-_Hipertensao_Arterial_Infanc_e_Adolesc.pdf\">Clique aqui para acessar a tabela completa.<\/a><\/strong><\/p><p>&#x1f4dd; <strong>Vamos Praticar!<\/strong><\/p>\n<p><!-- \/wp:paragraph --><!-- wp:paragraph --><\/p>\n<p>Maria \u00e9 uma crian\u00e7a de 4 anos, que est\u00e1 no percentil 75 de estatura, e est\u00e1 com uma PA de 93&#215;51 mmHg, e sua m\u00e3e ficou preocupada por achar baixa. Essa preocupa\u00e7\u00e3o retrata a realidade?<\/p>\t\t\n\t\t\t\t\t\t\t\t\t\t\t\t\t\t\t<img loading=\"lazy\" decoding=\"async\" width=\"800\" height=\"561\" src=\"https:\/\/www.grupomedcof.com.br\/blog\/wp-content\/uploads\/2024\/03\/Untitled-19.png\" alt=\"\" srcset=\"https:\/\/www.grupomedcof.com.br\/blog\/wp-content\/uploads\/2024\/03\/Untitled-19.png 808w, https:\/\/www.grupomedcof.com.br\/blog\/wp-content\/uploads\/2024\/03\/Untitled-19-300x211.png 300w, https:\/\/www.grupomedcof.com.br\/blog\/wp-content\/uploads\/2024\/03\/Untitled-19-768x539.png 768w\" sizes=\"auto, (max-width: 800px) 100vw, 800px\" \/>\t\t\t\t\t\t\t\t\t\t\t\t\t\t\t\n\t\t<p>R: Quando colocamos as informa\u00e7\u00f5es do texto no gr\u00e1fico, podemos ver que a press\u00e3o de Maria est\u00e1 no percentil 50, n\u00e3o apresentando riscos no momento para a crian\u00e7a.&nbsp;<\/p>\t\t\n\t\t<h2><span class=\"ez-toc-section\" id=\"E_se_der_alterado-6\"><\/span><strong>E se der alterado?<\/strong><span class=\"ez-toc-section-end\"><\/span><\/h2>\n<p>\u00a0<\/p>\n<p><!-- \/wp:paragraph --><!-- wp:paragraph --><\/p>\n<p>Se quando for feita a aferi\u00e7\u00e3o da PA o percentil encontrada for maior ou igual ao p90, a aferi\u00e7\u00e3o deve ser feita por mais 2 vezes, e ap\u00f3s isso, calcular a m\u00e9dia das 3 medidas e avaliar no gr\u00e1fico.<\/p>\t\t\n\t\t<p><!-- wp:paragraph \/--><!-- wp:paragraph \/--><!-- wp:heading {\"level\":1} \/--><!-- wp:heading {\"level\":1} \/--><!-- wp:image \/--><!-- wp:paragraph \/--><!-- wp:paragraph \/--><!-- wp:image \/--><!-- wp:paragraph \/--><!-- wp:paragraph \/--><!-- wp:heading \/--><!-- wp:heading --><\/p>\n<h2><span class=\"ez-toc-section\" id=\"Classificacao-6\"><\/span><strong>Classifica\u00e7\u00e3o<\/strong><span class=\"ez-toc-section-end\"><\/span><\/h2>\n<p>\u00a0<\/p>\n<p><!-- \/wp:heading --><!-- wp:paragraph --><\/p>\n<p>Ent\u00e3o, a partir da avalia\u00e7\u00e3o da press\u00e3o, \u00e9 necess\u00e1rio que que classifique a partir do percentil encontrado:<\/p>\n<p><!-- \/wp:paragraph --><!-- wp:list --><\/p>\n<ul>\n<li style=\"list-style-type: none;\">\n<ul><!-- wp:list-item --><\/ul>\n<\/li>\n<\/ul>\n<p>\u00a0<\/p>\n<ul>\n<li style=\"list-style-type: none;\">\n<ul>\n<li>Normal se &lt; p90;<\/li>\n<\/ul>\n<\/li>\n<\/ul>\n<p><!-- \/wp:list-item --><!-- wp:list-item --><\/p>\n<ul>\n<li style=\"list-style-type: none;\">\n<ul>\n<li>PA elevada se \u2265 p90 e &lt;p95, ou 120&#215;80 mmHg;<\/li>\n<\/ul>\n<\/li>\n<\/ul>\n<p><!-- \/wp:list-item --><!-- wp:list-item --><\/p>\n<ul>\n<li style=\"list-style-type: none;\">\n<ul>\n<li>HAS est\u00e1gio 1 se \u2265 p95 e &lt; p95 + 12mmHg;<\/li>\n<\/ul>\n<\/li>\n<\/ul>\n<p><!-- \/wp:list-item --><!-- wp:list-item --><\/p>\n<ul>\n<li style=\"list-style-type: none;\">\n<ul>\n<li>HAS est\u00e1gio 2 se \u2265 p95 + 12 mmHg;<\/li>\n<\/ul>\n<\/li>\n<\/ul>\n\u00a0\nLembrando que essa classifica\u00e7\u00e3o e v\u00e1lida para crian\u00e7as de 1 a 13 anos.\n<p><!-- \/wp:list-item --><\/p>\n<p><!-- \/wp:list --><!-- wp:paragraph \/--><\/p>\t\t\n\t\t<h2 contenteditable=\"true\" data-elementor-setting-key=\"title\" data-pen-placeholder=\"Digite aqui...\"><span class=\"ez-toc-section\" id=\"Use_a_metodologia_do_Grupo_MedCof_e_conquiste_sua_aprovacao%E2%80%8B-6\"><\/span><strong>Use a metodologia do Grupo MedCof e conquiste sua aprova\u00e7\u00e3o\u200b<\/strong><span class=\"ez-toc-section-end\"><\/span><\/h2>\n<p>\u00a0<\/p>\n<p>Conhe\u00e7a o\u00a0<a href=\"https:\/\/www.grupomedcof.com.br\/?gad_source=1&amp;gclid=CjwKCAiAloavBhBOEiwAbtAJOz-7xq_hITHvKfMwVqxpiifO0EmzWegC7Dv3MbKh1mmkLXOJUZ8b1RoCKdYQAvD_BwE\"><strong>Grupo MedCof,<\/strong><\/a>\u00a0avalanque seus estudos e conquiste a sua aprova\u00e7\u00e3o. Confira o relato de quem pode comprovar na pr\u00e1tica a recompensa de confiar em nosso m\u00e9todo:\u00a0<\/p>https:\/\/www.youtube.com\/watch?v=lQ-WAjPz7QQ<!-- \/wp:paragraph --><!-- \/wp:list --><!-- \/wp:list-item --><!-- wp:list-item --><\/p>\n<ul>\n<li style=\"list-style-type: none;\">\n<ul>\n<li>Selecione o <strong>manguito adequado,<\/strong> que deve cobrir <strong>40% do comprimento e 80 a 100% da circunfer\u00eancia<\/strong> do bra\u00e7o:<!-- wp:list -->\n<ul><!-- wp:list-item --><\/ul>\n<\/li>\n<\/ul>\n<\/li>\n<\/ul>\n<p>\u00a0<\/p>\n<ul>\n<li style=\"list-style-type: none;\">\n<ul>\n<li style=\"list-style-type: none;\">\n<ul>\n<li>1\u00ba passo: Medir a dist\u00e2ncia do acr\u00f4mio ao ol\u00e9crano (comprimento);<\/li>\n<\/ul>\n<\/li>\n<\/ul>\n<\/li>\n<\/ul>\n<p><!-- \/wp:list-item --><!-- wp:list-item --><\/p>\n<ul>\n<li style=\"list-style-type: none;\">\n<ul>\n<li style=\"list-style-type: none;\">\n<ul>\n<li>2\u00ba passo: Identificar o ponto m\u00e9dio da dist\u00e2ncia entre o acr\u00f4mio e o ol\u00e9crano ;<\/li>\n<\/ul>\n<\/li>\n<\/ul>\n<\/li>\n<\/ul>\n<p><!-- \/wp:list-item --><!-- wp:list-item --><\/p>\n<ul>\n<li style=\"list-style-type: none;\">\n<ul>\n<li>3\u00ba passo: Medir a circunfer\u00eancia do bra\u00e7o nesse ponto m\u00e9dio (circunfer\u00eancia);<\/li>\n<\/ul>\n<\/li>\n<\/ul>\n<br \/>Observe de forma esquem\u00e1tica abaixo:\t\t\n\t\t\t\t\t\t\t\t\t\t\t\t<figure>\n\t\t\t\t\t\t\t\t\t\t<img loading=\"lazy\" decoding=\"async\" width=\"543\" height=\"505\" src=\"https:\/\/www.grupomedcof.com.br\/blog\/wp-content\/uploads\/2024\/03\/Untitled-18.png\" alt=\"\" srcset=\"https:\/\/www.grupomedcof.com.br\/blog\/wp-content\/uploads\/2024\/03\/Untitled-18.png 543w, https:\/\/www.grupomedcof.com.br\/blog\/wp-content\/uploads\/2024\/03\/Untitled-18-300x279.png 300w\" sizes=\"auto, (max-width: 543px) 100vw, 543px\" \/>\t\t\t\t\t\t\t\t\t\t\t<figcaption>Fonte: Uptodate, 2023.<\/figcaption>\n\t\t\t\t\t\t\t\t\t\t<\/figure>\n\t\t<h2><span class=\"ez-toc-section\" id=\"Avaliacao-7\"><\/span><strong>Avalia\u00e7\u00e3o<\/strong><span class=\"ez-toc-section-end\"><\/span><\/h2>\n<p>\u00a0<\/p>\n<p><!-- \/wp:list-item --><!-- wp:paragraph \/--><!-- wp:heading {\"level\":1} \/--><!-- wp:paragraph --><\/p>\n<p>Uma vez aferida a press\u00e3o arterial a avalia\u00e7\u00e3o deve ser realizada a partir da an\u00e1lise dos percentis! Portanto, devemos avaliar o gr\u00e1fico para saber se a PA est\u00e1 ou n\u00e3o adequada para a crian\u00e7a.\u00a0<strong style=\"color: var( --e-global-color-text ); font-family: var( --e-global-typography-text-font-family ), Sans-serif;\"><a href=\"https:\/\/www.sbp.com.br\/fileadmin\/user_upload\/21635c-MO_-_Hipertensao_Arterial_Infanc_e_Adolesc.pdf\">Clique aqui para acessar a tabela completa.<\/a><\/strong><\/p><p>&#x1f4dd; <strong>Vamos Praticar!<\/strong><\/p>\n<p><!-- \/wp:paragraph --><!-- wp:paragraph --><\/p>\n<p>Maria \u00e9 uma crian\u00e7a de 4 anos, que est\u00e1 no percentil 75 de estatura, e est\u00e1 com uma PA de 93&#215;51 mmHg, e sua m\u00e3e ficou preocupada por achar baixa. Essa preocupa\u00e7\u00e3o retrata a realidade?<\/p>\t\t\n\t\t\t\t\t\t\t\t\t\t\t\t\t\t\t<img loading=\"lazy\" decoding=\"async\" width=\"800\" height=\"561\" src=\"https:\/\/www.grupomedcof.com.br\/blog\/wp-content\/uploads\/2024\/03\/Untitled-19.png\" alt=\"\" srcset=\"https:\/\/www.grupomedcof.com.br\/blog\/wp-content\/uploads\/2024\/03\/Untitled-19.png 808w, https:\/\/www.grupomedcof.com.br\/blog\/wp-content\/uploads\/2024\/03\/Untitled-19-300x211.png 300w, https:\/\/www.grupomedcof.com.br\/blog\/wp-content\/uploads\/2024\/03\/Untitled-19-768x539.png 768w\" sizes=\"auto, (max-width: 800px) 100vw, 800px\" \/>\t\t\t\t\t\t\t\t\t\t\t\t\t\t\t\n\t\t<p>R: Quando colocamos as informa\u00e7\u00f5es do texto no gr\u00e1fico, podemos ver que a press\u00e3o de Maria est\u00e1 no percentil 50, n\u00e3o apresentando riscos no momento para a crian\u00e7a.&nbsp;<\/p>\t\t\n\t\t<h2><span class=\"ez-toc-section\" id=\"E_se_der_alterado-7\"><\/span><strong>E se der alterado?<\/strong><span class=\"ez-toc-section-end\"><\/span><\/h2>\n<p>\u00a0<\/p>\n<p><!-- \/wp:paragraph --><!-- wp:paragraph --><\/p>\n<p>Se quando for feita a aferi\u00e7\u00e3o da PA o percentil encontrada for maior ou igual ao p90, a aferi\u00e7\u00e3o deve ser feita por mais 2 vezes, e ap\u00f3s isso, calcular a m\u00e9dia das 3 medidas e avaliar no gr\u00e1fico.<\/p>\t\t\n\t\t<p><!-- wp:paragraph \/--><!-- wp:paragraph \/--><!-- wp:heading {\"level\":1} \/--><!-- wp:heading {\"level\":1} \/--><!-- wp:image \/--><!-- wp:paragraph \/--><!-- wp:paragraph \/--><!-- wp:image \/--><!-- wp:paragraph \/--><!-- wp:paragraph \/--><!-- wp:heading \/--><!-- wp:heading --><\/p>\n<h2><span class=\"ez-toc-section\" id=\"Classificacao-7\"><\/span><strong>Classifica\u00e7\u00e3o<\/strong><span class=\"ez-toc-section-end\"><\/span><\/h2>\n<p>\u00a0<\/p>\n<p><!-- \/wp:heading --><!-- wp:paragraph --><\/p>\n<p>Ent\u00e3o, a partir da avalia\u00e7\u00e3o da press\u00e3o, \u00e9 necess\u00e1rio que que classifique a partir do percentil encontrado:<\/p>\n<p><!-- \/wp:paragraph --><!-- wp:list --><\/p>\n<ul>\n<li style=\"list-style-type: none;\">\n<ul><!-- wp:list-item --><\/ul>\n<\/li>\n<\/ul>\n<p>\u00a0<\/p>\n<ul>\n<li style=\"list-style-type: none;\">\n<ul>\n<li>Normal se &lt; p90;<\/li>\n<\/ul>\n<\/li>\n<\/ul>\n<p><!-- \/wp:list-item --><!-- wp:list-item --><\/p>\n<ul>\n<li style=\"list-style-type: none;\">\n<ul>\n<li>PA elevada se \u2265 p90 e &lt;p95, ou 120&#215;80 mmHg;<\/li>\n<\/ul>\n<\/li>\n<\/ul>\n<p><!-- \/wp:list-item --><!-- wp:list-item --><\/p>\n<ul>\n<li style=\"list-style-type: none;\">\n<ul>\n<li>HAS est\u00e1gio 1 se \u2265 p95 e &lt; p95 + 12mmHg;<\/li>\n<\/ul>\n<\/li>\n<\/ul>\n<p><!-- \/wp:list-item --><!-- wp:list-item --><\/p>\n<ul>\n<li style=\"list-style-type: none;\">\n<ul>\n<li>HAS est\u00e1gio 2 se \u2265 p95 + 12 mmHg;<\/li>\n<\/ul>\n<\/li>\n<\/ul>\n\u00a0\nLembrando que essa classifica\u00e7\u00e3o e v\u00e1lida para crian\u00e7as de 1 a 13 anos.\n<p><!-- \/wp:list-item --><\/p>\n<p><!-- \/wp:list --><!-- wp:paragraph \/--><\/p>\t\t\n\t\t<h2 contenteditable=\"true\" data-elementor-setting-key=\"title\" data-pen-placeholder=\"Digite aqui...\"><span class=\"ez-toc-section\" id=\"Use_a_metodologia_do_Grupo_MedCof_e_conquiste_sua_aprovacao%E2%80%8B-7\"><\/span><strong>Use a metodologia do Grupo MedCof e conquiste sua aprova\u00e7\u00e3o\u200b<\/strong><span class=\"ez-toc-section-end\"><\/span><\/h2>\n<p>\u00a0<\/p>\n<p>Conhe\u00e7a o\u00a0<a href=\"https:\/\/www.grupomedcof.com.br\/?gad_source=1&amp;gclid=CjwKCAiAloavBhBOEiwAbtAJOz-7xq_hITHvKfMwVqxpiifO0EmzWegC7Dv3MbKh1mmkLXOJUZ8b1RoCKdYQAvD_BwE\"><strong>Grupo MedCof,<\/strong><\/a>\u00a0avalanque seus estudos e conquiste a sua aprova\u00e7\u00e3o. Confira o relato de quem pode comprovar na pr\u00e1tica a recompensa de confiar em nosso m\u00e9todo:\u00a0<\/p>https:\/\/www.youtube.com\/watch?v=lQ-WAjPz7QQ<!-- \/wp:paragraph --><!-- \/wp:list --><!-- wp:list --><\/p>\n<ul>\n<li style=\"list-style-type: none;\">\n<ul><!-- wp:list-item --><\/ul>\n<\/li>\n<\/ul>\n<p>\u00a0<\/p>\n<ul>\n<li style=\"list-style-type: none;\">\n<ul>\n<li>Posi\u00e7\u00e3o:<!-- wp:list -->\n<ul>\n<li style=\"list-style-type: none;\">\n<ul><!-- wp:list-item --><\/ul>\n<\/li>\n<\/ul>\n<p>\u00a0<\/p>\n<ul>\n<li style=\"list-style-type: none;\">\n<ul>\n<li>Sentada ou deitada;<\/li>\n<\/ul>\n<\/li>\n<\/ul>\n<p><!-- \/wp:list-item --><!-- wp:list-item --><\/p>\n<ul>\n<li style=\"list-style-type: none;\">\n<ul>\n<li>Pernas descruzadas;<\/li>\n<\/ul>\n<\/li>\n<\/ul>\n<p><!-- \/wp:list-item --><\/p>\n<p><!-- \/wp:list --><\/p>\n<\/li>\n<\/ul>\n<\/li>\n<\/ul>\n<p><!-- \/wp:list-item --><!-- wp:list-item --><\/p>\n<ul>\n<li style=\"list-style-type: none;\">\n<ul>\n<li>Repouso h\u00e1 &gt; 5 minutos;<\/li>\n<\/ul>\n<\/li>\n<\/ul>\n<p><!-- \/wp:list-item --><!-- wp:list-item --><\/p>\n<ul>\n<li style=\"list-style-type: none;\">\n<ul>\n<li>Bexiga vazia;<\/li>\n<\/ul>\n<\/li>\n<\/ul>\n<p><!-- \/wp:list-item --><!-- wp:list-item --><\/p>\n<ul>\n<li style=\"list-style-type: none;\">\n<ul>\n<li>Sem exerc\u00edcio f\u00edsico na \u00faltima hora;<\/li>\n<\/ul>\n<\/li>\n<\/ul>\n<p><!-- \/wp:list-item --><!-- wp:list-item --><\/p>\n<ul>\n<li style=\"list-style-type: none;\">\n<ul>\n<li>Aferir preferencialmente no <strong>Bra\u00e7o direito ao n\u00edvel do cora\u00e7\u00e3o;<\/strong><\/li>\n<\/ul>\n<\/li>\n<\/ul>\n<p><!-- \/wp:list-item --><!-- wp:list-item --><\/p>\n<ul>\n<li style=\"list-style-type: none;\">\n<ul>\n<li>Selecione o <strong>manguito adequado,<\/strong> que deve cobrir <strong>40% do comprimento e 80 a 100% da circunfer\u00eancia<\/strong> do bra\u00e7o:<!-- wp:list -->\n<ul><!-- wp:list-item --><\/ul>\n<\/li>\n<\/ul>\n<\/li>\n<\/ul>\n<p>\u00a0<\/p>\n<ul>\n<li style=\"list-style-type: none;\">\n<ul>\n<li style=\"list-style-type: none;\">\n<ul>\n<li>1\u00ba passo: Medir a dist\u00e2ncia do acr\u00f4mio ao ol\u00e9crano (comprimento);<\/li>\n<\/ul>\n<\/li>\n<\/ul>\n<\/li>\n<\/ul>\n<p><!-- \/wp:list-item --><!-- wp:list-item --><\/p>\n<ul>\n<li style=\"list-style-type: none;\">\n<ul>\n<li style=\"list-style-type: none;\">\n<ul>\n<li>2\u00ba passo: Identificar o ponto m\u00e9dio da dist\u00e2ncia entre o acr\u00f4mio e o ol\u00e9crano ;<\/li>\n<\/ul>\n<\/li>\n<\/ul>\n<\/li>\n<\/ul>\n<p><!-- \/wp:list-item --><!-- wp:list-item --><\/p>\n<ul>\n<li style=\"list-style-type: none;\">\n<ul>\n<li>3\u00ba passo: Medir a circunfer\u00eancia do bra\u00e7o nesse ponto m\u00e9dio (circunfer\u00eancia);<\/li>\n<\/ul>\n<\/li>\n<\/ul>\n<br \/>Observe de forma esquem\u00e1tica abaixo:\t\t\n\t\t\t\t\t\t\t\t\t\t\t\t<figure>\n\t\t\t\t\t\t\t\t\t\t<img loading=\"lazy\" decoding=\"async\" width=\"543\" height=\"505\" src=\"https:\/\/www.grupomedcof.com.br\/blog\/wp-content\/uploads\/2024\/03\/Untitled-18.png\" alt=\"\" srcset=\"https:\/\/www.grupomedcof.com.br\/blog\/wp-content\/uploads\/2024\/03\/Untitled-18.png 543w, https:\/\/www.grupomedcof.com.br\/blog\/wp-content\/uploads\/2024\/03\/Untitled-18-300x279.png 300w\" sizes=\"auto, (max-width: 543px) 100vw, 543px\" \/>\t\t\t\t\t\t\t\t\t\t\t<figcaption>Fonte: Uptodate, 2023.<\/figcaption>\n\t\t\t\t\t\t\t\t\t\t<\/figure>\n\t\t<h2><span class=\"ez-toc-section\" id=\"Avaliacao-8\"><\/span><strong>Avalia\u00e7\u00e3o<\/strong><span class=\"ez-toc-section-end\"><\/span><\/h2>\n<p>\u00a0<\/p>\n<p><!-- \/wp:image --><!-- wp:paragraph --><!-- \/wp:paragraph --><!-- wp:heading {\"level\":1} --><!-- \/wp:heading --><!-- wp:paragraph --><\/p>\n<p>Uma vez aferida a press\u00e3o arterial a avalia\u00e7\u00e3o deve ser realizada a partir da an\u00e1lise dos percentis! Portanto, devemos avaliar o gr\u00e1fico para saber se a PA est\u00e1 ou n\u00e3o adequada para a crian\u00e7a.\u00a0<strong style=\"color: var( --e-global-color-text ); font-family: var( --e-global-typography-text-font-family ), Sans-serif;\"><a href=\"https:\/\/www.sbp.com.br\/fileadmin\/user_upload\/21635c-MO_-_Hipertensao_Arterial_Infanc_e_Adolesc.pdf\">Clique aqui para acessar a tabela completa.<\/a><\/strong><\/p><p>&#x1f4dd; <strong>Vamos Praticar!<\/strong><\/p>\n<p><!-- \/wp:paragraph --><!-- wp:paragraph --><\/p>\n<p>Maria \u00e9 uma crian\u00e7a de 4 anos, que est\u00e1 no percentil 75 de estatura, e est\u00e1 com uma PA de 93&#215;51 mmHg, e sua m\u00e3e ficou preocupada por achar baixa. Essa preocupa\u00e7\u00e3o retrata a realidade?<\/p>\t\t\n\t\t\t\t\t\t\t\t\t\t\t\t\t\t\t<img loading=\"lazy\" decoding=\"async\" width=\"800\" height=\"561\" src=\"https:\/\/www.grupomedcof.com.br\/blog\/wp-content\/uploads\/2024\/03\/Untitled-19.png\" alt=\"\" srcset=\"https:\/\/www.grupomedcof.com.br\/blog\/wp-content\/uploads\/2024\/03\/Untitled-19.png 808w, https:\/\/www.grupomedcof.com.br\/blog\/wp-content\/uploads\/2024\/03\/Untitled-19-300x211.png 300w, https:\/\/www.grupomedcof.com.br\/blog\/wp-content\/uploads\/2024\/03\/Untitled-19-768x539.png 768w\" sizes=\"auto, (max-width: 800px) 100vw, 800px\" \/>\t\t\t\t\t\t\t\t\t\t\t\t\t\t\t\n\t\t<p>R: Quando colocamos as informa\u00e7\u00f5es do texto no gr\u00e1fico, podemos ver que a press\u00e3o de Maria est\u00e1 no percentil 50, n\u00e3o apresentando riscos no momento para a crian\u00e7a.&nbsp;<\/p>\t\t\n\t\t<h2><span class=\"ez-toc-section\" id=\"E_se_der_alterado-8\"><\/span><strong>E se der alterado?<\/strong><span class=\"ez-toc-section-end\"><\/span><\/h2>\n<p>\u00a0<\/p>\n<p><!-- \/wp:heading --><!-- wp:paragraph --><\/p>\n<p>Se quando for feita a aferi\u00e7\u00e3o da PA o percentil encontrada for maior ou igual ao p90, a aferi\u00e7\u00e3o deve ser feita por mais 2 vezes, e ap\u00f3s isso, calcular a m\u00e9dia das 3 medidas e avaliar no gr\u00e1fico.<\/p>\t\t\n\t\t<p><!-- wp:paragraph --><!-- \/wp:paragraph --><!-- wp:paragraph --><!-- \/wp:paragraph --><!-- wp:heading {\"level\":1} --><!-- \/wp:paragraph --><!-- wp:heading {\"level\":1} --><!-- \/wp:paragraph --><!-- wp:image --><!-- \/wp:paragraph --><!-- wp:paragraph --><!-- \/wp:paragraph --><!-- wp:paragraph --><!-- \/wp:paragraph --><!-- wp:image --><!-- \/wp:image --><!-- wp:paragraph --><!-- \/wp:paragraph --><!-- wp:paragraph --><!-- \/wp:paragraph --><!-- wp:heading --><!-- \/wp:paragraph --><!-- wp:heading --><\/p>\n<h2><span class=\"ez-toc-section\" id=\"Classificacao-8\"><\/span><strong>Classifica\u00e7\u00e3o<\/strong><span class=\"ez-toc-section-end\"><\/span><\/h2>\n<p>\u00a0<\/p>\n<p><!-- \/wp:heading --><!-- wp:paragraph --><\/p>\n<p>Ent\u00e3o, a partir da avalia\u00e7\u00e3o da press\u00e3o, \u00e9 necess\u00e1rio que que classifique a partir do percentil encontrado:<\/p>\n<p><!-- \/wp:paragraph --><!-- wp:list --><\/p>\n<ul>\n<li style=\"list-style-type: none;\">\n<ul><!-- wp:list-item --><\/ul>\n<\/li>\n<\/ul>\n<p>\u00a0<\/p>\n<ul>\n<li style=\"list-style-type: none;\">\n<ul>\n<li>Normal se &lt; p90;<\/li>\n<\/ul>\n<\/li>\n<\/ul>\n<p><!-- \/wp:list-item --><!-- wp:list-item --><\/p>\n<ul>\n<li style=\"list-style-type: none;\">\n<ul>\n<li>PA elevada se \u2265 p90 e &lt;p95, ou 120&#215;80 mmHg;<\/li>\n<\/ul>\n<\/li>\n<\/ul>\n<p><!-- \/wp:list-item --><!-- wp:list-item --><\/p>\n<ul>\n<li style=\"list-style-type: none;\">\n<ul>\n<li>HAS est\u00e1gio 1 se \u2265 p95 e &lt; p95 + 12mmHg;<\/li>\n<\/ul>\n<\/li>\n<\/ul>\n<p><!-- \/wp:list-item --><!-- wp:list-item --><\/p>\n<ul>\n<li style=\"list-style-type: none;\">\n<ul>\n<li>HAS est\u00e1gio 2 se \u2265 p95 + 12 mmHg;<\/li>\n<\/ul>\n<\/li>\n<\/ul>\n\u00a0\nLembrando que essa classifica\u00e7\u00e3o e v\u00e1lida para crian\u00e7as de 1 a 13 anos.\n<p><!-- \/wp:list-item --><\/p>\n<p><!-- \/wp:list --><!-- wp:paragraph --><!-- \/wp:paragraph --><\/p>\t\t\n\t\t<h2 contenteditable=\"true\" data-elementor-setting-key=\"title\" data-pen-placeholder=\"Digite aqui...\"><span class=\"ez-toc-section\" id=\"Use_a_metodologia_do_Grupo_MedCof_e_conquiste_sua_aprovacao%E2%80%8B-8\"><\/span><strong>Use a metodologia do Grupo MedCof e conquiste sua aprova\u00e7\u00e3o\u200b<\/strong><span class=\"ez-toc-section-end\"><\/span><\/h2>\n<p>\u00a0<\/p>\n<p>Conhe\u00e7a o\u00a0<a href=\"https:\/\/www.grupomedcof.com.br\/?gad_source=1&amp;gclid=CjwKCAiAloavBhBOEiwAbtAJOz-7xq_hITHvKfMwVqxpiifO0EmzWegC7Dv3MbKh1mmkLXOJUZ8b1RoCKdYQAvD_BwE\"><strong>Grupo MedCof,<\/strong><\/a>\u00a0avalanque seus estudos e conquiste a sua aprova\u00e7\u00e3o. Confira o relato de quem pode comprovar na pr\u00e1tica a recompensa de confiar em nosso m\u00e9todo:\u00a0<\/p>https:\/\/www.youtube.com\/watch?v=lQ-WAjPz7QQ<!-- \/wp:post-content --><!-- \/wp:post-content --><!-- \/wp:post-content -->","protected":false},"excerpt":{"rendered":"<p>A avalia\u00e7\u00e3o da press\u00e3o arterial \u00e9 principalmente importante quando se est\u00e1 na investiga\u00e7\u00e3o de doen\u00e7as cr\u00f4nicas, como tamb\u00e9m na emerg\u00eancia! <\/p>\n","protected":false},"author":10,"featured_media":20813,"comment_status":"open","ping_status":"open","sticky":false,"template":"","format":"standard","meta":{"footnotes":""},"categories":[120,1042],"tags":[1039,117,68],"ppma_author":[3613],"class_list":{"0":"post-20742","1":"post","2":"type-post","3":"status-publish","4":"format-standard","5":"has-post-thumbnail","7":"category-pediatria","8":"category-procedimento","9":"tag-emergencia","10":"tag-provas-de-residencia","11":"tag-residencia-medica"},"yoast_head":"<!-- This site is optimized with the Yoast SEO Premium plugin v24.3 (Yoast SEO v27.4) - https:\/\/yoast.com\/product\/yoast-seo-premium-wordpress\/ -->\n<title>Press\u00e3o Arterial em Crian\u00e7as: Como Aferir e Avaliar | Medcof<\/title>\n<meta name=\"description\" content=\"A avalia\u00e7\u00e3o da press\u00e3o arterial \u00e9 principalmente importante quando se est\u00e1 na investiga\u00e7\u00e3o de doen\u00e7as cr\u00f4nicas, como tamb\u00e9m na emerg\u00eancia!\" \/>\n<meta name=\"robots\" content=\"index, follow, max-snippet:-1, max-image-preview:large, max-video-preview:-1\" \/>\n<link rel=\"canonical\" href=\"https:\/\/www.grupomedcof.com.br\/blog\/saiba-como-aferir-e-avaliar-a-pressao-arterial-em-criancas\/\" \/>\n<meta property=\"og:locale\" content=\"pt_BR\" \/>\n<meta property=\"og:type\" content=\"article\" \/>\n<meta property=\"og:title\" content=\"Press\u00e3o arterial em crian\u00e7as: saiba como aferir e avaliar\" \/>\n<meta property=\"og:description\" content=\"A avalia\u00e7\u00e3o da press\u00e3o arterial \u00e9 principalmente importante quando se est\u00e1 na investiga\u00e7\u00e3o de doen\u00e7as cr\u00f4nicas, como tamb\u00e9m na emerg\u00eancia!\" \/>\n<meta property=\"og:url\" content=\"https:\/\/www.grupomedcof.com.br\/blog\/saiba-como-aferir-e-avaliar-a-pressao-arterial-em-criancas\/\" \/>\n<meta property=\"og:site_name\" content=\"Blog de Medcof: conte\u00fados, editais, revalida e mais!\" \/>\n<meta property=\"article:publisher\" content=\"https:\/\/www.facebook.com\/MedCofQbank\/\" \/>\n<meta property=\"article:published_time\" content=\"2024-03-06T16:40:32+00:00\" \/>\n<meta property=\"article:modified_time\" content=\"2026-04-24T20:36:56+00:00\" \/>\n<meta property=\"og:image\" content=\"https:\/\/www.grupomedcof.com.br\/blog\/wp-content\/uploads\/2024\/03\/Blog-MedCof-12.png\" \/>\n\t<meta property=\"og:image:width\" content=\"1920\" \/>\n\t<meta property=\"og:image:height\" content=\"1080\" \/>\n\t<meta property=\"og:image:type\" content=\"image\/png\" \/>\n<meta name=\"author\" content=\"Grupo MedCof\" \/>\n<meta name=\"twitter:card\" content=\"summary_large_image\" \/>\n<meta name=\"twitter:label1\" content=\"Escrito por\" \/>\n\t<meta name=\"twitter:data1\" content=\"Grupo MedCof\" \/>\n\t<meta name=\"twitter:label2\" content=\"Est. tempo de leitura\" \/>\n\t<meta name=\"twitter:data2\" content=\"8 minutos\" \/>\n<script type=\"application\/ld+json\" class=\"yoast-schema-graph\">{\"@context\":\"https:\\\/\\\/schema.org\",\"@graph\":[{\"@type\":\"Article\",\"@id\":\"https:\\\/\\\/www.grupomedcof.com.br\\\/blog\\\/saiba-como-aferir-e-avaliar-a-pressao-arterial-em-criancas\\\/#article\",\"isPartOf\":{\"@id\":\"https:\\\/\\\/www.grupomedcof.com.br\\\/blog\\\/saiba-como-aferir-e-avaliar-a-pressao-arterial-em-criancas\\\/\"},\"author\":{\"name\":\"Grupo MedCof\",\"@id\":\"https:\\\/\\\/www.grupomedcof.com.br\\\/blog\\\/#\\\/schema\\\/person\\\/5e56a3921255c01181f3d8c20d53f9c0\"},\"headline\":\"Press\u00e3o arterial em crian\u00e7as: saiba como aferir e avaliar\",\"datePublished\":\"2024-03-06T16:40:32+00:00\",\"dateModified\":\"2026-04-24T20:36:56+00:00\",\"mainEntityOfPage\":{\"@id\":\"https:\\\/\\\/www.grupomedcof.com.br\\\/blog\\\/saiba-como-aferir-e-avaliar-a-pressao-arterial-em-criancas\\\/\"},\"wordCount\":1995,\"commentCount\":0,\"publisher\":{\"@id\":\"https:\\\/\\\/www.grupomedcof.com.br\\\/blog\\\/#organization\"},\"image\":{\"@id\":\"https:\\\/\\\/www.grupomedcof.com.br\\\/blog\\\/saiba-como-aferir-e-avaliar-a-pressao-arterial-em-criancas\\\/#primaryimage\"},\"thumbnailUrl\":\"https:\\\/\\\/www.grupomedcof.com.br\\\/blog\\\/wp-content\\\/uploads\\\/2024\\\/03\\\/Blog-MedCof-12.png\",\"keywords\":[\"Emerg\u00eancia\",\"Provas de Resid\u00eancia\",\"Resid\u00eancia M\u00e9dica\"],\"articleSection\":[\"Pediatria\",\"Procedimento\"],\"inLanguage\":\"pt-BR\"},{\"@type\":\"WebPage\",\"@id\":\"https:\\\/\\\/www.grupomedcof.com.br\\\/blog\\\/saiba-como-aferir-e-avaliar-a-pressao-arterial-em-criancas\\\/\",\"url\":\"https:\\\/\\\/www.grupomedcof.com.br\\\/blog\\\/saiba-como-aferir-e-avaliar-a-pressao-arterial-em-criancas\\\/\",\"name\":\"Press\u00e3o Arterial em Crian\u00e7as: Como Aferir e Avaliar | Medcof\",\"isPartOf\":{\"@id\":\"https:\\\/\\\/www.grupomedcof.com.br\\\/blog\\\/#website\"},\"primaryImageOfPage\":{\"@id\":\"https:\\\/\\\/www.grupomedcof.com.br\\\/blog\\\/saiba-como-aferir-e-avaliar-a-pressao-arterial-em-criancas\\\/#primaryimage\"},\"image\":{\"@id\":\"https:\\\/\\\/www.grupomedcof.com.br\\\/blog\\\/saiba-como-aferir-e-avaliar-a-pressao-arterial-em-criancas\\\/#primaryimage\"},\"thumbnailUrl\":\"https:\\\/\\\/www.grupomedcof.com.br\\\/blog\\\/wp-content\\\/uploads\\\/2024\\\/03\\\/Blog-MedCof-12.png\",\"datePublished\":\"2024-03-06T16:40:32+00:00\",\"dateModified\":\"2026-04-24T20:36:56+00:00\",\"description\":\"A avalia\u00e7\u00e3o da press\u00e3o arterial \u00e9 principalmente importante quando se est\u00e1 na investiga\u00e7\u00e3o de doen\u00e7as cr\u00f4nicas, como tamb\u00e9m na emerg\u00eancia!\",\"breadcrumb\":{\"@id\":\"https:\\\/\\\/www.grupomedcof.com.br\\\/blog\\\/saiba-como-aferir-e-avaliar-a-pressao-arterial-em-criancas\\\/#breadcrumb\"},\"inLanguage\":\"pt-BR\",\"potentialAction\":[{\"@type\":\"ReadAction\",\"target\":[\"https:\\\/\\\/www.grupomedcof.com.br\\\/blog\\\/saiba-como-aferir-e-avaliar-a-pressao-arterial-em-criancas\\\/\"]}]},{\"@type\":\"ImageObject\",\"inLanguage\":\"pt-BR\",\"@id\":\"https:\\\/\\\/www.grupomedcof.com.br\\\/blog\\\/saiba-como-aferir-e-avaliar-a-pressao-arterial-em-criancas\\\/#primaryimage\",\"url\":\"https:\\\/\\\/www.grupomedcof.com.br\\\/blog\\\/wp-content\\\/uploads\\\/2024\\\/03\\\/Blog-MedCof-12.png\",\"contentUrl\":\"https:\\\/\\\/www.grupomedcof.com.br\\\/blog\\\/wp-content\\\/uploads\\\/2024\\\/03\\\/Blog-MedCof-12.png\",\"width\":1920,\"height\":1080,\"caption\":\"Saiba como aferir e avaliar a press\u00e3o arterial em crian\u00e7as.\"},{\"@type\":\"BreadcrumbList\",\"@id\":\"https:\\\/\\\/www.grupomedcof.com.br\\\/blog\\\/saiba-como-aferir-e-avaliar-a-pressao-arterial-em-criancas\\\/#breadcrumb\",\"itemListElement\":[{\"@type\":\"ListItem\",\"position\":1,\"name\":\"In\u00edcio\",\"item\":\"https:\\\/\\\/www.grupomedcof.com.br\\\/blog\\\/\"},{\"@type\":\"ListItem\",\"position\":2,\"name\":\"Press\u00e3o arterial em crian\u00e7as: saiba como aferir e avaliar\"}]},{\"@type\":\"WebSite\",\"@id\":\"https:\\\/\\\/www.grupomedcof.com.br\\\/blog\\\/#website\",\"url\":\"https:\\\/\\\/www.grupomedcof.com.br\\\/blog\\\/\",\"name\":\"Blog de Medcof: conte\u00fados, editais, revalida e mais!\",\"description\":\"Acesso o blog de MedCof! Seu portal de conte\u00fados sobre resid\u00eancia m\u00e9dica, an\u00e1lise e editais e muito mais. Clique e confira!\",\"publisher\":{\"@id\":\"https:\\\/\\\/www.grupomedcof.com.br\\\/blog\\\/#organization\"},\"alternateName\":\"Blog de Medcof: conte\u00fados, editais, revalida e mais!\",\"potentialAction\":[{\"@type\":\"SearchAction\",\"target\":{\"@type\":\"EntryPoint\",\"urlTemplate\":\"https:\\\/\\\/www.grupomedcof.com.br\\\/blog\\\/?s={search_term_string}\"},\"query-input\":{\"@type\":\"PropertyValueSpecification\",\"valueRequired\":true,\"valueName\":\"search_term_string\"}}],\"inLanguage\":\"pt-BR\"},{\"@type\":\"Organization\",\"@id\":\"https:\\\/\\\/www.grupomedcof.com.br\\\/blog\\\/#organization\",\"name\":\"Grupo MedCof\",\"url\":\"https:\\\/\\\/www.grupomedcof.com.br\\\/blog\\\/\",\"logo\":{\"@type\":\"ImageObject\",\"inLanguage\":\"pt-BR\",\"@id\":\"https:\\\/\\\/www.grupomedcof.com.br\\\/blog\\\/#\\\/schema\\\/logo\\\/image\\\/\",\"url\":\"https:\\\/\\\/www.grupomedcof.com.br\\\/blog\\\/wp-content\\\/uploads\\\/2022\\\/01\\\/logo-medcof.png\",\"contentUrl\":\"https:\\\/\\\/www.grupomedcof.com.br\\\/blog\\\/wp-content\\\/uploads\\\/2022\\\/01\\\/logo-medcof.png\",\"width\":768,\"height\":269,\"caption\":\"Grupo MedCof\"},\"image\":{\"@id\":\"https:\\\/\\\/www.grupomedcof.com.br\\\/blog\\\/#\\\/schema\\\/logo\\\/image\\\/\"},\"sameAs\":[\"https:\\\/\\\/www.facebook.com\\\/MedCofQbank\\\/\",\"https:\\\/\\\/www.instagram.com\\\/grupomedcof\\\/\",\"https:\\\/\\\/br.linkedin.com\\\/company\\\/medcof\",\"https:\\\/\\\/www.youtube.com\\\/channel\\\/UCdHMuOHKICxcHwecxN8P-AA\"]},{\"@type\":\"Person\",\"@id\":\"https:\\\/\\\/www.grupomedcof.com.br\\\/blog\\\/#\\\/schema\\\/person\\\/5e56a3921255c01181f3d8c20d53f9c0\",\"name\":\"Grupo MedCof\",\"image\":{\"@type\":\"ImageObject\",\"inLanguage\":\"pt-BR\",\"@id\":\"https:\\\/\\\/www.grupomedcof.com.br\\\/blog\\\/wp-content\\\/uploads\\\/2023\\\/04\\\/cropped-cropped-cropped-cropped-logo-96x96.png28585d174f19c23095510da5f63bc127\",\"url\":\"https:\\\/\\\/www.grupomedcof.com.br\\\/blog\\\/wp-content\\\/uploads\\\/2023\\\/04\\\/cropped-cropped-cropped-cropped-logo-96x96.png\",\"contentUrl\":\"https:\\\/\\\/www.grupomedcof.com.br\\\/blog\\\/wp-content\\\/uploads\\\/2023\\\/04\\\/cropped-cropped-cropped-cropped-logo-96x96.png\",\"caption\":\"Grupo MedCof\"},\"description\":\"Tendo aulas baseadas em quest\u00f5es, + de 115 subespecialistas dispon\u00edveis e uma metodologia \u00fanica, voc\u00ea pode se juntar ao nosso time que conta com mais de 10 mil ...\",\"url\":\"https:\\\/\\\/www.grupomedcof.com.br\\\/blog\\\/author\\\/grupo-medcof\\\/\"}]}<\/script>\n<!-- \/ Yoast SEO Premium plugin. -->","yoast_head_json":{"title":"Press\u00e3o Arterial em Crian\u00e7as: Como Aferir e Avaliar | Medcof","description":"A avalia\u00e7\u00e3o da press\u00e3o arterial \u00e9 principalmente importante quando se est\u00e1 na investiga\u00e7\u00e3o de doen\u00e7as cr\u00f4nicas, como tamb\u00e9m na emerg\u00eancia!","robots":{"index":"index","follow":"follow","max-snippet":"max-snippet:-1","max-image-preview":"max-image-preview:large","max-video-preview":"max-video-preview:-1"},"canonical":"https:\/\/www.grupomedcof.com.br\/blog\/saiba-como-aferir-e-avaliar-a-pressao-arterial-em-criancas\/","og_locale":"pt_BR","og_type":"article","og_title":"Press\u00e3o arterial em crian\u00e7as: saiba como aferir e avaliar","og_description":"A avalia\u00e7\u00e3o da press\u00e3o arterial \u00e9 principalmente importante quando se est\u00e1 na investiga\u00e7\u00e3o de doen\u00e7as cr\u00f4nicas, como tamb\u00e9m na emerg\u00eancia!","og_url":"https:\/\/www.grupomedcof.com.br\/blog\/saiba-como-aferir-e-avaliar-a-pressao-arterial-em-criancas\/","og_site_name":"Blog de Medcof: conte\u00fados, editais, revalida e mais!","article_publisher":"https:\/\/www.facebook.com\/MedCofQbank\/","article_published_time":"2024-03-06T16:40:32+00:00","article_modified_time":"2026-04-24T20:36:56+00:00","og_image":[{"width":1920,"height":1080,"url":"https:\/\/www.grupomedcof.com.br\/blog\/wp-content\/uploads\/2024\/03\/Blog-MedCof-12.png","type":"image\/png"}],"author":"Grupo MedCof","twitter_card":"summary_large_image","twitter_misc":{"Escrito por":"Grupo MedCof","Est. tempo de leitura":"8 minutos"},"schema":{"@context":"https:\/\/schema.org","@graph":[{"@type":"Article","@id":"https:\/\/www.grupomedcof.com.br\/blog\/saiba-como-aferir-e-avaliar-a-pressao-arterial-em-criancas\/#article","isPartOf":{"@id":"https:\/\/www.grupomedcof.com.br\/blog\/saiba-como-aferir-e-avaliar-a-pressao-arterial-em-criancas\/"},"author":{"name":"Grupo MedCof","@id":"https:\/\/www.grupomedcof.com.br\/blog\/#\/schema\/person\/5e56a3921255c01181f3d8c20d53f9c0"},"headline":"Press\u00e3o arterial em crian\u00e7as: saiba como aferir e avaliar","datePublished":"2024-03-06T16:40:32+00:00","dateModified":"2026-04-24T20:36:56+00:00","mainEntityOfPage":{"@id":"https:\/\/www.grupomedcof.com.br\/blog\/saiba-como-aferir-e-avaliar-a-pressao-arterial-em-criancas\/"},"wordCount":1995,"commentCount":0,"publisher":{"@id":"https:\/\/www.grupomedcof.com.br\/blog\/#organization"},"image":{"@id":"https:\/\/www.grupomedcof.com.br\/blog\/saiba-como-aferir-e-avaliar-a-pressao-arterial-em-criancas\/#primaryimage"},"thumbnailUrl":"https:\/\/www.grupomedcof.com.br\/blog\/wp-content\/uploads\/2024\/03\/Blog-MedCof-12.png","keywords":["Emerg\u00eancia","Provas de Resid\u00eancia","Resid\u00eancia M\u00e9dica"],"articleSection":["Pediatria","Procedimento"],"inLanguage":"pt-BR"},{"@type":"WebPage","@id":"https:\/\/www.grupomedcof.com.br\/blog\/saiba-como-aferir-e-avaliar-a-pressao-arterial-em-criancas\/","url":"https:\/\/www.grupomedcof.com.br\/blog\/saiba-como-aferir-e-avaliar-a-pressao-arterial-em-criancas\/","name":"Press\u00e3o Arterial em Crian\u00e7as: Como Aferir e Avaliar | Medcof","isPartOf":{"@id":"https:\/\/www.grupomedcof.com.br\/blog\/#website"},"primaryImageOfPage":{"@id":"https:\/\/www.grupomedcof.com.br\/blog\/saiba-como-aferir-e-avaliar-a-pressao-arterial-em-criancas\/#primaryimage"},"image":{"@id":"https:\/\/www.grupomedcof.com.br\/blog\/saiba-como-aferir-e-avaliar-a-pressao-arterial-em-criancas\/#primaryimage"},"thumbnailUrl":"https:\/\/www.grupomedcof.com.br\/blog\/wp-content\/uploads\/2024\/03\/Blog-MedCof-12.png","datePublished":"2024-03-06T16:40:32+00:00","dateModified":"2026-04-24T20:36:56+00:00","description":"A avalia\u00e7\u00e3o da press\u00e3o arterial \u00e9 principalmente importante quando se est\u00e1 na investiga\u00e7\u00e3o de doen\u00e7as cr\u00f4nicas, como tamb\u00e9m na emerg\u00eancia!","breadcrumb":{"@id":"https:\/\/www.grupomedcof.com.br\/blog\/saiba-como-aferir-e-avaliar-a-pressao-arterial-em-criancas\/#breadcrumb"},"inLanguage":"pt-BR","potentialAction":[{"@type":"ReadAction","target":["https:\/\/www.grupomedcof.com.br\/blog\/saiba-como-aferir-e-avaliar-a-pressao-arterial-em-criancas\/"]}]},{"@type":"ImageObject","inLanguage":"pt-BR","@id":"https:\/\/www.grupomedcof.com.br\/blog\/saiba-como-aferir-e-avaliar-a-pressao-arterial-em-criancas\/#primaryimage","url":"https:\/\/www.grupomedcof.com.br\/blog\/wp-content\/uploads\/2024\/03\/Blog-MedCof-12.png","contentUrl":"https:\/\/www.grupomedcof.com.br\/blog\/wp-content\/uploads\/2024\/03\/Blog-MedCof-12.png","width":1920,"height":1080,"caption":"Saiba como aferir e avaliar a press\u00e3o arterial em crian\u00e7as."},{"@type":"BreadcrumbList","@id":"https:\/\/www.grupomedcof.com.br\/blog\/saiba-como-aferir-e-avaliar-a-pressao-arterial-em-criancas\/#breadcrumb","itemListElement":[{"@type":"ListItem","position":1,"name":"In\u00edcio","item":"https:\/\/www.grupomedcof.com.br\/blog\/"},{"@type":"ListItem","position":2,"name":"Press\u00e3o arterial em crian\u00e7as: saiba como aferir e avaliar"}]},{"@type":"WebSite","@id":"https:\/\/www.grupomedcof.com.br\/blog\/#website","url":"https:\/\/www.grupomedcof.com.br\/blog\/","name":"Blog de Medcof: conte\u00fados, editais, revalida e mais!","description":"Acesso o blog de MedCof! Seu portal de conte\u00fados sobre resid\u00eancia m\u00e9dica, an\u00e1lise e editais e muito mais. Clique e confira!","publisher":{"@id":"https:\/\/www.grupomedcof.com.br\/blog\/#organization"},"alternateName":"Blog de Medcof: conte\u00fados, editais, revalida e mais!","potentialAction":[{"@type":"SearchAction","target":{"@type":"EntryPoint","urlTemplate":"https:\/\/www.grupomedcof.com.br\/blog\/?s={search_term_string}"},"query-input":{"@type":"PropertyValueSpecification","valueRequired":true,"valueName":"search_term_string"}}],"inLanguage":"pt-BR"},{"@type":"Organization","@id":"https:\/\/www.grupomedcof.com.br\/blog\/#organization","name":"Grupo MedCof","url":"https:\/\/www.grupomedcof.com.br\/blog\/","logo":{"@type":"ImageObject","inLanguage":"pt-BR","@id":"https:\/\/www.grupomedcof.com.br\/blog\/#\/schema\/logo\/image\/","url":"https:\/\/www.grupomedcof.com.br\/blog\/wp-content\/uploads\/2022\/01\/logo-medcof.png","contentUrl":"https:\/\/www.grupomedcof.com.br\/blog\/wp-content\/uploads\/2022\/01\/logo-medcof.png","width":768,"height":269,"caption":"Grupo MedCof"},"image":{"@id":"https:\/\/www.grupomedcof.com.br\/blog\/#\/schema\/logo\/image\/"},"sameAs":["https:\/\/www.facebook.com\/MedCofQbank\/","https:\/\/www.instagram.com\/grupomedcof\/","https:\/\/br.linkedin.com\/company\/medcof","https:\/\/www.youtube.com\/channel\/UCdHMuOHKICxcHwecxN8P-AA"]},{"@type":"Person","@id":"https:\/\/www.grupomedcof.com.br\/blog\/#\/schema\/person\/5e56a3921255c01181f3d8c20d53f9c0","name":"Grupo MedCof","image":{"@type":"ImageObject","inLanguage":"pt-BR","@id":"https:\/\/www.grupomedcof.com.br\/blog\/wp-content\/uploads\/2023\/04\/cropped-cropped-cropped-cropped-logo-96x96.png28585d174f19c23095510da5f63bc127","url":"https:\/\/www.grupomedcof.com.br\/blog\/wp-content\/uploads\/2023\/04\/cropped-cropped-cropped-cropped-logo-96x96.png","contentUrl":"https:\/\/www.grupomedcof.com.br\/blog\/wp-content\/uploads\/2023\/04\/cropped-cropped-cropped-cropped-logo-96x96.png","caption":"Grupo MedCof"},"description":"Tendo aulas baseadas em quest\u00f5es, + de 115 subespecialistas dispon\u00edveis e uma metodologia \u00fanica, voc\u00ea pode se juntar ao nosso time que conta com mais de 10 mil ...","url":"https:\/\/www.grupomedcof.com.br\/blog\/author\/grupo-medcof\/"}]}},"authors":[{"term_id":3613,"user_id":10,"is_guest":0,"slug":"grupo-medcof","display_name":"Grupo MedCof","avatar_url":"https:\/\/www.grupomedcof.com.br\/blog\/wp-content\/uploads\/2023\/04\/cropped-cropped-cropped-cropped-logo-96x96.png","0":null,"1":"","2":"","3":"","4":"","5":"","6":"","7":"","8":""}],"_links":{"self":[{"href":"https:\/\/www.grupomedcof.com.br\/blog\/wp-json\/wp\/v2\/posts\/20742","targetHints":{"allow":["GET"]}}],"collection":[{"href":"https:\/\/www.grupomedcof.com.br\/blog\/wp-json\/wp\/v2\/posts"}],"about":[{"href":"https:\/\/www.grupomedcof.com.br\/blog\/wp-json\/wp\/v2\/types\/post"}],"author":[{"embeddable":true,"href":"https:\/\/www.grupomedcof.com.br\/blog\/wp-json\/wp\/v2\/users\/10"}],"replies":[{"embeddable":true,"href":"https:\/\/www.grupomedcof.com.br\/blog\/wp-json\/wp\/v2\/comments?post=20742"}],"version-history":[{"count":1,"href":"https:\/\/www.grupomedcof.com.br\/blog\/wp-json\/wp\/v2\/posts\/20742\/revisions"}],"predecessor-version":[{"id":43521,"href":"https:\/\/www.grupomedcof.com.br\/blog\/wp-json\/wp\/v2\/posts\/20742\/revisions\/43521"}],"wp:featuredmedia":[{"embeddable":true,"href":"https:\/\/www.grupomedcof.com.br\/blog\/wp-json\/wp\/v2\/media\/20813"}],"wp:attachment":[{"href":"https:\/\/www.grupomedcof.com.br\/blog\/wp-json\/wp\/v2\/media?parent=20742"}],"wp:term":[{"taxonomy":"category","embeddable":true,"href":"https:\/\/www.grupomedcof.com.br\/blog\/wp-json\/wp\/v2\/categories?post=20742"},{"taxonomy":"post_tag","embeddable":true,"href":"https:\/\/www.grupomedcof.com.br\/blog\/wp-json\/wp\/v2\/tags?post=20742"},{"taxonomy":"author","embeddable":true,"href":"https:\/\/www.grupomedcof.com.br\/blog\/wp-json\/wp\/v2\/ppma_author?post=20742"}],"curies":[{"name":"wp","href":"https:\/\/api.w.org\/{rel}","templated":true}]}}