{"id":20745,"date":"2024-03-04T13:27:56","date_gmt":"2024-03-04T16:27:56","guid":{"rendered":"https:\/\/www.grupomedcof.com.br\/blog\/?p=20745"},"modified":"2024-03-04T13:27:56","modified_gmt":"2024-03-04T16:27:56","slug":"santa-casa-de-aracatuba-abre-vagas-remanescentes-para-residencia-medica-2024","status":"publish","type":"post","link":"https:\/\/www.grupomedcof.com.br\/blog\/santa-casa-de-aracatuba-abre-vagas-remanescentes-para-residencia-medica-2024\/","title":{"rendered":"Santa Casa de Miseric\u00f3rdia de Ara\u00e7atuba: Edital 2024"},"content":{"rendered":"<div id=\"ez-toc-container\" class=\"ez-toc-v2_0_74 counter-hierarchy ez-toc-counter ez-toc-transparent ez-toc-container-direction\">\n<div class=\"ez-toc-title-container\">\n<p class=\"ez-toc-title\" style=\"cursor:inherit\">Sum\u00e1rio<\/p>\n<span class=\"ez-toc-title-toggle\"><a href=\"#\" class=\"ez-toc-pull-right ez-toc-btn ez-toc-btn-xs ez-toc-btn-default ez-toc-toggle\" aria-label=\"Alternar tabela de conte\u00fado\"><span class=\"ez-toc-js-icon-con\"><span class=\"\"><span class=\"eztoc-hide\" style=\"display:none;\">Toggle<\/span><span class=\"ez-toc-icon-toggle-span\"><svg style=\"fill: #999;color:#999\" xmlns=\"http:\/\/www.w3.org\/2000\/svg\" class=\"list-377408\" width=\"20px\" height=\"20px\" viewBox=\"0 0 24 24\" fill=\"none\"><path d=\"M6 6H4v2h2V6zm14 0H8v2h12V6zM4 11h2v2H4v-2zm16 0H8v2h12v-2zM4 16h2v2H4v-2zm16 0H8v2h12v-2z\" fill=\"currentColor\"><\/path><\/svg><svg style=\"fill: #999;color:#999\" class=\"arrow-unsorted-368013\" xmlns=\"http:\/\/www.w3.org\/2000\/svg\" width=\"10px\" height=\"10px\" viewBox=\"0 0 24 24\" version=\"1.2\" baseProfile=\"tiny\"><path d=\"M18.2 9.3l-6.2-6.3-6.2 6.3c-.2.2-.3.4-.3.7s.1.5.3.7c.2.2.4.3.7.3h11c.3 0 .5-.1.7-.3.2-.2.3-.5.3-.7s-.1-.5-.3-.7zM5.8 14.7l6.2 6.3 6.2-6.3c.2-.2.3-.5.3-.7s-.1-.5-.3-.7c-.2-.2-.4-.3-.7-.3h-11c-.3 0-.5.1-.7.3-.2.2-.3.5-.3.7s.1.5.3.7z\"\/><\/svg><\/span><\/span><\/span><\/a><\/span><\/div>\n<nav><ul class='ez-toc-list ez-toc-list-level-1 ' ><li class='ez-toc-page-1 ez-toc-heading-level-2'><a class=\"ez-toc-link ez-toc-heading-1\" href=\"https:\/\/www.grupomedcof.com.br\/blog\/santa-casa-de-aracatuba-abre-vagas-remanescentes-para-residencia-medica-2024\/#Processo_Seletivo_Residencia_Medica_Aracatuba\" >Processo Seletivo Resid\u00eancia M\u00e9dica Ara\u00e7atuba<\/a><\/li><li class='ez-toc-page-1 ez-toc-heading-level-2'><a class=\"ez-toc-link ez-toc-heading-2\" href=\"https:\/\/www.grupomedcof.com.br\/blog\/santa-casa-de-aracatuba-abre-vagas-remanescentes-para-residencia-medica-2024\/#Prova_Teorica_Objetiva\" >Prova Te\u00f3rica Objetiva<\/a><\/li><li class='ez-toc-page-1 ez-toc-heading-level-2'><a class=\"ez-toc-link ez-toc-heading-3\" href=\"https:\/\/www.grupomedcof.com.br\/blog\/santa-casa-de-aracatuba-abre-vagas-remanescentes-para-residencia-medica-2024\/#Cronograma_Residencia_Medica_Aracatuba\" >Cronograma Resid\u00eancia M\u00e9dica Ara\u00e7atuba<\/a><ul class='ez-toc-list-level-3' ><li class='ez-toc-heading-level-3'><a class=\"ez-toc-link ez-toc-heading-4\" href=\"https:\/\/www.grupomedcof.com.br\/blog\/santa-casa-de-aracatuba-abre-vagas-remanescentes-para-residencia-medica-2024\/#O_metodo_da_sua_aprovacao\" >O m\u00e9todo da sua aprova\u00e7\u00e3o<\/a><\/li><\/ul><\/li><\/ul><\/nav><\/div>\n<img loading=\"lazy\" decoding=\"async\" width=\"800\" height=\"450\" src=\"https:\/\/www.grupomedcof.com.br\/blog\/wp-content\/uploads\/2024\/03\/Blog-MedCof-25-1024x576.jpg\" alt=\"santa casa ara\u00e7atuba 2024 resid\u00eancia m\u00e9dica Ortopedia e Traumatologia\" srcset=\"https:\/\/www.grupomedcof.com.br\/blog\/wp-content\/uploads\/2024\/03\/Blog-MedCof-25-1024x576.jpg 1024w, https:\/\/www.grupomedcof.com.br\/blog\/wp-content\/uploads\/2024\/03\/Blog-MedCof-25-300x169.jpg 300w, https:\/\/www.grupomedcof.com.br\/blog\/wp-content\/uploads\/2024\/03\/Blog-MedCof-25-768x432.jpg 768w, https:\/\/www.grupomedcof.com.br\/blog\/wp-content\/uploads\/2024\/03\/Blog-MedCof-25-1536x864.jpg 1536w, https:\/\/www.grupomedcof.com.br\/blog\/wp-content\/uploads\/2024\/03\/Blog-MedCof-25.jpg 1920w\" sizes=\"auto, (max-width: 800px) 100vw, 800px\" \/>\t\t\t\t\t\t\t\t\t\t\t\t\t\t\t\n\t\t<p>A Santa Casa de Miseric\u00f3rdia de Ara\u00e7atuba divulgou edital de processo seletivo para vaga remanescentes em resid\u00eancia em ortopedia e traumatologia. As inscri\u00e7\u00f5es estar\u00e3o abertas at\u00e9 dia <strong>5 de mar\u00e7o.\u00a0<\/strong><\/p>\t\t\n\t\t\t<h4>\n\t\t\t\tSum\u00e1rio\t\t\t<\/h4>\n\t\t<p><\/p>\n<p>De acordo com o Edital publicado pela Santa Casa de Miseric\u00f3rdia de Ara\u00e7atuba, h\u00e1 uma vaga remanescente para a especialidade de <strong>Acesso Direto Ortopedia e Traumatologia.\u00a0<\/strong><\/p>\n<p>\u00a0<\/p>\n<p><\/p>\n<p><\/p>\n<p>Portanto, para realizar a inscri\u00e7\u00e3o, ser\u00e1 necess\u00e1rio realizar o pagamento da taxa no valor R$480,00 via boleto banc\u00e1rio ou Pix at\u00e9 o \u00faltimo dia de inscri\u00e7\u00e3o. Confira no edital disponibilizado nesta p\u00e1gina as instru\u00e7\u00f5es detalhadas para inscri\u00e7\u00e3o.<\/p>\n<p><\/p>\n<p><\/p>\t\t\n\t\t<h2><span class=\"ez-toc-section\" id=\"Processo_Seletivo_Residencia_Medica_Aracatuba\"><\/span><strong>Processo Seletivo Resid\u00eancia M\u00e9dica Ara\u00e7atuba<\/strong><span class=\"ez-toc-section-end\"><\/span><\/h2>\n<p>O processo seletivo de 2024 da Resid\u00eancia M\u00e9dica \u00e9 realizado pela Consesp Concursos.<\/p>\n<p>Conforme o edital o processo seletivo ocorrer\u00e1 em apenas <strong>uma etapa<\/strong> composta por <strong>prova te\u00f3rica objetiva<\/strong>.<\/p>\n<p>Dessa forma, os candidatos enfrentar\u00e3o uma prova com seis quest\u00f5es sobre cada grande \u00e1rea da medicina: <strong>Cl\u00ednica M\u00e9dica, Pediatria, Cirurgia Geral, Ginecologia e Obstetr\u00edcia e Medicina Preventiva e Social.\u00a0<\/strong><\/p>\t\t\n\t\t<h2><span class=\"ez-toc-section\" id=\"Prova_Teorica_Objetiva\"><\/span><strong>Prova Te\u00f3rica Objetiva<\/strong><span class=\"ez-toc-section-end\"><\/span><\/h2>\n<p>A aplica\u00e7\u00e3o da prova acontecer\u00e1 no dia\u00a0<b>11 de mar\u00e7o, \u00e0s 14h00<\/b> (hor\u00e1rio de Bras\u00edlia) na cidade de Ara\u00e7atuba. No entanto, os candidatos poder\u00e3o consultar os locais de aplica\u00e7\u00e3o com no m\u00ednimo <strong>3 dias de anteced\u00eancia<\/strong> no site da Consesp.<\/p>\n<p>\u00a0<\/p>\n<p>A composi\u00e7\u00e3o da prova e n\u00famero de quest\u00f5es:<\/p>\n<p>\u00a0<\/p>\n<ul>\n<li>Cl\u00ednica M\u00e9dica : 06 quest\u00f5es;<\/li>\n<li>Pediatria : 06 quest\u00f5es;<\/li>\n<li>Cl\u00ednica Geral : 06 quest\u00f5es;<\/li>\n<li>Ginecologia e Obstetr\u00edcia : 06 quest\u00f5es;<\/li>\n<li>Medicina Preventiva e Social : 06 quest\u00f5es.<\/li>\n<\/ul>\n<p>\u00a0<\/p>\n<p>No dia da realiza\u00e7\u00e3o das provas os candidatos dever\u00e3o estar portando o documento obrigat\u00f3rio de identifica\u00e7\u00e3o com fotografia.<\/p><h2><span class=\"ez-toc-section\" id=\"Cronograma_Residencia_Medica_Aracatuba\"><\/span><strong>Cronograma <\/strong><strong>Resid\u00eancia M\u00e9dica Ara\u00e7atuba<\/strong><span class=\"ez-toc-section-end\"><\/span><\/h2>\n<ul>\n<li style=\"list-style-type: none;\">\n<ul>\n<li>Inscri\u00e7\u00f5es: <b>29\/02\/2024 <\/b>a <b>05\/03\/2024<\/b>;<\/li>\n<li>Taxa de<b> R$ 480,00;<\/b><\/li>\n<li>\u00daltimo dia para pagamento da Taxa de Inscri\u00e7\u00e3o-<strong>PIX<\/strong> : <strong>05\/03\/2024;<\/strong><\/li>\n<li>\u00daltimo dia para pagamento da Taxa de Inscri\u00e7\u00e3o-<strong>Boleto<\/strong> : <strong>06\/03\/2024;<\/strong><\/li>\n<\/ul>\n<\/li>\n<\/ul>\n<ul>\n<li style=\"list-style-type: none;\">\n<ul>\n<li>Aplica\u00e7\u00e3o de Provas e divulga\u00e7\u00e3o do gabarito: <b>11\/03\/2024<\/b>;<\/li>\n<\/ul>\n<\/li>\n<\/ul>\n<ul>\n<li style=\"list-style-type: none;\">\n<ul>\n<li>Resultado final: <b>14\/03\/2024<\/b>;<\/li>\n<\/ul>\n<\/li>\n<\/ul>\n<ul>\n<li style=\"list-style-type: none;\">\n<ul>\n<li>Matr\u00edculas: <b>15\/03\/2024<\/b>;\u00a0<\/li>\n<\/ul>\n<\/li>\n<\/ul>\n<p>Sendo assim, os interessados podem se inscrever de forma online pelo site da <a href=\"http:\/\/www.consesp.com.br\/\"><strong>Consesp<\/strong><\/a>.<\/p>\n<p>Para mais informa\u00e7\u00f5es, leia o Edital na \u00edntegra:<\/p>\t\t\n\t\t\t<a href=\"https:\/\/drive.google.com\/file\/d\/177UCw352gptTDtOOul10CV7kQJOAEtrE\/view?usp=drive_link\">\n\t\t\t\t\t\tSanta Casa de Ara\u00e7atuba Vaga Remanescente 2024\n\t\t\t\t\t<\/a>\n\t\t\t<iframe src=\"https:\/\/www.grupomedcof.com.br\/blog\/wp-content\/plugins\/pdf-viewer-for-elementor\/assets\/pdfjs\/web\/viewer.html?file=https:\/\/www.grupomedcof.com.br\/blog\/wp-content\/uploads\/2024\/03\/grupomedcof_santa_casa_misericordia_aracatuba_vagas_remanescente.pdf&amp;embedded=true\" style=\"display: block; margin-left: auto; margin-right: auto; width: 640px; height: 1020px;\" frameborder=\"1\" marginheight=\"0px\" marginwidth=\"0px\" allowfullscreen><\/iframe>\t\t\n<h3 id=\"h-o-metodo-da-sua-aprovacao\"><span class=\"ez-toc-section\" id=\"O_metodo_da_sua_aprovacao\"><\/span><strong>O m\u00e9todo da sua aprova\u00e7\u00e3o<\/strong><span class=\"ez-toc-section-end\"><\/span><\/h3>\n<p>\u00a0<\/p>\n<p>A metodologia do Grupo MedCof j\u00e1 aprovou mais de\u00a0<a href=\"https:\/\/www.grupomedcof.com.br\/blog\/presenca-da-medcof-nas-aprovacoes-em-residencia-medica-no-brasil\/\"><strong>10 mil residentes em todo o pa\u00eds<\/strong><\/a>. Quer entrar para nossa estat\u00edstica? Confira o conte\u00fado abaixo e outros dispon\u00edveis no canal do YouTube sobre como otimizar seus estudos usando nosso m\u00e9todo:<\/p>\n\t\t<iframe loading=\"lazy\" title=\"Dra. Mariah Menoci Mortean conta como otimizar os estudos para aprova\u00e7\u00e3o na USP-RP - EP #02\" width=\"696\" height=\"392\" src=\"https:\/\/www.youtube.com\/embed\/gxg5DALsw8I?feature=oembed\" frameborder=\"0\" allow=\"accelerometer; autoplay; clipboard-write; encrypted-media; gyroscope; picture-in-picture; web-share\" referrerpolicy=\"strict-origin-when-cross-origin\" allowfullscreen><\/iframe>","protected":false},"excerpt":{"rendered":"<p>A Santa Casa de Miseric\u00f3rdia de Ara\u00e7atuba divulgou edital de processo seletivo para vagas remanescentes em Resid\u00eancia M\u00e9dica 2024. As inscri\u00e7\u00f5es poder\u00e3o estar\u00e3o abertas at\u00e9 dia 5 de mar\u00e7o.\u00a0<\/p>\n","protected":false},"author":6,"featured_media":20809,"comment_status":"open","ping_status":"open","sticky":false,"template":"","format":"standard","meta":{"footnotes":""},"categories":[55,174],"tags":[93,117,68],"ppma_author":[3609],"class_list":{"0":"post-20745","1":"post","2":"type-post","3":"status-publish","4":"format-standard","5":"has-post-thumbnail","7":"category-carreira-medica","8":"category-residencia-medica","9":"tag-especialidades-medicas","10":"tag-provas-de-residencia","11":"tag-residencia-medica"},"yoast_head":"<!-- This site is optimized with the Yoast SEO Premium plugin v24.3 (Yoast SEO v27.4) - https:\/\/yoast.com\/product\/yoast-seo-premium-wordpress\/ -->\n<title>Resid\u00eancia M\u00e9dica Ara\u00e7atuba : Vagas e Processo Seletivo<\/title>\n<meta name=\"description\" content=\"Vagas remanescentes em Resid\u00eancia M\u00e9dica 2024 na Santa Casa de Ara\u00e7atuba. Inscri\u00e7\u00f5es abertas at\u00e9 5 de mar\u00e7o. Confira detalhes no edital.\" \/>\n<meta name=\"robots\" content=\"index, follow, max-snippet:-1, max-image-preview:large, max-video-preview:-1\" \/>\n<link rel=\"canonical\" href=\"https:\/\/www.grupomedcof.com.br\/blog\/santa-casa-de-aracatuba-abre-vagas-remanescentes-para-residencia-medica-2024\/\" \/>\n<meta property=\"og:locale\" content=\"pt_BR\" \/>\n<meta property=\"og:type\" content=\"article\" \/>\n<meta property=\"og:title\" content=\"Santa Casa de Miseric\u00f3rdia de Ara\u00e7atuba: Edital 2024\" \/>\n<meta property=\"og:description\" content=\"Vagas remanescentes em Resid\u00eancia M\u00e9dica 2024 na Santa Casa de Ara\u00e7atuba. Inscri\u00e7\u00f5es abertas at\u00e9 5 de mar\u00e7o. Confira detalhes no edital.\" \/>\n<meta property=\"og:url\" content=\"https:\/\/www.grupomedcof.com.br\/blog\/santa-casa-de-aracatuba-abre-vagas-remanescentes-para-residencia-medica-2024\/\" \/>\n<meta property=\"og:site_name\" content=\"Blog de Medcof: conte\u00fados, editais, revalida e mais!\" \/>\n<meta property=\"article:publisher\" content=\"https:\/\/www.facebook.com\/MedCofQbank\/\" \/>\n<meta property=\"article:published_time\" content=\"2024-03-04T16:27:56+00:00\" \/>\n<meta property=\"og:image\" content=\"https:\/\/www.grupomedcof.com.br\/blog\/wp-content\/uploads\/2024\/03\/Blog-MedCof-25.jpg\" \/>\n\t<meta property=\"og:image:width\" content=\"1920\" \/>\n\t<meta property=\"og:image:height\" content=\"1080\" \/>\n\t<meta property=\"og:image:type\" content=\"image\/jpeg\" \/>\n<meta name=\"author\" content=\"J\u00falia Moreira\" \/>\n<meta name=\"twitter:card\" content=\"summary_large_image\" \/>\n<meta name=\"twitter:label1\" content=\"Escrito por\" \/>\n\t<meta name=\"twitter:data1\" content=\"J\u00falia Moreira\" \/>\n\t<meta name=\"twitter:label2\" content=\"Est. tempo de leitura\" \/>\n\t<meta name=\"twitter:data2\" content=\"5 minutos\" \/>\n<script type=\"application\/ld+json\" class=\"yoast-schema-graph\">{\"@context\":\"https:\\\/\\\/schema.org\",\"@graph\":[{\"@type\":\"Article\",\"@id\":\"https:\\\/\\\/www.grupomedcof.com.br\\\/blog\\\/santa-casa-de-aracatuba-abre-vagas-remanescentes-para-residencia-medica-2024\\\/#article\",\"isPartOf\":{\"@id\":\"https:\\\/\\\/www.grupomedcof.com.br\\\/blog\\\/santa-casa-de-aracatuba-abre-vagas-remanescentes-para-residencia-medica-2024\\\/\"},\"author\":{\"name\":\"J\u00falia Moreira\",\"@id\":\"https:\\\/\\\/www.grupomedcof.com.br\\\/blog\\\/#\\\/schema\\\/person\\\/1375e0ce724529d7a1d8156ea7f8ceaa\"},\"headline\":\"Santa Casa de Miseric\u00f3rdia de Ara\u00e7atuba: Edital 2024\",\"datePublished\":\"2024-03-04T16:27:56+00:00\",\"mainEntityOfPage\":{\"@id\":\"https:\\\/\\\/www.grupomedcof.com.br\\\/blog\\\/santa-casa-de-aracatuba-abre-vagas-remanescentes-para-residencia-medica-2024\\\/\"},\"wordCount\":431,\"commentCount\":0,\"publisher\":{\"@id\":\"https:\\\/\\\/www.grupomedcof.com.br\\\/blog\\\/#organization\"},\"image\":{\"@id\":\"https:\\\/\\\/www.grupomedcof.com.br\\\/blog\\\/santa-casa-de-aracatuba-abre-vagas-remanescentes-para-residencia-medica-2024\\\/#primaryimage\"},\"thumbnailUrl\":\"https:\\\/\\\/www.grupomedcof.com.br\\\/blog\\\/wp-content\\\/uploads\\\/2024\\\/03\\\/Blog-MedCof-25.jpg\",\"keywords\":[\"Especialidades m\u00e9dicas\",\"Provas de Resid\u00eancia\",\"Resid\u00eancia M\u00e9dica\"],\"articleSection\":[\"Carreira M\u00e9dica\",\"Resid\u00eancia m\u00e9dica: editais, resultados, temas quentes e mais\"],\"inLanguage\":\"pt-BR\"},{\"@type\":\"WebPage\",\"@id\":\"https:\\\/\\\/www.grupomedcof.com.br\\\/blog\\\/santa-casa-de-aracatuba-abre-vagas-remanescentes-para-residencia-medica-2024\\\/\",\"url\":\"https:\\\/\\\/www.grupomedcof.com.br\\\/blog\\\/santa-casa-de-aracatuba-abre-vagas-remanescentes-para-residencia-medica-2024\\\/\",\"name\":\"Resid\u00eancia M\u00e9dica Ara\u00e7atuba : Vagas e Processo Seletivo\",\"isPartOf\":{\"@id\":\"https:\\\/\\\/www.grupomedcof.com.br\\\/blog\\\/#website\"},\"primaryImageOfPage\":{\"@id\":\"https:\\\/\\\/www.grupomedcof.com.br\\\/blog\\\/santa-casa-de-aracatuba-abre-vagas-remanescentes-para-residencia-medica-2024\\\/#primaryimage\"},\"image\":{\"@id\":\"https:\\\/\\\/www.grupomedcof.com.br\\\/blog\\\/santa-casa-de-aracatuba-abre-vagas-remanescentes-para-residencia-medica-2024\\\/#primaryimage\"},\"thumbnailUrl\":\"https:\\\/\\\/www.grupomedcof.com.br\\\/blog\\\/wp-content\\\/uploads\\\/2024\\\/03\\\/Blog-MedCof-25.jpg\",\"datePublished\":\"2024-03-04T16:27:56+00:00\",\"description\":\"Vagas remanescentes em Resid\u00eancia M\u00e9dica 2024 na Santa Casa de Ara\u00e7atuba. Inscri\u00e7\u00f5es abertas at\u00e9 5 de mar\u00e7o. Confira detalhes no edital.\",\"breadcrumb\":{\"@id\":\"https:\\\/\\\/www.grupomedcof.com.br\\\/blog\\\/santa-casa-de-aracatuba-abre-vagas-remanescentes-para-residencia-medica-2024\\\/#breadcrumb\"},\"inLanguage\":\"pt-BR\",\"potentialAction\":[{\"@type\":\"ReadAction\",\"target\":[\"https:\\\/\\\/www.grupomedcof.com.br\\\/blog\\\/santa-casa-de-aracatuba-abre-vagas-remanescentes-para-residencia-medica-2024\\\/\"]}]},{\"@type\":\"ImageObject\",\"inLanguage\":\"pt-BR\",\"@id\":\"https:\\\/\\\/www.grupomedcof.com.br\\\/blog\\\/santa-casa-de-aracatuba-abre-vagas-remanescentes-para-residencia-medica-2024\\\/#primaryimage\",\"url\":\"https:\\\/\\\/www.grupomedcof.com.br\\\/blog\\\/wp-content\\\/uploads\\\/2024\\\/03\\\/Blog-MedCof-25.jpg\",\"contentUrl\":\"https:\\\/\\\/www.grupomedcof.com.br\\\/blog\\\/wp-content\\\/uploads\\\/2024\\\/03\\\/Blog-MedCof-25.jpg\",\"width\":1920,\"height\":1080,\"caption\":\"santa casa ara\u00e7atuba 2024 resid\u00eancia m\u00e9dica Ortopedia e Traumatologia\"},{\"@type\":\"BreadcrumbList\",\"@id\":\"https:\\\/\\\/www.grupomedcof.com.br\\\/blog\\\/santa-casa-de-aracatuba-abre-vagas-remanescentes-para-residencia-medica-2024\\\/#breadcrumb\",\"itemListElement\":[{\"@type\":\"ListItem\",\"position\":1,\"name\":\"In\u00edcio\",\"item\":\"https:\\\/\\\/www.grupomedcof.com.br\\\/blog\\\/\"},{\"@type\":\"ListItem\",\"position\":2,\"name\":\"Santa Casa de Miseric\u00f3rdia de Ara\u00e7atuba: Edital 2024\"}]},{\"@type\":\"WebSite\",\"@id\":\"https:\\\/\\\/www.grupomedcof.com.br\\\/blog\\\/#website\",\"url\":\"https:\\\/\\\/www.grupomedcof.com.br\\\/blog\\\/\",\"name\":\"Blog de Medcof: conte\u00fados, editais, revalida e mais!\",\"description\":\"Acesso o blog de MedCof! Seu portal de conte\u00fados sobre resid\u00eancia m\u00e9dica, an\u00e1lise e editais e muito mais. Clique e confira!\",\"publisher\":{\"@id\":\"https:\\\/\\\/www.grupomedcof.com.br\\\/blog\\\/#organization\"},\"alternateName\":\"Blog de Medcof: conte\u00fados, editais, revalida e mais!\",\"potentialAction\":[{\"@type\":\"SearchAction\",\"target\":{\"@type\":\"EntryPoint\",\"urlTemplate\":\"https:\\\/\\\/www.grupomedcof.com.br\\\/blog\\\/?s={search_term_string}\"},\"query-input\":{\"@type\":\"PropertyValueSpecification\",\"valueRequired\":true,\"valueName\":\"search_term_string\"}}],\"inLanguage\":\"pt-BR\"},{\"@type\":\"Organization\",\"@id\":\"https:\\\/\\\/www.grupomedcof.com.br\\\/blog\\\/#organization\",\"name\":\"Grupo MedCof\",\"url\":\"https:\\\/\\\/www.grupomedcof.com.br\\\/blog\\\/\",\"logo\":{\"@type\":\"ImageObject\",\"inLanguage\":\"pt-BR\",\"@id\":\"https:\\\/\\\/www.grupomedcof.com.br\\\/blog\\\/#\\\/schema\\\/logo\\\/image\\\/\",\"url\":\"https:\\\/\\\/www.grupomedcof.com.br\\\/blog\\\/wp-content\\\/uploads\\\/2022\\\/01\\\/logo-medcof.png\",\"contentUrl\":\"https:\\\/\\\/www.grupomedcof.com.br\\\/blog\\\/wp-content\\\/uploads\\\/2022\\\/01\\\/logo-medcof.png\",\"width\":768,\"height\":269,\"caption\":\"Grupo MedCof\"},\"image\":{\"@id\":\"https:\\\/\\\/www.grupomedcof.com.br\\\/blog\\\/#\\\/schema\\\/logo\\\/image\\\/\"},\"sameAs\":[\"https:\\\/\\\/www.facebook.com\\\/MedCofQbank\\\/\",\"https:\\\/\\\/www.instagram.com\\\/grupomedcof\\\/\",\"https:\\\/\\\/br.linkedin.com\\\/company\\\/medcof\",\"https:\\\/\\\/www.youtube.com\\\/channel\\\/UCdHMuOHKICxcHwecxN8P-AA\"]},{\"@type\":\"Person\",\"@id\":\"https:\\\/\\\/www.grupomedcof.com.br\\\/blog\\\/#\\\/schema\\\/person\\\/1375e0ce724529d7a1d8156ea7f8ceaa\",\"name\":\"J\u00falia Moreira\",\"image\":{\"@type\":\"ImageObject\",\"inLanguage\":\"pt-BR\",\"@id\":\"https:\\\/\\\/www.grupomedcof.com.br\\\/blog\\\/wp-content\\\/uploads\\\/2024\\\/12\\\/cropped-Captura-de-tela-2023-12-15-094946-96x96.png6a0083ac34a0445de97d55fae63a4a41\",\"url\":\"https:\\\/\\\/www.grupomedcof.com.br\\\/blog\\\/wp-content\\\/uploads\\\/2024\\\/12\\\/cropped-Captura-de-tela-2023-12-15-094946-96x96.png\",\"contentUrl\":\"https:\\\/\\\/www.grupomedcof.com.br\\\/blog\\\/wp-content\\\/uploads\\\/2024\\\/12\\\/cropped-Captura-de-tela-2023-12-15-094946-96x96.png\",\"caption\":\"J\u00falia Moreira\"},\"description\":\"Estudante do 8\u00ba semestre de Jornalismo na ECA-USP, f\u00e3 de filmes de terror e m\u00fasica popular sul-coreana.\",\"sameAs\":[\"https:\\\/\\\/www.grupomedcof.com.br\\\/\"],\"url\":\"https:\\\/\\\/www.grupomedcof.com.br\\\/blog\\\/author\\\/julia\\\/\"}]}<\/script>\n<!-- \/ Yoast SEO Premium plugin. -->","yoast_head_json":{"title":"Resid\u00eancia M\u00e9dica Ara\u00e7atuba : Vagas e Processo Seletivo","description":"Vagas remanescentes em Resid\u00eancia M\u00e9dica 2024 na Santa Casa de Ara\u00e7atuba. Inscri\u00e7\u00f5es abertas at\u00e9 5 de mar\u00e7o. Confira detalhes no edital.","robots":{"index":"index","follow":"follow","max-snippet":"max-snippet:-1","max-image-preview":"max-image-preview:large","max-video-preview":"max-video-preview:-1"},"canonical":"https:\/\/www.grupomedcof.com.br\/blog\/santa-casa-de-aracatuba-abre-vagas-remanescentes-para-residencia-medica-2024\/","og_locale":"pt_BR","og_type":"article","og_title":"Santa Casa de Miseric\u00f3rdia de Ara\u00e7atuba: Edital 2024","og_description":"Vagas remanescentes em Resid\u00eancia M\u00e9dica 2024 na Santa Casa de Ara\u00e7atuba. Inscri\u00e7\u00f5es abertas at\u00e9 5 de mar\u00e7o. Confira detalhes no edital.","og_url":"https:\/\/www.grupomedcof.com.br\/blog\/santa-casa-de-aracatuba-abre-vagas-remanescentes-para-residencia-medica-2024\/","og_site_name":"Blog de Medcof: conte\u00fados, editais, revalida e mais!","article_publisher":"https:\/\/www.facebook.com\/MedCofQbank\/","article_published_time":"2024-03-04T16:27:56+00:00","og_image":[{"width":1920,"height":1080,"url":"https:\/\/www.grupomedcof.com.br\/blog\/wp-content\/uploads\/2024\/03\/Blog-MedCof-25.jpg","type":"image\/jpeg"}],"author":"J\u00falia Moreira","twitter_card":"summary_large_image","twitter_misc":{"Escrito por":"J\u00falia Moreira","Est. tempo de leitura":"5 minutos"},"schema":{"@context":"https:\/\/schema.org","@graph":[{"@type":"Article","@id":"https:\/\/www.grupomedcof.com.br\/blog\/santa-casa-de-aracatuba-abre-vagas-remanescentes-para-residencia-medica-2024\/#article","isPartOf":{"@id":"https:\/\/www.grupomedcof.com.br\/blog\/santa-casa-de-aracatuba-abre-vagas-remanescentes-para-residencia-medica-2024\/"},"author":{"name":"J\u00falia Moreira","@id":"https:\/\/www.grupomedcof.com.br\/blog\/#\/schema\/person\/1375e0ce724529d7a1d8156ea7f8ceaa"},"headline":"Santa Casa de Miseric\u00f3rdia de Ara\u00e7atuba: Edital 2024","datePublished":"2024-03-04T16:27:56+00:00","mainEntityOfPage":{"@id":"https:\/\/www.grupomedcof.com.br\/blog\/santa-casa-de-aracatuba-abre-vagas-remanescentes-para-residencia-medica-2024\/"},"wordCount":431,"commentCount":0,"publisher":{"@id":"https:\/\/www.grupomedcof.com.br\/blog\/#organization"},"image":{"@id":"https:\/\/www.grupomedcof.com.br\/blog\/santa-casa-de-aracatuba-abre-vagas-remanescentes-para-residencia-medica-2024\/#primaryimage"},"thumbnailUrl":"https:\/\/www.grupomedcof.com.br\/blog\/wp-content\/uploads\/2024\/03\/Blog-MedCof-25.jpg","keywords":["Especialidades m\u00e9dicas","Provas de Resid\u00eancia","Resid\u00eancia M\u00e9dica"],"articleSection":["Carreira M\u00e9dica","Resid\u00eancia m\u00e9dica: editais, resultados, temas quentes e mais"],"inLanguage":"pt-BR"},{"@type":"WebPage","@id":"https:\/\/www.grupomedcof.com.br\/blog\/santa-casa-de-aracatuba-abre-vagas-remanescentes-para-residencia-medica-2024\/","url":"https:\/\/www.grupomedcof.com.br\/blog\/santa-casa-de-aracatuba-abre-vagas-remanescentes-para-residencia-medica-2024\/","name":"Resid\u00eancia M\u00e9dica Ara\u00e7atuba : Vagas e Processo Seletivo","isPartOf":{"@id":"https:\/\/www.grupomedcof.com.br\/blog\/#website"},"primaryImageOfPage":{"@id":"https:\/\/www.grupomedcof.com.br\/blog\/santa-casa-de-aracatuba-abre-vagas-remanescentes-para-residencia-medica-2024\/#primaryimage"},"image":{"@id":"https:\/\/www.grupomedcof.com.br\/blog\/santa-casa-de-aracatuba-abre-vagas-remanescentes-para-residencia-medica-2024\/#primaryimage"},"thumbnailUrl":"https:\/\/www.grupomedcof.com.br\/blog\/wp-content\/uploads\/2024\/03\/Blog-MedCof-25.jpg","datePublished":"2024-03-04T16:27:56+00:00","description":"Vagas remanescentes em Resid\u00eancia M\u00e9dica 2024 na Santa Casa de Ara\u00e7atuba. Inscri\u00e7\u00f5es abertas at\u00e9 5 de mar\u00e7o. Confira detalhes no edital.","breadcrumb":{"@id":"https:\/\/www.grupomedcof.com.br\/blog\/santa-casa-de-aracatuba-abre-vagas-remanescentes-para-residencia-medica-2024\/#breadcrumb"},"inLanguage":"pt-BR","potentialAction":[{"@type":"ReadAction","target":["https:\/\/www.grupomedcof.com.br\/blog\/santa-casa-de-aracatuba-abre-vagas-remanescentes-para-residencia-medica-2024\/"]}]},{"@type":"ImageObject","inLanguage":"pt-BR","@id":"https:\/\/www.grupomedcof.com.br\/blog\/santa-casa-de-aracatuba-abre-vagas-remanescentes-para-residencia-medica-2024\/#primaryimage","url":"https:\/\/www.grupomedcof.com.br\/blog\/wp-content\/uploads\/2024\/03\/Blog-MedCof-25.jpg","contentUrl":"https:\/\/www.grupomedcof.com.br\/blog\/wp-content\/uploads\/2024\/03\/Blog-MedCof-25.jpg","width":1920,"height":1080,"caption":"santa casa ara\u00e7atuba 2024 resid\u00eancia m\u00e9dica Ortopedia e Traumatologia"},{"@type":"BreadcrumbList","@id":"https:\/\/www.grupomedcof.com.br\/blog\/santa-casa-de-aracatuba-abre-vagas-remanescentes-para-residencia-medica-2024\/#breadcrumb","itemListElement":[{"@type":"ListItem","position":1,"name":"In\u00edcio","item":"https:\/\/www.grupomedcof.com.br\/blog\/"},{"@type":"ListItem","position":2,"name":"Santa Casa de Miseric\u00f3rdia de Ara\u00e7atuba: Edital 2024"}]},{"@type":"WebSite","@id":"https:\/\/www.grupomedcof.com.br\/blog\/#website","url":"https:\/\/www.grupomedcof.com.br\/blog\/","name":"Blog de Medcof: conte\u00fados, editais, revalida e mais!","description":"Acesso o blog de MedCof! Seu portal de conte\u00fados sobre resid\u00eancia m\u00e9dica, an\u00e1lise e editais e muito mais. Clique e confira!","publisher":{"@id":"https:\/\/www.grupomedcof.com.br\/blog\/#organization"},"alternateName":"Blog de Medcof: conte\u00fados, editais, revalida e mais!","potentialAction":[{"@type":"SearchAction","target":{"@type":"EntryPoint","urlTemplate":"https:\/\/www.grupomedcof.com.br\/blog\/?s={search_term_string}"},"query-input":{"@type":"PropertyValueSpecification","valueRequired":true,"valueName":"search_term_string"}}],"inLanguage":"pt-BR"},{"@type":"Organization","@id":"https:\/\/www.grupomedcof.com.br\/blog\/#organization","name":"Grupo MedCof","url":"https:\/\/www.grupomedcof.com.br\/blog\/","logo":{"@type":"ImageObject","inLanguage":"pt-BR","@id":"https:\/\/www.grupomedcof.com.br\/blog\/#\/schema\/logo\/image\/","url":"https:\/\/www.grupomedcof.com.br\/blog\/wp-content\/uploads\/2022\/01\/logo-medcof.png","contentUrl":"https:\/\/www.grupomedcof.com.br\/blog\/wp-content\/uploads\/2022\/01\/logo-medcof.png","width":768,"height":269,"caption":"Grupo MedCof"},"image":{"@id":"https:\/\/www.grupomedcof.com.br\/blog\/#\/schema\/logo\/image\/"},"sameAs":["https:\/\/www.facebook.com\/MedCofQbank\/","https:\/\/www.instagram.com\/grupomedcof\/","https:\/\/br.linkedin.com\/company\/medcof","https:\/\/www.youtube.com\/channel\/UCdHMuOHKICxcHwecxN8P-AA"]},{"@type":"Person","@id":"https:\/\/www.grupomedcof.com.br\/blog\/#\/schema\/person\/1375e0ce724529d7a1d8156ea7f8ceaa","name":"J\u00falia Moreira","image":{"@type":"ImageObject","inLanguage":"pt-BR","@id":"https:\/\/www.grupomedcof.com.br\/blog\/wp-content\/uploads\/2024\/12\/cropped-Captura-de-tela-2023-12-15-094946-96x96.png6a0083ac34a0445de97d55fae63a4a41","url":"https:\/\/www.grupomedcof.com.br\/blog\/wp-content\/uploads\/2024\/12\/cropped-Captura-de-tela-2023-12-15-094946-96x96.png","contentUrl":"https:\/\/www.grupomedcof.com.br\/blog\/wp-content\/uploads\/2024\/12\/cropped-Captura-de-tela-2023-12-15-094946-96x96.png","caption":"J\u00falia Moreira"},"description":"Estudante do 8\u00ba semestre de Jornalismo na ECA-USP, f\u00e3 de filmes de terror e m\u00fasica popular sul-coreana.","sameAs":["https:\/\/www.grupomedcof.com.br\/"],"url":"https:\/\/www.grupomedcof.com.br\/blog\/author\/julia\/"}]}},"authors":[{"term_id":3609,"user_id":6,"is_guest":0,"slug":"julia","display_name":"J\u00falia Moreira","avatar_url":"https:\/\/www.grupomedcof.com.br\/blog\/wp-content\/uploads\/2024\/12\/cropped-Captura-de-tela-2023-12-15-094946-96x96.png","0":null,"1":"","2":"","3":"","4":"","5":"","6":"","7":"","8":""}],"_links":{"self":[{"href":"https:\/\/www.grupomedcof.com.br\/blog\/wp-json\/wp\/v2\/posts\/20745","targetHints":{"allow":["GET"]}}],"collection":[{"href":"https:\/\/www.grupomedcof.com.br\/blog\/wp-json\/wp\/v2\/posts"}],"about":[{"href":"https:\/\/www.grupomedcof.com.br\/blog\/wp-json\/wp\/v2\/types\/post"}],"author":[{"embeddable":true,"href":"https:\/\/www.grupomedcof.com.br\/blog\/wp-json\/wp\/v2\/users\/6"}],"replies":[{"embeddable":true,"href":"https:\/\/www.grupomedcof.com.br\/blog\/wp-json\/wp\/v2\/comments?post=20745"}],"version-history":[{"count":0,"href":"https:\/\/www.grupomedcof.com.br\/blog\/wp-json\/wp\/v2\/posts\/20745\/revisions"}],"wp:featuredmedia":[{"embeddable":true,"href":"https:\/\/www.grupomedcof.com.br\/blog\/wp-json\/wp\/v2\/media\/20809"}],"wp:attachment":[{"href":"https:\/\/www.grupomedcof.com.br\/blog\/wp-json\/wp\/v2\/media?parent=20745"}],"wp:term":[{"taxonomy":"category","embeddable":true,"href":"https:\/\/www.grupomedcof.com.br\/blog\/wp-json\/wp\/v2\/categories?post=20745"},{"taxonomy":"post_tag","embeddable":true,"href":"https:\/\/www.grupomedcof.com.br\/blog\/wp-json\/wp\/v2\/tags?post=20745"},{"taxonomy":"author","embeddable":true,"href":"https:\/\/www.grupomedcof.com.br\/blog\/wp-json\/wp\/v2\/ppma_author?post=20745"}],"curies":[{"name":"wp","href":"https:\/\/api.w.org\/{rel}","templated":true}]}}