{"id":20893,"date":"2024-03-05T14:03:25","date_gmt":"2024-03-05T17:03:25","guid":{"rendered":"https:\/\/www.grupomedcof.com.br\/blog\/?p=20893"},"modified":"2024-05-06T17:58:41","modified_gmt":"2024-05-06T20:58:41","slug":"residencia-medica-dasa-2024-confira-vagas-remanescentes","status":"publish","type":"post","link":"https:\/\/www.grupomedcof.com.br\/blog\/residencia-medica-dasa-2024-confira-vagas-remanescentes\/","title":{"rendered":"Resid\u00eancia M\u00e9dica DASA 2024: Confira vagas remanescentes"},"content":{"rendered":"<div id=\"ez-toc-container\" class=\"ez-toc-v2_0_74 counter-hierarchy ez-toc-counter ez-toc-transparent ez-toc-container-direction\">\n<div class=\"ez-toc-title-container\">\n<p class=\"ez-toc-title\" style=\"cursor:inherit\">Sum\u00e1rio<\/p>\n<span class=\"ez-toc-title-toggle\"><a href=\"#\" class=\"ez-toc-pull-right ez-toc-btn ez-toc-btn-xs ez-toc-btn-default ez-toc-toggle\" aria-label=\"Alternar tabela de conte\u00fado\"><span class=\"ez-toc-js-icon-con\"><span class=\"\"><span class=\"eztoc-hide\" style=\"display:none;\">Toggle<\/span><span class=\"ez-toc-icon-toggle-span\"><svg style=\"fill: #999;color:#999\" xmlns=\"http:\/\/www.w3.org\/2000\/svg\" class=\"list-377408\" width=\"20px\" height=\"20px\" viewBox=\"0 0 24 24\" fill=\"none\"><path d=\"M6 6H4v2h2V6zm14 0H8v2h12V6zM4 11h2v2H4v-2zm16 0H8v2h12v-2zM4 16h2v2H4v-2zm16 0H8v2h12v-2z\" fill=\"currentColor\"><\/path><\/svg><svg style=\"fill: #999;color:#999\" class=\"arrow-unsorted-368013\" xmlns=\"http:\/\/www.w3.org\/2000\/svg\" width=\"10px\" height=\"10px\" viewBox=\"0 0 24 24\" version=\"1.2\" baseProfile=\"tiny\"><path d=\"M18.2 9.3l-6.2-6.3-6.2 6.3c-.2.2-.3.4-.3.7s.1.5.3.7c.2.2.4.3.7.3h11c.3 0 .5-.1.7-.3.2-.2.3-.5.3-.7s-.1-.5-.3-.7zM5.8 14.7l6.2 6.3 6.2-6.3c.2-.2.3-.5.3-.7s-.1-.5-.3-.7c-.2-.2-.4-.3-.7-.3h-11c-.3 0-.5.1-.7.3-.2.2-.3.5-.3.7s.1.5.3.7z\"\/><\/svg><\/span><\/span><\/span><\/a><\/span><\/div>\n<nav><ul class='ez-toc-list ez-toc-list-level-1 ' ><li class='ez-toc-page-1 ez-toc-heading-level-2'><a class=\"ez-toc-link ez-toc-heading-1\" href=\"https:\/\/www.grupomedcof.com.br\/blog\/residencia-medica-dasa-2024-confira-vagas-remanescentes\/#Como_funcionara_o_processo_seletivo\" >Como funcionar\u00e1 o processo seletivo?<\/a><\/li><li class='ez-toc-page-1 ez-toc-heading-level-2'><a class=\"ez-toc-link ez-toc-heading-2\" href=\"https:\/\/www.grupomedcof.com.br\/blog\/residencia-medica-dasa-2024-confira-vagas-remanescentes\/#Cronograma\" >Cronograma<\/a><\/li><li class='ez-toc-page-1 ez-toc-heading-level-2'><a class=\"ez-toc-link ez-toc-heading-3\" href=\"https:\/\/www.grupomedcof.com.br\/blog\/residencia-medica-dasa-2024-confira-vagas-remanescentes\/#O_metodo_da_sua_aprovacao\" >O m\u00e9todo da sua aprova\u00e7\u00e3o<\/a><\/li><\/ul><\/nav><\/div>\n<img loading=\"lazy\" decoding=\"async\" width=\"800\" height=\"450\" src=\"https:\/\/www.grupomedcof.com.br\/blog\/wp-content\/uploads\/2024\/03\/Blog-MedCof-27-1024x576.jpg\" alt=\"dasa-2024-residencia-medica - vagas-remanescentes\" srcset=\"https:\/\/www.grupomedcof.com.br\/blog\/wp-content\/uploads\/2024\/03\/Blog-MedCof-27-1024x576.jpg 1024w, https:\/\/www.grupomedcof.com.br\/blog\/wp-content\/uploads\/2024\/03\/Blog-MedCof-27-300x169.jpg 300w, https:\/\/www.grupomedcof.com.br\/blog\/wp-content\/uploads\/2024\/03\/Blog-MedCof-27-768x432.jpg 768w, https:\/\/www.grupomedcof.com.br\/blog\/wp-content\/uploads\/2024\/03\/Blog-MedCof-27-1536x864.jpg 1536w, https:\/\/www.grupomedcof.com.br\/blog\/wp-content\/uploads\/2024\/03\/Blog-MedCof-27.jpg 1920w\" sizes=\"auto, (max-width: 800px) 100vw, 800px\" \/>\t\t\t\t\t\t\t\t\t\t\t\t\t\t\t\n\t\t<p>A DASA, rede de sa\u00fade integral e completa, junto com a Casa de Sa\u00fade Nossa Senhora do Carmo e o Complexo Hospitalar de Niter\u00f3i, divulgou editais de processo seletivo para vagas remanescentes em Resid\u00eancia M\u00e9dica 2024. As inscri\u00e7\u00f5es poder\u00e3o ser feitas at\u00e9 dia 5 de mar\u00e7o.<\/p>\t\t\n\t\t\t<h4>\n\t\t\t\tSum\u00e1rio\t\t\t<\/h4>\n\t\t<p><\/p>\n<p>De acordo com os editais publicados pela DASA 2024, h\u00e1 duas vagas remanescentes para a especialidade de Medicina Intensiva Adulto na Casa de Sa\u00fade Nossa Senhora do Carmo, na cidade do Rio de Janeiro. Al\u00e9m disso, h\u00e1 uma vaga para Pediatria no complexo Hospitalar da cidade de Niter\u00f3i.\u00a0Sendo assim, os interessados podem se inscrever de forma online pelo site da <a style=\"font-family: var( --e-global-typography-text-font-family ), Sans-serif; font-weight: var( --e-global-typography-text-font-weight ); background-color: #ffffff;\" href=\"http:\/\/www.consesp.com.br\/\"><strong>Consesp<\/strong><\/a>.<\/p>\n<p>\u00a0<\/p>\n<p><\/p>\n<p><\/p>\n<p>Para realizar a inscri\u00e7\u00e3o, ser\u00e1 necess\u00e1rio realizar o pagamento da taxa no valor R$420,00 via boleto banc\u00e1rio ou Pix at\u00e9 o \u00faltimo dia de inscri\u00e7\u00e3o. Portanto, confira nos editais disponibilizados nesta p\u00e1gina as instru\u00e7\u00f5es detalhadas para inscri\u00e7\u00e3o.<\/p>\n<p><\/p>\t\t\n\t\t<h2><span class=\"ez-toc-section\" id=\"Como_funcionara_o_processo_seletivo\"><\/span><strong>Como funcionar\u00e1 o processo seletivo?<\/strong><span class=\"ez-toc-section-end\"><\/span><\/h2>\n<p>\u00a0<\/p>\n<p>O processo ocorrer\u00e1 em apenas uma etapa composta por prova te\u00f3rica objetiva. Sendo assim, os candidatos enfrentar\u00e3o uma prova com dez quest\u00f5es sobre cada grande \u00e1rea da medicina: Cl\u00ednica M\u00e9dica, Pediatria, Cirurgia Geral, Ginecologia e Obstetr\u00edcia e Medicina Preventiva e Social.\u00a0<\/p>\n<p>\u00a0<\/p>\n<p>\u00a0<\/p>\n<p>A aplica\u00e7\u00e3o da prova acontecer\u00e1 no dia 12 de mar\u00e7o, \u00e0s 14h00 (hor\u00e1rio de Bras\u00edlia) nas respectivas cidades de Niter\u00f3i e Rio de Janeiro. No entanto, os locais ser\u00e3o informados com no m\u00ednimo dois dias de anteced\u00eancia no site\u00a0<\/p>\t\t\n\t\t<h2><span class=\"ez-toc-section\" id=\"Cronograma\"><\/span><strong>Cronograma<\/strong><span class=\"ez-toc-section-end\"><\/span><\/h2>\n<p>\u00a0<\/p>\n<ul>\n<li style=\"list-style-type: none;\">\n<ul>\n<li>Inscri\u00e7\u00f5es: 01 a 05\/03\/2024;<\/li>\n<li>Aplica\u00e7\u00e3o de Provas e divulga\u00e7\u00e3o do gabarito: 12\/03\/2024;<\/li>\n<li>Resultado final e convoca\u00e7\u00e3o para matr\u00edculas: 15\/03\/2024;<\/li>\n<li>Matr\u00edculas: 18 e 19\/03\/2024;\u00a0<\/li>\n<li>In\u00edcio do programa: 21\/03\/2024.<\/li>\n<\/ul>\n<\/li>\n<\/ul>\n<p>\u00a0<\/p>\n<p>Por fim, para mais informa\u00e7\u00f5es, leia os Editais na \u00edntegra:<\/p>\t\t\n\t\t\t<a href=\"https:\/\/drive.google.com\/file\/d\/1ltcbpwBt3E39uL7dZG6qq4h3yhaeQDfG\/view?usp=drive_link\" target=\"_blank\" rel=\"noopener\">\n\t\t\t\t\t\tEdital DASA Rio de Janeiro 2024\n\t\t\t\t\t<\/a>\n\t\t\t<a href=\"https:\/\/drive.google.com\/file\/d\/115Qll1IUIv75dVgZK-WbkY4YplCJmr20\/view?usp=drive_link\" target=\"_blank\" rel=\"noopener\">\n\t\t\t\t\t\tEdital DASA Niter\u00f3i 2024\n\t\t\t\t\t<\/a>\n\t\t<h2 id=\"h-o-metodo-da-sua-aprovacao\"><span class=\"ez-toc-section\" id=\"O_metodo_da_sua_aprovacao\"><\/span><strong>O m\u00e9todo da sua aprova\u00e7\u00e3o<\/strong><span class=\"ez-toc-section-end\"><\/span><\/h2>\n<p>\u00a0<\/p>\n<p>A metodologia do Grupo MedCof j\u00e1 aprovou mais de\u00a0<a href=\"https:\/\/www.grupomedcof.com.br\/blog\/presenca-da-medcof-nas-aprovacoes-em-residencia-medica-no-brasil\/\"><strong>10 mil residentes em todo o pa\u00eds<\/strong><\/a>. Quer entrar para nossa estat\u00edstica? Confira o conte\u00fado abaixo e outros dispon\u00edveis no canal do YouTube sobre como otimizar seus estudos usando nosso m\u00e9todo:<\/p>\t\t\n\t\t<iframe loading=\"lazy\" title=\"Dra. Mariah Menoci Mortean conta como otimizar os estudos para aprova\u00e7\u00e3o na USP-RP - EP #02\" width=\"696\" height=\"392\" src=\"https:\/\/www.youtube.com\/embed\/gxg5DALsw8I?feature=oembed\" frameborder=\"0\" allow=\"accelerometer; autoplay; clipboard-write; encrypted-media; gyroscope; picture-in-picture; web-share\" referrerpolicy=\"strict-origin-when-cross-origin\" allowfullscreen><\/iframe>","protected":false},"excerpt":{"rendered":"<p>A DASA, rede de sa\u00fade integral e completa, junto com a Casa de Sa\u00fade Nossa Senhora do Carmo e o Complexo Hospitalar de Niter\u00f3i, divulgou editais de processo seletivo para vagas remanescentes em Resid\u00eancia M\u00e9dica 2024. As inscri\u00e7\u00f5es poder\u00e3o ser feitas at\u00e9 dia 5 de mar\u00e7o.<\/p>\n","protected":false},"author":6,"featured_media":20900,"comment_status":"open","ping_status":"open","sticky":false,"template":"","format":"standard","meta":{"footnotes":""},"categories":[174],"tags":[93,1054,117,68],"ppma_author":[3609],"class_list":{"0":"post-20893","1":"post","2":"type-post","3":"status-publish","4":"format-standard","5":"has-post-thumbnail","7":"category-residencia-medica","8":"tag-especialidades-medicas","9":"tag-medicina-intensiva-adulto","10":"tag-provas-de-residencia","11":"tag-residencia-medica"},"yoast_head":"<!-- This site is optimized with the Yoast SEO Premium plugin v24.3 (Yoast SEO v27.4) - https:\/\/yoast.com\/product\/yoast-seo-premium-wordpress\/ -->\n<title>Resid\u00eancia M\u00e9dica DASA 2024: Confira vagas remanescentes<\/title>\n<meta name=\"description\" content=\"Resid\u00eancia M\u00e9dica 2024: DASA divulga editais de processo seletivo para vagas remanescentes em Niter\u00f3i e Rio de Janeiro. As inscri\u00e7\u00f5es...\" \/>\n<meta name=\"robots\" content=\"index, follow, max-snippet:-1, max-image-preview:large, max-video-preview:-1\" \/>\n<link rel=\"canonical\" href=\"https:\/\/www.grupomedcof.com.br\/blog\/residencia-medica-dasa-2024-confira-vagas-remanescentes\/\" \/>\n<meta property=\"og:locale\" content=\"pt_BR\" \/>\n<meta property=\"og:type\" content=\"article\" \/>\n<meta property=\"og:title\" content=\"Resid\u00eancia M\u00e9dica DASA 2024: Confira vagas remanescentes\" \/>\n<meta property=\"og:description\" content=\"Resid\u00eancia M\u00e9dica 2024: DASA divulga editais de processo seletivo para vagas remanescentes em Niter\u00f3i e Rio de Janeiro. As inscri\u00e7\u00f5es...\" \/>\n<meta property=\"og:url\" content=\"https:\/\/www.grupomedcof.com.br\/blog\/residencia-medica-dasa-2024-confira-vagas-remanescentes\/\" \/>\n<meta property=\"og:site_name\" content=\"Blog de Medcof: conte\u00fados, editais, revalida e mais!\" \/>\n<meta property=\"article:publisher\" content=\"https:\/\/www.facebook.com\/MedCofQbank\/\" \/>\n<meta property=\"article:published_time\" content=\"2024-03-05T17:03:25+00:00\" \/>\n<meta property=\"article:modified_time\" content=\"2024-05-06T20:58:41+00:00\" \/>\n<meta property=\"og:image\" content=\"https:\/\/www.grupomedcof.com.br\/blog\/wp-content\/uploads\/2024\/03\/Blog-MedCof-27.jpg\" \/>\n\t<meta property=\"og:image:width\" content=\"1920\" \/>\n\t<meta property=\"og:image:height\" content=\"1080\" \/>\n\t<meta property=\"og:image:type\" content=\"image\/jpeg\" \/>\n<meta name=\"author\" content=\"J\u00falia Moreira\" \/>\n<meta name=\"twitter:card\" content=\"summary_large_image\" \/>\n<meta name=\"twitter:label1\" content=\"Escrito por\" \/>\n\t<meta name=\"twitter:data1\" content=\"J\u00falia Moreira\" \/>\n\t<meta name=\"twitter:label2\" content=\"Est. tempo de leitura\" \/>\n\t<meta name=\"twitter:data2\" content=\"3 minutos\" \/>\n<script type=\"application\/ld+json\" class=\"yoast-schema-graph\">{\"@context\":\"https:\\\/\\\/schema.org\",\"@graph\":[{\"@type\":\"Article\",\"@id\":\"https:\\\/\\\/www.grupomedcof.com.br\\\/blog\\\/residencia-medica-dasa-2024-confira-vagas-remanescentes\\\/#article\",\"isPartOf\":{\"@id\":\"https:\\\/\\\/www.grupomedcof.com.br\\\/blog\\\/residencia-medica-dasa-2024-confira-vagas-remanescentes\\\/\"},\"author\":{\"name\":\"J\u00falia Moreira\",\"@id\":\"https:\\\/\\\/www.grupomedcof.com.br\\\/blog\\\/#\\\/schema\\\/person\\\/1375e0ce724529d7a1d8156ea7f8ceaa\"},\"headline\":\"Resid\u00eancia M\u00e9dica DASA 2024: Confira vagas remanescentes\",\"datePublished\":\"2024-03-05T17:03:25+00:00\",\"dateModified\":\"2024-05-06T20:58:41+00:00\",\"mainEntityOfPage\":{\"@id\":\"https:\\\/\\\/www.grupomedcof.com.br\\\/blog\\\/residencia-medica-dasa-2024-confira-vagas-remanescentes\\\/\"},\"wordCount\":373,\"commentCount\":0,\"publisher\":{\"@id\":\"https:\\\/\\\/www.grupomedcof.com.br\\\/blog\\\/#organization\"},\"image\":{\"@id\":\"https:\\\/\\\/www.grupomedcof.com.br\\\/blog\\\/residencia-medica-dasa-2024-confira-vagas-remanescentes\\\/#primaryimage\"},\"thumbnailUrl\":\"https:\\\/\\\/www.grupomedcof.com.br\\\/blog\\\/wp-content\\\/uploads\\\/2024\\\/03\\\/Blog-MedCof-27.jpg\",\"keywords\":[\"Especialidades m\u00e9dicas\",\"medicina intensiva adulto\",\"Provas de Resid\u00eancia\",\"Resid\u00eancia M\u00e9dica\"],\"articleSection\":[\"Resid\u00eancia m\u00e9dica: editais, resultados, temas quentes e mais\"],\"inLanguage\":\"pt-BR\"},{\"@type\":\"WebPage\",\"@id\":\"https:\\\/\\\/www.grupomedcof.com.br\\\/blog\\\/residencia-medica-dasa-2024-confira-vagas-remanescentes\\\/\",\"url\":\"https:\\\/\\\/www.grupomedcof.com.br\\\/blog\\\/residencia-medica-dasa-2024-confira-vagas-remanescentes\\\/\",\"name\":\"Resid\u00eancia M\u00e9dica DASA 2024: Confira vagas remanescentes\",\"isPartOf\":{\"@id\":\"https:\\\/\\\/www.grupomedcof.com.br\\\/blog\\\/#website\"},\"primaryImageOfPage\":{\"@id\":\"https:\\\/\\\/www.grupomedcof.com.br\\\/blog\\\/residencia-medica-dasa-2024-confira-vagas-remanescentes\\\/#primaryimage\"},\"image\":{\"@id\":\"https:\\\/\\\/www.grupomedcof.com.br\\\/blog\\\/residencia-medica-dasa-2024-confira-vagas-remanescentes\\\/#primaryimage\"},\"thumbnailUrl\":\"https:\\\/\\\/www.grupomedcof.com.br\\\/blog\\\/wp-content\\\/uploads\\\/2024\\\/03\\\/Blog-MedCof-27.jpg\",\"datePublished\":\"2024-03-05T17:03:25+00:00\",\"dateModified\":\"2024-05-06T20:58:41+00:00\",\"description\":\"Resid\u00eancia M\u00e9dica 2024: DASA divulga editais de processo seletivo para vagas remanescentes em Niter\u00f3i e Rio de Janeiro. As inscri\u00e7\u00f5es...\",\"breadcrumb\":{\"@id\":\"https:\\\/\\\/www.grupomedcof.com.br\\\/blog\\\/residencia-medica-dasa-2024-confira-vagas-remanescentes\\\/#breadcrumb\"},\"inLanguage\":\"pt-BR\",\"potentialAction\":[{\"@type\":\"ReadAction\",\"target\":[\"https:\\\/\\\/www.grupomedcof.com.br\\\/blog\\\/residencia-medica-dasa-2024-confira-vagas-remanescentes\\\/\"]}]},{\"@type\":\"ImageObject\",\"inLanguage\":\"pt-BR\",\"@id\":\"https:\\\/\\\/www.grupomedcof.com.br\\\/blog\\\/residencia-medica-dasa-2024-confira-vagas-remanescentes\\\/#primaryimage\",\"url\":\"https:\\\/\\\/www.grupomedcof.com.br\\\/blog\\\/wp-content\\\/uploads\\\/2024\\\/03\\\/Blog-MedCof-27.jpg\",\"contentUrl\":\"https:\\\/\\\/www.grupomedcof.com.br\\\/blog\\\/wp-content\\\/uploads\\\/2024\\\/03\\\/Blog-MedCof-27.jpg\",\"width\":1920,\"height\":1080,\"caption\":\"A DASA, rede de sa\u00fade integral e completa, junto com a Casa de Sa\u00fade Nossa Senhora do Carmo e o Complexo Hospitalar de Niter\u00f3i divulgaram editais de processo seletivo para vagas remanescentes em Resid\u00eancia M\u00e9dica 2024. As inscri\u00e7\u00f5es poder\u00e3o ser feitas at\u00e9 dia 5 de mar\u00e7o.\"},{\"@type\":\"BreadcrumbList\",\"@id\":\"https:\\\/\\\/www.grupomedcof.com.br\\\/blog\\\/residencia-medica-dasa-2024-confira-vagas-remanescentes\\\/#breadcrumb\",\"itemListElement\":[{\"@type\":\"ListItem\",\"position\":1,\"name\":\"In\u00edcio\",\"item\":\"https:\\\/\\\/www.grupomedcof.com.br\\\/blog\\\/\"},{\"@type\":\"ListItem\",\"position\":2,\"name\":\"Resid\u00eancia M\u00e9dica DASA 2024: Confira vagas remanescentes\"}]},{\"@type\":\"WebSite\",\"@id\":\"https:\\\/\\\/www.grupomedcof.com.br\\\/blog\\\/#website\",\"url\":\"https:\\\/\\\/www.grupomedcof.com.br\\\/blog\\\/\",\"name\":\"Blog de Medcof: conte\u00fados, editais, revalida e mais!\",\"description\":\"Acesso o blog de MedCof! Seu portal de conte\u00fados sobre resid\u00eancia m\u00e9dica, an\u00e1lise e editais e muito mais. Clique e confira!\",\"publisher\":{\"@id\":\"https:\\\/\\\/www.grupomedcof.com.br\\\/blog\\\/#organization\"},\"alternateName\":\"Blog de Medcof: conte\u00fados, editais, revalida e mais!\",\"potentialAction\":[{\"@type\":\"SearchAction\",\"target\":{\"@type\":\"EntryPoint\",\"urlTemplate\":\"https:\\\/\\\/www.grupomedcof.com.br\\\/blog\\\/?s={search_term_string}\"},\"query-input\":{\"@type\":\"PropertyValueSpecification\",\"valueRequired\":true,\"valueName\":\"search_term_string\"}}],\"inLanguage\":\"pt-BR\"},{\"@type\":\"Organization\",\"@id\":\"https:\\\/\\\/www.grupomedcof.com.br\\\/blog\\\/#organization\",\"name\":\"Grupo MedCof\",\"url\":\"https:\\\/\\\/www.grupomedcof.com.br\\\/blog\\\/\",\"logo\":{\"@type\":\"ImageObject\",\"inLanguage\":\"pt-BR\",\"@id\":\"https:\\\/\\\/www.grupomedcof.com.br\\\/blog\\\/#\\\/schema\\\/logo\\\/image\\\/\",\"url\":\"https:\\\/\\\/www.grupomedcof.com.br\\\/blog\\\/wp-content\\\/uploads\\\/2022\\\/01\\\/logo-medcof.png\",\"contentUrl\":\"https:\\\/\\\/www.grupomedcof.com.br\\\/blog\\\/wp-content\\\/uploads\\\/2022\\\/01\\\/logo-medcof.png\",\"width\":768,\"height\":269,\"caption\":\"Grupo MedCof\"},\"image\":{\"@id\":\"https:\\\/\\\/www.grupomedcof.com.br\\\/blog\\\/#\\\/schema\\\/logo\\\/image\\\/\"},\"sameAs\":[\"https:\\\/\\\/www.facebook.com\\\/MedCofQbank\\\/\",\"https:\\\/\\\/www.instagram.com\\\/grupomedcof\\\/\",\"https:\\\/\\\/br.linkedin.com\\\/company\\\/medcof\",\"https:\\\/\\\/www.youtube.com\\\/channel\\\/UCdHMuOHKICxcHwecxN8P-AA\"]},{\"@type\":\"Person\",\"@id\":\"https:\\\/\\\/www.grupomedcof.com.br\\\/blog\\\/#\\\/schema\\\/person\\\/1375e0ce724529d7a1d8156ea7f8ceaa\",\"name\":\"J\u00falia Moreira\",\"image\":{\"@type\":\"ImageObject\",\"inLanguage\":\"pt-BR\",\"@id\":\"https:\\\/\\\/www.grupomedcof.com.br\\\/blog\\\/wp-content\\\/uploads\\\/2024\\\/12\\\/cropped-Captura-de-tela-2023-12-15-094946-96x96.png6a0083ac34a0445de97d55fae63a4a41\",\"url\":\"https:\\\/\\\/www.grupomedcof.com.br\\\/blog\\\/wp-content\\\/uploads\\\/2024\\\/12\\\/cropped-Captura-de-tela-2023-12-15-094946-96x96.png\",\"contentUrl\":\"https:\\\/\\\/www.grupomedcof.com.br\\\/blog\\\/wp-content\\\/uploads\\\/2024\\\/12\\\/cropped-Captura-de-tela-2023-12-15-094946-96x96.png\",\"caption\":\"J\u00falia Moreira\"},\"description\":\"Estudante do 8\u00ba semestre de Jornalismo na ECA-USP, f\u00e3 de filmes de terror e m\u00fasica popular sul-coreana.\",\"sameAs\":[\"https:\\\/\\\/www.grupomedcof.com.br\\\/\"],\"url\":\"https:\\\/\\\/www.grupomedcof.com.br\\\/blog\\\/author\\\/julia\\\/\"}]}<\/script>\n<!-- \/ Yoast SEO Premium plugin. -->","yoast_head_json":{"title":"Resid\u00eancia M\u00e9dica DASA 2024: Confira vagas remanescentes","description":"Resid\u00eancia M\u00e9dica 2024: DASA divulga editais de processo seletivo para vagas remanescentes em Niter\u00f3i e Rio de Janeiro. As inscri\u00e7\u00f5es...","robots":{"index":"index","follow":"follow","max-snippet":"max-snippet:-1","max-image-preview":"max-image-preview:large","max-video-preview":"max-video-preview:-1"},"canonical":"https:\/\/www.grupomedcof.com.br\/blog\/residencia-medica-dasa-2024-confira-vagas-remanescentes\/","og_locale":"pt_BR","og_type":"article","og_title":"Resid\u00eancia M\u00e9dica DASA 2024: Confira vagas remanescentes","og_description":"Resid\u00eancia M\u00e9dica 2024: DASA divulga editais de processo seletivo para vagas remanescentes em Niter\u00f3i e Rio de Janeiro. As inscri\u00e7\u00f5es...","og_url":"https:\/\/www.grupomedcof.com.br\/blog\/residencia-medica-dasa-2024-confira-vagas-remanescentes\/","og_site_name":"Blog de Medcof: conte\u00fados, editais, revalida e mais!","article_publisher":"https:\/\/www.facebook.com\/MedCofQbank\/","article_published_time":"2024-03-05T17:03:25+00:00","article_modified_time":"2024-05-06T20:58:41+00:00","og_image":[{"width":1920,"height":1080,"url":"https:\/\/www.grupomedcof.com.br\/blog\/wp-content\/uploads\/2024\/03\/Blog-MedCof-27.jpg","type":"image\/jpeg"}],"author":"J\u00falia Moreira","twitter_card":"summary_large_image","twitter_misc":{"Escrito por":"J\u00falia Moreira","Est. tempo de leitura":"3 minutos"},"schema":{"@context":"https:\/\/schema.org","@graph":[{"@type":"Article","@id":"https:\/\/www.grupomedcof.com.br\/blog\/residencia-medica-dasa-2024-confira-vagas-remanescentes\/#article","isPartOf":{"@id":"https:\/\/www.grupomedcof.com.br\/blog\/residencia-medica-dasa-2024-confira-vagas-remanescentes\/"},"author":{"name":"J\u00falia Moreira","@id":"https:\/\/www.grupomedcof.com.br\/blog\/#\/schema\/person\/1375e0ce724529d7a1d8156ea7f8ceaa"},"headline":"Resid\u00eancia M\u00e9dica DASA 2024: Confira vagas remanescentes","datePublished":"2024-03-05T17:03:25+00:00","dateModified":"2024-05-06T20:58:41+00:00","mainEntityOfPage":{"@id":"https:\/\/www.grupomedcof.com.br\/blog\/residencia-medica-dasa-2024-confira-vagas-remanescentes\/"},"wordCount":373,"commentCount":0,"publisher":{"@id":"https:\/\/www.grupomedcof.com.br\/blog\/#organization"},"image":{"@id":"https:\/\/www.grupomedcof.com.br\/blog\/residencia-medica-dasa-2024-confira-vagas-remanescentes\/#primaryimage"},"thumbnailUrl":"https:\/\/www.grupomedcof.com.br\/blog\/wp-content\/uploads\/2024\/03\/Blog-MedCof-27.jpg","keywords":["Especialidades m\u00e9dicas","medicina intensiva adulto","Provas de Resid\u00eancia","Resid\u00eancia M\u00e9dica"],"articleSection":["Resid\u00eancia m\u00e9dica: editais, resultados, temas quentes e mais"],"inLanguage":"pt-BR"},{"@type":"WebPage","@id":"https:\/\/www.grupomedcof.com.br\/blog\/residencia-medica-dasa-2024-confira-vagas-remanescentes\/","url":"https:\/\/www.grupomedcof.com.br\/blog\/residencia-medica-dasa-2024-confira-vagas-remanescentes\/","name":"Resid\u00eancia M\u00e9dica DASA 2024: Confira vagas remanescentes","isPartOf":{"@id":"https:\/\/www.grupomedcof.com.br\/blog\/#website"},"primaryImageOfPage":{"@id":"https:\/\/www.grupomedcof.com.br\/blog\/residencia-medica-dasa-2024-confira-vagas-remanescentes\/#primaryimage"},"image":{"@id":"https:\/\/www.grupomedcof.com.br\/blog\/residencia-medica-dasa-2024-confira-vagas-remanescentes\/#primaryimage"},"thumbnailUrl":"https:\/\/www.grupomedcof.com.br\/blog\/wp-content\/uploads\/2024\/03\/Blog-MedCof-27.jpg","datePublished":"2024-03-05T17:03:25+00:00","dateModified":"2024-05-06T20:58:41+00:00","description":"Resid\u00eancia M\u00e9dica 2024: DASA divulga editais de processo seletivo para vagas remanescentes em Niter\u00f3i e Rio de Janeiro. As inscri\u00e7\u00f5es...","breadcrumb":{"@id":"https:\/\/www.grupomedcof.com.br\/blog\/residencia-medica-dasa-2024-confira-vagas-remanescentes\/#breadcrumb"},"inLanguage":"pt-BR","potentialAction":[{"@type":"ReadAction","target":["https:\/\/www.grupomedcof.com.br\/blog\/residencia-medica-dasa-2024-confira-vagas-remanescentes\/"]}]},{"@type":"ImageObject","inLanguage":"pt-BR","@id":"https:\/\/www.grupomedcof.com.br\/blog\/residencia-medica-dasa-2024-confira-vagas-remanescentes\/#primaryimage","url":"https:\/\/www.grupomedcof.com.br\/blog\/wp-content\/uploads\/2024\/03\/Blog-MedCof-27.jpg","contentUrl":"https:\/\/www.grupomedcof.com.br\/blog\/wp-content\/uploads\/2024\/03\/Blog-MedCof-27.jpg","width":1920,"height":1080,"caption":"A DASA, rede de sa\u00fade integral e completa, junto com a Casa de Sa\u00fade Nossa Senhora do Carmo e o Complexo Hospitalar de Niter\u00f3i divulgaram editais de processo seletivo para vagas remanescentes em Resid\u00eancia M\u00e9dica 2024. As inscri\u00e7\u00f5es poder\u00e3o ser feitas at\u00e9 dia 5 de mar\u00e7o."},{"@type":"BreadcrumbList","@id":"https:\/\/www.grupomedcof.com.br\/blog\/residencia-medica-dasa-2024-confira-vagas-remanescentes\/#breadcrumb","itemListElement":[{"@type":"ListItem","position":1,"name":"In\u00edcio","item":"https:\/\/www.grupomedcof.com.br\/blog\/"},{"@type":"ListItem","position":2,"name":"Resid\u00eancia M\u00e9dica DASA 2024: Confira vagas remanescentes"}]},{"@type":"WebSite","@id":"https:\/\/www.grupomedcof.com.br\/blog\/#website","url":"https:\/\/www.grupomedcof.com.br\/blog\/","name":"Blog de Medcof: conte\u00fados, editais, revalida e mais!","description":"Acesso o blog de MedCof! Seu portal de conte\u00fados sobre resid\u00eancia m\u00e9dica, an\u00e1lise e editais e muito mais. Clique e confira!","publisher":{"@id":"https:\/\/www.grupomedcof.com.br\/blog\/#organization"},"alternateName":"Blog de Medcof: conte\u00fados, editais, revalida e mais!","potentialAction":[{"@type":"SearchAction","target":{"@type":"EntryPoint","urlTemplate":"https:\/\/www.grupomedcof.com.br\/blog\/?s={search_term_string}"},"query-input":{"@type":"PropertyValueSpecification","valueRequired":true,"valueName":"search_term_string"}}],"inLanguage":"pt-BR"},{"@type":"Organization","@id":"https:\/\/www.grupomedcof.com.br\/blog\/#organization","name":"Grupo MedCof","url":"https:\/\/www.grupomedcof.com.br\/blog\/","logo":{"@type":"ImageObject","inLanguage":"pt-BR","@id":"https:\/\/www.grupomedcof.com.br\/blog\/#\/schema\/logo\/image\/","url":"https:\/\/www.grupomedcof.com.br\/blog\/wp-content\/uploads\/2022\/01\/logo-medcof.png","contentUrl":"https:\/\/www.grupomedcof.com.br\/blog\/wp-content\/uploads\/2022\/01\/logo-medcof.png","width":768,"height":269,"caption":"Grupo MedCof"},"image":{"@id":"https:\/\/www.grupomedcof.com.br\/blog\/#\/schema\/logo\/image\/"},"sameAs":["https:\/\/www.facebook.com\/MedCofQbank\/","https:\/\/www.instagram.com\/grupomedcof\/","https:\/\/br.linkedin.com\/company\/medcof","https:\/\/www.youtube.com\/channel\/UCdHMuOHKICxcHwecxN8P-AA"]},{"@type":"Person","@id":"https:\/\/www.grupomedcof.com.br\/blog\/#\/schema\/person\/1375e0ce724529d7a1d8156ea7f8ceaa","name":"J\u00falia Moreira","image":{"@type":"ImageObject","inLanguage":"pt-BR","@id":"https:\/\/www.grupomedcof.com.br\/blog\/wp-content\/uploads\/2024\/12\/cropped-Captura-de-tela-2023-12-15-094946-96x96.png6a0083ac34a0445de97d55fae63a4a41","url":"https:\/\/www.grupomedcof.com.br\/blog\/wp-content\/uploads\/2024\/12\/cropped-Captura-de-tela-2023-12-15-094946-96x96.png","contentUrl":"https:\/\/www.grupomedcof.com.br\/blog\/wp-content\/uploads\/2024\/12\/cropped-Captura-de-tela-2023-12-15-094946-96x96.png","caption":"J\u00falia Moreira"},"description":"Estudante do 8\u00ba semestre de Jornalismo na ECA-USP, f\u00e3 de filmes de terror e m\u00fasica popular sul-coreana.","sameAs":["https:\/\/www.grupomedcof.com.br\/"],"url":"https:\/\/www.grupomedcof.com.br\/blog\/author\/julia\/"}]}},"authors":[{"term_id":3609,"user_id":6,"is_guest":0,"slug":"julia","display_name":"J\u00falia Moreira","avatar_url":"https:\/\/www.grupomedcof.com.br\/blog\/wp-content\/uploads\/2024\/12\/cropped-Captura-de-tela-2023-12-15-094946-96x96.png","0":null,"1":"","2":"","3":"","4":"","5":"","6":"","7":"","8":""}],"_links":{"self":[{"href":"https:\/\/www.grupomedcof.com.br\/blog\/wp-json\/wp\/v2\/posts\/20893","targetHints":{"allow":["GET"]}}],"collection":[{"href":"https:\/\/www.grupomedcof.com.br\/blog\/wp-json\/wp\/v2\/posts"}],"about":[{"href":"https:\/\/www.grupomedcof.com.br\/blog\/wp-json\/wp\/v2\/types\/post"}],"author":[{"embeddable":true,"href":"https:\/\/www.grupomedcof.com.br\/blog\/wp-json\/wp\/v2\/users\/6"}],"replies":[{"embeddable":true,"href":"https:\/\/www.grupomedcof.com.br\/blog\/wp-json\/wp\/v2\/comments?post=20893"}],"version-history":[{"count":0,"href":"https:\/\/www.grupomedcof.com.br\/blog\/wp-json\/wp\/v2\/posts\/20893\/revisions"}],"wp:featuredmedia":[{"embeddable":true,"href":"https:\/\/www.grupomedcof.com.br\/blog\/wp-json\/wp\/v2\/media\/20900"}],"wp:attachment":[{"href":"https:\/\/www.grupomedcof.com.br\/blog\/wp-json\/wp\/v2\/media?parent=20893"}],"wp:term":[{"taxonomy":"category","embeddable":true,"href":"https:\/\/www.grupomedcof.com.br\/blog\/wp-json\/wp\/v2\/categories?post=20893"},{"taxonomy":"post_tag","embeddable":true,"href":"https:\/\/www.grupomedcof.com.br\/blog\/wp-json\/wp\/v2\/tags?post=20893"},{"taxonomy":"author","embeddable":true,"href":"https:\/\/www.grupomedcof.com.br\/blog\/wp-json\/wp\/v2\/ppma_author?post=20893"}],"curies":[{"name":"wp","href":"https:\/\/api.w.org\/{rel}","templated":true}]}}