{"id":21483,"date":"2024-03-06T17:11:30","date_gmt":"2024-03-06T20:11:30","guid":{"rendered":"https:\/\/www.grupomedcof.com.br\/blog\/?p=21483"},"modified":"2024-03-06T17:11:30","modified_gmt":"2024-03-06T20:11:30","slug":"residencia-medica-cerem-am-2024-confira-vagas-remanescentes-e-instituicoes","status":"publish","type":"post","link":"https:\/\/www.grupomedcof.com.br\/blog\/residencia-medica-cerem-am-2024-confira-vagas-remanescentes-e-instituicoes\/","title":{"rendered":"Resid\u00eancia M\u00e9dica CEREM-AM 2024: Confira vagas remanescentes e institui\u00e7\u00f5es"},"content":{"rendered":"<div id=\"ez-toc-container\" class=\"ez-toc-v2_0_74 counter-hierarchy ez-toc-counter ez-toc-transparent ez-toc-container-direction\">\n<div class=\"ez-toc-title-container\">\n<p class=\"ez-toc-title\" style=\"cursor:inherit\">Sum\u00e1rio<\/p>\n<span class=\"ez-toc-title-toggle\"><a href=\"#\" class=\"ez-toc-pull-right ez-toc-btn ez-toc-btn-xs ez-toc-btn-default ez-toc-toggle\" aria-label=\"Alternar tabela de conte\u00fado\"><span class=\"ez-toc-js-icon-con\"><span class=\"\"><span class=\"eztoc-hide\" style=\"display:none;\">Toggle<\/span><span class=\"ez-toc-icon-toggle-span\"><svg style=\"fill: #999;color:#999\" xmlns=\"http:\/\/www.w3.org\/2000\/svg\" class=\"list-377408\" width=\"20px\" height=\"20px\" viewBox=\"0 0 24 24\" fill=\"none\"><path d=\"M6 6H4v2h2V6zm14 0H8v2h12V6zM4 11h2v2H4v-2zm16 0H8v2h12v-2zM4 16h2v2H4v-2zm16 0H8v2h12v-2z\" fill=\"currentColor\"><\/path><\/svg><svg style=\"fill: #999;color:#999\" class=\"arrow-unsorted-368013\" xmlns=\"http:\/\/www.w3.org\/2000\/svg\" width=\"10px\" height=\"10px\" viewBox=\"0 0 24 24\" version=\"1.2\" baseProfile=\"tiny\"><path d=\"M18.2 9.3l-6.2-6.3-6.2 6.3c-.2.2-.3.4-.3.7s.1.5.3.7c.2.2.4.3.7.3h11c.3 0 .5-.1.7-.3.2-.2.3-.5.3-.7s-.1-.5-.3-.7zM5.8 14.7l6.2 6.3 6.2-6.3c.2-.2.3-.5.3-.7s-.1-.5-.3-.7c-.2-.2-.4-.3-.7-.3h-11c-.3 0-.5.1-.7.3-.2.2-.3.5-.3.7s.1.5.3.7z\"\/><\/svg><\/span><\/span><\/span><\/a><\/span><\/div>\n<nav><ul class='ez-toc-list ez-toc-list-level-1 ' ><li class='ez-toc-page-1 ez-toc-heading-level-2'><a class=\"ez-toc-link ez-toc-heading-1\" href=\"https:\/\/www.grupomedcof.com.br\/blog\/residencia-medica-cerem-am-2024-confira-vagas-remanescentes-e-instituicoes\/#Como_funcionara_o_processo_seletivo_para_vagas_remanescentes_em_Residencia_Medica_CEREM-AM_2024\" >Como funcionar\u00e1 o processo seletivo para vagas remanescentes em Resid\u00eancia M\u00e9dica CEREM-AM 2024?<\/a><\/li><li class='ez-toc-page-1 ez-toc-heading-level-2'><a class=\"ez-toc-link ez-toc-heading-2\" href=\"https:\/\/www.grupomedcof.com.br\/blog\/residencia-medica-cerem-am-2024-confira-vagas-remanescentes-e-instituicoes\/#Cronograma_para_vagas_remanescentes_em_Residencia_Medica_CEREM-AM_2024\" >Cronograma para vagas remanescentes em Resid\u00eancia M\u00e9dica CEREM-AM 2024<\/a><\/li><li class='ez-toc-page-1 ez-toc-heading-level-2'><a class=\"ez-toc-link ez-toc-heading-3\" href=\"https:\/\/www.grupomedcof.com.br\/blog\/residencia-medica-cerem-am-2024-confira-vagas-remanescentes-e-instituicoes\/#O_metodo_que_te_aprova\" >O m\u00e9todo que te aprova<\/a><\/li><\/ul><\/nav><\/div>\n<img loading=\"lazy\" decoding=\"async\" width=\"800\" height=\"450\" src=\"https:\/\/www.grupomedcof.com.br\/blog\/wp-content\/uploads\/2024\/03\/Blog-MedCof-36-1024x576.jpg\" alt=\"cerem-am-residencia-medica-2024\" srcset=\"https:\/\/www.grupomedcof.com.br\/blog\/wp-content\/uploads\/2024\/03\/Blog-MedCof-36-1024x576.jpg 1024w, https:\/\/www.grupomedcof.com.br\/blog\/wp-content\/uploads\/2024\/03\/Blog-MedCof-36-300x169.jpg 300w, https:\/\/www.grupomedcof.com.br\/blog\/wp-content\/uploads\/2024\/03\/Blog-MedCof-36-768x432.jpg 768w, https:\/\/www.grupomedcof.com.br\/blog\/wp-content\/uploads\/2024\/03\/Blog-MedCof-36-1536x864.jpg 1536w, https:\/\/www.grupomedcof.com.br\/blog\/wp-content\/uploads\/2024\/03\/Blog-MedCof-36.jpg 1920w\" sizes=\"auto, (max-width: 800px) 100vw, 800px\" \/>\t\t\t\t\t\t\t\t\t\t\t\t\t\t\t\n\t\t<p>CEREM-AM abre inscri\u00e7\u00f5es para vagas remanescentes para Resid\u00eancia M\u00e9dica 2024. As inscri\u00e7\u00f5es ocorrer\u00e3o at\u00e9 dia 8 de mar\u00e7o. Confira as institui\u00e7\u00f5es e as vagas dispon\u00edveis.<\/p>\t\t\n\t\t\t<h4>\n\t\t\t\tSum\u00e1rio\t\t\t<\/h4>\n\t\t<p><\/p>\n<p><\/p>\n<p><\/p>\n<p>De acordo com o Edital, h\u00e1 oito vagas remanescentes para seis especialidades em tr\u00eas diferentes institui\u00e7\u00f5es. A seguir, confira as especialidades e institui\u00e7\u00f5es e o respectivo n\u00famero de vagas para cada uma:\u00a0<\/p>\n<p><\/p>\n<p><\/p>\n<p><\/p>\t\t\n\t\t\t<a href=\"https:\/\/drive.google.com\/file\/d\/1BI87AnNMCcRypOjx8x61BrtUGxxSdYIt\/view?usp=drive_link\" target=\"_blank\" rel=\"noopener\">\n\t\t\t\t\t\tVagas Remanescentes CEREM-AM\n\t\t\t\t\t<\/a>\n\t\t\t<iframe src=\"https:\/\/www.grupomedcof.com.br\/blog\/wp-content\/plugins\/pdf-viewer-for-elementor\/assets\/pdfjs\/web\/viewer.html?file=https:\/\/www.grupomedcof.com.br\/blog\/wp-content\/uploads\/2024\/03\/Vagas-Remanescentes-CEREM-AM-2024.pdf&amp;embedded=true\" style=\"display: block; margin-left: auto; margin-right: auto; width: 640px; height: 1020px;\" frameborder=\"1\" marginheight=\"0px\" marginwidth=\"0px\" allowfullscreen><\/iframe>\t\t\n\t\t<p>Os interessados podem se inscrever de forma online pelo portal da\u00a0<a href=\"http:\/\/www.cermam.com.br\/\"><strong>CEREM-AM<\/strong><\/a>. Para isso, ser\u00e1 necess\u00e1rio realizar o pagamento da taxa no valor R$400,00 por meio de boleto banc\u00e1rio.\u00a0<\/p>\t\t\n\t\t<h2><span class=\"ez-toc-section\" id=\"Como_funcionara_o_processo_seletivo_para_vagas_remanescentes_em_Residencia_Medica_CEREM-AM_2024\"><\/span><strong>Como funcionar\u00e1 o processo seletivo para vagas remanescentes em Resid\u00eancia M\u00e9dica CEREM-AM 2024?<\/strong><span class=\"ez-toc-section-end\"><\/span><\/h2>\n<p>\u00a0<\/p>\n<p>O processo seletivo ser\u00e1 realizado em<strong> fase \u00fanica<\/strong>. Sendo assim, os candidatos responder\u00e3o a 50 quest\u00f5es objetivas de m\u00faltipla escolha, sendo 20% das quest\u00f5es para cada uma das seguintes Especialidades: Cirurgia Geral, Cl\u00ednica M\u00e9dica, Obstetr\u00edcia e Ginecologia, Medicina Preventiva e Social (Sa\u00fade Coletiva e Medicina Geral de Fam\u00edlia e Comunidade) e Pediatria. Al\u00e9m disso, responder\u00e3o tamb\u00e9m a 25 quest\u00f5es referentes a conhecimentos acerca exclusivamente da \u00e1rea Pr\u00e9-Requisito ou Ano Adicional.<\/p>\n<p>\u00a0<\/p>\n<p>A aplica\u00e7\u00e3o da prova acontecer\u00e1 dia 10 de mar\u00e7o, \u00e0s 8h00 (hor\u00e1rio de Bras\u00edlia) na cidade de Manaus &#8211; AM.\u00a0<\/p>\t\t\n\t\t<h2><span class=\"ez-toc-section\" id=\"Cronograma_para_vagas_remanescentes_em_Residencia_Medica_CEREM-AM_2024\"><\/span><strong>Cronograma para vagas remanescentes em Resid\u00eancia M\u00e9dica CEREM-AM 2024<\/strong><span class=\"ez-toc-section-end\"><\/span><\/h2>\n<p>\u00a0<\/p>\n<ul>\n<li style=\"list-style-type: none;\">\n<ul>\n<li>Inscri\u00e7\u00f5es: 04 a 08\/03\/2024<\/li>\n<li>Aplica\u00e7\u00e3o de Provas e divulga\u00e7\u00e3o do gabarito: 10\/03\/2024<\/li>\n<li>Resultado final e convoca\u00e7\u00e3o para matr\u00edcula: 12\/03\/2024<\/li>\n<li>Matr\u00edculas: 14\/03\/2024<\/li>\n<li>In\u00edcio das atividades: 15\/03\/2024<\/li>\n<\/ul>\n<\/li>\n<\/ul>\n\u00a0\n<p>Para mais informa\u00e7\u00f5es, leia o Edital na \u00edntegra:<\/p>\t\t\n\t\t\t<a href=\"https:\/\/drive.google.com\/file\/d\/1HOOzxTGdxFPXLVce49BZ6xpdlaICjS4R\/view?usp=drive_link\" target=\"_blank\" rel=\"noopener\">\n\t\t\t\t\t\tEdital Vagas Remanescentes CEREM-AM\n\t\t\t\t\t<\/a>\n\t\t\t<iframe src=\"https:\/\/www.grupomedcof.com.br\/blog\/wp-content\/plugins\/pdf-viewer-for-elementor\/assets\/pdfjs\/web\/viewer.html?file=https:\/\/www.grupomedcof.com.br\/blog\/wp-content\/uploads\/2024\/03\/grupomedcof_cerem_am_2024_vagas_remanescentes.pdf&amp;embedded=true\" style=\"display: block; margin-left: auto; margin-right: auto; width: 640px; height: 1020px;\" frameborder=\"1\" marginheight=\"0px\" marginwidth=\"0px\" allowfullscreen><\/iframe>\t\t\n\t\t<h2 id=\"h-a-metodologia-da-sua-aprovacao\"><span class=\"ez-toc-section\" id=\"O_metodo_que_te_aprova\"><\/span><strong>O m\u00e9todo que te aprova<\/strong><span class=\"ez-toc-section-end\"><\/span><\/h2>\n<p>\u00a0<\/p>\n<p>Se voc\u00ea quer garantir a sua aprova\u00e7\u00e3o nas provas de resid\u00eancia, ent\u00e3o conhe\u00e7a o\u00a0<strong>Grupo MedCof\u00a0<\/strong>e a metodologia que j\u00e1 aprovou<strong><a href=\"https:\/\/www.grupomedcof.com.br\/blog\/presenca-da-medcof-nas-aprovacoes-em-residencia-medica-no-brasil\/\">\u00a0mais de 10 mil<\/a>\u00a0<\/strong>residentes pelo pa\u00eds. Confira abaixo o epis\u00f3dio do nosso podcast Papo de Aprovado em que nossos coordenadores conversam com quem pode comprovar na pr\u00e1tica a recompensa de confiar em nosso m\u00e9todo:\u00a0<\/p>\t\t\n\t\t<div class=\"youtube-embed\" data-video_id=\"XshpBO3sm5o\"><iframe loading=\"lazy\" title=\"Papo de aprovado EP.03 - Preparando o corpo e a mente para prova de Resid\u00eancia com Dr. Felipe Lopes\" width=\"696\" height=\"392\" src=\"https:\/\/www.youtube.com\/embed\/XshpBO3sm5o?feature=oembed&#038;enablejsapi=1\" frameborder=\"0\" allow=\"accelerometer; autoplay; clipboard-write; encrypted-media; gyroscope; picture-in-picture; web-share\" referrerpolicy=\"strict-origin-when-cross-origin\" allowfullscreen><\/iframe><\/div>","protected":false},"excerpt":{"rendered":"<p>CEREM-AM abre inscri\u00e7\u00f5es para vagas remanescentes para Resid\u00eancia M\u00e9dica 2024. As inscri\u00e7\u00f5es ocorrer\u00e3o at\u00e9 dia 8 de mar\u00e7o. Confira as institui\u00e7\u00f5es com vagas.<\/p>\n","protected":false},"author":6,"featured_media":21485,"comment_status":"open","ping_status":"open","sticky":false,"template":"","format":"standard","meta":{"footnotes":""},"categories":[55,174],"tags":[117,68],"ppma_author":[3609],"class_list":{"0":"post-21483","1":"post","2":"type-post","3":"status-publish","4":"format-standard","5":"has-post-thumbnail","7":"category-carreira-medica","8":"category-residencia-medica","9":"tag-provas-de-residencia","10":"tag-residencia-medica"},"yoast_head":"<!-- This site is optimized with the Yoast SEO Premium plugin v24.3 (Yoast SEO v27.4) - https:\/\/yoast.com\/product\/yoast-seo-premium-wordpress\/ -->\n<title>Resid\u00eancia M\u00e9dica CEREM-AM 2024: Confira<\/title>\n<meta name=\"description\" content=\"CEREM-AM abre inscri\u00e7\u00f5es para vagas remanescentes para Resid\u00eancia M\u00e9dica 2024. As inscri\u00e7\u00f5es ocorrer\u00e3o at\u00e9 dia 8 de mar\u00e7o. Confira as...\" \/>\n<meta name=\"robots\" content=\"index, follow, max-snippet:-1, max-image-preview:large, max-video-preview:-1\" \/>\n<link rel=\"canonical\" href=\"https:\/\/www.grupomedcof.com.br\/blog\/residencia-medica-cerem-am-2024-confira-vagas-remanescentes-e-instituicoes\/\" \/>\n<meta property=\"og:locale\" content=\"pt_BR\" \/>\n<meta property=\"og:type\" content=\"article\" \/>\n<meta property=\"og:title\" content=\"Resid\u00eancia M\u00e9dica CEREM-AM 2024: Confira vagas remanescentes e institui\u00e7\u00f5es\" \/>\n<meta property=\"og:description\" content=\"CEREM-AM abre inscri\u00e7\u00f5es para vagas remanescentes para Resid\u00eancia M\u00e9dica 2024. As inscri\u00e7\u00f5es ocorrer\u00e3o at\u00e9 dia 8 de mar\u00e7o. Confira as...\" \/>\n<meta property=\"og:url\" content=\"https:\/\/www.grupomedcof.com.br\/blog\/residencia-medica-cerem-am-2024-confira-vagas-remanescentes-e-instituicoes\/\" \/>\n<meta property=\"og:site_name\" content=\"Blog de Medcof: conte\u00fados, editais, revalida e mais!\" \/>\n<meta property=\"article:publisher\" content=\"https:\/\/www.facebook.com\/MedCofQbank\/\" \/>\n<meta property=\"article:published_time\" content=\"2024-03-06T20:11:30+00:00\" \/>\n<meta property=\"og:image\" content=\"https:\/\/www.grupomedcof.com.br\/blog\/wp-content\/uploads\/2024\/03\/Blog-MedCof-36.jpg\" \/>\n\t<meta property=\"og:image:width\" content=\"1920\" \/>\n\t<meta property=\"og:image:height\" content=\"1080\" \/>\n\t<meta property=\"og:image:type\" content=\"image\/jpeg\" \/>\n<meta name=\"author\" content=\"J\u00falia Moreira\" \/>\n<meta name=\"twitter:card\" content=\"summary_large_image\" \/>\n<meta name=\"twitter:label1\" content=\"Escrito por\" \/>\n\t<meta name=\"twitter:data1\" content=\"J\u00falia Moreira\" \/>\n\t<meta name=\"twitter:label2\" content=\"Est. tempo de leitura\" \/>\n\t<meta name=\"twitter:data2\" content=\"5 minutos\" \/>\n<script type=\"application\/ld+json\" class=\"yoast-schema-graph\">{\"@context\":\"https:\\\/\\\/schema.org\",\"@graph\":[{\"@type\":\"Article\",\"@id\":\"https:\\\/\\\/www.grupomedcof.com.br\\\/blog\\\/residencia-medica-cerem-am-2024-confira-vagas-remanescentes-e-instituicoes\\\/#article\",\"isPartOf\":{\"@id\":\"https:\\\/\\\/www.grupomedcof.com.br\\\/blog\\\/residencia-medica-cerem-am-2024-confira-vagas-remanescentes-e-instituicoes\\\/\"},\"author\":{\"name\":\"J\u00falia Moreira\",\"@id\":\"https:\\\/\\\/www.grupomedcof.com.br\\\/blog\\\/#\\\/schema\\\/person\\\/1375e0ce724529d7a1d8156ea7f8ceaa\"},\"headline\":\"Resid\u00eancia M\u00e9dica CEREM-AM 2024: Confira vagas remanescentes e institui\u00e7\u00f5es\",\"datePublished\":\"2024-03-06T20:11:30+00:00\",\"mainEntityOfPage\":{\"@id\":\"https:\\\/\\\/www.grupomedcof.com.br\\\/blog\\\/residencia-medica-cerem-am-2024-confira-vagas-remanescentes-e-instituicoes\\\/\"},\"wordCount\":360,\"commentCount\":0,\"publisher\":{\"@id\":\"https:\\\/\\\/www.grupomedcof.com.br\\\/blog\\\/#organization\"},\"image\":{\"@id\":\"https:\\\/\\\/www.grupomedcof.com.br\\\/blog\\\/residencia-medica-cerem-am-2024-confira-vagas-remanescentes-e-instituicoes\\\/#primaryimage\"},\"thumbnailUrl\":\"https:\\\/\\\/www.grupomedcof.com.br\\\/blog\\\/wp-content\\\/uploads\\\/2024\\\/03\\\/Blog-MedCof-36.jpg\",\"keywords\":[\"Provas de Resid\u00eancia\",\"Resid\u00eancia M\u00e9dica\"],\"articleSection\":[\"Carreira M\u00e9dica\",\"Resid\u00eancia m\u00e9dica: editais, resultados, temas quentes e mais\"],\"inLanguage\":\"pt-BR\"},{\"@type\":\"WebPage\",\"@id\":\"https:\\\/\\\/www.grupomedcof.com.br\\\/blog\\\/residencia-medica-cerem-am-2024-confira-vagas-remanescentes-e-instituicoes\\\/\",\"url\":\"https:\\\/\\\/www.grupomedcof.com.br\\\/blog\\\/residencia-medica-cerem-am-2024-confira-vagas-remanescentes-e-instituicoes\\\/\",\"name\":\"Resid\u00eancia M\u00e9dica CEREM-AM 2024: Confira\",\"isPartOf\":{\"@id\":\"https:\\\/\\\/www.grupomedcof.com.br\\\/blog\\\/#website\"},\"primaryImageOfPage\":{\"@id\":\"https:\\\/\\\/www.grupomedcof.com.br\\\/blog\\\/residencia-medica-cerem-am-2024-confira-vagas-remanescentes-e-instituicoes\\\/#primaryimage\"},\"image\":{\"@id\":\"https:\\\/\\\/www.grupomedcof.com.br\\\/blog\\\/residencia-medica-cerem-am-2024-confira-vagas-remanescentes-e-instituicoes\\\/#primaryimage\"},\"thumbnailUrl\":\"https:\\\/\\\/www.grupomedcof.com.br\\\/blog\\\/wp-content\\\/uploads\\\/2024\\\/03\\\/Blog-MedCof-36.jpg\",\"datePublished\":\"2024-03-06T20:11:30+00:00\",\"description\":\"CEREM-AM abre inscri\u00e7\u00f5es para vagas remanescentes para Resid\u00eancia M\u00e9dica 2024. As inscri\u00e7\u00f5es ocorrer\u00e3o at\u00e9 dia 8 de mar\u00e7o. Confira as...\",\"breadcrumb\":{\"@id\":\"https:\\\/\\\/www.grupomedcof.com.br\\\/blog\\\/residencia-medica-cerem-am-2024-confira-vagas-remanescentes-e-instituicoes\\\/#breadcrumb\"},\"inLanguage\":\"pt-BR\",\"potentialAction\":[{\"@type\":\"ReadAction\",\"target\":[\"https:\\\/\\\/www.grupomedcof.com.br\\\/blog\\\/residencia-medica-cerem-am-2024-confira-vagas-remanescentes-e-instituicoes\\\/\"]}]},{\"@type\":\"ImageObject\",\"inLanguage\":\"pt-BR\",\"@id\":\"https:\\\/\\\/www.grupomedcof.com.br\\\/blog\\\/residencia-medica-cerem-am-2024-confira-vagas-remanescentes-e-instituicoes\\\/#primaryimage\",\"url\":\"https:\\\/\\\/www.grupomedcof.com.br\\\/blog\\\/wp-content\\\/uploads\\\/2024\\\/03\\\/Blog-MedCof-36.jpg\",\"contentUrl\":\"https:\\\/\\\/www.grupomedcof.com.br\\\/blog\\\/wp-content\\\/uploads\\\/2024\\\/03\\\/Blog-MedCof-36.jpg\",\"width\":1920,\"height\":1080,\"caption\":\"cerem-am-residencia-medica-2024\"},{\"@type\":\"BreadcrumbList\",\"@id\":\"https:\\\/\\\/www.grupomedcof.com.br\\\/blog\\\/residencia-medica-cerem-am-2024-confira-vagas-remanescentes-e-instituicoes\\\/#breadcrumb\",\"itemListElement\":[{\"@type\":\"ListItem\",\"position\":1,\"name\":\"In\u00edcio\",\"item\":\"https:\\\/\\\/www.grupomedcof.com.br\\\/blog\\\/\"},{\"@type\":\"ListItem\",\"position\":2,\"name\":\"Resid\u00eancia M\u00e9dica CEREM-AM 2024: Confira vagas remanescentes e institui\u00e7\u00f5es\"}]},{\"@type\":\"WebSite\",\"@id\":\"https:\\\/\\\/www.grupomedcof.com.br\\\/blog\\\/#website\",\"url\":\"https:\\\/\\\/www.grupomedcof.com.br\\\/blog\\\/\",\"name\":\"Blog de Medcof: conte\u00fados, editais, revalida e mais!\",\"description\":\"Acesso o blog de MedCof! Seu portal de conte\u00fados sobre resid\u00eancia m\u00e9dica, an\u00e1lise e editais e muito mais. Clique e confira!\",\"publisher\":{\"@id\":\"https:\\\/\\\/www.grupomedcof.com.br\\\/blog\\\/#organization\"},\"alternateName\":\"Blog de Medcof: conte\u00fados, editais, revalida e mais!\",\"potentialAction\":[{\"@type\":\"SearchAction\",\"target\":{\"@type\":\"EntryPoint\",\"urlTemplate\":\"https:\\\/\\\/www.grupomedcof.com.br\\\/blog\\\/?s={search_term_string}\"},\"query-input\":{\"@type\":\"PropertyValueSpecification\",\"valueRequired\":true,\"valueName\":\"search_term_string\"}}],\"inLanguage\":\"pt-BR\"},{\"@type\":\"Organization\",\"@id\":\"https:\\\/\\\/www.grupomedcof.com.br\\\/blog\\\/#organization\",\"name\":\"Grupo MedCof\",\"url\":\"https:\\\/\\\/www.grupomedcof.com.br\\\/blog\\\/\",\"logo\":{\"@type\":\"ImageObject\",\"inLanguage\":\"pt-BR\",\"@id\":\"https:\\\/\\\/www.grupomedcof.com.br\\\/blog\\\/#\\\/schema\\\/logo\\\/image\\\/\",\"url\":\"https:\\\/\\\/www.grupomedcof.com.br\\\/blog\\\/wp-content\\\/uploads\\\/2022\\\/01\\\/logo-medcof.png\",\"contentUrl\":\"https:\\\/\\\/www.grupomedcof.com.br\\\/blog\\\/wp-content\\\/uploads\\\/2022\\\/01\\\/logo-medcof.png\",\"width\":768,\"height\":269,\"caption\":\"Grupo MedCof\"},\"image\":{\"@id\":\"https:\\\/\\\/www.grupomedcof.com.br\\\/blog\\\/#\\\/schema\\\/logo\\\/image\\\/\"},\"sameAs\":[\"https:\\\/\\\/www.facebook.com\\\/MedCofQbank\\\/\",\"https:\\\/\\\/www.instagram.com\\\/grupomedcof\\\/\",\"https:\\\/\\\/br.linkedin.com\\\/company\\\/medcof\",\"https:\\\/\\\/www.youtube.com\\\/channel\\\/UCdHMuOHKICxcHwecxN8P-AA\"]},{\"@type\":\"Person\",\"@id\":\"https:\\\/\\\/www.grupomedcof.com.br\\\/blog\\\/#\\\/schema\\\/person\\\/1375e0ce724529d7a1d8156ea7f8ceaa\",\"name\":\"J\u00falia Moreira\",\"image\":{\"@type\":\"ImageObject\",\"inLanguage\":\"pt-BR\",\"@id\":\"https:\\\/\\\/www.grupomedcof.com.br\\\/blog\\\/wp-content\\\/uploads\\\/2024\\\/12\\\/cropped-Captura-de-tela-2023-12-15-094946-96x96.png6a0083ac34a0445de97d55fae63a4a41\",\"url\":\"https:\\\/\\\/www.grupomedcof.com.br\\\/blog\\\/wp-content\\\/uploads\\\/2024\\\/12\\\/cropped-Captura-de-tela-2023-12-15-094946-96x96.png\",\"contentUrl\":\"https:\\\/\\\/www.grupomedcof.com.br\\\/blog\\\/wp-content\\\/uploads\\\/2024\\\/12\\\/cropped-Captura-de-tela-2023-12-15-094946-96x96.png\",\"caption\":\"J\u00falia Moreira\"},\"description\":\"Estudante do 8\u00ba semestre de Jornalismo na ECA-USP, f\u00e3 de filmes de terror e m\u00fasica popular sul-coreana.\",\"sameAs\":[\"https:\\\/\\\/www.grupomedcof.com.br\\\/\"],\"url\":\"https:\\\/\\\/www.grupomedcof.com.br\\\/blog\\\/author\\\/julia\\\/\"}]}<\/script>\n<!-- \/ Yoast SEO Premium plugin. -->","yoast_head_json":{"title":"Resid\u00eancia M\u00e9dica CEREM-AM 2024: Confira","description":"CEREM-AM abre inscri\u00e7\u00f5es para vagas remanescentes para Resid\u00eancia M\u00e9dica 2024. As inscri\u00e7\u00f5es ocorrer\u00e3o at\u00e9 dia 8 de mar\u00e7o. Confira as...","robots":{"index":"index","follow":"follow","max-snippet":"max-snippet:-1","max-image-preview":"max-image-preview:large","max-video-preview":"max-video-preview:-1"},"canonical":"https:\/\/www.grupomedcof.com.br\/blog\/residencia-medica-cerem-am-2024-confira-vagas-remanescentes-e-instituicoes\/","og_locale":"pt_BR","og_type":"article","og_title":"Resid\u00eancia M\u00e9dica CEREM-AM 2024: Confira vagas remanescentes e institui\u00e7\u00f5es","og_description":"CEREM-AM abre inscri\u00e7\u00f5es para vagas remanescentes para Resid\u00eancia M\u00e9dica 2024. As inscri\u00e7\u00f5es ocorrer\u00e3o at\u00e9 dia 8 de mar\u00e7o. Confira as...","og_url":"https:\/\/www.grupomedcof.com.br\/blog\/residencia-medica-cerem-am-2024-confira-vagas-remanescentes-e-instituicoes\/","og_site_name":"Blog de Medcof: conte\u00fados, editais, revalida e mais!","article_publisher":"https:\/\/www.facebook.com\/MedCofQbank\/","article_published_time":"2024-03-06T20:11:30+00:00","og_image":[{"width":1920,"height":1080,"url":"https:\/\/www.grupomedcof.com.br\/blog\/wp-content\/uploads\/2024\/03\/Blog-MedCof-36.jpg","type":"image\/jpeg"}],"author":"J\u00falia Moreira","twitter_card":"summary_large_image","twitter_misc":{"Escrito por":"J\u00falia Moreira","Est. tempo de leitura":"5 minutos"},"schema":{"@context":"https:\/\/schema.org","@graph":[{"@type":"Article","@id":"https:\/\/www.grupomedcof.com.br\/blog\/residencia-medica-cerem-am-2024-confira-vagas-remanescentes-e-instituicoes\/#article","isPartOf":{"@id":"https:\/\/www.grupomedcof.com.br\/blog\/residencia-medica-cerem-am-2024-confira-vagas-remanescentes-e-instituicoes\/"},"author":{"name":"J\u00falia Moreira","@id":"https:\/\/www.grupomedcof.com.br\/blog\/#\/schema\/person\/1375e0ce724529d7a1d8156ea7f8ceaa"},"headline":"Resid\u00eancia M\u00e9dica CEREM-AM 2024: Confira vagas remanescentes e institui\u00e7\u00f5es","datePublished":"2024-03-06T20:11:30+00:00","mainEntityOfPage":{"@id":"https:\/\/www.grupomedcof.com.br\/blog\/residencia-medica-cerem-am-2024-confira-vagas-remanescentes-e-instituicoes\/"},"wordCount":360,"commentCount":0,"publisher":{"@id":"https:\/\/www.grupomedcof.com.br\/blog\/#organization"},"image":{"@id":"https:\/\/www.grupomedcof.com.br\/blog\/residencia-medica-cerem-am-2024-confira-vagas-remanescentes-e-instituicoes\/#primaryimage"},"thumbnailUrl":"https:\/\/www.grupomedcof.com.br\/blog\/wp-content\/uploads\/2024\/03\/Blog-MedCof-36.jpg","keywords":["Provas de Resid\u00eancia","Resid\u00eancia M\u00e9dica"],"articleSection":["Carreira M\u00e9dica","Resid\u00eancia m\u00e9dica: editais, resultados, temas quentes e mais"],"inLanguage":"pt-BR"},{"@type":"WebPage","@id":"https:\/\/www.grupomedcof.com.br\/blog\/residencia-medica-cerem-am-2024-confira-vagas-remanescentes-e-instituicoes\/","url":"https:\/\/www.grupomedcof.com.br\/blog\/residencia-medica-cerem-am-2024-confira-vagas-remanescentes-e-instituicoes\/","name":"Resid\u00eancia M\u00e9dica CEREM-AM 2024: Confira","isPartOf":{"@id":"https:\/\/www.grupomedcof.com.br\/blog\/#website"},"primaryImageOfPage":{"@id":"https:\/\/www.grupomedcof.com.br\/blog\/residencia-medica-cerem-am-2024-confira-vagas-remanescentes-e-instituicoes\/#primaryimage"},"image":{"@id":"https:\/\/www.grupomedcof.com.br\/blog\/residencia-medica-cerem-am-2024-confira-vagas-remanescentes-e-instituicoes\/#primaryimage"},"thumbnailUrl":"https:\/\/www.grupomedcof.com.br\/blog\/wp-content\/uploads\/2024\/03\/Blog-MedCof-36.jpg","datePublished":"2024-03-06T20:11:30+00:00","description":"CEREM-AM abre inscri\u00e7\u00f5es para vagas remanescentes para Resid\u00eancia M\u00e9dica 2024. As inscri\u00e7\u00f5es ocorrer\u00e3o at\u00e9 dia 8 de mar\u00e7o. Confira as...","breadcrumb":{"@id":"https:\/\/www.grupomedcof.com.br\/blog\/residencia-medica-cerem-am-2024-confira-vagas-remanescentes-e-instituicoes\/#breadcrumb"},"inLanguage":"pt-BR","potentialAction":[{"@type":"ReadAction","target":["https:\/\/www.grupomedcof.com.br\/blog\/residencia-medica-cerem-am-2024-confira-vagas-remanescentes-e-instituicoes\/"]}]},{"@type":"ImageObject","inLanguage":"pt-BR","@id":"https:\/\/www.grupomedcof.com.br\/blog\/residencia-medica-cerem-am-2024-confira-vagas-remanescentes-e-instituicoes\/#primaryimage","url":"https:\/\/www.grupomedcof.com.br\/blog\/wp-content\/uploads\/2024\/03\/Blog-MedCof-36.jpg","contentUrl":"https:\/\/www.grupomedcof.com.br\/blog\/wp-content\/uploads\/2024\/03\/Blog-MedCof-36.jpg","width":1920,"height":1080,"caption":"cerem-am-residencia-medica-2024"},{"@type":"BreadcrumbList","@id":"https:\/\/www.grupomedcof.com.br\/blog\/residencia-medica-cerem-am-2024-confira-vagas-remanescentes-e-instituicoes\/#breadcrumb","itemListElement":[{"@type":"ListItem","position":1,"name":"In\u00edcio","item":"https:\/\/www.grupomedcof.com.br\/blog\/"},{"@type":"ListItem","position":2,"name":"Resid\u00eancia M\u00e9dica CEREM-AM 2024: Confira vagas remanescentes e institui\u00e7\u00f5es"}]},{"@type":"WebSite","@id":"https:\/\/www.grupomedcof.com.br\/blog\/#website","url":"https:\/\/www.grupomedcof.com.br\/blog\/","name":"Blog de Medcof: conte\u00fados, editais, revalida e mais!","description":"Acesso o blog de MedCof! Seu portal de conte\u00fados sobre resid\u00eancia m\u00e9dica, an\u00e1lise e editais e muito mais. Clique e confira!","publisher":{"@id":"https:\/\/www.grupomedcof.com.br\/blog\/#organization"},"alternateName":"Blog de Medcof: conte\u00fados, editais, revalida e mais!","potentialAction":[{"@type":"SearchAction","target":{"@type":"EntryPoint","urlTemplate":"https:\/\/www.grupomedcof.com.br\/blog\/?s={search_term_string}"},"query-input":{"@type":"PropertyValueSpecification","valueRequired":true,"valueName":"search_term_string"}}],"inLanguage":"pt-BR"},{"@type":"Organization","@id":"https:\/\/www.grupomedcof.com.br\/blog\/#organization","name":"Grupo MedCof","url":"https:\/\/www.grupomedcof.com.br\/blog\/","logo":{"@type":"ImageObject","inLanguage":"pt-BR","@id":"https:\/\/www.grupomedcof.com.br\/blog\/#\/schema\/logo\/image\/","url":"https:\/\/www.grupomedcof.com.br\/blog\/wp-content\/uploads\/2022\/01\/logo-medcof.png","contentUrl":"https:\/\/www.grupomedcof.com.br\/blog\/wp-content\/uploads\/2022\/01\/logo-medcof.png","width":768,"height":269,"caption":"Grupo MedCof"},"image":{"@id":"https:\/\/www.grupomedcof.com.br\/blog\/#\/schema\/logo\/image\/"},"sameAs":["https:\/\/www.facebook.com\/MedCofQbank\/","https:\/\/www.instagram.com\/grupomedcof\/","https:\/\/br.linkedin.com\/company\/medcof","https:\/\/www.youtube.com\/channel\/UCdHMuOHKICxcHwecxN8P-AA"]},{"@type":"Person","@id":"https:\/\/www.grupomedcof.com.br\/blog\/#\/schema\/person\/1375e0ce724529d7a1d8156ea7f8ceaa","name":"J\u00falia Moreira","image":{"@type":"ImageObject","inLanguage":"pt-BR","@id":"https:\/\/www.grupomedcof.com.br\/blog\/wp-content\/uploads\/2024\/12\/cropped-Captura-de-tela-2023-12-15-094946-96x96.png6a0083ac34a0445de97d55fae63a4a41","url":"https:\/\/www.grupomedcof.com.br\/blog\/wp-content\/uploads\/2024\/12\/cropped-Captura-de-tela-2023-12-15-094946-96x96.png","contentUrl":"https:\/\/www.grupomedcof.com.br\/blog\/wp-content\/uploads\/2024\/12\/cropped-Captura-de-tela-2023-12-15-094946-96x96.png","caption":"J\u00falia Moreira"},"description":"Estudante do 8\u00ba semestre de Jornalismo na ECA-USP, f\u00e3 de filmes de terror e m\u00fasica popular sul-coreana.","sameAs":["https:\/\/www.grupomedcof.com.br\/"],"url":"https:\/\/www.grupomedcof.com.br\/blog\/author\/julia\/"}]}},"authors":[{"term_id":3609,"user_id":6,"is_guest":0,"slug":"julia","display_name":"J\u00falia Moreira","avatar_url":"https:\/\/www.grupomedcof.com.br\/blog\/wp-content\/uploads\/2024\/12\/cropped-Captura-de-tela-2023-12-15-094946-96x96.png","0":null,"1":"","2":"","3":"","4":"","5":"","6":"","7":"","8":""}],"_links":{"self":[{"href":"https:\/\/www.grupomedcof.com.br\/blog\/wp-json\/wp\/v2\/posts\/21483","targetHints":{"allow":["GET"]}}],"collection":[{"href":"https:\/\/www.grupomedcof.com.br\/blog\/wp-json\/wp\/v2\/posts"}],"about":[{"href":"https:\/\/www.grupomedcof.com.br\/blog\/wp-json\/wp\/v2\/types\/post"}],"author":[{"embeddable":true,"href":"https:\/\/www.grupomedcof.com.br\/blog\/wp-json\/wp\/v2\/users\/6"}],"replies":[{"embeddable":true,"href":"https:\/\/www.grupomedcof.com.br\/blog\/wp-json\/wp\/v2\/comments?post=21483"}],"version-history":[{"count":0,"href":"https:\/\/www.grupomedcof.com.br\/blog\/wp-json\/wp\/v2\/posts\/21483\/revisions"}],"wp:featuredmedia":[{"embeddable":true,"href":"https:\/\/www.grupomedcof.com.br\/blog\/wp-json\/wp\/v2\/media\/21485"}],"wp:attachment":[{"href":"https:\/\/www.grupomedcof.com.br\/blog\/wp-json\/wp\/v2\/media?parent=21483"}],"wp:term":[{"taxonomy":"category","embeddable":true,"href":"https:\/\/www.grupomedcof.com.br\/blog\/wp-json\/wp\/v2\/categories?post=21483"},{"taxonomy":"post_tag","embeddable":true,"href":"https:\/\/www.grupomedcof.com.br\/blog\/wp-json\/wp\/v2\/tags?post=21483"},{"taxonomy":"author","embeddable":true,"href":"https:\/\/www.grupomedcof.com.br\/blog\/wp-json\/wp\/v2\/ppma_author?post=21483"}],"curies":[{"name":"wp","href":"https:\/\/api.w.org\/{rel}","templated":true}]}}