{"id":21817,"date":"2024-03-08T15:49:24","date_gmt":"2024-03-08T18:49:24","guid":{"rendered":"https:\/\/www.grupomedcof.com.br\/blog\/?p=21817"},"modified":"2024-03-08T15:49:24","modified_gmt":"2024-03-08T18:49:24","slug":"enxaqueca-relembre-como-diagnosticar","status":"publish","type":"post","link":"https:\/\/www.grupomedcof.com.br\/blog\/enxaqueca-relembre-como-diagnosticar\/","title":{"rendered":"Como diagnosticar enxaqueca?"},"content":{"rendered":"<div id=\"ez-toc-container\" class=\"ez-toc-v2_0_74 counter-hierarchy ez-toc-counter ez-toc-transparent ez-toc-container-direction\">\n<div class=\"ez-toc-title-container\">\n<p class=\"ez-toc-title\" style=\"cursor:inherit\">Sum\u00e1rio<\/p>\n<span class=\"ez-toc-title-toggle\"><a href=\"#\" class=\"ez-toc-pull-right ez-toc-btn ez-toc-btn-xs ez-toc-btn-default ez-toc-toggle\" aria-label=\"Alternar tabela de conte\u00fado\"><span class=\"ez-toc-js-icon-con\"><span class=\"\"><span class=\"eztoc-hide\" style=\"display:none;\">Toggle<\/span><span class=\"ez-toc-icon-toggle-span\"><svg style=\"fill: #999;color:#999\" xmlns=\"http:\/\/www.w3.org\/2000\/svg\" class=\"list-377408\" width=\"20px\" height=\"20px\" viewBox=\"0 0 24 24\" fill=\"none\"><path d=\"M6 6H4v2h2V6zm14 0H8v2h12V6zM4 11h2v2H4v-2zm16 0H8v2h12v-2zM4 16h2v2H4v-2zm16 0H8v2h12v-2z\" fill=\"currentColor\"><\/path><\/svg><svg style=\"fill: #999;color:#999\" class=\"arrow-unsorted-368013\" xmlns=\"http:\/\/www.w3.org\/2000\/svg\" width=\"10px\" height=\"10px\" viewBox=\"0 0 24 24\" version=\"1.2\" baseProfile=\"tiny\"><path d=\"M18.2 9.3l-6.2-6.3-6.2 6.3c-.2.2-.3.4-.3.7s.1.5.3.7c.2.2.4.3.7.3h11c.3 0 .5-.1.7-.3.2-.2.3-.5.3-.7s-.1-.5-.3-.7zM5.8 14.7l6.2 6.3 6.2-6.3c.2-.2.3-.5.3-.7s-.1-.5-.3-.7c-.2-.2-.4-.3-.7-.3h-11c-.3 0-.5.1-.7.3-.2.2-.3.5-.3.7s.1.5.3.7z\"\/><\/svg><\/span><\/span><\/span><\/a><\/span><\/div>\n<nav><ul class='ez-toc-list ez-toc-list-level-1 ' ><li class='ez-toc-page-1 ez-toc-heading-level-2'><a class=\"ez-toc-link ez-toc-heading-1\" href=\"https:\/\/www.grupomedcof.com.br\/blog\/enxaqueca-relembre-como-diagnosticar\/#Como_diagnosticar_enxaqueca\" >Como diagnosticar enxaqueca?<\/a><\/li><li class='ez-toc-page-1 ez-toc-heading-level-2'><a class=\"ez-toc-link ez-toc-heading-2\" href=\"https:\/\/www.grupomedcof.com.br\/blog\/enxaqueca-relembre-como-diagnosticar\/#Migranea_sem_aura\" >Migr\u00e2nea sem aura<\/a><\/li><li class='ez-toc-page-1 ez-toc-heading-level-2'><a class=\"ez-toc-link ez-toc-heading-3\" href=\"https:\/\/www.grupomedcof.com.br\/blog\/enxaqueca-relembre-como-diagnosticar\/#Migranea_com_aura\" >Migr\u00e2nea com aura<\/a><\/li><li class='ez-toc-page-1 ez-toc-heading-level-2'><a class=\"ez-toc-link ez-toc-heading-4\" href=\"https:\/\/www.grupomedcof.com.br\/blog\/enxaqueca-relembre-como-diagnosticar\/#Migranea_cronica\" >Migr\u00e2nea cr\u00f4nica<\/a><\/li><li class='ez-toc-page-1 ez-toc-heading-level-2'><a class=\"ez-toc-link ez-toc-heading-5\" href=\"https:\/\/www.grupomedcof.com.br\/blog\/enxaqueca-relembre-como-diagnosticar\/#O_metodo_da_sua_aprovacao\" >O m\u00e9todo da sua aprova\u00e7\u00e3o<\/a><\/li><\/ul><\/nav><\/div>\n<img loading=\"lazy\" decoding=\"async\" width=\"800\" height=\"450\" src=\"https:\/\/www.grupomedcof.com.br\/blog\/wp-content\/uploads\/2024\/03\/Blog-MedCof-46-1024x576.jpg\" alt=\"enxaqueca como diagnosticar\" srcset=\"https:\/\/www.grupomedcof.com.br\/blog\/wp-content\/uploads\/2024\/03\/Blog-MedCof-46-1024x576.jpg 1024w, https:\/\/www.grupomedcof.com.br\/blog\/wp-content\/uploads\/2024\/03\/Blog-MedCof-46-300x169.jpg 300w, https:\/\/www.grupomedcof.com.br\/blog\/wp-content\/uploads\/2024\/03\/Blog-MedCof-46-768x432.jpg 768w, https:\/\/www.grupomedcof.com.br\/blog\/wp-content\/uploads\/2024\/03\/Blog-MedCof-46-1536x864.jpg 1536w, https:\/\/www.grupomedcof.com.br\/blog\/wp-content\/uploads\/2024\/03\/Blog-MedCof-46.jpg 1920w\" sizes=\"auto, (max-width: 800px) 100vw, 800px\" \/>\t\t\t\t\t\t\t\t\t\t\t\t\t\t\t\n\t\t<p>J\u00e1 discutimos sobre como<strong> <a href=\"https:\/\/www.grupomedcof.com.br\/blog\/enxaqueca-aprenda-a-identificar\/\">identificar os sintomas da enxaqueca<\/a> <\/strong>e os est\u00e1gios da crise. Agora, vamos falar sobre como <strong>diagnosticar a enxaqueca.<\/strong><\/p>\t\t\n\t\t\t<h4>\n\t\t\t\tSum\u00e1rio\t\t\t<\/h4>\n\t\t<h2 id=\"h-diagnostico\"><span class=\"ez-toc-section\" id=\"Como_diagnosticar_enxaqueca\"><\/span><strong>Como diagnosticar enxaqueca?<\/strong><span class=\"ez-toc-section-end\"><\/span><\/h2>\n<p>\u00a0<\/p>\n<p><!-- \/wp:post-content --><!-- wp:paragraph --><\/p>\n<p>Sobretudo, a enxaqueca pode ser divida em:<\/p>\n<p>\u00a0<\/p>\n<ul>\n<li style=\"list-style-type: none;\">\n<ul>\n<li>Migr\u00e2nea sem aura<\/li>\n<li>Migr\u00e2nea com aura<\/li>\n<li>Migr\u00e2nea cr\u00f4nica<\/li>\n<\/ul>\n<\/li>\n<\/ul>\n<p>\u00a0<\/p>\n<p>Sendo assim, o diagn\u00f3stico da enxaqueca \u00e9 essencialmente cl\u00ednico e depende de qual quadro o paciente se encaixa.<\/p>\n<p><!-- \/wp:paragraph --><!-- wp:list --><\/p>\n<ul>\n<li style=\"list-style-type: none;\">\n<ul><!-- wp:list-item --><\/ul>\n<\/li>\n<\/ul>\t\t\n\t\t<h2><span class=\"ez-toc-section\" id=\"Migranea_sem_aura\"><\/span><strong>Migr\u00e2nea sem aura<\/strong><span class=\"ez-toc-section-end\"><\/span><\/h2>\n<p>\u00a0<\/p>\n<p><!-- \/wp:list-item --><!-- wp:heading {\"level\":3} --><\/p>\n<p id=\"h-criterios-diagnosticos\">Os crit\u00e9rios diagn\u00f3sticos para migr\u00e2nea sem aura s\u00e3o:\u00a0<\/p>\n<p>\u00a0<\/p>\n<p><!-- \/wp:heading --><!-- wp:paragraph --><\/p>\n<ul>\n<li>\u2265 5 crises preenchendo os crit\u00e9rios B a D.<\/li>\n<\/ul>\n<p><!-- \/wp:paragraph --><!-- wp:paragraph --><\/p>\n<ul>\n<li>Crises de cefaleia durando 4-72 horas (sem tratamento ou com tratamento ineficaz).<\/li>\n<\/ul>\n<p><!-- \/wp:paragraph --><!-- wp:paragraph --><\/p>\n<ul>\n<li>Cefaleia com \u2265 2 das seguintes caracter\u00edsticas:\n<ul>\n<li>Localiza\u00e7\u00e3o unilateral.<\/li>\n<li>Car\u00e1ter puls\u00e1til.<\/li>\n<li>Intensidade da dor moderada ou forte.<\/li>\n<li>Exacerbada por ou levando o indiv\u00edduo a evitar atividades f\u00edsicas rotineiras.<\/li>\n<\/ul>\n<\/li>\n<\/ul>\n<p><!-- \/wp:paragraph --><!-- wp:paragraph --><\/p>\n<ul>\n<li>Durante a cefaleia, ao menos um dos seguintes:\n<ul>\n<li>N\u00e1usea e\/ou v\u00f4mito.<\/li>\n<li>Fotofobia e fonofobia.<\/li>\n<\/ul>\n<\/li>\n<\/ul>\n<p><!-- \/wp:paragraph --><!-- wp:paragraph --><\/p>\n<ul>\n<li>N\u00e3o melhor explicada por outro diagn\u00f3stico da ICHD-3.<\/li>\n<\/ul>\t\t\n\t\t\t\t\t\t\t\t\t\t\t\t\t\t\t<img loading=\"lazy\" decoding=\"async\" width=\"800\" height=\"195\" src=\"https:\/\/www.grupomedcof.com.br\/blog\/wp-content\/uploads\/2024\/03\/Blog-MedCof-44-e1709927233362-1024x249.jpg\" alt=\"Quando o paciente adormece na crise e acorda sem dor, consideramos a dura\u00e7\u00e3o como sendo at\u00e9 o momento do despertar. Quando o paciente adormece na crise e acorda sem dor, consideramos a dura\u00e7\u00e3o como sendo at\u00e9 o momento do despertar.\" srcset=\"https:\/\/www.grupomedcof.com.br\/blog\/wp-content\/uploads\/2024\/03\/Blog-MedCof-44-e1709927233362-1024x249.jpg 1024w, https:\/\/www.grupomedcof.com.br\/blog\/wp-content\/uploads\/2024\/03\/Blog-MedCof-44-e1709927233362-300x73.jpg 300w, https:\/\/www.grupomedcof.com.br\/blog\/wp-content\/uploads\/2024\/03\/Blog-MedCof-44-e1709927233362-768x187.jpg 768w, https:\/\/www.grupomedcof.com.br\/blog\/wp-content\/uploads\/2024\/03\/Blog-MedCof-44-e1709927233362-1536x374.jpg 1536w, https:\/\/www.grupomedcof.com.br\/blog\/wp-content\/uploads\/2024\/03\/Blog-MedCof-44-e1709927233362.jpg 1920w\" sizes=\"auto, (max-width: 800px) 100vw, 800px\" \/>\t\t\t\t\t\t\t\t\t\t\t\t\t\t\t\n\t\t<h2 id=\"h-migranea-com-aura\"><span class=\"ez-toc-section\" id=\"Migranea_com_aura\"><\/span><strong>Migr\u00e2nea com aura<\/strong><span class=\"ez-toc-section-end\"><\/span><\/h2>\n<p>\u00a0<\/p>\n<p><!-- \/wp:paragraph --><!-- wp:heading {\"level\":3} --><\/p>\n<p id=\"h-criterios-diagnosticos\">J\u00e1 os crit\u00e9rios diagn\u00f3sticos para migr\u00e2nea com aura s\u00e3o:\u00a0<\/p>\n<p>\u00a0<\/p>\n<p><!-- \/wp:heading --><!-- wp:paragraph --><\/p>\n<ul>\n<li>\u2265 2 crises preenchendo os crit\u00e9rios B e C.<\/li>\n<\/ul>\n<p><!-- \/wp:paragraph --><!-- wp:paragraph --><\/p>\n<ul>\n<li>\u2265 1 dos seguintes sintomas de aura plenamente revers\u00edveis:\n<ul>\n<li>Visual.<\/li>\n<li>Sensorial.<\/li>\n<li>Fala e\/ou linguagem.<\/li>\n<li>Motor.<\/li>\n<li>Tronco cerebral.<\/li>\n<li>Retiniano.<\/li>\n<\/ul>\n<\/li>\n<\/ul>\n<p><!-- \/wp:paragraph --><!-- wp:list --><\/p>\n<ul><!-- wp:list-item \/--><!-- wp:list-item \/--><!-- wp:list-item \/--><!-- wp:list-item \/--><!-- wp:list-item \/--><!-- wp:list-item \/--><\/ul>\n<p><!-- \/wp:list --><!-- wp:paragraph --><\/p>\n<ul>\n<li>\u2265 3 das seguintes caracter\u00edsticas:\n<ul>\n<li>Ao menos um sintomas de aura alastra-se gradualmente por \u2265 5 minutos.<\/li>\n<li>\u2265 2 sintomas de aura ocorrem em sucess\u00e3o.<\/li>\n<li>Cada sintoma de aura individual dura 5 a 60 minutos.<\/li>\n<li>Ao menos um sintoma de aura \u00e9 unilateral.<\/li>\n<li>Ao menos um sintoma de aura \u00e9 positivo.<\/li>\n<li>A aura \u00e9 acompanhada ou seguida, dentro de 60 minutos, por cefaleia.<\/li>\n<\/ul>\n<\/li>\n<\/ul>\n<p><!-- \/wp:paragraph --><!-- wp:list --><\/p>\n<ul><!-- wp:list-item \/--><!-- wp:list-item \/--><!-- wp:list-item \/--><!-- wp:list-item \/--><!-- wp:list-item \/--><!-- wp:list-item \/--><\/ul>\n<p><!-- \/wp:list --><!-- wp:paragraph --><\/p>\n<ul>\n<li>N\u00e3o melhor explicada por outro diagn\u00f3stico da ICHD-3.<\/li>\n<\/ul>\t\t\n\t\t\t\t\t\t\t\t\t\t\t\t\t\t\t<img loading=\"lazy\" decoding=\"async\" width=\"800\" height=\"172\" src=\"https:\/\/www.grupomedcof.com.br\/blog\/wp-content\/uploads\/2024\/03\/Blog-MedCof-45-e1709927465208-1024x220.jpg\" alt=\"Afasia \u00e9 sempre considerada unilateral. Enquanto que a disartria pode ou n\u00e3o ser.\" srcset=\"https:\/\/www.grupomedcof.com.br\/blog\/wp-content\/uploads\/2024\/03\/Blog-MedCof-45-e1709927465208-1024x220.jpg 1024w, https:\/\/www.grupomedcof.com.br\/blog\/wp-content\/uploads\/2024\/03\/Blog-MedCof-45-e1709927465208-300x64.jpg 300w, https:\/\/www.grupomedcof.com.br\/blog\/wp-content\/uploads\/2024\/03\/Blog-MedCof-45-e1709927465208-768x165.jpg 768w, https:\/\/www.grupomedcof.com.br\/blog\/wp-content\/uploads\/2024\/03\/Blog-MedCof-45-e1709927465208-1536x330.jpg 1536w, https:\/\/www.grupomedcof.com.br\/blog\/wp-content\/uploads\/2024\/03\/Blog-MedCof-45-e1709927465208.jpg 1920w\" sizes=\"auto, (max-width: 800px) 100vw, 800px\" \/>\t\t\t\t\t\t\t\t\t\t\t\t\t\t\t\n\t\t<!-- wp:paragraph \/--><!-- wp:heading \/--><!-- wp:paragraph \/--><!-- wp:paragraph \/--><!-- wp:heading \/--><!-- wp:paragraph \/--><!-- wp:heading -->\n<h2 id=\"h-migranea-cronica\"><span class=\"ez-toc-section\" id=\"Migranea_cronica\"><\/span><strong>Migr\u00e2nea cr\u00f4nica<\/strong><span class=\"ez-toc-section-end\"><\/span><\/h2>\n<!-- \/wp:heading --><!-- wp:heading {\"level\":3} -->\n<p id=\"h-criterios-diagnosticos\">\u00a0<\/p>\n<p>Por fim, os crit\u00e9rios diagn\u00f3sticos para migr\u00e2nea cr\u00f4nica s\u00e3o:<\/p>\n<p>\u00a0<\/p>\n<!-- \/wp:heading --><!-- wp:paragraph -->\n<ul>\n<li>Cefaleia em \u2265 15 dias por m\u00eas por &gt; 3 meses e preenchendo os crit\u00e9rios B e C.<\/li>\n<\/ul>\n<!-- \/wp:paragraph --><!-- wp:paragraph -->\n<ul>\n<li>Ocorrendo em um paciente que tenha apresentado \u2265 5 crises preenchendo os crit\u00e9rios B-D para migr\u00e2nea sem aura e\/ou crit\u00e9rios B e C para migr\u00e2nea com aura.<\/li>\n<\/ul>\n<!-- \/wp:paragraph --><!-- wp:paragraph -->\n<ul>\n<li>Em \u2265 8 dias\/m\u00eas por &gt; 3 meses, preenchendo qualquer dos seguintes:\n<ul>\n<li>Crit\u00e9rios C e D para migr\u00e2nea sem aura.<\/li>\n<li>Crit\u00e9rios B e C para migr\u00e2nea com aura.<\/li>\n<li>Interpretada pelo paciente como sendo migr\u00e2nea no in\u00edcio e aliviada por um triptano ou derivado do ergot.<\/li>\n<\/ul>\n<\/li>\n<\/ul>\n<!-- \/wp:paragraph --><!-- wp:list -->\n<ul><!-- wp:list-item \/--><!-- wp:list-item \/--><!-- wp:list-item \/--><\/ul>\n<!-- \/wp:list --><!-- wp:paragraph -->\n<ul>\n<li>N\u00e3o melhor explicada por outro diagn\u00f3stico da ICHD-3.<\/li>\n<\/ul>\n<!-- \/wp:paragraph --><!-- wp:paragraph -->\n<p>\u00a0<\/p>\n<!-- \/wp:paragraph -->\t\t\n\t\t\t<h2><span class=\"ez-toc-section\" id=\"O_metodo_da_sua_aprovacao\"><\/span>O m\u00e9todo da sua aprova\u00e7\u00e3o<span class=\"ez-toc-section-end\"><\/span><\/h2>\t\t\n\t\t<p>Se voc\u00ea quer garantir a sua aprova\u00e7\u00e3o nas provas de resid\u00eancia, ent\u00e3o conhe\u00e7a o <a href=\"https:\/\/www.grupomedcof.com.br\/?gad_source=1&amp;gclid=CjwKCAiAi6uvBhADEiwAWiyRds5BLHOTovVBt-JIY5fyxmLomy_og8tolBTctbJ37jTOEqkIchTVwxoCe0oQAvD_BwE\">Grupo MedCof<\/a> e a metodologia que j\u00e1 aprovou mais de 10 mil residentes pelo pa\u00eds. Confira trajet\u00f3ria de quem pode comprovar na pr\u00e1tica a recompensa de confiar em nosso m\u00e9todo:\u00a0<\/p>\t\t\n\t\thttps:\/\/www.youtube.com\/watch?v=YbimP51Iir0&#038;t=2s<!-- \/wp:paragraph -->","protected":false},"excerpt":{"rendered":"<p>Saiba como deve ser realizado o diagn\u00f3stico de enxaqueca. <\/p>\n","protected":false},"author":10,"featured_media":22003,"comment_status":"open","ping_status":"open","sticky":false,"template":"","format":"standard","meta":{"footnotes":""},"categories":[217,190],"tags":[],"ppma_author":[3613],"class_list":{"0":"post-21817","1":"post","2":"type-post","3":"status-publish","4":"format-standard","5":"has-post-thumbnail","7":"category-aps","8":"category-neurologia"},"yoast_head":"<!-- This site is optimized with the Yoast SEO Premium plugin v24.3 (Yoast SEO v27.4) - https:\/\/yoast.com\/product\/yoast-seo-premium-wordpress\/ -->\n<title>Como diagnosticar enxaqueca? - Blog de Medcof: conte\u00fados, editais, revalida e mais!<\/title>\n<meta name=\"description\" content=\"Saiba como diagnosticar enxaqueca. A enxaqueca pode ser dividida em tr\u00eas tipos e o diagn\u00f3stico \u00e9 essencialmente cl\u00ednico, dependendo de...\" \/>\n<meta name=\"robots\" content=\"index, follow, max-snippet:-1, max-image-preview:large, max-video-preview:-1\" \/>\n<link rel=\"canonical\" href=\"https:\/\/www.grupomedcof.com.br\/blog\/enxaqueca-relembre-como-diagnosticar\/\" \/>\n<meta property=\"og:locale\" content=\"pt_BR\" \/>\n<meta property=\"og:type\" content=\"article\" \/>\n<meta property=\"og:title\" content=\"Como diagnosticar enxaqueca?\" \/>\n<meta property=\"og:description\" content=\"Saiba como diagnosticar enxaqueca. A enxaqueca pode ser dividida em tr\u00eas tipos e o diagn\u00f3stico \u00e9 essencialmente cl\u00ednico, dependendo de...\" \/>\n<meta property=\"og:url\" content=\"https:\/\/www.grupomedcof.com.br\/blog\/enxaqueca-relembre-como-diagnosticar\/\" \/>\n<meta property=\"og:site_name\" content=\"Blog de Medcof: conte\u00fados, editais, revalida e mais!\" \/>\n<meta property=\"article:publisher\" content=\"https:\/\/www.facebook.com\/MedCofQbank\/\" \/>\n<meta property=\"article:published_time\" content=\"2024-03-08T18:49:24+00:00\" \/>\n<meta property=\"og:image\" content=\"https:\/\/www.grupomedcof.com.br\/blog\/wp-content\/uploads\/2024\/03\/Blog-MedCof-43.jpg\" \/>\n\t<meta property=\"og:image:width\" content=\"1920\" \/>\n\t<meta property=\"og:image:height\" content=\"1080\" \/>\n\t<meta property=\"og:image:type\" content=\"image\/jpeg\" \/>\n<meta name=\"author\" content=\"Grupo MedCof\" \/>\n<meta name=\"twitter:card\" content=\"summary_large_image\" \/>\n<meta name=\"twitter:label1\" content=\"Escrito por\" \/>\n\t<meta name=\"twitter:data1\" content=\"Grupo MedCof\" \/>\n\t<meta name=\"twitter:label2\" content=\"Est. tempo de leitura\" \/>\n\t<meta name=\"twitter:data2\" content=\"6 minutos\" \/>\n<script type=\"application\/ld+json\" class=\"yoast-schema-graph\">{\"@context\":\"https:\\\/\\\/schema.org\",\"@graph\":[{\"@type\":\"Article\",\"@id\":\"https:\\\/\\\/www.grupomedcof.com.br\\\/blog\\\/enxaqueca-relembre-como-diagnosticar\\\/#article\",\"isPartOf\":{\"@id\":\"https:\\\/\\\/www.grupomedcof.com.br\\\/blog\\\/enxaqueca-relembre-como-diagnosticar\\\/\"},\"author\":{\"name\":\"Grupo MedCof\",\"@id\":\"https:\\\/\\\/www.grupomedcof.com.br\\\/blog\\\/#\\\/schema\\\/person\\\/5e56a3921255c01181f3d8c20d53f9c0\"},\"headline\":\"Como diagnosticar enxaqueca?\",\"datePublished\":\"2024-03-08T18:49:24+00:00\",\"mainEntityOfPage\":{\"@id\":\"https:\\\/\\\/www.grupomedcof.com.br\\\/blog\\\/enxaqueca-relembre-como-diagnosticar\\\/\"},\"wordCount\":463,\"commentCount\":0,\"publisher\":{\"@id\":\"https:\\\/\\\/www.grupomedcof.com.br\\\/blog\\\/#organization\"},\"image\":{\"@id\":\"https:\\\/\\\/www.grupomedcof.com.br\\\/blog\\\/enxaqueca-relembre-como-diagnosticar\\\/#primaryimage\"},\"thumbnailUrl\":\"https:\\\/\\\/www.grupomedcof.com.br\\\/blog\\\/wp-content\\\/uploads\\\/2024\\\/03\\\/Blog-MedCof-43.jpg\",\"articleSection\":[\"APS\",\"Neurologia\"],\"inLanguage\":\"pt-BR\"},{\"@type\":\"WebPage\",\"@id\":\"https:\\\/\\\/www.grupomedcof.com.br\\\/blog\\\/enxaqueca-relembre-como-diagnosticar\\\/\",\"url\":\"https:\\\/\\\/www.grupomedcof.com.br\\\/blog\\\/enxaqueca-relembre-como-diagnosticar\\\/\",\"name\":\"Como diagnosticar enxaqueca? - Blog de Medcof: conte\u00fados, editais, revalida e mais!\",\"isPartOf\":{\"@id\":\"https:\\\/\\\/www.grupomedcof.com.br\\\/blog\\\/#website\"},\"primaryImageOfPage\":{\"@id\":\"https:\\\/\\\/www.grupomedcof.com.br\\\/blog\\\/enxaqueca-relembre-como-diagnosticar\\\/#primaryimage\"},\"image\":{\"@id\":\"https:\\\/\\\/www.grupomedcof.com.br\\\/blog\\\/enxaqueca-relembre-como-diagnosticar\\\/#primaryimage\"},\"thumbnailUrl\":\"https:\\\/\\\/www.grupomedcof.com.br\\\/blog\\\/wp-content\\\/uploads\\\/2024\\\/03\\\/Blog-MedCof-43.jpg\",\"datePublished\":\"2024-03-08T18:49:24+00:00\",\"description\":\"Saiba como diagnosticar enxaqueca. A enxaqueca pode ser dividida em tr\u00eas tipos e o diagn\u00f3stico \u00e9 essencialmente cl\u00ednico, dependendo de...\",\"breadcrumb\":{\"@id\":\"https:\\\/\\\/www.grupomedcof.com.br\\\/blog\\\/enxaqueca-relembre-como-diagnosticar\\\/#breadcrumb\"},\"inLanguage\":\"pt-BR\",\"potentialAction\":[{\"@type\":\"ReadAction\",\"target\":[\"https:\\\/\\\/www.grupomedcof.com.br\\\/blog\\\/enxaqueca-relembre-como-diagnosticar\\\/\"]}]},{\"@type\":\"ImageObject\",\"inLanguage\":\"pt-BR\",\"@id\":\"https:\\\/\\\/www.grupomedcof.com.br\\\/blog\\\/enxaqueca-relembre-como-diagnosticar\\\/#primaryimage\",\"url\":\"https:\\\/\\\/www.grupomedcof.com.br\\\/blog\\\/wp-content\\\/uploads\\\/2024\\\/03\\\/Blog-MedCof-43.jpg\",\"contentUrl\":\"https:\\\/\\\/www.grupomedcof.com.br\\\/blog\\\/wp-content\\\/uploads\\\/2024\\\/03\\\/Blog-MedCof-43.jpg\",\"width\":1920,\"height\":1080,\"caption\":\"enxaqueca como diagnosticar\"},{\"@type\":\"BreadcrumbList\",\"@id\":\"https:\\\/\\\/www.grupomedcof.com.br\\\/blog\\\/enxaqueca-relembre-como-diagnosticar\\\/#breadcrumb\",\"itemListElement\":[{\"@type\":\"ListItem\",\"position\":1,\"name\":\"In\u00edcio\",\"item\":\"https:\\\/\\\/www.grupomedcof.com.br\\\/blog\\\/\"},{\"@type\":\"ListItem\",\"position\":2,\"name\":\"Como diagnosticar enxaqueca?\"}]},{\"@type\":\"WebSite\",\"@id\":\"https:\\\/\\\/www.grupomedcof.com.br\\\/blog\\\/#website\",\"url\":\"https:\\\/\\\/www.grupomedcof.com.br\\\/blog\\\/\",\"name\":\"Blog de Medcof: conte\u00fados, editais, revalida e mais!\",\"description\":\"Acesso o blog de MedCof! Seu portal de conte\u00fados sobre resid\u00eancia m\u00e9dica, an\u00e1lise e editais e muito mais. Clique e confira!\",\"publisher\":{\"@id\":\"https:\\\/\\\/www.grupomedcof.com.br\\\/blog\\\/#organization\"},\"alternateName\":\"Blog de Medcof: conte\u00fados, editais, revalida e mais!\",\"potentialAction\":[{\"@type\":\"SearchAction\",\"target\":{\"@type\":\"EntryPoint\",\"urlTemplate\":\"https:\\\/\\\/www.grupomedcof.com.br\\\/blog\\\/?s={search_term_string}\"},\"query-input\":{\"@type\":\"PropertyValueSpecification\",\"valueRequired\":true,\"valueName\":\"search_term_string\"}}],\"inLanguage\":\"pt-BR\"},{\"@type\":\"Organization\",\"@id\":\"https:\\\/\\\/www.grupomedcof.com.br\\\/blog\\\/#organization\",\"name\":\"Grupo MedCof\",\"url\":\"https:\\\/\\\/www.grupomedcof.com.br\\\/blog\\\/\",\"logo\":{\"@type\":\"ImageObject\",\"inLanguage\":\"pt-BR\",\"@id\":\"https:\\\/\\\/www.grupomedcof.com.br\\\/blog\\\/#\\\/schema\\\/logo\\\/image\\\/\",\"url\":\"https:\\\/\\\/www.grupomedcof.com.br\\\/blog\\\/wp-content\\\/uploads\\\/2022\\\/01\\\/logo-medcof.png\",\"contentUrl\":\"https:\\\/\\\/www.grupomedcof.com.br\\\/blog\\\/wp-content\\\/uploads\\\/2022\\\/01\\\/logo-medcof.png\",\"width\":768,\"height\":269,\"caption\":\"Grupo MedCof\"},\"image\":{\"@id\":\"https:\\\/\\\/www.grupomedcof.com.br\\\/blog\\\/#\\\/schema\\\/logo\\\/image\\\/\"},\"sameAs\":[\"https:\\\/\\\/www.facebook.com\\\/MedCofQbank\\\/\",\"https:\\\/\\\/www.instagram.com\\\/grupomedcof\\\/\",\"https:\\\/\\\/br.linkedin.com\\\/company\\\/medcof\",\"https:\\\/\\\/www.youtube.com\\\/channel\\\/UCdHMuOHKICxcHwecxN8P-AA\"]},{\"@type\":\"Person\",\"@id\":\"https:\\\/\\\/www.grupomedcof.com.br\\\/blog\\\/#\\\/schema\\\/person\\\/5e56a3921255c01181f3d8c20d53f9c0\",\"name\":\"Grupo MedCof\",\"image\":{\"@type\":\"ImageObject\",\"inLanguage\":\"pt-BR\",\"@id\":\"https:\\\/\\\/www.grupomedcof.com.br\\\/blog\\\/wp-content\\\/uploads\\\/2023\\\/04\\\/cropped-cropped-cropped-cropped-logo-96x96.png28585d174f19c23095510da5f63bc127\",\"url\":\"https:\\\/\\\/www.grupomedcof.com.br\\\/blog\\\/wp-content\\\/uploads\\\/2023\\\/04\\\/cropped-cropped-cropped-cropped-logo-96x96.png\",\"contentUrl\":\"https:\\\/\\\/www.grupomedcof.com.br\\\/blog\\\/wp-content\\\/uploads\\\/2023\\\/04\\\/cropped-cropped-cropped-cropped-logo-96x96.png\",\"caption\":\"Grupo MedCof\"},\"description\":\"Tendo aulas baseadas em quest\u00f5es, + de 115 subespecialistas dispon\u00edveis e uma metodologia \u00fanica, voc\u00ea pode se juntar ao nosso time que conta com mais de 10 mil ...\",\"url\":\"https:\\\/\\\/www.grupomedcof.com.br\\\/blog\\\/author\\\/grupo-medcof\\\/\"}]}<\/script>\n<!-- \/ Yoast SEO Premium plugin. -->","yoast_head_json":{"title":"Como diagnosticar enxaqueca? - Blog de Medcof: conte\u00fados, editais, revalida e mais!","description":"Saiba como diagnosticar enxaqueca. A enxaqueca pode ser dividida em tr\u00eas tipos e o diagn\u00f3stico \u00e9 essencialmente cl\u00ednico, dependendo de...","robots":{"index":"index","follow":"follow","max-snippet":"max-snippet:-1","max-image-preview":"max-image-preview:large","max-video-preview":"max-video-preview:-1"},"canonical":"https:\/\/www.grupomedcof.com.br\/blog\/enxaqueca-relembre-como-diagnosticar\/","og_locale":"pt_BR","og_type":"article","og_title":"Como diagnosticar enxaqueca?","og_description":"Saiba como diagnosticar enxaqueca. A enxaqueca pode ser dividida em tr\u00eas tipos e o diagn\u00f3stico \u00e9 essencialmente cl\u00ednico, dependendo de...","og_url":"https:\/\/www.grupomedcof.com.br\/blog\/enxaqueca-relembre-como-diagnosticar\/","og_site_name":"Blog de Medcof: conte\u00fados, editais, revalida e mais!","article_publisher":"https:\/\/www.facebook.com\/MedCofQbank\/","article_published_time":"2024-03-08T18:49:24+00:00","og_image":[{"width":1920,"height":1080,"url":"https:\/\/www.grupomedcof.com.br\/blog\/wp-content\/uploads\/2024\/03\/Blog-MedCof-43.jpg","type":"image\/jpeg"}],"author":"Grupo MedCof","twitter_card":"summary_large_image","twitter_misc":{"Escrito por":"Grupo MedCof","Est. tempo de leitura":"6 minutos"},"schema":{"@context":"https:\/\/schema.org","@graph":[{"@type":"Article","@id":"https:\/\/www.grupomedcof.com.br\/blog\/enxaqueca-relembre-como-diagnosticar\/#article","isPartOf":{"@id":"https:\/\/www.grupomedcof.com.br\/blog\/enxaqueca-relembre-como-diagnosticar\/"},"author":{"name":"Grupo MedCof","@id":"https:\/\/www.grupomedcof.com.br\/blog\/#\/schema\/person\/5e56a3921255c01181f3d8c20d53f9c0"},"headline":"Como diagnosticar enxaqueca?","datePublished":"2024-03-08T18:49:24+00:00","mainEntityOfPage":{"@id":"https:\/\/www.grupomedcof.com.br\/blog\/enxaqueca-relembre-como-diagnosticar\/"},"wordCount":463,"commentCount":0,"publisher":{"@id":"https:\/\/www.grupomedcof.com.br\/blog\/#organization"},"image":{"@id":"https:\/\/www.grupomedcof.com.br\/blog\/enxaqueca-relembre-como-diagnosticar\/#primaryimage"},"thumbnailUrl":"https:\/\/www.grupomedcof.com.br\/blog\/wp-content\/uploads\/2024\/03\/Blog-MedCof-43.jpg","articleSection":["APS","Neurologia"],"inLanguage":"pt-BR"},{"@type":"WebPage","@id":"https:\/\/www.grupomedcof.com.br\/blog\/enxaqueca-relembre-como-diagnosticar\/","url":"https:\/\/www.grupomedcof.com.br\/blog\/enxaqueca-relembre-como-diagnosticar\/","name":"Como diagnosticar enxaqueca? - Blog de Medcof: conte\u00fados, editais, revalida e mais!","isPartOf":{"@id":"https:\/\/www.grupomedcof.com.br\/blog\/#website"},"primaryImageOfPage":{"@id":"https:\/\/www.grupomedcof.com.br\/blog\/enxaqueca-relembre-como-diagnosticar\/#primaryimage"},"image":{"@id":"https:\/\/www.grupomedcof.com.br\/blog\/enxaqueca-relembre-como-diagnosticar\/#primaryimage"},"thumbnailUrl":"https:\/\/www.grupomedcof.com.br\/blog\/wp-content\/uploads\/2024\/03\/Blog-MedCof-43.jpg","datePublished":"2024-03-08T18:49:24+00:00","description":"Saiba como diagnosticar enxaqueca. A enxaqueca pode ser dividida em tr\u00eas tipos e o diagn\u00f3stico \u00e9 essencialmente cl\u00ednico, dependendo de...","breadcrumb":{"@id":"https:\/\/www.grupomedcof.com.br\/blog\/enxaqueca-relembre-como-diagnosticar\/#breadcrumb"},"inLanguage":"pt-BR","potentialAction":[{"@type":"ReadAction","target":["https:\/\/www.grupomedcof.com.br\/blog\/enxaqueca-relembre-como-diagnosticar\/"]}]},{"@type":"ImageObject","inLanguage":"pt-BR","@id":"https:\/\/www.grupomedcof.com.br\/blog\/enxaqueca-relembre-como-diagnosticar\/#primaryimage","url":"https:\/\/www.grupomedcof.com.br\/blog\/wp-content\/uploads\/2024\/03\/Blog-MedCof-43.jpg","contentUrl":"https:\/\/www.grupomedcof.com.br\/blog\/wp-content\/uploads\/2024\/03\/Blog-MedCof-43.jpg","width":1920,"height":1080,"caption":"enxaqueca como diagnosticar"},{"@type":"BreadcrumbList","@id":"https:\/\/www.grupomedcof.com.br\/blog\/enxaqueca-relembre-como-diagnosticar\/#breadcrumb","itemListElement":[{"@type":"ListItem","position":1,"name":"In\u00edcio","item":"https:\/\/www.grupomedcof.com.br\/blog\/"},{"@type":"ListItem","position":2,"name":"Como diagnosticar enxaqueca?"}]},{"@type":"WebSite","@id":"https:\/\/www.grupomedcof.com.br\/blog\/#website","url":"https:\/\/www.grupomedcof.com.br\/blog\/","name":"Blog de Medcof: conte\u00fados, editais, revalida e mais!","description":"Acesso o blog de MedCof! Seu portal de conte\u00fados sobre resid\u00eancia m\u00e9dica, an\u00e1lise e editais e muito mais. Clique e confira!","publisher":{"@id":"https:\/\/www.grupomedcof.com.br\/blog\/#organization"},"alternateName":"Blog de Medcof: conte\u00fados, editais, revalida e mais!","potentialAction":[{"@type":"SearchAction","target":{"@type":"EntryPoint","urlTemplate":"https:\/\/www.grupomedcof.com.br\/blog\/?s={search_term_string}"},"query-input":{"@type":"PropertyValueSpecification","valueRequired":true,"valueName":"search_term_string"}}],"inLanguage":"pt-BR"},{"@type":"Organization","@id":"https:\/\/www.grupomedcof.com.br\/blog\/#organization","name":"Grupo MedCof","url":"https:\/\/www.grupomedcof.com.br\/blog\/","logo":{"@type":"ImageObject","inLanguage":"pt-BR","@id":"https:\/\/www.grupomedcof.com.br\/blog\/#\/schema\/logo\/image\/","url":"https:\/\/www.grupomedcof.com.br\/blog\/wp-content\/uploads\/2022\/01\/logo-medcof.png","contentUrl":"https:\/\/www.grupomedcof.com.br\/blog\/wp-content\/uploads\/2022\/01\/logo-medcof.png","width":768,"height":269,"caption":"Grupo MedCof"},"image":{"@id":"https:\/\/www.grupomedcof.com.br\/blog\/#\/schema\/logo\/image\/"},"sameAs":["https:\/\/www.facebook.com\/MedCofQbank\/","https:\/\/www.instagram.com\/grupomedcof\/","https:\/\/br.linkedin.com\/company\/medcof","https:\/\/www.youtube.com\/channel\/UCdHMuOHKICxcHwecxN8P-AA"]},{"@type":"Person","@id":"https:\/\/www.grupomedcof.com.br\/blog\/#\/schema\/person\/5e56a3921255c01181f3d8c20d53f9c0","name":"Grupo MedCof","image":{"@type":"ImageObject","inLanguage":"pt-BR","@id":"https:\/\/www.grupomedcof.com.br\/blog\/wp-content\/uploads\/2023\/04\/cropped-cropped-cropped-cropped-logo-96x96.png28585d174f19c23095510da5f63bc127","url":"https:\/\/www.grupomedcof.com.br\/blog\/wp-content\/uploads\/2023\/04\/cropped-cropped-cropped-cropped-logo-96x96.png","contentUrl":"https:\/\/www.grupomedcof.com.br\/blog\/wp-content\/uploads\/2023\/04\/cropped-cropped-cropped-cropped-logo-96x96.png","caption":"Grupo MedCof"},"description":"Tendo aulas baseadas em quest\u00f5es, + de 115 subespecialistas dispon\u00edveis e uma metodologia \u00fanica, voc\u00ea pode se juntar ao nosso time que conta com mais de 10 mil ...","url":"https:\/\/www.grupomedcof.com.br\/blog\/author\/grupo-medcof\/"}]}},"authors":[{"term_id":3613,"user_id":10,"is_guest":0,"slug":"grupo-medcof","display_name":"Grupo MedCof","avatar_url":"https:\/\/www.grupomedcof.com.br\/blog\/wp-content\/uploads\/2023\/04\/cropped-cropped-cropped-cropped-logo-96x96.png","0":null,"1":"","2":"","3":"","4":"","5":"","6":"","7":"","8":""}],"_links":{"self":[{"href":"https:\/\/www.grupomedcof.com.br\/blog\/wp-json\/wp\/v2\/posts\/21817","targetHints":{"allow":["GET"]}}],"collection":[{"href":"https:\/\/www.grupomedcof.com.br\/blog\/wp-json\/wp\/v2\/posts"}],"about":[{"href":"https:\/\/www.grupomedcof.com.br\/blog\/wp-json\/wp\/v2\/types\/post"}],"author":[{"embeddable":true,"href":"https:\/\/www.grupomedcof.com.br\/blog\/wp-json\/wp\/v2\/users\/10"}],"replies":[{"embeddable":true,"href":"https:\/\/www.grupomedcof.com.br\/blog\/wp-json\/wp\/v2\/comments?post=21817"}],"version-history":[{"count":0,"href":"https:\/\/www.grupomedcof.com.br\/blog\/wp-json\/wp\/v2\/posts\/21817\/revisions"}],"wp:featuredmedia":[{"embeddable":true,"href":"https:\/\/www.grupomedcof.com.br\/blog\/wp-json\/wp\/v2\/media\/22003"}],"wp:attachment":[{"href":"https:\/\/www.grupomedcof.com.br\/blog\/wp-json\/wp\/v2\/media?parent=21817"}],"wp:term":[{"taxonomy":"category","embeddable":true,"href":"https:\/\/www.grupomedcof.com.br\/blog\/wp-json\/wp\/v2\/categories?post=21817"},{"taxonomy":"post_tag","embeddable":true,"href":"https:\/\/www.grupomedcof.com.br\/blog\/wp-json\/wp\/v2\/tags?post=21817"},{"taxonomy":"author","embeddable":true,"href":"https:\/\/www.grupomedcof.com.br\/blog\/wp-json\/wp\/v2\/ppma_author?post=21817"}],"curies":[{"name":"wp","href":"https:\/\/api.w.org\/{rel}","templated":true}]}}