{"id":2210,"date":"2026-03-09T09:01:58","date_gmt":"2026-03-09T12:01:58","guid":{"rendered":"https:\/\/www.grupomedcof.com.br\/blog\/?p=2210"},"modified":"2026-03-09T09:05:36","modified_gmt":"2026-03-09T12:05:36","slug":"edital-residencia-medica-usp-rp","status":"publish","type":"post","link":"https:\/\/www.grupomedcof.com.br\/blog\/edital-residencia-medica-usp-rp\/","title":{"rendered":"Edital para resid\u00eancia m\u00e9dica USP-RP 2025\/2026: vagas remanescentes"},"content":{"rendered":"<div id=\"ez-toc-container\" class=\"ez-toc-v2_0_74 counter-hierarchy ez-toc-counter ez-toc-transparent ez-toc-container-direction\">\n<div class=\"ez-toc-title-container\">\n<p class=\"ez-toc-title\" style=\"cursor:inherit\">Sum\u00e1rio<\/p>\n<span class=\"ez-toc-title-toggle\"><a href=\"#\" class=\"ez-toc-pull-right ez-toc-btn ez-toc-btn-xs ez-toc-btn-default ez-toc-toggle\" aria-label=\"Alternar tabela de conte\u00fado\"><span class=\"ez-toc-js-icon-con\"><span class=\"\"><span class=\"eztoc-hide\" style=\"display:none;\">Toggle<\/span><span class=\"ez-toc-icon-toggle-span\"><svg style=\"fill: #999;color:#999\" xmlns=\"http:\/\/www.w3.org\/2000\/svg\" class=\"list-377408\" width=\"20px\" height=\"20px\" viewBox=\"0 0 24 24\" fill=\"none\"><path d=\"M6 6H4v2h2V6zm14 0H8v2h12V6zM4 11h2v2H4v-2zm16 0H8v2h12v-2zM4 16h2v2H4v-2zm16 0H8v2h12v-2z\" fill=\"currentColor\"><\/path><\/svg><svg style=\"fill: #999;color:#999\" class=\"arrow-unsorted-368013\" xmlns=\"http:\/\/www.w3.org\/2000\/svg\" width=\"10px\" height=\"10px\" viewBox=\"0 0 24 24\" version=\"1.2\" baseProfile=\"tiny\"><path d=\"M18.2 9.3l-6.2-6.3-6.2 6.3c-.2.2-.3.4-.3.7s.1.5.3.7c.2.2.4.3.7.3h11c.3 0 .5-.1.7-.3.2-.2.3-.5.3-.7s-.1-.5-.3-.7zM5.8 14.7l6.2 6.3 6.2-6.3c.2-.2.3-.5.3-.7s-.1-.5-.3-.7c-.2-.2-.4-.3-.7-.3h-11c-.3 0-.5.1-.7.3-.2.2-.3.5-.3.7s.1.5.3.7z\"\/><\/svg><\/span><\/span><\/span><\/a><\/span><\/div>\n<nav><ul class='ez-toc-list ez-toc-list-level-1 ' ><li class='ez-toc-page-1 ez-toc-heading-level-2'><a class=\"ez-toc-link ez-toc-heading-1\" href=\"https:\/\/www.grupomedcof.com.br\/blog\/edital-residencia-medica-usp-rp\/#Edital_Residencia_Medica_USP-RP_20252026\" >Edital Resid\u00eancia M\u00e9dica USP-RP 2025\/2026<\/a><\/li><li class='ez-toc-page-1 ez-toc-heading-level-2'><a class=\"ez-toc-link ez-toc-heading-2\" href=\"https:\/\/www.grupomedcof.com.br\/blog\/edital-residencia-medica-usp-rp\/#Vagas_USP-RP_residencia_medica_20252026\" >Vagas USP-RP resid\u00eancia m\u00e9dica 2025\/2026<\/a><ul class='ez-toc-list-level-3' ><li class='ez-toc-heading-level-3'><a class=\"ez-toc-link ez-toc-heading-3\" href=\"https:\/\/www.grupomedcof.com.br\/blog\/edital-residencia-medica-usp-rp\/#Acesso_Direto\" >Acesso Direto<\/a><\/li><li class='ez-toc-page-1 ez-toc-heading-level-3'><a class=\"ez-toc-link ez-toc-heading-4\" href=\"https:\/\/www.grupomedcof.com.br\/blog\/edital-residencia-medica-usp-rp\/#Pre-Requisito\" >Pr\u00e9-Requisito<\/a><\/li><li class='ez-toc-page-1 ez-toc-heading-level-3'><a class=\"ez-toc-link ez-toc-heading-5\" href=\"https:\/\/www.grupomedcof.com.br\/blog\/edital-residencia-medica-usp-rp\/#Area_de_Atuacao\" >\u00c1rea de Atua\u00e7\u00e3o<\/a><\/li><\/ul><\/li><li class='ez-toc-page-1 ez-toc-heading-level-2'><a class=\"ez-toc-link ez-toc-heading-6\" href=\"https:\/\/www.grupomedcof.com.br\/blog\/edital-residencia-medica-usp-rp\/#Processo_Seletivo_USP-RP_20252026\" >Processo Seletivo USP-RP 2025\/2026<\/a><ul class='ez-toc-list-level-3' ><li class='ez-toc-heading-level-3'><a class=\"ez-toc-link ez-toc-heading-7\" href=\"https:\/\/www.grupomedcof.com.br\/blog\/edital-residencia-medica-usp-rp\/#Prova_objetiva\" >Prova objetiva<\/a><\/li><li class='ez-toc-page-1 ez-toc-heading-level-3'><a class=\"ez-toc-link ez-toc-heading-8\" href=\"https:\/\/www.grupomedcof.com.br\/blog\/edital-residencia-medica-usp-rp\/#Prova_Pratica_USP-RP\" >Prova Pr\u00e1tica USP-RP<\/a><\/li><li class='ez-toc-page-1 ez-toc-heading-level-3'><a class=\"ez-toc-link ez-toc-heading-9\" href=\"https:\/\/www.grupomedcof.com.br\/blog\/edital-residencia-medica-usp-rp\/#Avaliacao_Curricular\" >Avalia\u00e7\u00e3o Curricular<\/a><\/li><\/ul><\/li><li class='ez-toc-page-1 ez-toc-heading-level-2'><a class=\"ez-toc-link ez-toc-heading-10\" href=\"https:\/\/www.grupomedcof.com.br\/blog\/edital-residencia-medica-usp-rp\/#Resultado_Final\" >Resultado Final<\/a><\/li><li class='ez-toc-page-1 ez-toc-heading-level-2'><a class=\"ez-toc-link ez-toc-heading-11\" href=\"https:\/\/www.grupomedcof.com.br\/blog\/edital-residencia-medica-usp-rp\/#Cronograma_Residencia_Medica_USP-RP_20252026\" >Cronograma Resid\u00eancia M\u00e9dica USP-RP 2025\/2026<\/a><\/li><li class='ez-toc-page-1 ez-toc-heading-level-2'><a class=\"ez-toc-link ez-toc-heading-12\" href=\"https:\/\/www.grupomedcof.com.br\/blog\/edital-residencia-medica-usp-rp\/#Edital_USP-RP_20252026\" >Edital USP-RP 2025\/2026<\/a><\/li><li class='ez-toc-page-1 ez-toc-heading-level-2'><a class=\"ez-toc-link ez-toc-heading-13\" href=\"https:\/\/www.grupomedcof.com.br\/blog\/edital-residencia-medica-usp-rp\/#Edital_Complementar_USP-RP_2026\" >Edital Complementar USP-RP 2026<\/a><ul class='ez-toc-list-level-3' ><li class='ez-toc-heading-level-3'><a class=\"ez-toc-link ez-toc-heading-14\" href=\"https:\/\/www.grupomedcof.com.br\/blog\/edital-residencia-medica-usp-rp\/#Cronograma_Edital_Vagas_Remanescentes_USP-RP_2026\" >Cronograma Edital Vagas Remanescentes USP-RP 2026<\/a><\/li><li class='ez-toc-page-1 ez-toc-heading-level-3'><a class=\"ez-toc-link ez-toc-heading-15\" href=\"https:\/\/www.grupomedcof.com.br\/blog\/edital-residencia-medica-usp-rp\/#Vagas_Remanescentes\" >Vagas Remanescentes<\/a><\/li><\/ul><\/li><li class='ez-toc-page-1 ez-toc-heading-level-2'><a class=\"ez-toc-link ez-toc-heading-16\" href=\"https:\/\/www.grupomedcof.com.br\/blog\/edital-residencia-medica-usp-rp\/#Prepare-se_para_a_USP-RP_20252026\" >Prepare-se para a USP-RP 2025\/2026<\/a><\/li><\/ul><\/nav><\/div>\n\n<figure class=\"wp-block-image size-large\"><img loading=\"lazy\" decoding=\"async\" width=\"1024\" height=\"576\" src=\"https:\/\/www.grupomedcof.com.br\/blog\/wp-content\/uploads\/2024\/05\/Blog-MedCof-1-4-1024x576.png\" alt=\"logo-Resid\u00eancia-M\u00e9dica-USP-RP- 2024\" class=\"wp-image-26473\" srcset=\"https:\/\/www.grupomedcof.com.br\/blog\/wp-content\/uploads\/2024\/05\/Blog-MedCof-1-4-1024x576.png 1024w, https:\/\/www.grupomedcof.com.br\/blog\/wp-content\/uploads\/2024\/05\/Blog-MedCof-1-4-300x169.png 300w, https:\/\/www.grupomedcof.com.br\/blog\/wp-content\/uploads\/2024\/05\/Blog-MedCof-1-4-768x432.png 768w, https:\/\/www.grupomedcof.com.br\/blog\/wp-content\/uploads\/2024\/05\/Blog-MedCof-1-4-1536x864.png 1536w, https:\/\/www.grupomedcof.com.br\/blog\/wp-content\/uploads\/2024\/05\/Blog-MedCof-1-4-747x420.png 747w, https:\/\/www.grupomedcof.com.br\/blog\/wp-content\/uploads\/2024\/05\/Blog-MedCof-1-4-150x84.png 150w, https:\/\/www.grupomedcof.com.br\/blog\/wp-content\/uploads\/2024\/05\/Blog-MedCof-1-4-696x392.png 696w, https:\/\/www.grupomedcof.com.br\/blog\/wp-content\/uploads\/2024\/05\/Blog-MedCof-1-4-1068x601.png 1068w, https:\/\/www.grupomedcof.com.br\/blog\/wp-content\/uploads\/2024\/05\/Blog-MedCof-1-4.png 1920w\" sizes=\"auto, (max-width: 1024px) 100vw, 1024px\" \/><\/figure>\n\n\n\n<p>Veja aqui o edital do processo seletivo de <strong>resid\u00eancia m\u00e9dica<\/strong> da <strong>USP-RP 2025\/2026<\/strong> e o edital com vagas remanescentes!<\/p>\n\n\n\n<h2 class=\"wp-block-heading\" id=\"h-edital-residencia-medica-usp-rp-2025-2026\"><span class=\"ez-toc-section\" id=\"Edital_Residencia_Medica_USP-RP_20252026\"><\/span><strong>Edital Resid\u00eancia M\u00e9dica USP-RP 2025\/2026<\/strong><span class=\"ez-toc-section-end\"><\/span><\/h2>\n\n\n\n<p>As inscri\u00e7\u00f5es ocorreram do dia <strong>06 at\u00e9 \u00e0s 16h do dia 24 de outubro de 2025<\/strong>. Para efetiva\u00e7\u00e3o, os candidatos Acesso Direto tiveram que realizar o pagamento da taxa no valor de <strong>R$800,00<\/strong>. j\u00e1 para as especialidades que exigem com pr\u00e9-requisito, a taxa foi no valor de <strong>R$600,00.<\/strong><\/p>\n\n\n\n<p>Para essa taxa, foi poss\u00edvel realizar a solicita\u00e7\u00e3o de redu\u00e7\u00e3o do valor entre os dias <strong>06 a 13 de outubro de 2025<\/strong>, digitalizando em PDF o formul\u00e1rio dispon\u00edvel em ANEXO. O envio \u00e9 feito exclusivamente pelo email: coreme@hcrp.usp.br.<\/p>\n\n\n\n<p>Al\u00e9m disso, o <a href=\"https:\/\/www.grupomedcof.com.br\/blog\/residencia-medica-usp-rp-2024-2\/\"><strong>processo seletivo<\/strong><\/a><strong> <\/strong>poder\u00e1 contar com 03 fases avaliativas em alguns programas.<\/p>\n\n\n\n<h2 class=\"wp-block-heading\" id=\"h-vagas-usp-rp-residencia-medica-2025-2026\"><span class=\"ez-toc-section\" id=\"Vagas_USP-RP_residencia_medica_20252026\"><\/span><strong>Vagas USP-RP resid\u00eancia m\u00e9dica 2025\/2026<\/strong><span class=\"ez-toc-section-end\"><\/span><\/h2>\n\n\n\n<p>Ao todo, a USP-RP oferta <strong>399 vagas<\/strong>, sendo 213 para Acesso Direto e 186 para <a href=\"https:\/\/www.grupomedcof.com.br\/blog\/especialidades-com-pre-requisito\/\" target=\"_blank\" rel=\"noreferrer noopener\">Pr\u00e9-Requisito.<\/a> Veja a seguir a tabela completa:<\/p>\n\n\n\n<h3 class=\"wp-block-heading\" id=\"h-acesso-direto\"><span class=\"ez-toc-section\" id=\"Acesso_Direto\"><\/span><strong>Acesso Direto<\/strong><span class=\"ez-toc-section-end\"><\/span><\/h3>\n\n\n\n<figure class=\"wp-block-table\"><table class=\"has-fixed-layout\"><tbody><tr><td><strong>Especialidades<\/strong><\/td><td><strong>Vagas<\/strong><\/td><\/tr><tr><td>Anestesiologia<\/td><td>12<\/td><\/tr><tr><td>Cirurgia Cardiovascular<\/td><td>1<\/td><\/tr><tr><td>Cirurgia Geral<\/td><td>15<\/td><\/tr><tr><td>Cl\u00ednica M\u00e9dica<\/td><td>34<\/td><\/tr><tr><td>Dermatologia<\/td><td>6<\/td><\/tr><tr><td>Gen\u00e9tica M\u00e9dica<\/td><td>3<\/td><\/tr><tr><td>Infectologia<\/td><td>4<\/td><\/tr><tr><td>Medicina de Emerg\u00eancia<\/td><td>8<\/td><\/tr><tr><td>Medicina de Fam\u00edlia e Comunidade<\/td><td>15<\/td><\/tr><tr><td>Medicina F\u00edsica e Reabilita\u00e7\u00e3o<\/td><td>2<\/td><\/tr><tr><td>Medicina Intensiva<\/td><td>6<\/td><\/tr><tr><td>Neurocirurgia<\/td><td>3<\/td><\/tr><tr><td>Neurologia<\/td><td>14<\/td><\/tr><tr><td>Obstetr\u00edcia e Ginecologia<\/td><td>16<\/td><\/tr><tr><td>Oftalmologia<\/td><td>7<\/td><\/tr><tr><td>Ortopedia e Traumatologia<\/td><td>11<\/td><\/tr><tr><td>Otorrinolaringologia<\/td><td>5<\/td><\/tr><tr><td>Patologia<\/td><td>4<\/td><\/tr><tr><td>Pediatria<\/td><td>20<\/td><\/tr><tr><td>Psiquiatria<\/td><td>13<\/td><\/tr><tr><td>Radiologia e Diagn\u00f3stico por Imagem<\/td><td>12<\/td><\/tr><tr><td>Radioterapia<\/td><td>2<\/td><\/tr><\/tbody><\/table><\/figure>\n\n\n\n<h3 class=\"wp-block-heading\" id=\"h-pre-requisito\"><span class=\"ez-toc-section\" id=\"Pre-Requisito\"><\/span><strong>Pr\u00e9-Requisito<\/strong><span class=\"ez-toc-section-end\"><\/span><\/h3>\n\n\n\n<h4 class=\"wp-block-heading\" id=\"h-pre-requisito-cirurgia-geral\"><strong>Pr\u00e9-Requisito Cirurgia Geral<\/strong><\/h4>\n\n\n\n<figure class=\"wp-block-table\"><table class=\"has-fixed-layout\"><tbody><tr><td><strong>Especialidades<\/strong><\/td><td><strong>Vagas<\/strong><\/td><\/tr><tr><td>Cirurgia do Aparelho Digestivo<\/td><td>4<\/td><\/tr><tr><td>Cirurgia Pedi\u00e1trica<\/td><td>1<\/td><\/tr><tr><td>Cirurgia Pl\u00e1stica<\/td><td>3<\/td><\/tr><tr><td>Cirurgia Tor\u00e1cica<\/td><td>1<\/td><\/tr><tr><td>Cirurgia Vascular<\/td><td>4<\/td><\/tr><tr><td>Coloproctologia<\/td><td>3<\/td><\/tr><tr><td>Urologia<\/td><td>4<\/td><\/tr><\/tbody><\/table><\/figure>\n\n\n\n<h4 class=\"wp-block-heading\" id=\"h-pre-requisito-em-clinica-medica\"><strong>Pr\u00e9-Requisito em Cl\u00ednica M\u00e9dica<\/strong><\/h4>\n\n\n\n<figure class=\"wp-block-table\"><table class=\"has-fixed-layout\"><tbody><tr><td><strong>Especialidades<\/strong><\/td><td><strong>Vagas<\/strong><\/td><\/tr><tr><td>Alergia e Imunologia<\/td><td>2<\/td><\/tr><tr><td>Cardiologia<\/td><td>4<\/td><\/tr><tr><td>Endocrinologia e Metabologia<\/td><td>7<\/td><\/tr><tr><td>Gastroenterologia<\/td><td>6<\/td><\/tr><tr><td>Geriatria<\/td><td>5<\/td><\/tr><tr><td>Hematologia e Hemoterapia<\/td><td>10<\/td><\/tr><tr><td>Nefrologia<\/td><td>9<\/td><\/tr><tr><td>Oncologia Cl\u00ednica<\/td><td>8<\/td><\/tr><tr><td>Pneumologia<\/td><td>4<\/td><\/tr><tr><td>Reumatologia<\/td><td>5<\/td><\/tr><\/tbody><\/table><\/figure>\n\n\n\n<h4 class=\"wp-block-heading\" id=\"h-pre-requisito-em-clinica-medica-0\"><strong>Pr\u00e9-Requisito em Cl\u00ednica M\u00e9dica<\/strong><\/h4>\n\n\n\n<figure class=\"wp-block-table\"><table class=\"has-fixed-layout\"><tbody><tr><td><strong>Especialidades<\/strong><\/td><td><strong>Vagas<\/strong><\/td><\/tr><tr><td>Nutrologia<\/td><td>2<\/td><\/tr><\/tbody><\/table><\/figure>\n\n\n\n<h4 class=\"wp-block-heading\" id=\"h-pre-requisito-em-pediatria\"><strong>Pr\u00e9-Requisito em Pediatria<\/strong><\/h4>\n\n\n\n<figure class=\"wp-block-table\"><table class=\"has-fixed-layout\"><tbody><tr><td><strong>Especialidades<\/strong><\/td><td><strong>Vagas<\/strong><\/td><\/tr><tr><td>Oncologia Pedi\u00e1trica<\/td><td>2<\/td><\/tr><\/tbody><\/table><\/figure>\n\n\n\n<h4 class=\"wp-block-heading\" id=\"h-pre-requisito-em-ginecologia-e-obstetricia\"><strong>Pr\u00e9-Requisito em Ginecologia e Obstetr\u00edcia<\/strong><\/h4>\n\n\n\n<figure class=\"wp-block-table\"><table class=\"has-fixed-layout\"><tbody><tr><td><strong>Especialidades<\/strong><\/td><td><strong>Vagas<\/strong><\/td><\/tr><tr><td>Mastologia<\/td><td>4<\/td><\/tr><\/tbody><\/table><\/figure>\n\n\n\n<h4 class=\"wp-block-heading\" id=\"h-pre-requisito-em-cirurgia-geral\"><strong>Pr\u00e9-Requisito em Cirurgia Geral<\/strong><\/h4>\n\n\n\n<figure class=\"wp-block-table\"><table class=\"has-fixed-layout\"><tbody><tr><td><strong>Especialidades<\/strong><\/td><td><strong>Vagas<\/strong><\/td><\/tr><tr><td>Cirurgia Geral-Programa Avan\u00e7ado<\/td><td>2<\/td><\/tr><\/tbody><\/table><\/figure>\n\n\n\n<h4 class=\"wp-block-heading\" id=\"h-pre-requisito-em-ortopedia-e-traumatologia\"><strong>Pr\u00e9-Requisito em Ortopedia e Traumatologia<\/strong><\/h4>\n\n\n\n<figure class=\"wp-block-table\"><table class=\"has-fixed-layout\"><tbody><tr><td><strong>Especialidades<\/strong><\/td><td><strong>Vagas<\/strong><\/td><\/tr><tr><td>Cirurgia da M\u00e3o<\/td><td>3<\/td><\/tr><\/tbody><\/table><\/figure>\n\n\n\n<h4 class=\"wp-block-heading\" id=\"h-pre-requisito-em-otorrinolaringologia\"><strong>Pr\u00e9-Requisito em<\/strong> <strong>Otorrinolaringologia<\/strong><\/h4>\n\n\n\n<figure class=\"wp-block-table\"><table class=\"has-fixed-layout\"><tbody><tr><td><strong>Especialidades<\/strong><\/td><td><strong>Vagas<\/strong><\/td><\/tr><tr><td>Cirurgia de Cabe\u00e7a e Pesco\u00e7o<\/td><td>2<\/td><\/tr><\/tbody><\/table><\/figure>\n\n\n\n<h4 class=\"wp-block-heading\" id=\"h-pre-requisito-em-clinica-medica-1\"><strong>Pr\u00e9-Requisito em Cl\u00ednica M\u00e9dica<\/strong><\/h4>\n\n\n\n<figure class=\"wp-block-table\"><table class=\"has-fixed-layout\"><tbody><tr><td><strong>Especialidades<\/strong><\/td><td><strong>Vagas<\/strong><\/td><\/tr><tr><td>Endoscopia<\/td><td>2<\/td><\/tr><\/tbody><\/table><\/figure>\n\n\n\n<h3 class=\"wp-block-heading\" id=\"h-area-de-atuacao\"><span class=\"ez-toc-section\" id=\"Area_de_Atuacao\"><\/span><strong>\u00c1rea de Atua\u00e7\u00e3o<\/strong><span class=\"ez-toc-section-end\"><\/span><\/h3>\n\n\n\n<figure class=\"wp-block-table\"><table class=\"has-fixed-layout\"><tbody><tr><td><strong>Especialidades<\/strong><\/td><td><strong>Vagas Abertas<\/strong><\/td><\/tr><tr><td>Alergia e Imunologia Pedi\u00e1trica<\/td><td>2<\/td><\/tr><tr><td>Cardiologia Pedi\u00e1trica<\/td><td>3<\/td><\/tr><tr><td>Emerg\u00eancia Pedi\u00e1trica<\/td><td>1<\/td><\/tr><tr><td>Endocrinologia Pedi\u00e1trica<\/td><td>2<\/td><\/tr><tr><td>Gastroenterologia Pedi\u00e1trica<\/td><td>2<\/td><\/tr><tr><td>Hematologia e Hemoterapia Pedi\u00e1trica<\/td><td>1<\/td><\/tr><tr><td>Infectologia Pedi\u00e1trica<\/td><td>1<\/td><\/tr><tr><td>Medicina Intensiva Pedi\u00e1trica<\/td><td>5<\/td><\/tr><tr><td>Nefrologia Pedi\u00e1trica<\/td><td>1<\/td><\/tr><tr><td>Neonatologia<\/td><td>7<\/td><\/tr><tr><td>Pneumologia Pedi\u00e1trica<\/td><td>1<\/td><\/tr><tr><td>Reumatologia Pedi\u00e1trica<\/td><td>1<\/td><\/tr><tr><td>Angiorradiologia e Cirurgia Endovascular<\/td><td>3<\/td><\/tr><tr><td>Endoscopia Ginecol\u00f3gica<\/td><td>2<\/td><\/tr><tr><td>Ginecologia e Obstetr\u00edcia (ano adicional)<\/td><td>2<\/td><\/tr><tr><td>Medicina Fetal<\/td><td>3<\/td><\/tr><tr><td>Reprodu\u00e7\u00e3o Assistida<\/td><td>3<\/td><\/tr><tr><td>Sexologia<\/td><td>2<\/td><\/tr><tr><td>Neurologia Pedi\u00e1trica<\/td><td>6<\/td><\/tr><tr><td>Ecocardiografia<\/td><td>2<\/td><\/tr><tr><td>Hemodin\u00e2mica e Cardiologia Intervencionista<\/td><td>1<\/td><\/tr><tr><td>Transplante de Medula \u00d3ssea<\/td><td>3<\/td><\/tr><tr><td>Transplante de F\u00edgado<\/td><td>1<\/td><\/tr><tr><td>Dor<\/td><td>2<\/td><\/tr><tr><td>Medicina do Sono<\/td><td>3<\/td><\/tr><tr><td>Medicina Paliativa<\/td><td>2<\/td><\/tr><tr><td>Cirurgia Cr\u00e2nio-Maxilo-Facial<\/td><td>1<\/td><\/tr><tr><td>Transplante de C\u00f3rnea<\/td><td>3<\/td><\/tr><tr><td>Psiquiatria da Inf\u00e2ncia e Adolesc\u00eancia<\/td><td>6<\/td><\/tr><tr><td>Cl\u00ednica M\u00e9dica (ano adicional)<\/td><td>1<\/td><\/tr><tr><td>Cirurgia do Trauma<\/td><td>2<\/td><\/tr><tr><td>Transplante de Rim &#8211; Nefrologia<\/td><td>2<\/td><\/tr><tr><td>Ecografia Vascular com Doppler<\/td><td>1<\/td><\/tr><tr><td>Medicina de Fam\u00edlia e Comunidade &#8211; Gest\u00e3o e Preceptoria<\/td><td>1<\/td><\/tr><\/tbody><\/table><\/figure>\n\n\n\n<h2 class=\"wp-block-heading\" id=\"h-processo-seletivo-usp-rp-2025-2026\"><span class=\"ez-toc-section\" id=\"Processo_Seletivo_USP-RP_20252026\"><\/span><strong>Processo Seletivo USP-RP 2025\/2026<\/strong><span class=\"ez-toc-section-end\"><\/span><\/h2>\n\n\n\n<p>Como dito anteriormente, o processo seletivo para resid\u00eancia m\u00e9dica da USP-RP conter\u00e1 03 fases avaliativas. A seguir, entenda como funciona cada etapa do processo e como elas impactam o <a href=\"https:\/\/www.grupomedcof.com.br\/blog\/gabarito-usp-rp\/\" target=\"_blank\" rel=\"noreferrer noopener\">resultado USP-RP.<\/a><\/p>\n\n\n\n<h3 class=\"wp-block-heading\" id=\"h-prova-objetiva\"><span class=\"ez-toc-section\" id=\"Prova_objetiva\"><\/span><strong>Prova objetiva<\/strong><span class=\"ez-toc-section-end\"><\/span><\/h3>\n\n\n\n<p>Conforme <a href=\"https:\/\/www.grupomedcof.com.br\/blog\/hcfmrp-usp-residencia-medica\/\"><strong>divulgado previamente pela institui\u00e7\u00e3o<\/strong><\/a>, a prova objetiva da USP-RP ser\u00e1 aplicada no dia<strong> 20 de novembro de 2025, \u00e0s 13h (hor\u00e1rio de Bras\u00edlia).<\/strong><\/p>\n\n\n\n<p>Para os candidatos de Acesso Direto, a prova ter\u00e1 <strong>100 quest\u00f5es de m\u00faltipla escolha<\/strong> e 04 horas de dura\u00e7\u00e3o. <\/p>\n\n\n\n<p>J\u00e1 para as especialidades com pr\u00e9-requisito, a prova ter\u00e1 04 horas de dura\u00e7\u00e3o.<\/p>\n\n\n\n<p><strong>Mas aten\u00e7\u00e3o! <\/strong>A sele\u00e7\u00e3o foi composta de 3 fases (prova objetiva + prova pr\u00e1tica + an\u00e1lise curricular) para as \u00e1reas:<\/p>\n\n\n\n<ul class=\"wp-block-list\">\n<li>Cirurgia Geral;<\/li>\n\n\n\n<li>Cl\u00ednica M\u00e9dica;<\/li>\n\n\n\n<li>Dermatologia;<\/li>\n\n\n\n<li>Gen\u00e9tica M\u00e9dica;<\/li>\n\n\n\n<li>Infectologia;<\/li>\n\n\n\n<li>Medicina de Emerg\u00eancia;<\/li>\n\n\n\n<li>Medicina de Fam\u00edlia e Comunidade;<\/li>\n\n\n\n<li>Medicina F\u00edsica e Reabilita\u00e7\u00e3o;<\/li>\n\n\n\n<li>Medicina Intensiva;<\/li>\n\n\n\n<li>Neurologia;<\/li>\n\n\n\n<li>Obstetr\u00edcia e Ginecologia;<\/li>\n\n\n\n<li>Oftalmologia;<\/li>\n\n\n\n<li>Otorrinolaringologia;<\/li>\n\n\n\n<li>Pediatria;<\/li>\n\n\n\n<li>Psiquiatria;<\/li>\n\n\n\n<li>Radiologia e Diagn\u00f3stico por Imagem;<\/li>\n\n\n\n<li>Radioterapia.<\/li>\n<\/ul>\n\n\n\n<h3 class=\"wp-block-heading\" id=\"h-prova-pratica-usp-rp\"><span class=\"ez-toc-section\" id=\"Prova_Pratica_USP-RP\"><\/span><strong>Prova Pr\u00e1tica USP-RP <\/strong><span class=\"ez-toc-section-end\"><\/span><\/h3>\n\n\n\n<p>A sele\u00e7\u00e3o foi composta de 2 fases (prova objetiva + prova pr\u00e1tica) para as \u00e1reas:<\/p>\n\n\n\n<ul class=\"wp-block-list\">\n<li>Anestesiologia;<\/li>\n\n\n\n<li>Cirurgia Cardiovascular;<\/li>\n\n\n\n<li>Neurocirurgia;<\/li>\n\n\n\n<li>Ortopedia e Traumatologia;<\/li>\n\n\n\n<li>Patologia.<\/li>\n<\/ul>\n\n\n\n<p>Os demais candidatos de <strong>Acesso Direto <\/strong>que atingir\u00e3o o m\u00ednimo de 50% de acertos na primeira fase, ser\u00e3o convocados para a prova pr\u00e1tica, que ocorrer\u00e1 no dia <strong>06 de dezembro, \u00e0s 11 horas.<\/strong> A fase consiste em cinco esta\u00e7\u00f5es, pelo menos uma de cada grande \u00e1rea.<\/p>\n\n\n\n<h3 class=\"wp-block-heading\" id=\"h-avaliacao-curricular\"><span class=\"ez-toc-section\" id=\"Avaliacao_Curricular\"><\/span><strong>Avalia\u00e7\u00e3o Curricular<\/strong><span class=\"ez-toc-section-end\"><\/span><\/h3>\n\n\n\n<p>Os demais candidatos participaram da Avalia\u00e7\u00e3o Curricular, com envio dos documentos ocorrendo entre os dias<strong> 28 de novembro a 02 de dezembro para Acesso Direto<\/strong> e <strong>Pr\u00e9-Requisito<\/strong>, ambos atrav\u00e9s do <a href=\"https:\/\/site.hcrp.usp.br\/residenciamedica\/\"><strong>site da institui\u00e7\u00e3o.<\/strong><\/a><\/p>\n\n\n\n<p>A seguir, voc\u00ea pode conferir os itens avaliados para os candidatos de Acesso Direto.<\/p>\n\n\n\n<figure class=\"wp-block-image size-large\"><img loading=\"lazy\" decoding=\"async\" width=\"1024\" height=\"332\" src=\"https:\/\/www.grupomedcof.com.br\/blog\/wp-content\/uploads\/2022\/10\/image-1024x332.png\" alt=\"\" class=\"wp-image-29934\" srcset=\"https:\/\/www.grupomedcof.com.br\/blog\/wp-content\/uploads\/2022\/10\/image-1024x332.png 1024w, https:\/\/www.grupomedcof.com.br\/blog\/wp-content\/uploads\/2022\/10\/image-300x97.png 300w, https:\/\/www.grupomedcof.com.br\/blog\/wp-content\/uploads\/2022\/10\/image-768x249.png 768w, https:\/\/www.grupomedcof.com.br\/blog\/wp-content\/uploads\/2022\/10\/image-1296x420.png 1296w, https:\/\/www.grupomedcof.com.br\/blog\/wp-content\/uploads\/2022\/10\/image-150x49.png 150w, https:\/\/www.grupomedcof.com.br\/blog\/wp-content\/uploads\/2022\/10\/image-696x226.png 696w, https:\/\/www.grupomedcof.com.br\/blog\/wp-content\/uploads\/2022\/10\/image-1068x346.png 1068w, https:\/\/www.grupomedcof.com.br\/blog\/wp-content\/uploads\/2022\/10\/image.png 1506w\" sizes=\"auto, (max-width: 1024px) 100vw, 1024px\" \/><figcaption class=\"wp-element-caption\">Para saber mais detalhes sobre os itens cobrados para outros programas ofertados, confira o edital na \u00edntegra.<\/figcaption><\/figure>\n\n\n\n<h2 class=\"wp-block-heading\" id=\"h-resultado-final\"><span class=\"ez-toc-section\" id=\"Resultado_Final\"><\/span><strong>Resultado Final<\/strong><span class=\"ez-toc-section-end\"><\/span><\/h2>\n\n\n\n<p>O resultado final do processo seletivo para resid\u00eancia m\u00e9dica da USP-RP, foi divulgado no dia 18 de dezembro.<\/p>\n\n\n\n<p>Confira a rela\u00e7\u00e3o dos candidatos aprovados em: <a href=\"https:\/\/www.grupomedcof.com.br\/blog\/hcfmrp-usp-residencia-medica\/\" target=\"_blank\" rel=\"noreferrer noopener\">Resid\u00eancia M\u00e9dica USP-RP 2025\/2026: nota final do processo seletivo divulgada<\/a><\/p>\n\n\n\n<h2 class=\"wp-block-heading\" id=\"h-cronograma-residencia-medica-usp-rp-2025-2026\"><span class=\"ez-toc-section\" id=\"Cronograma_Residencia_Medica_USP-RP_20252026\"><\/span><strong>Cronograma Resid\u00eancia M\u00e9dica USP-RP 2025\/2026<\/strong><span class=\"ez-toc-section-end\"><\/span><\/h2>\n\n\n\n<figure class=\"wp-block-table\"><table class=\"has-fixed-layout\"><tbody><tr><td><strong>Inscri\u00e7\u00f5es<\/strong><\/td><td>00:00 horas de 06\/10 \u00e0s 16 horas<br>de 24\/10\/2025<\/td><\/tr><tr><td><strong>Solicita\u00e7\u00e3o de Isen\u00e7\u00e3o<\/strong><\/td><td>06 a 13\/10\/2025<\/td><\/tr><tr><td><strong>Prova Objetiva<\/strong><\/td><td>20\/11\/2025<\/td><\/tr><tr><td><strong>Gabarito Preliminar<\/strong><\/td><td>20\/11\/2025 ap\u00f3s \u00e0s 20h<\/td><\/tr><tr><td><strong>Recursos<\/strong><\/td><td>a partir do dia 27\/11\/2025<\/td><\/tr><tr><td><strong>Envio de documentos para An\u00e1lise Curricular<\/strong> <\/td><td>28\/11 a 02\/12\/2025<\/td><\/tr><tr><td><strong>Prova Pr\u00e1tica<\/strong><\/td><td>06\/12\/2025<\/td><\/tr><tr><td><strong>Resultado Final<\/strong><\/td><td>18\/12\/2025<\/td><\/tr><tr><td><strong>Matr\u00edculas<\/strong><\/td><td>10 a 25\/02\/2026<\/td><\/tr><\/tbody><\/table><\/figure>\n\n\n\n<h2 class=\"wp-block-heading\" id=\"h-edital-usp-rp-2025-2026\"><span class=\"ez-toc-section\" id=\"Edital_USP-RP_20252026\"><\/span><strong>Edital USP-RP 2025\/2026<\/strong><span class=\"ez-toc-section-end\"><\/span><\/h2>\n\n\n\n<div class=\"wp-block-buttons is-layout-flex wp-block-buttons-is-layout-flex\">\n<div class=\"wp-block-button\"><a class=\"wp-block-button__link wp-element-button\" href=\"https:\/\/www.grupomedcof.com.br\/blog\/wp-content\/uploads\/2025\/06\/Edital-USP-RP-2026-AD.pdf\" target=\"_blank\" rel=\"noreferrer noopener\">Edital USP-RP AD 2026<\/a><\/div>\n\n\n\n<div class=\"wp-block-button\"><a class=\"wp-block-button__link wp-element-button\" href=\"https:\/\/www.grupomedcof.com.br\/blog\/wp-content\/uploads\/2025\/06\/Edital-USP-RP-2026-PR.pdf\" target=\"_blank\" rel=\"noreferrer noopener\">Edital USP-RP PR 2026<\/a><\/div>\n<\/div>\n\n\n\n<figure class=\"wp-block-image size-large\"><a href=\"https:\/\/www.grupomedcof.com.br\/cofletters\/?clientId=&amp;utm_campaign=newsletter&amp;utm_medium=banner&amp;utm_source=blog&amp;utm_content=inscricao#https:\/\/www.grupomedcof.com.br\/blog\/\" target=\"_blank\" rel=\" noreferrer noopener\"><img loading=\"lazy\" decoding=\"async\" width=\"1024\" height=\"320\" src=\"https:\/\/www.grupomedcof.com.br\/blog\/wp-content\/uploads\/2025\/02\/Banner-MedCof-Plus-2200x460-11-1024x320.png\" alt=\"Banner de inscri\u00e7\u00e3o para recebimento da newsletter do Grupo MedCof, a Cofletter. Ela traz as principais not\u00edcias da \u00e1rea da sa\u00fade e dos processos seletivos para resid\u00eancia m\u00e9dica.\" class=\"wp-image-33723\" srcset=\"https:\/\/www.grupomedcof.com.br\/blog\/wp-content\/uploads\/2025\/02\/Banner-MedCof-Plus-2200x460-11-1024x320.png 1024w, https:\/\/www.grupomedcof.com.br\/blog\/wp-content\/uploads\/2025\/02\/Banner-MedCof-Plus-2200x460-11-300x94.png 300w, https:\/\/www.grupomedcof.com.br\/blog\/wp-content\/uploads\/2025\/02\/Banner-MedCof-Plus-2200x460-11-768x240.png 768w, https:\/\/www.grupomedcof.com.br\/blog\/wp-content\/uploads\/2025\/02\/Banner-MedCof-Plus-2200x460-11-1536x480.png 1536w, https:\/\/www.grupomedcof.com.br\/blog\/wp-content\/uploads\/2025\/02\/Banner-MedCof-Plus-2200x460-11-2048x640.png 2048w, https:\/\/www.grupomedcof.com.br\/blog\/wp-content\/uploads\/2025\/02\/Banner-MedCof-Plus-2200x460-11-1343x420.png 1343w, https:\/\/www.grupomedcof.com.br\/blog\/wp-content\/uploads\/2025\/02\/Banner-MedCof-Plus-2200x460-11-150x47.png 150w, https:\/\/www.grupomedcof.com.br\/blog\/wp-content\/uploads\/2025\/02\/Banner-MedCof-Plus-2200x460-11-696x218.png 696w, https:\/\/www.grupomedcof.com.br\/blog\/wp-content\/uploads\/2025\/02\/Banner-MedCof-Plus-2200x460-11-1068x334.png 1068w, https:\/\/www.grupomedcof.com.br\/blog\/wp-content\/uploads\/2025\/02\/Banner-MedCof-Plus-2200x460-11-1920x600.png 1920w\" sizes=\"auto, (max-width: 1024px) 100vw, 1024px\" \/><\/a><\/figure>\n\n\n\n<h2 class=\"wp-block-heading\" id=\"h-edital-complementar-usp-rp-2026\"><span class=\"ez-toc-section\" id=\"Edital_Complementar_USP-RP_2026\"><\/span><strong>Edital Complementar USP-RP 2026<\/strong><span class=\"ez-toc-section-end\"><\/span><\/h2>\n\n\n\n<p>Publicado em mar\u00e7o de 2026, as <strong>inscri\u00e7\u00f5es ocorrer\u00e3o entre os dias 6 e 9 de mar\u00e7o,<\/strong> mediante taxa de <strong>R$250,00.<\/strong><\/p>\n\n\n\n<p>Sendo assim, os candidatos ser\u00e3o avaliados atrav\u00e9s de uma fase \u00fanica, sendo ela a prova objetiva. Ser\u00e1 aplicada no dia <strong>12 de mar\u00e7o de 2026<\/strong>, com resultado previsto para o dia 16.<\/p>\n\n\n\n<div class=\"wp-block-buttons is-layout-flex wp-block-buttons-is-layout-flex\">\n<div class=\"wp-block-button\"><a class=\"wp-block-button__link wp-element-button\" href=\"https:\/\/www.grupomedcof.com.br\/blog\/wp-content\/uploads\/2025\/09\/Edital-USP-RP-Remanescente-AD-2026.pdf\" target=\"_blank\" rel=\"noreferrer noopener\">Edital Complementar USP-RP Acesso Direto <\/a><\/div>\n\n\n\n<div class=\"wp-block-button\"><a class=\"wp-block-button__link wp-element-button\" href=\"https:\/\/www.grupomedcof.com.br\/blog\/wp-content\/uploads\/2025\/09\/Edital-USP-RP-Remanescente-PR-2026.pdf\" target=\"_blank\" rel=\"noreferrer noopener\">Edital Complementar USP-RP Pr\u00e9-Requisito<\/a><\/div>\n<\/div>\n\n\n\n<h3 class=\"wp-block-heading\" id=\"h-cronograma-edital-vagas-remanescentes-usp-rp-2026\"><span class=\"ez-toc-section\" id=\"Cronograma_Edital_Vagas_Remanescentes_USP-RP_2026\"><\/span><strong>Cronograma Edital Vagas Remanescentes USP-RP 2026<\/strong><span class=\"ez-toc-section-end\"><\/span><\/h3>\n\n\n\n<figure class=\"wp-block-table\"><table class=\"has-fixed-layout\"><tbody><tr><td><strong>Inscri\u00e7\u00f5es<\/strong><\/td><td>06 a 09\/03\/2026<\/td><\/tr><tr><td><strong>Prova Objetiva<\/strong><\/td><td>12\/03\/2026<\/td><\/tr><tr><td><strong>Gabarito<\/strong><\/td><td>12\/03\/2026 ap\u00f3s \u00e0s 14h<\/td><\/tr><tr><td><strong>Resultado Final<\/strong><\/td><td>16\/03\/2026<\/td><\/tr><\/tbody><\/table><\/figure>\n\n\n\n<h3 class=\"wp-block-heading\" id=\"h-vagas-remanescentes\"><span class=\"ez-toc-section\" id=\"Vagas_Remanescentes\"><\/span><strong>Vagas Remanescentes<\/strong><span class=\"ez-toc-section-end\"><\/span><\/h3>\n\n\n\n<figure class=\"wp-block-table\"><table class=\"has-fixed-layout\"><tbody><tr><td><strong>Especialidades<\/strong><\/td><td><strong>Vagas<\/strong><\/td><\/tr><tr><td>Radioterapia<\/td><td>1<\/td><\/tr><tr><td>Transplante de Medula \u00d3ssea<\/td><td>1<\/td><\/tr><tr><td>Medicina de Fam\u00edlia e Comunidade &#8211;<br>Gest\u00e3o e Preceptoria<\/td><td>1<\/td><\/tr><tr><td>Cardiologia Pedi\u00e1trica<\/td><td>1<\/td><\/tr><\/tbody><\/table><\/figure>\n\n\n\n<h2 class=\"wp-block-heading\" id=\"prepare-se-para-a-unicamp-2025\"><span class=\"ez-toc-section\" id=\"Prepare-se_para_a_USP-RP_20252026\"><\/span><strong><strong>Prepare-se para a USP-RP 2025\/2026<\/strong><\/strong><span class=\"ez-toc-section-end\"><\/span><\/h2>\n\n\n\n<p>Seja aprovado na prova de resid\u00eancia m\u00e9dica dos sonhos com o Grupo MedCof! Aqui temos conte\u00fados de qualidade e especialistas que te ajudar\u00e3o a alcan\u00e7ar a aprova\u00e7\u00e3o. Por fim, confira nossa aula de revis\u00e3o de v\u00e9spera dominada.<\/p>\n\n\n\n<figure class=\"wp-block-embed is-type-video is-provider-youtube wp-block-embed-youtube wp-embed-aspect-16-9 wp-has-aspect-ratio\"><div class=\"wp-block-embed__wrapper\">\n<div class=\"youtube-embed\" data-video_id=\"rKaGogWxCV0\"><iframe loading=\"lazy\" title=\"USP-RP - Raio-X da Prova Pr\u00e1tica - Live 03\" width=\"696\" height=\"392\" src=\"https:\/\/www.youtube.com\/embed\/rKaGogWxCV0?feature=oembed&#038;enablejsapi=1\" frameborder=\"0\" allow=\"accelerometer; autoplay; clipboard-write; encrypted-media; gyroscope; picture-in-picture; web-share\" referrerpolicy=\"strict-origin-when-cross-origin\" allowfullscreen><\/iframe><\/div>\n<\/div><\/figure>\n","protected":false},"excerpt":{"rendered":"<p>Acompanhe todas as atualiza\u00e7\u00f5es sobre o edital da Resid\u00eancia M\u00e9dica USP-RP 2025\/2026 e garanta a sua aprova\u00e7ao. Saiba mais blog da MedCof!<\/p>\n","protected":false},"author":18,"featured_media":26473,"comment_status":"open","ping_status":"open","sticky":false,"template":"","format":"standard","meta":{"footnotes":""},"categories":[287,2023],"tags":[2037,2036,15,14],"ppma_author":[3611],"class_list":{"0":"post-2210","1":"post","2":"type-post","3":"status-publish","4":"format-standard","5":"has-post-thumbnail","7":"category-destaques-medcof","8":"category-editais","9":"tag-hcfmrp-usp","10":"tag-residencia-medica-usp-rp","11":"tag-usp","12":"tag-usp-rp"},"yoast_head":"<!-- This site is optimized with the Yoast SEO Premium plugin v24.3 (Yoast SEO v27.4) - https:\/\/yoast.com\/product\/yoast-seo-premium-wordpress\/ -->\n<title>Confira \u00faltimas informa\u00e7\u00f5es sobre o edital USP-RP 2025\/2026<\/title>\n<meta name=\"description\" content=\"Acompanhe todas as atualiza\u00e7\u00f5es sobre o edital da Resid\u00eancia M\u00e9dica USP-RP 2025\/2026 e garanta a sua aprova\u00e7ao. Saiba mais blog da MedCof!\" \/>\n<meta name=\"robots\" content=\"index, follow, max-snippet:-1, max-image-preview:large, max-video-preview:-1\" \/>\n<link rel=\"canonical\" href=\"https:\/\/www.grupomedcof.com.br\/blog\/edital-residencia-medica-usp-rp\/\" \/>\n<meta property=\"og:locale\" content=\"pt_BR\" \/>\n<meta property=\"og:type\" content=\"article\" \/>\n<meta property=\"og:title\" content=\"Edital para resid\u00eancia m\u00e9dica USP-RP 2025\/2026: vagas remanescentes\" \/>\n<meta property=\"og:description\" content=\"Acompanhe todas as atualiza\u00e7\u00f5es sobre o edital da Resid\u00eancia M\u00e9dica USP-RP 2025\/2026 e garanta a sua aprova\u00e7ao. Saiba mais blog da MedCof!\" \/>\n<meta property=\"og:url\" content=\"https:\/\/www.grupomedcof.com.br\/blog\/edital-residencia-medica-usp-rp\/\" \/>\n<meta property=\"og:site_name\" content=\"Blog de Medcof: conte\u00fados, editais, revalida e mais!\" \/>\n<meta property=\"article:publisher\" content=\"https:\/\/www.facebook.com\/MedCofQbank\/\" \/>\n<meta property=\"article:published_time\" content=\"2026-03-09T12:01:58+00:00\" \/>\n<meta property=\"article:modified_time\" content=\"2026-03-09T12:05:36+00:00\" \/>\n<meta property=\"og:image\" content=\"https:\/\/www.grupomedcof.com.br\/blog\/wp-content\/uploads\/2024\/05\/Blog-MedCof-1-4.png\" \/>\n\t<meta property=\"og:image:width\" content=\"1920\" \/>\n\t<meta property=\"og:image:height\" content=\"1080\" \/>\n\t<meta property=\"og:image:type\" content=\"image\/png\" \/>\n<meta name=\"author\" content=\"Leila Menzel\" \/>\n<meta name=\"twitter:card\" content=\"summary_large_image\" \/>\n<meta name=\"twitter:label1\" content=\"Escrito por\" \/>\n\t<meta name=\"twitter:data1\" content=\"Leila Menzel\" \/>\n\t<meta name=\"twitter:label2\" content=\"Est. tempo de leitura\" \/>\n\t<meta name=\"twitter:data2\" content=\"7 minutos\" \/>\n<script type=\"application\/ld+json\" class=\"yoast-schema-graph\">{\"@context\":\"https:\\\/\\\/schema.org\",\"@graph\":[{\"@type\":\"Article\",\"@id\":\"https:\\\/\\\/www.grupomedcof.com.br\\\/blog\\\/edital-residencia-medica-usp-rp\\\/#article\",\"isPartOf\":{\"@id\":\"https:\\\/\\\/www.grupomedcof.com.br\\\/blog\\\/edital-residencia-medica-usp-rp\\\/\"},\"author\":{\"name\":\"Leila Menzel\",\"@id\":\"https:\\\/\\\/www.grupomedcof.com.br\\\/blog\\\/#\\\/schema\\\/person\\\/2a5527209c17e7eb35bd6a4ebd5c7956\"},\"headline\":\"Edital para resid\u00eancia m\u00e9dica USP-RP 2025\\\/2026: vagas remanescentes\",\"datePublished\":\"2026-03-09T12:01:58+00:00\",\"dateModified\":\"2026-03-09T12:05:36+00:00\",\"mainEntityOfPage\":{\"@id\":\"https:\\\/\\\/www.grupomedcof.com.br\\\/blog\\\/edital-residencia-medica-usp-rp\\\/\"},\"wordCount\":1045,\"commentCount\":0,\"publisher\":{\"@id\":\"https:\\\/\\\/www.grupomedcof.com.br\\\/blog\\\/#organization\"},\"image\":{\"@id\":\"https:\\\/\\\/www.grupomedcof.com.br\\\/blog\\\/edital-residencia-medica-usp-rp\\\/#primaryimage\"},\"thumbnailUrl\":\"https:\\\/\\\/www.grupomedcof.com.br\\\/blog\\\/wp-content\\\/uploads\\\/2024\\\/05\\\/Blog-MedCof-1-4.png\",\"keywords\":[\"HCFMRP-USP\",\"Resid\u00eancia M\u00e9dica USP-RP\",\"USP\",\"USP-RP\"],\"articleSection\":[\"Destaques MedCof\",\"Editais\"],\"inLanguage\":\"pt-BR\"},{\"@type\":\"WebPage\",\"@id\":\"https:\\\/\\\/www.grupomedcof.com.br\\\/blog\\\/edital-residencia-medica-usp-rp\\\/\",\"url\":\"https:\\\/\\\/www.grupomedcof.com.br\\\/blog\\\/edital-residencia-medica-usp-rp\\\/\",\"name\":\"Confira \u00faltimas informa\u00e7\u00f5es sobre o edital USP-RP 2025\\\/2026\",\"isPartOf\":{\"@id\":\"https:\\\/\\\/www.grupomedcof.com.br\\\/blog\\\/#website\"},\"primaryImageOfPage\":{\"@id\":\"https:\\\/\\\/www.grupomedcof.com.br\\\/blog\\\/edital-residencia-medica-usp-rp\\\/#primaryimage\"},\"image\":{\"@id\":\"https:\\\/\\\/www.grupomedcof.com.br\\\/blog\\\/edital-residencia-medica-usp-rp\\\/#primaryimage\"},\"thumbnailUrl\":\"https:\\\/\\\/www.grupomedcof.com.br\\\/blog\\\/wp-content\\\/uploads\\\/2024\\\/05\\\/Blog-MedCof-1-4.png\",\"datePublished\":\"2026-03-09T12:01:58+00:00\",\"dateModified\":\"2026-03-09T12:05:36+00:00\",\"description\":\"Acompanhe todas as atualiza\u00e7\u00f5es sobre o edital da Resid\u00eancia M\u00e9dica USP-RP 2025\\\/2026 e garanta a sua aprova\u00e7ao. Saiba mais blog da MedCof!\",\"breadcrumb\":{\"@id\":\"https:\\\/\\\/www.grupomedcof.com.br\\\/blog\\\/edital-residencia-medica-usp-rp\\\/#breadcrumb\"},\"inLanguage\":\"pt-BR\",\"potentialAction\":[{\"@type\":\"ReadAction\",\"target\":[\"https:\\\/\\\/www.grupomedcof.com.br\\\/blog\\\/edital-residencia-medica-usp-rp\\\/\"]}]},{\"@type\":\"ImageObject\",\"inLanguage\":\"pt-BR\",\"@id\":\"https:\\\/\\\/www.grupomedcof.com.br\\\/blog\\\/edital-residencia-medica-usp-rp\\\/#primaryimage\",\"url\":\"https:\\\/\\\/www.grupomedcof.com.br\\\/blog\\\/wp-content\\\/uploads\\\/2024\\\/05\\\/Blog-MedCof-1-4.png\",\"contentUrl\":\"https:\\\/\\\/www.grupomedcof.com.br\\\/blog\\\/wp-content\\\/uploads\\\/2024\\\/05\\\/Blog-MedCof-1-4.png\",\"width\":1920,\"height\":1080,\"caption\":\"logo-Resid\u00eancia-M\u00e9dica-USP-RP- 2024\"},{\"@type\":\"BreadcrumbList\",\"@id\":\"https:\\\/\\\/www.grupomedcof.com.br\\\/blog\\\/edital-residencia-medica-usp-rp\\\/#breadcrumb\",\"itemListElement\":[{\"@type\":\"ListItem\",\"position\":1,\"name\":\"In\u00edcio\",\"item\":\"https:\\\/\\\/www.grupomedcof.com.br\\\/blog\\\/\"},{\"@type\":\"ListItem\",\"position\":2,\"name\":\"Edital para resid\u00eancia m\u00e9dica USP-RP 2025\\\/2026: vagas remanescentes\"}]},{\"@type\":\"WebSite\",\"@id\":\"https:\\\/\\\/www.grupomedcof.com.br\\\/blog\\\/#website\",\"url\":\"https:\\\/\\\/www.grupomedcof.com.br\\\/blog\\\/\",\"name\":\"Blog de Medcof: conte\u00fados, editais, revalida e mais!\",\"description\":\"Acesso o blog de MedCof! Seu portal de conte\u00fados sobre resid\u00eancia m\u00e9dica, an\u00e1lise e editais e muito mais. Clique e confira!\",\"publisher\":{\"@id\":\"https:\\\/\\\/www.grupomedcof.com.br\\\/blog\\\/#organization\"},\"alternateName\":\"Blog de Medcof: conte\u00fados, editais, revalida e mais!\",\"potentialAction\":[{\"@type\":\"SearchAction\",\"target\":{\"@type\":\"EntryPoint\",\"urlTemplate\":\"https:\\\/\\\/www.grupomedcof.com.br\\\/blog\\\/?s={search_term_string}\"},\"query-input\":{\"@type\":\"PropertyValueSpecification\",\"valueRequired\":true,\"valueName\":\"search_term_string\"}}],\"inLanguage\":\"pt-BR\"},{\"@type\":\"Organization\",\"@id\":\"https:\\\/\\\/www.grupomedcof.com.br\\\/blog\\\/#organization\",\"name\":\"Grupo MedCof\",\"url\":\"https:\\\/\\\/www.grupomedcof.com.br\\\/blog\\\/\",\"logo\":{\"@type\":\"ImageObject\",\"inLanguage\":\"pt-BR\",\"@id\":\"https:\\\/\\\/www.grupomedcof.com.br\\\/blog\\\/#\\\/schema\\\/logo\\\/image\\\/\",\"url\":\"https:\\\/\\\/www.grupomedcof.com.br\\\/blog\\\/wp-content\\\/uploads\\\/2022\\\/01\\\/logo-medcof.png\",\"contentUrl\":\"https:\\\/\\\/www.grupomedcof.com.br\\\/blog\\\/wp-content\\\/uploads\\\/2022\\\/01\\\/logo-medcof.png\",\"width\":768,\"height\":269,\"caption\":\"Grupo MedCof\"},\"image\":{\"@id\":\"https:\\\/\\\/www.grupomedcof.com.br\\\/blog\\\/#\\\/schema\\\/logo\\\/image\\\/\"},\"sameAs\":[\"https:\\\/\\\/www.facebook.com\\\/MedCofQbank\\\/\",\"https:\\\/\\\/www.instagram.com\\\/grupomedcof\\\/\",\"https:\\\/\\\/br.linkedin.com\\\/company\\\/medcof\",\"https:\\\/\\\/www.youtube.com\\\/channel\\\/UCdHMuOHKICxcHwecxN8P-AA\"]},{\"@type\":\"Person\",\"@id\":\"https:\\\/\\\/www.grupomedcof.com.br\\\/blog\\\/#\\\/schema\\\/person\\\/2a5527209c17e7eb35bd6a4ebd5c7956\",\"name\":\"Leila Menzel\",\"image\":{\"@type\":\"ImageObject\",\"inLanguage\":\"pt-BR\",\"@id\":\"https:\\\/\\\/www.grupomedcof.com.br\\\/blog\\\/wp-content\\\/uploads\\\/2023\\\/04\\\/cropped-cropped-cropped-logo-96x96.png15459389df217b605b4f0cce419ac81a\",\"url\":\"https:\\\/\\\/www.grupomedcof.com.br\\\/blog\\\/wp-content\\\/uploads\\\/2023\\\/04\\\/cropped-cropped-cropped-logo-96x96.png\",\"contentUrl\":\"https:\\\/\\\/www.grupomedcof.com.br\\\/blog\\\/wp-content\\\/uploads\\\/2023\\\/04\\\/cropped-cropped-cropped-logo-96x96.png\",\"caption\":\"Leila Menzel\"},\"description\":\"Estudante do 6\u00b0 semestre de jornalismo, amo e escrevo poesias e viajo em livros de romances clich\u00eas.\",\"url\":\"https:\\\/\\\/www.grupomedcof.com.br\\\/blog\\\/author\\\/leila\\\/\"}]}<\/script>\n<!-- \/ Yoast SEO Premium plugin. -->","yoast_head_json":{"title":"Confira \u00faltimas informa\u00e7\u00f5es sobre o edital USP-RP 2025\/2026","description":"Acompanhe todas as atualiza\u00e7\u00f5es sobre o edital da Resid\u00eancia M\u00e9dica USP-RP 2025\/2026 e garanta a sua aprova\u00e7ao. Saiba mais blog da MedCof!","robots":{"index":"index","follow":"follow","max-snippet":"max-snippet:-1","max-image-preview":"max-image-preview:large","max-video-preview":"max-video-preview:-1"},"canonical":"https:\/\/www.grupomedcof.com.br\/blog\/edital-residencia-medica-usp-rp\/","og_locale":"pt_BR","og_type":"article","og_title":"Edital para resid\u00eancia m\u00e9dica USP-RP 2025\/2026: vagas remanescentes","og_description":"Acompanhe todas as atualiza\u00e7\u00f5es sobre o edital da Resid\u00eancia M\u00e9dica USP-RP 2025\/2026 e garanta a sua aprova\u00e7ao. Saiba mais blog da MedCof!","og_url":"https:\/\/www.grupomedcof.com.br\/blog\/edital-residencia-medica-usp-rp\/","og_site_name":"Blog de Medcof: conte\u00fados, editais, revalida e mais!","article_publisher":"https:\/\/www.facebook.com\/MedCofQbank\/","article_published_time":"2026-03-09T12:01:58+00:00","article_modified_time":"2026-03-09T12:05:36+00:00","og_image":[{"width":1920,"height":1080,"url":"https:\/\/www.grupomedcof.com.br\/blog\/wp-content\/uploads\/2024\/05\/Blog-MedCof-1-4.png","type":"image\/png"}],"author":"Leila Menzel","twitter_card":"summary_large_image","twitter_misc":{"Escrito por":"Leila Menzel","Est. tempo de leitura":"7 minutos"},"schema":{"@context":"https:\/\/schema.org","@graph":[{"@type":"Article","@id":"https:\/\/www.grupomedcof.com.br\/blog\/edital-residencia-medica-usp-rp\/#article","isPartOf":{"@id":"https:\/\/www.grupomedcof.com.br\/blog\/edital-residencia-medica-usp-rp\/"},"author":{"name":"Leila Menzel","@id":"https:\/\/www.grupomedcof.com.br\/blog\/#\/schema\/person\/2a5527209c17e7eb35bd6a4ebd5c7956"},"headline":"Edital para resid\u00eancia m\u00e9dica USP-RP 2025\/2026: vagas remanescentes","datePublished":"2026-03-09T12:01:58+00:00","dateModified":"2026-03-09T12:05:36+00:00","mainEntityOfPage":{"@id":"https:\/\/www.grupomedcof.com.br\/blog\/edital-residencia-medica-usp-rp\/"},"wordCount":1045,"commentCount":0,"publisher":{"@id":"https:\/\/www.grupomedcof.com.br\/blog\/#organization"},"image":{"@id":"https:\/\/www.grupomedcof.com.br\/blog\/edital-residencia-medica-usp-rp\/#primaryimage"},"thumbnailUrl":"https:\/\/www.grupomedcof.com.br\/blog\/wp-content\/uploads\/2024\/05\/Blog-MedCof-1-4.png","keywords":["HCFMRP-USP","Resid\u00eancia M\u00e9dica USP-RP","USP","USP-RP"],"articleSection":["Destaques MedCof","Editais"],"inLanguage":"pt-BR"},{"@type":"WebPage","@id":"https:\/\/www.grupomedcof.com.br\/blog\/edital-residencia-medica-usp-rp\/","url":"https:\/\/www.grupomedcof.com.br\/blog\/edital-residencia-medica-usp-rp\/","name":"Confira \u00faltimas informa\u00e7\u00f5es sobre o edital USP-RP 2025\/2026","isPartOf":{"@id":"https:\/\/www.grupomedcof.com.br\/blog\/#website"},"primaryImageOfPage":{"@id":"https:\/\/www.grupomedcof.com.br\/blog\/edital-residencia-medica-usp-rp\/#primaryimage"},"image":{"@id":"https:\/\/www.grupomedcof.com.br\/blog\/edital-residencia-medica-usp-rp\/#primaryimage"},"thumbnailUrl":"https:\/\/www.grupomedcof.com.br\/blog\/wp-content\/uploads\/2024\/05\/Blog-MedCof-1-4.png","datePublished":"2026-03-09T12:01:58+00:00","dateModified":"2026-03-09T12:05:36+00:00","description":"Acompanhe todas as atualiza\u00e7\u00f5es sobre o edital da Resid\u00eancia M\u00e9dica USP-RP 2025\/2026 e garanta a sua aprova\u00e7ao. Saiba mais blog da MedCof!","breadcrumb":{"@id":"https:\/\/www.grupomedcof.com.br\/blog\/edital-residencia-medica-usp-rp\/#breadcrumb"},"inLanguage":"pt-BR","potentialAction":[{"@type":"ReadAction","target":["https:\/\/www.grupomedcof.com.br\/blog\/edital-residencia-medica-usp-rp\/"]}]},{"@type":"ImageObject","inLanguage":"pt-BR","@id":"https:\/\/www.grupomedcof.com.br\/blog\/edital-residencia-medica-usp-rp\/#primaryimage","url":"https:\/\/www.grupomedcof.com.br\/blog\/wp-content\/uploads\/2024\/05\/Blog-MedCof-1-4.png","contentUrl":"https:\/\/www.grupomedcof.com.br\/blog\/wp-content\/uploads\/2024\/05\/Blog-MedCof-1-4.png","width":1920,"height":1080,"caption":"logo-Resid\u00eancia-M\u00e9dica-USP-RP- 2024"},{"@type":"BreadcrumbList","@id":"https:\/\/www.grupomedcof.com.br\/blog\/edital-residencia-medica-usp-rp\/#breadcrumb","itemListElement":[{"@type":"ListItem","position":1,"name":"In\u00edcio","item":"https:\/\/www.grupomedcof.com.br\/blog\/"},{"@type":"ListItem","position":2,"name":"Edital para resid\u00eancia m\u00e9dica USP-RP 2025\/2026: vagas remanescentes"}]},{"@type":"WebSite","@id":"https:\/\/www.grupomedcof.com.br\/blog\/#website","url":"https:\/\/www.grupomedcof.com.br\/blog\/","name":"Blog de Medcof: conte\u00fados, editais, revalida e mais!","description":"Acesso o blog de MedCof! Seu portal de conte\u00fados sobre resid\u00eancia m\u00e9dica, an\u00e1lise e editais e muito mais. Clique e confira!","publisher":{"@id":"https:\/\/www.grupomedcof.com.br\/blog\/#organization"},"alternateName":"Blog de Medcof: conte\u00fados, editais, revalida e mais!","potentialAction":[{"@type":"SearchAction","target":{"@type":"EntryPoint","urlTemplate":"https:\/\/www.grupomedcof.com.br\/blog\/?s={search_term_string}"},"query-input":{"@type":"PropertyValueSpecification","valueRequired":true,"valueName":"search_term_string"}}],"inLanguage":"pt-BR"},{"@type":"Organization","@id":"https:\/\/www.grupomedcof.com.br\/blog\/#organization","name":"Grupo MedCof","url":"https:\/\/www.grupomedcof.com.br\/blog\/","logo":{"@type":"ImageObject","inLanguage":"pt-BR","@id":"https:\/\/www.grupomedcof.com.br\/blog\/#\/schema\/logo\/image\/","url":"https:\/\/www.grupomedcof.com.br\/blog\/wp-content\/uploads\/2022\/01\/logo-medcof.png","contentUrl":"https:\/\/www.grupomedcof.com.br\/blog\/wp-content\/uploads\/2022\/01\/logo-medcof.png","width":768,"height":269,"caption":"Grupo MedCof"},"image":{"@id":"https:\/\/www.grupomedcof.com.br\/blog\/#\/schema\/logo\/image\/"},"sameAs":["https:\/\/www.facebook.com\/MedCofQbank\/","https:\/\/www.instagram.com\/grupomedcof\/","https:\/\/br.linkedin.com\/company\/medcof","https:\/\/www.youtube.com\/channel\/UCdHMuOHKICxcHwecxN8P-AA"]},{"@type":"Person","@id":"https:\/\/www.grupomedcof.com.br\/blog\/#\/schema\/person\/2a5527209c17e7eb35bd6a4ebd5c7956","name":"Leila Menzel","image":{"@type":"ImageObject","inLanguage":"pt-BR","@id":"https:\/\/www.grupomedcof.com.br\/blog\/wp-content\/uploads\/2023\/04\/cropped-cropped-cropped-logo-96x96.png15459389df217b605b4f0cce419ac81a","url":"https:\/\/www.grupomedcof.com.br\/blog\/wp-content\/uploads\/2023\/04\/cropped-cropped-cropped-logo-96x96.png","contentUrl":"https:\/\/www.grupomedcof.com.br\/blog\/wp-content\/uploads\/2023\/04\/cropped-cropped-cropped-logo-96x96.png","caption":"Leila Menzel"},"description":"Estudante do 6\u00b0 semestre de jornalismo, amo e escrevo poesias e viajo em livros de romances clich\u00eas.","url":"https:\/\/www.grupomedcof.com.br\/blog\/author\/leila\/"}]}},"authors":[{"term_id":3611,"user_id":18,"is_guest":0,"slug":"leila","display_name":"Leila Menzel","avatar_url":"https:\/\/www.grupomedcof.com.br\/blog\/wp-content\/uploads\/2023\/04\/cropped-cropped-cropped-logo-96x96.png","0":null,"1":"","2":"","3":"","4":"","5":"","6":"","7":"","8":""}],"_links":{"self":[{"href":"https:\/\/www.grupomedcof.com.br\/blog\/wp-json\/wp\/v2\/posts\/2210","targetHints":{"allow":["GET"]}}],"collection":[{"href":"https:\/\/www.grupomedcof.com.br\/blog\/wp-json\/wp\/v2\/posts"}],"about":[{"href":"https:\/\/www.grupomedcof.com.br\/blog\/wp-json\/wp\/v2\/types\/post"}],"author":[{"embeddable":true,"href":"https:\/\/www.grupomedcof.com.br\/blog\/wp-json\/wp\/v2\/users\/18"}],"replies":[{"embeddable":true,"href":"https:\/\/www.grupomedcof.com.br\/blog\/wp-json\/wp\/v2\/comments?post=2210"}],"version-history":[{"count":10,"href":"https:\/\/www.grupomedcof.com.br\/blog\/wp-json\/wp\/v2\/posts\/2210\/revisions"}],"predecessor-version":[{"id":42158,"href":"https:\/\/www.grupomedcof.com.br\/blog\/wp-json\/wp\/v2\/posts\/2210\/revisions\/42158"}],"wp:featuredmedia":[{"embeddable":true,"href":"https:\/\/www.grupomedcof.com.br\/blog\/wp-json\/wp\/v2\/media\/26473"}],"wp:attachment":[{"href":"https:\/\/www.grupomedcof.com.br\/blog\/wp-json\/wp\/v2\/media?parent=2210"}],"wp:term":[{"taxonomy":"category","embeddable":true,"href":"https:\/\/www.grupomedcof.com.br\/blog\/wp-json\/wp\/v2\/categories?post=2210"},{"taxonomy":"post_tag","embeddable":true,"href":"https:\/\/www.grupomedcof.com.br\/blog\/wp-json\/wp\/v2\/tags?post=2210"},{"taxonomy":"author","embeddable":true,"href":"https:\/\/www.grupomedcof.com.br\/blog\/wp-json\/wp\/v2\/ppma_author?post=2210"}],"curies":[{"name":"wp","href":"https:\/\/api.w.org\/{rel}","templated":true}]}}