{"id":22150,"date":"2024-03-12T12:37:31","date_gmt":"2024-03-12T15:37:31","guid":{"rendered":"https:\/\/www.grupomedcof.com.br\/blog\/?p=22150"},"modified":"2024-06-12T14:45:33","modified_gmt":"2024-06-12T17:45:33","slug":"doencas-exantematicas-varicela","status":"publish","type":"post","link":"https:\/\/www.grupomedcof.com.br\/blog\/doencas-exantematicas-varicela\/","title":{"rendered":"Varicela ou catapora: entenda tudo sobre essa doen\u00e7a"},"content":{"rendered":"<div id=\"ez-toc-container\" class=\"ez-toc-v2_0_74 counter-hierarchy ez-toc-counter ez-toc-transparent ez-toc-container-direction\">\n<div class=\"ez-toc-title-container\">\n<p class=\"ez-toc-title\" style=\"cursor:inherit\">Sum\u00e1rio<\/p>\n<span class=\"ez-toc-title-toggle\"><a href=\"#\" class=\"ez-toc-pull-right ez-toc-btn ez-toc-btn-xs ez-toc-btn-default ez-toc-toggle\" aria-label=\"Alternar tabela de conte\u00fado\"><span class=\"ez-toc-js-icon-con\"><span class=\"\"><span class=\"eztoc-hide\" style=\"display:none;\">Toggle<\/span><span class=\"ez-toc-icon-toggle-span\"><svg style=\"fill: #999;color:#999\" xmlns=\"http:\/\/www.w3.org\/2000\/svg\" class=\"list-377408\" width=\"20px\" height=\"20px\" viewBox=\"0 0 24 24\" fill=\"none\"><path d=\"M6 6H4v2h2V6zm14 0H8v2h12V6zM4 11h2v2H4v-2zm16 0H8v2h12v-2zM4 16h2v2H4v-2zm16 0H8v2h12v-2z\" fill=\"currentColor\"><\/path><\/svg><svg style=\"fill: #999;color:#999\" class=\"arrow-unsorted-368013\" xmlns=\"http:\/\/www.w3.org\/2000\/svg\" width=\"10px\" height=\"10px\" viewBox=\"0 0 24 24\" version=\"1.2\" baseProfile=\"tiny\"><path d=\"M18.2 9.3l-6.2-6.3-6.2 6.3c-.2.2-.3.4-.3.7s.1.5.3.7c.2.2.4.3.7.3h11c.3 0 .5-.1.7-.3.2-.2.3-.5.3-.7s-.1-.5-.3-.7zM5.8 14.7l6.2 6.3 6.2-6.3c.2-.2.3-.5.3-.7s-.1-.5-.3-.7c-.2-.2-.4-.3-.7-.3h-11c-.3 0-.5.1-.7.3-.2.2-.3.5-.3.7s.1.5.3.7z\"\/><\/svg><\/span><\/span><\/span><\/a><\/span><\/div>\n<nav><ul class='ez-toc-list ez-toc-list-level-1 ' ><li class='ez-toc-page-1 ez-toc-heading-level-2'><a class=\"ez-toc-link ez-toc-heading-1\" href=\"https:\/\/www.grupomedcof.com.br\/blog\/doencas-exantematicas-varicela\/#O_que_e_a_varicela_ou_catapora\" >O que \u00e9 a varicela ou catapora ?<\/a><\/li><li class='ez-toc-page-1 ez-toc-heading-level-2'><a class=\"ez-toc-link ez-toc-heading-2\" href=\"https:\/\/www.grupomedcof.com.br\/blog\/doencas-exantematicas-varicela\/#Sintomas_e_transmissao_da_varicela_catapora\" >Sintomas e transmiss\u00e3o da varicela (catapora)<\/a><\/li><li class='ez-toc-page-1 ez-toc-heading-level-2'><a class=\"ez-toc-link ez-toc-heading-3\" href=\"https:\/\/www.grupomedcof.com.br\/blog\/doencas-exantematicas-varicela\/#Diagnostico_tratamento_e_complicacoes_da_varicela_catapora\" >Diagn\u00f3stico, tratamento e complica\u00e7\u00f5es da varicela (catapora)<\/a><\/li><li class='ez-toc-page-1 ez-toc-heading-level-2'><a class=\"ez-toc-link ez-toc-heading-4\" href=\"https:\/\/www.grupomedcof.com.br\/blog\/doencas-exantematicas-varicela\/#O_metodo_da_sua_aprovacao\" >O m\u00e9todo da sua aprova\u00e7\u00e3o<\/a><\/li><\/ul><\/nav><\/div>\n<p><img loading=\"lazy\" decoding=\"async\" src=\"https:\/\/www.grupomedcof.com.br\/blog\/wp-content\/uploads\/2024\/03\/Blog-MedCof-16-1024x576.png\" sizes=\"auto, (max-width: 800px) 100vw, 800px\" srcset=\"https:\/\/www.grupomedcof.com.br\/blog\/wp-content\/uploads\/2024\/03\/Blog-MedCof-16-1024x576.png 1024w, https:\/\/www.grupomedcof.com.br\/blog\/wp-content\/uploads\/2024\/03\/Blog-MedCof-16-300x169.png 300w, https:\/\/www.grupomedcof.com.br\/blog\/wp-content\/uploads\/2024\/03\/Blog-MedCof-16-768x432.png 768w, https:\/\/www.grupomedcof.com.br\/blog\/wp-content\/uploads\/2024\/03\/Blog-MedCof-16-1536x864.png 1536w, https:\/\/www.grupomedcof.com.br\/blog\/wp-content\/uploads\/2024\/03\/Blog-MedCof-16.png 1920w\" alt=\"doenca exantematica varicela\" width=\"800\" height=\"450\" \/><\/p>\n<p>Saiba tudo sobre a varicela, tamb\u00e9m conhecida como catapora, s\u00edndrome de origem infecciosa com presen\u00e7a de exantema.<\/p>\n<p>Sobretudo, consideramos\u00a0<strong>doen\u00e7as exantem\u00e1ticas\u00a0<\/strong>as s\u00edndromes de origem infecciosa, em sua maioria viral, de evolu\u00e7\u00e3o benigna e autolimitada que s\u00e3o acompanhadas por <strong>exantema (erup\u00e7\u00f5es cut\u00e2neas),<\/strong> podendo ou n\u00e3o apresentar febre associada. Sendo assim, a varicela (catapora) \u00e9 considerada uma doen\u00e7a exantem\u00e1tica.<\/p>\n<h2><span class=\"ez-toc-section\" id=\"O_que_e_a_varicela_ou_catapora\"><\/span><strong>O que \u00e9 a varicela ou catapora ?<\/strong><span class=\"ez-toc-section-end\"><\/span><\/h2>\n<p>A varicela ou catapora \u00e9 uma doen\u00e7a, possui como agente etiol\u00f3gico o v\u00edrus <strong>Varicela-Z\u00f3ster.<\/strong><\/p>\n<h2 id=\"h-varicela-ou-catapora\"><span class=\"ez-toc-section\" id=\"Sintomas_e_transmissao_da_varicela_catapora\"><\/span><strong>Sintomas e transmiss\u00e3o da varicela (catapora)<\/strong><span class=\"ez-toc-section-end\"><\/span><\/h2>\n<p>Essa doen\u00e7a\u00a0 pode acometer pessoas de qualquer idade. No entanto, quanto maior a idade da pessoa infectada, maior tende ser a gravidade. Ainda assim, se adquirida no primeiro trimestre gestacional, pode causar malforma\u00e7\u00e3o fetal.\u00a0\u00a0A transmiss\u00e3o acontece por aerossol, contato direto ou vertical. Do mesmo modo, a fase de transmissibilidade ocorre 1 a 2 dias antes do exantema at\u00e9 a forma\u00e7\u00e3o das crostas. Sendo assim, a recomenda\u00e7\u00e3o trata-se sempre de isolamento respirat\u00f3rio e de contato.\u00a0\u00a0Entre os sintomas, est\u00e3o febre, astenia e anorexia. Nesse sentido, h\u00e1 presen\u00e7a de exantema com polimorfismo de les\u00f5es que evoluem de 12 a 48 horas. A evolu\u00e7\u00e3o trata-se, portanto, de m\u00e1culas para p\u00e1pulas para vers\u00edculas para p\u00fastulas para crostas.\u00a0\u00a0Essas les\u00f5es surgem em surtos de 3 a 5 dias por regi\u00e3o corporal, podem acometer mucosas e couro cabeludo e est\u00e3o associadas a <strong>prurido intenso.<\/strong><\/p>\n<figure><img loading=\"lazy\" decoding=\"async\" src=\"https:\/\/www.grupomedcof.com.br\/blog\/wp-content\/uploads\/2024\/03\/Untitled-20.png\" alt=\"varicella-catapora-medcof\" width=\"285\" height=\"178\" \/><figcaption>(Fonte: SBP, 2023).<\/figcaption><\/figure>\n<h2><span class=\"ez-toc-section\" id=\"Diagnostico_tratamento_e_complicacoes_da_varicela_catapora\"><\/span><strong>Diagn\u00f3stico, tratamento e complica\u00e7\u00f5es da varicela (catapora)<\/strong><span class=\"ez-toc-section-end\"><\/span><\/h2>\n<p>O diagn\u00f3stico para essa s\u00edndrome infecciosa \u00e9 <strong>cl\u00ednico<\/strong> e o tratamento \u00e9 de <strong>suporte e sintom\u00e1tico.<\/strong> Por\u00e9m, em imunossuprimidos, pessoas com doen\u00e7a dermatol\u00f3gica cr\u00f4nica, pneumopatas cr\u00f4nicos e &gt; 12 anos, pode associar <strong>aciclovir.<\/strong> Al\u00e9m disso, \u00e9 importante ressaltar que em casos de suspeita de varicela, deve-se evitar usar <b>AAS<\/b>.<\/p>\n<p>Dentre as complica\u00e7\u00f5es, est\u00e3o a infec\u00e7\u00e3o bacteriana de pele, pneumonia, encefalite, s\u00edndrome de Reye.<\/p>\n<p>Quanto \u00e0<strong> profilaxia pr\u00e9 exposi\u00e7\u00e3o<\/strong>, recomenda-se a vacina tetra viral aos 15 meses e a de varicela aos 4 anos.<\/p>\n<p><span class=\"notion-enable-hover\" data-token-index=\"0\">A<strong> Profilaxia p\u00f3s exposi\u00e7\u00e3o<\/strong> ocorre <\/span>ap\u00f3s contato com pessoa doente. A vacina pode ser feita at\u00e9 5 dias e a imunoglobulina em at\u00e9 4 dias. Ademais, existem grupos especiais para receberem a imunoglobulina e envolvem imunossuprimidos, gestantes, RN de m\u00e3e com varicela at\u00e9 5 dias antes ou 2 dias ap\u00f3s o parto, contatos intra-hospitalares prolongados com crian\u00e7as acometidas e alguns casos espec\u00edficos de RN pr\u00e9-termo.<!-- notionvc: 0b99516a-909f-4c16-9a98-a310d8615a3a --><\/p>\n<h2><span class=\"ez-toc-section\" id=\"O_metodo_da_sua_aprovacao\"><\/span><strong>O m\u00e9todo da sua aprova\u00e7\u00e3o<\/strong><span class=\"ez-toc-section-end\"><\/span><\/h2>\n<p>Quer garantir sua aprova\u00e7\u00e3o ainda este ano? Ent\u00e3o conhe\u00e7a o Grupo MedCof e a metodologia que j\u00e1 aprovou mais de 10 mil residentes pelo pa\u00eds. Confira nosso canal no <a href=\"https:\/\/www.youtube.com\/@GrupoMedcof\" target=\"_blank\" rel=\"noopener\"><strong>Youtube<\/strong><\/a> e veja diversos conte\u00fados sobre resid\u00eancia m\u00e9dica, como a estrat\u00e9gia que levou o Dr. Paulo Gabriel a ser aprovado em Neurocirurgia na <strong>USP-RP:\u00a0<\/strong><\/p>\n<div class=\"youtube-embed\" data-video_id=\"b2at0bkcWm0\"><iframe loading=\"lazy\" title=\"Como conquistar a aprova\u00e7\u00e3o em Neurocirurgia pela USP-RP - com Dr. Paulo Gabriel Thomaz - EP #01\" width=\"696\" height=\"392\" src=\"https:\/\/www.youtube.com\/embed\/b2at0bkcWm0?feature=oembed&#038;enablejsapi=1\" frameborder=\"0\" allow=\"accelerometer; autoplay; clipboard-write; encrypted-media; gyroscope; picture-in-picture; web-share\" referrerpolicy=\"strict-origin-when-cross-origin\" allowfullscreen><\/iframe><\/div>\n","protected":false},"excerpt":{"rendered":"<p>Entenda tudo sobre a varicela ou catapora, s\u00edndrome de origem infecciosa de evolu\u00e7\u00e3o benigna e autolimitada.<\/p>\n","protected":false},"author":10,"featured_media":22490,"comment_status":"open","ping_status":"open","sticky":false,"template":"","format":"standard","meta":{"footnotes":""},"categories":[120],"tags":[245,109,117,68],"ppma_author":[3613],"class_list":{"0":"post-22150","1":"post","2":"type-post","3":"status-publish","4":"format-standard","5":"has-post-thumbnail","7":"category-pediatria","8":"tag-acesso-direto","9":"tag-pediatria","10":"tag-provas-de-residencia","11":"tag-residencia-medica"},"yoast_head":"<!-- This site is optimized with the Yoast SEO Premium plugin v24.3 (Yoast SEO v27.4) - https:\/\/yoast.com\/product\/yoast-seo-premium-wordpress\/ -->\n<title>Varicela: doen\u00e7a exantem\u00e1tica e sua gravidade<\/title>\n<meta name=\"description\" content=\"Consideramos doen\u00e7as exantem\u00e1ticas, como a varicela, as s\u00edndromes de origem infecciosa, em sua maioria viral, de evolu\u00e7\u00e3o benigna...\" \/>\n<meta name=\"robots\" content=\"index, follow, max-snippet:-1, max-image-preview:large, max-video-preview:-1\" \/>\n<link rel=\"canonical\" href=\"https:\/\/www.grupomedcof.com.br\/blog\/doencas-exantematicas-varicela\/\" \/>\n<meta property=\"og:locale\" content=\"pt_BR\" \/>\n<meta property=\"og:type\" content=\"article\" \/>\n<meta property=\"og:title\" content=\"Varicela ou catapora: entenda tudo sobre essa doen\u00e7a\" \/>\n<meta property=\"og:description\" content=\"Consideramos doen\u00e7as exantem\u00e1ticas, como a varicela, as s\u00edndromes de origem infecciosa, em sua maioria viral, de evolu\u00e7\u00e3o benigna...\" \/>\n<meta property=\"og:url\" content=\"https:\/\/www.grupomedcof.com.br\/blog\/doencas-exantematicas-varicela\/\" \/>\n<meta property=\"og:site_name\" content=\"Blog de Medcof: conte\u00fados, editais, revalida e mais!\" \/>\n<meta property=\"article:publisher\" content=\"https:\/\/www.facebook.com\/MedCofQbank\/\" \/>\n<meta property=\"article:published_time\" content=\"2024-03-12T15:37:31+00:00\" \/>\n<meta property=\"article:modified_time\" content=\"2024-06-12T17:45:33+00:00\" \/>\n<meta property=\"og:image\" content=\"https:\/\/www.grupomedcof.com.br\/blog\/wp-content\/uploads\/2024\/03\/2-12.jpg\" \/>\n\t<meta property=\"og:image:width\" content=\"1920\" \/>\n\t<meta property=\"og:image:height\" content=\"1080\" \/>\n\t<meta property=\"og:image:type\" content=\"image\/jpeg\" \/>\n<meta name=\"author\" content=\"Grupo MedCof\" \/>\n<meta name=\"twitter:card\" content=\"summary_large_image\" \/>\n<meta name=\"twitter:label1\" content=\"Escrito por\" \/>\n\t<meta name=\"twitter:data1\" content=\"Grupo MedCof\" \/>\n\t<meta name=\"twitter:label2\" content=\"Est. tempo de leitura\" \/>\n\t<meta name=\"twitter:data2\" content=\"4 minutos\" \/>\n<script type=\"application\/ld+json\" class=\"yoast-schema-graph\">{\"@context\":\"https:\\\/\\\/schema.org\",\"@graph\":[{\"@type\":\"Article\",\"@id\":\"https:\\\/\\\/www.grupomedcof.com.br\\\/blog\\\/doencas-exantematicas-varicela\\\/#article\",\"isPartOf\":{\"@id\":\"https:\\\/\\\/www.grupomedcof.com.br\\\/blog\\\/doencas-exantematicas-varicela\\\/\"},\"author\":{\"name\":\"Grupo MedCof\",\"@id\":\"https:\\\/\\\/www.grupomedcof.com.br\\\/blog\\\/#\\\/schema\\\/person\\\/5e56a3921255c01181f3d8c20d53f9c0\"},\"headline\":\"Varicela ou catapora: entenda tudo sobre essa doen\u00e7a\",\"datePublished\":\"2024-03-12T15:37:31+00:00\",\"dateModified\":\"2024-06-12T17:45:33+00:00\",\"mainEntityOfPage\":{\"@id\":\"https:\\\/\\\/www.grupomedcof.com.br\\\/blog\\\/doencas-exantematicas-varicela\\\/\"},\"wordCount\":508,\"commentCount\":0,\"publisher\":{\"@id\":\"https:\\\/\\\/www.grupomedcof.com.br\\\/blog\\\/#organization\"},\"image\":{\"@id\":\"https:\\\/\\\/www.grupomedcof.com.br\\\/blog\\\/doencas-exantematicas-varicela\\\/#primaryimage\"},\"thumbnailUrl\":\"https:\\\/\\\/www.grupomedcof.com.br\\\/blog\\\/wp-content\\\/uploads\\\/2024\\\/03\\\/2-12.jpg\",\"keywords\":[\"Acesso Direto\",\"Pediatria\",\"Provas de Resid\u00eancia\",\"Resid\u00eancia M\u00e9dica\"],\"articleSection\":[\"Pediatria\"],\"inLanguage\":\"pt-BR\"},{\"@type\":\"WebPage\",\"@id\":\"https:\\\/\\\/www.grupomedcof.com.br\\\/blog\\\/doencas-exantematicas-varicela\\\/\",\"url\":\"https:\\\/\\\/www.grupomedcof.com.br\\\/blog\\\/doencas-exantematicas-varicela\\\/\",\"name\":\"Varicela: doen\u00e7a exantem\u00e1tica e sua gravidade\",\"isPartOf\":{\"@id\":\"https:\\\/\\\/www.grupomedcof.com.br\\\/blog\\\/#website\"},\"primaryImageOfPage\":{\"@id\":\"https:\\\/\\\/www.grupomedcof.com.br\\\/blog\\\/doencas-exantematicas-varicela\\\/#primaryimage\"},\"image\":{\"@id\":\"https:\\\/\\\/www.grupomedcof.com.br\\\/blog\\\/doencas-exantematicas-varicela\\\/#primaryimage\"},\"thumbnailUrl\":\"https:\\\/\\\/www.grupomedcof.com.br\\\/blog\\\/wp-content\\\/uploads\\\/2024\\\/03\\\/2-12.jpg\",\"datePublished\":\"2024-03-12T15:37:31+00:00\",\"dateModified\":\"2024-06-12T17:45:33+00:00\",\"description\":\"Consideramos doen\u00e7as exantem\u00e1ticas, como a varicela, as s\u00edndromes de origem infecciosa, em sua maioria viral, de evolu\u00e7\u00e3o benigna...\",\"breadcrumb\":{\"@id\":\"https:\\\/\\\/www.grupomedcof.com.br\\\/blog\\\/doencas-exantematicas-varicela\\\/#breadcrumb\"},\"inLanguage\":\"pt-BR\",\"potentialAction\":[{\"@type\":\"ReadAction\",\"target\":[\"https:\\\/\\\/www.grupomedcof.com.br\\\/blog\\\/doencas-exantematicas-varicela\\\/\"]}]},{\"@type\":\"ImageObject\",\"inLanguage\":\"pt-BR\",\"@id\":\"https:\\\/\\\/www.grupomedcof.com.br\\\/blog\\\/doencas-exantematicas-varicela\\\/#primaryimage\",\"url\":\"https:\\\/\\\/www.grupomedcof.com.br\\\/blog\\\/wp-content\\\/uploads\\\/2024\\\/03\\\/2-12.jpg\",\"contentUrl\":\"https:\\\/\\\/www.grupomedcof.com.br\\\/blog\\\/wp-content\\\/uploads\\\/2024\\\/03\\\/2-12.jpg\",\"width\":1920,\"height\":1080,\"caption\":\"varicela-catapora\"},{\"@type\":\"BreadcrumbList\",\"@id\":\"https:\\\/\\\/www.grupomedcof.com.br\\\/blog\\\/doencas-exantematicas-varicela\\\/#breadcrumb\",\"itemListElement\":[{\"@type\":\"ListItem\",\"position\":1,\"name\":\"In\u00edcio\",\"item\":\"https:\\\/\\\/www.grupomedcof.com.br\\\/blog\\\/\"},{\"@type\":\"ListItem\",\"position\":2,\"name\":\"Varicela ou catapora: entenda tudo sobre essa doen\u00e7a\"}]},{\"@type\":\"WebSite\",\"@id\":\"https:\\\/\\\/www.grupomedcof.com.br\\\/blog\\\/#website\",\"url\":\"https:\\\/\\\/www.grupomedcof.com.br\\\/blog\\\/\",\"name\":\"Blog de Medcof: conte\u00fados, editais, revalida e mais!\",\"description\":\"Acesso o blog de MedCof! Seu portal de conte\u00fados sobre resid\u00eancia m\u00e9dica, an\u00e1lise e editais e muito mais. Clique e confira!\",\"publisher\":{\"@id\":\"https:\\\/\\\/www.grupomedcof.com.br\\\/blog\\\/#organization\"},\"alternateName\":\"Blog de Medcof: conte\u00fados, editais, revalida e mais!\",\"potentialAction\":[{\"@type\":\"SearchAction\",\"target\":{\"@type\":\"EntryPoint\",\"urlTemplate\":\"https:\\\/\\\/www.grupomedcof.com.br\\\/blog\\\/?s={search_term_string}\"},\"query-input\":{\"@type\":\"PropertyValueSpecification\",\"valueRequired\":true,\"valueName\":\"search_term_string\"}}],\"inLanguage\":\"pt-BR\"},{\"@type\":\"Organization\",\"@id\":\"https:\\\/\\\/www.grupomedcof.com.br\\\/blog\\\/#organization\",\"name\":\"Grupo MedCof\",\"url\":\"https:\\\/\\\/www.grupomedcof.com.br\\\/blog\\\/\",\"logo\":{\"@type\":\"ImageObject\",\"inLanguage\":\"pt-BR\",\"@id\":\"https:\\\/\\\/www.grupomedcof.com.br\\\/blog\\\/#\\\/schema\\\/logo\\\/image\\\/\",\"url\":\"https:\\\/\\\/www.grupomedcof.com.br\\\/blog\\\/wp-content\\\/uploads\\\/2022\\\/01\\\/logo-medcof.png\",\"contentUrl\":\"https:\\\/\\\/www.grupomedcof.com.br\\\/blog\\\/wp-content\\\/uploads\\\/2022\\\/01\\\/logo-medcof.png\",\"width\":768,\"height\":269,\"caption\":\"Grupo MedCof\"},\"image\":{\"@id\":\"https:\\\/\\\/www.grupomedcof.com.br\\\/blog\\\/#\\\/schema\\\/logo\\\/image\\\/\"},\"sameAs\":[\"https:\\\/\\\/www.facebook.com\\\/MedCofQbank\\\/\",\"https:\\\/\\\/www.instagram.com\\\/grupomedcof\\\/\",\"https:\\\/\\\/br.linkedin.com\\\/company\\\/medcof\",\"https:\\\/\\\/www.youtube.com\\\/channel\\\/UCdHMuOHKICxcHwecxN8P-AA\"]},{\"@type\":\"Person\",\"@id\":\"https:\\\/\\\/www.grupomedcof.com.br\\\/blog\\\/#\\\/schema\\\/person\\\/5e56a3921255c01181f3d8c20d53f9c0\",\"name\":\"Grupo MedCof\",\"image\":{\"@type\":\"ImageObject\",\"inLanguage\":\"pt-BR\",\"@id\":\"https:\\\/\\\/www.grupomedcof.com.br\\\/blog\\\/wp-content\\\/uploads\\\/2023\\\/04\\\/cropped-cropped-cropped-cropped-logo-96x96.png28585d174f19c23095510da5f63bc127\",\"url\":\"https:\\\/\\\/www.grupomedcof.com.br\\\/blog\\\/wp-content\\\/uploads\\\/2023\\\/04\\\/cropped-cropped-cropped-cropped-logo-96x96.png\",\"contentUrl\":\"https:\\\/\\\/www.grupomedcof.com.br\\\/blog\\\/wp-content\\\/uploads\\\/2023\\\/04\\\/cropped-cropped-cropped-cropped-logo-96x96.png\",\"caption\":\"Grupo MedCof\"},\"description\":\"Tendo aulas baseadas em quest\u00f5es, + de 115 subespecialistas dispon\u00edveis e uma metodologia \u00fanica, voc\u00ea pode se juntar ao nosso time que conta com mais de 10 mil ...\",\"url\":\"https:\\\/\\\/www.grupomedcof.com.br\\\/blog\\\/author\\\/grupo-medcof\\\/\"}]}<\/script>\n<!-- \/ Yoast SEO Premium plugin. -->","yoast_head_json":{"title":"Varicela: doen\u00e7a exantem\u00e1tica e sua gravidade","description":"Consideramos doen\u00e7as exantem\u00e1ticas, como a varicela, as s\u00edndromes de origem infecciosa, em sua maioria viral, de evolu\u00e7\u00e3o benigna...","robots":{"index":"index","follow":"follow","max-snippet":"max-snippet:-1","max-image-preview":"max-image-preview:large","max-video-preview":"max-video-preview:-1"},"canonical":"https:\/\/www.grupomedcof.com.br\/blog\/doencas-exantematicas-varicela\/","og_locale":"pt_BR","og_type":"article","og_title":"Varicela ou catapora: entenda tudo sobre essa doen\u00e7a","og_description":"Consideramos doen\u00e7as exantem\u00e1ticas, como a varicela, as s\u00edndromes de origem infecciosa, em sua maioria viral, de evolu\u00e7\u00e3o benigna...","og_url":"https:\/\/www.grupomedcof.com.br\/blog\/doencas-exantematicas-varicela\/","og_site_name":"Blog de Medcof: conte\u00fados, editais, revalida e mais!","article_publisher":"https:\/\/www.facebook.com\/MedCofQbank\/","article_published_time":"2024-03-12T15:37:31+00:00","article_modified_time":"2024-06-12T17:45:33+00:00","og_image":[{"width":1920,"height":1080,"url":"https:\/\/www.grupomedcof.com.br\/blog\/wp-content\/uploads\/2024\/03\/2-12.jpg","type":"image\/jpeg"}],"author":"Grupo MedCof","twitter_card":"summary_large_image","twitter_misc":{"Escrito por":"Grupo MedCof","Est. tempo de leitura":"4 minutos"},"schema":{"@context":"https:\/\/schema.org","@graph":[{"@type":"Article","@id":"https:\/\/www.grupomedcof.com.br\/blog\/doencas-exantematicas-varicela\/#article","isPartOf":{"@id":"https:\/\/www.grupomedcof.com.br\/blog\/doencas-exantematicas-varicela\/"},"author":{"name":"Grupo MedCof","@id":"https:\/\/www.grupomedcof.com.br\/blog\/#\/schema\/person\/5e56a3921255c01181f3d8c20d53f9c0"},"headline":"Varicela ou catapora: entenda tudo sobre essa doen\u00e7a","datePublished":"2024-03-12T15:37:31+00:00","dateModified":"2024-06-12T17:45:33+00:00","mainEntityOfPage":{"@id":"https:\/\/www.grupomedcof.com.br\/blog\/doencas-exantematicas-varicela\/"},"wordCount":508,"commentCount":0,"publisher":{"@id":"https:\/\/www.grupomedcof.com.br\/blog\/#organization"},"image":{"@id":"https:\/\/www.grupomedcof.com.br\/blog\/doencas-exantematicas-varicela\/#primaryimage"},"thumbnailUrl":"https:\/\/www.grupomedcof.com.br\/blog\/wp-content\/uploads\/2024\/03\/2-12.jpg","keywords":["Acesso Direto","Pediatria","Provas de Resid\u00eancia","Resid\u00eancia M\u00e9dica"],"articleSection":["Pediatria"],"inLanguage":"pt-BR"},{"@type":"WebPage","@id":"https:\/\/www.grupomedcof.com.br\/blog\/doencas-exantematicas-varicela\/","url":"https:\/\/www.grupomedcof.com.br\/blog\/doencas-exantematicas-varicela\/","name":"Varicela: doen\u00e7a exantem\u00e1tica e sua gravidade","isPartOf":{"@id":"https:\/\/www.grupomedcof.com.br\/blog\/#website"},"primaryImageOfPage":{"@id":"https:\/\/www.grupomedcof.com.br\/blog\/doencas-exantematicas-varicela\/#primaryimage"},"image":{"@id":"https:\/\/www.grupomedcof.com.br\/blog\/doencas-exantematicas-varicela\/#primaryimage"},"thumbnailUrl":"https:\/\/www.grupomedcof.com.br\/blog\/wp-content\/uploads\/2024\/03\/2-12.jpg","datePublished":"2024-03-12T15:37:31+00:00","dateModified":"2024-06-12T17:45:33+00:00","description":"Consideramos doen\u00e7as exantem\u00e1ticas, como a varicela, as s\u00edndromes de origem infecciosa, em sua maioria viral, de evolu\u00e7\u00e3o benigna...","breadcrumb":{"@id":"https:\/\/www.grupomedcof.com.br\/blog\/doencas-exantematicas-varicela\/#breadcrumb"},"inLanguage":"pt-BR","potentialAction":[{"@type":"ReadAction","target":["https:\/\/www.grupomedcof.com.br\/blog\/doencas-exantematicas-varicela\/"]}]},{"@type":"ImageObject","inLanguage":"pt-BR","@id":"https:\/\/www.grupomedcof.com.br\/blog\/doencas-exantematicas-varicela\/#primaryimage","url":"https:\/\/www.grupomedcof.com.br\/blog\/wp-content\/uploads\/2024\/03\/2-12.jpg","contentUrl":"https:\/\/www.grupomedcof.com.br\/blog\/wp-content\/uploads\/2024\/03\/2-12.jpg","width":1920,"height":1080,"caption":"varicela-catapora"},{"@type":"BreadcrumbList","@id":"https:\/\/www.grupomedcof.com.br\/blog\/doencas-exantematicas-varicela\/#breadcrumb","itemListElement":[{"@type":"ListItem","position":1,"name":"In\u00edcio","item":"https:\/\/www.grupomedcof.com.br\/blog\/"},{"@type":"ListItem","position":2,"name":"Varicela ou catapora: entenda tudo sobre essa doen\u00e7a"}]},{"@type":"WebSite","@id":"https:\/\/www.grupomedcof.com.br\/blog\/#website","url":"https:\/\/www.grupomedcof.com.br\/blog\/","name":"Blog de Medcof: conte\u00fados, editais, revalida e mais!","description":"Acesso o blog de MedCof! Seu portal de conte\u00fados sobre resid\u00eancia m\u00e9dica, an\u00e1lise e editais e muito mais. Clique e confira!","publisher":{"@id":"https:\/\/www.grupomedcof.com.br\/blog\/#organization"},"alternateName":"Blog de Medcof: conte\u00fados, editais, revalida e mais!","potentialAction":[{"@type":"SearchAction","target":{"@type":"EntryPoint","urlTemplate":"https:\/\/www.grupomedcof.com.br\/blog\/?s={search_term_string}"},"query-input":{"@type":"PropertyValueSpecification","valueRequired":true,"valueName":"search_term_string"}}],"inLanguage":"pt-BR"},{"@type":"Organization","@id":"https:\/\/www.grupomedcof.com.br\/blog\/#organization","name":"Grupo MedCof","url":"https:\/\/www.grupomedcof.com.br\/blog\/","logo":{"@type":"ImageObject","inLanguage":"pt-BR","@id":"https:\/\/www.grupomedcof.com.br\/blog\/#\/schema\/logo\/image\/","url":"https:\/\/www.grupomedcof.com.br\/blog\/wp-content\/uploads\/2022\/01\/logo-medcof.png","contentUrl":"https:\/\/www.grupomedcof.com.br\/blog\/wp-content\/uploads\/2022\/01\/logo-medcof.png","width":768,"height":269,"caption":"Grupo MedCof"},"image":{"@id":"https:\/\/www.grupomedcof.com.br\/blog\/#\/schema\/logo\/image\/"},"sameAs":["https:\/\/www.facebook.com\/MedCofQbank\/","https:\/\/www.instagram.com\/grupomedcof\/","https:\/\/br.linkedin.com\/company\/medcof","https:\/\/www.youtube.com\/channel\/UCdHMuOHKICxcHwecxN8P-AA"]},{"@type":"Person","@id":"https:\/\/www.grupomedcof.com.br\/blog\/#\/schema\/person\/5e56a3921255c01181f3d8c20d53f9c0","name":"Grupo MedCof","image":{"@type":"ImageObject","inLanguage":"pt-BR","@id":"https:\/\/www.grupomedcof.com.br\/blog\/wp-content\/uploads\/2023\/04\/cropped-cropped-cropped-cropped-logo-96x96.png28585d174f19c23095510da5f63bc127","url":"https:\/\/www.grupomedcof.com.br\/blog\/wp-content\/uploads\/2023\/04\/cropped-cropped-cropped-cropped-logo-96x96.png","contentUrl":"https:\/\/www.grupomedcof.com.br\/blog\/wp-content\/uploads\/2023\/04\/cropped-cropped-cropped-cropped-logo-96x96.png","caption":"Grupo MedCof"},"description":"Tendo aulas baseadas em quest\u00f5es, + de 115 subespecialistas dispon\u00edveis e uma metodologia \u00fanica, voc\u00ea pode se juntar ao nosso time que conta com mais de 10 mil ...","url":"https:\/\/www.grupomedcof.com.br\/blog\/author\/grupo-medcof\/"}]}},"authors":[{"term_id":3613,"user_id":10,"is_guest":0,"slug":"grupo-medcof","display_name":"Grupo MedCof","avatar_url":"https:\/\/www.grupomedcof.com.br\/blog\/wp-content\/uploads\/2023\/04\/cropped-cropped-cropped-cropped-logo-96x96.png","0":null,"1":"","2":"","3":"","4":"","5":"","6":"","7":"","8":""}],"_links":{"self":[{"href":"https:\/\/www.grupomedcof.com.br\/blog\/wp-json\/wp\/v2\/posts\/22150","targetHints":{"allow":["GET"]}}],"collection":[{"href":"https:\/\/www.grupomedcof.com.br\/blog\/wp-json\/wp\/v2\/posts"}],"about":[{"href":"https:\/\/www.grupomedcof.com.br\/blog\/wp-json\/wp\/v2\/types\/post"}],"author":[{"embeddable":true,"href":"https:\/\/www.grupomedcof.com.br\/blog\/wp-json\/wp\/v2\/users\/10"}],"replies":[{"embeddable":true,"href":"https:\/\/www.grupomedcof.com.br\/blog\/wp-json\/wp\/v2\/comments?post=22150"}],"version-history":[{"count":0,"href":"https:\/\/www.grupomedcof.com.br\/blog\/wp-json\/wp\/v2\/posts\/22150\/revisions"}],"wp:featuredmedia":[{"embeddable":true,"href":"https:\/\/www.grupomedcof.com.br\/blog\/wp-json\/wp\/v2\/media\/22490"}],"wp:attachment":[{"href":"https:\/\/www.grupomedcof.com.br\/blog\/wp-json\/wp\/v2\/media?parent=22150"}],"wp:term":[{"taxonomy":"category","embeddable":true,"href":"https:\/\/www.grupomedcof.com.br\/blog\/wp-json\/wp\/v2\/categories?post=22150"},{"taxonomy":"post_tag","embeddable":true,"href":"https:\/\/www.grupomedcof.com.br\/blog\/wp-json\/wp\/v2\/tags?post=22150"},{"taxonomy":"author","embeddable":true,"href":"https:\/\/www.grupomedcof.com.br\/blog\/wp-json\/wp\/v2\/ppma_author?post=22150"}],"curies":[{"name":"wp","href":"https:\/\/api.w.org\/{rel}","templated":true}]}}