{"id":22747,"date":"2024-03-20T14:59:47","date_gmt":"2024-03-20T17:59:47","guid":{"rendered":"https:\/\/www.grupomedcof.com.br\/blog\/?p=22747"},"modified":"2024-03-20T14:59:47","modified_gmt":"2024-03-20T17:59:47","slug":"residencia-medica-cerem-ba-2024-confira-aprovados","status":"publish","type":"post","link":"https:\/\/www.grupomedcof.com.br\/blog\/residencia-medica-cerem-ba-2024-confira-aprovados\/","title":{"rendered":"Resid\u00eancia M\u00e9dica CEREM\/BA 2024 : confira aprovados\u00a0"},"content":{"rendered":"<div id=\"ez-toc-container\" class=\"ez-toc-v2_0_74 counter-hierarchy ez-toc-counter ez-toc-transparent ez-toc-container-direction\">\n<div class=\"ez-toc-title-container\">\n<p class=\"ez-toc-title\" style=\"cursor:inherit\">Sum\u00e1rio<\/p>\n<span class=\"ez-toc-title-toggle\"><a href=\"#\" class=\"ez-toc-pull-right ez-toc-btn ez-toc-btn-xs ez-toc-btn-default ez-toc-toggle\" aria-label=\"Alternar tabela de conte\u00fado\"><span class=\"ez-toc-js-icon-con\"><span class=\"\"><span class=\"eztoc-hide\" style=\"display:none;\">Toggle<\/span><span class=\"ez-toc-icon-toggle-span\"><svg style=\"fill: #999;color:#999\" xmlns=\"http:\/\/www.w3.org\/2000\/svg\" class=\"list-377408\" width=\"20px\" height=\"20px\" viewBox=\"0 0 24 24\" fill=\"none\"><path d=\"M6 6H4v2h2V6zm14 0H8v2h12V6zM4 11h2v2H4v-2zm16 0H8v2h12v-2zM4 16h2v2H4v-2zm16 0H8v2h12v-2z\" fill=\"currentColor\"><\/path><\/svg><svg style=\"fill: #999;color:#999\" class=\"arrow-unsorted-368013\" xmlns=\"http:\/\/www.w3.org\/2000\/svg\" width=\"10px\" height=\"10px\" viewBox=\"0 0 24 24\" version=\"1.2\" baseProfile=\"tiny\"><path d=\"M18.2 9.3l-6.2-6.3-6.2 6.3c-.2.2-.3.4-.3.7s.1.5.3.7c.2.2.4.3.7.3h11c.3 0 .5-.1.7-.3.2-.2.3-.5.3-.7s-.1-.5-.3-.7zM5.8 14.7l6.2 6.3 6.2-6.3c.2-.2.3-.5.3-.7s-.1-.5-.3-.7c-.2-.2-.4-.3-.7-.3h-11c-.3 0-.5.1-.7.3-.2.2-.3.5-.3.7s.1.5.3.7z\"\/><\/svg><\/span><\/span><\/span><\/a><\/span><\/div>\n<nav><ul class='ez-toc-list ez-toc-list-level-1 ' ><li class='ez-toc-page-1 ez-toc-heading-level-2'><a class=\"ez-toc-link ez-toc-heading-1\" href=\"https:\/\/www.grupomedcof.com.br\/blog\/residencia-medica-cerem-ba-2024-confira-aprovados\/#Como_foi_o_processo_seletivo_da_Residencia_Medica_CEREMBA\" >Como foi o processo seletivo da Resid\u00eancia M\u00e9dica CEREM\/BA?<\/a><\/li><li class='ez-toc-page-1 ez-toc-heading-level-2'><a class=\"ez-toc-link ez-toc-heading-2\" href=\"https:\/\/www.grupomedcof.com.br\/blog\/residencia-medica-cerem-ba-2024-confira-aprovados\/#Cronograma_Residencia_Medica_CEREMBA\" >Cronograma Resid\u00eancia M\u00e9dica CEREM\/BA\u00a0<\/a><\/li><li class='ez-toc-page-1 ez-toc-heading-level-2'><a class=\"ez-toc-link ez-toc-heading-3\" href=\"https:\/\/www.grupomedcof.com.br\/blog\/residencia-medica-cerem-ba-2024-confira-aprovados\/#O_metodo_que_te_aprova\" >O m\u00e9todo que te aprova<\/a><\/li><\/ul><\/nav><\/div>\n<img loading=\"lazy\" decoding=\"async\" width=\"800\" height=\"450\" src=\"https:\/\/www.grupomedcof.com.br\/blog\/wp-content\/uploads\/2024\/03\/19-1024x576.jpg\" alt=\"CEREM\/BA\" srcset=\"https:\/\/www.grupomedcof.com.br\/blog\/wp-content\/uploads\/2024\/03\/19-1024x576.jpg 1024w, https:\/\/www.grupomedcof.com.br\/blog\/wp-content\/uploads\/2024\/03\/19-300x169.jpg 300w, https:\/\/www.grupomedcof.com.br\/blog\/wp-content\/uploads\/2024\/03\/19-768x432.jpg 768w, https:\/\/www.grupomedcof.com.br\/blog\/wp-content\/uploads\/2024\/03\/19-1536x864.jpg 1536w, https:\/\/www.grupomedcof.com.br\/blog\/wp-content\/uploads\/2024\/03\/19.jpg 1920w\" sizes=\"auto, (max-width: 800px) 100vw, 800px\" \/>\t\t\t\t\t\t\t\t\t\t\t\t\t\t\t\n\t\t<p>No dia 15 de mar\u00e7o, a CEREM\/BA divulgou resultado de\u00a0<a href=\"https:\/\/www.grupomedcof.com.br\/blog\/edital-residencia-medica-bahia-2024-2\/\" target=\"_blank\" rel=\"noopener\"><strong>processo seletivo<\/strong>\u00a0<\/a>para vagas remanescentes em Resid\u00eancia M\u00e9dica 2024. Os aprovados poder\u00e3o realizar a matr\u00edcula no dia 21 de mar\u00e7o.<\/p>\t\t\n\t\t\t<h4>\n\t\t\t\tSum\u00e1rio\t\t\t<\/h4>\n\t\t<p><\/p>\n<p><\/p>\n<p><\/p>\n<h2 class=\"wp-block-heading\" id=\"h-como-foi-o-processo-seletivo-da-residencia-medica-cerem-ba\"><span class=\"ez-toc-section\" id=\"Como_foi_o_processo_seletivo_da_Residencia_Medica_CEREMBA\"><\/span><strong>Como foi o processo seletivo da Resid\u00eancia M\u00e9dica CEREM\/BA?<\/strong><span class=\"ez-toc-section-end\"><\/span><\/h2>\n<p>\u00a0<\/p>\n<p><\/p>\n<p><\/p>\n<p>De acordo com o edital as provas foram aplicadas de forma presencial em Salvador, Bahia, no dia <b>10 de mar\u00e7o de 2024<\/b>, \u00e0s<b> 9h10<\/b>. Ent\u00e3o\u00a0 aplica\u00e7\u00e3o ocorreu de <em><b>formas diferentes<\/b><\/em> para candidatos aos Programas de Especialidades de Acesso Direto e para os de Especialidade com Exig\u00eancia de Pr\u00e9-requisito, \u00c1reas de Atua\u00e7\u00e3o ou Anos Adicionais.\u00a0<\/p>\n<p>\u00a0<\/p>\n<p><\/p>\n<p><\/p>\n<p>Sendo assim, os candidatos da primeira modalidade realizaram uma prova de car\u00e1ter gen\u00e9rico composta por 15 Situa\u00e7\u00f5es-Problemas, cada uma com tr\u00eas quest\u00f5es objetivas de m\u00faltipla escolha. Dessa forma, essa prova cobrou conte\u00fados de Cl\u00ednica M\u00e9dica; Cirurgia Geral; Obstetr\u00edcia e Ginecologia; Pediatria; Medicina Preventiva, Medicina de Fam\u00edlia e Comunidade e Sa\u00fade Coletiva.<\/p>\n<p>\u00a0<\/p>\n<p>Contudo, os candidatos de especialidade com exig\u00eancia de pr\u00e9-requisito, \u00e1reas de atua\u00e7\u00e3o ou anos adicionais realizaram uma prova de car\u00e1ter espec\u00edfico composta por 5 Situa\u00e7\u00f5es-Problemas, cada uma com tr\u00eas quest\u00f5es objetivas de m\u00faltipla escolha. Ainda assim os candidatos precisaram se preparar para conte\u00fados das especialidades pr\u00e9-requisitos do Programa almejado.\u00a0<\/p>\n<p>\u00a0<\/p>\n<p>Confira o resultado final:<\/p>\n<p><\/p>\n<p><\/p>\n<p><\/p>\t\t\n\t\t\t<a href=\"https:\/\/strixeducacao.com.br\/wp-content\/uploads\/2024\/03\/CEREMBA_20242-Resultado_Relacao_Convocados_AD_1a_Convocacao_20240315_1338.pdf\" target=\"_blank\" rel=\"nofollow noopener\">\n\t\t\t\t\t\tConvocados R1 &#8211; Acesso Direto\n\t\t\t\t\t<\/a>\n\t\t\t<a href=\"https:\/\/strixeducacao.com.br\/wp-content\/uploads\/2024\/03\/CEREMBA_20242-Resultado_Final_EPR_AA_20240315_1745.pdf\" target=\"_blank\" rel=\"nofollow noopener\">\n\t\t\t\t\t\tConvocados R+ -Pr\u00e9-Requisito\n\t\t\t\t\t<\/a>\n\t\t<h2 id=\"h-cronograma-residencia-medica-cerem-ba\"><span class=\"ez-toc-section\" id=\"Cronograma_Residencia_Medica_CEREMBA\"><\/span><strong>Cronograma Resid\u00eancia M\u00e9dica CEREM\/BA\u00a0<\/strong><span class=\"ez-toc-section-end\"><\/span><\/h2>\n<p><!-- \/wp:post-content --><\/p>\n<p><!-- wp:list --><\/p>\n<ul>\n<li style=\"list-style-type: none;\">\n<ul><!-- wp:list-item --><\/ul>\n<\/li>\n<\/ul>\n<p>\u00a0<\/p>\n<ul>\n<li style=\"list-style-type: none;\">\n<ul>\n<li>Fim das inscri\u00e7\u00f5es: 06\/03\/2024.<\/li>\n<\/ul>\n<\/li>\n<\/ul>\n<p><!-- \/wp:list-item --><\/p>\n<p><!-- wp:list-item --><\/p>\n<ul>\n<li style=\"list-style-type: none;\">\n<ul>\n<li>Divulga\u00e7\u00e3o de inscri\u00e7\u00f5es homologadas: 07\/03\/2024.<\/li>\n<\/ul>\n<\/li>\n<\/ul>\n<p><!-- \/wp:list-item --><\/p>\n<p><!-- wp:list-item --><\/p>\n<ul>\n<li style=\"list-style-type: none;\">\n<ul>\n<li>Divulga\u00e7\u00e3o dos locais de provas: 08\/03\/2024.<\/li>\n<\/ul>\n<\/li>\n<\/ul>\n<p><!-- \/wp:list-item --><\/p>\n<p><!-- wp:list-item --><\/p>\n<ul>\n<li style=\"list-style-type: none;\">\n<ul>\n<li>Aplica\u00e7\u00e3o de Provas: 10\/03\/2024.\u00a0<\/li>\n<\/ul>\n<\/li>\n<\/ul>\n<p><!-- \/wp:list-item --><\/p>\n<p><!-- wp:list-item --><\/p>\n<ul>\n<li style=\"list-style-type: none;\">\n<ul>\n<li>Divulga\u00e7\u00e3o dos Gabaritos Preliminares: 10\/03\/2024.\u00a0<\/li>\n<\/ul>\n<\/li>\n<\/ul>\n<p><!-- \/wp:list-item --><\/p>\n<p><!-- wp:list-item --><\/p>\n<ul>\n<li style=\"list-style-type: none;\">\n<ul>\n<li>Divulga\u00e7\u00e3o do Edital e Cronograma de Matr\u00edcula: 11\/03\/2024.<\/li>\n<\/ul>\n<\/li>\n<\/ul>\n<p><!-- \/wp:list-item --><\/p>\n<p><!-- wp:list-item --><\/p>\n<ul>\n<li style=\"list-style-type: none;\">\n<ul>\n<li>Divulga\u00e7\u00e3o da Classifica\u00e7\u00e3o Final do Processo Seletivo e 1\u00aa convoca\u00e7\u00e3o para matr\u00edcula: 15\/03\/2024.<\/li>\n<\/ul>\n<\/li>\n<\/ul>\n<p>\u00a0<\/p>\n<p><!-- \/wp:list-item --><\/p>\n<p><!-- \/wp:list --><\/p>\n<p><!-- wp:paragraph --><\/p>\n<p>Para mais informa\u00e7\u00f5es, consulte os anexos disponibilizados abaixo:<\/p>\n<p><!-- \/wp:paragraph --><\/p>\n<p><!-- wp:paragraph --><\/p>\n<p><!-- \/wp:paragraph --><\/p>\n<p><!-- wp:heading --><\/p>\t\t\n\t\t<h2 id=\"h-o-metodo-que-te-aprova\"><span class=\"ez-toc-section\" id=\"O_metodo_que_te_aprova\"><\/span><strong>O m\u00e9todo que te aprova<\/strong><span class=\"ez-toc-section-end\"><\/span><\/h2>\n<p><!-- \/wp:heading --><\/p>\n<p><!-- wp:paragraph --><\/p>\n<p>Se voc\u00ea quer garantir a sua aprova\u00e7\u00e3o nas provas de resid\u00eancia, ent\u00e3o conhe\u00e7a o\u00a0Grupo MedCof\u00a0e a metodologia que j\u00e1 aprovou<a href=\"https:\/\/www.grupomedcof.com.br\/blog\/presenca-da-medcof-nas-aprovacoes-em-residencia-medica-no-brasil\/\" target=\"_blank\" rel=\"noopener\">\u00a0<strong>mais de 10 mil<\/strong><\/a><strong>\u00a0<\/strong>residentes pelo pa\u00eds. Sendo assim, confira abaixo o epis\u00f3dio do nosso podcast Papo de Aprovado em que nossos coordenadores conversam com quem pode comprovar na pr\u00e1tica a recompensa de confiar em nosso m\u00e9todo:\u00a0<\/p>\t\t\n\t\t<iframe loading=\"lazy\" title=\"Papo de aprovado EP.03 - Preparando o corpo e a mente para prova de Resid\u00eancia com Dr. Felipe Lopes\" width=\"696\" height=\"392\" src=\"https:\/\/www.youtube.com\/embed\/XshpBO3sm5o?feature=oembed\" frameborder=\"0\" allow=\"accelerometer; autoplay; clipboard-write; encrypted-media; gyroscope; picture-in-picture; web-share\" referrerpolicy=\"strict-origin-when-cross-origin\" allowfullscreen><\/iframe>","protected":false},"excerpt":{"rendered":"<p> No dia 15 de mar\u00e7o, a CEREM\/BA divulgou resultado de processo seletivo para vagas remanescentes em Resid\u00eancia M\u00e9dica 2024. Os aprovados poder\u00e3o realizar a matr\u00edcula no dia 21 de mar\u00e7o.<\/p>\n","protected":false},"author":6,"featured_media":22809,"comment_status":"open","ping_status":"open","sticky":false,"template":"","format":"standard","meta":{"footnotes":""},"categories":[55,174],"tags":[117,68],"ppma_author":[3609],"class_list":{"0":"post-22747","1":"post","2":"type-post","3":"status-publish","4":"format-standard","5":"has-post-thumbnail","7":"category-carreira-medica","8":"category-residencia-medica","9":"tag-provas-de-residencia","10":"tag-residencia-medica"},"yoast_head":"<!-- This site is optimized with the Yoast SEO Premium plugin v24.3 (Yoast SEO v27.4) - https:\/\/yoast.com\/product\/yoast-seo-premium-wordpress\/ -->\n<title>CEREM BA 2024: Vagas Remanescentes e Matr\u00edcula<\/title>\n<meta name=\"description\" content=\"No dia 15 de mar\u00e7o, a CEREM\/BA divulgou resultado de processo seletivo para vagas remanescentes em Resid\u00eancia M\u00e9dica 2024. Os apr...\" \/>\n<meta name=\"robots\" content=\"index, follow, max-snippet:-1, max-image-preview:large, max-video-preview:-1\" \/>\n<link rel=\"canonical\" href=\"https:\/\/www.grupomedcof.com.br\/blog\/residencia-medica-cerem-ba-2024-confira-aprovados\/\" \/>\n<meta property=\"og:locale\" content=\"pt_BR\" \/>\n<meta property=\"og:type\" content=\"article\" \/>\n<meta property=\"og:title\" content=\"Resid\u00eancia M\u00e9dica CEREM\/BA 2024 : confira aprovados\u00a0\" \/>\n<meta property=\"og:description\" content=\"No dia 15 de mar\u00e7o, a CEREM\/BA divulgou resultado de processo seletivo para vagas remanescentes em Resid\u00eancia M\u00e9dica 2024. Os apr...\" \/>\n<meta property=\"og:url\" content=\"https:\/\/www.grupomedcof.com.br\/blog\/residencia-medica-cerem-ba-2024-confira-aprovados\/\" \/>\n<meta property=\"og:site_name\" content=\"Blog de Medcof: conte\u00fados, editais, revalida e mais!\" \/>\n<meta property=\"article:publisher\" content=\"https:\/\/www.facebook.com\/MedCofQbank\/\" \/>\n<meta property=\"article:published_time\" content=\"2024-03-20T17:59:47+00:00\" \/>\n<meta property=\"og:image\" content=\"https:\/\/www.grupomedcof.com.br\/blog\/wp-content\/uploads\/2024\/03\/19.jpg\" \/>\n\t<meta property=\"og:image:width\" content=\"1920\" \/>\n\t<meta property=\"og:image:height\" content=\"1080\" \/>\n\t<meta property=\"og:image:type\" content=\"image\/jpeg\" \/>\n<meta name=\"author\" content=\"J\u00falia Moreira\" \/>\n<meta name=\"twitter:card\" content=\"summary_large_image\" \/>\n<meta name=\"twitter:label1\" content=\"Escrito por\" \/>\n\t<meta name=\"twitter:data1\" content=\"J\u00falia Moreira\" \/>\n\t<meta name=\"twitter:label2\" content=\"Est. tempo de leitura\" \/>\n\t<meta name=\"twitter:data2\" content=\"5 minutos\" \/>\n<script type=\"application\/ld+json\" class=\"yoast-schema-graph\">{\"@context\":\"https:\\\/\\\/schema.org\",\"@graph\":[{\"@type\":\"Article\",\"@id\":\"https:\\\/\\\/www.grupomedcof.com.br\\\/blog\\\/residencia-medica-cerem-ba-2024-confira-aprovados\\\/#article\",\"isPartOf\":{\"@id\":\"https:\\\/\\\/www.grupomedcof.com.br\\\/blog\\\/residencia-medica-cerem-ba-2024-confira-aprovados\\\/\"},\"author\":{\"name\":\"J\u00falia Moreira\",\"@id\":\"https:\\\/\\\/www.grupomedcof.com.br\\\/blog\\\/#\\\/schema\\\/person\\\/1375e0ce724529d7a1d8156ea7f8ceaa\"},\"headline\":\"Resid\u00eancia M\u00e9dica CEREM\\\/BA 2024 : confira aprovados\u00a0\",\"datePublished\":\"2024-03-20T17:59:47+00:00\",\"mainEntityOfPage\":{\"@id\":\"https:\\\/\\\/www.grupomedcof.com.br\\\/blog\\\/residencia-medica-cerem-ba-2024-confira-aprovados\\\/\"},\"wordCount\":391,\"commentCount\":0,\"publisher\":{\"@id\":\"https:\\\/\\\/www.grupomedcof.com.br\\\/blog\\\/#organization\"},\"image\":{\"@id\":\"https:\\\/\\\/www.grupomedcof.com.br\\\/blog\\\/residencia-medica-cerem-ba-2024-confira-aprovados\\\/#primaryimage\"},\"thumbnailUrl\":\"https:\\\/\\\/www.grupomedcof.com.br\\\/blog\\\/wp-content\\\/uploads\\\/2024\\\/03\\\/19.jpg\",\"keywords\":[\"Provas de Resid\u00eancia\",\"Resid\u00eancia M\u00e9dica\"],\"articleSection\":[\"Carreira M\u00e9dica\",\"Resid\u00eancia m\u00e9dica: editais, resultados, temas quentes e mais\"],\"inLanguage\":\"pt-BR\"},{\"@type\":\"WebPage\",\"@id\":\"https:\\\/\\\/www.grupomedcof.com.br\\\/blog\\\/residencia-medica-cerem-ba-2024-confira-aprovados\\\/\",\"url\":\"https:\\\/\\\/www.grupomedcof.com.br\\\/blog\\\/residencia-medica-cerem-ba-2024-confira-aprovados\\\/\",\"name\":\"CEREM BA 2024: Vagas Remanescentes e Matr\u00edcula\",\"isPartOf\":{\"@id\":\"https:\\\/\\\/www.grupomedcof.com.br\\\/blog\\\/#website\"},\"primaryImageOfPage\":{\"@id\":\"https:\\\/\\\/www.grupomedcof.com.br\\\/blog\\\/residencia-medica-cerem-ba-2024-confira-aprovados\\\/#primaryimage\"},\"image\":{\"@id\":\"https:\\\/\\\/www.grupomedcof.com.br\\\/blog\\\/residencia-medica-cerem-ba-2024-confira-aprovados\\\/#primaryimage\"},\"thumbnailUrl\":\"https:\\\/\\\/www.grupomedcof.com.br\\\/blog\\\/wp-content\\\/uploads\\\/2024\\\/03\\\/19.jpg\",\"datePublished\":\"2024-03-20T17:59:47+00:00\",\"description\":\"No dia 15 de mar\u00e7o, a CEREM\\\/BA divulgou resultado de processo seletivo para vagas remanescentes em Resid\u00eancia M\u00e9dica 2024. Os apr...\",\"breadcrumb\":{\"@id\":\"https:\\\/\\\/www.grupomedcof.com.br\\\/blog\\\/residencia-medica-cerem-ba-2024-confira-aprovados\\\/#breadcrumb\"},\"inLanguage\":\"pt-BR\",\"potentialAction\":[{\"@type\":\"ReadAction\",\"target\":[\"https:\\\/\\\/www.grupomedcof.com.br\\\/blog\\\/residencia-medica-cerem-ba-2024-confira-aprovados\\\/\"]}]},{\"@type\":\"ImageObject\",\"inLanguage\":\"pt-BR\",\"@id\":\"https:\\\/\\\/www.grupomedcof.com.br\\\/blog\\\/residencia-medica-cerem-ba-2024-confira-aprovados\\\/#primaryimage\",\"url\":\"https:\\\/\\\/www.grupomedcof.com.br\\\/blog\\\/wp-content\\\/uploads\\\/2024\\\/03\\\/19.jpg\",\"contentUrl\":\"https:\\\/\\\/www.grupomedcof.com.br\\\/blog\\\/wp-content\\\/uploads\\\/2024\\\/03\\\/19.jpg\",\"width\":1920,\"height\":1080,\"caption\":\"No dia 15 de mar\u00e7o, a CEREM\\\/BA divulgou resultado de processo seletivo para vagas remanescentes em Resid\u00eancia M\u00e9dica 2024. Os aprovados poder\u00e3o realizar a matr\u00edcula no dia 21 de mar\u00e7o.\"},{\"@type\":\"BreadcrumbList\",\"@id\":\"https:\\\/\\\/www.grupomedcof.com.br\\\/blog\\\/residencia-medica-cerem-ba-2024-confira-aprovados\\\/#breadcrumb\",\"itemListElement\":[{\"@type\":\"ListItem\",\"position\":1,\"name\":\"In\u00edcio\",\"item\":\"https:\\\/\\\/www.grupomedcof.com.br\\\/blog\\\/\"},{\"@type\":\"ListItem\",\"position\":2,\"name\":\"Resid\u00eancia M\u00e9dica CEREM\\\/BA 2024 : confira aprovados\u00a0\"}]},{\"@type\":\"WebSite\",\"@id\":\"https:\\\/\\\/www.grupomedcof.com.br\\\/blog\\\/#website\",\"url\":\"https:\\\/\\\/www.grupomedcof.com.br\\\/blog\\\/\",\"name\":\"Blog de Medcof: conte\u00fados, editais, revalida e mais!\",\"description\":\"Acesso o blog de MedCof! Seu portal de conte\u00fados sobre resid\u00eancia m\u00e9dica, an\u00e1lise e editais e muito mais. Clique e confira!\",\"publisher\":{\"@id\":\"https:\\\/\\\/www.grupomedcof.com.br\\\/blog\\\/#organization\"},\"alternateName\":\"Blog de Medcof: conte\u00fados, editais, revalida e mais!\",\"potentialAction\":[{\"@type\":\"SearchAction\",\"target\":{\"@type\":\"EntryPoint\",\"urlTemplate\":\"https:\\\/\\\/www.grupomedcof.com.br\\\/blog\\\/?s={search_term_string}\"},\"query-input\":{\"@type\":\"PropertyValueSpecification\",\"valueRequired\":true,\"valueName\":\"search_term_string\"}}],\"inLanguage\":\"pt-BR\"},{\"@type\":\"Organization\",\"@id\":\"https:\\\/\\\/www.grupomedcof.com.br\\\/blog\\\/#organization\",\"name\":\"Grupo MedCof\",\"url\":\"https:\\\/\\\/www.grupomedcof.com.br\\\/blog\\\/\",\"logo\":{\"@type\":\"ImageObject\",\"inLanguage\":\"pt-BR\",\"@id\":\"https:\\\/\\\/www.grupomedcof.com.br\\\/blog\\\/#\\\/schema\\\/logo\\\/image\\\/\",\"url\":\"https:\\\/\\\/www.grupomedcof.com.br\\\/blog\\\/wp-content\\\/uploads\\\/2022\\\/01\\\/logo-medcof.png\",\"contentUrl\":\"https:\\\/\\\/www.grupomedcof.com.br\\\/blog\\\/wp-content\\\/uploads\\\/2022\\\/01\\\/logo-medcof.png\",\"width\":768,\"height\":269,\"caption\":\"Grupo MedCof\"},\"image\":{\"@id\":\"https:\\\/\\\/www.grupomedcof.com.br\\\/blog\\\/#\\\/schema\\\/logo\\\/image\\\/\"},\"sameAs\":[\"https:\\\/\\\/www.facebook.com\\\/MedCofQbank\\\/\",\"https:\\\/\\\/www.instagram.com\\\/grupomedcof\\\/\",\"https:\\\/\\\/br.linkedin.com\\\/company\\\/medcof\",\"https:\\\/\\\/www.youtube.com\\\/channel\\\/UCdHMuOHKICxcHwecxN8P-AA\"]},{\"@type\":\"Person\",\"@id\":\"https:\\\/\\\/www.grupomedcof.com.br\\\/blog\\\/#\\\/schema\\\/person\\\/1375e0ce724529d7a1d8156ea7f8ceaa\",\"name\":\"J\u00falia Moreira\",\"image\":{\"@type\":\"ImageObject\",\"inLanguage\":\"pt-BR\",\"@id\":\"https:\\\/\\\/www.grupomedcof.com.br\\\/blog\\\/wp-content\\\/uploads\\\/2024\\\/12\\\/cropped-Captura-de-tela-2023-12-15-094946-96x96.png6a0083ac34a0445de97d55fae63a4a41\",\"url\":\"https:\\\/\\\/www.grupomedcof.com.br\\\/blog\\\/wp-content\\\/uploads\\\/2024\\\/12\\\/cropped-Captura-de-tela-2023-12-15-094946-96x96.png\",\"contentUrl\":\"https:\\\/\\\/www.grupomedcof.com.br\\\/blog\\\/wp-content\\\/uploads\\\/2024\\\/12\\\/cropped-Captura-de-tela-2023-12-15-094946-96x96.png\",\"caption\":\"J\u00falia Moreira\"},\"description\":\"Estudante do 8\u00ba semestre de Jornalismo na ECA-USP, f\u00e3 de filmes de terror e m\u00fasica popular sul-coreana.\",\"sameAs\":[\"https:\\\/\\\/www.grupomedcof.com.br\\\/\"],\"url\":\"https:\\\/\\\/www.grupomedcof.com.br\\\/blog\\\/author\\\/julia\\\/\"}]}<\/script>\n<!-- \/ Yoast SEO Premium plugin. -->","yoast_head_json":{"title":"CEREM BA 2024: Vagas Remanescentes e Matr\u00edcula","description":"No dia 15 de mar\u00e7o, a CEREM\/BA divulgou resultado de processo seletivo para vagas remanescentes em Resid\u00eancia M\u00e9dica 2024. Os apr...","robots":{"index":"index","follow":"follow","max-snippet":"max-snippet:-1","max-image-preview":"max-image-preview:large","max-video-preview":"max-video-preview:-1"},"canonical":"https:\/\/www.grupomedcof.com.br\/blog\/residencia-medica-cerem-ba-2024-confira-aprovados\/","og_locale":"pt_BR","og_type":"article","og_title":"Resid\u00eancia M\u00e9dica CEREM\/BA 2024 : confira aprovados\u00a0","og_description":"No dia 15 de mar\u00e7o, a CEREM\/BA divulgou resultado de processo seletivo para vagas remanescentes em Resid\u00eancia M\u00e9dica 2024. Os apr...","og_url":"https:\/\/www.grupomedcof.com.br\/blog\/residencia-medica-cerem-ba-2024-confira-aprovados\/","og_site_name":"Blog de Medcof: conte\u00fados, editais, revalida e mais!","article_publisher":"https:\/\/www.facebook.com\/MedCofQbank\/","article_published_time":"2024-03-20T17:59:47+00:00","og_image":[{"width":1920,"height":1080,"url":"https:\/\/www.grupomedcof.com.br\/blog\/wp-content\/uploads\/2024\/03\/19.jpg","type":"image\/jpeg"}],"author":"J\u00falia Moreira","twitter_card":"summary_large_image","twitter_misc":{"Escrito por":"J\u00falia Moreira","Est. tempo de leitura":"5 minutos"},"schema":{"@context":"https:\/\/schema.org","@graph":[{"@type":"Article","@id":"https:\/\/www.grupomedcof.com.br\/blog\/residencia-medica-cerem-ba-2024-confira-aprovados\/#article","isPartOf":{"@id":"https:\/\/www.grupomedcof.com.br\/blog\/residencia-medica-cerem-ba-2024-confira-aprovados\/"},"author":{"name":"J\u00falia Moreira","@id":"https:\/\/www.grupomedcof.com.br\/blog\/#\/schema\/person\/1375e0ce724529d7a1d8156ea7f8ceaa"},"headline":"Resid\u00eancia M\u00e9dica CEREM\/BA 2024 : confira aprovados\u00a0","datePublished":"2024-03-20T17:59:47+00:00","mainEntityOfPage":{"@id":"https:\/\/www.grupomedcof.com.br\/blog\/residencia-medica-cerem-ba-2024-confira-aprovados\/"},"wordCount":391,"commentCount":0,"publisher":{"@id":"https:\/\/www.grupomedcof.com.br\/blog\/#organization"},"image":{"@id":"https:\/\/www.grupomedcof.com.br\/blog\/residencia-medica-cerem-ba-2024-confira-aprovados\/#primaryimage"},"thumbnailUrl":"https:\/\/www.grupomedcof.com.br\/blog\/wp-content\/uploads\/2024\/03\/19.jpg","keywords":["Provas de Resid\u00eancia","Resid\u00eancia M\u00e9dica"],"articleSection":["Carreira M\u00e9dica","Resid\u00eancia m\u00e9dica: editais, resultados, temas quentes e mais"],"inLanguage":"pt-BR"},{"@type":"WebPage","@id":"https:\/\/www.grupomedcof.com.br\/blog\/residencia-medica-cerem-ba-2024-confira-aprovados\/","url":"https:\/\/www.grupomedcof.com.br\/blog\/residencia-medica-cerem-ba-2024-confira-aprovados\/","name":"CEREM BA 2024: Vagas Remanescentes e Matr\u00edcula","isPartOf":{"@id":"https:\/\/www.grupomedcof.com.br\/blog\/#website"},"primaryImageOfPage":{"@id":"https:\/\/www.grupomedcof.com.br\/blog\/residencia-medica-cerem-ba-2024-confira-aprovados\/#primaryimage"},"image":{"@id":"https:\/\/www.grupomedcof.com.br\/blog\/residencia-medica-cerem-ba-2024-confira-aprovados\/#primaryimage"},"thumbnailUrl":"https:\/\/www.grupomedcof.com.br\/blog\/wp-content\/uploads\/2024\/03\/19.jpg","datePublished":"2024-03-20T17:59:47+00:00","description":"No dia 15 de mar\u00e7o, a CEREM\/BA divulgou resultado de processo seletivo para vagas remanescentes em Resid\u00eancia M\u00e9dica 2024. Os apr...","breadcrumb":{"@id":"https:\/\/www.grupomedcof.com.br\/blog\/residencia-medica-cerem-ba-2024-confira-aprovados\/#breadcrumb"},"inLanguage":"pt-BR","potentialAction":[{"@type":"ReadAction","target":["https:\/\/www.grupomedcof.com.br\/blog\/residencia-medica-cerem-ba-2024-confira-aprovados\/"]}]},{"@type":"ImageObject","inLanguage":"pt-BR","@id":"https:\/\/www.grupomedcof.com.br\/blog\/residencia-medica-cerem-ba-2024-confira-aprovados\/#primaryimage","url":"https:\/\/www.grupomedcof.com.br\/blog\/wp-content\/uploads\/2024\/03\/19.jpg","contentUrl":"https:\/\/www.grupomedcof.com.br\/blog\/wp-content\/uploads\/2024\/03\/19.jpg","width":1920,"height":1080,"caption":"No dia 15 de mar\u00e7o, a CEREM\/BA divulgou resultado de processo seletivo para vagas remanescentes em Resid\u00eancia M\u00e9dica 2024. Os aprovados poder\u00e3o realizar a matr\u00edcula no dia 21 de mar\u00e7o."},{"@type":"BreadcrumbList","@id":"https:\/\/www.grupomedcof.com.br\/blog\/residencia-medica-cerem-ba-2024-confira-aprovados\/#breadcrumb","itemListElement":[{"@type":"ListItem","position":1,"name":"In\u00edcio","item":"https:\/\/www.grupomedcof.com.br\/blog\/"},{"@type":"ListItem","position":2,"name":"Resid\u00eancia M\u00e9dica CEREM\/BA 2024 : confira aprovados\u00a0"}]},{"@type":"WebSite","@id":"https:\/\/www.grupomedcof.com.br\/blog\/#website","url":"https:\/\/www.grupomedcof.com.br\/blog\/","name":"Blog de Medcof: conte\u00fados, editais, revalida e mais!","description":"Acesso o blog de MedCof! Seu portal de conte\u00fados sobre resid\u00eancia m\u00e9dica, an\u00e1lise e editais e muito mais. Clique e confira!","publisher":{"@id":"https:\/\/www.grupomedcof.com.br\/blog\/#organization"},"alternateName":"Blog de Medcof: conte\u00fados, editais, revalida e mais!","potentialAction":[{"@type":"SearchAction","target":{"@type":"EntryPoint","urlTemplate":"https:\/\/www.grupomedcof.com.br\/blog\/?s={search_term_string}"},"query-input":{"@type":"PropertyValueSpecification","valueRequired":true,"valueName":"search_term_string"}}],"inLanguage":"pt-BR"},{"@type":"Organization","@id":"https:\/\/www.grupomedcof.com.br\/blog\/#organization","name":"Grupo MedCof","url":"https:\/\/www.grupomedcof.com.br\/blog\/","logo":{"@type":"ImageObject","inLanguage":"pt-BR","@id":"https:\/\/www.grupomedcof.com.br\/blog\/#\/schema\/logo\/image\/","url":"https:\/\/www.grupomedcof.com.br\/blog\/wp-content\/uploads\/2022\/01\/logo-medcof.png","contentUrl":"https:\/\/www.grupomedcof.com.br\/blog\/wp-content\/uploads\/2022\/01\/logo-medcof.png","width":768,"height":269,"caption":"Grupo MedCof"},"image":{"@id":"https:\/\/www.grupomedcof.com.br\/blog\/#\/schema\/logo\/image\/"},"sameAs":["https:\/\/www.facebook.com\/MedCofQbank\/","https:\/\/www.instagram.com\/grupomedcof\/","https:\/\/br.linkedin.com\/company\/medcof","https:\/\/www.youtube.com\/channel\/UCdHMuOHKICxcHwecxN8P-AA"]},{"@type":"Person","@id":"https:\/\/www.grupomedcof.com.br\/blog\/#\/schema\/person\/1375e0ce724529d7a1d8156ea7f8ceaa","name":"J\u00falia Moreira","image":{"@type":"ImageObject","inLanguage":"pt-BR","@id":"https:\/\/www.grupomedcof.com.br\/blog\/wp-content\/uploads\/2024\/12\/cropped-Captura-de-tela-2023-12-15-094946-96x96.png6a0083ac34a0445de97d55fae63a4a41","url":"https:\/\/www.grupomedcof.com.br\/blog\/wp-content\/uploads\/2024\/12\/cropped-Captura-de-tela-2023-12-15-094946-96x96.png","contentUrl":"https:\/\/www.grupomedcof.com.br\/blog\/wp-content\/uploads\/2024\/12\/cropped-Captura-de-tela-2023-12-15-094946-96x96.png","caption":"J\u00falia Moreira"},"description":"Estudante do 8\u00ba semestre de Jornalismo na ECA-USP, f\u00e3 de filmes de terror e m\u00fasica popular sul-coreana.","sameAs":["https:\/\/www.grupomedcof.com.br\/"],"url":"https:\/\/www.grupomedcof.com.br\/blog\/author\/julia\/"}]}},"authors":[{"term_id":3609,"user_id":6,"is_guest":0,"slug":"julia","display_name":"J\u00falia Moreira","avatar_url":"https:\/\/www.grupomedcof.com.br\/blog\/wp-content\/uploads\/2024\/12\/cropped-Captura-de-tela-2023-12-15-094946-96x96.png","0":null,"1":"","2":"","3":"","4":"","5":"","6":"","7":"","8":""}],"_links":{"self":[{"href":"https:\/\/www.grupomedcof.com.br\/blog\/wp-json\/wp\/v2\/posts\/22747","targetHints":{"allow":["GET"]}}],"collection":[{"href":"https:\/\/www.grupomedcof.com.br\/blog\/wp-json\/wp\/v2\/posts"}],"about":[{"href":"https:\/\/www.grupomedcof.com.br\/blog\/wp-json\/wp\/v2\/types\/post"}],"author":[{"embeddable":true,"href":"https:\/\/www.grupomedcof.com.br\/blog\/wp-json\/wp\/v2\/users\/6"}],"replies":[{"embeddable":true,"href":"https:\/\/www.grupomedcof.com.br\/blog\/wp-json\/wp\/v2\/comments?post=22747"}],"version-history":[{"count":0,"href":"https:\/\/www.grupomedcof.com.br\/blog\/wp-json\/wp\/v2\/posts\/22747\/revisions"}],"wp:featuredmedia":[{"embeddable":true,"href":"https:\/\/www.grupomedcof.com.br\/blog\/wp-json\/wp\/v2\/media\/22809"}],"wp:attachment":[{"href":"https:\/\/www.grupomedcof.com.br\/blog\/wp-json\/wp\/v2\/media?parent=22747"}],"wp:term":[{"taxonomy":"category","embeddable":true,"href":"https:\/\/www.grupomedcof.com.br\/blog\/wp-json\/wp\/v2\/categories?post=22747"},{"taxonomy":"post_tag","embeddable":true,"href":"https:\/\/www.grupomedcof.com.br\/blog\/wp-json\/wp\/v2\/tags?post=22747"},{"taxonomy":"author","embeddable":true,"href":"https:\/\/www.grupomedcof.com.br\/blog\/wp-json\/wp\/v2\/ppma_author?post=22747"}],"curies":[{"name":"wp","href":"https:\/\/api.w.org\/{rel}","templated":true}]}}