{"id":22946,"date":"2024-03-21T16:38:47","date_gmt":"2024-03-21T19:38:47","guid":{"rendered":"https:\/\/www.grupomedcof.com.br\/blog\/?p=22946"},"modified":"2024-03-21T16:38:47","modified_gmt":"2024-03-21T19:38:47","slug":"anemia-fisiologica-e-anemia-ferropriva-voce-sabe-diferenciar","status":"publish","type":"post","link":"https:\/\/www.grupomedcof.com.br\/blog\/anemia-fisiologica-e-anemia-ferropriva-voce-sabe-diferenciar\/","title":{"rendered":"Anemia fisiol\u00f3gica e anemia ferropriva: voc\u00ea sabe diferenciar?"},"content":{"rendered":"<div id=\"ez-toc-container\" class=\"ez-toc-v2_0_74 counter-hierarchy ez-toc-counter ez-toc-transparent ez-toc-container-direction\">\n<div class=\"ez-toc-title-container\">\n<p class=\"ez-toc-title\" style=\"cursor:inherit\">Sum\u00e1rio<\/p>\n<span class=\"ez-toc-title-toggle\"><a href=\"#\" class=\"ez-toc-pull-right ez-toc-btn ez-toc-btn-xs ez-toc-btn-default ez-toc-toggle\" aria-label=\"Alternar tabela de conte\u00fado\"><span class=\"ez-toc-js-icon-con\"><span class=\"\"><span class=\"eztoc-hide\" style=\"display:none;\">Toggle<\/span><span class=\"ez-toc-icon-toggle-span\"><svg style=\"fill: #999;color:#999\" xmlns=\"http:\/\/www.w3.org\/2000\/svg\" class=\"list-377408\" width=\"20px\" height=\"20px\" viewBox=\"0 0 24 24\" fill=\"none\"><path d=\"M6 6H4v2h2V6zm14 0H8v2h12V6zM4 11h2v2H4v-2zm16 0H8v2h12v-2zM4 16h2v2H4v-2zm16 0H8v2h12v-2z\" fill=\"currentColor\"><\/path><\/svg><svg style=\"fill: #999;color:#999\" class=\"arrow-unsorted-368013\" xmlns=\"http:\/\/www.w3.org\/2000\/svg\" width=\"10px\" height=\"10px\" viewBox=\"0 0 24 24\" version=\"1.2\" baseProfile=\"tiny\"><path d=\"M18.2 9.3l-6.2-6.3-6.2 6.3c-.2.2-.3.4-.3.7s.1.5.3.7c.2.2.4.3.7.3h11c.3 0 .5-.1.7-.3.2-.2.3-.5.3-.7s-.1-.5-.3-.7zM5.8 14.7l6.2 6.3 6.2-6.3c.2-.2.3-.5.3-.7s-.1-.5-.3-.7c-.2-.2-.4-.3-.7-.3h-11c-.3 0-.5.1-.7.3-.2.2-.3.5-.3.7s.1.5.3.7z\"\/><\/svg><\/span><\/span><\/span><\/a><\/span><\/div>\n<nav><ul class='ez-toc-list ez-toc-list-level-1 ' ><li class='ez-toc-page-1 ez-toc-heading-level-2'><a class=\"ez-toc-link ez-toc-heading-1\" href=\"https:\/\/www.grupomedcof.com.br\/blog\/anemia-fisiologica-e-anemia-ferropriva-voce-sabe-diferenciar\/#Anemia_fisiologica\" >Anemia fisiol\u00f3gica<\/a><\/li><li class='ez-toc-page-1 ez-toc-heading-level-2'><a class=\"ez-toc-link ez-toc-heading-2\" href=\"https:\/\/www.grupomedcof.com.br\/blog\/anemia-fisiologica-e-anemia-ferropriva-voce-sabe-diferenciar\/#Sinais_de_alarme_para_Anemia_Patologica\" >Sinais de alarme para Anemia Patol\u00f3gica<\/a><\/li><li class='ez-toc-page-1 ez-toc-heading-level-2'><a class=\"ez-toc-link ez-toc-heading-3\" href=\"https:\/\/www.grupomedcof.com.br\/blog\/anemia-fisiologica-e-anemia-ferropriva-voce-sabe-diferenciar\/#O_metodo_que_te_aprova\" >O m\u00e9todo que te aprova<\/a><\/li><li class='ez-toc-page-1 ez-toc-heading-level-2'><a class=\"ez-toc-link ez-toc-heading-4\" href=\"https:\/\/www.grupomedcof.com.br\/blog\/anemia-fisiologica-e-anemia-ferropriva-voce-sabe-diferenciar\/#O_metodo_que_te_aprova-2\" >O m\u00e9todo que te aprova<\/a><\/li><li class='ez-toc-page-1 ez-toc-heading-level-2'><a class=\"ez-toc-link ez-toc-heading-5\" href=\"https:\/\/www.grupomedcof.com.br\/blog\/anemia-fisiologica-e-anemia-ferropriva-voce-sabe-diferenciar\/#O_metodo_que_te_aprova-3\" >O m\u00e9todo que te aprova<\/a><\/li><li class='ez-toc-page-1 ez-toc-heading-level-2'><a class=\"ez-toc-link ez-toc-heading-6\" href=\"https:\/\/www.grupomedcof.com.br\/blog\/anemia-fisiologica-e-anemia-ferropriva-voce-sabe-diferenciar\/#O_metodo_que_te_aprova-4\" >O m\u00e9todo que te aprova<\/a><\/li><li class='ez-toc-page-1 ez-toc-heading-level-2'><a class=\"ez-toc-link ez-toc-heading-7\" href=\"https:\/\/www.grupomedcof.com.br\/blog\/anemia-fisiologica-e-anemia-ferropriva-voce-sabe-diferenciar\/#O_metodo_que_te_aprova-5\" >O m\u00e9todo que te aprova<\/a><\/li><li class='ez-toc-page-1 ez-toc-heading-level-2'><a class=\"ez-toc-link ez-toc-heading-8\" href=\"https:\/\/www.grupomedcof.com.br\/blog\/anemia-fisiologica-e-anemia-ferropriva-voce-sabe-diferenciar\/#O_metodo_que_te_aprova-6\" >O m\u00e9todo que te aprova<\/a><\/li><li class='ez-toc-page-1 ez-toc-heading-level-2'><a class=\"ez-toc-link ez-toc-heading-9\" href=\"https:\/\/www.grupomedcof.com.br\/blog\/anemia-fisiologica-e-anemia-ferropriva-voce-sabe-diferenciar\/#O_metodo_que_te_aprova-7\" >O m\u00e9todo que te aprova<\/a><\/li><li class='ez-toc-page-1 ez-toc-heading-level-2'><a class=\"ez-toc-link ez-toc-heading-10\" href=\"https:\/\/www.grupomedcof.com.br\/blog\/anemia-fisiologica-e-anemia-ferropriva-voce-sabe-diferenciar\/#Anemia_Ferropriva\" >Anemia Ferropriva<\/a><\/li><li class='ez-toc-page-1 ez-toc-heading-level-2'><a class=\"ez-toc-link ez-toc-heading-11\" href=\"https:\/\/www.grupomedcof.com.br\/blog\/anemia-fisiologica-e-anemia-ferropriva-voce-sabe-diferenciar\/#O_metodo_que_te_aprova-8\" >O m\u00e9todo que te aprova<\/a><\/li><\/ul><\/nav><\/div>\n<img loading=\"lazy\" decoding=\"async\" width=\"800\" height=\"450\" src=\"https:\/\/www.grupomedcof.com.br\/blog\/wp-content\/uploads\/2024\/03\/Blog-MedCof-23-1024x576.png\" alt=\"anemia-fisiol\u00f3gica-e-anemia-ferropriva-saiba-diferenciar\" srcset=\"https:\/\/www.grupomedcof.com.br\/blog\/wp-content\/uploads\/2024\/03\/Blog-MedCof-23-1024x576.png 1024w, https:\/\/www.grupomedcof.com.br\/blog\/wp-content\/uploads\/2024\/03\/Blog-MedCof-23-300x169.png 300w, https:\/\/www.grupomedcof.com.br\/blog\/wp-content\/uploads\/2024\/03\/Blog-MedCof-23-768x432.png 768w, https:\/\/www.grupomedcof.com.br\/blog\/wp-content\/uploads\/2024\/03\/Blog-MedCof-23-1536x864.png 1536w, https:\/\/www.grupomedcof.com.br\/blog\/wp-content\/uploads\/2024\/03\/Blog-MedCof-23.png 1920w\" sizes=\"auto, (max-width: 800px) 100vw, 800px\" \/>\t\t\t\t\t\t\t\t\t\t\t\t\t\t\t\n\t\t<p>Saiba diferenciar a anemia fisiol\u00f3gica da anemia ferropriva\u00a0confira o <a href=\"https:\/\/www.grupomedcof.com.br\/blog\/anemia-ferropriva-saiba-mais-sobre\/\">post<\/a> depois, analisando fatores de risco.<\/p>\t\t\n\t\t\t<h4>\n\t\t\t\tSum\u00e1rio\t\t\t<\/h4>\n\t\t<p>Sobretudo sabemos que a <strong>anemia<\/strong> \u00e9 a <strong>principal doen\u00e7a metab\u00f3lica da inf\u00e2ncia<\/strong> e acomete cerca de <strong>1\/3 da popula\u00e7\u00e3o mundial<\/strong>, cerca de 21% de crian\u00e7as de 6 meses a 5 anos s\u00e3o acometidas por esta condi\u00e7\u00e3o no Brasil.<\/p><p>Dessa maneira temos duas das formas mais frequentes s\u00e3o a <b>anemia fisiol\u00f3gica<\/b> e a <b>anemia ferropriva.<\/b><\/p><p>Nesse post vamos explorar as diferen\u00e7as entre essas condi\u00e7\u00f5es e como identific\u00e1-las corretamente.<\/p><h2 id=\"h-anemia-fisiologica\"><span class=\"ez-toc-section\" id=\"Anemia_fisiologica\"><\/span>Anemia fisiol\u00f3gica<span class=\"ez-toc-section-end\"><\/span><\/h2>\n<p><!-- \/wp:post-content --><!-- wp:paragraph --><\/p>\n<p>Todavia a anemia fisiol\u00f3gica, tamb\u00e9m chamada de anemia do crescimento, \u00e9 comum em beb\u00eas e crian\u00e7as pequenas. Assim ela ocorre devido ao r\u00e1pido crescimento e expans\u00e3o do volume sangu\u00edneo nessa faixa et\u00e1ria.<\/p><p>Durante esse per\u00edodo de crescimento acelerado, a dilui\u00e7\u00e3o da hemoglobina no sangue \u00e9 uma ocorr\u00eancia normal. Isso significa que a quantidade total de hemoglobina pode parecer baixa, mas isso n\u00e3o necessariamente indica um problema de sa\u00fade.<\/p><p>Essa condi\u00e7\u00e3o ocorre nos primeiros 2 a 3 meses da crian\u00e7a devido aos mecanismos citados anteriormente, e \u00e9 considerada uma condi\u00e7\u00e3o benigna e autolimitada, j\u00e1 que n\u00e3o requer tratamento espec\u00edfico, uma vez que os n\u00edveis de hemoglobina tendem a se normalizar \u00e0 medida que a crian\u00e7a cresce.<\/p><h2><span class=\"ez-toc-section\" id=\"Sinais_de_alarme_para_Anemia_Patologica\"><\/span>Sinais de alarme para Anemia Patol\u00f3gica<span class=\"ez-toc-section-end\"><\/span><\/h2>\n<p><!-- \/wp:paragraph --><!-- wp:paragraph --><\/p>\n<p>Apesar de existir a anemia fisiol\u00f3gica, existem alguns sinais que fazem suspeitar de uma anemia patol\u00f3gica:<\/p>\n<p><!-- \/wp:paragraph --><!-- wp:list-item -->\n<li>Baixa ades\u00e3o \u00e0 suplementa\u00e7\u00e3o profil\u00e1tica com ferro medicamentoso.<\/li>\n<\/ul>\n<\/li>\n<\/ul><ul>\n<li><strong>M\u00e1 absor\u00e7\u00e3o<\/strong><!-- wp:list -->\n<ul>\n<li style=\"list-style-type: none;\">\n<ul><!-- wp:list-item --><\/ul>\n<\/li>\n<\/ul>\n<p>\u00a0<\/p>\n<ul>\n<li style=\"list-style-type: none;\">\n<ul>\n<li>S\u00edndromes de m\u00e1-absor\u00e7\u00e3o (doen\u00e7a cel\u00edaca, doen\u00e7a inflamat\u00f3ria intestinal)<\/li>\n<\/ul>\n<\/li>\n<\/ul>\n<p><!-- \/wp:list-item --><!-- wp:list-item --><\/p>\n<ul>\n<li style=\"list-style-type: none;\">\n<ul>\n<li>Gastrite atr\u00f3fica, cirurgia g\u00e1strica (bari\u00e1trica, ressec\u00e7\u00e3o g\u00e1strica)<\/li>\n<\/ul>\n<\/li>\n<\/ul>\n<p><!-- \/wp:list-item --><!-- wp:list-item --><\/p>\n<ul>\n<li>Redu\u00e7\u00e3o da acidez g\u00e1strica (anti\u00e1cidos, bloqueadores H2, inibidores de bomba de pr\u00f3tons)<\/li>\n<\/ul>\n<\/li>\n<\/ul><!-- wp:paragraph \/--><!-- wp:paragraph \/--><!-- wp:paragraph \/--><!-- wp:heading {\"level\":1} \/--><!-- wp:paragraph \/--><!-- wp:paragraph \/--><!-- wp:heading \/--><!-- wp:paragraph \/--><!-- wp:paragraph -->\n<ul>\n<li><strong>Perdas sangu\u00edneas<\/strong><!-- wp:list -->\n<ul><!-- wp:list-item -->\n<li>Traum\u00e1tica ou cir\u00fargica<\/li>\n<!-- \/wp:list-item --><!-- wp:list-item -->\n<li>Hemorragia gastrintestinal (ex: doen\u00e7a inflamat\u00f3ria intestinal, polipose col\u00f4nica, drogas anti-inflamat\u00f3rias n\u00e3o esteroides, infec\u00e7\u00e3o por Helicobacter pylori, verminose \u2013 estrongiloides, necatur, ancilostoma \u2013 enteropatias\/colites al\u00e9rgicas, esquistossomose)<\/li>\n<!-- \/wp:list-item --><!-- wp:list-item -->\n<li>Hemorragia ginecol\u00f3gica<\/li>\n<!-- \/wp:list-item --><!-- wp:list-item -->\n<li>Hemorragia urol\u00f3gica (esquistossomose, glomerulonefrite, trauma renal)<\/li>\n<!-- \/wp:list-item --><!-- wp:list-item -->\n<li>Hemorragia pulmonar (tuberculose, mal forma\u00e7\u00e3o pulmonar, hemossiderose pulmonar idiop\u00e1tica, s\u00edndrome Goodpasture, etc)<\/li>\n<!-- \/wp:list-item --><!-- wp:list-item -->\n<li>Discrasias sangu\u00edneas<\/li>\n<!-- \/wp:list-item --><!-- wp:list-item -->\n<li>Mal\u00e1ria<\/li>\n<!-- \/wp:list-item --><\/ul>\n<!-- \/wp:list --><\/li>\n<!-- \/wp:paragraph --><\/ul>\n<!-- \/wp:list-item --><!-- wp:heading -->\n<p>\u00a0<\/p>\n<!-- \/wp:heading --><p><!-- \/wp:list --><!-- wp:paragraph --><\/p>\n<p>Portanto para distinguir os dois tipos de anemia \u00e9 importante se atentar \u00e0 idade da crian\u00e7a, ao quaro cl\u00ednico, fatores de risco e exames laboratoriais (especialmente o painel do ferro), pois ir\u00e1 ajudar a diferenciar essas duas patologias t\u00e3o pr\u00f3ximas, mas que necessitam de diferentes condutas no seguimento do paciente.<\/p>\t\t\n\t\t\t<h2><span class=\"ez-toc-section\" id=\"O_metodo_que_te_aprova\"><\/span>O m\u00e9todo que te aprova<span class=\"ez-toc-section-end\"><\/span><\/h2>\t\t\n\t\t<p>Se voc\u00ea quer garantir a sua aprova\u00e7\u00e3o nas provas de resid\u00eancia, ent\u00e3o conhe\u00e7a o\u00a0<strong>Grupo MedCof\u00a0<\/strong>e a metodologia que j\u00e1 aprovou mais de 10 mil residentes pelo pa\u00eds. Confira abaixo o epis\u00f3dio do nosso podcast Papo de Aprovado em que nossos coordenadores conversam com quem pode comprovar na pr\u00e1tica a recompensa de confiar em nosso m\u00e9todo:\u00a0<\/p>https:\/\/www.youtube.com\/watch?v=XshpBO3sm5o&#038;t=1s<!-- \/wp:paragraph --><!-- \/wp:list-item -->\n<li>Atletas de competi\u00e7\u00e3o<\/li>\n<\/ul>\n<\/li>\n<\/ul><ul>\n<li><strong>D\u00e9ficit no fornecimento<\/strong><!-- wp:list -->\n<ul><!-- wp:list-item -->\n<li>Clampeamento precoce do cord\u00e3o umbilical ( &lt; 1 minuto de vida)<\/li>\n<!-- \/wp:list-item --><!-- wp:list-item -->\n<li>Aleitamento materno exclusivo prolongado (&gt; 6 meses)<\/li>\n<!-- \/wp:list-item --><!-- wp:list-item -->\n<li>Alimenta\u00e7\u00e3o complementar com alimentos pobres em ferro ou de baixa biodisponibilidade<\/li>\n<!-- \/wp:list-item --><!-- wp:list-item -->\n<li>Consumo de leite de vaca antes de um ano de vida<\/li>\n<!-- \/wp:list-item --><!-- wp:list-item -->\n<li>Excesso de consumo de leite de vaca (&gt; 500ml\/dia)<\/li>\n<!-- \/wp:list-item --><!-- wp:list-item -->\n<li>Consumo de f\u00f3rmula infantil com ferro de baixa biodisponibilidade<\/li>\n<!-- \/wp:list-item --><!-- wp:list-item -->\n<li>Dietas vegetarianas sem orienta\u00e7\u00e3o de m\u00e9dico\/nutricionista<\/li>\n<!-- \/wp:list-item --><!-- wp:list-item -->\n<li>Baixa ades\u00e3o \u00e0 suplementa\u00e7\u00e3o profil\u00e1tica com ferro medicamentoso.<\/li>\n<\/ul>\n<\/li>\n<\/ul><ul>\n<li><strong>M\u00e1 absor\u00e7\u00e3o<\/strong><!-- wp:list -->\n<ul>\n<li style=\"list-style-type: none;\">\n<ul><!-- wp:list-item --><\/ul>\n<\/li>\n<\/ul>\n<p>\u00a0<\/p>\n<ul>\n<li style=\"list-style-type: none;\">\n<ul>\n<li>S\u00edndromes de m\u00e1-absor\u00e7\u00e3o (doen\u00e7a cel\u00edaca, doen\u00e7a inflamat\u00f3ria intestinal)<\/li>\n<\/ul>\n<\/li>\n<\/ul>\n<p><!-- \/wp:list-item --><!-- wp:list-item --><\/p>\n<ul>\n<li style=\"list-style-type: none;\">\n<ul>\n<li>Gastrite atr\u00f3fica, cirurgia g\u00e1strica (bari\u00e1trica, ressec\u00e7\u00e3o g\u00e1strica)<\/li>\n<\/ul>\n<\/li>\n<\/ul>\n<p><!-- \/wp:list-item --><!-- wp:list-item --><\/p>\n<ul>\n<li>Redu\u00e7\u00e3o da acidez g\u00e1strica (anti\u00e1cidos, bloqueadores H2, inibidores de bomba de pr\u00f3tons)<\/li>\n<\/ul>\n<\/li>\n<\/ul><!-- wp:paragraph --><!-- \/wp:paragraph --><!-- wp:paragraph --><!-- \/wp:paragraph --><!-- wp:paragraph --><!-- \/wp:paragraph --><!-- wp:heading {\"level\":1} --><!-- \/wp:paragraph --><!-- wp:paragraph --><!-- \/wp:paragraph --><!-- wp:paragraph --><!-- \/wp:paragraph --><!-- wp:heading --><!-- \/wp:paragraph --><!-- wp:paragraph --><!-- \/wp:paragraph --><!-- wp:paragraph -->\n<ul>\n<li><strong>Perdas sangu\u00edneas<\/strong><!-- wp:list -->\n<ul><!-- wp:list-item -->\n<li>Traum\u00e1tica ou cir\u00fargica<\/li>\n<!-- \/wp:list-item --><!-- wp:list-item -->\n<li>Hemorragia gastrintestinal (ex: doen\u00e7a inflamat\u00f3ria intestinal, polipose col\u00f4nica, drogas anti-inflamat\u00f3rias n\u00e3o esteroides, infec\u00e7\u00e3o por Helicobacter pylori, verminose \u2013 estrongiloides, necatur, ancilostoma \u2013 enteropatias\/colites al\u00e9rgicas, esquistossomose)<\/li>\n<!-- \/wp:list-item --><!-- wp:list-item -->\n<li>Hemorragia ginecol\u00f3gica<\/li>\n<!-- \/wp:list-item --><!-- wp:list-item -->\n<li>Hemorragia urol\u00f3gica (esquistossomose, glomerulonefrite, trauma renal)<\/li>\n<!-- \/wp:list-item --><!-- wp:list-item -->\n<li>Hemorragia pulmonar (tuberculose, mal forma\u00e7\u00e3o pulmonar, hemossiderose pulmonar idiop\u00e1tica, s\u00edndrome Goodpasture, etc)<\/li>\n<!-- \/wp:list-item --><!-- wp:list-item -->\n<li>Discrasias sangu\u00edneas<\/li>\n<!-- \/wp:list-item --><!-- wp:list-item -->\n<li>Mal\u00e1ria<\/li>\n<!-- \/wp:list-item --><\/ul>\n<!-- \/wp:list --><\/li>\n<!-- \/wp:list-item --><\/ul>\n<!-- \/wp:list --><!-- wp:heading -->\n<p>\u00a0<\/p>\n<!-- \/wp:paragraph --><p><!-- \/wp:heading --><!-- wp:paragraph --><\/p>\n<p>Portanto para distinguir os dois tipos de anemia \u00e9 importante se atentar \u00e0 idade da crian\u00e7a, ao quaro cl\u00ednico, fatores de risco e exames laboratoriais (especialmente o painel do ferro), pois ir\u00e1 ajudar a diferenciar essas duas patologias t\u00e3o pr\u00f3ximas, mas que necessitam de diferentes condutas no seguimento do paciente.<\/p>\t\t\n\t\t\t<h2><span class=\"ez-toc-section\" id=\"O_metodo_que_te_aprova-2\"><\/span>O m\u00e9todo que te aprova<span class=\"ez-toc-section-end\"><\/span><\/h2>\t\t\n\t\t<p>Se voc\u00ea quer garantir a sua aprova\u00e7\u00e3o nas provas de resid\u00eancia, ent\u00e3o conhe\u00e7a o\u00a0<strong>Grupo MedCof\u00a0<\/strong>e a metodologia que j\u00e1 aprovou mais de 10 mil residentes pelo pa\u00eds. Confira abaixo o epis\u00f3dio do nosso podcast Papo de Aprovado em que nossos coordenadores conversam com quem pode comprovar na pr\u00e1tica a recompensa de confiar em nosso m\u00e9todo:\u00a0<\/p>https:\/\/www.youtube.com\/watch?v=XshpBO3sm5o&#038;t=1s<!-- \/wp:post-content --><!-- \/wp:list --><!-- wp:list-item -->\n<li>Atletas de competi\u00e7\u00e3o<\/li>\n<\/ul>\n<\/li>\n<\/ul><ul>\n<li><strong>D\u00e9ficit no fornecimento<\/strong><!-- wp:list -->\n<ul><!-- wp:list-item -->\n<li>Clampeamento precoce do cord\u00e3o umbilical ( &lt; 1 minuto de vida)<\/li>\n<!-- \/wp:list-item --><!-- wp:list-item -->\n<li>Aleitamento materno exclusivo prolongado (&gt; 6 meses)<\/li>\n<!-- \/wp:list-item --><!-- wp:list-item -->\n<li>Alimenta\u00e7\u00e3o complementar com alimentos pobres em ferro ou de baixa biodisponibilidade<\/li>\n<!-- \/wp:list-item --><!-- wp:list-item -->\n<li>Consumo de leite de vaca antes de um ano de vida<\/li>\n<!-- \/wp:list-item --><!-- wp:list-item -->\n<li>Excesso de consumo de leite de vaca (&gt; 500ml\/dia)<\/li>\n<!-- \/wp:list-item --><!-- wp:list-item -->\n<li>Consumo de f\u00f3rmula infantil com ferro de baixa biodisponibilidade<\/li>\n<!-- \/wp:list-item --><!-- wp:list-item -->\n<li>Dietas vegetarianas sem orienta\u00e7\u00e3o de m\u00e9dico\/nutricionista<\/li>\n<!-- \/wp:list-item --><!-- wp:list-item -->\n<li>Baixa ades\u00e3o \u00e0 suplementa\u00e7\u00e3o profil\u00e1tica com ferro medicamentoso.<\/li>\n<\/ul>\n<\/li>\n<\/ul><ul>\n<li><strong>M\u00e1 absor\u00e7\u00e3o<\/strong><!-- wp:list -->\n<ul>\n<li style=\"list-style-type: none;\">\n<ul><!-- wp:list-item --><\/ul>\n<\/li>\n<\/ul>\n<p>\u00a0<\/p>\n<ul>\n<li style=\"list-style-type: none;\">\n<ul>\n<li>S\u00edndromes de m\u00e1-absor\u00e7\u00e3o (doen\u00e7a cel\u00edaca, doen\u00e7a inflamat\u00f3ria intestinal)<\/li>\n<\/ul>\n<\/li>\n<\/ul>\n<p><!-- \/wp:list-item --><!-- wp:list-item --><\/p>\n<ul>\n<li style=\"list-style-type: none;\">\n<ul>\n<li>Gastrite atr\u00f3fica, cirurgia g\u00e1strica (bari\u00e1trica, ressec\u00e7\u00e3o g\u00e1strica)<\/li>\n<\/ul>\n<\/li>\n<\/ul>\n<p><!-- \/wp:list-item --><!-- wp:list-item --><\/p>\n<ul>\n<li>Redu\u00e7\u00e3o da acidez g\u00e1strica (anti\u00e1cidos, bloqueadores H2, inibidores de bomba de pr\u00f3tons)<\/li>\n<\/ul>\n<\/li>\n<\/ul><!-- wp:paragraph --><!-- \/wp:paragraph --><!-- wp:paragraph --><!-- \/wp:paragraph --><!-- wp:paragraph --><!-- \/wp:paragraph --><!-- wp:heading {\"level\":1} --><!-- \/wp:paragraph --><!-- wp:paragraph --><!-- \/wp:paragraph --><!-- wp:paragraph --><!-- \/wp:paragraph --><!-- wp:heading --><!-- \/wp:paragraph --><!-- wp:paragraph --><!-- \/wp:paragraph --><!-- wp:paragraph -->\n<ul>\n<li><strong>Perdas sangu\u00edneas<\/strong><!-- wp:list -->\n<ul><!-- wp:list-item -->\n<li>Traum\u00e1tica ou cir\u00fargica<\/li>\n<!-- \/wp:list-item --><!-- wp:list-item -->\n<li>Hemorragia gastrintestinal (ex: doen\u00e7a inflamat\u00f3ria intestinal, polipose col\u00f4nica, drogas anti-inflamat\u00f3rias n\u00e3o esteroides, infec\u00e7\u00e3o por Helicobacter pylori, verminose \u2013 estrongiloides, necatur, ancilostoma \u2013 enteropatias\/colites al\u00e9rgicas, esquistossomose)<\/li>\n<!-- \/wp:list-item --><!-- wp:list-item -->\n<li>Hemorragia ginecol\u00f3gica<\/li>\n<!-- \/wp:list-item --><!-- wp:list-item -->\n<li>Hemorragia urol\u00f3gica (esquistossomose, glomerulonefrite, trauma renal)<\/li>\n<!-- \/wp:list-item --><!-- wp:list-item -->\n<li>Hemorragia pulmonar (tuberculose, mal forma\u00e7\u00e3o pulmonar, hemossiderose pulmonar idiop\u00e1tica, s\u00edndrome Goodpasture, etc)<\/li>\n<!-- \/wp:list-item --><!-- wp:list-item -->\n<li>Discrasias sangu\u00edneas<\/li>\n<!-- \/wp:list-item --><!-- wp:list-item -->\n<li>Mal\u00e1ria<\/li>\n<!-- \/wp:list-item --><\/ul>\n<!-- \/wp:list --><\/li>\n<!-- \/wp:list-item --><\/ul>\n<!-- \/wp:list --><!-- wp:heading -->\n<p>\u00a0<\/p>\n<!-- \/wp:paragraph --><p><!-- \/wp:heading --><!-- wp:paragraph --><\/p>\n<p>Portanto para distinguir os dois tipos de anemia \u00e9 importante se atentar \u00e0 idade da crian\u00e7a, ao quaro cl\u00ednico, fatores de risco e exames laboratoriais (especialmente o painel do ferro), pois ir\u00e1 ajudar a diferenciar essas duas patologias t\u00e3o pr\u00f3ximas, mas que necessitam de diferentes condutas no seguimento do paciente.<\/p>\t\t\n\t\t\t<h2><span class=\"ez-toc-section\" id=\"O_metodo_que_te_aprova-3\"><\/span>O m\u00e9todo que te aprova<span class=\"ez-toc-section-end\"><\/span><\/h2>\t\t\n\t\t<p>Se voc\u00ea quer garantir a sua aprova\u00e7\u00e3o nas provas de resid\u00eancia, ent\u00e3o conhe\u00e7a o\u00a0<strong>Grupo MedCof\u00a0<\/strong>e a metodologia que j\u00e1 aprovou mais de 10 mil residentes pelo pa\u00eds. Confira abaixo o epis\u00f3dio do nosso podcast Papo de Aprovado em que nossos coordenadores conversam com quem pode comprovar na pr\u00e1tica a recompensa de confiar em nosso m\u00e9todo:\u00a0<\/p>https:\/\/www.youtube.com\/watch?v=XshpBO3sm5o&#038;t=1s<!-- \/wp:post-content --><!-- \/wp:list-item -->\n<li>N\u00e3o suplementa\u00e7\u00e3o de ferro na gravidez e lacta\u00e7\u00e3o<\/li>\n<\/ul>\n<\/li>\n<\/ul><ul>\n<li><strong>Aumento da demanda metab\u00f3lica:<\/strong><!-- wp:list -->\n<ul><!-- wp:list-item -->\n<li>Prematuridade e baixo peso ao nascer (&lt; 2.500g)<\/li>\n<!-- \/wp:list-item --><!-- wp:list-item -->\n<li>Lactentes em crescimento r\u00e1pido (velocidade de crescimento &gt; p90)<\/li>\n<!-- \/wp:list-item --><!-- wp:list-item -->\n<li>Grandes perdas menstruais<\/li>\n<!-- \/wp:list-item --><!-- wp:list-item -->\n<li>Atletas de competi\u00e7\u00e3o<\/li>\n<\/ul>\n<\/li>\n<\/ul><ul>\n<li><strong>D\u00e9ficit no fornecimento<\/strong><!-- wp:list -->\n<ul><!-- wp:list-item -->\n<li>Clampeamento precoce do cord\u00e3o umbilical ( &lt; 1 minuto de vida)<\/li>\n<!-- \/wp:list-item --><!-- wp:list-item -->\n<li>Aleitamento materno exclusivo prolongado (&gt; 6 meses)<\/li>\n<!-- \/wp:list-item --><!-- wp:list-item -->\n<li>Alimenta\u00e7\u00e3o complementar com alimentos pobres em ferro ou de baixa biodisponibilidade<\/li>\n<!-- \/wp:list-item --><!-- wp:list-item -->\n<li>Consumo de leite de vaca antes de um ano de vida<\/li>\n<!-- \/wp:list-item --><!-- wp:list-item -->\n<li>Excesso de consumo de leite de vaca (&gt; 500ml\/dia)<\/li>\n<!-- \/wp:list-item --><!-- wp:list-item -->\n<li>Consumo de f\u00f3rmula infantil com ferro de baixa biodisponibilidade<\/li>\n<!-- \/wp:list-item --><!-- wp:list-item -->\n<li>Dietas vegetarianas sem orienta\u00e7\u00e3o de m\u00e9dico\/nutricionista<\/li>\n<!-- \/wp:list-item --><!-- wp:list-item -->\n<li>Baixa ades\u00e3o \u00e0 suplementa\u00e7\u00e3o profil\u00e1tica com ferro medicamentoso.<\/li>\n<\/ul>\n<\/li>\n<\/ul><ul>\n<li><strong>M\u00e1 absor\u00e7\u00e3o<\/strong><!-- wp:list -->\n<ul>\n<li style=\"list-style-type: none;\">\n<ul><!-- wp:list-item --><\/ul>\n<\/li>\n<\/ul>\n<p>\u00a0<\/p>\n<ul>\n<li style=\"list-style-type: none;\">\n<ul>\n<li>S\u00edndromes de m\u00e1-absor\u00e7\u00e3o (doen\u00e7a cel\u00edaca, doen\u00e7a inflamat\u00f3ria intestinal)<\/li>\n<\/ul>\n<\/li>\n<\/ul>\n<p><!-- \/wp:list-item --><!-- wp:list-item --><\/p>\n<ul>\n<li style=\"list-style-type: none;\">\n<ul>\n<li>Gastrite atr\u00f3fica, cirurgia g\u00e1strica (bari\u00e1trica, ressec\u00e7\u00e3o g\u00e1strica)<\/li>\n<\/ul>\n<\/li>\n<\/ul>\n<p><!-- \/wp:list-item --><!-- wp:list-item --><\/p>\n<ul>\n<li>Redu\u00e7\u00e3o da acidez g\u00e1strica (anti\u00e1cidos, bloqueadores H2, inibidores de bomba de pr\u00f3tons)<\/li>\n<\/ul>\n<\/li>\n<\/ul><!-- wp:paragraph --><!-- \/wp:paragraph --><!-- wp:paragraph --><!-- \/wp:paragraph --><!-- wp:paragraph --><!-- \/wp:paragraph --><!-- wp:heading {\"level\":1} --><!-- \/wp:paragraph --><!-- wp:paragraph --><!-- \/wp:paragraph --><!-- wp:paragraph --><!-- \/wp:paragraph --><!-- wp:heading --><!-- \/wp:paragraph --><!-- wp:paragraph --><!-- \/wp:paragraph --><!-- wp:paragraph -->\n<ul>\n<li><strong>Perdas sangu\u00edneas<\/strong><!-- wp:list -->\n<ul><!-- wp:list-item -->\n<li>Traum\u00e1tica ou cir\u00fargica<\/li>\n<!-- \/wp:list-item --><!-- wp:list-item -->\n<li>Hemorragia gastrintestinal (ex: doen\u00e7a inflamat\u00f3ria intestinal, polipose col\u00f4nica, drogas anti-inflamat\u00f3rias n\u00e3o esteroides, infec\u00e7\u00e3o por Helicobacter pylori, verminose \u2013 estrongiloides, necatur, ancilostoma \u2013 enteropatias\/colites al\u00e9rgicas, esquistossomose)<\/li>\n<!-- \/wp:list-item --><!-- wp:list-item -->\n<li>Hemorragia ginecol\u00f3gica<\/li>\n<!-- \/wp:list-item --><!-- wp:list-item -->\n<li>Hemorragia urol\u00f3gica (esquistossomose, glomerulonefrite, trauma renal)<\/li>\n<!-- \/wp:list-item --><!-- wp:list-item -->\n<li>Hemorragia pulmonar (tuberculose, mal forma\u00e7\u00e3o pulmonar, hemossiderose pulmonar idiop\u00e1tica, s\u00edndrome Goodpasture, etc)<\/li>\n<!-- \/wp:list-item --><!-- wp:list-item -->\n<li>Discrasias sangu\u00edneas<\/li>\n<!-- \/wp:list-item --><!-- wp:list-item -->\n<li>Mal\u00e1ria<\/li>\n<!-- \/wp:list-item --><\/ul>\n<!-- \/wp:list --><\/li>\n<!-- \/wp:list-item --><\/ul>\n<!-- \/wp:list --><!-- wp:heading -->\n<p>\u00a0<\/p>\n<!-- \/wp:paragraph --><p><!-- \/wp:heading --><!-- wp:paragraph --><\/p>\n<p>Portanto para distinguir os dois tipos de anemia \u00e9 importante se atentar \u00e0 idade da crian\u00e7a, ao quaro cl\u00ednico, fatores de risco e exames laboratoriais (especialmente o painel do ferro), pois ir\u00e1 ajudar a diferenciar essas duas patologias t\u00e3o pr\u00f3ximas, mas que necessitam de diferentes condutas no seguimento do paciente.<\/p>\t\t\n\t\t\t<h2><span class=\"ez-toc-section\" id=\"O_metodo_que_te_aprova-4\"><\/span>O m\u00e9todo que te aprova<span class=\"ez-toc-section-end\"><\/span><\/h2>\t\t\n\t\t<p>Se voc\u00ea quer garantir a sua aprova\u00e7\u00e3o nas provas de resid\u00eancia, ent\u00e3o conhe\u00e7a o\u00a0<strong>Grupo MedCof\u00a0<\/strong>e a metodologia que j\u00e1 aprovou mais de 10 mil residentes pelo pa\u00eds. Confira abaixo o epis\u00f3dio do nosso podcast Papo de Aprovado em que nossos coordenadores conversam com quem pode comprovar na pr\u00e1tica a recompensa de confiar em nosso m\u00e9todo:\u00a0<\/p>https:\/\/www.youtube.com\/watch?v=XshpBO3sm5o&#038;t=1s<!-- \/wp:post-content --><!-- \/wp:list --><!-- wp:list-item -->\n<li>N\u00e3o suplementa\u00e7\u00e3o de ferro na gravidez e lacta\u00e7\u00e3o<\/li>\n<\/ul>\n<\/li>\n<\/ul><ul>\n<li><strong>Aumento da demanda metab\u00f3lica:<\/strong><!-- wp:list -->\n<ul><!-- wp:list-item -->\n<li>Prematuridade e baixo peso ao nascer (&lt; 2.500g)<\/li>\n<!-- \/wp:list-item --><!-- wp:list-item -->\n<li>Lactentes em crescimento r\u00e1pido (velocidade de crescimento &gt; p90)<\/li>\n<!-- \/wp:list-item --><!-- wp:list-item -->\n<li>Grandes perdas menstruais<\/li>\n<!-- \/wp:list-item --><!-- wp:list-item -->\n<li>Atletas de competi\u00e7\u00e3o<\/li>\n<\/ul>\n<\/li>\n<\/ul><ul>\n<li><strong>D\u00e9ficit no fornecimento<\/strong><!-- wp:list -->\n<ul><!-- wp:list-item -->\n<li>Clampeamento precoce do cord\u00e3o umbilical ( &lt; 1 minuto de vida)<\/li>\n<!-- \/wp:list-item --><!-- wp:list-item -->\n<li>Aleitamento materno exclusivo prolongado (&gt; 6 meses)<\/li>\n<!-- \/wp:list-item --><!-- wp:list-item -->\n<li>Alimenta\u00e7\u00e3o complementar com alimentos pobres em ferro ou de baixa biodisponibilidade<\/li>\n<!-- \/wp:list-item --><!-- wp:list-item -->\n<li>Consumo de leite de vaca antes de um ano de vida<\/li>\n<!-- \/wp:list-item --><!-- wp:list-item -->\n<li>Excesso de consumo de leite de vaca (&gt; 500ml\/dia)<\/li>\n<!-- \/wp:list-item --><!-- wp:list-item -->\n<li>Consumo de f\u00f3rmula infantil com ferro de baixa biodisponibilidade<\/li>\n<!-- \/wp:list-item --><!-- wp:list-item -->\n<li>Dietas vegetarianas sem orienta\u00e7\u00e3o de m\u00e9dico\/nutricionista<\/li>\n<!-- \/wp:list-item --><!-- wp:list-item -->\n<li>Baixa ades\u00e3o \u00e0 suplementa\u00e7\u00e3o profil\u00e1tica com ferro medicamentoso.<\/li>\n<\/ul>\n<\/li>\n<\/ul><ul>\n<li><strong>M\u00e1 absor\u00e7\u00e3o<\/strong><!-- wp:list -->\n<ul>\n<li style=\"list-style-type: none;\">\n<ul><!-- wp:list-item --><\/ul>\n<\/li>\n<\/ul>\n<p>\u00a0<\/p>\n<ul>\n<li style=\"list-style-type: none;\">\n<ul>\n<li>S\u00edndromes de m\u00e1-absor\u00e7\u00e3o (doen\u00e7a cel\u00edaca, doen\u00e7a inflamat\u00f3ria intestinal)<\/li>\n<\/ul>\n<\/li>\n<\/ul>\n<p><!-- \/wp:list-item --><!-- wp:list-item --><\/p>\n<ul>\n<li style=\"list-style-type: none;\">\n<ul>\n<li>Gastrite atr\u00f3fica, cirurgia g\u00e1strica (bari\u00e1trica, ressec\u00e7\u00e3o g\u00e1strica)<\/li>\n<\/ul>\n<\/li>\n<\/ul>\n<p><!-- \/wp:list-item --><!-- wp:list-item --><\/p>\n<ul>\n<li>Redu\u00e7\u00e3o da acidez g\u00e1strica (anti\u00e1cidos, bloqueadores H2, inibidores de bomba de pr\u00f3tons)<\/li>\n<\/ul>\n<\/li>\n<\/ul><!-- wp:paragraph --><!-- \/wp:paragraph --><!-- wp:paragraph --><!-- \/wp:paragraph --><!-- wp:paragraph --><!-- \/wp:paragraph --><!-- wp:heading {\"level\":1} --><!-- \/wp:paragraph --><!-- wp:paragraph --><!-- \/wp:paragraph --><!-- wp:paragraph --><!-- \/wp:paragraph --><!-- wp:heading --><!-- \/wp:paragraph --><!-- wp:paragraph --><!-- \/wp:paragraph --><!-- wp:paragraph -->\n<ul>\n<li><strong>Perdas sangu\u00edneas<\/strong><!-- wp:list -->\n<ul><!-- wp:list-item -->\n<li>Traum\u00e1tica ou cir\u00fargica<\/li>\n<!-- \/wp:list-item --><!-- wp:list-item -->\n<li>Hemorragia gastrintestinal (ex: doen\u00e7a inflamat\u00f3ria intestinal, polipose col\u00f4nica, drogas anti-inflamat\u00f3rias n\u00e3o esteroides, infec\u00e7\u00e3o por Helicobacter pylori, verminose \u2013 estrongiloides, necatur, ancilostoma \u2013 enteropatias\/colites al\u00e9rgicas, esquistossomose)<\/li>\n<!-- \/wp:list-item --><!-- wp:list-item -->\n<li>Hemorragia ginecol\u00f3gica<\/li>\n<!-- \/wp:list-item --><!-- wp:list-item -->\n<li>Hemorragia urol\u00f3gica (esquistossomose, glomerulonefrite, trauma renal)<\/li>\n<!-- \/wp:list-item --><!-- wp:list-item -->\n<li>Hemorragia pulmonar (tuberculose, mal forma\u00e7\u00e3o pulmonar, hemossiderose pulmonar idiop\u00e1tica, s\u00edndrome Goodpasture, etc)<\/li>\n<!-- \/wp:list-item --><!-- wp:list-item -->\n<li>Discrasias sangu\u00edneas<\/li>\n<!-- \/wp:list-item --><!-- wp:list-item -->\n<li>Mal\u00e1ria<\/li>\n<!-- \/wp:list-item --><\/ul>\n<!-- \/wp:list --><\/li>\n<!-- \/wp:list-item --><\/ul>\n<!-- \/wp:list --><!-- wp:heading -->\n<p>\u00a0<\/p>\n<!-- \/wp:paragraph --><p><!-- \/wp:heading --><!-- wp:paragraph --><\/p>\n<p>Portanto para distinguir os dois tipos de anemia \u00e9 importante se atentar \u00e0 idade da crian\u00e7a, ao quaro cl\u00ednico, fatores de risco e exames laboratoriais (especialmente o painel do ferro), pois ir\u00e1 ajudar a diferenciar essas duas patologias t\u00e3o pr\u00f3ximas, mas que necessitam de diferentes condutas no seguimento do paciente.<\/p>\t\t\n\t\t\t<h2><span class=\"ez-toc-section\" id=\"O_metodo_que_te_aprova-5\"><\/span>O m\u00e9todo que te aprova<span class=\"ez-toc-section-end\"><\/span><\/h2>\t\t\n\t\t<p>Se voc\u00ea quer garantir a sua aprova\u00e7\u00e3o nas provas de resid\u00eancia, ent\u00e3o conhe\u00e7a o\u00a0<strong>Grupo MedCof\u00a0<\/strong>e a metodologia que j\u00e1 aprovou mais de 10 mil residentes pelo pa\u00eds. Confira abaixo o epis\u00f3dio do nosso podcast Papo de Aprovado em que nossos coordenadores conversam com quem pode comprovar na pr\u00e1tica a recompensa de confiar em nosso m\u00e9todo:\u00a0<\/p>https:\/\/www.youtube.com\/watch?v=XshpBO3sm5o&#038;t=1s<!-- \/wp:post-content --><!-- \/wp:list-item --><\/p>\n<p>Contudo, a anemia ferropriva \u00e9 causada por uma defici\u00eancia de ferro no organismo. O ferro \u00e9 um componente essencial da hemoglobina, que \u00e9 respons\u00e1vel por transportar oxig\u00eanio no sangue.<\/p>\n<p>\u00a0<\/p>\n<p>A anemia ferropriva \u00e9 mais comum em crian\u00e7as a partir dos 6 meses, j\u00e1 que o aleitamento materno tende a ser suficiente para manter os n\u00edveis de ferro adequados at\u00e9 o 6\u00b0 m\u00eas de vida.<\/p>\n<p>\u00a0<\/p>\n<p>Os fatores de risco para o desenvolvimento da anemia ferropriva em crian\u00e7as e adolescentes est\u00e3o relacionados a baixa reserva materna, aumento da demanda metab\u00f3lica da crian\u00e7a e defici\u00eancia de fornecimento ou mal absor\u00e7\u00e3o do ferro ou presen\u00e7a de perdas sangu\u00edneas<\/p><ul>\n<li><strong>Baixa reserva materna<\/strong><!-- wp:list -->\n<ul><!-- wp:list-item -->\n<li>Gesta\u00e7\u00f5es m\u00faltiplas com pouco intervalo entre elas<\/li>\n<!-- \/wp:list-item --><!-- wp:list-item -->\n<li>Dieta materna deficiente em ferro<\/li>\n<!-- \/wp:list-item --><!-- wp:list-item -->\n<li>Perdas sangu\u00edneas<\/li>\n<!-- \/wp:list-item --><!-- wp:list-item -->\n<li>N\u00e3o suplementa\u00e7\u00e3o de ferro na gravidez e lacta\u00e7\u00e3o<\/li>\n<\/ul>\n<\/li>\n<\/ul><ul>\n<li><strong>Aumento da demanda metab\u00f3lica:<\/strong><!-- wp:list -->\n<ul><!-- wp:list-item -->\n<li>Prematuridade e baixo peso ao nascer (&lt; 2.500g)<\/li>\n<!-- \/wp:list-item --><!-- wp:list-item -->\n<li>Lactentes em crescimento r\u00e1pido (velocidade de crescimento &gt; p90)<\/li>\n<!-- \/wp:list-item --><!-- wp:list-item -->\n<li>Grandes perdas menstruais<\/li>\n<!-- \/wp:list-item --><!-- wp:list-item -->\n<li>Atletas de competi\u00e7\u00e3o<\/li>\n<\/ul>\n<\/li>\n<\/ul><ul>\n<li><strong>D\u00e9ficit no fornecimento<\/strong><!-- wp:list -->\n<ul><!-- wp:list-item -->\n<li>Clampeamento precoce do cord\u00e3o umbilical ( &lt; 1 minuto de vida)<\/li>\n<!-- \/wp:list-item --><!-- wp:list-item -->\n<li>Aleitamento materno exclusivo prolongado (&gt; 6 meses)<\/li>\n<!-- \/wp:list-item --><!-- wp:list-item -->\n<li>Alimenta\u00e7\u00e3o complementar com alimentos pobres em ferro ou de baixa biodisponibilidade<\/li>\n<!-- \/wp:list-item --><!-- wp:list-item -->\n<li>Consumo de leite de vaca antes de um ano de vida<\/li>\n<!-- \/wp:list-item --><!-- wp:list-item -->\n<li>Excesso de consumo de leite de vaca (&gt; 500ml\/dia)<\/li>\n<!-- \/wp:list-item --><!-- wp:list-item -->\n<li>Consumo de f\u00f3rmula infantil com ferro de baixa biodisponibilidade<\/li>\n<!-- \/wp:list-item --><!-- wp:list-item -->\n<li>Dietas vegetarianas sem orienta\u00e7\u00e3o de m\u00e9dico\/nutricionista<\/li>\n<!-- \/wp:list-item --><!-- wp:list-item -->\n<li>Baixa ades\u00e3o \u00e0 suplementa\u00e7\u00e3o profil\u00e1tica com ferro medicamentoso.<\/li>\n<\/ul>\n<\/li>\n<\/ul><ul>\n<li><strong>M\u00e1 absor\u00e7\u00e3o<\/strong><!-- wp:list -->\n<ul>\n<li style=\"list-style-type: none;\">\n<ul><!-- wp:list-item --><\/ul>\n<\/li>\n<\/ul>\n<p>\u00a0<\/p>\n<ul>\n<li style=\"list-style-type: none;\">\n<ul>\n<li>S\u00edndromes de m\u00e1-absor\u00e7\u00e3o (doen\u00e7a cel\u00edaca, doen\u00e7a inflamat\u00f3ria intestinal)<\/li>\n<\/ul>\n<\/li>\n<\/ul>\n<p><!-- \/wp:list-item --><!-- wp:list-item --><\/p>\n<ul>\n<li style=\"list-style-type: none;\">\n<ul>\n<li>Gastrite atr\u00f3fica, cirurgia g\u00e1strica (bari\u00e1trica, ressec\u00e7\u00e3o g\u00e1strica)<\/li>\n<\/ul>\n<\/li>\n<\/ul>\n<p><!-- \/wp:list-item --><!-- wp:list-item --><\/p>\n<ul>\n<li>Redu\u00e7\u00e3o da acidez g\u00e1strica (anti\u00e1cidos, bloqueadores H2, inibidores de bomba de pr\u00f3tons)<\/li>\n<\/ul>\n<\/li>\n<\/ul><!-- wp:paragraph --><!-- \/wp:paragraph --><!-- wp:paragraph --><!-- \/wp:paragraph --><!-- wp:paragraph --><!-- \/wp:paragraph --><!-- wp:heading {\"level\":1} --><!-- \/wp:paragraph --><!-- wp:paragraph --><!-- \/wp:paragraph --><!-- wp:paragraph --><!-- \/wp:paragraph --><!-- wp:heading --><!-- \/wp:paragraph --><!-- wp:paragraph --><!-- \/wp:paragraph --><!-- wp:paragraph -->\n<ul>\n<li><strong>Perdas sangu\u00edneas<\/strong><!-- wp:list -->\n<ul><!-- wp:list-item -->\n<li>Traum\u00e1tica ou cir\u00fargica<\/li>\n<!-- \/wp:list-item --><!-- wp:list-item -->\n<li>Hemorragia gastrintestinal (ex: doen\u00e7a inflamat\u00f3ria intestinal, polipose col\u00f4nica, drogas anti-inflamat\u00f3rias n\u00e3o esteroides, infec\u00e7\u00e3o por Helicobacter pylori, verminose \u2013 estrongiloides, necatur, ancilostoma \u2013 enteropatias\/colites al\u00e9rgicas, esquistossomose)<\/li>\n<!-- \/wp:list-item --><!-- wp:list-item -->\n<li>Hemorragia ginecol\u00f3gica<\/li>\n<!-- \/wp:list-item --><!-- wp:list-item -->\n<li>Hemorragia urol\u00f3gica (esquistossomose, glomerulonefrite, trauma renal)<\/li>\n<!-- \/wp:list-item --><!-- wp:list-item -->\n<li>Hemorragia pulmonar (tuberculose, mal forma\u00e7\u00e3o pulmonar, hemossiderose pulmonar idiop\u00e1tica, s\u00edndrome Goodpasture, etc)<\/li>\n<!-- \/wp:list-item --><!-- wp:list-item -->\n<li>Discrasias sangu\u00edneas<\/li>\n<!-- \/wp:list-item --><!-- wp:list-item -->\n<li>Mal\u00e1ria<\/li>\n<!-- \/wp:list-item --><\/ul>\n<!-- \/wp:list --><\/li>\n<!-- \/wp:list-item --><\/ul>\n<!-- \/wp:list --><!-- wp:heading -->\n<p>\u00a0<\/p>\n<!-- \/wp:paragraph --><p><!-- \/wp:heading --><!-- wp:paragraph --><\/p>\n<p>Portanto para distinguir os dois tipos de anemia \u00e9 importante se atentar \u00e0 idade da crian\u00e7a, ao quaro cl\u00ednico, fatores de risco e exames laboratoriais (especialmente o painel do ferro), pois ir\u00e1 ajudar a diferenciar essas duas patologias t\u00e3o pr\u00f3ximas, mas que necessitam de diferentes condutas no seguimento do paciente.<\/p>\t\t\n\t\t\t<h2><span class=\"ez-toc-section\" id=\"O_metodo_que_te_aprova-6\"><\/span>O m\u00e9todo que te aprova<span class=\"ez-toc-section-end\"><\/span><\/h2>\t\t\n\t\t<p>Se voc\u00ea quer garantir a sua aprova\u00e7\u00e3o nas provas de resid\u00eancia, ent\u00e3o conhe\u00e7a o\u00a0<strong>Grupo MedCof\u00a0<\/strong>e a metodologia que j\u00e1 aprovou mais de 10 mil residentes pelo pa\u00eds. Confira abaixo o epis\u00f3dio do nosso podcast Papo de Aprovado em que nossos coordenadores conversam com quem pode comprovar na pr\u00e1tica a recompensa de confiar em nosso m\u00e9todo:\u00a0<\/p>https:\/\/www.youtube.com\/watch?v=XshpBO3sm5o&#038;t=1s<!-- \/wp:post-content --><!-- \/wp:list --><!-- wp:paragraph --><\/p>\n<p>Contudo, a anemia ferropriva \u00e9 causada por uma defici\u00eancia de ferro no organismo. O ferro \u00e9 um componente essencial da hemoglobina, que \u00e9 respons\u00e1vel por transportar oxig\u00eanio no sangue.<\/p>\n<p>\u00a0<\/p>\n<p>A anemia ferropriva \u00e9 mais comum em crian\u00e7as a partir dos 6 meses, j\u00e1 que o aleitamento materno tende a ser suficiente para manter os n\u00edveis de ferro adequados at\u00e9 o 6\u00b0 m\u00eas de vida.<\/p>\n<p>\u00a0<\/p>\n<p>Os fatores de risco para o desenvolvimento da anemia ferropriva em crian\u00e7as e adolescentes est\u00e3o relacionados a baixa reserva materna, aumento da demanda metab\u00f3lica da crian\u00e7a e defici\u00eancia de fornecimento ou mal absor\u00e7\u00e3o do ferro ou presen\u00e7a de perdas sangu\u00edneas<\/p><ul>\n<li><strong>Baixa reserva materna<\/strong><!-- wp:list -->\n<ul><!-- wp:list-item -->\n<li>Gesta\u00e7\u00f5es m\u00faltiplas com pouco intervalo entre elas<\/li>\n<!-- \/wp:list-item --><!-- wp:list-item -->\n<li>Dieta materna deficiente em ferro<\/li>\n<!-- \/wp:list-item --><!-- wp:list-item -->\n<li>Perdas sangu\u00edneas<\/li>\n<!-- \/wp:list-item --><!-- wp:list-item -->\n<li>N\u00e3o suplementa\u00e7\u00e3o de ferro na gravidez e lacta\u00e7\u00e3o<\/li>\n<\/ul>\n<\/li>\n<\/ul><ul>\n<li><strong>Aumento da demanda metab\u00f3lica:<\/strong><!-- wp:list -->\n<ul><!-- wp:list-item -->\n<li>Prematuridade e baixo peso ao nascer (&lt; 2.500g)<\/li>\n<!-- \/wp:list-item --><!-- wp:list-item -->\n<li>Lactentes em crescimento r\u00e1pido (velocidade de crescimento &gt; p90)<\/li>\n<!-- \/wp:list-item --><!-- wp:list-item -->\n<li>Grandes perdas menstruais<\/li>\n<!-- \/wp:list-item --><!-- wp:list-item -->\n<li>Atletas de competi\u00e7\u00e3o<\/li>\n<\/ul>\n<\/li>\n<\/ul><ul>\n<li><strong>D\u00e9ficit no fornecimento<\/strong><!-- wp:list -->\n<ul><!-- wp:list-item -->\n<li>Clampeamento precoce do cord\u00e3o umbilical ( &lt; 1 minuto de vida)<\/li>\n<!-- \/wp:list-item --><!-- wp:list-item -->\n<li>Aleitamento materno exclusivo prolongado (&gt; 6 meses)<\/li>\n<!-- \/wp:list-item --><!-- wp:list-item -->\n<li>Alimenta\u00e7\u00e3o complementar com alimentos pobres em ferro ou de baixa biodisponibilidade<\/li>\n<!-- \/wp:list-item --><!-- wp:list-item -->\n<li>Consumo de leite de vaca antes de um ano de vida<\/li>\n<!-- \/wp:list-item --><!-- wp:list-item -->\n<li>Excesso de consumo de leite de vaca (&gt; 500ml\/dia)<\/li>\n<!-- \/wp:list-item --><!-- wp:list-item -->\n<li>Consumo de f\u00f3rmula infantil com ferro de baixa biodisponibilidade<\/li>\n<!-- \/wp:list-item --><!-- wp:list-item -->\n<li>Dietas vegetarianas sem orienta\u00e7\u00e3o de m\u00e9dico\/nutricionista<\/li>\n<!-- \/wp:list-item --><!-- wp:list-item -->\n<li>Baixa ades\u00e3o \u00e0 suplementa\u00e7\u00e3o profil\u00e1tica com ferro medicamentoso.<\/li>\n<\/ul>\n<\/li>\n<\/ul><ul>\n<li><strong>M\u00e1 absor\u00e7\u00e3o<\/strong><!-- wp:list -->\n<ul>\n<li style=\"list-style-type: none;\">\n<ul><!-- wp:list-item --><\/ul>\n<\/li>\n<\/ul>\n<p>\u00a0<\/p>\n<ul>\n<li style=\"list-style-type: none;\">\n<ul>\n<li>S\u00edndromes de m\u00e1-absor\u00e7\u00e3o (doen\u00e7a cel\u00edaca, doen\u00e7a inflamat\u00f3ria intestinal)<\/li>\n<\/ul>\n<\/li>\n<\/ul>\n<p><!-- \/wp:list-item --><!-- wp:list-item --><\/p>\n<ul>\n<li style=\"list-style-type: none;\">\n<ul>\n<li>Gastrite atr\u00f3fica, cirurgia g\u00e1strica (bari\u00e1trica, ressec\u00e7\u00e3o g\u00e1strica)<\/li>\n<\/ul>\n<\/li>\n<\/ul>\n<p><!-- \/wp:list-item --><!-- wp:list-item --><\/p>\n<ul>\n<li>Redu\u00e7\u00e3o da acidez g\u00e1strica (anti\u00e1cidos, bloqueadores H2, inibidores de bomba de pr\u00f3tons)<\/li>\n<\/ul>\n<\/li>\n<\/ul><!-- wp:paragraph --><!-- \/wp:paragraph --><!-- wp:paragraph --><!-- \/wp:paragraph --><!-- wp:paragraph --><!-- \/wp:paragraph --><!-- wp:heading {\"level\":1} --><!-- \/wp:paragraph --><!-- wp:paragraph --><!-- \/wp:paragraph --><!-- wp:paragraph --><!-- \/wp:paragraph --><!-- wp:heading --><!-- \/wp:paragraph --><!-- wp:paragraph --><!-- \/wp:paragraph --><!-- wp:paragraph -->\n<ul>\n<li><strong>Perdas sangu\u00edneas<\/strong><!-- wp:list -->\n<ul><!-- wp:list-item -->\n<li>Traum\u00e1tica ou cir\u00fargica<\/li>\n<!-- \/wp:list-item --><!-- wp:list-item -->\n<li>Hemorragia gastrintestinal (ex: doen\u00e7a inflamat\u00f3ria intestinal, polipose col\u00f4nica, drogas anti-inflamat\u00f3rias n\u00e3o esteroides, infec\u00e7\u00e3o por Helicobacter pylori, verminose \u2013 estrongiloides, necatur, ancilostoma \u2013 enteropatias\/colites al\u00e9rgicas, esquistossomose)<\/li>\n<!-- \/wp:list-item --><!-- wp:list-item -->\n<li>Hemorragia ginecol\u00f3gica<\/li>\n<!-- \/wp:list-item --><!-- wp:list-item -->\n<li>Hemorragia urol\u00f3gica (esquistossomose, glomerulonefrite, trauma renal)<\/li>\n<!-- \/wp:list-item --><!-- wp:list-item -->\n<li>Hemorragia pulmonar (tuberculose, mal forma\u00e7\u00e3o pulmonar, hemossiderose pulmonar idiop\u00e1tica, s\u00edndrome Goodpasture, etc)<\/li>\n<!-- \/wp:list-item --><!-- wp:list-item -->\n<li>Discrasias sangu\u00edneas<\/li>\n<!-- \/wp:list-item --><!-- wp:list-item -->\n<li>Mal\u00e1ria<\/li>\n<!-- \/wp:list-item --><\/ul>\n<!-- \/wp:list --><\/li>\n<!-- \/wp:list-item --><\/ul>\n<!-- \/wp:list --><!-- wp:heading -->\n<p>\u00a0<\/p>\n<!-- \/wp:paragraph --><p><!-- \/wp:heading --><!-- wp:paragraph --><\/p>\n<p>Portanto para distinguir os dois tipos de anemia \u00e9 importante se atentar \u00e0 idade da crian\u00e7a, ao quaro cl\u00ednico, fatores de risco e exames laboratoriais (especialmente o painel do ferro), pois ir\u00e1 ajudar a diferenciar essas duas patologias t\u00e3o pr\u00f3ximas, mas que necessitam de diferentes condutas no seguimento do paciente.<\/p>\t\t\n\t\t\t<h2><span class=\"ez-toc-section\" id=\"O_metodo_que_te_aprova-7\"><\/span>O m\u00e9todo que te aprova<span class=\"ez-toc-section-end\"><\/span><\/h2>\t\t\n\t\t<p>Se voc\u00ea quer garantir a sua aprova\u00e7\u00e3o nas provas de resid\u00eancia, ent\u00e3o conhe\u00e7a o\u00a0<strong>Grupo MedCof\u00a0<\/strong>e a metodologia que j\u00e1 aprovou mais de 10 mil residentes pelo pa\u00eds. Confira abaixo o epis\u00f3dio do nosso podcast Papo de Aprovado em que nossos coordenadores conversam com quem pode comprovar na pr\u00e1tica a recompensa de confiar em nosso m\u00e9todo:\u00a0<\/p>https:\/\/www.youtube.com\/watch?v=XshpBO3sm5o&#038;t=1s<!-- \/wp:post-content --><!-- \/wp:paragraph --><!-- wp:list --><\/p>\n<ul>\n<li style=\"list-style-type: none;\">\n<ul><!-- wp:list-item --><\/ul>\n<\/li>\n<\/ul>\n<p>\u00a0<\/p>\n<ul>\n<li style=\"list-style-type: none;\">\n<ul>\n<li>Hb &lt; 13,5 g\/dl no 1\u00b0 m\u00eas de vida;<\/li>\n<\/ul>\n<\/li>\n<\/ul>\n<p><!-- \/wp:list-item --><!-- wp:list-item --><\/p>\n<ul>\n<li style=\"list-style-type: none;\">\n<ul>\n<li>Hb &lt; 9 g\/dl;<\/li>\n<\/ul>\n<\/li>\n<\/ul>\n<p><!-- \/wp:list-item --><!-- wp:list-item --><\/p>\n<ul>\n<li>Sinais de hem\u00f3lise: icter\u00edcia, col\u00faria, ou sintomas de anemia;<\/li>\n<\/ul><h2><span class=\"ez-toc-section\" id=\"Anemia_Ferropriva\"><\/span>Anemia Ferropriva<span class=\"ez-toc-section-end\"><\/span><\/h2>\n<p><!-- \/wp:list-item --><!-- wp:paragraph --><\/p>\n<p>Contudo, a anemia ferropriva \u00e9 causada por uma defici\u00eancia de ferro no organismo. O ferro \u00e9 um componente essencial da hemoglobina, que \u00e9 respons\u00e1vel por transportar oxig\u00eanio no sangue.<\/p>\n<p>\u00a0<\/p>\n<p>A anemia ferropriva \u00e9 mais comum em crian\u00e7as a partir dos 6 meses, j\u00e1 que o aleitamento materno tende a ser suficiente para manter os n\u00edveis de ferro adequados at\u00e9 o 6\u00b0 m\u00eas de vida.<\/p>\n<p>\u00a0<\/p>\n<p>Os fatores de risco para o desenvolvimento da anemia ferropriva em crian\u00e7as e adolescentes est\u00e3o relacionados a baixa reserva materna, aumento da demanda metab\u00f3lica da crian\u00e7a e defici\u00eancia de fornecimento ou mal absor\u00e7\u00e3o do ferro ou presen\u00e7a de perdas sangu\u00edneas<\/p><ul>\n<li><strong>Baixa reserva materna<\/strong><!-- wp:list -->\n<ul><!-- wp:list-item -->\n<li>Gesta\u00e7\u00f5es m\u00faltiplas com pouco intervalo entre elas<\/li>\n<!-- \/wp:list-item --><!-- wp:list-item -->\n<li>Dieta materna deficiente em ferro<\/li>\n<!-- \/wp:list-item --><!-- wp:list-item -->\n<li>Perdas sangu\u00edneas<\/li>\n<!-- \/wp:list-item --><!-- wp:list-item -->\n<li>N\u00e3o suplementa\u00e7\u00e3o de ferro na gravidez e lacta\u00e7\u00e3o<\/li>\n<\/ul>\n<\/li>\n<\/ul><ul>\n<li><strong>Aumento da demanda metab\u00f3lica:<\/strong><!-- wp:list -->\n<ul><!-- wp:list-item -->\n<li>Prematuridade e baixo peso ao nascer (&lt; 2.500g)<\/li>\n<!-- \/wp:list-item --><!-- wp:list-item -->\n<li>Lactentes em crescimento r\u00e1pido (velocidade de crescimento &gt; p90)<\/li>\n<!-- \/wp:list-item --><!-- wp:list-item -->\n<li>Grandes perdas menstruais<\/li>\n<!-- \/wp:list-item --><!-- wp:list-item -->\n<li>Atletas de competi\u00e7\u00e3o<\/li>\n<\/ul>\n<\/li>\n<\/ul><ul>\n<li><strong>D\u00e9ficit no fornecimento<\/strong><!-- wp:list -->\n<ul><!-- wp:list-item -->\n<li>Clampeamento precoce do cord\u00e3o umbilical ( &lt; 1 minuto de vida)<\/li>\n<!-- \/wp:list-item --><!-- wp:list-item -->\n<li>Aleitamento materno exclusivo prolongado (&gt; 6 meses)<\/li>\n<!-- \/wp:list-item --><!-- wp:list-item -->\n<li>Alimenta\u00e7\u00e3o complementar com alimentos pobres em ferro ou de baixa biodisponibilidade<\/li>\n<!-- \/wp:list-item --><!-- wp:list-item -->\n<li>Consumo de leite de vaca antes de um ano de vida<\/li>\n<!-- \/wp:list-item --><!-- wp:list-item -->\n<li>Excesso de consumo de leite de vaca (&gt; 500ml\/dia)<\/li>\n<!-- \/wp:list-item --><!-- wp:list-item -->\n<li>Consumo de f\u00f3rmula infantil com ferro de baixa biodisponibilidade<\/li>\n<!-- \/wp:list-item --><!-- wp:list-item -->\n<li>Dietas vegetarianas sem orienta\u00e7\u00e3o de m\u00e9dico\/nutricionista<\/li>\n<!-- \/wp:list-item --><!-- wp:list-item -->\n<li>Baixa ades\u00e3o \u00e0 suplementa\u00e7\u00e3o profil\u00e1tica com ferro medicamentoso.<\/li>\n<\/ul>\n<\/li>\n<\/ul><ul>\n<li><strong>M\u00e1 absor\u00e7\u00e3o<\/strong><!-- wp:list -->\n<ul>\n<li style=\"list-style-type: none;\">\n<ul><!-- wp:list-item --><\/ul>\n<\/li>\n<\/ul>\n<p>\u00a0<\/p>\n<ul>\n<li style=\"list-style-type: none;\">\n<ul>\n<li>S\u00edndromes de m\u00e1-absor\u00e7\u00e3o (doen\u00e7a cel\u00edaca, doen\u00e7a inflamat\u00f3ria intestinal)<\/li>\n<\/ul>\n<\/li>\n<\/ul>\n<p><!-- \/wp:list-item --><!-- wp:list-item --><\/p>\n<ul>\n<li style=\"list-style-type: none;\">\n<ul>\n<li>Gastrite atr\u00f3fica, cirurgia g\u00e1strica (bari\u00e1trica, ressec\u00e7\u00e3o g\u00e1strica)<\/li>\n<\/ul>\n<\/li>\n<\/ul>\n<p><!-- \/wp:list-item --><!-- wp:list-item --><\/p>\n<ul>\n<li>Redu\u00e7\u00e3o da acidez g\u00e1strica (anti\u00e1cidos, bloqueadores H2, inibidores de bomba de pr\u00f3tons)<\/li>\n<\/ul>\n<\/li>\n<\/ul><!-- wp:paragraph --><!-- \/wp:paragraph --><!-- wp:paragraph --><!-- \/wp:paragraph --><!-- wp:paragraph --><!-- \/wp:paragraph --><!-- wp:heading {\"level\":1} --><!-- \/wp:paragraph --><!-- wp:paragraph --><!-- \/wp:paragraph --><!-- wp:paragraph --><!-- \/wp:paragraph --><!-- wp:heading --><!-- \/wp:paragraph --><!-- wp:paragraph --><!-- \/wp:paragraph --><!-- wp:paragraph -->\n<ul>\n<li><strong>Perdas sangu\u00edneas<\/strong><!-- wp:list -->\n<ul><!-- wp:list-item -->\n<li>Traum\u00e1tica ou cir\u00fargica<\/li>\n<!-- \/wp:list-item --><!-- wp:list-item -->\n<li>Hemorragia gastrintestinal (ex: doen\u00e7a inflamat\u00f3ria intestinal, polipose col\u00f4nica, drogas anti-inflamat\u00f3rias n\u00e3o esteroides, infec\u00e7\u00e3o por Helicobacter pylori, verminose \u2013 estrongiloides, necatur, ancilostoma \u2013 enteropatias\/colites al\u00e9rgicas, esquistossomose)<\/li>\n<!-- \/wp:list-item --><!-- wp:list-item -->\n<li>Hemorragia ginecol\u00f3gica<\/li>\n<!-- \/wp:list-item --><!-- wp:list-item -->\n<li>Hemorragia urol\u00f3gica (esquistossomose, glomerulonefrite, trauma renal)<\/li>\n<!-- \/wp:list-item --><!-- wp:list-item -->\n<li>Hemorragia pulmonar (tuberculose, mal forma\u00e7\u00e3o pulmonar, hemossiderose pulmonar idiop\u00e1tica, s\u00edndrome Goodpasture, etc)<\/li>\n<!-- \/wp:list-item --><!-- wp:list-item -->\n<li>Discrasias sangu\u00edneas<\/li>\n<!-- \/wp:list-item --><!-- wp:list-item -->\n<li>Mal\u00e1ria<\/li>\n<!-- \/wp:list-item --><\/ul>\n<!-- \/wp:list --><\/li>\n<!-- \/wp:list-item --><\/ul>\n<!-- \/wp:list --><!-- wp:heading -->\n<p>\u00a0<\/p>\n<!-- \/wp:paragraph --><p><!-- \/wp:heading --><!-- wp:paragraph --><\/p>\n<p>Portanto para distinguir os dois tipos de anemia \u00e9 importante se atentar \u00e0 idade da crian\u00e7a, ao quaro cl\u00ednico, fatores de risco e exames laboratoriais (especialmente o painel do ferro), pois ir\u00e1 ajudar a diferenciar essas duas patologias t\u00e3o pr\u00f3ximas, mas que necessitam de diferentes condutas no seguimento do paciente.<\/p>\t\t\n\t\t\t<h2><span class=\"ez-toc-section\" id=\"O_metodo_que_te_aprova-8\"><\/span>O m\u00e9todo que te aprova<span class=\"ez-toc-section-end\"><\/span><\/h2>\t\t\n\t\t<p>Se voc\u00ea quer garantir a sua aprova\u00e7\u00e3o nas provas de resid\u00eancia, ent\u00e3o conhe\u00e7a o\u00a0<strong>Grupo MedCof\u00a0<\/strong>e a metodologia que j\u00e1 aprovou mais de 10 mil residentes pelo pa\u00eds. Confira abaixo o epis\u00f3dio do nosso podcast Papo de Aprovado em que nossos coordenadores conversam com quem pode comprovar na pr\u00e1tica a recompensa de confiar em nosso m\u00e9todo:\u00a0<\/p>https:\/\/www.youtube.com\/watch?v=XshpBO3sm5o&#038;t=1s<!-- \/wp:post-content -->","protected":false},"excerpt":{"rendered":"<p>A anemia \u00e9 a principal doen\u00e7a metab\u00f3lica da inf\u00e2ncia. Duas das formas mais frequentes s\u00e3o a anemia fisiol\u00f3gica e a anemia ferropriva.<\/p>\n","protected":false},"author":10,"featured_media":22948,"comment_status":"open","ping_status":"open","sticky":false,"template":"","format":"standard","meta":{"footnotes":""},"categories":[120,1],"tags":[],"ppma_author":[3613],"class_list":{"0":"post-22946","1":"post","2":"type-post","3":"status-publish","4":"format-standard","5":"has-post-thumbnail","7":"category-pediatria","8":"category-uncategorized"},"yoast_head":"<!-- This site is optimized with the Yoast SEO Premium plugin v24.3 (Yoast SEO v27.4) - https:\/\/yoast.com\/product\/yoast-seo-premium-wordpress\/ -->\n<title>Anemia: Fisiol\u00f3gica ou Ferropriva? - Blog de Medcof: conte\u00fados, editais, revalida e mais!<\/title>\n<meta name=\"description\" content=\"A anemia \u00e9 a principal doen\u00e7a metab\u00f3lica da inf\u00e2ncia. Duas das formas mais frequentes s\u00e3o a anemia fisiol\u00f3gica e ferropriva.\" \/>\n<meta name=\"robots\" content=\"index, follow, max-snippet:-1, max-image-preview:large, max-video-preview:-1\" \/>\n<link rel=\"canonical\" href=\"https:\/\/www.grupomedcof.com.br\/blog\/anemia-fisiologica-e-anemia-ferropriva-voce-sabe-diferenciar\/\" \/>\n<meta property=\"og:locale\" content=\"pt_BR\" \/>\n<meta property=\"og:type\" content=\"article\" \/>\n<meta property=\"og:title\" content=\"Anemia fisiol\u00f3gica e anemia ferropriva: voc\u00ea sabe diferenciar?\" \/>\n<meta property=\"og:description\" content=\"A anemia \u00e9 a principal doen\u00e7a metab\u00f3lica da inf\u00e2ncia. Duas das formas mais frequentes s\u00e3o a anemia fisiol\u00f3gica e ferropriva.\" \/>\n<meta property=\"og:url\" content=\"https:\/\/www.grupomedcof.com.br\/blog\/anemia-fisiologica-e-anemia-ferropriva-voce-sabe-diferenciar\/\" \/>\n<meta property=\"og:site_name\" content=\"Blog de Medcof: conte\u00fados, editais, revalida e mais!\" \/>\n<meta property=\"article:publisher\" content=\"https:\/\/www.facebook.com\/MedCofQbank\/\" \/>\n<meta property=\"article:published_time\" content=\"2024-03-21T19:38:47+00:00\" \/>\n<meta property=\"og:image\" content=\"https:\/\/www.grupomedcof.com.br\/blog\/wp-content\/uploads\/2024\/03\/Blog-MedCof-23.png\" \/>\n\t<meta property=\"og:image:width\" content=\"1920\" \/>\n\t<meta property=\"og:image:height\" content=\"1080\" \/>\n\t<meta property=\"og:image:type\" content=\"image\/png\" \/>\n<meta name=\"author\" content=\"Grupo MedCof\" \/>\n<meta name=\"twitter:card\" content=\"summary_large_image\" \/>\n<meta name=\"twitter:label1\" content=\"Escrito por\" \/>\n\t<meta name=\"twitter:data1\" content=\"Grupo MedCof\" \/>\n\t<meta name=\"twitter:label2\" content=\"Est. tempo de leitura\" \/>\n\t<meta name=\"twitter:data2\" content=\"7 minutos\" \/>\n<script type=\"application\/ld+json\" class=\"yoast-schema-graph\">{\"@context\":\"https:\\\/\\\/schema.org\",\"@graph\":[{\"@type\":\"Article\",\"@id\":\"https:\\\/\\\/www.grupomedcof.com.br\\\/blog\\\/anemia-fisiologica-e-anemia-ferropriva-voce-sabe-diferenciar\\\/#article\",\"isPartOf\":{\"@id\":\"https:\\\/\\\/www.grupomedcof.com.br\\\/blog\\\/anemia-fisiologica-e-anemia-ferropriva-voce-sabe-diferenciar\\\/\"},\"author\":{\"name\":\"Grupo MedCof\",\"@id\":\"https:\\\/\\\/www.grupomedcof.com.br\\\/blog\\\/#\\\/schema\\\/person\\\/5e56a3921255c01181f3d8c20d53f9c0\"},\"headline\":\"Anemia fisiol\u00f3gica e anemia ferropriva: voc\u00ea sabe diferenciar?\",\"datePublished\":\"2024-03-21T19:38:47+00:00\",\"mainEntityOfPage\":{\"@id\":\"https:\\\/\\\/www.grupomedcof.com.br\\\/blog\\\/anemia-fisiologica-e-anemia-ferropriva-voce-sabe-diferenciar\\\/\"},\"wordCount\":789,\"commentCount\":0,\"publisher\":{\"@id\":\"https:\\\/\\\/www.grupomedcof.com.br\\\/blog\\\/#organization\"},\"image\":{\"@id\":\"https:\\\/\\\/www.grupomedcof.com.br\\\/blog\\\/anemia-fisiologica-e-anemia-ferropriva-voce-sabe-diferenciar\\\/#primaryimage\"},\"thumbnailUrl\":\"https:\\\/\\\/www.grupomedcof.com.br\\\/blog\\\/wp-content\\\/uploads\\\/2024\\\/03\\\/Blog-MedCof-23.png\",\"articleSection\":[\"Pediatria\",\"Uncategorized\"],\"inLanguage\":\"pt-BR\"},{\"@type\":\"WebPage\",\"@id\":\"https:\\\/\\\/www.grupomedcof.com.br\\\/blog\\\/anemia-fisiologica-e-anemia-ferropriva-voce-sabe-diferenciar\\\/\",\"url\":\"https:\\\/\\\/www.grupomedcof.com.br\\\/blog\\\/anemia-fisiologica-e-anemia-ferropriva-voce-sabe-diferenciar\\\/\",\"name\":\"Anemia: Fisiol\u00f3gica ou Ferropriva? - Blog de Medcof: conte\u00fados, editais, revalida e mais!\",\"isPartOf\":{\"@id\":\"https:\\\/\\\/www.grupomedcof.com.br\\\/blog\\\/#website\"},\"primaryImageOfPage\":{\"@id\":\"https:\\\/\\\/www.grupomedcof.com.br\\\/blog\\\/anemia-fisiologica-e-anemia-ferropriva-voce-sabe-diferenciar\\\/#primaryimage\"},\"image\":{\"@id\":\"https:\\\/\\\/www.grupomedcof.com.br\\\/blog\\\/anemia-fisiologica-e-anemia-ferropriva-voce-sabe-diferenciar\\\/#primaryimage\"},\"thumbnailUrl\":\"https:\\\/\\\/www.grupomedcof.com.br\\\/blog\\\/wp-content\\\/uploads\\\/2024\\\/03\\\/Blog-MedCof-23.png\",\"datePublished\":\"2024-03-21T19:38:47+00:00\",\"description\":\"A anemia \u00e9 a principal doen\u00e7a metab\u00f3lica da inf\u00e2ncia. Duas das formas mais frequentes s\u00e3o a anemia fisiol\u00f3gica e ferropriva.\",\"breadcrumb\":{\"@id\":\"https:\\\/\\\/www.grupomedcof.com.br\\\/blog\\\/anemia-fisiologica-e-anemia-ferropriva-voce-sabe-diferenciar\\\/#breadcrumb\"},\"inLanguage\":\"pt-BR\",\"potentialAction\":[{\"@type\":\"ReadAction\",\"target\":[\"https:\\\/\\\/www.grupomedcof.com.br\\\/blog\\\/anemia-fisiologica-e-anemia-ferropriva-voce-sabe-diferenciar\\\/\"]}]},{\"@type\":\"ImageObject\",\"inLanguage\":\"pt-BR\",\"@id\":\"https:\\\/\\\/www.grupomedcof.com.br\\\/blog\\\/anemia-fisiologica-e-anemia-ferropriva-voce-sabe-diferenciar\\\/#primaryimage\",\"url\":\"https:\\\/\\\/www.grupomedcof.com.br\\\/blog\\\/wp-content\\\/uploads\\\/2024\\\/03\\\/Blog-MedCof-23.png\",\"contentUrl\":\"https:\\\/\\\/www.grupomedcof.com.br\\\/blog\\\/wp-content\\\/uploads\\\/2024\\\/03\\\/Blog-MedCof-23.png\",\"width\":1920,\"height\":1080,\"caption\":\"A anemia \u00e9 a principal doen\u00e7a metab\u00f3lica da inf\u00e2ncia. Duas das formas mais frequentes s\u00e3o a anemia fisiol\u00f3gica e a anemia ferropriva.\"},{\"@type\":\"BreadcrumbList\",\"@id\":\"https:\\\/\\\/www.grupomedcof.com.br\\\/blog\\\/anemia-fisiologica-e-anemia-ferropriva-voce-sabe-diferenciar\\\/#breadcrumb\",\"itemListElement\":[{\"@type\":\"ListItem\",\"position\":1,\"name\":\"In\u00edcio\",\"item\":\"https:\\\/\\\/www.grupomedcof.com.br\\\/blog\\\/\"},{\"@type\":\"ListItem\",\"position\":2,\"name\":\"Anemia fisiol\u00f3gica e anemia ferropriva: voc\u00ea sabe diferenciar?\"}]},{\"@type\":\"WebSite\",\"@id\":\"https:\\\/\\\/www.grupomedcof.com.br\\\/blog\\\/#website\",\"url\":\"https:\\\/\\\/www.grupomedcof.com.br\\\/blog\\\/\",\"name\":\"Blog de Medcof: conte\u00fados, editais, revalida e mais!\",\"description\":\"Acesso o blog de MedCof! Seu portal de conte\u00fados sobre resid\u00eancia m\u00e9dica, an\u00e1lise e editais e muito mais. Clique e confira!\",\"publisher\":{\"@id\":\"https:\\\/\\\/www.grupomedcof.com.br\\\/blog\\\/#organization\"},\"alternateName\":\"Blog de Medcof: conte\u00fados, editais, revalida e mais!\",\"potentialAction\":[{\"@type\":\"SearchAction\",\"target\":{\"@type\":\"EntryPoint\",\"urlTemplate\":\"https:\\\/\\\/www.grupomedcof.com.br\\\/blog\\\/?s={search_term_string}\"},\"query-input\":{\"@type\":\"PropertyValueSpecification\",\"valueRequired\":true,\"valueName\":\"search_term_string\"}}],\"inLanguage\":\"pt-BR\"},{\"@type\":\"Organization\",\"@id\":\"https:\\\/\\\/www.grupomedcof.com.br\\\/blog\\\/#organization\",\"name\":\"Grupo MedCof\",\"url\":\"https:\\\/\\\/www.grupomedcof.com.br\\\/blog\\\/\",\"logo\":{\"@type\":\"ImageObject\",\"inLanguage\":\"pt-BR\",\"@id\":\"https:\\\/\\\/www.grupomedcof.com.br\\\/blog\\\/#\\\/schema\\\/logo\\\/image\\\/\",\"url\":\"https:\\\/\\\/www.grupomedcof.com.br\\\/blog\\\/wp-content\\\/uploads\\\/2022\\\/01\\\/logo-medcof.png\",\"contentUrl\":\"https:\\\/\\\/www.grupomedcof.com.br\\\/blog\\\/wp-content\\\/uploads\\\/2022\\\/01\\\/logo-medcof.png\",\"width\":768,\"height\":269,\"caption\":\"Grupo MedCof\"},\"image\":{\"@id\":\"https:\\\/\\\/www.grupomedcof.com.br\\\/blog\\\/#\\\/schema\\\/logo\\\/image\\\/\"},\"sameAs\":[\"https:\\\/\\\/www.facebook.com\\\/MedCofQbank\\\/\",\"https:\\\/\\\/www.instagram.com\\\/grupomedcof\\\/\",\"https:\\\/\\\/br.linkedin.com\\\/company\\\/medcof\",\"https:\\\/\\\/www.youtube.com\\\/channel\\\/UCdHMuOHKICxcHwecxN8P-AA\"]},{\"@type\":\"Person\",\"@id\":\"https:\\\/\\\/www.grupomedcof.com.br\\\/blog\\\/#\\\/schema\\\/person\\\/5e56a3921255c01181f3d8c20d53f9c0\",\"name\":\"Grupo MedCof\",\"image\":{\"@type\":\"ImageObject\",\"inLanguage\":\"pt-BR\",\"@id\":\"https:\\\/\\\/www.grupomedcof.com.br\\\/blog\\\/wp-content\\\/uploads\\\/2023\\\/04\\\/cropped-cropped-cropped-cropped-logo-96x96.png28585d174f19c23095510da5f63bc127\",\"url\":\"https:\\\/\\\/www.grupomedcof.com.br\\\/blog\\\/wp-content\\\/uploads\\\/2023\\\/04\\\/cropped-cropped-cropped-cropped-logo-96x96.png\",\"contentUrl\":\"https:\\\/\\\/www.grupomedcof.com.br\\\/blog\\\/wp-content\\\/uploads\\\/2023\\\/04\\\/cropped-cropped-cropped-cropped-logo-96x96.png\",\"caption\":\"Grupo MedCof\"},\"description\":\"Tendo aulas baseadas em quest\u00f5es, + de 115 subespecialistas dispon\u00edveis e uma metodologia \u00fanica, voc\u00ea pode se juntar ao nosso time que conta com mais de 10 mil ...\",\"url\":\"https:\\\/\\\/www.grupomedcof.com.br\\\/blog\\\/author\\\/grupo-medcof\\\/\"}]}<\/script>\n<!-- \/ Yoast SEO Premium plugin. -->","yoast_head_json":{"title":"Anemia: Fisiol\u00f3gica ou Ferropriva? - Blog de Medcof: conte\u00fados, editais, revalida e mais!","description":"A anemia \u00e9 a principal doen\u00e7a metab\u00f3lica da inf\u00e2ncia. Duas das formas mais frequentes s\u00e3o a anemia fisiol\u00f3gica e ferropriva.","robots":{"index":"index","follow":"follow","max-snippet":"max-snippet:-1","max-image-preview":"max-image-preview:large","max-video-preview":"max-video-preview:-1"},"canonical":"https:\/\/www.grupomedcof.com.br\/blog\/anemia-fisiologica-e-anemia-ferropriva-voce-sabe-diferenciar\/","og_locale":"pt_BR","og_type":"article","og_title":"Anemia fisiol\u00f3gica e anemia ferropriva: voc\u00ea sabe diferenciar?","og_description":"A anemia \u00e9 a principal doen\u00e7a metab\u00f3lica da inf\u00e2ncia. Duas das formas mais frequentes s\u00e3o a anemia fisiol\u00f3gica e ferropriva.","og_url":"https:\/\/www.grupomedcof.com.br\/blog\/anemia-fisiologica-e-anemia-ferropriva-voce-sabe-diferenciar\/","og_site_name":"Blog de Medcof: conte\u00fados, editais, revalida e mais!","article_publisher":"https:\/\/www.facebook.com\/MedCofQbank\/","article_published_time":"2024-03-21T19:38:47+00:00","og_image":[{"width":1920,"height":1080,"url":"https:\/\/www.grupomedcof.com.br\/blog\/wp-content\/uploads\/2024\/03\/Blog-MedCof-23.png","type":"image\/png"}],"author":"Grupo MedCof","twitter_card":"summary_large_image","twitter_misc":{"Escrito por":"Grupo MedCof","Est. tempo de leitura":"7 minutos"},"schema":{"@context":"https:\/\/schema.org","@graph":[{"@type":"Article","@id":"https:\/\/www.grupomedcof.com.br\/blog\/anemia-fisiologica-e-anemia-ferropriva-voce-sabe-diferenciar\/#article","isPartOf":{"@id":"https:\/\/www.grupomedcof.com.br\/blog\/anemia-fisiologica-e-anemia-ferropriva-voce-sabe-diferenciar\/"},"author":{"name":"Grupo MedCof","@id":"https:\/\/www.grupomedcof.com.br\/blog\/#\/schema\/person\/5e56a3921255c01181f3d8c20d53f9c0"},"headline":"Anemia fisiol\u00f3gica e anemia ferropriva: voc\u00ea sabe diferenciar?","datePublished":"2024-03-21T19:38:47+00:00","mainEntityOfPage":{"@id":"https:\/\/www.grupomedcof.com.br\/blog\/anemia-fisiologica-e-anemia-ferropriva-voce-sabe-diferenciar\/"},"wordCount":789,"commentCount":0,"publisher":{"@id":"https:\/\/www.grupomedcof.com.br\/blog\/#organization"},"image":{"@id":"https:\/\/www.grupomedcof.com.br\/blog\/anemia-fisiologica-e-anemia-ferropriva-voce-sabe-diferenciar\/#primaryimage"},"thumbnailUrl":"https:\/\/www.grupomedcof.com.br\/blog\/wp-content\/uploads\/2024\/03\/Blog-MedCof-23.png","articleSection":["Pediatria","Uncategorized"],"inLanguage":"pt-BR"},{"@type":"WebPage","@id":"https:\/\/www.grupomedcof.com.br\/blog\/anemia-fisiologica-e-anemia-ferropriva-voce-sabe-diferenciar\/","url":"https:\/\/www.grupomedcof.com.br\/blog\/anemia-fisiologica-e-anemia-ferropriva-voce-sabe-diferenciar\/","name":"Anemia: Fisiol\u00f3gica ou Ferropriva? - Blog de Medcof: conte\u00fados, editais, revalida e mais!","isPartOf":{"@id":"https:\/\/www.grupomedcof.com.br\/blog\/#website"},"primaryImageOfPage":{"@id":"https:\/\/www.grupomedcof.com.br\/blog\/anemia-fisiologica-e-anemia-ferropriva-voce-sabe-diferenciar\/#primaryimage"},"image":{"@id":"https:\/\/www.grupomedcof.com.br\/blog\/anemia-fisiologica-e-anemia-ferropriva-voce-sabe-diferenciar\/#primaryimage"},"thumbnailUrl":"https:\/\/www.grupomedcof.com.br\/blog\/wp-content\/uploads\/2024\/03\/Blog-MedCof-23.png","datePublished":"2024-03-21T19:38:47+00:00","description":"A anemia \u00e9 a principal doen\u00e7a metab\u00f3lica da inf\u00e2ncia. Duas das formas mais frequentes s\u00e3o a anemia fisiol\u00f3gica e ferropriva.","breadcrumb":{"@id":"https:\/\/www.grupomedcof.com.br\/blog\/anemia-fisiologica-e-anemia-ferropriva-voce-sabe-diferenciar\/#breadcrumb"},"inLanguage":"pt-BR","potentialAction":[{"@type":"ReadAction","target":["https:\/\/www.grupomedcof.com.br\/blog\/anemia-fisiologica-e-anemia-ferropriva-voce-sabe-diferenciar\/"]}]},{"@type":"ImageObject","inLanguage":"pt-BR","@id":"https:\/\/www.grupomedcof.com.br\/blog\/anemia-fisiologica-e-anemia-ferropriva-voce-sabe-diferenciar\/#primaryimage","url":"https:\/\/www.grupomedcof.com.br\/blog\/wp-content\/uploads\/2024\/03\/Blog-MedCof-23.png","contentUrl":"https:\/\/www.grupomedcof.com.br\/blog\/wp-content\/uploads\/2024\/03\/Blog-MedCof-23.png","width":1920,"height":1080,"caption":"A anemia \u00e9 a principal doen\u00e7a metab\u00f3lica da inf\u00e2ncia. Duas das formas mais frequentes s\u00e3o a anemia fisiol\u00f3gica e a anemia ferropriva."},{"@type":"BreadcrumbList","@id":"https:\/\/www.grupomedcof.com.br\/blog\/anemia-fisiologica-e-anemia-ferropriva-voce-sabe-diferenciar\/#breadcrumb","itemListElement":[{"@type":"ListItem","position":1,"name":"In\u00edcio","item":"https:\/\/www.grupomedcof.com.br\/blog\/"},{"@type":"ListItem","position":2,"name":"Anemia fisiol\u00f3gica e anemia ferropriva: voc\u00ea sabe diferenciar?"}]},{"@type":"WebSite","@id":"https:\/\/www.grupomedcof.com.br\/blog\/#website","url":"https:\/\/www.grupomedcof.com.br\/blog\/","name":"Blog de Medcof: conte\u00fados, editais, revalida e mais!","description":"Acesso o blog de MedCof! Seu portal de conte\u00fados sobre resid\u00eancia m\u00e9dica, an\u00e1lise e editais e muito mais. Clique e confira!","publisher":{"@id":"https:\/\/www.grupomedcof.com.br\/blog\/#organization"},"alternateName":"Blog de Medcof: conte\u00fados, editais, revalida e mais!","potentialAction":[{"@type":"SearchAction","target":{"@type":"EntryPoint","urlTemplate":"https:\/\/www.grupomedcof.com.br\/blog\/?s={search_term_string}"},"query-input":{"@type":"PropertyValueSpecification","valueRequired":true,"valueName":"search_term_string"}}],"inLanguage":"pt-BR"},{"@type":"Organization","@id":"https:\/\/www.grupomedcof.com.br\/blog\/#organization","name":"Grupo MedCof","url":"https:\/\/www.grupomedcof.com.br\/blog\/","logo":{"@type":"ImageObject","inLanguage":"pt-BR","@id":"https:\/\/www.grupomedcof.com.br\/blog\/#\/schema\/logo\/image\/","url":"https:\/\/www.grupomedcof.com.br\/blog\/wp-content\/uploads\/2022\/01\/logo-medcof.png","contentUrl":"https:\/\/www.grupomedcof.com.br\/blog\/wp-content\/uploads\/2022\/01\/logo-medcof.png","width":768,"height":269,"caption":"Grupo MedCof"},"image":{"@id":"https:\/\/www.grupomedcof.com.br\/blog\/#\/schema\/logo\/image\/"},"sameAs":["https:\/\/www.facebook.com\/MedCofQbank\/","https:\/\/www.instagram.com\/grupomedcof\/","https:\/\/br.linkedin.com\/company\/medcof","https:\/\/www.youtube.com\/channel\/UCdHMuOHKICxcHwecxN8P-AA"]},{"@type":"Person","@id":"https:\/\/www.grupomedcof.com.br\/blog\/#\/schema\/person\/5e56a3921255c01181f3d8c20d53f9c0","name":"Grupo MedCof","image":{"@type":"ImageObject","inLanguage":"pt-BR","@id":"https:\/\/www.grupomedcof.com.br\/blog\/wp-content\/uploads\/2023\/04\/cropped-cropped-cropped-cropped-logo-96x96.png28585d174f19c23095510da5f63bc127","url":"https:\/\/www.grupomedcof.com.br\/blog\/wp-content\/uploads\/2023\/04\/cropped-cropped-cropped-cropped-logo-96x96.png","contentUrl":"https:\/\/www.grupomedcof.com.br\/blog\/wp-content\/uploads\/2023\/04\/cropped-cropped-cropped-cropped-logo-96x96.png","caption":"Grupo MedCof"},"description":"Tendo aulas baseadas em quest\u00f5es, + de 115 subespecialistas dispon\u00edveis e uma metodologia \u00fanica, voc\u00ea pode se juntar ao nosso time que conta com mais de 10 mil ...","url":"https:\/\/www.grupomedcof.com.br\/blog\/author\/grupo-medcof\/"}]}},"authors":[{"term_id":3613,"user_id":10,"is_guest":0,"slug":"grupo-medcof","display_name":"Grupo MedCof","avatar_url":"https:\/\/www.grupomedcof.com.br\/blog\/wp-content\/uploads\/2023\/04\/cropped-cropped-cropped-cropped-logo-96x96.png","0":null,"1":"","2":"","3":"","4":"","5":"","6":"","7":"","8":""}],"_links":{"self":[{"href":"https:\/\/www.grupomedcof.com.br\/blog\/wp-json\/wp\/v2\/posts\/22946","targetHints":{"allow":["GET"]}}],"collection":[{"href":"https:\/\/www.grupomedcof.com.br\/blog\/wp-json\/wp\/v2\/posts"}],"about":[{"href":"https:\/\/www.grupomedcof.com.br\/blog\/wp-json\/wp\/v2\/types\/post"}],"author":[{"embeddable":true,"href":"https:\/\/www.grupomedcof.com.br\/blog\/wp-json\/wp\/v2\/users\/10"}],"replies":[{"embeddable":true,"href":"https:\/\/www.grupomedcof.com.br\/blog\/wp-json\/wp\/v2\/comments?post=22946"}],"version-history":[{"count":0,"href":"https:\/\/www.grupomedcof.com.br\/blog\/wp-json\/wp\/v2\/posts\/22946\/revisions"}],"wp:featuredmedia":[{"embeddable":true,"href":"https:\/\/www.grupomedcof.com.br\/blog\/wp-json\/wp\/v2\/media\/22948"}],"wp:attachment":[{"href":"https:\/\/www.grupomedcof.com.br\/blog\/wp-json\/wp\/v2\/media?parent=22946"}],"wp:term":[{"taxonomy":"category","embeddable":true,"href":"https:\/\/www.grupomedcof.com.br\/blog\/wp-json\/wp\/v2\/categories?post=22946"},{"taxonomy":"post_tag","embeddable":true,"href":"https:\/\/www.grupomedcof.com.br\/blog\/wp-json\/wp\/v2\/tags?post=22946"},{"taxonomy":"author","embeddable":true,"href":"https:\/\/www.grupomedcof.com.br\/blog\/wp-json\/wp\/v2\/ppma_author?post=22946"}],"curies":[{"name":"wp","href":"https:\/\/api.w.org\/{rel}","templated":true}]}}