{"id":23241,"date":"2025-07-22T14:23:05","date_gmt":"2025-07-22T17:23:05","guid":{"rendered":"https:\/\/www.grupomedcof.com.br\/blog\/?p=23241"},"modified":"2025-07-22T14:23:08","modified_gmt":"2025-07-22T17:23:08","slug":"raquitismo-definicao-e-fatores-de-risco","status":"publish","type":"post","link":"https:\/\/www.grupomedcof.com.br\/blog\/raquitismo-definicao-e-fatores-de-risco\/","title":{"rendered":"Raquitismo: conhe\u00e7a suas causas, diagn\u00f3stico, tratamento e preven\u00e7\u00e3o"},"content":{"rendered":"<div id=\"ez-toc-container\" class=\"ez-toc-v2_0_74 counter-hierarchy ez-toc-counter ez-toc-transparent ez-toc-container-direction\">\n<div class=\"ez-toc-title-container\">\n<p class=\"ez-toc-title\" style=\"cursor:inherit\">Sum\u00e1rio<\/p>\n<span class=\"ez-toc-title-toggle\"><a href=\"#\" class=\"ez-toc-pull-right ez-toc-btn ez-toc-btn-xs ez-toc-btn-default ez-toc-toggle\" aria-label=\"Alternar tabela de conte\u00fado\"><span class=\"ez-toc-js-icon-con\"><span class=\"\"><span class=\"eztoc-hide\" style=\"display:none;\">Toggle<\/span><span class=\"ez-toc-icon-toggle-span\"><svg style=\"fill: #999;color:#999\" xmlns=\"http:\/\/www.w3.org\/2000\/svg\" class=\"list-377408\" width=\"20px\" height=\"20px\" viewBox=\"0 0 24 24\" fill=\"none\"><path d=\"M6 6H4v2h2V6zm14 0H8v2h12V6zM4 11h2v2H4v-2zm16 0H8v2h12v-2zM4 16h2v2H4v-2zm16 0H8v2h12v-2z\" fill=\"currentColor\"><\/path><\/svg><svg style=\"fill: #999;color:#999\" class=\"arrow-unsorted-368013\" xmlns=\"http:\/\/www.w3.org\/2000\/svg\" width=\"10px\" height=\"10px\" viewBox=\"0 0 24 24\" version=\"1.2\" baseProfile=\"tiny\"><path d=\"M18.2 9.3l-6.2-6.3-6.2 6.3c-.2.2-.3.4-.3.7s.1.5.3.7c.2.2.4.3.7.3h11c.3 0 .5-.1.7-.3.2-.2.3-.5.3-.7s-.1-.5-.3-.7zM5.8 14.7l6.2 6.3 6.2-6.3c.2-.2.3-.5.3-.7s-.1-.5-.3-.7c-.2-.2-.4-.3-.7-.3h-11c-.3 0-.5.1-.7.3-.2.2-.3.5-.3.7s.1.5.3.7z\"\/><\/svg><\/span><\/span><\/span><\/a><\/span><\/div>\n<nav><ul class='ez-toc-list ez-toc-list-level-1 ' ><li class='ez-toc-page-1 ez-toc-heading-level-2'><a class=\"ez-toc-link ez-toc-heading-1\" href=\"https:\/\/www.grupomedcof.com.br\/blog\/raquitismo-definicao-e-fatores-de-risco\/#Etiologia_e_fisiopatologia_do_raquitismo\" >Etiologia e fisiopatologia do raquitismo<\/a><\/li><li class='ez-toc-page-1 ez-toc-heading-level-2'><a class=\"ez-toc-link ez-toc-heading-2\" href=\"https:\/\/www.grupomedcof.com.br\/blog\/raquitismo-definicao-e-fatores-de-risco\/#Causas_e_fatores_de_risco_do_raquitismo\" >Causas e fatores de risco do raquitismo<\/a><\/li><li class='ez-toc-page-1 ez-toc-heading-level-2'><a class=\"ez-toc-link ez-toc-heading-3\" href=\"https:\/\/www.grupomedcof.com.br\/blog\/raquitismo-definicao-e-fatores-de-risco\/#Principais_sintomas_do_raquitismo\" >Principais sintomas do raquitismo<\/a><\/li><li class='ez-toc-page-1 ez-toc-heading-level-2'><a class=\"ez-toc-link ez-toc-heading-4\" href=\"https:\/\/www.grupomedcof.com.br\/blog\/raquitismo-definicao-e-fatores-de-risco\/#Tipos_de_raquitismo\" >Tipos de raquitismo<\/a><ul class='ez-toc-list-level-3' ><li class='ez-toc-heading-level-3'><a class=\"ez-toc-link ez-toc-heading-5\" href=\"https:\/\/www.grupomedcof.com.br\/blog\/raquitismo-definicao-e-fatores-de-risco\/#Raquitismo_carencial_nutricional\" >Raquitismo carencial (nutricional)<\/a><\/li><li class='ez-toc-page-1 ez-toc-heading-level-3'><a class=\"ez-toc-link ez-toc-heading-6\" href=\"https:\/\/www.grupomedcof.com.br\/blog\/raquitismo-definicao-e-fatores-de-risco\/#Raquitismo_hipofosfatemico\" >Raquitismo hipofosfat\u00eamico<\/a><\/li><li class='ez-toc-page-1 ez-toc-heading-level-3'><a class=\"ez-toc-link ez-toc-heading-7\" href=\"https:\/\/www.grupomedcof.com.br\/blog\/raquitismo-definicao-e-fatores-de-risco\/#Raquitismo_dependente_de_vitamina_D_tipos_I_e_II\" >Raquitismo dependente de vitamina D (tipos I e II)<\/a><\/li><\/ul><\/li><li class='ez-toc-page-1 ez-toc-heading-level-2'><a class=\"ez-toc-link ez-toc-heading-8\" href=\"https:\/\/www.grupomedcof.com.br\/blog\/raquitismo-definicao-e-fatores-de-risco\/#Diagnostico_do_raquitismo\" >Diagn\u00f3stico do raquitismo<\/a><\/li><li class='ez-toc-page-1 ez-toc-heading-level-2'><a class=\"ez-toc-link ez-toc-heading-9\" href=\"https:\/\/www.grupomedcof.com.br\/blog\/raquitismo-definicao-e-fatores-de-risco\/#Tratamento_do_raquitismo\" >Tratamento do raquitismo<\/a><\/li><li class='ez-toc-page-1 ez-toc-heading-level-2'><a class=\"ez-toc-link ez-toc-heading-10\" href=\"https:\/\/www.grupomedcof.com.br\/blog\/raquitismo-definicao-e-fatores-de-risco\/#Complicacoes_do_raquitismo_nao_tratado\" >Complica\u00e7\u00f5es do raquitismo n\u00e3o tratado<\/a><\/li><li class='ez-toc-page-1 ez-toc-heading-level-2'><a class=\"ez-toc-link ez-toc-heading-11\" href=\"https:\/\/www.grupomedcof.com.br\/blog\/raquitismo-definicao-e-fatores-de-risco\/#Prevencao_do_raquitismo\" >Preven\u00e7\u00e3o do raquitismo<\/a><\/li><li class='ez-toc-page-1 ez-toc-heading-level-2'><a class=\"ez-toc-link ez-toc-heading-12\" href=\"https:\/\/www.grupomedcof.com.br\/blog\/raquitismo-definicao-e-fatores-de-risco\/#Como_a_MedCof_te_prepara_para_ser_um_medico_mais_completo\" >Como a MedCof te prepara para ser um m\u00e9dico mais completo?<\/a><\/li><\/ul><\/nav><\/div>\n\n<figure class=\"wp-block-image size-full is-resized\"><img loading=\"lazy\" decoding=\"async\" width=\"259\" height=\"194\" src=\"https:\/\/www.grupomedcof.com.br\/blog\/wp-content\/uploads\/2025\/05\/image-8.jpeg\" alt=\"\" class=\"wp-image-36651\" style=\"width:510px;height:auto\" srcset=\"https:\/\/www.grupomedcof.com.br\/blog\/wp-content\/uploads\/2025\/05\/image-8.jpeg 259w, https:\/\/www.grupomedcof.com.br\/blog\/wp-content\/uploads\/2025\/05\/image-8-80x60.jpeg 80w, https:\/\/www.grupomedcof.com.br\/blog\/wp-content\/uploads\/2025\/05\/image-8-150x112.jpeg 150w\" sizes=\"auto, (max-width: 259px) 100vw, 259px\" \/><figcaption class=\"wp-element-caption\">Diferen\u00e7a entre o osso normal e o osso raqu\u00edtico | Fonte: MGT Nutri<\/figcaption><\/figure>\n\n\n\n<p>O <strong>raquitismo<\/strong> \u00e9 uma doen\u00e7a \u00f3ssea que afeta crian\u00e7as em crescimento, causando enfraquecimento dos ossos. A principal causa \u00e9 a <strong>defici\u00eancia de vitamina D<\/strong>, que causa dores nos ossos, fraqueza muscular e atraso no desenvolvimento motor. Para tratar, \u00e9 necess\u00e1rio suplementar a vitamina D, e em alguns casos, realizar a cirurgia corretiva.\u00a0<\/p>\n\n\n\n<h2 class=\"wp-block-heading\" id=\"h-etiologia-e-fisiopatologia-do-raquitismo\"><span class=\"ez-toc-section\" id=\"Etiologia_e_fisiopatologia_do_raquitismo\"><\/span><strong><strong>Etiologia e fisiopatologia do raquitismo<\/strong><\/strong><span class=\"ez-toc-section-end\"><\/span><\/h2>\n\n\n\n<p>O raquitismo \u00e9 uma doen\u00e7a metab\u00f3lica \u00f3ssea que afeta o processo de mineraliza\u00e7\u00e3o da cartilagem de crescimento, levando a deformidades esquel\u00e9ticas. A principal etiologia da condi\u00e7\u00e3o \u00e9 a defici\u00eancia de vitamina D, mas tamb\u00e9m pode envolver:<\/p>\n\n\n\n<ul class=\"wp-block-list\">\n<li><strong>Insufici\u00eancia de c\u00e1lcio ou f\u00f3sforo: <\/strong>Pode ocorrer por dietas com baixo teor destes minerais ou por doen\u00e7as que afetam sua absor\u00e7\u00e3o<strong>;<\/strong><\/li>\n\n\n\n<li><strong>S\u00edndromes disabsortivas;<\/strong><\/li>\n\n\n\n<li><strong>Doen\u00e7as renais ou hep\u00e1ticas: <\/strong>Condi\u00e7\u00f5es que comprometem a capacidade de hidroxila\u00e7\u00e3o da vitamina D ou afetam o metabolismo mineral podem levar ao raquitismo;<\/li>\n\n\n\n<li><strong>Algumas altera\u00e7\u00f5es gen\u00e9ticas.<\/strong><\/li>\n<\/ul>\n\n\n\n<p>J\u00e1 sua <strong>fisiopatologia<\/strong> inclui a<strong> falha na absor\u00e7\u00e3o e\/ou a\u00e7\u00e3o adequada da vitamina D, <\/strong>levando \u00e0 menor disponibilidade de c\u00e1lcio e f\u00f3sforo para a correta forma\u00e7\u00e3o \u00f3ssea.<\/p>\n\n\n\n<figure class=\"wp-block-image size-large\"><img loading=\"lazy\" decoding=\"async\" width=\"1024\" height=\"396\" src=\"https:\/\/www.grupomedcof.com.br\/blog\/wp-content\/uploads\/2025\/05\/image-9-1024x396.jpeg\" alt=\"Imagem mostrando deformidades \u00f3sseas nas pernas, incluindo deformidades \u00f3sseas, varia\u00e7\u00f5es na estrutura \u00f3ssea e radiografia de problemas nas pernas.\" class=\"wp-image-36652\" srcset=\"https:\/\/www.grupomedcof.com.br\/blog\/wp-content\/uploads\/2025\/05\/image-9-1024x396.jpeg 1024w, https:\/\/www.grupomedcof.com.br\/blog\/wp-content\/uploads\/2025\/05\/image-9-300x116.jpeg 300w, https:\/\/www.grupomedcof.com.br\/blog\/wp-content\/uploads\/2025\/05\/image-9-768x297.jpeg 768w, https:\/\/www.grupomedcof.com.br\/blog\/wp-content\/uploads\/2025\/05\/image-9-1085x420.jpeg 1085w, https:\/\/www.grupomedcof.com.br\/blog\/wp-content\/uploads\/2025\/05\/image-9-150x58.jpeg 150w, https:\/\/www.grupomedcof.com.br\/blog\/wp-content\/uploads\/2025\/05\/image-9-696x269.jpeg 696w, https:\/\/www.grupomedcof.com.br\/blog\/wp-content\/uploads\/2025\/05\/image-9-1068x413.jpeg 1068w, https:\/\/www.grupomedcof.com.br\/blog\/wp-content\/uploads\/2025\/05\/image-9.jpeg 1514w\" sizes=\"auto, (max-width: 1024px) 100vw, 1024px\" \/><figcaption class=\"wp-element-caption\">Curvatura de ossos do membro inferior. Fonte Dr. Daniel Souto.<\/figcaption><\/figure>\n\n\n\n<h2 class=\"wp-block-heading\" id=\"h-causas-e-fatores-de-risco-do-raquitismo\"><span class=\"ez-toc-section\" id=\"Causas_e_fatores_de_risco_do_raquitismo\"><\/span><strong><strong>Causas e fatores de risco do raquitismo<\/strong><\/strong><span class=\"ez-toc-section-end\"><\/span><\/h2>\n\n\n\n<p>As principais causas envolvem:<\/p>\n\n\n\n<ul class=\"wp-block-list\">\n<li>Car\u00eancia nutricional;<\/li>\n\n\n\n<li>M\u00e1 absor\u00e7\u00e3o de nutrientes;<\/li>\n\n\n\n<li>Problemas gen\u00e9ticos;<\/li>\n\n\n\n<li>Problemas renais;<\/li>\n\n\n\n<li>Defici\u00eancia de vitamina D.<\/li>\n<\/ul>\n\n\n\n<p>Os fatores de risco podem envolver<strong> idade, doen\u00e7as cr\u00f4nicas<\/strong> ou at\u00e9 mesmo<strong> certos medicamentos<\/strong> (anticonvulsivante e antirretrovirais). Entretanto, <strong>popula\u00e7\u00f5es com baixa exposi\u00e7\u00e3o solar <\/strong>ou com<strong> pele mais escura<\/strong> apresentam risco aumentado de raquitismo.<\/p>\n\n\n\n<h2 class=\"wp-block-heading\" id=\"h-principais-sintomas-do-raquitismo\"><span class=\"ez-toc-section\" id=\"Principais_sintomas_do_raquitismo\"><\/span><strong><strong>Principais sintomas do raquitismo<\/strong><\/strong><span class=\"ez-toc-section-end\"><\/span><\/h2>\n\n\n\n<p>Os sintomas envolvem:<\/p>\n\n\n\n<ul class=\"wp-block-list\">\n<li><strong>Deformidades \u00f3sseas<\/strong>: Pernas arqueadas ou deformidades no cr\u00e2nio, peito e coluna;<\/li>\n\n\n\n<li><strong>Atraso no crescimento: <\/strong>Crian\u00e7as com crescimento abaixo do esperado para a idade;<\/li>\n\n\n\n<li><strong>Dor \u00f3ssea:<\/strong> Principalmente dores nas pernas, bra\u00e7os e coluna;<\/li>\n\n\n\n<li><strong>Fraqueza muscular:<\/strong> Podendo afetar o desenvolvimento motor, como o atraso para come\u00e7ar a andar ou engatinhar;<\/li>\n\n\n\n<li><strong>Outros sintomas envolvidos: <\/strong>Problemas dent\u00e1rios, convuls\u00f5es, irritabilidade, fadiga e sudorese excessiva na cabe\u00e7a.<\/li>\n<\/ul>\n\n\n\n<p>Vale ressaltar que as manifesta\u00e7\u00f5es da doen\u00e7a variam conforme a idade de in\u00edcio, gravidade ou causa subjacente.<\/p>\n\n\n\n<figure class=\"wp-block-image\"><img decoding=\"async\" src=\"https:\/\/lh7-rt.googleusercontent.com\/docsz\/AD_4nXc1Q6ZR3ytCy134r6b3WdUrny9xIy6kqttXFPj5qcoQW6y0UHsIyQd2U350ASNiZ49xZSWlLvc07XfxPoHI61vbWJWXfxDTb1c0fqbF-CtlCra6hU4ts_zbZUljZTD7N1ZXXmsB?key=ppmNke6GnHEQUumvKC3ioA\" alt=\"\"\/><figcaption class=\"wp-element-caption\">Ros\u00e1rio raqu\u00edtico refere-se \u00e0 expans\u00e3o das extremidades das costelas anteriores nas jun\u00e7\u00f5es costocondrais. Fonte: radiopaedia.<\/figcaption><\/figure>\n\n\n\n<h2 class=\"wp-block-heading\" id=\"h-tipos-de-raquitismo\"><span class=\"ez-toc-section\" id=\"Tipos_de_raquitismo\"><\/span><strong><strong>Tipos de raquitismo<\/strong><\/strong><span class=\"ez-toc-section-end\"><\/span><\/h2>\n\n\n\n<p>Existem alguns tipos de raquitismo: o carencial, o hipofosfat\u00eamico e o dependente de vitamina D. Vamos entender melhor cada tipo a seguir.<\/p>\n\n\n\n<h3 class=\"wp-block-heading\" id=\"h-raquitismo-carencial-nutricional\"><span class=\"ez-toc-section\" id=\"Raquitismo_carencial_nutricional\"><\/span><strong>Raquitismo carencial (nutricional)<\/strong><span class=\"ez-toc-section-end\"><\/span><\/h3>\n\n\n\n<p>O <strong>raquitismo carencial<\/strong>, ou nutricional, \u00e9 o mais comum. \u00c9 causado pela falta de vitamina D na dieta ou pela falta de exposi\u00e7\u00e3o ao sol. O tratamento envolve a<strong> suplementa\u00e7\u00e3o dessa car\u00eancia de vitamina<\/strong> e a resposta geralmente \u00e9 boa.<\/p>\n\n\n\n<h3 class=\"wp-block-heading\" id=\"h-raquitismo-hipofosfatemico\"><span class=\"ez-toc-section\" id=\"Raquitismo_hipofosfatemico\"><\/span><strong>Raquitismo hipofosfat\u00eamico<\/strong><span class=\"ez-toc-section-end\"><\/span><\/h3>\n\n\n\n<p>O tipo <strong>hipofosfat\u00eamico<\/strong> \u00e9 caracterizado como uma <strong>doen\u00e7a heredit\u00e1ria rara<\/strong> que tem como causa os baixos n\u00edveis de fosfato no sangue, resultando em <strong>ossos fracos e moles<\/strong>, com tend\u00eancias a <strong>dobras e fraturas<\/strong>.&nbsp;<\/p>\n\n\n\n<p>O tratamento envolve a reposi\u00e7\u00e3o de fosfato oral e calcitriol, tendo em vista que a suplementa\u00e7\u00e3o de vitamina D convencional n\u00e3o \u00e9 suficiente neste caso.&nbsp;<\/p>\n\n\n\n<figure class=\"wp-block-image size-large\"><img loading=\"lazy\" decoding=\"async\" width=\"1024\" height=\"576\" src=\"https:\/\/www.grupomedcof.com.br\/blog\/wp-content\/uploads\/2025\/05\/image-4-1024x576.png\" alt=\"\" class=\"wp-image-36653\" srcset=\"https:\/\/www.grupomedcof.com.br\/blog\/wp-content\/uploads\/2025\/05\/image-4-1024x576.png 1024w, https:\/\/www.grupomedcof.com.br\/blog\/wp-content\/uploads\/2025\/05\/image-4-300x169.png 300w, https:\/\/www.grupomedcof.com.br\/blog\/wp-content\/uploads\/2025\/05\/image-4-768x432.png 768w, https:\/\/www.grupomedcof.com.br\/blog\/wp-content\/uploads\/2025\/05\/image-4-1536x864.png 1536w, https:\/\/www.grupomedcof.com.br\/blog\/wp-content\/uploads\/2025\/05\/image-4-747x420.png 747w, https:\/\/www.grupomedcof.com.br\/blog\/wp-content\/uploads\/2025\/05\/image-4-150x84.png 150w, https:\/\/www.grupomedcof.com.br\/blog\/wp-content\/uploads\/2025\/05\/image-4-696x392.png 696w, https:\/\/www.grupomedcof.com.br\/blog\/wp-content\/uploads\/2025\/05\/image-4-1068x601.png 1068w, https:\/\/www.grupomedcof.com.br\/blog\/wp-content\/uploads\/2025\/05\/image-4.png 1600w\" sizes=\"auto, (max-width: 1024px) 100vw, 1024px\" \/><figcaption class=\"wp-element-caption\">Fonte: Mendelics<\/figcaption><\/figure>\n\n\n\n<figure class=\"wp-block-image\"><img decoding=\"async\" src=\"https:\/\/lh7-rt.googleusercontent.com\/docsz\/AD_4nXci3XlYwTsfnAX6QVdN_mswNRu7hU--JTeqZ7q-fAx_B4cQ2h-jQH8pixEtZphJCxIMlJe4XXQWM2lhRk9rCdLiZqMQxVe4Gp5thWCbs0bBW3HGXMaJeUK75qpZ-aT2PnqFdWNf?key=ppmNke6GnHEQUumvKC3ioA\" alt=\"\"\/><figcaption class=\"wp-element-caption\">Tabela esquem\u00e1tica sobre as altera\u00e7\u00f5es de cada um dos tipos de raquitismo. Fonte: UpToDate, 2023.<\/figcaption><\/figure>\n\n\n\n<h3 class=\"wp-block-heading\" id=\"h-raquitismo-dependente-de-vitamina-d-tipos-i-e-ii\"><span class=\"ez-toc-section\" id=\"Raquitismo_dependente_de_vitamina_D_tipos_I_e_II\"><\/span><strong>Raquitismo dependente de vitamina D (tipos I e II)<\/strong><span class=\"ez-toc-section-end\"><\/span><\/h3>\n\n\n\n<p>O raquitismo dependente de vitamina D envolve dois tipos:<\/p>\n\n\n\n<ul class=\"wp-block-list\">\n<li><strong>Tipo I<\/strong>:\u00a0\u00c9 causado por uma <strong>muta\u00e7\u00e3o no gene CYP27B1,<\/strong> que codifica a enzima 1-alfa-hidroxilase, essencial para a convers\u00e3o da 25(OH)D3 (calcidiol) na forma ativa da vitamina D, a 1,25(OH)2D3 (calcitriol).\u00a0Os sintomas geralmente envolvem o <strong>atraso no desenvolvimento motor, hipotonia, fraqueza muscular, deformidades \u00f3sseas e convuls\u00f5es hipocalcemicas.<\/strong> Para tratar, \u00e9 necess\u00e1rio <strong>repor o calcitriol<\/strong> para contornar a defici\u00eancia enzim\u00e1tica.<\/li>\n\n\n\n<li><strong>Tipo II:\u00a0<\/strong>Ocorre por muta\u00e7\u00f5es no gene do receptor da vitamina D (VDR), resultando em <strong>resist\u00eancia tecidual \u00e0 forma ativa da vitamina<\/strong>, mesmo quando presente em abund\u00e2ncia.\u00a0<\/li>\n<\/ul>\n\n\n\n<p>Os sintomas s\u00e3o <strong>semelhantes ao tipo I,<\/strong> mas geralmente envolve uma gravidade maior, al\u00e9m de incluir <strong>alopecia e convuls\u00f5es<\/strong>. O tratamento ocorre por meio de<strong> doses elevadas de calcitriol associado ao calciferol e c\u00e1lcio.<\/strong><\/p>\n\n\n\n<p>Ambos os tipos apresentam quadro cl\u00ednico grave e manejo complicado.<\/p>\n\n\n\n<figure class=\"wp-block-image size-full\"><img loading=\"lazy\" decoding=\"async\" width=\"426\" height=\"785\" src=\"https:\/\/www.grupomedcof.com.br\/blog\/wp-content\/uploads\/2025\/05\/image-10.jpeg\" alt=\"\" class=\"wp-image-36654\" srcset=\"https:\/\/www.grupomedcof.com.br\/blog\/wp-content\/uploads\/2025\/05\/image-10.jpeg 426w, https:\/\/www.grupomedcof.com.br\/blog\/wp-content\/uploads\/2025\/05\/image-10-163x300.jpeg 163w, https:\/\/www.grupomedcof.com.br\/blog\/wp-content\/uploads\/2025\/05\/image-10-228x420.jpeg 228w, https:\/\/www.grupomedcof.com.br\/blog\/wp-content\/uploads\/2025\/05\/image-10-150x276.jpeg 150w, https:\/\/www.grupomedcof.com.br\/blog\/wp-content\/uploads\/2025\/05\/image-10-300x553.jpeg 300w\" sizes=\"auto, (max-width: 426px) 100vw, 426px\" \/><figcaption class=\"wp-element-caption\">Fonte: Scielo Brasil<\/figcaption><\/figure>\n\n\n\n<h2 class=\"wp-block-heading\" id=\"h-diagnostico-do-raquitismo\"><span class=\"ez-toc-section\" id=\"Diagnostico_do_raquitismo\"><\/span><strong><strong>Diagn\u00f3stico do raquitismo<\/strong><\/strong><span class=\"ez-toc-section-end\"><\/span><\/h2>\n\n\n\n<p>O diagn\u00f3stico envolve a avalia\u00e7\u00e3o de fatores de risco, hist\u00f3rico alimentar, manifesta\u00e7\u00f5es cl\u00ednicas e exames, como:<\/p>\n\n\n\n<ul class=\"wp-block-list\">\n<li><strong>Exame f\u00edsico:<\/strong> Observa\u00e7\u00e3o de sinais como o atraso no crescimento, deformidades \u00f3sseas, fraqueza muscular e dor \u00f3ssea;<\/li>\n\n\n\n<li><strong>Marcadores bioqu\u00edmicos:<\/strong> \u00c9 realizado a medi\u00e7\u00e3o dos n\u00edveis s\u00e9ricos de c\u00e1lcio, f\u00f3sforo, fosfatase alcalina, vitamina D e horm\u00f4nio paratireoidiano;<\/li>\n\n\n\n<li><strong>Radiografia: <\/strong>Necess\u00e1rio para avalia\u00e7\u00e3o da mineraliza\u00e7\u00e3o \u00f3ssea, espessura do c\u00f3rtex \u00f3sseo, deformidades e fraturas;<\/li>\n\n\n\n<li><strong>Exames gen\u00e9ticos:<\/strong> S\u00e3o \u00fateis para identificar muta\u00e7\u00f5es em caso de raquitismo heredit\u00e1rio;<\/li>\n\n\n\n<li><strong>Histomorfometria \u00d3ssea: <\/strong>Analisa a estrutura \u00f3ssea sob microsc\u00f3pio para avaliar a mineraliza\u00e7\u00e3o \u00f3ssea e a espessura do oste\u00f3ide;<\/li>\n\n\n\n<li><strong>Outros exames: <\/strong>Dosagem de creatinina, ureia, gasometria venosa e avalia\u00e7\u00e3o da excre\u00e7\u00e3o urin\u00e1ria de c\u00e1lcio e f\u00f3sforo.<\/li>\n<\/ul>\n\n\n\n<p>\u00c9 consider\u00e1vel&nbsp; monitorar a doen\u00e7a com esses exames, bem como obter o diagn\u00f3stico precoce. Tamb\u00e9m \u00e9 importante o diagn\u00f3stico diferencial com outras osteopatias e metab\u00f3licas.<\/p>\n\n\n\n<h2 class=\"wp-block-heading\" id=\"h-tratamento-do-raquitismo\"><span class=\"ez-toc-section\" id=\"Tratamento_do_raquitismo\"><\/span><strong>Tratamento do raquitismo<\/strong><span class=\"ez-toc-section-end\"><\/span><\/h2>\n\n\n\n<p>O tratamento depende da etiologia:<\/p>\n\n\n\n<ul class=\"wp-block-list\">\n<li><strong>Raquitismo Nutricional:<\/strong> Envolve a suplementa\u00e7\u00e3o da vitamina D e c\u00e1lcio em conjunto com uma dieta rica nesses nutrientes e exposi\u00e7\u00e3o solar adequada;<\/li>\n\n\n\n<li><strong>Raquitismo Hipofosfat\u00eamico:<\/strong> Suplementado de fosfato e calcitriol ou alfacalcidol. Em alguns casos, \u00e9 necess\u00e1rio realizar a remo\u00e7\u00e3o do tumor causador.\u00a0<\/li>\n\n\n\n<li><strong>Raquitismo heredit\u00e1rio: <\/strong>Pode variar, mas geralmente inclui doses elevadas de calcitriol ou, em alguns casos, infus\u00f5es de c\u00e1lcio a longo prazo, dependendo do tipo espec\u00edfico e da resposta do paciente.\u00a0<\/li>\n<\/ul>\n\n\n\n<p>Tamb\u00e9m \u00e9 importante acompanhar com exames bioqu\u00edmicos e radiol\u00f3gicos, al\u00e9m de manter o suporte nutricional e orienta\u00e7\u00e3o familiar.<\/p>\n\n\n\n<figure class=\"wp-block-image size-large\"><img loading=\"lazy\" decoding=\"async\" width=\"1024\" height=\"576\" src=\"https:\/\/www.grupomedcof.com.br\/blog\/wp-content\/uploads\/2025\/05\/image-11-1024x576.jpeg\" alt=\"\" class=\"wp-image-36655\" srcset=\"https:\/\/www.grupomedcof.com.br\/blog\/wp-content\/uploads\/2025\/05\/image-11-1024x576.jpeg 1024w, https:\/\/www.grupomedcof.com.br\/blog\/wp-content\/uploads\/2025\/05\/image-11-300x169.jpeg 300w, https:\/\/www.grupomedcof.com.br\/blog\/wp-content\/uploads\/2025\/05\/image-11-768x432.jpeg 768w, https:\/\/www.grupomedcof.com.br\/blog\/wp-content\/uploads\/2025\/05\/image-11-1536x864.jpeg 1536w, https:\/\/www.grupomedcof.com.br\/blog\/wp-content\/uploads\/2025\/05\/image-11-747x420.jpeg 747w, https:\/\/www.grupomedcof.com.br\/blog\/wp-content\/uploads\/2025\/05\/image-11-150x84.jpeg 150w, https:\/\/www.grupomedcof.com.br\/blog\/wp-content\/uploads\/2025\/05\/image-11-696x392.jpeg 696w, https:\/\/www.grupomedcof.com.br\/blog\/wp-content\/uploads\/2025\/05\/image-11-1068x601.jpeg 1068w, https:\/\/www.grupomedcof.com.br\/blog\/wp-content\/uploads\/2025\/05\/image-11.jpeg 1600w\" sizes=\"auto, (max-width: 1024px) 100vw, 1024px\" \/><figcaption class=\"wp-element-caption\">Fonte: Canva.<\/figcaption><\/figure>\n\n\n\n<h2 class=\"wp-block-heading\" id=\"h-complicacoes-do-raquitismo-nao-tratado\"><span class=\"ez-toc-section\" id=\"Complicacoes_do_raquitismo_nao_tratado\"><\/span><strong>Complica\u00e7\u00f5es do raquitismo n\u00e3o tratado<\/strong><span class=\"ez-toc-section-end\"><\/span><\/h2>\n\n\n\n<p>O raquitismo n\u00e3o tratado pode resultar em sequelas irrevers\u00edveis, por isso o tratamento e diagn\u00f3stico precoces s\u00e3o fundamentais. As principais sequelas s\u00e3o:<\/p>\n\n\n\n<ul class=\"wp-block-list\">\n<li><strong>Deformidades \u00f3sseas permanentes<\/strong>: O amolecimento dos ossos resultam em arqueamento de membros inferiores e superiores, bem como deformidades na coluna;<\/li>\n\n\n\n<li><strong>Baixa estatura: <\/strong>O atraso no crescimento e a n\u00e3o mineraliza\u00e7\u00e3o \u00f3ssea interfere no crescimento e na estatura final da crian\u00e7a, o que resulta em baixa estatura na vida adulta;<\/li>\n\n\n\n<li><strong>Problemas dent\u00e1rios:<\/strong> \u00c9 comum que ocorra o atraso no surgimento dos dentes, fragilidade e problemas no esmalte dent\u00e1rio;<\/li>\n\n\n\n<li><strong>Dores \u00f3sseas e fraqueza muscula<\/strong>r: Ocorre pela falta de c\u00e1lcio e fosfato que enfraquecem os m\u00fasculos e causam dores \u00f3sseas;<\/li>\n\n\n\n<li><strong>Complica\u00e7\u00f5es respirat\u00f3rias e card\u00edacas: <\/strong>Os n\u00edveis baixos de c\u00e1lcio no sangue podem levar a convuls\u00f5es e problemas card\u00edacos.<\/li>\n<\/ul>\n\n\n\n<h2 class=\"wp-block-heading\" id=\"h-prevencao-do-raquitismo\"><span class=\"ez-toc-section\" id=\"Prevencao_do_raquitismo\"><\/span><strong>Preven\u00e7\u00e3o do raquitismo<\/strong><span class=\"ez-toc-section-end\"><\/span><\/h2>\n\n\n\n<p>Considera-se importante a <a href=\"https:\/\/www.grupomedcof.com.br\/blog\/55-especialidades-medicas\/\">atua\u00e7\u00e3o do m\u00e9dico<\/a> na orienta\u00e7\u00e3o preventiva e diagn\u00f3stico precoce do raquitismo. A preven\u00e7\u00e3o da doen\u00e7a geralmente inclui:<\/p>\n\n\n\n<ul class=\"wp-block-list\">\n<li><strong>Dieta:<\/strong> Incluir alimentos ricos em vitamina D e c\u00e1lcio, como ovos, leite, queijo e iogurte;<\/li>\n\n\n\n<li><strong>Exposi\u00e7\u00e3o solar:<\/strong> Ajuda o corpo a produzir e ativar a vitamina D do organismo;<\/li>\n\n\n\n<li>Beb\u00eas e crian\u00e7as com maior risco de defici\u00eancia podem ser orientados a suplementar a vitamina D.<\/li>\n<\/ul>\n\n\n\n<h2 class=\"wp-block-heading\" id=\"o-m\u00e9todo-que-te-aprova\"><span class=\"ez-toc-section\" id=\"Como_a_MedCof_te_prepara_para_ser_um_medico_mais_completo\"><\/span><strong><strong>Como a MedCof te prepara para ser um m\u00e9dico mais completo?<\/strong><\/strong><span class=\"ez-toc-section-end\"><\/span><\/h2>\n\n\n\n<p>Quer<a href=\"https:\/\/www.grupomedcof.com.br\/home\/\"> alcan\u00e7ar a aprova\u00e7\u00e3o <\/a>nas provas de <a href=\"https:\/\/www.grupomedcof.com.br\/blog\/o-que-e-residencia-medica\/\">resid\u00eancia m\u00e9dica<\/a>? Ent\u00e3o seja um<a href=\"https:\/\/www.grupomedcof.com.br\/home\/?page=sobre-nos\"> MedCofer!<\/a> Aqui te ajudaremos na busca da aprova\u00e7\u00e3o com conte\u00fados de qualidade e uma metodologia que j\u00e1 aprovou mais de 10 mil residentes no pa\u00eds!<\/p>\n\n\n\n<figure class=\"wp-block-embed is-type-video is-provider-youtube wp-block-embed-youtube wp-embed-aspect-16-9 wp-has-aspect-ratio\"><div class=\"wp-block-embed__wrapper\">\n<div class=\"youtube-embed\" data-video_id=\"YON4ifRMsLA\"><iframe loading=\"lazy\" title=\"Entenda os Dist\u00farbios do C\u00e1lcio. Com Dr. Felipe Carvalho\" width=\"696\" height=\"392\" src=\"https:\/\/www.youtube.com\/embed\/YON4ifRMsLA?start=2&#038;feature=oembed\" frameborder=\"0\" allow=\"accelerometer; autoplay; clipboard-write; encrypted-media; gyroscope; picture-in-picture; web-share\" referrerpolicy=\"strict-origin-when-cross-origin\" allowfullscreen><\/iframe><\/div>\n<\/div><\/figure>\n","protected":false},"excerpt":{"rendered":"<p>A vitamina D \u00e9 essencial, sua defici\u00eancia na inf\u00e2ncia pode ter consequ\u00eancias significativas, levando inclusive ao raquitismo.<\/p>\n","protected":false},"author":10,"featured_media":35983,"comment_status":"open","ping_status":"open","sticky":false,"template":"","format":"standard","meta":{"footnotes":""},"categories":[120],"tags":[2933,1135,1134],"ppma_author":[3613],"class_list":{"0":"post-23241","1":"post","2":"type-post","3":"status-publish","4":"format-standard","5":"has-post-thumbnail","7":"category-pediatria","8":"tag-hipovitaminose-d","9":"tag-raquitismo","10":"tag-vitamina-d"},"yoast_head":"<!-- This site is optimized with the Yoast SEO Premium plugin v24.3 (Yoast SEO v27.4) - https:\/\/yoast.com\/product\/yoast-seo-premium-wordpress\/ -->\n<title>Raquitismo: causas, sintomas, diagn\u00f3stico e tratamento<\/title>\n<meta name=\"description\" content=\"Conhe\u00e7a os aspectos cl\u00ednicos, fisiopatol\u00f3gicos e terap\u00eauticos do raquitismo. Guia completo para m\u00e9dicos sobre causas, sintomas, diagn\u00f3stico e tratamento.\" \/>\n<meta name=\"robots\" content=\"index, follow, max-snippet:-1, max-image-preview:large, max-video-preview:-1\" \/>\n<link rel=\"canonical\" href=\"https:\/\/www.grupomedcof.com.br\/blog\/raquitismo-definicao-e-fatores-de-risco\/\" \/>\n<meta property=\"og:locale\" content=\"pt_BR\" \/>\n<meta property=\"og:type\" content=\"article\" \/>\n<meta property=\"og:title\" content=\"Raquitismo: conhe\u00e7a suas causas, diagn\u00f3stico, tratamento e preven\u00e7\u00e3o\" \/>\n<meta property=\"og:description\" content=\"Conhe\u00e7a os aspectos cl\u00ednicos, fisiopatol\u00f3gicos e terap\u00eauticos do raquitismo. Guia completo para m\u00e9dicos sobre causas, sintomas, diagn\u00f3stico e tratamento.\" \/>\n<meta property=\"og:url\" content=\"https:\/\/www.grupomedcof.com.br\/blog\/raquitismo-definicao-e-fatores-de-risco\/\" \/>\n<meta property=\"og:site_name\" content=\"Blog de Medcof: conte\u00fados, editais, revalida e mais!\" \/>\n<meta property=\"article:publisher\" content=\"https:\/\/www.facebook.com\/MedCofQbank\/\" \/>\n<meta property=\"article:published_time\" content=\"2025-07-22T17:23:05+00:00\" \/>\n<meta property=\"article:modified_time\" content=\"2025-07-22T17:23:08+00:00\" \/>\n<meta property=\"og:image\" content=\"https:\/\/www.grupomedcof.com.br\/blog\/wp-content\/uploads\/2024\/03\/Blog-MedCof-2025-05-27T165316.859.jpg\" \/>\n\t<meta property=\"og:image:width\" content=\"1920\" \/>\n\t<meta property=\"og:image:height\" content=\"1080\" \/>\n\t<meta property=\"og:image:type\" content=\"image\/jpeg\" \/>\n<meta name=\"author\" content=\"Grupo MedCof\" \/>\n<meta name=\"twitter:card\" content=\"summary_large_image\" \/>\n<meta name=\"twitter:label1\" content=\"Escrito por\" \/>\n\t<meta name=\"twitter:data1\" content=\"Grupo MedCof\" \/>\n\t<meta name=\"twitter:label2\" content=\"Est. tempo de leitura\" \/>\n\t<meta name=\"twitter:data2\" content=\"8 minutos\" \/>\n<script type=\"application\/ld+json\" class=\"yoast-schema-graph\">{\"@context\":\"https:\\\/\\\/schema.org\",\"@graph\":[{\"@type\":\"Article\",\"@id\":\"https:\\\/\\\/www.grupomedcof.com.br\\\/blog\\\/raquitismo-definicao-e-fatores-de-risco\\\/#article\",\"isPartOf\":{\"@id\":\"https:\\\/\\\/www.grupomedcof.com.br\\\/blog\\\/raquitismo-definicao-e-fatores-de-risco\\\/\"},\"author\":{\"name\":\"Grupo MedCof\",\"@id\":\"https:\\\/\\\/www.grupomedcof.com.br\\\/blog\\\/#\\\/schema\\\/person\\\/5e56a3921255c01181f3d8c20d53f9c0\"},\"headline\":\"Raquitismo: conhe\u00e7a suas causas, diagn\u00f3stico, tratamento e preven\u00e7\u00e3o\",\"datePublished\":\"2025-07-22T17:23:05+00:00\",\"dateModified\":\"2025-07-22T17:23:08+00:00\",\"mainEntityOfPage\":{\"@id\":\"https:\\\/\\\/www.grupomedcof.com.br\\\/blog\\\/raquitismo-definicao-e-fatores-de-risco\\\/\"},\"wordCount\":1316,\"commentCount\":0,\"publisher\":{\"@id\":\"https:\\\/\\\/www.grupomedcof.com.br\\\/blog\\\/#organization\"},\"image\":{\"@id\":\"https:\\\/\\\/www.grupomedcof.com.br\\\/blog\\\/raquitismo-definicao-e-fatores-de-risco\\\/#primaryimage\"},\"thumbnailUrl\":\"https:\\\/\\\/www.grupomedcof.com.br\\\/blog\\\/wp-content\\\/uploads\\\/2024\\\/03\\\/Blog-MedCof-2025-05-27T165316.859.jpg\",\"keywords\":[\"Hipovitaminose D\",\"Raquitismo\",\"Vitamina d\"],\"articleSection\":[\"Pediatria\"],\"inLanguage\":\"pt-BR\"},{\"@type\":\"WebPage\",\"@id\":\"https:\\\/\\\/www.grupomedcof.com.br\\\/blog\\\/raquitismo-definicao-e-fatores-de-risco\\\/\",\"url\":\"https:\\\/\\\/www.grupomedcof.com.br\\\/blog\\\/raquitismo-definicao-e-fatores-de-risco\\\/\",\"name\":\"Raquitismo: causas, sintomas, diagn\u00f3stico e tratamento\",\"isPartOf\":{\"@id\":\"https:\\\/\\\/www.grupomedcof.com.br\\\/blog\\\/#website\"},\"primaryImageOfPage\":{\"@id\":\"https:\\\/\\\/www.grupomedcof.com.br\\\/blog\\\/raquitismo-definicao-e-fatores-de-risco\\\/#primaryimage\"},\"image\":{\"@id\":\"https:\\\/\\\/www.grupomedcof.com.br\\\/blog\\\/raquitismo-definicao-e-fatores-de-risco\\\/#primaryimage\"},\"thumbnailUrl\":\"https:\\\/\\\/www.grupomedcof.com.br\\\/blog\\\/wp-content\\\/uploads\\\/2024\\\/03\\\/Blog-MedCof-2025-05-27T165316.859.jpg\",\"datePublished\":\"2025-07-22T17:23:05+00:00\",\"dateModified\":\"2025-07-22T17:23:08+00:00\",\"description\":\"Conhe\u00e7a os aspectos cl\u00ednicos, fisiopatol\u00f3gicos e terap\u00eauticos do raquitismo. Guia completo para m\u00e9dicos sobre causas, sintomas, diagn\u00f3stico e tratamento.\",\"breadcrumb\":{\"@id\":\"https:\\\/\\\/www.grupomedcof.com.br\\\/blog\\\/raquitismo-definicao-e-fatores-de-risco\\\/#breadcrumb\"},\"inLanguage\":\"pt-BR\",\"potentialAction\":[{\"@type\":\"ReadAction\",\"target\":[\"https:\\\/\\\/www.grupomedcof.com.br\\\/blog\\\/raquitismo-definicao-e-fatores-de-risco\\\/\"]}]},{\"@type\":\"ImageObject\",\"inLanguage\":\"pt-BR\",\"@id\":\"https:\\\/\\\/www.grupomedcof.com.br\\\/blog\\\/raquitismo-definicao-e-fatores-de-risco\\\/#primaryimage\",\"url\":\"https:\\\/\\\/www.grupomedcof.com.br\\\/blog\\\/wp-content\\\/uploads\\\/2024\\\/03\\\/Blog-MedCof-2025-05-27T165316.859.jpg\",\"contentUrl\":\"https:\\\/\\\/www.grupomedcof.com.br\\\/blog\\\/wp-content\\\/uploads\\\/2024\\\/03\\\/Blog-MedCof-2025-05-27T165316.859.jpg\",\"width\":1920,\"height\":1080,\"caption\":\"Imagem: Canva.\"},{\"@type\":\"BreadcrumbList\",\"@id\":\"https:\\\/\\\/www.grupomedcof.com.br\\\/blog\\\/raquitismo-definicao-e-fatores-de-risco\\\/#breadcrumb\",\"itemListElement\":[{\"@type\":\"ListItem\",\"position\":1,\"name\":\"In\u00edcio\",\"item\":\"https:\\\/\\\/www.grupomedcof.com.br\\\/blog\\\/\"},{\"@type\":\"ListItem\",\"position\":2,\"name\":\"Raquitismo: conhe\u00e7a suas causas, diagn\u00f3stico, tratamento e preven\u00e7\u00e3o\"}]},{\"@type\":\"WebSite\",\"@id\":\"https:\\\/\\\/www.grupomedcof.com.br\\\/blog\\\/#website\",\"url\":\"https:\\\/\\\/www.grupomedcof.com.br\\\/blog\\\/\",\"name\":\"Blog de Medcof: conte\u00fados, editais, revalida e mais!\",\"description\":\"Acesso o blog de MedCof! Seu portal de conte\u00fados sobre resid\u00eancia m\u00e9dica, an\u00e1lise e editais e muito mais. Clique e confira!\",\"publisher\":{\"@id\":\"https:\\\/\\\/www.grupomedcof.com.br\\\/blog\\\/#organization\"},\"alternateName\":\"Blog de Medcof: conte\u00fados, editais, revalida e mais!\",\"potentialAction\":[{\"@type\":\"SearchAction\",\"target\":{\"@type\":\"EntryPoint\",\"urlTemplate\":\"https:\\\/\\\/www.grupomedcof.com.br\\\/blog\\\/?s={search_term_string}\"},\"query-input\":{\"@type\":\"PropertyValueSpecification\",\"valueRequired\":true,\"valueName\":\"search_term_string\"}}],\"inLanguage\":\"pt-BR\"},{\"@type\":\"Organization\",\"@id\":\"https:\\\/\\\/www.grupomedcof.com.br\\\/blog\\\/#organization\",\"name\":\"Grupo MedCof\",\"url\":\"https:\\\/\\\/www.grupomedcof.com.br\\\/blog\\\/\",\"logo\":{\"@type\":\"ImageObject\",\"inLanguage\":\"pt-BR\",\"@id\":\"https:\\\/\\\/www.grupomedcof.com.br\\\/blog\\\/#\\\/schema\\\/logo\\\/image\\\/\",\"url\":\"https:\\\/\\\/www.grupomedcof.com.br\\\/blog\\\/wp-content\\\/uploads\\\/2022\\\/01\\\/logo-medcof.png\",\"contentUrl\":\"https:\\\/\\\/www.grupomedcof.com.br\\\/blog\\\/wp-content\\\/uploads\\\/2022\\\/01\\\/logo-medcof.png\",\"width\":768,\"height\":269,\"caption\":\"Grupo MedCof\"},\"image\":{\"@id\":\"https:\\\/\\\/www.grupomedcof.com.br\\\/blog\\\/#\\\/schema\\\/logo\\\/image\\\/\"},\"sameAs\":[\"https:\\\/\\\/www.facebook.com\\\/MedCofQbank\\\/\",\"https:\\\/\\\/www.instagram.com\\\/grupomedcof\\\/\",\"https:\\\/\\\/br.linkedin.com\\\/company\\\/medcof\",\"https:\\\/\\\/www.youtube.com\\\/channel\\\/UCdHMuOHKICxcHwecxN8P-AA\"]},{\"@type\":\"Person\",\"@id\":\"https:\\\/\\\/www.grupomedcof.com.br\\\/blog\\\/#\\\/schema\\\/person\\\/5e56a3921255c01181f3d8c20d53f9c0\",\"name\":\"Grupo MedCof\",\"image\":{\"@type\":\"ImageObject\",\"inLanguage\":\"pt-BR\",\"@id\":\"https:\\\/\\\/www.grupomedcof.com.br\\\/blog\\\/wp-content\\\/uploads\\\/2023\\\/04\\\/cropped-cropped-cropped-cropped-logo-96x96.png28585d174f19c23095510da5f63bc127\",\"url\":\"https:\\\/\\\/www.grupomedcof.com.br\\\/blog\\\/wp-content\\\/uploads\\\/2023\\\/04\\\/cropped-cropped-cropped-cropped-logo-96x96.png\",\"contentUrl\":\"https:\\\/\\\/www.grupomedcof.com.br\\\/blog\\\/wp-content\\\/uploads\\\/2023\\\/04\\\/cropped-cropped-cropped-cropped-logo-96x96.png\",\"caption\":\"Grupo MedCof\"},\"description\":\"Tendo aulas baseadas em quest\u00f5es, + de 115 subespecialistas dispon\u00edveis e uma metodologia \u00fanica, voc\u00ea pode se juntar ao nosso time que conta com mais de 10 mil ...\",\"url\":\"https:\\\/\\\/www.grupomedcof.com.br\\\/blog\\\/author\\\/grupo-medcof\\\/\"}]}<\/script>\n<!-- \/ Yoast SEO Premium plugin. -->","yoast_head_json":{"title":"Raquitismo: causas, sintomas, diagn\u00f3stico e tratamento","description":"Conhe\u00e7a os aspectos cl\u00ednicos, fisiopatol\u00f3gicos e terap\u00eauticos do raquitismo. Guia completo para m\u00e9dicos sobre causas, sintomas, diagn\u00f3stico e tratamento.","robots":{"index":"index","follow":"follow","max-snippet":"max-snippet:-1","max-image-preview":"max-image-preview:large","max-video-preview":"max-video-preview:-1"},"canonical":"https:\/\/www.grupomedcof.com.br\/blog\/raquitismo-definicao-e-fatores-de-risco\/","og_locale":"pt_BR","og_type":"article","og_title":"Raquitismo: conhe\u00e7a suas causas, diagn\u00f3stico, tratamento e preven\u00e7\u00e3o","og_description":"Conhe\u00e7a os aspectos cl\u00ednicos, fisiopatol\u00f3gicos e terap\u00eauticos do raquitismo. Guia completo para m\u00e9dicos sobre causas, sintomas, diagn\u00f3stico e tratamento.","og_url":"https:\/\/www.grupomedcof.com.br\/blog\/raquitismo-definicao-e-fatores-de-risco\/","og_site_name":"Blog de Medcof: conte\u00fados, editais, revalida e mais!","article_publisher":"https:\/\/www.facebook.com\/MedCofQbank\/","article_published_time":"2025-07-22T17:23:05+00:00","article_modified_time":"2025-07-22T17:23:08+00:00","og_image":[{"width":1920,"height":1080,"url":"https:\/\/www.grupomedcof.com.br\/blog\/wp-content\/uploads\/2024\/03\/Blog-MedCof-2025-05-27T165316.859.jpg","type":"image\/jpeg"}],"author":"Grupo MedCof","twitter_card":"summary_large_image","twitter_misc":{"Escrito por":"Grupo MedCof","Est. tempo de leitura":"8 minutos"},"schema":{"@context":"https:\/\/schema.org","@graph":[{"@type":"Article","@id":"https:\/\/www.grupomedcof.com.br\/blog\/raquitismo-definicao-e-fatores-de-risco\/#article","isPartOf":{"@id":"https:\/\/www.grupomedcof.com.br\/blog\/raquitismo-definicao-e-fatores-de-risco\/"},"author":{"name":"Grupo MedCof","@id":"https:\/\/www.grupomedcof.com.br\/blog\/#\/schema\/person\/5e56a3921255c01181f3d8c20d53f9c0"},"headline":"Raquitismo: conhe\u00e7a suas causas, diagn\u00f3stico, tratamento e preven\u00e7\u00e3o","datePublished":"2025-07-22T17:23:05+00:00","dateModified":"2025-07-22T17:23:08+00:00","mainEntityOfPage":{"@id":"https:\/\/www.grupomedcof.com.br\/blog\/raquitismo-definicao-e-fatores-de-risco\/"},"wordCount":1316,"commentCount":0,"publisher":{"@id":"https:\/\/www.grupomedcof.com.br\/blog\/#organization"},"image":{"@id":"https:\/\/www.grupomedcof.com.br\/blog\/raquitismo-definicao-e-fatores-de-risco\/#primaryimage"},"thumbnailUrl":"https:\/\/www.grupomedcof.com.br\/blog\/wp-content\/uploads\/2024\/03\/Blog-MedCof-2025-05-27T165316.859.jpg","keywords":["Hipovitaminose D","Raquitismo","Vitamina d"],"articleSection":["Pediatria"],"inLanguage":"pt-BR"},{"@type":"WebPage","@id":"https:\/\/www.grupomedcof.com.br\/blog\/raquitismo-definicao-e-fatores-de-risco\/","url":"https:\/\/www.grupomedcof.com.br\/blog\/raquitismo-definicao-e-fatores-de-risco\/","name":"Raquitismo: causas, sintomas, diagn\u00f3stico e tratamento","isPartOf":{"@id":"https:\/\/www.grupomedcof.com.br\/blog\/#website"},"primaryImageOfPage":{"@id":"https:\/\/www.grupomedcof.com.br\/blog\/raquitismo-definicao-e-fatores-de-risco\/#primaryimage"},"image":{"@id":"https:\/\/www.grupomedcof.com.br\/blog\/raquitismo-definicao-e-fatores-de-risco\/#primaryimage"},"thumbnailUrl":"https:\/\/www.grupomedcof.com.br\/blog\/wp-content\/uploads\/2024\/03\/Blog-MedCof-2025-05-27T165316.859.jpg","datePublished":"2025-07-22T17:23:05+00:00","dateModified":"2025-07-22T17:23:08+00:00","description":"Conhe\u00e7a os aspectos cl\u00ednicos, fisiopatol\u00f3gicos e terap\u00eauticos do raquitismo. Guia completo para m\u00e9dicos sobre causas, sintomas, diagn\u00f3stico e tratamento.","breadcrumb":{"@id":"https:\/\/www.grupomedcof.com.br\/blog\/raquitismo-definicao-e-fatores-de-risco\/#breadcrumb"},"inLanguage":"pt-BR","potentialAction":[{"@type":"ReadAction","target":["https:\/\/www.grupomedcof.com.br\/blog\/raquitismo-definicao-e-fatores-de-risco\/"]}]},{"@type":"ImageObject","inLanguage":"pt-BR","@id":"https:\/\/www.grupomedcof.com.br\/blog\/raquitismo-definicao-e-fatores-de-risco\/#primaryimage","url":"https:\/\/www.grupomedcof.com.br\/blog\/wp-content\/uploads\/2024\/03\/Blog-MedCof-2025-05-27T165316.859.jpg","contentUrl":"https:\/\/www.grupomedcof.com.br\/blog\/wp-content\/uploads\/2024\/03\/Blog-MedCof-2025-05-27T165316.859.jpg","width":1920,"height":1080,"caption":"Imagem: Canva."},{"@type":"BreadcrumbList","@id":"https:\/\/www.grupomedcof.com.br\/blog\/raquitismo-definicao-e-fatores-de-risco\/#breadcrumb","itemListElement":[{"@type":"ListItem","position":1,"name":"In\u00edcio","item":"https:\/\/www.grupomedcof.com.br\/blog\/"},{"@type":"ListItem","position":2,"name":"Raquitismo: conhe\u00e7a suas causas, diagn\u00f3stico, tratamento e preven\u00e7\u00e3o"}]},{"@type":"WebSite","@id":"https:\/\/www.grupomedcof.com.br\/blog\/#website","url":"https:\/\/www.grupomedcof.com.br\/blog\/","name":"Blog de Medcof: conte\u00fados, editais, revalida e mais!","description":"Acesso o blog de MedCof! Seu portal de conte\u00fados sobre resid\u00eancia m\u00e9dica, an\u00e1lise e editais e muito mais. Clique e confira!","publisher":{"@id":"https:\/\/www.grupomedcof.com.br\/blog\/#organization"},"alternateName":"Blog de Medcof: conte\u00fados, editais, revalida e mais!","potentialAction":[{"@type":"SearchAction","target":{"@type":"EntryPoint","urlTemplate":"https:\/\/www.grupomedcof.com.br\/blog\/?s={search_term_string}"},"query-input":{"@type":"PropertyValueSpecification","valueRequired":true,"valueName":"search_term_string"}}],"inLanguage":"pt-BR"},{"@type":"Organization","@id":"https:\/\/www.grupomedcof.com.br\/blog\/#organization","name":"Grupo MedCof","url":"https:\/\/www.grupomedcof.com.br\/blog\/","logo":{"@type":"ImageObject","inLanguage":"pt-BR","@id":"https:\/\/www.grupomedcof.com.br\/blog\/#\/schema\/logo\/image\/","url":"https:\/\/www.grupomedcof.com.br\/blog\/wp-content\/uploads\/2022\/01\/logo-medcof.png","contentUrl":"https:\/\/www.grupomedcof.com.br\/blog\/wp-content\/uploads\/2022\/01\/logo-medcof.png","width":768,"height":269,"caption":"Grupo MedCof"},"image":{"@id":"https:\/\/www.grupomedcof.com.br\/blog\/#\/schema\/logo\/image\/"},"sameAs":["https:\/\/www.facebook.com\/MedCofQbank\/","https:\/\/www.instagram.com\/grupomedcof\/","https:\/\/br.linkedin.com\/company\/medcof","https:\/\/www.youtube.com\/channel\/UCdHMuOHKICxcHwecxN8P-AA"]},{"@type":"Person","@id":"https:\/\/www.grupomedcof.com.br\/blog\/#\/schema\/person\/5e56a3921255c01181f3d8c20d53f9c0","name":"Grupo MedCof","image":{"@type":"ImageObject","inLanguage":"pt-BR","@id":"https:\/\/www.grupomedcof.com.br\/blog\/wp-content\/uploads\/2023\/04\/cropped-cropped-cropped-cropped-logo-96x96.png28585d174f19c23095510da5f63bc127","url":"https:\/\/www.grupomedcof.com.br\/blog\/wp-content\/uploads\/2023\/04\/cropped-cropped-cropped-cropped-logo-96x96.png","contentUrl":"https:\/\/www.grupomedcof.com.br\/blog\/wp-content\/uploads\/2023\/04\/cropped-cropped-cropped-cropped-logo-96x96.png","caption":"Grupo MedCof"},"description":"Tendo aulas baseadas em quest\u00f5es, + de 115 subespecialistas dispon\u00edveis e uma metodologia \u00fanica, voc\u00ea pode se juntar ao nosso time que conta com mais de 10 mil ...","url":"https:\/\/www.grupomedcof.com.br\/blog\/author\/grupo-medcof\/"}]}},"authors":[{"term_id":3613,"user_id":10,"is_guest":0,"slug":"grupo-medcof","display_name":"Grupo MedCof","avatar_url":"https:\/\/www.grupomedcof.com.br\/blog\/wp-content\/uploads\/2023\/04\/cropped-cropped-cropped-cropped-logo-96x96.png","0":null,"1":"","2":"","3":"","4":"","5":"","6":"","7":"","8":""}],"_links":{"self":[{"href":"https:\/\/www.grupomedcof.com.br\/blog\/wp-json\/wp\/v2\/posts\/23241","targetHints":{"allow":["GET"]}}],"collection":[{"href":"https:\/\/www.grupomedcof.com.br\/blog\/wp-json\/wp\/v2\/posts"}],"about":[{"href":"https:\/\/www.grupomedcof.com.br\/blog\/wp-json\/wp\/v2\/types\/post"}],"author":[{"embeddable":true,"href":"https:\/\/www.grupomedcof.com.br\/blog\/wp-json\/wp\/v2\/users\/10"}],"replies":[{"embeddable":true,"href":"https:\/\/www.grupomedcof.com.br\/blog\/wp-json\/wp\/v2\/comments?post=23241"}],"version-history":[{"count":2,"href":"https:\/\/www.grupomedcof.com.br\/blog\/wp-json\/wp\/v2\/posts\/23241\/revisions"}],"predecessor-version":[{"id":36656,"href":"https:\/\/www.grupomedcof.com.br\/blog\/wp-json\/wp\/v2\/posts\/23241\/revisions\/36656"}],"wp:featuredmedia":[{"embeddable":true,"href":"https:\/\/www.grupomedcof.com.br\/blog\/wp-json\/wp\/v2\/media\/35983"}],"wp:attachment":[{"href":"https:\/\/www.grupomedcof.com.br\/blog\/wp-json\/wp\/v2\/media?parent=23241"}],"wp:term":[{"taxonomy":"category","embeddable":true,"href":"https:\/\/www.grupomedcof.com.br\/blog\/wp-json\/wp\/v2\/categories?post=23241"},{"taxonomy":"post_tag","embeddable":true,"href":"https:\/\/www.grupomedcof.com.br\/blog\/wp-json\/wp\/v2\/tags?post=23241"},{"taxonomy":"author","embeddable":true,"href":"https:\/\/www.grupomedcof.com.br\/blog\/wp-json\/wp\/v2\/ppma_author?post=23241"}],"curies":[{"name":"wp","href":"https:\/\/api.w.org\/{rel}","templated":true}]}}