{"id":23249,"date":"2024-03-20T14:58:30","date_gmt":"2024-03-20T17:58:30","guid":{"rendered":"https:\/\/www.grupomedcof.com.br\/blog\/?p=23249"},"modified":"2025-06-30T08:06:44","modified_gmt":"2025-06-30T11:06:44","slug":"o-que-e-ceratocone-e-como-tratar-essa-condicao","status":"publish","type":"post","link":"https:\/\/www.grupomedcof.com.br\/blog\/o-que-e-ceratocone-e-como-tratar-essa-condicao\/","title":{"rendered":"O que \u00e9 ceratocone e como tratar essa condi\u00e7\u00e3o"},"content":{"rendered":"<div id=\"ez-toc-container\" class=\"ez-toc-v2_0_74 counter-hierarchy ez-toc-counter ez-toc-transparent ez-toc-container-direction\">\n<div class=\"ez-toc-title-container\">\n<p class=\"ez-toc-title\" style=\"cursor:inherit\">Sum\u00e1rio<\/p>\n<span class=\"ez-toc-title-toggle\"><a href=\"#\" class=\"ez-toc-pull-right ez-toc-btn ez-toc-btn-xs ez-toc-btn-default ez-toc-toggle\" aria-label=\"Alternar tabela de conte\u00fado\"><span class=\"ez-toc-js-icon-con\"><span class=\"\"><span class=\"eztoc-hide\" style=\"display:none;\">Toggle<\/span><span class=\"ez-toc-icon-toggle-span\"><svg style=\"fill: #999;color:#999\" xmlns=\"http:\/\/www.w3.org\/2000\/svg\" class=\"list-377408\" width=\"20px\" height=\"20px\" viewBox=\"0 0 24 24\" fill=\"none\"><path d=\"M6 6H4v2h2V6zm14 0H8v2h12V6zM4 11h2v2H4v-2zm16 0H8v2h12v-2zM4 16h2v2H4v-2zm16 0H8v2h12v-2z\" fill=\"currentColor\"><\/path><\/svg><svg style=\"fill: #999;color:#999\" class=\"arrow-unsorted-368013\" xmlns=\"http:\/\/www.w3.org\/2000\/svg\" width=\"10px\" height=\"10px\" viewBox=\"0 0 24 24\" version=\"1.2\" baseProfile=\"tiny\"><path d=\"M18.2 9.3l-6.2-6.3-6.2 6.3c-.2.2-.3.4-.3.7s.1.5.3.7c.2.2.4.3.7.3h11c.3 0 .5-.1.7-.3.2-.2.3-.5.3-.7s-.1-.5-.3-.7zM5.8 14.7l6.2 6.3 6.2-6.3c.2-.2.3-.5.3-.7s-.1-.5-.3-.7c-.2-.2-.4-.3-.7-.3h-11c-.3 0-.5.1-.7.3-.2.2-.3.5-.3.7s.1.5.3.7z\"\/><\/svg><\/span><\/span><\/span><\/a><\/span><\/div>\n<nav><ul class='ez-toc-list ez-toc-list-level-1 ' ><li class='ez-toc-page-1 ez-toc-heading-level-2'><a class=\"ez-toc-link ez-toc-heading-1\" href=\"https:\/\/www.grupomedcof.com.br\/blog\/o-que-e-ceratocone-e-como-tratar-essa-condicao\/#O_que_e_o_Ceratocone\" >O que \u00e9 o Ceratocone?<\/a><\/li><li class='ez-toc-page-1 ez-toc-heading-level-2'><a class=\"ez-toc-link ez-toc-heading-2\" href=\"https:\/\/www.grupomedcof.com.br\/blog\/o-que-e-ceratocone-e-como-tratar-essa-condicao\/#Quais_os_sintomas_do_Ceratocone\" >Quais os sintomas do Ceratocone?<\/a><\/li><li class='ez-toc-page-1 ez-toc-heading-level-2'><a class=\"ez-toc-link ez-toc-heading-3\" href=\"https:\/\/www.grupomedcof.com.br\/blog\/o-que-e-ceratocone-e-como-tratar-essa-condicao\/#Como_Tratar_o_Ceratocone\" >Como Tratar o Ceratocone?<\/a><\/li><li class='ez-toc-page-1 ez-toc-heading-level-2'><a class=\"ez-toc-link ez-toc-heading-4\" href=\"https:\/\/www.grupomedcof.com.br\/blog\/o-que-e-ceratocone-e-como-tratar-essa-condicao\/#O_metodo_da_sua_aprovacao\" >O m\u00e9todo da sua aprova\u00e7\u00e3o<\/a><\/li><\/ul><\/nav><\/div>\n\n<figure class=\"wp-block-image\"><img decoding=\"async\" src=\"https:\/\/www.grupomedcof.com.br\/blog\/wp-content\/uploads\/2024\/03\/Blog-MedCof-2024-03-20T143320.440-1024x576.png\" alt=\"seratocone, cerotocone, ceratocone sintomas, sintomas de ceratocone, ceratocone tem cura, o que e ceratocone, sintomas ceratocone, tratamentos para ceratocone, ceratocone visao\"\/><\/figure>\n\n\n\n<p>O <strong>ceratocone <\/strong>\u00e9 uma doen\u00e7a oftalmol\u00f3gica que afeta a c\u00f3rnea e \u00e9 <strong>relativamente comum em nosso pa\u00eds. <\/strong>Sendo assim, neste post, vamos estudar sobre os detalhes dessa doen\u00e7a e como geralmente \u00e9 tratada.<\/p>\n\n\n\n<h2 class=\"wp-block-heading\" id=\"h-o-que-e-o-ceratocone\"><span class=\"ez-toc-section\" id=\"O_que_e_o_Ceratocone\"><\/span><strong>O que \u00e9 o Ceratocone?<\/strong><span class=\"ez-toc-section-end\"><\/span><\/h2>\n\n\n\n<p>Como dito anteriormente, o ceratocone, uma doen\u00e7a oftalmol\u00f3gica comum em nosso pa\u00eds, impacta a c\u00f3rnea, gerando uma ectasia, uma deformidade na estrutura da c\u00f3rnea.<s>, <\/s>\u00a0Ele pode ter seu in\u00edcio j\u00e1 na inf\u00e2ncia, principalmente em crian\u00e7as com atopia que costumam co\u00e7ar os olhos.<s> <\/s>O ceratocone pode progredir com o passar do tempo e tende a se estabilizar com o amadurecimento <s>.<\/s><\/p>\n\n\n\n<p>Nossa c\u00f3rnea \u00e9 uma das lentes respons\u00e1veis por filtrar, organizar e convergir os raios de luz. A desestrutura\u00e7\u00e3o causada pelo ceratocone faz com que a nossa lente assuma um formato c\u00f4nico, afilado em regi\u00e3o inferior, sendo assim, disfuncional para formar imagens n\u00edtidas sobre a retina.<\/p>\n\n\n\n<p>Essa deformidade da imagem projetada na retina pode ser entendida como um erro refrativo de alta ordem, que n\u00e3o pode ser completamente corrigido com \u00f3culos nem lentes de contato gelatinosas.<\/p>\n\n\n\n<h2 class=\"wp-block-heading\" id=\"h-quais-os-sintomas-do-ceratocone\"><span class=\"ez-toc-section\" id=\"Quais_os_sintomas_do_Ceratocone\"><\/span><strong>Quais os sintomas do Ceratocone?<\/strong><span class=\"ez-toc-section-end\"><\/span><\/h2>\n\n\n\n<p>O ceratocone, frequentemente, \u00e9 assintom\u00e1tico inicialmente, costuma ter in\u00edcio na face interna corneana. \u00c0 medida que a c\u00f3rnea se deforma progressivamente, a perda visual torna-se gradual, principalmente \u00e0 noite ou em ambientes com menos luz. Os pacientes costumam ter o perfil de serem jovens com hist\u00f3rico de atopia e trazem queixas espont\u00e2neas da piora visual ao final do dia. Podem relatar: \u201cVejo mais emba\u00e7ado a noite, \u00e9 como se as luzes ficassem mais puxadas&#8221;. Pacientes tamb\u00e9m podem relatar sintomas de miopiza\u00e7\u00e3o: \u201cestou vendo melhor para perto que para longe.\u201d<\/p>\n\n\n\n<h2 class=\"wp-block-heading\" id=\"h-como-tratar-o-ceratocone\"><span class=\"ez-toc-section\" id=\"Como_Tratar_o_Ceratocone\"><\/span><strong>Como Tratar o Ceratocone?<\/strong><span class=\"ez-toc-section-end\"><\/span><\/h2>\n\n\n\n<p>O tratamento do ceratocone<strong> depende do est\u00e1gio da condi\u00e7\u00e3o.<\/strong> Nos est\u00e1gios iniciais, o uso de \u00f3culos pode ser suficiente para\u00a0dar qualidade de vida \u00e0(o) paciente. Importante tamb\u00e9m orientar medidas<s> <\/s>\u00a0preventivas, como evitar desencadeantes da atopia, evitar co\u00e7ar os olhos e tratar rapidamente conjuntivites, caso ocorram. O acompanhamento regular com um especialista em c\u00f3rnea \u00e9 crucial para avaliar a progress\u00e3o da doen\u00e7a<s>.<\/s> atrav\u00e9s da an\u00e1lise da tomografia corneana.<\/p>\n\n\n\n<p>Resumidamente, os tratamentos mais avan\u00e7ados incluem:<\/p>\n\n\n\n<ol class=\"wp-block-list\">\n<li><strong>\u00d3culos ou Lentes de Contato:<\/strong> Indicados nos est\u00e1gios iniciais para corrigir a vis\u00e3o distorcida.<\/li>\n\n\n\n<li><strong>Lentes de Contato R\u00edgidas:<\/strong> Para casos avan\u00e7ados, lentes r\u00edgidas g\u00e1s perme\u00e1veis ou esclerais podem proporcionar uma superf\u00edcie mais regular \u00e0 c\u00f3rnea, compensando sua deforma\u00e7\u00e3o.<\/li>\n\n\n\n<li><strong>Crosslinking Corneano:<\/strong> Procedimento para aumentar o n\u00famero de liga\u00e7\u00f5es entre as mol\u00e9culas de col\u00e1geno corneanas e retardar a progress\u00e3o, envolvendo a aplica\u00e7\u00e3o de riboflavina (vitamina B2) e luz ultravioleta.<\/li>\n\n\n\n<li><strong>An\u00e9is Intracorneanos:<\/strong> Inser\u00e7\u00e3o cir\u00fargica para remodelar a curvatura da c\u00f3rnea e melhorar a vis\u00e3o.<\/li>\n\n\n\n<li><strong>Transplante de C\u00f3rnea (Ceratoplastia Penetrante):<\/strong> Considerado em casos graves, onde outros m\u00e9todos n\u00e3o s\u00e3o eficazes, envolve a substitui\u00e7\u00e3o da c\u00f3rnea afetada por uma c\u00f3rnea doada.<\/li>\n<\/ol>\n\n\n\n<p>Por fim, o acompanhamento e a orienta\u00e7\u00e3o m\u00e9dica adequados s\u00e3o fundamentais para determinar a abordagem mais apropriada para cada caso de ceratocone.<\/p>\n\n\n\n<h2 class=\"wp-block-heading\"><span class=\"ez-toc-section\" id=\"O_metodo_da_sua_aprovacao\"><\/span><strong>O m\u00e9todo da sua aprova\u00e7\u00e3o<\/strong><span class=\"ez-toc-section-end\"><\/span><\/h2>\n\n\n\n<p>Se voc\u00ea quer garantir a sua aprova\u00e7\u00e3o nas provas de resid\u00eancia, ent\u00e3o conhe\u00e7a o grupo MedCof e a metodologia que j\u00e1 <a href=\"https:\/\/www.grupomedcof.com.br\/blog\/presenca-da-medcof-nas-aprovacoes-em-residencia-medica-no-brasil\/\" target=\"_blank\" rel=\"noopener\"><strong>aprovou<\/strong> <strong>mais de 10 mil residentes pelo pa\u00eds<\/strong>.<\/a>&nbsp;&nbsp;Confira o relato de quem pode comprovar na pr\u00e1tica a recompensa de confiar em nosso m\u00e9todo:&nbsp;<\/p>\n\n\n\n<figure class=\"wp-block-embed is-type-video is-provider-youtube wp-block-embed-youtube wp-embed-aspect-16-9 wp-has-aspect-ratio\"><div class=\"wp-block-embed__wrapper\">\n<div class=\"youtube-embed\" data-video_id=\"rAAYlQly7GU\"><iframe loading=\"lazy\" title=\"Aprova\u00e7\u00e3o na Resid\u00eancia M\u00e9dica do ENARE - 1\u00ba Lugar em Cirurgia Pl\u00e1stica\" width=\"696\" height=\"392\" src=\"https:\/\/www.youtube.com\/embed\/rAAYlQly7GU?start=4&#038;feature=oembed\" frameborder=\"0\" allow=\"accelerometer; autoplay; clipboard-write; encrypted-media; gyroscope; picture-in-picture; web-share\" referrerpolicy=\"strict-origin-when-cross-origin\" allowfullscreen><\/iframe><\/div>\n<\/div><\/figure>\n","protected":false},"excerpt":{"rendered":"<p>O ceratocone, uma doen\u00e7a oftalmol\u00f3gica comum em nosso pa\u00eds, impacta a c\u00f3rnea, uma das lentes naturais do olho.<\/p>\n","protected":false},"author":10,"featured_media":23250,"comment_status":"open","ping_status":"open","sticky":false,"template":"","format":"standard","meta":{"footnotes":""},"categories":[1136],"tags":[210,150,117,3037],"ppma_author":[3613],"class_list":{"0":"post-23249","1":"post","2":"type-post","3":"status-publish","4":"format-standard","5":"has-post-thumbnail","7":"category-oftalmologia","8":"tag-clinica-medica","9":"tag-oftalmologia","10":"tag-provas-de-residencia","11":"tag-revisado-por-maria-beatriz-lacerda"},"yoast_head":"<!-- This site is optimized with the Yoast SEO Premium plugin v24.3 (Yoast SEO v27.4) - https:\/\/yoast.com\/product\/yoast-seo-premium-wordpress\/ -->\n<title>O que \u00e9 ceratocone e como tratar essa condi\u00e7\u00e3o - Blog de Medcof: conte\u00fados, editais, revalida e mais!<\/title>\n<meta name=\"description\" content=\"O ceratocone, uma doen\u00e7a oftalmol\u00f3gica comum em nosso pa\u00eds, impacta a c\u00f3rnea, uma das lentes naturais do olho.\" \/>\n<meta name=\"robots\" content=\"index, follow, max-snippet:-1, max-image-preview:large, max-video-preview:-1\" \/>\n<link rel=\"canonical\" href=\"https:\/\/www.grupomedcof.com.br\/blog\/o-que-e-ceratocone-e-como-tratar-essa-condicao\/\" \/>\n<meta property=\"og:locale\" content=\"pt_BR\" \/>\n<meta property=\"og:type\" content=\"article\" \/>\n<meta property=\"og:title\" content=\"O que \u00e9 ceratocone e como tratar essa condi\u00e7\u00e3o\" \/>\n<meta property=\"og:description\" content=\"O ceratocone, uma doen\u00e7a oftalmol\u00f3gica comum em nosso pa\u00eds, impacta a c\u00f3rnea, uma das lentes naturais do olho.\" \/>\n<meta property=\"og:url\" content=\"https:\/\/www.grupomedcof.com.br\/blog\/o-que-e-ceratocone-e-como-tratar-essa-condicao\/\" \/>\n<meta property=\"og:site_name\" content=\"Blog de Medcof: conte\u00fados, editais, revalida e mais!\" \/>\n<meta property=\"article:publisher\" content=\"https:\/\/www.facebook.com\/MedCofQbank\/\" \/>\n<meta property=\"article:published_time\" content=\"2024-03-20T17:58:30+00:00\" \/>\n<meta property=\"article:modified_time\" content=\"2025-06-30T11:06:44+00:00\" \/>\n<meta property=\"og:image\" content=\"https:\/\/www.grupomedcof.com.br\/blog\/wp-content\/uploads\/2024\/03\/Blog-MedCof-29-1024x576.png\" \/>\n\t<meta property=\"og:image:width\" content=\"1024\" \/>\n\t<meta property=\"og:image:height\" content=\"576\" \/>\n\t<meta property=\"og:image:type\" content=\"image\/png\" \/>\n<meta name=\"author\" content=\"Grupo MedCof\" \/>\n<meta name=\"twitter:card\" content=\"summary_large_image\" \/>\n<meta name=\"twitter:label1\" content=\"Escrito por\" \/>\n\t<meta name=\"twitter:data1\" content=\"Grupo MedCof\" \/>\n\t<meta name=\"twitter:label2\" content=\"Est. tempo de leitura\" \/>\n\t<meta name=\"twitter:data2\" content=\"4 minutos\" \/>\n<script type=\"application\/ld+json\" class=\"yoast-schema-graph\">{\"@context\":\"https:\\\/\\\/schema.org\",\"@graph\":[{\"@type\":\"Article\",\"@id\":\"https:\\\/\\\/www.grupomedcof.com.br\\\/blog\\\/o-que-e-ceratocone-e-como-tratar-essa-condicao\\\/#article\",\"isPartOf\":{\"@id\":\"https:\\\/\\\/www.grupomedcof.com.br\\\/blog\\\/o-que-e-ceratocone-e-como-tratar-essa-condicao\\\/\"},\"author\":{\"name\":\"Grupo MedCof\",\"@id\":\"https:\\\/\\\/www.grupomedcof.com.br\\\/blog\\\/#\\\/schema\\\/person\\\/5e56a3921255c01181f3d8c20d53f9c0\"},\"headline\":\"O que \u00e9 ceratocone e como tratar essa condi\u00e7\u00e3o\",\"datePublished\":\"2024-03-20T17:58:30+00:00\",\"dateModified\":\"2025-06-30T11:06:44+00:00\",\"mainEntityOfPage\":{\"@id\":\"https:\\\/\\\/www.grupomedcof.com.br\\\/blog\\\/o-que-e-ceratocone-e-como-tratar-essa-condicao\\\/\"},\"wordCount\":613,\"commentCount\":0,\"publisher\":{\"@id\":\"https:\\\/\\\/www.grupomedcof.com.br\\\/blog\\\/#organization\"},\"image\":{\"@id\":\"https:\\\/\\\/www.grupomedcof.com.br\\\/blog\\\/o-que-e-ceratocone-e-como-tratar-essa-condicao\\\/#primaryimage\"},\"thumbnailUrl\":\"https:\\\/\\\/www.grupomedcof.com.br\\\/blog\\\/wp-content\\\/uploads\\\/2024\\\/03\\\/Blog-MedCof-29.png\",\"keywords\":[\"Cl\u00ednica M\u00e9dica\",\"Oftalmologia\",\"Provas de Resid\u00eancia\",\"Revisado por: Maria Beatriz Lacerda\"],\"articleSection\":[\"Oftalmologia\"],\"inLanguage\":\"pt-BR\"},{\"@type\":\"WebPage\",\"@id\":\"https:\\\/\\\/www.grupomedcof.com.br\\\/blog\\\/o-que-e-ceratocone-e-como-tratar-essa-condicao\\\/\",\"url\":\"https:\\\/\\\/www.grupomedcof.com.br\\\/blog\\\/o-que-e-ceratocone-e-como-tratar-essa-condicao\\\/\",\"name\":\"O que \u00e9 ceratocone e como tratar essa condi\u00e7\u00e3o - Blog de Medcof: conte\u00fados, editais, revalida e mais!\",\"isPartOf\":{\"@id\":\"https:\\\/\\\/www.grupomedcof.com.br\\\/blog\\\/#website\"},\"primaryImageOfPage\":{\"@id\":\"https:\\\/\\\/www.grupomedcof.com.br\\\/blog\\\/o-que-e-ceratocone-e-como-tratar-essa-condicao\\\/#primaryimage\"},\"image\":{\"@id\":\"https:\\\/\\\/www.grupomedcof.com.br\\\/blog\\\/o-que-e-ceratocone-e-como-tratar-essa-condicao\\\/#primaryimage\"},\"thumbnailUrl\":\"https:\\\/\\\/www.grupomedcof.com.br\\\/blog\\\/wp-content\\\/uploads\\\/2024\\\/03\\\/Blog-MedCof-29.png\",\"datePublished\":\"2024-03-20T17:58:30+00:00\",\"dateModified\":\"2025-06-30T11:06:44+00:00\",\"description\":\"O ceratocone, uma doen\u00e7a oftalmol\u00f3gica comum em nosso pa\u00eds, impacta a c\u00f3rnea, uma das lentes naturais do olho.\",\"breadcrumb\":{\"@id\":\"https:\\\/\\\/www.grupomedcof.com.br\\\/blog\\\/o-que-e-ceratocone-e-como-tratar-essa-condicao\\\/#breadcrumb\"},\"inLanguage\":\"pt-BR\",\"potentialAction\":[{\"@type\":\"ReadAction\",\"target\":[\"https:\\\/\\\/www.grupomedcof.com.br\\\/blog\\\/o-que-e-ceratocone-e-como-tratar-essa-condicao\\\/\"]}]},{\"@type\":\"ImageObject\",\"inLanguage\":\"pt-BR\",\"@id\":\"https:\\\/\\\/www.grupomedcof.com.br\\\/blog\\\/o-que-e-ceratocone-e-como-tratar-essa-condicao\\\/#primaryimage\",\"url\":\"https:\\\/\\\/www.grupomedcof.com.br\\\/blog\\\/wp-content\\\/uploads\\\/2024\\\/03\\\/Blog-MedCof-29.png\",\"contentUrl\":\"https:\\\/\\\/www.grupomedcof.com.br\\\/blog\\\/wp-content\\\/uploads\\\/2024\\\/03\\\/Blog-MedCof-29.png\",\"width\":1920,\"height\":1080,\"caption\":\"O ceratocone, uma doen\u00e7a oftalmol\u00f3gica comum em nosso pa\u00eds, impacta a c\u00f3rnea, uma das lentes naturais do olho.\"},{\"@type\":\"BreadcrumbList\",\"@id\":\"https:\\\/\\\/www.grupomedcof.com.br\\\/blog\\\/o-que-e-ceratocone-e-como-tratar-essa-condicao\\\/#breadcrumb\",\"itemListElement\":[{\"@type\":\"ListItem\",\"position\":1,\"name\":\"In\u00edcio\",\"item\":\"https:\\\/\\\/www.grupomedcof.com.br\\\/blog\\\/\"},{\"@type\":\"ListItem\",\"position\":2,\"name\":\"O que \u00e9 ceratocone e como tratar essa condi\u00e7\u00e3o\"}]},{\"@type\":\"WebSite\",\"@id\":\"https:\\\/\\\/www.grupomedcof.com.br\\\/blog\\\/#website\",\"url\":\"https:\\\/\\\/www.grupomedcof.com.br\\\/blog\\\/\",\"name\":\"Blog de Medcof: conte\u00fados, editais, revalida e mais!\",\"description\":\"Acesso o blog de MedCof! Seu portal de conte\u00fados sobre resid\u00eancia m\u00e9dica, an\u00e1lise e editais e muito mais. Clique e confira!\",\"publisher\":{\"@id\":\"https:\\\/\\\/www.grupomedcof.com.br\\\/blog\\\/#organization\"},\"alternateName\":\"Blog de Medcof: conte\u00fados, editais, revalida e mais!\",\"potentialAction\":[{\"@type\":\"SearchAction\",\"target\":{\"@type\":\"EntryPoint\",\"urlTemplate\":\"https:\\\/\\\/www.grupomedcof.com.br\\\/blog\\\/?s={search_term_string}\"},\"query-input\":{\"@type\":\"PropertyValueSpecification\",\"valueRequired\":true,\"valueName\":\"search_term_string\"}}],\"inLanguage\":\"pt-BR\"},{\"@type\":\"Organization\",\"@id\":\"https:\\\/\\\/www.grupomedcof.com.br\\\/blog\\\/#organization\",\"name\":\"Grupo MedCof\",\"url\":\"https:\\\/\\\/www.grupomedcof.com.br\\\/blog\\\/\",\"logo\":{\"@type\":\"ImageObject\",\"inLanguage\":\"pt-BR\",\"@id\":\"https:\\\/\\\/www.grupomedcof.com.br\\\/blog\\\/#\\\/schema\\\/logo\\\/image\\\/\",\"url\":\"https:\\\/\\\/www.grupomedcof.com.br\\\/blog\\\/wp-content\\\/uploads\\\/2022\\\/01\\\/logo-medcof.png\",\"contentUrl\":\"https:\\\/\\\/www.grupomedcof.com.br\\\/blog\\\/wp-content\\\/uploads\\\/2022\\\/01\\\/logo-medcof.png\",\"width\":768,\"height\":269,\"caption\":\"Grupo MedCof\"},\"image\":{\"@id\":\"https:\\\/\\\/www.grupomedcof.com.br\\\/blog\\\/#\\\/schema\\\/logo\\\/image\\\/\"},\"sameAs\":[\"https:\\\/\\\/www.facebook.com\\\/MedCofQbank\\\/\",\"https:\\\/\\\/www.instagram.com\\\/grupomedcof\\\/\",\"https:\\\/\\\/br.linkedin.com\\\/company\\\/medcof\",\"https:\\\/\\\/www.youtube.com\\\/channel\\\/UCdHMuOHKICxcHwecxN8P-AA\"]},{\"@type\":\"Person\",\"@id\":\"https:\\\/\\\/www.grupomedcof.com.br\\\/blog\\\/#\\\/schema\\\/person\\\/5e56a3921255c01181f3d8c20d53f9c0\",\"name\":\"Grupo MedCof\",\"image\":{\"@type\":\"ImageObject\",\"inLanguage\":\"pt-BR\",\"@id\":\"https:\\\/\\\/www.grupomedcof.com.br\\\/blog\\\/wp-content\\\/uploads\\\/2023\\\/04\\\/cropped-cropped-cropped-cropped-logo-96x96.png28585d174f19c23095510da5f63bc127\",\"url\":\"https:\\\/\\\/www.grupomedcof.com.br\\\/blog\\\/wp-content\\\/uploads\\\/2023\\\/04\\\/cropped-cropped-cropped-cropped-logo-96x96.png\",\"contentUrl\":\"https:\\\/\\\/www.grupomedcof.com.br\\\/blog\\\/wp-content\\\/uploads\\\/2023\\\/04\\\/cropped-cropped-cropped-cropped-logo-96x96.png\",\"caption\":\"Grupo MedCof\"},\"description\":\"Tendo aulas baseadas em quest\u00f5es, + de 115 subespecialistas dispon\u00edveis e uma metodologia \u00fanica, voc\u00ea pode se juntar ao nosso time que conta com mais de 10 mil ...\",\"url\":\"https:\\\/\\\/www.grupomedcof.com.br\\\/blog\\\/author\\\/grupo-medcof\\\/\"}]}<\/script>\n<!-- \/ Yoast SEO Premium plugin. -->","yoast_head_json":{"title":"O que \u00e9 ceratocone e como tratar essa condi\u00e7\u00e3o - Blog de Medcof: conte\u00fados, editais, revalida e mais!","description":"O ceratocone, uma doen\u00e7a oftalmol\u00f3gica comum em nosso pa\u00eds, impacta a c\u00f3rnea, uma das lentes naturais do olho.","robots":{"index":"index","follow":"follow","max-snippet":"max-snippet:-1","max-image-preview":"max-image-preview:large","max-video-preview":"max-video-preview:-1"},"canonical":"https:\/\/www.grupomedcof.com.br\/blog\/o-que-e-ceratocone-e-como-tratar-essa-condicao\/","og_locale":"pt_BR","og_type":"article","og_title":"O que \u00e9 ceratocone e como tratar essa condi\u00e7\u00e3o","og_description":"O ceratocone, uma doen\u00e7a oftalmol\u00f3gica comum em nosso pa\u00eds, impacta a c\u00f3rnea, uma das lentes naturais do olho.","og_url":"https:\/\/www.grupomedcof.com.br\/blog\/o-que-e-ceratocone-e-como-tratar-essa-condicao\/","og_site_name":"Blog de Medcof: conte\u00fados, editais, revalida e mais!","article_publisher":"https:\/\/www.facebook.com\/MedCofQbank\/","article_published_time":"2024-03-20T17:58:30+00:00","article_modified_time":"2025-06-30T11:06:44+00:00","og_image":[{"width":1024,"height":576,"url":"https:\/\/www.grupomedcof.com.br\/blog\/wp-content\/uploads\/2024\/03\/Blog-MedCof-29-1024x576.png","type":"image\/png"}],"author":"Grupo MedCof","twitter_card":"summary_large_image","twitter_misc":{"Escrito por":"Grupo MedCof","Est. tempo de leitura":"4 minutos"},"schema":{"@context":"https:\/\/schema.org","@graph":[{"@type":"Article","@id":"https:\/\/www.grupomedcof.com.br\/blog\/o-que-e-ceratocone-e-como-tratar-essa-condicao\/#article","isPartOf":{"@id":"https:\/\/www.grupomedcof.com.br\/blog\/o-que-e-ceratocone-e-como-tratar-essa-condicao\/"},"author":{"name":"Grupo MedCof","@id":"https:\/\/www.grupomedcof.com.br\/blog\/#\/schema\/person\/5e56a3921255c01181f3d8c20d53f9c0"},"headline":"O que \u00e9 ceratocone e como tratar essa condi\u00e7\u00e3o","datePublished":"2024-03-20T17:58:30+00:00","dateModified":"2025-06-30T11:06:44+00:00","mainEntityOfPage":{"@id":"https:\/\/www.grupomedcof.com.br\/blog\/o-que-e-ceratocone-e-como-tratar-essa-condicao\/"},"wordCount":613,"commentCount":0,"publisher":{"@id":"https:\/\/www.grupomedcof.com.br\/blog\/#organization"},"image":{"@id":"https:\/\/www.grupomedcof.com.br\/blog\/o-que-e-ceratocone-e-como-tratar-essa-condicao\/#primaryimage"},"thumbnailUrl":"https:\/\/www.grupomedcof.com.br\/blog\/wp-content\/uploads\/2024\/03\/Blog-MedCof-29.png","keywords":["Cl\u00ednica M\u00e9dica","Oftalmologia","Provas de Resid\u00eancia","Revisado por: Maria Beatriz Lacerda"],"articleSection":["Oftalmologia"],"inLanguage":"pt-BR"},{"@type":"WebPage","@id":"https:\/\/www.grupomedcof.com.br\/blog\/o-que-e-ceratocone-e-como-tratar-essa-condicao\/","url":"https:\/\/www.grupomedcof.com.br\/blog\/o-que-e-ceratocone-e-como-tratar-essa-condicao\/","name":"O que \u00e9 ceratocone e como tratar essa condi\u00e7\u00e3o - Blog de Medcof: conte\u00fados, editais, revalida e mais!","isPartOf":{"@id":"https:\/\/www.grupomedcof.com.br\/blog\/#website"},"primaryImageOfPage":{"@id":"https:\/\/www.grupomedcof.com.br\/blog\/o-que-e-ceratocone-e-como-tratar-essa-condicao\/#primaryimage"},"image":{"@id":"https:\/\/www.grupomedcof.com.br\/blog\/o-que-e-ceratocone-e-como-tratar-essa-condicao\/#primaryimage"},"thumbnailUrl":"https:\/\/www.grupomedcof.com.br\/blog\/wp-content\/uploads\/2024\/03\/Blog-MedCof-29.png","datePublished":"2024-03-20T17:58:30+00:00","dateModified":"2025-06-30T11:06:44+00:00","description":"O ceratocone, uma doen\u00e7a oftalmol\u00f3gica comum em nosso pa\u00eds, impacta a c\u00f3rnea, uma das lentes naturais do olho.","breadcrumb":{"@id":"https:\/\/www.grupomedcof.com.br\/blog\/o-que-e-ceratocone-e-como-tratar-essa-condicao\/#breadcrumb"},"inLanguage":"pt-BR","potentialAction":[{"@type":"ReadAction","target":["https:\/\/www.grupomedcof.com.br\/blog\/o-que-e-ceratocone-e-como-tratar-essa-condicao\/"]}]},{"@type":"ImageObject","inLanguage":"pt-BR","@id":"https:\/\/www.grupomedcof.com.br\/blog\/o-que-e-ceratocone-e-como-tratar-essa-condicao\/#primaryimage","url":"https:\/\/www.grupomedcof.com.br\/blog\/wp-content\/uploads\/2024\/03\/Blog-MedCof-29.png","contentUrl":"https:\/\/www.grupomedcof.com.br\/blog\/wp-content\/uploads\/2024\/03\/Blog-MedCof-29.png","width":1920,"height":1080,"caption":"O ceratocone, uma doen\u00e7a oftalmol\u00f3gica comum em nosso pa\u00eds, impacta a c\u00f3rnea, uma das lentes naturais do olho."},{"@type":"BreadcrumbList","@id":"https:\/\/www.grupomedcof.com.br\/blog\/o-que-e-ceratocone-e-como-tratar-essa-condicao\/#breadcrumb","itemListElement":[{"@type":"ListItem","position":1,"name":"In\u00edcio","item":"https:\/\/www.grupomedcof.com.br\/blog\/"},{"@type":"ListItem","position":2,"name":"O que \u00e9 ceratocone e como tratar essa condi\u00e7\u00e3o"}]},{"@type":"WebSite","@id":"https:\/\/www.grupomedcof.com.br\/blog\/#website","url":"https:\/\/www.grupomedcof.com.br\/blog\/","name":"Blog de Medcof: conte\u00fados, editais, revalida e mais!","description":"Acesso o blog de MedCof! Seu portal de conte\u00fados sobre resid\u00eancia m\u00e9dica, an\u00e1lise e editais e muito mais. Clique e confira!","publisher":{"@id":"https:\/\/www.grupomedcof.com.br\/blog\/#organization"},"alternateName":"Blog de Medcof: conte\u00fados, editais, revalida e mais!","potentialAction":[{"@type":"SearchAction","target":{"@type":"EntryPoint","urlTemplate":"https:\/\/www.grupomedcof.com.br\/blog\/?s={search_term_string}"},"query-input":{"@type":"PropertyValueSpecification","valueRequired":true,"valueName":"search_term_string"}}],"inLanguage":"pt-BR"},{"@type":"Organization","@id":"https:\/\/www.grupomedcof.com.br\/blog\/#organization","name":"Grupo MedCof","url":"https:\/\/www.grupomedcof.com.br\/blog\/","logo":{"@type":"ImageObject","inLanguage":"pt-BR","@id":"https:\/\/www.grupomedcof.com.br\/blog\/#\/schema\/logo\/image\/","url":"https:\/\/www.grupomedcof.com.br\/blog\/wp-content\/uploads\/2022\/01\/logo-medcof.png","contentUrl":"https:\/\/www.grupomedcof.com.br\/blog\/wp-content\/uploads\/2022\/01\/logo-medcof.png","width":768,"height":269,"caption":"Grupo MedCof"},"image":{"@id":"https:\/\/www.grupomedcof.com.br\/blog\/#\/schema\/logo\/image\/"},"sameAs":["https:\/\/www.facebook.com\/MedCofQbank\/","https:\/\/www.instagram.com\/grupomedcof\/","https:\/\/br.linkedin.com\/company\/medcof","https:\/\/www.youtube.com\/channel\/UCdHMuOHKICxcHwecxN8P-AA"]},{"@type":"Person","@id":"https:\/\/www.grupomedcof.com.br\/blog\/#\/schema\/person\/5e56a3921255c01181f3d8c20d53f9c0","name":"Grupo MedCof","image":{"@type":"ImageObject","inLanguage":"pt-BR","@id":"https:\/\/www.grupomedcof.com.br\/blog\/wp-content\/uploads\/2023\/04\/cropped-cropped-cropped-cropped-logo-96x96.png28585d174f19c23095510da5f63bc127","url":"https:\/\/www.grupomedcof.com.br\/blog\/wp-content\/uploads\/2023\/04\/cropped-cropped-cropped-cropped-logo-96x96.png","contentUrl":"https:\/\/www.grupomedcof.com.br\/blog\/wp-content\/uploads\/2023\/04\/cropped-cropped-cropped-cropped-logo-96x96.png","caption":"Grupo MedCof"},"description":"Tendo aulas baseadas em quest\u00f5es, + de 115 subespecialistas dispon\u00edveis e uma metodologia \u00fanica, voc\u00ea pode se juntar ao nosso time que conta com mais de 10 mil ...","url":"https:\/\/www.grupomedcof.com.br\/blog\/author\/grupo-medcof\/"}]}},"authors":[{"term_id":3613,"user_id":10,"is_guest":0,"slug":"grupo-medcof","display_name":"Grupo MedCof","avatar_url":"https:\/\/www.grupomedcof.com.br\/blog\/wp-content\/uploads\/2023\/04\/cropped-cropped-cropped-cropped-logo-96x96.png","0":null,"1":"","2":"","3":"","4":"","5":"","6":"","7":"","8":""}],"_links":{"self":[{"href":"https:\/\/www.grupomedcof.com.br\/blog\/wp-json\/wp\/v2\/posts\/23249","targetHints":{"allow":["GET"]}}],"collection":[{"href":"https:\/\/www.grupomedcof.com.br\/blog\/wp-json\/wp\/v2\/posts"}],"about":[{"href":"https:\/\/www.grupomedcof.com.br\/blog\/wp-json\/wp\/v2\/types\/post"}],"author":[{"embeddable":true,"href":"https:\/\/www.grupomedcof.com.br\/blog\/wp-json\/wp\/v2\/users\/10"}],"replies":[{"embeddable":true,"href":"https:\/\/www.grupomedcof.com.br\/blog\/wp-json\/wp\/v2\/comments?post=23249"}],"version-history":[{"count":1,"href":"https:\/\/www.grupomedcof.com.br\/blog\/wp-json\/wp\/v2\/posts\/23249\/revisions"}],"predecessor-version":[{"id":36467,"href":"https:\/\/www.grupomedcof.com.br\/blog\/wp-json\/wp\/v2\/posts\/23249\/revisions\/36467"}],"wp:featuredmedia":[{"embeddable":true,"href":"https:\/\/www.grupomedcof.com.br\/blog\/wp-json\/wp\/v2\/media\/23250"}],"wp:attachment":[{"href":"https:\/\/www.grupomedcof.com.br\/blog\/wp-json\/wp\/v2\/media?parent=23249"}],"wp:term":[{"taxonomy":"category","embeddable":true,"href":"https:\/\/www.grupomedcof.com.br\/blog\/wp-json\/wp\/v2\/categories?post=23249"},{"taxonomy":"post_tag","embeddable":true,"href":"https:\/\/www.grupomedcof.com.br\/blog\/wp-json\/wp\/v2\/tags?post=23249"},{"taxonomy":"author","embeddable":true,"href":"https:\/\/www.grupomedcof.com.br\/blog\/wp-json\/wp\/v2\/ppma_author?post=23249"}],"curies":[{"name":"wp","href":"https:\/\/api.w.org\/{rel}","templated":true}]}}