{"id":23715,"date":"2024-04-04T14:13:25","date_gmt":"2024-04-04T17:13:25","guid":{"rendered":"https:\/\/www.grupomedcof.com.br\/blog\/?p=23715"},"modified":"2025-12-22T12:02:18","modified_gmt":"2025-12-22T15:02:18","slug":"cancer-gastrico-como-classificar","status":"publish","type":"post","link":"https:\/\/www.grupomedcof.com.br\/blog\/cancer-gastrico-como-classificar\/","title":{"rendered":"C\u00e2ncer g\u00e1strico: como classificar?"},"content":{"rendered":"<div id=\"ez-toc-container\" class=\"ez-toc-v2_0_74 counter-hierarchy ez-toc-counter ez-toc-transparent ez-toc-container-direction\">\n<div class=\"ez-toc-title-container\">\n<p class=\"ez-toc-title\" style=\"cursor:inherit\">Sum\u00e1rio<\/p>\n<span class=\"ez-toc-title-toggle\"><a href=\"#\" class=\"ez-toc-pull-right ez-toc-btn ez-toc-btn-xs ez-toc-btn-default ez-toc-toggle\" aria-label=\"Alternar tabela de conte\u00fado\"><span class=\"ez-toc-js-icon-con\"><span class=\"\"><span class=\"eztoc-hide\" style=\"display:none;\">Toggle<\/span><span class=\"ez-toc-icon-toggle-span\"><svg style=\"fill: #999;color:#999\" xmlns=\"http:\/\/www.w3.org\/2000\/svg\" class=\"list-377408\" width=\"20px\" height=\"20px\" viewBox=\"0 0 24 24\" fill=\"none\"><path d=\"M6 6H4v2h2V6zm14 0H8v2h12V6zM4 11h2v2H4v-2zm16 0H8v2h12v-2zM4 16h2v2H4v-2zm16 0H8v2h12v-2z\" fill=\"currentColor\"><\/path><\/svg><svg style=\"fill: #999;color:#999\" class=\"arrow-unsorted-368013\" xmlns=\"http:\/\/www.w3.org\/2000\/svg\" width=\"10px\" height=\"10px\" viewBox=\"0 0 24 24\" version=\"1.2\" baseProfile=\"tiny\"><path d=\"M18.2 9.3l-6.2-6.3-6.2 6.3c-.2.2-.3.4-.3.7s.1.5.3.7c.2.2.4.3.7.3h11c.3 0 .5-.1.7-.3.2-.2.3-.5.3-.7s-.1-.5-.3-.7zM5.8 14.7l6.2 6.3 6.2-6.3c.2-.2.3-.5.3-.7s-.1-.5-.3-.7c-.2-.2-.4-.3-.7-.3h-11c-.3 0-.5.1-.7.3-.2.2-.3.5-.3.7s.1.5.3.7z\"\/><\/svg><\/span><\/span><\/span><\/a><\/span><\/div>\n<nav><ul class='ez-toc-list ez-toc-list-level-1 ' ><li class='ez-toc-page-1 ez-toc-heading-level-2'><a class=\"ez-toc-link ez-toc-heading-1\" href=\"https:\/\/www.grupomedcof.com.br\/blog\/cancer-gastrico-como-classificar\/#Classificacao_do_cancer_gastrico\" >Classifica\u00e7\u00e3o do c\u00e2ncer g\u00e1strico<\/a><ul class='ez-toc-list-level-3' ><li class='ez-toc-heading-level-3'><a class=\"ez-toc-link ez-toc-heading-2\" href=\"https:\/\/www.grupomedcof.com.br\/blog\/cancer-gastrico-como-classificar\/#Classificacao_de_Borrmann\" >Classifica\u00e7\u00e3o de Borrmann<\/a><\/li><li class='ez-toc-page-1 ez-toc-heading-level-3'><a class=\"ez-toc-link ez-toc-heading-3\" href=\"https:\/\/www.grupomedcof.com.br\/blog\/cancer-gastrico-como-classificar\/#Como_e_cobrado_na_prova\" >Como \u00e9 cobrado na prova?<\/a><\/li><\/ul><\/li><li class='ez-toc-page-1 ez-toc-heading-level-2'><a class=\"ez-toc-link ez-toc-heading-4\" href=\"https:\/\/www.grupomedcof.com.br\/blog\/cancer-gastrico-como-classificar\/#Classificacao_de_Lauren\" >Classifica\u00e7\u00e3o de Lauren<\/a><ul class='ez-toc-list-level-3' ><li class='ez-toc-heading-level-3'><a class=\"ez-toc-link ez-toc-heading-5\" href=\"https:\/\/www.grupomedcof.com.br\/blog\/cancer-gastrico-como-classificar\/#Como_e_cobrado_na_prova-2\" >Como \u00e9 cobrado na prova?<\/a><\/li><\/ul><\/li><li class='ez-toc-page-1 ez-toc-heading-level-2'><a class=\"ez-toc-link ez-toc-heading-6\" href=\"https:\/\/www.grupomedcof.com.br\/blog\/cancer-gastrico-como-classificar\/#O_metodo_que_te_aprova\" >O m\u00e9todo que te aprova<\/a><\/li><\/ul><\/nav><\/div>\n\n<figure class=\"wp-block-image\"><img decoding=\"async\" src=\"https:\/\/www.grupomedcof.com.br\/blog\/wp-content\/uploads\/2024\/04\/Blog-MedCof-51-1024x576.png\" alt=\"\"\/><\/figure>\n\n\n\n<p>Os tumores digestivos s\u00e3o cobrados frequentemente nas provas de resid\u00eancia m\u00e9dica. Por isso, \u00e9 importante manter esse tema fresco na mem\u00f3ria!<\/p>\n\n\n\n<p>Dentro dos tumores digestivos, o c\u00e2ncer g\u00e1strico merece destaque, devido \u00e0 sua alta preval\u00eancia e associa\u00e7\u00e3o com outras comorbidades.<\/p>\n\n\n\n<p>Nesse post, iremos relembrar como classificar o c\u00e2ncer g\u00e1strico para gabaritar na prova de resid\u00eancia..<\/p>\n\n\n\n<h2 class=\"wp-block-heading\" id=\"h-classificacao-do-cancer-gastrico\"><span class=\"ez-toc-section\" id=\"Classificacao_do_cancer_gastrico\"><\/span><strong>Classifica\u00e7\u00e3o do c\u00e2ncer g\u00e1strico<\/strong><span class=\"ez-toc-section-end\"><\/span><\/h2>\n\n\n\n<h3 class=\"wp-block-heading\" id=\"h-classificacao-de-borrmann\"><span class=\"ez-toc-section\" id=\"Classificacao_de_Borrmann\"><\/span><strong>Classifica\u00e7\u00e3o de Borrmann<\/strong><span class=\"ez-toc-section-end\"><\/span><\/h3>\n\n\n\n<p>A Classifica\u00e7\u00e3o de Borrmann, convencionada pela Sociedade Japonesa, \u00e9 uma classifica\u00e7\u00e3o macrosc\u00f3pica da les\u00e3o, dividida em:<\/p>\n\n\n\n<ul class=\"wp-block-list\">\n<li><strong>Borrmann I:<\/strong>\u00a0Carcinoma polipoide (ou fungoide).<\/li>\n\n\n\n<li><strong>Borrmann II:<\/strong>\u00a0Carcinoma ulcerado com margens bem demarcadas e sem infiltra\u00e7\u00e3o.\n<ul class=\"wp-block-list\">\n<li>Les\u00e3o ulcerada com margens delimitadas e bordos elevados;<\/li>\n\n\n\n<li>Les\u00e3o imposs\u00edvel de diferenciar por endoscopia da \u00falcera g\u00e1strica benigna;<\/li>\n\n\n\n<li>Sobrevida em 5 anos (35%);<\/li>\n<\/ul>\n<\/li>\n\n\n\n<li><strong>Borrmann III:<\/strong>\u00a0Carcinoma ulcerado e infiltrante com margens rasas e pouco definidas.\n<ul class=\"wp-block-list\">\n<li>Les\u00e3o ulcerada, infiltrativa em parte ou em toda a borda, com margens pouco definidas e rasas;<\/li>\n\n\n\n<li>Infiltra\u00e7\u00e3o geralmente da submucosa, muscular pr\u00f3pria e serosa;<\/li>\n\n\n\n<li><strong>Forma mais comum do c\u00e2ncer g\u00e1strico;<\/strong><\/li>\n\n\n\n<li>Sobrevida em 5 anos (20%);<\/li>\n<\/ul>\n<\/li>\n\n\n\n<li><strong>Borrmann IV:<\/strong>\u00a0Carcinomainfiltrativo difuso.\n<ul class=\"wp-block-list\">\n<li>Les\u00e3o difusamente infiltrativa, dif\u00edcil de definir margem saud\u00e1vel, estende-se por todas as camadas do est\u00f4mago e em todas as dire\u00e7\u00f5es;<\/li>\n\n\n\n<li>Linitis plastica (linite pl\u00e1stica): quando h\u00e1 infiltra\u00e7\u00e3o em todo o est\u00f4mago;<\/li>\n<\/ul>\n<\/li>\n\n\n\n<li><strong>Borrmann V:<\/strong>\u00a0c\u00e2ncer g\u00e1strico que n\u00e3o se encaixa em nenhuma das descri\u00e7\u00f5es anteriores.<\/li>\n<\/ul>\n\n\n\n<figure class=\"wp-block-image\"><img decoding=\"async\" src=\"https:\/\/www.grupomedcof.com.br\/blog\/wp-content\/uploads\/2024\/04\/Borrmann-1024x712.png\" alt=\"\"\/><figcaption class=\"wp-element-caption\">Fonte: Google imagens.<\/figcaption><\/figure>\n\n\n\n<h3 class=\"wp-block-heading\" id=\"h-como-e-cobrado-na-prova\"><span class=\"ez-toc-section\" id=\"Como_e_cobrado_na_prova\"><\/span><strong>Como \u00e9 cobrado na prova?<\/strong><span class=\"ez-toc-section-end\"><\/span><\/h3>\n\n\n\n<p>(SMS &#8211; SP- 2023) A classifica\u00e7\u00e3o de Borrmann para c\u00e2ncer g\u00e1strico IV equivale ao c\u00e2ncer<\/p>\n\n\n\n<p>A) Do fundo g\u00e1strico<\/p>\n\n\n\n<p>B) Ulcero infiltrativo.<\/p>\n\n\n\n<p>C) Do antro g\u00e1strico<\/p>\n\n\n\n<p>D) Protuso<\/p>\n\n\n\n<p>E) Infiltrativo difuso.<\/p>\n\n\n\n<p>Gabarito: Letra E<\/p>\n\n\n\n<p>(HMASP &#8211; 2023) Em rela\u00e7\u00e3o a classifica\u00e7\u00e3o Bormann para tumores g\u00e1stricos, a Linite Pl\u00e1stica corresponde<\/p>\n\n\n\n<p>A) Tipo I<\/p>\n\n\n\n<p>B) Tipo II<\/p>\n\n\n\n<p>C) Tipo lll<\/p>\n\n\n\n<p>D) Tipo IV<\/p>\n\n\n\n<p>E) Tipo V<\/p>\n\n\n\n<p>Gabarito: Letra D<\/p>\n\n\n\n<h2 class=\"wp-block-heading\" id=\"h-classificacao-de-lauren\"><span class=\"ez-toc-section\" id=\"Classificacao_de_Lauren\"><\/span><strong>Classifica\u00e7\u00e3o de Lauren<\/strong><span class=\"ez-toc-section-end\"><\/span><\/h2>\n\n\n\n<p>Foi estabelecida em 1965, como a classifica\u00e7\u00e3o dos tumores g\u00e1stricos, que se baseia na histologia da les\u00e3o, podendo ser classificado em:<\/p>\n\n\n\n<p><strong>Intestinal:<\/strong>\u00a0subtipo mais comum no Brasil<\/p>\n\n\n\n<ul class=\"wp-block-list\">\n<li>Tumor bem diferenciado, com forma\u00e7\u00e3o estrutural glandular;<\/li>\n\n\n\n<li>Idade m\u00e9dia de 55-60 anos e acomete mais homens (2:1);<\/li>\n\n\n\n<li>Les\u00f5es expansivas, polipoides e ulceradas na endoscopia<\/li>\n\n\n\n<li>Acomete mais a regi\u00e3o est\u00f4mago distal (antro);<\/li>\n\n\n\n<li>Dissemina\u00e7\u00e3o hematog\u00eanica;<\/li>\n\n\n\n<li>Relacionado a fatores ambientais (atrofia g\u00e1strica, metaplasia intestinal);<\/li>\n\n\n\n<li>Instabilidade de microssat\u00e9lite, muta\u00e7\u00f5es no gene APC e Inativa\u00e7\u00e3o de p53 e p16;<\/li>\n<\/ul>\n\n\n\n<p><strong>Difuso:<\/strong><\/p>\n\n\n\n<ul class=\"wp-block-list\">\n<li>Tumor indiferenciado sem forma\u00e7\u00f5es glandulares;\n<ul class=\"wp-block-list\">\n<li>Apresenta c\u00e9lulas em anel de sinete;<\/li>\n<\/ul>\n<\/li>\n\n\n\n<li>Predomin\u00e2ncia maior em mulheres e idade m\u00e9dia de 40-48 anos;<\/li>\n\n\n\n<li>Tumor infiltrativo: endoscopia revela \u00falceras infiltradas ou linite pl\u00e1stica (infiltra\u00e7\u00e3o difusa do \u00f3rg\u00e3o);<\/li>\n\n\n\n<li>Acomete mais est\u00f4mago proximal (fundo g\u00e1strico e c\u00e1rdia)<\/li>\n\n\n\n<li>Dissemina\u00e7\u00e3o por contiguidade (transmural) e via linfog\u00eanica (met\u00e1stase nodal);<\/li>\n\n\n\n<li>Progn\u00f3stico pior: met\u00e1stases precoces e dissemina\u00e7\u00e3o intraperitoneal;<\/li>\n\n\n\n<li>Rela\u00e7\u00e3o com tipo sangu\u00edneo A e transmiss\u00e3o autoss\u00f4mica dominante (muta\u00e7\u00e3o CDH1 no gene E-caderina) s\u00e3o 1-3% dos casos;<\/li>\n\n\n\n<li>Inativa\u00e7\u00e3o de p53 e p16;<\/li>\n<\/ul>\n\n\n\n<ul class=\"wp-block-list\"><\/ul>\n\n\n\n<h3 class=\"wp-block-heading\" id=\"h-como-e-cobrado-na-prova-0\"><span class=\"ez-toc-section\" id=\"Como_e_cobrado_na_prova-2\"><\/span><strong>Como \u00e9 cobrado na prova?<\/strong><span class=\"ez-toc-section-end\"><\/span><\/h3>\n\n\n\n<p>(HASP &#8211; 2022) \u25cb sistema de classifica\u00e7\u00e3o que separa o c\u00e2ncer g\u00e1strico em tipos intestinal e difuso, \u00e9 chamado de classifica\u00e7\u00e3o de:<\/p>\n\n\n\n<p>A) Bormann<\/p>\n\n\n\n<p>B) Tokio<\/p>\n\n\n\n<p>C) Roma<\/p>\n\n\n\n<p>D) Lauren<\/p>\n\n\n\n<p>Gabarito: Letra D<\/p>\n\n\n\n<h2 class=\"wp-block-heading\"><span class=\"ez-toc-section\" id=\"O_metodo_que_te_aprova\"><\/span><strong>O m\u00e9todo que te aprova<\/strong><span class=\"ez-toc-section-end\"><\/span><\/h2>\n\n\n\n<p>Se voc\u00ea quer garantir a sua aprova\u00e7\u00e3o nas provas de resid\u00eancia, ent\u00e3o conhe\u00e7a o grupo MedCof e a metodologia que j\u00e1 aprovou <a href=\"https:\/\/www.grupomedcof.com.br\/blog\/presenca-da-medcof-nas-aprovacoes-em-residencia-medica-no-brasil\/\">mais de 35 mil<\/a> residentes pelo pa\u00eds. Confira o relato de quem pode comprovar na pr\u00e1tica a recompensa de confiar em nosso m\u00e9todo:<\/p>\n\n\n\n<figure class=\"wp-block-embed is-type-video is-provider-youtube wp-block-embed-youtube wp-embed-aspect-16-9 wp-has-aspect-ratio\"><div class=\"wp-block-embed__wrapper\">\n<div class=\"youtube-embed\" data-video_id=\"aNtBcTHui7I\"><iframe loading=\"lazy\" title=\"1\u00b0Lugar na resid\u00eancia m\u00e9dica de Ortopedia e Traumatologia da UNICAMP - Dr. Antonio Merhy #shorts\" width=\"696\" height=\"392\" src=\"https:\/\/www.youtube.com\/embed\/aNtBcTHui7I?feature=oembed&#038;enablejsapi=1\" frameborder=\"0\" allow=\"accelerometer; autoplay; clipboard-write; encrypted-media; gyroscope; picture-in-picture; web-share\" referrerpolicy=\"strict-origin-when-cross-origin\" allowfullscreen><\/iframe><\/div>\n<\/div><\/figure>\n","protected":false},"excerpt":{"rendered":"<p>Dentro dos tumores digestivos, o c\u00e2ncer g\u00e1strico merece destaque, devido \u00e0 sua alta preval\u00eancia e associa\u00e7\u00e3o com outras comorbidades.<\/p>\n","protected":false},"author":10,"featured_media":23716,"comment_status":"open","ping_status":"open","sticky":false,"template":"","format":"standard","meta":{"footnotes":""},"categories":[135,69,74],"tags":[1251,1252,1250],"ppma_author":[3613],"class_list":{"0":"post-23715","1":"post","2":"type-post","3":"status-publish","4":"format-standard","5":"has-post-thumbnail","7":"category-cirurgia-geral","8":"category-gastroenterologia","9":"category-oncologia","10":"tag-boerman","11":"tag-lauren","12":"tag-tumor-digestivo"},"yoast_head":"<!-- This site is optimized with the Yoast SEO Premium plugin v24.3 (Yoast SEO v27.4) - https:\/\/yoast.com\/product\/yoast-seo-premium-wordpress\/ -->\n<title>C\u00e2ncer g\u00e1strico: como classificar? - Blog de Medcof: conte\u00fados, editais, revalida e mais!<\/title>\n<meta name=\"description\" content=\"Dentro dos tumores digestivos, o c\u00e2ncer g\u00e1strico merece destaque, devido \u00e0 sua alta preval\u00eancia e associa\u00e7\u00e3o com outras comorbidades.\" \/>\n<meta name=\"robots\" content=\"index, follow, max-snippet:-1, max-image-preview:large, max-video-preview:-1\" \/>\n<link rel=\"canonical\" href=\"https:\/\/www.grupomedcof.com.br\/blog\/cancer-gastrico-como-classificar\/\" \/>\n<meta property=\"og:locale\" content=\"pt_BR\" \/>\n<meta property=\"og:type\" content=\"article\" \/>\n<meta property=\"og:title\" content=\"C\u00e2ncer g\u00e1strico: como classificar?\" \/>\n<meta property=\"og:description\" content=\"Dentro dos tumores digestivos, o c\u00e2ncer g\u00e1strico merece destaque, devido \u00e0 sua alta preval\u00eancia e associa\u00e7\u00e3o com outras comorbidades.\" \/>\n<meta property=\"og:url\" content=\"https:\/\/www.grupomedcof.com.br\/blog\/cancer-gastrico-como-classificar\/\" \/>\n<meta property=\"og:site_name\" content=\"Blog de Medcof: conte\u00fados, editais, revalida e mais!\" \/>\n<meta property=\"article:publisher\" content=\"https:\/\/www.facebook.com\/MedCofQbank\/\" \/>\n<meta property=\"article:published_time\" content=\"2024-04-04T17:13:25+00:00\" \/>\n<meta property=\"article:modified_time\" content=\"2025-12-22T15:02:18+00:00\" \/>\n<meta property=\"og:image\" content=\"https:\/\/www.grupomedcof.com.br\/blog\/wp-content\/uploads\/2024\/04\/Blog-MedCof-50.png\" \/>\n\t<meta property=\"og:image:width\" content=\"1920\" \/>\n\t<meta property=\"og:image:height\" content=\"1080\" \/>\n\t<meta property=\"og:image:type\" content=\"image\/png\" \/>\n<meta name=\"author\" content=\"Grupo MedCof\" \/>\n<meta name=\"twitter:card\" content=\"summary_large_image\" \/>\n<meta name=\"twitter:label1\" content=\"Escrito por\" \/>\n\t<meta name=\"twitter:data1\" content=\"Grupo MedCof\" \/>\n\t<meta name=\"twitter:label2\" content=\"Est. tempo de leitura\" \/>\n\t<meta name=\"twitter:data2\" content=\"4 minutos\" \/>\n<script type=\"application\/ld+json\" class=\"yoast-schema-graph\">{\"@context\":\"https:\\\/\\\/schema.org\",\"@graph\":[{\"@type\":\"Article\",\"@id\":\"https:\\\/\\\/www.grupomedcof.com.br\\\/blog\\\/cancer-gastrico-como-classificar\\\/#article\",\"isPartOf\":{\"@id\":\"https:\\\/\\\/www.grupomedcof.com.br\\\/blog\\\/cancer-gastrico-como-classificar\\\/\"},\"author\":{\"name\":\"Grupo MedCof\",\"@id\":\"https:\\\/\\\/www.grupomedcof.com.br\\\/blog\\\/#\\\/schema\\\/person\\\/5e56a3921255c01181f3d8c20d53f9c0\"},\"headline\":\"C\u00e2ncer g\u00e1strico: como classificar?\",\"datePublished\":\"2024-04-04T17:13:25+00:00\",\"dateModified\":\"2025-12-22T15:02:18+00:00\",\"mainEntityOfPage\":{\"@id\":\"https:\\\/\\\/www.grupomedcof.com.br\\\/blog\\\/cancer-gastrico-como-classificar\\\/\"},\"wordCount\":640,\"commentCount\":0,\"publisher\":{\"@id\":\"https:\\\/\\\/www.grupomedcof.com.br\\\/blog\\\/#organization\"},\"image\":{\"@id\":\"https:\\\/\\\/www.grupomedcof.com.br\\\/blog\\\/cancer-gastrico-como-classificar\\\/#primaryimage\"},\"thumbnailUrl\":\"https:\\\/\\\/www.grupomedcof.com.br\\\/blog\\\/wp-content\\\/uploads\\\/2024\\\/04\\\/Blog-MedCof-50.png\",\"keywords\":[\"boerman\",\"lauren\",\"tumor digestivo\"],\"articleSection\":[\"Cirurgia Geral\",\"Gastroenterologia\",\"Oncologia\"],\"inLanguage\":\"pt-BR\"},{\"@type\":\"WebPage\",\"@id\":\"https:\\\/\\\/www.grupomedcof.com.br\\\/blog\\\/cancer-gastrico-como-classificar\\\/\",\"url\":\"https:\\\/\\\/www.grupomedcof.com.br\\\/blog\\\/cancer-gastrico-como-classificar\\\/\",\"name\":\"C\u00e2ncer g\u00e1strico: como classificar? - Blog de Medcof: conte\u00fados, editais, revalida e mais!\",\"isPartOf\":{\"@id\":\"https:\\\/\\\/www.grupomedcof.com.br\\\/blog\\\/#website\"},\"primaryImageOfPage\":{\"@id\":\"https:\\\/\\\/www.grupomedcof.com.br\\\/blog\\\/cancer-gastrico-como-classificar\\\/#primaryimage\"},\"image\":{\"@id\":\"https:\\\/\\\/www.grupomedcof.com.br\\\/blog\\\/cancer-gastrico-como-classificar\\\/#primaryimage\"},\"thumbnailUrl\":\"https:\\\/\\\/www.grupomedcof.com.br\\\/blog\\\/wp-content\\\/uploads\\\/2024\\\/04\\\/Blog-MedCof-50.png\",\"datePublished\":\"2024-04-04T17:13:25+00:00\",\"dateModified\":\"2025-12-22T15:02:18+00:00\",\"description\":\"Dentro dos tumores digestivos, o c\u00e2ncer g\u00e1strico merece destaque, devido \u00e0 sua alta preval\u00eancia e associa\u00e7\u00e3o com outras comorbidades.\",\"breadcrumb\":{\"@id\":\"https:\\\/\\\/www.grupomedcof.com.br\\\/blog\\\/cancer-gastrico-como-classificar\\\/#breadcrumb\"},\"inLanguage\":\"pt-BR\",\"potentialAction\":[{\"@type\":\"ReadAction\",\"target\":[\"https:\\\/\\\/www.grupomedcof.com.br\\\/blog\\\/cancer-gastrico-como-classificar\\\/\"]}]},{\"@type\":\"ImageObject\",\"inLanguage\":\"pt-BR\",\"@id\":\"https:\\\/\\\/www.grupomedcof.com.br\\\/blog\\\/cancer-gastrico-como-classificar\\\/#primaryimage\",\"url\":\"https:\\\/\\\/www.grupomedcof.com.br\\\/blog\\\/wp-content\\\/uploads\\\/2024\\\/04\\\/Blog-MedCof-50.png\",\"contentUrl\":\"https:\\\/\\\/www.grupomedcof.com.br\\\/blog\\\/wp-content\\\/uploads\\\/2024\\\/04\\\/Blog-MedCof-50.png\",\"width\":1920,\"height\":1080,\"caption\":\"Dentro dos tumores digestivos, o c\u00e2ncer g\u00e1strico merece destaque, devido \u00e0 sua alta preval\u00eancia e associa\u00e7\u00e3o com outras comorbidades.\"},{\"@type\":\"BreadcrumbList\",\"@id\":\"https:\\\/\\\/www.grupomedcof.com.br\\\/blog\\\/cancer-gastrico-como-classificar\\\/#breadcrumb\",\"itemListElement\":[{\"@type\":\"ListItem\",\"position\":1,\"name\":\"In\u00edcio\",\"item\":\"https:\\\/\\\/www.grupomedcof.com.br\\\/blog\\\/\"},{\"@type\":\"ListItem\",\"position\":2,\"name\":\"C\u00e2ncer g\u00e1strico: como classificar?\"}]},{\"@type\":\"WebSite\",\"@id\":\"https:\\\/\\\/www.grupomedcof.com.br\\\/blog\\\/#website\",\"url\":\"https:\\\/\\\/www.grupomedcof.com.br\\\/blog\\\/\",\"name\":\"Blog de Medcof: conte\u00fados, editais, revalida e mais!\",\"description\":\"Acesso o blog de MedCof! Seu portal de conte\u00fados sobre resid\u00eancia m\u00e9dica, an\u00e1lise e editais e muito mais. Clique e confira!\",\"publisher\":{\"@id\":\"https:\\\/\\\/www.grupomedcof.com.br\\\/blog\\\/#organization\"},\"alternateName\":\"Blog de Medcof: conte\u00fados, editais, revalida e mais!\",\"potentialAction\":[{\"@type\":\"SearchAction\",\"target\":{\"@type\":\"EntryPoint\",\"urlTemplate\":\"https:\\\/\\\/www.grupomedcof.com.br\\\/blog\\\/?s={search_term_string}\"},\"query-input\":{\"@type\":\"PropertyValueSpecification\",\"valueRequired\":true,\"valueName\":\"search_term_string\"}}],\"inLanguage\":\"pt-BR\"},{\"@type\":\"Organization\",\"@id\":\"https:\\\/\\\/www.grupomedcof.com.br\\\/blog\\\/#organization\",\"name\":\"Grupo MedCof\",\"url\":\"https:\\\/\\\/www.grupomedcof.com.br\\\/blog\\\/\",\"logo\":{\"@type\":\"ImageObject\",\"inLanguage\":\"pt-BR\",\"@id\":\"https:\\\/\\\/www.grupomedcof.com.br\\\/blog\\\/#\\\/schema\\\/logo\\\/image\\\/\",\"url\":\"https:\\\/\\\/www.grupomedcof.com.br\\\/blog\\\/wp-content\\\/uploads\\\/2022\\\/01\\\/logo-medcof.png\",\"contentUrl\":\"https:\\\/\\\/www.grupomedcof.com.br\\\/blog\\\/wp-content\\\/uploads\\\/2022\\\/01\\\/logo-medcof.png\",\"width\":768,\"height\":269,\"caption\":\"Grupo MedCof\"},\"image\":{\"@id\":\"https:\\\/\\\/www.grupomedcof.com.br\\\/blog\\\/#\\\/schema\\\/logo\\\/image\\\/\"},\"sameAs\":[\"https:\\\/\\\/www.facebook.com\\\/MedCofQbank\\\/\",\"https:\\\/\\\/www.instagram.com\\\/grupomedcof\\\/\",\"https:\\\/\\\/br.linkedin.com\\\/company\\\/medcof\",\"https:\\\/\\\/www.youtube.com\\\/channel\\\/UCdHMuOHKICxcHwecxN8P-AA\"]},{\"@type\":\"Person\",\"@id\":\"https:\\\/\\\/www.grupomedcof.com.br\\\/blog\\\/#\\\/schema\\\/person\\\/5e56a3921255c01181f3d8c20d53f9c0\",\"name\":\"Grupo MedCof\",\"image\":{\"@type\":\"ImageObject\",\"inLanguage\":\"pt-BR\",\"@id\":\"https:\\\/\\\/www.grupomedcof.com.br\\\/blog\\\/wp-content\\\/uploads\\\/2023\\\/04\\\/cropped-cropped-cropped-cropped-logo-96x96.png28585d174f19c23095510da5f63bc127\",\"url\":\"https:\\\/\\\/www.grupomedcof.com.br\\\/blog\\\/wp-content\\\/uploads\\\/2023\\\/04\\\/cropped-cropped-cropped-cropped-logo-96x96.png\",\"contentUrl\":\"https:\\\/\\\/www.grupomedcof.com.br\\\/blog\\\/wp-content\\\/uploads\\\/2023\\\/04\\\/cropped-cropped-cropped-cropped-logo-96x96.png\",\"caption\":\"Grupo MedCof\"},\"description\":\"Tendo aulas baseadas em quest\u00f5es, + de 115 subespecialistas dispon\u00edveis e uma metodologia \u00fanica, voc\u00ea pode se juntar ao nosso time que conta com mais de 10 mil ...\",\"url\":\"https:\\\/\\\/www.grupomedcof.com.br\\\/blog\\\/author\\\/grupo-medcof\\\/\"}]}<\/script>\n<!-- \/ Yoast SEO Premium plugin. -->","yoast_head_json":{"title":"C\u00e2ncer g\u00e1strico: como classificar? - Blog de Medcof: conte\u00fados, editais, revalida e mais!","description":"Dentro dos tumores digestivos, o c\u00e2ncer g\u00e1strico merece destaque, devido \u00e0 sua alta preval\u00eancia e associa\u00e7\u00e3o com outras comorbidades.","robots":{"index":"index","follow":"follow","max-snippet":"max-snippet:-1","max-image-preview":"max-image-preview:large","max-video-preview":"max-video-preview:-1"},"canonical":"https:\/\/www.grupomedcof.com.br\/blog\/cancer-gastrico-como-classificar\/","og_locale":"pt_BR","og_type":"article","og_title":"C\u00e2ncer g\u00e1strico: como classificar?","og_description":"Dentro dos tumores digestivos, o c\u00e2ncer g\u00e1strico merece destaque, devido \u00e0 sua alta preval\u00eancia e associa\u00e7\u00e3o com outras comorbidades.","og_url":"https:\/\/www.grupomedcof.com.br\/blog\/cancer-gastrico-como-classificar\/","og_site_name":"Blog de Medcof: conte\u00fados, editais, revalida e mais!","article_publisher":"https:\/\/www.facebook.com\/MedCofQbank\/","article_published_time":"2024-04-04T17:13:25+00:00","article_modified_time":"2025-12-22T15:02:18+00:00","og_image":[{"width":1920,"height":1080,"url":"https:\/\/www.grupomedcof.com.br\/blog\/wp-content\/uploads\/2024\/04\/Blog-MedCof-50.png","type":"image\/png"}],"author":"Grupo MedCof","twitter_card":"summary_large_image","twitter_misc":{"Escrito por":"Grupo MedCof","Est. tempo de leitura":"4 minutos"},"schema":{"@context":"https:\/\/schema.org","@graph":[{"@type":"Article","@id":"https:\/\/www.grupomedcof.com.br\/blog\/cancer-gastrico-como-classificar\/#article","isPartOf":{"@id":"https:\/\/www.grupomedcof.com.br\/blog\/cancer-gastrico-como-classificar\/"},"author":{"name":"Grupo MedCof","@id":"https:\/\/www.grupomedcof.com.br\/blog\/#\/schema\/person\/5e56a3921255c01181f3d8c20d53f9c0"},"headline":"C\u00e2ncer g\u00e1strico: como classificar?","datePublished":"2024-04-04T17:13:25+00:00","dateModified":"2025-12-22T15:02:18+00:00","mainEntityOfPage":{"@id":"https:\/\/www.grupomedcof.com.br\/blog\/cancer-gastrico-como-classificar\/"},"wordCount":640,"commentCount":0,"publisher":{"@id":"https:\/\/www.grupomedcof.com.br\/blog\/#organization"},"image":{"@id":"https:\/\/www.grupomedcof.com.br\/blog\/cancer-gastrico-como-classificar\/#primaryimage"},"thumbnailUrl":"https:\/\/www.grupomedcof.com.br\/blog\/wp-content\/uploads\/2024\/04\/Blog-MedCof-50.png","keywords":["boerman","lauren","tumor digestivo"],"articleSection":["Cirurgia Geral","Gastroenterologia","Oncologia"],"inLanguage":"pt-BR"},{"@type":"WebPage","@id":"https:\/\/www.grupomedcof.com.br\/blog\/cancer-gastrico-como-classificar\/","url":"https:\/\/www.grupomedcof.com.br\/blog\/cancer-gastrico-como-classificar\/","name":"C\u00e2ncer g\u00e1strico: como classificar? - Blog de Medcof: conte\u00fados, editais, revalida e mais!","isPartOf":{"@id":"https:\/\/www.grupomedcof.com.br\/blog\/#website"},"primaryImageOfPage":{"@id":"https:\/\/www.grupomedcof.com.br\/blog\/cancer-gastrico-como-classificar\/#primaryimage"},"image":{"@id":"https:\/\/www.grupomedcof.com.br\/blog\/cancer-gastrico-como-classificar\/#primaryimage"},"thumbnailUrl":"https:\/\/www.grupomedcof.com.br\/blog\/wp-content\/uploads\/2024\/04\/Blog-MedCof-50.png","datePublished":"2024-04-04T17:13:25+00:00","dateModified":"2025-12-22T15:02:18+00:00","description":"Dentro dos tumores digestivos, o c\u00e2ncer g\u00e1strico merece destaque, devido \u00e0 sua alta preval\u00eancia e associa\u00e7\u00e3o com outras comorbidades.","breadcrumb":{"@id":"https:\/\/www.grupomedcof.com.br\/blog\/cancer-gastrico-como-classificar\/#breadcrumb"},"inLanguage":"pt-BR","potentialAction":[{"@type":"ReadAction","target":["https:\/\/www.grupomedcof.com.br\/blog\/cancer-gastrico-como-classificar\/"]}]},{"@type":"ImageObject","inLanguage":"pt-BR","@id":"https:\/\/www.grupomedcof.com.br\/blog\/cancer-gastrico-como-classificar\/#primaryimage","url":"https:\/\/www.grupomedcof.com.br\/blog\/wp-content\/uploads\/2024\/04\/Blog-MedCof-50.png","contentUrl":"https:\/\/www.grupomedcof.com.br\/blog\/wp-content\/uploads\/2024\/04\/Blog-MedCof-50.png","width":1920,"height":1080,"caption":"Dentro dos tumores digestivos, o c\u00e2ncer g\u00e1strico merece destaque, devido \u00e0 sua alta preval\u00eancia e associa\u00e7\u00e3o com outras comorbidades."},{"@type":"BreadcrumbList","@id":"https:\/\/www.grupomedcof.com.br\/blog\/cancer-gastrico-como-classificar\/#breadcrumb","itemListElement":[{"@type":"ListItem","position":1,"name":"In\u00edcio","item":"https:\/\/www.grupomedcof.com.br\/blog\/"},{"@type":"ListItem","position":2,"name":"C\u00e2ncer g\u00e1strico: como classificar?"}]},{"@type":"WebSite","@id":"https:\/\/www.grupomedcof.com.br\/blog\/#website","url":"https:\/\/www.grupomedcof.com.br\/blog\/","name":"Blog de Medcof: conte\u00fados, editais, revalida e mais!","description":"Acesso o blog de MedCof! Seu portal de conte\u00fados sobre resid\u00eancia m\u00e9dica, an\u00e1lise e editais e muito mais. Clique e confira!","publisher":{"@id":"https:\/\/www.grupomedcof.com.br\/blog\/#organization"},"alternateName":"Blog de Medcof: conte\u00fados, editais, revalida e mais!","potentialAction":[{"@type":"SearchAction","target":{"@type":"EntryPoint","urlTemplate":"https:\/\/www.grupomedcof.com.br\/blog\/?s={search_term_string}"},"query-input":{"@type":"PropertyValueSpecification","valueRequired":true,"valueName":"search_term_string"}}],"inLanguage":"pt-BR"},{"@type":"Organization","@id":"https:\/\/www.grupomedcof.com.br\/blog\/#organization","name":"Grupo MedCof","url":"https:\/\/www.grupomedcof.com.br\/blog\/","logo":{"@type":"ImageObject","inLanguage":"pt-BR","@id":"https:\/\/www.grupomedcof.com.br\/blog\/#\/schema\/logo\/image\/","url":"https:\/\/www.grupomedcof.com.br\/blog\/wp-content\/uploads\/2022\/01\/logo-medcof.png","contentUrl":"https:\/\/www.grupomedcof.com.br\/blog\/wp-content\/uploads\/2022\/01\/logo-medcof.png","width":768,"height":269,"caption":"Grupo MedCof"},"image":{"@id":"https:\/\/www.grupomedcof.com.br\/blog\/#\/schema\/logo\/image\/"},"sameAs":["https:\/\/www.facebook.com\/MedCofQbank\/","https:\/\/www.instagram.com\/grupomedcof\/","https:\/\/br.linkedin.com\/company\/medcof","https:\/\/www.youtube.com\/channel\/UCdHMuOHKICxcHwecxN8P-AA"]},{"@type":"Person","@id":"https:\/\/www.grupomedcof.com.br\/blog\/#\/schema\/person\/5e56a3921255c01181f3d8c20d53f9c0","name":"Grupo MedCof","image":{"@type":"ImageObject","inLanguage":"pt-BR","@id":"https:\/\/www.grupomedcof.com.br\/blog\/wp-content\/uploads\/2023\/04\/cropped-cropped-cropped-cropped-logo-96x96.png28585d174f19c23095510da5f63bc127","url":"https:\/\/www.grupomedcof.com.br\/blog\/wp-content\/uploads\/2023\/04\/cropped-cropped-cropped-cropped-logo-96x96.png","contentUrl":"https:\/\/www.grupomedcof.com.br\/blog\/wp-content\/uploads\/2023\/04\/cropped-cropped-cropped-cropped-logo-96x96.png","caption":"Grupo MedCof"},"description":"Tendo aulas baseadas em quest\u00f5es, + de 115 subespecialistas dispon\u00edveis e uma metodologia \u00fanica, voc\u00ea pode se juntar ao nosso time que conta com mais de 10 mil ...","url":"https:\/\/www.grupomedcof.com.br\/blog\/author\/grupo-medcof\/"}]}},"authors":[{"term_id":3613,"user_id":10,"is_guest":0,"slug":"grupo-medcof","display_name":"Grupo MedCof","avatar_url":"https:\/\/www.grupomedcof.com.br\/blog\/wp-content\/uploads\/2023\/04\/cropped-cropped-cropped-cropped-logo-96x96.png","0":null,"1":"","2":"","3":"","4":"","5":"","6":"","7":"","8":""}],"_links":{"self":[{"href":"https:\/\/www.grupomedcof.com.br\/blog\/wp-json\/wp\/v2\/posts\/23715","targetHints":{"allow":["GET"]}}],"collection":[{"href":"https:\/\/www.grupomedcof.com.br\/blog\/wp-json\/wp\/v2\/posts"}],"about":[{"href":"https:\/\/www.grupomedcof.com.br\/blog\/wp-json\/wp\/v2\/types\/post"}],"author":[{"embeddable":true,"href":"https:\/\/www.grupomedcof.com.br\/blog\/wp-json\/wp\/v2\/users\/10"}],"replies":[{"embeddable":true,"href":"https:\/\/www.grupomedcof.com.br\/blog\/wp-json\/wp\/v2\/comments?post=23715"}],"version-history":[{"count":1,"href":"https:\/\/www.grupomedcof.com.br\/blog\/wp-json\/wp\/v2\/posts\/23715\/revisions"}],"predecessor-version":[{"id":40376,"href":"https:\/\/www.grupomedcof.com.br\/blog\/wp-json\/wp\/v2\/posts\/23715\/revisions\/40376"}],"wp:featuredmedia":[{"embeddable":true,"href":"https:\/\/www.grupomedcof.com.br\/blog\/wp-json\/wp\/v2\/media\/23716"}],"wp:attachment":[{"href":"https:\/\/www.grupomedcof.com.br\/blog\/wp-json\/wp\/v2\/media?parent=23715"}],"wp:term":[{"taxonomy":"category","embeddable":true,"href":"https:\/\/www.grupomedcof.com.br\/blog\/wp-json\/wp\/v2\/categories?post=23715"},{"taxonomy":"post_tag","embeddable":true,"href":"https:\/\/www.grupomedcof.com.br\/blog\/wp-json\/wp\/v2\/tags?post=23715"},{"taxonomy":"author","embeddable":true,"href":"https:\/\/www.grupomedcof.com.br\/blog\/wp-json\/wp\/v2\/ppma_author?post=23715"}],"curies":[{"name":"wp","href":"https:\/\/api.w.org\/{rel}","templated":true}]}}