{"id":23880,"date":"2024-04-11T14:13:09","date_gmt":"2024-04-11T17:13:09","guid":{"rendered":"https:\/\/www.grupomedcof.com.br\/blog\/?p=23880"},"modified":"2024-04-11T14:13:09","modified_gmt":"2024-04-11T17:13:09","slug":"asfixia-perinatal-entenda-as-causa-cuidados-e-complicacoes","status":"publish","type":"post","link":"https:\/\/www.grupomedcof.com.br\/blog\/asfixia-perinatal-entenda-as-causa-cuidados-e-complicacoes\/","title":{"rendered":"Asfixia perinatal: Entenda as causa, cuidados e complica\u00e7\u00f5es"},"content":{"rendered":"<div id=\"ez-toc-container\" class=\"ez-toc-v2_0_74 counter-hierarchy ez-toc-counter ez-toc-transparent ez-toc-container-direction\">\n<div class=\"ez-toc-title-container\">\n<p class=\"ez-toc-title\" style=\"cursor:inherit\">Sum\u00e1rio<\/p>\n<span class=\"ez-toc-title-toggle\"><a href=\"#\" class=\"ez-toc-pull-right ez-toc-btn ez-toc-btn-xs ez-toc-btn-default ez-toc-toggle\" aria-label=\"Alternar tabela de conte\u00fado\"><span class=\"ez-toc-js-icon-con\"><span class=\"\"><span class=\"eztoc-hide\" style=\"display:none;\">Toggle<\/span><span class=\"ez-toc-icon-toggle-span\"><svg style=\"fill: #999;color:#999\" xmlns=\"http:\/\/www.w3.org\/2000\/svg\" class=\"list-377408\" width=\"20px\" height=\"20px\" viewBox=\"0 0 24 24\" fill=\"none\"><path d=\"M6 6H4v2h2V6zm14 0H8v2h12V6zM4 11h2v2H4v-2zm16 0H8v2h12v-2zM4 16h2v2H4v-2zm16 0H8v2h12v-2z\" fill=\"currentColor\"><\/path><\/svg><svg style=\"fill: #999;color:#999\" class=\"arrow-unsorted-368013\" xmlns=\"http:\/\/www.w3.org\/2000\/svg\" width=\"10px\" height=\"10px\" viewBox=\"0 0 24 24\" version=\"1.2\" baseProfile=\"tiny\"><path d=\"M18.2 9.3l-6.2-6.3-6.2 6.3c-.2.2-.3.4-.3.7s.1.5.3.7c.2.2.4.3.7.3h11c.3 0 .5-.1.7-.3.2-.2.3-.5.3-.7s-.1-.5-.3-.7zM5.8 14.7l6.2 6.3 6.2-6.3c.2-.2.3-.5.3-.7s-.1-.5-.3-.7c-.2-.2-.4-.3-.7-.3h-11c-.3 0-.5.1-.7.3-.2.2-.3.5-.3.7s.1.5.3.7z\"\/><\/svg><\/span><\/span><\/span><\/a><\/span><\/div>\n<nav><ul class='ez-toc-list ez-toc-list-level-1 ' ><li class='ez-toc-page-1 ez-toc-heading-level-2'><a class=\"ez-toc-link ez-toc-heading-1\" href=\"https:\/\/www.grupomedcof.com.br\/blog\/asfixia-perinatal-entenda-as-causa-cuidados-e-complicacoes\/#Definicao\" >Defini\u00e7\u00e3o<\/a><\/li><li class='ez-toc-page-1 ez-toc-heading-level-2'><a class=\"ez-toc-link ez-toc-heading-2\" href=\"https:\/\/www.grupomedcof.com.br\/blog\/asfixia-perinatal-entenda-as-causa-cuidados-e-complicacoes\/#Epidemiologia\" >Epidemiologia<\/a><\/li><li class='ez-toc-page-1 ez-toc-heading-level-2'><a class=\"ez-toc-link ez-toc-heading-3\" href=\"https:\/\/www.grupomedcof.com.br\/blog\/asfixia-perinatal-entenda-as-causa-cuidados-e-complicacoes\/#Etiologia\" >Etiologia<\/a><\/li><li class='ez-toc-page-1 ez-toc-heading-level-2'><a class=\"ez-toc-link ez-toc-heading-4\" href=\"https:\/\/www.grupomedcof.com.br\/blog\/asfixia-perinatal-entenda-as-causa-cuidados-e-complicacoes\/#Avaliacao_e_Diagnostico\" >Avalia\u00e7\u00e3o e Diagn\u00f3stico<\/a><\/li><li class='ez-toc-page-1 ez-toc-heading-level-2'><a class=\"ez-toc-link ez-toc-heading-5\" href=\"https:\/\/www.grupomedcof.com.br\/blog\/asfixia-perinatal-entenda-as-causa-cuidados-e-complicacoes\/#Avaliacao_inicial\" >Avalia\u00e7\u00e3o inicial<\/a><\/li><li class='ez-toc-page-1 ez-toc-heading-level-2'><a class=\"ez-toc-link ez-toc-heading-6\" href=\"https:\/\/www.grupomedcof.com.br\/blog\/asfixia-perinatal-entenda-as-causa-cuidados-e-complicacoes\/#Para_EHI_Moderada_ou_Grave\" >Para EHI Moderada ou Grave<\/a><\/li><li class='ez-toc-page-1 ez-toc-heading-level-2'><a class=\"ez-toc-link ez-toc-heading-7\" href=\"https:\/\/www.grupomedcof.com.br\/blog\/asfixia-perinatal-entenda-as-causa-cuidados-e-complicacoes\/#O_metodo_que_te_aprova\" >O m\u00e9todo que te aprova<\/a><\/li><li class='ez-toc-page-1 ez-toc-heading-level-2'><a class=\"ez-toc-link ez-toc-heading-8\" href=\"https:\/\/www.grupomedcof.com.br\/blog\/asfixia-perinatal-entenda-as-causa-cuidados-e-complicacoes\/#Manejo\" >Manejo<\/a><\/li><li class='ez-toc-page-1 ez-toc-heading-level-2'><a class=\"ez-toc-link ez-toc-heading-9\" href=\"https:\/\/www.grupomedcof.com.br\/blog\/asfixia-perinatal-entenda-as-causa-cuidados-e-complicacoes\/#Para_todos\" >Para todos<\/a><\/li><li class='ez-toc-page-1 ez-toc-heading-level-2'><a class=\"ez-toc-link ez-toc-heading-10\" href=\"https:\/\/www.grupomedcof.com.br\/blog\/asfixia-perinatal-entenda-as-causa-cuidados-e-complicacoes\/#Para_EHI_Moderada_ou_Grave-2\" >Para EHI Moderada ou Grave<\/a><\/li><li class='ez-toc-page-1 ez-toc-heading-level-2'><a class=\"ez-toc-link ez-toc-heading-11\" href=\"https:\/\/www.grupomedcof.com.br\/blog\/asfixia-perinatal-entenda-as-causa-cuidados-e-complicacoes\/#O_metodo_que_te_aprova-2\" >O m\u00e9todo que te aprova<\/a><\/li><\/ul><\/nav><\/div>\n<img loading=\"lazy\" decoding=\"async\" width=\"800\" height=\"450\" src=\"https:\/\/www.grupomedcof.com.br\/blog\/wp-content\/uploads\/2024\/04\/Blog-MedCof-64-1024x576.png\" alt=\"\" srcset=\"https:\/\/www.grupomedcof.com.br\/blog\/wp-content\/uploads\/2024\/04\/Blog-MedCof-64-1024x576.png 1024w, https:\/\/www.grupomedcof.com.br\/blog\/wp-content\/uploads\/2024\/04\/Blog-MedCof-64-300x169.png 300w, https:\/\/www.grupomedcof.com.br\/blog\/wp-content\/uploads\/2024\/04\/Blog-MedCof-64-768x432.png 768w, https:\/\/www.grupomedcof.com.br\/blog\/wp-content\/uploads\/2024\/04\/Blog-MedCof-64-1536x864.png 1536w, https:\/\/www.grupomedcof.com.br\/blog\/wp-content\/uploads\/2024\/04\/Blog-MedCof-64.png 1920w\" sizes=\"auto, (max-width: 800px) 100vw, 800px\" \/>\t\t\t\t\t\t\t\t\t\t\t\t\t\t\t\n\t\t<p>Neste artigo, exploraremos os principais aspectos da asfixia perinatal, desde a defini\u00e7\u00e3o at\u00e9 o manejo fornecendo um guia abrangente para a abordagem cl\u00ednica apropriada.<\/p><p>A asfixia perinatal, um evento que ocorre quando um rec\u00e9m-nascido \u00e9 privado de oxig\u00eanio antes, durante ou ap\u00f3s o parto, \u00e9 uma preocupa\u00e7\u00e3o cr\u00edtica que exige a\u00e7\u00e3o imediata e interven\u00e7\u00f5es precisas por parte dos profissionais de sa\u00fade.<\/p><h2 id=\"h-definicao\"><span class=\"ez-toc-section\" id=\"Definicao\"><\/span>Defini\u00e7\u00e3o<span class=\"ez-toc-section-end\"><\/span><\/h2>\n<p><!-- \/wp:post-content --><!-- wp:paragraph --><\/p>\n<p>A asfixia perinatal \u00e9 caracterizada pela <strong>insufici\u00eancia de oxigena\u00e7\u00e3o<\/strong> em um rec\u00e9m-nascido, causada por problemas circulat\u00f3rios ou respirat\u00f3rios durante ou ap\u00f3s o parto.<\/p>\n<p><!-- \/wp:paragraph --><!-- wp:paragraph --><\/p>\n<p>A asfixia perinatal pode levar a uma s\u00e9rie de complica\u00e7\u00f5es, incluindo disfun\u00e7\u00e3o org\u00e2nica e comprometimento neurol\u00f3gico, denominado <strong>encefalopatia hip\u00f3xico-isqu\u00eamica (EHI)<\/strong><\/p><h2 id=\"h-epidemiologia\"><span class=\"ez-toc-section\" id=\"Epidemiologia\"><\/span>Epidemiologia<span class=\"ez-toc-section-end\"><\/span><\/h2>\n<p><!-- \/wp:paragraph --><!-- wp:paragraph --><\/p>\n<p>\u00c9 uma doen\u00e7a grave com incid\u00eancia elevada de 1 a 6 a cada 1000 nascidos vivos, apresentando incid\u00eancia maior em pa\u00edses em desenvolvimento. Representa a <strong>3 causa mais comum de morte neonatal no mundo.<\/strong><\/p><h2 id=\"h-etiologia\"><span class=\"ez-toc-section\" id=\"Etiologia\"><\/span>Etiologia<span class=\"ez-toc-section-end\"><\/span><\/h2>\n<p><!-- \/wp:paragraph --><!-- wp:paragraph --><\/p>\n<p>Como discutido ao longo do post, existem in\u00fameras causas que podem levar ao sofrimento fetal agudo, podemos chamar de <strong>evento perinatal agudo,<\/strong> ocorre quando h\u00e1 a presen\u00e7a de <strong>descolamento prematuro de placenta, prolapso ou rotura de cord\u00e3o umbilical, desacelera\u00e7\u00f5es tardias, rotura uterina ou outras situa\u00e7\u00f5es<\/strong> em que fique evidente a presen\u00e7a de sofrimento fetal agudo.<\/p><h2 id=\"h-avaliacao-e-diagnostico\"><span class=\"ez-toc-section\" id=\"Avaliacao_e_Diagnostico\"><\/span>Avalia\u00e7\u00e3o e Diagn\u00f3stico<span class=\"ez-toc-section-end\"><\/span><\/h2>\n<p><!-- \/wp:paragraph --><!-- wp:paragraph --><\/p>\n<p>A avalia\u00e7\u00e3o inicial de um rec\u00e9m-nascido suspeito de asfixia perinatal \u00e9 uma etapa cr\u00edtica no manejo.<\/p>\n<p><!-- \/wp:paragraph --><!-- wp:paragraph --><\/p>\n<p>A r\u00e1pida identifica\u00e7\u00e3o de sinais de <strong>sofrimento fetal durante o parto<\/strong>, bem como a <strong>avalia\u00e7\u00e3o da frequ\u00eancia card\u00edaca, esfor\u00e7o respirat\u00f3rio<\/strong> e <strong>colora\u00e7\u00e3o do beb\u00ea<\/strong>, \u00e9 essencial para orientar a interven\u00e7\u00e3o.<\/p><h2 id=\"h-avaliacao-inicial\"><span class=\"ez-toc-section\" id=\"Avaliacao_inicial\"><\/span>Avalia\u00e7\u00e3o inicial<span class=\"ez-toc-section-end\"><\/span><\/h2>\n<p><!-- \/wp:paragraph --><!-- wp:list --><\/p>\n<ul><!-- wp:list-item -->\n<li>Ter o cuidado em controlar temperatura durante a reanima\u00e7\u00e3o e \u00e0 admiss\u00e3o na UTI mantendo o RN em <strong>normotermia<\/strong> durante a avalia\u00e7\u00e3o.<\/li>\n<!-- \/wp:list-item --><!-- wp:list-item -->\n<li>Realizar acesso venoso central (umbilical) para administra\u00e7\u00e3o de l\u00edquidos e glicose.<\/li>\n<!-- \/wp:list-item --><!-- wp:list-item -->\n<li>Oferecer uma taxa h\u00eddrica di\u00e1ria inicial entre 40-60ml\/kg\/dia com ajustes de acordo com balan\u00e7o h\u00eddrico a cada 12h.<\/li>\n<!-- \/wp:list-item --><!-- wp:list-item -->\n<li>Evitar a infus\u00e3o excessiva de l\u00edquido e indicar expans\u00e3o de volume somente em situa\u00e7\u00f5es especiais.<\/li>\n<!-- \/wp:list-item --><!-- wp:list-item -->\n<li>Vigiar glicose, s\u00f3dio, pot\u00e1ssio, hemoglobina\/hemat\u00f3crito e coagulograma\/plaquetas a cada 12h no primeiro dia de vida e depois, a cada 24h.<\/li>\n<!-- \/wp:list-item --><!-- wp:list-item -->\n<li>Vigiar e controlar a press\u00e3o arterial;<\/li>\n<!-- \/wp:list-item --><!-- wp:list-item -->\n<li>Suporte de O2 se necess\u00e1rio (alvo entre 90-95%) se gasometria normal<\/li>\n<\/ul><h2><span class=\"ez-toc-section\" id=\"Para_EHI_Moderada_ou_Grave\"><\/span>Para EHI Moderada ou Grave<span class=\"ez-toc-section-end\"><\/span><\/h2>\n<p>Para pacientes classificados com encefalopatia moderada ou grave, deve ser submetido a <strong>hipotermia terap\u00eautica,<\/strong> devendo ser instalada nas <strong>primeiras 6 horas de vida<\/strong> e mantida at\u00e9 as <strong>72h de vida,<\/strong> com a <strong>temperatura alvo de 33,5\u00b0C<\/strong>, tomando os devidos cuidados para que a temperatura n\u00e3o caia abaixo de 33\u00b0C.<\/p>\n<blockquote>\n<blockquote>\n<p>O m\u00e9todo ideal de escolha envolve o uso de sistema servo-controlado com aferi\u00e7\u00e3o cont\u00ednua por term\u00f4metro retal ou esofagiano.<\/p>\n<\/blockquote>\n<\/blockquote>\n<p>Estudos recentes mostram a a <strong>instala\u00e7\u00e3o da hipotermia terap\u00eautica<\/strong> resultou numa melhor evolu\u00e7\u00e3o do quadro, e redu\u00e7\u00e3o das sequelas devido \u00e0 asfixia perinatal.<\/p>\n<p>\u00c9 important\u00edssimo lembrar que esses RNs devem receber uma ten\u00e7\u00e3o especial, utilizando de monitoriza\u00e7\u00e3o cont\u00ednua, inclusive cerebral com o uso de eletroencefalograma, al\u00e9m do cuidado multidisciplinar.<\/p>\n<p>A abordagem da asfixia perinatal abrange desde a avalia\u00e7\u00e3o inicial at\u00e9 manejo adequado, com foco em interven\u00e7\u00f5es oportunas e monitoramento cont\u00ednuo.<\/p>\n<p><!-- notionvc: 276c1d5b-7211-45e7-bc22-a017840d24d2 --><\/p>\t\t\n\t\t\t<h2><span class=\"ez-toc-section\" id=\"O_metodo_que_te_aprova\"><\/span>O m\u00e9todo que te aprova<span class=\"ez-toc-section-end\"><\/span><\/h2>\t\t\n\t\t<p>Se voc\u00ea quer garantir a sua aprova\u00e7\u00e3o nas provas de resid\u00eancia, ent\u00e3o conhe\u00e7a o grupo MedCof e a metodologia que j\u00e1 aprovou <a href=\"https:\/\/www.grupomedcof.com.br\/blog\/presenca-da-medcof-nas-aprovacoes-em-residencia-medica-no-brasil\/\">mais de 10 mil<\/a> residentes pelo pa\u00eds. Confira trajet\u00f3ria de quem pode comprovar na pr\u00e1tica a recompensa de confiar em nosso m\u00e9todo:<\/p>https:\/\/www.youtube.com\/watch?v=wtb_qEoSShI<!-- \/wp:list-item --><!-- \/wp:list --><!-- wp:list {\"ordered\":true} --><\/p>\n<ol><!-- wp:list-item -->\n<li>Avaliar e realizar manobras de reanima\u00e7\u00e3o neonatal, segundo as Diretrizes do Programa de Reanima\u00e7\u00e3o Neonatal da Sociedade Brasileira de Pediatria;<\/li>\n<!-- \/wp:list-item --><!-- wp:list-item -->\n<li>Internamento em leito de UTI;<\/li>\n<!-- \/wp:list-item --><!-- wp:list-item -->\n<li>Obter <strong>gasometria do cord\u00e3o<\/strong> ou do rec\u00e9m-nascido na <strong>primeira hora de vida<\/strong> (verificar acidose metab\u00f3lica, compat\u00edvel com agravo hip\u00f3xico-isqu\u00eamico) e realizar exame neurol\u00f3gico na UTI para avalia\u00e7\u00e3o de encefalopatia neonatal;<\/li>\n<\/ol>\t\t\n\t\t\t\t\t\t\t\t\t\t\t\t\t\t\t<img loading=\"lazy\" decoding=\"async\" width=\"543\" height=\"292\" src=\"https:\/\/www.grupomedcof.com.br\/blog\/wp-content\/uploads\/2024\/04\/Untitled-57.png\" alt=\"\" srcset=\"https:\/\/www.grupomedcof.com.br\/blog\/wp-content\/uploads\/2024\/04\/Untitled-57.png 543w, https:\/\/www.grupomedcof.com.br\/blog\/wp-content\/uploads\/2024\/04\/Untitled-57-300x161.png 300w\" sizes=\"auto, (max-width: 543px) 100vw, 543px\" \/>\t\t\t\t\t\t\t\t\t\t\t\t\t\t\t\n\t\t\t\t\t\t\t\t\t\t\t\t<figure>\n\t\t\t\t\t\t\t\t\t\t<img loading=\"lazy\" decoding=\"async\" width=\"544\" height=\"322\" src=\"https:\/\/www.grupomedcof.com.br\/blog\/wp-content\/uploads\/2024\/04\/Untitled-58.png\" alt=\"\" srcset=\"https:\/\/www.grupomedcof.com.br\/blog\/wp-content\/uploads\/2024\/04\/Untitled-58.png 544w, https:\/\/www.grupomedcof.com.br\/blog\/wp-content\/uploads\/2024\/04\/Untitled-58-300x178.png 300w\" sizes=\"auto, (max-width: 544px) 100vw, 544px\" \/>\t\t\t\t\t\t\t\t\t\t\t<figcaption>SBP, 2020.<\/figcaption>\n\t\t\t\t\t\t\t\t\t\t<\/figure>\n\t\t<h2><span class=\"ez-toc-section\" id=\"Manejo\"><\/span>Manejo<span class=\"ez-toc-section-end\"><\/span><\/h2>\n<p><!-- \/wp:list-item --><!-- wp:image \/--><!-- wp:paragraph \/--><!-- wp:heading {\"level\":1} \/--><!-- wp:heading --><\/p>\n<h2 id=\"h-para-todos\"><span class=\"ez-toc-section\" id=\"Para_todos\"><\/span>Para todos<span class=\"ez-toc-section-end\"><\/span><\/h2>\n<p><!-- \/wp:heading --><!-- wp:paragraph --><\/p>\n<p>Segundo as orienta\u00e7\u00f5es da SBP deve-se:<\/p>\n<p><!-- \/wp:paragraph --><!-- wp:list --><\/p>\n<ul><!-- wp:list-item -->\n<li>Ter o cuidado em controlar temperatura durante a reanima\u00e7\u00e3o e \u00e0 admiss\u00e3o na UTI mantendo o RN em <strong>normotermia<\/strong> durante a avalia\u00e7\u00e3o.<\/li>\n<!-- \/wp:list-item --><!-- wp:list-item -->\n<li>Realizar acesso venoso central (umbilical) para administra\u00e7\u00e3o de l\u00edquidos e glicose.<\/li>\n<!-- \/wp:list-item --><!-- wp:list-item -->\n<li>Oferecer uma taxa h\u00eddrica di\u00e1ria inicial entre 40-60ml\/kg\/dia com ajustes de acordo com balan\u00e7o h\u00eddrico a cada 12h.<\/li>\n<!-- \/wp:list-item --><!-- wp:list-item -->\n<li>Evitar a infus\u00e3o excessiva de l\u00edquido e indicar expans\u00e3o de volume somente em situa\u00e7\u00f5es especiais.<\/li>\n<!-- \/wp:list-item --><!-- wp:list-item -->\n<li>Vigiar glicose, s\u00f3dio, pot\u00e1ssio, hemoglobina\/hemat\u00f3crito e coagulograma\/plaquetas a cada 12h no primeiro dia de vida e depois, a cada 24h.<\/li>\n<!-- \/wp:list-item --><!-- wp:list-item -->\n<li>Vigiar e controlar a press\u00e3o arterial;<\/li>\n<!-- \/wp:list-item --><!-- wp:list-item -->\n<li>Suporte de O2 se necess\u00e1rio (alvo entre 90-95%) se gasometria normal<\/li>\n<\/ul><h2><span class=\"ez-toc-section\" id=\"Para_EHI_Moderada_ou_Grave-2\"><\/span>Para EHI Moderada ou Grave<span class=\"ez-toc-section-end\"><\/span><\/h2>\n<p>Para pacientes classificados com encefalopatia moderada ou grave, deve ser submetido a <strong>hipotermia terap\u00eautica,<\/strong> devendo ser instalada nas <strong>primeiras 6 horas de vida<\/strong> e mantida at\u00e9 as <strong>72h de vida,<\/strong> com a <strong>temperatura alvo de 33,5\u00b0C<\/strong>, tomando os devidos cuidados para que a temperatura n\u00e3o caia abaixo de 33\u00b0C.<\/p>\n<blockquote>\n<blockquote>\n<p>O m\u00e9todo ideal de escolha envolve o uso de sistema servo-controlado com aferi\u00e7\u00e3o cont\u00ednua por term\u00f4metro retal ou esofagiano.<\/p>\n<\/blockquote>\n<\/blockquote>\n<p>Estudos recentes mostram a a <strong>instala\u00e7\u00e3o da hipotermia terap\u00eautica<\/strong> resultou numa melhor evolu\u00e7\u00e3o do quadro, e redu\u00e7\u00e3o das sequelas devido \u00e0 asfixia perinatal.<\/p>\n<p>\u00c9 important\u00edssimo lembrar que esses RNs devem receber uma ten\u00e7\u00e3o especial, utilizando de monitoriza\u00e7\u00e3o cont\u00ednua, inclusive cerebral com o uso de eletroencefalograma, al\u00e9m do cuidado multidisciplinar.<\/p>\n<p>A abordagem da asfixia perinatal abrange desde a avalia\u00e7\u00e3o inicial at\u00e9 manejo adequado, com foco em interven\u00e7\u00f5es oportunas e monitoramento cont\u00ednuo.<\/p>\n<p><!-- notionvc: 276c1d5b-7211-45e7-bc22-a017840d24d2 --><\/p>\t\t\n\t\t\t<h2><span class=\"ez-toc-section\" id=\"O_metodo_que_te_aprova-2\"><\/span>O m\u00e9todo que te aprova<span class=\"ez-toc-section-end\"><\/span><\/h2>\t\t\n\t\t<p>Se voc\u00ea quer garantir a sua aprova\u00e7\u00e3o nas provas de resid\u00eancia, ent\u00e3o conhe\u00e7a o grupo MedCof e a metodologia que j\u00e1 aprovou <a href=\"https:\/\/www.grupomedcof.com.br\/blog\/presenca-da-medcof-nas-aprovacoes-em-residencia-medica-no-brasil\/\">mais de 10 mil<\/a> residentes pelo pa\u00eds. Confira trajet\u00f3ria de quem pode comprovar na pr\u00e1tica a recompensa de confiar em nosso m\u00e9todo:<\/p>https:\/\/www.youtube.com\/watch?v=wtb_qEoSShI<!-- \/wp:post-content -->","protected":false},"excerpt":{"rendered":"<p>A asfixia perinatal \u00e9 caracterizada pela insufici\u00eancia de oxigena\u00e7\u00e3o num rec\u00e9m-nascido, durante ou ap\u00f3s o parto.<\/p>\n","protected":false},"author":10,"featured_media":23899,"comment_status":"open","ping_status":"open","sticky":false,"template":"","format":"standard","meta":{"footnotes":""},"categories":[120],"tags":[],"ppma_author":[],"class_list":{"0":"post-23880","1":"post","2":"type-post","3":"status-publish","4":"format-standard","5":"has-post-thumbnail","7":"category-pediatria"},"yoast_head":"<!-- This site is optimized with the Yoast SEO Premium plugin v24.3 (Yoast SEO v27.4) - https:\/\/yoast.com\/product\/yoast-seo-premium-wordpress\/ -->\n<title>Asfixia perinatal: Entenda as causa, cuidados e complica\u00e7\u00f5es - Blog de Medcof: conte\u00fados, editais, revalida e mais!<\/title>\n<meta name=\"description\" content=\"A asfixia perinatal \u00e9 caracterizada pela insufici\u00eancia de oxigena\u00e7\u00e3o num rec\u00e9m-nascido, durante ou ap\u00f3s o parto.\" \/>\n<meta name=\"robots\" content=\"index, follow, max-snippet:-1, max-image-preview:large, max-video-preview:-1\" \/>\n<link rel=\"canonical\" href=\"https:\/\/www.grupomedcof.com.br\/blog\/asfixia-perinatal-entenda-as-causa-cuidados-e-complicacoes\/\" \/>\n<meta property=\"og:locale\" content=\"pt_BR\" \/>\n<meta property=\"og:type\" content=\"article\" \/>\n<meta property=\"og:title\" content=\"Asfixia perinatal: Entenda as causa, cuidados e complica\u00e7\u00f5es\" \/>\n<meta property=\"og:description\" content=\"A asfixia perinatal \u00e9 caracterizada pela insufici\u00eancia de oxigena\u00e7\u00e3o num rec\u00e9m-nascido, durante ou ap\u00f3s o parto.\" \/>\n<meta property=\"og:url\" content=\"https:\/\/www.grupomedcof.com.br\/blog\/asfixia-perinatal-entenda-as-causa-cuidados-e-complicacoes\/\" \/>\n<meta property=\"og:site_name\" content=\"Blog de Medcof: conte\u00fados, editais, revalida e mais!\" \/>\n<meta property=\"article:publisher\" content=\"https:\/\/www.facebook.com\/MedCofQbank\/\" \/>\n<meta property=\"article:published_time\" content=\"2024-04-11T17:13:09+00:00\" \/>\n<meta property=\"og:image\" content=\"https:\/\/www.grupomedcof.com.br\/blog\/wp-content\/uploads\/2024\/04\/Blog-MedCof-65.png\" \/>\n\t<meta property=\"og:image:width\" content=\"1920\" \/>\n\t<meta property=\"og:image:height\" content=\"1080\" \/>\n\t<meta property=\"og:image:type\" content=\"image\/png\" \/>\n<meta name=\"author\" content=\"Grupo MedCof\" \/>\n<meta name=\"twitter:card\" content=\"summary_large_image\" \/>\n<meta name=\"twitter:label1\" content=\"Escrito por\" \/>\n\t<meta name=\"twitter:data1\" content=\"Grupo MedCof\" \/>\n\t<meta name=\"twitter:label2\" content=\"Est. tempo de leitura\" \/>\n\t<meta name=\"twitter:data2\" content=\"4 minutos\" \/>\n<script type=\"application\/ld+json\" class=\"yoast-schema-graph\">{\"@context\":\"https:\\\/\\\/schema.org\",\"@graph\":[{\"@type\":\"Article\",\"@id\":\"https:\\\/\\\/www.grupomedcof.com.br\\\/blog\\\/asfixia-perinatal-entenda-as-causa-cuidados-e-complicacoes\\\/#article\",\"isPartOf\":{\"@id\":\"https:\\\/\\\/www.grupomedcof.com.br\\\/blog\\\/asfixia-perinatal-entenda-as-causa-cuidados-e-complicacoes\\\/\"},\"author\":{\"name\":\"Grupo MedCof\",\"@id\":\"https:\\\/\\\/www.grupomedcof.com.br\\\/blog\\\/#\\\/schema\\\/person\\\/5e56a3921255c01181f3d8c20d53f9c0\"},\"headline\":\"Asfixia perinatal: Entenda as causa, cuidados e complica\u00e7\u00f5es\",\"datePublished\":\"2024-04-11T17:13:09+00:00\",\"mainEntityOfPage\":{\"@id\":\"https:\\\/\\\/www.grupomedcof.com.br\\\/blog\\\/asfixia-perinatal-entenda-as-causa-cuidados-e-complicacoes\\\/\"},\"wordCount\":719,\"commentCount\":0,\"publisher\":{\"@id\":\"https:\\\/\\\/www.grupomedcof.com.br\\\/blog\\\/#organization\"},\"image\":{\"@id\":\"https:\\\/\\\/www.grupomedcof.com.br\\\/blog\\\/asfixia-perinatal-entenda-as-causa-cuidados-e-complicacoes\\\/#primaryimage\"},\"thumbnailUrl\":\"https:\\\/\\\/www.grupomedcof.com.br\\\/blog\\\/wp-content\\\/uploads\\\/2024\\\/04\\\/Blog-MedCof-65.png\",\"articleSection\":[\"Pediatria\"],\"inLanguage\":\"pt-BR\"},{\"@type\":\"WebPage\",\"@id\":\"https:\\\/\\\/www.grupomedcof.com.br\\\/blog\\\/asfixia-perinatal-entenda-as-causa-cuidados-e-complicacoes\\\/\",\"url\":\"https:\\\/\\\/www.grupomedcof.com.br\\\/blog\\\/asfixia-perinatal-entenda-as-causa-cuidados-e-complicacoes\\\/\",\"name\":\"Asfixia perinatal: Entenda as causa, cuidados e complica\u00e7\u00f5es - Blog de Medcof: conte\u00fados, editais, revalida e mais!\",\"isPartOf\":{\"@id\":\"https:\\\/\\\/www.grupomedcof.com.br\\\/blog\\\/#website\"},\"primaryImageOfPage\":{\"@id\":\"https:\\\/\\\/www.grupomedcof.com.br\\\/blog\\\/asfixia-perinatal-entenda-as-causa-cuidados-e-complicacoes\\\/#primaryimage\"},\"image\":{\"@id\":\"https:\\\/\\\/www.grupomedcof.com.br\\\/blog\\\/asfixia-perinatal-entenda-as-causa-cuidados-e-complicacoes\\\/#primaryimage\"},\"thumbnailUrl\":\"https:\\\/\\\/www.grupomedcof.com.br\\\/blog\\\/wp-content\\\/uploads\\\/2024\\\/04\\\/Blog-MedCof-65.png\",\"datePublished\":\"2024-04-11T17:13:09+00:00\",\"description\":\"A asfixia perinatal \u00e9 caracterizada pela insufici\u00eancia de oxigena\u00e7\u00e3o num rec\u00e9m-nascido, durante ou ap\u00f3s o parto.\",\"breadcrumb\":{\"@id\":\"https:\\\/\\\/www.grupomedcof.com.br\\\/blog\\\/asfixia-perinatal-entenda-as-causa-cuidados-e-complicacoes\\\/#breadcrumb\"},\"inLanguage\":\"pt-BR\",\"potentialAction\":[{\"@type\":\"ReadAction\",\"target\":[\"https:\\\/\\\/www.grupomedcof.com.br\\\/blog\\\/asfixia-perinatal-entenda-as-causa-cuidados-e-complicacoes\\\/\"]}]},{\"@type\":\"ImageObject\",\"inLanguage\":\"pt-BR\",\"@id\":\"https:\\\/\\\/www.grupomedcof.com.br\\\/blog\\\/asfixia-perinatal-entenda-as-causa-cuidados-e-complicacoes\\\/#primaryimage\",\"url\":\"https:\\\/\\\/www.grupomedcof.com.br\\\/blog\\\/wp-content\\\/uploads\\\/2024\\\/04\\\/Blog-MedCof-65.png\",\"contentUrl\":\"https:\\\/\\\/www.grupomedcof.com.br\\\/blog\\\/wp-content\\\/uploads\\\/2024\\\/04\\\/Blog-MedCof-65.png\",\"width\":1920,\"height\":1080,\"caption\":\"A asfixia perinatal \u00e9 caracterizada pela insufici\u00eancia de oxigena\u00e7\u00e3o num rec\u00e9m-nascido, durante ou ap\u00f3s o parto.\"},{\"@type\":\"BreadcrumbList\",\"@id\":\"https:\\\/\\\/www.grupomedcof.com.br\\\/blog\\\/asfixia-perinatal-entenda-as-causa-cuidados-e-complicacoes\\\/#breadcrumb\",\"itemListElement\":[{\"@type\":\"ListItem\",\"position\":1,\"name\":\"In\u00edcio\",\"item\":\"https:\\\/\\\/www.grupomedcof.com.br\\\/blog\\\/\"},{\"@type\":\"ListItem\",\"position\":2,\"name\":\"Asfixia perinatal: Entenda as causa, cuidados e complica\u00e7\u00f5es\"}]},{\"@type\":\"WebSite\",\"@id\":\"https:\\\/\\\/www.grupomedcof.com.br\\\/blog\\\/#website\",\"url\":\"https:\\\/\\\/www.grupomedcof.com.br\\\/blog\\\/\",\"name\":\"Blog de Medcof: conte\u00fados, editais, revalida e mais!\",\"description\":\"Acesso o blog de MedCof! Seu portal de conte\u00fados sobre resid\u00eancia m\u00e9dica, an\u00e1lise e editais e muito mais. Clique e confira!\",\"publisher\":{\"@id\":\"https:\\\/\\\/www.grupomedcof.com.br\\\/blog\\\/#organization\"},\"alternateName\":\"Blog de Medcof: conte\u00fados, editais, revalida e mais!\",\"potentialAction\":[{\"@type\":\"SearchAction\",\"target\":{\"@type\":\"EntryPoint\",\"urlTemplate\":\"https:\\\/\\\/www.grupomedcof.com.br\\\/blog\\\/?s={search_term_string}\"},\"query-input\":{\"@type\":\"PropertyValueSpecification\",\"valueRequired\":true,\"valueName\":\"search_term_string\"}}],\"inLanguage\":\"pt-BR\"},{\"@type\":\"Organization\",\"@id\":\"https:\\\/\\\/www.grupomedcof.com.br\\\/blog\\\/#organization\",\"name\":\"Grupo MedCof\",\"url\":\"https:\\\/\\\/www.grupomedcof.com.br\\\/blog\\\/\",\"logo\":{\"@type\":\"ImageObject\",\"inLanguage\":\"pt-BR\",\"@id\":\"https:\\\/\\\/www.grupomedcof.com.br\\\/blog\\\/#\\\/schema\\\/logo\\\/image\\\/\",\"url\":\"https:\\\/\\\/www.grupomedcof.com.br\\\/blog\\\/wp-content\\\/uploads\\\/2022\\\/01\\\/logo-medcof.png\",\"contentUrl\":\"https:\\\/\\\/www.grupomedcof.com.br\\\/blog\\\/wp-content\\\/uploads\\\/2022\\\/01\\\/logo-medcof.png\",\"width\":768,\"height\":269,\"caption\":\"Grupo MedCof\"},\"image\":{\"@id\":\"https:\\\/\\\/www.grupomedcof.com.br\\\/blog\\\/#\\\/schema\\\/logo\\\/image\\\/\"},\"sameAs\":[\"https:\\\/\\\/www.facebook.com\\\/MedCofQbank\\\/\",\"https:\\\/\\\/www.instagram.com\\\/grupomedcof\\\/\",\"https:\\\/\\\/br.linkedin.com\\\/company\\\/medcof\",\"https:\\\/\\\/www.youtube.com\\\/channel\\\/UCdHMuOHKICxcHwecxN8P-AA\"]},{\"@type\":\"Person\",\"@id\":\"https:\\\/\\\/www.grupomedcof.com.br\\\/blog\\\/#\\\/schema\\\/person\\\/5e56a3921255c01181f3d8c20d53f9c0\",\"name\":\"Grupo MedCof\",\"image\":{\"@type\":\"ImageObject\",\"inLanguage\":\"pt-BR\",\"@id\":\"https:\\\/\\\/www.grupomedcof.com.br\\\/blog\\\/wp-content\\\/uploads\\\/2023\\\/04\\\/cropped-cropped-cropped-cropped-logo-96x96.png28585d174f19c23095510da5f63bc127\",\"url\":\"https:\\\/\\\/www.grupomedcof.com.br\\\/blog\\\/wp-content\\\/uploads\\\/2023\\\/04\\\/cropped-cropped-cropped-cropped-logo-96x96.png\",\"contentUrl\":\"https:\\\/\\\/www.grupomedcof.com.br\\\/blog\\\/wp-content\\\/uploads\\\/2023\\\/04\\\/cropped-cropped-cropped-cropped-logo-96x96.png\",\"caption\":\"Grupo MedCof\"},\"description\":\"Tendo aulas baseadas em quest\u00f5es, + de 115 subespecialistas dispon\u00edveis e uma metodologia \u00fanica, voc\u00ea pode se juntar ao nosso time que conta com mais de 10 mil ...\",\"url\":\"https:\\\/\\\/www.grupomedcof.com.br\\\/blog\\\/author\\\/grupo-medcof\\\/\"}]}<\/script>\n<!-- \/ Yoast SEO Premium plugin. -->","yoast_head_json":{"title":"Asfixia perinatal: Entenda as causa, cuidados e complica\u00e7\u00f5es - Blog de Medcof: conte\u00fados, editais, revalida e mais!","description":"A asfixia perinatal \u00e9 caracterizada pela insufici\u00eancia de oxigena\u00e7\u00e3o num rec\u00e9m-nascido, durante ou ap\u00f3s o parto.","robots":{"index":"index","follow":"follow","max-snippet":"max-snippet:-1","max-image-preview":"max-image-preview:large","max-video-preview":"max-video-preview:-1"},"canonical":"https:\/\/www.grupomedcof.com.br\/blog\/asfixia-perinatal-entenda-as-causa-cuidados-e-complicacoes\/","og_locale":"pt_BR","og_type":"article","og_title":"Asfixia perinatal: Entenda as causa, cuidados e complica\u00e7\u00f5es","og_description":"A asfixia perinatal \u00e9 caracterizada pela insufici\u00eancia de oxigena\u00e7\u00e3o num rec\u00e9m-nascido, durante ou ap\u00f3s o parto.","og_url":"https:\/\/www.grupomedcof.com.br\/blog\/asfixia-perinatal-entenda-as-causa-cuidados-e-complicacoes\/","og_site_name":"Blog de Medcof: conte\u00fados, editais, revalida e mais!","article_publisher":"https:\/\/www.facebook.com\/MedCofQbank\/","article_published_time":"2024-04-11T17:13:09+00:00","og_image":[{"width":1920,"height":1080,"url":"https:\/\/www.grupomedcof.com.br\/blog\/wp-content\/uploads\/2024\/04\/Blog-MedCof-65.png","type":"image\/png"}],"author":"Grupo MedCof","twitter_card":"summary_large_image","twitter_misc":{"Escrito por":"Grupo MedCof","Est. tempo de leitura":"4 minutos"},"schema":{"@context":"https:\/\/schema.org","@graph":[{"@type":"Article","@id":"https:\/\/www.grupomedcof.com.br\/blog\/asfixia-perinatal-entenda-as-causa-cuidados-e-complicacoes\/#article","isPartOf":{"@id":"https:\/\/www.grupomedcof.com.br\/blog\/asfixia-perinatal-entenda-as-causa-cuidados-e-complicacoes\/"},"author":{"name":"Grupo MedCof","@id":"https:\/\/www.grupomedcof.com.br\/blog\/#\/schema\/person\/5e56a3921255c01181f3d8c20d53f9c0"},"headline":"Asfixia perinatal: Entenda as causa, cuidados e complica\u00e7\u00f5es","datePublished":"2024-04-11T17:13:09+00:00","mainEntityOfPage":{"@id":"https:\/\/www.grupomedcof.com.br\/blog\/asfixia-perinatal-entenda-as-causa-cuidados-e-complicacoes\/"},"wordCount":719,"commentCount":0,"publisher":{"@id":"https:\/\/www.grupomedcof.com.br\/blog\/#organization"},"image":{"@id":"https:\/\/www.grupomedcof.com.br\/blog\/asfixia-perinatal-entenda-as-causa-cuidados-e-complicacoes\/#primaryimage"},"thumbnailUrl":"https:\/\/www.grupomedcof.com.br\/blog\/wp-content\/uploads\/2024\/04\/Blog-MedCof-65.png","articleSection":["Pediatria"],"inLanguage":"pt-BR"},{"@type":"WebPage","@id":"https:\/\/www.grupomedcof.com.br\/blog\/asfixia-perinatal-entenda-as-causa-cuidados-e-complicacoes\/","url":"https:\/\/www.grupomedcof.com.br\/blog\/asfixia-perinatal-entenda-as-causa-cuidados-e-complicacoes\/","name":"Asfixia perinatal: Entenda as causa, cuidados e complica\u00e7\u00f5es - Blog de Medcof: conte\u00fados, editais, revalida e mais!","isPartOf":{"@id":"https:\/\/www.grupomedcof.com.br\/blog\/#website"},"primaryImageOfPage":{"@id":"https:\/\/www.grupomedcof.com.br\/blog\/asfixia-perinatal-entenda-as-causa-cuidados-e-complicacoes\/#primaryimage"},"image":{"@id":"https:\/\/www.grupomedcof.com.br\/blog\/asfixia-perinatal-entenda-as-causa-cuidados-e-complicacoes\/#primaryimage"},"thumbnailUrl":"https:\/\/www.grupomedcof.com.br\/blog\/wp-content\/uploads\/2024\/04\/Blog-MedCof-65.png","datePublished":"2024-04-11T17:13:09+00:00","description":"A asfixia perinatal \u00e9 caracterizada pela insufici\u00eancia de oxigena\u00e7\u00e3o num rec\u00e9m-nascido, durante ou ap\u00f3s o parto.","breadcrumb":{"@id":"https:\/\/www.grupomedcof.com.br\/blog\/asfixia-perinatal-entenda-as-causa-cuidados-e-complicacoes\/#breadcrumb"},"inLanguage":"pt-BR","potentialAction":[{"@type":"ReadAction","target":["https:\/\/www.grupomedcof.com.br\/blog\/asfixia-perinatal-entenda-as-causa-cuidados-e-complicacoes\/"]}]},{"@type":"ImageObject","inLanguage":"pt-BR","@id":"https:\/\/www.grupomedcof.com.br\/blog\/asfixia-perinatal-entenda-as-causa-cuidados-e-complicacoes\/#primaryimage","url":"https:\/\/www.grupomedcof.com.br\/blog\/wp-content\/uploads\/2024\/04\/Blog-MedCof-65.png","contentUrl":"https:\/\/www.grupomedcof.com.br\/blog\/wp-content\/uploads\/2024\/04\/Blog-MedCof-65.png","width":1920,"height":1080,"caption":"A asfixia perinatal \u00e9 caracterizada pela insufici\u00eancia de oxigena\u00e7\u00e3o num rec\u00e9m-nascido, durante ou ap\u00f3s o parto."},{"@type":"BreadcrumbList","@id":"https:\/\/www.grupomedcof.com.br\/blog\/asfixia-perinatal-entenda-as-causa-cuidados-e-complicacoes\/#breadcrumb","itemListElement":[{"@type":"ListItem","position":1,"name":"In\u00edcio","item":"https:\/\/www.grupomedcof.com.br\/blog\/"},{"@type":"ListItem","position":2,"name":"Asfixia perinatal: Entenda as causa, cuidados e complica\u00e7\u00f5es"}]},{"@type":"WebSite","@id":"https:\/\/www.grupomedcof.com.br\/blog\/#website","url":"https:\/\/www.grupomedcof.com.br\/blog\/","name":"Blog de Medcof: conte\u00fados, editais, revalida e mais!","description":"Acesso o blog de MedCof! Seu portal de conte\u00fados sobre resid\u00eancia m\u00e9dica, an\u00e1lise e editais e muito mais. Clique e confira!","publisher":{"@id":"https:\/\/www.grupomedcof.com.br\/blog\/#organization"},"alternateName":"Blog de Medcof: conte\u00fados, editais, revalida e mais!","potentialAction":[{"@type":"SearchAction","target":{"@type":"EntryPoint","urlTemplate":"https:\/\/www.grupomedcof.com.br\/blog\/?s={search_term_string}"},"query-input":{"@type":"PropertyValueSpecification","valueRequired":true,"valueName":"search_term_string"}}],"inLanguage":"pt-BR"},{"@type":"Organization","@id":"https:\/\/www.grupomedcof.com.br\/blog\/#organization","name":"Grupo MedCof","url":"https:\/\/www.grupomedcof.com.br\/blog\/","logo":{"@type":"ImageObject","inLanguage":"pt-BR","@id":"https:\/\/www.grupomedcof.com.br\/blog\/#\/schema\/logo\/image\/","url":"https:\/\/www.grupomedcof.com.br\/blog\/wp-content\/uploads\/2022\/01\/logo-medcof.png","contentUrl":"https:\/\/www.grupomedcof.com.br\/blog\/wp-content\/uploads\/2022\/01\/logo-medcof.png","width":768,"height":269,"caption":"Grupo MedCof"},"image":{"@id":"https:\/\/www.grupomedcof.com.br\/blog\/#\/schema\/logo\/image\/"},"sameAs":["https:\/\/www.facebook.com\/MedCofQbank\/","https:\/\/www.instagram.com\/grupomedcof\/","https:\/\/br.linkedin.com\/company\/medcof","https:\/\/www.youtube.com\/channel\/UCdHMuOHKICxcHwecxN8P-AA"]},{"@type":"Person","@id":"https:\/\/www.grupomedcof.com.br\/blog\/#\/schema\/person\/5e56a3921255c01181f3d8c20d53f9c0","name":"Grupo MedCof","image":{"@type":"ImageObject","inLanguage":"pt-BR","@id":"https:\/\/www.grupomedcof.com.br\/blog\/wp-content\/uploads\/2023\/04\/cropped-cropped-cropped-cropped-logo-96x96.png28585d174f19c23095510da5f63bc127","url":"https:\/\/www.grupomedcof.com.br\/blog\/wp-content\/uploads\/2023\/04\/cropped-cropped-cropped-cropped-logo-96x96.png","contentUrl":"https:\/\/www.grupomedcof.com.br\/blog\/wp-content\/uploads\/2023\/04\/cropped-cropped-cropped-cropped-logo-96x96.png","caption":"Grupo MedCof"},"description":"Tendo aulas baseadas em quest\u00f5es, + de 115 subespecialistas dispon\u00edveis e uma metodologia \u00fanica, voc\u00ea pode se juntar ao nosso time que conta com mais de 10 mil ...","url":"https:\/\/www.grupomedcof.com.br\/blog\/author\/grupo-medcof\/"}]}},"authors":[{"term_id":3613,"user_id":10,"is_guest":0,"slug":"grupo-medcof","display_name":"Grupo MedCof","avatar_url":"https:\/\/www.grupomedcof.com.br\/blog\/wp-content\/uploads\/2023\/04\/cropped-cropped-cropped-cropped-logo-96x96.png","0":null,"1":"","2":"","3":"","4":"","5":"","6":"","7":"","8":""}],"_links":{"self":[{"href":"https:\/\/www.grupomedcof.com.br\/blog\/wp-json\/wp\/v2\/posts\/23880","targetHints":{"allow":["GET"]}}],"collection":[{"href":"https:\/\/www.grupomedcof.com.br\/blog\/wp-json\/wp\/v2\/posts"}],"about":[{"href":"https:\/\/www.grupomedcof.com.br\/blog\/wp-json\/wp\/v2\/types\/post"}],"author":[{"embeddable":true,"href":"https:\/\/www.grupomedcof.com.br\/blog\/wp-json\/wp\/v2\/users\/10"}],"replies":[{"embeddable":true,"href":"https:\/\/www.grupomedcof.com.br\/blog\/wp-json\/wp\/v2\/comments?post=23880"}],"version-history":[{"count":0,"href":"https:\/\/www.grupomedcof.com.br\/blog\/wp-json\/wp\/v2\/posts\/23880\/revisions"}],"wp:featuredmedia":[{"embeddable":true,"href":"https:\/\/www.grupomedcof.com.br\/blog\/wp-json\/wp\/v2\/media\/23899"}],"wp:attachment":[{"href":"https:\/\/www.grupomedcof.com.br\/blog\/wp-json\/wp\/v2\/media?parent=23880"}],"wp:term":[{"taxonomy":"category","embeddable":true,"href":"https:\/\/www.grupomedcof.com.br\/blog\/wp-json\/wp\/v2\/categories?post=23880"},{"taxonomy":"post_tag","embeddable":true,"href":"https:\/\/www.grupomedcof.com.br\/blog\/wp-json\/wp\/v2\/tags?post=23880"},{"taxonomy":"author","embeddable":true,"href":"https:\/\/www.grupomedcof.com.br\/blog\/wp-json\/wp\/v2\/ppma_author?post=23880"}],"curies":[{"name":"wp","href":"https:\/\/api.w.org\/{rel}","templated":true}]}}