{"id":23894,"date":"2026-01-22T11:51:47","date_gmt":"2026-01-22T14:51:47","guid":{"rendered":"https:\/\/www.grupomedcof.com.br\/blog\/?p=23894"},"modified":"2026-04-27T16:40:16","modified_gmt":"2026-04-27T19:40:16","slug":"o-que-e-enare","status":"publish","type":"post","link":"https:\/\/www.grupomedcof.com.br\/blog\/o-que-e-enare\/","title":{"rendered":"O que \u00e9 Enare: saiba como funciona e como a nota \u00e9 utilizada na sele\u00e7\u00e3o!"},"content":{"rendered":"<div id=\"ez-toc-container\" class=\"ez-toc-v2_0_74 counter-hierarchy ez-toc-counter ez-toc-transparent ez-toc-container-direction\">\n<div class=\"ez-toc-title-container\">\n<p class=\"ez-toc-title\" style=\"cursor:inherit\">Sum\u00e1rio<\/p>\n<span class=\"ez-toc-title-toggle\"><a href=\"#\" class=\"ez-toc-pull-right ez-toc-btn ez-toc-btn-xs ez-toc-btn-default ez-toc-toggle\" aria-label=\"Alternar tabela de conte\u00fado\"><span class=\"ez-toc-js-icon-con\"><span class=\"\"><span class=\"eztoc-hide\" style=\"display:none;\">Toggle<\/span><span class=\"ez-toc-icon-toggle-span\"><svg style=\"fill: #999;color:#999\" xmlns=\"http:\/\/www.w3.org\/2000\/svg\" class=\"list-377408\" width=\"20px\" height=\"20px\" viewBox=\"0 0 24 24\" fill=\"none\"><path d=\"M6 6H4v2h2V6zm14 0H8v2h12V6zM4 11h2v2H4v-2zm16 0H8v2h12v-2zM4 16h2v2H4v-2zm16 0H8v2h12v-2z\" fill=\"currentColor\"><\/path><\/svg><svg style=\"fill: #999;color:#999\" class=\"arrow-unsorted-368013\" xmlns=\"http:\/\/www.w3.org\/2000\/svg\" width=\"10px\" height=\"10px\" viewBox=\"0 0 24 24\" version=\"1.2\" baseProfile=\"tiny\"><path d=\"M18.2 9.3l-6.2-6.3-6.2 6.3c-.2.2-.3.4-.3.7s.1.5.3.7c.2.2.4.3.7.3h11c.3 0 .5-.1.7-.3.2-.2.3-.5.3-.7s-.1-.5-.3-.7zM5.8 14.7l6.2 6.3 6.2-6.3c.2-.2.3-.5.3-.7s-.1-.5-.3-.7c-.2-.2-.4-.3-.7-.3h-11c-.3 0-.5.1-.7.3-.2.2-.3.5-.3.7s.1.5.3.7z\"\/><\/svg><\/span><\/span><\/span><\/a><\/span><\/div>\n<nav><ul class='ez-toc-list ez-toc-list-level-1 ' ><li class='ez-toc-page-1 ez-toc-heading-level-2'><a class=\"ez-toc-link ez-toc-heading-1\" href=\"https:\/\/www.grupomedcof.com.br\/blog\/o-que-e-enare\/#O_que_e_Enare\" >O que \u00e9 Enare?<\/a><\/li><li class='ez-toc-page-1 ez-toc-heading-level-2'><a class=\"ez-toc-link ez-toc-heading-2\" href=\"https:\/\/www.grupomedcof.com.br\/blog\/o-que-e-enare\/#O_Enare_e_o_Enamed_sao_a_mesma_coisa\" >O Enare e o Enamed s\u00e3o a mesma coisa?<\/a><\/li><li class='ez-toc-page-1 ez-toc-heading-level-2'><a class=\"ez-toc-link ez-toc-heading-3\" href=\"https:\/\/www.grupomedcof.com.br\/blog\/o-que-e-enare\/#Como_funciona_o_processo_seletivo_do_Enare\" >Como funciona o processo seletivo do Enare?<\/a><ul class='ez-toc-list-level-3' ><li class='ez-toc-heading-level-3'><a class=\"ez-toc-link ez-toc-heading-4\" href=\"https:\/\/www.grupomedcof.com.br\/blog\/o-que-e-enare\/#Prova_objetiva\" >Prova objetiva<\/a><\/li><li class='ez-toc-page-1 ez-toc-heading-level-3'><a class=\"ez-toc-link ez-toc-heading-5\" href=\"https:\/\/www.grupomedcof.com.br\/blog\/o-que-e-enare\/#Analise_de_curriculo\" >An\u00e1lise de curr\u00edculo<\/a><\/li><\/ul><\/li><li class='ez-toc-page-1 ez-toc-heading-level-2'><a class=\"ez-toc-link ez-toc-heading-6\" href=\"https:\/\/www.grupomedcof.com.br\/blog\/o-que-e-enare\/#O_que_e_o_Enare_para_acesso_direto_e_pre-requisito\" >O que \u00e9 o Enare para acesso direto e pr\u00e9-requisito?&nbsp;<\/a><ul class='ez-toc-list-level-3' ><li class='ez-toc-heading-level-3'><a class=\"ez-toc-link ez-toc-heading-7\" href=\"https:\/\/www.grupomedcof.com.br\/blog\/o-que-e-enare\/#Como_se_inscrever_para_o_Enare\" >Como se inscrever para o Enare?<\/a><\/li><\/ul><\/li><li class='ez-toc-page-1 ez-toc-heading-level-2'><a class=\"ez-toc-link ez-toc-heading-8\" href=\"https:\/\/www.grupomedcof.com.br\/blog\/o-que-e-enare\/#Quem_pode_participar_do_Enare\" >Quem pode participar do Enare?&nbsp;<\/a><\/li><li class='ez-toc-page-1 ez-toc-heading-level-2'><a class=\"ez-toc-link ez-toc-heading-9\" href=\"https:\/\/www.grupomedcof.com.br\/blog\/o-que-e-enare\/#Resultado\" >Resultado<\/a><\/li><li class='ez-toc-page-1 ez-toc-heading-level-2'><a class=\"ez-toc-link ez-toc-heading-10\" href=\"https:\/\/www.grupomedcof.com.br\/blog\/o-que-e-enare\/#Escolha_de_vagas_ENARE_20252026\" >Escolha de vagas ENARE 2025\/2026<\/a><ul class='ez-toc-list-level-3' ><li class='ez-toc-heading-level-3'><a class=\"ez-toc-link ez-toc-heading-11\" href=\"https:\/\/www.grupomedcof.com.br\/blog\/o-que-e-enare\/#Bonificacoes_e_desempates\" >Bonifica\u00e7\u00f5es e desempates<\/a><\/li><li class='ez-toc-page-1 ez-toc-heading-level-3'><a class=\"ez-toc-link ez-toc-heading-12\" href=\"https:\/\/www.grupomedcof.com.br\/blog\/o-que-e-enare\/#Convocacao_para_envio_da_certidao_de_nascimento\" >Convoca\u00e7\u00e3o para envio da certid\u00e3o de nascimento<\/a><\/li><\/ul><\/li><li class='ez-toc-page-1 ez-toc-heading-level-2'><a class=\"ez-toc-link ez-toc-heading-13\" href=\"https:\/\/www.grupomedcof.com.br\/blog\/o-que-e-enare\/#Passo_a_passo_da_escolha_da_instituicaovaga\" >Passo a passo da escolha da institui\u00e7\u00e3o\/vaga<\/a><ul class='ez-toc-list-level-3' ><li class='ez-toc-heading-level-3'><a class=\"ez-toc-link ez-toc-heading-14\" href=\"https:\/\/www.grupomedcof.com.br\/blog\/o-que-e-enare\/#1o_passo_escolha_da_especialidade\" >1\u00ba passo: escolha da especialidade<\/a><\/li><li class='ez-toc-page-1 ez-toc-heading-level-3'><a class=\"ez-toc-link ez-toc-heading-15\" href=\"https:\/\/www.grupomedcof.com.br\/blog\/o-que-e-enare\/#2o_passo_definicao_da_nota_final\" >2\u00ba passo: defini\u00e7\u00e3o da nota final<\/a><\/li><li class='ez-toc-page-1 ez-toc-heading-level-3'><a class=\"ez-toc-link ez-toc-heading-16\" href=\"https:\/\/www.grupomedcof.com.br\/blog\/o-que-e-enare\/#3o_passo_1a_oportunidade_de_escolha_da_instituicao\" >3\u00ba passo: 1\u00aa oportunidade de escolha da institui\u00e7\u00e3o&nbsp;<\/a><\/li><li class='ez-toc-page-1 ez-toc-heading-level-3'><a class=\"ez-toc-link ez-toc-heading-17\" href=\"https:\/\/www.grupomedcof.com.br\/blog\/o-que-e-enare\/#4o_passo_2a_oportunidade_de_escolha_da_instituicao\" >4\u00ba passo: 2\u00aa oportunidade de escolha da institui\u00e7\u00e3o<\/a><\/li><li class='ez-toc-page-1 ez-toc-heading-level-3'><a class=\"ez-toc-link ez-toc-heading-18\" href=\"https:\/\/www.grupomedcof.com.br\/blog\/o-que-e-enare\/#5o_passo_3a_oportunidade_de_escolha_da_instituicao\" >5\u00ba passo: 3\u00aa oportunidade de escolha da institui\u00e7\u00e3o<\/a><\/li><\/ul><\/li><li class='ez-toc-page-1 ez-toc-heading-level-2'><a class=\"ez-toc-link ez-toc-heading-19\" href=\"https:\/\/www.grupomedcof.com.br\/blog\/o-que-e-enare\/#O_que_e_a_Lista_de_Espera_Nacional\" >O que \u00e9 a Lista de Espera Nacional?<\/a><\/li><li class='ez-toc-page-1 ez-toc-heading-level-2'><a class=\"ez-toc-link ez-toc-heading-20\" href=\"https:\/\/www.grupomedcof.com.br\/blog\/o-que-e-enare\/#Cadastro_de_reserva_ENARE\" >Cadastro de reserva ENARE<\/a><\/li><li class='ez-toc-page-1 ez-toc-heading-level-2'><a class=\"ez-toc-link ez-toc-heading-21\" href=\"https:\/\/www.grupomedcof.com.br\/blog\/o-que-e-enare\/#Reserva_de_vagas_para_acoes_afirmativas\" >Reserva de vagas para a\u00e7\u00f5es afirmativas<\/a><\/li><li class='ez-toc-page-1 ez-toc-heading-level-2'><a class=\"ez-toc-link ez-toc-heading-22\" href=\"https:\/\/www.grupomedcof.com.br\/blog\/o-que-e-enare\/#Quais_hospitais_e_instituicoes_participam_do_Enare\" >Quais hospitais e institui\u00e7\u00f5es participam do Enare<\/a><\/li><li class='ez-toc-page-1 ez-toc-heading-level-2'><a class=\"ez-toc-link ez-toc-heading-23\" href=\"https:\/\/www.grupomedcof.com.br\/blog\/o-que-e-enare\/#Data_da_prova\" >Data da prova<\/a><\/li><li class='ez-toc-page-1 ez-toc-heading-level-2'><a class=\"ez-toc-link ez-toc-heading-24\" href=\"https:\/\/www.grupomedcof.com.br\/blog\/o-que-e-enare\/#Como_se_preparar_para_o_Enare\" >Como se preparar para o Enare?<\/a><\/li><li class='ez-toc-page-1 ez-toc-heading-level-2'><a class=\"ez-toc-link ez-toc-heading-25\" href=\"https:\/\/www.grupomedcof.com.br\/blog\/o-que-e-enare\/#EBSERH_agora_e_HU_Brasil\" >EBSERH agora \u00e9 HU Brasil<\/a><\/li><li class='ez-toc-page-1 ez-toc-heading-level-2'><a class=\"ez-toc-link ez-toc-heading-26\" href=\"https:\/\/www.grupomedcof.com.br\/blog\/o-que-e-enare\/#Seja_aprovado_no_ENARE_20252026_com_a_MedCof\" >Seja aprovado no ENARE 2025\/2026 com a MedCof!<\/a><\/li><\/ul><\/nav><\/div>\n\n<figure class=\"wp-block-image size-large\"><img loading=\"lazy\" decoding=\"async\" width=\"1024\" height=\"576\" src=\"https:\/\/www.grupomedcof.com.br\/blog\/wp-content\/uploads\/2023\/08\/Blog-MedCof-2023-08-10T140854.234-1024x576.png\" alt=\"enare data da prova, enare 2024, enare inscricao, enare, enare 2023, enare ebserh, enare edital, como funciona o enare, enare inscri\u00e7\u00e3o, enare inscri\u00e7\u00f5es,\" class=\"wp-image-10226\" srcset=\"https:\/\/www.grupomedcof.com.br\/blog\/wp-content\/uploads\/2023\/08\/Blog-MedCof-2023-08-10T140854.234-1024x576.png 1024w, https:\/\/www.grupomedcof.com.br\/blog\/wp-content\/uploads\/2023\/08\/Blog-MedCof-2023-08-10T140854.234-300x169.png 300w, https:\/\/www.grupomedcof.com.br\/blog\/wp-content\/uploads\/2023\/08\/Blog-MedCof-2023-08-10T140854.234-768x432.png 768w, https:\/\/www.grupomedcof.com.br\/blog\/wp-content\/uploads\/2023\/08\/Blog-MedCof-2023-08-10T140854.234-1536x864.png 1536w, https:\/\/www.grupomedcof.com.br\/blog\/wp-content\/uploads\/2023\/08\/Blog-MedCof-2023-08-10T140854.234-2048x1152.png 2048w\" sizes=\"auto, (max-width: 1024px) 100vw, 1024px\" \/><\/figure>\n\n\n\n<p><span style=\"font-weight: 400;\">Voc\u00ea sabia que o <strong>Exame Nacional de Resid\u00eancia, o ENARE<\/strong>, \u00e9 conhecido como o Enem da medicina? Al\u00e9m disso, esse processo seletivo \u00e9 um dos mais concorridos no Brasil! Saiba mais sobre o Enare neste post e fique por dentro das informa\u00e7\u00f5es.<\/span><\/p>\n\n\n\n<h2 class=\"wp-block-heading\" id=\"h-o-que-e-enare\"><span class=\"ez-toc-section\" id=\"O_que_e_Enare\"><\/span><strong>O que \u00e9 Enare?<\/strong><span class=\"ez-toc-section-end\"><\/span><\/h2>\n\n\n\n<p>O ENARE (Exame Nacional de Resid\u00eancia) consiste em um processo seletivo unificado para ingresso em programas de resid\u00eancia m\u00e9dica, em modalidades multi e uniprofissionais. Ele possui um sistema semelhante ao Exame Nacional do Ensino M\u00e9dio (ENEM), unificando diversas institui\u00e7\u00f5es a um mesmo processo seletivo.&nbsp;<\/p>\n\n\n\n<p>Assim, seu funcionamento permite que os candidatos realizem a prova em diversas localidades do pa\u00eds, podendo se candidatar \u00e0s vagas de acordo com sua prefer\u00eancia.<\/p>\n\n\n\n<h2 class=\"wp-block-heading\" id=\"h-o-enare-e-o-enamed-sao-a-mesma-coisa\"><span class=\"ez-toc-section\" id=\"O_Enare_e_o_Enamed_sao_a_mesma_coisa\"><\/span><strong>O Enare e o Enamed s\u00e3o a mesma coisa?<\/strong><span class=\"ez-toc-section-end\"><\/span><\/h2>\n\n\n\n<p>Embora possam atuar em conjunto, o <strong>Enare e o Enamed n\u00e3o s\u00e3o a mesma coisa<\/strong>. O <strong>Enamed<\/strong> \u00e9 um novo<strong> Exame Nacional de Avalia\u00e7\u00e3o da Forma\u00e7\u00e3o M\u00e9dica <\/strong>que unifica a prova objetiva do <strong>Enare para Acesso Direto e o Enade para avaliar os cursos de medicina. <\/strong>Por outro lado, o <strong>Enare<\/strong> continua existindo para programas de resid\u00eancia com <strong>pr\u00e9-requisito.&nbsp;<\/strong><\/p>\n\n\n\n<h2 class=\"wp-block-heading\" id=\"h-como-funciona-o-processo-seletivo-do-enare\"><span class=\"ez-toc-section\" id=\"Como_funciona_o_processo_seletivo_do_Enare\"><\/span><strong>Como funciona o processo seletivo do Enare?<\/strong><span class=\"ez-toc-section-end\"><\/span><\/h2>\n\n\n\n<p>O processo seletivo do ENARE \u00e9 composto exclusivamente por uma prova objetiva. Nas edi\u00e7\u00f5es anteriores, havia tamb\u00e9m an\u00e1lise curricular, mas esse <strong>crit\u00e9rio foi eliminado<\/strong> nas edi\u00e7\u00f5es seguintes.<\/p>\n\n\n\n<p>A seguir, detalhamos cada etapa desse processo:&nbsp;<\/p>\n\n\n\n<h3 class=\"wp-block-heading\" id=\"h-prova-objetiva\"><span class=\"ez-toc-section\" id=\"Prova_objetiva\"><\/span><strong>Prova objetiva<\/strong><span class=\"ez-toc-section-end\"><\/span><\/h3>\n\n\n\n<p>A prova objetiva aconteceu no dia <strong>19 de outubro de 2025<\/strong>, foi composta por 100 quest\u00f5es de m\u00faltipla escolha, na qual cada quest\u00e3o equivale a 1,0 ponto, para as especialidades de <strong>acesso direto.<\/strong> A nota obtida na prova objetiva valer\u00e1 100% da nota final do candidato.&nbsp;<\/p>\n\n\n\n<h3 class=\"wp-block-heading\" id=\"h-analise-de-curriculo\"><span class=\"ez-toc-section\" id=\"Analise_de_curriculo\"><\/span><strong>An\u00e1lise de curr\u00edculo<\/strong><span class=\"ez-toc-section-end\"><\/span><\/h3>\n\n\n\n<p>Na \u00faltima edi\u00e7\u00e3o, o processo seletivo para resid\u00eancia m\u00e9dica do Enare foi marcado por <a href=\"https:\/\/www.grupomedcof.com.br\/blog\/enare-2025-cfm-se-pronuncia-sobre-erros-na-analise-curricular\/\">problemas na corre\u00e7\u00e3o e divulga\u00e7\u00e3o da an\u00e1lise curricular<\/a>. Como resultado, a Ebserh divulgou o <strong>cancelamento da 2\u00aa fase da sele\u00e7\u00e3o<\/strong> a partir de 2025.<\/p>\n\n\n\n<p>O comunicado ocorreu atrav\u00e9s do <a href=\"https:\/\/www.grupomedcof.com.br\/blog\/edital-enare-adesao-instituicoes\/\"><strong>edital de ades\u00e3o das institui\u00e7\u00f5es <\/strong><\/a>para o Enare 2025\/2026, publicado no dia 24 de abril, ap\u00f3s a <strong>reuni\u00e3o do Grupo de Trabalho (GT)<\/strong>, institu\u00eddo para avaliar melhorias do processo seletivo.&nbsp;<\/p>\n\n\n\n<p>Antes do seu cancelamento, era preciso atingir, no m\u00ednimo, 50 pontos na prova objetiva para prosseguir para a segunda etapa. Ela equivalia a 10% da nota final do candidato e consistia no envio do curr\u00edculo para an\u00e1lise. O componente que mais pontuava era o <strong>hist\u00f3rico escolar da gradua\u00e7\u00e3o de medicina<\/strong>, equivalente a 40 pontos.&nbsp;<\/p>\n\n\n\n<p>Confira a seguir alguns outros componentes:<\/p>\n\n\n\n<ul class=\"wp-block-list\">\n<li>Programa ou projeto de extens\u00e3o na \u00e1rea da sa\u00fade: <strong>pontua\u00e7\u00e3o m\u00e1xima de 8,0 pontos;<\/strong><\/li>\n\n\n\n<li>Participa\u00e7\u00e3o em eventos, presta\u00e7\u00e3o de servi\u00e7os, oficinas de extens\u00e3o, cursos de extens\u00e3o e Viv\u00eancias no SUS: <strong>pontua\u00e7\u00e3o m\u00e1xima de 3,0 pontos;<\/strong><\/li>\n\n\n\n<li>Monitoria em componente curricular regulares da gradua\u00e7\u00e3o devidamente cadastrada na Pr\u00f3-reitoria ou Coordena\u00e7\u00e3o de Gradua\u00e7\u00e3o da IES: <strong>pontua\u00e7\u00e3o m\u00e1xima de 9,0 pontos;<\/strong><\/li>\n\n\n\n<li>Trabalhos cient\u00edficos apresentados em Congresso, Semin\u00e1rios, Simp\u00f3sios, F\u00f3runs e Jornada Cient\u00edfica Regional \/ Local: <strong>pontua\u00e7\u00e3o m\u00e1xima de 1,5 pontos;<\/strong><\/li>\n\n\n\n<li>Artigo cient\u00edfico na \u00e1rea da sa\u00fade com registro DOI: <strong>pontua\u00e7\u00e3o m\u00e1xima de 4,5 pontos.<\/strong><\/li>\n<\/ul>\n\n\n\n<h2 class=\"wp-block-heading\" id=\"h-o-que-e-o-enare-para-acesso-direto-e-pre-requisito\"><span class=\"ez-toc-section\" id=\"O_que_e_o_Enare_para_acesso_direto_e_pre-requisito\"><\/span><strong>O que \u00e9 o Enare para acesso direto e pr\u00e9-requisito?&nbsp;<\/strong><span class=\"ez-toc-section-end\"><\/span><\/h2>\n\n\n\n<p>O <strong>Enare para Acesso Direto<\/strong> refere-se \u00e0s <strong>especialidades m\u00e9dicas que n\u00e3o exigem uma forma\u00e7\u00e3o pr\u00e9via espec\u00edfic<\/strong>a, al\u00e9m do curso de gradua\u00e7\u00e3o em Medicina. J\u00e1 o <strong>Enare com pr\u00e9-requisito <\/strong>s\u00e3o as <strong>especialidades que requerem forma\u00e7\u00e3o pr\u00e9via em uma \u00e1rea espec\u00edfica<\/strong>, como Cardiologia que necessita de forma\u00e7\u00e3o em Cl\u00ednica M\u00e9dica.&nbsp;<\/p>\n\n\n\n<p>Desse modo, para os candidatos \u00e0s <a href=\"https:\/\/www.grupomedcof.com.br\/blog\/55-especialidades-medicas\/\"><strong>especialidades de Acesso Direto<\/strong><\/a> no processo seletivo do Enare, o <strong>exame ser\u00e1 exclusivamente do <a href=\"https:\/\/www.grupomedcof.com.br\/blog\/edital-enamed\/\" target=\"_blank\" rel=\"noreferrer noopener\">Enamed<\/a>.<\/strong> Em contrapartida, para as <strong>especialidades com Pr\u00e9-Requisito<\/strong>, ser\u00e1 necess\u00e1rio <strong>realizar a prova do Enare<\/strong>.&nbsp;<\/p>\n\n\n\n<p>Com a <strong>obrigatoriedade do Enamed para avalia\u00e7\u00e3o do desempenho do aluno<\/strong> concluinte da gradua\u00e7\u00e3o de medicina, vale ressaltar que as institui\u00e7\u00f5es n\u00e3o s\u00e3o obrigadas a ofertar as vagas na sele\u00e7\u00e3o do Enare, como \u00e9 o caso da <strong>USP-SP que aderiu ao Enamed e ainda ter\u00e1 seu seletivo pr\u00f3prio.&nbsp;<\/strong><\/p>\n\n\n\n<h3 class=\"wp-block-heading\" id=\"h-como-se-inscrever-para-o-enare\"><span class=\"ez-toc-section\" id=\"Como_se_inscrever_para_o_Enare\"><\/span><strong>Como se inscrever para o Enare?<\/strong><span class=\"ez-toc-section-end\"><\/span><\/h3>\n\n\n\n<p>As inscri\u00e7\u00f5es ocorrem por meio do <strong>site do Enare<\/strong>, exigindo o preenchimento do formul\u00e1rio com informa\u00e7\u00f5es pessoais de parentesco, forma\u00e7\u00e3o, indica\u00e7\u00e3o da participa\u00e7\u00e3o para alguma vaga destinada \u00e0 PcDs, ind\u00edgenas, negros ou direito a bonifica\u00e7\u00e3o na nota do exame.&nbsp;<\/p>\n\n\n\n<p>Al\u00e9m disso, tamb\u00e9m h\u00e1 realiza\u00e7\u00e3o do pagamento da taxa no valor de <strong>R$330,00 <\/strong>ou do pedido de isen\u00e7\u00e3o que, nesta edi\u00e7\u00e3o, ocorreu at\u00e9 o dia 09 de agosto.<\/p>\n\n\n\n<h2 class=\"wp-block-heading\" id=\"h-quem-pode-participar-do-enare\"><span class=\"ez-toc-section\" id=\"Quem_pode_participar_do_Enare\"><\/span><strong><strong>Quem pode participar do Enare?&nbsp;<\/strong><\/strong><span class=\"ez-toc-section-end\"><\/span><\/h2>\n\n\n\n<p>O Exame Nacional de Resid\u00eancia \u00e9 focado em m\u00e9dicos formados ou candidatos que estejam no \u00faltimo semestre da gradua\u00e7\u00e3o de medicina. Al\u00e9m disso, os m\u00e9dicos que participarem do processo seletivo, precisam ter o CRM v\u00e1lido, incluindo tamb\u00e9m aqueles que revalidaram o diploma!<\/p>\n\n\n\n<h2 class=\"wp-block-heading\" id=\"h-resultado\"><span class=\"ez-toc-section\" id=\"Resultado\"><\/span><strong><strong>Resultado<\/strong><\/strong><span class=\"ez-toc-section-end\"><\/span><\/h2>\n\n\n\n<p>De acordo com o <a href=\"https:\/\/www.grupomedcof.com.br\/blog\/edital-enare-publicado\/\" target=\"_blank\" rel=\"noreferrer noopener\">edital divulgado,<\/a> a classifica\u00e7\u00e3o geral dos candidatos e a nota final ser\u00e3o divulgadas por meio do <a href=\"https:\/\/www.gov.br\/ebserh\/pt-br\/ensino-e-pesquisa\/exame-nacional-de-residencia-enare\"><strong>site do ENARE<\/strong><\/a><strong>. <\/strong>A nota foi publicada no dia <strong>21 de janeiro de 2026. <\/strong><\/p>\n\n\n\n<p>Agora com o cancelamento da segunda fase do processo seletivo, o <a href=\"https:\/\/www.grupomedcof.com.br\/blog\/resultado-enare\/\" target=\"_blank\" rel=\"noreferrer noopener\">resultado final<\/a> pode ser divulgado previamente.<\/p>\n\n\n\n<h2 class=\"wp-block-heading\" id=\"h-escolha-de-vagas-enare-2025-2026\"><span class=\"ez-toc-section\" id=\"Escolha_de_vagas_ENARE_20252026\"><\/span><strong>Escolha de vagas ENARE 2025\/2026<\/strong><span class=\"ez-toc-section-end\"><\/span><\/h2>\n\n\n\n<p>A <strong>escolha de vagas do ENARE<\/strong> se assemelha muito com a escolha de vagas do ENEM e SISU, no qual o candidato obt\u00e9m a sua&nbsp;<strong>nota conforme seu desempenho no exame unificado&nbsp;<\/strong>e a <strong>utiliza para escolher<\/strong>, dentre as institui\u00e7\u00f5es participantes, <strong>onde ir\u00e1 realizar a resid\u00eancia m\u00e9dica.<\/strong>&nbsp;Entretanto, deve-se manter a mesma especialidade escolhida no momento da inscri\u00e7\u00e3o.<\/p>\n\n\n\n<p>Desse modo, ap\u00f3s as oportunidades de escolhas de vagas, a Ebserh publica a <strong>1\u00aa, 2\u00aa e 3\u00aa classifica\u00e7\u00e3o por institui\u00e7\u00e3o<\/strong>, respectivamente, em datas diferentes. O sistema de escolha <strong>prioriza<\/strong> <strong>os candidatos inscritos com as melhores notas, determinando quem fica com as vagas<\/strong>.<\/p>\n\n\n\n<h3 class=\"wp-block-heading\" id=\"h-bonificacoes-e-desempates\"><span class=\"ez-toc-section\" id=\"Bonificacoes_e_desempates\"><\/span><strong>Bonifica\u00e7\u00f5es e desempates <\/strong><span class=\"ez-toc-section-end\"><\/span><\/h3>\n\n\n\n<p>Aqueles que comprovarem participa\u00e7\u00e3o em programas como o Provab ou terem conclu\u00eddo resid\u00eancia em Medicina de Fam\u00edlia e Comunidade previamente, ter\u00e3o direito bonifica\u00e7\u00e3o conforme indicado no edital.<\/p>\n\n\n\n<p>Al\u00e9m disso, conforme <a href=\"https:\/\/www.grupomedcof.com.br\/blog\/wp-content\/uploads\/2026\/01\/Comunicado-Desempate-ENARE-2026.pdf\" target=\"_blank\" rel=\"noreferrer noopener\">comunicado publicado<\/a> no dia 09 de janeiro de 2026, ser\u00e3o considerados os seguintes <strong>crit\u00e9rios de desempate:<\/strong><\/p>\n\n\n\n<ul class=\"wp-block-list\">\n<li><strong>Tiver maior idade<\/strong>, entre os candidatos com&nbsp;<strong>60 anos ou mais<\/strong>, at\u00e9 a data de publica\u00e7\u00e3o do resultado, conforme o Estatuto do Idoso (Lei n\u00ba 10.741\/2003);<\/li>\n\n\n\n<li><strong>Persistindo o empate<\/strong>, o candidato com&nbsp;<strong>maior idade<\/strong>, considerando dia, m\u00eas, ano e, se necess\u00e1rio, hora e minuto do nascimento;<\/li>\n\n\n\n<li><strong>Em \u00faltimo caso<\/strong>, ser\u00e1 realizado&nbsp;<strong>sorteio p\u00fablico<\/strong>, com registro em ata e ampla divulga\u00e7\u00e3o.<\/li>\n<\/ul>\n\n\n\n<h3 class=\"wp-block-heading\" id=\"h-convocacao-para-envio-da-certidao-de-nascimento\"><span class=\"ez-toc-section\" id=\"Convocacao_para_envio_da_certidao_de_nascimento\"><\/span><strong>Convoca\u00e7\u00e3o para envio da certid\u00e3o de nascimento<\/strong><span class=\"ez-toc-section-end\"><\/span><\/h3>\n\n\n\n<p>O comunicado tamb\u00e9m convocou os participantes aprovados para enviarem seus documentos no per\u00edodo das <strong>16h do dia 9 de janeiro de 2026<\/strong>&nbsp;at\u00e9 as&nbsp;<strong>23h59 do dia 14 de janeiro de 2026<\/strong>, atrav\u00e9s do <a href=\"https:\/\/enare-inscricao.conhecimento.fgv.br\/\" target=\"_blank\" rel=\"noreferrer noopener\">link espec\u00edfico disponibilizado na \u00e1rea do candidato.<\/a><\/p>\n\n\n\n<p>O candidato precisou informar&nbsp;<strong>dia, m\u00eas, ano, hora e minuto de nascimento<\/strong>, sendo de sua responsabilidade garantir que os dados coincidam com os registrados na certid\u00e3o.&nbsp;<strong>Inconsist\u00eancias podem resultar na elimina\u00e7\u00e3o do candidato do processo seletivo.<\/strong><\/p>\n\n\n\n<p>Caso o candidato&nbsp;<strong>n\u00e3o envie a certid\u00e3o dentro do prazo<\/strong>, ser\u00e1 considerado, para fins de desempate, o&nbsp;<strong>hor\u00e1rio padr\u00e3o de 23h59<\/strong>.<\/p>\n\n\n\n<h2 class=\"wp-block-heading\" id=\"h-passo-a-passo-da-escolha-da-instituicao-vaga\"><span class=\"ez-toc-section\" id=\"Passo_a_passo_da_escolha_da_instituicaovaga\"><\/span><strong>Passo a passo da escolha da institui\u00e7\u00e3o\/vaga<\/strong><span class=\"ez-toc-section-end\"><\/span><\/h2>\n\n\n\n<h3 class=\"wp-block-heading\" id=\"h-1\u00ba-passo-escolha-da-especialidade\"><span class=\"ez-toc-section\" id=\"1o_passo_escolha_da_especialidade\"><\/span><strong>1\u00ba passo: escolha da especialidade<\/strong><span class=\"ez-toc-section-end\"><\/span><\/h3>\n\n\n\n<p>A escolha da especialidade ocorre no momento da inscri\u00e7\u00e3o, per\u00edodo de <strong>07 a 30 de julho de 2025. <\/strong>Para candidatos que se inscreverem mais de uma vez, em especialidades diferentes, o sistema computar\u00e1&nbsp;<strong>somente a \u00faltima inscri\u00e7\u00e3o<\/strong>, ou seja, a princ\u00edpio todos poder\u00e3o concorrer em&nbsp;<strong>apenas uma especialidade<\/strong>.&nbsp;<\/p>\n\n\n\n<h3 class=\"wp-block-heading\" id=\"h-2\u00ba-passo-definicao-da-nota-final\"><span class=\"ez-toc-section\" id=\"2o_passo_definicao_da_nota_final\"><\/span><strong>2\u00ba passo: defini\u00e7\u00e3o da nota final<\/strong><span class=\"ez-toc-section-end\"><\/span><\/h3>\n\n\n\n<p>Nessa edi\u00e7\u00e3o, a nota final ser\u00e1 composta&nbsp;<strong>100% pela Prova Objetiva de M\u00faltipla Escolha<\/strong>, aplicada no dia <strong>19 de outubro de 2025.<\/strong> <\/p>\n\n\n\n<p>A nota final tem previs\u00e3o para divulga\u00e7\u00e3o para o dia <strong>21 de janeiro de 2026<\/strong>, sendo definida exclusivamente pela nota obtida na prova, acrescida da pontua\u00e7\u00e3o adicional prevista em edital.<\/p>\n\n\n\n<p>Os candidatos para os programas de acesso direto que conclu\u00edram um ano de participa\u00e7\u00e3o nas atividades do<strong>&nbsp;PROVAB<\/strong>&nbsp;e comprovaram a situa\u00e7\u00e3o, ganha uma pontua\u00e7\u00e3o adicional de 10% em cima da nota final, al\u00e9m daqueles que conclu\u00edram a programa\u00e7\u00e3o prevista para os dois anos do&nbsp;<strong>Programa de Resid\u00eancia em Medicina Geral de Fam\u00edlia e Comunidade (PRMGFC)<\/strong>.<\/p>\n\n\n\n<h3 class=\"wp-block-heading\" id=\"h-3\u00ba-passo-1\u00aa-oportunidade-de-escolha-da-instituicao\"><span class=\"ez-toc-section\" id=\"3o_passo_1a_oportunidade_de_escolha_da_instituicao\"><\/span><strong>3\u00ba passo: 1\u00aa oportunidade de escolha da institui\u00e7\u00e3o&nbsp;<\/strong><span class=\"ez-toc-section-end\"><\/span><\/h3>\n\n\n\n<p>A <strong>primeira oportunidade de escolha<\/strong> estar\u00e1 dispon\u00edvel entre os dias <strong>22 e 23 de janeiro de 2026<\/strong>, das <strong>14h \u00e0s 23h59<\/strong>, e cada candidato deve&nbsp;<strong>sinalizar a sua op\u00e7\u00e3o<\/strong>. Para escolher a institui\u00e7\u00e3o, \u00e9 necess\u00e1rio buscar, entre as dispon\u00edveis e que oferecem a sua especialidade, alguma com a&nbsp;<strong>nota de corte igual ou inferior a sua nota final&nbsp;<\/strong>do ENARE 2025\/2026.&nbsp;<\/p>\n\n\n\n<p>Vale lembrar que \u00e9 poss\u00edvel escolher<strong>&nbsp;uma \u00fanica institui\u00e7\u00e3o por vez<\/strong>, por\u00e9m, o candidato pode trocar de escolha&nbsp;<strong>diversas vezes por dia&nbsp;<\/strong>no sistema.<\/p>\n\n\n\n<p>A <strong>primeira<\/strong> <strong>classifica\u00e7\u00e3o por institui\u00e7\u00e3o&nbsp;<\/strong>sair\u00e1 no dia&nbsp;<strong>26 de janeiro<\/strong>&nbsp;e privilegiar\u00e1 os&nbsp;<strong>candidatos inscritos com as melhores notas<\/strong>, determinando quem segue para o&nbsp;<strong>processo de matr\u00edcula<\/strong>.<\/p>\n\n\n\n<h3 class=\"wp-block-heading\" id=\"h-4\u00ba-passo-2\u00aa-oportunidade-de-escolha-da-instituicao\"><span class=\"ez-toc-section\" id=\"4o_passo_2a_oportunidade_de_escolha_da_instituicao\"><\/span><strong>4\u00ba passo: 2\u00aa oportunidade de escolha da institui\u00e7\u00e3o<\/strong><span class=\"ez-toc-section-end\"><\/span><\/h3>\n\n\n\n<p id=\"h-4\u00ba-passo-2\u00aa-oportunidade-de-escolha-da-instituicao\">A reabertura da escolha de vagas ocorrer\u00e1 no dia <strong>27 de janeiro<\/strong>, seguindo at\u00e9 o dia seguinte (28) para que as&nbsp;<strong>vagas ociosas<\/strong>&nbsp;sejam preenchidas na&nbsp;<strong>2\u00aa oportunidade&nbsp;<\/strong>de escolha&nbsp;<strong>apenas por candidatos que ficaram de fora da primeira lista<\/strong>. O processo ser\u00e1 igual \u00e0 <strong>1\u00aa oportunidade,<\/strong>&nbsp;por\u00e9m com menos vagas. <\/p>\n\n\n\n<p id=\"h-4\u00ba-passo-2\u00aa-oportunidade-de-escolha-da-instituicao\">O&nbsp;<strong>resultado da 2\u00aa oportunidade&nbsp;<\/strong>ser\u00e1 divulgado no dia&nbsp;<strong>30 de janeiro<\/strong>&nbsp;e, ap\u00f3s isso, os aprovados seguem para o processo de matr\u00edcula.<\/p>\n\n\n\n<h3 class=\"wp-block-heading\" id=\"h-5\u00ba-passo-3\u00aa-oportunidade-de-escolha-da-instituicao\"><span class=\"ez-toc-section\" id=\"5o_passo_3a_oportunidade_de_escolha_da_instituicao\"><\/span><strong>5\u00ba passo: 3\u00aa oportunidade de escolha da institui\u00e7\u00e3o<\/strong><span class=\"ez-toc-section-end\"><\/span><\/h3>\n\n\n\n<p>A <strong>3\u00aa oportunidade ficar\u00e1 dispon\u00edvel entre os dias 02 e 03 de fevereiro de 2026<\/strong>, com o<strong> resultado <\/strong>sendo divulgado no dia <strong>05.<\/strong><\/p>\n\n\n\n<p>Caso o candidato&nbsp;<strong>n\u00e3o seja aprovado na vaga da institui\u00e7\u00e3o que escolheu na terceira oportunidade,<\/strong> ele constar\u00e1 no <strong>cadastro de reserva<\/strong> desta institui\u00e7\u00e3o.<\/p>\n\n\n\n<h2 class=\"wp-block-heading\" id=\"h-o-que-e-a-lista-de-espera-nacional\"><span class=\"ez-toc-section\" id=\"O_que_e_a_Lista_de_Espera_Nacional\"><\/span><strong>O que \u00e9 a Lista de Espera Nacional?<\/strong><span class=\"ez-toc-section-end\"><\/span><\/h2>\n\n\n\n<p>Por fim, caso ocorram <strong>vagas remanescentes<\/strong>&nbsp;decorrentes da <strong>inexist\u00eancia de candidatos interessados, classificados e habilitados no Enare 2025\/2026<\/strong>, mesmo ap\u00f3s tentativa de convoca\u00e7\u00e3o pelo cadastro de reserva,&nbsp;<strong>a institui\u00e7\u00e3o<\/strong>&nbsp;poder\u00e1 utilizar a&nbsp;<strong>Lista de Espera Nacional<\/strong>&nbsp;(tamb\u00e9m chamada de cadastro de reserva nacional), para preenchimento das vagas eventualmente n\u00e3o ocupadas nas chamadas regulares.<\/p>\n\n\n\n<p>A Lista de Espera Nacional \u00e9 <strong>gerada ap\u00f3s as tr\u00eas oportunidades de escolhas<\/strong> que <strong>re\u00fane todos os candidatos ainda n\u00e3o convocados do Enare<\/strong> e <strong>participaram<\/strong> de, no m\u00ednimo, <strong>uma oportunidade de escolha.&nbsp;<\/strong>\u00c9 organizada de&nbsp;<strong>acordo com o programa escolhido no momento da inscri\u00e7\u00e3o e pela nota obtida<\/strong>.<\/p>\n\n\n\n<p>Essa lista s\u00f3 poder\u00e1 ser utilizada pela institui\u00e7\u00e3o <strong>depois de esgotadas todas as tentativas de convoca\u00e7\u00e3o pelo cadastro de reserva da pr\u00f3pria institui\u00e7\u00e3o<\/strong>&nbsp;para aquela especialidade. Sendo assim, a Lista de Espera Nacional s\u00f3 \u00e9 acessada<strong> se ainda houver vagas dispon\u00edveis ap\u00f3s o chamamento dos candidatos inscritos no cadastro de reserva local. <\/strong><\/p>\n\n\n\n<p>Quando acionada, qualquer candidato pode ser chamado e, ao receber o convite, ter\u00e1 duas op\u00e7\u00f5es:<\/p>\n\n\n\n<ul class=\"wp-block-list\">\n<li><strong>Recusar<\/strong>&nbsp;o convite, permanecendo dispon\u00edvel para outras institui\u00e7\u00f5es de todo o Brasil;<\/li>\n\n\n\n<li><strong>Aceitar<\/strong>&nbsp;o convite, garantindo a vaga e deixando a Lista de Espera Nacional.<\/li>\n<\/ul>\n\n\n\n<h2 class=\"wp-block-heading\" id=\"h-cadastro-de-reserva-enare\"><span class=\"ez-toc-section\" id=\"Cadastro_de_reserva_ENARE\"><\/span><strong>Cadastro de reserva ENARE<\/strong><span class=\"ez-toc-section-end\"><\/span><\/h2>\n\n\n\n<p>Neste caso, o candidato pode <strong>aguardar vagas oriundas de desist\u00eancias, por exemplo, apenas daquela institui\u00e7\u00e3o escolhida<\/strong>. Essa op\u00e7\u00e3o ocorre automaticamente caso este n\u00e3o se classifique nas vagas de uma das oportunidade de escolha, sendo a \u00faltima institui\u00e7\u00e3o escolhida registrada no sistema a que constar\u00e1 no cadastro reserva do candidato.<\/p>\n\n\n\n<p>Desse modo, mesmo quem participou apenas da 1\u00aa escolha e n\u00e3o se inscreveu novamente ser\u00e1&nbsp;<strong>automaticamente inclu\u00eddo no cadastro de reserva da \u00faltima institui\u00e7\u00e3o selecionada<\/strong>, al\u00e9m do cadastro de reserva nacional.&nbsp;<\/p>\n\n\n\n<h2 class=\"wp-block-heading\" id=\"h-reserva-de-vagas-para-acoes-afirmativas\"><span class=\"ez-toc-section\" id=\"Reserva_de_vagas_para_acoes_afirmativas\"><\/span><strong>Reserva de vagas para a\u00e7\u00f5es afirmativas<\/strong><span class=\"ez-toc-section-end\"><\/span><\/h2>\n\n\n\n<p>A reserva de vagas para cotas funcionar\u00e1 da seguinte forma:<\/p>\n\n\n\n<ul class=\"wp-block-list\">\n<li><strong>30% das vagas<\/strong>&nbsp;para pretos, pardos, ind\u00edgenas e quilombolas:\n<ul class=\"wp-block-list\">\n<li>25% para pretos e pardos (em programas com 2 ou mais vagas);<\/li>\n\n\n\n<li>3% para ind\u00edgenas (em programas com 2 ou mais vagas);<\/li>\n\n\n\n<li>2% para quilombolas (em programas com 2 ou mais vagas).<\/li>\n<\/ul>\n<\/li>\n\n\n\n<li><strong>10% das vagas<\/strong>&nbsp;para pessoas com defici\u00eancia (PcD), em programas com 5 ou mais vagas.<\/li>\n<\/ul>\n\n\n\n<p>Se n\u00e3o houver candidatos para determinada vaga reservada no momento da escolha da institui\u00e7\u00e3o, ela ser\u00e1 transferida para o pr\u00f3ximo grupo no fim da 1\u00aa oportunidade de escolha na seguinte ordem:<\/p>\n\n\n\n<ol class=\"wp-block-list\">\n<li>Pessoas com defici\u00eancia (PcD);<\/li>\n\n\n\n<li>Candidatos ind\u00edgenas;<\/li>\n\n\n\n<li>Candidatos quilombolas;<\/li>\n\n\n\n<li>Candidatos pretos e pardos; e<\/li>\n\n\n\n<li>Demais candidatos (ampla concorr\u00eancia).<\/li>\n<\/ol>\n\n\n\n<div class=\"wp-block-buttons is-content-justification-center is-layout-flex wp-container-core-buttons-is-layout-16018d1d wp-block-buttons-is-layout-flex\">\n<div class=\"wp-block-button\"><a class=\"wp-block-button__link wp-element-button\" href=\"https:\/\/enare2025-ebserh.conhecimento.fgv.br\/\" target=\"_blank\" rel=\"noreferrer noopener\">Acompanhe as datas do ENARE 2026<\/a><\/div>\n<\/div>\n\n\n\n<h2 class=\"wp-block-heading\" id=\"h-quais-hospitais-e-instituicoes-participam-do-enare\"><span class=\"ez-toc-section\" id=\"Quais_hospitais_e_instituicoes_participam_do_Enare\"><\/span><strong>Quais hospitais e institui\u00e7\u00f5es participam do Enare<\/strong><span class=\"ez-toc-section-end\"><\/span><\/h2>\n\n\n\n<p>Veja a seguir a lista que preparamos com todos os hospitais e<a href=\"https:\/\/www.grupomedcof.com.br\/blog\/enare-instituicoes-participantes\/\" target=\"_blank\" rel=\"noreferrer noopener\"> institui\u00e7\u00f5es<\/a> que participaram do Enare 2025\/2026:<\/p>\n\n\n\n<figure class=\"wp-block-table\"><table class=\"has-fixed-layout\"><thead><tr><th>UF<\/th><th>INSTITUI\u00c7\u00c3O<\/th><\/tr><\/thead><tbody><tr><td>AL<\/td><td>Hospital de Emerg\u00eancia Dr Daniel Houly<\/td><\/tr><tr><td>AL<\/td><td>Hospital do Cora\u00e7\u00e3o Alagoano Professor Adib Jatene\/Hemoal<\/td><\/tr><tr><td>AL<\/td><td>Hospital Geral do Estado Prof. Osvaldo Brand\u00e3o Vilela<\/td><\/tr><tr><td>AL<\/td><td>Hospital Metropolitano de Alagoas<\/td><\/tr><tr><td>AL<\/td><td>Universidade Estadual de Ci\u00eancias da Sa\u00fade de Alagoas<\/td><\/tr><tr><td>AL<\/td><td>Universidade Federal de Alagoas<\/td><\/tr><tr><td>AM<\/td><td>Funda\u00e7\u00e3o Universidade do Amazonas \u2013 FUA<\/td><\/tr><tr><td>AP<\/td><td>Funda\u00e7\u00e3o Universidade Federal do Amap\u00e1<\/td><\/tr><tr><td>BA<\/td><td>Centro de Refer\u00eancia Estadual para Assist\u00eancia a Diabetes e Endocrinologia<\/td><\/tr><tr><td>BA<\/td><td>Centro Estadual de Preven\u00e7\u00e3o e Reabilita\u00e7\u00e3o da Pessoa com Defici\u00eancia<\/td><\/tr><tr><td>BA<\/td><td>Complexo Hospitalar de Vit\u00f3ria da Conquista<\/td><\/tr><tr><td>BA<\/td><td>Funda\u00e7\u00e3o Estatal de Sa\u00fade da Fam\u00edlia<\/td><\/tr><tr><td>BA<\/td><td>Fundo Estadual de Sa\u00fade \u2013 Secretaria da Sa\u00fade do Estado da Bahia<\/td><\/tr><tr><td>BA<\/td><td>Fundo Municipal de Sa\u00fade de Juazeiro Bahia<\/td><\/tr><tr><td>BA<\/td><td>Hospital Ana Nery<\/td><\/tr><tr><td>BA<\/td><td>Hospital da Mulher Maria Luzia Costa dos Santos<\/td><\/tr><tr><td>BA<\/td><td>Hospital do Oeste<\/td><\/tr><tr><td>BA<\/td><td>Hospital do Sub\u00farbio \/ Prodal Saude<\/td><\/tr><tr><td>BA<\/td><td>Hospital Estadual Costa das Baleias<\/td><\/tr><tr><td>BA<\/td><td>Hospital Geral Cleriston Andrade<\/td><\/tr><tr><td>BA<\/td><td>Hospital Geral de Guanambi<\/td><\/tr><tr><td>BA<\/td><td>Hospital Geral do Estado \u2013 HGE BAHIA<\/td><\/tr><tr><td>BA<\/td><td>Hospital Geral Ernesto Sim\u00f5es Filho<\/td><\/tr><tr><td>BA<\/td><td>Hospital Geral Roberto Santos<\/td><\/tr><tr><td>BA<\/td><td>Hospital Juliano Moreira<\/td><\/tr><tr><td>BA<\/td><td>Hospital Metropolitano \u2013 SA<\/td><\/tr><tr><td>BA<\/td><td>Hospital Ortopedico do Estado da Bahia<\/td><\/tr><tr><td>BA<\/td><td>Hospital Reginal de Juazeiro<\/td><\/tr><tr><td>BA<\/td><td>Hospital Regional Costa do Cacau<\/td><\/tr><tr><td>BA<\/td><td>Hospital Regional de Santo Ant\u00f4nio de Jesus<\/td><\/tr><tr><td>BA<\/td><td>Hospital Regional Dr. M\u00e1rio Dourado Sobrinho<\/td><\/tr><tr><td>BA<\/td><td>Instituto Couto Maia<\/td><\/tr><tr><td>BA<\/td><td>Instituto de Ensino e Saude S\/A<\/td><\/tr><tr><td>BA<\/td><td>Instituto de Perinatologia da Bahia<\/td><\/tr><tr><td>BA<\/td><td>Universidade Federal da Bahia<\/td><\/tr><tr><td>CE<\/td><td>Associa\u00e7\u00e3o Igreja Adventista Mission\u00e1ria<\/td><\/tr><tr><td>CE<\/td><td>Escola de Sa\u00fade P\u00fablica do Cear\u00e1<\/td><\/tr><tr><td>CE<\/td><td>FUNCIPE \u2013 Funda\u00e7\u00e3o de Ci\u00eancias e Pesquisa Maria Ione Xerez Vasconcelos<\/td><\/tr><tr><td>CE<\/td><td>Funda\u00e7\u00e3o Edson Queiroz \u2013 Universidade de Fortaleza<\/td><\/tr><tr><td>CE<\/td><td>Hospital e Maternidade S\u00e3o Francisco de Assis<\/td><\/tr><tr><td>CE<\/td><td>Instituto Dr Jose Frota<\/td><\/tr><tr><td>CE<\/td><td>Instituto Madre Teresa de Apoio a Vida<\/td><\/tr><tr><td>CE<\/td><td>Irmandade Beneficente da Santa Casa da Miseric\u00f3rdia de Fortaleza<\/td><\/tr><tr><td>CE<\/td><td>Santa Casa de Miseric\u00f3rdia de Sobral\/ Universidade Federal do Cear\u00e1<\/td><\/tr><tr><td>CE<\/td><td>Secretaria da Sa\u00fade do Estado do Cear\u00e1<\/td><\/tr><tr><td>CE<\/td><td>Secretaria Municipal da Sa\u00fade<\/td><\/tr><tr><td>CE<\/td><td>Secretaria Municipal de Sa\u00fade de Fortaleza<\/td><\/tr><tr><td>CE<\/td><td>Unimed Fortaleza Sociedade Cooperativa M\u00e9dica LTDA<\/td><\/tr><tr><td>CE<\/td><td>Universidade Federal do Cariri<\/td><\/tr><tr><td>CE<\/td><td>Universidade Federal do Cear\u00e1<\/td><\/tr><tr><td>DF<\/td><td>Funda\u00e7\u00e3o Universit\u00e1ria de Cardiologia \u2013 Instituto de Cardiologia e Transplantes do Distrito Federal<\/td><\/tr><tr><td>DF<\/td><td>Hospital das For\u00e7as Armadas<\/td><\/tr><tr><td>DF<\/td><td>Hospital de For\u00e7a A\u00e9rea de Bras\u00edlia<\/td><\/tr><tr><td>DF<\/td><td>Hospital Santa L\u00facia S\/A<\/td><\/tr><tr><td>DF<\/td><td>ISMEP (Instituto Santa Marta de Ensino e Pesquisa)<\/td><\/tr><tr><td>DF<\/td><td>Universidade de Bras\u00edlia<\/td><\/tr><tr><td>ES<\/td><td>Associa\u00e7\u00e3o Feminina de Educa\u00e7\u00e3o e Combate ao C\u00e2ncer \u2013 AFECC, mantenedora do Hospital Santa Rita de C\u00e1ssia \u2013 HSRC<\/td><\/tr><tr><td>ES<\/td><td>Centro de Atendimento Psiqui\u00e1trico Dr. Aristides Alexandre Campos<\/td><\/tr><tr><td>ES<\/td><td>Empresa Brasileira de Ensino, Pesquisa e Extens\u00e3o S\/A \u2013 Multivix<\/td><\/tr><tr><td>ES<\/td><td>Hospital Estadual Infantil Nossa Senhora da Gl\u00f3ria<\/td><\/tr><tr><td>ES<\/td><td>Instituto Capixaba de Ensino, Pesquisa e Inova\u00e7\u00e3o em Sa\u00fade<\/td><\/tr><tr><td>ES<\/td><td>Instituto do Desenvolvimento Sustent\u00e1vel, Educa\u00e7\u00e3o, Gest\u00e3o e Sa\u00fade IDEGES<\/td><\/tr><tr><td>ES<\/td><td>Universidade Federal do Esp\u00edrito Santo<\/td><\/tr><tr><td>GO<\/td><td>Faculdade de Medicina de Itumbiara LTDA<\/td><\/tr><tr><td>MA<\/td><td>Hospital de Oncologia do Maranh\u00e3o Dr. Tarqu\u00ednio Lopes Filho<\/td><\/tr><tr><td>MA<\/td><td>Hospital do C\u00e2ncer Aldenora Bello<\/td><\/tr><tr><td>MA<\/td><td>Hosp\u00edtal Dr. Carlos Macieira<\/td><\/tr><tr><td>MA<\/td><td>Hospital Infantil Dr. Juv\u00eancio Matos<\/td><\/tr><tr><td>MA<\/td><td>Hospital Macrorregional Dra.Ruth Noleto<\/td><\/tr><tr><td>MA<\/td><td>Hospital Nina Rodrigues<\/td><\/tr><tr><td>MA<\/td><td>Hospital Universit\u00e1rio do Maranh\u00e3o<\/td><\/tr><tr><td>MA<\/td><td>Maternidade de Alta Complexidade do Maranh\u00e3o<\/td><\/tr><tr><td>MA<\/td><td>Maternidade de Alto Risco de Imperatriz<\/td><\/tr><tr><td>MG<\/td><td>Funda\u00e7\u00e3o Educacional de Patos de Minas<\/td><\/tr><tr><td>MG<\/td><td>Fundo Municipal de Sa\u00fade \u2013 Prefeitura Municipal de Ipatinga<\/td><\/tr><tr><td>MG<\/td><td>Fundo Municipal de Sa\u00fade \u2013 Secretaria Municipal de Sa\u00fade de Belo Horizonte<\/td><\/tr><tr><td>MG<\/td><td>Hospital Alberto Cavalcanti<\/td><\/tr><tr><td>MG<\/td><td>Hospital da Pol\u00edcia Militar de Minas Gerais<\/td><\/tr><tr><td>MG<\/td><td>Hospital das Cl\u00ednicas da Universidade Federal de Minas Gerais<\/td><\/tr><tr><td>MG<\/td><td>Hospital Eduardo de Menezes<\/td><\/tr><tr><td>MG<\/td><td>Hospital Infantil Jo\u00e3o Paulo II<\/td><\/tr><tr><td>MG<\/td><td>Hospital Jo\u00e3o XXIII<\/td><\/tr><tr><td>MG<\/td><td>Hospital Julia Kubitscheck<\/td><\/tr><tr><td>MG<\/td><td>Hospital Maria Am\u00e9lia Lins<\/td><\/tr><tr><td>MG<\/td><td>Hospital Metropolitano Doutor C\u00e9lio de Castro<\/td><\/tr><tr><td>MG<\/td><td>Hospital Metropolitano Odilon Behrens<\/td><\/tr><tr><td>MG<\/td><td>Hospital Regional Ant\u00f4nio Dias<\/td><\/tr><tr><td>MG<\/td><td>Hospital Regional de Barbacena Dr. Jos\u00e9 Am\u00e9rico<\/td><\/tr><tr><td>MG<\/td><td>Hospital Regional Jo\u00e3o Penido<\/td><\/tr><tr><td>MG<\/td><td>Instituto Raul Soares<\/td><\/tr><tr><td>MG<\/td><td>Maternidade Odete Valadares<\/td><\/tr><tr><td>MG<\/td><td>Universidade Estadual de Montes Claros \/ Hospital Universit\u00e1rio Clemente de Faria<\/td><\/tr><tr><td>MG<\/td><td>Universidade Federal de Juiz de Fora (UFJF)<\/td><\/tr><tr><td>MG<\/td><td>Universidade Federal do Tri\u00e2ngulo Mineiro<\/td><\/tr><tr><td>MG<\/td><td>Universidade Federalde Uberl\u00e2ndia (UFU)<\/td><\/tr><tr><td>MS<\/td><td>Caixa de Assist\u00eancia dos Servidores do Estado de Mato Grosso do Sul<\/td><\/tr><tr><td>MS<\/td><td>Funda\u00e7\u00e3o Universidade Federal de Mato Grosso do Sul (UFMS)<\/td><\/tr><tr><td>MS<\/td><td>Hospital Universit\u00e1rio da Universidade Federal da Grande Dourados<\/td><\/tr><tr><td>MT<\/td><td>Centro Integrado de Assist\u00eancia Psicossocial Adauto Botelho<\/td><\/tr><tr><td>MT<\/td><td>Hospital Estadual Lousite Ferreira da Silva<\/td><\/tr><tr><td>MT<\/td><td>Hospital Regional de C\u00e1ceres<\/td><\/tr><tr><td>MT<\/td><td>Municipal Prefeitura Municipal de Sinop<\/td><\/tr><tr><td>MT<\/td><td>Santa Casa de Miseric\u00f3rdia e Maternidade de Rondon\u00f3polis<\/td><\/tr><tr><td>MT<\/td><td>Universidade Federal de Mato Grosso<\/td><\/tr><tr><td>MT<\/td><td>Universidade Federal de Rondon\u00f3polis<\/td><\/tr><tr><td>PA<\/td><td>Universidade Federal do Par\u00e1<\/td><\/tr><tr><td>PB<\/td><td>Centro de Forma\u00e7\u00e3o de Professores da Universidade Federal de Campina Grande<\/td><\/tr><tr><td>PB<\/td><td>Escola de Sa\u00fade P\u00fablica da Para\u00edba ESP-PB<\/td><\/tr><tr><td>PB<\/td><td>Fundo Municipal de Sa\u00fade de Cabedelo<\/td><\/tr><tr><td>PB<\/td><td>Fundo Municipal de Sa\u00fade de Mamanguape<\/td><\/tr><tr><td>PB<\/td><td>Hospital Universit\u00e1rio Alcides Carneiro\/UFCG<\/td><\/tr><tr><td>PB<\/td><td>Hospital Universit\u00e1rio J\u00falio Bandeira<\/td><\/tr><tr><td>PB<\/td><td>Secretaria de Sa\u00fade de Campina Grande<\/td><\/tr><tr><td>PB<\/td><td>Universidade Federal da Para\u00edba (UFPB)<\/td><\/tr><tr><td>PE<\/td><td>Universidade Federal de Pernambuco<\/td><\/tr><tr><td>PE<\/td><td>Universidade Federal do Vale do S\u00e3o Francisco \u2013 UNIVASF<\/td><\/tr><tr><td>PI<\/td><td>Associa\u00e7\u00e3o Piauiense de Combate ao C\u00e2ncer Alcenor Almeida<\/td><\/tr><tr><td>PI<\/td><td>Centro Hospitalar e Maternidade Santa Fe<\/td><\/tr><tr><td>PI<\/td><td>Hospital Infantil Luc\u00eddio Portella<\/td><\/tr><tr><td>PI<\/td><td>Hospital Universit\u00e1rio da Universidade Federal do Piau\u00ed<\/td><\/tr><tr><td>PR<\/td><td>Autarquia Municipal de Sa\u00fade de Apucarana<\/td><\/tr><tr><td>PR<\/td><td>Fundo Municipal de Sa\u00fade de Londrina<\/td><\/tr><tr><td>PR<\/td><td>Fundo Municipal de Sa\u00fade de Pato Branco<\/td><\/tr><tr><td>PR<\/td><td>Fundo Municippal de Sa\u00fade de Cascavel \u2013 Paran\u00e1<\/td><\/tr><tr><td>PR<\/td><td>Munic\u00edpio de Guarapuava<\/td><\/tr><tr><td>PR<\/td><td>Prefeitura Municipal de Foz do Igua\u00e7u<\/td><\/tr><tr><td>PR<\/td><td>Secretaria Municipal de Sa\u00fade de Toledo<\/td><\/tr><tr><td>PR<\/td><td>Universidade Federal do Paran\u00e1 \u2013 Complexo Hospital de Cl\u00ednicas<\/td><\/tr><tr><td>RJ<\/td><td>Associa\u00e7\u00e3o Congrega\u00e7\u00e3o de Santa Catarina<\/td><\/tr><tr><td>RJ<\/td><td>Centro Gerontol\u00f3gico de Aeron\u00e1utica Brigadeiro Eduardo Gomes<\/td><\/tr><tr><td>RJ<\/td><td>Escola Nacional de Sa\u00fade P\u00fablica<\/td><\/tr><tr><td>RJ<\/td><td>Funda\u00e7\u00e3o Educacional Serra dos \u00d3rg\u00e3os<\/td><\/tr><tr><td>RJ<\/td><td>Funda\u00e7\u00e3o Octac\u00edlio Gualberto \u2013 UNIFASE\/FMP<\/td><\/tr><tr><td>RJ<\/td><td>Hospital Central da Aeron\u00e1utica<\/td><\/tr><tr><td>RJ<\/td><td>Hospital Central da Pol\u00edcia Militar<\/td><\/tr><tr><td>RJ<\/td><td>Hospital Central do Ex\u00e9rcito<\/td><\/tr><tr><td>RJ<\/td><td>Hospital da Pol\u00edcia Militar de Niter\u00f3i \u2013 HPM\/Nit<\/td><\/tr><tr><td>RJ<\/td><td>Hospital de Aeron\u00e1utica dos Afonsos<\/td><\/tr><tr><td>RJ<\/td><td>Hospital de For\u00e7a A\u00e9rea do Gale\u00e3o<\/td><\/tr><tr><td>RJ<\/td><td>Hospital Escola Luiz Gioseffi Jannuzzi<\/td><\/tr><tr><td>RJ<\/td><td>Hospital Federal da Lagoa<\/td><\/tr><tr><td>RJ<\/td><td>Hospital Federal de Bonsucesso<\/td><\/tr><tr><td>RJ<\/td><td>Hospital Federal de Ipanema<\/td><\/tr><tr><td>RJ<\/td><td>Hospital Federal dos Servidores do Estado<\/td><\/tr><tr><td>RJ<\/td><td>Hospital Geral de Nova Igua\u00e7u<\/td><\/tr><tr><td>RJ<\/td><td>Hospital Municipal Dr. Munir Rafful<\/td><\/tr><tr><td>RJ<\/td><td>Hospital S\u00e3o Jo\u00e3o Batista<\/td><\/tr><tr><td>RJ<\/td><td>Instituto de Neonatologia e Pediatria \u2013 CEPLIN<\/td><\/tr><tr><td>RJ<\/td><td>Instituto Nacional de C\u00e2ncer<\/td><\/tr><tr><td>RJ<\/td><td>Instituto Nacional de Cardiologia<\/td><\/tr><tr><td>RJ<\/td><td>Secretaria Municipal de Sa\u00fade do Rio de Janeiro<\/td><\/tr><tr><td>RJ<\/td><td>Universidade Federal do Estado do Rio de Janeiro<\/td><\/tr><tr><td>RJ<\/td><td>Universidade Federal do Rio de Janeiro<\/td><\/tr><tr><td>RJ<\/td><td>Universidade Federal Fluminense\/Hospital Universit\u00e1rio Antonio Pedro<\/td><\/tr><tr><td>RN<\/td><td>Hospital Geral Dr. jo\u00e3o Machado<\/td><\/tr><tr><td>RN<\/td><td>Hospital Jos\u00e9 Pedro Bezerra<\/td><\/tr><tr><td>RN<\/td><td>Hospital Monsenhor Walfredo Gurgel<\/td><\/tr><tr><td>RN<\/td><td>Liga Norte-Riograndense Contra o C\u00e2ncer<\/td><\/tr><tr><td>RN<\/td><td>Sociedade Professor Heitor Carrilho<\/td><\/tr><tr><td>RN<\/td><td>Universidade Federal do Rio Grande do Norte<\/td><\/tr><tr><td>RR<\/td><td>Universidade Federal de Roraima<\/td><\/tr><tr><td>RS<\/td><td>Associa\u00e7\u00e3o Hospitalar de Caridade Santa Rosa \u2013 Hospital Vida e Sa\u00fade \u2013 RS<\/td><\/tr><tr><td>RS<\/td><td>Hospital Militar de \u00c1rea de Porto Alegre<\/td><\/tr><tr><td>RS<\/td><td>UNIPAMPA<\/td><\/tr><tr><td>RS<\/td><td>Universidade Federal da Fronteira Sul<\/td><\/tr><tr><td>RS<\/td><td>Universidade Federal de Pelotas<\/td><\/tr><tr><td>RS<\/td><td>Universidade Federal do Rio Grande<\/td><\/tr><tr><td>SE<\/td><td>Associa\u00e7\u00e3o Aracajuana de Benefic\u00eancia<\/td><\/tr><tr><td>SE<\/td><td>Unit \u2013 Universidade Tiradentes (SE)<\/td><\/tr><tr><td>SE<\/td><td>Universidade Federal de Sergipe<\/td><\/tr><tr><td>SP<\/td><td>Associa\u00e7\u00e3o Portuguesa de Benefic\u00eancia \u2013 Hospital Infante Dom Henrique de S\u00e3o Jos\u00e9 do Rio Preto\/SP<\/td><\/tr><tr><td>SP<\/td><td>Funda\u00e7\u00e3o de Amparo ao Ensino e Pesquisa \u2013 Universidade de Mogi das Cruzes<\/td><\/tr><tr><td>SP<\/td><td>Funda\u00e7\u00e3o Doutor Amaral Carvalho<\/td><\/tr><tr><td>SP<\/td><td>Funda\u00e7\u00e3o Pio XII \u2013 Hospital de C\u00e2ncer de Barretos<\/td><\/tr><tr><td>SP<\/td><td>Fundo Municipal de Sa\u00fade de Cubat\u00e3o<\/td><\/tr><tr><td>SP<\/td><td>Hospital do Servidor P\u00fablico Municipal<\/td><\/tr><tr><td>SP<\/td><td>Hospital Militar de \u00c1rea de S\u00e3o Paulo<\/td><\/tr><tr><td>SP<\/td><td>Hospital Municipal Dr C\u00e1rmino Caricchio<\/td><\/tr><tr><td>SP<\/td><td>Hospital Municipal Dr.Fernando Mauro Pires da Rocha<\/td><\/tr><tr><td>SP<\/td><td>Hospital Municipal Infantil Menino Jesus<\/td><\/tr><tr><td>SP<\/td><td>Hospital Municipal Maternidade Escola Dr. M\u00e1rio de Moraes Altenfelder Silva<\/td><\/tr><tr><td>SP<\/td><td>Hospital Municipal Professor Doutor Al\u00edpio Corr\u00eaa Netto<\/td><\/tr><tr><td>SP<\/td><td>Hospital S\u00e3o Leopoldo Mandic<\/td><\/tr><tr><td>SP<\/td><td>Instituto do C\u00e2ncer Arnaldo Vieira de Carvalho<\/td><\/tr><tr><td>SP<\/td><td>Irmandade da Santa Casa de Miseric\u00f3rdia de Mar\u00edlia<\/td><\/tr><tr><td>SP<\/td><td>Munic\u00edpio de Piracicaba<\/td><\/tr><tr><td>SP<\/td><td>Prefeitura Municipal da Estacia Balne\u00e1ria de Praia Grande<\/td><\/tr><tr><td>SP<\/td><td>Prefeitura Municipal de Campinas<\/td><\/tr><tr><td>SP<\/td><td>Prefeitura Municipal de Guaruj\u00e1<\/td><\/tr><tr><td>SP<\/td><td>Prefeitura Municipal de Sorocaba<\/td><\/tr><tr><td>SP<\/td><td>Santa Casa de Miseric\u00f3rdia de Votuporanga<\/td><\/tr><tr><td>SP<\/td><td>Secretaria Municipal de Sa\u00fade \u2013 Resid\u00eancia M\u00e9dica em Rede \u2013 8\u00aa Coreme<\/td><\/tr><tr><td>SP<\/td><td>Secretaria Municipal de Sa\u00fade de Santos<\/td><\/tr><tr><td>SP<\/td><td>Uni\u00e3o Social Camiliana<\/td><\/tr><tr><td>SP<\/td><td>Universidade de Ribeir\u00e3o Preto<\/td><\/tr><tr><td>SP<\/td><td>Universidade Federal de S\u00e3o Carlos<\/td><\/tr><tr><td>TO<\/td><td>Funda\u00e7\u00e3o Universidade Federal do Tocantins<\/td><\/tr><tr><td>TO<\/td><td>Hospital de Doen\u00e7as Tropicais da Universidade Federal do Tocantins<\/td><\/tr><\/tbody><\/table><\/figure>\n\n\n\n<h2 class=\"wp-block-heading\" id=\"h-data-da-prova\"><span class=\"ez-toc-section\" id=\"Data_da_prova\"><\/span><strong>Data da prova<\/strong><span class=\"ez-toc-section-end\"><\/span><\/h2>\n\n\n\n<p>Neste ano, <strong>prova do Enare\/Enamed <\/strong>ser\u00e1 aplicada um pouco mais cedo, no dia<strong> 13 de setembro de 2026. <\/strong><\/p>\n\n\n\n<p>Para o <strong>ENARE<\/strong>, a banca respons\u00e1vel continuar\u00e1 sendo a <strong>Funda\u00e7\u00e3o Get\u00falio Vargas (FGV)<\/strong> e para o <strong>Enamed <\/strong>ser\u00e1 o <strong>INEP.<\/strong><\/p>\n\n\n\n<h2 class=\"wp-block-heading\" id=\"h-como-se-preparar-para-o-enare\"><span class=\"ez-toc-section\" id=\"Como_se_preparar_para_o_Enare\"><\/span><strong>Como se preparar para o Enare?<\/strong><span class=\"ez-toc-section-end\"><\/span><\/h2>\n\n\n\n<p>Apesar da mudan\u00e7a da banca do Enare para a FGV, pode-se considerar que o ENARE \u00e9 um processo seletivo de cunho nacional. Com isso, a <a href=\"https:\/\/www.grupomedcof.com.br\/blog\/concorrencia-enare\/\" target=\"_blank\" rel=\"noreferrer noopener\">concorr\u00eancia do Enare<\/a> tende a ser alta, e \u00e9 comum esperar quest\u00f5es relacionadas ao Minist\u00e9rio da Sa\u00fade, especialmente sobre Sa\u00fade P\u00fablica, como j\u00e1 ocorreu em provas aplicadas para o SES-RJ.<\/p>\n\n\n\n<p>Separamos para voc\u00ea algumas dicas para preparar-se para a prova, veja:<\/p>\n\n\n\n<ul class=\"wp-block-list\">\n<li>Realize quest\u00f5es e e entenda o racioc\u00ednio de cada enunciado;<\/li>\n\n\n\n<li>Fa\u00e7a simulados com provas anteriores e saiba o que a banca exige;<\/li>\n\n\n\n<li>Confira os <strong><a href=\"https:\/\/www.grupomedcof.com.br\/blog\/enare-2024-temas-quentes\/\" target=\"_blank\" rel=\"noreferrer noopener\">temas quentes da prova<\/a> <\/strong>e revise aqueles que possui maior dificuldade<\/li>\n\n\n\n<li>Fa\u00e7a flashcards para reter os conte\u00fados e defini\u00e7\u00f5es que n\u00e3o podem ser esquecidos no momento da prova<\/li>\n\n\n\n<li>Veja aulas e materiais feitos por especialistas que j\u00e1 passaram pelas principais resid\u00eancias do pa\u00eds e sabem o que o seu examinador pode cobrar.<\/li>\n<\/ul>\n\n\n\n<h2 class=\"wp-block-heading\" id=\"h-ebserh-agora-e-hu-brasil\"><span class=\"ez-toc-section\" id=\"EBSERH_agora_e_HU_Brasil\"><\/span><strong>EBSERH agora \u00e9 HU Brasil<\/strong><span class=\"ez-toc-section-end\"><\/span><\/h2>\n\n\n\n<p>A <strong>Empresa Brasileira de Servi\u00e7os Hospitalares (EBSERH)<\/strong> anunciou a troca da marca para <strong>HU Brasil (Hospitais Universit\u00e1rios Federais)<\/strong>. A atualiza\u00e7\u00e3o foi anunciada em mar\u00e7o de 2026 pelo presidente da rep\u00fablica, Luiz In\u00e1cio Lula da Silva, durante um evento de solenidade no Hospital Universit\u00e1rio da Universidade Federal de S\u00e3o Carlos (UFSCAR).<\/p>\n\n\n\n<p>A troca de nome da estatal, vinculada ao <strong>Minist\u00e9rio da Educa\u00e7\u00e3o (MEC)<\/strong>, tem como objetivo facilitar a comunica\u00e7\u00e3o da empresa com a popula\u00e7\u00e3o.<\/p>\n\n\n\n<h2 class=\"wp-block-heading\" id=\"h-seja-aprovado-no-enare-2025-2026-com-a-medcof\"><span class=\"ez-toc-section\" id=\"Seja_aprovado_no_ENARE_20252026_com_a_MedCof\"><\/span><strong>Seja aprovado no ENARE 2025\/2026 com a MedCof!<\/strong><span class=\"ez-toc-section-end\"><\/span><\/h2>\n\n\n\n<p>Quer alcan\u00e7ar a aprova\u00e7\u00e3o nas provas de resid\u00eancia m\u00e9dica? Ent\u00e3o seja um MedCofer! Aqui, voc\u00ea conta com cursos&nbsp;<a href=\"https:\/\/extensivo.grupomedcof.com.br\/extensivo-12-semanas\/r1-acesso-direto\" target=\"_blank\" rel=\"noreferrer noopener\">extensivos&nbsp;<\/a>e intensivos, conte\u00fados de qualidade e uma metodologia que j\u00e1 aprovou mais de 35 mil residentes em todo o pa\u00eds. Para completar sua prepara\u00e7\u00e3o, acesse tamb\u00e9m o nosso canal no YouTube e confira nossos materiais exclusivos.<\/p>\n\n\n\n<figure class=\"wp-block-embed is-type-video is-provider-youtube wp-block-embed-youtube wp-embed-aspect-16-9 wp-has-aspect-ratio\"><div class=\"wp-block-embed__wrapper\">\n<div class=\"youtube-embed\" data-video_id=\"hoFNtKZX1nw\"><iframe loading=\"lazy\" title=\"Leitura guiada do edital ENAMED 2026: dire\u00e7\u00e3o para quem est\u00e1 come\u00e7ando agora\" width=\"696\" height=\"392\" src=\"https:\/\/www.youtube.com\/embed\/hoFNtKZX1nw?feature=oembed&#038;enablejsapi=1\" frameborder=\"0\" allow=\"accelerometer; autoplay; clipboard-write; encrypted-media; gyroscope; picture-in-picture; web-share\" referrerpolicy=\"strict-origin-when-cross-origin\" allowfullscreen><\/iframe><\/div>\n<\/div><\/figure>\n","protected":false},"excerpt":{"rendered":"<p>O Enare \u00e9 o Exame Nacional de Resid\u00eancia que seleciona candidatos para vagas de resid\u00eancia m\u00e9dica uni e multiprofissionais. Saiba mais no blog do MedCof!<\/p>\n","protected":false},"author":20,"featured_media":10226,"comment_status":"open","ping_status":"open","sticky":false,"template":"","format":"standard","meta":{"footnotes":""},"categories":[173,174],"tags":[1432,29,1510,1431,1266,117,68],"ppma_author":[3616],"class_list":{"0":"post-23894","1":"post","2":"type-post","3":"status-publish","4":"format-standard","5":"has-post-thumbnail","7":"category-novidades","8":"category-residencia-medica","9":"tag-ebserh","10":"tag-enare","11":"tag-enare-2024","12":"tag-enare-2025","13":"tag-fgv","14":"tag-provas-de-residencia","15":"tag-residencia-medica"},"yoast_head":"<!-- This site is optimized with the Yoast SEO Premium plugin v24.3 (Yoast SEO v27.4) - https:\/\/yoast.com\/product\/yoast-seo-premium-wordpress\/ -->\n<title>O que \u00e9 Enare? Como funciona e como se preparar<\/title>\n<meta name=\"description\" content=\"O Enare \u00e9 o Exame Nacional de Resid\u00eancia que seleciona candidatos para vagas de resid\u00eancia m\u00e9dica uni e multiprofissionais. Saiba mais no blog do MedCof!\" \/>\n<meta name=\"robots\" content=\"index, follow, max-snippet:-1, max-image-preview:large, max-video-preview:-1\" \/>\n<link rel=\"canonical\" href=\"https:\/\/www.grupomedcof.com.br\/blog\/o-que-e-enare\/\" \/>\n<meta property=\"og:locale\" content=\"pt_BR\" \/>\n<meta property=\"og:type\" content=\"article\" \/>\n<meta property=\"og:title\" content=\"O que \u00e9 Enare: saiba como funciona e como a nota \u00e9 utilizada na sele\u00e7\u00e3o!\" \/>\n<meta property=\"og:description\" content=\"O Enare \u00e9 o Exame Nacional de Resid\u00eancia que seleciona candidatos para vagas de resid\u00eancia m\u00e9dica uni e multiprofissionais. Saiba mais no blog do MedCof!\" \/>\n<meta property=\"og:url\" content=\"https:\/\/www.grupomedcof.com.br\/blog\/o-que-e-enare\/\" \/>\n<meta property=\"og:site_name\" content=\"Blog de Medcof: conte\u00fados, editais, revalida e mais!\" \/>\n<meta property=\"article:publisher\" content=\"https:\/\/www.facebook.com\/MedCofQbank\/\" \/>\n<meta property=\"article:published_time\" content=\"2026-01-22T14:51:47+00:00\" \/>\n<meta property=\"article:modified_time\" content=\"2026-04-27T19:40:16+00:00\" \/>\n<meta property=\"og:image\" content=\"https:\/\/www.grupomedcof.com.br\/blog\/wp-content\/uploads\/2023\/08\/Blog-MedCof-2023-08-10T140854.234.png\" \/>\n\t<meta property=\"og:image:width\" content=\"2560\" \/>\n\t<meta property=\"og:image:height\" content=\"1440\" \/>\n\t<meta property=\"og:image:type\" content=\"image\/png\" \/>\n<meta name=\"author\" content=\"Leila Menzel\" \/>\n<meta name=\"twitter:card\" content=\"summary_large_image\" \/>\n<meta name=\"twitter:label1\" content=\"Escrito por\" \/>\n\t<meta name=\"twitter:data1\" content=\"Leila Menzel\" \/>\n\t<meta name=\"twitter:label2\" content=\"Est. tempo de leitura\" \/>\n\t<meta name=\"twitter:data2\" content=\"21 minutos\" \/>\n<script type=\"application\/ld+json\" class=\"yoast-schema-graph\">{\"@context\":\"https:\\\/\\\/schema.org\",\"@graph\":[{\"@type\":\"Article\",\"@id\":\"https:\\\/\\\/www.grupomedcof.com.br\\\/blog\\\/o-que-e-enare\\\/#article\",\"isPartOf\":{\"@id\":\"https:\\\/\\\/www.grupomedcof.com.br\\\/blog\\\/o-que-e-enare\\\/\"},\"author\":{\"name\":\"Leila Menzel\",\"@id\":\"https:\\\/\\\/www.grupomedcof.com.br\\\/blog\\\/#\\\/schema\\\/person\\\/9a44c2184a836bf5ae6967fdb3a1451e\"},\"headline\":\"O que \u00e9 Enare: saiba como funciona e como a nota \u00e9 utilizada na sele\u00e7\u00e3o!\",\"datePublished\":\"2026-01-22T14:51:47+00:00\",\"dateModified\":\"2026-04-27T19:40:16+00:00\",\"mainEntityOfPage\":{\"@id\":\"https:\\\/\\\/www.grupomedcof.com.br\\\/blog\\\/o-que-e-enare\\\/\"},\"wordCount\":4153,\"commentCount\":1,\"publisher\":{\"@id\":\"https:\\\/\\\/www.grupomedcof.com.br\\\/blog\\\/#organization\"},\"image\":{\"@id\":\"https:\\\/\\\/www.grupomedcof.com.br\\\/blog\\\/o-que-e-enare\\\/#primaryimage\"},\"thumbnailUrl\":\"https:\\\/\\\/www.grupomedcof.com.br\\\/blog\\\/wp-content\\\/uploads\\\/2023\\\/08\\\/Blog-MedCof-2023-08-10T140854.234.png\",\"keywords\":[\"Ebserh\",\"ENARE\",\"ENARE 2024\",\"ENARE 2025\",\"FGV\",\"Provas de Resid\u00eancia\",\"Resid\u00eancia M\u00e9dica\"],\"articleSection\":[\"Novidades\",\"Resid\u00eancia m\u00e9dica: editais, resultados, temas quentes e mais\"],\"inLanguage\":\"pt-BR\"},{\"@type\":\"WebPage\",\"@id\":\"https:\\\/\\\/www.grupomedcof.com.br\\\/blog\\\/o-que-e-enare\\\/\",\"url\":\"https:\\\/\\\/www.grupomedcof.com.br\\\/blog\\\/o-que-e-enare\\\/\",\"name\":\"O que \u00e9 Enare? Como funciona e como se preparar\",\"isPartOf\":{\"@id\":\"https:\\\/\\\/www.grupomedcof.com.br\\\/blog\\\/#website\"},\"primaryImageOfPage\":{\"@id\":\"https:\\\/\\\/www.grupomedcof.com.br\\\/blog\\\/o-que-e-enare\\\/#primaryimage\"},\"image\":{\"@id\":\"https:\\\/\\\/www.grupomedcof.com.br\\\/blog\\\/o-que-e-enare\\\/#primaryimage\"},\"thumbnailUrl\":\"https:\\\/\\\/www.grupomedcof.com.br\\\/blog\\\/wp-content\\\/uploads\\\/2023\\\/08\\\/Blog-MedCof-2023-08-10T140854.234.png\",\"datePublished\":\"2026-01-22T14:51:47+00:00\",\"dateModified\":\"2026-04-27T19:40:16+00:00\",\"description\":\"O Enare \u00e9 o Exame Nacional de Resid\u00eancia que seleciona candidatos para vagas de resid\u00eancia m\u00e9dica uni e multiprofissionais. Saiba mais no blog do MedCof!\",\"breadcrumb\":{\"@id\":\"https:\\\/\\\/www.grupomedcof.com.br\\\/blog\\\/o-que-e-enare\\\/#breadcrumb\"},\"inLanguage\":\"pt-BR\",\"potentialAction\":[{\"@type\":\"ReadAction\",\"target\":[\"https:\\\/\\\/www.grupomedcof.com.br\\\/blog\\\/o-que-e-enare\\\/\"]}]},{\"@type\":\"ImageObject\",\"inLanguage\":\"pt-BR\",\"@id\":\"https:\\\/\\\/www.grupomedcof.com.br\\\/blog\\\/o-que-e-enare\\\/#primaryimage\",\"url\":\"https:\\\/\\\/www.grupomedcof.com.br\\\/blog\\\/wp-content\\\/uploads\\\/2023\\\/08\\\/Blog-MedCof-2023-08-10T140854.234.png\",\"contentUrl\":\"https:\\\/\\\/www.grupomedcof.com.br\\\/blog\\\/wp-content\\\/uploads\\\/2023\\\/08\\\/Blog-MedCof-2023-08-10T140854.234.png\",\"width\":2560,\"height\":1440,\"caption\":\"enare data da prova, enare 2024, enare inscricao, enare, enare 2023, enare ebserh, enare edital, como funciona o enare, enare inscri\u00e7\u00e3o, enare inscri\u00e7\u00f5es,\"},{\"@type\":\"BreadcrumbList\",\"@id\":\"https:\\\/\\\/www.grupomedcof.com.br\\\/blog\\\/o-que-e-enare\\\/#breadcrumb\",\"itemListElement\":[{\"@type\":\"ListItem\",\"position\":1,\"name\":\"In\u00edcio\",\"item\":\"https:\\\/\\\/www.grupomedcof.com.br\\\/blog\\\/\"},{\"@type\":\"ListItem\",\"position\":2,\"name\":\"O que \u00e9 Enare: saiba como funciona e como a nota \u00e9 utilizada na sele\u00e7\u00e3o!\"}]},{\"@type\":\"WebSite\",\"@id\":\"https:\\\/\\\/www.grupomedcof.com.br\\\/blog\\\/#website\",\"url\":\"https:\\\/\\\/www.grupomedcof.com.br\\\/blog\\\/\",\"name\":\"Blog de Medcof: conte\u00fados, editais, revalida e mais!\",\"description\":\"Acesso o blog de MedCof! Seu portal de conte\u00fados sobre resid\u00eancia m\u00e9dica, an\u00e1lise e editais e muito mais. Clique e confira!\",\"publisher\":{\"@id\":\"https:\\\/\\\/www.grupomedcof.com.br\\\/blog\\\/#organization\"},\"alternateName\":\"Blog de Medcof: conte\u00fados, editais, revalida e mais!\",\"potentialAction\":[{\"@type\":\"SearchAction\",\"target\":{\"@type\":\"EntryPoint\",\"urlTemplate\":\"https:\\\/\\\/www.grupomedcof.com.br\\\/blog\\\/?s={search_term_string}\"},\"query-input\":{\"@type\":\"PropertyValueSpecification\",\"valueRequired\":true,\"valueName\":\"search_term_string\"}}],\"inLanguage\":\"pt-BR\"},{\"@type\":\"Organization\",\"@id\":\"https:\\\/\\\/www.grupomedcof.com.br\\\/blog\\\/#organization\",\"name\":\"Grupo MedCof\",\"url\":\"https:\\\/\\\/www.grupomedcof.com.br\\\/blog\\\/\",\"logo\":{\"@type\":\"ImageObject\",\"inLanguage\":\"pt-BR\",\"@id\":\"https:\\\/\\\/www.grupomedcof.com.br\\\/blog\\\/#\\\/schema\\\/logo\\\/image\\\/\",\"url\":\"https:\\\/\\\/www.grupomedcof.com.br\\\/blog\\\/wp-content\\\/uploads\\\/2022\\\/01\\\/logo-medcof.png\",\"contentUrl\":\"https:\\\/\\\/www.grupomedcof.com.br\\\/blog\\\/wp-content\\\/uploads\\\/2022\\\/01\\\/logo-medcof.png\",\"width\":768,\"height\":269,\"caption\":\"Grupo MedCof\"},\"image\":{\"@id\":\"https:\\\/\\\/www.grupomedcof.com.br\\\/blog\\\/#\\\/schema\\\/logo\\\/image\\\/\"},\"sameAs\":[\"https:\\\/\\\/www.facebook.com\\\/MedCofQbank\\\/\",\"https:\\\/\\\/www.instagram.com\\\/grupomedcof\\\/\",\"https:\\\/\\\/br.linkedin.com\\\/company\\\/medcof\",\"https:\\\/\\\/www.youtube.com\\\/channel\\\/UCdHMuOHKICxcHwecxN8P-AA\"]},{\"@type\":\"Person\",\"@id\":\"https:\\\/\\\/www.grupomedcof.com.br\\\/blog\\\/#\\\/schema\\\/person\\\/9a44c2184a836bf5ae6967fdb3a1451e\",\"name\":\"Leila Menzel\",\"image\":{\"@type\":\"ImageObject\",\"inLanguage\":\"pt-BR\",\"@id\":\"https:\\\/\\\/www.grupomedcof.com.br\\\/blog\\\/wp-content\\\/uploads\\\/2025\\\/09\\\/cropped-eu-96x96.jpeg19a74936d997c0a8b3031618467fa1d0\",\"url\":\"https:\\\/\\\/www.grupomedcof.com.br\\\/blog\\\/wp-content\\\/uploads\\\/2025\\\/09\\\/cropped-eu-96x96.jpeg\",\"contentUrl\":\"https:\\\/\\\/www.grupomedcof.com.br\\\/blog\\\/wp-content\\\/uploads\\\/2025\\\/09\\\/cropped-eu-96x96.jpeg\",\"caption\":\"Leila Menzel\"},\"description\":\"Estudante do 6\u00b0 semestre de jornalismo, amo e escrevo poesias e viajo em livros de romances clich\u00eas.\",\"url\":\"https:\\\/\\\/www.grupomedcof.com.br\\\/blog\\\/author\\\/leila-menzel\\\/\"}]}<\/script>\n<!-- \/ Yoast SEO Premium plugin. -->","yoast_head_json":{"title":"O que \u00e9 Enare? Como funciona e como se preparar","description":"O Enare \u00e9 o Exame Nacional de Resid\u00eancia que seleciona candidatos para vagas de resid\u00eancia m\u00e9dica uni e multiprofissionais. Saiba mais no blog do MedCof!","robots":{"index":"index","follow":"follow","max-snippet":"max-snippet:-1","max-image-preview":"max-image-preview:large","max-video-preview":"max-video-preview:-1"},"canonical":"https:\/\/www.grupomedcof.com.br\/blog\/o-que-e-enare\/","og_locale":"pt_BR","og_type":"article","og_title":"O que \u00e9 Enare: saiba como funciona e como a nota \u00e9 utilizada na sele\u00e7\u00e3o!","og_description":"O Enare \u00e9 o Exame Nacional de Resid\u00eancia que seleciona candidatos para vagas de resid\u00eancia m\u00e9dica uni e multiprofissionais. Saiba mais no blog do MedCof!","og_url":"https:\/\/www.grupomedcof.com.br\/blog\/o-que-e-enare\/","og_site_name":"Blog de Medcof: conte\u00fados, editais, revalida e mais!","article_publisher":"https:\/\/www.facebook.com\/MedCofQbank\/","article_published_time":"2026-01-22T14:51:47+00:00","article_modified_time":"2026-04-27T19:40:16+00:00","og_image":[{"width":2560,"height":1440,"url":"https:\/\/www.grupomedcof.com.br\/blog\/wp-content\/uploads\/2023\/08\/Blog-MedCof-2023-08-10T140854.234.png","type":"image\/png"}],"author":"Leila Menzel","twitter_card":"summary_large_image","twitter_misc":{"Escrito por":"Leila Menzel","Est. tempo de leitura":"21 minutos"},"schema":{"@context":"https:\/\/schema.org","@graph":[{"@type":"Article","@id":"https:\/\/www.grupomedcof.com.br\/blog\/o-que-e-enare\/#article","isPartOf":{"@id":"https:\/\/www.grupomedcof.com.br\/blog\/o-que-e-enare\/"},"author":{"name":"Leila Menzel","@id":"https:\/\/www.grupomedcof.com.br\/blog\/#\/schema\/person\/9a44c2184a836bf5ae6967fdb3a1451e"},"headline":"O que \u00e9 Enare: saiba como funciona e como a nota \u00e9 utilizada na sele\u00e7\u00e3o!","datePublished":"2026-01-22T14:51:47+00:00","dateModified":"2026-04-27T19:40:16+00:00","mainEntityOfPage":{"@id":"https:\/\/www.grupomedcof.com.br\/blog\/o-que-e-enare\/"},"wordCount":4153,"commentCount":1,"publisher":{"@id":"https:\/\/www.grupomedcof.com.br\/blog\/#organization"},"image":{"@id":"https:\/\/www.grupomedcof.com.br\/blog\/o-que-e-enare\/#primaryimage"},"thumbnailUrl":"https:\/\/www.grupomedcof.com.br\/blog\/wp-content\/uploads\/2023\/08\/Blog-MedCof-2023-08-10T140854.234.png","keywords":["Ebserh","ENARE","ENARE 2024","ENARE 2025","FGV","Provas de Resid\u00eancia","Resid\u00eancia M\u00e9dica"],"articleSection":["Novidades","Resid\u00eancia m\u00e9dica: editais, resultados, temas quentes e mais"],"inLanguage":"pt-BR"},{"@type":"WebPage","@id":"https:\/\/www.grupomedcof.com.br\/blog\/o-que-e-enare\/","url":"https:\/\/www.grupomedcof.com.br\/blog\/o-que-e-enare\/","name":"O que \u00e9 Enare? Como funciona e como se preparar","isPartOf":{"@id":"https:\/\/www.grupomedcof.com.br\/blog\/#website"},"primaryImageOfPage":{"@id":"https:\/\/www.grupomedcof.com.br\/blog\/o-que-e-enare\/#primaryimage"},"image":{"@id":"https:\/\/www.grupomedcof.com.br\/blog\/o-que-e-enare\/#primaryimage"},"thumbnailUrl":"https:\/\/www.grupomedcof.com.br\/blog\/wp-content\/uploads\/2023\/08\/Blog-MedCof-2023-08-10T140854.234.png","datePublished":"2026-01-22T14:51:47+00:00","dateModified":"2026-04-27T19:40:16+00:00","description":"O Enare \u00e9 o Exame Nacional de Resid\u00eancia que seleciona candidatos para vagas de resid\u00eancia m\u00e9dica uni e multiprofissionais. Saiba mais no blog do MedCof!","breadcrumb":{"@id":"https:\/\/www.grupomedcof.com.br\/blog\/o-que-e-enare\/#breadcrumb"},"inLanguage":"pt-BR","potentialAction":[{"@type":"ReadAction","target":["https:\/\/www.grupomedcof.com.br\/blog\/o-que-e-enare\/"]}]},{"@type":"ImageObject","inLanguage":"pt-BR","@id":"https:\/\/www.grupomedcof.com.br\/blog\/o-que-e-enare\/#primaryimage","url":"https:\/\/www.grupomedcof.com.br\/blog\/wp-content\/uploads\/2023\/08\/Blog-MedCof-2023-08-10T140854.234.png","contentUrl":"https:\/\/www.grupomedcof.com.br\/blog\/wp-content\/uploads\/2023\/08\/Blog-MedCof-2023-08-10T140854.234.png","width":2560,"height":1440,"caption":"enare data da prova, enare 2024, enare inscricao, enare, enare 2023, enare ebserh, enare edital, como funciona o enare, enare inscri\u00e7\u00e3o, enare inscri\u00e7\u00f5es,"},{"@type":"BreadcrumbList","@id":"https:\/\/www.grupomedcof.com.br\/blog\/o-que-e-enare\/#breadcrumb","itemListElement":[{"@type":"ListItem","position":1,"name":"In\u00edcio","item":"https:\/\/www.grupomedcof.com.br\/blog\/"},{"@type":"ListItem","position":2,"name":"O que \u00e9 Enare: saiba como funciona e como a nota \u00e9 utilizada na sele\u00e7\u00e3o!"}]},{"@type":"WebSite","@id":"https:\/\/www.grupomedcof.com.br\/blog\/#website","url":"https:\/\/www.grupomedcof.com.br\/blog\/","name":"Blog de Medcof: conte\u00fados, editais, revalida e mais!","description":"Acesso o blog de MedCof! Seu portal de conte\u00fados sobre resid\u00eancia m\u00e9dica, an\u00e1lise e editais e muito mais. Clique e confira!","publisher":{"@id":"https:\/\/www.grupomedcof.com.br\/blog\/#organization"},"alternateName":"Blog de Medcof: conte\u00fados, editais, revalida e mais!","potentialAction":[{"@type":"SearchAction","target":{"@type":"EntryPoint","urlTemplate":"https:\/\/www.grupomedcof.com.br\/blog\/?s={search_term_string}"},"query-input":{"@type":"PropertyValueSpecification","valueRequired":true,"valueName":"search_term_string"}}],"inLanguage":"pt-BR"},{"@type":"Organization","@id":"https:\/\/www.grupomedcof.com.br\/blog\/#organization","name":"Grupo MedCof","url":"https:\/\/www.grupomedcof.com.br\/blog\/","logo":{"@type":"ImageObject","inLanguage":"pt-BR","@id":"https:\/\/www.grupomedcof.com.br\/blog\/#\/schema\/logo\/image\/","url":"https:\/\/www.grupomedcof.com.br\/blog\/wp-content\/uploads\/2022\/01\/logo-medcof.png","contentUrl":"https:\/\/www.grupomedcof.com.br\/blog\/wp-content\/uploads\/2022\/01\/logo-medcof.png","width":768,"height":269,"caption":"Grupo MedCof"},"image":{"@id":"https:\/\/www.grupomedcof.com.br\/blog\/#\/schema\/logo\/image\/"},"sameAs":["https:\/\/www.facebook.com\/MedCofQbank\/","https:\/\/www.instagram.com\/grupomedcof\/","https:\/\/br.linkedin.com\/company\/medcof","https:\/\/www.youtube.com\/channel\/UCdHMuOHKICxcHwecxN8P-AA"]},{"@type":"Person","@id":"https:\/\/www.grupomedcof.com.br\/blog\/#\/schema\/person\/9a44c2184a836bf5ae6967fdb3a1451e","name":"Leila Menzel","image":{"@type":"ImageObject","inLanguage":"pt-BR","@id":"https:\/\/www.grupomedcof.com.br\/blog\/wp-content\/uploads\/2025\/09\/cropped-eu-96x96.jpeg19a74936d997c0a8b3031618467fa1d0","url":"https:\/\/www.grupomedcof.com.br\/blog\/wp-content\/uploads\/2025\/09\/cropped-eu-96x96.jpeg","contentUrl":"https:\/\/www.grupomedcof.com.br\/blog\/wp-content\/uploads\/2025\/09\/cropped-eu-96x96.jpeg","caption":"Leila Menzel"},"description":"Estudante do 6\u00b0 semestre de jornalismo, amo e escrevo poesias e viajo em livros de romances clich\u00eas.","url":"https:\/\/www.grupomedcof.com.br\/blog\/author\/leila-menzel\/"}]}},"authors":[{"term_id":3616,"user_id":20,"is_guest":0,"slug":"leila-menzel","display_name":"Leila Menzel","avatar_url":"https:\/\/www.grupomedcof.com.br\/blog\/wp-content\/uploads\/2025\/09\/cropped-eu-96x96.jpeg","0":null,"1":"","2":"","3":"","4":"","5":"","6":"","7":"","8":""}],"_links":{"self":[{"href":"https:\/\/www.grupomedcof.com.br\/blog\/wp-json\/wp\/v2\/posts\/23894","targetHints":{"allow":["GET"]}}],"collection":[{"href":"https:\/\/www.grupomedcof.com.br\/blog\/wp-json\/wp\/v2\/posts"}],"about":[{"href":"https:\/\/www.grupomedcof.com.br\/blog\/wp-json\/wp\/v2\/types\/post"}],"author":[{"embeddable":true,"href":"https:\/\/www.grupomedcof.com.br\/blog\/wp-json\/wp\/v2\/users\/20"}],"replies":[{"embeddable":true,"href":"https:\/\/www.grupomedcof.com.br\/blog\/wp-json\/wp\/v2\/comments?post=23894"}],"version-history":[{"count":16,"href":"https:\/\/www.grupomedcof.com.br\/blog\/wp-json\/wp\/v2\/posts\/23894\/revisions"}],"predecessor-version":[{"id":43674,"href":"https:\/\/www.grupomedcof.com.br\/blog\/wp-json\/wp\/v2\/posts\/23894\/revisions\/43674"}],"wp:featuredmedia":[{"embeddable":true,"href":"https:\/\/www.grupomedcof.com.br\/blog\/wp-json\/wp\/v2\/media\/10226"}],"wp:attachment":[{"href":"https:\/\/www.grupomedcof.com.br\/blog\/wp-json\/wp\/v2\/media?parent=23894"}],"wp:term":[{"taxonomy":"category","embeddable":true,"href":"https:\/\/www.grupomedcof.com.br\/blog\/wp-json\/wp\/v2\/categories?post=23894"},{"taxonomy":"post_tag","embeddable":true,"href":"https:\/\/www.grupomedcof.com.br\/blog\/wp-json\/wp\/v2\/tags?post=23894"},{"taxonomy":"author","embeddable":true,"href":"https:\/\/www.grupomedcof.com.br\/blog\/wp-json\/wp\/v2\/ppma_author?post=23894"}],"curies":[{"name":"wp","href":"https:\/\/api.w.org\/{rel}","templated":true}]}}