{"id":23930,"date":"2025-08-31T15:14:06","date_gmt":"2025-08-31T18:14:06","guid":{"rendered":"https:\/\/www.grupomedcof.com.br\/blog\/?p=23930"},"modified":"2025-08-26T15:41:22","modified_gmt":"2025-08-26T18:41:22","slug":"mononucleose-infecciosa","status":"publish","type":"post","link":"https:\/\/www.grupomedcof.com.br\/blog\/mononucleose-infecciosa\/","title":{"rendered":"Mononucleose Infecciosa: veja seus sintomas, diagn\u00f3stico e tratamentos"},"content":{"rendered":"<div id=\"ez-toc-container\" class=\"ez-toc-v2_0_74 counter-hierarchy ez-toc-counter ez-toc-transparent ez-toc-container-direction\">\n<div class=\"ez-toc-title-container\">\n<p class=\"ez-toc-title\" style=\"cursor:inherit\">Sum\u00e1rio<\/p>\n<span class=\"ez-toc-title-toggle\"><a href=\"#\" class=\"ez-toc-pull-right ez-toc-btn ez-toc-btn-xs ez-toc-btn-default ez-toc-toggle\" aria-label=\"Alternar tabela de conte\u00fado\"><span class=\"ez-toc-js-icon-con\"><span class=\"\"><span class=\"eztoc-hide\" style=\"display:none;\">Toggle<\/span><span class=\"ez-toc-icon-toggle-span\"><svg style=\"fill: #999;color:#999\" xmlns=\"http:\/\/www.w3.org\/2000\/svg\" class=\"list-377408\" width=\"20px\" height=\"20px\" viewBox=\"0 0 24 24\" fill=\"none\"><path d=\"M6 6H4v2h2V6zm14 0H8v2h12V6zM4 11h2v2H4v-2zm16 0H8v2h12v-2zM4 16h2v2H4v-2zm16 0H8v2h12v-2z\" fill=\"currentColor\"><\/path><\/svg><svg style=\"fill: #999;color:#999\" class=\"arrow-unsorted-368013\" xmlns=\"http:\/\/www.w3.org\/2000\/svg\" width=\"10px\" height=\"10px\" viewBox=\"0 0 24 24\" version=\"1.2\" baseProfile=\"tiny\"><path d=\"M18.2 9.3l-6.2-6.3-6.2 6.3c-.2.2-.3.4-.3.7s.1.5.3.7c.2.2.4.3.7.3h11c.3 0 .5-.1.7-.3.2-.2.3-.5.3-.7s-.1-.5-.3-.7zM5.8 14.7l6.2 6.3 6.2-6.3c.2-.2.3-.5.3-.7s-.1-.5-.3-.7c-.2-.2-.4-.3-.7-.3h-11c-.3 0-.5.1-.7.3-.2.2-.3.5-.3.7s.1.5.3.7z\"\/><\/svg><\/span><\/span><\/span><\/a><\/span><\/div>\n<nav><ul class='ez-toc-list ez-toc-list-level-1 ' ><li class='ez-toc-page-1 ez-toc-heading-level-2'><a class=\"ez-toc-link ez-toc-heading-1\" href=\"https:\/\/www.grupomedcof.com.br\/blog\/mononucleose-infecciosa\/#Epidemiologia\" >Epidemiologia<\/a><\/li><li class='ez-toc-page-1 ez-toc-heading-level-2'><a class=\"ez-toc-link ez-toc-heading-2\" href=\"https:\/\/www.grupomedcof.com.br\/blog\/mononucleose-infecciosa\/#Etiologia_e_fisiopatologia_da_mononucleose_infecciosa\" >Etiologia e fisiopatologia da mononucleose infecciosa<\/a><\/li><li class='ez-toc-page-1 ez-toc-heading-level-2'><a class=\"ez-toc-link ez-toc-heading-3\" href=\"https:\/\/www.grupomedcof.com.br\/blog\/mononucleose-infecciosa\/#Causas_e_fatores_de_risco_da_mononucleose_infecciosa\" >Causas e fatores de risco da mononucleose infecciosa<\/a><\/li><li class='ez-toc-page-1 ez-toc-heading-level-2'><a class=\"ez-toc-link ez-toc-heading-4\" href=\"https:\/\/www.grupomedcof.com.br\/blog\/mononucleose-infecciosa\/#Principais_sintomas_da_mononucleose_infecciosa\" >Principais sintomas da mononucleose infecciosa<\/a><\/li><li class='ez-toc-page-1 ez-toc-heading-level-2'><a class=\"ez-toc-link ez-toc-heading-5\" href=\"https:\/\/www.grupomedcof.com.br\/blog\/mononucleose-infecciosa\/#_Diagnostico_da_mononucleose_infecciosa\" >&nbsp;Diagn\u00f3stico da mononucleose infecciosa<\/a><ul class='ez-toc-list-level-3' ><li class='ez-toc-heading-level-3'><a class=\"ez-toc-link ez-toc-heading-6\" href=\"https:\/\/www.grupomedcof.com.br\/blog\/mononucleose-infecciosa\/#Interpretacao_dos_testes_sorologicos\" >Interpreta\u00e7\u00e3o dos testes sorol\u00f3gicos<\/a><\/li><li class='ez-toc-page-1 ez-toc-heading-level-3'><a class=\"ez-toc-link ez-toc-heading-7\" href=\"https:\/\/www.grupomedcof.com.br\/blog\/mononucleose-infecciosa\/#Diagnostico_diferencial\" >Diagn\u00f3stico diferencial<\/a><\/li><\/ul><\/li><li class='ez-toc-page-1 ez-toc-heading-level-2'><a class=\"ez-toc-link ez-toc-heading-8\" href=\"https:\/\/www.grupomedcof.com.br\/blog\/mononucleose-infecciosa\/#Tratamento_da_mononucleose_infecciosa\" >Tratamento da mononucleose infecciosa<\/a><ul class='ez-toc-list-level-3' ><li class='ez-toc-heading-level-3'><a class=\"ez-toc-link ez-toc-heading-9\" href=\"https:\/\/www.grupomedcof.com.br\/blog\/mononucleose-infecciosa\/#Indicacoes_de_hospitalizacao\" >Indica\u00e7\u00f5es de hospitaliza\u00e7\u00e3o<\/a><\/li><\/ul><\/li><li class='ez-toc-page-1 ez-toc-heading-level-2'><a class=\"ez-toc-link ez-toc-heading-10\" href=\"https:\/\/www.grupomedcof.com.br\/blog\/mononucleose-infecciosa\/#Complicacoes_da_mononucleose_infecciosa\" >Complica\u00e7\u00f5es da mononucleose infecciosa<\/a><\/li><li class='ez-toc-page-1 ez-toc-heading-level-2'><a class=\"ez-toc-link ez-toc-heading-11\" href=\"https:\/\/www.grupomedcof.com.br\/blog\/mononucleose-infecciosa\/#Prevencao_da_mononucleose_infecciosa\" >Preven\u00e7\u00e3o da mononucleose infecciosa<\/a><\/li><li class='ez-toc-page-1 ez-toc-heading-level-2'><a class=\"ez-toc-link ez-toc-heading-12\" href=\"https:\/\/www.grupomedcof.com.br\/blog\/mononucleose-infecciosa\/#Como_a_MedCof_te_prepara_para_ser_um_medico_mais_completo\" >Como a MedCof te prepara para ser um m\u00e9dico mais completo?<\/a><\/li><\/ul><\/nav><\/div>\n\n<p>A <strong>mononucleose infecciosa <\/strong>\u00e9 uma doen\u00e7a viral causada pelo v\u00edrus<strong> Epstein-Barr <\/strong>(EBV), popularmente chamada de <strong>\u201cdoen\u00e7a do beijo\u201d<\/strong> por ser transmitida principalmente pela <strong>saliva<\/strong>. Afeta com mais frequ\u00eancia <strong>adolescentes e adultos jovens<\/strong>, causando sintomas como<strong> febre, fadiga e dor de garganta<\/strong>.<\/p>\n\n\n\n<h2 class=\"wp-block-heading\" id=\"h-epidemiologia\"><span class=\"ez-toc-section\" id=\"Epidemiologia\"><\/span><strong>Epidemiologia<\/strong><span class=\"ez-toc-section-end\"><\/span><\/h2>\n\n\n\n<p><strong>A mononucleose infecciosa<\/strong> \u00e9 uma <a href=\"https:\/\/www.grupomedcof.com.br\/blog\/identificando-as-diferentes-doencas-exantematicas\/\">doen\u00e7a <\/a>causada pelo <strong>v\u00edrus Epstein-Barr (EBV)<\/strong>, que pertence \u00e0 fam\u00edlia dos <strong>herpesv\u00edrus<\/strong> e tem distribui\u00e7\u00e3o <strong>mundial<\/strong>. Estima-se que <strong>mais de 90% da popula\u00e7\u00e3o adulta<\/strong> j\u00e1 tenha entrado em contato com o v\u00edrus em algum momento da vida.&nbsp;<\/p>\n\n\n\n<p>A infec\u00e7\u00e3o \u00e9 mais comum em <strong>adolescentes<\/strong> e <strong>adultos jovens<\/strong>, especialmente entre <strong>15 e 24 anos<\/strong>, faixa et\u00e1ria em que a transmiss\u00e3o por <strong>saliva<\/strong> \u00e9 mais frequente devido a h\u00e1bitos sociais como <strong>beijar<\/strong> e compartilhar <strong>utens\u00edlios<\/strong>.<\/p>\n\n\n\n<h2 class=\"wp-block-heading\" id=\"h-etiologia-e-fisiopatologia-da-mononucleose-infecciosa\"><span class=\"ez-toc-section\" id=\"Etiologia_e_fisiopatologia_da_mononucleose_infecciosa\"><\/span><strong>Etiologia e fisiopatologia da mononucleose infecciosa<\/strong><span class=\"ez-toc-section-end\"><\/span><\/h2>\n\n\n\n<p>A etiologia da mononucleose<a href=\"https:\/\/www.grupomedcof.com.br\/blog\/55-especialidades-medicas\/\"> infecciosa <\/a>define a causa pelo <strong>v\u00edrus Epstein-Barr (EBV)<\/strong>, um membro da fam\u00edlia <strong>Herpesviridae<\/strong>, transmitido principalmente pela <strong>saliva<\/strong>, mas tamb\u00e9m por secre\u00e7\u00f5es respirat\u00f3rias e, raramente, por transfus\u00f5es de sangue. Ap\u00f3s a infec\u00e7\u00e3o inicial, o v\u00edrus permanece <strong>latente<\/strong> no organismo por toda a vida.<\/p>\n\n\n\n<p>J\u00e1 a fisiopatologia, determina que o&nbsp; EBV infecta inicialmente o <strong>epit\u00e9lio orofar\u00edngeo<\/strong> e, em seguida, atinge os <strong>linf\u00f3citos B<\/strong>, onde se replica e estimula uma intensa resposta imune mediada por <strong>linf\u00f3citos T citot\u00f3xicos<\/strong>. Essa rea\u00e7\u00e3o leva ao aumento dos g\u00e2nglios linf\u00e1ticos, do ba\u00e7o e a sintomas sist\u00eamicos, enquanto o v\u00edrus estabelece <strong>lat\u00eancia<\/strong> e pode reativar em situa\u00e7\u00f5es de imunossupress\u00e3o.<\/p>\n\n\n\n<h2 class=\"wp-block-heading\" id=\"h-causas-e-fatores-de-risco-da-mononucleose-infecciosa\"><span class=\"ez-toc-section\" id=\"Causas_e_fatores_de_risco_da_mononucleose_infecciosa\"><\/span><strong>Causas e fatores de risco da mononucleose infecciosa<\/strong><span class=\"ez-toc-section-end\"><\/span><\/h2>\n\n\n\n<p>A principal causa da <strong>mononucleose infecciosa<\/strong> \u00e9 o <strong>v\u00edrus Epstein-Barr (EBV)<\/strong>. No entanto, em casos menos comuns, pode ser provocada por outros agentes, como <strong>citomegalov\u00edrus (CMV)<\/strong>, <strong>Toxoplasma gondii<\/strong>, <strong>HIV<\/strong> e <strong>v\u00edrus da hepatite<\/strong>. A condi\u00e7\u00e3o pode causar <strong>febre, fadiga intensa, dor de garganta, aumento dos g\u00e2nglios linf\u00e1ticos <\/strong>e, em alguns casos, <strong>complica\u00e7\u00f5es como aumento do ba\u00e7o e inflama\u00e7\u00e3o do f\u00edgado.<\/strong><\/p>\n\n\n\n<p>Os fatores de risco incluem:<\/p>\n\n\n\n<ul class=\"wp-block-list\">\n<li><strong>Contato pr\u00f3ximo com secre\u00e7\u00f5es orais<\/strong>, como no beijo ou ao compartilhar copos e talheres.<\/li>\n\n\n\n<li><strong>Hist\u00f3rico pr\u00e9vio de infec\u00e7\u00f5es por herpesv\u00edrus<\/strong>.<\/li>\n\n\n\n<li><strong>Idade entre 15 e 24 anos<\/strong>, per\u00edodo de maior exposi\u00e7\u00e3o social.<\/li>\n\n\n\n<li><strong>Sistema imunol\u00f3gico enfraquecido<\/strong>, seja por doen\u00e7as ou medicamentos.<\/li>\n\n\n\n<li><strong>Exposi\u00e7\u00e3o frequente a ambientes aglomerados<\/strong>, como escolas e universidades.<\/li>\n<\/ul>\n\n\n\n<h2 class=\"wp-block-heading\" id=\"h-principais-sintomas-da-mononucleose-infecciosa\"><span class=\"ez-toc-section\" id=\"Principais_sintomas_da_mononucleose_infecciosa\"><\/span><strong>Principais sintomas da mononucleose infecciosa<\/strong><span class=\"ez-toc-section-end\"><\/span><\/h2>\n\n\n\n<p>Os principais sintoma da mononucleose s\u00e3o:<\/p>\n\n\n\n<ul class=\"wp-block-list\">\n<li><strong>Febre<\/strong>.<\/li>\n\n\n\n<li><strong>Faringite exsudativa<\/strong> (dor de garganta com placas brancas).<\/li>\n\n\n\n<li><strong>Linfadenopatia cervical posterior<\/strong> (g\u00e2nglios aumentados no pesco\u00e7o).<\/li>\n\n\n\n<li><strong>Fadiga intensa<\/strong>.<\/li>\n\n\n\n<li><strong>Mal-estar geral<\/strong>.<\/li>\n\n\n\n<li><strong>Sudorese noturna<\/strong>.<\/li>\n<\/ul>\n\n\n\n<p>Al\u00e9m dos sintomas cl\u00e1ssicos, tamb\u00e9m podem ocorrer <strong>esplenomegalia<\/strong> (aumento do ba\u00e7o), <strong>hepatomegalia<\/strong> (aumento do f\u00edgado), <strong>exantema<\/strong> (erup\u00e7\u00e3o cut\u00e2nea) e sinais inespec\u00edficos semelhantes aos de uma <strong>gripe<\/strong>.&nbsp;<\/p>\n\n\n\n<p>\u00c9 importante destacar que o quadro pode <strong>simular infec\u00e7\u00f5es bacterianas<\/strong>, e em <strong>adolescentes e adultos jovens<\/strong> a <strong>fadiga<\/strong> pode persistir por <strong>semanas<\/strong>, mesmo ap\u00f3s a melhora dos demais sintomas.<\/p>\n\n\n\n<h2 class=\"wp-block-heading\"><span class=\"ez-toc-section\" id=\"_Diagnostico_da_mononucleose_infecciosa\"><\/span><strong>&nbsp;Diagn\u00f3stico da mononucleose infecciosa<\/strong><span class=\"ez-toc-section-end\"><\/span><\/h2>\n\n\n\n<figure class=\"wp-block-image\"><img decoding=\"async\" src=\"https:\/\/lh7-rt.googleusercontent.com\/docsz\/AD_4nXdFRf2MdIwd4yKpHhWdHvPmNPlGIEMjYKSYkZFZvOkD9b5O4cdMtMCt0s9PHSMxhITXNldcEslOOvjuAH299WVaGOfPLhr_vkPld-7IxQpNEQG5z_8U1lFqRleWVyUwD1icIM8cLQ?key=vDFLsGXtrMoj7H-nFx-A1g\" alt=\"\"\/><figcaption class=\"wp-element-caption\">Imagem\/Reprodu\u00e7\u00e3o: Canva.<\/figcaption><\/figure>\n\n\n\n<p>Existem m\u00e9todos diagn\u00f3sticos para detectar a mononucleose infecciosa, sendo eles:<\/p>\n\n\n\n<ul class=\"wp-block-list\">\n<li><strong>Cl\u00ednico<\/strong>: avalia\u00e7\u00e3o dos sintomas cl\u00e1ssicos (febre, faringite, linfadenopatia) e hist\u00f3rico do paciente.<\/li>\n\n\n\n<li><strong>Laboratorial b\u00e1sico<\/strong>: hemograma com <strong>linfocitose at\u00edpica<\/strong> e aumento discreto das enzimas hep\u00e1ticas.<\/li>\n\n\n\n<li><strong>Sorol\u00f3gico<\/strong>: detec\u00e7\u00e3o de anticorpos espec\u00edficos contra o EBV (VCA-IgM, VCA-IgG, EBNA).<\/li>\n\n\n\n<li><strong>Teste de anticorpos heter\u00f3filos (Monospot)<\/strong>: r\u00e1pido e de baixo custo, mas com menor sensibilidade em crian\u00e7as e nos est\u00e1gios iniciais da infec\u00e7\u00e3o.<\/li>\n\n\n\n<li><strong>Molecular (PCR)<\/strong>: identifica o DNA viral, \u00fatil em casos at\u00edpicos ou imunossuprimidos.<\/li>\n<\/ul>\n\n\n\n<h3 class=\"wp-block-heading\" id=\"h-interpretacao-dos-testes-sorologicos\"><span class=\"ez-toc-section\" id=\"Interpretacao_dos_testes_sorologicos\"><\/span><strong>Interpreta\u00e7\u00e3o dos testes sorol\u00f3gicos<\/strong><span class=\"ez-toc-section-end\"><\/span><\/h3>\n\n\n\n<p>O diagn\u00f3stico sorol\u00f3gico da <strong>mononucleose infecciosa<\/strong> baseia-se na detec\u00e7\u00e3o de anticorpos contra diferentes ant\u00edgenos do <strong>v\u00edrus Epstein-Barr (EBV)<\/strong>:<\/p>\n\n\n\n<ul class=\"wp-block-list\">\n<li><strong>VCA-IgM (anticorpo contra ant\u00edgeno da c\u00e1pside viral)<\/strong> \u2013 aparece logo no in\u00edcio da infec\u00e7\u00e3o, indicando <strong>fase aguda<\/strong>; desaparece em poucas semanas.<\/li>\n\n\n\n<li><strong>VCA-IgG (anticorpo contra ant\u00edgeno da c\u00e1pside viral)<\/strong> \u2013 surge na fase aguda, mas <strong>permanece por toda a vida<\/strong>, indicando contato pr\u00e9vio com o v\u00edrus.<\/li>\n\n\n\n<li><strong>EBNA (anticorpo contra ant\u00edgeno nuclear do EBV)<\/strong> \u2013 surge meses ap\u00f3s a infec\u00e7\u00e3o e confirma <strong>infec\u00e7\u00e3o passada<\/strong>.<\/li>\n<\/ul>\n\n\n\n<p>O <strong>teste de anticorpos heter\u00f3filos (Monospot)<\/strong> \u00e9 r\u00e1pido e barato, detectando anticorpos inespec\u00edficos produzidos na infec\u00e7\u00e3o aguda pelo EBV. Apesar disso, pode apresentar <strong>falsos negativos<\/strong> em crian\u00e7as menores de 4 anos ou nos primeiros dias de sintomas, e <strong>falsos positivos<\/strong> em outras doen\u00e7as virais.<\/p>\n\n\n\n<p>Os <strong>m\u00e9todos moleculares (PCR)<\/strong> detectam diretamente o DNA viral e s\u00e3o \u00fateis em casos at\u00edpicos, pacientes imunossuprimidos ou quando h\u00e1 necessidade de diagn\u00f3stico precoce e preciso.<\/p>\n\n\n\n<h4 class=\"wp-block-heading\"><strong>Esquema interpretativo dos resultados sorol\u00f3gicos:<\/strong><\/h4>\n\n\n\n<figure class=\"wp-block-table\"><table class=\"has-fixed-layout\"><tbody><tr><td><strong>Situa\u00e7\u00e3o cl\u00ednica<\/strong><\/td><td><strong>VCA-IgM<\/strong><\/td><td><strong>VCA-IgG<\/strong><\/td><td><strong>EBNA<\/strong><\/td><td><strong>Interpreta\u00e7\u00e3o<\/strong><\/td><\/tr><tr><td>Infec\u00e7\u00e3o aguda<\/td><td><strong>+<\/strong><\/td><td><strong>+<\/strong><\/td><td>\u2013<\/td><td>Infec\u00e7\u00e3o recente pelo EBV<\/td><\/tr><tr><td>Infec\u00e7\u00e3o passada<\/td><td>\u2013<\/td><td><strong>+<\/strong><\/td><td><strong>+<\/strong><\/td><td>Contato pr\u00e9vio, imunidade adquirida<\/td><\/tr><tr><td>Infec\u00e7\u00e3o muito recente<\/td><td><strong>+<\/strong><\/td><td>\u2013<\/td><td>\u2013<\/td><td>Fase inicial, antes da soroconvers\u00e3o do IgG<\/td><\/tr><tr><td>Sem infec\u00e7\u00e3o<\/td><td>\u2013<\/td><td>\u2013<\/td><td>\u2013<\/td><td>Sem contato com o EBV<\/td><\/tr><tr><td>Infec\u00e7\u00e3o tardia ou reativa\u00e7\u00e3o<\/td><td>\u2013<\/td><td><strong>+<\/strong><\/td><td>\u2013<\/td><td>Poss\u00edvel reativa\u00e7\u00e3o ou teste falso-negativo para EBNA<\/td><\/tr><\/tbody><\/table><\/figure>\n\n\n\n<h3 class=\"wp-block-heading\" id=\"h-diagnostico-diferencial\"><span class=\"ez-toc-section\" id=\"Diagnostico_diferencial\"><\/span><strong>Diagn\u00f3stico diferencial<\/strong><span class=\"ez-toc-section-end\"><\/span><\/h3>\n\n\n\n<p>A mononucleose pode ser confundida com v\u00e1rias doen\u00e7as que apresentam febre, dor de garganta e linfonodos aumentados, como:<\/p>\n\n\n\n<ul class=\"wp-block-list\">\n<li><strong>Faringite estreptoc\u00f3cica<\/strong> \u2013 presen\u00e7a de pus e febre alta, mas sem linfocitose at\u00edpica.<\/li>\n\n\n\n<li><strong>Citomegalov\u00edrus (CMV)<\/strong> \u2013 sintomas semelhantes, mas testes para EBV negativos.<\/li>\n\n\n\n<li><strong>Infec\u00e7\u00e3o aguda pelo HIV<\/strong> \u2013 quadro viral inespec\u00edfico, febre e adenopatia generalizada.<\/li>\n\n\n\n<li><strong>Toxoplasmose<\/strong> \u2013 linfonodomegalia, geralmente sem faringite intensa.<\/li>\n\n\n\n<li><strong>Outras viroses respirat\u00f3rias<\/strong> \u2013 gripe, adenov\u00edrus e enterov\u00edrus.<\/li>\n<\/ul>\n\n\n\n<h2 class=\"wp-block-heading\" id=\"h-tratamento-da-mononucleose-infecciosa\"><span class=\"ez-toc-section\" id=\"Tratamento_da_mononucleose_infecciosa\"><\/span><strong>Tratamento da mononucleose infecciosa<\/strong><span class=\"ez-toc-section-end\"><\/span><\/h2>\n\n\n\n<p>O tratamento \u00e9 <strong>sintom\u00e1tico e de suporte<\/strong>, incluindo:<\/p>\n\n\n\n<ul class=\"wp-block-list\">\n<li><strong>Analg\u00e9sicos<\/strong> e <strong>antit\u00e9rmicos<\/strong> para aliviar dor e febre.<\/li>\n\n\n\n<li><strong>Hidrata\u00e7\u00e3o adequada<\/strong> para favorecer a recupera\u00e7\u00e3o.<\/li>\n\n\n\n<li><strong>Repouso relativo<\/strong>, principalmente nos primeiros dias.<\/li>\n<\/ul>\n\n\n\n<p>Os <strong>antibi\u00f3ticos<\/strong> n\u00e3o s\u00e3o indicados, exceto se houver <strong>infec\u00e7\u00e3o bacteriana associada<\/strong>, como faringite estreptoc\u00f3cica. Em casos graves, como <strong>obstru\u00e7\u00e3o de vias a\u00e9reas<\/strong>, pode-se considerar o uso de <strong>corticoides<\/strong> sob supervis\u00e3o m\u00e9dica.<\/p>\n\n\n\n<p>\u00c9 fundamental <strong>evitar atividades f\u00edsicas intensas<\/strong> por, no m\u00ednimo, <strong>3 a 4 semanas<\/strong> ap\u00f3s o in\u00edcio dos sintomas, especialmente esportes de contato, para prevenir <strong>ruptura espl\u00eanica<\/strong>, uma complica\u00e7\u00e3o rara, mas grave.<\/p>\n\n\n\n<p>No geral, os sintomas principais da mononucleose infecciosa duram de<strong> 2 a 4 semanas,<\/strong> embora a fadiga possa durar v\u00e1rias semanas ou at\u00e9 meses.<\/p>\n\n\n\n<h3 class=\"wp-block-heading\" id=\"h-indicacoes-de-hospitalizacao\"><span class=\"ez-toc-section\" id=\"Indicacoes_de_hospitalizacao\"><\/span><strong>Indica\u00e7\u00f5es de hospitaliza\u00e7\u00e3o<\/strong><span class=\"ez-toc-section-end\"><\/span><\/h3>\n\n\n\n<p>A interna\u00e7\u00e3o para <strong>mononucleose infecciosa<\/strong> \u00e9 rara, mas pode ser necess\u00e1ria em situa\u00e7\u00f5es de complica\u00e7\u00e3o ou risco aumentado. Os principais crit\u00e9rios incluem:<\/p>\n\n\n\n<ul class=\"wp-block-list\">\n<li><strong>Obstru\u00e7\u00e3o grave das vias a\u00e9reas<\/strong> por hipertrofia de am\u00edgdalas ou linfonodos cervicais.<\/li>\n\n\n\n<li><strong>Dificuldade para deglutir l\u00edquidos<\/strong>, levando \u00e0 desidrata\u00e7\u00e3o.<\/li>\n\n\n\n<li><strong>Ruptura espl\u00eanica<\/strong> (suspeita ou confirmada).<\/li>\n\n\n\n<li><strong>Complica\u00e7\u00f5es neurol\u00f3gicas<\/strong>, como meningite, encefalite ou s\u00edndrome de Guillain-Barr\u00e9.<\/li>\n\n\n\n<li><strong>Comprometimento hep\u00e1tico grave<\/strong>, com icter\u00edcia intensa e altera\u00e7\u00e3o importante das enzimas hep\u00e1ticas.<\/li>\n\n\n\n<li><strong>Quadro infeccioso misto grave<\/strong> ou imunossupress\u00e3o significativa.<\/li>\n<\/ul>\n\n\n\n<p><strong>O manejo de casos graves envolve<\/strong> <strong>suporte respirat\u00f3rio<\/strong> quando h\u00e1 risco de insufici\u00eancia ventilat\u00f3ria, uso criterioso de <strong>corticoides<\/strong> para reduzir edema orofar\u00edngeo e monitoramento cl\u00ednico rigoroso. Em caso de ruptura espl\u00eanica ou hemorragia interna, o manejo \u00e9 de <strong>emerg\u00eancia hospitalar<\/strong>.<\/p>\n\n\n\n<p>Em<strong> situa\u00e7\u00f5es que requerem avalia\u00e7\u00e3o cir\u00fargica,<\/strong> a <strong>esplenectomia<\/strong> (remo\u00e7\u00e3o do ba\u00e7o) pode ser indicada em casos de <strong>ruptura espl\u00eanica<\/strong> com instabilidade hemodin\u00e2mica, enquanto procedimentos de drenagem ou controle de vias a\u00e9reas podem ser necess\u00e1rios em complica\u00e7\u00f5es raras, mas graves, da regi\u00e3o orofar\u00edngea.<\/p>\n\n\n\n<h2 class=\"wp-block-heading\" id=\"h-complicacoes-da-mononucleose-infecciosa\"><span class=\"ez-toc-section\" id=\"Complicacoes_da_mononucleose_infecciosa\"><\/span><strong>Complica\u00e7\u00f5es da mononucleose infecciosa<\/strong><span class=\"ez-toc-section-end\"><\/span><\/h2>\n\n\n\n<p>As complica\u00e7\u00f5es envolvem:<\/p>\n\n\n\n<ul class=\"wp-block-list\">\n<li><strong>Hepatite leve<\/strong> (aumento discreto das enzimas hep\u00e1ticas);<\/li>\n\n\n\n<li><strong>Icter\u00edcia<\/strong> (amarelamento da pele e mucosas, mais rara;<\/li>\n\n\n\n<li><strong>Esplenomegalia com risco de ruptura espl\u00eanica;<\/strong><\/li>\n\n\n\n<li><strong>Anemia hemol\u00edtica ou apl\u00e1stica;<\/strong><\/li>\n\n\n\n<li><strong>Trombocitopenia<\/strong> (diminui\u00e7\u00e3o das plaquetas);<\/li>\n\n\n\n<li><strong>Meningite ou encefalite<\/strong> (inflama\u00e7\u00e3o do c\u00e9rebro e das meninges, rara);<\/li>\n\n\n\n<li><strong>Miocardite<\/strong> (inflama\u00e7\u00e3o do cora\u00e7\u00e3o, rara);<\/li>\n\n\n\n<li><strong>Infec\u00e7\u00f5es secund\u00e1rias bacterianas<\/strong> (como amigdalite bacteriana).<\/li>\n<\/ul>\n\n\n\n<p>Vale lembrar que a grande maioria dos casos evolui de forma benigna, mas pacientes imunossuprimidos ou com comorbidades exigem aten\u00e7\u00e3o especial devido ao risco aumentado de complica\u00e7\u00f5es graves.<\/p>\n\n\n\n<h2 class=\"wp-block-heading\" id=\"h-prevencao-da-mononucleose-infecciosa\"><span class=\"ez-toc-section\" id=\"Prevencao_da_mononucleose_infecciosa\"><\/span><strong>Preven\u00e7\u00e3o da mononucleose infecciosa<\/strong><span class=\"ez-toc-section-end\"><\/span><\/h2>\n\n\n\n<p>Atualmente, <strong>n\u00e3o existe vacina espec\u00edfica contra a mononucleose infecciosa<\/strong>. A preven\u00e7\u00e3o baseia-se principalmente em <strong>medidas gerais de cuidado e higiene<\/strong>:<\/p>\n\n\n\n<ul class=\"wp-block-list\">\n<li>Evitar o <strong>compartilhamento de utens\u00edlios<\/strong>, como copos, talheres e garrafas;<\/li>\n\n\n\n<li>Evitar <strong>contato \u00edntimo com secre\u00e7\u00f5es orais<\/strong> de indiv\u00edduos sintom\u00e1ticos (beijos, por exemplo);<\/li>\n\n\n\n<li>Manter <strong>higiene adequada das m\u00e3os<\/strong> e cuidados com superf\u00edcies compartilhadas.<\/li>\n<\/ul>\n\n\n\n<h2 class=\"wp-block-heading\" id=\"h-como-a-medcof-te-prepara-para-ser-um-medico-mais-completo\"><span class=\"ez-toc-section\" id=\"Como_a_MedCof_te_prepara_para_ser_um_medico_mais_completo\"><\/span><strong>Como a MedCof te prepara para ser um m\u00e9dico mais completo?<\/strong><span class=\"ez-toc-section-end\"><\/span><\/h2>\n\n\n\n<p>Na <a href=\"https:\/\/www.grupomedcof.com.br\/home\/\"><strong>MedCof<\/strong><\/a>, <strong>a<\/strong><a href=\"https:\/\/www.grupomedcof.com.br\/home\/sobre-nos\"><strong> prepara\u00e7\u00e3o vai muito al\u00e9m das provas<\/strong><\/a>. Nosso objetivo \u00e9 formar m\u00e9dicos s\u00f3lidos e confiantes, oferecendo <strong>aprendizado completo nos pilares te\u00f3ricos, cl\u00ednicos e pr\u00e1ticos<\/strong>, fundamentais tanto para a <a href=\"https:\/\/www.grupomedcof.com.br\/blog\/o-que-e-residencia-medica\/\">resid\u00eancia<\/a> quanto para a pr\u00e1tica m\u00e9dica real.<\/p>\n\n\n\n<figure class=\"wp-block-embed is-type-video is-provider-youtube wp-block-embed-youtube wp-embed-aspect-16-9 wp-has-aspect-ratio\"><div class=\"wp-block-embed__wrapper\">\n<div class=\"youtube-embed\" data-video_id=\"wtb_qEoSShI\"><iframe loading=\"lazy\" title=\"USP-RP Neurocirurgia: Paulo Gabriel Thomaz Matias, aprovado em 3\u00b0 lugar.\" width=\"696\" height=\"392\" src=\"https:\/\/www.youtube.com\/embed\/wtb_qEoSShI?feature=oembed&#038;enablejsapi=1\" frameborder=\"0\" allow=\"accelerometer; autoplay; clipboard-write; encrypted-media; gyroscope; picture-in-picture; web-share\" referrerpolicy=\"strict-origin-when-cross-origin\" allowfullscreen><\/iframe><\/div>\n<\/div><\/figure>\n","protected":false},"excerpt":{"rendered":"<p>Saiba o que \u00e9 a mononucleose infecciosa, causas e meios de transmiss\u00e3o. Entenda os sintomas, diagn\u00f3stico e tratamentos que garantem uma boa recupera\u00e7\u00e3o.<\/p>\n","protected":false},"author":10,"featured_media":23931,"comment_status":"open","ping_status":"open","sticky":false,"template":"","format":"standard","meta":{"footnotes":""},"categories":[195,120],"tags":[1303,1140,1302,1304],"ppma_author":[3613],"class_list":{"0":"post-23930","1":"post","2":"type-post","3":"status-publish","4":"format-standard","5":"has-post-thumbnail","7":"category-infectologia","8":"category-pediatria","9":"tag-ebv","10":"tag-infeccao","11":"tag-mononucleose","12":"tag-virus"},"yoast_head":"<!-- This site is optimized with the Yoast SEO Premium plugin v24.3 (Yoast SEO v27.4) - https:\/\/yoast.com\/product\/yoast-seo-premium-wordpress\/ -->\n<title>Mononucleose Infecciosa: conhe\u00e7a sintomas e tratamento<\/title>\n<meta name=\"description\" content=\"Saiba o que \u00e9 a mononucleose infecciosa, causas e meios de transmiss\u00e3o. Entenda os sintomas, diagn\u00f3stico e tratamentos que garantem uma boa recupera\u00e7\u00e3o.\" \/>\n<meta name=\"robots\" content=\"index, follow, max-snippet:-1, max-image-preview:large, max-video-preview:-1\" \/>\n<link rel=\"canonical\" href=\"https:\/\/www.grupomedcof.com.br\/blog\/mononucleose-infecciosa\/\" \/>\n<meta property=\"og:locale\" content=\"pt_BR\" \/>\n<meta property=\"og:type\" content=\"article\" \/>\n<meta property=\"og:title\" content=\"Mononucleose Infecciosa: veja seus sintomas, diagn\u00f3stico e tratamentos\" \/>\n<meta property=\"og:description\" content=\"Saiba o que \u00e9 a mononucleose infecciosa, causas e meios de transmiss\u00e3o. Entenda os sintomas, diagn\u00f3stico e tratamentos que garantem uma boa recupera\u00e7\u00e3o.\" \/>\n<meta property=\"og:url\" content=\"https:\/\/www.grupomedcof.com.br\/blog\/mononucleose-infecciosa\/\" \/>\n<meta property=\"og:site_name\" content=\"Blog de Medcof: conte\u00fados, editais, revalida e mais!\" \/>\n<meta property=\"article:publisher\" content=\"https:\/\/www.facebook.com\/MedCofQbank\/\" \/>\n<meta property=\"article:published_time\" content=\"2025-08-31T18:14:06+00:00\" \/>\n<meta property=\"og:image\" content=\"https:\/\/www.grupomedcof.com.br\/blog\/wp-content\/uploads\/2024\/04\/Blog-MedCof-66-1024x576.png\" \/>\n\t<meta property=\"og:image:width\" content=\"1024\" \/>\n\t<meta property=\"og:image:height\" content=\"576\" \/>\n\t<meta property=\"og:image:type\" content=\"image\/png\" \/>\n<meta name=\"author\" content=\"Grupo MedCof\" \/>\n<meta name=\"twitter:card\" content=\"summary_large_image\" \/>\n<meta name=\"twitter:label1\" content=\"Escrito por\" \/>\n\t<meta name=\"twitter:data1\" content=\"Grupo MedCof\" \/>\n\t<meta name=\"twitter:label2\" content=\"Est. tempo de leitura\" \/>\n\t<meta name=\"twitter:data2\" content=\"8 minutos\" \/>\n<script type=\"application\/ld+json\" class=\"yoast-schema-graph\">{\"@context\":\"https:\\\/\\\/schema.org\",\"@graph\":[{\"@type\":\"Article\",\"@id\":\"https:\\\/\\\/www.grupomedcof.com.br\\\/blog\\\/mononucleose-infecciosa\\\/#article\",\"isPartOf\":{\"@id\":\"https:\\\/\\\/www.grupomedcof.com.br\\\/blog\\\/mononucleose-infecciosa\\\/\"},\"author\":{\"name\":\"Grupo MedCof\",\"@id\":\"https:\\\/\\\/www.grupomedcof.com.br\\\/blog\\\/#\\\/schema\\\/person\\\/5e56a3921255c01181f3d8c20d53f9c0\"},\"headline\":\"Mononucleose Infecciosa: veja seus sintomas, diagn\u00f3stico e tratamentos\",\"datePublished\":\"2025-08-31T18:14:06+00:00\",\"mainEntityOfPage\":{\"@id\":\"https:\\\/\\\/www.grupomedcof.com.br\\\/blog\\\/mononucleose-infecciosa\\\/\"},\"wordCount\":1503,\"commentCount\":0,\"publisher\":{\"@id\":\"https:\\\/\\\/www.grupomedcof.com.br\\\/blog\\\/#organization\"},\"image\":{\"@id\":\"https:\\\/\\\/www.grupomedcof.com.br\\\/blog\\\/mononucleose-infecciosa\\\/#primaryimage\"},\"thumbnailUrl\":\"https:\\\/\\\/www.grupomedcof.com.br\\\/blog\\\/wp-content\\\/uploads\\\/2024\\\/04\\\/Blog-MedCof-66.png\",\"keywords\":[\"ebv\",\"infec\u00e7\u00e3o\",\"mononucleose\",\"v\u00edrus\"],\"articleSection\":[\"Infectologia\",\"Pediatria\"],\"inLanguage\":\"pt-BR\"},{\"@type\":\"WebPage\",\"@id\":\"https:\\\/\\\/www.grupomedcof.com.br\\\/blog\\\/mononucleose-infecciosa\\\/\",\"url\":\"https:\\\/\\\/www.grupomedcof.com.br\\\/blog\\\/mononucleose-infecciosa\\\/\",\"name\":\"Mononucleose Infecciosa: conhe\u00e7a sintomas e tratamento\",\"isPartOf\":{\"@id\":\"https:\\\/\\\/www.grupomedcof.com.br\\\/blog\\\/#website\"},\"primaryImageOfPage\":{\"@id\":\"https:\\\/\\\/www.grupomedcof.com.br\\\/blog\\\/mononucleose-infecciosa\\\/#primaryimage\"},\"image\":{\"@id\":\"https:\\\/\\\/www.grupomedcof.com.br\\\/blog\\\/mononucleose-infecciosa\\\/#primaryimage\"},\"thumbnailUrl\":\"https:\\\/\\\/www.grupomedcof.com.br\\\/blog\\\/wp-content\\\/uploads\\\/2024\\\/04\\\/Blog-MedCof-66.png\",\"datePublished\":\"2025-08-31T18:14:06+00:00\",\"description\":\"Saiba o que \u00e9 a mononucleose infecciosa, causas e meios de transmiss\u00e3o. Entenda os sintomas, diagn\u00f3stico e tratamentos que garantem uma boa recupera\u00e7\u00e3o.\",\"breadcrumb\":{\"@id\":\"https:\\\/\\\/www.grupomedcof.com.br\\\/blog\\\/mononucleose-infecciosa\\\/#breadcrumb\"},\"inLanguage\":\"pt-BR\",\"potentialAction\":[{\"@type\":\"ReadAction\",\"target\":[\"https:\\\/\\\/www.grupomedcof.com.br\\\/blog\\\/mononucleose-infecciosa\\\/\"]}]},{\"@type\":\"ImageObject\",\"inLanguage\":\"pt-BR\",\"@id\":\"https:\\\/\\\/www.grupomedcof.com.br\\\/blog\\\/mononucleose-infecciosa\\\/#primaryimage\",\"url\":\"https:\\\/\\\/www.grupomedcof.com.br\\\/blog\\\/wp-content\\\/uploads\\\/2024\\\/04\\\/Blog-MedCof-66.png\",\"contentUrl\":\"https:\\\/\\\/www.grupomedcof.com.br\\\/blog\\\/wp-content\\\/uploads\\\/2024\\\/04\\\/Blog-MedCof-66.png\",\"width\":1920,\"height\":1080,\"caption\":\"recomendado selecionar uma imagem destacada para uma melhor experi\u00eancia do usu\u00e1rio.\"},{\"@type\":\"BreadcrumbList\",\"@id\":\"https:\\\/\\\/www.grupomedcof.com.br\\\/blog\\\/mononucleose-infecciosa\\\/#breadcrumb\",\"itemListElement\":[{\"@type\":\"ListItem\",\"position\":1,\"name\":\"In\u00edcio\",\"item\":\"https:\\\/\\\/www.grupomedcof.com.br\\\/blog\\\/\"},{\"@type\":\"ListItem\",\"position\":2,\"name\":\"Mononucleose Infecciosa: veja seus sintomas, diagn\u00f3stico e tratamentos\"}]},{\"@type\":\"WebSite\",\"@id\":\"https:\\\/\\\/www.grupomedcof.com.br\\\/blog\\\/#website\",\"url\":\"https:\\\/\\\/www.grupomedcof.com.br\\\/blog\\\/\",\"name\":\"Blog de Medcof: conte\u00fados, editais, revalida e mais!\",\"description\":\"Acesso o blog de MedCof! Seu portal de conte\u00fados sobre resid\u00eancia m\u00e9dica, an\u00e1lise e editais e muito mais. Clique e confira!\",\"publisher\":{\"@id\":\"https:\\\/\\\/www.grupomedcof.com.br\\\/blog\\\/#organization\"},\"alternateName\":\"Blog de Medcof: conte\u00fados, editais, revalida e mais!\",\"potentialAction\":[{\"@type\":\"SearchAction\",\"target\":{\"@type\":\"EntryPoint\",\"urlTemplate\":\"https:\\\/\\\/www.grupomedcof.com.br\\\/blog\\\/?s={search_term_string}\"},\"query-input\":{\"@type\":\"PropertyValueSpecification\",\"valueRequired\":true,\"valueName\":\"search_term_string\"}}],\"inLanguage\":\"pt-BR\"},{\"@type\":\"Organization\",\"@id\":\"https:\\\/\\\/www.grupomedcof.com.br\\\/blog\\\/#organization\",\"name\":\"Grupo MedCof\",\"url\":\"https:\\\/\\\/www.grupomedcof.com.br\\\/blog\\\/\",\"logo\":{\"@type\":\"ImageObject\",\"inLanguage\":\"pt-BR\",\"@id\":\"https:\\\/\\\/www.grupomedcof.com.br\\\/blog\\\/#\\\/schema\\\/logo\\\/image\\\/\",\"url\":\"https:\\\/\\\/www.grupomedcof.com.br\\\/blog\\\/wp-content\\\/uploads\\\/2022\\\/01\\\/logo-medcof.png\",\"contentUrl\":\"https:\\\/\\\/www.grupomedcof.com.br\\\/blog\\\/wp-content\\\/uploads\\\/2022\\\/01\\\/logo-medcof.png\",\"width\":768,\"height\":269,\"caption\":\"Grupo MedCof\"},\"image\":{\"@id\":\"https:\\\/\\\/www.grupomedcof.com.br\\\/blog\\\/#\\\/schema\\\/logo\\\/image\\\/\"},\"sameAs\":[\"https:\\\/\\\/www.facebook.com\\\/MedCofQbank\\\/\",\"https:\\\/\\\/www.instagram.com\\\/grupomedcof\\\/\",\"https:\\\/\\\/br.linkedin.com\\\/company\\\/medcof\",\"https:\\\/\\\/www.youtube.com\\\/channel\\\/UCdHMuOHKICxcHwecxN8P-AA\"]},{\"@type\":\"Person\",\"@id\":\"https:\\\/\\\/www.grupomedcof.com.br\\\/blog\\\/#\\\/schema\\\/person\\\/5e56a3921255c01181f3d8c20d53f9c0\",\"name\":\"Grupo MedCof\",\"image\":{\"@type\":\"ImageObject\",\"inLanguage\":\"pt-BR\",\"@id\":\"https:\\\/\\\/www.grupomedcof.com.br\\\/blog\\\/wp-content\\\/uploads\\\/2023\\\/04\\\/cropped-cropped-cropped-cropped-logo-96x96.png28585d174f19c23095510da5f63bc127\",\"url\":\"https:\\\/\\\/www.grupomedcof.com.br\\\/blog\\\/wp-content\\\/uploads\\\/2023\\\/04\\\/cropped-cropped-cropped-cropped-logo-96x96.png\",\"contentUrl\":\"https:\\\/\\\/www.grupomedcof.com.br\\\/blog\\\/wp-content\\\/uploads\\\/2023\\\/04\\\/cropped-cropped-cropped-cropped-logo-96x96.png\",\"caption\":\"Grupo MedCof\"},\"description\":\"Tendo aulas baseadas em quest\u00f5es, + de 115 subespecialistas dispon\u00edveis e uma metodologia \u00fanica, voc\u00ea pode se juntar ao nosso time que conta com mais de 10 mil ...\",\"url\":\"https:\\\/\\\/www.grupomedcof.com.br\\\/blog\\\/author\\\/grupo-medcof\\\/\"}]}<\/script>\n<!-- \/ Yoast SEO Premium plugin. -->","yoast_head_json":{"title":"Mononucleose Infecciosa: conhe\u00e7a sintomas e tratamento","description":"Saiba o que \u00e9 a mononucleose infecciosa, causas e meios de transmiss\u00e3o. Entenda os sintomas, diagn\u00f3stico e tratamentos que garantem uma boa recupera\u00e7\u00e3o.","robots":{"index":"index","follow":"follow","max-snippet":"max-snippet:-1","max-image-preview":"max-image-preview:large","max-video-preview":"max-video-preview:-1"},"canonical":"https:\/\/www.grupomedcof.com.br\/blog\/mononucleose-infecciosa\/","og_locale":"pt_BR","og_type":"article","og_title":"Mononucleose Infecciosa: veja seus sintomas, diagn\u00f3stico e tratamentos","og_description":"Saiba o que \u00e9 a mononucleose infecciosa, causas e meios de transmiss\u00e3o. Entenda os sintomas, diagn\u00f3stico e tratamentos que garantem uma boa recupera\u00e7\u00e3o.","og_url":"https:\/\/www.grupomedcof.com.br\/blog\/mononucleose-infecciosa\/","og_site_name":"Blog de Medcof: conte\u00fados, editais, revalida e mais!","article_publisher":"https:\/\/www.facebook.com\/MedCofQbank\/","article_published_time":"2025-08-31T18:14:06+00:00","og_image":[{"width":1024,"height":576,"url":"https:\/\/www.grupomedcof.com.br\/blog\/wp-content\/uploads\/2024\/04\/Blog-MedCof-66-1024x576.png","type":"image\/png"}],"author":"Grupo MedCof","twitter_card":"summary_large_image","twitter_misc":{"Escrito por":"Grupo MedCof","Est. tempo de leitura":"8 minutos"},"schema":{"@context":"https:\/\/schema.org","@graph":[{"@type":"Article","@id":"https:\/\/www.grupomedcof.com.br\/blog\/mononucleose-infecciosa\/#article","isPartOf":{"@id":"https:\/\/www.grupomedcof.com.br\/blog\/mononucleose-infecciosa\/"},"author":{"name":"Grupo MedCof","@id":"https:\/\/www.grupomedcof.com.br\/blog\/#\/schema\/person\/5e56a3921255c01181f3d8c20d53f9c0"},"headline":"Mononucleose Infecciosa: veja seus sintomas, diagn\u00f3stico e tratamentos","datePublished":"2025-08-31T18:14:06+00:00","mainEntityOfPage":{"@id":"https:\/\/www.grupomedcof.com.br\/blog\/mononucleose-infecciosa\/"},"wordCount":1503,"commentCount":0,"publisher":{"@id":"https:\/\/www.grupomedcof.com.br\/blog\/#organization"},"image":{"@id":"https:\/\/www.grupomedcof.com.br\/blog\/mononucleose-infecciosa\/#primaryimage"},"thumbnailUrl":"https:\/\/www.grupomedcof.com.br\/blog\/wp-content\/uploads\/2024\/04\/Blog-MedCof-66.png","keywords":["ebv","infec\u00e7\u00e3o","mononucleose","v\u00edrus"],"articleSection":["Infectologia","Pediatria"],"inLanguage":"pt-BR"},{"@type":"WebPage","@id":"https:\/\/www.grupomedcof.com.br\/blog\/mononucleose-infecciosa\/","url":"https:\/\/www.grupomedcof.com.br\/blog\/mononucleose-infecciosa\/","name":"Mononucleose Infecciosa: conhe\u00e7a sintomas e tratamento","isPartOf":{"@id":"https:\/\/www.grupomedcof.com.br\/blog\/#website"},"primaryImageOfPage":{"@id":"https:\/\/www.grupomedcof.com.br\/blog\/mononucleose-infecciosa\/#primaryimage"},"image":{"@id":"https:\/\/www.grupomedcof.com.br\/blog\/mononucleose-infecciosa\/#primaryimage"},"thumbnailUrl":"https:\/\/www.grupomedcof.com.br\/blog\/wp-content\/uploads\/2024\/04\/Blog-MedCof-66.png","datePublished":"2025-08-31T18:14:06+00:00","description":"Saiba o que \u00e9 a mononucleose infecciosa, causas e meios de transmiss\u00e3o. Entenda os sintomas, diagn\u00f3stico e tratamentos que garantem uma boa recupera\u00e7\u00e3o.","breadcrumb":{"@id":"https:\/\/www.grupomedcof.com.br\/blog\/mononucleose-infecciosa\/#breadcrumb"},"inLanguage":"pt-BR","potentialAction":[{"@type":"ReadAction","target":["https:\/\/www.grupomedcof.com.br\/blog\/mononucleose-infecciosa\/"]}]},{"@type":"ImageObject","inLanguage":"pt-BR","@id":"https:\/\/www.grupomedcof.com.br\/blog\/mononucleose-infecciosa\/#primaryimage","url":"https:\/\/www.grupomedcof.com.br\/blog\/wp-content\/uploads\/2024\/04\/Blog-MedCof-66.png","contentUrl":"https:\/\/www.grupomedcof.com.br\/blog\/wp-content\/uploads\/2024\/04\/Blog-MedCof-66.png","width":1920,"height":1080,"caption":"recomendado selecionar uma imagem destacada para uma melhor experi\u00eancia do usu\u00e1rio."},{"@type":"BreadcrumbList","@id":"https:\/\/www.grupomedcof.com.br\/blog\/mononucleose-infecciosa\/#breadcrumb","itemListElement":[{"@type":"ListItem","position":1,"name":"In\u00edcio","item":"https:\/\/www.grupomedcof.com.br\/blog\/"},{"@type":"ListItem","position":2,"name":"Mononucleose Infecciosa: veja seus sintomas, diagn\u00f3stico e tratamentos"}]},{"@type":"WebSite","@id":"https:\/\/www.grupomedcof.com.br\/blog\/#website","url":"https:\/\/www.grupomedcof.com.br\/blog\/","name":"Blog de Medcof: conte\u00fados, editais, revalida e mais!","description":"Acesso o blog de MedCof! Seu portal de conte\u00fados sobre resid\u00eancia m\u00e9dica, an\u00e1lise e editais e muito mais. Clique e confira!","publisher":{"@id":"https:\/\/www.grupomedcof.com.br\/blog\/#organization"},"alternateName":"Blog de Medcof: conte\u00fados, editais, revalida e mais!","potentialAction":[{"@type":"SearchAction","target":{"@type":"EntryPoint","urlTemplate":"https:\/\/www.grupomedcof.com.br\/blog\/?s={search_term_string}"},"query-input":{"@type":"PropertyValueSpecification","valueRequired":true,"valueName":"search_term_string"}}],"inLanguage":"pt-BR"},{"@type":"Organization","@id":"https:\/\/www.grupomedcof.com.br\/blog\/#organization","name":"Grupo MedCof","url":"https:\/\/www.grupomedcof.com.br\/blog\/","logo":{"@type":"ImageObject","inLanguage":"pt-BR","@id":"https:\/\/www.grupomedcof.com.br\/blog\/#\/schema\/logo\/image\/","url":"https:\/\/www.grupomedcof.com.br\/blog\/wp-content\/uploads\/2022\/01\/logo-medcof.png","contentUrl":"https:\/\/www.grupomedcof.com.br\/blog\/wp-content\/uploads\/2022\/01\/logo-medcof.png","width":768,"height":269,"caption":"Grupo MedCof"},"image":{"@id":"https:\/\/www.grupomedcof.com.br\/blog\/#\/schema\/logo\/image\/"},"sameAs":["https:\/\/www.facebook.com\/MedCofQbank\/","https:\/\/www.instagram.com\/grupomedcof\/","https:\/\/br.linkedin.com\/company\/medcof","https:\/\/www.youtube.com\/channel\/UCdHMuOHKICxcHwecxN8P-AA"]},{"@type":"Person","@id":"https:\/\/www.grupomedcof.com.br\/blog\/#\/schema\/person\/5e56a3921255c01181f3d8c20d53f9c0","name":"Grupo MedCof","image":{"@type":"ImageObject","inLanguage":"pt-BR","@id":"https:\/\/www.grupomedcof.com.br\/blog\/wp-content\/uploads\/2023\/04\/cropped-cropped-cropped-cropped-logo-96x96.png28585d174f19c23095510da5f63bc127","url":"https:\/\/www.grupomedcof.com.br\/blog\/wp-content\/uploads\/2023\/04\/cropped-cropped-cropped-cropped-logo-96x96.png","contentUrl":"https:\/\/www.grupomedcof.com.br\/blog\/wp-content\/uploads\/2023\/04\/cropped-cropped-cropped-cropped-logo-96x96.png","caption":"Grupo MedCof"},"description":"Tendo aulas baseadas em quest\u00f5es, + de 115 subespecialistas dispon\u00edveis e uma metodologia \u00fanica, voc\u00ea pode se juntar ao nosso time que conta com mais de 10 mil ...","url":"https:\/\/www.grupomedcof.com.br\/blog\/author\/grupo-medcof\/"}]}},"authors":[{"term_id":3613,"user_id":10,"is_guest":0,"slug":"grupo-medcof","display_name":"Grupo MedCof","avatar_url":"https:\/\/www.grupomedcof.com.br\/blog\/wp-content\/uploads\/2023\/04\/cropped-cropped-cropped-cropped-logo-96x96.png","0":null,"1":"","2":"","3":"","4":"","5":"","6":"","7":"","8":""}],"_links":{"self":[{"href":"https:\/\/www.grupomedcof.com.br\/blog\/wp-json\/wp\/v2\/posts\/23930","targetHints":{"allow":["GET"]}}],"collection":[{"href":"https:\/\/www.grupomedcof.com.br\/blog\/wp-json\/wp\/v2\/posts"}],"about":[{"href":"https:\/\/www.grupomedcof.com.br\/blog\/wp-json\/wp\/v2\/types\/post"}],"author":[{"embeddable":true,"href":"https:\/\/www.grupomedcof.com.br\/blog\/wp-json\/wp\/v2\/users\/10"}],"replies":[{"embeddable":true,"href":"https:\/\/www.grupomedcof.com.br\/blog\/wp-json\/wp\/v2\/comments?post=23930"}],"version-history":[{"count":1,"href":"https:\/\/www.grupomedcof.com.br\/blog\/wp-json\/wp\/v2\/posts\/23930\/revisions"}],"predecessor-version":[{"id":37375,"href":"https:\/\/www.grupomedcof.com.br\/blog\/wp-json\/wp\/v2\/posts\/23930\/revisions\/37375"}],"wp:featuredmedia":[{"embeddable":true,"href":"https:\/\/www.grupomedcof.com.br\/blog\/wp-json\/wp\/v2\/media\/23931"}],"wp:attachment":[{"href":"https:\/\/www.grupomedcof.com.br\/blog\/wp-json\/wp\/v2\/media?parent=23930"}],"wp:term":[{"taxonomy":"category","embeddable":true,"href":"https:\/\/www.grupomedcof.com.br\/blog\/wp-json\/wp\/v2\/categories?post=23930"},{"taxonomy":"post_tag","embeddable":true,"href":"https:\/\/www.grupomedcof.com.br\/blog\/wp-json\/wp\/v2\/tags?post=23930"},{"taxonomy":"author","embeddable":true,"href":"https:\/\/www.grupomedcof.com.br\/blog\/wp-json\/wp\/v2\/ppma_author?post=23930"}],"curies":[{"name":"wp","href":"https:\/\/api.w.org\/{rel}","templated":true}]}}