{"id":23971,"date":"2024-04-12T17:12:59","date_gmt":"2024-04-12T20:12:59","guid":{"rendered":"https:\/\/www.grupomedcof.com.br\/blog\/?p=23971"},"modified":"2024-04-12T17:12:59","modified_gmt":"2024-04-12T20:12:59","slug":"revalida-inep-aplicacao-da-2a-fase-tera-fgv-como-responsavel","status":"publish","type":"post","link":"https:\/\/www.grupomedcof.com.br\/blog\/revalida-inep-aplicacao-da-2a-fase-tera-fgv-como-responsavel\/","title":{"rendered":"Revalida Inep: aplica\u00e7\u00e3o da 2\u00aa fase ter\u00e1 FGV como respons\u00e1vel"},"content":{"rendered":"<div id=\"ez-toc-container\" class=\"ez-toc-v2_0_74 counter-hierarchy ez-toc-counter ez-toc-transparent ez-toc-container-direction\">\n<div class=\"ez-toc-title-container\">\n<p class=\"ez-toc-title\" style=\"cursor:inherit\">Sum\u00e1rio<\/p>\n<span class=\"ez-toc-title-toggle\"><a href=\"#\" class=\"ez-toc-pull-right ez-toc-btn ez-toc-btn-xs ez-toc-btn-default ez-toc-toggle\" aria-label=\"Alternar tabela de conte\u00fado\"><span class=\"ez-toc-js-icon-con\"><span class=\"\"><span class=\"eztoc-hide\" style=\"display:none;\">Toggle<\/span><span class=\"ez-toc-icon-toggle-span\"><svg style=\"fill: #999;color:#999\" xmlns=\"http:\/\/www.w3.org\/2000\/svg\" class=\"list-377408\" width=\"20px\" height=\"20px\" viewBox=\"0 0 24 24\" fill=\"none\"><path d=\"M6 6H4v2h2V6zm14 0H8v2h12V6zM4 11h2v2H4v-2zm16 0H8v2h12v-2zM4 16h2v2H4v-2zm16 0H8v2h12v-2z\" fill=\"currentColor\"><\/path><\/svg><svg style=\"fill: #999;color:#999\" class=\"arrow-unsorted-368013\" xmlns=\"http:\/\/www.w3.org\/2000\/svg\" width=\"10px\" height=\"10px\" viewBox=\"0 0 24 24\" version=\"1.2\" baseProfile=\"tiny\"><path d=\"M18.2 9.3l-6.2-6.3-6.2 6.3c-.2.2-.3.4-.3.7s.1.5.3.7c.2.2.4.3.7.3h11c.3 0 .5-.1.7-.3.2-.2.3-.5.3-.7s-.1-.5-.3-.7zM5.8 14.7l6.2 6.3 6.2-6.3c.2-.2.3-.5.3-.7s-.1-.5-.3-.7c-.2-.2-.4-.3-.7-.3h-11c-.3 0-.5.1-.7.3-.2.2-.3.5-.3.7s.1.5.3.7z\"\/><\/svg><\/span><\/span><\/span><\/a><\/span><\/div>\n<nav><ul class='ez-toc-list ez-toc-list-level-1 ' ><li class='ez-toc-page-1 ez-toc-heading-level-2'><a class=\"ez-toc-link ez-toc-heading-1\" href=\"https:\/\/www.grupomedcof.com.br\/blog\/revalida-inep-aplicacao-da-2a-fase-tera-fgv-como-responsavel\/#Aplicacao_da_prova_pela_FGV\" >Aplica\u00e7\u00e3o da prova pela FGV<\/a><\/li><li class='ez-toc-page-1 ez-toc-heading-level-2'><a class=\"ez-toc-link ez-toc-heading-2\" href=\"https:\/\/www.grupomedcof.com.br\/blog\/revalida-inep-aplicacao-da-2a-fase-tera-fgv-como-responsavel\/#2a_fase_Revalida_Inep\" >2\u00aa fase Revalida Inep<\/a><\/li><li class='ez-toc-page-1 ez-toc-heading-level-2'><a class=\"ez-toc-link ez-toc-heading-3\" href=\"https:\/\/www.grupomedcof.com.br\/blog\/revalida-inep-aplicacao-da-2a-fase-tera-fgv-como-responsavel\/#Quem_formula_da_2a_etapa_do_Revalida\" >Quem formula da 2\u00aa etapa do Revalida?<\/a><\/li><li class='ez-toc-page-1 ez-toc-heading-level-2'><a class=\"ez-toc-link ez-toc-heading-4\" href=\"https:\/\/www.grupomedcof.com.br\/blog\/revalida-inep-aplicacao-da-2a-fase-tera-fgv-como-responsavel\/#Conquiste_a_revalidacao\" >Conquiste a revalida\u00e7\u00e3o<\/a><\/li><\/ul><\/nav><\/div>\n<img loading=\"lazy\" decoding=\"async\" width=\"800\" height=\"450\" src=\"https:\/\/www.grupomedcof.com.br\/blog\/wp-content\/uploads\/2024\/04\/Blog-MedCof-2024-04-12T163901.682-1024x576.png\" alt=\"Ap\u00f3s an\u00fancio coordena\u00e7\u00e3o do ENARE, a Funda\u00e7\u00e3o Get\u00falio Vargas (FGV) estar\u00e1 respons\u00e1vel por aplicar a 2\u00aa etapa do Revalida Inep.\" srcset=\"https:\/\/www.grupomedcof.com.br\/blog\/wp-content\/uploads\/2024\/04\/Blog-MedCof-2024-04-12T163901.682-1024x576.png 1024w, https:\/\/www.grupomedcof.com.br\/blog\/wp-content\/uploads\/2024\/04\/Blog-MedCof-2024-04-12T163901.682-300x169.png 300w, https:\/\/www.grupomedcof.com.br\/blog\/wp-content\/uploads\/2024\/04\/Blog-MedCof-2024-04-12T163901.682-768x432.png 768w, https:\/\/www.grupomedcof.com.br\/blog\/wp-content\/uploads\/2024\/04\/Blog-MedCof-2024-04-12T163901.682-1536x864.png 1536w, https:\/\/www.grupomedcof.com.br\/blog\/wp-content\/uploads\/2024\/04\/Blog-MedCof-2024-04-12T163901.682.png 1920w\" sizes=\"auto, (max-width: 800px) 100vw, 800px\" \/>\t\t\t\t\t\t\t\t\t\t\t\t\t\t\t\n\t\t<p>Ap\u00f3s an\u00fancio coordena\u00e7\u00e3o do ENARE, a Funda\u00e7\u00e3o Get\u00falio Vargas (FGV) estar\u00e1<strong> respons\u00e1vel por aplicar a 2\u00aa etapa do Revalida Inep<\/strong>, a Prova de Habilidades Cl\u00ednicas.<\/p>\t\t\n\t\t\t<h4>\n\t\t\t\tSaiba mais\t\t\t<\/h4>\n\t\t<p><\/p>\n<p><\/p>\n<p><\/p>\n<h2 class=\"wp-block-heading\" id=\"h-aplicacao-da-prova-pela-fgv\"><span class=\"ez-toc-section\" id=\"Aplicacao_da_prova_pela_FGV\"><\/span><strong>Aplica\u00e7\u00e3o da prova pela FGV<\/strong><span class=\"ez-toc-section-end\"><\/span><\/h2>\n<p><\/p>\n<p><\/p>\n<p>De acordo com o Di\u00e1rio Oficial da Uni\u00e3o (DOU) do dia 12 de abril, a FGV se torna a nova aplicadora da 2\u00aa etapa do Exame Nacional de Revalida\u00e7\u00e3o de Diplomas M\u00e9dicos Expedidos por Institui\u00e7\u00e3o de Educa\u00e7\u00e3o Superior Estrangeira, o Revalida Inep. Esta decis\u00e3o \u00e9 resultado do Preg\u00e3o n\u00ba 90003\/2024, referente ao processo de contrata\u00e7\u00e3o de servi\u00e7os operacional.<\/p>\n<p><\/p>\t\t\n\t\t\t<iframe src=\"https:\/\/www.grupomedcof.com.br\/blog\/wp-content\/plugins\/pdf-viewer-for-elementor\/assets\/pdfjs\/web\/viewer.html?file=https:\/\/www.grupomedcof.com.br\/blog\/wp-content\/uploads\/2024\/04\/RESULTADO-DE-JULGAMENTO-RESULTADO-DE-JULGAMENTO-DOU-Imprensa-Nacional.pdf&amp;embedded=true\" style=\"display: block; margin-left: auto; margin-right: auto; width: 1500px; height: 500px;\" frameborder=\"1\" marginheight=\"0px\" marginwidth=\"0px\" allowfullscreen><\/iframe>\t\t\n\t\t\t<a href=\"https:\/\/www.in.gov.br\/web\/dou\/-\/resultado-de-julgamento-553700972\" target=\"_blank\" rel=\"nofollow noopener\">\n\t\t\t\t\t\tPublica\u00e7\u00e3o na \u00edntegra\n\t\t\t\t\t<\/a>\n\t\t<h2 id=\"h-2\u00aa-fase-revalida-inep\" style=\"font-family: Poppins, sans-serif; color: #7a7a7a;\"><span class=\"ez-toc-section\" id=\"2a_fase_Revalida_Inep\"><\/span><strong>2\u00aa fase Revalida Inep<\/strong><span class=\"ez-toc-section-end\"><\/span><\/h2>\n<p>A 2\u00aa etapa do\u00a0Revalida consiste na aplica\u00e7\u00e3o do Exame de Habilidades Cl\u00ednicas. Assim, atrav\u00e9s de\u00a010 esta\u00e7\u00f5es valendo o m\u00e1ximo de 10 pontos, os inscritos realizar\u00e3o tarefas espec\u00edficas correspondentes \u00e0s 5 grandes \u00e1reas m\u00e9dicas:<\/p>\n<ul style=\"font-size: 16px; background-color: #ffffff;\">\n<li style=\"list-style-type: none;\">\n<ul style=\"font-size: 16px; background-color: #ffffff;\">\n<li style=\"font-size: 16px;\">Cl\u00ednica M\u00e9dica;<\/li>\n<\/ul>\n<\/li>\n<\/ul>\n<ul style=\"font-size: 16px; background-color: #ffffff;\">\n<li style=\"list-style-type: none;\">\n<ul style=\"font-size: 16px; background-color: #ffffff;\">\n<li style=\"font-size: 16px;\">Cirurgia;<\/li>\n<\/ul>\n<\/li>\n<\/ul>\n<ul style=\"font-size: 16px; background-color: #ffffff;\">\n<li style=\"list-style-type: none;\">\n<ul style=\"font-size: 16px; background-color: #ffffff;\">\n<li style=\"font-size: 16px;\">Pediatria;<\/li>\n<\/ul>\n<\/li>\n<\/ul>\n<ul style=\"font-size: 16px; background-color: #ffffff;\">\n<li style=\"list-style-type: none;\">\n<ul style=\"font-size: 16px; background-color: #ffffff;\">\n<li style=\"font-size: 16px;\">Ginecologia e Obstetr\u00edcia;<\/li>\n<\/ul>\n<\/li>\n<\/ul>\n<ul style=\"font-size: 16px; background-color: #ffffff;\">\n<li style=\"list-style-type: none;\">\n<ul style=\"font-size: 16px; background-color: #ffffff;\">\n<li style=\"font-size: 16px;\">Medicina da Fam\u00edlia e Comunidade.<\/li>\n<\/ul>\n<\/li>\n<\/ul>\n<p>\u00a0<\/p>\n<p>Desse modo,\u00a0totalizando 100 pontos, o exame ocorrer\u00e1 em dois dias que corresponder\u00e3o ao final de semana inteiro.<\/p>\n<p>\u00a0<\/p>\n<p>Ademais, esta etapa cont\u00e9m a supervis\u00e3o presencial realizada pelos\u00a0chefes de esta\u00e7\u00e3o. Eles garantem as condi\u00e7\u00f5es para a realiza\u00e7\u00e3o da prova, que ser\u00e1 de forma presencial e depois remota, com a supervis\u00e3o feita\u00a0atrav\u00e9s de filmagens. Portanto, os avaliadores poder\u00e3o acessar as imagens e avaliar cada esta\u00e7\u00e3o com base no\u00a0<a href=\"https:\/\/www.grupomedcof.com.br\/blog\/resultado-revalida-inep-2023-1-prova-pratica\/\" target=\"_blank\" rel=\"noopener\">Padr\u00e3o Esperado de Procedimentos (PEP)<\/a>, que corresponde ao checklist da fase.<\/p>\t\t\n\t\t<h2 id=\"h-quem-formula-da-2\u00aa-etapa-do-revalida\" style=\"font-family: Poppins, sans-serif; color: #7a7a7a;\"><span class=\"ez-toc-section\" id=\"Quem_formula_da_2a_etapa_do_Revalida\"><\/span><strong>Quem formula da 2\u00aa etapa do Revalida?<\/strong><span class=\"ez-toc-section-end\"><\/span><\/h2>\n<p>Apesar do an\u00fancio da FGV como respons\u00e1vel pela aplica\u00e7\u00e3o, atualmente a <strong>Comiss\u00e3o de Avalia\u00e7\u00e3o de Itens (CAI) e a Comiss\u00e3o Assessora de Avalia\u00e7\u00e3o da Forma\u00e7\u00e3o M\u00e9dica (CAAFM)<\/strong> definem os itens que comp\u00f5e da prova pr\u00e1tica, bem como a nota de corte da edi\u00e7\u00e3o.<\/p>\n<p>No Revalida Inep 2023.2, a Prova de Habilidades Cl\u00ednica teve nota de corte igual a 73,369 de 150 pontos poss\u00edveis.<\/p>\t\t\n\t\t<h2 style=\"font-family: Poppins, sans-serif; color: #7a7a7a;\"><span class=\"ez-toc-section\" id=\"Conquiste_a_revalidacao\"><\/span>Conquiste a revalida\u00e7\u00e3o<span class=\"ez-toc-section-end\"><\/span><\/h2>\n<p>J\u00e1 se perguntou qual \u00e9 o diferencial que permite alguns m\u00e9dicos conquistarem a revalida\u00e7\u00e3o de diploma e outros n\u00e3o? Confira a live realizada pelo Dr. Darizon e o Dr. Mateus Cavarzan e <strong><a href=\"https:\/\/revalida.grupomedcof.com.br\/revalida-2024\/\" target=\"_blank\" rel=\"noopener\">conhe\u00e7a a metodologia capaz de te levar \u00e0 revalida\u00e7\u00e3o!<\/a><\/strong><\/p>https:\/\/www.youtube.com\/watch?v=G4S4VZFKSlw&#038;t","protected":false},"excerpt":{"rendered":"<p>Ap\u00f3s an\u00fancio coordena\u00e7\u00e3o do ENARE, a Funda\u00e7\u00e3o Get\u00falio Vargas (FGV) estar\u00e1 respons\u00e1vel por aplicar a 2\u00aa etapa do Revalida Inep.<\/p>\n","protected":false},"author":6,"featured_media":23973,"comment_status":"open","ping_status":"open","sticky":false,"template":"","format":"standard","meta":{"footnotes":""},"categories":[221],"tags":[809],"ppma_author":[3609],"class_list":{"0":"post-23971","1":"post","2":"type-post","3":"status-publish","4":"format-standard","5":"has-post-thumbnail","7":"category-revalida","8":"tag-revalida"},"yoast_head":"<!-- This site is optimized with the Yoast SEO Premium plugin v24.3 (Yoast SEO v27.4) - https:\/\/yoast.com\/product\/yoast-seo-premium-wordpress\/ -->\n<title>Revalida Inep: aplica\u00e7\u00e3o da 2\u00aa fase ter\u00e1 FGV como respons\u00e1vel - Blog de Medcof: conte\u00fados, editais, revalida e mais!<\/title>\n<meta name=\"description\" content=\"Ap\u00f3s an\u00fancio coordena\u00e7\u00e3o do ENARE, a Funda\u00e7\u00e3o Get\u00falio Vargas (FGV) estar\u00e1 respons\u00e1vel por aplicar a 2\u00aa etapa do Revalida Inep.\" \/>\n<meta name=\"robots\" content=\"index, follow, max-snippet:-1, max-image-preview:large, max-video-preview:-1\" \/>\n<link rel=\"canonical\" href=\"https:\/\/www.grupomedcof.com.br\/blog\/revalida-inep-aplicacao-da-2a-fase-tera-fgv-como-responsavel\/\" \/>\n<meta property=\"og:locale\" content=\"pt_BR\" \/>\n<meta property=\"og:type\" content=\"article\" \/>\n<meta property=\"og:title\" content=\"Revalida Inep: aplica\u00e7\u00e3o da 2\u00aa fase ter\u00e1 FGV como respons\u00e1vel\" \/>\n<meta property=\"og:description\" content=\"Ap\u00f3s an\u00fancio coordena\u00e7\u00e3o do ENARE, a Funda\u00e7\u00e3o Get\u00falio Vargas (FGV) estar\u00e1 respons\u00e1vel por aplicar a 2\u00aa etapa do Revalida Inep.\" \/>\n<meta property=\"og:url\" content=\"https:\/\/www.grupomedcof.com.br\/blog\/revalida-inep-aplicacao-da-2a-fase-tera-fgv-como-responsavel\/\" \/>\n<meta property=\"og:site_name\" content=\"Blog de Medcof: conte\u00fados, editais, revalida e mais!\" \/>\n<meta property=\"article:publisher\" content=\"https:\/\/www.facebook.com\/MedCofQbank\/\" \/>\n<meta property=\"article:published_time\" content=\"2024-04-12T20:12:59+00:00\" \/>\n<meta property=\"og:image\" content=\"https:\/\/www.grupomedcof.com.br\/blog\/wp-content\/uploads\/2024\/04\/Blog-MedCof-2024-04-12T163901.682.png\" \/>\n\t<meta property=\"og:image:width\" content=\"1920\" \/>\n\t<meta property=\"og:image:height\" content=\"1080\" \/>\n\t<meta property=\"og:image:type\" content=\"image\/png\" \/>\n<meta name=\"author\" content=\"J\u00falia Moreira\" \/>\n<meta name=\"twitter:card\" content=\"summary_large_image\" \/>\n<meta name=\"twitter:label1\" content=\"Escrito por\" \/>\n\t<meta name=\"twitter:data1\" content=\"J\u00falia Moreira\" \/>\n\t<meta name=\"twitter:label2\" content=\"Est. tempo de leitura\" \/>\n\t<meta name=\"twitter:data2\" content=\"5 minutos\" \/>\n<script type=\"application\/ld+json\" class=\"yoast-schema-graph\">{\"@context\":\"https:\\\/\\\/schema.org\",\"@graph\":[{\"@type\":\"Article\",\"@id\":\"https:\\\/\\\/www.grupomedcof.com.br\\\/blog\\\/revalida-inep-aplicacao-da-2a-fase-tera-fgv-como-responsavel\\\/#article\",\"isPartOf\":{\"@id\":\"https:\\\/\\\/www.grupomedcof.com.br\\\/blog\\\/revalida-inep-aplicacao-da-2a-fase-tera-fgv-como-responsavel\\\/\"},\"author\":{\"name\":\"J\u00falia Moreira\",\"@id\":\"https:\\\/\\\/www.grupomedcof.com.br\\\/blog\\\/#\\\/schema\\\/person\\\/1375e0ce724529d7a1d8156ea7f8ceaa\"},\"headline\":\"Revalida Inep: aplica\u00e7\u00e3o da 2\u00aa fase ter\u00e1 FGV como respons\u00e1vel\",\"datePublished\":\"2024-04-12T20:12:59+00:00\",\"mainEntityOfPage\":{\"@id\":\"https:\\\/\\\/www.grupomedcof.com.br\\\/blog\\\/revalida-inep-aplicacao-da-2a-fase-tera-fgv-como-responsavel\\\/\"},\"wordCount\":403,\"commentCount\":1,\"publisher\":{\"@id\":\"https:\\\/\\\/www.grupomedcof.com.br\\\/blog\\\/#organization\"},\"image\":{\"@id\":\"https:\\\/\\\/www.grupomedcof.com.br\\\/blog\\\/revalida-inep-aplicacao-da-2a-fase-tera-fgv-como-responsavel\\\/#primaryimage\"},\"thumbnailUrl\":\"https:\\\/\\\/www.grupomedcof.com.br\\\/blog\\\/wp-content\\\/uploads\\\/2024\\\/04\\\/Blog-MedCof-2024-04-12T163901.682.png\",\"keywords\":[\"revalida\"],\"articleSection\":[\"Revalida: informa\u00e7\u00f5es confi\u00e1veis e atualizadas\"],\"inLanguage\":\"pt-BR\"},{\"@type\":\"WebPage\",\"@id\":\"https:\\\/\\\/www.grupomedcof.com.br\\\/blog\\\/revalida-inep-aplicacao-da-2a-fase-tera-fgv-como-responsavel\\\/\",\"url\":\"https:\\\/\\\/www.grupomedcof.com.br\\\/blog\\\/revalida-inep-aplicacao-da-2a-fase-tera-fgv-como-responsavel\\\/\",\"name\":\"Revalida Inep: aplica\u00e7\u00e3o da 2\u00aa fase ter\u00e1 FGV como respons\u00e1vel - Blog de Medcof: conte\u00fados, editais, revalida e mais!\",\"isPartOf\":{\"@id\":\"https:\\\/\\\/www.grupomedcof.com.br\\\/blog\\\/#website\"},\"primaryImageOfPage\":{\"@id\":\"https:\\\/\\\/www.grupomedcof.com.br\\\/blog\\\/revalida-inep-aplicacao-da-2a-fase-tera-fgv-como-responsavel\\\/#primaryimage\"},\"image\":{\"@id\":\"https:\\\/\\\/www.grupomedcof.com.br\\\/blog\\\/revalida-inep-aplicacao-da-2a-fase-tera-fgv-como-responsavel\\\/#primaryimage\"},\"thumbnailUrl\":\"https:\\\/\\\/www.grupomedcof.com.br\\\/blog\\\/wp-content\\\/uploads\\\/2024\\\/04\\\/Blog-MedCof-2024-04-12T163901.682.png\",\"datePublished\":\"2024-04-12T20:12:59+00:00\",\"description\":\"Ap\u00f3s an\u00fancio coordena\u00e7\u00e3o do ENARE, a Funda\u00e7\u00e3o Get\u00falio Vargas (FGV) estar\u00e1 respons\u00e1vel por aplicar a 2\u00aa etapa do Revalida Inep.\",\"breadcrumb\":{\"@id\":\"https:\\\/\\\/www.grupomedcof.com.br\\\/blog\\\/revalida-inep-aplicacao-da-2a-fase-tera-fgv-como-responsavel\\\/#breadcrumb\"},\"inLanguage\":\"pt-BR\",\"potentialAction\":[{\"@type\":\"ReadAction\",\"target\":[\"https:\\\/\\\/www.grupomedcof.com.br\\\/blog\\\/revalida-inep-aplicacao-da-2a-fase-tera-fgv-como-responsavel\\\/\"]}]},{\"@type\":\"ImageObject\",\"inLanguage\":\"pt-BR\",\"@id\":\"https:\\\/\\\/www.grupomedcof.com.br\\\/blog\\\/revalida-inep-aplicacao-da-2a-fase-tera-fgv-como-responsavel\\\/#primaryimage\",\"url\":\"https:\\\/\\\/www.grupomedcof.com.br\\\/blog\\\/wp-content\\\/uploads\\\/2024\\\/04\\\/Blog-MedCof-2024-04-12T163901.682.png\",\"contentUrl\":\"https:\\\/\\\/www.grupomedcof.com.br\\\/blog\\\/wp-content\\\/uploads\\\/2024\\\/04\\\/Blog-MedCof-2024-04-12T163901.682.png\",\"width\":1920,\"height\":1080,\"caption\":\"Ap\u00f3s an\u00fancio coordena\u00e7\u00e3o do ENARE, a Funda\u00e7\u00e3o Get\u00falio Vargas (FGV) estar\u00e1 respons\u00e1vel por aplicar a 2\u00aa etapa do Revalida Inep.\"},{\"@type\":\"BreadcrumbList\",\"@id\":\"https:\\\/\\\/www.grupomedcof.com.br\\\/blog\\\/revalida-inep-aplicacao-da-2a-fase-tera-fgv-como-responsavel\\\/#breadcrumb\",\"itemListElement\":[{\"@type\":\"ListItem\",\"position\":1,\"name\":\"In\u00edcio\",\"item\":\"https:\\\/\\\/www.grupomedcof.com.br\\\/blog\\\/\"},{\"@type\":\"ListItem\",\"position\":2,\"name\":\"Revalida Inep: aplica\u00e7\u00e3o da 2\u00aa fase ter\u00e1 FGV como respons\u00e1vel\"}]},{\"@type\":\"WebSite\",\"@id\":\"https:\\\/\\\/www.grupomedcof.com.br\\\/blog\\\/#website\",\"url\":\"https:\\\/\\\/www.grupomedcof.com.br\\\/blog\\\/\",\"name\":\"Blog de Medcof: conte\u00fados, editais, revalida e mais!\",\"description\":\"Acesso o blog de MedCof! Seu portal de conte\u00fados sobre resid\u00eancia m\u00e9dica, an\u00e1lise e editais e muito mais. Clique e confira!\",\"publisher\":{\"@id\":\"https:\\\/\\\/www.grupomedcof.com.br\\\/blog\\\/#organization\"},\"alternateName\":\"Blog de Medcof: conte\u00fados, editais, revalida e mais!\",\"potentialAction\":[{\"@type\":\"SearchAction\",\"target\":{\"@type\":\"EntryPoint\",\"urlTemplate\":\"https:\\\/\\\/www.grupomedcof.com.br\\\/blog\\\/?s={search_term_string}\"},\"query-input\":{\"@type\":\"PropertyValueSpecification\",\"valueRequired\":true,\"valueName\":\"search_term_string\"}}],\"inLanguage\":\"pt-BR\"},{\"@type\":\"Organization\",\"@id\":\"https:\\\/\\\/www.grupomedcof.com.br\\\/blog\\\/#organization\",\"name\":\"Grupo MedCof\",\"url\":\"https:\\\/\\\/www.grupomedcof.com.br\\\/blog\\\/\",\"logo\":{\"@type\":\"ImageObject\",\"inLanguage\":\"pt-BR\",\"@id\":\"https:\\\/\\\/www.grupomedcof.com.br\\\/blog\\\/#\\\/schema\\\/logo\\\/image\\\/\",\"url\":\"https:\\\/\\\/www.grupomedcof.com.br\\\/blog\\\/wp-content\\\/uploads\\\/2022\\\/01\\\/logo-medcof.png\",\"contentUrl\":\"https:\\\/\\\/www.grupomedcof.com.br\\\/blog\\\/wp-content\\\/uploads\\\/2022\\\/01\\\/logo-medcof.png\",\"width\":768,\"height\":269,\"caption\":\"Grupo MedCof\"},\"image\":{\"@id\":\"https:\\\/\\\/www.grupomedcof.com.br\\\/blog\\\/#\\\/schema\\\/logo\\\/image\\\/\"},\"sameAs\":[\"https:\\\/\\\/www.facebook.com\\\/MedCofQbank\\\/\",\"https:\\\/\\\/www.instagram.com\\\/grupomedcof\\\/\",\"https:\\\/\\\/br.linkedin.com\\\/company\\\/medcof\",\"https:\\\/\\\/www.youtube.com\\\/channel\\\/UCdHMuOHKICxcHwecxN8P-AA\"]},{\"@type\":\"Person\",\"@id\":\"https:\\\/\\\/www.grupomedcof.com.br\\\/blog\\\/#\\\/schema\\\/person\\\/1375e0ce724529d7a1d8156ea7f8ceaa\",\"name\":\"J\u00falia Moreira\",\"image\":{\"@type\":\"ImageObject\",\"inLanguage\":\"pt-BR\",\"@id\":\"https:\\\/\\\/www.grupomedcof.com.br\\\/blog\\\/wp-content\\\/uploads\\\/2024\\\/12\\\/cropped-Captura-de-tela-2023-12-15-094946-96x96.png6a0083ac34a0445de97d55fae63a4a41\",\"url\":\"https:\\\/\\\/www.grupomedcof.com.br\\\/blog\\\/wp-content\\\/uploads\\\/2024\\\/12\\\/cropped-Captura-de-tela-2023-12-15-094946-96x96.png\",\"contentUrl\":\"https:\\\/\\\/www.grupomedcof.com.br\\\/blog\\\/wp-content\\\/uploads\\\/2024\\\/12\\\/cropped-Captura-de-tela-2023-12-15-094946-96x96.png\",\"caption\":\"J\u00falia Moreira\"},\"description\":\"Estudante do 8\u00ba semestre de Jornalismo na ECA-USP, f\u00e3 de filmes de terror e m\u00fasica popular sul-coreana.\",\"sameAs\":[\"https:\\\/\\\/www.grupomedcof.com.br\\\/\"],\"url\":\"https:\\\/\\\/www.grupomedcof.com.br\\\/blog\\\/author\\\/julia\\\/\"}]}<\/script>\n<!-- \/ Yoast SEO Premium plugin. -->","yoast_head_json":{"title":"Revalida Inep: aplica\u00e7\u00e3o da 2\u00aa fase ter\u00e1 FGV como respons\u00e1vel - Blog de Medcof: conte\u00fados, editais, revalida e mais!","description":"Ap\u00f3s an\u00fancio coordena\u00e7\u00e3o do ENARE, a Funda\u00e7\u00e3o Get\u00falio Vargas (FGV) estar\u00e1 respons\u00e1vel por aplicar a 2\u00aa etapa do Revalida Inep.","robots":{"index":"index","follow":"follow","max-snippet":"max-snippet:-1","max-image-preview":"max-image-preview:large","max-video-preview":"max-video-preview:-1"},"canonical":"https:\/\/www.grupomedcof.com.br\/blog\/revalida-inep-aplicacao-da-2a-fase-tera-fgv-como-responsavel\/","og_locale":"pt_BR","og_type":"article","og_title":"Revalida Inep: aplica\u00e7\u00e3o da 2\u00aa fase ter\u00e1 FGV como respons\u00e1vel","og_description":"Ap\u00f3s an\u00fancio coordena\u00e7\u00e3o do ENARE, a Funda\u00e7\u00e3o Get\u00falio Vargas (FGV) estar\u00e1 respons\u00e1vel por aplicar a 2\u00aa etapa do Revalida Inep.","og_url":"https:\/\/www.grupomedcof.com.br\/blog\/revalida-inep-aplicacao-da-2a-fase-tera-fgv-como-responsavel\/","og_site_name":"Blog de Medcof: conte\u00fados, editais, revalida e mais!","article_publisher":"https:\/\/www.facebook.com\/MedCofQbank\/","article_published_time":"2024-04-12T20:12:59+00:00","og_image":[{"width":1920,"height":1080,"url":"https:\/\/www.grupomedcof.com.br\/blog\/wp-content\/uploads\/2024\/04\/Blog-MedCof-2024-04-12T163901.682.png","type":"image\/png"}],"author":"J\u00falia Moreira","twitter_card":"summary_large_image","twitter_misc":{"Escrito por":"J\u00falia Moreira","Est. tempo de leitura":"5 minutos"},"schema":{"@context":"https:\/\/schema.org","@graph":[{"@type":"Article","@id":"https:\/\/www.grupomedcof.com.br\/blog\/revalida-inep-aplicacao-da-2a-fase-tera-fgv-como-responsavel\/#article","isPartOf":{"@id":"https:\/\/www.grupomedcof.com.br\/blog\/revalida-inep-aplicacao-da-2a-fase-tera-fgv-como-responsavel\/"},"author":{"name":"J\u00falia Moreira","@id":"https:\/\/www.grupomedcof.com.br\/blog\/#\/schema\/person\/1375e0ce724529d7a1d8156ea7f8ceaa"},"headline":"Revalida Inep: aplica\u00e7\u00e3o da 2\u00aa fase ter\u00e1 FGV como respons\u00e1vel","datePublished":"2024-04-12T20:12:59+00:00","mainEntityOfPage":{"@id":"https:\/\/www.grupomedcof.com.br\/blog\/revalida-inep-aplicacao-da-2a-fase-tera-fgv-como-responsavel\/"},"wordCount":403,"commentCount":1,"publisher":{"@id":"https:\/\/www.grupomedcof.com.br\/blog\/#organization"},"image":{"@id":"https:\/\/www.grupomedcof.com.br\/blog\/revalida-inep-aplicacao-da-2a-fase-tera-fgv-como-responsavel\/#primaryimage"},"thumbnailUrl":"https:\/\/www.grupomedcof.com.br\/blog\/wp-content\/uploads\/2024\/04\/Blog-MedCof-2024-04-12T163901.682.png","keywords":["revalida"],"articleSection":["Revalida: informa\u00e7\u00f5es confi\u00e1veis e atualizadas"],"inLanguage":"pt-BR"},{"@type":"WebPage","@id":"https:\/\/www.grupomedcof.com.br\/blog\/revalida-inep-aplicacao-da-2a-fase-tera-fgv-como-responsavel\/","url":"https:\/\/www.grupomedcof.com.br\/blog\/revalida-inep-aplicacao-da-2a-fase-tera-fgv-como-responsavel\/","name":"Revalida Inep: aplica\u00e7\u00e3o da 2\u00aa fase ter\u00e1 FGV como respons\u00e1vel - Blog de Medcof: conte\u00fados, editais, revalida e mais!","isPartOf":{"@id":"https:\/\/www.grupomedcof.com.br\/blog\/#website"},"primaryImageOfPage":{"@id":"https:\/\/www.grupomedcof.com.br\/blog\/revalida-inep-aplicacao-da-2a-fase-tera-fgv-como-responsavel\/#primaryimage"},"image":{"@id":"https:\/\/www.grupomedcof.com.br\/blog\/revalida-inep-aplicacao-da-2a-fase-tera-fgv-como-responsavel\/#primaryimage"},"thumbnailUrl":"https:\/\/www.grupomedcof.com.br\/blog\/wp-content\/uploads\/2024\/04\/Blog-MedCof-2024-04-12T163901.682.png","datePublished":"2024-04-12T20:12:59+00:00","description":"Ap\u00f3s an\u00fancio coordena\u00e7\u00e3o do ENARE, a Funda\u00e7\u00e3o Get\u00falio Vargas (FGV) estar\u00e1 respons\u00e1vel por aplicar a 2\u00aa etapa do Revalida Inep.","breadcrumb":{"@id":"https:\/\/www.grupomedcof.com.br\/blog\/revalida-inep-aplicacao-da-2a-fase-tera-fgv-como-responsavel\/#breadcrumb"},"inLanguage":"pt-BR","potentialAction":[{"@type":"ReadAction","target":["https:\/\/www.grupomedcof.com.br\/blog\/revalida-inep-aplicacao-da-2a-fase-tera-fgv-como-responsavel\/"]}]},{"@type":"ImageObject","inLanguage":"pt-BR","@id":"https:\/\/www.grupomedcof.com.br\/blog\/revalida-inep-aplicacao-da-2a-fase-tera-fgv-como-responsavel\/#primaryimage","url":"https:\/\/www.grupomedcof.com.br\/blog\/wp-content\/uploads\/2024\/04\/Blog-MedCof-2024-04-12T163901.682.png","contentUrl":"https:\/\/www.grupomedcof.com.br\/blog\/wp-content\/uploads\/2024\/04\/Blog-MedCof-2024-04-12T163901.682.png","width":1920,"height":1080,"caption":"Ap\u00f3s an\u00fancio coordena\u00e7\u00e3o do ENARE, a Funda\u00e7\u00e3o Get\u00falio Vargas (FGV) estar\u00e1 respons\u00e1vel por aplicar a 2\u00aa etapa do Revalida Inep."},{"@type":"BreadcrumbList","@id":"https:\/\/www.grupomedcof.com.br\/blog\/revalida-inep-aplicacao-da-2a-fase-tera-fgv-como-responsavel\/#breadcrumb","itemListElement":[{"@type":"ListItem","position":1,"name":"In\u00edcio","item":"https:\/\/www.grupomedcof.com.br\/blog\/"},{"@type":"ListItem","position":2,"name":"Revalida Inep: aplica\u00e7\u00e3o da 2\u00aa fase ter\u00e1 FGV como respons\u00e1vel"}]},{"@type":"WebSite","@id":"https:\/\/www.grupomedcof.com.br\/blog\/#website","url":"https:\/\/www.grupomedcof.com.br\/blog\/","name":"Blog de Medcof: conte\u00fados, editais, revalida e mais!","description":"Acesso o blog de MedCof! Seu portal de conte\u00fados sobre resid\u00eancia m\u00e9dica, an\u00e1lise e editais e muito mais. Clique e confira!","publisher":{"@id":"https:\/\/www.grupomedcof.com.br\/blog\/#organization"},"alternateName":"Blog de Medcof: conte\u00fados, editais, revalida e mais!","potentialAction":[{"@type":"SearchAction","target":{"@type":"EntryPoint","urlTemplate":"https:\/\/www.grupomedcof.com.br\/blog\/?s={search_term_string}"},"query-input":{"@type":"PropertyValueSpecification","valueRequired":true,"valueName":"search_term_string"}}],"inLanguage":"pt-BR"},{"@type":"Organization","@id":"https:\/\/www.grupomedcof.com.br\/blog\/#organization","name":"Grupo MedCof","url":"https:\/\/www.grupomedcof.com.br\/blog\/","logo":{"@type":"ImageObject","inLanguage":"pt-BR","@id":"https:\/\/www.grupomedcof.com.br\/blog\/#\/schema\/logo\/image\/","url":"https:\/\/www.grupomedcof.com.br\/blog\/wp-content\/uploads\/2022\/01\/logo-medcof.png","contentUrl":"https:\/\/www.grupomedcof.com.br\/blog\/wp-content\/uploads\/2022\/01\/logo-medcof.png","width":768,"height":269,"caption":"Grupo MedCof"},"image":{"@id":"https:\/\/www.grupomedcof.com.br\/blog\/#\/schema\/logo\/image\/"},"sameAs":["https:\/\/www.facebook.com\/MedCofQbank\/","https:\/\/www.instagram.com\/grupomedcof\/","https:\/\/br.linkedin.com\/company\/medcof","https:\/\/www.youtube.com\/channel\/UCdHMuOHKICxcHwecxN8P-AA"]},{"@type":"Person","@id":"https:\/\/www.grupomedcof.com.br\/blog\/#\/schema\/person\/1375e0ce724529d7a1d8156ea7f8ceaa","name":"J\u00falia Moreira","image":{"@type":"ImageObject","inLanguage":"pt-BR","@id":"https:\/\/www.grupomedcof.com.br\/blog\/wp-content\/uploads\/2024\/12\/cropped-Captura-de-tela-2023-12-15-094946-96x96.png6a0083ac34a0445de97d55fae63a4a41","url":"https:\/\/www.grupomedcof.com.br\/blog\/wp-content\/uploads\/2024\/12\/cropped-Captura-de-tela-2023-12-15-094946-96x96.png","contentUrl":"https:\/\/www.grupomedcof.com.br\/blog\/wp-content\/uploads\/2024\/12\/cropped-Captura-de-tela-2023-12-15-094946-96x96.png","caption":"J\u00falia Moreira"},"description":"Estudante do 8\u00ba semestre de Jornalismo na ECA-USP, f\u00e3 de filmes de terror e m\u00fasica popular sul-coreana.","sameAs":["https:\/\/www.grupomedcof.com.br\/"],"url":"https:\/\/www.grupomedcof.com.br\/blog\/author\/julia\/"}]}},"authors":[{"term_id":3609,"user_id":6,"is_guest":0,"slug":"julia","display_name":"J\u00falia Moreira","avatar_url":"https:\/\/www.grupomedcof.com.br\/blog\/wp-content\/uploads\/2024\/12\/cropped-Captura-de-tela-2023-12-15-094946-96x96.png","0":null,"1":"","2":"","3":"","4":"","5":"","6":"","7":"","8":""}],"_links":{"self":[{"href":"https:\/\/www.grupomedcof.com.br\/blog\/wp-json\/wp\/v2\/posts\/23971","targetHints":{"allow":["GET"]}}],"collection":[{"href":"https:\/\/www.grupomedcof.com.br\/blog\/wp-json\/wp\/v2\/posts"}],"about":[{"href":"https:\/\/www.grupomedcof.com.br\/blog\/wp-json\/wp\/v2\/types\/post"}],"author":[{"embeddable":true,"href":"https:\/\/www.grupomedcof.com.br\/blog\/wp-json\/wp\/v2\/users\/6"}],"replies":[{"embeddable":true,"href":"https:\/\/www.grupomedcof.com.br\/blog\/wp-json\/wp\/v2\/comments?post=23971"}],"version-history":[{"count":0,"href":"https:\/\/www.grupomedcof.com.br\/blog\/wp-json\/wp\/v2\/posts\/23971\/revisions"}],"wp:featuredmedia":[{"embeddable":true,"href":"https:\/\/www.grupomedcof.com.br\/blog\/wp-json\/wp\/v2\/media\/23973"}],"wp:attachment":[{"href":"https:\/\/www.grupomedcof.com.br\/blog\/wp-json\/wp\/v2\/media?parent=23971"}],"wp:term":[{"taxonomy":"category","embeddable":true,"href":"https:\/\/www.grupomedcof.com.br\/blog\/wp-json\/wp\/v2\/categories?post=23971"},{"taxonomy":"post_tag","embeddable":true,"href":"https:\/\/www.grupomedcof.com.br\/blog\/wp-json\/wp\/v2\/tags?post=23971"},{"taxonomy":"author","embeddable":true,"href":"https:\/\/www.grupomedcof.com.br\/blog\/wp-json\/wp\/v2\/ppma_author?post=23971"}],"curies":[{"name":"wp","href":"https:\/\/api.w.org\/{rel}","templated":true}]}}