{"id":24180,"date":"2025-08-27T15:10:00","date_gmt":"2025-08-27T18:10:00","guid":{"rendered":"https:\/\/www.grupomedcof.com.br\/blog\/?p=24180"},"modified":"2025-08-26T13:05:54","modified_gmt":"2025-08-26T16:05:54","slug":"placenta-previa-entenda-o-diagnostico-diferencial-e-a-conduta-adequada","status":"publish","type":"post","link":"https:\/\/www.grupomedcof.com.br\/blog\/placenta-previa-entenda-o-diagnostico-diferencial-e-a-conduta-adequada\/","title":{"rendered":"Placenta pr\u00e9via: causas, sintomas e como manejar na pr\u00e1tica obst\u00e9trica"},"content":{"rendered":"<div id=\"ez-toc-container\" class=\"ez-toc-v2_0_74 counter-hierarchy ez-toc-counter ez-toc-transparent ez-toc-container-direction\">\n<div class=\"ez-toc-title-container\">\n<p class=\"ez-toc-title\" style=\"cursor:inherit\">Sum\u00e1rio<\/p>\n<span class=\"ez-toc-title-toggle\"><a href=\"#\" class=\"ez-toc-pull-right ez-toc-btn ez-toc-btn-xs ez-toc-btn-default ez-toc-toggle\" aria-label=\"Alternar tabela de conte\u00fado\"><span class=\"ez-toc-js-icon-con\"><span class=\"\"><span class=\"eztoc-hide\" style=\"display:none;\">Toggle<\/span><span class=\"ez-toc-icon-toggle-span\"><svg style=\"fill: #999;color:#999\" xmlns=\"http:\/\/www.w3.org\/2000\/svg\" class=\"list-377408\" width=\"20px\" height=\"20px\" viewBox=\"0 0 24 24\" fill=\"none\"><path d=\"M6 6H4v2h2V6zm14 0H8v2h12V6zM4 11h2v2H4v-2zm16 0H8v2h12v-2zM4 16h2v2H4v-2zm16 0H8v2h12v-2z\" fill=\"currentColor\"><\/path><\/svg><svg style=\"fill: #999;color:#999\" class=\"arrow-unsorted-368013\" xmlns=\"http:\/\/www.w3.org\/2000\/svg\" width=\"10px\" height=\"10px\" viewBox=\"0 0 24 24\" version=\"1.2\" baseProfile=\"tiny\"><path d=\"M18.2 9.3l-6.2-6.3-6.2 6.3c-.2.2-.3.4-.3.7s.1.5.3.7c.2.2.4.3.7.3h11c.3 0 .5-.1.7-.3.2-.2.3-.5.3-.7s-.1-.5-.3-.7zM5.8 14.7l6.2 6.3 6.2-6.3c.2-.2.3-.5.3-.7s-.1-.5-.3-.7c-.2-.2-.4-.3-.7-.3h-11c-.3 0-.5.1-.7.3-.2.2-.3.5-.3.7s.1.5.3.7z\"\/><\/svg><\/span><\/span><\/span><\/a><\/span><\/div>\n<nav><ul class='ez-toc-list ez-toc-list-level-1 ' ><li class='ez-toc-page-1 ez-toc-heading-level-2'><a class=\"ez-toc-link ez-toc-heading-1\" href=\"https:\/\/www.grupomedcof.com.br\/blog\/placenta-previa-entenda-o-diagnostico-diferencial-e-a-conduta-adequada\/#Tipos_de_placenta_previa\" >Tipos de placenta pr\u00e9via<\/a><\/li><li class='ez-toc-page-1 ez-toc-heading-level-2'><a class=\"ez-toc-link ez-toc-heading-2\" href=\"https:\/\/www.grupomedcof.com.br\/blog\/placenta-previa-entenda-o-diagnostico-diferencial-e-a-conduta-adequada\/#Causas_e_fatores_de_risco_para_placenta_previa\" >Causas e fatores de risco para placenta pr\u00e9via<\/a><\/li><li class='ez-toc-page-1 ez-toc-heading-level-2'><a class=\"ez-toc-link ez-toc-heading-3\" href=\"https:\/\/www.grupomedcof.com.br\/blog\/placenta-previa-entenda-o-diagnostico-diferencial-e-a-conduta-adequada\/#Quais_sao_os_sintomas_da_placenta_previa\" >Quais s\u00e3o os sintomas da placenta pr\u00e9via?<\/a><\/li><li class='ez-toc-page-1 ez-toc-heading-level-2'><a class=\"ez-toc-link ez-toc-heading-4\" href=\"https:\/\/www.grupomedcof.com.br\/blog\/placenta-previa-entenda-o-diagnostico-diferencial-e-a-conduta-adequada\/#Diagnostico_de_placenta_previa\" >Diagn\u00f3stico de placenta pr\u00e9via<\/a><\/li><li class='ez-toc-page-1 ez-toc-heading-level-2'><a class=\"ez-toc-link ez-toc-heading-5\" href=\"https:\/\/www.grupomedcof.com.br\/blog\/placenta-previa-entenda-o-diagnostico-diferencial-e-a-conduta-adequada\/#Quais_sao_os_principais_diagnosticos_diferenciais\" >Quais s\u00e3o os principais diagn\u00f3sticos diferenciais?<\/a><\/li><li class='ez-toc-page-1 ez-toc-heading-level-2'><a class=\"ez-toc-link ez-toc-heading-6\" href=\"https:\/\/www.grupomedcof.com.br\/blog\/placenta-previa-entenda-o-diagnostico-diferencial-e-a-conduta-adequada\/#O_Descolamento_Prematuro_de_Placenta_DPP_e_o_principal_diagnostico_diferencial_a_ser_considerado_diante_de_um_quadro_de_sangramento_na_segunda_metade_da_gestacao\" >O Descolamento Prematuro de Placenta (DPP) \u00e9 o principal diagn\u00f3stico diferencial a ser considerado diante de um quadro de sangramento na segunda metade da gesta\u00e7\u00e3o.<\/a><\/li><li class='ez-toc-page-1 ez-toc-heading-level-2'><a class=\"ez-toc-link ez-toc-heading-7\" href=\"https:\/\/www.grupomedcof.com.br\/blog\/placenta-previa-entenda-o-diagnostico-diferencial-e-a-conduta-adequada\/#Conduta_clinica_diante_da_placenta_previa\" >Conduta cl\u00ednica diante da placenta pr\u00e9via<\/a><\/li><li class='ez-toc-page-1 ez-toc-heading-level-2'><a class=\"ez-toc-link ez-toc-heading-8\" href=\"https:\/\/www.grupomedcof.com.br\/blog\/placenta-previa-entenda-o-diagnostico-diferencial-e-a-conduta-adequada\/#Como_e_feito_o_tratamento_da_placenta_previa\" >Como \u00e9 feito o tratamento da placenta pr\u00e9via?<\/a><\/li><li class='ez-toc-page-1 ez-toc-heading-level-2'><a class=\"ez-toc-link ez-toc-heading-9\" href=\"https:\/\/www.grupomedcof.com.br\/blog\/placenta-previa-entenda-o-diagnostico-diferencial-e-a-conduta-adequada\/#Quais_sao_as_complicacoes_da_placenta_previa\" >Quais s\u00e3o as complica\u00e7\u00f5es da placenta pr\u00e9via?<\/a><\/li><li class='ez-toc-page-1 ez-toc-heading-level-2'><a class=\"ez-toc-link ez-toc-heading-10\" href=\"https:\/\/www.grupomedcof.com.br\/blog\/placenta-previa-entenda-o-diagnostico-diferencial-e-a-conduta-adequada\/#E_possivel_prevenir_a_placenta_previa\" >\u00c9 poss\u00edvel prevenir a placenta pr\u00e9via?<\/a><\/li><li class='ez-toc-page-1 ez-toc-heading-level-2'><a class=\"ez-toc-link ez-toc-heading-11\" href=\"https:\/\/www.grupomedcof.com.br\/blog\/placenta-previa-entenda-o-diagnostico-diferencial-e-a-conduta-adequada\/#A_placenta_previa_pode_regredir\" >A placenta pr\u00e9via pode regredir?<\/a><\/li><li class='ez-toc-page-1 ez-toc-heading-level-2'><a class=\"ez-toc-link ez-toc-heading-12\" href=\"https:\/\/www.grupomedcof.com.br\/blog\/placenta-previa-entenda-o-diagnostico-diferencial-e-a-conduta-adequada\/#Quantas_semanas_dura_a_placenta_previa\" >Quantas semanas dura a placenta pr\u00e9via?<\/a><\/li><li class='ez-toc-page-1 ez-toc-heading-level-2'><a class=\"ez-toc-link ez-toc-heading-13\" href=\"https:\/\/www.grupomedcof.com.br\/blog\/placenta-previa-entenda-o-diagnostico-diferencial-e-a-conduta-adequada\/#E_possivel_ter_parto_normal_com_placenta_previa\" >\u00c9 poss\u00edvel ter parto normal com placenta pr\u00e9via?<\/a><\/li><li class='ez-toc-page-1 ez-toc-heading-level-2'><a class=\"ez-toc-link ez-toc-heading-14\" href=\"https:\/\/www.grupomedcof.com.br\/blog\/placenta-previa-entenda-o-diagnostico-diferencial-e-a-conduta-adequada\/#Como_a_MedCof_te_prepara_para_diagnosticos_em_obstetricia\" >Como a MedCof te prepara para diagn\u00f3sticos em obstetr\u00edcia?<\/a><\/li><\/ul><\/nav><\/div>\n\n<p>A <strong>placenta pr\u00e9via <\/strong>\u00e9 uma condi\u00e7\u00e3o que pode ocorrer durante a gesta\u00e7\u00e3o, afetando a <strong>posi\u00e7\u00e3o da placenta no \u00fatero. <\/strong>A causa dessa condi\u00e7\u00e3o ainda \u00e9 desconhecida, mas existem alguns fatores de risco envolvidos. O principal sintoma envolve o sangramento interno indolor.\u00a0\u00a0<\/p>\n\n\n\n<h2 class=\"wp-block-heading\" id=\"h-tipos-de-placenta-previa\"><span class=\"ez-toc-section\" id=\"Tipos_de_placenta_previa\"><\/span><strong>Tipos de placenta pr\u00e9via<\/strong><span class=\"ez-toc-section-end\"><\/span><\/h2>\n\n\n\n<p>A classifica\u00e7\u00e3o da placenta pr\u00e9via baseia-se no n\u00edvel de implanta\u00e7\u00e3o em rela\u00e7\u00e3o ao colo do \u00fatero:<\/p>\n\n\n\n<ul class=\"wp-block-list\">\n<li><strong>Placenta pr\u00e9via completa:<\/strong> placenta cobre totalmente o orif\u00edcio interno do colo (OCI);<\/li>\n\n\n\n<li><strong>Placenta pr\u00e9via parcial:<\/strong> obstrui parcialmente o OCI;<\/li>\n\n\n\n<li><strong>Placenta pr\u00e9via marginal:<\/strong> a placenta atinge a borda do OCI, sem ultrapass\u00e1-lo;<\/li>\n<\/ul>\n\n\n\n<p>Observe o desenho ilustrativo abaixo<\/p>\n\n\n\n<figure class=\"wp-block-image size-full\"><img loading=\"lazy\" decoding=\"async\" width=\"768\" height=\"614\" src=\"https:\/\/www.grupomedcof.com.br\/blog\/wp-content\/uploads\/2024\/04\/image-5.png\" alt=\"Ilustra\u00e7\u00e3o comparativa mostrando a classifica\u00e7\u00e3o da placenta pr\u00e9via em quatro tipos: placenta normal, placenta pr\u00e9via baixa, placenta pr\u00e9via marginal e placenta pr\u00e9via completa.\" class=\"wp-image-37328\" srcset=\"https:\/\/www.grupomedcof.com.br\/blog\/wp-content\/uploads\/2024\/04\/image-5.png 768w, https:\/\/www.grupomedcof.com.br\/blog\/wp-content\/uploads\/2024\/04\/image-5-300x240.png 300w, https:\/\/www.grupomedcof.com.br\/blog\/wp-content\/uploads\/2024\/04\/image-5-525x420.png 525w, https:\/\/www.grupomedcof.com.br\/blog\/wp-content\/uploads\/2024\/04\/image-5-150x120.png 150w, https:\/\/www.grupomedcof.com.br\/blog\/wp-content\/uploads\/2024\/04\/image-5-696x556.png 696w\" sizes=\"auto, (max-width: 768px) 100vw, 768px\" \/><figcaption class=\"wp-element-caption\">Classifica\u00e7\u00e3o da placenta pr\u00e9via segundo a posi\u00e7\u00e3o em rela\u00e7\u00e3o ao colo uterino: normal, baixa, marginal e completa | Acervo de ilustra\u00e7\u00f5es Grupo MedCof<\/figcaption><\/figure>\n\n\n\n<h2 class=\"wp-block-heading\" id=\"h-causas-e-fatores-de-risco-para-placenta-previa\"><span class=\"ez-toc-section\" id=\"Causas_e_fatores_de_risco_para_placenta_previa\"><\/span><strong>Causas e fatores de risco para placenta pr\u00e9via<\/strong><span class=\"ez-toc-section-end\"><\/span><\/h2>\n\n\n\n<p>Como mencionado anteriormente, a causa principal para essa condi\u00e7\u00e3o \u00e9 o sangramento interno indolor, entretanto, outros fatores de risco podem estar envolvidos:<\/p>\n\n\n\n<ul class=\"wp-block-list\">\n<li>Tabagismo;<\/li>\n\n\n\n<li>Parto ces\u00e1reo anterior;<\/li>\n\n\n\n<li>Curetagem uterina anterior;<\/li>\n\n\n\n<li>Idade materna avan\u00e7ada (>35 anos);<\/li>\n\n\n\n<li>Gesta\u00e7\u00e3o m\u00faltipla;<\/li>\n\n\n\n<li>Antecedente de placenta pr\u00e9via;<\/li>\n\n\n\n<li>Anomalias estruturais do \u00fatero, como mioma.<\/li>\n<\/ul>\n\n\n\n<h2 class=\"wp-block-heading\" id=\"h-quais-sao-os-sintomas-da-placenta-previa\"><span class=\"ez-toc-section\" id=\"Quais_sao_os_sintomas_da_placenta_previa\"><\/span><strong>Quais s\u00e3o os sintomas da placenta pr\u00e9via?<\/strong><span class=\"ez-toc-section-end\"><\/span><\/h2>\n\n\n\n<p>O principal sintoma \u00e9 o sangramento interno indolor que pode envolver as seguintes caracter\u00edsticas:<\/p>\n\n\n\n<ul class=\"wp-block-list\">\n<li>Cor vermelho vivo e normalmente indolor;<\/li>\n\n\n\n<li>Leve ou intenso de in\u00edcio s\u00fabito;<\/li>\n\n\n\n<li>Surgir ap\u00f3s o contato \u00edntimo;<\/li>\n\n\n\n<li>Estar acompanhado de contra\u00e7\u00f5es ou dor aguda na barriga.<\/li>\n<\/ul>\n\n\n\n<p>Vale lembrar que os sintomas s\u00e3o mais frequentes a partir da vig\u00e9sima semana de gesta\u00e7\u00e3o.<\/p>\n\n\n\n<p>Desse modo, a hipotonia e a aus\u00eancia de dor ajudam em um diagn\u00f3stico diferencial.<\/p>\n\n\n\n<h2 class=\"wp-block-heading\" id=\"h-diagnostico-de-placenta-previa\"><span class=\"ez-toc-section\" id=\"Diagnostico_de_placenta_previa\"><\/span><strong>Diagn\u00f3stico de placenta pr\u00e9via<\/strong><span class=\"ez-toc-section-end\"><\/span><\/h2>\n\n\n\n<p>O diagn\u00f3stico da placenta pr\u00e9via \u00e9 realizado por um<a href=\"https:\/\/www.grupomedcof.com.br\/blog\/55-especialidades-medicas\/\"> obstetra <\/a><strong>avaliando os sintomas, hist\u00f3rico de sa\u00fade, exames ginecol\u00f3gicos<\/strong> e, principalmente, por meio de <strong>exame de ultrassom abdominal ou transvaginal.&nbsp;<\/strong><\/p>\n\n\n\n<p>\u00c9 importante ressaltar que o<strong> toque vaginal \u00e9 extremamente proibido<\/strong>, pois pode desencadear <strong>hemorragias severas<\/strong>. Al\u00e9m disso, \u00e9 preciso diferenciar a placenta dasa pr\u00e9via da abruptio placentae, pois s\u00e3o outras complica\u00e7\u00f5es obst\u00e9tricas com caracter\u00edsticas e riscos distintos.<\/p>\n\n\n\n<h2 class=\"wp-block-heading\" id=\"h-quais-sao-os-principais-diagnosticos-diferenciais\"><span class=\"ez-toc-section\" id=\"Quais_sao_os_principais_diagnosticos_diferenciais\"><\/span><strong>Quais s\u00e3o os principais diagn\u00f3sticos diferenciais?<\/strong><span class=\"ez-toc-section-end\"><\/span><\/h2>\n\n\n\n<h2 class=\"wp-block-heading\"><span class=\"ez-toc-section\" id=\"O_Descolamento_Prematuro_de_Placenta_DPP_e_o_principal_diagnostico_diferencial_a_ser_considerado_diante_de_um_quadro_de_sangramento_na_segunda_metade_da_gestacao\"><\/span>O <a href=\"https:\/\/www.grupomedcof.com.br\/blog\/categorias\/ginecologia-e-obstetricia\/\"><strong>Descolamento Prematuro de Placenta<\/strong><\/a><strong> (DPP) <\/strong>\u00e9 o principal diagn\u00f3stico diferencial a ser considerado diante de um quadro de sangramento na segunda metade da gesta\u00e7\u00e3o.<span class=\"ez-toc-section-end\"><\/span><\/h2>\n\n\n\n<p>Perceba a diferen\u00e7a de um quadro para outro na tabela abaixo:<\/p>\n\n\n\n<figure class=\"wp-block-table\"><table class=\"has-fixed-layout\"><tbody><tr><td><strong>&nbsp;<\/strong><\/td><td><strong>PP<\/strong><\/td><td><strong>DPP<\/strong><\/td><\/tr><tr><td>Sangramento<\/td><td>Vivo, espont\u00e2neo e recorrente<\/td><td>Pode estar ausente (oculto), ser discreto ou moderado, pode estar escurecido<\/td><\/tr><tr><td>Dor<\/td><td>Ausente<\/td><td>Geralmente presente, abdominal ou lombar<\/td><\/tr><tr><td>T\u00f4nus uterino<\/td><td>Normal<\/td><td>Aumentado<\/td><\/tr><tr><td>Vitalidade fetal<\/td><td>Preservada<\/td><td>Alterada e grave, risco de mortalidade fetal<\/td><\/tr><tr><td>Metross\u00edstole<\/td><td>Aumenta a hemorragia<\/td><td>Diminui a hemorragia<\/td><\/tr><tr><td>Ultrassom<\/td><td>Localiza\u00e7\u00e3o an\u00f4mala placent\u00e1ria<\/td><td>Pode n\u00e3o identificar, mas pode apresentar a visualiza\u00e7\u00e3o de cole\u00e7\u00e3o retroplacent\u00e1ria<\/td><\/tr><\/tbody><\/table><\/figure>\n\n\n\n<h2 class=\"wp-block-heading\" id=\"h-conduta-clinica-diante-da-placenta-previa\"><span class=\"ez-toc-section\" id=\"Conduta_clinica_diante_da_placenta_previa\"><\/span><strong>Conduta cl\u00ednica diante da placenta pr\u00e9via<\/strong><span class=\"ez-toc-section-end\"><\/span><\/h2>\n\n\n\n<p>A conduta vai depender do quadro cl\u00ednico atual e idade gestacional, portanto h\u00e1 duas op\u00e7\u00f5es:<\/p>\n\n\n\n<ul class=\"wp-block-list\">\n<li><strong>Conservadora:<\/strong> A conduta ser\u00e1 expectante nos casos de pacientes assintom\u00e1ticas, est\u00e1veis clinica e hemodinamicamente e em que a idade gestacional \u00e9 inferior a 37 semanas.\n<ul class=\"wp-block-list\">\n<li>Orienta\u00e7\u00f5es: Informar sinais de alarme, evitar rela\u00e7\u00f5es sexuais, monitoramento fetal, considerar corticoterapia para matura\u00e7\u00e3o pulmonar e resolu\u00e7\u00e3o de gesta\u00e7\u00e3o cm 37 semanas<\/li>\n<\/ul>\n<\/li>\n\n\n\n<li><strong>Ativa:<\/strong> Em casos de sangramento ativo, risco de comprometimento do bem estar fetal e\/ou idade gestacional \u2265 37 semanas deve-se indicar a resolu\u00e7\u00e3o da gesta\u00e7\u00e3o.<\/li>\n<\/ul>\n\n\n\n<p>A <strong>via de parto<\/strong> inclui a altura e encaixamento da apresenta\u00e7\u00e3o, e o resultado da USG vai auxiliar a conduta:<\/p>\n\n\n\n<p><strong>PP marginal ou baixa:<\/strong> pode ser vaginal, se atentando para a intensidade da hemorragia e estabilidade hemodin\u00e2mica da m\u00e3e, tamb\u00e9m se o feto est\u00e1 morto ou h\u00e1 malforma\u00e7\u00f5es fetais incompat\u00edveis com a vida extrauterina, pode fazer o parto vaginal.<\/p>\n\n\n\n<ul class=\"wp-block-list\">\n<li>Borda da placenta &lt; 2cm do OCI e com borda espessa (>1cm): aumenta o risco de necessitar de cesariana por ser um obst\u00e1culo mec\u00e2nico.<\/li>\n<\/ul>\n\n\n\n<p>Diferenciar a placenta pr\u00e9via de outras causas de sangramento \u00e9 crucial para um manejo adequado. Conhecer a classifica\u00e7\u00e3o, compreender os fatores de risco e adotar uma conduta personalizada s\u00e3o passos fundamentais para garantir a seguran\u00e7a materna e fetal.<br>Fique informado e atento aos sinais que fazem toda a diferen\u00e7a no desfecho da gesta\u00e7\u00e3o.<\/p>\n\n\n\n<h2 class=\"wp-block-heading\" id=\"h-como-e-feito-o-tratamento-da-placenta-previa\"><span class=\"ez-toc-section\" id=\"Como_e_feito_o_tratamento_da_placenta_previa\"><\/span><strong>Como \u00e9 feito o tratamento da placenta pr\u00e9via?<\/strong><span class=\"ez-toc-section-end\"><\/span><\/h2>\n\n\n\n<p>O tratamento <strong>depende da idade gestacional e da gravidade cl\u00ednica<\/strong>, com o objetivo de <strong>preservar a sa\u00fade materna e fetal<\/strong>. O diagn\u00f3stico precoce e o manejo adequado s\u00e3o essenciais para reduzir riscos.<\/p>\n\n\n\n<p>O <strong>manejo conservador<\/strong> \u00e9 indicado em gesta\u00e7\u00f5es com<strong> menos de 36\u201337 semanas, sangramento leve ou ausente e m\u00e3e e beb\u00ea est\u00e1veis.<\/strong> Inclui interna\u00e7\u00e3o inicial, repouso relativo, monitoriza\u00e7\u00e3o materno-fetal, corticoterapia para matura\u00e7\u00e3o pulmonar e transfus\u00f5es quando necess\u00e1rio. Em casos selecionados, pode haver alta hospitalar com retorno r\u00e1pido em caso de sangramento.<\/p>\n\n\n\n<p>J\u00e1 o <strong>manejo ativo<\/strong> \u00e9 adotado quando<strong> h\u00e1 37 semanas ou mais<\/strong>, <strong>sangramento intenso, instabilidade materna ou sofrimento fetal.<\/strong> A conduta envolve hospitaliza\u00e7\u00e3o imediata, estabiliza\u00e7\u00e3o hemodin\u00e2mica, preparo para transfus\u00e3o e indica\u00e7\u00e3o de parto por cesariana. A <strong>ces\u00e1rea de urg\u00eancia \u00e9 realizada diante de hemorragia grave ou comprometimento fetal.<\/strong><\/p>\n\n\n\n<p>De forma geral, a <strong>conduta na placenta pr\u00e9via<\/strong> deve ser individualizada, priorizando seguran\u00e7a e reduzindo complica\u00e7\u00f5es. Em situa\u00e7\u00f5es est\u00e1veis, busca-se prolongar a gesta\u00e7\u00e3o at\u00e9 um ponto seguro para o beb\u00ea. Nos casos graves, a interven\u00e7\u00e3o r\u00e1pida em ambiente hospitalar especializado \u00e9 determinante para o desfecho positivo.<\/p>\n\n\n\n<h2 class=\"wp-block-heading\" id=\"h-quais-sao-as-complicacoes-da-placenta-previa\"><span class=\"ez-toc-section\" id=\"Quais_sao_as_complicacoes_da_placenta_previa\"><\/span><strong>Quais s\u00e3o as complica\u00e7\u00f5es da placenta pr\u00e9via?<\/strong><span class=\"ez-toc-section-end\"><\/span><\/h2>\n\n\n\n<p>Os <strong>riscos<\/strong> <strong>maternos s\u00e3o:<\/strong><\/p>\n\n\n\n<ul class=\"wp-block-list\">\n<li><strong>Hemorragia grave<\/strong> antes, durante ou ap\u00f3s o parto.<\/li>\n\n\n\n<li><strong>Anemia<\/strong> por perda sangu\u00ednea cr\u00f4nica ou aguda.<\/li>\n\n\n\n<li><strong>Necessidade de transfus\u00e3o sangu\u00ednea<\/strong> e interna\u00e7\u00f5es repetidas.<\/li>\n\n\n\n<li><strong>Placenta acreta<\/strong> e variantes (increta, percreta), aumentando risco cir\u00fargico.<\/li>\n\n\n\n<li><strong>Histerectomia de emerg\u00eancia<\/strong> em casos de hemorragia incontrol\u00e1vel.<\/li>\n\n\n\n<li><strong>Infec\u00e7\u00e3o puerperal<\/strong> devido a manipula\u00e7\u00e3o uterina e sangramentos.<br><\/li>\n<\/ul>\n\n\n\n<p>J\u00e1 os riscos fetais s\u00e3o:<\/p>\n\n\n\n<ul class=\"wp-block-list\">\n<li><strong>Prematuridade<\/strong> pela necessidade de parto antecipado.<\/li>\n\n\n\n<li><strong>Restri\u00e7\u00e3o de crescimento intrauterino (RCIU)<\/strong> por comprometimento da circula\u00e7\u00e3o placent\u00e1ria.<\/li>\n\n\n\n<li><strong>Sofrimento fetal agudo<\/strong> secund\u00e1rio \u00e0 hemorragia materna ou hip\u00f3xia.<\/li>\n\n\n\n<li><strong>Vasa pr\u00e9via<\/strong>, com risco de ruptura dos vasos e \u00f3bito fetal.<\/li>\n\n\n\n<li><strong>\u00d3bito fetal intrauterino<\/strong> em casos graves ou de evolu\u00e7\u00e3o r\u00e1pida.<\/li>\n<\/ul>\n\n\n\n<h2 class=\"wp-block-heading\" id=\"h-e-possivel-prevenir-a-placenta-previa\"><span class=\"ez-toc-section\" id=\"E_possivel_prevenir_a_placenta_previa\"><\/span><strong>\u00c9 poss\u00edvel prevenir a placenta pr\u00e9via?<\/strong><span class=\"ez-toc-section-end\"><\/span><\/h2>\n\n\n\n<p>A <strong>placenta pr\u00e9via<\/strong> n\u00e3o possui um m\u00e9todo de preven\u00e7\u00e3o direta, pois sua ocorr\u00eancia est\u00e1 relacionada principalmente \u00e0 forma como a placenta se fixa no \u00fatero, algo que n\u00e3o pode ser controlado pela gestante. No entanto, \u00e9 poss\u00edvel <strong>reduzir fatores de risco<\/strong> por meio de <strong>cuidados de sa\u00fade e h\u00e1bitos de vida saud\u00e1veis.<\/strong><\/p>\n\n\n\n<p>Entre as medidas que podem diminuir a probabilidade est\u00e3o: <strong>evitar o tabagismo<\/strong>, que afeta a circula\u00e7\u00e3o placent\u00e1ria; <strong>limitar o n\u00famero de cesarianas e curetagens uterinas<\/strong>, para reduzir cicatrizes no endom\u00e9trio; e realizar <strong>pr\u00e9-natal adequado<\/strong>, identificando precocemente altera\u00e7\u00f5es na implanta\u00e7\u00e3o placent\u00e1ria.<\/p>\n\n\n\n<p>Manter o <strong>controle de doen\u00e7as cr\u00f4nicas<\/strong>, como hipertens\u00e3o e<a href=\"https:\/\/www.grupomedcof.com.br\/blog\/diabetes-gestacional-o-que-e-sintomas-e-riscos\/\"> diabetes,<\/a> tamb\u00e9m contribui para a sa\u00fade uteroplacent\u00e1ria. Al\u00e9m disso, intervalos adequados entre gesta\u00e7\u00f5es e a escolha de servi\u00e7os obst\u00e9tricos qualificados reduzem riscos associados a interven\u00e7\u00f5es cir\u00fargicas desnecess\u00e1rias.<\/p>\n\n\n\n<p>Embora a <strong>placenta pr\u00e9via<\/strong> possa ocorrer mesmo em gesta\u00e7\u00f5es de baixo risco, a ado\u00e7\u00e3o dessas medidas favorece uma gesta\u00e7\u00e3o mais segura e aumenta as chances de um diagn\u00f3stico precoce e manejo eficaz caso a condi\u00e7\u00e3o se desenvolva.<\/p>\n\n\n\n<h2 class=\"wp-block-heading\" id=\"h-a-placenta-previa-pode-regredir\"><span class=\"ez-toc-section\" id=\"A_placenta_previa_pode_regredir\"><\/span><strong>A placenta pr\u00e9via pode regredir?<\/strong><span class=\"ez-toc-section-end\"><\/span><\/h2>\n\n\n\n<p>Quando a <strong>placenta pr\u00e9via<\/strong> \u00e9 diagnosticada no <strong>2\u00ba trimestre<\/strong>, h\u00e1 chance de<strong> regress\u00e3o espont\u00e2nea<\/strong> conforme o \u00fatero cresce e a placenta \u201cmigra\u201d para longe do colo uterino. Estima-se que <strong>80% a 90%<\/strong> dos casos identificados nessa fase se resolvam antes do parto, especialmente nas formas marginais ou de inser\u00e7\u00e3o baixa. J\u00e1 nos casos de placenta pr\u00e9via total no final da gesta\u00e7\u00e3o, a chance de regress\u00e3o \u00e9 muito menor.<\/p>\n\n\n\n<h2 class=\"wp-block-heading\" id=\"h-quantas-semanas-dura-a-placenta-previa\"><span class=\"ez-toc-section\" id=\"Quantas_semanas_dura_a_placenta_previa\"><\/span><strong>Quantas semanas dura a placenta pr\u00e9via?<\/strong><span class=\"ez-toc-section-end\"><\/span><\/h2>\n\n\n\n<p>A <strong>placenta pr\u00e9via<\/strong> pode regredir at\u00e9 o <strong>3\u00ba trimestre<\/strong>, geralmente antes de 32\u201334 semanas, mas em parte dos casos persiste at\u00e9 o parto. Essa regress\u00e3o ocorre devido \u00e0 <strong>\u201cmigra\u00e7\u00e3o\u201d fisiol\u00f3gica da placenta<\/strong>, resultado do crescimento e estiramento do \u00fatero, que afastam a borda placent\u00e1ria do colo uterino.<\/p>\n\n\n\n<h2 class=\"wp-block-heading\" id=\"h-e-possivel-ter-parto-normal-com-placenta-previa\"><span class=\"ez-toc-section\" id=\"E_possivel_ter_parto_normal_com_placenta_previa\"><\/span><strong>\u00c9 poss\u00edvel ter parto normal com placenta pr\u00e9via?<\/strong><span class=\"ez-toc-section-end\"><\/span><\/h2>\n\n\n\n<p>O <strong>parto normal<\/strong> s\u00f3 \u00e9 poss\u00edvel em casos muito selecionados de <strong>placenta pr\u00e9via marginal<\/strong> ou <strong>placenta de inser\u00e7\u00e3o baixa<\/strong>, quando a borda placent\u00e1ria est\u00e1 a pelo menos <strong>2 cm do orif\u00edcio cervical interno<\/strong> e n\u00e3o h\u00e1 sangramento significativo.<\/p>\n\n\n\n<p>Para indicar o parto vaginal, \u00e9 necess\u00e1rio que:<\/p>\n\n\n\n<ul class=\"wp-block-list\">\n<li>A dist\u00e2ncia entre a placenta e o colo seja suficiente para n\u00e3o obstruir a passagem do beb\u00ea.<\/li>\n\n\n\n<li>N\u00e3o haja sinais de sofrimento fetal ou instabilidade materna.<\/li>\n\n\n\n<li>O trabalho de parto evolua normalmente, sem hemorragia.<\/li>\n\n\n\n<li>O feto esteja em <strong>apresenta\u00e7\u00e3o cef\u00e1lica<\/strong> e em condi\u00e7\u00f5es adequadas de vitalidade.<\/li>\n<\/ul>\n\n\n\n<p>Na <strong>placenta pr\u00e9via total ou parcial<\/strong>, o parto vaginal \u00e9 contraindicado, sendo a <strong>cesariana<\/strong> a via de escolha para evitar hemorragia grave materna e risco fetal.<\/p>\n\n\n\n<h2 class=\"wp-block-heading\" id=\"h-como-a-medcof-te-prepara-para-diagnosticos-em-obstetricia\"><span class=\"ez-toc-section\" id=\"Como_a_MedCof_te_prepara_para_diagnosticos_em_obstetricia\"><\/span><strong>Como a MedCof te prepara para diagn\u00f3sticos em obstetr\u00edcia?<\/strong><span class=\"ez-toc-section-end\"><\/span><\/h2>\n\n\n\n<p>A <a href=\"https:\/\/www.grupomedcof.com.br\/home\/\"><strong>MedCof<\/strong><\/a> vai al\u00e9m da prepara\u00e7\u00e3o para as <a href=\"https:\/\/www.grupomedcof.com.br\/blog\/o-que-e-residencia-medica\/\">provas<\/a>: oferece uma forma\u00e7\u00e3o s\u00f3lida nos pilares te\u00f3ricos, cl\u00ednicos e pr\u00e1ticos que realmente importam tanto para a <a href=\"https:\/\/www.grupomedcof.com.br\/blog\/o-que-e-residencia-medica\/\">resid\u00eancia <\/a>quanto para a atua\u00e7\u00e3o m\u00e9dica no dia a dia. Aqui, voc\u00ea estuda com foco, profundidade e prop\u00f3sito.<\/p>\n\n\n\n<figure class=\"wp-block-embed is-type-video is-provider-youtube wp-block-embed-youtube wp-embed-aspect-16-9 wp-has-aspect-ratio\"><div class=\"wp-block-embed__wrapper\">\n<div class=\"youtube-embed\" data-video_id=\"IofEx0XWmLU\"><iframe loading=\"lazy\" title=\"Tudo Sobre Ultrassonografia em Obstetr\u00edcia. Com Dr. Gelson Arcos\" width=\"696\" height=\"392\" src=\"https:\/\/www.youtube.com\/embed\/IofEx0XWmLU?feature=oembed&#038;enablejsapi=1\" frameborder=\"0\" allow=\"accelerometer; autoplay; clipboard-write; encrypted-media; gyroscope; picture-in-picture; web-share\" referrerpolicy=\"strict-origin-when-cross-origin\" allowfullscreen><\/iframe><\/div>\n<\/div><\/figure>\n","protected":false},"excerpt":{"rendered":"<p>Entenda sintomas, causas e condutas m\u00e9dicas em casos de placenta pr\u00e9via. Aprenda como diagnosticar e manejar esse quadro na pr\u00e1tica com o apoio da MedCof!<\/p>\n","protected":false},"author":10,"featured_media":24181,"comment_status":"open","ping_status":"open","sticky":false,"template":"","format":"standard","meta":{"footnotes":""},"categories":[125],"tags":[976,1389,1390,1391],"ppma_author":[3613],"class_list":{"0":"post-24180","1":"post","2":"type-post","3":"status-publish","4":"format-standard","5":"has-post-thumbnail","7":"category-ginecologia-e-obstetricia","8":"tag-gestacao","9":"tag-go","10":"tag-placenta","11":"tag-sangramento"},"yoast_head":"<!-- This site is optimized with the Yoast SEO Premium plugin v24.3 (Yoast SEO v27.4) - https:\/\/yoast.com\/product\/yoast-seo-premium-wordpress\/ -->\n<title>Placenta pr\u00e9via: o que \u00e9, sintomas, diagn\u00f3stico e tratamento<\/title>\n<meta name=\"description\" content=\"Entenda sintomas, causas e condutas m\u00e9dicas em casos de placenta pr\u00e9via. Aprenda como diagnosticar e manejar esse quadro na pr\u00e1tica com o apoio da MedCof!\" \/>\n<meta name=\"robots\" content=\"index, follow, max-snippet:-1, max-image-preview:large, max-video-preview:-1\" \/>\n<link rel=\"canonical\" href=\"https:\/\/www.grupomedcof.com.br\/blog\/placenta-previa-entenda-o-diagnostico-diferencial-e-a-conduta-adequada\/\" \/>\n<meta property=\"og:locale\" content=\"pt_BR\" \/>\n<meta property=\"og:type\" content=\"article\" \/>\n<meta property=\"og:title\" content=\"Placenta pr\u00e9via: causas, sintomas e como manejar na pr\u00e1tica obst\u00e9trica\" \/>\n<meta property=\"og:description\" content=\"Entenda sintomas, causas e condutas m\u00e9dicas em casos de placenta pr\u00e9via. Aprenda como diagnosticar e manejar esse quadro na pr\u00e1tica com o apoio da MedCof!\" \/>\n<meta property=\"og:url\" content=\"https:\/\/www.grupomedcof.com.br\/blog\/placenta-previa-entenda-o-diagnostico-diferencial-e-a-conduta-adequada\/\" \/>\n<meta property=\"og:site_name\" content=\"Blog de Medcof: conte\u00fados, editais, revalida e mais!\" \/>\n<meta property=\"article:publisher\" content=\"https:\/\/www.facebook.com\/MedCofQbank\/\" \/>\n<meta property=\"article:published_time\" content=\"2025-08-27T18:10:00+00:00\" \/>\n<meta property=\"og:image\" content=\"https:\/\/www.grupomedcof.com.br\/blog\/wp-content\/uploads\/2024\/04\/Blog-MedCof-94.png\" \/>\n\t<meta property=\"og:image:width\" content=\"696\" \/>\n\t<meta property=\"og:image:height\" content=\"392\" \/>\n\t<meta property=\"og:image:type\" content=\"image\/png\" \/>\n<meta name=\"author\" content=\"Grupo MedCof\" \/>\n<meta name=\"twitter:card\" content=\"summary_large_image\" \/>\n<meta name=\"twitter:label1\" content=\"Escrito por\" \/>\n\t<meta name=\"twitter:data1\" content=\"Grupo MedCof\" \/>\n\t<meta name=\"twitter:label2\" content=\"Est. tempo de leitura\" \/>\n\t<meta name=\"twitter:data2\" content=\"9 minutos\" \/>\n<script type=\"application\/ld+json\" class=\"yoast-schema-graph\">{\"@context\":\"https:\\\/\\\/schema.org\",\"@graph\":[{\"@type\":\"Article\",\"@id\":\"https:\\\/\\\/www.grupomedcof.com.br\\\/blog\\\/placenta-previa-entenda-o-diagnostico-diferencial-e-a-conduta-adequada\\\/#article\",\"isPartOf\":{\"@id\":\"https:\\\/\\\/www.grupomedcof.com.br\\\/blog\\\/placenta-previa-entenda-o-diagnostico-diferencial-e-a-conduta-adequada\\\/\"},\"author\":{\"name\":\"Grupo MedCof\",\"@id\":\"https:\\\/\\\/www.grupomedcof.com.br\\\/blog\\\/#\\\/schema\\\/person\\\/5e56a3921255c01181f3d8c20d53f9c0\"},\"headline\":\"Placenta pr\u00e9via: causas, sintomas e como manejar na pr\u00e1tica obst\u00e9trica\",\"datePublished\":\"2025-08-27T18:10:00+00:00\",\"mainEntityOfPage\":{\"@id\":\"https:\\\/\\\/www.grupomedcof.com.br\\\/blog\\\/placenta-previa-entenda-o-diagnostico-diferencial-e-a-conduta-adequada\\\/\"},\"wordCount\":1634,\"commentCount\":0,\"publisher\":{\"@id\":\"https:\\\/\\\/www.grupomedcof.com.br\\\/blog\\\/#organization\"},\"image\":{\"@id\":\"https:\\\/\\\/www.grupomedcof.com.br\\\/blog\\\/placenta-previa-entenda-o-diagnostico-diferencial-e-a-conduta-adequada\\\/#primaryimage\"},\"thumbnailUrl\":\"https:\\\/\\\/www.grupomedcof.com.br\\\/blog\\\/wp-content\\\/uploads\\\/2024\\\/04\\\/Blog-MedCof-94.png\",\"keywords\":[\"gesta\u00e7\u00e3o\",\"Go\",\"placenta\",\"sangramento\"],\"articleSection\":[\"Ginecologia e Obstetr\u00edcia\"],\"inLanguage\":\"pt-BR\"},{\"@type\":\"WebPage\",\"@id\":\"https:\\\/\\\/www.grupomedcof.com.br\\\/blog\\\/placenta-previa-entenda-o-diagnostico-diferencial-e-a-conduta-adequada\\\/\",\"url\":\"https:\\\/\\\/www.grupomedcof.com.br\\\/blog\\\/placenta-previa-entenda-o-diagnostico-diferencial-e-a-conduta-adequada\\\/\",\"name\":\"Placenta pr\u00e9via: o que \u00e9, sintomas, diagn\u00f3stico e tratamento\",\"isPartOf\":{\"@id\":\"https:\\\/\\\/www.grupomedcof.com.br\\\/blog\\\/#website\"},\"primaryImageOfPage\":{\"@id\":\"https:\\\/\\\/www.grupomedcof.com.br\\\/blog\\\/placenta-previa-entenda-o-diagnostico-diferencial-e-a-conduta-adequada\\\/#primaryimage\"},\"image\":{\"@id\":\"https:\\\/\\\/www.grupomedcof.com.br\\\/blog\\\/placenta-previa-entenda-o-diagnostico-diferencial-e-a-conduta-adequada\\\/#primaryimage\"},\"thumbnailUrl\":\"https:\\\/\\\/www.grupomedcof.com.br\\\/blog\\\/wp-content\\\/uploads\\\/2024\\\/04\\\/Blog-MedCof-94.png\",\"datePublished\":\"2025-08-27T18:10:00+00:00\",\"description\":\"Entenda sintomas, causas e condutas m\u00e9dicas em casos de placenta pr\u00e9via. Aprenda como diagnosticar e manejar esse quadro na pr\u00e1tica com o apoio da MedCof!\",\"breadcrumb\":{\"@id\":\"https:\\\/\\\/www.grupomedcof.com.br\\\/blog\\\/placenta-previa-entenda-o-diagnostico-diferencial-e-a-conduta-adequada\\\/#breadcrumb\"},\"inLanguage\":\"pt-BR\",\"potentialAction\":[{\"@type\":\"ReadAction\",\"target\":[\"https:\\\/\\\/www.grupomedcof.com.br\\\/blog\\\/placenta-previa-entenda-o-diagnostico-diferencial-e-a-conduta-adequada\\\/\"]}]},{\"@type\":\"ImageObject\",\"inLanguage\":\"pt-BR\",\"@id\":\"https:\\\/\\\/www.grupomedcof.com.br\\\/blog\\\/placenta-previa-entenda-o-diagnostico-diferencial-e-a-conduta-adequada\\\/#primaryimage\",\"url\":\"https:\\\/\\\/www.grupomedcof.com.br\\\/blog\\\/wp-content\\\/uploads\\\/2024\\\/04\\\/Blog-MedCof-94.png\",\"contentUrl\":\"https:\\\/\\\/www.grupomedcof.com.br\\\/blog\\\/wp-content\\\/uploads\\\/2024\\\/04\\\/Blog-MedCof-94.png\",\"width\":1920,\"height\":1080,\"caption\":\"A placenta pr\u00e9via \u00e9 caracterizada pela implanta\u00e7\u00e3o de qualquer polo placent\u00e1rio no segmento inferior do \u00fatero ap\u00f3s as 28 semanas.\"},{\"@type\":\"BreadcrumbList\",\"@id\":\"https:\\\/\\\/www.grupomedcof.com.br\\\/blog\\\/placenta-previa-entenda-o-diagnostico-diferencial-e-a-conduta-adequada\\\/#breadcrumb\",\"itemListElement\":[{\"@type\":\"ListItem\",\"position\":1,\"name\":\"In\u00edcio\",\"item\":\"https:\\\/\\\/www.grupomedcof.com.br\\\/blog\\\/\"},{\"@type\":\"ListItem\",\"position\":2,\"name\":\"Placenta pr\u00e9via: causas, sintomas e como manejar na pr\u00e1tica obst\u00e9trica\"}]},{\"@type\":\"WebSite\",\"@id\":\"https:\\\/\\\/www.grupomedcof.com.br\\\/blog\\\/#website\",\"url\":\"https:\\\/\\\/www.grupomedcof.com.br\\\/blog\\\/\",\"name\":\"Blog de Medcof: conte\u00fados, editais, revalida e mais!\",\"description\":\"Acesso o blog de MedCof! Seu portal de conte\u00fados sobre resid\u00eancia m\u00e9dica, an\u00e1lise e editais e muito mais. Clique e confira!\",\"publisher\":{\"@id\":\"https:\\\/\\\/www.grupomedcof.com.br\\\/blog\\\/#organization\"},\"alternateName\":\"Blog de Medcof: conte\u00fados, editais, revalida e mais!\",\"potentialAction\":[{\"@type\":\"SearchAction\",\"target\":{\"@type\":\"EntryPoint\",\"urlTemplate\":\"https:\\\/\\\/www.grupomedcof.com.br\\\/blog\\\/?s={search_term_string}\"},\"query-input\":{\"@type\":\"PropertyValueSpecification\",\"valueRequired\":true,\"valueName\":\"search_term_string\"}}],\"inLanguage\":\"pt-BR\"},{\"@type\":\"Organization\",\"@id\":\"https:\\\/\\\/www.grupomedcof.com.br\\\/blog\\\/#organization\",\"name\":\"Grupo MedCof\",\"url\":\"https:\\\/\\\/www.grupomedcof.com.br\\\/blog\\\/\",\"logo\":{\"@type\":\"ImageObject\",\"inLanguage\":\"pt-BR\",\"@id\":\"https:\\\/\\\/www.grupomedcof.com.br\\\/blog\\\/#\\\/schema\\\/logo\\\/image\\\/\",\"url\":\"https:\\\/\\\/www.grupomedcof.com.br\\\/blog\\\/wp-content\\\/uploads\\\/2022\\\/01\\\/logo-medcof.png\",\"contentUrl\":\"https:\\\/\\\/www.grupomedcof.com.br\\\/blog\\\/wp-content\\\/uploads\\\/2022\\\/01\\\/logo-medcof.png\",\"width\":768,\"height\":269,\"caption\":\"Grupo MedCof\"},\"image\":{\"@id\":\"https:\\\/\\\/www.grupomedcof.com.br\\\/blog\\\/#\\\/schema\\\/logo\\\/image\\\/\"},\"sameAs\":[\"https:\\\/\\\/www.facebook.com\\\/MedCofQbank\\\/\",\"https:\\\/\\\/www.instagram.com\\\/grupomedcof\\\/\",\"https:\\\/\\\/br.linkedin.com\\\/company\\\/medcof\",\"https:\\\/\\\/www.youtube.com\\\/channel\\\/UCdHMuOHKICxcHwecxN8P-AA\"]},{\"@type\":\"Person\",\"@id\":\"https:\\\/\\\/www.grupomedcof.com.br\\\/blog\\\/#\\\/schema\\\/person\\\/5e56a3921255c01181f3d8c20d53f9c0\",\"name\":\"Grupo MedCof\",\"image\":{\"@type\":\"ImageObject\",\"inLanguage\":\"pt-BR\",\"@id\":\"https:\\\/\\\/www.grupomedcof.com.br\\\/blog\\\/wp-content\\\/uploads\\\/2023\\\/04\\\/cropped-cropped-cropped-cropped-logo-96x96.png28585d174f19c23095510da5f63bc127\",\"url\":\"https:\\\/\\\/www.grupomedcof.com.br\\\/blog\\\/wp-content\\\/uploads\\\/2023\\\/04\\\/cropped-cropped-cropped-cropped-logo-96x96.png\",\"contentUrl\":\"https:\\\/\\\/www.grupomedcof.com.br\\\/blog\\\/wp-content\\\/uploads\\\/2023\\\/04\\\/cropped-cropped-cropped-cropped-logo-96x96.png\",\"caption\":\"Grupo MedCof\"},\"description\":\"Tendo aulas baseadas em quest\u00f5es, + de 115 subespecialistas dispon\u00edveis e uma metodologia \u00fanica, voc\u00ea pode se juntar ao nosso time que conta com mais de 10 mil ...\",\"url\":\"https:\\\/\\\/www.grupomedcof.com.br\\\/blog\\\/author\\\/grupo-medcof\\\/\"}]}<\/script>\n<!-- \/ Yoast SEO Premium plugin. -->","yoast_head_json":{"title":"Placenta pr\u00e9via: o que \u00e9, sintomas, diagn\u00f3stico e tratamento","description":"Entenda sintomas, causas e condutas m\u00e9dicas em casos de placenta pr\u00e9via. Aprenda como diagnosticar e manejar esse quadro na pr\u00e1tica com o apoio da MedCof!","robots":{"index":"index","follow":"follow","max-snippet":"max-snippet:-1","max-image-preview":"max-image-preview:large","max-video-preview":"max-video-preview:-1"},"canonical":"https:\/\/www.grupomedcof.com.br\/blog\/placenta-previa-entenda-o-diagnostico-diferencial-e-a-conduta-adequada\/","og_locale":"pt_BR","og_type":"article","og_title":"Placenta pr\u00e9via: causas, sintomas e como manejar na pr\u00e1tica obst\u00e9trica","og_description":"Entenda sintomas, causas e condutas m\u00e9dicas em casos de placenta pr\u00e9via. Aprenda como diagnosticar e manejar esse quadro na pr\u00e1tica com o apoio da MedCof!","og_url":"https:\/\/www.grupomedcof.com.br\/blog\/placenta-previa-entenda-o-diagnostico-diferencial-e-a-conduta-adequada\/","og_site_name":"Blog de Medcof: conte\u00fados, editais, revalida e mais!","article_publisher":"https:\/\/www.facebook.com\/MedCofQbank\/","article_published_time":"2025-08-27T18:10:00+00:00","og_image":[{"url":"https:\/\/www.grupomedcof.com.br\/blog\/wp-content\/uploads\/2024\/04\/Blog-MedCof-94.png","width":696,"height":392,"type":"image\/png"}],"author":"Grupo MedCof","twitter_card":"summary_large_image","twitter_misc":{"Escrito por":"Grupo MedCof","Est. tempo de leitura":"9 minutos"},"schema":{"@context":"https:\/\/schema.org","@graph":[{"@type":"Article","@id":"https:\/\/www.grupomedcof.com.br\/blog\/placenta-previa-entenda-o-diagnostico-diferencial-e-a-conduta-adequada\/#article","isPartOf":{"@id":"https:\/\/www.grupomedcof.com.br\/blog\/placenta-previa-entenda-o-diagnostico-diferencial-e-a-conduta-adequada\/"},"author":{"name":"Grupo MedCof","@id":"https:\/\/www.grupomedcof.com.br\/blog\/#\/schema\/person\/5e56a3921255c01181f3d8c20d53f9c0"},"headline":"Placenta pr\u00e9via: causas, sintomas e como manejar na pr\u00e1tica obst\u00e9trica","datePublished":"2025-08-27T18:10:00+00:00","mainEntityOfPage":{"@id":"https:\/\/www.grupomedcof.com.br\/blog\/placenta-previa-entenda-o-diagnostico-diferencial-e-a-conduta-adequada\/"},"wordCount":1634,"commentCount":0,"publisher":{"@id":"https:\/\/www.grupomedcof.com.br\/blog\/#organization"},"image":{"@id":"https:\/\/www.grupomedcof.com.br\/blog\/placenta-previa-entenda-o-diagnostico-diferencial-e-a-conduta-adequada\/#primaryimage"},"thumbnailUrl":"https:\/\/www.grupomedcof.com.br\/blog\/wp-content\/uploads\/2024\/04\/Blog-MedCof-94.png","keywords":["gesta\u00e7\u00e3o","Go","placenta","sangramento"],"articleSection":["Ginecologia e Obstetr\u00edcia"],"inLanguage":"pt-BR"},{"@type":"WebPage","@id":"https:\/\/www.grupomedcof.com.br\/blog\/placenta-previa-entenda-o-diagnostico-diferencial-e-a-conduta-adequada\/","url":"https:\/\/www.grupomedcof.com.br\/blog\/placenta-previa-entenda-o-diagnostico-diferencial-e-a-conduta-adequada\/","name":"Placenta pr\u00e9via: o que \u00e9, sintomas, diagn\u00f3stico e tratamento","isPartOf":{"@id":"https:\/\/www.grupomedcof.com.br\/blog\/#website"},"primaryImageOfPage":{"@id":"https:\/\/www.grupomedcof.com.br\/blog\/placenta-previa-entenda-o-diagnostico-diferencial-e-a-conduta-adequada\/#primaryimage"},"image":{"@id":"https:\/\/www.grupomedcof.com.br\/blog\/placenta-previa-entenda-o-diagnostico-diferencial-e-a-conduta-adequada\/#primaryimage"},"thumbnailUrl":"https:\/\/www.grupomedcof.com.br\/blog\/wp-content\/uploads\/2024\/04\/Blog-MedCof-94.png","datePublished":"2025-08-27T18:10:00+00:00","description":"Entenda sintomas, causas e condutas m\u00e9dicas em casos de placenta pr\u00e9via. Aprenda como diagnosticar e manejar esse quadro na pr\u00e1tica com o apoio da MedCof!","breadcrumb":{"@id":"https:\/\/www.grupomedcof.com.br\/blog\/placenta-previa-entenda-o-diagnostico-diferencial-e-a-conduta-adequada\/#breadcrumb"},"inLanguage":"pt-BR","potentialAction":[{"@type":"ReadAction","target":["https:\/\/www.grupomedcof.com.br\/blog\/placenta-previa-entenda-o-diagnostico-diferencial-e-a-conduta-adequada\/"]}]},{"@type":"ImageObject","inLanguage":"pt-BR","@id":"https:\/\/www.grupomedcof.com.br\/blog\/placenta-previa-entenda-o-diagnostico-diferencial-e-a-conduta-adequada\/#primaryimage","url":"https:\/\/www.grupomedcof.com.br\/blog\/wp-content\/uploads\/2024\/04\/Blog-MedCof-94.png","contentUrl":"https:\/\/www.grupomedcof.com.br\/blog\/wp-content\/uploads\/2024\/04\/Blog-MedCof-94.png","width":1920,"height":1080,"caption":"A placenta pr\u00e9via \u00e9 caracterizada pela implanta\u00e7\u00e3o de qualquer polo placent\u00e1rio no segmento inferior do \u00fatero ap\u00f3s as 28 semanas."},{"@type":"BreadcrumbList","@id":"https:\/\/www.grupomedcof.com.br\/blog\/placenta-previa-entenda-o-diagnostico-diferencial-e-a-conduta-adequada\/#breadcrumb","itemListElement":[{"@type":"ListItem","position":1,"name":"In\u00edcio","item":"https:\/\/www.grupomedcof.com.br\/blog\/"},{"@type":"ListItem","position":2,"name":"Placenta pr\u00e9via: causas, sintomas e como manejar na pr\u00e1tica obst\u00e9trica"}]},{"@type":"WebSite","@id":"https:\/\/www.grupomedcof.com.br\/blog\/#website","url":"https:\/\/www.grupomedcof.com.br\/blog\/","name":"Blog de Medcof: conte\u00fados, editais, revalida e mais!","description":"Acesso o blog de MedCof! Seu portal de conte\u00fados sobre resid\u00eancia m\u00e9dica, an\u00e1lise e editais e muito mais. Clique e confira!","publisher":{"@id":"https:\/\/www.grupomedcof.com.br\/blog\/#organization"},"alternateName":"Blog de Medcof: conte\u00fados, editais, revalida e mais!","potentialAction":[{"@type":"SearchAction","target":{"@type":"EntryPoint","urlTemplate":"https:\/\/www.grupomedcof.com.br\/blog\/?s={search_term_string}"},"query-input":{"@type":"PropertyValueSpecification","valueRequired":true,"valueName":"search_term_string"}}],"inLanguage":"pt-BR"},{"@type":"Organization","@id":"https:\/\/www.grupomedcof.com.br\/blog\/#organization","name":"Grupo MedCof","url":"https:\/\/www.grupomedcof.com.br\/blog\/","logo":{"@type":"ImageObject","inLanguage":"pt-BR","@id":"https:\/\/www.grupomedcof.com.br\/blog\/#\/schema\/logo\/image\/","url":"https:\/\/www.grupomedcof.com.br\/blog\/wp-content\/uploads\/2022\/01\/logo-medcof.png","contentUrl":"https:\/\/www.grupomedcof.com.br\/blog\/wp-content\/uploads\/2022\/01\/logo-medcof.png","width":768,"height":269,"caption":"Grupo MedCof"},"image":{"@id":"https:\/\/www.grupomedcof.com.br\/blog\/#\/schema\/logo\/image\/"},"sameAs":["https:\/\/www.facebook.com\/MedCofQbank\/","https:\/\/www.instagram.com\/grupomedcof\/","https:\/\/br.linkedin.com\/company\/medcof","https:\/\/www.youtube.com\/channel\/UCdHMuOHKICxcHwecxN8P-AA"]},{"@type":"Person","@id":"https:\/\/www.grupomedcof.com.br\/blog\/#\/schema\/person\/5e56a3921255c01181f3d8c20d53f9c0","name":"Grupo MedCof","image":{"@type":"ImageObject","inLanguage":"pt-BR","@id":"https:\/\/www.grupomedcof.com.br\/blog\/wp-content\/uploads\/2023\/04\/cropped-cropped-cropped-cropped-logo-96x96.png28585d174f19c23095510da5f63bc127","url":"https:\/\/www.grupomedcof.com.br\/blog\/wp-content\/uploads\/2023\/04\/cropped-cropped-cropped-cropped-logo-96x96.png","contentUrl":"https:\/\/www.grupomedcof.com.br\/blog\/wp-content\/uploads\/2023\/04\/cropped-cropped-cropped-cropped-logo-96x96.png","caption":"Grupo MedCof"},"description":"Tendo aulas baseadas em quest\u00f5es, + de 115 subespecialistas dispon\u00edveis e uma metodologia \u00fanica, voc\u00ea pode se juntar ao nosso time que conta com mais de 10 mil ...","url":"https:\/\/www.grupomedcof.com.br\/blog\/author\/grupo-medcof\/"}]}},"authors":[{"term_id":3613,"user_id":10,"is_guest":0,"slug":"grupo-medcof","display_name":"Grupo MedCof","avatar_url":"https:\/\/www.grupomedcof.com.br\/blog\/wp-content\/uploads\/2023\/04\/cropped-cropped-cropped-cropped-logo-96x96.png","0":null,"1":"","2":"","3":"","4":"","5":"","6":"","7":"","8":""}],"_links":{"self":[{"href":"https:\/\/www.grupomedcof.com.br\/blog\/wp-json\/wp\/v2\/posts\/24180","targetHints":{"allow":["GET"]}}],"collection":[{"href":"https:\/\/www.grupomedcof.com.br\/blog\/wp-json\/wp\/v2\/posts"}],"about":[{"href":"https:\/\/www.grupomedcof.com.br\/blog\/wp-json\/wp\/v2\/types\/post"}],"author":[{"embeddable":true,"href":"https:\/\/www.grupomedcof.com.br\/blog\/wp-json\/wp\/v2\/users\/10"}],"replies":[{"embeddable":true,"href":"https:\/\/www.grupomedcof.com.br\/blog\/wp-json\/wp\/v2\/comments?post=24180"}],"version-history":[{"count":1,"href":"https:\/\/www.grupomedcof.com.br\/blog\/wp-json\/wp\/v2\/posts\/24180\/revisions"}],"predecessor-version":[{"id":37329,"href":"https:\/\/www.grupomedcof.com.br\/blog\/wp-json\/wp\/v2\/posts\/24180\/revisions\/37329"}],"wp:featuredmedia":[{"embeddable":true,"href":"https:\/\/www.grupomedcof.com.br\/blog\/wp-json\/wp\/v2\/media\/24181"}],"wp:attachment":[{"href":"https:\/\/www.grupomedcof.com.br\/blog\/wp-json\/wp\/v2\/media?parent=24180"}],"wp:term":[{"taxonomy":"category","embeddable":true,"href":"https:\/\/www.grupomedcof.com.br\/blog\/wp-json\/wp\/v2\/categories?post=24180"},{"taxonomy":"post_tag","embeddable":true,"href":"https:\/\/www.grupomedcof.com.br\/blog\/wp-json\/wp\/v2\/tags?post=24180"},{"taxonomy":"author","embeddable":true,"href":"https:\/\/www.grupomedcof.com.br\/blog\/wp-json\/wp\/v2\/ppma_author?post=24180"}],"curies":[{"name":"wp","href":"https:\/\/api.w.org\/{rel}","templated":true}]}}