{"id":252,"date":"2022-04-01T11:00:42","date_gmt":"2022-04-01T14:00:42","guid":{"rendered":"https:\/\/blog.grupomedcof.com.br\/?p=252"},"modified":"2022-04-01T11:00:42","modified_gmt":"2022-04-01T14:00:42","slug":"a-importancia-da-comunicacao-para-o-medico","status":"publish","type":"post","link":"https:\/\/www.grupomedcof.com.br\/blog\/a-importancia-da-comunicacao-para-o-medico\/","title":{"rendered":"A import\u00e2ncia da comunica\u00e7\u00e3o para o m\u00e9dico"},"content":{"rendered":"<p><img loading=\"lazy\" decoding=\"async\" class=\"aligncenter wp-image-253 size-full\" src=\"https:\/\/www.grupomedcof.com.br\/blog\/wp-content\/uploads\/2022\/03\/the-doctor-930x620-1.jpg\" alt=\"comunica\u00e7\u00e3o m\u00e9dico\" width=\"930\" height=\"620\" srcset=\"https:\/\/www.grupomedcof.com.br\/blog\/wp-content\/uploads\/2022\/03\/the-doctor-930x620-1.jpg 930w, https:\/\/www.grupomedcof.com.br\/blog\/wp-content\/uploads\/2022\/03\/the-doctor-930x620-1-300x200.jpg 300w, https:\/\/www.grupomedcof.com.br\/blog\/wp-content\/uploads\/2022\/03\/the-doctor-930x620-1-768x512.jpg 768w\" sizes=\"auto, (max-width: 930px) 100vw, 930px\" \/><\/p>\n<p>&nbsp;<\/p>\n<blockquote><p>&#8220;Amamos o m\u00e9dico n\u00e3o pelo seu saber, n\u00e3o pelo seu poder, mas pela solidariedade humana que se revela na sua espera meditativa. E todos os seus fracassos (pois n\u00e3o est\u00e3o, todos eles, condenados a perder a \u00faltima batalha?) ser\u00e3o perdoados se; no nosso desamparo, percebermos que ele, silenciosamente, permanece e medita, junto conosco\u201d.<\/p><\/blockquote>\n<p>&nbsp;<\/p>\n<p>A po\u00e9tica descri\u00e7\u00e3o do escritor Rubem Alves do quadro <span style=\"color: #0000ff;\"><a style=\"color: #0000ff;\" href=\"https:\/\/www.tate.org.uk\/art\/artworks\/fildes-the-doctor-n01522\">\u201cO M\u00e9dico\u201d<\/a><\/span> (Sir Samuel Lukes Fildes, 1891) enaltece uma das mais belas caracter\u00edsticas do m\u00e9dico: o poder da comunica\u00e7\u00e3o verbal e visual.<\/p>\n<p>Por meio dela, conseguimos expressar n\u00e3o apenas a estima e a empatia pelo paciente, mas tamb\u00e9m estar dispon\u00edvel a ouvir a hist\u00f3ria do paciente. Ali na sua frente, \u00e9 o momento em que voc\u00ea tem a oportunidade de entender toda a trajet\u00f3ria da pessoa que fez com que ela chegasse a tal ponto de sua vulnerabilidade para procurar ajuda.<\/p>\n<p>&nbsp;<\/p>\n<p>A comunica\u00e7\u00e3o, nesse cen\u00e1rio, tamb\u00e9m torna-se essencial para que o m\u00e9dico expresse a sua seguran\u00e7a diante do diagn\u00f3stico em que se chegou e mostra estar dispon\u00edvel para auxiliar o paciente com o tratamento.<\/p>\n<p>&nbsp;<\/p>\n<p>Outra rela\u00e7\u00e3o central que exige uma boa conversa \u00e9 a entre voc\u00ea e seu chefe. Saber expor as suas ideias de forma n\u00e3o prepotente, dar retorno sobre as suas fun\u00e7\u00f5es cumpridas e, quem sabe, at\u00e9 fazer exig\u00eancias sobre uma situa\u00e7\u00e3o que n\u00e3o est\u00e1 sendo sustent\u00e1vel no ambiente do trabalho, demonstra a necessidade de saber articular de forma adequada e, principalmente, entender o momento certo de falar.<\/p>\n<p>&nbsp;<\/p>\n<p>Antes mesmo de entrarmos neste mundo profissional, as obriga\u00e7\u00f5es da comunica\u00e7\u00e3o se estabelecem j\u00e1 nas nossas salas de aulas com nossos colegas. Compreender como dar um feedback certeiro, em que a mensagem chegue ao seu parceiro de modo construtivo e, ao mesmo tempo, efetivo, \u00e9 fundamental para que a din\u00e2mica do grupo funcione, seja nas pr\u00e1ticas, nas aulas ou no internato. Assim, tentar evitar esta conversa traz preju\u00edzos para a qualidade do aprendizado, j\u00e1 que voc\u00ea n\u00e3o ter\u00e1 uma din\u00e2mica boa com a sua dupla, e da sua qualidade de vida, pois o estresse da rela\u00e7\u00e3o vai te consumir aos poucos.<\/p>\n<p>&nbsp;<\/p>\n<p>Por fim, como o m\u00e9dico est\u00e1 inserido cada vez mais em uma equipe multiprofissional, saber reconhecer os limites de seu conhecimento e como abordar determinado assunto em uma discuss\u00e3o de caso, torna-se cada vez mais relevante e um diferencial na escolha de um profissional em um posto no mercado de trabalho.<\/p>\n<p>Veja voc\u00ea, ent\u00e3o, que sairmos da nossa zona de conforto e estabelecermos uma comunica\u00e7\u00e3o valiosa \u00e9 vantajoso em todos os sentidos, sendo que apenas assim ser\u00e1 poss\u00edvel atingir o melhor n\u00edvel de rela\u00e7\u00e3o entre o m\u00e9dico e o paciente ou seus colegas de profiss\u00e3o ou sua equipe.<\/p>\n<p>&nbsp;<\/p>\n<p>&nbsp;<\/p>\n<h6><em>Por Luana Perrone Camilo<\/em><\/h6>\n<p>&nbsp;<\/p>\n<p>&nbsp;<\/p>\n<h6><em>Leia outros artigos:<\/em><\/h6>\n<h6><span style=\"color: #0000ff;\"><a style=\"color: #0000ff;\" href=\"https:\/\/www.grupomedcof.com.br\/blog\/raio-x-residencia-medica-usp-sp-2022\/\">Raio-X: Resid\u00eancia M\u00e9dica USP SP 2022. Venha conferir todos os detalhes do processo seletivo!<\/a><\/span><\/h6>\n<h6><span style=\"color: #0000ff;\"><a style=\"color: #0000ff;\" href=\"https:\/\/www.grupomedcof.com.br\/blog\/pancreatite-aguda-quando-usar-antibioticos\/\">Pancreatite aguda \u2013 quando usar antibi\u00f3ticos?<\/a><\/span><\/h6>\n<p>&nbsp;<\/p>\n","protected":false},"excerpt":{"rendered":"<p>&nbsp; &#8220;Amamos o m\u00e9dico n\u00e3o pelo seu saber, n\u00e3o pelo seu poder, mas pela solidariedade humana que se revela na sua espera meditativa. E todos os seus fracassos (pois n\u00e3o est\u00e3o, todos eles, condenados a perder a \u00faltima batalha?) ser\u00e3o perdoados se; no nosso desamparo, percebermos que ele, silenciosamente, permanece e medita, junto conosco\u201d. &nbsp; [&hellip;]<\/p>\n","protected":false},"author":2,"featured_media":253,"comment_status":"open","ping_status":"open","sticky":false,"template":"","format":"standard","meta":{"footnotes":""},"categories":[21],"tags":[22],"ppma_author":[3612],"class_list":{"0":"post-252","1":"post","2":"type-post","3":"status-publish","4":"format-standard","5":"has-post-thumbnail","7":"category-historia-cultura-comportamento","8":"tag-comunicacao"},"yoast_head":"<!-- This site is optimized with the Yoast SEO Premium plugin v24.3 (Yoast SEO v27.4) - https:\/\/yoast.com\/product\/yoast-seo-premium-wordpress\/ -->\n<title>A import\u00e2ncia da comunica\u00e7\u00e3o para o m\u00e9dico - Blog de Medcof: conte\u00fados, editais, revalida e mais!<\/title>\n<meta name=\"description\" content=\"A comunica\u00e7\u00e3o \u00e9 essencial para que o m\u00e9dico expresse a sua seguran\u00e7a diante do diagn\u00f3stico e se mostre dispon\u00edvel para o paciente.\" \/>\n<meta name=\"robots\" content=\"index, follow, max-snippet:-1, max-image-preview:large, max-video-preview:-1\" \/>\n<link rel=\"canonical\" href=\"https:\/\/www.grupomedcof.com.br\/blog\/a-importancia-da-comunicacao-para-o-medico\/\" \/>\n<meta property=\"og:locale\" content=\"pt_BR\" \/>\n<meta property=\"og:type\" content=\"article\" \/>\n<meta property=\"og:title\" content=\"A import\u00e2ncia da comunica\u00e7\u00e3o para o m\u00e9dico\" \/>\n<meta property=\"og:description\" content=\"A comunica\u00e7\u00e3o \u00e9 essencial para que o m\u00e9dico expresse a sua seguran\u00e7a diante do diagn\u00f3stico e se mostre dispon\u00edvel para o paciente.\" \/>\n<meta property=\"og:url\" content=\"https:\/\/www.grupomedcof.com.br\/blog\/a-importancia-da-comunicacao-para-o-medico\/\" \/>\n<meta property=\"og:site_name\" content=\"Blog de Medcof: conte\u00fados, editais, revalida e mais!\" \/>\n<meta property=\"article:publisher\" content=\"https:\/\/www.facebook.com\/MedCofQbank\/\" \/>\n<meta property=\"article:published_time\" content=\"2022-04-01T14:00:42+00:00\" \/>\n<meta property=\"og:image\" content=\"https:\/\/www.grupomedcof.com.br\/blog\/wp-content\/uploads\/2022\/03\/the-doctor-930x620-1.jpg\" \/>\n\t<meta property=\"og:image:width\" content=\"930\" \/>\n\t<meta property=\"og:image:height\" content=\"620\" \/>\n\t<meta property=\"og:image:type\" content=\"image\/jpeg\" \/>\n<meta name=\"author\" content=\"Patr\u00edcia Oliveira\" \/>\n<meta name=\"twitter:card\" content=\"summary_large_image\" \/>\n<meta name=\"twitter:label1\" content=\"Escrito por\" \/>\n\t<meta name=\"twitter:data1\" content=\"Patr\u00edcia Oliveira\" \/>\n\t<meta name=\"twitter:label2\" content=\"Est. tempo de leitura\" \/>\n\t<meta name=\"twitter:data2\" content=\"3 minutos\" \/>\n<script type=\"application\/ld+json\" class=\"yoast-schema-graph\">{\"@context\":\"https:\\\/\\\/schema.org\",\"@graph\":[{\"@type\":\"Article\",\"@id\":\"https:\\\/\\\/www.grupomedcof.com.br\\\/blog\\\/a-importancia-da-comunicacao-para-o-medico\\\/#article\",\"isPartOf\":{\"@id\":\"https:\\\/\\\/www.grupomedcof.com.br\\\/blog\\\/a-importancia-da-comunicacao-para-o-medico\\\/\"},\"author\":{\"name\":\"Patr\u00edcia Oliveira\",\"@id\":\"https:\\\/\\\/www.grupomedcof.com.br\\\/blog\\\/#\\\/schema\\\/person\\\/7a655db4c3da9796e0166bf55a9ea53a\"},\"headline\":\"A import\u00e2ncia da comunica\u00e7\u00e3o para o m\u00e9dico\",\"datePublished\":\"2022-04-01T14:00:42+00:00\",\"mainEntityOfPage\":{\"@id\":\"https:\\\/\\\/www.grupomedcof.com.br\\\/blog\\\/a-importancia-da-comunicacao-para-o-medico\\\/\"},\"wordCount\":533,\"commentCount\":0,\"publisher\":{\"@id\":\"https:\\\/\\\/www.grupomedcof.com.br\\\/blog\\\/#organization\"},\"image\":{\"@id\":\"https:\\\/\\\/www.grupomedcof.com.br\\\/blog\\\/a-importancia-da-comunicacao-para-o-medico\\\/#primaryimage\"},\"thumbnailUrl\":\"https:\\\/\\\/www.grupomedcof.com.br\\\/blog\\\/wp-content\\\/uploads\\\/2022\\\/03\\\/the-doctor-930x620-1.jpg\",\"keywords\":[\"Comunica\u00e7\u00e3o\"],\"articleSection\":[\"Hist\u00f3ria\\\/Cultura\\\/Comportamento\"],\"inLanguage\":\"pt-BR\"},{\"@type\":\"WebPage\",\"@id\":\"https:\\\/\\\/www.grupomedcof.com.br\\\/blog\\\/a-importancia-da-comunicacao-para-o-medico\\\/\",\"url\":\"https:\\\/\\\/www.grupomedcof.com.br\\\/blog\\\/a-importancia-da-comunicacao-para-o-medico\\\/\",\"name\":\"A import\u00e2ncia da comunica\u00e7\u00e3o para o m\u00e9dico - Blog de Medcof: conte\u00fados, editais, revalida e mais!\",\"isPartOf\":{\"@id\":\"https:\\\/\\\/www.grupomedcof.com.br\\\/blog\\\/#website\"},\"primaryImageOfPage\":{\"@id\":\"https:\\\/\\\/www.grupomedcof.com.br\\\/blog\\\/a-importancia-da-comunicacao-para-o-medico\\\/#primaryimage\"},\"image\":{\"@id\":\"https:\\\/\\\/www.grupomedcof.com.br\\\/blog\\\/a-importancia-da-comunicacao-para-o-medico\\\/#primaryimage\"},\"thumbnailUrl\":\"https:\\\/\\\/www.grupomedcof.com.br\\\/blog\\\/wp-content\\\/uploads\\\/2022\\\/03\\\/the-doctor-930x620-1.jpg\",\"datePublished\":\"2022-04-01T14:00:42+00:00\",\"description\":\"A comunica\u00e7\u00e3o \u00e9 essencial para que o m\u00e9dico expresse a sua seguran\u00e7a diante do diagn\u00f3stico e se mostre dispon\u00edvel para o paciente.\",\"breadcrumb\":{\"@id\":\"https:\\\/\\\/www.grupomedcof.com.br\\\/blog\\\/a-importancia-da-comunicacao-para-o-medico\\\/#breadcrumb\"},\"inLanguage\":\"pt-BR\",\"potentialAction\":[{\"@type\":\"ReadAction\",\"target\":[\"https:\\\/\\\/www.grupomedcof.com.br\\\/blog\\\/a-importancia-da-comunicacao-para-o-medico\\\/\"]}]},{\"@type\":\"ImageObject\",\"inLanguage\":\"pt-BR\",\"@id\":\"https:\\\/\\\/www.grupomedcof.com.br\\\/blog\\\/a-importancia-da-comunicacao-para-o-medico\\\/#primaryimage\",\"url\":\"https:\\\/\\\/www.grupomedcof.com.br\\\/blog\\\/wp-content\\\/uploads\\\/2022\\\/03\\\/the-doctor-930x620-1.jpg\",\"contentUrl\":\"https:\\\/\\\/www.grupomedcof.com.br\\\/blog\\\/wp-content\\\/uploads\\\/2022\\\/03\\\/the-doctor-930x620-1.jpg\",\"width\":930,\"height\":620,\"caption\":\"comunica\u00e7\u00e3o m\u00e9dico\"},{\"@type\":\"BreadcrumbList\",\"@id\":\"https:\\\/\\\/www.grupomedcof.com.br\\\/blog\\\/a-importancia-da-comunicacao-para-o-medico\\\/#breadcrumb\",\"itemListElement\":[{\"@type\":\"ListItem\",\"position\":1,\"name\":\"In\u00edcio\",\"item\":\"https:\\\/\\\/www.grupomedcof.com.br\\\/blog\\\/\"},{\"@type\":\"ListItem\",\"position\":2,\"name\":\"A import\u00e2ncia da comunica\u00e7\u00e3o para o m\u00e9dico\"}]},{\"@type\":\"WebSite\",\"@id\":\"https:\\\/\\\/www.grupomedcof.com.br\\\/blog\\\/#website\",\"url\":\"https:\\\/\\\/www.grupomedcof.com.br\\\/blog\\\/\",\"name\":\"Blog de Medcof: conte\u00fados, editais, revalida e mais!\",\"description\":\"Acesso o blog de MedCof! Seu portal de conte\u00fados sobre resid\u00eancia m\u00e9dica, an\u00e1lise e editais e muito mais. Clique e confira!\",\"publisher\":{\"@id\":\"https:\\\/\\\/www.grupomedcof.com.br\\\/blog\\\/#organization\"},\"alternateName\":\"Blog de Medcof: conte\u00fados, editais, revalida e mais!\",\"potentialAction\":[{\"@type\":\"SearchAction\",\"target\":{\"@type\":\"EntryPoint\",\"urlTemplate\":\"https:\\\/\\\/www.grupomedcof.com.br\\\/blog\\\/?s={search_term_string}\"},\"query-input\":{\"@type\":\"PropertyValueSpecification\",\"valueRequired\":true,\"valueName\":\"search_term_string\"}}],\"inLanguage\":\"pt-BR\"},{\"@type\":\"Organization\",\"@id\":\"https:\\\/\\\/www.grupomedcof.com.br\\\/blog\\\/#organization\",\"name\":\"Grupo MedCof\",\"url\":\"https:\\\/\\\/www.grupomedcof.com.br\\\/blog\\\/\",\"logo\":{\"@type\":\"ImageObject\",\"inLanguage\":\"pt-BR\",\"@id\":\"https:\\\/\\\/www.grupomedcof.com.br\\\/blog\\\/#\\\/schema\\\/logo\\\/image\\\/\",\"url\":\"https:\\\/\\\/www.grupomedcof.com.br\\\/blog\\\/wp-content\\\/uploads\\\/2022\\\/01\\\/logo-medcof.png\",\"contentUrl\":\"https:\\\/\\\/www.grupomedcof.com.br\\\/blog\\\/wp-content\\\/uploads\\\/2022\\\/01\\\/logo-medcof.png\",\"width\":768,\"height\":269,\"caption\":\"Grupo MedCof\"},\"image\":{\"@id\":\"https:\\\/\\\/www.grupomedcof.com.br\\\/blog\\\/#\\\/schema\\\/logo\\\/image\\\/\"},\"sameAs\":[\"https:\\\/\\\/www.facebook.com\\\/MedCofQbank\\\/\",\"https:\\\/\\\/www.instagram.com\\\/grupomedcof\\\/\",\"https:\\\/\\\/br.linkedin.com\\\/company\\\/medcof\",\"https:\\\/\\\/www.youtube.com\\\/channel\\\/UCdHMuOHKICxcHwecxN8P-AA\"]},{\"@type\":\"Person\",\"@id\":\"https:\\\/\\\/www.grupomedcof.com.br\\\/blog\\\/#\\\/schema\\\/person\\\/7a655db4c3da9796e0166bf55a9ea53a\",\"name\":\"Patr\u00edcia Oliveira\",\"image\":{\"@type\":\"ImageObject\",\"inLanguage\":\"pt-BR\",\"@id\":\"https:\\\/\\\/www.grupomedcof.com.br\\\/blog\\\/wp-content\\\/uploads\\\/2022\\\/03\\\/furacao-96x96.png19e0d43e5696aaa42a3bb896953b331f\",\"url\":\"https:\\\/\\\/www.grupomedcof.com.br\\\/blog\\\/wp-content\\\/uploads\\\/2022\\\/03\\\/furacao-96x96.png\",\"contentUrl\":\"https:\\\/\\\/www.grupomedcof.com.br\\\/blog\\\/wp-content\\\/uploads\\\/2022\\\/03\\\/furacao-96x96.png\",\"caption\":\"Patr\u00edcia Oliveira\"},\"sameAs\":[\"https:\\\/\\\/www.grupomedcof.com.br\\\/\"],\"url\":\"https:\\\/\\\/www.grupomedcof.com.br\\\/blog\\\/author\\\/patricia\\\/\"}]}<\/script>\n<!-- \/ Yoast SEO Premium plugin. -->","yoast_head_json":{"title":"A import\u00e2ncia da comunica\u00e7\u00e3o para o m\u00e9dico - Blog de Medcof: conte\u00fados, editais, revalida e mais!","description":"A comunica\u00e7\u00e3o \u00e9 essencial para que o m\u00e9dico expresse a sua seguran\u00e7a diante do diagn\u00f3stico e se mostre dispon\u00edvel para o paciente.","robots":{"index":"index","follow":"follow","max-snippet":"max-snippet:-1","max-image-preview":"max-image-preview:large","max-video-preview":"max-video-preview:-1"},"canonical":"https:\/\/www.grupomedcof.com.br\/blog\/a-importancia-da-comunicacao-para-o-medico\/","og_locale":"pt_BR","og_type":"article","og_title":"A import\u00e2ncia da comunica\u00e7\u00e3o para o m\u00e9dico","og_description":"A comunica\u00e7\u00e3o \u00e9 essencial para que o m\u00e9dico expresse a sua seguran\u00e7a diante do diagn\u00f3stico e se mostre dispon\u00edvel para o paciente.","og_url":"https:\/\/www.grupomedcof.com.br\/blog\/a-importancia-da-comunicacao-para-o-medico\/","og_site_name":"Blog de Medcof: conte\u00fados, editais, revalida e mais!","article_publisher":"https:\/\/www.facebook.com\/MedCofQbank\/","article_published_time":"2022-04-01T14:00:42+00:00","og_image":[{"width":930,"height":620,"url":"https:\/\/www.grupomedcof.com.br\/blog\/wp-content\/uploads\/2022\/03\/the-doctor-930x620-1.jpg","type":"image\/jpeg"}],"author":"Patr\u00edcia Oliveira","twitter_card":"summary_large_image","twitter_misc":{"Escrito por":"Patr\u00edcia Oliveira","Est. tempo de leitura":"3 minutos"},"schema":{"@context":"https:\/\/schema.org","@graph":[{"@type":"Article","@id":"https:\/\/www.grupomedcof.com.br\/blog\/a-importancia-da-comunicacao-para-o-medico\/#article","isPartOf":{"@id":"https:\/\/www.grupomedcof.com.br\/blog\/a-importancia-da-comunicacao-para-o-medico\/"},"author":{"name":"Patr\u00edcia Oliveira","@id":"https:\/\/www.grupomedcof.com.br\/blog\/#\/schema\/person\/7a655db4c3da9796e0166bf55a9ea53a"},"headline":"A import\u00e2ncia da comunica\u00e7\u00e3o para o m\u00e9dico","datePublished":"2022-04-01T14:00:42+00:00","mainEntityOfPage":{"@id":"https:\/\/www.grupomedcof.com.br\/blog\/a-importancia-da-comunicacao-para-o-medico\/"},"wordCount":533,"commentCount":0,"publisher":{"@id":"https:\/\/www.grupomedcof.com.br\/blog\/#organization"},"image":{"@id":"https:\/\/www.grupomedcof.com.br\/blog\/a-importancia-da-comunicacao-para-o-medico\/#primaryimage"},"thumbnailUrl":"https:\/\/www.grupomedcof.com.br\/blog\/wp-content\/uploads\/2022\/03\/the-doctor-930x620-1.jpg","keywords":["Comunica\u00e7\u00e3o"],"articleSection":["Hist\u00f3ria\/Cultura\/Comportamento"],"inLanguage":"pt-BR"},{"@type":"WebPage","@id":"https:\/\/www.grupomedcof.com.br\/blog\/a-importancia-da-comunicacao-para-o-medico\/","url":"https:\/\/www.grupomedcof.com.br\/blog\/a-importancia-da-comunicacao-para-o-medico\/","name":"A import\u00e2ncia da comunica\u00e7\u00e3o para o m\u00e9dico - Blog de Medcof: conte\u00fados, editais, revalida e mais!","isPartOf":{"@id":"https:\/\/www.grupomedcof.com.br\/blog\/#website"},"primaryImageOfPage":{"@id":"https:\/\/www.grupomedcof.com.br\/blog\/a-importancia-da-comunicacao-para-o-medico\/#primaryimage"},"image":{"@id":"https:\/\/www.grupomedcof.com.br\/blog\/a-importancia-da-comunicacao-para-o-medico\/#primaryimage"},"thumbnailUrl":"https:\/\/www.grupomedcof.com.br\/blog\/wp-content\/uploads\/2022\/03\/the-doctor-930x620-1.jpg","datePublished":"2022-04-01T14:00:42+00:00","description":"A comunica\u00e7\u00e3o \u00e9 essencial para que o m\u00e9dico expresse a sua seguran\u00e7a diante do diagn\u00f3stico e se mostre dispon\u00edvel para o paciente.","breadcrumb":{"@id":"https:\/\/www.grupomedcof.com.br\/blog\/a-importancia-da-comunicacao-para-o-medico\/#breadcrumb"},"inLanguage":"pt-BR","potentialAction":[{"@type":"ReadAction","target":["https:\/\/www.grupomedcof.com.br\/blog\/a-importancia-da-comunicacao-para-o-medico\/"]}]},{"@type":"ImageObject","inLanguage":"pt-BR","@id":"https:\/\/www.grupomedcof.com.br\/blog\/a-importancia-da-comunicacao-para-o-medico\/#primaryimage","url":"https:\/\/www.grupomedcof.com.br\/blog\/wp-content\/uploads\/2022\/03\/the-doctor-930x620-1.jpg","contentUrl":"https:\/\/www.grupomedcof.com.br\/blog\/wp-content\/uploads\/2022\/03\/the-doctor-930x620-1.jpg","width":930,"height":620,"caption":"comunica\u00e7\u00e3o m\u00e9dico"},{"@type":"BreadcrumbList","@id":"https:\/\/www.grupomedcof.com.br\/blog\/a-importancia-da-comunicacao-para-o-medico\/#breadcrumb","itemListElement":[{"@type":"ListItem","position":1,"name":"In\u00edcio","item":"https:\/\/www.grupomedcof.com.br\/blog\/"},{"@type":"ListItem","position":2,"name":"A import\u00e2ncia da comunica\u00e7\u00e3o para o m\u00e9dico"}]},{"@type":"WebSite","@id":"https:\/\/www.grupomedcof.com.br\/blog\/#website","url":"https:\/\/www.grupomedcof.com.br\/blog\/","name":"Blog de Medcof: conte\u00fados, editais, revalida e mais!","description":"Acesso o blog de MedCof! Seu portal de conte\u00fados sobre resid\u00eancia m\u00e9dica, an\u00e1lise e editais e muito mais. Clique e confira!","publisher":{"@id":"https:\/\/www.grupomedcof.com.br\/blog\/#organization"},"alternateName":"Blog de Medcof: conte\u00fados, editais, revalida e mais!","potentialAction":[{"@type":"SearchAction","target":{"@type":"EntryPoint","urlTemplate":"https:\/\/www.grupomedcof.com.br\/blog\/?s={search_term_string}"},"query-input":{"@type":"PropertyValueSpecification","valueRequired":true,"valueName":"search_term_string"}}],"inLanguage":"pt-BR"},{"@type":"Organization","@id":"https:\/\/www.grupomedcof.com.br\/blog\/#organization","name":"Grupo MedCof","url":"https:\/\/www.grupomedcof.com.br\/blog\/","logo":{"@type":"ImageObject","inLanguage":"pt-BR","@id":"https:\/\/www.grupomedcof.com.br\/blog\/#\/schema\/logo\/image\/","url":"https:\/\/www.grupomedcof.com.br\/blog\/wp-content\/uploads\/2022\/01\/logo-medcof.png","contentUrl":"https:\/\/www.grupomedcof.com.br\/blog\/wp-content\/uploads\/2022\/01\/logo-medcof.png","width":768,"height":269,"caption":"Grupo MedCof"},"image":{"@id":"https:\/\/www.grupomedcof.com.br\/blog\/#\/schema\/logo\/image\/"},"sameAs":["https:\/\/www.facebook.com\/MedCofQbank\/","https:\/\/www.instagram.com\/grupomedcof\/","https:\/\/br.linkedin.com\/company\/medcof","https:\/\/www.youtube.com\/channel\/UCdHMuOHKICxcHwecxN8P-AA"]},{"@type":"Person","@id":"https:\/\/www.grupomedcof.com.br\/blog\/#\/schema\/person\/7a655db4c3da9796e0166bf55a9ea53a","name":"Patr\u00edcia Oliveira","image":{"@type":"ImageObject","inLanguage":"pt-BR","@id":"https:\/\/www.grupomedcof.com.br\/blog\/wp-content\/uploads\/2022\/03\/furacao-96x96.png19e0d43e5696aaa42a3bb896953b331f","url":"https:\/\/www.grupomedcof.com.br\/blog\/wp-content\/uploads\/2022\/03\/furacao-96x96.png","contentUrl":"https:\/\/www.grupomedcof.com.br\/blog\/wp-content\/uploads\/2022\/03\/furacao-96x96.png","caption":"Patr\u00edcia Oliveira"},"sameAs":["https:\/\/www.grupomedcof.com.br\/"],"url":"https:\/\/www.grupomedcof.com.br\/blog\/author\/patricia\/"}]}},"authors":[{"term_id":3612,"user_id":2,"is_guest":0,"slug":"patricia","display_name":"Patr\u00edcia Oliveira","avatar_url":"https:\/\/www.grupomedcof.com.br\/blog\/wp-content\/uploads\/2022\/03\/furacao-96x96.png","0":null,"1":"","2":"","3":"","4":"","5":"","6":"","7":"","8":""}],"_links":{"self":[{"href":"https:\/\/www.grupomedcof.com.br\/blog\/wp-json\/wp\/v2\/posts\/252","targetHints":{"allow":["GET"]}}],"collection":[{"href":"https:\/\/www.grupomedcof.com.br\/blog\/wp-json\/wp\/v2\/posts"}],"about":[{"href":"https:\/\/www.grupomedcof.com.br\/blog\/wp-json\/wp\/v2\/types\/post"}],"author":[{"embeddable":true,"href":"https:\/\/www.grupomedcof.com.br\/blog\/wp-json\/wp\/v2\/users\/2"}],"replies":[{"embeddable":true,"href":"https:\/\/www.grupomedcof.com.br\/blog\/wp-json\/wp\/v2\/comments?post=252"}],"version-history":[{"count":0,"href":"https:\/\/www.grupomedcof.com.br\/blog\/wp-json\/wp\/v2\/posts\/252\/revisions"}],"wp:featuredmedia":[{"embeddable":true,"href":"https:\/\/www.grupomedcof.com.br\/blog\/wp-json\/wp\/v2\/media\/253"}],"wp:attachment":[{"href":"https:\/\/www.grupomedcof.com.br\/blog\/wp-json\/wp\/v2\/media?parent=252"}],"wp:term":[{"taxonomy":"category","embeddable":true,"href":"https:\/\/www.grupomedcof.com.br\/blog\/wp-json\/wp\/v2\/categories?post=252"},{"taxonomy":"post_tag","embeddable":true,"href":"https:\/\/www.grupomedcof.com.br\/blog\/wp-json\/wp\/v2\/tags?post=252"},{"taxonomy":"author","embeddable":true,"href":"https:\/\/www.grupomedcof.com.br\/blog\/wp-json\/wp\/v2\/ppma_author?post=252"}],"curies":[{"name":"wp","href":"https:\/\/api.w.org\/{rel}","templated":true}]}}