{"id":26192,"date":"2026-02-12T16:13:15","date_gmt":"2026-02-12T19:13:15","guid":{"rendered":"https:\/\/www.grupomedcof.com.br\/blog\/?p=26192"},"modified":"2026-02-12T16:13:18","modified_gmt":"2026-02-12T19:13:18","slug":"mudancas-na-vacinacao-do-hpv-tudo-o-que-voce-precisa-saber-para-manter-se-atualizado","status":"publish","type":"post","link":"https:\/\/www.grupomedcof.com.br\/blog\/mudancas-na-vacinacao-do-hpv-tudo-o-que-voce-precisa-saber-para-manter-se-atualizado\/","title":{"rendered":"Vacina\u00e7\u00e3o contra HPV: tudo o que voc\u00ea precisa saber"},"content":{"rendered":"<div id=\"ez-toc-container\" class=\"ez-toc-v2_0_74 counter-hierarchy ez-toc-counter ez-toc-transparent ez-toc-container-direction\">\n<div class=\"ez-toc-title-container\">\n<p class=\"ez-toc-title\" style=\"cursor:inherit\">Sum\u00e1rio<\/p>\n<span class=\"ez-toc-title-toggle\"><a href=\"#\" class=\"ez-toc-pull-right ez-toc-btn ez-toc-btn-xs ez-toc-btn-default ez-toc-toggle\" aria-label=\"Alternar tabela de conte\u00fado\"><span class=\"ez-toc-js-icon-con\"><span class=\"\"><span class=\"eztoc-hide\" style=\"display:none;\">Toggle<\/span><span class=\"ez-toc-icon-toggle-span\"><svg style=\"fill: #999;color:#999\" xmlns=\"http:\/\/www.w3.org\/2000\/svg\" class=\"list-377408\" width=\"20px\" height=\"20px\" viewBox=\"0 0 24 24\" fill=\"none\"><path d=\"M6 6H4v2h2V6zm14 0H8v2h12V6zM4 11h2v2H4v-2zm16 0H8v2h12v-2zM4 16h2v2H4v-2zm16 0H8v2h12v-2z\" fill=\"currentColor\"><\/path><\/svg><svg style=\"fill: #999;color:#999\" class=\"arrow-unsorted-368013\" xmlns=\"http:\/\/www.w3.org\/2000\/svg\" width=\"10px\" height=\"10px\" viewBox=\"0 0 24 24\" version=\"1.2\" baseProfile=\"tiny\"><path d=\"M18.2 9.3l-6.2-6.3-6.2 6.3c-.2.2-.3.4-.3.7s.1.5.3.7c.2.2.4.3.7.3h11c.3 0 .5-.1.7-.3.2-.2.3-.5.3-.7s-.1-.5-.3-.7zM5.8 14.7l6.2 6.3 6.2-6.3c.2-.2.3-.5.3-.7s-.1-.5-.3-.7c-.2-.2-.4-.3-.7-.3h-11c-.3 0-.5.1-.7.3-.2.2-.3.5-.3.7s.1.5.3.7z\"\/><\/svg><\/span><\/span><\/span><\/a><\/span><\/div>\n<nav><ul class='ez-toc-list ez-toc-list-level-1 ' ><li class='ez-toc-page-1 ez-toc-heading-level-2'><a class=\"ez-toc-link ez-toc-heading-1\" href=\"https:\/\/www.grupomedcof.com.br\/blog\/mudancas-na-vacinacao-do-hpv-tudo-o-que-voce-precisa-saber-para-manter-se-atualizado\/#Vacinacao\" >Vacina\u00e7\u00e3o<\/a><\/li><li class='ez-toc-page-1 ez-toc-heading-level-2'><a class=\"ez-toc-link ez-toc-heading-2\" href=\"https:\/\/www.grupomedcof.com.br\/blog\/mudancas-na-vacinacao-do-hpv-tudo-o-que-voce-precisa-saber-para-manter-se-atualizado\/#O_que_mudou_para_a_populacao_geral\" >O que mudou para a popula\u00e7\u00e3o geral?<\/a><\/li><li class='ez-toc-page-1 ez-toc-heading-level-2'><a class=\"ez-toc-link ez-toc-heading-3\" href=\"https:\/\/www.grupomedcof.com.br\/blog\/mudancas-na-vacinacao-do-hpv-tudo-o-que-voce-precisa-saber-para-manter-se-atualizado\/#Beneficios_da_dose_unica\" >Benef\u00edcios da dose \u00fanica<\/a><\/li><li class='ez-toc-page-1 ez-toc-heading-level-2'><a class=\"ez-toc-link ez-toc-heading-4\" href=\"https:\/\/www.grupomedcof.com.br\/blog\/mudancas-na-vacinacao-do-hpv-tudo-o-que-voce-precisa-saber-para-manter-se-atualizado\/#Evidencias_cientificas_e_recomendacoes\" >Evid\u00eancias cient\u00edficas e recomenda\u00e7\u00f5es<\/a><\/li><li class='ez-toc-page-1 ez-toc-heading-level-2'><a class=\"ez-toc-link ez-toc-heading-5\" href=\"https:\/\/www.grupomedcof.com.br\/blog\/mudancas-na-vacinacao-do-hpv-tudo-o-que-voce-precisa-saber-para-manter-se-atualizado\/#Quem_pode_tomar_a_vacina_do_HPV\" >Quem pode tomar a vacina do HPV?<\/a><\/li><li class='ez-toc-page-1 ez-toc-heading-level-2'><a class=\"ez-toc-link ez-toc-heading-6\" href=\"https:\/\/www.grupomedcof.com.br\/blog\/mudancas-na-vacinacao-do-hpv-tudo-o-que-voce-precisa-saber-para-manter-se-atualizado\/#Importancia_da_vacinacao_contra_o_HPV\" >Import\u00e2ncia da vacina\u00e7\u00e3o contra o HPV<\/a><\/li><li class='ez-toc-page-1 ez-toc-heading-level-2'><a class=\"ez-toc-link ez-toc-heading-7\" href=\"https:\/\/www.grupomedcof.com.br\/blog\/mudancas-na-vacinacao-do-hpv-tudo-o-que-voce-precisa-saber-para-manter-se-atualizado\/#O_metodo_que_te_aprova\" >O m\u00e9todo que te aprova<\/a><\/li><\/ul><\/nav><\/div>\n\n<figure class=\"wp-block-image size-large\"><img loading=\"lazy\" decoding=\"async\" width=\"1024\" height=\"576\" src=\"https:\/\/www.grupomedcof.com.br\/blog\/wp-content\/uploads\/2024\/05\/Blog-MedCof-99-1024x576.png\" alt=\"\" class=\"wp-image-26193\" srcset=\"https:\/\/www.grupomedcof.com.br\/blog\/wp-content\/uploads\/2024\/05\/Blog-MedCof-99-1024x576.png 1024w, https:\/\/www.grupomedcof.com.br\/blog\/wp-content\/uploads\/2024\/05\/Blog-MedCof-99-300x169.png 300w, https:\/\/www.grupomedcof.com.br\/blog\/wp-content\/uploads\/2024\/05\/Blog-MedCof-99-768x432.png 768w, https:\/\/www.grupomedcof.com.br\/blog\/wp-content\/uploads\/2024\/05\/Blog-MedCof-99-1536x864.png 1536w, https:\/\/www.grupomedcof.com.br\/blog\/wp-content\/uploads\/2024\/05\/Blog-MedCof-99-747x420.png 747w, https:\/\/www.grupomedcof.com.br\/blog\/wp-content\/uploads\/2024\/05\/Blog-MedCof-99-150x84.png 150w, https:\/\/www.grupomedcof.com.br\/blog\/wp-content\/uploads\/2024\/05\/Blog-MedCof-99-696x392.png 696w, https:\/\/www.grupomedcof.com.br\/blog\/wp-content\/uploads\/2024\/05\/Blog-MedCof-99-1068x601.png 1068w, https:\/\/www.grupomedcof.com.br\/blog\/wp-content\/uploads\/2024\/05\/Blog-MedCof-99.png 1920w\" sizes=\"auto, (max-width: 1024px) 100vw, 1024px\" \/><figcaption class=\"wp-element-caption\">A vacina\u00e7\u00e3o contra o Papilomav\u00edrus Humano (HPV) \u00e9 uma das estrat\u00e9gias mais eficazes para prevenir c\u00e2nceres relacionados ao v\u00edrus<\/figcaption><\/figure>\n\n\n\n<h2 class=\"wp-block-heading\" id=\"h-vacinacao\"><span class=\"ez-toc-section\" id=\"Vacinacao\"><\/span><strong>Vacina\u00e7\u00e3o<\/strong><span class=\"ez-toc-section-end\"><\/span><\/h2>\n\n\n\n<p>A <strong>vacina\u00e7\u00e3o contra o Papilomav\u00edrus Humano (HPV) <\/strong>\u00e9 uma das estrat\u00e9gias mais eficazes para prevenir c\u00e2nceres relacionados ao v\u00edrus, como o<strong> c\u00e2ncer de colo do \u00fatero, o de orofaringe e o de p\u00eanis.<\/strong><\/p>\n\n\n\n<p>No Brasil, a vacina estava dispon\u00edvel em esquema de duas doses. Por\u00e9m, seguindo o <strong><a href=\"https:\/\/www.grupomedcof.com.br\/blog\/entenda-a-nova-politica-nacional-de-enfrentamento-da-infeccao-por-hpv\/\" target=\"_blank\" rel=\"noreferrer noopener\">Programa Nacional de Imuniza\u00e7\u00f5es do Brasil (PNI)<\/a><\/strong> e as recomenda\u00e7\u00f5es da OMS, foi feita uma altera\u00e7\u00e3o no esquema vacinal para a popula\u00e7\u00e3o geral e uma otimiza\u00e7\u00e3o para os grupos que requerem cuidados mais espec\u00edficos, como os imunossuprimidos.\u00a0<\/p>\n\n\n\n<h2 class=\"wp-block-heading\" id=\"h-o-que-mudou-para-a-populacao-geral\"><span class=\"ez-toc-section\" id=\"O_que_mudou_para_a_populacao_geral\"><\/span><strong><strong>O que mudou para a popula\u00e7\u00e3o geral?<\/strong><\/strong><span class=\"ez-toc-section-end\"><\/span><\/h2>\n\n\n\n<p>Antes da Nota Informativa n\u00ba 41\/2024-DPNI\/SVSA\/MS, o esquema de vacina\u00e7\u00e3o contava com duas doses para todos os grupos, por\u00e9m a atualiza\u00e7\u00e3o recomenda um \u00fanica dose de prote\u00e7\u00e3o robusta e duradoura com em indiv\u00edduos imunocompetentes.&nbsp;<\/p>\n\n\n\n<p>J\u00e1 no grupo dos imunossuprimidos temos a indica\u00e7\u00e3o de tr\u00eas doses, com intervalos de aplica\u00e7\u00e3o de meses em 0, 2 e 6. Al\u00e9m disso, a idade de dosagem nos homens imunossuprimidos aumentou, saindo de um intervalo de 9 a 26 anos para um que atinge os 45 e se iguala ao do p\u00fablico feminino.&nbsp;&nbsp;&nbsp;&nbsp;&nbsp;<\/p>\n\n\n\n<figure class=\"wp-block-table\"><table class=\"has-fixed-layout\"><tbody><tr><td><strong>Grupo Alvo<\/strong><\/td><td><strong>Esquema Vacinal<\/strong><\/td><td><strong>Faixa Et\u00e1ria<\/strong><\/td><\/tr><tr><td><strong>Popula\u00e7\u00e3o Geral (Meninas e Meninos)<\/strong><\/td><td>Dose \u00danica<\/td><td>09 a 14 anos<\/td><\/tr><tr><td><strong>Imunossuprimidos (HIV, Oncol\u00f3gicos, Transplantados)<\/strong><\/td><td><strong>03 Doses (0, 2, 6 meses)<\/strong><\/td><td>09 a 45 anos<\/td><\/tr><tr><td><strong>V\u00edtimas de Viol\u00eancia Sexual<\/strong><\/td><td>Dose \u00danica*<\/td><td>09 a 14 anos (ver nota)<\/td><\/tr><tr><td><strong>Pacientes com Papilomatose Respirat\u00f3ria Recurrente (PRR)<\/strong><\/td><td>Coadjuvante<\/td><td>Conforme crit\u00e9rio m\u00e9dico<\/td><\/tr><\/tbody><\/table><figcaption class=\"wp-element-caption\">*Para v\u00edtimas de viol\u00eancia sexual acima de 15 anos que n\u00e3o foram vacinadas previamente, o esquema de 3 doses ainda \u00e9 o preconizado.<\/figcaption><\/figure>\n\n\n\n<h2 class=\"wp-block-heading\" id=\"h-beneficios-da-dose-unica\"><span class=\"ez-toc-section\" id=\"Beneficios_da_dose_unica\"><\/span><strong>Benef\u00edcios da dose \u00fanica<\/strong><span class=\"ez-toc-section-end\"><\/span><\/h2>\n\n\n\n<p>A ado\u00e7\u00e3o da vacina\u00e7\u00e3o do HPV em dose \u00fanica apresenta uma s\u00e9rie de benef\u00edcios tanto para os pacientes quanto para os profissionais de sa\u00fade. <\/p>\n\n\n\n<p>Em primeiro lugar, <strong>simplifica o esquema de vacina\u00e7\u00e3o<\/strong>, tornando-o mais conveniente para os pacientes e reduzindo potencialmente as taxas de n\u00e3o ades\u00e3o e abandono do esquema vacinal. <\/p>\n\n\n\n<p>Al\u00e9m disso, a dose \u00fanica pode <strong>diminuir os custos operacionais do programa de vacina\u00e7\u00e3o, <\/strong>tornando-o mais eficiente, acess\u00edvel e com possibilidade de ampliar.<\/p>\n\n\n\n<figure class=\"wp-block-image size-large\"><a href=\"https:\/\/www.grupomedcof.com.br\/cofletters\/?clientId=&amp;utm_campaign=newsletter&amp;utm_medium=banner&amp;utm_source=blog&amp;utm_content=inscricao#https:\/\/www.grupomedcof.com.br\/blog\/\" target=\"_blank\" rel=\" noreferrer noopener\"><img loading=\"lazy\" decoding=\"async\" width=\"1024\" height=\"320\" src=\"https:\/\/www.grupomedcof.com.br\/blog\/wp-content\/uploads\/2025\/11\/Banner-MedCof-Plus-2200x460-11-1343x420-1-1024x320.png\" alt=\"\" class=\"wp-image-39227\" srcset=\"https:\/\/www.grupomedcof.com.br\/blog\/wp-content\/uploads\/2025\/11\/Banner-MedCof-Plus-2200x460-11-1343x420-1-1024x320.png 1024w, https:\/\/www.grupomedcof.com.br\/blog\/wp-content\/uploads\/2025\/11\/Banner-MedCof-Plus-2200x460-11-1343x420-1-300x94.png 300w, https:\/\/www.grupomedcof.com.br\/blog\/wp-content\/uploads\/2025\/11\/Banner-MedCof-Plus-2200x460-11-1343x420-1-768x240.png 768w, https:\/\/www.grupomedcof.com.br\/blog\/wp-content\/uploads\/2025\/11\/Banner-MedCof-Plus-2200x460-11-1343x420-1-150x47.png 150w, https:\/\/www.grupomedcof.com.br\/blog\/wp-content\/uploads\/2025\/11\/Banner-MedCof-Plus-2200x460-11-1343x420-1-696x218.png 696w, https:\/\/www.grupomedcof.com.br\/blog\/wp-content\/uploads\/2025\/11\/Banner-MedCof-Plus-2200x460-11-1343x420-1-1068x334.png 1068w, https:\/\/www.grupomedcof.com.br\/blog\/wp-content\/uploads\/2025\/11\/Banner-MedCof-Plus-2200x460-11-1343x420-1.png 1343w\" sizes=\"auto, (max-width: 1024px) 100vw, 1024px\" \/><\/a><\/figure>\n\n\n\n<h2 class=\"wp-block-heading\" id=\"h-evidencias-cientificas-e-recomendacoes\"><span class=\"ez-toc-section\" id=\"Evidencias_cientificas_e_recomendacoes\"><\/span><strong>Evid\u00eancias cient\u00edficas e recomenda\u00e7\u00f5es<\/strong><span class=\"ez-toc-section-end\"><\/span><\/h2>\n\n\n\n<p>A decis\u00e3o de adotar a vacina\u00e7\u00e3o do HPV em dose \u00fanica foi baseada em evid\u00eancias cient\u00edficas s\u00f3lidas. Desse modo, estudos cl\u00ednicos demonstraram que uma \u00fanica dose da vacina \u00e9 <strong>altamente eficaz na preven\u00e7\u00e3o da infec\u00e7\u00e3o pelo HPV<\/strong> e no <strong>desenvolvimento de les\u00f5es pr\u00e9-cancerosas e c\u00e2ncer de colo do \u00fatero. <\/strong><\/p>\n\n\n\n<p>Esses resultados foram corroborados por organiza\u00e7\u00f5es de sa\u00fade de renome, como a Organiza\u00e7\u00e3o Mundial da Sa\u00fade (OMS) e o Centro de Controle e Preven\u00e7\u00e3o de Doen\u00e7as (CDC), que agora recomendam a dose \u00fanica da vacina em seus programas de imuniza\u00e7\u00e3o.<\/p>\n\n\n\n<h2 class=\"wp-block-heading\" id=\"h-quem-pode-tomar-a-vacina-do-hpv\"><span class=\"ez-toc-section\" id=\"Quem_pode_tomar_a_vacina_do_HPV\"><\/span><strong>Quem pode tomar a vacina do HPV?<\/strong><span class=\"ez-toc-section-end\"><\/span><\/h2>\n\n\n\n<p>A <a href=\"https:\/\/www.grupomedcof.com.br\/blog\/anvisa-amplia-indicacao-vacina-hpv-cancer-orofaringe\/\" target=\"_blank\" rel=\"noreferrer noopener\">atualiza\u00e7\u00e3o do dia <strong>10 de fevereiro de 2026<\/strong><\/a><strong> <\/strong>tamb\u00e9m cont\u00e9m a amplia\u00e7\u00e3o da prote\u00e7\u00e3o fornecida por essa vacina, especificamente quando falamos da<strong> Gardasil 9<\/strong>. Al\u00e9m do c\u00e2ncer de colo de \u00fatero, a <strong>Anvisa <\/strong>indica essa vacina para preven\u00e7\u00e3o de <strong>c\u00e2nceres de orofaringe, cabe\u00e7a e pesco\u00e7o<\/strong> associados ao papilomav\u00edrus humano (HPV).\u00a0<\/p>\n\n\n\n<p>Uma vez que o HPV tem tropismo por diversas mucosas, n\u00e3o apenas a genital, a inclus\u00e3o dessa prote\u00e7\u00e3o contra outras neoplasias (muitas vezes s\u00f3 diagnosticadas no est\u00e1gio avan\u00e7ado) \u00e9 de fundamental import\u00e2ncia para o <strong>controle epidemiol\u00f3gico dos carcinomas <\/strong>espinocelulares de orofaringe e <a href=\"https:\/\/www.grupomedcof.com.br\/blog\/cancer-de-cabeca-e-pescoco-saiba-como-o-cancer-nessa-regiao-afeta-o-corpo-humano\/\" target=\"_blank\" rel=\"noreferrer noopener\">cabe\u00e7a e pesco\u00e7o.<\/a> Como os mais afetados pelos c\u00e2nceres de orofaringe relacionados ao v\u00edrus s\u00e3o os homens, a atualiza\u00e7\u00e3o reitera a <strong>import\u00e2ncia da vacina\u00e7\u00e3o dos dois sexos.\u00a0<\/strong><\/p>\n\n\n\n<h2 class=\"wp-block-heading\" id=\"h-importancia-da-vacinacao-contra-o-hpv\"><span class=\"ez-toc-section\" id=\"Importancia_da_vacinacao_contra_o_HPV\"><\/span><strong>Import\u00e2ncia da vacina\u00e7\u00e3o contra o HPV<\/strong><span class=\"ez-toc-section-end\"><\/span><\/h2>\n\n\n\n<p>A atualiza\u00e7\u00e3o na estrat\u00e9gia de vacina\u00e7\u00e3o do HPV, com a introdu\u00e7\u00e3o da dose \u00fanica, representa um avan\u00e7o significativo na preven\u00e7\u00e3o do c\u00e2ncer de colo do \u00fatero e outras doen\u00e7as relacionadas ao HPV. Essa mudan\u00e7a simplifica o esquema de vacina\u00e7\u00e3o, tornando-o mais conveniente e eficaz, e tem o potencial de impactar positivamente a sa\u00fade p\u00fablica.<\/p>\n\n\n\n<p>Como m\u00e9dicos, \u00e9 fundamental estarmos atualizados sobre essas mudan\u00e7as e orientar nossos pacientes da melhor forma poss\u00edvel, garantindo que todos tenham acesso \u00e0 prote\u00e7\u00e3o que a vacina oferece.<\/p>\n\n\n\n<h2 class=\"wp-block-heading\" id=\"h-o-metodo-que-te-aprova\"><span class=\"ez-toc-section\" id=\"O_metodo_que_te_aprova\"><\/span><strong>O m\u00e9todo que te aprova<\/strong><span class=\"ez-toc-section-end\"><\/span><\/h2>\n\n\n\n<p>Se voc\u00ea quer garantir a sua aprova\u00e7\u00e3o nas provas de resid\u00eancia, ent\u00e3o conhe\u00e7a o grupo MedCof e a metodologia que j\u00e1 aprovou <a href=\"https:\/\/www.grupomedcof.com.br\/blog\/presenca-da-medcof-nas-aprovacoes-em-residencia-medica-no-brasil\/\">mais de 35 mil<\/a> residentes pelo pa\u00eds. Confira abaixo o epis\u00f3dio do nosso podcast <a href=\"https:\/\/www.youtube.com\/watch?v=B_UxNU3OicE\">papo de aprovado<\/a> em que nossos coordenadores conversam com quem pode comprovar na pr\u00e1tica a recompensa de confiar em nosso m\u00e9todo:<\/p>\n\n\n\n<figure class=\"wp-block-embed is-type-video is-provider-youtube wp-block-embed-youtube wp-embed-aspect-16-9 wp-has-aspect-ratio\"><div class=\"wp-block-embed__wrapper\">\n<div class=\"youtube-embed\" data-video_id=\"B_UxNU3OicE\"><iframe loading=\"lazy\" title=\"Papo de Aprovado #10 - Cirurgia Geral USP-SP Diego Noya Brandao\" width=\"696\" height=\"392\" src=\"https:\/\/www.youtube.com\/embed\/B_UxNU3OicE?feature=oembed&#038;enablejsapi=1\" frameborder=\"0\" allow=\"accelerometer; autoplay; clipboard-write; encrypted-media; gyroscope; picture-in-picture; web-share\" referrerpolicy=\"strict-origin-when-cross-origin\" allowfullscreen><\/iframe><\/div>\n<\/div><\/figure>\n","protected":false},"excerpt":{"rendered":"<p>A vacina\u00e7\u00e3o contra o Papilomav\u00edrus Humano (HPV) \u00e9 uma das estrat\u00e9gias mais eficazes para prevenir c\u00e2nceres relacionados ao v\u00edrus. Veja mudan\u00e7as!<\/p>\n","protected":false},"author":21,"featured_media":26193,"comment_status":"open","ping_status":"open","sticky":false,"template":"","format":"standard","meta":{"footnotes":""},"categories":[258],"tags":[1685,3564,1406,242,3565],"ppma_author":[3617],"class_list":{"0":"post-26192","1":"post","2":"type-post","3":"status-publish","4":"format-standard","5":"has-post-thumbnail","7":"category-atualizacoes","8":"tag-anvisa","9":"tag-atualizacoes-hpv","10":"tag-hpv","11":"tag-oms","12":"tag-pni"},"yoast_head":"<!-- This site is optimized with the Yoast SEO Premium plugin v24.3 (Yoast SEO v27.5) - https:\/\/yoast.com\/product\/yoast-seo-premium-wordpress\/ -->\n<title>Vacina\u00e7\u00e3o contra HPV: tudo o que voc\u00ea precisa saber - Blog de Medcof: conte\u00fados, editais, revalida e mais!<\/title>\n<meta name=\"description\" content=\"A vacina\u00e7\u00e3o contra o Papilomav\u00edrus Humano (HPV) \u00e9 uma das estrat\u00e9gias mais eficazes para prevenir c\u00e2nceres relacionados ao v\u00edrus. Veja mudan\u00e7as!\" \/>\n<meta name=\"robots\" content=\"index, follow, max-snippet:-1, max-image-preview:large, max-video-preview:-1\" \/>\n<link rel=\"canonical\" href=\"https:\/\/www.grupomedcof.com.br\/blog\/mudancas-na-vacinacao-do-hpv-tudo-o-que-voce-precisa-saber-para-manter-se-atualizado\/\" \/>\n<meta property=\"og:locale\" content=\"pt_BR\" \/>\n<meta property=\"og:type\" content=\"article\" \/>\n<meta property=\"og:title\" content=\"Vacina\u00e7\u00e3o contra HPV: tudo o que voc\u00ea precisa saber\" \/>\n<meta property=\"og:description\" content=\"A vacina\u00e7\u00e3o contra o Papilomav\u00edrus Humano (HPV) \u00e9 uma das estrat\u00e9gias mais eficazes para prevenir c\u00e2nceres relacionados ao v\u00edrus. Veja mudan\u00e7as!\" \/>\n<meta property=\"og:url\" content=\"https:\/\/www.grupomedcof.com.br\/blog\/mudancas-na-vacinacao-do-hpv-tudo-o-que-voce-precisa-saber-para-manter-se-atualizado\/\" \/>\n<meta property=\"og:site_name\" content=\"Blog de Medcof: conte\u00fados, editais, revalida e mais!\" \/>\n<meta property=\"article:publisher\" content=\"https:\/\/www.facebook.com\/MedCofQbank\/\" \/>\n<meta property=\"article:published_time\" content=\"2026-02-12T19:13:15+00:00\" \/>\n<meta property=\"article:modified_time\" content=\"2026-02-12T19:13:18+00:00\" \/>\n<meta property=\"og:image\" content=\"https:\/\/www.grupomedcof.com.br\/blog\/wp-content\/uploads\/2024\/05\/Blog-MedCof-99.png\" \/>\n\t<meta property=\"og:image:width\" content=\"1920\" \/>\n\t<meta property=\"og:image:height\" content=\"1080\" \/>\n\t<meta property=\"og:image:type\" content=\"image\/png\" \/>\n<meta name=\"author\" content=\"Kiara Adelino\" \/>\n<meta name=\"twitter:card\" content=\"summary_large_image\" \/>\n<meta name=\"twitter:label1\" content=\"Escrito por\" \/>\n\t<meta name=\"twitter:data1\" content=\"Kiara Adelino\" \/>\n\t<meta name=\"twitter:label2\" content=\"Est. tempo de leitura\" \/>\n\t<meta name=\"twitter:data2\" content=\"5 minutos\" \/>\n<script type=\"application\/ld+json\" class=\"yoast-schema-graph\">{\"@context\":\"https:\\\/\\\/schema.org\",\"@graph\":[{\"@type\":\"Article\",\"@id\":\"https:\\\/\\\/www.grupomedcof.com.br\\\/blog\\\/mudancas-na-vacinacao-do-hpv-tudo-o-que-voce-precisa-saber-para-manter-se-atualizado\\\/#article\",\"isPartOf\":{\"@id\":\"https:\\\/\\\/www.grupomedcof.com.br\\\/blog\\\/mudancas-na-vacinacao-do-hpv-tudo-o-que-voce-precisa-saber-para-manter-se-atualizado\\\/\"},\"author\":{\"name\":\"Kiara Adelino\",\"@id\":\"https:\\\/\\\/www.grupomedcof.com.br\\\/blog\\\/#\\\/schema\\\/person\\\/db19a651f86c5fc202d6eee744fd3292\"},\"headline\":\"Vacina\u00e7\u00e3o contra HPV: tudo o que voc\u00ea precisa saber\",\"datePublished\":\"2026-02-12T19:13:15+00:00\",\"dateModified\":\"2026-02-12T19:13:18+00:00\",\"mainEntityOfPage\":{\"@id\":\"https:\\\/\\\/www.grupomedcof.com.br\\\/blog\\\/mudancas-na-vacinacao-do-hpv-tudo-o-que-voce-precisa-saber-para-manter-se-atualizado\\\/\"},\"wordCount\":851,\"commentCount\":0,\"publisher\":{\"@id\":\"https:\\\/\\\/www.grupomedcof.com.br\\\/blog\\\/#organization\"},\"image\":{\"@id\":\"https:\\\/\\\/www.grupomedcof.com.br\\\/blog\\\/mudancas-na-vacinacao-do-hpv-tudo-o-que-voce-precisa-saber-para-manter-se-atualizado\\\/#primaryimage\"},\"thumbnailUrl\":\"https:\\\/\\\/www.grupomedcof.com.br\\\/blog\\\/wp-content\\\/uploads\\\/2024\\\/05\\\/Blog-MedCof-99.png\",\"keywords\":[\"Anvisa\",\"Atualiza\u00e7\u00f5es HPV\",\"Hpv\",\"OMS\",\"PNI\"],\"articleSection\":[\"Atualiza\u00e7\u00f5es\"],\"inLanguage\":\"pt-BR\"},{\"@type\":\"WebPage\",\"@id\":\"https:\\\/\\\/www.grupomedcof.com.br\\\/blog\\\/mudancas-na-vacinacao-do-hpv-tudo-o-que-voce-precisa-saber-para-manter-se-atualizado\\\/\",\"url\":\"https:\\\/\\\/www.grupomedcof.com.br\\\/blog\\\/mudancas-na-vacinacao-do-hpv-tudo-o-que-voce-precisa-saber-para-manter-se-atualizado\\\/\",\"name\":\"Vacina\u00e7\u00e3o contra HPV: tudo o que voc\u00ea precisa saber - Blog de Medcof: conte\u00fados, editais, revalida e mais!\",\"isPartOf\":{\"@id\":\"https:\\\/\\\/www.grupomedcof.com.br\\\/blog\\\/#website\"},\"primaryImageOfPage\":{\"@id\":\"https:\\\/\\\/www.grupomedcof.com.br\\\/blog\\\/mudancas-na-vacinacao-do-hpv-tudo-o-que-voce-precisa-saber-para-manter-se-atualizado\\\/#primaryimage\"},\"image\":{\"@id\":\"https:\\\/\\\/www.grupomedcof.com.br\\\/blog\\\/mudancas-na-vacinacao-do-hpv-tudo-o-que-voce-precisa-saber-para-manter-se-atualizado\\\/#primaryimage\"},\"thumbnailUrl\":\"https:\\\/\\\/www.grupomedcof.com.br\\\/blog\\\/wp-content\\\/uploads\\\/2024\\\/05\\\/Blog-MedCof-99.png\",\"datePublished\":\"2026-02-12T19:13:15+00:00\",\"dateModified\":\"2026-02-12T19:13:18+00:00\",\"description\":\"A vacina\u00e7\u00e3o contra o Papilomav\u00edrus Humano (HPV) \u00e9 uma das estrat\u00e9gias mais eficazes para prevenir c\u00e2nceres relacionados ao v\u00edrus. Veja mudan\u00e7as!\",\"breadcrumb\":{\"@id\":\"https:\\\/\\\/www.grupomedcof.com.br\\\/blog\\\/mudancas-na-vacinacao-do-hpv-tudo-o-que-voce-precisa-saber-para-manter-se-atualizado\\\/#breadcrumb\"},\"inLanguage\":\"pt-BR\",\"potentialAction\":[{\"@type\":\"ReadAction\",\"target\":[\"https:\\\/\\\/www.grupomedcof.com.br\\\/blog\\\/mudancas-na-vacinacao-do-hpv-tudo-o-que-voce-precisa-saber-para-manter-se-atualizado\\\/\"]}]},{\"@type\":\"ImageObject\",\"inLanguage\":\"pt-BR\",\"@id\":\"https:\\\/\\\/www.grupomedcof.com.br\\\/blog\\\/mudancas-na-vacinacao-do-hpv-tudo-o-que-voce-precisa-saber-para-manter-se-atualizado\\\/#primaryimage\",\"url\":\"https:\\\/\\\/www.grupomedcof.com.br\\\/blog\\\/wp-content\\\/uploads\\\/2024\\\/05\\\/Blog-MedCof-99.png\",\"contentUrl\":\"https:\\\/\\\/www.grupomedcof.com.br\\\/blog\\\/wp-content\\\/uploads\\\/2024\\\/05\\\/Blog-MedCof-99.png\",\"width\":1920,\"height\":1080,\"caption\":\"A vacina\u00e7\u00e3o contra o Papilomav\u00edrus Humano (HPV) \u00e9 uma das estrat\u00e9gias mais eficazes para prevenir c\u00e2nceres relacionados ao v\u00edrus\"},{\"@type\":\"BreadcrumbList\",\"@id\":\"https:\\\/\\\/www.grupomedcof.com.br\\\/blog\\\/mudancas-na-vacinacao-do-hpv-tudo-o-que-voce-precisa-saber-para-manter-se-atualizado\\\/#breadcrumb\",\"itemListElement\":[{\"@type\":\"ListItem\",\"position\":1,\"name\":\"In\u00edcio\",\"item\":\"https:\\\/\\\/www.grupomedcof.com.br\\\/blog\\\/\"},{\"@type\":\"ListItem\",\"position\":2,\"name\":\"Vacina\u00e7\u00e3o contra HPV: tudo o que voc\u00ea precisa saber\"}]},{\"@type\":\"WebSite\",\"@id\":\"https:\\\/\\\/www.grupomedcof.com.br\\\/blog\\\/#website\",\"url\":\"https:\\\/\\\/www.grupomedcof.com.br\\\/blog\\\/\",\"name\":\"Blog de Medcof: conte\u00fados, editais, revalida e mais!\",\"description\":\"Acesso o blog de MedCof! Seu portal de conte\u00fados sobre resid\u00eancia m\u00e9dica, an\u00e1lise e editais e muito mais. Clique e confira!\",\"publisher\":{\"@id\":\"https:\\\/\\\/www.grupomedcof.com.br\\\/blog\\\/#organization\"},\"alternateName\":\"Blog de Medcof: conte\u00fados, editais, revalida e mais!\",\"potentialAction\":[{\"@type\":\"SearchAction\",\"target\":{\"@type\":\"EntryPoint\",\"urlTemplate\":\"https:\\\/\\\/www.grupomedcof.com.br\\\/blog\\\/?s={search_term_string}\"},\"query-input\":{\"@type\":\"PropertyValueSpecification\",\"valueRequired\":true,\"valueName\":\"search_term_string\"}}],\"inLanguage\":\"pt-BR\"},{\"@type\":\"Organization\",\"@id\":\"https:\\\/\\\/www.grupomedcof.com.br\\\/blog\\\/#organization\",\"name\":\"Grupo MedCof\",\"url\":\"https:\\\/\\\/www.grupomedcof.com.br\\\/blog\\\/\",\"logo\":{\"@type\":\"ImageObject\",\"inLanguage\":\"pt-BR\",\"@id\":\"https:\\\/\\\/www.grupomedcof.com.br\\\/blog\\\/#\\\/schema\\\/logo\\\/image\\\/\",\"url\":\"https:\\\/\\\/www.grupomedcof.com.br\\\/blog\\\/wp-content\\\/uploads\\\/2022\\\/01\\\/logo-medcof.png\",\"contentUrl\":\"https:\\\/\\\/www.grupomedcof.com.br\\\/blog\\\/wp-content\\\/uploads\\\/2022\\\/01\\\/logo-medcof.png\",\"width\":768,\"height\":269,\"caption\":\"Grupo MedCof\"},\"image\":{\"@id\":\"https:\\\/\\\/www.grupomedcof.com.br\\\/blog\\\/#\\\/schema\\\/logo\\\/image\\\/\"},\"sameAs\":[\"https:\\\/\\\/www.facebook.com\\\/MedCofQbank\\\/\",\"https:\\\/\\\/www.instagram.com\\\/grupomedcof\\\/\",\"https:\\\/\\\/br.linkedin.com\\\/company\\\/medcof\",\"https:\\\/\\\/www.youtube.com\\\/channel\\\/UCdHMuOHKICxcHwecxN8P-AA\"]},{\"@type\":\"Person\",\"@id\":\"https:\\\/\\\/www.grupomedcof.com.br\\\/blog\\\/#\\\/schema\\\/person\\\/db19a651f86c5fc202d6eee744fd3292\",\"name\":\"Kiara Adelino\",\"image\":{\"@type\":\"ImageObject\",\"inLanguage\":\"pt-BR\",\"@id\":\"https:\\\/\\\/www.grupomedcof.com.br\\\/blog\\\/wp-content\\\/uploads\\\/2024\\\/08\\\/cropped-Kiara-Adelino2-96x96.jpega85663bdda67261f8f06f86e555e1e49\",\"url\":\"https:\\\/\\\/www.grupomedcof.com.br\\\/blog\\\/wp-content\\\/uploads\\\/2024\\\/08\\\/cropped-Kiara-Adelino2-96x96.jpeg\",\"contentUrl\":\"https:\\\/\\\/www.grupomedcof.com.br\\\/blog\\\/wp-content\\\/uploads\\\/2024\\\/08\\\/cropped-Kiara-Adelino2-96x96.jpeg\",\"caption\":\"Kiara Adelino\"},\"description\":\"Estudante do 5\u00b0 semestre de Medicina. Gosto bastante de aprender coisas novas, principalmente na \u00e1rea de Neurologia e Anatomia humana.\",\"url\":\"https:\\\/\\\/www.grupomedcof.com.br\\\/blog\\\/author\\\/kiara-adelino\\\/\"}]}<\/script>\n<!-- \/ Yoast SEO Premium plugin. -->","yoast_head_json":{"title":"Vacina\u00e7\u00e3o contra HPV: tudo o que voc\u00ea precisa saber - Blog de Medcof: conte\u00fados, editais, revalida e mais!","description":"A vacina\u00e7\u00e3o contra o Papilomav\u00edrus Humano (HPV) \u00e9 uma das estrat\u00e9gias mais eficazes para prevenir c\u00e2nceres relacionados ao v\u00edrus. Veja mudan\u00e7as!","robots":{"index":"index","follow":"follow","max-snippet":"max-snippet:-1","max-image-preview":"max-image-preview:large","max-video-preview":"max-video-preview:-1"},"canonical":"https:\/\/www.grupomedcof.com.br\/blog\/mudancas-na-vacinacao-do-hpv-tudo-o-que-voce-precisa-saber-para-manter-se-atualizado\/","og_locale":"pt_BR","og_type":"article","og_title":"Vacina\u00e7\u00e3o contra HPV: tudo o que voc\u00ea precisa saber","og_description":"A vacina\u00e7\u00e3o contra o Papilomav\u00edrus Humano (HPV) \u00e9 uma das estrat\u00e9gias mais eficazes para prevenir c\u00e2nceres relacionados ao v\u00edrus. Veja mudan\u00e7as!","og_url":"https:\/\/www.grupomedcof.com.br\/blog\/mudancas-na-vacinacao-do-hpv-tudo-o-que-voce-precisa-saber-para-manter-se-atualizado\/","og_site_name":"Blog de Medcof: conte\u00fados, editais, revalida e mais!","article_publisher":"https:\/\/www.facebook.com\/MedCofQbank\/","article_published_time":"2026-02-12T19:13:15+00:00","article_modified_time":"2026-02-12T19:13:18+00:00","og_image":[{"width":1920,"height":1080,"url":"https:\/\/www.grupomedcof.com.br\/blog\/wp-content\/uploads\/2024\/05\/Blog-MedCof-99.png","type":"image\/png"}],"author":"Kiara Adelino","twitter_card":"summary_large_image","twitter_misc":{"Escrito por":"Kiara Adelino","Est. tempo de leitura":"5 minutos"},"schema":{"@context":"https:\/\/schema.org","@graph":[{"@type":"Article","@id":"https:\/\/www.grupomedcof.com.br\/blog\/mudancas-na-vacinacao-do-hpv-tudo-o-que-voce-precisa-saber-para-manter-se-atualizado\/#article","isPartOf":{"@id":"https:\/\/www.grupomedcof.com.br\/blog\/mudancas-na-vacinacao-do-hpv-tudo-o-que-voce-precisa-saber-para-manter-se-atualizado\/"},"author":{"name":"Kiara Adelino","@id":"https:\/\/www.grupomedcof.com.br\/blog\/#\/schema\/person\/db19a651f86c5fc202d6eee744fd3292"},"headline":"Vacina\u00e7\u00e3o contra HPV: tudo o que voc\u00ea precisa saber","datePublished":"2026-02-12T19:13:15+00:00","dateModified":"2026-02-12T19:13:18+00:00","mainEntityOfPage":{"@id":"https:\/\/www.grupomedcof.com.br\/blog\/mudancas-na-vacinacao-do-hpv-tudo-o-que-voce-precisa-saber-para-manter-se-atualizado\/"},"wordCount":851,"commentCount":0,"publisher":{"@id":"https:\/\/www.grupomedcof.com.br\/blog\/#organization"},"image":{"@id":"https:\/\/www.grupomedcof.com.br\/blog\/mudancas-na-vacinacao-do-hpv-tudo-o-que-voce-precisa-saber-para-manter-se-atualizado\/#primaryimage"},"thumbnailUrl":"https:\/\/www.grupomedcof.com.br\/blog\/wp-content\/uploads\/2024\/05\/Blog-MedCof-99.png","keywords":["Anvisa","Atualiza\u00e7\u00f5es HPV","Hpv","OMS","PNI"],"articleSection":["Atualiza\u00e7\u00f5es"],"inLanguage":"pt-BR"},{"@type":"WebPage","@id":"https:\/\/www.grupomedcof.com.br\/blog\/mudancas-na-vacinacao-do-hpv-tudo-o-que-voce-precisa-saber-para-manter-se-atualizado\/","url":"https:\/\/www.grupomedcof.com.br\/blog\/mudancas-na-vacinacao-do-hpv-tudo-o-que-voce-precisa-saber-para-manter-se-atualizado\/","name":"Vacina\u00e7\u00e3o contra HPV: tudo o que voc\u00ea precisa saber - Blog de Medcof: conte\u00fados, editais, revalida e mais!","isPartOf":{"@id":"https:\/\/www.grupomedcof.com.br\/blog\/#website"},"primaryImageOfPage":{"@id":"https:\/\/www.grupomedcof.com.br\/blog\/mudancas-na-vacinacao-do-hpv-tudo-o-que-voce-precisa-saber-para-manter-se-atualizado\/#primaryimage"},"image":{"@id":"https:\/\/www.grupomedcof.com.br\/blog\/mudancas-na-vacinacao-do-hpv-tudo-o-que-voce-precisa-saber-para-manter-se-atualizado\/#primaryimage"},"thumbnailUrl":"https:\/\/www.grupomedcof.com.br\/blog\/wp-content\/uploads\/2024\/05\/Blog-MedCof-99.png","datePublished":"2026-02-12T19:13:15+00:00","dateModified":"2026-02-12T19:13:18+00:00","description":"A vacina\u00e7\u00e3o contra o Papilomav\u00edrus Humano (HPV) \u00e9 uma das estrat\u00e9gias mais eficazes para prevenir c\u00e2nceres relacionados ao v\u00edrus. Veja mudan\u00e7as!","breadcrumb":{"@id":"https:\/\/www.grupomedcof.com.br\/blog\/mudancas-na-vacinacao-do-hpv-tudo-o-que-voce-precisa-saber-para-manter-se-atualizado\/#breadcrumb"},"inLanguage":"pt-BR","potentialAction":[{"@type":"ReadAction","target":["https:\/\/www.grupomedcof.com.br\/blog\/mudancas-na-vacinacao-do-hpv-tudo-o-que-voce-precisa-saber-para-manter-se-atualizado\/"]}]},{"@type":"ImageObject","inLanguage":"pt-BR","@id":"https:\/\/www.grupomedcof.com.br\/blog\/mudancas-na-vacinacao-do-hpv-tudo-o-que-voce-precisa-saber-para-manter-se-atualizado\/#primaryimage","url":"https:\/\/www.grupomedcof.com.br\/blog\/wp-content\/uploads\/2024\/05\/Blog-MedCof-99.png","contentUrl":"https:\/\/www.grupomedcof.com.br\/blog\/wp-content\/uploads\/2024\/05\/Blog-MedCof-99.png","width":1920,"height":1080,"caption":"A vacina\u00e7\u00e3o contra o Papilomav\u00edrus Humano (HPV) \u00e9 uma das estrat\u00e9gias mais eficazes para prevenir c\u00e2nceres relacionados ao v\u00edrus"},{"@type":"BreadcrumbList","@id":"https:\/\/www.grupomedcof.com.br\/blog\/mudancas-na-vacinacao-do-hpv-tudo-o-que-voce-precisa-saber-para-manter-se-atualizado\/#breadcrumb","itemListElement":[{"@type":"ListItem","position":1,"name":"In\u00edcio","item":"https:\/\/www.grupomedcof.com.br\/blog\/"},{"@type":"ListItem","position":2,"name":"Vacina\u00e7\u00e3o contra HPV: tudo o que voc\u00ea precisa saber"}]},{"@type":"WebSite","@id":"https:\/\/www.grupomedcof.com.br\/blog\/#website","url":"https:\/\/www.grupomedcof.com.br\/blog\/","name":"Blog de Medcof: conte\u00fados, editais, revalida e mais!","description":"Acesso o blog de MedCof! Seu portal de conte\u00fados sobre resid\u00eancia m\u00e9dica, an\u00e1lise e editais e muito mais. Clique e confira!","publisher":{"@id":"https:\/\/www.grupomedcof.com.br\/blog\/#organization"},"alternateName":"Blog de Medcof: conte\u00fados, editais, revalida e mais!","potentialAction":[{"@type":"SearchAction","target":{"@type":"EntryPoint","urlTemplate":"https:\/\/www.grupomedcof.com.br\/blog\/?s={search_term_string}"},"query-input":{"@type":"PropertyValueSpecification","valueRequired":true,"valueName":"search_term_string"}}],"inLanguage":"pt-BR"},{"@type":"Organization","@id":"https:\/\/www.grupomedcof.com.br\/blog\/#organization","name":"Grupo MedCof","url":"https:\/\/www.grupomedcof.com.br\/blog\/","logo":{"@type":"ImageObject","inLanguage":"pt-BR","@id":"https:\/\/www.grupomedcof.com.br\/blog\/#\/schema\/logo\/image\/","url":"https:\/\/www.grupomedcof.com.br\/blog\/wp-content\/uploads\/2022\/01\/logo-medcof.png","contentUrl":"https:\/\/www.grupomedcof.com.br\/blog\/wp-content\/uploads\/2022\/01\/logo-medcof.png","width":768,"height":269,"caption":"Grupo MedCof"},"image":{"@id":"https:\/\/www.grupomedcof.com.br\/blog\/#\/schema\/logo\/image\/"},"sameAs":["https:\/\/www.facebook.com\/MedCofQbank\/","https:\/\/www.instagram.com\/grupomedcof\/","https:\/\/br.linkedin.com\/company\/medcof","https:\/\/www.youtube.com\/channel\/UCdHMuOHKICxcHwecxN8P-AA"]},{"@type":"Person","@id":"https:\/\/www.grupomedcof.com.br\/blog\/#\/schema\/person\/db19a651f86c5fc202d6eee744fd3292","name":"Kiara Adelino","image":{"@type":"ImageObject","inLanguage":"pt-BR","@id":"https:\/\/www.grupomedcof.com.br\/blog\/wp-content\/uploads\/2024\/08\/cropped-Kiara-Adelino2-96x96.jpega85663bdda67261f8f06f86e555e1e49","url":"https:\/\/www.grupomedcof.com.br\/blog\/wp-content\/uploads\/2024\/08\/cropped-Kiara-Adelino2-96x96.jpeg","contentUrl":"https:\/\/www.grupomedcof.com.br\/blog\/wp-content\/uploads\/2024\/08\/cropped-Kiara-Adelino2-96x96.jpeg","caption":"Kiara Adelino"},"description":"Estudante do 5\u00b0 semestre de Medicina. Gosto bastante de aprender coisas novas, principalmente na \u00e1rea de Neurologia e Anatomia humana.","url":"https:\/\/www.grupomedcof.com.br\/blog\/author\/kiara-adelino\/"}]}},"authors":[{"term_id":3617,"user_id":21,"is_guest":0,"slug":"kiara-adelino","display_name":"Kiara Adelino","avatar_url":"https:\/\/www.grupomedcof.com.br\/blog\/wp-content\/uploads\/2024\/08\/cropped-Kiara-Adelino2-96x96.jpeg","0":null,"1":"","2":"","3":"","4":"","5":"","6":"","7":"","8":""}],"_links":{"self":[{"href":"https:\/\/www.grupomedcof.com.br\/blog\/wp-json\/wp\/v2\/posts\/26192","targetHints":{"allow":["GET"]}}],"collection":[{"href":"https:\/\/www.grupomedcof.com.br\/blog\/wp-json\/wp\/v2\/posts"}],"about":[{"href":"https:\/\/www.grupomedcof.com.br\/blog\/wp-json\/wp\/v2\/types\/post"}],"author":[{"embeddable":true,"href":"https:\/\/www.grupomedcof.com.br\/blog\/wp-json\/wp\/v2\/users\/21"}],"replies":[{"embeddable":true,"href":"https:\/\/www.grupomedcof.com.br\/blog\/wp-json\/wp\/v2\/comments?post=26192"}],"version-history":[{"count":1,"href":"https:\/\/www.grupomedcof.com.br\/blog\/wp-json\/wp\/v2\/posts\/26192\/revisions"}],"predecessor-version":[{"id":41815,"href":"https:\/\/www.grupomedcof.com.br\/blog\/wp-json\/wp\/v2\/posts\/26192\/revisions\/41815"}],"wp:featuredmedia":[{"embeddable":true,"href":"https:\/\/www.grupomedcof.com.br\/blog\/wp-json\/wp\/v2\/media\/26193"}],"wp:attachment":[{"href":"https:\/\/www.grupomedcof.com.br\/blog\/wp-json\/wp\/v2\/media?parent=26192"}],"wp:term":[{"taxonomy":"category","embeddable":true,"href":"https:\/\/www.grupomedcof.com.br\/blog\/wp-json\/wp\/v2\/categories?post=26192"},{"taxonomy":"post_tag","embeddable":true,"href":"https:\/\/www.grupomedcof.com.br\/blog\/wp-json\/wp\/v2\/tags?post=26192"},{"taxonomy":"author","embeddable":true,"href":"https:\/\/www.grupomedcof.com.br\/blog\/wp-json\/wp\/v2\/ppma_author?post=26192"}],"curies":[{"name":"wp","href":"https:\/\/api.w.org\/{rel}","templated":true}]}}