{"id":26265,"date":"2026-04-14T10:12:35","date_gmt":"2026-04-14T13:12:35","guid":{"rendered":"https:\/\/www.grupomedcof.com.br\/blog\/?p=26265"},"modified":"2026-04-14T10:12:37","modified_gmt":"2026-04-14T13:12:37","slug":"notas-de-corte-de-residencia-medica-de-sao-paulo","status":"publish","type":"post","link":"https:\/\/www.grupomedcof.com.br\/blog\/notas-de-corte-de-residencia-medica-de-sao-paulo\/","title":{"rendered":"Notas de corte da Resid\u00eancia M\u00e9dica 2026 em S\u00e3o Paulo: veja as principais!"},"content":{"rendered":"<div id=\"ez-toc-container\" class=\"ez-toc-v2_0_74 counter-hierarchy ez-toc-counter ez-toc-transparent ez-toc-container-direction\">\n<div class=\"ez-toc-title-container\">\n<p class=\"ez-toc-title\" style=\"cursor:inherit\">Sum\u00e1rio<\/p>\n<span class=\"ez-toc-title-toggle\"><a href=\"#\" class=\"ez-toc-pull-right ez-toc-btn ez-toc-btn-xs ez-toc-btn-default ez-toc-toggle\" aria-label=\"Alternar tabela de conte\u00fado\"><span class=\"ez-toc-js-icon-con\"><span class=\"\"><span class=\"eztoc-hide\" style=\"display:none;\">Toggle<\/span><span class=\"ez-toc-icon-toggle-span\"><svg style=\"fill: #999;color:#999\" xmlns=\"http:\/\/www.w3.org\/2000\/svg\" class=\"list-377408\" width=\"20px\" height=\"20px\" viewBox=\"0 0 24 24\" fill=\"none\"><path d=\"M6 6H4v2h2V6zm14 0H8v2h12V6zM4 11h2v2H4v-2zm16 0H8v2h12v-2zM4 16h2v2H4v-2zm16 0H8v2h12v-2z\" fill=\"currentColor\"><\/path><\/svg><svg style=\"fill: #999;color:#999\" class=\"arrow-unsorted-368013\" xmlns=\"http:\/\/www.w3.org\/2000\/svg\" width=\"10px\" height=\"10px\" viewBox=\"0 0 24 24\" version=\"1.2\" baseProfile=\"tiny\"><path d=\"M18.2 9.3l-6.2-6.3-6.2 6.3c-.2.2-.3.4-.3.7s.1.5.3.7c.2.2.4.3.7.3h11c.3 0 .5-.1.7-.3.2-.2.3-.5.3-.7s-.1-.5-.3-.7zM5.8 14.7l6.2 6.3 6.2-6.3c.2-.2.3-.5.3-.7s-.1-.5-.3-.7c-.2-.2-.4-.3-.7-.3h-11c-.3 0-.5.1-.7.3-.2.2-.3.5-.3.7s.1.5.3.7z\"\/><\/svg><\/span><\/span><\/span><\/a><\/span><\/div>\n<nav><ul class='ez-toc-list ez-toc-list-level-1 ' ><li class='ez-toc-page-1 ez-toc-heading-level-2'><a class=\"ez-toc-link ez-toc-heading-1\" href=\"https:\/\/www.grupomedcof.com.br\/blog\/notas-de-corte-de-residencia-medica-de-sao-paulo\/#Notas_de_Corte_em_Sao_Paulo\" >Notas de Corte em S\u00e3o Paulo<\/a><ul class='ez-toc-list-level-3' ><li class='ez-toc-heading-level-3'><a class=\"ez-toc-link ez-toc-heading-2\" href=\"https:\/\/www.grupomedcof.com.br\/blog\/notas-de-corte-de-residencia-medica-de-sao-paulo\/#Nota_de_Corte_SUS-SP\" >Nota de Corte SUS-SP<\/a><\/li><li class='ez-toc-page-1 ez-toc-heading-level-3'><a class=\"ez-toc-link ez-toc-heading-3\" href=\"https:\/\/www.grupomedcof.com.br\/blog\/notas-de-corte-de-residencia-medica-de-sao-paulo\/#Nota_de_Corte_USP-SP\" >Nota de Corte USP-SP<\/a><\/li><li class='ez-toc-page-1 ez-toc-heading-level-3'><a class=\"ez-toc-link ez-toc-heading-4\" href=\"https:\/\/www.grupomedcof.com.br\/blog\/notas-de-corte-de-residencia-medica-de-sao-paulo\/#Nota_de_Corte_SCMSP\" >Nota de Corte SCMSP<\/a><\/li><li class='ez-toc-page-1 ez-toc-heading-level-3'><a class=\"ez-toc-link ez-toc-heading-5\" href=\"https:\/\/www.grupomedcof.com.br\/blog\/notas-de-corte-de-residencia-medica-de-sao-paulo\/#Nota_de_Corte_USP-RP\" >Nota de Corte USP-RP<\/a><\/li><li class='ez-toc-page-1 ez-toc-heading-level-3'><a class=\"ez-toc-link ez-toc-heading-6\" href=\"https:\/\/www.grupomedcof.com.br\/blog\/notas-de-corte-de-residencia-medica-de-sao-paulo\/#Nota_de_Corte_Unicamp\" >Nota de Corte Unicamp<\/a><\/li><li class='ez-toc-page-1 ez-toc-heading-level-3'><a class=\"ez-toc-link ez-toc-heading-7\" href=\"https:\/\/www.grupomedcof.com.br\/blog\/notas-de-corte-de-residencia-medica-de-sao-paulo\/#Nota_de_Corte_FAMEMA\" >Nota de Corte FAMEMA<\/a><\/li><li class='ez-toc-page-1 ez-toc-heading-level-3'><a class=\"ez-toc-link ez-toc-heading-8\" href=\"https:\/\/www.grupomedcof.com.br\/blog\/notas-de-corte-de-residencia-medica-de-sao-paulo\/#Nota_de_corte_Einstein\" >Nota de corte Einstein<\/a><\/li><li class='ez-toc-page-1 ez-toc-heading-level-3'><a class=\"ez-toc-link ez-toc-heading-9\" href=\"https:\/\/www.grupomedcof.com.br\/blog\/notas-de-corte-de-residencia-medica-de-sao-paulo\/#Nota_de_Corte_IAMSPE\" >Nota de Corte IAMSPE<\/a><\/li><li class='ez-toc-page-1 ez-toc-heading-level-3'><a class=\"ez-toc-link ez-toc-heading-10\" href=\"https:\/\/www.grupomedcof.com.br\/blog\/notas-de-corte-de-residencia-medica-de-sao-paulo\/#Nota_de_Corte_FMABC\" >Nota de Corte FMABC<\/a><\/li><li class='ez-toc-page-1 ez-toc-heading-level-3'><a class=\"ez-toc-link ez-toc-heading-11\" href=\"https:\/\/www.grupomedcof.com.br\/blog\/notas-de-corte-de-residencia-medica-de-sao-paulo\/#Nota_de_corte_PUC-SP\" >Nota de corte PUC-SP<\/a><\/li><li class='ez-toc-page-1 ez-toc-heading-level-3'><a class=\"ez-toc-link ez-toc-heading-12\" href=\"https:\/\/www.grupomedcof.com.br\/blog\/notas-de-corte-de-residencia-medica-de-sao-paulo\/#Nota_de_Corte_Sirio-Libanes\" >Nota de Corte S\u00edrio-Liban\u00eas<\/a><\/li><li class='ez-toc-page-1 ez-toc-heading-level-3'><a class=\"ez-toc-link ez-toc-heading-13\" href=\"https:\/\/www.grupomedcof.com.br\/blog\/notas-de-corte-de-residencia-medica-de-sao-paulo\/#Nota_de_Corte_FMJ\" >Nota de Corte FMJ<\/a><\/li><li class='ez-toc-page-1 ez-toc-heading-level-3'><a class=\"ez-toc-link ez-toc-heading-14\" href=\"https:\/\/www.grupomedcof.com.br\/blog\/notas-de-corte-de-residencia-medica-de-sao-paulo\/#Nota_de_Corte_HOSBOS\" >Nota de Corte HOS\/BOS<\/a><\/li><li class='ez-toc-page-1 ez-toc-heading-level-3'><a class=\"ez-toc-link ez-toc-heading-15\" href=\"https:\/\/www.grupomedcof.com.br\/blog\/notas-de-corte-de-residencia-medica-de-sao-paulo\/#Nota_de_Corte_Dante_Pazzanese\" >Nota de Corte Dante Pazzanese<\/a><\/li><\/ul><\/li><li class='ez-toc-page-1 ez-toc-heading-level-2'><a class=\"ez-toc-link ez-toc-heading-16\" href=\"https:\/\/www.grupomedcof.com.br\/blog\/notas-de-corte-de-residencia-medica-de-sao-paulo\/#O_metodo_que_te_aprova\" >O m\u00e9todo que te aprova!<\/a><\/li><\/ul><\/nav><\/div>\n\n<figure class=\"wp-block-gallery has-nested-images columns-default is-cropped wp-block-gallery-1 is-layout-flex wp-block-gallery-is-layout-flex\">\n<figure class=\"wp-block-image size-large\"><img loading=\"lazy\" decoding=\"async\" width=\"1024\" height=\"576\" data-id=\"26988\" src=\"https:\/\/www.grupomedcof.com.br\/blog\/wp-content\/uploads\/2024\/06\/Blog-MedCof-11-1-1024x576.png\" alt=\"Ponte estaiada na cidade de S\u00e3o Paulo\" class=\"wp-image-26988\" srcset=\"https:\/\/www.grupomedcof.com.br\/blog\/wp-content\/uploads\/2024\/06\/Blog-MedCof-11-1-1024x576.png 1024w, https:\/\/www.grupomedcof.com.br\/blog\/wp-content\/uploads\/2024\/06\/Blog-MedCof-11-1-300x169.png 300w, https:\/\/www.grupomedcof.com.br\/blog\/wp-content\/uploads\/2024\/06\/Blog-MedCof-11-1-768x432.png 768w, https:\/\/www.grupomedcof.com.br\/blog\/wp-content\/uploads\/2024\/06\/Blog-MedCof-11-1-1536x864.png 1536w, https:\/\/www.grupomedcof.com.br\/blog\/wp-content\/uploads\/2024\/06\/Blog-MedCof-11-1-2048x1152.png 2048w, https:\/\/www.grupomedcof.com.br\/blog\/wp-content\/uploads\/2024\/06\/Blog-MedCof-11-1-747x420.png 747w, https:\/\/www.grupomedcof.com.br\/blog\/wp-content\/uploads\/2024\/06\/Blog-MedCof-11-1-150x84.png 150w, https:\/\/www.grupomedcof.com.br\/blog\/wp-content\/uploads\/2024\/06\/Blog-MedCof-11-1-696x392.png 696w, https:\/\/www.grupomedcof.com.br\/blog\/wp-content\/uploads\/2024\/06\/Blog-MedCof-11-1-1068x601.png 1068w, https:\/\/www.grupomedcof.com.br\/blog\/wp-content\/uploads\/2024\/06\/Blog-MedCof-11-1-1920x1080.png 1920w\" sizes=\"auto, (max-width: 1024px) 100vw, 1024px\" \/><\/figure>\n<\/figure>\n\n\n\n<p>Confira as <strong>notas de corte das principais resid\u00eancias m\u00e9dicas de S\u00e3o Paulo<\/strong> e esteja preparado para as futuras provas!<\/p>\n\n\n\n<h2 class=\"wp-block-heading\" id=\"h-notas-de-corte-em-sao-paulo\"><span class=\"ez-toc-section\" id=\"Notas_de_Corte_em_Sao_Paulo\"><\/span><strong>Notas de Corte em S\u00e3o Paulo<\/strong><span class=\"ez-toc-section-end\"><\/span><\/h2>\n\n\n\n<p>O <strong>estado de S\u00e3o Paulo<\/strong> \u00e9 o destino anual de diversos residentes que buscam se especializar em uma das principais institui\u00e7\u00f5es do pa\u00eds. Dessa forma, n\u00e3o apenas a concorr\u00eancia, mas a <strong>nota de corte<\/strong>, s\u00e3o de grande interesse para aqueles que almejam determinada resid\u00eancia m\u00e9dica. Foi pensando nisso que hoje separamos as principais notas de corte para voc\u00ea!<\/p>\n\n\n\n<h3 class=\"wp-block-heading\" id=\"sus-sp\"><span class=\"ez-toc-section\" id=\"Nota_de_Corte_SUS-SP\"><\/span><strong>Nota de Corte SUS-SP<\/strong><span class=\"ez-toc-section-end\"><\/span><\/h3>\n\n\n\n<p>No processo seletivo para resid\u00eancia m\u00e9dica do <a href=\"https:\/\/www.grupomedcof.com.br\/blog\/edital-residencia-medica-sus-sp-2024\/\" target=\"_blank\" rel=\"noreferrer noopener\">Sistema \u00danico de Sa\u00fade<\/a> (SUS-SP) de 2026, mais de 50 institui\u00e7\u00f5es participaram, contando com <strong><a href=\"https:\/\/www.grupomedcof.com.br\/blog\/confira-a-relacao-candidato-vaga-do-sus-sp\/\" target=\"_blank\" rel=\"noreferrer noopener\"><strong>26.441<\/strong>&nbsp;candidatos inscritos<\/a><\/strong>.<\/p>\n\n\n\n<figure class=\"wp-block-table\"><table class=\"has-fixed-layout\"><tbody><tr><td><strong>Especialidades<\/strong><\/td><td><strong>Posi\u00e7\u00e3o e Nota de Corte 2025<\/strong><\/td><td><strong>Nota de Corte 2026 <\/strong><\/td><\/tr><tr><td>Angiorradiologia e Cirurgia Endovascular<\/td><td>4\u00ba \u2013 6,20<\/td><td>&#8211;<\/td><\/tr><tr><td>Anestesiologia<\/td><td>289\u00ba \u2013 7,04<\/td><td>73,00<\/td><\/tr><tr><td>Cancerologia\/Oncologia Cl\u00ednica<\/td><td>87\u00ba \u2013 7,00<\/td><td>52,00<\/td><\/tr><tr><td>Cancerologia\/Oncologia Pedi\u00e1trica<\/td><td>5\u00ba \u2013 5,20<\/td><td>60,00<\/td><\/tr><tr><td>Cardiologia<\/td><td>70\u00ba \u2013 6,60<\/td><td>50,00<\/td><\/tr><tr><td>Cardiologia Pedi\u00e1trica<\/td><td>\u2013<\/td><td>&#8211;<\/td><\/tr><tr><td>Cirurgia Bari\u00e1trica<\/td><td>\u2013<\/td><td>&#8211;<\/td><\/tr><tr><td>Cirurgia Cardiovascular<\/td><td>1\u00ba \u2013 7,20<\/td><td>76,00<\/td><\/tr><tr><td>Cirurgia da M\u00e3o<\/td><td>5\u00ba \u2013 5,80<\/td><td>&#8211;<\/td><\/tr><tr><td>Cirurgia de Cabe\u00e7a e Pesco\u00e7o<\/td><td>9\u00ba \u2013 5,20<\/td><td>62,00<\/td><\/tr><tr><td>Cirurgia do Aparelho Digestivo<\/td><td>22\u00ba \u2013 5,00<\/td><td>68,00<\/td><\/tr><tr><td>Cirurgia Geral<\/td><td>364\u00ba \u2013 6,70<\/td><td>72,00<\/td><\/tr><tr><td>Cirurgia Oncol\u00f3gica<\/td><td>29\u00ba \u2013 5,40<\/td><td>74,00<\/td><\/tr><tr><td>Cirurgia Pedi\u00e1trica<\/td><td>15\u00ba \u2013 5,20<\/td><td>74,00<\/td><\/tr><tr><td>Cirurgia Pl\u00e1stica<\/td><td>21\u00ba \u2013 6,60<\/td><td>84,00<\/td><\/tr><tr><td>Cirurgia Tor\u00e1cica<\/td><td>\u2013<\/td><td>62,00<\/td><\/tr><tr><td>Cirurgia Vascular<\/td><td>31\u00ba \u2013 5,0<\/td><td>76,00<\/td><\/tr><tr><td>Cirurgia Videolaparosc\u00f3pica<\/td><td>\u2013<\/td><td>&#8211;<\/td><\/tr><tr><td>Cl\u00ednica M\u00e9dica<\/td><td>738\u00ba \u2013 6,30<\/td><td>69,00<\/td><\/tr><tr><td>Coloproctologia<\/td><td>7\u00ba \u2013 6,0<\/td><td>77,00<\/td><\/tr><tr><td>Dermatologia<\/td><td>44\u00ba \u2013 7,70<\/td><td>77,00<\/td><\/tr><tr><td>Emerg\u00eancia Pedi\u00e1trica<\/td><td>\u2013<\/td><td>62,00<\/td><\/tr><tr><td>Endocrinologia e Metabologia<\/td><td>13\u00ba \u2013 8,20<\/td><td>54,00<\/td><\/tr><tr><td>Endoscopia<\/td><td>7\u00ba \u2013 6,00<\/td><td>62,00<\/td><\/tr><tr><td>Endoscopia Ginecol\u00f3gica<\/td><td>8\u00ba \u2013 7,20<\/td><td>&#8211;<\/td><\/tr><tr><td>Gastroenterologia<\/td><td>2\u00ba \u2013 8,40<\/td><td>&#8211;<\/td><\/tr><tr><td>Gastroenterologia Pedi\u00e1trica<\/td><td>2\u00ba \u2013 6,40<\/td><td>&#8211;<\/td><\/tr><tr><td>Geriatria<\/td><td>16\u00ba \u2013 7,00<\/td><td>&#8211;<\/td><\/tr><tr><td>Ginecologia e Obstetr\u00edcia<\/td><td>462\u00ba \u2013 6,50<\/td><td>71,00<\/td><\/tr><tr><td>Hematologia e Hemoterapia<\/td><td>50\u00ba \u2013 6,80<\/td><td>50,00<\/td><\/tr><tr><td>Hemodin\u00e2mica e Cardiologia Intervencionista<\/td><td>3\u00ba \u2013 8,00<\/td><td>84,00<\/td><\/tr><tr><td>Infectologia<\/td><td>51\u00ba \u2013 6,30<\/td><td>67,00<\/td><\/tr><tr><td>Mastologia<\/td><td>22\u00ba \u2013 5,00<\/td><td>72,00<\/td><\/tr><tr><td>Medicina de Emerg\u00eancia<\/td><td>45\u00ba \u2013 5,50<\/td><td>59,00<\/td><\/tr><tr><td>Medicina de Fam\u00edlia e Comunidade<\/td><td>136\u00ba \u2013 5,00<\/td><td>56,00<\/td><\/tr><tr><td>Medicina F\u00edsica e Reabilita\u00e7\u00e3o<\/td><td>3\u00ba \u2013 7,20<\/td><td>67,00<\/td><\/tr><tr><td>Medicina Intensiva<\/td><td>62\u00ba \u2013 5,60<\/td><td>59,00<\/td><\/tr><tr><td>Medicina Intensiva Pedi\u00e1trica<\/td><td>10\u00ba \u2013 5,40<\/td><td>78,00<\/td><\/tr><tr><td>Medicina Fetal<\/td><td>4\u00ba \u2013 5,00<\/td><td>&#8211;<\/td><\/tr><tr><td>Medicina Nuclear<\/td><td>7\u00ba \u2013 6,30<\/td><td>&#8211;<\/td><\/tr><tr><td>Medicina Paliativa<\/td><td>3\u00ba \u2013 6,80<\/td><td>62,00<\/td><\/tr><tr><td>Nefrologia<\/td><td>22\u00ba \u2013 5,40<\/td><td>&#8211;<\/td><\/tr><tr><td>Neonatologia<\/td><td>18\u00ba \u2013 5,00<\/td><td>70,00<\/td><\/tr><tr><td>Neurocirurgia<\/td><td>19\u00ba \u2013 7,80<\/td><td>79,00<\/td><\/tr><tr><td>Neurologia<\/td><td>24\u00ba \u2013 7,60<\/td><td>76,00<\/td><\/tr><tr><td>Oftalmologia<\/td><td>30\u00ba \u2013 7,60<\/td><td>76,00<\/td><\/tr><tr><td>Ortopedia e Traumatologia<\/td><td>250\u00ba \u2013 5,50<\/td><td>64,00<\/td><\/tr><tr><td>Otorrinolaringologia<\/td><td>30\u00ba \u2013 7,50<\/td><td>76,00<\/td><\/tr><tr><td>Patologia<\/td><td>29\u00ba \u2013 6,40<\/td><td>71,50<\/td><\/tr><tr><td>Pediatria<\/td><td>428\u00ba \u2013 5,70<\/td><td>62,00<\/td><\/tr><tr><td>Pneumologia<\/td><td>2\u00ba \u2013 7,60<\/td><td>&#8211;<\/td><\/tr><tr><td>Psiquiatria<\/td><td>152\u00ba \u2013 7,10<\/td><td>73,00<\/td><\/tr><tr><td>Radiologia e Diagn\u00f3stico por Imagem<\/td><td>99\u00ba \u2013 7,0<\/td><td>73,00<\/td><\/tr><tr><td>Radioterapia<\/td><td>14\u00ba \u2013 5,10<\/td><td>59,00<\/td><\/tr><tr><td>Reumatologia<\/td><td>2\u00ba \u2013 6,40<\/td><td>&#8211;<\/td><\/tr><tr><td>Transplante de Medula \u00d3ssea<\/td><td>18\u00ba \u2013 5,40<\/td><td>82,00<\/td><\/tr><tr><td>Urologia<\/td><td>70\u00ba \u2013 5,40<\/td><td>80,00<\/td><\/tr><\/tbody><\/table><\/figure>\n\n\n\n<h3 class=\"wp-block-heading\" id=\"h-nota-de-corte-usp-sp\"><span class=\"ez-toc-section\" id=\"Nota_de_Corte_USP-SP\"><\/span><strong>Nota de Corte USP-SP <\/strong><span class=\"ez-toc-section-end\"><\/span><\/h3>\n\n\n\n<p>O <a href=\"https:\/\/www.grupomedcof.com.br\/blog\/edital-residencia-medica-usp-sp\/\" target=\"_blank\" rel=\"noreferrer noopener\">processo seletivo da USP-SP<\/a> ofertou <strong>834 vagas<\/strong> e contou com <strong><a href=\"https:\/\/www.grupomedcof.com.br\/blog\/confira-a-relacao-candidato-vaga-da-usp-sp\/\" target=\"_blank\" rel=\"noreferrer noopener\"><strong>11.082<\/strong>&nbsp;candidatos inscritos<\/a><\/strong>.<\/p>\n\n\n\n<figure class=\"wp-block-table\"><table class=\"has-fixed-layout\"><tbody><tr><td><strong>Especialidade<\/strong><\/td><td><strong>Nota de corte 2025<\/strong><\/td><td><strong>Nota de Corte 2026<\/strong><\/td><\/tr><tr><td>Acupuntura<\/td><td>60<\/td><td>53<\/td><\/tr><tr><td>Alergia E Imunologia<\/td><td>66<\/td><td>52<\/td><\/tr><tr><td>Alergia E Imunologia \u2013 Ano Adicional<\/td><td>&#8211;<\/td><td>17<\/td><\/tr><tr><td>Alergia E Imunologia Pedi\u00e1trica<\/td><td>102<\/td><td>88<\/td><\/tr><tr><td>Anestesiologia<\/td><td>84<\/td><td>83<\/td><\/tr><tr><td>Cardiologia<\/td><td>77<\/td><td>75<\/td><\/tr><tr><td>Cardiologia Pedi\u00e1trica<\/td><td>75<\/td><td>70<\/td><\/tr><tr><td>Cirurgia Cardiovascular<\/td><td>88<\/td><td>74<\/td><\/tr><tr><td>Cirurgia Da M\u00e3o<\/td><td>75<\/td><td>74<\/td><\/tr><tr><td>Cirurgia De Cabe\u00e7a E Pesco\u00e7o<\/td><td>75<\/td><td>68<\/td><\/tr><tr><td>Cirurgia Do Aparelho Digestivo<\/td><td>95<\/td><td>89<\/td><\/tr><tr><td>Cirurgia Geral<\/td><td>83<\/td><td>85<\/td><\/tr><tr><td>Cirurgia Geral \u2013 Programa Avan\u00e7ado<\/td><td>33<\/td><td>&#8211;<\/td><\/tr><tr><td>Cirurgia Pedi\u00e1trica<\/td><td>87<\/td><td>88<\/td><\/tr><tr><td>Cirurgia Plastica<\/td><td>97<\/td><td>98<\/td><\/tr><tr><td>Cirurgia Tor\u00e1cica<\/td><td>83<\/td><td>80<\/td><\/tr><tr><td>Cirurgia Vascular<\/td><td>98<\/td><td>88<\/td><\/tr><tr><td>Cl\u00ednica M\u00e9dica<\/td><td>83<\/td><td>83<\/td><\/tr><tr><td>Clinica Medica (R3)<\/td><td>61<\/td><td>&#8211;<\/td><\/tr><tr><td>Coloproctologia<\/td><td>95<\/td><td>90<\/td><\/tr><tr><td>Dermatologia<\/td><td>85<\/td><td>84<\/td><\/tr><tr><td>Dor<\/td><td>24<\/td><td>32<\/td><\/tr><tr><td>Emerg\u00eancia Pedi\u00e1trica<\/td><td>77<\/td><td>71<\/td><\/tr><tr><td>Endocrinologia E Metabologia<\/td><td>86<\/td><td>84<\/td><\/tr><tr><td>Endocrinologia E Metabologia \u2013 Ano Adicional<\/td><td>26<\/td><td>17<\/td><\/tr><tr><td>Endocrinologia Pedi\u00e1trica<\/td><td>99<\/td><td>96<\/td><\/tr><tr><td>Endoscopia<\/td><td>65<\/td><td>66<\/td><\/tr><tr><td>Endoscopia Digestiva<\/td><td>27<\/td><td>31<\/td><\/tr><tr><td>Endoscopia Ginecologica<\/td><td>28<\/td><td>28<\/td><\/tr><tr><td>Gastroenterologia<\/td><td>78<\/td><td>75<\/td><\/tr><tr><td>Gastroenterologia Pediatrica<\/td><td>87<\/td><td>86<\/td><\/tr><tr><td>Gen\u00e9tica M\u00e9dica<\/td><td>60<\/td><td>62<\/td><\/tr><tr><td>Geriatria<\/td><td>72<\/td><td>77<\/td><\/tr><tr><td>Hematologia E Hemoterapia<\/td><td>77<\/td><td>82<\/td><\/tr><tr><td>Hematologia E Hemoterapia Pedi\u00e1trica<\/td><td>&#8211;<\/td><td>92<\/td><\/tr><tr><td>Hemodin\u00e2mica E Cardiologia Intervencionista<\/td><td>32<\/td><td>14<\/td><\/tr><tr><td>Hepatologia<\/td><td>25<\/td><td>25<\/td><\/tr><tr><td>Infectologia<\/td><td>80<\/td><td>69<\/td><\/tr><tr><td>Infectologia Pedi\u00e1trica<\/td><td>71<\/td><td>80<\/td><\/tr><tr><td>Mastologia<\/td><td>65<\/td><td>76<\/td><\/tr><tr><td>Medicina De Emerg\u00eancia<\/td><td>67<\/td><td>61<\/td><\/tr><tr><td>Medicina De Fam\u00edlia E Comunidade<\/td><td>63<\/td><td>68<\/td><\/tr><tr><td>Medicina Do Adolescente<\/td><td>86<\/td><td>&#8211;<\/td><\/tr><tr><td>Medicina Do Sono<\/td><td>29<\/td><td>17<\/td><\/tr><tr><td>Medicina Do Trabalho<\/td><td>60<\/td><td>69<\/td><\/tr><tr><td>Medicina Esportiva<\/td><td>77<\/td><td>77<\/td><\/tr><tr><td>Medicina Fetal<\/td><td>30<\/td><td>15<\/td><\/tr><tr><td>Medicina F\u00edsica E Reabilita\u00e7\u00e3o<\/td><td>61<\/td><td>64<\/td><\/tr><tr><td>Medicina Intensiva<\/td><td>76<\/td><td>75<\/td><\/tr><tr><td>Medicina Intensiva Pedi\u00e1trica<\/td><td>73<\/td><td>&#8211;<\/td><\/tr><tr><td>Medicina Legal E Per\u00edcia M\u00e9dica<\/td><td>61<\/td><td>65<\/td><\/tr><tr><td>Medicina Nuclear<\/td><td>60<\/td><td>52<\/td><\/tr><tr><td>Medicina Nuclear \u2013 Ano Adicional<\/td><td>26<\/td><td>11<\/td><\/tr><tr><td>Medicina Paliativa<\/td><td>22<\/td><td>&#8211;<\/td><\/tr><tr><td>Medicina Preventiva E Social<\/td><td>72<\/td><td>69<\/td><\/tr><tr><td>Nefrologia<\/td><td>66<\/td><td>68<\/td><\/tr><tr><td>Nefrologia Pedi\u00e1trica<\/td><td>80<\/td><td>&#8211;<\/td><\/tr><tr><td>Neonatologia<\/td><td>62<\/td><td>&#8211;<\/td><\/tr><tr><td>Neurocirurgia<\/td><td>87<\/td><td>86<\/td><\/tr><tr><td>Neurofisiologia Cl\u00ednica<\/td><td>28<\/td><td>14<\/td><\/tr><tr><td>Neurologia<\/td><td>86<\/td><td>82<\/td><\/tr><tr><td>Neurologia Pedi\u00e1trica<\/td><td>99<\/td><td>96<\/td><\/tr><tr><td>Neurorradiologia<\/td><td>26<\/td><td>16<\/td><\/tr><tr><td>Nutrologia<\/td><td>60<\/td><td>70<\/td><\/tr><tr><td>Nutrologia Pedi\u00e1trica<\/td><td>81<\/td><td>&#8211;<\/td><\/tr><tr><td>Obstetr\u00edcia E Ginecologia<\/td><td>81<\/td><td>83<\/td><\/tr><tr><td>Obstetr\u00edcia E Ginecologia \u2013 Ano Adicional<\/td><td>32<\/td><td>32<\/td><\/tr><tr><td>Oftalmologia<\/td><td>86<\/td><td>85<\/td><\/tr><tr><td>Oncologia Cl\u00ednica<\/td><td>80<\/td><td>78<\/td><\/tr><tr><td>Oncologia Pedi\u00e1trica<\/td><td>76<\/td><td>&#8211;<\/td><\/tr><tr><td>Ortopedia E Traumatologia<\/td><td>69<\/td><td>75<\/td><\/tr><tr><td>Otorrinolaringologia<\/td><td>85<\/td><td>86<\/td><\/tr><tr><td>Patologia<\/td><td>65<\/td><td>69<\/td><\/tr><tr><td>Patologia Cl\u00ednica\/Medicina Laboratorial<\/td><td>67<\/td><td>14<\/td><\/tr><tr><td>Patologia Cl\u00ednica\/Medicina Laboratorial \u2013 Ano Adicional<\/td><td>&#8211;<\/td><td>&#8211;<\/td><\/tr><tr><td>Pediatria<\/td><td>73<\/td><td>75<\/td><\/tr><tr><td>Pneumologia<\/td><td>70<\/td><td>72<\/td><\/tr><tr><td>Pneumologia Pedi\u00e1trica<\/td><td>87<\/td><td>75<\/td><\/tr><tr><td>Psicogeriatria<\/td><td>33<\/td><td>15<\/td><\/tr><tr><td>Psicoterapia<\/td><td>25<\/td><td>17<\/td><\/tr><tr><td>Psiquiatria<\/td><td>85<\/td><td>85<\/td><\/tr><tr><td>Psiquiatria \u2013 Ano Adicional<\/td><td>20<\/td><td>&#8211;<\/td><\/tr><tr><td>Psiquiatria Da Inf\u00e2ncia E Da Adolesc\u00eancia<\/td><td>30<\/td><td>29<\/td><\/tr><tr><td>Psiquiatria Forense<\/td><td>28<\/td><td>18<\/td><\/tr><tr><td>Radiologia E Diagn\u00f3stico Por Imagem<\/td><td>78<\/td><td>80<\/td><\/tr><tr><td>Radioterapia<\/td><td>61<\/td><td>56<\/td><\/tr><tr><td>Reumatologia<\/td><td>&#8211;<\/td><td>78<\/td><\/tr><tr><td>Reumatologia Pedi\u00e1trica<\/td><td>&#8211;<\/td><td>85<\/td><\/tr><tr><td>Transplante De Cora\u00e7\u00e3o (Cardiovascular)<\/td><td>31<\/td><td>11<\/td><\/tr><tr><td>Transplante De Cora\u00e7\u00e3o (Cardiologia)<\/td><td>36<\/td><td><\/td><\/tr><tr><td>Transplante De C\u00f3rnea<\/td><td>33<\/td><td>8<\/td><\/tr><tr><td>Transplante De Figado (Cirurgia Do Aparelho Digestivo)<\/td><td>32<\/td><td>&#8211;<\/td><\/tr><tr><td>Transplante De Figado (Cirurgia Pedi\u00e1trica)<\/td><td>&#8211;<\/td><td>20<\/td><\/tr><tr><td>Transplante De Figado (Gastroenterologia)<\/td><td>27<\/td><td>&#8211;<\/td><\/tr><tr><td>Transplante De Medula \u00d3ssea<\/td><td>23<\/td><td>12<\/td><\/tr><tr><td>Transplante De Pulm\u00e3o<\/td><td>34<\/td><td>&#8211;<\/td><\/tr><tr><td>Transplante De Rim (Nefrologia)<\/td><td>25<\/td><td>19<\/td><\/tr><tr><td>Transplante De Rim (Urologia)<\/td><td>34<\/td><td>&#8211;<\/td><\/tr><tr><td>Transplante De Rim (Pediatria)<\/td><td>&#8211;<\/td><td>&#8211;<\/td><\/tr><tr><td>Urologia<\/td><td>101<\/td><td>96<\/td><\/tr><\/tbody><\/table><\/figure>\n\n\n\n<h3 class=\"wp-block-heading\" id=\"h-nota-de-corte-scmsp\"><span class=\"ez-toc-section\" id=\"Nota_de_Corte_SCMSP\"><\/span><strong>Nota de Corte SCMSP <\/strong><span class=\"ez-toc-section-end\"><\/span><\/h3>\n\n\n\n<p>O processo seletivo da <a href=\"https:\/\/www.grupomedcof.com.br\/blog\/novo-edital-residencia-medica-scmsp-2024\/\" target=\"_blank\" rel=\"noreferrer noopener\">Irmandade Santa Casa de Miseric\u00f3rdia de S\u00e3o Paulo <\/a>(SCMSP) ofertou mais de <strong>250 vagas<\/strong>.<\/p>\n\n\n\n<figure class=\"wp-block-table\"><table class=\"has-fixed-layout\"><tbody><tr><td><strong>Especialidades<\/strong><\/td><td><strong>Nota de corte 2025<\/strong><\/td><td><strong>Nota de corte 2026 <\/strong><\/td><\/tr><tr><td>Administra\u00e7\u00e3o em Sa\u00fade<\/td><td>&#8211;<\/td><td>&#8211;<\/td><\/tr><tr><td>Anestesiologia<\/td><td>84.50<\/td><td>83.00<\/td><\/tr><tr><td>Cirurgia Cardiovascular<\/td><td>80.40<\/td><td>85.00<\/td><\/tr><tr><td>Cirurgia da M\u00e3o<\/td><td>66.45<\/td><td>62.00<\/td><\/tr><tr><td>Cirurgia de Cabe\u00e7a e Pesco\u00e7o<\/td><td>80.30<\/td><td>68.00<\/td><\/tr><tr><td>Cirurgia do Aparelho Digestivo<\/td><td>81.60<\/td><td>72.00<\/td><\/tr><tr><td>Cirurgia Geral<\/td><td>84.50<\/td><td>79.00<\/td><\/tr><tr><td>Cirurgia Pedi\u00e1trica<\/td><td>76.30<\/td><td>58.00<\/td><\/tr><tr><td>Cirurgia Pl\u00e1stica<\/td><td>85.10<\/td><td>76.00<\/td><\/tr><tr><td>Cirurgia Tor\u00e1cica<\/td><td>69.35<\/td><td>68.00<\/td><\/tr><tr><td>Cirurgia Vascular<\/td><td>79.80<\/td><td>70.00<\/td><\/tr><tr><td>Cl\u00ednica M\u00e9dica<\/td><td>82.30<\/td><td>76.00<\/td><\/tr><tr><td>Coloproctologia<\/td><td>85.20<\/td><td>78.00<\/td><\/tr><tr><td>Dermatologia<\/td><td>84.80<\/td><td>84.00<\/td><\/tr><tr><td>Emerg\u00eancia Pedi\u00e1trica<\/td><td>&#8211;<\/td><td>&#8211;<\/td><\/tr><tr><td>Endocrinologia e Metabologia<\/td><td>87.05<\/td><td>96.00<\/td><\/tr><tr><td>Endocrinologia Pedi\u00e1trica<\/td><td>78.20<\/td><td>86.00<\/td><\/tr><tr><td>Endoscopia<\/td><td>67.15<\/td><td>66.00<\/td><\/tr><tr><td>Endoscopia Ginecol\u00f3gica<\/td><td>74.85<\/td><td>84.00<\/td><\/tr><tr><td>Gastroenterologia<\/td><td>77.30<\/td><td>88.00<\/td><\/tr><tr><td>Gastroenterologia Pedi\u00e1trica<\/td><td>78.30<\/td><td>64.00<\/td><\/tr><tr><td>Geriatria<\/td><td>73.45<\/td><td>82.00<\/td><\/tr><tr><td>Hematologia e Hemoterapia<\/td><td>75.80<\/td><td>82.00<\/td><\/tr><tr><td>Infectologia<\/td><td>76.45<\/td><td>77.00<\/td><\/tr><tr><td>Infectologia Pedi\u00e1trica<\/td><td>72.55<\/td><td>72.00<\/td><\/tr><tr><td>Mastologia<\/td><td>64.10<\/td><td>78.00<\/td><\/tr><tr><td>Medicina de Emerg\u00eancia<\/td><td>70.50<\/td><td>65.00<\/td><\/tr><tr><td>Medicina do Trabalho<\/td><td>70.80<\/td><td>75.90<\/td><\/tr><tr><td>Medicina Esportiva<\/td><td>82.60<\/td><td>78.00<\/td><\/tr><tr><td>Medicina F\u00edsica e Reabilita\u00e7\u00e3o<\/td><td>77.30<\/td><td>73.00<\/td><\/tr><tr><td>Medicina Intensiva<\/td><td>75.00<\/td><td>74.00<\/td><\/tr><tr><td>Medicina Intensiva Pedi\u00e1trica<\/td><td>73.10<\/td><td>74.00<\/td><\/tr><tr><td>Neonatologia<\/td><td>76.20<\/td><td>80.00<\/td><\/tr><tr><td>Neurocirurgia<\/td><td>88.60<\/td><td>81.00<\/td><\/tr><tr><td>Neurologia<\/td><td>84.60<\/td><td>85.00<\/td><\/tr><tr><td>Neurologia Pedi\u00e1trica<\/td><td>76.70<\/td><td>86.00<\/td><\/tr><tr><td>Neurorradiologia<\/td><td>&#8211;<\/td><td>&#8211;<\/td><\/tr><tr><td>Obstetr\u00edcia e Ginecologia<\/td><td>83.30<\/td><td>77.00<\/td><\/tr><tr><td>Oftalmologia<\/td><td>84.90<\/td><td>80.00<\/td><\/tr><tr><td>Oncologia Cl\u00ednica<\/td><td>66.75<\/td><td>66.00<\/td><\/tr><tr><td>Ortopedia e Traumatologia<\/td><td>79.90<\/td><td>77.00<\/td><\/tr><tr><td>Otorrinolaringologia<\/td><td>86.50<\/td><td>82.00<\/td><\/tr><tr><td>Patologia<\/td><td>86.40<\/td><td>&#8211;<\/td><\/tr><tr><td>Pediatria<\/td><td>77.30<\/td><td>77.00<\/td><\/tr><tr><td>Pneumologia<\/td><td>68.50<\/td><td>88.00<\/td><\/tr><tr><td>Psiquiatria<\/td><td>86.30<\/td><td>80.00<\/td><\/tr><tr><td>Radiologia e Diagn\u00f3stico por Imagem<\/td><td>82.20<\/td><td>76.00<\/td><\/tr><tr><td>Reumatologia<\/td><td>79.05<\/td><td>90.00<\/td><\/tr><tr><td>Reumatologia Pedi\u00e1trica<\/td><td>82.55<\/td><td>74.00<\/td><\/tr><tr><td>Urologia<\/td><td>83.45<\/td><td>76.00<\/td><\/tr><\/tbody><\/table><\/figure>\n\n\n\n<h3 class=\"wp-block-heading\" id=\"h-nota-de-corte-usp-rp\"><span class=\"ez-toc-section\" id=\"Nota_de_Corte_USP-RP\"><\/span><strong>Nota de Corte USP-RP <\/strong><span class=\"ez-toc-section-end\"><\/span><\/h3>\n\n\n\n<p>A <a href=\"https:\/\/www.grupomedcof.com.br\/blog\/edital-residencia-medica-usp-rp-2023-2024\/\">Faculdade de Medicina de Ribeir\u00e3o Preto da Universidade de S\u00e3o Paulo<\/a>, a FMRP-USP, ofertou 399 vagas para resid\u00eancia m\u00e9dica em que mais de 4 mil candidatos se inscreveram.<\/p>\n\n\n\n<figure class=\"wp-block-table\"><table class=\"has-fixed-layout\"><tbody><tr><td><strong>Especialidades<\/strong><\/td><td><strong>Nota de corte 2025<\/strong><\/td><td><strong>Nota de corte 2026 <\/strong><\/td><\/tr><tr><td>Anestesiologia<\/td><td>8,1<\/td><td>7,1<\/td><\/tr><tr><td>Cirurgia Cardiovascular<\/td><td>8<\/td><td>5,2<\/td><\/tr><tr><td>Cirurgia Geral<\/td><td>8,05<\/td><td>7,2<\/td><\/tr><tr><td>Cl\u00ednica M\u00e9dica<\/td><td>7,75<\/td><td>7,0<\/td><\/tr><tr><td>Dermatologia<\/td><td>7,76<\/td><td>7,5<\/td><\/tr><tr><td>Gen\u00e9tica M\u00e9dica<\/td><td>6,36<\/td><td>5,1<\/td><\/tr><tr><td>Ginecologia e Obstetr\u00edcia<\/td><td>7,96<\/td><td>7,2<\/td><\/tr><tr><td>Infectologia<\/td><td>6,84<\/td><td>5,0<\/td><\/tr><tr><td>Medicina de Emerg\u00eancia<\/td><td>7,17<\/td><td>5,1<\/td><\/tr><tr><td>Medicina F\u00edsica e Reabilita\u00e7\u00e3o<\/td><td>6,68<\/td><td>5,4<\/td><\/tr><tr><td>Medicina Intensiva<\/td><td>7,21<\/td><td>5,6<\/td><\/tr><tr><td>Medicina de Fam\u00edlia e Comunidade<\/td><td>6,74<\/td><td>5,1<\/td><\/tr><tr><td>Neurocirurgia<\/td><td>8,45<\/td><td>7,5<\/td><\/tr><tr><td>Neurologia<\/td><td>7,98<\/td><td>7,2<\/td><\/tr><tr><td>Oftalmologia<\/td><td>8,15<\/td><td>7,2<\/td><\/tr><tr><td>Ortopedia e Traumatologia<\/td><td>7,33<\/td><td>6,1<\/td><\/tr><tr><td>Otorrinolaringologia<\/td><td>8,05<\/td><td>7,4<\/td><\/tr><tr><td>Patologia<\/td><td>6,58<\/td><td>5,0<\/td><\/tr><tr><td>Pediatria<\/td><td>7,77<\/td><td>6,2<\/td><\/tr><tr><td>Psiquiatria<\/td><td>7,91<\/td><td>6,8<\/td><\/tr><tr><td>Radiologia e Diagn\u00f3stico por Imagem<\/td><td>7,75<\/td><td>6,6<\/td><\/tr><tr><td>Radioterapia<\/td><td>5,60<\/td><td>5,4<\/td><\/tr><\/tbody><\/table><\/figure>\n\n\n\n<h3 class=\"wp-block-heading\" id=\"h-nota-de-corte-unicamp\"><span class=\"ez-toc-section\" id=\"Nota_de_Corte_Unicamp\"><\/span><strong>Nota de Corte Unicamp<\/strong> <span class=\"ez-toc-section-end\"><\/span><\/h3>\n\n\n\n<p>A <a href=\"https:\/\/www.grupomedcof.com.br\/blog\/residencia-medica-unicamp-2023-confira-o-edital\/\">Universidade Estadual de Campinas<\/a> teve <strong><strong>5.259<\/strong><\/strong> <strong>candidatos inscritos<\/strong> e <strong>mais de 300 vagas ofertadas.<\/strong><\/p>\n\n\n\n<figure class=\"wp-block-table\"><table class=\"has-fixed-layout\"><tbody><tr><td><strong>Especialidade<\/strong><\/td><td><strong>Nota de corte 2025<\/strong><\/td><td><strong>Nota de corte 2026 <\/strong><\/td><\/tr><tr><td>ADMINISTRACAO EM SAUDE<\/td><td>7,9<\/td><td>7,0<\/td><\/tr><tr><td>ALERGIA E IMUNOLOGIA<\/td><td>5,74<\/td><td>7,43<\/td><\/tr><tr><td>ALERGIA E IMUNOLOGIA PEDI\u00c1TRICA<\/td><td>7,08<\/td><td>7,75<\/td><\/tr><tr><td>ANESTESIOLOGIA<\/td><td>6,63<\/td><td>7,20<\/td><\/tr><tr><td>ANGIORRADIOLOGIA E CIRURGIA ENDOVASCULAR<\/td><td>8,8<\/td><td>8,75<\/td><\/tr><tr><td>CARDIOLOGIA<\/td><td>7,47<\/td><td>7,43<\/td><\/tr><tr><td>CARDIOLOGIA PEDIATRICA<\/td><td>7,01<\/td><td>7,63<\/td><\/tr><tr><td>CIRURGIA BARIATRICA<\/td><td>\u2013<\/td><td>&#8211;<\/td><\/tr><tr><td>CIRURGIA CARDIOVASCULAR<\/td><td>7,52<\/td><td>&#8211;<\/td><\/tr><tr><td>CIRURGIA DA MAO<\/td><td>7,55<\/td><td>7,75<\/td><\/tr><tr><td>CIRURGIA DE CABECA E PESCOCO<\/td><td>7,12<\/td><td>7,13<\/td><\/tr><tr><td>CIRURGIA DO APARELHO DIGESTIVO<\/td><td>7,53<\/td><td>8,38<\/td><\/tr><tr><td>CIRURGIA DO TRAUMA<\/td><td>9,4<\/td><td>&#8211;<\/td><\/tr><tr><td>CIRURGIA GERAL<\/td><td>6,77<\/td><td>7,70<\/td><\/tr><tr><td>CIRURGIA GERAL \u2013 PROGRAMA AVAN\u00c7ADO<\/td><td>\u2013<\/td><td>&#8211;<\/td><\/tr><tr><td>CIRURGIA PEDIATRICA<\/td><td>7,93<\/td><td>8,38<\/td><\/tr><tr><td>CIRURGIA PLASTICA<\/td><td>8,65<\/td><td>9,50<\/td><\/tr><tr><td>CIRURGIA TORACICA<\/td><td>7,14<\/td><td>8,00<\/td><\/tr><tr><td>CIRURGIA VASCULAR<\/td><td>8,1<\/td><td>8,50<\/td><\/tr><tr><td>CL\u00cdNICA M\u00c9DICA<\/td><td>6,52<\/td><td>7,30<\/td><\/tr><tr><td>CLINICA MEDICA (R3)<\/td><td>5,51<\/td><td>&#8211;<\/td><\/tr><tr><td>COLOPROCTOLOGIA<\/td><td>8,32<\/td><td>7,75<\/td><\/tr><tr><td>DERMATOLOGIA<\/td><td>7,01<\/td><td>7,50<\/td><\/tr><tr><td>EMERGENCIA PEDI\u00c1TRICA<\/td><td>6,84<\/td><td>6,63<\/td><\/tr><tr><td>ENDOCRINOLOGIA E METABOLOGIA<\/td><td>8,26<\/td><td>9,14<\/td><\/tr><tr><td>ENDOCRINOLOGIA PEDIATRICA<\/td><td>7,99<\/td><td>8,63<\/td><\/tr><tr><td>ENDOSCOPIA<\/td><td>6,35<\/td><td>8,25<\/td><\/tr><tr><td>ENDOSCOPIA DIGESTIVA<\/td><td>7,35<\/td><td>8,25<\/td><\/tr><tr><td>ENDOSCOPIA GINECOLOGICA<\/td><td>10<\/td><td>10,00<\/td><\/tr><tr><td>GASTROENTEROLOGIA<\/td><td>7,99<\/td><td>7,86<\/td><\/tr><tr><td>GASTROENTEROLOGIA PEDIATRICA<\/td><td>7,15<\/td><td>6,13<\/td><\/tr><tr><td>GEN\u00c9TICA M\u00c9DICA<\/td><td>5,63<\/td><td>5,60<\/td><\/tr><tr><td>GERIATRIA<\/td><td>6,87<\/td><td>7,57<\/td><\/tr><tr><td>HANSENOLOGIA<\/td><td>\u2013<\/td><td>&#8211;<\/td><\/tr><tr><td>HEMATOLOGIA E HEMOTERAPIA<\/td><td>8,06<\/td><td>8,00<\/td><\/tr><tr><td>HEMATOLOGIA E HEMOTERAPIA PEDI\u00c1TRICA<\/td><td>6,01<\/td><td>7,50<\/td><\/tr><tr><td>HEMODINAMICA E CARDIOLOGIA INTERVENCIONISTA<\/td><td>8,75<\/td><td>7,00<\/td><\/tr><tr><td>HEPATOLOGIA<\/td><td>6,15<\/td><td>7,00<\/td><\/tr><tr><td>INFECTOLOGIA<\/td><td>5,45<\/td><td>6,40<\/td><\/tr><tr><td>INFECTOLOGIA HOSPITALAR<\/td><td>\u2013<\/td><td>8,25<\/td><\/tr><tr><td>MASTOLOGIA<\/td><td>8,7<\/td><td>8,45<\/td><\/tr><tr><td>MEDICINA DE EMERG\u00caNCIA<\/td><td>5,4<\/td><td>6,40<\/td><\/tr><tr><td>MEDICINA DE FAM\u00cdLIA E COMUNIDADE<\/td><td>5,24<\/td><td>6,30<\/td><\/tr><tr><td>MEDICINA DO ADOLESCENTE<\/td><td>5,76<\/td><td>8,25<\/td><\/tr><tr><td>MEDICINA DO TRABALHO<\/td><td>5,3<\/td><td>5,40<\/td><\/tr><tr><td>MEDICINA FETAL<\/td><td>9,5<\/td><td>9,75<\/td><\/tr><tr><td>MEDICINA INTENSIVA<\/td><td>5,43<\/td><td>5,90<\/td><\/tr><tr><td>MEDICINA INTENSIVA PEDIATRICA<\/td><td>6,95<\/td><td>7,75<\/td><\/tr><tr><td>MEDICINA NUCLEAR<\/td><td>4,95<\/td><td>6,00<\/td><\/tr><tr><td>MEDICINA PREVENTIVA E SOCIAL<\/td><td>4,8<\/td><td>5,00<\/td><\/tr><tr><td>NEFROLOGIA<\/td><td>6,73<\/td><td>8,25<\/td><\/tr><tr><td>NEFROLOGIA PEDIATRICA<\/td><td>5,66<\/td><td>8,25<\/td><\/tr><tr><td>NEONATOLOGIA<\/td><td>7<\/td><td>7,25<\/td><\/tr><tr><td>NEUROCIRURGIA<\/td><td>6,95<\/td><td>7,80<\/td><\/tr><tr><td>NEUROFISIOLOGIA CLINICA<\/td><td>\u2013<\/td><td>9,00<\/td><\/tr><tr><td>NEUROLOGIA<\/td><td>7,03<\/td><td>7,70<\/td><\/tr><tr><td>NEUROLOGIA PEDIATRICA<\/td><td>8,24<\/td><td>8,50<\/td><\/tr><tr><td>OBSTETR\u00cdCIA E GINECOLOGIA<\/td><td>6,75<\/td><td>7,50<\/td><\/tr><tr><td>OFTALMOLOGIA<\/td><td>6,76<\/td><td>7,80<\/td><\/tr><tr><td>ONCOLOGIA CLINICA<\/td><td>7,16<\/td><td>7,57<\/td><\/tr><tr><td>ONCOLOGIA PEDIATRICA<\/td><td>5,7<\/td><td>5,63<\/td><\/tr><tr><td>ORTOPEDIA E TRAUMATOLOGIA<\/td><td>5,64<\/td><td>7,20<\/td><\/tr><tr><td>OTORRINOLARINGOLOGIA<\/td><td>6,74<\/td><td>7,50<\/td><\/tr><tr><td>PATOLOGIA<\/td><td>5,75<\/td><td>6,60<\/td><\/tr><tr><td>PATOLOGIA CL\u00cdNICA\/MEDICINA LABORATORIAL<\/td><td>5,39<\/td><td>&#8211;<\/td><\/tr><tr><td>PEDIATRIA<\/td><td>6,29<\/td><td>6,60<\/td><\/tr><tr><td>PNEUMOLOGIA<\/td><td>6,47<\/td><td>7,14<\/td><\/tr><tr><td>PNEUMOLOGIA PEDIATRICA<\/td><td>7,39<\/td><td>7,38<\/td><\/tr><tr><td>PSICOGERIATRIA<\/td><td>6,65<\/td><td>9,25<\/td><\/tr><tr><td>PSIQUIATRIA<\/td><td>6,7<\/td><td>7,70<\/td><\/tr><tr><td>PSIQUIATRIA DA INFANCIA E DA ADOLESC\u00caNCIA<\/td><td>7,95<\/td><td>8,50<\/td><\/tr><tr><td>RADIOLOGIA E DIAGN\u00d3STICO POR IMAGEM<\/td><td>6,41<\/td><td>7,50<\/td><\/tr><tr><td>RADIOTERAPIA<\/td><td>5<\/td><td>6,00<\/td><\/tr><tr><td>REUMATOLOGIA<\/td><td>7,71<\/td><td>7,86<\/td><\/tr><tr><td>REUMATOLOGIA PEDIATRICA<\/td><td>5,77<\/td><td>5,75<\/td><\/tr><tr><td>TRANSPLANTE DE CORNEA<\/td><td>9,09<\/td><td>8,00<\/td><\/tr><tr><td>TRANSPLANTE DE F\u00cdGADO<\/td><td>9,85<\/td><td>10,00<\/td><\/tr><tr><td>TRANSPLANTE DE MEDULA \u00d3SSEA<\/td><td>7,85<\/td><td>9,00<\/td><\/tr><tr><td>TRANSPLANTE DE RIM \u2013 NEFROLOGIA<\/td><td>6,4<\/td><td>6,00<\/td><\/tr><tr><td>TRANSPLANTE DE RIM \u2013 UROLOGIA<\/td><td>\u2013<\/td><td>6,00<\/td><\/tr><tr><td>ULTRASSONOGRAFIA EM GINECOLOGIA E OBSTETR\u00cdCIA<\/td><td>5,25<\/td><td>9,50<\/td><\/tr><tr><td>UROLOGIA<\/td><td>8,27<\/td><td>9,13<\/td><\/tr><\/tbody><\/table><\/figure>\n\n\n\n<h3 class=\"wp-block-heading\" id=\"h-nota-de-corte-famema\"><span class=\"ez-toc-section\" id=\"Nota_de_Corte_FAMEMA\"><\/span><strong>Nota de Corte FAMEMA <\/strong><span class=\"ez-toc-section-end\"><\/span><\/h3>\n\n\n\n<p>A <strong><a href=\"https:\/\/www.grupomedcof.com.br\/blog\/edital-residencia-medica-famema\/\" target=\"_blank\" rel=\"noreferrer noopener\">Faculdade de Medicina de Mar\u00edlia (FAMEMA<\/a>)<\/strong> ofertou 105 vagas para resid\u00eancia m\u00e9dica.<\/p>\n\n\n\n<figure class=\"wp-block-table\"><table class=\"has-fixed-layout\"><tbody><tr><td><strong>Especialidades<\/strong><\/td><td><strong>Nota de corte 2025<\/strong><\/td><td><strong>Nota de corte 2026 <\/strong><\/td><\/tr><tr><td>Anestesiologia<\/td><td>82,00<\/td><td>90,00<\/td><\/tr><tr><td>Angiorradiologia e Cirurgia Endovascular<\/td><td>33,00<\/td><td>&#8211;<\/td><\/tr><tr><td>Cardiologia<\/td><td>37,00<\/td><td>50,00<\/td><\/tr><tr><td>Cirurgia de Cabe\u00e7a e Pesco\u00e7o<\/td><td><\/td><td>&#8211;<\/td><\/tr><tr><td>Cirurgia do Aparelho Digestivo<\/td><td>41,00<\/td><td>35,00<\/td><\/tr><tr><td>Cirurgia Geral<\/td><td>79,00<\/td><td>89,00<\/td><\/tr><tr><td>Cirurgia Pl\u00e1stica<\/td><td>88,00<\/td><td>46,00<\/td><\/tr><tr><td>Cirurgia Vascular<\/td><td>44,00<\/td><td>37,00<\/td><\/tr><tr><td>Cl\u00ednica M\u00e9dica<\/td><td>79,00<\/td><td>87,00<\/td><\/tr><tr><td>Dermatologia<\/td><td>84,00<\/td><td>92,00<\/td><\/tr><tr><td>Endocrinologia e Metabologia<\/td><td>41,00<\/td><td>49,00<\/td><\/tr><tr><td>Geriatria<\/td><td>38,00<\/td><td>47,00<\/td><\/tr><tr><td>Ginecologia e Obstetr\u00edcia<\/td><td>78,00<\/td><td>88,00<\/td><\/tr><tr><td>Hematologia e Hemoterapia<\/td><td>35,00<\/td><td>47,00<\/td><\/tr><tr><td>Infectologia<\/td><td>73,00<\/td><td>77,00<\/td><\/tr><tr><td>Medicina de Emerg\u00eancia<\/td><td>71,00<\/td><td>83,00<\/td><\/tr><tr><td>Medicina de Fam\u00edlia e Comunidade<\/td><td>59,00<\/td><td>77,00<\/td><\/tr><tr><td>Medicina F\u00edsica e Reabilita\u00e7\u00e3o<\/td><td>63,00<\/td><td>81,00<\/td><\/tr><tr><td>Medicina Intensiva<\/td><td>74,00<\/td><td>84,00<\/td><\/tr><tr><td>Medicina Intensiva Pedi\u00e1trica<\/td><td>&#8211;<\/td><td>34,00<\/td><\/tr><tr><td>Neurocirurgia<\/td><td>&#8211;<\/td><td>&#8211;<\/td><\/tr><tr><td>Neurologia<\/td><td>82,00<\/td><td>90,00<\/td><\/tr><tr><td>Oftalmologia<\/td><td>82,00<\/td><td>83,00<\/td><\/tr><tr><td>Oncologia Pedi\u00e1trica<\/td><td>20,00<\/td><td>30,00<\/td><\/tr><tr><td>Ortopedia e Traumatologia<\/td><td>70,00<\/td><td>84,00<\/td><\/tr><tr><td>Otorrinolaringologia<\/td><td>84,00<\/td><td>89,00<\/td><\/tr><tr><td>Pediatria<\/td><td>75,00<\/td><td>87,00<\/td><\/tr><tr><td>Psiquiatria<\/td><td>82,00<\/td><td>83,00<\/td><\/tr><tr><td>Radiologia e Diagn\u00f3stico por Imagem<\/td><td>80,00<\/td><td>81,00<\/td><\/tr><tr><td>Reumatologia<\/td><td>39,00<\/td><td>49,00<\/td><\/tr><tr><td>Urologia<\/td><td>45,00<\/td><td>41,00<\/td><\/tr><\/tbody><\/table><\/figure>\n\n\n\n<h3 class=\"wp-block-heading\" id=\"h-nota-de-corte-einstein\"><span class=\"ez-toc-section\" id=\"Nota_de_corte_Einstein\"><\/span><strong>Nota de corte Einstein<\/strong><span class=\"ez-toc-section-end\"><\/span><\/h3>\n\n\n\n<p>Nesta edi\u00e7\u00e3o, o <a href=\"https:\/\/www.grupomedcof.com.br\/blog\/residencia-medica-hiae\/\" target=\"_blank\" rel=\"noreferrer noopener\">HIAE<\/a> ofertou <strong>110 vagas <\/strong>para resid\u00eancia m\u00e9dica contando com <strong><strong>5.111<\/strong><\/strong>&nbsp;<strong>candidatos<\/strong>&nbsp;inscritos no processo seletivo.<\/p>\n\n\n\n<figure class=\"wp-block-table\"><table class=\"has-fixed-layout\"><tbody><tr><td><strong>Especialidades<\/strong><\/td><td><strong>Nota de Corte 2025<\/strong><\/td><td><strong>Nota de corte 2026<\/strong><\/td><\/tr><tr><td>Anestesiologia<\/td><td>77,33<\/td><td>74,67<\/td><\/tr><tr><td>Cardiologia<\/td><td>80<\/td><td>70,00<\/td><\/tr><tr><td>Cirurgia da M\u00e3o<\/td><td>\u2013<\/td><td>56,00<\/td><\/tr><tr><td>Cirurgia Geral<\/td><td>80<\/td><td>74,67<\/td><\/tr><tr><td>Cl\u00ednica M\u00e9dica<\/td><td>77,33<\/td><td>73,33<\/td><\/tr><tr><td>Geriatria<\/td><td>74<\/td><td>64,00<\/td><\/tr><tr><td>Ginecologia e Obstetr\u00edcia<\/td><td>77,33<\/td><td>72,00<\/td><\/tr><tr><td>Hematologia e Hemoterapia<\/td><td>78<\/td><td>70,00<\/td><\/tr><tr><td>Medicina de Emerg\u00eancia<\/td><td>56<\/td><td>60,00<\/td><\/tr><tr><td>Medicina de Fam\u00edlia e Comunidade<\/td><td>52<\/td><td>50,67<\/td><\/tr><tr><td>Medicina Intensiva<\/td><td>61,33<\/td><td>58,67<\/td><\/tr><tr><td>Medicina Intensiva Pedi\u00e1trica<\/td><td>54<\/td><td>58,00<\/td><\/tr><tr><td>Nefrologia<\/td><td>62<\/td><td>54,00<\/td><\/tr><tr><td>Neonatologia<\/td><td>58<\/td><td>56,00<\/td><\/tr><tr><td>Neurologia<\/td><td>78,67<\/td><td>73,33<\/td><\/tr><tr><td>Oncologia Cl\u00ednica<\/td><td>74<\/td><td>66,00<\/td><\/tr><tr><td>Ortopedia e Traumatologia<\/td><td>70,67<\/td><td>70,67<\/td><\/tr><tr><td>Patologia Cl\u00ednica \/ Medicina Laboratorial<\/td><td>50,67<\/td><td>53,33<\/td><\/tr><tr><td>Pediatria<\/td><td>68<\/td><td>65,33<\/td><\/tr><tr><td>Psiquiatria<\/td><td>77,33<\/td><td>73,33<\/td><\/tr><tr><td>Radiologia e Diagn\u00f3stico por Imagem<\/td><td>72<\/td><td>70,67<\/td><\/tr><tr><td>Transplante de Medula \u00d3ssea<\/td><td>74<\/td><td>76,00<\/td><\/tr><tr><td>Urologia<\/td><td>80<\/td><td>72,00<\/td><\/tr><\/tbody><\/table><\/figure>\n\n\n\n<h3 class=\"wp-block-heading\" id=\"h-nota-de-corte-iamspe\"><span class=\"ez-toc-section\" id=\"Nota_de_Corte_IAMSPE\"><\/span><strong>Nota de Corte IAMSPE <\/strong><span class=\"ez-toc-section-end\"><\/span><\/h3>\n\n\n\n<p>A prova de resid\u00eancia m\u00e9dica do <a href=\"https:\/\/www.grupomedcof.com.br\/blog\/residencia-medica-iamspe\/\">Instituto de Assist\u00eancia M\u00e9dica ao Servidor P\u00fablico Estadual<\/a> (IAMSPE) foi aplicada em 20 de dezembro. Compare as notas de corte dos \u00faltimos anos:<\/p>\n\n\n\n<figure class=\"wp-block-table\"><table class=\"has-fixed-layout\"><tbody><tr><td><strong>Especialidade<\/strong><\/td><td><strong>Nota de corte 2025<\/strong><\/td><td><strong>Nota de corte 2026 <\/strong><\/td><\/tr><tr><td>Alergia e Imunologia<\/td><td>&#8211;<\/td><td>8,16<\/td><\/tr><tr><td>Alergia e Imunologia Pedi\u00e1trica<\/td><td>6,8<\/td><td>7,48<\/td><\/tr><tr><td>Anestesiologia<\/td><td>7,9<\/td><td>8,70<\/td><\/tr><tr><td>Angiorradiologia e Cirurgia Endovascular<\/td><td>6,8<\/td><td>6,97<\/td><\/tr><tr><td>Cardiologia<\/td><td>6,29<\/td><td>8,16<\/td><\/tr><tr><td>Cirurgia de Cabe\u00e7a e Pesco\u00e7o<\/td><td>7,82<\/td><td>&#8211;<\/td><\/tr><tr><td>Cirurgia do Aparelho Digestivo<\/td><td>6,97<\/td><td>8,50<\/td><\/tr><tr><td>Cirurgia Geral<\/td><td>7,8<\/td><td>8,60<\/td><\/tr><tr><td>Cirurgia Geral \u2013 Programa Avan\u00e7ado<\/td><td>&#8211;<\/td><td>6,63<\/td><\/tr><tr><td>Cirurgia Pedi\u00e1trica<\/td><td>7,82<\/td><td>8,16<\/td><\/tr><tr><td>Cirurgia Pl\u00e1stica<\/td><td>7,14<\/td><td>9,18<\/td><\/tr><tr><td>Cirurgia Tor\u00e1cica<\/td><td>5,44<\/td><td>&#8211;<\/td><\/tr><tr><td>Cirurgia Vascular<\/td><td>6,8<\/td><td>8,33<\/td><\/tr><tr><td>Cl\u00ednica M\u00e9dica<\/td><td>7,5<\/td><td>8,40<\/td><\/tr><tr><td>Dermatologia<\/td><td>7,9<\/td><td>9,00<\/td><\/tr><tr><td>Ecocardiografia<\/td><td>7,48<\/td><td>7,82<\/td><\/tr><tr><td>Endocrinologia e Metabologia<\/td><td>7,48<\/td><td>9,01<\/td><\/tr><tr><td>Endoscopia<\/td><td>6,63<\/td><td>8,50<\/td><\/tr><tr><td>Gastroenterologia<\/td><td>6,8<\/td><td>9,01<\/td><\/tr><tr><td>Geriatria<\/td><td>6,46<\/td><td>8,50<\/td><\/tr><tr><td>Ginecologia e Obstetr\u00edcia<\/td><td>7,7<\/td><td>8,40<\/td><\/tr><tr><td>Hematologia e Hemoterapia<\/td><td>6,97<\/td><td>8,50<\/td><\/tr><tr><td>Hemodin\u00e2mica e Cardiologia Intervencionista<\/td><td>7,65<\/td><td>8,33<\/td><\/tr><tr><td>Infectologia<\/td><td>7,2<\/td><td>7,90<\/td><\/tr><tr><td>Infectologia Hospitalar<\/td><td>6,63<\/td><td>8,50<\/td><\/tr><tr><td>Mastologia<\/td><td>6,46<\/td><td>6,80<\/td><\/tr><tr><td>Medicina Esportiva<\/td><td>7,5<\/td><td>8,30<\/td><\/tr><tr><td>Medicina F\u00edsica e Reabilita\u00e7\u00e3o<\/td><td>7<\/td><td>7,80<\/td><\/tr><tr><td>Medicina Intensiva<\/td><td>7,4<\/td><td>7,90<\/td><\/tr><tr><td>Medicina Paliativa<\/td><td>5,95<\/td><td>6,02<\/td><\/tr><tr><td>Nefrologia<\/td><td>6,29<\/td><td>7,99<\/td><\/tr><tr><td>Neurocirurgia<\/td><td>8<\/td><td>8,90<\/td><\/tr><tr><td>Neurologia<\/td><td>7,6<\/td><td>8,50<\/td><\/tr><tr><td>Oftalmologia<\/td><td>7,9<\/td><td>8,60<\/td><\/tr><tr><td>Oncologia Cl\u00ednica<\/td><td>6,46<\/td><td>7,99<\/td><\/tr><tr><td>Ortopedia e Traumatologia<\/td><td>7,3<\/td><td>8,30<\/td><\/tr><tr><td>Otorrinolaringologia<\/td><td>7,8<\/td><td>8,70<\/td><\/tr><tr><td>Patologia<\/td><td>7,6<\/td><td>8,60<\/td><\/tr><tr><td>Pediatria<\/td><td>7,3<\/td><td>8,00<\/td><\/tr><tr><td>Pneumologia<\/td><td>6,63<\/td><td>8,33<\/td><\/tr><tr><td>Psiquiatria<\/td><td>7,9<\/td><td>8,70<\/td><\/tr><tr><td>Radiologia e Diagn\u00f3stico por Imagem<\/td><td>7,6<\/td><td>8,30<\/td><\/tr><tr><td>Radioterapia<\/td><td>6,9<\/td><td>7,90<\/td><\/tr><tr><td>Reumatologia<\/td><td>7,31<\/td><td>8,84<\/td><\/tr><tr><td>Urologia<\/td><td>7,48<\/td><td>9,01<\/td><\/tr><\/tbody><\/table><\/figure>\n\n\n\n<h3 class=\"wp-block-heading\" id=\"h-nota-de-corte-fmabc\"><span class=\"ez-toc-section\" id=\"Nota_de_Corte_FMABC\"><\/span><strong>Nota de Corte FMABC<\/strong> <span class=\"ez-toc-section-end\"><\/span><\/h3>\n\n\n\n<p>Ofertando 232 vagas, a <a href=\"https:\/\/www.grupomedcof.com.br\/blog\/residencia-medica-fmabc\/\">Faculdade de Medicina do ABC<\/a> conta com <strong>5.390 candidatos<\/strong>. <\/p>\n\n\n\n<figure class=\"wp-block-table\"><table class=\"has-fixed-layout\"><tbody><tr><td><strong>Especialidade<\/strong><\/td><td><strong>Nota de corte 2025<\/strong><\/td><td><strong>Nota de corte 2026 <\/strong><\/td><\/tr><tr><td>Alergia Imunologia Pedi\u00e1trica<\/td><td>&#8211;<\/td><td>75,60<\/td><\/tr><tr><td>Anestesiologia<\/td><td>85.20<\/td><td>77,40<\/td><\/tr><tr><td>Angiorradiologia e Cirurgia Endovascular<\/td><td>&#8211;<\/td><td>61,20<\/td><\/tr><tr><td>Cardiologia<\/td><td>85.80<\/td><td>70,20<\/td><\/tr><tr><td>Cirurgia Aparelho Digestivo<\/td><td>82.60<\/td><td>81,00<\/td><\/tr><tr><td>Cirurgia Cardiovascular<\/td><td>80.80<\/td><td>78,30<\/td><\/tr><tr><td>Cirurgia da M\u00e3o<\/td><td>73.37<\/td><td>82,80<\/td><\/tr><tr><td>Cirurgia de Cabe\u00e7a e Pesco\u00e7o<\/td><td>72.40<\/td><td>57,60<\/td><\/tr><tr><td>Cirurgia Geral<\/td><td>86.50<\/td><td>81,00<\/td><\/tr><tr><td>Cirurgia Pediatrica<\/td><td>85.90<\/td><td>79,20<\/td><\/tr><tr><td>Cirurgia Pl\u00e1stica<\/td><td>88.70<\/td><td>82,80<\/td><\/tr><tr><td>Cirurgia Vascular<\/td><td>80.80<\/td><td>77,40<\/td><\/tr><tr><td>Cl\u00ednica M\u00e9dica<\/td><td>84.00<\/td><td>80,10<\/td><\/tr><tr><td>Coloproctologia<\/td><td>88.70<\/td><td>86,40<\/td><\/tr><tr><td>Endocrinologia<\/td><td>92.30<\/td><td>72,00<\/td><\/tr><tr><td>Endoscopia<\/td><td>74.47<\/td><td>70,20<\/td><\/tr><tr><td>Gastroenterologia<\/td><td>91.00<\/td><td>73,80<\/td><\/tr><tr><td>Infectologia<\/td><td>83.90<\/td><td>73,80<\/td><\/tr><tr><td>Mastologia<\/td><td>80.10<\/td><td>75,60<\/td><\/tr><tr><td>Medicina de Fam\u00edlia e Comunidade<\/td><td>64<\/td><td>75,60<\/td><\/tr><tr><td>Medicina do Adolescente<\/td><td>82.40<\/td><td>68,40<\/td><\/tr><tr><td>Medicina do Trabalho<\/td><td>75.60<\/td><td>74,70<\/td><\/tr><tr><td>Nefrologia<\/td><td>83.50<\/td><td>72,00<\/td><\/tr><tr><td>Neonatologia<\/td><td>71.10<\/td><td>68,40<\/td><\/tr><tr><td>Neurocirurgia<\/td><td>93.40<\/td><td>82,80<\/td><\/tr><tr><td>Neurologia<\/td><td>86.10<\/td><td>80,10<\/td><\/tr><tr><td>Neurologia Pedi\u00e1trica<\/td><td>83.60<\/td><td>77,40<\/td><\/tr><tr><td>Obstetr\u00edcia e Ginecologia<\/td><td>84.80<\/td><td>80,10<\/td><\/tr><tr><td>Oftalmologia<\/td><td>87.10<\/td><td>81,90<\/td><\/tr><tr><td>Ortopedia e Traumatologia<\/td><td>87.10<\/td><td>76,50<\/td><\/tr><tr><td>Otorrinolaringologia<\/td><td>89.40<\/td><td>84,60<\/td><\/tr><tr><td>Pediatria<\/td><td>80.70<\/td><td>79,20<\/td><\/tr><tr><td>Pneumologia<\/td><td>82.90<\/td><td>70,20<\/td><\/tr><tr><td>Psiquiatria<\/td><td>86.00<\/td><td>82,80<\/td><\/tr><tr><td>Radiologia e Diagn\u00f3stico por Imagem<\/td><td>88.40<\/td><td>78,30<\/td><\/tr><tr><td>Urologia<\/td><td>87.00<\/td><td>86,40<\/td><\/tr><\/tbody><\/table><\/figure>\n\n\n\n<h3 class=\"wp-block-heading\" id=\"h-nota-de-corte-puc-sp\"><span class=\"ez-toc-section\" id=\"Nota_de_corte_PUC-SP\"><\/span><strong>Nota de corte PUC-SP <\/strong><span class=\"ez-toc-section-end\"><\/span><\/h3>\n\n\n\n<p>Confira nota de corte de resid\u00eancia m\u00e9dica da Faculdade de Ci\u00eancias M\u00e9dicas e da Sa\u00fade \u2013 <a href=\"https:\/\/www.grupomedcof.com.br\/blog\/residencia-medica-puc-sp\/\">Pontif\u00edcia Universidade Cat\u00f3lica de S\u00e3o Paulo<\/a>:<\/p>\n\n\n\n<figure class=\"wp-block-table\"><table class=\"has-fixed-layout\"><tbody><tr><td><strong>Especialidades<\/strong><\/td><td><strong>Nota de corte 2025<\/strong><\/td><td><strong>Nota de corte 2026 <\/strong><\/td><\/tr><tr><td>Anestesiologia<\/td><td>76,07<\/td><td>74,50<\/td><\/tr><tr><td>Cirurgia da M\u00e3o<\/td><td>69,13<\/td><td>75,63<\/td><\/tr><tr><td>Cirurgia do Trauma<\/td><td>51,55<\/td><td>&#8211;<\/td><\/tr><tr><td>Cirurgia Geral<\/td><td>75,63<\/td><td>73,60<\/td><\/tr><tr><td>Cirurgia Pl\u00e1stica<\/td><td>73,17<\/td><td>74,80<\/td><\/tr><tr><td>Cirurgia Vascular<\/td><td>68,13<\/td><td>61,03<\/td><\/tr><tr><td>Cl\u00ednica M\u00e9dica<\/td><td>74,8<\/td><td>69,31<\/td><\/tr><tr><td>Dermatologia<\/td><td>84,53<\/td><td>77,36<\/td><\/tr><tr><td>Endocrinologia e Metabologia<\/td><td>81,52<\/td><td>85,13<\/td><\/tr><tr><td>Hematologia e Hemoterapia<\/td><td>67,85<\/td><td>77,31<\/td><\/tr><tr><td>Infectologia<\/td><td>70,28<\/td><td>62,10<\/td><\/tr><tr><td>Medicina de Fam\u00edlia e Comunidade<\/td><td>67,47<\/td><td>72,53<\/td><\/tr><tr><td>Nefrologia<\/td><td>74,12<\/td><td>73,16<\/td><\/tr><tr><td>Neonatologia<\/td><td>81,15<\/td><td>74,96<\/td><\/tr><tr><td>Obstetr\u00edcia e Ginecologia<\/td><td>76,08<\/td><td>71,60<\/td><\/tr><tr><td>Oncologia Cl\u00ednica<\/td><td>65,83<\/td><td>72,10<\/td><\/tr><tr><td>Ortopedia e Traumatologia<\/td><td>66,32<\/td><td>68,26<\/td><\/tr><tr><td>Otorrinolaringologia<\/td><td>82,17<\/td><td>76,00<\/td><\/tr><tr><td>Pediatria<\/td><td>71,43<\/td><td>68,33<\/td><\/tr><tr><td>Pneumologia<\/td><td>74,67<\/td><td>80,16<\/td><\/tr><tr><td>Psiquiatria<\/td><td>76,83<\/td><td>75,50<\/td><\/tr><tr><td>Radiologia e Diagn\u00f3stico por Imagem<\/td><td>&#8211;<\/td><td>73,33<\/td><\/tr><tr><td>Reumatologia<\/td><td>&#8211;<\/td><td>75,26<\/td><\/tr><tr><td>Urologia<\/td><td>&#8211;<\/td><td>68,46<\/td><\/tr><\/tbody><\/table><\/figure>\n\n\n\n<h3 class=\"wp-block-heading\" id=\"h-nota-de-corte-sirio-libanes\"><span class=\"ez-toc-section\" id=\"Nota_de_Corte_Sirio-Libanes\"><\/span><strong>Nota de Corte S\u00edrio-Liban\u00eas<\/strong><span class=\"ez-toc-section-end\"><\/span><\/h3>\n\n\n\n<p>O <a href=\"https:\/\/www.grupomedcof.com.br\/blog\/edital-residencia-medica-hospital-sirio-libanes-hsl\/\" target=\"_blank\" rel=\"noreferrer noopener\">processo seletivo do HSL <\/a>contou com <strong><strong>3.026<\/strong>&nbsp;candidatos inscritos<\/strong> concorrendo a 79 vagas. <\/p>\n\n\n\n<figure class=\"wp-block-table\"><table class=\"has-fixed-layout\"><tbody><tr><td><strong>Especialidades<\/strong><\/td><td><strong>Nota de Corte 2025<\/strong><\/td><td><strong>Nota de corte 2026 <\/strong><\/td><\/tr><tr><td>Administra\u00e7\u00e3o em Sa\u00fade<\/td><td>78,00<\/td><td>85,00<\/td><\/tr><tr><td>Anestesiologia<\/td><td>88,66<\/td><td>69,80<\/td><\/tr><tr><td>Cardiologia<\/td><td>78,51<\/td><td>69,42<\/td><\/tr><tr><td>Cl\u00ednica M\u00e9dica<\/td><td>891.88<\/td><td>&#8211;<\/td><\/tr><tr><td>Cirurgia Geral<\/td><td>&#8211;<\/td><td>82,84<\/td><\/tr><tr><td>Dermatologia<\/td><td>89,53<\/td><td>81,84<\/td><\/tr><tr><td>Dor<\/td><td>73,41<\/td><td>72,00<\/td><\/tr><tr><td>Endoscopia<\/td><td>67,78<\/td><td>69,14<\/td><\/tr><tr><td>Endoscopia Digestiva<\/td><td>\u2013<\/td><td>&#8211;<\/td><\/tr><tr><td>Ergometria<\/td><td>89,20<\/td><td>85,00<\/td><\/tr><tr><td>Ginecologia e Obstetr\u00edcia<\/td><td>&#8211;<\/td><td>78,68<\/td><\/tr><tr><td>Mastologia<\/td><td>70,48<\/td><td>87,42<\/td><\/tr><tr><td>Medicina de Fam\u00edlia e Comunidade<\/td><td>82,44<\/td><td>69,56<\/td><\/tr><tr><td>Medicina Intensiva<\/td><td>85,80<\/td><td>77,00<\/td><\/tr><tr><td>Neurologia<\/td><td>89,20<\/td><td>74,52<\/td><\/tr><tr><td>Oncologia Cl\u00ednica (S\u00e3o Paulo)<\/td><td>82,99<\/td><td>76,53<\/td><\/tr><tr><td>Oncologia Cl\u00ednica (Bras\u00edlia)<\/td><td>74,06<\/td><td>76,23<\/td><\/tr><tr><td>Pediatria<\/td><td>85,68<\/td><td>76,96<\/td><\/tr><tr><td>Radiologia e Diagn\u00f3stico por Imagem<\/td><td>87,02<\/td><td>80,72<\/td><\/tr><tr><td>Radioterapia<\/td><td>79,40<\/td><td>71,60<\/td><\/tr><tr><td>Radioterapia (Bras\u00edlia)<\/td><td>60,40<\/td><td>71,92<\/td><\/tr><tr><td>Transplante de Medula \u00d3ssea<\/td><td>76,59<\/td><td>88,00<\/td><\/tr><tr><td>Transplante de Medula \u00d3ssea (Bras\u00edlia)<\/td><td>74,82<\/td><td>80,00<\/td><\/tr><\/tbody><\/table><\/figure>\n\n\n\n<h3 class=\"wp-block-heading\" id=\"h-nota-de-corte-fmj\"><span class=\"ez-toc-section\" id=\"Nota_de_Corte_FMJ\"><\/span><strong>Nota de Corte FMJ<\/strong><span class=\"ez-toc-section-end\"><\/span><\/h3>\n\n\n\n<p>Nesta edi\u00e7\u00e3o, a <a href=\"https:\/\/www.grupomedcof.com.br\/blog\/edital-residencia-medica-fmj\/\" target=\"_blank\" rel=\"noreferrer noopener\">FMJ<\/a> obteve&nbsp;<strong><strong>1.393<\/strong>&nbsp;candidatos inscritos<\/strong>&nbsp;no processo seletivo, contando com&nbsp;<strong><strong>70<\/strong>&nbsp;vagas<\/strong>&nbsp;ofertadas.<\/p>\n\n\n\n<figure class=\"wp-block-table\"><table class=\"has-fixed-layout\"><tbody><tr><td><strong>Especialidades<\/strong><\/td><td><strong>Nota de corte 2025<\/strong><\/td><td><strong>Nota de corte 2026 <\/strong><\/td><\/tr><tr><td>Cirurgia Geral<\/td><td>8,06<\/td><td>8,50<\/td><\/tr><tr><td>Cl\u00ednica M\u00e9dica<\/td><td>7,55<\/td><td>8,30<\/td><\/tr><tr><td>Medicina de Fam\u00edlia e Comunidade<\/td><td>7,4<\/td><td>8,00<\/td><\/tr><tr><td>Ginecologia e Obstetr\u00edcia<\/td><td>7,97<\/td><td>8,50<\/td><\/tr><tr><td>Oftalmologia<\/td><td>7,73<\/td><td>8,40<\/td><\/tr><tr><td>Otorrinolaringologia<\/td><td>8,21<\/td><td>8,40<\/td><\/tr><tr><td>Pediatria<\/td><td>7,19<\/td><td>7,70<\/td><\/tr><tr><td>Radiologia e Diagn\u00f3stico por Imagem<\/td><td>7,91<\/td><td>8,60<\/td><\/tr><tr><td>Medicina de Emerg\u00eancia<\/td><td>&#8211;<\/td><td>6,30<\/td><\/tr><tr><td>Pneumologia<\/td><td>&#8211;<\/td><td>6,80<\/td><\/tr><tr><td>Cirurgia de Cabe\u00e7a e Pesco\u00e7o<\/td><td>&#8211;<\/td><td>6,40<\/td><\/tr><tr><td>Urologia<\/td><td>&#8211;<\/td><td>7,60<\/td><\/tr><\/tbody><\/table><\/figure>\n\n\n\n<h3 class=\"wp-block-heading\" id=\"h-nota-de-corte-hos-bos\"><span class=\"ez-toc-section\" id=\"Nota_de_Corte_HOSBOS\"><\/span><strong>Nota de Corte HOS\/BOS<\/strong><span class=\"ez-toc-section-end\"><\/span><\/h3>\n\n\n\n<p>A institui\u00e7\u00e3o ofertou <strong>11 vagas e teve 940 candidatos inscritos.<\/strong> Confira as <a href=\"https:\/\/www.grupomedcof.com.br\/blog\/inscricoes-abertas-para-residencia-medica-do-hos-bos\/\">notas de corte do HOS\/BOS<\/a> detalhadamente!<\/p>\n\n\n\n<figure class=\"wp-block-table\"><table class=\"has-fixed-layout\"><tbody><tr><td><strong>Especialidades<\/strong><\/td><td><strong>Nota de Corte 2025<\/strong><\/td><td><strong>Nota de corte 2026 (primeira fase)<\/strong><\/td><\/tr><tr><td>Oftalmologia<\/td><td>62,98<\/td><td>63,27<\/td><\/tr><tr><td>Otorrinolaringologia<\/td><td>64,16<\/td><td>36,37<\/td><\/tr><\/tbody><\/table><\/figure>\n\n\n\n<h3 class=\"wp-block-heading\" id=\"h-nota-de-corte-dante-pazzanese\"><span class=\"ez-toc-section\" id=\"Nota_de_Corte_Dante_Pazzanese\"><\/span><strong>Nota de Corte Dante Pazzanese<\/strong><span class=\"ez-toc-section-end\"><\/span><\/h3>\n\n\n\n<p>Veja a seguir as notas de corte do <a href=\"https:\/\/www.grupomedcof.com.br\/blog\/edital-residencia-medica-dante-pazzanese\/\" target=\"_blank\" rel=\"noreferrer noopener\">Dante Pazzanese<\/a> dos \u00faltimos anos:<\/p>\n\n\n\n<figure class=\"wp-block-table\"><table class=\"has-fixed-layout\"><tbody><tr><td><strong>Especialidade<\/strong><\/td><td><strong>Nota de Corte 2025<\/strong><\/td><td><strong>Nota de corte 2026 <\/strong><\/td><\/tr><tr><td>Cirurgia Cardiovascular<\/td><td>8,52<\/td><td>8,50<\/td><\/tr><tr><td>Cardiologia<\/td><td>7,74<\/td><td>7,50<\/td><\/tr><tr><td>Cirurgia Vascular<\/td><td>9,26<\/td><td>9,38<\/td><\/tr><tr><td>Cardiologia Pedi\u00e1trica<\/td><td>8,84<\/td><td>6,57<\/td><\/tr><tr><td>Ecocardiografia<\/td><td>8,56<\/td><td>7,71<\/td><\/tr><tr><td>Cirurgia Endovascular<\/td><td>8,25<\/td><td>7,29<\/td><\/tr><tr><td>Ecografia Vascular Doppler<\/td><td>9,44<\/td><td>8,67<\/td><\/tr><tr><td>Cardiointensivismo<\/td><td>8,21<\/td><td>6,86<\/td><\/tr><tr><td>Eletrofisiologia Cl\u00ednica e Invasiva<\/td><td>8,85<\/td><td>8,57<\/td><\/tr><tr><td>Ergometria<\/td><td>7,95<\/td><td>6,71<\/td><\/tr><tr><td>Hemodin\u00e2mica e Cardiologia Intervencionista<\/td><td>8,65<\/td><td>8,29<\/td><\/tr><tr><td>Transplante de Cora\u00e7\u00e3o\/Cardiologia<\/td><td>7,39<\/td><td>6,71<\/td><\/tr><\/tbody><\/table><\/figure>\n\n\n\n<h2 class=\"wp-block-heading\" id=\"h-o-metodo-que-te-aprova\"><span class=\"ez-toc-section\" id=\"O_metodo_que_te_aprova\"><\/span><strong>O m\u00e9todo que te aprova!<\/strong><span class=\"ez-toc-section-end\"><\/span><\/h2>\n\n\n\n<p>Quer alcan\u00e7ar a aprova\u00e7\u00e3o nas provas de resid\u00eancia m\u00e9dica? Ent\u00e3o seja um&nbsp;<a href=\"https:\/\/www.grupomedcof.com.br\/home\/\" target=\"_blank\" rel=\"noreferrer noopener\">MedCofer<\/a>! Aqui te ajudaremos na busca da aprova\u00e7\u00e3o com conte\u00fados de qualidade e uma&nbsp;<a href=\"https:\/\/www.grupomedcof.com.br\/blog\/presenca-da-medcof-nas-aprovacoes-em-residencia-medica-no-brasil\/\" target=\"_blank\" rel=\"noreferrer noopener\">metodologia que j\u00e1 aprovou mais de 35 mil residentes no pa\u00eds!&nbsp;<\/a>Por fim, acesse o nosso<a href=\"https:\/\/www.youtube.com\/@GrupoMedcof\/featured\" target=\"_blank\" rel=\"noreferrer noopener\">&nbsp;<strong>canal do youtube&nbsp;<\/strong><\/a>para ver o nosso material.<\/p>\n\n\n\n<figure class=\"wp-block-embed is-type-video is-provider-youtube wp-block-embed-youtube wp-embed-aspect-16-9 wp-has-aspect-ratio\"><div class=\"wp-block-embed__wrapper\">\n<div class=\"youtube-embed\" data-video_id=\"dFXGcMQfWCI\"><iframe loading=\"lazy\" title=\"Papo de Aprovado #11 - Hematologia e Hemoterapia - Pedro dos Santos Perez, aprovado 4X em S\u00e3o Paulo\" width=\"696\" height=\"392\" src=\"https:\/\/www.youtube.com\/embed\/dFXGcMQfWCI?feature=oembed&#038;enablejsapi=1\" frameborder=\"0\" allow=\"accelerometer; autoplay; clipboard-write; encrypted-media; gyroscope; picture-in-picture; web-share\" referrerpolicy=\"strict-origin-when-cross-origin\" allowfullscreen><\/iframe><\/div>\n<\/div><\/figure>\n","protected":false},"excerpt":{"rendered":"<p>Confira as notas de corte de 2026 das principais resid\u00eancias m\u00e9dicas de S\u00e3o Paulo e esteja preparado para as provas deste ano!<\/p>\n","protected":false},"author":20,"featured_media":26988,"comment_status":"open","ping_status":"open","sticky":false,"template":"","format":"standard","meta":{"footnotes":""},"categories":[287,174],"tags":[245,1473,23,24,1471,1469,1470,117,1472,68,284,27,16,14],"ppma_author":[3616],"class_list":{"0":"post-26265","1":"post","2":"type-post","3":"status-publish","4":"format-standard","5":"has-post-thumbnail","7":"category-destaques-medcof","8":"category-residencia-medica","9":"tag-acesso-direto","10":"tag-einstein","11":"tag-fmabc","12":"tag-iamspe","13":"tag-nota-de-corte-famema","14":"tag-nota-de-corte-fmj","15":"tag-nota-de-corte-sirio","16":"tag-provas-de-residencia","17":"tag-puc-sp","18":"tag-residencia-medica","19":"tag-scmsp","20":"tag-sus-sp","21":"tag-unicamp","22":"tag-usp-rp"},"yoast_head":"<!-- This site is optimized with the Yoast SEO Premium plugin v24.3 (Yoast SEO v27.4) - https:\/\/yoast.com\/product\/yoast-seo-premium-wordpress\/ -->\n<title>Resid\u00eancia M\u00e9dica 2026: Notas de corte de S\u00e3o Paulo<\/title>\n<meta name=\"description\" content=\"Confira as notas de corte de 2026 das principais resid\u00eancias m\u00e9dicas de S\u00e3o Paulo e esteja preparado para as provas deste ano!\" \/>\n<meta name=\"robots\" content=\"index, follow, max-snippet:-1, max-image-preview:large, max-video-preview:-1\" \/>\n<link rel=\"canonical\" href=\"https:\/\/www.grupomedcof.com.br\/blog\/notas-de-corte-de-residencia-medica-de-sao-paulo\/\" \/>\n<meta property=\"og:locale\" content=\"pt_BR\" \/>\n<meta property=\"og:type\" content=\"article\" \/>\n<meta property=\"og:title\" content=\"Notas de corte da Resid\u00eancia M\u00e9dica 2026 em S\u00e3o Paulo: veja as principais!\" \/>\n<meta property=\"og:description\" content=\"Confira as notas de corte de 2026 das principais resid\u00eancias m\u00e9dicas de S\u00e3o Paulo e esteja preparado para as provas deste ano!\" \/>\n<meta property=\"og:url\" content=\"https:\/\/www.grupomedcof.com.br\/blog\/notas-de-corte-de-residencia-medica-de-sao-paulo\/\" \/>\n<meta property=\"og:site_name\" content=\"Blog de Medcof: conte\u00fados, editais, revalida e mais!\" \/>\n<meta property=\"article:publisher\" content=\"https:\/\/www.facebook.com\/MedCofQbank\/\" \/>\n<meta property=\"article:published_time\" content=\"2026-04-14T13:12:35+00:00\" \/>\n<meta property=\"article:modified_time\" content=\"2026-04-14T13:12:37+00:00\" \/>\n<meta property=\"og:image\" content=\"https:\/\/www.grupomedcof.com.br\/blog\/wp-content\/uploads\/2024\/06\/Blog-MedCof-11-1-1024x576.png\" \/>\n\t<meta property=\"og:image:width\" content=\"1024\" \/>\n\t<meta property=\"og:image:height\" content=\"576\" \/>\n\t<meta property=\"og:image:type\" content=\"image\/png\" \/>\n<meta name=\"author\" content=\"Leila Menzel\" \/>\n<meta name=\"twitter:card\" content=\"summary_large_image\" \/>\n<meta name=\"twitter:label1\" content=\"Escrito por\" \/>\n\t<meta name=\"twitter:data1\" content=\"Leila Menzel\" \/>\n\t<meta name=\"twitter:label2\" content=\"Est. tempo de leitura\" \/>\n\t<meta name=\"twitter:data2\" content=\"16 minutos\" \/>\n<script type=\"application\/ld+json\" class=\"yoast-schema-graph\">{\"@context\":\"https:\\\/\\\/schema.org\",\"@graph\":[{\"@type\":\"Article\",\"@id\":\"https:\\\/\\\/www.grupomedcof.com.br\\\/blog\\\/notas-de-corte-de-residencia-medica-de-sao-paulo\\\/#article\",\"isPartOf\":{\"@id\":\"https:\\\/\\\/www.grupomedcof.com.br\\\/blog\\\/notas-de-corte-de-residencia-medica-de-sao-paulo\\\/\"},\"author\":{\"name\":\"Leila Menzel\",\"@id\":\"https:\\\/\\\/www.grupomedcof.com.br\\\/blog\\\/#\\\/schema\\\/person\\\/9a44c2184a836bf5ae6967fdb3a1451e\"},\"headline\":\"Notas de corte da Resid\u00eancia M\u00e9dica 2026 em S\u00e3o Paulo: veja as principais!\",\"datePublished\":\"2026-04-14T13:12:35+00:00\",\"dateModified\":\"2026-04-14T13:12:37+00:00\",\"mainEntityOfPage\":{\"@id\":\"https:\\\/\\\/www.grupomedcof.com.br\\\/blog\\\/notas-de-corte-de-residencia-medica-de-sao-paulo\\\/\"},\"wordCount\":2058,\"commentCount\":0,\"publisher\":{\"@id\":\"https:\\\/\\\/www.grupomedcof.com.br\\\/blog\\\/#organization\"},\"image\":{\"@id\":\"https:\\\/\\\/www.grupomedcof.com.br\\\/blog\\\/notas-de-corte-de-residencia-medica-de-sao-paulo\\\/#primaryimage\"},\"thumbnailUrl\":\"https:\\\/\\\/www.grupomedcof.com.br\\\/blog\\\/wp-content\\\/uploads\\\/2024\\\/06\\\/Blog-MedCof-11-1.png\",\"keywords\":[\"Acesso Direto\",\"Einstein\",\"FMABC\",\"IAMSPE\",\"Nota de corte FAMEMA\",\"Nota de corte FMJ\",\"Nota de corte S\u00edrio\",\"Provas de Resid\u00eancia\",\"PUC-SP\",\"Resid\u00eancia M\u00e9dica\",\"SCMSP\",\"SUS-SP\",\"Unicamp\",\"USP-RP\"],\"articleSection\":[\"Destaques MedCof\",\"Resid\u00eancia m\u00e9dica: editais, resultados, temas quentes e mais\"],\"inLanguage\":\"pt-BR\"},{\"@type\":\"WebPage\",\"@id\":\"https:\\\/\\\/www.grupomedcof.com.br\\\/blog\\\/notas-de-corte-de-residencia-medica-de-sao-paulo\\\/\",\"url\":\"https:\\\/\\\/www.grupomedcof.com.br\\\/blog\\\/notas-de-corte-de-residencia-medica-de-sao-paulo\\\/\",\"name\":\"Resid\u00eancia M\u00e9dica 2026: Notas de corte de S\u00e3o Paulo\",\"isPartOf\":{\"@id\":\"https:\\\/\\\/www.grupomedcof.com.br\\\/blog\\\/#website\"},\"primaryImageOfPage\":{\"@id\":\"https:\\\/\\\/www.grupomedcof.com.br\\\/blog\\\/notas-de-corte-de-residencia-medica-de-sao-paulo\\\/#primaryimage\"},\"image\":{\"@id\":\"https:\\\/\\\/www.grupomedcof.com.br\\\/blog\\\/notas-de-corte-de-residencia-medica-de-sao-paulo\\\/#primaryimage\"},\"thumbnailUrl\":\"https:\\\/\\\/www.grupomedcof.com.br\\\/blog\\\/wp-content\\\/uploads\\\/2024\\\/06\\\/Blog-MedCof-11-1.png\",\"datePublished\":\"2026-04-14T13:12:35+00:00\",\"dateModified\":\"2026-04-14T13:12:37+00:00\",\"description\":\"Confira as notas de corte de 2026 das principais resid\u00eancias m\u00e9dicas de S\u00e3o Paulo e esteja preparado para as provas deste ano!\",\"breadcrumb\":{\"@id\":\"https:\\\/\\\/www.grupomedcof.com.br\\\/blog\\\/notas-de-corte-de-residencia-medica-de-sao-paulo\\\/#breadcrumb\"},\"inLanguage\":\"pt-BR\",\"potentialAction\":[{\"@type\":\"ReadAction\",\"target\":[\"https:\\\/\\\/www.grupomedcof.com.br\\\/blog\\\/notas-de-corte-de-residencia-medica-de-sao-paulo\\\/\"]}]},{\"@type\":\"ImageObject\",\"inLanguage\":\"pt-BR\",\"@id\":\"https:\\\/\\\/www.grupomedcof.com.br\\\/blog\\\/notas-de-corte-de-residencia-medica-de-sao-paulo\\\/#primaryimage\",\"url\":\"https:\\\/\\\/www.grupomedcof.com.br\\\/blog\\\/wp-content\\\/uploads\\\/2024\\\/06\\\/Blog-MedCof-11-1.png\",\"contentUrl\":\"https:\\\/\\\/www.grupomedcof.com.br\\\/blog\\\/wp-content\\\/uploads\\\/2024\\\/06\\\/Blog-MedCof-11-1.png\",\"width\":2560,\"height\":1440,\"caption\":\"nota de corte resid\u00eancia m\u00e9dica, resid\u00eancia m\u00e9dica. nota de corte resid\u00eancia USP-RP, sus sp resid\u00eancia m\u00e9dica 2024, resid\u00eancia m\u00e9dica 2024, iamspe resid\u00eancia m\u00e9dica 2024, sus-sp resid\u00eancia m\u00e9dica 2024, residencia medica 2024,\"},{\"@type\":\"BreadcrumbList\",\"@id\":\"https:\\\/\\\/www.grupomedcof.com.br\\\/blog\\\/notas-de-corte-de-residencia-medica-de-sao-paulo\\\/#breadcrumb\",\"itemListElement\":[{\"@type\":\"ListItem\",\"position\":1,\"name\":\"In\u00edcio\",\"item\":\"https:\\\/\\\/www.grupomedcof.com.br\\\/blog\\\/\"},{\"@type\":\"ListItem\",\"position\":2,\"name\":\"Notas de corte da Resid\u00eancia M\u00e9dica 2026 em S\u00e3o Paulo: veja as principais!\"}]},{\"@type\":\"WebSite\",\"@id\":\"https:\\\/\\\/www.grupomedcof.com.br\\\/blog\\\/#website\",\"url\":\"https:\\\/\\\/www.grupomedcof.com.br\\\/blog\\\/\",\"name\":\"Blog de Medcof: conte\u00fados, editais, revalida e mais!\",\"description\":\"Acesso o blog de MedCof! Seu portal de conte\u00fados sobre resid\u00eancia m\u00e9dica, an\u00e1lise e editais e muito mais. Clique e confira!\",\"publisher\":{\"@id\":\"https:\\\/\\\/www.grupomedcof.com.br\\\/blog\\\/#organization\"},\"alternateName\":\"Blog de Medcof: conte\u00fados, editais, revalida e mais!\",\"potentialAction\":[{\"@type\":\"SearchAction\",\"target\":{\"@type\":\"EntryPoint\",\"urlTemplate\":\"https:\\\/\\\/www.grupomedcof.com.br\\\/blog\\\/?s={search_term_string}\"},\"query-input\":{\"@type\":\"PropertyValueSpecification\",\"valueRequired\":true,\"valueName\":\"search_term_string\"}}],\"inLanguage\":\"pt-BR\"},{\"@type\":\"Organization\",\"@id\":\"https:\\\/\\\/www.grupomedcof.com.br\\\/blog\\\/#organization\",\"name\":\"Grupo MedCof\",\"url\":\"https:\\\/\\\/www.grupomedcof.com.br\\\/blog\\\/\",\"logo\":{\"@type\":\"ImageObject\",\"inLanguage\":\"pt-BR\",\"@id\":\"https:\\\/\\\/www.grupomedcof.com.br\\\/blog\\\/#\\\/schema\\\/logo\\\/image\\\/\",\"url\":\"https:\\\/\\\/www.grupomedcof.com.br\\\/blog\\\/wp-content\\\/uploads\\\/2022\\\/01\\\/logo-medcof.png\",\"contentUrl\":\"https:\\\/\\\/www.grupomedcof.com.br\\\/blog\\\/wp-content\\\/uploads\\\/2022\\\/01\\\/logo-medcof.png\",\"width\":768,\"height\":269,\"caption\":\"Grupo MedCof\"},\"image\":{\"@id\":\"https:\\\/\\\/www.grupomedcof.com.br\\\/blog\\\/#\\\/schema\\\/logo\\\/image\\\/\"},\"sameAs\":[\"https:\\\/\\\/www.facebook.com\\\/MedCofQbank\\\/\",\"https:\\\/\\\/www.instagram.com\\\/grupomedcof\\\/\",\"https:\\\/\\\/br.linkedin.com\\\/company\\\/medcof\",\"https:\\\/\\\/www.youtube.com\\\/channel\\\/UCdHMuOHKICxcHwecxN8P-AA\"]},{\"@type\":\"Person\",\"@id\":\"https:\\\/\\\/www.grupomedcof.com.br\\\/blog\\\/#\\\/schema\\\/person\\\/9a44c2184a836bf5ae6967fdb3a1451e\",\"name\":\"Leila Menzel\",\"image\":{\"@type\":\"ImageObject\",\"inLanguage\":\"pt-BR\",\"@id\":\"https:\\\/\\\/www.grupomedcof.com.br\\\/blog\\\/wp-content\\\/uploads\\\/2025\\\/09\\\/cropped-eu-96x96.jpeg19a74936d997c0a8b3031618467fa1d0\",\"url\":\"https:\\\/\\\/www.grupomedcof.com.br\\\/blog\\\/wp-content\\\/uploads\\\/2025\\\/09\\\/cropped-eu-96x96.jpeg\",\"contentUrl\":\"https:\\\/\\\/www.grupomedcof.com.br\\\/blog\\\/wp-content\\\/uploads\\\/2025\\\/09\\\/cropped-eu-96x96.jpeg\",\"caption\":\"Leila Menzel\"},\"description\":\"Estudante do 6\u00b0 semestre de jornalismo, amo e escrevo poesias e viajo em livros de romances clich\u00eas.\",\"url\":\"https:\\\/\\\/www.grupomedcof.com.br\\\/blog\\\/author\\\/leila-menzel\\\/\"}]}<\/script>\n<!-- \/ Yoast SEO Premium plugin. -->","yoast_head_json":{"title":"Resid\u00eancia M\u00e9dica 2026: Notas de corte de S\u00e3o Paulo","description":"Confira as notas de corte de 2026 das principais resid\u00eancias m\u00e9dicas de S\u00e3o Paulo e esteja preparado para as provas deste ano!","robots":{"index":"index","follow":"follow","max-snippet":"max-snippet:-1","max-image-preview":"max-image-preview:large","max-video-preview":"max-video-preview:-1"},"canonical":"https:\/\/www.grupomedcof.com.br\/blog\/notas-de-corte-de-residencia-medica-de-sao-paulo\/","og_locale":"pt_BR","og_type":"article","og_title":"Notas de corte da Resid\u00eancia M\u00e9dica 2026 em S\u00e3o Paulo: veja as principais!","og_description":"Confira as notas de corte de 2026 das principais resid\u00eancias m\u00e9dicas de S\u00e3o Paulo e esteja preparado para as provas deste ano!","og_url":"https:\/\/www.grupomedcof.com.br\/blog\/notas-de-corte-de-residencia-medica-de-sao-paulo\/","og_site_name":"Blog de Medcof: conte\u00fados, editais, revalida e mais!","article_publisher":"https:\/\/www.facebook.com\/MedCofQbank\/","article_published_time":"2026-04-14T13:12:35+00:00","article_modified_time":"2026-04-14T13:12:37+00:00","og_image":[{"width":1024,"height":576,"url":"https:\/\/www.grupomedcof.com.br\/blog\/wp-content\/uploads\/2024\/06\/Blog-MedCof-11-1-1024x576.png","type":"image\/png"}],"author":"Leila Menzel","twitter_card":"summary_large_image","twitter_misc":{"Escrito por":"Leila Menzel","Est. tempo de leitura":"16 minutos"},"schema":{"@context":"https:\/\/schema.org","@graph":[{"@type":"Article","@id":"https:\/\/www.grupomedcof.com.br\/blog\/notas-de-corte-de-residencia-medica-de-sao-paulo\/#article","isPartOf":{"@id":"https:\/\/www.grupomedcof.com.br\/blog\/notas-de-corte-de-residencia-medica-de-sao-paulo\/"},"author":{"name":"Leila Menzel","@id":"https:\/\/www.grupomedcof.com.br\/blog\/#\/schema\/person\/9a44c2184a836bf5ae6967fdb3a1451e"},"headline":"Notas de corte da Resid\u00eancia M\u00e9dica 2026 em S\u00e3o Paulo: veja as principais!","datePublished":"2026-04-14T13:12:35+00:00","dateModified":"2026-04-14T13:12:37+00:00","mainEntityOfPage":{"@id":"https:\/\/www.grupomedcof.com.br\/blog\/notas-de-corte-de-residencia-medica-de-sao-paulo\/"},"wordCount":2058,"commentCount":0,"publisher":{"@id":"https:\/\/www.grupomedcof.com.br\/blog\/#organization"},"image":{"@id":"https:\/\/www.grupomedcof.com.br\/blog\/notas-de-corte-de-residencia-medica-de-sao-paulo\/#primaryimage"},"thumbnailUrl":"https:\/\/www.grupomedcof.com.br\/blog\/wp-content\/uploads\/2024\/06\/Blog-MedCof-11-1.png","keywords":["Acesso Direto","Einstein","FMABC","IAMSPE","Nota de corte FAMEMA","Nota de corte FMJ","Nota de corte S\u00edrio","Provas de Resid\u00eancia","PUC-SP","Resid\u00eancia M\u00e9dica","SCMSP","SUS-SP","Unicamp","USP-RP"],"articleSection":["Destaques MedCof","Resid\u00eancia m\u00e9dica: editais, resultados, temas quentes e mais"],"inLanguage":"pt-BR"},{"@type":"WebPage","@id":"https:\/\/www.grupomedcof.com.br\/blog\/notas-de-corte-de-residencia-medica-de-sao-paulo\/","url":"https:\/\/www.grupomedcof.com.br\/blog\/notas-de-corte-de-residencia-medica-de-sao-paulo\/","name":"Resid\u00eancia M\u00e9dica 2026: Notas de corte de S\u00e3o Paulo","isPartOf":{"@id":"https:\/\/www.grupomedcof.com.br\/blog\/#website"},"primaryImageOfPage":{"@id":"https:\/\/www.grupomedcof.com.br\/blog\/notas-de-corte-de-residencia-medica-de-sao-paulo\/#primaryimage"},"image":{"@id":"https:\/\/www.grupomedcof.com.br\/blog\/notas-de-corte-de-residencia-medica-de-sao-paulo\/#primaryimage"},"thumbnailUrl":"https:\/\/www.grupomedcof.com.br\/blog\/wp-content\/uploads\/2024\/06\/Blog-MedCof-11-1.png","datePublished":"2026-04-14T13:12:35+00:00","dateModified":"2026-04-14T13:12:37+00:00","description":"Confira as notas de corte de 2026 das principais resid\u00eancias m\u00e9dicas de S\u00e3o Paulo e esteja preparado para as provas deste ano!","breadcrumb":{"@id":"https:\/\/www.grupomedcof.com.br\/blog\/notas-de-corte-de-residencia-medica-de-sao-paulo\/#breadcrumb"},"inLanguage":"pt-BR","potentialAction":[{"@type":"ReadAction","target":["https:\/\/www.grupomedcof.com.br\/blog\/notas-de-corte-de-residencia-medica-de-sao-paulo\/"]}]},{"@type":"ImageObject","inLanguage":"pt-BR","@id":"https:\/\/www.grupomedcof.com.br\/blog\/notas-de-corte-de-residencia-medica-de-sao-paulo\/#primaryimage","url":"https:\/\/www.grupomedcof.com.br\/blog\/wp-content\/uploads\/2024\/06\/Blog-MedCof-11-1.png","contentUrl":"https:\/\/www.grupomedcof.com.br\/blog\/wp-content\/uploads\/2024\/06\/Blog-MedCof-11-1.png","width":2560,"height":1440,"caption":"nota de corte resid\u00eancia m\u00e9dica, resid\u00eancia m\u00e9dica. nota de corte resid\u00eancia USP-RP, sus sp resid\u00eancia m\u00e9dica 2024, resid\u00eancia m\u00e9dica 2024, iamspe resid\u00eancia m\u00e9dica 2024, sus-sp resid\u00eancia m\u00e9dica 2024, residencia medica 2024,"},{"@type":"BreadcrumbList","@id":"https:\/\/www.grupomedcof.com.br\/blog\/notas-de-corte-de-residencia-medica-de-sao-paulo\/#breadcrumb","itemListElement":[{"@type":"ListItem","position":1,"name":"In\u00edcio","item":"https:\/\/www.grupomedcof.com.br\/blog\/"},{"@type":"ListItem","position":2,"name":"Notas de corte da Resid\u00eancia M\u00e9dica 2026 em S\u00e3o Paulo: veja as principais!"}]},{"@type":"WebSite","@id":"https:\/\/www.grupomedcof.com.br\/blog\/#website","url":"https:\/\/www.grupomedcof.com.br\/blog\/","name":"Blog de Medcof: conte\u00fados, editais, revalida e mais!","description":"Acesso o blog de MedCof! Seu portal de conte\u00fados sobre resid\u00eancia m\u00e9dica, an\u00e1lise e editais e muito mais. Clique e confira!","publisher":{"@id":"https:\/\/www.grupomedcof.com.br\/blog\/#organization"},"alternateName":"Blog de Medcof: conte\u00fados, editais, revalida e mais!","potentialAction":[{"@type":"SearchAction","target":{"@type":"EntryPoint","urlTemplate":"https:\/\/www.grupomedcof.com.br\/blog\/?s={search_term_string}"},"query-input":{"@type":"PropertyValueSpecification","valueRequired":true,"valueName":"search_term_string"}}],"inLanguage":"pt-BR"},{"@type":"Organization","@id":"https:\/\/www.grupomedcof.com.br\/blog\/#organization","name":"Grupo MedCof","url":"https:\/\/www.grupomedcof.com.br\/blog\/","logo":{"@type":"ImageObject","inLanguage":"pt-BR","@id":"https:\/\/www.grupomedcof.com.br\/blog\/#\/schema\/logo\/image\/","url":"https:\/\/www.grupomedcof.com.br\/blog\/wp-content\/uploads\/2022\/01\/logo-medcof.png","contentUrl":"https:\/\/www.grupomedcof.com.br\/blog\/wp-content\/uploads\/2022\/01\/logo-medcof.png","width":768,"height":269,"caption":"Grupo MedCof"},"image":{"@id":"https:\/\/www.grupomedcof.com.br\/blog\/#\/schema\/logo\/image\/"},"sameAs":["https:\/\/www.facebook.com\/MedCofQbank\/","https:\/\/www.instagram.com\/grupomedcof\/","https:\/\/br.linkedin.com\/company\/medcof","https:\/\/www.youtube.com\/channel\/UCdHMuOHKICxcHwecxN8P-AA"]},{"@type":"Person","@id":"https:\/\/www.grupomedcof.com.br\/blog\/#\/schema\/person\/9a44c2184a836bf5ae6967fdb3a1451e","name":"Leila Menzel","image":{"@type":"ImageObject","inLanguage":"pt-BR","@id":"https:\/\/www.grupomedcof.com.br\/blog\/wp-content\/uploads\/2025\/09\/cropped-eu-96x96.jpeg19a74936d997c0a8b3031618467fa1d0","url":"https:\/\/www.grupomedcof.com.br\/blog\/wp-content\/uploads\/2025\/09\/cropped-eu-96x96.jpeg","contentUrl":"https:\/\/www.grupomedcof.com.br\/blog\/wp-content\/uploads\/2025\/09\/cropped-eu-96x96.jpeg","caption":"Leila Menzel"},"description":"Estudante do 6\u00b0 semestre de jornalismo, amo e escrevo poesias e viajo em livros de romances clich\u00eas.","url":"https:\/\/www.grupomedcof.com.br\/blog\/author\/leila-menzel\/"}]}},"authors":[{"term_id":3616,"user_id":20,"is_guest":0,"slug":"leila-menzel","display_name":"Leila Menzel","avatar_url":"https:\/\/www.grupomedcof.com.br\/blog\/wp-content\/uploads\/2025\/09\/cropped-eu-96x96.jpeg","0":null,"1":"","2":"","3":"","4":"","5":"","6":"","7":"","8":""}],"_links":{"self":[{"href":"https:\/\/www.grupomedcof.com.br\/blog\/wp-json\/wp\/v2\/posts\/26265","targetHints":{"allow":["GET"]}}],"collection":[{"href":"https:\/\/www.grupomedcof.com.br\/blog\/wp-json\/wp\/v2\/posts"}],"about":[{"href":"https:\/\/www.grupomedcof.com.br\/blog\/wp-json\/wp\/v2\/types\/post"}],"author":[{"embeddable":true,"href":"https:\/\/www.grupomedcof.com.br\/blog\/wp-json\/wp\/v2\/users\/20"}],"replies":[{"embeddable":true,"href":"https:\/\/www.grupomedcof.com.br\/blog\/wp-json\/wp\/v2\/comments?post=26265"}],"version-history":[{"count":26,"href":"https:\/\/www.grupomedcof.com.br\/blog\/wp-json\/wp\/v2\/posts\/26265\/revisions"}],"predecessor-version":[{"id":42979,"href":"https:\/\/www.grupomedcof.com.br\/blog\/wp-json\/wp\/v2\/posts\/26265\/revisions\/42979"}],"wp:featuredmedia":[{"embeddable":true,"href":"https:\/\/www.grupomedcof.com.br\/blog\/wp-json\/wp\/v2\/media\/26988"}],"wp:attachment":[{"href":"https:\/\/www.grupomedcof.com.br\/blog\/wp-json\/wp\/v2\/media?parent=26265"}],"wp:term":[{"taxonomy":"category","embeddable":true,"href":"https:\/\/www.grupomedcof.com.br\/blog\/wp-json\/wp\/v2\/categories?post=26265"},{"taxonomy":"post_tag","embeddable":true,"href":"https:\/\/www.grupomedcof.com.br\/blog\/wp-json\/wp\/v2\/tags?post=26265"},{"taxonomy":"author","embeddable":true,"href":"https:\/\/www.grupomedcof.com.br\/blog\/wp-json\/wp\/v2\/ppma_author?post=26265"}],"curies":[{"name":"wp","href":"https:\/\/api.w.org\/{rel}","templated":true}]}}