{"id":26279,"date":"2025-09-10T13:42:21","date_gmt":"2025-09-10T16:42:21","guid":{"rendered":"https:\/\/www.grupomedcof.com.br\/blog\/?p=26279"},"modified":"2025-09-12T08:51:17","modified_gmt":"2025-09-12T11:51:17","slug":"niveis-de-prevencao-revise-e-nao-se-confunda-mais","status":"publish","type":"post","link":"https:\/\/www.grupomedcof.com.br\/blog\/niveis-de-prevencao-revise-e-nao-se-confunda-mais\/","title":{"rendered":"Saiba os detalhes de todos os N\u00edveis de Preven\u00e7\u00e3o\u00a0"},"content":{"rendered":"<div id=\"ez-toc-container\" class=\"ez-toc-v2_0_74 counter-hierarchy ez-toc-counter ez-toc-transparent ez-toc-container-direction\">\n<div class=\"ez-toc-title-container\">\n<p class=\"ez-toc-title\" style=\"cursor:inherit\">Sum\u00e1rio<\/p>\n<span class=\"ez-toc-title-toggle\"><a href=\"#\" class=\"ez-toc-pull-right ez-toc-btn ez-toc-btn-xs ez-toc-btn-default ez-toc-toggle\" aria-label=\"Alternar tabela de conte\u00fado\"><span class=\"ez-toc-js-icon-con\"><span class=\"\"><span class=\"eztoc-hide\" style=\"display:none;\">Toggle<\/span><span class=\"ez-toc-icon-toggle-span\"><svg style=\"fill: #999;color:#999\" xmlns=\"http:\/\/www.w3.org\/2000\/svg\" class=\"list-377408\" width=\"20px\" height=\"20px\" viewBox=\"0 0 24 24\" fill=\"none\"><path d=\"M6 6H4v2h2V6zm14 0H8v2h12V6zM4 11h2v2H4v-2zm16 0H8v2h12v-2zM4 16h2v2H4v-2zm16 0H8v2h12v-2z\" fill=\"currentColor\"><\/path><\/svg><svg style=\"fill: #999;color:#999\" class=\"arrow-unsorted-368013\" xmlns=\"http:\/\/www.w3.org\/2000\/svg\" width=\"10px\" height=\"10px\" viewBox=\"0 0 24 24\" version=\"1.2\" baseProfile=\"tiny\"><path d=\"M18.2 9.3l-6.2-6.3-6.2 6.3c-.2.2-.3.4-.3.7s.1.5.3.7c.2.2.4.3.7.3h11c.3 0 .5-.1.7-.3.2-.2.3-.5.3-.7s-.1-.5-.3-.7zM5.8 14.7l6.2 6.3 6.2-6.3c.2-.2.3-.5.3-.7s-.1-.5-.3-.7c-.2-.2-.4-.3-.7-.3h-11c-.3 0-.5.1-.7.3-.2.2-.3.5-.3.7s.1.5.3.7z\"\/><\/svg><\/span><\/span><\/span><\/a><\/span><\/div>\n<nav><ul class='ez-toc-list ez-toc-list-level-1 ' ><li class='ez-toc-page-1 ez-toc-heading-level-2'><a class=\"ez-toc-link ez-toc-heading-1\" href=\"https:\/\/www.grupomedcof.com.br\/blog\/niveis-de-prevencao-revise-e-nao-se-confunda-mais\/#Qual_a_importancia_de_entende-los\" >Qual a import\u00e2ncia de entend\u00ea-los?<\/a><\/li><li class='ez-toc-page-1 ez-toc-heading-level-2'><a class=\"ez-toc-link ez-toc-heading-2\" href=\"https:\/\/www.grupomedcof.com.br\/blog\/niveis-de-prevencao-revise-e-nao-se-confunda-mais\/#Tipos_de_prevencao\" >Tipos de preven\u00e7\u00e3o<\/a><ul class='ez-toc-list-level-3' ><li class='ez-toc-heading-level-3'><a class=\"ez-toc-link ez-toc-heading-3\" href=\"https:\/\/www.grupomedcof.com.br\/blog\/niveis-de-prevencao-revise-e-nao-se-confunda-mais\/#Prevencao_Primordial\" >Preven\u00e7\u00e3o Primordial<\/a><\/li><li class='ez-toc-page-1 ez-toc-heading-level-3'><a class=\"ez-toc-link ez-toc-heading-4\" href=\"https:\/\/www.grupomedcof.com.br\/blog\/niveis-de-prevencao-revise-e-nao-se-confunda-mais\/#Prevencao_Primaria\" >Preven\u00e7\u00e3o Prim\u00e1ria<\/a><\/li><li class='ez-toc-page-1 ez-toc-heading-level-3'><a class=\"ez-toc-link ez-toc-heading-5\" href=\"https:\/\/www.grupomedcof.com.br\/blog\/niveis-de-prevencao-revise-e-nao-se-confunda-mais\/#Prevencao_Secundaria\" >Preven\u00e7\u00e3o Secund\u00e1ria<\/a><\/li><li class='ez-toc-page-1 ez-toc-heading-level-3'><a class=\"ez-toc-link ez-toc-heading-6\" href=\"https:\/\/www.grupomedcof.com.br\/blog\/niveis-de-prevencao-revise-e-nao-se-confunda-mais\/#Prevencao_Terciaria\" >Preven\u00e7\u00e3o Terci\u00e1ria<\/a><\/li><li class='ez-toc-page-1 ez-toc-heading-level-3'><a class=\"ez-toc-link ez-toc-heading-7\" href=\"https:\/\/www.grupomedcof.com.br\/blog\/niveis-de-prevencao-revise-e-nao-se-confunda-mais\/#Prevencao_Quaternaria_P4\" >Preven\u00e7\u00e3o Quatern\u00e1ria (P4)<\/a><\/li><li class='ez-toc-page-1 ez-toc-heading-level-3'><a class=\"ez-toc-link ez-toc-heading-8\" href=\"https:\/\/www.grupomedcof.com.br\/blog\/niveis-de-prevencao-revise-e-nao-se-confunda-mais\/#Prevencao_Quinquenaria\" >Preven\u00e7\u00e3o Quinquen\u00e1ria<\/a><\/li><\/ul><\/li><li class='ez-toc-page-1 ez-toc-heading-level-2'><a class=\"ez-toc-link ez-toc-heading-9\" href=\"https:\/\/www.grupomedcof.com.br\/blog\/niveis-de-prevencao-revise-e-nao-se-confunda-mais\/#O_metodo_que_te_aprova\" >O m\u00e9todo que te aprova!<\/a><\/li><\/ul><\/nav><\/div>\n\n<figure class=\"wp-block-image size-large\"><img loading=\"lazy\" decoding=\"async\" width=\"1024\" height=\"576\" src=\"https:\/\/www.grupomedcof.com.br\/blog\/wp-content\/uploads\/2024\/05\/Blog-MedCof-2024-05-08T124634.972-1024x576.png\" alt=\"\" class=\"wp-image-26280\" srcset=\"https:\/\/www.grupomedcof.com.br\/blog\/wp-content\/uploads\/2024\/05\/Blog-MedCof-2024-05-08T124634.972-1024x576.png 1024w, https:\/\/www.grupomedcof.com.br\/blog\/wp-content\/uploads\/2024\/05\/Blog-MedCof-2024-05-08T124634.972-300x169.png 300w, https:\/\/www.grupomedcof.com.br\/blog\/wp-content\/uploads\/2024\/05\/Blog-MedCof-2024-05-08T124634.972-768x432.png 768w, https:\/\/www.grupomedcof.com.br\/blog\/wp-content\/uploads\/2024\/05\/Blog-MedCof-2024-05-08T124634.972-1536x864.png 1536w, https:\/\/www.grupomedcof.com.br\/blog\/wp-content\/uploads\/2024\/05\/Blog-MedCof-2024-05-08T124634.972-747x420.png 747w, https:\/\/www.grupomedcof.com.br\/blog\/wp-content\/uploads\/2024\/05\/Blog-MedCof-2024-05-08T124634.972-150x84.png 150w, https:\/\/www.grupomedcof.com.br\/blog\/wp-content\/uploads\/2024\/05\/Blog-MedCof-2024-05-08T124634.972-696x392.png 696w, https:\/\/www.grupomedcof.com.br\/blog\/wp-content\/uploads\/2024\/05\/Blog-MedCof-2024-05-08T124634.972-1068x601.png 1068w, https:\/\/www.grupomedcof.com.br\/blog\/wp-content\/uploads\/2024\/05\/Blog-MedCof-2024-05-08T124634.972.png 1920w\" sizes=\"auto, (max-width: 1024px) 100vw, 1024px\" \/><figcaption class=\"wp-element-caption\">Os n\u00edveis de preven\u00e7\u00e3o s\u00e3o classificados a partir de como e quando agem na hist\u00f3ria natural da doen\u00e7a.<\/figcaption><\/figure>\n\n\n\n<p>No mundo da sa\u00fade, a preven\u00e7\u00e3o de doen\u00e7as \u00e9 um conceito fundamental para o bem-estar da popula\u00e7\u00e3o. Saber todos os n\u00edveis de preven\u00e7\u00e3o para melhor aplic\u00e1-los \u00e9 fundamental na pr\u00e1tica de um bom profissional!&nbsp;<\/p>\n\n\n\n<h2 class=\"wp-block-heading\" id=\"h-qual-a-importancia-de-entende-los\"><span class=\"ez-toc-section\" id=\"Qual_a_importancia_de_entende-los\"><\/span><strong>Qual a import\u00e2ncia de entend\u00ea-los?<\/strong><span class=\"ez-toc-section-end\"><\/span><\/h2>\n\n\n\n<p>O modelo da <strong>Hist\u00f3ria Natural da Doen\u00e7a,<\/strong> proposto por <strong>Leavell e Clark em 1976<\/strong>, nos ajuda a entender as diferentes <strong>fases de uma doen\u00e7a<\/strong> e como podemos intervir em cada uma delas. As <strong>a\u00e7\u00f5es de preven\u00e7\u00e3o visam evitar a ocorr\u00eancia de doen\u00e7as, sua progress\u00e3o,<\/strong> <strong>limita\u00e7\u00f5es e sequelas.<\/strong><\/p>\n\n\n\n<figure class=\"wp-block-image size-large\"><img loading=\"lazy\" decoding=\"async\" width=\"1024\" height=\"519\" src=\"https:\/\/www.grupomedcof.com.br\/blog\/wp-content\/uploads\/2024\/05\/image-1-1024x519.png\" alt=\"Fluxograma da hist\u00f3ria natural da doen\u00e7a e preven\u00e7\u00e3o em sa\u00fade, mostrando os per\u00edodos de pr\u00e9-patog\u00eanese e patog\u00eanese, o horizonte cl\u00ednico, sinais e sintomas, morte ou recupera\u00e7\u00e3o, al\u00e9m das medidas preventivas: promo\u00e7\u00e3o da sa\u00fade, prote\u00e7\u00e3o espec\u00edfica, diagn\u00f3stico precoce, limita\u00e7\u00e3o de incapacidade e reabilita\u00e7\u00e3o.\" class=\"wp-image-37691\" srcset=\"https:\/\/www.grupomedcof.com.br\/blog\/wp-content\/uploads\/2024\/05\/image-1-1024x519.png 1024w, https:\/\/www.grupomedcof.com.br\/blog\/wp-content\/uploads\/2024\/05\/image-1-300x152.png 300w, https:\/\/www.grupomedcof.com.br\/blog\/wp-content\/uploads\/2024\/05\/image-1-768x389.png 768w, https:\/\/www.grupomedcof.com.br\/blog\/wp-content\/uploads\/2024\/05\/image-1-1536x779.png 1536w, https:\/\/www.grupomedcof.com.br\/blog\/wp-content\/uploads\/2024\/05\/image-1-829x420.png 829w, https:\/\/www.grupomedcof.com.br\/blog\/wp-content\/uploads\/2024\/05\/image-1-150x76.png 150w, https:\/\/www.grupomedcof.com.br\/blog\/wp-content\/uploads\/2024\/05\/image-1-696x353.png 696w, https:\/\/www.grupomedcof.com.br\/blog\/wp-content\/uploads\/2024\/05\/image-1-1068x541.png 1068w, https:\/\/www.grupomedcof.com.br\/blog\/wp-content\/uploads\/2024\/05\/image-1.png 1600w\" sizes=\"auto, (max-width: 1024px) 100vw, 1024px\" \/><figcaption class=\"wp-element-caption\">Fluxograma evidenciando como a hist\u00f3ria natural da doen\u00e7a orienta quanto \u00e0s formas corretas de preven\u00e7\u00e3o que devem ser aplicadas. | Acervo de Aulas do Grupo MedCof.&nbsp;&nbsp;<\/figcaption><\/figure>\n\n\n\n<h2 class=\"wp-block-heading\" id=\"h-tipos-de-prevencao\"><span class=\"ez-toc-section\" id=\"Tipos_de_prevencao\"><\/span><strong>Tipos de preven\u00e7\u00e3o<\/strong><span class=\"ez-toc-section-end\"><\/span><\/h2>\n\n\n\n<h3 class=\"wp-block-heading\" id=\"h-prevencao-primordial\"><span class=\"ez-toc-section\" id=\"Prevencao_Primordial\"><\/span><strong>Preven\u00e7\u00e3o Primordial<\/strong><span class=\"ez-toc-section-end\"><\/span><\/h3>\n\n\n\n<p>A <strong>preven\u00e7\u00e3o primordial<\/strong> \u00e9 o n\u00edvel <strong>mais abrangente<\/strong> e atua <strong>antes<\/strong> mesmo que os fatores de risco apare\u00e7am. Seu principal objetivo \u00e9 <strong>evitar o surgimento<\/strong> e a consolida\u00e7\u00e3o de padr\u00f5es de vida (sociais, econ\u00f4micos e culturais) que possam aumentar o risco de adoecer. Assim, ela <strong>impede o aparecimento de fatores de risco ambientais<\/strong>.<\/p>\n\n\n\n<p>Alguns exemplos desse tipo de preven\u00e7\u00e3o s\u00e3o as medidas contra os efeitos globais da <strong>polui\u00e7\u00e3o atmosf\u00e9rica<\/strong> e o estabelecimento de uma <strong>dieta nacional<\/strong> com baixos n\u00edveis de gordura saturada.<\/p>\n\n\n\n<h3 class=\"wp-block-heading\" id=\"h-prevencao-primaria\"><span class=\"ez-toc-section\" id=\"Prevencao_Primaria\"><\/span><strong>Preven\u00e7\u00e3o Prim\u00e1ria<\/strong><span class=\"ez-toc-section-end\"><\/span><\/h3>\n\n\n\n<p>A <strong>preven\u00e7\u00e3o prim\u00e1ria<\/strong> atua durante o per\u00edodo de <strong>pr\u00e9-patog\u00eanese<\/strong>, ou seja, antes que o indiv\u00edduo tenha qualquer contato efetivo com o agente causador da doen\u00e7a. O foco \u00e9 em <strong>indiv\u00edduos saud\u00e1veis<\/strong>, e o objetivo principal \u00e9 impedir que eles sofram a a\u00e7\u00e3o dos <strong>fatores patog\u00eanicos<\/strong>, o que reduz a incid\u00eancia da doen\u00e7a.<\/p>\n\n\n\n<p>Para exemplificar esse caso, podemos citar a <strong>Promo\u00e7\u00e3o da Sa\u00fade<\/strong>, que s\u00e3o medidas <strong>gerais e inespec\u00edficas<\/strong> que melhoram a sa\u00fade do <strong>ambiente<\/strong> e a <strong>qualidade de vida<\/strong>, como saneamento b\u00e1sico, educa\u00e7\u00e3o sanit\u00e1ria e em sa\u00fade, e promo\u00e7\u00e3o de alimenta\u00e7\u00e3o saud\u00e1vel.<\/p>\n\n\n\n<p>Mas tamb\u00e9m existe a <strong>Prote\u00e7\u00e3o Espec\u00edfica<\/strong>, com a\u00e7\u00f5es direcionadas a <strong>inibir o aparecimento<\/strong> de uma doen\u00e7a ou grupo de doen\u00e7as em particular. A\u00e7\u00f5es como <strong>imuniza\u00e7\u00e3o<\/strong>, uso de <strong>preservativos<\/strong>, <strong>quimioprofilaxia<\/strong> para contactantes de pacientes com tuberculose, e <strong>controle de vetores<\/strong> s\u00e3o exemplos.<\/p>\n\n\n\n<figure class=\"wp-block-image size-large is-resized\"><img loading=\"lazy\" decoding=\"async\" width=\"683\" height=\"1024\" src=\"https:\/\/www.grupomedcof.com.br\/blog\/wp-content\/uploads\/2024\/05\/image-2-683x1024.png\" alt=\"\" class=\"wp-image-37693\" style=\"width:572px;height:auto\" srcset=\"https:\/\/www.grupomedcof.com.br\/blog\/wp-content\/uploads\/2024\/05\/image-2-683x1024.png 683w, https:\/\/www.grupomedcof.com.br\/blog\/wp-content\/uploads\/2024\/05\/image-2-200x300.png 200w, https:\/\/www.grupomedcof.com.br\/blog\/wp-content\/uploads\/2024\/05\/image-2-280x420.png 280w, https:\/\/www.grupomedcof.com.br\/blog\/wp-content\/uploads\/2024\/05\/image-2-150x225.png 150w, https:\/\/www.grupomedcof.com.br\/blog\/wp-content\/uploads\/2024\/05\/image-2-300x450.png 300w, https:\/\/www.grupomedcof.com.br\/blog\/wp-content\/uploads\/2024\/05\/image-2-696x1044.png 696w, https:\/\/www.grupomedcof.com.br\/blog\/wp-content\/uploads\/2024\/05\/image-2.png 728w\" sizes=\"auto, (max-width: 683px) 100vw, 683px\" \/><figcaption class=\"wp-element-caption\">Imagem\/Reprodu\u00e7a\u00f5: Pinterest.<\/figcaption><\/figure>\n\n\n\n<h3 class=\"wp-block-heading\" id=\"h-prevencao-secundaria\"><span class=\"ez-toc-section\" id=\"Prevencao_Secundaria\"><\/span><strong>Preven\u00e7\u00e3o Secund\u00e1ria<\/strong><span class=\"ez-toc-section-end\"><\/span><\/h3>\n\n\n\n<p>A <strong>preven\u00e7\u00e3o secund\u00e1ria<\/strong> ocorre durante o per\u00edodo de <strong>patog\u00eanese<\/strong>, quando a doen\u00e7a j\u00e1 est\u00e1 presente, mesmo que assintom\u00e1tica. O foco \u00e9 no <strong>indiv\u00edduo<\/strong>, e o objetivo \u00e9 a detec\u00e7\u00e3o <strong>precoce<\/strong> e o tratamento imediato para reduzir a <strong>gravidade, dura\u00e7\u00e3o e letalidade<\/strong> da doen\u00e7a.<\/p>\n\n\n\n<p>Para <strong>Detec\u00e7\u00e3o Precoce e Tratamento Imediato<\/strong> podemos incluir rastreamento <strong>(screening)<\/strong> para doen\u00e7as, como a medi\u00e7\u00e3o de glicemia de jejum e press\u00e3o arterial, e a busca ativa de casos em uma comunidade. Idealmente, essas medidas s\u00e3o aplicadas antes que a doen\u00e7a ultrapasse o &#8220;<strong>horizonte cl\u00ednico<\/strong>&#8220;, que \u00e9 o surgimento de sinais e sintomas.<\/p>\n\n\n\n<p>No caso da <strong>Limita\u00e7\u00e3o da Incapacidade<\/strong>, existem medidas aplicadas aos casos que j\u00e1 evolu\u00edram al\u00e9m do horizonte cl\u00ednico. O objetivo \u00e9 tornar o curso cl\u00ednico para uma <strong>cura total ou com poucas sequelas<\/strong>, e reduzir ou retardar as complica\u00e7\u00f5es em casos de doen\u00e7as cr\u00f4nicas.<\/p>\n\n\n\n<h3 class=\"wp-block-heading\" id=\"h-prevencao-terciaria\"><span class=\"ez-toc-section\" id=\"Prevencao_Terciaria\"><\/span><strong>Preven\u00e7\u00e3o Terci\u00e1ria<\/strong><span class=\"ez-toc-section-end\"><\/span><\/h3>\n\n\n\n<p>Este n\u00edvel de preven\u00e7\u00e3o \u00e9 aplicado quando o processo de sa\u00fade-doen\u00e7a alcan\u00e7ou um final, como a <strong>cura com sequelas<\/strong>, ou uma forma est\u00e1vel de longo prazo <strong>(cronifica\u00e7\u00e3o)<\/strong>. O foco \u00e9 a <strong>reabilita\u00e7\u00e3o<\/strong> para minimizar os impactos e as limita\u00e7\u00f5es na qualidade de vida das pessoas.A <strong>Reabilita\u00e7\u00e3o<\/strong> usa medidas para <strong>recuperar a capacidade f\u00edsica e mental<\/strong>, minimizar o sofrimento e facilitar a adapta\u00e7\u00e3o dos pacientes ao seu ambiente. Exemplos desse tipo incluem <strong>fisioterapia, terapia ocupacional e apoio previdenci\u00e1rio<\/strong>.<\/p>\n\n\n\n<figure class=\"wp-block-image size-full\"><img loading=\"lazy\" decoding=\"async\" width=\"626\" height=\"417\" src=\"https:\/\/www.grupomedcof.com.br\/blog\/wp-content\/uploads\/2024\/05\/image-3.png\" alt=\"\" class=\"wp-image-37694\" srcset=\"https:\/\/www.grupomedcof.com.br\/blog\/wp-content\/uploads\/2024\/05\/image-3.png 626w, https:\/\/www.grupomedcof.com.br\/blog\/wp-content\/uploads\/2024\/05\/image-3-300x200.png 300w, https:\/\/www.grupomedcof.com.br\/blog\/wp-content\/uploads\/2024\/05\/image-3-150x100.png 150w\" sizes=\"auto, (max-width: 626px) 100vw, 626px\" \/><figcaption class=\"wp-element-caption\">Imagem\/Reprodu\u00e7\u00e3o: Pinterest.<\/figcaption><\/figure>\n\n\n\n<p>Para <strong>Redu\u00e7\u00e3o de Complica\u00e7\u00f5es e Depend\u00eancia<\/strong>, podemos aplicar a\u00e7\u00f5es para <strong>evitar futuras complica\u00e7\u00f5es e reduzir a depend\u00eancia social ou familiar.<\/strong> Um exemplo \u00e9 a orienta\u00e7\u00e3o para exerc\u00edcio f\u00edsico em um paciente com diabetes mellitus, implementada ap\u00f3s o diagn\u00f3stico.<\/p>\n\n\n\n<h3 class=\"wp-block-heading\" id=\"h-prevencao-quaternaria-p4\"><span class=\"ez-toc-section\" id=\"Prevencao_Quaternaria_P4\"><\/span><strong>Preven\u00e7\u00e3o Quatern\u00e1ria (P4)<\/strong><span class=\"ez-toc-section-end\"><\/span><\/h3>\n\n\n\n<p>A <strong>preven\u00e7\u00e3o quatern\u00e1ria (P4)<\/strong> \u00e9 definida como a &#8220;<strong>a\u00e7\u00e3o feita para identificar um paciente ou popula\u00e7\u00e3o em risco de supermedicaliza\u00e7\u00e3o<\/strong>&#8220;. Seu objetivo \u00e9 proteger essas pessoas de interven\u00e7\u00f5es m\u00e9dicas invasivas e sugerir procedimentos cient\u00edficos e eticamente aceit\u00e1veis. A P4 deve agir para <strong>evitar o vi\u00e9s do sobrediagn\u00f3stico<\/strong>. Ela est\u00e1 relacionada ao risco de iatrogenias, ao excesso de interven\u00e7\u00f5es diagn\u00f3sticas e terap\u00eauticas, e \u00e0 medicaliza\u00e7\u00e3o desnecess\u00e1ria.<\/p>\n\n\n\n<p>A P4 se situa em uma matriz que considera a <strong>doen\u00e7a<\/strong> (presen\u00e7a ou aus\u00eancia) e a <strong>enfermidade<\/strong> (como o paciente se sente). Ela atua no quadrante em que o paciente se sente bem, mas o m\u00e9dico pode estar lidando com uma doen\u00e7a ausente, agindo para &#8220;<strong>evitar falso positivo<\/strong>&#8220;.<\/p>\n\n\n\n<figure class=\"wp-block-image size-large\"><img loading=\"lazy\" decoding=\"async\" width=\"1024\" height=\"733\" src=\"https:\/\/www.grupomedcof.com.br\/blog\/wp-content\/uploads\/2025\/09\/image-35-1024x733.png\" alt=\"Diagrama sobre a rela\u00e7\u00e3o entre doen\u00e7a e enfermidade do ponto de vista do m\u00e9dico e do paciente, destacando os quatro n\u00edveis de preven\u00e7\u00e3o: prim\u00e1ria, secund\u00e1ria, terci\u00e1ria e quatern\u00e1ria.\" class=\"wp-image-37729\" srcset=\"https:\/\/www.grupomedcof.com.br\/blog\/wp-content\/uploads\/2025\/09\/image-35-1024x733.png 1024w, https:\/\/www.grupomedcof.com.br\/blog\/wp-content\/uploads\/2025\/09\/image-35-300x215.png 300w, https:\/\/www.grupomedcof.com.br\/blog\/wp-content\/uploads\/2025\/09\/image-35-768x550.png 768w, https:\/\/www.grupomedcof.com.br\/blog\/wp-content\/uploads\/2025\/09\/image-35-1536x1100.png 1536w, https:\/\/www.grupomedcof.com.br\/blog\/wp-content\/uploads\/2025\/09\/image-35-586x420.png 586w, https:\/\/www.grupomedcof.com.br\/blog\/wp-content\/uploads\/2025\/09\/image-35-150x107.png 150w, https:\/\/www.grupomedcof.com.br\/blog\/wp-content\/uploads\/2025\/09\/image-35-696x499.png 696w, https:\/\/www.grupomedcof.com.br\/blog\/wp-content\/uploads\/2025\/09\/image-35-1068x765.png 1068w, https:\/\/www.grupomedcof.com.br\/blog\/wp-content\/uploads\/2025\/09\/image-35.png 1600w\" sizes=\"auto, (max-width: 1024px) 100vw, 1024px\" \/><figcaption class=\"wp-element-caption\">Formula\u00e7\u00e3o de pensamento entre as formas de preven\u00e7\u00e3o. | Acervo de Aulas do Grupo MedCof.<\/figcaption><\/figure>\n\n\n\n<p>Algumas formas pr\u00e1ticas de aplicar a P4 s\u00e3o:<\/p>\n\n\n\n<ul class=\"wp-block-list\">\n<li>Utiliza\u00e7\u00e3o mais <strong>criteriosa<\/strong> dos recursos em sa\u00fade.<\/li>\n\n\n\n<li><strong>Cuidados paliativos<\/strong> em oncologia.<\/li>\n\n\n\n<li><strong>Demora permitida<\/strong>: adiar com seguran\u00e7a a prescri\u00e7\u00e3o de um medicamento ou a solicita\u00e7\u00e3o de um exame.<\/li>\n\n\n\n<li><strong>Resist\u00eancia<\/strong>: \u00e0 forte demanda por exames desnecess\u00e1rios e \u00e0 press\u00e3o da ind\u00fastria farmac\u00eautica e tecnol\u00f3gica.<\/li>\n<\/ul>\n\n\n\n<figure class=\"wp-block-image size-large\"><img loading=\"lazy\" decoding=\"async\" width=\"1024\" height=\"634\" src=\"https:\/\/www.grupomedcof.com.br\/blog\/wp-content\/uploads\/2025\/09\/image-36-1024x634.png\" alt=\"Gr\u00e1fico sobre preven\u00e7\u00e3o quatern\u00e1ria em sa\u00fade, relacionando a percep\u00e7\u00e3o do paciente (sentir-se bem ou mal) e o diagn\u00f3stico m\u00e9dico (com ou sem doen\u00e7a), com destaque para os riscos de falso positivo e falso negativo.\" class=\"wp-image-37730\" srcset=\"https:\/\/www.grupomedcof.com.br\/blog\/wp-content\/uploads\/2025\/09\/image-36-1024x634.png 1024w, https:\/\/www.grupomedcof.com.br\/blog\/wp-content\/uploads\/2025\/09\/image-36-300x186.png 300w, https:\/\/www.grupomedcof.com.br\/blog\/wp-content\/uploads\/2025\/09\/image-36-768x476.png 768w, https:\/\/www.grupomedcof.com.br\/blog\/wp-content\/uploads\/2025\/09\/image-36-678x420.png 678w, https:\/\/www.grupomedcof.com.br\/blog\/wp-content\/uploads\/2025\/09\/image-36-150x93.png 150w, https:\/\/www.grupomedcof.com.br\/blog\/wp-content\/uploads\/2025\/09\/image-36-696x431.png 696w, https:\/\/www.grupomedcof.com.br\/blog\/wp-content\/uploads\/2025\/09\/image-36-1068x661.png 1068w, https:\/\/www.grupomedcof.com.br\/blog\/wp-content\/uploads\/2025\/09\/image-36.png 1271w\" sizes=\"auto, (max-width: 1024px) 100vw, 1024px\" \/><figcaption class=\"wp-element-caption\">Representa\u00e7\u00e3o gr\u00e1fica da preven\u00e7\u00e3o quatern\u00e1ria. | Acervo de Aulas do Grupo MedCof.<\/figcaption><\/figure>\n\n\n\n<h3 class=\"wp-block-heading\" id=\"h-prevencao-quinquenaria\"><span class=\"ez-toc-section\" id=\"Prevencao_Quinquenaria\"><\/span><strong>Preven\u00e7\u00e3o Quinquen\u00e1ria<\/strong><span class=\"ez-toc-section-end\"><\/span><\/h3>\n\n\n\n<p>Esse conceito, at\u00e9 certo ponto recente, visa a melhoria da <strong>qualidade dos cuidados<\/strong> e da sa\u00fade dos pacientes, mas com foco no <strong>cuidador<\/strong>, de onde emergem todos os cuidados. Ela se refere \u00e0 preven\u00e7\u00e3o de danos no paciente, <strong>atuando no m\u00e9dico<\/strong>. A P5 aborda a preven\u00e7\u00e3o dos profissionais de sa\u00fade quanto ao ambiente de trabalho, principalmente no que diz respeito \u00e0 <strong>S\u00edndrome de Burnout<\/strong>.<\/p>\n\n\n\n<p>As estrat\u00e9gias de P5 podem ser aplicadas em quatro n\u00edveis:<\/p>\n\n\n\n<ul class=\"wp-block-list\">\n<li>Ao n\u00edvel do m\u00e9dico profissional de sa\u00fade: Incentivar o cumprimento das horas de pausa e o tempo para autocuidado.<\/li>\n\n\n\n<li>Ao n\u00edvel do paciente: Ter pacientes mais conscientes na rela\u00e7\u00e3o estabelecida com o profissional.<\/li>\n\n\n\n<li>Ao n\u00edvel do local de trabalho: Disponibilidade de materiais e equipamentos funcionais, e melhores programas para registro cl\u00ednico e pesquisa.<\/li>\n\n\n\n<li>Ao n\u00edvel da administra\u00e7\u00e3o, tutela ou governo: Colocar a qualidade de vida dos profissionais na perspectiva dos cuidados prestados ao paciente.<\/li>\n<\/ul>\n\n\n\n<h2 class=\"wp-block-heading\" id=\"h-o-metodo-que-te-aprova\"><span class=\"ez-toc-section\" id=\"O_metodo_que_te_aprova\"><\/span><strong>O m\u00e9todo que te aprova!<\/strong><span class=\"ez-toc-section-end\"><\/span><\/h2>\n\n\n\n<p>Se voc\u00ea quer garantir a sua aprova\u00e7\u00e3o nas provas de resid\u00eancia, ent\u00e3o conhe\u00e7a o grupo MedCof e a metodologia que j\u00e1 aprovou <a href=\"https:\/\/www.grupomedcof.com.br\/blog\/presenca-da-medcof-nas-aprovacoes-em-residencia-medica-no-brasil\/\">mais de 20 mil<\/a> residentes pelo pa\u00eds. Confira abaixo o epis\u00f3dio do nosso podcast <a href=\"https:\/\/www.youtube.com\/watch?v=dFXGcMQfWCI\">papo de aprovado<\/a> em que nossos coordenadores conversam com quem pode comprovar na pr\u00e1tica a recompensa de confiar em nosso m\u00e9todo:<\/p>\n\n\n\n<figure class=\"wp-block-embed is-type-video is-provider-youtube wp-block-embed-youtube wp-embed-aspect-16-9 wp-has-aspect-ratio\"><div class=\"wp-block-embed__wrapper\">\n<div class=\"youtube-embed\" data-video_id=\"dFXGcMQfWCI\"><iframe loading=\"lazy\" title=\"Papo de Aprovado #11 - Hematologia e Hemoterapia - Pedro dos Santos Perez, aprovado 4X em S\u00e3o Paulo\" width=\"696\" height=\"392\" src=\"https:\/\/www.youtube.com\/embed\/dFXGcMQfWCI?feature=oembed&#038;enablejsapi=1\" frameborder=\"0\" allow=\"accelerometer; autoplay; clipboard-write; encrypted-media; gyroscope; picture-in-picture; web-share\" referrerpolicy=\"strict-origin-when-cross-origin\" allowfullscreen><\/iframe><\/div>\n<\/div><\/figure>\n","protected":false},"excerpt":{"rendered":"<p>Os n\u00edveis de preven\u00e7\u00e3o s\u00e3o classificados a partir de como e quando agem na hist\u00f3ria natural da doen\u00e7a. Clique e entenda!<\/p>\n","protected":false},"author":21,"featured_media":26280,"comment_status":"open","ping_status":"open","sticky":false,"template":"","format":"standard","meta":{"footnotes":""},"categories":[197],"tags":[1415],"ppma_author":[3617],"class_list":{"0":"post-26279","1":"post","2":"type-post","3":"status-publish","4":"format-standard","5":"has-post-thumbnail","7":"category-preventiva","8":"tag-prevencao"},"yoast_head":"<!-- This site is optimized with the Yoast SEO Premium plugin v24.3 (Yoast SEO v27.4) - https:\/\/yoast.com\/product\/yoast-seo-premium-wordpress\/ -->\n<title>Saiba os detalhes de todos os N\u00edveis de Preven\u00e7\u00e3o\u00a0 - Blog de Medcof: conte\u00fados, editais, revalida e mais!<\/title>\n<meta name=\"description\" content=\"Os n\u00edveis de preven\u00e7\u00e3o s\u00e3o classificados a partir de como e quando agem na hist\u00f3ria natural da doen\u00e7a. Clique e entenda!\" \/>\n<meta name=\"robots\" content=\"index, follow, max-snippet:-1, max-image-preview:large, max-video-preview:-1\" \/>\n<link rel=\"canonical\" href=\"https:\/\/www.grupomedcof.com.br\/blog\/niveis-de-prevencao-revise-e-nao-se-confunda-mais\/\" \/>\n<meta property=\"og:locale\" content=\"pt_BR\" \/>\n<meta property=\"og:type\" content=\"article\" \/>\n<meta property=\"og:title\" content=\"Saiba os detalhes de todos os N\u00edveis de Preven\u00e7\u00e3o\u00a0\" \/>\n<meta property=\"og:description\" content=\"Os n\u00edveis de preven\u00e7\u00e3o s\u00e3o classificados a partir de como e quando agem na hist\u00f3ria natural da doen\u00e7a. Clique e entenda!\" \/>\n<meta property=\"og:url\" content=\"https:\/\/www.grupomedcof.com.br\/blog\/niveis-de-prevencao-revise-e-nao-se-confunda-mais\/\" \/>\n<meta property=\"og:site_name\" content=\"Blog de Medcof: conte\u00fados, editais, revalida e mais!\" \/>\n<meta property=\"article:publisher\" content=\"https:\/\/www.facebook.com\/MedCofQbank\/\" \/>\n<meta property=\"article:published_time\" content=\"2025-09-10T16:42:21+00:00\" \/>\n<meta property=\"article:modified_time\" content=\"2025-09-12T11:51:17+00:00\" \/>\n<meta property=\"og:image\" content=\"https:\/\/www.grupomedcof.com.br\/blog\/wp-content\/uploads\/2024\/05\/Blog-MedCof-2024-05-08T124634.972-1024x576.png\" \/>\n\t<meta property=\"og:image:width\" content=\"1024\" \/>\n\t<meta property=\"og:image:height\" content=\"576\" \/>\n\t<meta property=\"og:image:type\" content=\"image\/png\" \/>\n<meta name=\"author\" content=\"Kiara Adelino\" \/>\n<meta name=\"twitter:card\" content=\"summary_large_image\" \/>\n<meta name=\"twitter:label1\" content=\"Escrito por\" \/>\n\t<meta name=\"twitter:data1\" content=\"Kiara Adelino\" \/>\n\t<meta name=\"twitter:label2\" content=\"Est. tempo de leitura\" \/>\n\t<meta name=\"twitter:data2\" content=\"8 minutos\" \/>\n<script type=\"application\/ld+json\" class=\"yoast-schema-graph\">{\"@context\":\"https:\\\/\\\/schema.org\",\"@graph\":[{\"@type\":\"Article\",\"@id\":\"https:\\\/\\\/www.grupomedcof.com.br\\\/blog\\\/niveis-de-prevencao-revise-e-nao-se-confunda-mais\\\/#article\",\"isPartOf\":{\"@id\":\"https:\\\/\\\/www.grupomedcof.com.br\\\/blog\\\/niveis-de-prevencao-revise-e-nao-se-confunda-mais\\\/\"},\"author\":{\"name\":\"Kiara Adelino\",\"@id\":\"https:\\\/\\\/www.grupomedcof.com.br\\\/blog\\\/#\\\/schema\\\/person\\\/db19a651f86c5fc202d6eee744fd3292\"},\"headline\":\"Saiba os detalhes de todos os N\u00edveis de Preven\u00e7\u00e3o\u00a0\",\"datePublished\":\"2025-09-10T16:42:21+00:00\",\"dateModified\":\"2025-09-12T11:51:17+00:00\",\"mainEntityOfPage\":{\"@id\":\"https:\\\/\\\/www.grupomedcof.com.br\\\/blog\\\/niveis-de-prevencao-revise-e-nao-se-confunda-mais\\\/\"},\"wordCount\":1219,\"commentCount\":0,\"publisher\":{\"@id\":\"https:\\\/\\\/www.grupomedcof.com.br\\\/blog\\\/#organization\"},\"image\":{\"@id\":\"https:\\\/\\\/www.grupomedcof.com.br\\\/blog\\\/niveis-de-prevencao-revise-e-nao-se-confunda-mais\\\/#primaryimage\"},\"thumbnailUrl\":\"https:\\\/\\\/www.grupomedcof.com.br\\\/blog\\\/wp-content\\\/uploads\\\/2024\\\/05\\\/Blog-MedCof-2024-05-08T124634.972.png\",\"keywords\":[\"Preven\u00e7\u00e3o\"],\"articleSection\":[\"Preventiva\"],\"inLanguage\":\"pt-BR\"},{\"@type\":\"WebPage\",\"@id\":\"https:\\\/\\\/www.grupomedcof.com.br\\\/blog\\\/niveis-de-prevencao-revise-e-nao-se-confunda-mais\\\/\",\"url\":\"https:\\\/\\\/www.grupomedcof.com.br\\\/blog\\\/niveis-de-prevencao-revise-e-nao-se-confunda-mais\\\/\",\"name\":\"Saiba os detalhes de todos os N\u00edveis de Preven\u00e7\u00e3o\u00a0 - Blog de Medcof: conte\u00fados, editais, revalida e mais!\",\"isPartOf\":{\"@id\":\"https:\\\/\\\/www.grupomedcof.com.br\\\/blog\\\/#website\"},\"primaryImageOfPage\":{\"@id\":\"https:\\\/\\\/www.grupomedcof.com.br\\\/blog\\\/niveis-de-prevencao-revise-e-nao-se-confunda-mais\\\/#primaryimage\"},\"image\":{\"@id\":\"https:\\\/\\\/www.grupomedcof.com.br\\\/blog\\\/niveis-de-prevencao-revise-e-nao-se-confunda-mais\\\/#primaryimage\"},\"thumbnailUrl\":\"https:\\\/\\\/www.grupomedcof.com.br\\\/blog\\\/wp-content\\\/uploads\\\/2024\\\/05\\\/Blog-MedCof-2024-05-08T124634.972.png\",\"datePublished\":\"2025-09-10T16:42:21+00:00\",\"dateModified\":\"2025-09-12T11:51:17+00:00\",\"description\":\"Os n\u00edveis de preven\u00e7\u00e3o s\u00e3o classificados a partir de como e quando agem na hist\u00f3ria natural da doen\u00e7a. Clique e entenda!\",\"breadcrumb\":{\"@id\":\"https:\\\/\\\/www.grupomedcof.com.br\\\/blog\\\/niveis-de-prevencao-revise-e-nao-se-confunda-mais\\\/#breadcrumb\"},\"inLanguage\":\"pt-BR\",\"potentialAction\":[{\"@type\":\"ReadAction\",\"target\":[\"https:\\\/\\\/www.grupomedcof.com.br\\\/blog\\\/niveis-de-prevencao-revise-e-nao-se-confunda-mais\\\/\"]}]},{\"@type\":\"ImageObject\",\"inLanguage\":\"pt-BR\",\"@id\":\"https:\\\/\\\/www.grupomedcof.com.br\\\/blog\\\/niveis-de-prevencao-revise-e-nao-se-confunda-mais\\\/#primaryimage\",\"url\":\"https:\\\/\\\/www.grupomedcof.com.br\\\/blog\\\/wp-content\\\/uploads\\\/2024\\\/05\\\/Blog-MedCof-2024-05-08T124634.972.png\",\"contentUrl\":\"https:\\\/\\\/www.grupomedcof.com.br\\\/blog\\\/wp-content\\\/uploads\\\/2024\\\/05\\\/Blog-MedCof-2024-05-08T124634.972.png\",\"width\":1920,\"height\":1080,\"caption\":\"Os n\u00edveis de preven\u00e7\u00e3o s\u00e3o classificados a partir de como e quando agem na hist\u00f3ria natural da doen\u00e7a.\"},{\"@type\":\"BreadcrumbList\",\"@id\":\"https:\\\/\\\/www.grupomedcof.com.br\\\/blog\\\/niveis-de-prevencao-revise-e-nao-se-confunda-mais\\\/#breadcrumb\",\"itemListElement\":[{\"@type\":\"ListItem\",\"position\":1,\"name\":\"In\u00edcio\",\"item\":\"https:\\\/\\\/www.grupomedcof.com.br\\\/blog\\\/\"},{\"@type\":\"ListItem\",\"position\":2,\"name\":\"Saiba os detalhes de todos os N\u00edveis de Preven\u00e7\u00e3o\u00a0\"}]},{\"@type\":\"WebSite\",\"@id\":\"https:\\\/\\\/www.grupomedcof.com.br\\\/blog\\\/#website\",\"url\":\"https:\\\/\\\/www.grupomedcof.com.br\\\/blog\\\/\",\"name\":\"Blog de Medcof: conte\u00fados, editais, revalida e mais!\",\"description\":\"Acesso o blog de MedCof! Seu portal de conte\u00fados sobre resid\u00eancia m\u00e9dica, an\u00e1lise e editais e muito mais. Clique e confira!\",\"publisher\":{\"@id\":\"https:\\\/\\\/www.grupomedcof.com.br\\\/blog\\\/#organization\"},\"alternateName\":\"Blog de Medcof: conte\u00fados, editais, revalida e mais!\",\"potentialAction\":[{\"@type\":\"SearchAction\",\"target\":{\"@type\":\"EntryPoint\",\"urlTemplate\":\"https:\\\/\\\/www.grupomedcof.com.br\\\/blog\\\/?s={search_term_string}\"},\"query-input\":{\"@type\":\"PropertyValueSpecification\",\"valueRequired\":true,\"valueName\":\"search_term_string\"}}],\"inLanguage\":\"pt-BR\"},{\"@type\":\"Organization\",\"@id\":\"https:\\\/\\\/www.grupomedcof.com.br\\\/blog\\\/#organization\",\"name\":\"Grupo MedCof\",\"url\":\"https:\\\/\\\/www.grupomedcof.com.br\\\/blog\\\/\",\"logo\":{\"@type\":\"ImageObject\",\"inLanguage\":\"pt-BR\",\"@id\":\"https:\\\/\\\/www.grupomedcof.com.br\\\/blog\\\/#\\\/schema\\\/logo\\\/image\\\/\",\"url\":\"https:\\\/\\\/www.grupomedcof.com.br\\\/blog\\\/wp-content\\\/uploads\\\/2022\\\/01\\\/logo-medcof.png\",\"contentUrl\":\"https:\\\/\\\/www.grupomedcof.com.br\\\/blog\\\/wp-content\\\/uploads\\\/2022\\\/01\\\/logo-medcof.png\",\"width\":768,\"height\":269,\"caption\":\"Grupo MedCof\"},\"image\":{\"@id\":\"https:\\\/\\\/www.grupomedcof.com.br\\\/blog\\\/#\\\/schema\\\/logo\\\/image\\\/\"},\"sameAs\":[\"https:\\\/\\\/www.facebook.com\\\/MedCofQbank\\\/\",\"https:\\\/\\\/www.instagram.com\\\/grupomedcof\\\/\",\"https:\\\/\\\/br.linkedin.com\\\/company\\\/medcof\",\"https:\\\/\\\/www.youtube.com\\\/channel\\\/UCdHMuOHKICxcHwecxN8P-AA\"]},{\"@type\":\"Person\",\"@id\":\"https:\\\/\\\/www.grupomedcof.com.br\\\/blog\\\/#\\\/schema\\\/person\\\/db19a651f86c5fc202d6eee744fd3292\",\"name\":\"Kiara Adelino\",\"image\":{\"@type\":\"ImageObject\",\"inLanguage\":\"pt-BR\",\"@id\":\"https:\\\/\\\/www.grupomedcof.com.br\\\/blog\\\/wp-content\\\/uploads\\\/2024\\\/08\\\/cropped-Kiara-Adelino2-96x96.jpega85663bdda67261f8f06f86e555e1e49\",\"url\":\"https:\\\/\\\/www.grupomedcof.com.br\\\/blog\\\/wp-content\\\/uploads\\\/2024\\\/08\\\/cropped-Kiara-Adelino2-96x96.jpeg\",\"contentUrl\":\"https:\\\/\\\/www.grupomedcof.com.br\\\/blog\\\/wp-content\\\/uploads\\\/2024\\\/08\\\/cropped-Kiara-Adelino2-96x96.jpeg\",\"caption\":\"Kiara Adelino\"},\"description\":\"Estudante do 5\u00b0 semestre de Medicina. Gosto bastante de aprender coisas novas, principalmente na \u00e1rea de Neurologia e Anatomia humana.\",\"url\":\"https:\\\/\\\/www.grupomedcof.com.br\\\/blog\\\/author\\\/kiara-adelino\\\/\"}]}<\/script>\n<!-- \/ Yoast SEO Premium plugin. -->","yoast_head_json":{"title":"Saiba os detalhes de todos os N\u00edveis de Preven\u00e7\u00e3o\u00a0 - Blog de Medcof: conte\u00fados, editais, revalida e mais!","description":"Os n\u00edveis de preven\u00e7\u00e3o s\u00e3o classificados a partir de como e quando agem na hist\u00f3ria natural da doen\u00e7a. Clique e entenda!","robots":{"index":"index","follow":"follow","max-snippet":"max-snippet:-1","max-image-preview":"max-image-preview:large","max-video-preview":"max-video-preview:-1"},"canonical":"https:\/\/www.grupomedcof.com.br\/blog\/niveis-de-prevencao-revise-e-nao-se-confunda-mais\/","og_locale":"pt_BR","og_type":"article","og_title":"Saiba os detalhes de todos os N\u00edveis de Preven\u00e7\u00e3o\u00a0","og_description":"Os n\u00edveis de preven\u00e7\u00e3o s\u00e3o classificados a partir de como e quando agem na hist\u00f3ria natural da doen\u00e7a. Clique e entenda!","og_url":"https:\/\/www.grupomedcof.com.br\/blog\/niveis-de-prevencao-revise-e-nao-se-confunda-mais\/","og_site_name":"Blog de Medcof: conte\u00fados, editais, revalida e mais!","article_publisher":"https:\/\/www.facebook.com\/MedCofQbank\/","article_published_time":"2025-09-10T16:42:21+00:00","article_modified_time":"2025-09-12T11:51:17+00:00","og_image":[{"width":1024,"height":576,"url":"https:\/\/www.grupomedcof.com.br\/blog\/wp-content\/uploads\/2024\/05\/Blog-MedCof-2024-05-08T124634.972-1024x576.png","type":"image\/png"}],"author":"Kiara Adelino","twitter_card":"summary_large_image","twitter_misc":{"Escrito por":"Kiara Adelino","Est. tempo de leitura":"8 minutos"},"schema":{"@context":"https:\/\/schema.org","@graph":[{"@type":"Article","@id":"https:\/\/www.grupomedcof.com.br\/blog\/niveis-de-prevencao-revise-e-nao-se-confunda-mais\/#article","isPartOf":{"@id":"https:\/\/www.grupomedcof.com.br\/blog\/niveis-de-prevencao-revise-e-nao-se-confunda-mais\/"},"author":{"name":"Kiara Adelino","@id":"https:\/\/www.grupomedcof.com.br\/blog\/#\/schema\/person\/db19a651f86c5fc202d6eee744fd3292"},"headline":"Saiba os detalhes de todos os N\u00edveis de Preven\u00e7\u00e3o\u00a0","datePublished":"2025-09-10T16:42:21+00:00","dateModified":"2025-09-12T11:51:17+00:00","mainEntityOfPage":{"@id":"https:\/\/www.grupomedcof.com.br\/blog\/niveis-de-prevencao-revise-e-nao-se-confunda-mais\/"},"wordCount":1219,"commentCount":0,"publisher":{"@id":"https:\/\/www.grupomedcof.com.br\/blog\/#organization"},"image":{"@id":"https:\/\/www.grupomedcof.com.br\/blog\/niveis-de-prevencao-revise-e-nao-se-confunda-mais\/#primaryimage"},"thumbnailUrl":"https:\/\/www.grupomedcof.com.br\/blog\/wp-content\/uploads\/2024\/05\/Blog-MedCof-2024-05-08T124634.972.png","keywords":["Preven\u00e7\u00e3o"],"articleSection":["Preventiva"],"inLanguage":"pt-BR"},{"@type":"WebPage","@id":"https:\/\/www.grupomedcof.com.br\/blog\/niveis-de-prevencao-revise-e-nao-se-confunda-mais\/","url":"https:\/\/www.grupomedcof.com.br\/blog\/niveis-de-prevencao-revise-e-nao-se-confunda-mais\/","name":"Saiba os detalhes de todos os N\u00edveis de Preven\u00e7\u00e3o\u00a0 - Blog de Medcof: conte\u00fados, editais, revalida e mais!","isPartOf":{"@id":"https:\/\/www.grupomedcof.com.br\/blog\/#website"},"primaryImageOfPage":{"@id":"https:\/\/www.grupomedcof.com.br\/blog\/niveis-de-prevencao-revise-e-nao-se-confunda-mais\/#primaryimage"},"image":{"@id":"https:\/\/www.grupomedcof.com.br\/blog\/niveis-de-prevencao-revise-e-nao-se-confunda-mais\/#primaryimage"},"thumbnailUrl":"https:\/\/www.grupomedcof.com.br\/blog\/wp-content\/uploads\/2024\/05\/Blog-MedCof-2024-05-08T124634.972.png","datePublished":"2025-09-10T16:42:21+00:00","dateModified":"2025-09-12T11:51:17+00:00","description":"Os n\u00edveis de preven\u00e7\u00e3o s\u00e3o classificados a partir de como e quando agem na hist\u00f3ria natural da doen\u00e7a. Clique e entenda!","breadcrumb":{"@id":"https:\/\/www.grupomedcof.com.br\/blog\/niveis-de-prevencao-revise-e-nao-se-confunda-mais\/#breadcrumb"},"inLanguage":"pt-BR","potentialAction":[{"@type":"ReadAction","target":["https:\/\/www.grupomedcof.com.br\/blog\/niveis-de-prevencao-revise-e-nao-se-confunda-mais\/"]}]},{"@type":"ImageObject","inLanguage":"pt-BR","@id":"https:\/\/www.grupomedcof.com.br\/blog\/niveis-de-prevencao-revise-e-nao-se-confunda-mais\/#primaryimage","url":"https:\/\/www.grupomedcof.com.br\/blog\/wp-content\/uploads\/2024\/05\/Blog-MedCof-2024-05-08T124634.972.png","contentUrl":"https:\/\/www.grupomedcof.com.br\/blog\/wp-content\/uploads\/2024\/05\/Blog-MedCof-2024-05-08T124634.972.png","width":1920,"height":1080,"caption":"Os n\u00edveis de preven\u00e7\u00e3o s\u00e3o classificados a partir de como e quando agem na hist\u00f3ria natural da doen\u00e7a."},{"@type":"BreadcrumbList","@id":"https:\/\/www.grupomedcof.com.br\/blog\/niveis-de-prevencao-revise-e-nao-se-confunda-mais\/#breadcrumb","itemListElement":[{"@type":"ListItem","position":1,"name":"In\u00edcio","item":"https:\/\/www.grupomedcof.com.br\/blog\/"},{"@type":"ListItem","position":2,"name":"Saiba os detalhes de todos os N\u00edveis de Preven\u00e7\u00e3o\u00a0"}]},{"@type":"WebSite","@id":"https:\/\/www.grupomedcof.com.br\/blog\/#website","url":"https:\/\/www.grupomedcof.com.br\/blog\/","name":"Blog de Medcof: conte\u00fados, editais, revalida e mais!","description":"Acesso o blog de MedCof! Seu portal de conte\u00fados sobre resid\u00eancia m\u00e9dica, an\u00e1lise e editais e muito mais. Clique e confira!","publisher":{"@id":"https:\/\/www.grupomedcof.com.br\/blog\/#organization"},"alternateName":"Blog de Medcof: conte\u00fados, editais, revalida e mais!","potentialAction":[{"@type":"SearchAction","target":{"@type":"EntryPoint","urlTemplate":"https:\/\/www.grupomedcof.com.br\/blog\/?s={search_term_string}"},"query-input":{"@type":"PropertyValueSpecification","valueRequired":true,"valueName":"search_term_string"}}],"inLanguage":"pt-BR"},{"@type":"Organization","@id":"https:\/\/www.grupomedcof.com.br\/blog\/#organization","name":"Grupo MedCof","url":"https:\/\/www.grupomedcof.com.br\/blog\/","logo":{"@type":"ImageObject","inLanguage":"pt-BR","@id":"https:\/\/www.grupomedcof.com.br\/blog\/#\/schema\/logo\/image\/","url":"https:\/\/www.grupomedcof.com.br\/blog\/wp-content\/uploads\/2022\/01\/logo-medcof.png","contentUrl":"https:\/\/www.grupomedcof.com.br\/blog\/wp-content\/uploads\/2022\/01\/logo-medcof.png","width":768,"height":269,"caption":"Grupo MedCof"},"image":{"@id":"https:\/\/www.grupomedcof.com.br\/blog\/#\/schema\/logo\/image\/"},"sameAs":["https:\/\/www.facebook.com\/MedCofQbank\/","https:\/\/www.instagram.com\/grupomedcof\/","https:\/\/br.linkedin.com\/company\/medcof","https:\/\/www.youtube.com\/channel\/UCdHMuOHKICxcHwecxN8P-AA"]},{"@type":"Person","@id":"https:\/\/www.grupomedcof.com.br\/blog\/#\/schema\/person\/db19a651f86c5fc202d6eee744fd3292","name":"Kiara Adelino","image":{"@type":"ImageObject","inLanguage":"pt-BR","@id":"https:\/\/www.grupomedcof.com.br\/blog\/wp-content\/uploads\/2024\/08\/cropped-Kiara-Adelino2-96x96.jpega85663bdda67261f8f06f86e555e1e49","url":"https:\/\/www.grupomedcof.com.br\/blog\/wp-content\/uploads\/2024\/08\/cropped-Kiara-Adelino2-96x96.jpeg","contentUrl":"https:\/\/www.grupomedcof.com.br\/blog\/wp-content\/uploads\/2024\/08\/cropped-Kiara-Adelino2-96x96.jpeg","caption":"Kiara Adelino"},"description":"Estudante do 5\u00b0 semestre de Medicina. Gosto bastante de aprender coisas novas, principalmente na \u00e1rea de Neurologia e Anatomia humana.","url":"https:\/\/www.grupomedcof.com.br\/blog\/author\/kiara-adelino\/"}]}},"authors":[{"term_id":3617,"user_id":21,"is_guest":0,"slug":"kiara-adelino","display_name":"Kiara Adelino","avatar_url":"https:\/\/www.grupomedcof.com.br\/blog\/wp-content\/uploads\/2024\/08\/cropped-Kiara-Adelino2-96x96.jpeg","0":null,"1":"","2":"","3":"","4":"","5":"","6":"","7":"","8":""}],"_links":{"self":[{"href":"https:\/\/www.grupomedcof.com.br\/blog\/wp-json\/wp\/v2\/posts\/26279","targetHints":{"allow":["GET"]}}],"collection":[{"href":"https:\/\/www.grupomedcof.com.br\/blog\/wp-json\/wp\/v2\/posts"}],"about":[{"href":"https:\/\/www.grupomedcof.com.br\/blog\/wp-json\/wp\/v2\/types\/post"}],"author":[{"embeddable":true,"href":"https:\/\/www.grupomedcof.com.br\/blog\/wp-json\/wp\/v2\/users\/21"}],"replies":[{"embeddable":true,"href":"https:\/\/www.grupomedcof.com.br\/blog\/wp-json\/wp\/v2\/comments?post=26279"}],"version-history":[{"count":3,"href":"https:\/\/www.grupomedcof.com.br\/blog\/wp-json\/wp\/v2\/posts\/26279\/revisions"}],"predecessor-version":[{"id":37731,"href":"https:\/\/www.grupomedcof.com.br\/blog\/wp-json\/wp\/v2\/posts\/26279\/revisions\/37731"}],"wp:featuredmedia":[{"embeddable":true,"href":"https:\/\/www.grupomedcof.com.br\/blog\/wp-json\/wp\/v2\/media\/26280"}],"wp:attachment":[{"href":"https:\/\/www.grupomedcof.com.br\/blog\/wp-json\/wp\/v2\/media?parent=26279"}],"wp:term":[{"taxonomy":"category","embeddable":true,"href":"https:\/\/www.grupomedcof.com.br\/blog\/wp-json\/wp\/v2\/categories?post=26279"},{"taxonomy":"post_tag","embeddable":true,"href":"https:\/\/www.grupomedcof.com.br\/blog\/wp-json\/wp\/v2\/tags?post=26279"},{"taxonomy":"author","embeddable":true,"href":"https:\/\/www.grupomedcof.com.br\/blog\/wp-json\/wp\/v2\/ppma_author?post=26279"}],"curies":[{"name":"wp","href":"https:\/\/api.w.org\/{rel}","templated":true}]}}