{"id":26300,"date":"2024-05-13T14:32:33","date_gmt":"2024-05-13T17:32:33","guid":{"rendered":"https:\/\/www.grupomedcof.com.br\/blog\/?p=26300"},"modified":"2026-04-24T15:36:48","modified_gmt":"2026-04-24T18:36:48","slug":"reanimacao-neonatal-atualizacao-do-protocolo-cuidados-iniciais-e-procedimentos","status":"publish","type":"post","link":"https:\/\/www.grupomedcof.com.br\/blog\/reanimacao-neonatal-atualizacao-do-protocolo-cuidados-iniciais-e-procedimentos\/","title":{"rendered":"Reanima\u00e7\u00e3o Neonatal: Atualiza\u00e7\u00e3o do Protocolo, cuidados iniciais e procedimentos."},"content":{"rendered":"<div id=\"ez-toc-container\" class=\"ez-toc-v2_0_74 counter-hierarchy ez-toc-counter ez-toc-transparent ez-toc-container-direction\">\n<div class=\"ez-toc-title-container\">\n<p class=\"ez-toc-title\" style=\"cursor:inherit\">Sum\u00e1rio<\/p>\n<span class=\"ez-toc-title-toggle\"><a href=\"#\" class=\"ez-toc-pull-right ez-toc-btn ez-toc-btn-xs ez-toc-btn-default ez-toc-toggle\" aria-label=\"Alternar tabela de conte\u00fado\"><span class=\"ez-toc-js-icon-con\"><span class=\"\"><span class=\"eztoc-hide\" style=\"display:none;\">Toggle<\/span><span class=\"ez-toc-icon-toggle-span\"><svg style=\"fill: #999;color:#999\" xmlns=\"http:\/\/www.w3.org\/2000\/svg\" class=\"list-377408\" width=\"20px\" height=\"20px\" viewBox=\"0 0 24 24\" fill=\"none\"><path d=\"M6 6H4v2h2V6zm14 0H8v2h12V6zM4 11h2v2H4v-2zm16 0H8v2h12v-2zM4 16h2v2H4v-2zm16 0H8v2h12v-2z\" fill=\"currentColor\"><\/path><\/svg><svg style=\"fill: #999;color:#999\" class=\"arrow-unsorted-368013\" xmlns=\"http:\/\/www.w3.org\/2000\/svg\" width=\"10px\" height=\"10px\" viewBox=\"0 0 24 24\" version=\"1.2\" baseProfile=\"tiny\"><path d=\"M18.2 9.3l-6.2-6.3-6.2 6.3c-.2.2-.3.4-.3.7s.1.5.3.7c.2.2.4.3.7.3h11c.3 0 .5-.1.7-.3.2-.2.3-.5.3-.7s-.1-.5-.3-.7zM5.8 14.7l6.2 6.3 6.2-6.3c.2-.2.3-.5.3-.7s-.1-.5-.3-.7c-.2-.2-.4-.3-.7-.3h-11c-.3 0-.5.1-.7.3-.2.2-.3.5-.3.7s.1.5.3.7z\"\/><\/svg><\/span><\/span><\/span><\/a><\/span><\/div>\n<nav><ul class='ez-toc-list ez-toc-list-level-1 ' ><li class='ez-toc-page-1 ez-toc-heading-level-2'><a class=\"ez-toc-link ez-toc-heading-1\" href=\"https:\/\/www.grupomedcof.com.br\/blog\/reanimacao-neonatal-atualizacao-do-protocolo-cuidados-iniciais-e-procedimentos\/#Quando_Iniciar_a_Reanimacao_Neonatal\" >Quando Iniciar a Reanima\u00e7\u00e3o Neonatal?<\/a><\/li><li class='ez-toc-page-1 ez-toc-heading-level-2'><a class=\"ez-toc-link ez-toc-heading-2\" href=\"https:\/\/www.grupomedcof.com.br\/blog\/reanimacao-neonatal-atualizacao-do-protocolo-cuidados-iniciais-e-procedimentos\/#Atuando_Rapidamente_para_Garantir_a_Vitalidade_do_RN\" >Atuando Rapidamente para Garantir a Vitalidade do RN<\/a><\/li><li class='ez-toc-page-1 ez-toc-heading-level-2'><a class=\"ez-toc-link ez-toc-heading-3\" href=\"https:\/\/www.grupomedcof.com.br\/blog\/reanimacao-neonatal-atualizacao-do-protocolo-cuidados-iniciais-e-procedimentos\/#Indicacao_e_Tecnica_da_VPP\" >Indica\u00e7\u00e3o e T\u00e9cnica da VPP<\/a><\/li><li class='ez-toc-page-1 ez-toc-heading-level-2'><a class=\"ez-toc-link ez-toc-heading-4\" href=\"https:\/\/www.grupomedcof.com.br\/blog\/reanimacao-neonatal-atualizacao-do-protocolo-cuidados-iniciais-e-procedimentos\/#Quando_Iniciar_a_Massagem_Cardiaca\" >Quando Iniciar a Massagem Card\u00edaca?<\/a><\/li><li class='ez-toc-page-1 ez-toc-heading-level-2'><a class=\"ez-toc-link ez-toc-heading-5\" href=\"https:\/\/www.grupomedcof.com.br\/blog\/reanimacao-neonatal-atualizacao-do-protocolo-cuidados-iniciais-e-procedimentos\/#Quando_iniciar_as_medicacoes_de_suporte\" >Quando iniciar as medica\u00e7\u00f5es de suporte?<\/a><ul class='ez-toc-list-level-3' ><li class='ez-toc-heading-level-3'><a class=\"ez-toc-link ez-toc-heading-6\" href=\"https:\/\/www.grupomedcof.com.br\/blog\/reanimacao-neonatal-atualizacao-do-protocolo-cuidados-iniciais-e-procedimentos\/#O_metodo_que_te_aprova\" >O m\u00e9todo que te aprova<\/a><\/li><\/ul><\/li><\/ul><\/nav><\/div>\n\n<figure class=\"wp-block-image size-large\"><img loading=\"lazy\" decoding=\"async\" width=\"1024\" height=\"576\" src=\"https:\/\/www.grupomedcof.com.br\/blog\/wp-content\/uploads\/2024\/05\/Blog-MedCof-2024-05-13T114408.771-1024x576.png\" alt=\"\" class=\"wp-image-26301\" srcset=\"https:\/\/www.grupomedcof.com.br\/blog\/wp-content\/uploads\/2024\/05\/Blog-MedCof-2024-05-13T114408.771-1024x576.png 1024w, https:\/\/www.grupomedcof.com.br\/blog\/wp-content\/uploads\/2024\/05\/Blog-MedCof-2024-05-13T114408.771-300x169.png 300w, https:\/\/www.grupomedcof.com.br\/blog\/wp-content\/uploads\/2024\/05\/Blog-MedCof-2024-05-13T114408.771-768x432.png 768w, https:\/\/www.grupomedcof.com.br\/blog\/wp-content\/uploads\/2024\/05\/Blog-MedCof-2024-05-13T114408.771-1536x864.png 1536w, https:\/\/www.grupomedcof.com.br\/blog\/wp-content\/uploads\/2024\/05\/Blog-MedCof-2024-05-13T114408.771-747x420.png 747w, https:\/\/www.grupomedcof.com.br\/blog\/wp-content\/uploads\/2024\/05\/Blog-MedCof-2024-05-13T114408.771-150x84.png 150w, https:\/\/www.grupomedcof.com.br\/blog\/wp-content\/uploads\/2024\/05\/Blog-MedCof-2024-05-13T114408.771-696x392.png 696w, https:\/\/www.grupomedcof.com.br\/blog\/wp-content\/uploads\/2024\/05\/Blog-MedCof-2024-05-13T114408.771-1068x601.png 1068w, https:\/\/www.grupomedcof.com.br\/blog\/wp-content\/uploads\/2024\/05\/Blog-MedCof-2024-05-13T114408.771.png 1920w\" sizes=\"auto, (max-width: 1024px) 100vw, 1024px\" \/><figcaption class=\"wp-element-caption\">A reanima\u00e7\u00e3o \u00e9 indicada quando o rec\u00e9m-nascido (RN) demonstra qualquer sinal de baixa vitalidade<\/figcaption><\/figure>\n\n\n\n<p>O entendimento do protocolo de reanima\u00e7\u00e3o neonatal \u00e9 de suma import\u00e2ncia para todos os m\u00e9dicos generalistas, visto que \u00e9 uma tem\u00e1tica recorrente em exames de resid\u00eancia, \u00e9 fundamental devido \u00e0 possibilidade comum de partos ocorrerem em locais desprovidos de pediatras.<\/p>\n\n\n\n<h2 class=\"wp-block-heading\" id=\"h-quando-iniciar-a-reanimacao-neonatal\"><span class=\"ez-toc-section\" id=\"Quando_Iniciar_a_Reanimacao_Neonatal\"><\/span><strong>Quando Iniciar a Reanima\u00e7\u00e3o Neonatal?<\/strong><span class=\"ez-toc-section-end\"><\/span><\/h2>\n\n\n\n<p>A reanima\u00e7\u00e3o \u00e9 indicada quando o rec\u00e9m-nascido (RN) demonstra qualquer sinal de baixa vitalidade, avaliado por meio de tr\u00eas perguntas simples:<\/p>\n\n\n\n<ol class=\"wp-block-list\">\n<li>Possui Idade Gestacional (IG) \u2265 34 semanas?<\/li>\n\n\n\n<li>Apresenta respira\u00e7\u00e3o regular ou choro vigoroso?<\/li>\n\n\n\n<li>Demonstrando t\u00f4nus muscular em flex\u00e3o?<\/li>\n<\/ol>\n\n\n\n<p>Uma resposta &#8220;N\u00e3o&#8221; para qualquer uma das tr\u00eas quest\u00f5es, especialmente a segunda e a terceira, indica baixa vitalidade, sendo assim, necess\u00e1rio iniciar o protocolo de reanima\u00e7\u00e3o neonatal.<\/p>\n\n\n\n<h2 class=\"wp-block-heading\" id=\"h-atuando-rapidamente-para-garantir-a-vitalidade-do-rn\"><span class=\"ez-toc-section\" id=\"Atuando_Rapidamente_para_Garantir_a_Vitalidade_do_RN\"><\/span><strong> Atuando Rapidamente para Garantir a Vitalidade do RN<\/strong><span class=\"ez-toc-section-end\"><\/span><\/h2>\n\n\n\n<p>Uma vez identificada a altera\u00e7\u00e3o da vitalidade do RN, o m\u00e9dico deve realizar dois est\u00edmulos t\u00e1teis no dorso e proceder ao clampeamento imediato do cord\u00e3o umbilical.<\/p>\n\n\n\n<p>Ap\u00f3s o clampeamento, os passos PSPA (nesta ordem) devem ser iniciados em at\u00e9 30 segundos:<\/p>\n\n\n\n<ul class=\"wp-block-list\">\n<li><strong>P &#8211; Prover Calor:<\/strong> Colocar o beb\u00ea no ber\u00e7o com calor radiante e campos aquecidos. Com a idade gestacional inferior a 34 semanas, o beb\u00ea deve ser colocado em um saco pl\u00e1stico com touca dupla antes de ser posicionado no ber\u00e7o.<\/li>\n\n\n\n<li><strong>S &#8211; Secar:<\/strong> Secar a cabe\u00e7a e a fontanela e descartar campos \u00famidos.<\/li>\n\n\n\n<li><strong>P &#8211; Posicionar:<\/strong> Posicionar a cabe\u00e7a em leve extens\u00e3o para retificar a via a\u00e9rea.<\/li>\n\n\n\n<li><strong>A &#8211; Aspirar:<\/strong> Aspirar boca e nariz, se necess\u00e1rio.<\/li>\n<\/ul>\n\n\n\n<p>Ap\u00f3s esses cuidados, \u00e9 crucial verificar a respira\u00e7\u00e3o e a frequ\u00eancia card\u00edaca (FC), pois,  caso o beb\u00ea esteja respirando bem e com FC \u2265 100 bpm, as medidas de reanima\u00e7\u00e3o podem ser interrompidas, continuando os cuidados na sala de parto junto \u00e0 m\u00e3e.<\/p>\n\n\n\n<p>Para RNs com menos de 34 semanas, o Ventilador em T \u00e9 preferido devido \u00e0 sua capacidade de fornecer uma press\u00e3o positiva ao final da expira\u00e7\u00e3o (PEEP),assim,  prevenindo o colapso de alv\u00e9olos imaturos.<\/p>\n\n\n\n<h2 class=\"wp-block-heading\"><span class=\"ez-toc-section\" id=\"Indicacao_e_Tecnica_da_VPP\"><\/span><strong>Indica\u00e7\u00e3o e T\u00e9cnica da VPP<\/strong><span class=\"ez-toc-section-end\"><\/span><\/h2>\n\n\n\n<p>A VPP \u00e9 necess\u00e1ria para aproximadamente 1 em cada 10 rec\u00e9m-nascidos (RNs), portanto, \u00e9 fundamental entender sua indica\u00e7\u00e3o e t\u00e9cnica adequada.<\/p>\n\n\n\n<p>A VPP \u00e9 indicada caso o RN n\u00e3o responda adequadamente aos passos iniciais (Sequ\u00eancia PSPA) dentro do primeiro minuto de vida, conhecido como &#8220;Golden Minute&#8221;.<\/p>\n\n\n\n<p>Pode ser realizada utilizando a Bolsa-Valva-M\u00e1scara (ritmo aperta-solta-solta) ou o Ventilador em T(ritmo ocluui-solta-solta), com uma frequ\u00eancia de ventila\u00e7\u00e3o de 40-60 movimentos\/min.<\/p>\n\n\n\n<h2 class=\"wp-block-heading\" id=\"h-quando-iniciar-a-massagem-cardiaca\"><span class=\"ez-toc-section\" id=\"Quando_Iniciar_a_Massagem_Cardiaca\"><\/span><strong>Quando Iniciar a Massagem Card\u00edaca?<\/strong><span class=\"ez-toc-section-end\"><\/span><\/h2>\n\n\n\n<p>Seguindo o fluxograma de reanima\u00e7\u00e3o neonatal, se, ap\u00f3s 30 segundos de Ventila\u00e7\u00e3o por Press\u00e3o Positiva (VPP) por c\u00e2nula traqueal com t\u00e9cnica adequada e uso de O2 a 60-100%, o rec\u00e9m-nascido (RN) persistir com FC &lt; 60 bpm, a massagem card\u00edaca deve ser iniciada.<\/p>\n\n\n\n<p>Utiliza-se a t\u00e9cnica dos dois polegares, sincronizada com a ventila\u00e7\u00e3o, no ritmo de 3 compress\u00f5es para 1 ventila\u00e7\u00e3o (ritmo 1, 2, 3 ventila).<\/p>\n\n\n\n<p>T\u00e9cnica dos dois polegares de massagem card\u00edaca.<\/p>\n\n\n\n<figure class=\"wp-block-image size-large\"><img loading=\"lazy\" decoding=\"async\" width=\"1024\" height=\"733\" src=\"https:\/\/www.grupomedcof.com.br\/blog\/wp-content\/uploads\/2024\/05\/2_ILT_Ped_Neonatologia-1024x733.png\" alt=\"\" class=\"wp-image-26303\" srcset=\"https:\/\/www.grupomedcof.com.br\/blog\/wp-content\/uploads\/2024\/05\/2_ILT_Ped_Neonatologia-1024x733.png 1024w, https:\/\/www.grupomedcof.com.br\/blog\/wp-content\/uploads\/2024\/05\/2_ILT_Ped_Neonatologia-300x215.png 300w, https:\/\/www.grupomedcof.com.br\/blog\/wp-content\/uploads\/2024\/05\/2_ILT_Ped_Neonatologia-768x550.png 768w, https:\/\/www.grupomedcof.com.br\/blog\/wp-content\/uploads\/2024\/05\/2_ILT_Ped_Neonatologia-1536x1100.png 1536w, https:\/\/www.grupomedcof.com.br\/blog\/wp-content\/uploads\/2024\/05\/2_ILT_Ped_Neonatologia-2048x1466.png 2048w, https:\/\/www.grupomedcof.com.br\/blog\/wp-content\/uploads\/2024\/05\/2_ILT_Ped_Neonatologia-587x420.png 587w, https:\/\/www.grupomedcof.com.br\/blog\/wp-content\/uploads\/2024\/05\/2_ILT_Ped_Neonatologia-150x107.png 150w, https:\/\/www.grupomedcof.com.br\/blog\/wp-content\/uploads\/2024\/05\/2_ILT_Ped_Neonatologia-696x498.png 696w, https:\/\/www.grupomedcof.com.br\/blog\/wp-content\/uploads\/2024\/05\/2_ILT_Ped_Neonatologia-1068x765.png 1068w, https:\/\/www.grupomedcof.com.br\/blog\/wp-content\/uploads\/2024\/05\/2_ILT_Ped_Neonatologia-1920x1374.png 1920w\" sizes=\"auto, (max-width: 1024px) 100vw, 1024px\" \/><figcaption class=\"wp-element-caption\">Fonte: Acervo Medcof<\/figcaption><\/figure>\n\n\n\n<h2 class=\"wp-block-heading\"><span class=\"ez-toc-section\" id=\"Quando_iniciar_as_medicacoes_de_suporte\"><\/span><strong>Quando iniciar as medica\u00e7\u00f5es de suporte?<\/strong><span class=\"ez-toc-section-end\"><\/span><\/h2>\n\n\n\n<p>Deve-se aplicar a massagem card\u00edaca coordenada \u00e0 ventila\u00e7\u00e3o por 60 segundos antes de reavaliar a FC, pois, \u00e9 o tempo m\u00ednimo para que a massagem card\u00edaca efetiva possa restabelecer a press\u00e3o de perfus\u00e3o coronariana<\/p>\n\n\n\n<p>Se a FC permanecer &lt;60 bpm, apesar da ventila\u00e7\u00e3o efetiva, massagem card\u00edaca adequada e sincronizada por pelo menos 60 segundos, a administra\u00e7\u00e3o de adrenalina est\u00e1 indicada.<\/p>\n\n\n\n<p>Observe abaixo como deve ser a dilui\u00e7\u00e3o e dose da adrenalina<\/p>\n\n\n\n<figure class=\"wp-block-image size-full\"><img loading=\"lazy\" decoding=\"async\" width=\"593\" height=\"253\" src=\"https:\/\/www.grupomedcof.com.br\/blog\/wp-content\/uploads\/2024\/05\/Untitled-69.png\" alt=\"\" class=\"wp-image-26308\" srcset=\"https:\/\/www.grupomedcof.com.br\/blog\/wp-content\/uploads\/2024\/05\/Untitled-69.png 593w, https:\/\/www.grupomedcof.com.br\/blog\/wp-content\/uploads\/2024\/05\/Untitled-69-300x128.png 300w, https:\/\/www.grupomedcof.com.br\/blog\/wp-content\/uploads\/2024\/05\/Untitled-69-150x64.png 150w\" sizes=\"auto, (max-width: 593px) 100vw, 593px\" \/><figcaption class=\"wp-element-caption\">Fonte: SBP, 2022.<\/figcaption><\/figure>\n\n\n\n<h3 class=\"wp-block-heading\" id=\"h-o-metodo-que-te-aprova\"><span class=\"ez-toc-section\" id=\"O_metodo_que_te_aprova\"><\/span><strong>O m\u00e9todo que te aprova<\/strong><span class=\"ez-toc-section-end\"><\/span><\/h3>\n\n\n\n<p>Se voc\u00ea quer garantir a sua aprova\u00e7\u00e3o nas provas de resid\u00eancia, ent\u00e3o conhe\u00e7a o grupo MedCof e a metodologia que j\u00e1 aprovou <a href=\"https:\/\/www.grupomedcof.com.br\/blog\/presenca-da-medcof-nas-aprovacoes-em-residencia-medica-no-brasil\/\">mais de 10 mil<\/a> residentes pelo pa\u00eds. Confira abaixo o epis\u00f3dio do nosso podcast <a href=\"https:\/\/www.youtube.com\/watch?v=B_UxNU3OicE\">papo de aprovado<\/a> em que nossos coordenadores conversam com quem pode comprovar na pr\u00e1tica a recompensa de confiar em nosso m\u00e9todo:<\/p>\n\n\n\n<figure class=\"wp-block-embed is-type-video is-provider-youtube wp-block-embed-youtube wp-embed-aspect-16-9 wp-has-aspect-ratio\"><div class=\"wp-block-embed__wrapper\">\n<div class=\"youtube-embed\" data-video_id=\"B_UxNU3OicE\"><iframe loading=\"lazy\" title=\"Papo de Aprovado #10 - Cirurgia Geral USP-SP Diego Noya Brandao\" width=\"696\" height=\"392\" src=\"https:\/\/www.youtube.com\/embed\/B_UxNU3OicE?feature=oembed&#038;enablejsapi=1\" frameborder=\"0\" allow=\"accelerometer; autoplay; clipboard-write; encrypted-media; gyroscope; picture-in-picture; web-share\" referrerpolicy=\"strict-origin-when-cross-origin\" allowfullscreen><\/iframe><\/div>\n<\/div><\/figure>\n","protected":false},"excerpt":{"rendered":"<p>A reanima\u00e7\u00e3o \u00e9 indicada quando o rec\u00e9m-nascido (RN) demonstra qualquer sinal de baixa vitalidade.<\/p>\n","protected":false},"author":10,"featured_media":26301,"comment_status":"open","ping_status":"open","sticky":false,"template":"","format":"standard","meta":{"footnotes":""},"categories":[258,879,120],"tags":[1421,109,1420],"ppma_author":[3613],"class_list":{"0":"post-26300","1":"post","2":"type-post","3":"status-publish","4":"format-standard","5":"has-post-thumbnail","7":"category-atualizacoes","8":"category-neonatologia","9":"category-pediatria","10":"tag-neonatal","11":"tag-pediatria","12":"tag-reanimacao"},"yoast_head":"<!-- This site is optimized with the Yoast SEO Premium plugin v24.3 (Yoast SEO v27.4) - https:\/\/yoast.com\/product\/yoast-seo-premium-wordpress\/ -->\n<title>Reanima\u00e7\u00e3o Neonatal: Protocolo Atualizado | MedCof<\/title>\n<meta name=\"description\" content=\"A reanima\u00e7\u00e3o neonatal \u00e9 indicada quando o rec\u00e9m-nascido (RN) demonstra qualquer sinal de baixa vitalidade, avaliado por meio...\" \/>\n<meta name=\"robots\" content=\"index, follow, max-snippet:-1, max-image-preview:large, max-video-preview:-1\" \/>\n<link rel=\"canonical\" href=\"https:\/\/www.grupomedcof.com.br\/blog\/reanimacao-neonatal-atualizacao-do-protocolo-cuidados-iniciais-e-procedimentos\/\" \/>\n<meta property=\"og:locale\" content=\"pt_BR\" \/>\n<meta property=\"og:type\" content=\"article\" \/>\n<meta property=\"og:title\" content=\"Reanima\u00e7\u00e3o Neonatal: Atualiza\u00e7\u00e3o do Protocolo, cuidados iniciais e procedimentos.\" \/>\n<meta property=\"og:description\" content=\"A reanima\u00e7\u00e3o neonatal \u00e9 indicada quando o rec\u00e9m-nascido (RN) demonstra qualquer sinal de baixa vitalidade, avaliado por meio...\" \/>\n<meta property=\"og:url\" content=\"https:\/\/www.grupomedcof.com.br\/blog\/reanimacao-neonatal-atualizacao-do-protocolo-cuidados-iniciais-e-procedimentos\/\" \/>\n<meta property=\"og:site_name\" content=\"Blog de Medcof: conte\u00fados, editais, revalida e mais!\" \/>\n<meta property=\"article:publisher\" content=\"https:\/\/www.facebook.com\/MedCofQbank\/\" \/>\n<meta property=\"article:published_time\" content=\"2024-05-13T17:32:33+00:00\" \/>\n<meta property=\"article:modified_time\" content=\"2026-04-24T18:36:48+00:00\" \/>\n<meta property=\"og:image\" content=\"https:\/\/www.grupomedcof.com.br\/blog\/wp-content\/uploads\/2024\/05\/Blog-MedCof-2024-05-13T114408.771.png\" \/>\n\t<meta property=\"og:image:width\" content=\"1920\" \/>\n\t<meta property=\"og:image:height\" content=\"1080\" \/>\n\t<meta property=\"og:image:type\" content=\"image\/png\" \/>\n<meta name=\"author\" content=\"Grupo MedCof\" \/>\n<meta name=\"twitter:card\" content=\"summary_large_image\" \/>\n<meta name=\"twitter:label1\" content=\"Escrito por\" \/>\n\t<meta name=\"twitter:data1\" content=\"Grupo MedCof\" \/>\n\t<meta name=\"twitter:label2\" content=\"Est. tempo de leitura\" \/>\n\t<meta name=\"twitter:data2\" content=\"5 minutos\" \/>\n<script type=\"application\/ld+json\" class=\"yoast-schema-graph\">{\"@context\":\"https:\\\/\\\/schema.org\",\"@graph\":[{\"@type\":\"Article\",\"@id\":\"https:\\\/\\\/www.grupomedcof.com.br\\\/blog\\\/reanimacao-neonatal-atualizacao-do-protocolo-cuidados-iniciais-e-procedimentos\\\/#article\",\"isPartOf\":{\"@id\":\"https:\\\/\\\/www.grupomedcof.com.br\\\/blog\\\/reanimacao-neonatal-atualizacao-do-protocolo-cuidados-iniciais-e-procedimentos\\\/\"},\"author\":{\"name\":\"Grupo MedCof\",\"@id\":\"https:\\\/\\\/www.grupomedcof.com.br\\\/blog\\\/#\\\/schema\\\/person\\\/5e56a3921255c01181f3d8c20d53f9c0\"},\"headline\":\"Reanima\u00e7\u00e3o Neonatal: Atualiza\u00e7\u00e3o do Protocolo, cuidados iniciais e procedimentos.\",\"datePublished\":\"2024-05-13T17:32:33+00:00\",\"dateModified\":\"2026-04-24T18:36:48+00:00\",\"mainEntityOfPage\":{\"@id\":\"https:\\\/\\\/www.grupomedcof.com.br\\\/blog\\\/reanimacao-neonatal-atualizacao-do-protocolo-cuidados-iniciais-e-procedimentos\\\/\"},\"wordCount\":699,\"commentCount\":0,\"publisher\":{\"@id\":\"https:\\\/\\\/www.grupomedcof.com.br\\\/blog\\\/#organization\"},\"image\":{\"@id\":\"https:\\\/\\\/www.grupomedcof.com.br\\\/blog\\\/reanimacao-neonatal-atualizacao-do-protocolo-cuidados-iniciais-e-procedimentos\\\/#primaryimage\"},\"thumbnailUrl\":\"https:\\\/\\\/www.grupomedcof.com.br\\\/blog\\\/wp-content\\\/uploads\\\/2024\\\/05\\\/Blog-MedCof-2024-05-13T114408.771.png\",\"keywords\":[\"neonatal\",\"Pediatria\",\"reanima\u00e7\u00e3o\"],\"articleSection\":[\"Atualiza\u00e7\u00f5es\",\"Neonatologia\",\"Pediatria\"],\"inLanguage\":\"pt-BR\"},{\"@type\":\"WebPage\",\"@id\":\"https:\\\/\\\/www.grupomedcof.com.br\\\/blog\\\/reanimacao-neonatal-atualizacao-do-protocolo-cuidados-iniciais-e-procedimentos\\\/\",\"url\":\"https:\\\/\\\/www.grupomedcof.com.br\\\/blog\\\/reanimacao-neonatal-atualizacao-do-protocolo-cuidados-iniciais-e-procedimentos\\\/\",\"name\":\"Reanima\u00e7\u00e3o Neonatal: Protocolo Atualizado | MedCof\",\"isPartOf\":{\"@id\":\"https:\\\/\\\/www.grupomedcof.com.br\\\/blog\\\/#website\"},\"primaryImageOfPage\":{\"@id\":\"https:\\\/\\\/www.grupomedcof.com.br\\\/blog\\\/reanimacao-neonatal-atualizacao-do-protocolo-cuidados-iniciais-e-procedimentos\\\/#primaryimage\"},\"image\":{\"@id\":\"https:\\\/\\\/www.grupomedcof.com.br\\\/blog\\\/reanimacao-neonatal-atualizacao-do-protocolo-cuidados-iniciais-e-procedimentos\\\/#primaryimage\"},\"thumbnailUrl\":\"https:\\\/\\\/www.grupomedcof.com.br\\\/blog\\\/wp-content\\\/uploads\\\/2024\\\/05\\\/Blog-MedCof-2024-05-13T114408.771.png\",\"datePublished\":\"2024-05-13T17:32:33+00:00\",\"dateModified\":\"2026-04-24T18:36:48+00:00\",\"description\":\"A reanima\u00e7\u00e3o neonatal \u00e9 indicada quando o rec\u00e9m-nascido (RN) demonstra qualquer sinal de baixa vitalidade, avaliado por meio...\",\"breadcrumb\":{\"@id\":\"https:\\\/\\\/www.grupomedcof.com.br\\\/blog\\\/reanimacao-neonatal-atualizacao-do-protocolo-cuidados-iniciais-e-procedimentos\\\/#breadcrumb\"},\"inLanguage\":\"pt-BR\",\"potentialAction\":[{\"@type\":\"ReadAction\",\"target\":[\"https:\\\/\\\/www.grupomedcof.com.br\\\/blog\\\/reanimacao-neonatal-atualizacao-do-protocolo-cuidados-iniciais-e-procedimentos\\\/\"]}]},{\"@type\":\"ImageObject\",\"inLanguage\":\"pt-BR\",\"@id\":\"https:\\\/\\\/www.grupomedcof.com.br\\\/blog\\\/reanimacao-neonatal-atualizacao-do-protocolo-cuidados-iniciais-e-procedimentos\\\/#primaryimage\",\"url\":\"https:\\\/\\\/www.grupomedcof.com.br\\\/blog\\\/wp-content\\\/uploads\\\/2024\\\/05\\\/Blog-MedCof-2024-05-13T114408.771.png\",\"contentUrl\":\"https:\\\/\\\/www.grupomedcof.com.br\\\/blog\\\/wp-content\\\/uploads\\\/2024\\\/05\\\/Blog-MedCof-2024-05-13T114408.771.png\",\"width\":1920,\"height\":1080,\"caption\":\"A reanima\u00e7\u00e3o \u00e9 indicada quando o rec\u00e9m-nascido (RN) demonstra qualquer sinal de baixa vitalidade\"},{\"@type\":\"BreadcrumbList\",\"@id\":\"https:\\\/\\\/www.grupomedcof.com.br\\\/blog\\\/reanimacao-neonatal-atualizacao-do-protocolo-cuidados-iniciais-e-procedimentos\\\/#breadcrumb\",\"itemListElement\":[{\"@type\":\"ListItem\",\"position\":1,\"name\":\"In\u00edcio\",\"item\":\"https:\\\/\\\/www.grupomedcof.com.br\\\/blog\\\/\"},{\"@type\":\"ListItem\",\"position\":2,\"name\":\"Reanima\u00e7\u00e3o Neonatal: Atualiza\u00e7\u00e3o do Protocolo, cuidados iniciais e procedimentos.\"}]},{\"@type\":\"WebSite\",\"@id\":\"https:\\\/\\\/www.grupomedcof.com.br\\\/blog\\\/#website\",\"url\":\"https:\\\/\\\/www.grupomedcof.com.br\\\/blog\\\/\",\"name\":\"Blog de Medcof: conte\u00fados, editais, revalida e mais!\",\"description\":\"Acesso o blog de MedCof! Seu portal de conte\u00fados sobre resid\u00eancia m\u00e9dica, an\u00e1lise e editais e muito mais. Clique e confira!\",\"publisher\":{\"@id\":\"https:\\\/\\\/www.grupomedcof.com.br\\\/blog\\\/#organization\"},\"alternateName\":\"Blog de Medcof: conte\u00fados, editais, revalida e mais!\",\"potentialAction\":[{\"@type\":\"SearchAction\",\"target\":{\"@type\":\"EntryPoint\",\"urlTemplate\":\"https:\\\/\\\/www.grupomedcof.com.br\\\/blog\\\/?s={search_term_string}\"},\"query-input\":{\"@type\":\"PropertyValueSpecification\",\"valueRequired\":true,\"valueName\":\"search_term_string\"}}],\"inLanguage\":\"pt-BR\"},{\"@type\":\"Organization\",\"@id\":\"https:\\\/\\\/www.grupomedcof.com.br\\\/blog\\\/#organization\",\"name\":\"Grupo MedCof\",\"url\":\"https:\\\/\\\/www.grupomedcof.com.br\\\/blog\\\/\",\"logo\":{\"@type\":\"ImageObject\",\"inLanguage\":\"pt-BR\",\"@id\":\"https:\\\/\\\/www.grupomedcof.com.br\\\/blog\\\/#\\\/schema\\\/logo\\\/image\\\/\",\"url\":\"https:\\\/\\\/www.grupomedcof.com.br\\\/blog\\\/wp-content\\\/uploads\\\/2022\\\/01\\\/logo-medcof.png\",\"contentUrl\":\"https:\\\/\\\/www.grupomedcof.com.br\\\/blog\\\/wp-content\\\/uploads\\\/2022\\\/01\\\/logo-medcof.png\",\"width\":768,\"height\":269,\"caption\":\"Grupo MedCof\"},\"image\":{\"@id\":\"https:\\\/\\\/www.grupomedcof.com.br\\\/blog\\\/#\\\/schema\\\/logo\\\/image\\\/\"},\"sameAs\":[\"https:\\\/\\\/www.facebook.com\\\/MedCofQbank\\\/\",\"https:\\\/\\\/www.instagram.com\\\/grupomedcof\\\/\",\"https:\\\/\\\/br.linkedin.com\\\/company\\\/medcof\",\"https:\\\/\\\/www.youtube.com\\\/channel\\\/UCdHMuOHKICxcHwecxN8P-AA\"]},{\"@type\":\"Person\",\"@id\":\"https:\\\/\\\/www.grupomedcof.com.br\\\/blog\\\/#\\\/schema\\\/person\\\/5e56a3921255c01181f3d8c20d53f9c0\",\"name\":\"Grupo MedCof\",\"image\":{\"@type\":\"ImageObject\",\"inLanguage\":\"pt-BR\",\"@id\":\"https:\\\/\\\/www.grupomedcof.com.br\\\/blog\\\/wp-content\\\/uploads\\\/2023\\\/04\\\/cropped-cropped-cropped-cropped-logo-96x96.png28585d174f19c23095510da5f63bc127\",\"url\":\"https:\\\/\\\/www.grupomedcof.com.br\\\/blog\\\/wp-content\\\/uploads\\\/2023\\\/04\\\/cropped-cropped-cropped-cropped-logo-96x96.png\",\"contentUrl\":\"https:\\\/\\\/www.grupomedcof.com.br\\\/blog\\\/wp-content\\\/uploads\\\/2023\\\/04\\\/cropped-cropped-cropped-cropped-logo-96x96.png\",\"caption\":\"Grupo MedCof\"},\"description\":\"Tendo aulas baseadas em quest\u00f5es, + de 115 subespecialistas dispon\u00edveis e uma metodologia \u00fanica, voc\u00ea pode se juntar ao nosso time que conta com mais de 10 mil ...\",\"url\":\"https:\\\/\\\/www.grupomedcof.com.br\\\/blog\\\/author\\\/grupo-medcof\\\/\"}]}<\/script>\n<!-- \/ Yoast SEO Premium plugin. -->","yoast_head_json":{"title":"Reanima\u00e7\u00e3o Neonatal: Protocolo Atualizado | MedCof","description":"A reanima\u00e7\u00e3o neonatal \u00e9 indicada quando o rec\u00e9m-nascido (RN) demonstra qualquer sinal de baixa vitalidade, avaliado por meio...","robots":{"index":"index","follow":"follow","max-snippet":"max-snippet:-1","max-image-preview":"max-image-preview:large","max-video-preview":"max-video-preview:-1"},"canonical":"https:\/\/www.grupomedcof.com.br\/blog\/reanimacao-neonatal-atualizacao-do-protocolo-cuidados-iniciais-e-procedimentos\/","og_locale":"pt_BR","og_type":"article","og_title":"Reanima\u00e7\u00e3o Neonatal: Atualiza\u00e7\u00e3o do Protocolo, cuidados iniciais e procedimentos.","og_description":"A reanima\u00e7\u00e3o neonatal \u00e9 indicada quando o rec\u00e9m-nascido (RN) demonstra qualquer sinal de baixa vitalidade, avaliado por meio...","og_url":"https:\/\/www.grupomedcof.com.br\/blog\/reanimacao-neonatal-atualizacao-do-protocolo-cuidados-iniciais-e-procedimentos\/","og_site_name":"Blog de Medcof: conte\u00fados, editais, revalida e mais!","article_publisher":"https:\/\/www.facebook.com\/MedCofQbank\/","article_published_time":"2024-05-13T17:32:33+00:00","article_modified_time":"2026-04-24T18:36:48+00:00","og_image":[{"width":1920,"height":1080,"url":"https:\/\/www.grupomedcof.com.br\/blog\/wp-content\/uploads\/2024\/05\/Blog-MedCof-2024-05-13T114408.771.png","type":"image\/png"}],"author":"Grupo MedCof","twitter_card":"summary_large_image","twitter_misc":{"Escrito por":"Grupo MedCof","Est. tempo de leitura":"5 minutos"},"schema":{"@context":"https:\/\/schema.org","@graph":[{"@type":"Article","@id":"https:\/\/www.grupomedcof.com.br\/blog\/reanimacao-neonatal-atualizacao-do-protocolo-cuidados-iniciais-e-procedimentos\/#article","isPartOf":{"@id":"https:\/\/www.grupomedcof.com.br\/blog\/reanimacao-neonatal-atualizacao-do-protocolo-cuidados-iniciais-e-procedimentos\/"},"author":{"name":"Grupo MedCof","@id":"https:\/\/www.grupomedcof.com.br\/blog\/#\/schema\/person\/5e56a3921255c01181f3d8c20d53f9c0"},"headline":"Reanima\u00e7\u00e3o Neonatal: Atualiza\u00e7\u00e3o do Protocolo, cuidados iniciais e procedimentos.","datePublished":"2024-05-13T17:32:33+00:00","dateModified":"2026-04-24T18:36:48+00:00","mainEntityOfPage":{"@id":"https:\/\/www.grupomedcof.com.br\/blog\/reanimacao-neonatal-atualizacao-do-protocolo-cuidados-iniciais-e-procedimentos\/"},"wordCount":699,"commentCount":0,"publisher":{"@id":"https:\/\/www.grupomedcof.com.br\/blog\/#organization"},"image":{"@id":"https:\/\/www.grupomedcof.com.br\/blog\/reanimacao-neonatal-atualizacao-do-protocolo-cuidados-iniciais-e-procedimentos\/#primaryimage"},"thumbnailUrl":"https:\/\/www.grupomedcof.com.br\/blog\/wp-content\/uploads\/2024\/05\/Blog-MedCof-2024-05-13T114408.771.png","keywords":["neonatal","Pediatria","reanima\u00e7\u00e3o"],"articleSection":["Atualiza\u00e7\u00f5es","Neonatologia","Pediatria"],"inLanguage":"pt-BR"},{"@type":"WebPage","@id":"https:\/\/www.grupomedcof.com.br\/blog\/reanimacao-neonatal-atualizacao-do-protocolo-cuidados-iniciais-e-procedimentos\/","url":"https:\/\/www.grupomedcof.com.br\/blog\/reanimacao-neonatal-atualizacao-do-protocolo-cuidados-iniciais-e-procedimentos\/","name":"Reanima\u00e7\u00e3o Neonatal: Protocolo Atualizado | MedCof","isPartOf":{"@id":"https:\/\/www.grupomedcof.com.br\/blog\/#website"},"primaryImageOfPage":{"@id":"https:\/\/www.grupomedcof.com.br\/blog\/reanimacao-neonatal-atualizacao-do-protocolo-cuidados-iniciais-e-procedimentos\/#primaryimage"},"image":{"@id":"https:\/\/www.grupomedcof.com.br\/blog\/reanimacao-neonatal-atualizacao-do-protocolo-cuidados-iniciais-e-procedimentos\/#primaryimage"},"thumbnailUrl":"https:\/\/www.grupomedcof.com.br\/blog\/wp-content\/uploads\/2024\/05\/Blog-MedCof-2024-05-13T114408.771.png","datePublished":"2024-05-13T17:32:33+00:00","dateModified":"2026-04-24T18:36:48+00:00","description":"A reanima\u00e7\u00e3o neonatal \u00e9 indicada quando o rec\u00e9m-nascido (RN) demonstra qualquer sinal de baixa vitalidade, avaliado por meio...","breadcrumb":{"@id":"https:\/\/www.grupomedcof.com.br\/blog\/reanimacao-neonatal-atualizacao-do-protocolo-cuidados-iniciais-e-procedimentos\/#breadcrumb"},"inLanguage":"pt-BR","potentialAction":[{"@type":"ReadAction","target":["https:\/\/www.grupomedcof.com.br\/blog\/reanimacao-neonatal-atualizacao-do-protocolo-cuidados-iniciais-e-procedimentos\/"]}]},{"@type":"ImageObject","inLanguage":"pt-BR","@id":"https:\/\/www.grupomedcof.com.br\/blog\/reanimacao-neonatal-atualizacao-do-protocolo-cuidados-iniciais-e-procedimentos\/#primaryimage","url":"https:\/\/www.grupomedcof.com.br\/blog\/wp-content\/uploads\/2024\/05\/Blog-MedCof-2024-05-13T114408.771.png","contentUrl":"https:\/\/www.grupomedcof.com.br\/blog\/wp-content\/uploads\/2024\/05\/Blog-MedCof-2024-05-13T114408.771.png","width":1920,"height":1080,"caption":"A reanima\u00e7\u00e3o \u00e9 indicada quando o rec\u00e9m-nascido (RN) demonstra qualquer sinal de baixa vitalidade"},{"@type":"BreadcrumbList","@id":"https:\/\/www.grupomedcof.com.br\/blog\/reanimacao-neonatal-atualizacao-do-protocolo-cuidados-iniciais-e-procedimentos\/#breadcrumb","itemListElement":[{"@type":"ListItem","position":1,"name":"In\u00edcio","item":"https:\/\/www.grupomedcof.com.br\/blog\/"},{"@type":"ListItem","position":2,"name":"Reanima\u00e7\u00e3o Neonatal: Atualiza\u00e7\u00e3o do Protocolo, cuidados iniciais e procedimentos."}]},{"@type":"WebSite","@id":"https:\/\/www.grupomedcof.com.br\/blog\/#website","url":"https:\/\/www.grupomedcof.com.br\/blog\/","name":"Blog de Medcof: conte\u00fados, editais, revalida e mais!","description":"Acesso o blog de MedCof! Seu portal de conte\u00fados sobre resid\u00eancia m\u00e9dica, an\u00e1lise e editais e muito mais. Clique e confira!","publisher":{"@id":"https:\/\/www.grupomedcof.com.br\/blog\/#organization"},"alternateName":"Blog de Medcof: conte\u00fados, editais, revalida e mais!","potentialAction":[{"@type":"SearchAction","target":{"@type":"EntryPoint","urlTemplate":"https:\/\/www.grupomedcof.com.br\/blog\/?s={search_term_string}"},"query-input":{"@type":"PropertyValueSpecification","valueRequired":true,"valueName":"search_term_string"}}],"inLanguage":"pt-BR"},{"@type":"Organization","@id":"https:\/\/www.grupomedcof.com.br\/blog\/#organization","name":"Grupo MedCof","url":"https:\/\/www.grupomedcof.com.br\/blog\/","logo":{"@type":"ImageObject","inLanguage":"pt-BR","@id":"https:\/\/www.grupomedcof.com.br\/blog\/#\/schema\/logo\/image\/","url":"https:\/\/www.grupomedcof.com.br\/blog\/wp-content\/uploads\/2022\/01\/logo-medcof.png","contentUrl":"https:\/\/www.grupomedcof.com.br\/blog\/wp-content\/uploads\/2022\/01\/logo-medcof.png","width":768,"height":269,"caption":"Grupo MedCof"},"image":{"@id":"https:\/\/www.grupomedcof.com.br\/blog\/#\/schema\/logo\/image\/"},"sameAs":["https:\/\/www.facebook.com\/MedCofQbank\/","https:\/\/www.instagram.com\/grupomedcof\/","https:\/\/br.linkedin.com\/company\/medcof","https:\/\/www.youtube.com\/channel\/UCdHMuOHKICxcHwecxN8P-AA"]},{"@type":"Person","@id":"https:\/\/www.grupomedcof.com.br\/blog\/#\/schema\/person\/5e56a3921255c01181f3d8c20d53f9c0","name":"Grupo MedCof","image":{"@type":"ImageObject","inLanguage":"pt-BR","@id":"https:\/\/www.grupomedcof.com.br\/blog\/wp-content\/uploads\/2023\/04\/cropped-cropped-cropped-cropped-logo-96x96.png28585d174f19c23095510da5f63bc127","url":"https:\/\/www.grupomedcof.com.br\/blog\/wp-content\/uploads\/2023\/04\/cropped-cropped-cropped-cropped-logo-96x96.png","contentUrl":"https:\/\/www.grupomedcof.com.br\/blog\/wp-content\/uploads\/2023\/04\/cropped-cropped-cropped-cropped-logo-96x96.png","caption":"Grupo MedCof"},"description":"Tendo aulas baseadas em quest\u00f5es, + de 115 subespecialistas dispon\u00edveis e uma metodologia \u00fanica, voc\u00ea pode se juntar ao nosso time que conta com mais de 10 mil ...","url":"https:\/\/www.grupomedcof.com.br\/blog\/author\/grupo-medcof\/"}]}},"authors":[{"term_id":3613,"user_id":10,"is_guest":0,"slug":"grupo-medcof","display_name":"Grupo MedCof","avatar_url":"https:\/\/www.grupomedcof.com.br\/blog\/wp-content\/uploads\/2023\/04\/cropped-cropped-cropped-cropped-logo-96x96.png","0":null,"1":"","2":"","3":"","4":"","5":"","6":"","7":"","8":""}],"_links":{"self":[{"href":"https:\/\/www.grupomedcof.com.br\/blog\/wp-json\/wp\/v2\/posts\/26300","targetHints":{"allow":["GET"]}}],"collection":[{"href":"https:\/\/www.grupomedcof.com.br\/blog\/wp-json\/wp\/v2\/posts"}],"about":[{"href":"https:\/\/www.grupomedcof.com.br\/blog\/wp-json\/wp\/v2\/types\/post"}],"author":[{"embeddable":true,"href":"https:\/\/www.grupomedcof.com.br\/blog\/wp-json\/wp\/v2\/users\/10"}],"replies":[{"embeddable":true,"href":"https:\/\/www.grupomedcof.com.br\/blog\/wp-json\/wp\/v2\/comments?post=26300"}],"version-history":[{"count":1,"href":"https:\/\/www.grupomedcof.com.br\/blog\/wp-json\/wp\/v2\/posts\/26300\/revisions"}],"predecessor-version":[{"id":40373,"href":"https:\/\/www.grupomedcof.com.br\/blog\/wp-json\/wp\/v2\/posts\/26300\/revisions\/40373"}],"wp:featuredmedia":[{"embeddable":true,"href":"https:\/\/www.grupomedcof.com.br\/blog\/wp-json\/wp\/v2\/media\/26301"}],"wp:attachment":[{"href":"https:\/\/www.grupomedcof.com.br\/blog\/wp-json\/wp\/v2\/media?parent=26300"}],"wp:term":[{"taxonomy":"category","embeddable":true,"href":"https:\/\/www.grupomedcof.com.br\/blog\/wp-json\/wp\/v2\/categories?post=26300"},{"taxonomy":"post_tag","embeddable":true,"href":"https:\/\/www.grupomedcof.com.br\/blog\/wp-json\/wp\/v2\/tags?post=26300"},{"taxonomy":"author","embeddable":true,"href":"https:\/\/www.grupomedcof.com.br\/blog\/wp-json\/wp\/v2\/ppma_author?post=26300"}],"curies":[{"name":"wp","href":"https:\/\/api.w.org\/{rel}","templated":true}]}}