{"id":2637,"date":"2025-07-09T14:57:40","date_gmt":"2025-07-09T17:57:40","guid":{"rendered":"https:\/\/www.grupomedcof.com.br\/blog\/?p=2637"},"modified":"2025-08-06T14:58:26","modified_gmt":"2025-08-06T17:58:26","slug":"residencia-medica-famerp","status":"publish","type":"post","link":"https:\/\/www.grupomedcof.com.br\/blog\/residencia-medica-famerp\/","title":{"rendered":"Resid\u00eancia M\u00e9dica FAMERP 2025\/2026: edital, cronograma e mais"},"content":{"rendered":"<div id=\"ez-toc-container\" class=\"ez-toc-v2_0_74 counter-hierarchy ez-toc-counter ez-toc-transparent ez-toc-container-direction\">\n<div class=\"ez-toc-title-container\">\n<p class=\"ez-toc-title\" style=\"cursor:inherit\">Sum\u00e1rio<\/p>\n<span class=\"ez-toc-title-toggle\"><a href=\"#\" class=\"ez-toc-pull-right ez-toc-btn ez-toc-btn-xs ez-toc-btn-default ez-toc-toggle\" aria-label=\"Alternar tabela de conte\u00fado\"><span class=\"ez-toc-js-icon-con\"><span class=\"\"><span class=\"eztoc-hide\" style=\"display:none;\">Toggle<\/span><span class=\"ez-toc-icon-toggle-span\"><svg style=\"fill: #999;color:#999\" xmlns=\"http:\/\/www.w3.org\/2000\/svg\" class=\"list-377408\" width=\"20px\" height=\"20px\" viewBox=\"0 0 24 24\" fill=\"none\"><path d=\"M6 6H4v2h2V6zm14 0H8v2h12V6zM4 11h2v2H4v-2zm16 0H8v2h12v-2zM4 16h2v2H4v-2zm16 0H8v2h12v-2z\" fill=\"currentColor\"><\/path><\/svg><svg style=\"fill: #999;color:#999\" class=\"arrow-unsorted-368013\" xmlns=\"http:\/\/www.w3.org\/2000\/svg\" width=\"10px\" height=\"10px\" viewBox=\"0 0 24 24\" version=\"1.2\" baseProfile=\"tiny\"><path d=\"M18.2 9.3l-6.2-6.3-6.2 6.3c-.2.2-.3.4-.3.7s.1.5.3.7c.2.2.4.3.7.3h11c.3 0 .5-.1.7-.3.2-.2.3-.5.3-.7s-.1-.5-.3-.7zM5.8 14.7l6.2 6.3 6.2-6.3c.2-.2.3-.5.3-.7s-.1-.5-.3-.7c-.2-.2-.4-.3-.7-.3h-11c-.3 0-.5.1-.7.3-.2.2-.3.5-.3.7s.1.5.3.7z\"\/><\/svg><\/span><\/span><\/span><\/a><\/span><\/div>\n<nav><ul class='ez-toc-list ez-toc-list-level-1 ' ><li class='ez-toc-page-1 ez-toc-heading-level-2'><a class=\"ez-toc-link ez-toc-heading-1\" href=\"https:\/\/www.grupomedcof.com.br\/blog\/residencia-medica-famerp\/#Sobre_a_FAMERP\" >Sobre a FAMERP<\/a><\/li><li class='ez-toc-page-1 ez-toc-heading-level-2'><a class=\"ez-toc-link ez-toc-heading-2\" href=\"https:\/\/www.grupomedcof.com.br\/blog\/residencia-medica-famerp\/#Edital_FAMERP_20252026\" >Edital FAMERP 2025\/2026<\/a><\/li><li class='ez-toc-page-1 ez-toc-heading-level-2'><a class=\"ez-toc-link ez-toc-heading-3\" href=\"https:\/\/www.grupomedcof.com.br\/blog\/residencia-medica-famerp\/#Inscricoes_FAMERP_20252026\" >Inscri\u00e7\u00f5es FAMERP 2025\/2026<\/a><ul class='ez-toc-list-level-3' ><li class='ez-toc-heading-level-3'><a class=\"ez-toc-link ez-toc-heading-4\" href=\"https:\/\/www.grupomedcof.com.br\/blog\/residencia-medica-famerp\/#Como_se_inscrever_no_processo_seletivo_da_FAMERP\" >Como se inscrever no processo seletivo da FAMERP?<\/a><\/li><\/ul><\/li><li class='ez-toc-page-1 ez-toc-heading-level-2'><a class=\"ez-toc-link ez-toc-heading-5\" href=\"https:\/\/www.grupomedcof.com.br\/blog\/residencia-medica-famerp\/#Vagas_para_a_Residencia_Medica_FAMERP\" >Vagas para a Resid\u00eancia M\u00e9dica FAMERP<\/a><ul class='ez-toc-list-level-3' ><li class='ez-toc-heading-level-3'><a class=\"ez-toc-link ez-toc-heading-6\" href=\"https:\/\/www.grupomedcof.com.br\/blog\/residencia-medica-famerp\/#Acesso_direto_%E2%80%93_FAMERP\" >Acesso direto &#8211; FAMERP<\/a><\/li><li class='ez-toc-page-1 ez-toc-heading-level-3'><a class=\"ez-toc-link ez-toc-heading-7\" href=\"https:\/\/www.grupomedcof.com.br\/blog\/residencia-medica-famerp\/#Pre-Requisito_%E2%80%93_FAMERP\" >Pr\u00e9-Requisito &#8211; FAMERP<\/a><\/li><\/ul><\/li><li class='ez-toc-page-1 ez-toc-heading-level-2'><a class=\"ez-toc-link ez-toc-heading-8\" href=\"https:\/\/www.grupomedcof.com.br\/blog\/residencia-medica-famerp\/#Como_e_o_processo_Seletivo_para_residencia_FAMERP\" >Como \u00e9 o processo Seletivo para resid\u00eancia FAMERP?<\/a><\/li><li class='ez-toc-page-1 ez-toc-heading-level-2'><a class=\"ez-toc-link ez-toc-heading-9\" href=\"https:\/\/www.grupomedcof.com.br\/blog\/residencia-medica-famerp\/#Como_as_notas_da_FAMERP_sao_definidas\" >Como as notas da FAMERP s\u00e3o definidas?<\/a><\/li><li class='ez-toc-page-1 ez-toc-heading-level-2'><a class=\"ez-toc-link ez-toc-heading-10\" href=\"https:\/\/www.grupomedcof.com.br\/blog\/residencia-medica-famerp\/#Resultado_FAMERP_20252026\" >Resultado FAMERP 2025\/2026<\/a><\/li><li class='ez-toc-page-1 ez-toc-heading-level-2'><a class=\"ez-toc-link ez-toc-heading-11\" href=\"https:\/\/www.grupomedcof.com.br\/blog\/residencia-medica-famerp\/#Cronograma_FAMERP_20252026\" >Cronograma FAMERP 2025\/2026<\/a><\/li><li class='ez-toc-page-1 ez-toc-heading-level-2'><a class=\"ez-toc-link ez-toc-heading-12\" href=\"https:\/\/www.grupomedcof.com.br\/blog\/residencia-medica-famerp\/#Resultado_final_da_prova\" >Resultado final da prova<\/a><\/li><li class='ez-toc-page-1 ez-toc-heading-level-2'><a class=\"ez-toc-link ez-toc-heading-13\" href=\"https:\/\/www.grupomedcof.com.br\/blog\/residencia-medica-famerp\/#Resultado_Final_do_Processo_Seletivo\" >Resultado Final do Processo Seletivo<\/a><\/li><li class='ez-toc-page-1 ez-toc-heading-level-2'><a class=\"ez-toc-link ez-toc-heading-14\" href=\"https:\/\/www.grupomedcof.com.br\/blog\/residencia-medica-famerp\/#O_que_mais_cai_nas_provas_de_residencia_medica_FAMERP\" >O que mais cai nas provas de resid\u00eancia m\u00e9dica FAMERP?<\/a><\/li><li class='ez-toc-page-1 ez-toc-heading-level-2'><a class=\"ez-toc-link ez-toc-heading-15\" href=\"https:\/\/www.grupomedcof.com.br\/blog\/residencia-medica-famerp\/#Como_se_preparar_para_a_FAMERP_2025\" >Como se preparar para a FAMERP 2025?<\/a><\/li><\/ul><\/nav><\/div>\n\n<figure class=\"wp-block-image size-large\"><img loading=\"lazy\" decoding=\"async\" width=\"1024\" height=\"576\" src=\"https:\/\/www.grupomedcof.com.br\/blog\/wp-content\/uploads\/2022\/09\/Modelo-instituicoes-2024-10-01T121757.921-1068x601.png-1024x576.png\" alt=\"\" class=\"wp-image-31392\" srcset=\"https:\/\/www.grupomedcof.com.br\/blog\/wp-content\/uploads\/2022\/09\/Modelo-instituicoes-2024-10-01T121757.921-1068x601.png-1024x576.png 1024w, https:\/\/www.grupomedcof.com.br\/blog\/wp-content\/uploads\/2022\/09\/Modelo-instituicoes-2024-10-01T121757.921-1068x601.png-300x169.png 300w, https:\/\/www.grupomedcof.com.br\/blog\/wp-content\/uploads\/2022\/09\/Modelo-instituicoes-2024-10-01T121757.921-1068x601.png-768x432.png 768w, https:\/\/www.grupomedcof.com.br\/blog\/wp-content\/uploads\/2022\/09\/Modelo-instituicoes-2024-10-01T121757.921-1068x601.png-746x420.png 746w, https:\/\/www.grupomedcof.com.br\/blog\/wp-content\/uploads\/2022\/09\/Modelo-instituicoes-2024-10-01T121757.921-1068x601.png-150x84.png 150w, https:\/\/www.grupomedcof.com.br\/blog\/wp-content\/uploads\/2022\/09\/Modelo-instituicoes-2024-10-01T121757.921-1068x601.png-696x392.png 696w, https:\/\/www.grupomedcof.com.br\/blog\/wp-content\/uploads\/2022\/09\/Modelo-instituicoes-2024-10-01T121757.921-1068x601.png.png 1068w\" sizes=\"auto, (max-width: 1024px) 100vw, 1024px\" \/><\/figure>\n\n\n\n<p>Enquanto o edital da edi\u00e7\u00e3o 2025\/2026 n\u00e3o \u00e9 disponibilizado, relembre todas as informa\u00e7\u00f5es da edi\u00e7\u00e3o anterior!<\/p>\n\n\n\n<h2 class=\"wp-block-heading\" id=\"h-sobre-a-famerp\"><span class=\"ez-toc-section\" id=\"Sobre_a_FAMERP\"><\/span><strong>Sobre a FAMERP<\/strong><span class=\"ez-toc-section-end\"><\/span><\/h2>\n\n\n\n<p><span style=\"font-weight: 400;\">A <strong>Faculdade de Medicina de S\u00e3o Jos\u00e9 do Rio Preto<\/strong>, tamb\u00e9m conhecida como FAMERP, \u00e9 uma institui\u00e7\u00e3o de ensino superior p\u00fablica paulista de estudo em ci\u00eancias da sa\u00fade. Sua sede \u00e9 em S\u00e3o Jos\u00e9 do Rio Preto, e a institui\u00e7\u00e3o oferece os cursos de\u202f Medicina, Enfermagem e Psicologia.<\/span><\/p>\n\n\n\n<h2 class=\"wp-block-heading\" id=\"h-edital-famerp-2025-2026\"><span class=\"ez-toc-section\" id=\"Edital_FAMERP_20252026\"><\/span><strong>Edital FAMERP 2025\/2026<\/strong><span class=\"ez-toc-section-end\"><\/span><\/h2>\n\n\n\n<p><span style=\"font-weight: 400;\">A divulga\u00e7\u00e3o do <\/span><b>edital<\/b><span style=\"font-weight: 400;\"> para o processo seletivo nas vagas de <\/span><b>acesso direto<\/b><span style=\"font-weight: 400;\"> e <\/span><b>pr\u00e9-requisito<\/b><span style=\"font-weight: 400;\"> de Resid\u00eancia M\u00e9dica da FAMERP 2025\/2026 ainda n\u00e3o ocorreu. Por isso, veja as informa\u00e7\u00f5es anteriores.<\/span><\/p>\n\n\n\n<p>No ano anterior, o <a href=\"https:\/\/www.grupomedcof.com.br\/blog\/edital-residencia-medica-famerp\/\" target=\"_blank\" rel=\"noreferrer noopener\">edital<\/a> foi divulgad<span style=\"font-weight: 400;\">o no dia <\/span><b>01 de outubro de 2024<\/b><span style=\"font-weight: 400;\"> atrav\u00e9s do site oficial da institui\u00e7\u00e3o.<\/span><\/p>\n\n\n\n<p><span style=\"font-weight: 400;\">Assim, no edital, os candidatos receberam informa\u00e7\u00f5es sobre datas, inscri\u00e7\u00f5es, processo seletivo, vagas ofertadas, taxa de inscri\u00e7\u00e3o, isen\u00e7\u00e3o de taxa e matr\u00edculas.<\/span><\/p>\n\n\n\n<h2 class=\"wp-block-heading\" id=\"h-inscricoes-famerp-2025-2026\"><span class=\"ez-toc-section\" id=\"Inscricoes_FAMERP_20252026\"><\/span><strong>Inscri\u00e7\u00f5es FAMERP 2025\/2026<\/strong><span class=\"ez-toc-section-end\"><\/span><\/h2>\n\n\n\n<p><span style=\"font-weight: 400;\">As inscri\u00e7\u00f5esda edi\u00e7\u00e3o atual n\u00e3o foi divulgada, entretanto, no ano passado, os candidatos que prestaram a prova da <\/span><b>FAMERP 2024\/2025<\/b><span style=\"font-weight: 400;\"> precisaram realizar suas inscri\u00e7\u00f5es entre os dias <\/span><b>15 e 18 de outubro de 2024<\/b><span style=\"font-weight: 400;\">. Para aqueles que quiseram isen\u00e7\u00e3o ou redu\u00e7\u00e3o da taxa de inscri\u00e7\u00e3o, no valor de<\/span><b> R$750,00<\/b><span style=\"font-weight: 400;\">, tiveram de solicit\u00e1-la nos dias<\/span><b> 07 e 08 de outubro<\/b><span style=\"font-weight: 400;\">.\u00a0<\/span><\/p>\n\n\n\n<p><span style=\"font-weight: 400;\">Segue abaixo alguns crit\u00e9rios estabelecidos para que haja a isen\u00e7\u00e3o ou redu\u00e7\u00e3o da taxa estabelecida pela institui\u00e7\u00e3o: <\/span><\/p>\n\n\n\n<ul class=\"wp-block-list\">\n<li><span style=\"font-weight: 400;\">a taxa de inscri\u00e7\u00e3o for superior a 30% (trinta por cento) do vencimento\/sal\u00e1rio mensal do candidato, quando n\u00e3o tiver dependente;<\/span><\/li>\n\n\n\n<li><span style=\"font-weight: 400;\">a taxa for superior a 20% (vinte por cento) do vencimento\/sal\u00e1rio mensal do candidato e ele possuir at\u00e9 dois dependentes;<\/span><\/li>\n\n\n\n<li><span style=\"font-weight: 400;\">a taxa for superior a 10% (dez por cento) do vencimento\/sal\u00e1rio mensal do candidato e ele tiver mais de dois dependentes;<\/span><\/li>\n\n\n\n<li><span style=\"font-weight: 400;\">o candidato declarar-se impossibilitado de arcar com o pagamento da taxa de inscri\u00e7\u00e3o e comprovar renda familiar mensal igual ou inferior a tr\u00eas sal\u00e1rios m\u00ednimos ou renda individual igual ou inferior a dois sal\u00e1rios m\u00ednimos;<\/span><\/li>\n\n\n\n<li><span style=\"font-weight: 400;\">inscri\u00e7\u00e3o no Cadastro \u00danico para Programas Sociais do Governo Federal (Cad\u00danico) de que trata o Decreto n\u00ba 6.135, de 26 de junho de 2007, devendo indicar o N\u00famero de Identifica\u00e7\u00e3o Social \u2013 NIS, atribu\u00eddo pelo Cad\u00danico;<\/span><\/li>\n\n\n\n<li><span style=\"font-weight: 400;\">comprovar ser membro de fam\u00edlia de baixa renda, nos termos do Decreto Federal n\u00ba 6.135\/2007.<\/span><\/li>\n<\/ul>\n\n\n\n<h3 class=\"wp-block-heading\" id=\"h-como-se-inscrever-no-processo-seletivo-da-famerp\"><span class=\"ez-toc-section\" id=\"Como_se_inscrever_no_processo_seletivo_da_FAMERP\"><\/span><strong>Como se inscrever no processo seletivo da FAMERP?<\/strong><span class=\"ez-toc-section-end\"><\/span><\/h3>\n\n\n\n<p><span style=\"font-weight: 400;\">Para aderir a uma das mais de <\/span><b>200 vagas<\/b><span style=\"font-weight: 400;\"> disponibilizadas pela FAMERP 2024\/2025, os candidatos tiveram que, primeiramente, se inscrever para processo seletivo atrav\u00e9s do <\/span><a href=\"https:\/\/www.famerp.br\/index.php\/diretoria-de-pos-graduacao\/coreme\/\"><span style=\"font-weight: 400;\">site oficial<\/span><\/a><span style=\"font-weight: 400;\"> da institui\u00e7\u00e3o. <\/span><\/p>\n\n\n\n<h2 class=\"wp-block-heading\" id=\"h-vagas-para-a-residencia-medica-famerp\"><span class=\"ez-toc-section\" id=\"Vagas_para_a_Residencia_Medica_FAMERP\"><\/span><strong>Vagas para a Resid\u00eancia M\u00e9dica FAMERP<\/strong><span class=\"ez-toc-section-end\"><\/span><\/h2>\n\n\n\n<p><span style=\"font-weight: 400;\">Na edi\u00e7\u00e3o 2024\/2025, foram ofertadas <\/span><b>290 vagas<\/b><span style=\"font-weight: 400;\"> para os programas de resid\u00eancia m\u00e9dica, sendo estas distribu\u00eddas entre <\/span><b>Acesso Direto e Pr\u00e9-requisito<\/b><span style=\"font-weight: 400;\">. Nas tabelas abaixo voc\u00ea poder\u00e1 conferir a disposi\u00e7\u00e3o de cada uma de acordo com a especialidade oferecida pela institui\u00e7\u00e3o.<\/span><\/p>\n\n\n\n<h3 class=\"wp-block-heading\" id=\"h-acesso-direto-famerp\"><span class=\"ez-toc-section\" id=\"Acesso_direto_%E2%80%93_FAMERP\"><\/span><strong>Acesso direto &#8211; FAMERP<\/strong><span class=\"ez-toc-section-end\"><\/span><\/h3>\n\n\n\n<figure class=\"wp-block-table\"><table class=\"has-fixed-layout\"><tbody><tr><td>\n<p><b>Especialidades<\/b><\/p>\n<\/td><td>\n<p><b>Vagas<\/b><\/p>\n<\/td><\/tr><tr><td>\n<p><span style=\"font-weight: 400;\">Cirurgia Geral<\/span><\/p>\n<\/td><td>\n<p><span style=\"font-weight: 400;\">15<\/span><\/p>\n<\/td><\/tr><tr><td>\n<p><span style=\"font-weight: 400;\">Cl\u00ednica M\u00e9dica<\/span><\/p>\n<\/td><td>\n<p><span style=\"font-weight: 400;\">35<\/span><\/p>\n<\/td><\/tr><tr><td>\n<p><span style=\"font-weight: 400;\">Ginecologia e Obstetr\u00edcia<\/span><\/p>\n<\/td><td>\n<p><span style=\"font-weight: 400;\">14<\/span><\/p>\n<\/td><\/tr><tr><td>\n<p><span style=\"font-weight: 400;\">Pediatria<\/span><\/p>\n<\/td><td>\n<p><span style=\"font-weight: 400;\">14<\/span><\/p>\n<\/td><\/tr><tr><td>\n<p><span style=\"font-weight: 400;\">Acupuntura<\/span><\/p>\n<\/td><td>\n<p><span style=\"font-weight: 400;\">2<\/span><\/p>\n<\/td><\/tr><tr><td>\n<p><span style=\"font-weight: 400;\">Anestesiologia<\/span><\/p>\n<\/td><td>\n<p><span style=\"font-weight: 400;\">15<\/span><\/p>\n<\/td><\/tr><tr><td>\n<p><span style=\"font-weight: 400;\">Cirurgia Cardiovascular<\/span><\/p>\n<\/td><td>\n<p><span style=\"font-weight: 400;\">2<\/span><\/p>\n<\/td><\/tr><tr><td>\n<p><span style=\"font-weight: 400;\">Dermatologia<\/span><\/p>\n<\/td><td>\n<p><span style=\"font-weight: 400;\">4<\/span><\/p>\n<\/td><\/tr><tr><td>\n<p><span style=\"font-weight: 400;\">Infectologia<\/span><\/p>\n<\/td><td>\n<p><span style=\"font-weight: 400;\">3<\/span><\/p>\n<\/td><\/tr><tr><td>\n<p><span style=\"font-weight: 400;\">Medicina de Emerg\u00eancia<\/span><\/p>\n<\/td><td>\n<p><span style=\"font-weight: 400;\">4<\/span><\/p>\n<\/td><\/tr><tr><td>\n<p><span style=\"font-weight: 400;\">Medicina de Fam\u00edlia e Comunidade<\/span><\/p>\n<\/td><td>\n<p><span style=\"font-weight: 400;\">4<\/span><\/p>\n<\/td><\/tr><tr><td>\n<p><span style=\"font-weight: 400;\">Medicina F\u00edsica e Reabilita\u00e7\u00e3o<\/span><\/p>\n<\/td><td>\n<p><span style=\"font-weight: 400;\">2<\/span><\/p>\n<\/td><\/tr><tr><td>\n<p><span style=\"font-weight: 400;\">Medicina Intensiva<\/span><\/p>\n<\/td><td>\n<p><span style=\"font-weight: 400;\">5<\/span><\/p>\n<\/td><\/tr><tr><td>\n<p><span style=\"font-weight: 400;\">Medicina Nuclear<\/span><\/p>\n<\/td><td>\n<p><span style=\"font-weight: 400;\">2<\/span><\/p>\n<\/td><\/tr><tr><td>\n<p><span style=\"font-weight: 400;\">Neurocirurgia<\/span><\/p>\n<\/td><td>\n<p><span style=\"font-weight: 400;\">2<\/span><\/p>\n<\/td><\/tr><tr><td>\n<p><span style=\"font-weight: 400;\">Neurologia<\/span><\/p>\n<\/td><td>\n<p><span style=\"font-weight: 400;\">6<\/span><\/p>\n<\/td><\/tr><tr><td>\n<p><span style=\"font-weight: 400;\">Oftalmologia<\/span><\/p>\n<\/td><td>\n<p><span style=\"font-weight: 400;\">6<\/span><\/p>\n<\/td><\/tr><tr><td>\n<p><span style=\"font-weight: 400;\">Ortopedia e Traumatologia<\/span><\/p>\n<\/td><td>\n<p><span style=\"font-weight: 400;\">8<\/span><\/p>\n<\/td><\/tr><tr><td>\n<p><span style=\"font-weight: 400;\">Otorrinolaringologia<\/span><\/p>\n<\/td><td>\n<p><span style=\"font-weight: 400;\">4<\/span><\/p>\n<\/td><\/tr><tr><td>\n<p><span style=\"font-weight: 400;\">Patologia<\/span><\/p>\n<\/td><td>\n<p><span style=\"font-weight: 400;\">3<\/span><\/p>\n<\/td><\/tr><tr><td>\n<p><span style=\"font-weight: 400;\">Patologia Cl\u00ednica\/Medicina Laboratorial<\/span><\/p>\n<\/td><td>\n<p><span style=\"font-weight: 400;\">1<\/span><\/p>\n<\/td><\/tr><tr><td>\n<p><span style=\"font-weight: 400;\">Psiquiatria<\/span><\/p>\n<\/td><td>\n<p><span style=\"font-weight: 400;\">6<\/span><\/p>\n<\/td><\/tr><tr><td>\n<p><span style=\"font-weight: 400;\">Radiologia e Diagn\u00f3stico por Imagem<\/span><\/p>\n<\/td><td>\n<p><span style=\"font-weight: 400;\">7<\/span><\/p>\n<\/td><\/tr><tr><td>\n<p><span style=\"font-weight: 400;\">Radioterapia<\/span><\/p>\n<\/td><td>\n<p><span style=\"font-weight: 400;\">1<\/span><\/p>\n<\/td><\/tr><\/tbody><\/table><\/figure>\n\n\n\n<h3 class=\"wp-block-heading\" id=\"h-pre-requisito-famerp\"><span class=\"ez-toc-section\" id=\"Pre-Requisito_%E2%80%93_FAMERP\"><\/span><strong>Pr\u00e9-Requisito &#8211; FAMERP<\/strong><span class=\"ez-toc-section-end\"><\/span><\/h3>\n\n\n\n<figure class=\"wp-block-table\"><table class=\"has-fixed-layout\"><tbody><tr><td>\n<p><b>Especialidades<\/b><\/p>\n<\/td><td>\n<p><b>Vagas<\/b><\/p>\n<\/td><\/tr><tr><td>\n<p><span style=\"font-weight: 400;\">Angiorradiologia e Cirurgia Endovascular<\/span><\/p>\n<\/td><td>\n<p><span style=\"font-weight: 400;\">2<\/span><\/p>\n<\/td><\/tr><tr><td>\n<p><span style=\"font-weight: 400;\">Cardiologia<\/span><\/p>\n<\/td><td>\n<p><span style=\"font-weight: 400;\">14<\/span><\/p>\n<\/td><\/tr><tr><td>\n<p><span style=\"font-weight: 400;\">Cardiologia Pedi\u00e1trica<\/span><\/p>\n<\/td><td>\n<p><span style=\"font-weight: 400;\">4<\/span><\/p>\n<\/td><\/tr><tr><td>\n<p><span style=\"font-weight: 400;\">Cirurgia Bari\u00e1trica<\/span><\/p>\n<\/td><td>\n<p><span style=\"font-weight: 400;\">2<\/span><\/p>\n<\/td><\/tr><tr><td>\n<p><span style=\"font-weight: 400;\">Cirurgia Cr\u00e2niomaxilofacial<\/span><\/p>\n<\/td><td>\n<p><span style=\"font-weight: 400;\">1<\/span><\/p>\n<\/td><\/tr><tr><td>\n<p><span style=\"font-weight: 400;\">Cirurgia Aparelho Digestivo<\/span><\/p>\n<\/td><td>\n<p><span style=\"font-weight: 400;\">3<\/span><\/p>\n<\/td><\/tr><tr><td>\n<p><span style=\"font-weight: 400;\">Cirurgia Oncol\u00f3gica<\/span><\/p>\n<\/td><td>\n<p><span style=\"font-weight: 400;\">2<\/span><\/p>\n<\/td><\/tr><tr><td>\n<p><span style=\"font-weight: 400;\">Cirurgia do Trauma<\/span><\/p>\n<\/td><td>\n<p><span style=\"font-weight: 400;\">3<\/span><\/p>\n<\/td><\/tr><tr><td>\n<p><span style=\"font-weight: 400;\">Cirurgia Pedi\u00e1trica<\/span><\/p>\n<\/td><td>\n<p><span style=\"font-weight: 400;\">2<\/span><\/p>\n<\/td><\/tr><tr><td>\n<p><span style=\"font-weight: 400;\">Cirurgia Pl\u00e1stica<\/span><\/p>\n<\/td><td>\n<p><span style=\"font-weight: 400;\">3<\/span><\/p>\n<\/td><\/tr><tr><td>\n<p><span style=\"font-weight: 400;\">Cirurgia Tor\u00e1cica<\/span><\/p>\n<\/td><td>\n<p><span style=\"font-weight: 400;\">2<\/span><\/p>\n<\/td><\/tr><tr><td>\n<p><span style=\"font-weight: 400;\">Cirurgia Vascular<\/span><\/p>\n<\/td><td>\n<p><span style=\"font-weight: 400;\">5<\/span><\/p>\n<\/td><\/tr><tr><td>\n<p><span style=\"font-weight: 400;\">Coloproctologia<\/span><\/p>\n<\/td><td>\n<p><span style=\"font-weight: 400;\">3<\/span><\/p>\n<\/td><\/tr><tr><td>\n<p><span style=\"font-weight: 400;\">Ecografia Vascular com doppler<\/span><\/p>\n<\/td><td>\n<p><span style=\"font-weight: 400;\">2<\/span><\/p>\n<\/td><\/tr><tr><td>\n<p><span style=\"font-weight: 400;\">Endocrinologia e Metabologia<\/span><\/p>\n<\/td><td>\n<p><span style=\"font-weight: 400;\">3<\/span><\/p>\n<\/td><\/tr><tr><td>\n<p><span style=\"font-weight: 400;\">Endocrinologia Pedi\u00e1trica<\/span><\/p>\n<\/td><td>\n<p><span style=\"font-weight: 400;\">1<\/span><\/p>\n<\/td><\/tr><tr><td>\n<p><span style=\"font-weight: 400;\">Endoscopia<\/span><\/p>\n<\/td><td>\n<p><span style=\"font-weight: 400;\">3<\/span><\/p>\n<\/td><\/tr><tr><td>\n<p><span style=\"font-weight: 400;\">Gastroenterologia<\/span><\/p>\n<\/td><td>\n<p><span style=\"font-weight: 400;\">4<\/span><\/p>\n<\/td><\/tr><tr><td>\n<p><span style=\"font-weight: 400;\">Geriatria<\/span><\/p>\n<\/td><td>\n<p><span style=\"font-weight: 400;\">6<\/span><\/p>\n<\/td><\/tr><tr><td>\n<p><span style=\"font-weight: 400;\">Hematologia e Hemoterapia<\/span><\/p>\n<\/td><td>\n<p><span style=\"font-weight: 400;\">7<\/span><\/p>\n<\/td><\/tr><tr><td>\n<p><span style=\"font-weight: 400;\">Hemodin\u00e2mica e Cardiologia Intervencionista<\/span><\/p>\n<\/td><td>\n<p><span style=\"font-weight: 400;\">1<\/span><\/p>\n<\/td><\/tr><tr><td>\n<p><span style=\"font-weight: 400;\">Mastologia<\/span><\/p>\n<\/td><td>\n<p><span style=\"font-weight: 400;\">2<\/span><\/p>\n<\/td><\/tr><tr><td>\n<p><span style=\"font-weight: 400;\">Medicina Fetal<\/span><\/p>\n<\/td><td>\n<p><span style=\"font-weight: 400;\">1<\/span><\/p>\n<\/td><\/tr><tr><td>\n<p><span style=\"font-weight: 400;\">Medicina Intensiva Pedi\u00e1trica<\/span><\/p>\n<\/td><td>\n<p><span style=\"font-weight: 400;\">2<\/span><\/p>\n<\/td><\/tr><tr><td>\n<p><span style=\"font-weight: 400;\">Nefrologia<\/span><\/p>\n<\/td><td>\n<p><span style=\"font-weight: 400;\">2<\/span><\/p>\n<\/td><\/tr><tr><td>\n<p><span style=\"font-weight: 400;\">Neonatologia<\/span><\/p>\n<\/td><td>\n<p><span style=\"font-weight: 400;\">4<\/span><\/p>\n<\/td><\/tr><tr><td>\n<p><span style=\"font-weight: 400;\">Neurologia Pedi\u00e1trica<\/span><\/p>\n<\/td><td>\n<p><span style=\"font-weight: 400;\">2<\/span><\/p>\n<\/td><\/tr><tr><td>\n<p><span style=\"font-weight: 400;\">Oncologia Cl\u00ednica<\/span><\/p>\n<\/td><td>\n<p><span style=\"font-weight: 400;\">6<\/span><\/p>\n<\/td><\/tr><tr><td>\n<p><span style=\"font-weight: 400;\">Pneumologia<\/span><\/p>\n<\/td><td>\n<p><span style=\"font-weight: 400;\">2<\/span><\/p>\n<\/td><\/tr><tr><td>\n<p><span style=\"font-weight: 400;\">Pneumologia Pedi\u00e1trica<\/span><\/p>\n<\/td><td>\n<p><span style=\"font-weight: 400;\">2<\/span><\/p>\n<\/td><\/tr><tr><td>\n<p><span style=\"font-weight: 400;\">Psiquiatria da Inf\u00e2ncia e Adolesc\u00eancia<\/span><\/p>\n<\/td><td>\n<p><span style=\"font-weight: 400;\">1<\/span><\/p>\n<\/td><\/tr><tr><td>\n<p><span style=\"font-weight: 400;\">Reumatologia<\/span><\/p>\n<\/td><td>\n<p><span style=\"font-weight: 400;\">4<\/span><\/p>\n<\/td><\/tr><tr><td>\n<p><span style=\"font-weight: 400;\">Transplante do F\u00edgado<\/span><\/p>\n<\/td><td>\n<p><span style=\"font-weight: 400;\">2<\/span><\/p>\n<\/td><\/tr><tr><td>\n<p><span style=\"font-weight: 400;\">Transplante de Medula \u00d3ssea<\/span><\/p>\n<\/td><td>\n<p><span style=\"font-weight: 400;\">2<\/span><\/p>\n<\/td><\/tr><tr><td>\n<p><span style=\"font-weight: 400;\">Transplante de Rim<\/span><\/p>\n<\/td><td>\n<p><span style=\"font-weight: 400;\">2<\/span><\/p>\n<\/td><\/tr><tr><td>\n<p><span style=\"font-weight: 400;\">Ultrassonografia em Ginecologia e Obstetr\u00edcia<\/span><\/p>\n<\/td><td>\n<p><span style=\"font-weight: 400;\">2<\/span><\/p>\n<\/td><\/tr><tr><td>\n<p><span style=\"font-weight: 400;\">Urologia<\/span><\/p>\n<\/td><td>\n<p><span style=\"font-weight: 400;\">4<\/span><\/p>\n<\/td><\/tr><\/tbody><\/table><\/figure>\n\n\n\n<h2 class=\"wp-block-heading\" id=\"h-como-e-o-processo-seletivo-para-residencia-famerp\"><span class=\"ez-toc-section\" id=\"Como_e_o_processo_Seletivo_para_residencia_FAMERP\"><\/span><span style=\"font-weight: 400;\"><strong>Como \u00e9 o processo Seletivo para resid\u00eancia FAMERP?<\/strong><\/span><span class=\"ez-toc-section-end\"><\/span><\/h2>\n\n\n\n<p><span style=\"font-weight: 400;\">A prova da edi\u00e7\u00e3o 2024\/2025 contou com uma <\/span><b>\u00fanica fase<\/b><span style=\"font-weight: 400;\">, sendo esta a prova objetiva, que foi aplicada no dia<\/span><b> 26 de novembro de 2024<\/b><span style=\"font-weight: 400;\">, na cidade de <\/span><b>S\u00e3o Jos\u00e9 do Rio Preto<\/b><span style=\"font-weight: 400;\">, no interior do estado de S\u00e3o Paulo.\u00a0<\/span><\/p>\n\n\n\n<p><span style=\"font-weight: 400;\">Para garantir um melhor embasamento e amplitude dos conhecimentos sobre a prova da FAMERP e de institui\u00e7\u00f5es que possuem avalia\u00e7\u00f5es similares, confira nossa publica\u00e7\u00e3o sobre as <\/span><a href=\"https:\/\/www.grupomedcof.com.br\/blog\/?s=FAMERP\"><b>Provas Similares<\/b><\/a><span style=\"font-weight: 400;\"> a da institui\u00e7\u00e3o. <\/span><\/p>\n\n\n\n<h2 class=\"wp-block-heading\" id=\"h-como-as-notas-da-famerp-sao-definidas\"><span class=\"ez-toc-section\" id=\"Como_as_notas_da_FAMERP_sao_definidas\"><\/span><strong>Como as notas da FAMERP s\u00e3o definidas?<\/strong><span class=\"ez-toc-section-end\"><\/span><\/h2>\n\n\n\n<p><span style=\"font-weight: 400;\">A nota final da FAMERP define-se com base na <\/span><b>soma do resultado da prova objetiva, que comp\u00f5e 100% da nota final<\/b><span style=\"font-weight: 400;\">. <\/span><\/p>\n\n\n\n<h2 class=\"wp-block-heading\" id=\"h-resultado-famerp-2025-2026\"><span class=\"ez-toc-section\" id=\"Resultado_FAMERP_20252026\"><\/span><strong>Resultado FAMERP 2025\/2026<\/strong><span class=\"ez-toc-section-end\"><\/span><\/h2>\n\n\n\n<p>A<span style=\"font-weight: 400;\">\u00a0divulga\u00e7\u00e3o do <\/span><b>resultado final<\/b><span style=\"font-weight: 400;\"> da prova da FAMERP de 2024\/2025 ocorreu no dia<\/span><b> 29 de janeiro de 2025<\/b><span style=\"font-weight: 400;\">, mesmo dia no qual j\u00e1 ser\u00e1 poss\u00edvel realizar a pr\u00e9-matr\u00edcula online para o in\u00edcio dos programas.<\/span><\/p>\n\n\n\n<p><span style=\"font-weight: 400;\">Entretanto, os candidatos tiveram acesso ao <\/span><b>gabarito preliminar<\/b><span style=\"font-weight: 400;\"> horas depois do t\u00e9rmino da prova, ou seja, no dia <\/span><b>26 de novembro de 2024<\/b><span style=\"font-weight: 400;\">. Aqueles que desejaram entrar com algum recurso contra o gabarito, puderam realiz\u00e1-lo entre os dias <\/span><b>27 e 28 de novembro<\/b><span style=\"font-weight: 400;\">.\u00a0<\/span><\/p>\n\n\n\n<h2 class=\"wp-block-heading\" id=\"h-cronograma-famerp-2025-2026\"><span class=\"ez-toc-section\" id=\"Cronograma_FAMERP_20252026\"><\/span><strong>Cronograma FAMERP 2025\/2026<\/strong><span class=\"ez-toc-section-end\"><\/span><\/h2>\n\n\n\n<p>Enquanto o cronograma atual n\u00e3o \u00e9 disponibilizado pela institui\u00e7\u00e3o, veja como foi no ano anterior:<\/p>\n\n\n\n<figure class=\"wp-block-table\"><table class=\"has-fixed-layout\"><tbody><tr><td>\n<p><b>Inscri\u00e7\u00f5es<\/b><\/p>\n<\/td><td>\n<p><span style=\"font-weight: 400;\">15\/10 a 28\/10\/2024<\/span><\/p>\n<\/td><\/tr><tr><td>\n<p><b>Aplica\u00e7\u00e3o da prova objetiva<\/b><\/p>\n<\/td><td>\n<p><span style=\"font-weight: 400;\">26\/11\/2024<\/span><\/p>\n<\/td><\/tr><tr><td>\n<p><b>Isen\u00e7\u00e3o<\/b><\/p>\n<\/td><td>\n<p><span style=\"font-weight: 400;\">07 e 08\/10\/2024<\/span><\/p>\n<\/td><\/tr><tr><td>\n<p><b>Divulga\u00e7\u00e3o Rela\u00e7\u00e3o Candidato\/Vaga<\/b><\/p>\n<\/td><td>\n<p><span style=\"font-weight: 400;\">14\/11\/2024<\/span><\/p>\n<\/td><\/tr><tr><td>\n<p><b>Gabarito Preliminar<\/b><\/p>\n<\/td><td>\n<p><span style=\"font-weight: 400;\">26\/11\/2024<\/span><\/p>\n<\/td><\/tr><tr><td>\n<p><b>Recursos contra gabarito<\/b><\/p>\n<\/td><td>\n<p><span style=\"font-weight: 400;\">27 e 28\/11\/2024<\/span><\/p>\n<\/td><\/tr><tr><td>\n<p><b>Resultado definitivo da prova<\/b><\/p>\n<\/td><td>\n<p><span style=\"font-weight: 400;\">09\/12\/2024<\/span><\/p>\n<\/td><\/tr><tr><td>\n<p><b>Resultado final<\/b><\/p>\n<\/td><td>\n<p><span style=\"font-weight: 400;\">29\/01\/2025<\/span><\/p>\n<\/td><\/tr><tr><td>\n<p><b>Pr\u00e9-Matr\u00edcula Online<\/b><\/p>\n<\/td><td>\n<p><span style=\"font-weight: 400;\">29\/01 a 06\/02\/2025<\/span><\/p>\n<\/td><\/tr><tr><td>\n<p><b>Matr\u00edculas<\/b><\/p>\n<\/td><td>\n<p><span style=\"font-weight: 400;\">10 a 14\/02\/2025<\/span><\/p>\n<\/td><\/tr><\/tbody><\/table><\/figure>\n\n\n\n<div class=\"wp-block-group\"><div class=\"wp-block-group__inner-container is-layout-constrained wp-block-group-is-layout-constrained\">\n<h2 class=\"wp-block-heading\" id=\"h-resultado-final-da-prova\"><span class=\"ez-toc-section\" id=\"Resultado_final_da_prova\"><\/span><strong>Resultado final da prova<\/strong><span class=\"ez-toc-section-end\"><\/span><\/h2>\n\n\n\n<p>A <b>Faculdade de Medicina de S\u00e3o Jos\u00e9 do Rio Preto&nbsp;<\/b>divulgou em seu site, o resultado final da prova objetiva, primeira e \u00fanica fase do processo seletivo. Veja o resultado final para Ampla Concorr\u00eancia, Cota Racial e PcD <a href=\"https:\/\/www.grupomedcof.com.br\/blog\/wp-content\/uploads\/2024\/11\/Resultado-final-AC.pdf\" target=\"_blank\" rel=\"noreferrer noopener\">aqui.<\/a><\/p>\n\n\n\n<div class=\"wp-block-buttons is-layout-flex wp-block-buttons-is-layout-flex\">\n<div class=\"wp-block-button\"><a class=\"wp-block-button__link wp-element-button\" href=\"https:\/\/www.grupomedcof.com.br\/blog\/wp-content\/uploads\/2024\/11\/Resultado-final-AC.pdf\" target=\"_blank\" rel=\"noreferrer noopener\">Resultado Acesso Direto FAMERP 2024\/2025<\/a><\/div>\n\n\n\n<div class=\"wp-block-button\"><a class=\"wp-block-button__link wp-element-button\" href=\"https:\/\/www.grupomedcof.com.br\/blog\/wp-content\/uploads\/2024\/11\/Resultado-final-Cota-Racial.pdf\" target=\"_blank\" rel=\"noreferrer noopener\">Resultado Cota Racial FAMERP 2024\/2025<\/a><\/div>\n\n\n\n<div class=\"wp-block-button\"><a class=\"wp-block-button__link wp-element-button\" href=\"https:\/\/www.grupomedcof.com.br\/blog\/wp-content\/uploads\/2024\/11\/Resultado-final-Cota-PCD.pdf\" target=\"_blank\" rel=\"noreferrer noopener\">Resultado PCD FAMERP 2024\/2024<\/a><\/div>\n<\/div>\n<\/div><\/div>\n\n\n\n<h2 class=\"wp-block-heading\" id=\"h-resultado-final-do-processo-seletivo\"><span class=\"ez-toc-section\" id=\"Resultado_Final_do_Processo_Seletivo\"><\/span><strong>Resultado Final do Processo Seletivo<\/strong><span class=\"ez-toc-section-end\"><\/span><\/h2>\n\n\n\n<p>O <a href=\"https:\/\/www.grupomedcof.com.br\/blog\/resultado-final-famerp\/\" target=\"_blank\" rel=\"noreferrer noopener\">resultado final<\/a> foi divulgado no dia&nbsp;<strong>29 de janeiro de 2025<\/strong>, e os candidatos foram classificados, por programa, em ordem decrescente da nota obtida na<br>prova objetiva.&nbsp;Agora, os candidatos ter\u00e3o o per\u00edodo das <strong>16h do dia 29 de janeiro at\u00e9 \u00e0s 23h59 do dia 6 de fevereiro de 2025<\/strong> para realizar a <strong><a href=\"https:\/\/www.famerp.br\/\" target=\"_blank\" rel=\"noreferrer noopener\">pr\u00e9-matr\u00edcula online.<\/a><\/strong><\/p>\n\n\n\n<div class=\"wp-block-buttons is-content-justification-center is-layout-flex wp-container-core-buttons-is-layout-16018d1d wp-block-buttons-is-layout-flex\">\n<div class=\"wp-block-button\"><a class=\"wp-block-button__link wp-element-button\" href=\"https:\/\/www.grupomedcof.com.br\/blog\/wp-content\/uploads\/2025\/01\/Resultado-Final-FAMERP-2025.pdf\" target=\"_blank\" rel=\"noreferrer noopener\">Resultado Final <\/a><\/div>\n\n\n\n<div class=\"wp-block-button\"><a class=\"wp-block-button__link wp-element-button\" href=\"https:\/\/www.grupomedcof.com.br\/blog\/wp-content\/uploads\/2025\/01\/Orientacoes-pre-matricula-FAMERP-2025.pdf\" target=\"_blank\" rel=\"noreferrer noopener\">Orienta\u00e7\u00f5es Pr\u00e9-Matr\u00edcula<\/a><\/div>\n<\/div>\n\n\n\n<h2 class=\"wp-block-heading\" id=\"h-o-que-mais-cai-nas-provas-de-residencia-medica-famerp\"><span class=\"ez-toc-section\" id=\"O_que_mais_cai_nas_provas_de_residencia_medica_FAMERP\"><\/span><strong>O que mais cai nas provas de resid\u00eancia m\u00e9dica FAMERP?<\/strong><span class=\"ez-toc-section-end\"><\/span><\/h2>\n\n\n\n<p><span style=\"font-weight: 400;\">Assim como em outras institui\u00e7\u00f5es e em provas antigas da pr\u00f3pria FAMERP, a avalia\u00e7\u00e3o para os participantes de programas de <\/span><b>Acesso Direto<\/b><span style=\"font-weight: 400;\"> contar\u00e1 com <\/span><b>80 quest\u00f5es de m\u00faltipla escolha<\/b><span style=\"font-weight: 400;\">, sendo somente uma alternativa correta, abordando como tem\u00e1tica os conhecimentos adquiridos das <\/span><b>cinco grandes \u00e1reas m\u00e9dicas<\/b><span style=\"font-weight: 400;\">.<\/span><\/p>\n\n\n\n<p><span style=\"font-weight: 400;\">Para os candidatos que selecionaram programas de <\/span><b>Pr\u00e9-requisito<\/b><span style=\"font-weight: 400;\">, a prova constar\u00e1 com a <\/span><b>tem\u00e1tica de acordo com a especialidade escolhida<\/b><span style=\"font-weight: 400;\"> pelo candidato no momento da inscri\u00e7\u00e3o. Ademais, a avalia\u00e7\u00e3o tamb\u00e9m contar\u00e1 com <\/span><b>80 quest\u00f5es de m\u00faltipla escolha<\/b><span style=\"font-weight: 400;\">, sendo s\u00f3 uma das alternativas a correta.<\/span><span style=\"font-weight: 400;\">Para entender mais sobre os conte\u00fados trabalhados na prova da FAMERP, confira nossa publica\u00e7\u00e3o sobre os <\/span><a href=\"https:\/\/www.grupomedcof.com.br\/blog\/residencia-medica-famerp-temas-quentes\/\"><b>Temas Quentes<\/b><\/a><span style=\"font-weight: 400;\"> da avalia\u00e7\u00e3o.<\/span><\/p>\n\n\n\n<h2 class=\"wp-block-heading\" id=\"h-como-se-preparar-para-a-famerp-2025\"><span class=\"ez-toc-section\" id=\"Como_se_preparar_para_a_FAMERP_2025\"><\/span><strong>Como se preparar para a FAMERP 2025?<\/strong><span class=\"ez-toc-section-end\"><\/span><\/h2>\n\n\n\n<p><span style=\"font-weight: 400;\">Por fim, a <\/span><a href=\"https:\/\/www.grupomedcof.com.br\/home\/?page=cursos\"><b>Medcof<\/b><\/a> <span style=\"font-weight: 400;\">te ajuda a mandar bem na pr\u00f3xima prova da FAMERP! Com o nosso cat\u00e1logo repleto de cursos, te guiaremos na jornada \u00e0 Resid\u00eancia M\u00e9dica dos sonhos! Confira os nossos cursos e <\/span><a href=\"https:\/\/www.grupomedcof.com.br\/blog\/presenca-da-medcof-nas-aprovacoes-em-residencia-medica-no-brasil\/\"><b>seja mais um aprovado<\/b><\/a><span style=\"font-weight: 400;\"> nas melhores institui\u00e7\u00f5es do pa\u00eds!<\/span><\/p>\n\n\n\n<figure class=\"wp-block-embed is-type-video is-provider-youtube wp-block-embed-youtube wp-embed-aspect-16-9 wp-has-aspect-ratio\"><div class=\"wp-block-embed__wrapper\">\n<div class=\"youtube-embed\" data-video_id=\"DNiLB30R_UM\"><iframe loading=\"lazy\" title=\"Gabarito Resid\u00eancia M\u00e9dica FAMERP 2024 - Corre\u00e7\u00e3o P\u00f3s-Prova - Ao Vivo\" width=\"696\" height=\"392\" src=\"https:\/\/www.youtube.com\/embed\/DNiLB30R_UM?feature=oembed&#038;enablejsapi=1\" frameborder=\"0\" allow=\"accelerometer; autoplay; clipboard-write; encrypted-media; gyroscope; picture-in-picture; web-share\" referrerpolicy=\"strict-origin-when-cross-origin\" allowfullscreen><\/iframe><\/div>\n<\/div><\/figure>\n\n\n\n<p><\/p>\n","protected":false},"excerpt":{"rendered":"<p>Aqui voc\u00ea encontra informa\u00e7\u00f5es atualizadas sobre o processo seletivo da resid\u00eancia da FAMERP. Confira datas, temas quentes, notas de corte e mais!<\/p>\n","protected":false},"author":20,"featured_media":31392,"comment_status":"open","ping_status":"open","sticky":false,"template":"","format":"standard","meta":{"footnotes":""},"categories":[10],"tags":[68,2520,2522],"ppma_author":[3616],"class_list":{"0":"post-2637","1":"post","2":"type-post","3":"status-publish","4":"format-standard","5":"has-post-thumbnail","7":"category-raio-x-editais","8":"tag-residencia-medica","9":"tag-resultado-final-famerp","10":"tag-resultado-final-prova-objetiva"},"yoast_head":"<!-- This site is optimized with the Yoast SEO Premium plugin v24.3 (Yoast SEO v27.4) - https:\/\/yoast.com\/product\/yoast-seo-premium-wordpress\/ -->\n<title>Resid\u00eancia M\u00e9dica FAMERP 2025\/2026: edital e tudo sobre a edi\u00e7\u00e3o!<\/title>\n<meta name=\"description\" content=\"Aqui voc\u00ea encontra informa\u00e7\u00f5es atualizadas sobre o processo seletivo da resid\u00eancia da FAMERP. Confira datas, temas quentes, notas de corte e mais!\" \/>\n<meta name=\"robots\" content=\"index, follow, max-snippet:-1, max-image-preview:large, max-video-preview:-1\" \/>\n<link rel=\"canonical\" href=\"https:\/\/www.grupomedcof.com.br\/blog\/residencia-medica-famerp\/\" \/>\n<meta property=\"og:locale\" content=\"pt_BR\" \/>\n<meta property=\"og:type\" content=\"article\" \/>\n<meta property=\"og:title\" content=\"Resid\u00eancia M\u00e9dica FAMERP 2025\/2026: edital, cronograma e mais\" \/>\n<meta property=\"og:description\" content=\"Aqui voc\u00ea encontra informa\u00e7\u00f5es atualizadas sobre o processo seletivo da resid\u00eancia da FAMERP. Confira datas, temas quentes, notas de corte e mais!\" \/>\n<meta property=\"og:url\" content=\"https:\/\/www.grupomedcof.com.br\/blog\/residencia-medica-famerp\/\" \/>\n<meta property=\"og:site_name\" content=\"Blog de Medcof: conte\u00fados, editais, revalida e mais!\" \/>\n<meta property=\"article:publisher\" content=\"https:\/\/www.facebook.com\/MedCofQbank\/\" \/>\n<meta property=\"article:published_time\" content=\"2025-07-09T17:57:40+00:00\" \/>\n<meta property=\"article:modified_time\" content=\"2025-08-06T17:58:26+00:00\" \/>\n<meta property=\"og:image\" content=\"https:\/\/www.grupomedcof.com.br\/blog\/wp-content\/uploads\/2022\/09\/Modelo-instituicoes-2024-10-01T121757.921-1068x601.png.png\" \/>\n\t<meta property=\"og:image:width\" content=\"1068\" \/>\n\t<meta property=\"og:image:height\" content=\"601\" \/>\n\t<meta property=\"og:image:type\" content=\"image\/png\" \/>\n<meta name=\"author\" content=\"Leila Menzel\" \/>\n<meta name=\"twitter:card\" content=\"summary_large_image\" \/>\n<meta name=\"twitter:label1\" content=\"Escrito por\" \/>\n\t<meta name=\"twitter:data1\" content=\"Leila Menzel\" \/>\n\t<meta name=\"twitter:label2\" content=\"Est. tempo de leitura\" \/>\n\t<meta name=\"twitter:data2\" content=\"8 minutos\" \/>\n<script type=\"application\/ld+json\" class=\"yoast-schema-graph\">{\"@context\":\"https:\\\/\\\/schema.org\",\"@graph\":[{\"@type\":\"Article\",\"@id\":\"https:\\\/\\\/www.grupomedcof.com.br\\\/blog\\\/residencia-medica-famerp\\\/#article\",\"isPartOf\":{\"@id\":\"https:\\\/\\\/www.grupomedcof.com.br\\\/blog\\\/residencia-medica-famerp\\\/\"},\"author\":{\"name\":\"Leila Menzel\",\"@id\":\"https:\\\/\\\/www.grupomedcof.com.br\\\/blog\\\/#\\\/schema\\\/person\\\/9a44c2184a836bf5ae6967fdb3a1451e\"},\"headline\":\"Resid\u00eancia M\u00e9dica FAMERP 2025\\\/2026: edital, cronograma e mais\",\"datePublished\":\"2025-07-09T17:57:40+00:00\",\"dateModified\":\"2025-08-06T17:58:26+00:00\",\"mainEntityOfPage\":{\"@id\":\"https:\\\/\\\/www.grupomedcof.com.br\\\/blog\\\/residencia-medica-famerp\\\/\"},\"wordCount\":1246,\"commentCount\":0,\"publisher\":{\"@id\":\"https:\\\/\\\/www.grupomedcof.com.br\\\/blog\\\/#organization\"},\"image\":{\"@id\":\"https:\\\/\\\/www.grupomedcof.com.br\\\/blog\\\/residencia-medica-famerp\\\/#primaryimage\"},\"thumbnailUrl\":\"https:\\\/\\\/www.grupomedcof.com.br\\\/blog\\\/wp-content\\\/uploads\\\/2022\\\/09\\\/Modelo-instituicoes-2024-10-01T121757.921-1068x601.png.png\",\"keywords\":[\"Resid\u00eancia M\u00e9dica\",\"Resultado Final FAMERP\",\"Resultado Final Prova Objetiva\"],\"articleSection\":[\"Raio-X Editais\"],\"inLanguage\":\"pt-BR\"},{\"@type\":\"WebPage\",\"@id\":\"https:\\\/\\\/www.grupomedcof.com.br\\\/blog\\\/residencia-medica-famerp\\\/\",\"url\":\"https:\\\/\\\/www.grupomedcof.com.br\\\/blog\\\/residencia-medica-famerp\\\/\",\"name\":\"Resid\u00eancia M\u00e9dica FAMERP 2025\\\/2026: edital e tudo sobre a edi\u00e7\u00e3o!\",\"isPartOf\":{\"@id\":\"https:\\\/\\\/www.grupomedcof.com.br\\\/blog\\\/#website\"},\"primaryImageOfPage\":{\"@id\":\"https:\\\/\\\/www.grupomedcof.com.br\\\/blog\\\/residencia-medica-famerp\\\/#primaryimage\"},\"image\":{\"@id\":\"https:\\\/\\\/www.grupomedcof.com.br\\\/blog\\\/residencia-medica-famerp\\\/#primaryimage\"},\"thumbnailUrl\":\"https:\\\/\\\/www.grupomedcof.com.br\\\/blog\\\/wp-content\\\/uploads\\\/2022\\\/09\\\/Modelo-instituicoes-2024-10-01T121757.921-1068x601.png.png\",\"datePublished\":\"2025-07-09T17:57:40+00:00\",\"dateModified\":\"2025-08-06T17:58:26+00:00\",\"description\":\"Aqui voc\u00ea encontra informa\u00e7\u00f5es atualizadas sobre o processo seletivo da resid\u00eancia da FAMERP. Confira datas, temas quentes, notas de corte e mais!\",\"breadcrumb\":{\"@id\":\"https:\\\/\\\/www.grupomedcof.com.br\\\/blog\\\/residencia-medica-famerp\\\/#breadcrumb\"},\"inLanguage\":\"pt-BR\",\"potentialAction\":[{\"@type\":\"ReadAction\",\"target\":[\"https:\\\/\\\/www.grupomedcof.com.br\\\/blog\\\/residencia-medica-famerp\\\/\"]}]},{\"@type\":\"ImageObject\",\"inLanguage\":\"pt-BR\",\"@id\":\"https:\\\/\\\/www.grupomedcof.com.br\\\/blog\\\/residencia-medica-famerp\\\/#primaryimage\",\"url\":\"https:\\\/\\\/www.grupomedcof.com.br\\\/blog\\\/wp-content\\\/uploads\\\/2022\\\/09\\\/Modelo-instituicoes-2024-10-01T121757.921-1068x601.png.png\",\"contentUrl\":\"https:\\\/\\\/www.grupomedcof.com.br\\\/blog\\\/wp-content\\\/uploads\\\/2022\\\/09\\\/Modelo-instituicoes-2024-10-01T121757.921-1068x601.png.png\",\"width\":1068,\"height\":601},{\"@type\":\"BreadcrumbList\",\"@id\":\"https:\\\/\\\/www.grupomedcof.com.br\\\/blog\\\/residencia-medica-famerp\\\/#breadcrumb\",\"itemListElement\":[{\"@type\":\"ListItem\",\"position\":1,\"name\":\"In\u00edcio\",\"item\":\"https:\\\/\\\/www.grupomedcof.com.br\\\/blog\\\/\"},{\"@type\":\"ListItem\",\"position\":2,\"name\":\"Resid\u00eancia M\u00e9dica FAMERP 2025\\\/2026: edital, cronograma e mais\"}]},{\"@type\":\"WebSite\",\"@id\":\"https:\\\/\\\/www.grupomedcof.com.br\\\/blog\\\/#website\",\"url\":\"https:\\\/\\\/www.grupomedcof.com.br\\\/blog\\\/\",\"name\":\"Blog de Medcof: conte\u00fados, editais, revalida e mais!\",\"description\":\"Acesso o blog de MedCof! Seu portal de conte\u00fados sobre resid\u00eancia m\u00e9dica, an\u00e1lise e editais e muito mais. Clique e confira!\",\"publisher\":{\"@id\":\"https:\\\/\\\/www.grupomedcof.com.br\\\/blog\\\/#organization\"},\"alternateName\":\"Blog de Medcof: conte\u00fados, editais, revalida e mais!\",\"potentialAction\":[{\"@type\":\"SearchAction\",\"target\":{\"@type\":\"EntryPoint\",\"urlTemplate\":\"https:\\\/\\\/www.grupomedcof.com.br\\\/blog\\\/?s={search_term_string}\"},\"query-input\":{\"@type\":\"PropertyValueSpecification\",\"valueRequired\":true,\"valueName\":\"search_term_string\"}}],\"inLanguage\":\"pt-BR\"},{\"@type\":\"Organization\",\"@id\":\"https:\\\/\\\/www.grupomedcof.com.br\\\/blog\\\/#organization\",\"name\":\"Grupo MedCof\",\"url\":\"https:\\\/\\\/www.grupomedcof.com.br\\\/blog\\\/\",\"logo\":{\"@type\":\"ImageObject\",\"inLanguage\":\"pt-BR\",\"@id\":\"https:\\\/\\\/www.grupomedcof.com.br\\\/blog\\\/#\\\/schema\\\/logo\\\/image\\\/\",\"url\":\"https:\\\/\\\/www.grupomedcof.com.br\\\/blog\\\/wp-content\\\/uploads\\\/2022\\\/01\\\/logo-medcof.png\",\"contentUrl\":\"https:\\\/\\\/www.grupomedcof.com.br\\\/blog\\\/wp-content\\\/uploads\\\/2022\\\/01\\\/logo-medcof.png\",\"width\":768,\"height\":269,\"caption\":\"Grupo MedCof\"},\"image\":{\"@id\":\"https:\\\/\\\/www.grupomedcof.com.br\\\/blog\\\/#\\\/schema\\\/logo\\\/image\\\/\"},\"sameAs\":[\"https:\\\/\\\/www.facebook.com\\\/MedCofQbank\\\/\",\"https:\\\/\\\/www.instagram.com\\\/grupomedcof\\\/\",\"https:\\\/\\\/br.linkedin.com\\\/company\\\/medcof\",\"https:\\\/\\\/www.youtube.com\\\/channel\\\/UCdHMuOHKICxcHwecxN8P-AA\"]},{\"@type\":\"Person\",\"@id\":\"https:\\\/\\\/www.grupomedcof.com.br\\\/blog\\\/#\\\/schema\\\/person\\\/9a44c2184a836bf5ae6967fdb3a1451e\",\"name\":\"Leila Menzel\",\"image\":{\"@type\":\"ImageObject\",\"inLanguage\":\"pt-BR\",\"@id\":\"https:\\\/\\\/www.grupomedcof.com.br\\\/blog\\\/wp-content\\\/uploads\\\/2025\\\/09\\\/cropped-eu-96x96.jpeg19a74936d997c0a8b3031618467fa1d0\",\"url\":\"https:\\\/\\\/www.grupomedcof.com.br\\\/blog\\\/wp-content\\\/uploads\\\/2025\\\/09\\\/cropped-eu-96x96.jpeg\",\"contentUrl\":\"https:\\\/\\\/www.grupomedcof.com.br\\\/blog\\\/wp-content\\\/uploads\\\/2025\\\/09\\\/cropped-eu-96x96.jpeg\",\"caption\":\"Leila Menzel\"},\"description\":\"Estudante do 6\u00b0 semestre de jornalismo, amo e escrevo poesias e viajo em livros de romances clich\u00eas.\",\"url\":\"https:\\\/\\\/www.grupomedcof.com.br\\\/blog\\\/author\\\/leila-menzel\\\/\"}]}<\/script>\n<!-- \/ Yoast SEO Premium plugin. -->","yoast_head_json":{"title":"Resid\u00eancia M\u00e9dica FAMERP 2025\/2026: edital e tudo sobre a edi\u00e7\u00e3o!","description":"Aqui voc\u00ea encontra informa\u00e7\u00f5es atualizadas sobre o processo seletivo da resid\u00eancia da FAMERP. Confira datas, temas quentes, notas de corte e mais!","robots":{"index":"index","follow":"follow","max-snippet":"max-snippet:-1","max-image-preview":"max-image-preview:large","max-video-preview":"max-video-preview:-1"},"canonical":"https:\/\/www.grupomedcof.com.br\/blog\/residencia-medica-famerp\/","og_locale":"pt_BR","og_type":"article","og_title":"Resid\u00eancia M\u00e9dica FAMERP 2025\/2026: edital, cronograma e mais","og_description":"Aqui voc\u00ea encontra informa\u00e7\u00f5es atualizadas sobre o processo seletivo da resid\u00eancia da FAMERP. Confira datas, temas quentes, notas de corte e mais!","og_url":"https:\/\/www.grupomedcof.com.br\/blog\/residencia-medica-famerp\/","og_site_name":"Blog de Medcof: conte\u00fados, editais, revalida e mais!","article_publisher":"https:\/\/www.facebook.com\/MedCofQbank\/","article_published_time":"2025-07-09T17:57:40+00:00","article_modified_time":"2025-08-06T17:58:26+00:00","og_image":[{"width":1068,"height":601,"url":"https:\/\/www.grupomedcof.com.br\/blog\/wp-content\/uploads\/2022\/09\/Modelo-instituicoes-2024-10-01T121757.921-1068x601.png.png","type":"image\/png"}],"author":"Leila Menzel","twitter_card":"summary_large_image","twitter_misc":{"Escrito por":"Leila Menzel","Est. tempo de leitura":"8 minutos"},"schema":{"@context":"https:\/\/schema.org","@graph":[{"@type":"Article","@id":"https:\/\/www.grupomedcof.com.br\/blog\/residencia-medica-famerp\/#article","isPartOf":{"@id":"https:\/\/www.grupomedcof.com.br\/blog\/residencia-medica-famerp\/"},"author":{"name":"Leila Menzel","@id":"https:\/\/www.grupomedcof.com.br\/blog\/#\/schema\/person\/9a44c2184a836bf5ae6967fdb3a1451e"},"headline":"Resid\u00eancia M\u00e9dica FAMERP 2025\/2026: edital, cronograma e mais","datePublished":"2025-07-09T17:57:40+00:00","dateModified":"2025-08-06T17:58:26+00:00","mainEntityOfPage":{"@id":"https:\/\/www.grupomedcof.com.br\/blog\/residencia-medica-famerp\/"},"wordCount":1246,"commentCount":0,"publisher":{"@id":"https:\/\/www.grupomedcof.com.br\/blog\/#organization"},"image":{"@id":"https:\/\/www.grupomedcof.com.br\/blog\/residencia-medica-famerp\/#primaryimage"},"thumbnailUrl":"https:\/\/www.grupomedcof.com.br\/blog\/wp-content\/uploads\/2022\/09\/Modelo-instituicoes-2024-10-01T121757.921-1068x601.png.png","keywords":["Resid\u00eancia M\u00e9dica","Resultado Final FAMERP","Resultado Final Prova Objetiva"],"articleSection":["Raio-X Editais"],"inLanguage":"pt-BR"},{"@type":"WebPage","@id":"https:\/\/www.grupomedcof.com.br\/blog\/residencia-medica-famerp\/","url":"https:\/\/www.grupomedcof.com.br\/blog\/residencia-medica-famerp\/","name":"Resid\u00eancia M\u00e9dica FAMERP 2025\/2026: edital e tudo sobre a edi\u00e7\u00e3o!","isPartOf":{"@id":"https:\/\/www.grupomedcof.com.br\/blog\/#website"},"primaryImageOfPage":{"@id":"https:\/\/www.grupomedcof.com.br\/blog\/residencia-medica-famerp\/#primaryimage"},"image":{"@id":"https:\/\/www.grupomedcof.com.br\/blog\/residencia-medica-famerp\/#primaryimage"},"thumbnailUrl":"https:\/\/www.grupomedcof.com.br\/blog\/wp-content\/uploads\/2022\/09\/Modelo-instituicoes-2024-10-01T121757.921-1068x601.png.png","datePublished":"2025-07-09T17:57:40+00:00","dateModified":"2025-08-06T17:58:26+00:00","description":"Aqui voc\u00ea encontra informa\u00e7\u00f5es atualizadas sobre o processo seletivo da resid\u00eancia da FAMERP. Confira datas, temas quentes, notas de corte e mais!","breadcrumb":{"@id":"https:\/\/www.grupomedcof.com.br\/blog\/residencia-medica-famerp\/#breadcrumb"},"inLanguage":"pt-BR","potentialAction":[{"@type":"ReadAction","target":["https:\/\/www.grupomedcof.com.br\/blog\/residencia-medica-famerp\/"]}]},{"@type":"ImageObject","inLanguage":"pt-BR","@id":"https:\/\/www.grupomedcof.com.br\/blog\/residencia-medica-famerp\/#primaryimage","url":"https:\/\/www.grupomedcof.com.br\/blog\/wp-content\/uploads\/2022\/09\/Modelo-instituicoes-2024-10-01T121757.921-1068x601.png.png","contentUrl":"https:\/\/www.grupomedcof.com.br\/blog\/wp-content\/uploads\/2022\/09\/Modelo-instituicoes-2024-10-01T121757.921-1068x601.png.png","width":1068,"height":601},{"@type":"BreadcrumbList","@id":"https:\/\/www.grupomedcof.com.br\/blog\/residencia-medica-famerp\/#breadcrumb","itemListElement":[{"@type":"ListItem","position":1,"name":"In\u00edcio","item":"https:\/\/www.grupomedcof.com.br\/blog\/"},{"@type":"ListItem","position":2,"name":"Resid\u00eancia M\u00e9dica FAMERP 2025\/2026: edital, cronograma e mais"}]},{"@type":"WebSite","@id":"https:\/\/www.grupomedcof.com.br\/blog\/#website","url":"https:\/\/www.grupomedcof.com.br\/blog\/","name":"Blog de Medcof: conte\u00fados, editais, revalida e mais!","description":"Acesso o blog de MedCof! Seu portal de conte\u00fados sobre resid\u00eancia m\u00e9dica, an\u00e1lise e editais e muito mais. Clique e confira!","publisher":{"@id":"https:\/\/www.grupomedcof.com.br\/blog\/#organization"},"alternateName":"Blog de Medcof: conte\u00fados, editais, revalida e mais!","potentialAction":[{"@type":"SearchAction","target":{"@type":"EntryPoint","urlTemplate":"https:\/\/www.grupomedcof.com.br\/blog\/?s={search_term_string}"},"query-input":{"@type":"PropertyValueSpecification","valueRequired":true,"valueName":"search_term_string"}}],"inLanguage":"pt-BR"},{"@type":"Organization","@id":"https:\/\/www.grupomedcof.com.br\/blog\/#organization","name":"Grupo MedCof","url":"https:\/\/www.grupomedcof.com.br\/blog\/","logo":{"@type":"ImageObject","inLanguage":"pt-BR","@id":"https:\/\/www.grupomedcof.com.br\/blog\/#\/schema\/logo\/image\/","url":"https:\/\/www.grupomedcof.com.br\/blog\/wp-content\/uploads\/2022\/01\/logo-medcof.png","contentUrl":"https:\/\/www.grupomedcof.com.br\/blog\/wp-content\/uploads\/2022\/01\/logo-medcof.png","width":768,"height":269,"caption":"Grupo MedCof"},"image":{"@id":"https:\/\/www.grupomedcof.com.br\/blog\/#\/schema\/logo\/image\/"},"sameAs":["https:\/\/www.facebook.com\/MedCofQbank\/","https:\/\/www.instagram.com\/grupomedcof\/","https:\/\/br.linkedin.com\/company\/medcof","https:\/\/www.youtube.com\/channel\/UCdHMuOHKICxcHwecxN8P-AA"]},{"@type":"Person","@id":"https:\/\/www.grupomedcof.com.br\/blog\/#\/schema\/person\/9a44c2184a836bf5ae6967fdb3a1451e","name":"Leila Menzel","image":{"@type":"ImageObject","inLanguage":"pt-BR","@id":"https:\/\/www.grupomedcof.com.br\/blog\/wp-content\/uploads\/2025\/09\/cropped-eu-96x96.jpeg19a74936d997c0a8b3031618467fa1d0","url":"https:\/\/www.grupomedcof.com.br\/blog\/wp-content\/uploads\/2025\/09\/cropped-eu-96x96.jpeg","contentUrl":"https:\/\/www.grupomedcof.com.br\/blog\/wp-content\/uploads\/2025\/09\/cropped-eu-96x96.jpeg","caption":"Leila Menzel"},"description":"Estudante do 6\u00b0 semestre de jornalismo, amo e escrevo poesias e viajo em livros de romances clich\u00eas.","url":"https:\/\/www.grupomedcof.com.br\/blog\/author\/leila-menzel\/"}]}},"authors":[{"term_id":3616,"user_id":20,"is_guest":0,"slug":"leila-menzel","display_name":"Leila Menzel","avatar_url":"https:\/\/www.grupomedcof.com.br\/blog\/wp-content\/uploads\/2025\/09\/cropped-eu-96x96.jpeg","0":null,"1":"","2":"","3":"","4":"","5":"","6":"","7":"","8":""}],"_links":{"self":[{"href":"https:\/\/www.grupomedcof.com.br\/blog\/wp-json\/wp\/v2\/posts\/2637","targetHints":{"allow":["GET"]}}],"collection":[{"href":"https:\/\/www.grupomedcof.com.br\/blog\/wp-json\/wp\/v2\/posts"}],"about":[{"href":"https:\/\/www.grupomedcof.com.br\/blog\/wp-json\/wp\/v2\/types\/post"}],"author":[{"embeddable":true,"href":"https:\/\/www.grupomedcof.com.br\/blog\/wp-json\/wp\/v2\/users\/20"}],"replies":[{"embeddable":true,"href":"https:\/\/www.grupomedcof.com.br\/blog\/wp-json\/wp\/v2\/comments?post=2637"}],"version-history":[{"count":2,"href":"https:\/\/www.grupomedcof.com.br\/blog\/wp-json\/wp\/v2\/posts\/2637\/revisions"}],"predecessor-version":[{"id":36895,"href":"https:\/\/www.grupomedcof.com.br\/blog\/wp-json\/wp\/v2\/posts\/2637\/revisions\/36895"}],"wp:featuredmedia":[{"embeddable":true,"href":"https:\/\/www.grupomedcof.com.br\/blog\/wp-json\/wp\/v2\/media\/31392"}],"wp:attachment":[{"href":"https:\/\/www.grupomedcof.com.br\/blog\/wp-json\/wp\/v2\/media?parent=2637"}],"wp:term":[{"taxonomy":"category","embeddable":true,"href":"https:\/\/www.grupomedcof.com.br\/blog\/wp-json\/wp\/v2\/categories?post=2637"},{"taxonomy":"post_tag","embeddable":true,"href":"https:\/\/www.grupomedcof.com.br\/blog\/wp-json\/wp\/v2\/tags?post=2637"},{"taxonomy":"author","embeddable":true,"href":"https:\/\/www.grupomedcof.com.br\/blog\/wp-json\/wp\/v2\/ppma_author?post=2637"}],"curies":[{"name":"wp","href":"https:\/\/api.w.org\/{rel}","templated":true}]}}