{"id":26395,"date":"2025-08-19T14:29:57","date_gmt":"2025-08-19T17:29:57","guid":{"rendered":"https:\/\/www.grupomedcof.com.br\/blog\/?p=26395"},"modified":"2026-02-10T09:10:58","modified_gmt":"2026-02-10T12:10:58","slug":"residencia-medica-enare","status":"publish","type":"post","link":"https:\/\/www.grupomedcof.com.br\/blog\/residencia-medica-enare\/","title":{"rendered":"ENARE 2026: edital, vagas e processo seletivo"},"content":{"rendered":"<div id=\"ez-toc-container\" class=\"ez-toc-v2_0_74 counter-hierarchy ez-toc-counter ez-toc-transparent ez-toc-container-direction\">\n<div class=\"ez-toc-title-container\">\n<p class=\"ez-toc-title\" style=\"cursor:inherit\">Sum\u00e1rio<\/p>\n<span class=\"ez-toc-title-toggle\"><a href=\"#\" class=\"ez-toc-pull-right ez-toc-btn ez-toc-btn-xs ez-toc-btn-default ez-toc-toggle\" aria-label=\"Alternar tabela de conte\u00fado\"><span class=\"ez-toc-js-icon-con\"><span class=\"\"><span class=\"eztoc-hide\" style=\"display:none;\">Toggle<\/span><span class=\"ez-toc-icon-toggle-span\"><svg style=\"fill: #999;color:#999\" xmlns=\"http:\/\/www.w3.org\/2000\/svg\" class=\"list-377408\" width=\"20px\" height=\"20px\" viewBox=\"0 0 24 24\" fill=\"none\"><path d=\"M6 6H4v2h2V6zm14 0H8v2h12V6zM4 11h2v2H4v-2zm16 0H8v2h12v-2zM4 16h2v2H4v-2zm16 0H8v2h12v-2z\" fill=\"currentColor\"><\/path><\/svg><svg style=\"fill: #999;color:#999\" class=\"arrow-unsorted-368013\" xmlns=\"http:\/\/www.w3.org\/2000\/svg\" width=\"10px\" height=\"10px\" viewBox=\"0 0 24 24\" version=\"1.2\" baseProfile=\"tiny\"><path d=\"M18.2 9.3l-6.2-6.3-6.2 6.3c-.2.2-.3.4-.3.7s.1.5.3.7c.2.2.4.3.7.3h11c.3 0 .5-.1.7-.3.2-.2.3-.5.3-.7s-.1-.5-.3-.7zM5.8 14.7l6.2 6.3 6.2-6.3c.2-.2.3-.5.3-.7s-.1-.5-.3-.7c-.2-.2-.4-.3-.7-.3h-11c-.3 0-.5.1-.7.3-.2.2-.3.5-.3.7s.1.5.3.7z\"\/><\/svg><\/span><\/span><\/span><\/a><\/span><\/div>\n<nav><ul class='ez-toc-list ez-toc-list-level-1 ' ><li class='ez-toc-page-1 ez-toc-heading-level-2'><a class=\"ez-toc-link ez-toc-heading-1\" href=\"https:\/\/www.grupomedcof.com.br\/blog\/residencia-medica-enare\/#Sobre_o_ENARE\" >Sobre o ENARE<\/a><\/li><li class='ez-toc-page-1 ez-toc-heading-level-2'><a class=\"ez-toc-link ez-toc-heading-2\" href=\"https:\/\/www.grupomedcof.com.br\/blog\/residencia-medica-enare\/#Edital_ENARE_2026\" >Edital ENARE 2026<\/a><\/li><li class='ez-toc-page-1 ez-toc-heading-level-2'><a class=\"ez-toc-link ez-toc-heading-3\" href=\"https:\/\/www.grupomedcof.com.br\/blog\/residencia-medica-enare\/#Inscricoes_ENARE_2025\" >Inscri\u00e7\u00f5es ENARE 2025<\/a><\/li><li class='ez-toc-page-1 ez-toc-heading-level-2'><a class=\"ez-toc-link ez-toc-heading-4\" href=\"https:\/\/www.grupomedcof.com.br\/blog\/residencia-medica-enare\/#Vagas_ENARE_2026\" >Vagas ENARE 2026<\/a><\/li><li class='ez-toc-page-1 ez-toc-heading-level-2'><a class=\"ez-toc-link ez-toc-heading-5\" href=\"https:\/\/www.grupomedcof.com.br\/blog\/residencia-medica-enare\/#Processo_Seletivo_Enare\" >Processo Seletivo Enare<\/a><ul class='ez-toc-list-level-3' ><li class='ez-toc-heading-level-3'><a class=\"ez-toc-link ez-toc-heading-6\" href=\"https:\/\/www.grupomedcof.com.br\/blog\/residencia-medica-enare\/#Prova_Objetiva\" >Prova Objetiva<\/a><\/li><li class='ez-toc-page-1 ez-toc-heading-level-3'><a class=\"ez-toc-link ez-toc-heading-7\" href=\"https:\/\/www.grupomedcof.com.br\/blog\/residencia-medica-enare\/#Analise_Curricular\" >An\u00e1lise Curricular<\/a><\/li><\/ul><\/li><li class='ez-toc-page-1 ez-toc-heading-level-2'><a class=\"ez-toc-link ez-toc-heading-8\" href=\"https:\/\/www.grupomedcof.com.br\/blog\/residencia-medica-enare\/#Cronograma_ENARE_20252026\" >Cronograma ENARE 2025\/2026<\/a><\/li><li class='ez-toc-page-1 ez-toc-heading-level-2'><a class=\"ez-toc-link ez-toc-heading-9\" href=\"https:\/\/www.grupomedcof.com.br\/blog\/residencia-medica-enare\/#O_metodo_que_te_aprova\" >O m\u00e9todo que te aprova!<\/a><\/li><\/ul><\/nav><\/div>\n\n<figure class=\"wp-block-image size-large\"><img loading=\"lazy\" decoding=\"async\" width=\"1024\" height=\"576\" src=\"https:\/\/www.grupomedcof.com.br\/blog\/wp-content\/uploads\/2024\/05\/Blog-MedCof-2-1024x576.png\" alt=\"enare, exame nacional de resid\u00eancia ebserh\" class=\"wp-image-26397\" srcset=\"https:\/\/www.grupomedcof.com.br\/blog\/wp-content\/uploads\/2024\/05\/Blog-MedCof-2-1024x576.png 1024w, https:\/\/www.grupomedcof.com.br\/blog\/wp-content\/uploads\/2024\/05\/Blog-MedCof-2-300x169.png 300w, https:\/\/www.grupomedcof.com.br\/blog\/wp-content\/uploads\/2024\/05\/Blog-MedCof-2-768x432.png 768w, https:\/\/www.grupomedcof.com.br\/blog\/wp-content\/uploads\/2024\/05\/Blog-MedCof-2-1536x864.png 1536w, https:\/\/www.grupomedcof.com.br\/blog\/wp-content\/uploads\/2024\/05\/Blog-MedCof-2-747x420.png 747w, https:\/\/www.grupomedcof.com.br\/blog\/wp-content\/uploads\/2024\/05\/Blog-MedCof-2-150x84.png 150w, https:\/\/www.grupomedcof.com.br\/blog\/wp-content\/uploads\/2024\/05\/Blog-MedCof-2-696x392.png 696w, https:\/\/www.grupomedcof.com.br\/blog\/wp-content\/uploads\/2024\/05\/Blog-MedCof-2-1068x601.png 1068w, https:\/\/www.grupomedcof.com.br\/blog\/wp-content\/uploads\/2024\/05\/Blog-MedCof-2.png 1920w\" sizes=\"auto, (max-width: 1024px) 100vw, 1024px\" \/><\/figure>\n\n\n\n<p>Relembre como foi a \u00faltima edi\u00e7\u00e3o do Exame Nacional de Resid\u00eancia (<strong>ENARE<\/strong>) e se prepare para a pr\u00f3xima prova!<\/p>\n\n\n\n<h2 class=\"wp-block-heading\" id=\"h-sobre-o-enare\"><span class=\"ez-toc-section\" id=\"Sobre_o_ENARE\"><\/span><strong>Sobre o ENARE<\/strong><span class=\"ez-toc-section-end\"><\/span><\/h2>\n\n\n\n<p>O Exame Nacional de Resid\u00eancia (<strong>ENARE<\/strong>) \u00e9 uma avalia\u00e7\u00e3o realizada, neste ano, pela <strong>FGV<\/strong> que objetiva oferecer mais oportunidades de vagas de Resid\u00eancia M\u00e9dica em diversas \u00e1reas de Institui\u00e7\u00f5es p\u00fablicas que aderem ao programa.<\/p>\n\n\n\n<h2 class=\"wp-block-heading\" id=\"h-edital-enare-2026\"><span class=\"ez-toc-section\" id=\"Edital_ENARE_2026\"><\/span><strong>Edital ENARE 2026<\/strong><span class=\"ez-toc-section-end\"><\/span><\/h2>\n\n\n\n<p>O <a href=\"https:\/\/www.grupomedcof.com.br\/blog\/edital-enare-publicado\/\" target=\"_blank\" rel=\"noreferrer noopener\">edital<\/a> dos programas de Resid\u00eancia M\u00e9dica para o in\u00edcio em 2025 foi publicado no dia <strong>20 de junho<\/strong> <strong>de 2025.<\/strong><\/p>\n\n\n\n<p>A princ\u00edpio, o processo seletivo contar\u00e1 com mais de <strong>6.000 vagas<\/strong> de Resid\u00eancia M\u00e9dica dispon\u00edveis em todo o pa\u00eds, e distribu\u00eddas entre especialidades de Acesso Direto e com Pr\u00e9-Requisito exigido. A&nbsp;<strong>taxa de inscri\u00e7\u00e3o ser\u00e1 de R$330,00<\/strong>.<\/p>\n\n\n\n<h2 class=\"wp-block-heading\" id=\"h-inscricoes-enare-2025\"><span class=\"ez-toc-section\" id=\"Inscricoes_ENARE_2025\"><\/span><strong>Inscri\u00e7\u00f5es ENARE<\/strong> <strong>2025<\/strong><span class=\"ez-toc-section-end\"><\/span><\/h2>\n\n\n\n<p>Os candidatos que prestaram o Exame Nacional de Resid\u00eancia, <a href=\"https:\/\/www.grupomedcof.com.br\/blog\/data-para-inscricoes-enare\/\" target=\"_blank\" rel=\"noreferrer noopener\">se inscreveram entre os dias <strong>07 e 18 de julho<\/strong>,&nbsp;<\/a><strong>tendo sido prorrogadas at\u00e9 o dia 30 de julho.&nbsp;<\/strong>Quem precisou solicitar a&nbsp;isen\u00e7\u00e3o ou redu\u00e7\u00e3o da taxa realizou o pedido entre os dias&nbsp;<strong>07 a 09<\/strong> <strong>de julho de 2025<\/strong>.<\/p>\n\n\n\n<p>Para aqueles que pagaram o valor integral,&nbsp;<strong>a taxa estabelecida foi de <strong>R$330,00<\/strong><\/strong>.&nbsp;Todos os processos foram realizados pela internet, no site oficial do exame.<\/p>\n\n\n\n<h2 class=\"wp-block-heading\" id=\"h-vagas-enare-2026\"><span class=\"ez-toc-section\" id=\"Vagas_ENARE_2026\"><\/span><strong>Vagas ENARE 2026<\/strong><span class=\"ez-toc-section-end\"><\/span><\/h2>\n\n\n\n<p>Nesta edi\u00e7\u00e3o est\u00e1 sendo ofertada mais de<strong>&nbsp;<strong>6 mil<\/strong>&nbsp;vagas com <a href=\"https:\/\/www.grupomedcof.com.br\/blog\/recordes-enare-2024-2025\/\" target=\"_blank\" rel=\"noreferrer noopener\">198 institui\u00e7\u00f5es participantes.<\/a>&nbsp;<\/strong><\/p>\n\n\n\n<div class=\"wp-block-buttons is-content-justification-left is-layout-flex wp-container-core-buttons-is-layout-fdcfc74e wp-block-buttons-is-layout-flex\">\n<div class=\"wp-block-button\"><a class=\"wp-block-button__link wp-element-button\" href=\"https:\/\/www.grupomedcof.com.br\/blog\/enare-vagas\/\" target=\"_blank\" rel=\"noreferrer noopener\">Vagas Enare 2026<\/a><\/div>\n<\/div>\n\n\n\n<h2 class=\"wp-block-heading\" id=\"h-processo-seletivo-enare\"><span class=\"ez-toc-section\" id=\"Processo_Seletivo_Enare\"><\/span><strong>Processo Seletivo<\/strong> <strong>Enare<\/strong><span class=\"ez-toc-section-end\"><\/span><\/h2>\n\n\n\n<h3 class=\"wp-block-heading\" id=\"h-prova-objetiva\"><span class=\"ez-toc-section\" id=\"Prova_Objetiva\"><\/span><strong>Prova Objetiva<\/strong><span class=\"ez-toc-section-end\"><\/span><\/h3>\n\n\n\n<p>De acordo com o edital, os candidatos foram avaliados por meio da prova objetiva, marcada para o dia <strong>19 de outubro de 2025.<\/strong><\/p>\n\n\n\n<p>Os candidatos que prestaram a prova para as especialidades de Acesso Direto, tiveram que realizar <strong>100 quest\u00f5es de m\u00faltipla escolha.<\/strong><\/p>\n\n\n\n<p>J\u00e1 para os candidatos que prestaram para as especialidades de Pr\u00e9-Requisito, tiveram <strong>80 quest\u00f5es de m\u00faltipla escolha<\/strong>\u00a0de acordo com especialidade escolhida. Cada quest\u00e3o tem o valor de 1,25, totalizando 100 pontos ao final. Para a aprova\u00e7\u00e3o, o candidato deve acertar o m\u00ednimo de 50% da prova.<\/p>\n\n\n\n<h3 class=\"wp-block-heading\" id=\"h-analise-curricular\"><span class=\"ez-toc-section\" id=\"Analise_Curricular\"><\/span><strong>An\u00e1lise Curricular<\/strong><span class=\"ez-toc-section-end\"><\/span><\/h3>\n\n\n\n<p>A fase de an\u00e1lise curricular n\u00e3o far\u00e1 parte do processo seletivo do ENARE 2026, ap\u00f3s <a href=\"https:\/\/www.grupomedcof.com.br\/blog\/ebserh-cancela-analise-curricular-de-residencia-medica-do-enare\/\" target=\"_blank\" rel=\"noreferrer noopener\">cancelamento<\/a>.<\/p>\n\n\n\n<figure class=\"wp-block-image size-large\"><a href=\"https:\/\/www.grupomedcof.com.br\/cofletters\/\" target=\"_blank\" rel=\" noreferrer noopener\"><img loading=\"lazy\" decoding=\"async\" width=\"1024\" height=\"320\" src=\"https:\/\/www.grupomedcof.com.br\/blog\/wp-content\/uploads\/2025\/02\/Banner-MedCof-Plus-2200x460-11-1024x320.png\" alt=\"\" class=\"wp-image-33723\" srcset=\"https:\/\/www.grupomedcof.com.br\/blog\/wp-content\/uploads\/2025\/02\/Banner-MedCof-Plus-2200x460-11-1024x320.png 1024w, https:\/\/www.grupomedcof.com.br\/blog\/wp-content\/uploads\/2025\/02\/Banner-MedCof-Plus-2200x460-11-300x94.png 300w, https:\/\/www.grupomedcof.com.br\/blog\/wp-content\/uploads\/2025\/02\/Banner-MedCof-Plus-2200x460-11-768x240.png 768w, https:\/\/www.grupomedcof.com.br\/blog\/wp-content\/uploads\/2025\/02\/Banner-MedCof-Plus-2200x460-11-1536x480.png 1536w, https:\/\/www.grupomedcof.com.br\/blog\/wp-content\/uploads\/2025\/02\/Banner-MedCof-Plus-2200x460-11-2048x640.png 2048w, https:\/\/www.grupomedcof.com.br\/blog\/wp-content\/uploads\/2025\/02\/Banner-MedCof-Plus-2200x460-11-1343x420.png 1343w, https:\/\/www.grupomedcof.com.br\/blog\/wp-content\/uploads\/2025\/02\/Banner-MedCof-Plus-2200x460-11-150x47.png 150w, https:\/\/www.grupomedcof.com.br\/blog\/wp-content\/uploads\/2025\/02\/Banner-MedCof-Plus-2200x460-11-696x218.png 696w, https:\/\/www.grupomedcof.com.br\/blog\/wp-content\/uploads\/2025\/02\/Banner-MedCof-Plus-2200x460-11-1068x334.png 1068w, https:\/\/www.grupomedcof.com.br\/blog\/wp-content\/uploads\/2025\/02\/Banner-MedCof-Plus-2200x460-11-1920x600.png 1920w\" sizes=\"auto, (max-width: 1024px) 100vw, 1024px\" \/><\/a><\/figure>\n\n\n\n<h2 class=\"wp-block-heading\" id=\"cronograma-enare-2024-2025\"><span class=\"ez-toc-section\" id=\"Cronograma_ENARE_20252026\"><\/span><strong>Cronograma ENARE 2025\/2026<\/strong><span class=\"ez-toc-section-end\"><\/span><\/h2>\n\n\n\n<figure class=\"wp-block-table\"><table class=\"has-fixed-layout\"><tbody><tr><td><strong>Prazo para pagamento da taxa de inscri\u00e7\u00e3o<\/strong><\/td><td>At\u00e9 dia&nbsp;<strong>1\u00b0 de agosto<\/strong><\/td><\/tr><tr><td><strong>Solicita\u00e7\u00e3o de isen\u00e7\u00e3o<\/strong><\/td><td>07 a 09\/07\/2025<\/td><\/tr><tr><td><strong>Reabertura do per\u00edodo de isen\u00e7\u00e3o o e envio da documenta\u00e7\u00e3o comprobat\u00f3ria<\/strong><\/td><td>16h de 15\/07\/25 a 23h59 de 17\/07\/2025<\/td><\/tr><tr><td><strong>Resultado preliminar da isen\u00e7\u00e3o<\/strong><\/td><td>23\/07\/2025<\/td><\/tr><tr><td><strong>Recurso contra resultado preliminar da isen\u00e7\u00e3o<\/strong><\/td><td>24\/07 a 25\/07\/2025<\/td><\/tr><tr><td><strong>Resultado definitivo de isen\u00e7\u00e3o<\/strong><\/td><td>31\/07\/2025<\/td><\/tr><tr><td><strong>Inscri\u00e7\u00f5es&nbsp;<\/strong><\/td><td>Das 10h do dia 07\/07 at\u00e9 \u00e0s 23h59 do dia&nbsp;<strong>30\/07\/2025<\/strong><\/td><\/tr><tr><td><strong>Divulga\u00e7\u00e3o do Edital de Inscri\u00e7\u00f5es Preliminares<\/strong><\/td><td>15\/08\/2025<\/td><\/tr><tr><td><strong>Per\u00edodo para interposi\u00e7\u00e3o de recurso contra o Edital de Inscri\u00e7\u00f5es Preliminares<\/strong><\/td><td>18\/08 e 19\/08\/2025<\/td><\/tr><tr><td><strong>Divulga\u00e7\u00e3o do Edital de Inscri\u00e7\u00f5es Definitivas<\/strong><\/td><td>02\/09\/2025<\/td><\/tr><tr><td><strong>Divulga\u00e7\u00e3o do hor\u00e1rio e local do exame atrav\u00e9s de Cart\u00e3o de Informa\u00e7\u00e3o do Candidato (pr\u00e9-requisito)<\/strong><\/td><td>13\/10\/2025<\/td><\/tr><tr><td><strong>Data da prova<\/strong><\/td><td><strong>19\/10\/2025<\/strong><\/td><\/tr><tr><td><strong>Gabarito preliminar<\/strong><\/td><td>21\/10\/2025<\/td><\/tr><tr><td><strong>Recursos ao gabarito<\/strong><\/td><td>22 a 23\/10\/2025<\/td><\/tr><tr><td><strong>Resultado final da 1\u00aa etapa&nbsp;<\/strong><\/td><td>14\/11\/2025<\/td><\/tr><tr><td><strong>Nota final e classifica\u00e7\u00e3o geral dos candidatos<\/strong><\/td><td>21\/01\/2026<\/td><\/tr><tr><td><strong>1\u00aa Escolha de vagas<\/strong><\/td><td>22 a 23\/01\/2026<\/td><\/tr><tr><td><strong>Resultado final da 1\u00aa chance de escolha de vagas<\/strong><\/td><td>26\/01\/2026<\/td><\/tr><tr><td><strong>2\u00aa Escolha de vagas<\/strong><\/td><td>27 a 28\/01\/2026<\/td><\/tr><tr><td><strong>Resultado final da 2\u00aa chance de escolha de vagas<\/strong><\/td><td>30\/01\/2026<\/td><\/tr><tr><td><strong>3\u00aa Escolha de vagas<\/strong><\/td><td>02 a 03\/02\/2026<\/td><\/tr><tr><td><strong>Matr\u00edcula dos aprovados<\/strong><\/td><td>A partir de 10\/02 a 31\/03\/2026<\/td><\/tr><tr><td><strong>In\u00edcio dos programas<\/strong><\/td><td><strong>Mar\u00e7o de 2026<\/strong><\/td><\/tr><\/tbody><\/table><\/figure>\n\n\n\n<p>Confira os <a href=\"https:\/\/www.grupomedcof.com.br\/blog\/residencia-medica-enare-temas-quentes\/\" target=\"_blank\" rel=\"noreferrer noopener\">temas quentes do Enare<\/a> e arrase na pr\u00f3xima prova!<\/p>\n\n\n\n<h2 class=\"wp-block-heading\" id=\"h-o-metodo-que-te-aprova\"><span class=\"ez-toc-section\" id=\"O_metodo_que_te_aprova\"><\/span><strong>O m\u00e9todo que te aprova!<\/strong><span class=\"ez-toc-section-end\"><\/span><\/h2>\n\n\n\n<p>Quer alcan\u00e7ar a aprova\u00e7\u00e3o nas provas de resid\u00eancia m\u00e9dica? Ent\u00e3o seja um\u00a0<a href=\"https:\/\/www.grupomedcof.com.br\/home\/\" target=\"_blank\" rel=\"noreferrer noopener\">MedCofer<\/a>! Aqui te ajudaremos na busca da aprova\u00e7\u00e3o com conte\u00fados de qualidade e uma\u00a0<a href=\"https:\/\/www.grupomedcof.com.br\/blog\/presenca-da-medcof-nas-aprovacoes-em-residencia-medica-no-brasil\/\" target=\"_blank\" rel=\"noreferrer noopener\"><strong>metodologia que j\u00e1 aprovou mais de 35 mil residentes no pa\u00eds<\/strong><\/a>!\u00a0Por fim, acesse o nosso<a href=\"https:\/\/www.youtube.com\/@GrupoMedcof\/featured\" target=\"_blank\" rel=\"noreferrer noopener\">\u00a0<strong>canal do youtube\u00a0<\/strong><\/a>para ver o nosso material.<\/p>\n\n\n\n<figure class=\"wp-block-embed is-type-video is-provider-youtube wp-block-embed-youtube wp-embed-aspect-16-9 wp-has-aspect-ratio\"><div class=\"wp-block-embed__wrapper\">\n<div class=\"youtube-embed\" data-video_id=\"EbmlchSxwVA\"><iframe loading=\"lazy\" title=\"Rotina Estrat\u00e9gica de Estudos para Aprova\u00e7\u00e3o na Prova do TEC 2025!\" width=\"696\" height=\"392\" src=\"https:\/\/www.youtube.com\/embed\/EbmlchSxwVA?feature=oembed&#038;enablejsapi=1\" frameborder=\"0\" allow=\"accelerometer; autoplay; clipboard-write; encrypted-media; gyroscope; picture-in-picture; web-share\" referrerpolicy=\"strict-origin-when-cross-origin\" allowfullscreen><\/iframe><\/div>\n<\/div><\/figure>\n","protected":false},"excerpt":{"rendered":"<p>Relembre como foi a \u00faltima edi\u00e7\u00e3o do Exame Nacional de Resid\u00eancia (ENARE) e se prepare para a pr\u00f3xima prova!<\/p>\n","protected":false},"author":20,"featured_media":26397,"comment_status":"open","ping_status":"open","sticky":false,"template":"","format":"standard","meta":{"footnotes":""},"categories":[10],"tags":[2845,3094,117,68],"ppma_author":[3616],"class_list":{"0":"post-26395","1":"post","2":"type-post","3":"status-publish","4":"format-standard","5":"has-post-thumbnail","7":"category-raio-x-editais","8":"tag-enamed","9":"tag-enare-2026","10":"tag-provas-de-residencia","11":"tag-residencia-medica"},"yoast_head":"<!-- This site is optimized with the Yoast SEO Premium plugin v24.3 (Yoast SEO v27.4) - https:\/\/yoast.com\/product\/yoast-seo-premium-wordpress\/ -->\n<title>Enare 2025: Edital, Vagas e Processo Seletivo - Blog de Medcof: conte\u00fados, editais, revalida e mais!<\/title>\n<meta name=\"description\" content=\"Relembre como foi a \u00faltima edi\u00e7\u00e3o do Exame Nacional de Resid\u00eancia (ENARE) e se prepare para a pr\u00f3xima prova!\" \/>\n<meta name=\"robots\" content=\"index, follow, max-snippet:-1, max-image-preview:large, max-video-preview:-1\" \/>\n<link rel=\"canonical\" href=\"https:\/\/www.grupomedcof.com.br\/blog\/residencia-medica-enare\/\" \/>\n<meta property=\"og:locale\" content=\"pt_BR\" \/>\n<meta property=\"og:type\" content=\"article\" \/>\n<meta property=\"og:title\" content=\"ENARE 2026: edital, vagas e processo seletivo\" \/>\n<meta property=\"og:description\" content=\"Relembre como foi a \u00faltima edi\u00e7\u00e3o do Exame Nacional de Resid\u00eancia (ENARE) e se prepare para a pr\u00f3xima prova!\" \/>\n<meta property=\"og:url\" content=\"https:\/\/www.grupomedcof.com.br\/blog\/residencia-medica-enare\/\" \/>\n<meta property=\"og:site_name\" content=\"Blog de Medcof: conte\u00fados, editais, revalida e mais!\" \/>\n<meta property=\"article:publisher\" content=\"https:\/\/www.facebook.com\/MedCofQbank\/\" \/>\n<meta property=\"article:published_time\" content=\"2025-08-19T17:29:57+00:00\" \/>\n<meta property=\"article:modified_time\" content=\"2026-02-10T12:10:58+00:00\" \/>\n<meta property=\"og:image\" content=\"https:\/\/www.grupomedcof.com.br\/blog\/wp-content\/uploads\/2024\/05\/Blog-MedCof-2.png\" \/>\n\t<meta property=\"og:image:width\" content=\"1920\" \/>\n\t<meta property=\"og:image:height\" content=\"1080\" \/>\n\t<meta property=\"og:image:type\" content=\"image\/png\" \/>\n<meta name=\"author\" content=\"Leila Menzel\" \/>\n<meta name=\"twitter:card\" content=\"summary_large_image\" \/>\n<meta name=\"twitter:label1\" content=\"Escrito por\" \/>\n\t<meta name=\"twitter:data1\" content=\"Leila Menzel\" \/>\n\t<meta name=\"twitter:label2\" content=\"Est. tempo de leitura\" \/>\n\t<meta name=\"twitter:data2\" content=\"4 minutos\" \/>\n<script type=\"application\/ld+json\" class=\"yoast-schema-graph\">{\"@context\":\"https:\\\/\\\/schema.org\",\"@graph\":[{\"@type\":\"Article\",\"@id\":\"https:\\\/\\\/www.grupomedcof.com.br\\\/blog\\\/residencia-medica-enare\\\/#article\",\"isPartOf\":{\"@id\":\"https:\\\/\\\/www.grupomedcof.com.br\\\/blog\\\/residencia-medica-enare\\\/\"},\"author\":{\"name\":\"Leila Menzel\",\"@id\":\"https:\\\/\\\/www.grupomedcof.com.br\\\/blog\\\/#\\\/schema\\\/person\\\/9a44c2184a836bf5ae6967fdb3a1451e\"},\"headline\":\"ENARE 2026: edital, vagas e processo seletivo\",\"datePublished\":\"2025-08-19T17:29:57+00:00\",\"dateModified\":\"2026-02-10T12:10:58+00:00\",\"mainEntityOfPage\":{\"@id\":\"https:\\\/\\\/www.grupomedcof.com.br\\\/blog\\\/residencia-medica-enare\\\/\"},\"wordCount\":628,\"commentCount\":0,\"publisher\":{\"@id\":\"https:\\\/\\\/www.grupomedcof.com.br\\\/blog\\\/#organization\"},\"image\":{\"@id\":\"https:\\\/\\\/www.grupomedcof.com.br\\\/blog\\\/residencia-medica-enare\\\/#primaryimage\"},\"thumbnailUrl\":\"https:\\\/\\\/www.grupomedcof.com.br\\\/blog\\\/wp-content\\\/uploads\\\/2024\\\/05\\\/Blog-MedCof-2.png\",\"keywords\":[\"ENAMED\",\"ENARE 2026\",\"Provas de Resid\u00eancia\",\"Resid\u00eancia M\u00e9dica\"],\"articleSection\":[\"Raio-X Editais\"],\"inLanguage\":\"pt-BR\"},{\"@type\":\"WebPage\",\"@id\":\"https:\\\/\\\/www.grupomedcof.com.br\\\/blog\\\/residencia-medica-enare\\\/\",\"url\":\"https:\\\/\\\/www.grupomedcof.com.br\\\/blog\\\/residencia-medica-enare\\\/\",\"name\":\"Enare 2025: Edital, Vagas e Processo Seletivo - Blog de Medcof: conte\u00fados, editais, revalida e mais!\",\"isPartOf\":{\"@id\":\"https:\\\/\\\/www.grupomedcof.com.br\\\/blog\\\/#website\"},\"primaryImageOfPage\":{\"@id\":\"https:\\\/\\\/www.grupomedcof.com.br\\\/blog\\\/residencia-medica-enare\\\/#primaryimage\"},\"image\":{\"@id\":\"https:\\\/\\\/www.grupomedcof.com.br\\\/blog\\\/residencia-medica-enare\\\/#primaryimage\"},\"thumbnailUrl\":\"https:\\\/\\\/www.grupomedcof.com.br\\\/blog\\\/wp-content\\\/uploads\\\/2024\\\/05\\\/Blog-MedCof-2.png\",\"datePublished\":\"2025-08-19T17:29:57+00:00\",\"dateModified\":\"2026-02-10T12:10:58+00:00\",\"description\":\"Relembre como foi a \u00faltima edi\u00e7\u00e3o do Exame Nacional de Resid\u00eancia (ENARE) e se prepare para a pr\u00f3xima prova!\",\"breadcrumb\":{\"@id\":\"https:\\\/\\\/www.grupomedcof.com.br\\\/blog\\\/residencia-medica-enare\\\/#breadcrumb\"},\"inLanguage\":\"pt-BR\",\"potentialAction\":[{\"@type\":\"ReadAction\",\"target\":[\"https:\\\/\\\/www.grupomedcof.com.br\\\/blog\\\/residencia-medica-enare\\\/\"]}]},{\"@type\":\"ImageObject\",\"inLanguage\":\"pt-BR\",\"@id\":\"https:\\\/\\\/www.grupomedcof.com.br\\\/blog\\\/residencia-medica-enare\\\/#primaryimage\",\"url\":\"https:\\\/\\\/www.grupomedcof.com.br\\\/blog\\\/wp-content\\\/uploads\\\/2024\\\/05\\\/Blog-MedCof-2.png\",\"contentUrl\":\"https:\\\/\\\/www.grupomedcof.com.br\\\/blog\\\/wp-content\\\/uploads\\\/2024\\\/05\\\/Blog-MedCof-2.png\",\"width\":1920,\"height\":1080,\"caption\":\"Resid\u00eancia M\u00e9dica: ENARE 2024\"},{\"@type\":\"BreadcrumbList\",\"@id\":\"https:\\\/\\\/www.grupomedcof.com.br\\\/blog\\\/residencia-medica-enare\\\/#breadcrumb\",\"itemListElement\":[{\"@type\":\"ListItem\",\"position\":1,\"name\":\"In\u00edcio\",\"item\":\"https:\\\/\\\/www.grupomedcof.com.br\\\/blog\\\/\"},{\"@type\":\"ListItem\",\"position\":2,\"name\":\"ENARE 2026: edital, vagas e processo seletivo\"}]},{\"@type\":\"WebSite\",\"@id\":\"https:\\\/\\\/www.grupomedcof.com.br\\\/blog\\\/#website\",\"url\":\"https:\\\/\\\/www.grupomedcof.com.br\\\/blog\\\/\",\"name\":\"Blog de Medcof: conte\u00fados, editais, revalida e mais!\",\"description\":\"Acesso o blog de MedCof! Seu portal de conte\u00fados sobre resid\u00eancia m\u00e9dica, an\u00e1lise e editais e muito mais. Clique e confira!\",\"publisher\":{\"@id\":\"https:\\\/\\\/www.grupomedcof.com.br\\\/blog\\\/#organization\"},\"alternateName\":\"Blog de Medcof: conte\u00fados, editais, revalida e mais!\",\"potentialAction\":[{\"@type\":\"SearchAction\",\"target\":{\"@type\":\"EntryPoint\",\"urlTemplate\":\"https:\\\/\\\/www.grupomedcof.com.br\\\/blog\\\/?s={search_term_string}\"},\"query-input\":{\"@type\":\"PropertyValueSpecification\",\"valueRequired\":true,\"valueName\":\"search_term_string\"}}],\"inLanguage\":\"pt-BR\"},{\"@type\":\"Organization\",\"@id\":\"https:\\\/\\\/www.grupomedcof.com.br\\\/blog\\\/#organization\",\"name\":\"Grupo MedCof\",\"url\":\"https:\\\/\\\/www.grupomedcof.com.br\\\/blog\\\/\",\"logo\":{\"@type\":\"ImageObject\",\"inLanguage\":\"pt-BR\",\"@id\":\"https:\\\/\\\/www.grupomedcof.com.br\\\/blog\\\/#\\\/schema\\\/logo\\\/image\\\/\",\"url\":\"https:\\\/\\\/www.grupomedcof.com.br\\\/blog\\\/wp-content\\\/uploads\\\/2022\\\/01\\\/logo-medcof.png\",\"contentUrl\":\"https:\\\/\\\/www.grupomedcof.com.br\\\/blog\\\/wp-content\\\/uploads\\\/2022\\\/01\\\/logo-medcof.png\",\"width\":768,\"height\":269,\"caption\":\"Grupo MedCof\"},\"image\":{\"@id\":\"https:\\\/\\\/www.grupomedcof.com.br\\\/blog\\\/#\\\/schema\\\/logo\\\/image\\\/\"},\"sameAs\":[\"https:\\\/\\\/www.facebook.com\\\/MedCofQbank\\\/\",\"https:\\\/\\\/www.instagram.com\\\/grupomedcof\\\/\",\"https:\\\/\\\/br.linkedin.com\\\/company\\\/medcof\",\"https:\\\/\\\/www.youtube.com\\\/channel\\\/UCdHMuOHKICxcHwecxN8P-AA\"]},{\"@type\":\"Person\",\"@id\":\"https:\\\/\\\/www.grupomedcof.com.br\\\/blog\\\/#\\\/schema\\\/person\\\/9a44c2184a836bf5ae6967fdb3a1451e\",\"name\":\"Leila Menzel\",\"image\":{\"@type\":\"ImageObject\",\"inLanguage\":\"pt-BR\",\"@id\":\"https:\\\/\\\/www.grupomedcof.com.br\\\/blog\\\/wp-content\\\/uploads\\\/2025\\\/09\\\/cropped-eu-96x96.jpeg19a74936d997c0a8b3031618467fa1d0\",\"url\":\"https:\\\/\\\/www.grupomedcof.com.br\\\/blog\\\/wp-content\\\/uploads\\\/2025\\\/09\\\/cropped-eu-96x96.jpeg\",\"contentUrl\":\"https:\\\/\\\/www.grupomedcof.com.br\\\/blog\\\/wp-content\\\/uploads\\\/2025\\\/09\\\/cropped-eu-96x96.jpeg\",\"caption\":\"Leila Menzel\"},\"description\":\"Estudante do 6\u00b0 semestre de jornalismo, amo e escrevo poesias e viajo em livros de romances clich\u00eas.\",\"url\":\"https:\\\/\\\/www.grupomedcof.com.br\\\/blog\\\/author\\\/leila-menzel\\\/\"}]}<\/script>\n<!-- \/ Yoast SEO Premium plugin. -->","yoast_head_json":{"title":"Enare 2025: Edital, Vagas e Processo Seletivo - Blog de Medcof: conte\u00fados, editais, revalida e mais!","description":"Relembre como foi a \u00faltima edi\u00e7\u00e3o do Exame Nacional de Resid\u00eancia (ENARE) e se prepare para a pr\u00f3xima prova!","robots":{"index":"index","follow":"follow","max-snippet":"max-snippet:-1","max-image-preview":"max-image-preview:large","max-video-preview":"max-video-preview:-1"},"canonical":"https:\/\/www.grupomedcof.com.br\/blog\/residencia-medica-enare\/","og_locale":"pt_BR","og_type":"article","og_title":"ENARE 2026: edital, vagas e processo seletivo","og_description":"Relembre como foi a \u00faltima edi\u00e7\u00e3o do Exame Nacional de Resid\u00eancia (ENARE) e se prepare para a pr\u00f3xima prova!","og_url":"https:\/\/www.grupomedcof.com.br\/blog\/residencia-medica-enare\/","og_site_name":"Blog de Medcof: conte\u00fados, editais, revalida e mais!","article_publisher":"https:\/\/www.facebook.com\/MedCofQbank\/","article_published_time":"2025-08-19T17:29:57+00:00","article_modified_time":"2026-02-10T12:10:58+00:00","og_image":[{"width":1920,"height":1080,"url":"https:\/\/www.grupomedcof.com.br\/blog\/wp-content\/uploads\/2024\/05\/Blog-MedCof-2.png","type":"image\/png"}],"author":"Leila Menzel","twitter_card":"summary_large_image","twitter_misc":{"Escrito por":"Leila Menzel","Est. tempo de leitura":"4 minutos"},"schema":{"@context":"https:\/\/schema.org","@graph":[{"@type":"Article","@id":"https:\/\/www.grupomedcof.com.br\/blog\/residencia-medica-enare\/#article","isPartOf":{"@id":"https:\/\/www.grupomedcof.com.br\/blog\/residencia-medica-enare\/"},"author":{"name":"Leila Menzel","@id":"https:\/\/www.grupomedcof.com.br\/blog\/#\/schema\/person\/9a44c2184a836bf5ae6967fdb3a1451e"},"headline":"ENARE 2026: edital, vagas e processo seletivo","datePublished":"2025-08-19T17:29:57+00:00","dateModified":"2026-02-10T12:10:58+00:00","mainEntityOfPage":{"@id":"https:\/\/www.grupomedcof.com.br\/blog\/residencia-medica-enare\/"},"wordCount":628,"commentCount":0,"publisher":{"@id":"https:\/\/www.grupomedcof.com.br\/blog\/#organization"},"image":{"@id":"https:\/\/www.grupomedcof.com.br\/blog\/residencia-medica-enare\/#primaryimage"},"thumbnailUrl":"https:\/\/www.grupomedcof.com.br\/blog\/wp-content\/uploads\/2024\/05\/Blog-MedCof-2.png","keywords":["ENAMED","ENARE 2026","Provas de Resid\u00eancia","Resid\u00eancia M\u00e9dica"],"articleSection":["Raio-X Editais"],"inLanguage":"pt-BR"},{"@type":"WebPage","@id":"https:\/\/www.grupomedcof.com.br\/blog\/residencia-medica-enare\/","url":"https:\/\/www.grupomedcof.com.br\/blog\/residencia-medica-enare\/","name":"Enare 2025: Edital, Vagas e Processo Seletivo - Blog de Medcof: conte\u00fados, editais, revalida e mais!","isPartOf":{"@id":"https:\/\/www.grupomedcof.com.br\/blog\/#website"},"primaryImageOfPage":{"@id":"https:\/\/www.grupomedcof.com.br\/blog\/residencia-medica-enare\/#primaryimage"},"image":{"@id":"https:\/\/www.grupomedcof.com.br\/blog\/residencia-medica-enare\/#primaryimage"},"thumbnailUrl":"https:\/\/www.grupomedcof.com.br\/blog\/wp-content\/uploads\/2024\/05\/Blog-MedCof-2.png","datePublished":"2025-08-19T17:29:57+00:00","dateModified":"2026-02-10T12:10:58+00:00","description":"Relembre como foi a \u00faltima edi\u00e7\u00e3o do Exame Nacional de Resid\u00eancia (ENARE) e se prepare para a pr\u00f3xima prova!","breadcrumb":{"@id":"https:\/\/www.grupomedcof.com.br\/blog\/residencia-medica-enare\/#breadcrumb"},"inLanguage":"pt-BR","potentialAction":[{"@type":"ReadAction","target":["https:\/\/www.grupomedcof.com.br\/blog\/residencia-medica-enare\/"]}]},{"@type":"ImageObject","inLanguage":"pt-BR","@id":"https:\/\/www.grupomedcof.com.br\/blog\/residencia-medica-enare\/#primaryimage","url":"https:\/\/www.grupomedcof.com.br\/blog\/wp-content\/uploads\/2024\/05\/Blog-MedCof-2.png","contentUrl":"https:\/\/www.grupomedcof.com.br\/blog\/wp-content\/uploads\/2024\/05\/Blog-MedCof-2.png","width":1920,"height":1080,"caption":"Resid\u00eancia M\u00e9dica: ENARE 2024"},{"@type":"BreadcrumbList","@id":"https:\/\/www.grupomedcof.com.br\/blog\/residencia-medica-enare\/#breadcrumb","itemListElement":[{"@type":"ListItem","position":1,"name":"In\u00edcio","item":"https:\/\/www.grupomedcof.com.br\/blog\/"},{"@type":"ListItem","position":2,"name":"ENARE 2026: edital, vagas e processo seletivo"}]},{"@type":"WebSite","@id":"https:\/\/www.grupomedcof.com.br\/blog\/#website","url":"https:\/\/www.grupomedcof.com.br\/blog\/","name":"Blog de Medcof: conte\u00fados, editais, revalida e mais!","description":"Acesso o blog de MedCof! Seu portal de conte\u00fados sobre resid\u00eancia m\u00e9dica, an\u00e1lise e editais e muito mais. Clique e confira!","publisher":{"@id":"https:\/\/www.grupomedcof.com.br\/blog\/#organization"},"alternateName":"Blog de Medcof: conte\u00fados, editais, revalida e mais!","potentialAction":[{"@type":"SearchAction","target":{"@type":"EntryPoint","urlTemplate":"https:\/\/www.grupomedcof.com.br\/blog\/?s={search_term_string}"},"query-input":{"@type":"PropertyValueSpecification","valueRequired":true,"valueName":"search_term_string"}}],"inLanguage":"pt-BR"},{"@type":"Organization","@id":"https:\/\/www.grupomedcof.com.br\/blog\/#organization","name":"Grupo MedCof","url":"https:\/\/www.grupomedcof.com.br\/blog\/","logo":{"@type":"ImageObject","inLanguage":"pt-BR","@id":"https:\/\/www.grupomedcof.com.br\/blog\/#\/schema\/logo\/image\/","url":"https:\/\/www.grupomedcof.com.br\/blog\/wp-content\/uploads\/2022\/01\/logo-medcof.png","contentUrl":"https:\/\/www.grupomedcof.com.br\/blog\/wp-content\/uploads\/2022\/01\/logo-medcof.png","width":768,"height":269,"caption":"Grupo MedCof"},"image":{"@id":"https:\/\/www.grupomedcof.com.br\/blog\/#\/schema\/logo\/image\/"},"sameAs":["https:\/\/www.facebook.com\/MedCofQbank\/","https:\/\/www.instagram.com\/grupomedcof\/","https:\/\/br.linkedin.com\/company\/medcof","https:\/\/www.youtube.com\/channel\/UCdHMuOHKICxcHwecxN8P-AA"]},{"@type":"Person","@id":"https:\/\/www.grupomedcof.com.br\/blog\/#\/schema\/person\/9a44c2184a836bf5ae6967fdb3a1451e","name":"Leila Menzel","image":{"@type":"ImageObject","inLanguage":"pt-BR","@id":"https:\/\/www.grupomedcof.com.br\/blog\/wp-content\/uploads\/2025\/09\/cropped-eu-96x96.jpeg19a74936d997c0a8b3031618467fa1d0","url":"https:\/\/www.grupomedcof.com.br\/blog\/wp-content\/uploads\/2025\/09\/cropped-eu-96x96.jpeg","contentUrl":"https:\/\/www.grupomedcof.com.br\/blog\/wp-content\/uploads\/2025\/09\/cropped-eu-96x96.jpeg","caption":"Leila Menzel"},"description":"Estudante do 6\u00b0 semestre de jornalismo, amo e escrevo poesias e viajo em livros de romances clich\u00eas.","url":"https:\/\/www.grupomedcof.com.br\/blog\/author\/leila-menzel\/"}]}},"authors":[{"term_id":3616,"user_id":20,"is_guest":0,"slug":"leila-menzel","display_name":"Leila Menzel","avatar_url":"https:\/\/www.grupomedcof.com.br\/blog\/wp-content\/uploads\/2025\/09\/cropped-eu-96x96.jpeg","0":null,"1":"","2":"","3":"","4":"","5":"","6":"","7":"","8":""}],"_links":{"self":[{"href":"https:\/\/www.grupomedcof.com.br\/blog\/wp-json\/wp\/v2\/posts\/26395","targetHints":{"allow":["GET"]}}],"collection":[{"href":"https:\/\/www.grupomedcof.com.br\/blog\/wp-json\/wp\/v2\/posts"}],"about":[{"href":"https:\/\/www.grupomedcof.com.br\/blog\/wp-json\/wp\/v2\/types\/post"}],"author":[{"embeddable":true,"href":"https:\/\/www.grupomedcof.com.br\/blog\/wp-json\/wp\/v2\/users\/20"}],"replies":[{"embeddable":true,"href":"https:\/\/www.grupomedcof.com.br\/blog\/wp-json\/wp\/v2\/comments?post=26395"}],"version-history":[{"count":3,"href":"https:\/\/www.grupomedcof.com.br\/blog\/wp-json\/wp\/v2\/posts\/26395\/revisions"}],"predecessor-version":[{"id":41675,"href":"https:\/\/www.grupomedcof.com.br\/blog\/wp-json\/wp\/v2\/posts\/26395\/revisions\/41675"}],"wp:featuredmedia":[{"embeddable":true,"href":"https:\/\/www.grupomedcof.com.br\/blog\/wp-json\/wp\/v2\/media\/26397"}],"wp:attachment":[{"href":"https:\/\/www.grupomedcof.com.br\/blog\/wp-json\/wp\/v2\/media?parent=26395"}],"wp:term":[{"taxonomy":"category","embeddable":true,"href":"https:\/\/www.grupomedcof.com.br\/blog\/wp-json\/wp\/v2\/categories?post=26395"},{"taxonomy":"post_tag","embeddable":true,"href":"https:\/\/www.grupomedcof.com.br\/blog\/wp-json\/wp\/v2\/tags?post=26395"},{"taxonomy":"author","embeddable":true,"href":"https:\/\/www.grupomedcof.com.br\/blog\/wp-json\/wp\/v2\/ppma_author?post=26395"}],"curies":[{"name":"wp","href":"https:\/\/api.w.org\/{rel}","templated":true}]}}