{"id":26400,"date":"2025-08-19T15:00:36","date_gmt":"2025-08-19T18:00:36","guid":{"rendered":"https:\/\/www.grupomedcof.com.br\/blog\/?p=26400"},"modified":"2026-02-09T11:58:27","modified_gmt":"2026-02-09T14:58:27","slug":"data-para-inscricoes-enare","status":"publish","type":"post","link":"https:\/\/www.grupomedcof.com.br\/blog\/data-para-inscricoes-enare\/","title":{"rendered":"ENARE 2025\/2026: Confira tudo sobre as inscri\u00e7\u00f5es"},"content":{"rendered":"<div id=\"ez-toc-container\" class=\"ez-toc-v2_0_74 counter-hierarchy ez-toc-counter ez-toc-transparent ez-toc-container-direction\">\n<div class=\"ez-toc-title-container\">\n<p class=\"ez-toc-title\" style=\"cursor:inherit\">Sum\u00e1rio<\/p>\n<span class=\"ez-toc-title-toggle\"><a href=\"#\" class=\"ez-toc-pull-right ez-toc-btn ez-toc-btn-xs ez-toc-btn-default ez-toc-toggle\" aria-label=\"Alternar tabela de conte\u00fado\"><span class=\"ez-toc-js-icon-con\"><span class=\"\"><span class=\"eztoc-hide\" style=\"display:none;\">Toggle<\/span><span class=\"ez-toc-icon-toggle-span\"><svg style=\"fill: #999;color:#999\" xmlns=\"http:\/\/www.w3.org\/2000\/svg\" class=\"list-377408\" width=\"20px\" height=\"20px\" viewBox=\"0 0 24 24\" fill=\"none\"><path d=\"M6 6H4v2h2V6zm14 0H8v2h12V6zM4 11h2v2H4v-2zm16 0H8v2h12v-2zM4 16h2v2H4v-2zm16 0H8v2h12v-2z\" fill=\"currentColor\"><\/path><\/svg><svg style=\"fill: #999;color:#999\" class=\"arrow-unsorted-368013\" xmlns=\"http:\/\/www.w3.org\/2000\/svg\" width=\"10px\" height=\"10px\" viewBox=\"0 0 24 24\" version=\"1.2\" baseProfile=\"tiny\"><path d=\"M18.2 9.3l-6.2-6.3-6.2 6.3c-.2.2-.3.4-.3.7s.1.5.3.7c.2.2.4.3.7.3h11c.3 0 .5-.1.7-.3.2-.2.3-.5.3-.7s-.1-.5-.3-.7zM5.8 14.7l6.2 6.3 6.2-6.3c.2-.2.3-.5.3-.7s-.1-.5-.3-.7c-.2-.2-.4-.3-.7-.3h-11c-.3 0-.5.1-.7.3-.2.2-.3.5-.3.7s.1.5.3.7z\"\/><\/svg><\/span><\/span><\/span><\/a><\/span><\/div>\n<nav><ul class='ez-toc-list ez-toc-list-level-1 ' ><li class='ez-toc-page-1 ez-toc-heading-level-2'><a class=\"ez-toc-link ez-toc-heading-1\" href=\"https:\/\/www.grupomedcof.com.br\/blog\/data-para-inscricoes-enare\/#Recorde_de_inscricoes\" >Recorde de inscri\u00e7\u00f5es<\/a><\/li><li class='ez-toc-page-1 ez-toc-heading-level-2'><a class=\"ez-toc-link ez-toc-heading-2\" href=\"https:\/\/www.grupomedcof.com.br\/blog\/data-para-inscricoes-enare\/#Retificacao_das_inscricoes\" >Retifica\u00e7\u00e3o das inscri\u00e7\u00f5es<\/a><\/li><li class='ez-toc-page-1 ez-toc-heading-level-2'><a class=\"ez-toc-link ez-toc-heading-3\" href=\"https:\/\/www.grupomedcof.com.br\/blog\/data-para-inscricoes-enare\/#Cronograma_ENAREEnamed_20252026\" >Cronograma ENARE\/Enamed 2025\/2026<\/a><\/li><li class='ez-toc-page-1 ez-toc-heading-level-2'><a class=\"ez-toc-link ez-toc-heading-4\" href=\"https:\/\/www.grupomedcof.com.br\/blog\/data-para-inscricoes-enare\/#Como_se_inscrever_no_ENARE\" >Como se inscrever no ENARE?&nbsp;<\/a><ul class='ez-toc-list-level-3' ><li class='ez-toc-heading-level-3'><a class=\"ez-toc-link ez-toc-heading-5\" href=\"https:\/\/www.grupomedcof.com.br\/blog\/data-para-inscricoes-enare\/#Medicos_formados_que_desejam_concorrer_as_vagas_de_Acesso_Direto_R1\" >M\u00e9dicos formados que desejam concorrer \u00e0s vagas de Acesso Direto (R1)<\/a><\/li><li class='ez-toc-page-1 ez-toc-heading-level-3'><a class=\"ez-toc-link ez-toc-heading-6\" href=\"https:\/\/www.grupomedcof.com.br\/blog\/data-para-inscricoes-enare\/#Medicos_formados_que_desejam_concorrer_as_vagas_de_Pre-Requisito_R\" >M\u00e9dicos formados que desejam concorrer \u00e0s vagas de Pr\u00e9-Requisito (R+)<\/a><\/li><\/ul><\/li><li class='ez-toc-page-1 ez-toc-heading-level-2'><a class=\"ez-toc-link ez-toc-heading-7\" href=\"https:\/\/www.grupomedcof.com.br\/blog\/data-para-inscricoes-enare\/#Como_se_inscrever_no_Enamed\" >Como se inscrever no Enamed?<\/a><ul class='ez-toc-list-level-3' ><li class='ez-toc-heading-level-3'><a class=\"ez-toc-link ez-toc-heading-8\" href=\"https:\/\/www.grupomedcof.com.br\/blog\/data-para-inscricoes-enare\/#Quem_devera_realizar_o_Enamed\" >Quem dever\u00e1 realizar o Enamed?<\/a><\/li><\/ul><\/li><li class='ez-toc-page-1 ez-toc-heading-level-2'><a class=\"ez-toc-link ez-toc-heading-9\" href=\"https:\/\/www.grupomedcof.com.br\/blog\/data-para-inscricoes-enare\/#Como_sera_a_isencao_da_taxa_no_Enare\" >Como ser\u00e1 a isen\u00e7\u00e3o da taxa no Enare<\/a><\/li><li class='ez-toc-page-1 ez-toc-heading-level-2'><a class=\"ez-toc-link ez-toc-heading-10\" href=\"https:\/\/www.grupomedcof.com.br\/blog\/data-para-inscricoes-enare\/#Data_de_aplicacao_da_prova_objetiva\" >Data de aplica\u00e7\u00e3o da prova objetiva<\/a><\/li><li class='ez-toc-page-1 ez-toc-heading-level-2'><a class=\"ez-toc-link ez-toc-heading-11\" href=\"https:\/\/www.grupomedcof.com.br\/blog\/data-para-inscricoes-enare\/#Qual_sera_a_banca_do_ENAREEnamed_20252026\" >Qual ser\u00e1 a banca do ENARE\/Enamed 2025\/2026?<\/a><\/li><li class='ez-toc-page-1 ez-toc-heading-level-2'><a class=\"ez-toc-link ez-toc-heading-12\" href=\"https:\/\/www.grupomedcof.com.br\/blog\/data-para-inscricoes-enare\/#Qual_o_valor_da_bolsa_do_ENARE\" >Qual o valor da bolsa do ENARE?<\/a><\/li><li class='ez-toc-page-1 ez-toc-heading-level-2'><a class=\"ez-toc-link ez-toc-heading-13\" href=\"https:\/\/www.grupomedcof.com.br\/blog\/data-para-inscricoes-enare\/#Qual_a_pontuacao_maxima_da_prova_do_ENARE\" >Qual a pontua\u00e7\u00e3o m\u00e1xima da prova do ENARE?<\/a><\/li><li class='ez-toc-page-1 ez-toc-heading-level-2'><a class=\"ez-toc-link ez-toc-heading-14\" href=\"https:\/\/www.grupomedcof.com.br\/blog\/data-para-inscricoes-enare\/#Posso_me_inscrever_no_ENARE_para_treinar\" >Posso me inscrever no ENARE para treinar?<\/a><\/li><li class='ez-toc-page-1 ez-toc-heading-level-2'><a class=\"ez-toc-link ez-toc-heading-15\" href=\"https:\/\/www.grupomedcof.com.br\/blog\/data-para-inscricoes-enare\/#Como_foi_o_ultimo_processo_seletivo\" >Como foi o \u00faltimo processo seletivo?<\/a><\/li><li class='ez-toc-page-1 ez-toc-heading-level-2'><a class=\"ez-toc-link ez-toc-heading-16\" href=\"https:\/\/www.grupomedcof.com.br\/blog\/data-para-inscricoes-enare\/#Edital_20252026\" >Edital 2025\/2026<\/a><\/li><li class='ez-toc-page-1 ez-toc-heading-level-2'><a class=\"ez-toc-link ez-toc-heading-17\" href=\"https:\/\/www.grupomedcof.com.br\/blog\/data-para-inscricoes-enare\/#Prepare-se_para_o_Enare_2026_com_a_MedCof_e_seja_aprovado\" >Prepare-se para o Enare 2026 com a MedCof e seja aprovado!&nbsp;&nbsp;<\/a><\/li><\/ul><\/nav><\/div>\n\n<figure class=\"wp-block-image size-large\"><img loading=\"lazy\" decoding=\"async\" width=\"1024\" height=\"576\" src=\"https:\/\/www.grupomedcof.com.br\/blog\/wp-content\/uploads\/2023\/08\/Blog-MedCof-2023-08-10T140854.234-1024x576.png\" alt=\"enare data da prova, enare 2024, enare inscricao, enare, enare 2023, enare ebserh, enare edital, como funciona o enare, enare inscri\u00e7\u00e3o, enare inscri\u00e7\u00f5es,\" class=\"wp-image-10226\" srcset=\"https:\/\/www.grupomedcof.com.br\/blog\/wp-content\/uploads\/2023\/08\/Blog-MedCof-2023-08-10T140854.234-1024x576.png 1024w, https:\/\/www.grupomedcof.com.br\/blog\/wp-content\/uploads\/2023\/08\/Blog-MedCof-2023-08-10T140854.234-300x169.png 300w, https:\/\/www.grupomedcof.com.br\/blog\/wp-content\/uploads\/2023\/08\/Blog-MedCof-2023-08-10T140854.234-768x432.png 768w, https:\/\/www.grupomedcof.com.br\/blog\/wp-content\/uploads\/2023\/08\/Blog-MedCof-2023-08-10T140854.234-1536x864.png 1536w, https:\/\/www.grupomedcof.com.br\/blog\/wp-content\/uploads\/2023\/08\/Blog-MedCof-2023-08-10T140854.234-2048x1152.png 2048w\" sizes=\"auto, (max-width: 1024px) 100vw, 1024px\" \/><\/figure>\n\n\n\n<p>Saiba como foram as inscri\u00e7\u00f5es do ENARE 2025\/2026. Confira as datas, taxas e muito mais!<\/p>\n\n\n\n<p>Aqui na MedCof, voc\u00ea acompanha <strong>todas as informa\u00e7\u00f5es do ENARE em primeira m\u00e3o<\/strong>. Fique de olho no nosso blog e <strong>n\u00e3o perca nenhuma novidade sobre o ENARE 2025\/2026!<\/strong><\/p>\n\n\n\n<h2 class=\"wp-block-heading\" id=\"h-recorde-de-inscricoes\"><span class=\"ez-toc-section\" id=\"Recorde_de_inscricoes\"><\/span><strong>Recorde de inscri\u00e7\u00f5es<\/strong><span class=\"ez-toc-section-end\"><\/span><\/h2>\n\n\n\n<p>Superando o recorde do ano anterior, o ENARE obteve <strong>mais de 87 mil inscri\u00e7\u00f5es<\/strong> no processo seletivo, al\u00e9m de 198<a href=\"https:\/\/www.grupomedcof.com.br\/blog\/enare-instituicoes-participantes\/\" target=\"_blank\" rel=\"noreferrer noopener\"> institui\u00e7\u00f5es<\/a> participantes.<\/p>\n\n\n\n<div class=\"wp-block-buttons is-layout-flex wp-block-buttons-is-layout-flex\">\n<div class=\"wp-block-button\"><a class=\"wp-block-button__link wp-element-button\" href=\"https:\/\/www.grupomedcof.com.br\/blog\/recordes-enare\/\" target=\"_blank\" rel=\"noreferrer noopener\">Recorde ENARE 2025\/2026<\/a><\/div>\n<\/div>\n\n\n\n<div class=\"wp-block-group\"><div class=\"wp-block-group__inner-container is-layout-constrained wp-block-group-is-layout-constrained\">\n<h2 class=\"wp-block-heading\" id=\"h-retificacao-das-inscricoes\"><span class=\"ez-toc-section\" id=\"Retificacao_das_inscricoes\"><\/span><strong>Retifica\u00e7\u00e3o das inscri\u00e7\u00f5es<\/strong><span class=\"ez-toc-section-end\"><\/span><\/h2>\n\n\n\n<p>A data de inscri\u00e7\u00e3o do ENARE foi divulgada a partir do<a href=\"https:\/\/www.grupomedcof.com.br\/blog\/edital-enare-publicado\/\" target=\"_blank\" rel=\"noreferrer noopener\"> edital publicado<\/a>. Conforme documento, as inscri\u00e7\u00f5es do <strong>ENARE e Enamed <\/strong>ocorrem entre os dias <strong>07 de 18 julho de 2025<\/strong>, com um taxa de <strong>R$330,00<\/strong>. Entretanto, ap\u00f3s <strong>retifica\u00e7\u00e3o<\/strong> publicada no dia 15 de julho pela Ebserh, as inscri\u00e7\u00f5es ficaram abertas at\u00e9 <strong>30 de julho de 2025.<\/strong><\/p>\n\n\n\n<p>Os concluintes j\u00e1 foram inscritos pela institui\u00e7\u00e3o de ensino, mas precisaram acessar o&nbsp;Sistema Enamed&nbsp;<strong>at\u00e9 18 de julho de 2025 para completar o cadastro<\/strong>. Nesse momento, devem escolher o&nbsp;<strong>munic\u00edpio e a UF de prova, al\u00e9m de preencher o Question\u00e1rio do Estudante<\/strong>. Caso n\u00e3o desejem participar do Enare, basta realizar essa etapa para garantir a cola\u00e7\u00e3o de grau.<\/p>\n\n\n\n<h2 class=\"wp-block-heading\" id=\"h-cronograma-enare-enamed-2025-2026\"><span class=\"ez-toc-section\" id=\"Cronograma_ENAREEnamed_20252026\"><\/span><strong>Cronograma ENARE\/Enamed 2025\/2026<\/strong><span class=\"ez-toc-section-end\"><\/span><\/h2>\n\n\n\n<p>Confira o<a href=\"https:\/\/www.grupomedcof.com.br\/blog\/wp-content\/uploads\/2025\/07\/Cronograma-ENARE-2026-AD.pdf\" target=\"_blank\" rel=\"noreferrer noopener\"> cronograma geral do Exame Nacional de Resid\u00eancia M\u00e9dica 2025\/2026<\/a>. Clique <a href=\"https:\/\/www.grupomedcof.com.br\/blog\/wp-content\/uploads\/2025\/06\/anexo-04-cronograma.pdf\" target=\"_blank\" rel=\"noreferrer noopener\">aqui<\/a> para conferir o cronograma geral do Enamed 2025\/2025.<\/p>\n\n\n\n<figure class=\"wp-block-table\"><table class=\"has-fixed-layout\"><tbody><tr><td><strong>Prazo para pagamento da taxa de inscri\u00e7\u00e3o<\/strong><\/td><td>At\u00e9 dia <strong>1\u00b0 de agosto<\/strong><\/td><\/tr><tr><td><strong>Solicita\u00e7\u00e3o de isen\u00e7\u00e3o<\/strong><\/td><td>07 a 09\/07\/2025<\/td><\/tr><tr><td><strong>Reabertura do per\u00edodo de isen\u00e7\u00e3o o e envio da documenta\u00e7\u00e3o comprobat\u00f3ria<\/strong><\/td><td>16h de 15\/07\/25 a 23h59 de 17\/07\/2025<\/td><\/tr><tr><td><strong>Resultado preliminar da isen\u00e7\u00e3o<\/strong><\/td><td>23\/07\/2025<\/td><\/tr><tr><td><strong>Recurso contra resultado preliminar da isen\u00e7\u00e3o<\/strong><\/td><td>24\/07 a 25\/07\/2025<\/td><\/tr><tr><td><strong>Resultado definitivo de isen\u00e7\u00e3o<\/strong><\/td><td>31\/07\/2025<\/td><\/tr><tr><td><strong>Inscri\u00e7\u00f5es&nbsp;<\/strong><\/td><td>Das 10h do dia 07\/07 at\u00e9 \u00e0s 23h59 do dia <strong>30\/07\/2025<\/strong><\/td><\/tr><tr><td><strong>Divulga\u00e7\u00e3o do Edital de Inscri\u00e7\u00f5es Preliminares<\/strong><\/td><td>15\/08\/2025<\/td><\/tr><tr><td><strong>Per\u00edodo para interposi\u00e7\u00e3o de recurso contra o Edital de Inscri\u00e7\u00f5es Preliminares<\/strong><\/td><td>18\/08 e 19\/08\/2025<\/td><\/tr><tr><td><strong>Divulga\u00e7\u00e3o do Edital de Inscri\u00e7\u00f5es Definitivas<\/strong><\/td><td>02\/09\/2025<\/td><\/tr><tr><td><strong>Divulga\u00e7\u00e3o do hor\u00e1rio e local do exame atrav\u00e9s de Cart\u00e3o de Informa\u00e7\u00e3o do Candidato (pr\u00e9-requisito)<\/strong><\/td><td>13\/10\/2025<\/td><\/tr><tr><td><strong>Data da prova<\/strong><\/td><td><strong>19\/10\/2025<\/strong><\/td><\/tr><tr><td><strong>Gabarito preliminar<\/strong><\/td><td>21\/10\/2025<\/td><\/tr><tr><td><strong>Recursos ao gabarito<\/strong><\/td><td>22 a 23\/10\/2025<\/td><\/tr><tr><td><strong>Resultado final da 1\u00aa etapa&nbsp;<\/strong><\/td><td>14\/11\/2025<\/td><\/tr><tr><td><strong>Nota final e classifica\u00e7\u00e3o geral dos candidatos<\/strong><\/td><td>21\/01\/2026<\/td><\/tr><tr><td><strong>1\u00aa Escolha de vagas<\/strong><\/td><td>22 a 23\/01\/2026<\/td><\/tr><tr><td><strong>Resultado final da 1\u00aa chance de escolha de vagas<\/strong><\/td><td>26\/01\/2026<\/td><\/tr><tr><td><strong>2\u00aa Escolha de vagas<\/strong><\/td><td>27 a 28\/01\/2026<\/td><\/tr><tr><td><strong>Resultado final da 2\u00aa chance de escolha de vagas<\/strong><\/td><td>30\/01\/2026<\/td><\/tr><tr><td><strong>3\u00aa Escolha de vagas<\/strong><\/td><td>02 a 03\/02\/2026<\/td><\/tr><tr><td><strong>Matr\u00edcula dos aprovados<\/strong><\/td><td>A partir de 10\/02 a 31\/03\/2026<\/td><\/tr><tr><td><strong>In\u00edcio dos programas<\/strong><\/td><td><strong>Mar\u00e7o de 2026<\/strong><\/td><\/tr><\/tbody><\/table><\/figure>\n<\/div><\/div>\n\n\n\n<p><strong><a href=\"https:\/\/www.grupomedcof.com.br\/blog\/wp-content\/uploads\/2025\/07\/Cronograma-ENARE-2026-R.pdf\" target=\"_blank\" rel=\"noreferrer noopener\">Confira aqui o cronograma geral do ENARE 2025\/2026 para R+.<\/a><\/strong><\/p>\n\n\n\n<h2 class=\"wp-block-heading\"><span class=\"ez-toc-section\" id=\"Como_se_inscrever_no_ENARE\"><\/span><strong>Como se inscrever no ENARE?&nbsp;<\/strong><span class=\"ez-toc-section-end\"><\/span><\/h2>\n\n\n\n<h3 class=\"wp-block-heading\" id=\"h-medicos-formados-que-desejam-concorrer-as-vagas-de-acesso-direto-r1\"><span class=\"ez-toc-section\" id=\"Medicos_formados_que_desejam_concorrer_as_vagas_de_Acesso_Direto_R1\"><\/span><strong>M\u00e9dicos formados que desejam concorrer \u00e0s vagas de Acesso Direto<\/strong> <strong>(R1)<\/strong><span class=\"ez-toc-section-end\"><\/span><\/h3>\n\n\n\n<p>Para <strong>medicos formados<\/strong> h\u00e1 seis meses, um ano ou mais, ou m\u00e9dico revalidando ou revalidado, a inscri\u00e7\u00e3o foi semelhante aos concluintes.<\/p>\n\n\n\n<p>Para se inscrever no&nbsp;<strong>ENARE<\/strong>&nbsp;e <strong><a href=\"https:\/\/www.grupomedcof.com.br\/blog\/concorrencia-enare\/\" target=\"_blank\" rel=\"noreferrer noopener\">concorrer \u00e0s vagas de Acesso Direto<\/a><\/strong> ofertadas no edital, foi obrigat\u00f3rio ter a inscri\u00e7\u00e3o devidamente conclu\u00edda no&nbsp;<strong>Exame Nacional de Avalia\u00e7\u00e3o da Forma\u00e7\u00e3o M\u00e9dica (Enamed)<\/strong>. Ou seja, antes de se inscrever na plataforma do Enare, o m\u00e9dico j\u00e1 formado precisou primeiro formalizar sua inscri\u00e7\u00e3o no Sistema Enamed entre <strong>07 e 18 de julho<\/strong>, informando:<\/p>\n\n\n\n<ul class=\"wp-block-list\">\n<li>Nome completo;<\/li>\n\n\n\n<li>CPF e data de nascimento;<\/li>\n\n\n\n<li>Endere\u00e7o de e-mail v\u00e1lido e telefone fixo e\/ou celular;<\/li>\n\n\n\n<li>Unidade da Federa\u00e7\u00e3o e munic\u00edpio onde deseja realizar a prova;<\/li>\n\n\n\n<li>Preenchimento completo do question\u00e1rio; <\/li>\n\n\n\n<li>Op\u00e7\u00e3o pela utiliza\u00e7\u00e3o dos resultados no Enare.<\/li>\n<\/ul>\n\n\n\n<p>Assim, o participante teve que acessar a&nbsp;<strong>plataforma do Enare<\/strong>, em que tamb\u00e9m realizou a inscri\u00e7\u00e3o entre&nbsp;<strong>7 e 30 de julho de 2025<\/strong>&nbsp;e selecionou uma das especialidades de Acesso Direto ofertadas. Vale ressaltar que&nbsp;<strong>durante a inscri\u00e7\u00e3o no Enare, o candidato escolheu apenas a especialidade e n\u00e3o a institui\u00e7\u00e3o onde ir\u00e1 atuar.<\/strong><\/p>\n\n\n\n<p>Por fim, para garantir a inscri\u00e7\u00e3o no Enare 2025\/2026, foi necess\u00e1rio efetuar o pagamento da taxa de inscri\u00e7\u00e3o no valor de<strong> R$330,00<\/strong> <strong>at\u00e9 1\u00b0 de agosto de 2025.<\/strong><\/p>\n\n\n\n<h3 class=\"wp-block-heading\" id=\"h-medicos-formados-que-desejam-concorrer-as-vagas-de-pre-requisito-r\"><span class=\"ez-toc-section\" id=\"Medicos_formados_que_desejam_concorrer_as_vagas_de_Pre-Requisito_R\"><\/span><strong>M\u00e9dicos formados que desejam concorrer \u00e0s vagas de Pr\u00e9-Requisito (R+)<\/strong><span class=\"ez-toc-section-end\"><\/span><\/h3>\n\n\n\n<p>Esse \u00e9 o \u00fanico grupo de medicos que n\u00e3o precisou participar do Enamed &#8211; que substitui apenas a prova objetiva para as vagas de&nbsp;<strong>Acesso Direto<\/strong>&nbsp;do Enare. Desse modo, se o candidato j\u00e1 \u00e9 especialista em alguma \u00e1rea e deseja se aprofundar em uma&nbsp;<strong>subespecialidade derivada<\/strong>&nbsp;\u2013 por meio de um programa com Pr\u00e9-Requisito, em&nbsp;<strong>\u00c1rea de Atua\u00e7\u00e3o<\/strong>&nbsp;ou&nbsp;<strong>Ano Adicional<\/strong>&nbsp;(programas conhecidos como&nbsp;<strong>R+<\/strong>) \u2013 ele realizou apenas a&nbsp;<strong>prova espec\u00edfica do Enare<\/strong>.<\/p>\n\n\n\n<p>Para cada \u00e1rea que exige pr\u00e9-requisito, ser\u00e1 formulada uma prova considerando o conte\u00fado da(s) especialidade(s) exigida(s) para ingresso, que ser\u00e1 de <strong>responsabilidade da Funda\u00e7\u00e3o Get\u00falio Vargas.<\/strong> Ou seja, \u00e1reas pedi\u00e1tricas cobrar\u00e3o quest\u00f5es de&nbsp;<strong>Pediatria<\/strong>, \u00e1reas cir\u00fargicas de&nbsp;<strong>Cirurgia<\/strong>&nbsp;e assim por diante. <\/p>\n\n\n\n<p>Assim, como as vagas de R+ n\u00e3o t\u00eam rela\u00e7\u00e3o com o Enamed, o candidato precisou apenas&nbsp;<strong>realizar a inscri\u00e7\u00e3o na plataforma do Enare<\/strong>, entre&nbsp;<strong>7 e 30 de julho de 2025<\/strong>&nbsp;e selecionar uma das especialidades que exigem pr\u00e9-requisito ofertadas, bem como quitar a taxa de inscri\u00e7\u00e3o.<\/p>\n\n\n\n<h2 class=\"wp-block-heading\" id=\"h-como-se-inscrever-no-enamed\"><span class=\"ez-toc-section\" id=\"Como_se_inscrever_no_Enamed\"><\/span><strong>Como se inscrever no Enamed?<\/strong><span class=\"ez-toc-section-end\"><\/span><\/h2>\n\n\n\n<p>Conforme o Minist\u00e9rio da Educa\u00e7\u00e3o, os candidatos que conclu\u00edrem a gradua\u00e7\u00e3o de Medicina em 2025 tiveram suas <strong>inscri\u00e7\u00f5es realizadas pela pr\u00f3pria institui\u00e7\u00e3o de ensino<\/strong> via sistema Enade, entre <strong>maio e junho<\/strong> para o Enamed 2025\/2026.<\/p>\n\n\n\n<p>Entretanto, mesmo com a inscri\u00e7\u00e3o feita, o candidato teve que acessar o <a href=\"https:\/\/www.gov.br\/inep\/pt-br\/areas-de-atuacao\/avaliacao-e-exames-educacionais\/enamed\" target=\"_blank\" rel=\"noreferrer noopener\">Sistema Enamed <\/a>para preencher seu cadastro, informar a&nbsp;<strong>UF e o munic\u00edpio onde deseja realizar a prova<\/strong>&nbsp;no per\u00edodo entre 07 e 18 de julho de 2025.<\/p>\n\n\n\n<p>Durante o cadastro no sistema, o participante teve que:<\/p>\n\n\n\n<ul class=\"wp-block-list\">\n<li>Informar&nbsp;<strong>CPF<\/strong>&nbsp;e&nbsp;<strong>data de nascimento<\/strong>;<\/li>\n\n\n\n<li>Fornecer um&nbsp;<strong>endere\u00e7o de e-mail v\u00e1lido<\/strong>&nbsp;e um&nbsp;<strong>telefone fixo e\/ou celular<\/strong>;<\/li>\n\n\n\n<li>Preencher corretamente o&nbsp;<strong>Question\u00e1rio do Participante<\/strong>, que dever\u00e1 ser finalizado para a visualiza\u00e7\u00e3o do local de prova. O preenchimento deve ser feito entre<strong>&nbsp;7 e 18 de julho ou entre 1\u00ba de agosto e 18 de outubro de 2025,<\/strong>&nbsp;caso o estudante tenha perdido o primeiro per\u00edodo.<\/li>\n<\/ul>\n\n\n\n<p>Vale lembrar que <strong>para o Enamed n\u00e3o h\u00e1 cobran\u00e7a de taxa de inscri\u00e7\u00e3o.<\/strong> Por\u00e9m, se o participante deseja concorrer a uma das mais de&nbsp;<strong>6 mil vagas de Acesso Direto<\/strong>&nbsp;oferecidas pelo Enare, ele precisou optar <strong>pela utiliza\u00e7\u00e3o do resultado no Enare 2025\/2026<\/strong> e quitar a <strong>taxa do seletivo<\/strong> de <strong>R$330,00.<\/strong><\/p>\n\n\n\n<div class=\"wp-block-buttons is-layout-flex wp-block-buttons-is-layout-flex\">\n<div class=\"wp-block-button\"><a class=\"wp-block-button__link wp-element-button\" href=\"https:\/\/enare-inscricao.conhecimento.fgv.br\/?ReturnUrl=%2FConcurso%2FInscricao\" target=\"_blank\" rel=\"noreferrer noopener\">Plataforma de inscri\u00e7\u00e3o ENARE<\/a><\/div>\n<\/div>\n\n\n\n<p>Por outro lado, se n\u00e3o \u00e9 a inten\u00e7\u00e3o do candidato ingressar na resid\u00eancia m\u00e9dica em 2026, n\u00e3o h\u00e1 nenhuma medida a ser tomada. <\/p>\n\n\n\n<h3 class=\"wp-block-heading\" id=\"h-quem-devera-realizar-o-enamed\"><span class=\"ez-toc-section\" id=\"Quem_devera_realizar_o_Enamed\"><\/span><strong>Quem dever\u00e1 realizar o Enamed?<\/strong><span class=\"ez-toc-section-end\"><\/span><\/h3>\n\n\n\n<p>O documento disponibilizado especifica quem ser\u00e1 considerado concluinte dos cursos de bacharelado para realizar o <strong>ENADE <\/strong>no 2\u00b0 semestre de 2025. No entanto, deve-se aguardar a publica\u00e7\u00e3o do edital para confirmar se valer\u00e1 tamb\u00e9m para o Enamed. <\/p>\n\n\n\n<p>Sendo assim, confira as regras:<\/p>\n\n\n\n<ul class=\"wp-block-list\">\n<li>Quem colar grau at\u00e9 31\/08\/2025 n\u00e3o \u00e9 obrigado a fazer o exame;<\/li>\n\n\n\n<li>Quem completar 80% ou mais da carga hor\u00e1ria total do curso at\u00e9 31\/08\/2025, mas n\u00e3o colar grau at\u00e9 l\u00e1, tem que fazer o ENADE (trazendo para a Medicina: teriam que fazer o ENAMED obrigatoriamente em outubro, os acad\u00eamicos que estar\u00e3o no 12\u00b0 per\u00edodo no 2\u00b0 semestre de 2025);<\/li>\n\n\n\n<li>Quem integralizar 100% da carga hor\u00e1ria do curso at\u00e9 julho\/2026 tamb\u00e9m ser\u00e1 obrigado a fazer o ENADE no 2\u00b0 semestre de 2025 (trazendo para Medicina, quem se formar no meio do ano que vem, tamb\u00e9m teria que fazer o ENAMED em outubro\/25).<\/li>\n<\/ul>\n\n\n\n<div class=\"wp-block-group\"><div class=\"wp-block-group__inner-container is-layout-constrained wp-block-group-is-layout-constrained\">\n<h2 class=\"wp-block-heading\" id=\"h-como-sera-a-isencao-da-taxa-no-enare\"><span class=\"ez-toc-section\" id=\"Como_sera_a_isencao_da_taxa_no_Enare\"><\/span><strong>Como ser\u00e1 a isen\u00e7\u00e3o da taxa no Enare<\/strong><span class=\"ez-toc-section-end\"><\/span><\/h2>\n\n\n\n<p>A \u00fanica taxa a ser paga ser\u00e1 aquela cobrada na plataforma de inscri\u00e7\u00e3o do Enare, no valor de R$330. Por\u00e9m, h\u00e1 a op\u00e7\u00e3o de solicitar a isen\u00e7\u00e3o dessa taxa, que foi feita entre os dias&nbsp;<strong>7 e 9 de julho de 2025<\/strong>, junto com o envio da documenta\u00e7\u00e3o comprobat\u00f3ria. Ademais, esse per\u00edodo foi reaberto entre <strong>16h de 15\/07\/25 a 23h59 de 17\/07\/2025<\/strong>. Tiveram direito a isen\u00e7\u00e3o, os candidatos que se encaixassem nas seguintes situa\u00e7\u00f5es:<\/p>\n\n\n\n<ul class=\"wp-block-list\">\n<li>Taxa de inscri\u00e7\u00e3o superior a&nbsp;<strong>30% do sal\u00e1rio mensal<\/strong>&nbsp;do candidato, se n\u00e3o tiver dependentes;<\/li>\n\n\n\n<li>Taxa ultrapassando&nbsp;<strong>20% do sal\u00e1rio mensal<\/strong>&nbsp;do candidato com at\u00e9 dois dependentes;<\/li>\n\n\n\n<li>Taxa superior a&nbsp;<strong>10% do sal\u00e1rio mensal<\/strong>&nbsp;para candidatos com mais de dois dependentes;<\/li>\n\n\n\n<li>Quando o candidato declarar impossibilidade de pagamento e comprovar&nbsp;<strong>renda familiar mensal de at\u00e9 tr\u00eas sal\u00e1rios-m\u00ednimos<\/strong>&nbsp;ou&nbsp;<strong>renda individual de at\u00e9 dois sal\u00e1rios-m\u00ednimos<\/strong>;<\/li>\n\n\n\n<li>Candidatos inscritos no&nbsp;<strong>Cad\u00danico<\/strong>&nbsp;(Cadastro \u00danico para Programas Sociais do Governo Federal); ou<\/li>\n\n\n\n<li>Quando declarar-se membro de&nbsp;<strong>fam\u00edlia de baixa renda<\/strong>, conforme o&nbsp;<strong>Decreto n\u00ba 11.016\/2022<\/strong>.<\/li>\n<\/ul>\n\n\n\n<p>Al\u00e9m disso, tamb\u00e9m foi necess\u00e1rio comprovar:<\/p>\n\n\n\n<ul class=\"wp-block-list\">\n<li>Que&nbsp;<strong>n\u00e3o custeou, com recursos pr\u00f3prios, curso preparat\u00f3rio<\/strong>&nbsp;para o processo seletivo de resid\u00eancia m\u00e9dica;<\/li>\n\n\n\n<li>Que \u00e9&nbsp;<strong>egresso de institui\u00e7\u00e3o p\u00fablica<\/strong>&nbsp;ou foi&nbsp;<strong>benefici\u00e1rio de bolsa oficial<\/strong>&nbsp;durante a gradua\u00e7\u00e3o.<\/li>\n<\/ul>\n\n\n\n<h2 class=\"wp-block-heading\" id=\"h-data-de-aplicacao-da-prova-objetiva\"><span class=\"ez-toc-section\" id=\"Data_de_aplicacao_da_prova_objetiva\"><\/span><strong>Data de aplica\u00e7\u00e3o da prova objetiva<\/strong> <span class=\"ez-toc-section-end\"><\/span><\/h2>\n\n\n\n<p>A data de aplica\u00e7\u00e3o da prova objetiva do Enamed\/ENARE 2025\/2026 ser\u00e1 no dia<strong> 19 de outubro de 2025<\/strong>, conforme previs\u00e3o divulgada atrav\u00e9s de uma <a href=\"https:\/\/www.grupomedcof.com.br\/blog\/wp-content\/uploads\/2025\/04\/Circular-INEP-Enare-Enamed-2026.pdf\" target=\"_blank\" rel=\"noreferrer noopener\">circular do INEP.<\/a><\/p>\n<\/div><\/div>\n\n\n\n<h2 class=\"wp-block-heading\" id=\"e-agora\"><span class=\"ez-toc-section\" id=\"Qual_sera_a_banca_do_ENAREEnamed_20252026\"><\/span><strong>Qual ser\u00e1 a banca do ENARE\/Enamed 2025\/2026?<\/strong><span class=\"ez-toc-section-end\"><\/span><\/h2>\n\n\n\n<p>Embora a Ebserh seja respons\u00e1vel pela organiza\u00e7\u00e3o do Enare, a Funda\u00e7\u00e3o Get\u00falio Vargas foi uma novidade na edi\u00e7\u00e3o passada e segue na sele\u00e7\u00e3o de 2025\/2026. A entidade constituir\u00e1 uma banca examinadora e tamb\u00e9m analisar\u00e1 os Laudos M\u00e9dicos no ato da inscri\u00e7\u00e3o.<\/p>\n\n\n\n<p>Al\u00e9m disso, para os candidatos do <strong>Enamed<\/strong>, a banca examinadora ser\u00e1 o <strong>Instituto Nacional de Estudos e Pesquisas Educacionais An\u00edsio Teixeira<\/strong> (INEP).<\/p>\n\n\n\n<h2 class=\"wp-block-heading\" id=\"h-qual-o-valor-da-bolsa-do-enare\"><span class=\"ez-toc-section\" id=\"Qual_o_valor_da_bolsa_do_ENARE\"><\/span><strong>Qual o valor da bolsa do ENARE?<\/strong><span class=\"ez-toc-section-end\"><\/span><\/h2>\n\n\n\n<p>Respeitando o m\u00ednimo estipulado pelo governo, a bolsa aux\u00edlio para os aprovados \u00e9 de <strong>R$4.106,09 <\/strong>durante toda a dura\u00e7\u00e3o dos programas.<\/p>\n\n\n\n<h2 class=\"wp-block-heading\" id=\"h-qual-a-pontuacao-maxima-da-prova-do-enare\"><span class=\"ez-toc-section\" id=\"Qual_a_pontuacao_maxima_da_prova_do_ENARE\"><\/span><strong>Qual a pontua\u00e7\u00e3o m\u00e1xima da prova do ENARE?<\/strong><span class=\"ez-toc-section-end\"><\/span><\/h2>\n\n\n\n<p>Vale lembrar que a prova objetiva para especialidades de acesso direto possui <strong>100 quest\u00f5es,<\/strong> valendo <strong>1,0 ponto<\/strong> cada, tendo como pontua\u00e7\u00e3o m\u00e1xima 100 pontos e pontua\u00e7\u00e3o m\u00ednima de 50 pontos. <\/p>\n\n\n\n<p>J\u00e1 as especialidades de pr\u00e9-requisito, a prova possui <strong>80 quest\u00f5es,<\/strong> valendo 1,25 pontos cada, totalizando a pontua\u00e7\u00e3o m\u00e1xima de 100 pontos. Dessa forma, a nota obtida na prova equivale a 100% da nota final do candidato.<\/p>\n\n\n\n<h2 class=\"wp-block-heading\" id=\"h-posso-me-inscrever-no-enare-para-treinar\"><span class=\"ez-toc-section\" id=\"Posso_me_inscrever_no_ENARE_para_treinar\"><\/span><strong>Posso me inscrever no ENARE para treinar?<\/strong><span class=\"ez-toc-section-end\"><\/span><\/h2>\n\n\n\n<p>Se voc\u00ea quer se preparar um pouquinho mais para as provas de resid\u00eancia m\u00e9dica, \u00e9 poss\u00edvel realizar a prova do ENARE como treineiro. Por\u00e9m, voc\u00ea ser\u00e1 exclu\u00eddo da sele\u00e7\u00e3o e n\u00e3o ter\u00e1 a sua nota divulgada. Isso ocorre porque o processo seletivo tem foco apenas para m\u00e9dicos formados ou cursando o \u00faltimo semestre da gradua\u00e7\u00e3o de Medicina.<\/p>\n\n\n\n<p>J\u00e1 os estudantes de medicina que n\u00e3o est\u00e3o no \u00faltimo per\u00edodo da faculdade, podem fazer o Enamed como treineiros e se preparar melhor para o exame.<\/p>\n\n\n\n<div class=\"wp-block-group\"><div class=\"wp-block-group__inner-container is-layout-constrained wp-block-group-is-layout-constrained\">\n<h2 class=\"wp-block-heading\" id=\"h-como-foi-o-ultimo-processo-seletivo\"><span class=\"ez-toc-section\" id=\"Como_foi_o_ultimo_processo_seletivo\"><\/span><strong><strong>Como foi o \u00faltimo processo seletivo?<\/strong><\/strong><span class=\"ez-toc-section-end\"><\/span><\/h2>\n\n\n\n<p>O processo contou com <strong>mais de 4 mil<\/strong> <strong>vagas de resid\u00eancia m\u00e9dica<\/strong> dispon\u00edveis em todo o pa\u00eds e distribu\u00eddas entre especialidades de<strong> Acesso Direto e Pr\u00e9-Requisito. <\/strong>As inscri\u00e7\u00f5es, que come\u00e7aram dia 07 de agosto de 2024, tiveram uma taxa no valor de <strong>R$330,00,<\/strong> que deveria ser realizada dentro do prazo e via formul\u00e1rio de inscri\u00e7\u00e3o no site do ENARE.<\/p>\n\n\n\n<p>Al\u00e9m disso, a avalia\u00e7\u00e3o contou com duas etapas: a <strong>prova objetiva<\/strong>, marcada para o dia <strong>20 de outubro de 2024<\/strong>, e a <strong>an\u00e1lise curricular<\/strong>, que deveria ser enviada no mesmo per\u00edodo de inscri\u00e7\u00e3o. Assim, os candidatos que atingiram, no m\u00ednimo, 50 pontos na primeira etapa, seguiram para a an\u00e1lise curricular.E vale lembrar que na edi\u00e7\u00e3o 2024\/2025 do ENARE, houve modifica\u00e7\u00f5es gerais em sua composi\u00e7\u00e3o. Dentre as principais, podem ser citadas a ades\u00e3o de novas especialidades, como <strong>Medicina Paliativa<\/strong> e <strong>Medicina do Sono<\/strong>, al\u00e9m do aumento na <strong>disponibilidade em 20%<\/strong> em rela\u00e7\u00e3o ao ano passado. Sendo assim, um maior n\u00famero de oportunidades no exame.<\/p>\n<\/div><\/div>\n\n\n\n<h2 class=\"wp-block-heading\" id=\"h-edital-2025-2026\"><span class=\"ez-toc-section\" id=\"Edital_20252026\"><\/span><strong>Edital 2025\/2026<\/strong><span class=\"ez-toc-section-end\"><\/span><\/h2>\n\n\n\n<p>Confira o<a href=\"https:\/\/www.grupomedcof.com.br\/blog\/edital-enare-publicado\/\"> <\/a><strong><a href=\"https:\/\/www.grupomedcof.com.br\/blog\/edital-enare-publicado\/\" target=\"_blank\" rel=\"noreferrer noopener\">edital<\/a><\/strong><a href=\"https:\/\/www.grupomedcof.com.br\/blog\/edital-enare-publicado\/\"> <\/a>completo abaixo:<\/p>\n\n\n\n<div class=\"wp-block-buttons is-layout-flex wp-block-buttons-is-layout-flex\">\n<div class=\"wp-block-button\"><a class=\"wp-block-button__link wp-element-button\" href=\"https:\/\/www.grupomedcof.com.br\/blog\/wp-content\/uploads\/2025\/06\/Edital-ENARE-20252026-Pre-Requisito.pdf\" target=\"_blank\" rel=\"noreferrer noopener\">Edital ENARE 2026 &#8211; Pr\u00e9-Requisito<\/a><\/div>\n\n\n\n<div class=\"wp-block-button\"><a class=\"wp-block-button__link wp-element-button\" href=\"https:\/\/www.grupomedcof.com.br\/blog\/wp-content\/uploads\/2025\/06\/Edital-Enare-20252026-Residencia-Medica-Acesso-Direto.pdf\" target=\"_blank\" rel=\"noreferrer noopener\">Edital Enamed 2026 &#8211; Acesso Direto<\/a><\/div>\n<\/div>\n\n\n\n<h2 class=\"wp-block-heading\" id=\"h-prepare-se-para-o-enare-2026-com-a-medcof-e-seja-aprovado-nbsp-nbsp\"><span class=\"ez-toc-section\" id=\"Prepare-se_para_o_Enare_2026_com_a_MedCof_e_seja_aprovado\"><\/span><strong>Prepare-se para o Enare 2026 com a MedCof e seja aprovado!&nbsp;&nbsp;<\/strong><span class=\"ez-toc-section-end\"><\/span><\/h2>\n\n\n\n<p>Quer alcan\u00e7ar a aprova\u00e7\u00e3o nas provas de resid\u00eancia m\u00e9dica como a do ENARE? Ent\u00e3o seja um <a href=\"https:\/\/www.grupomedcof.com.br\/home\/\"><strong>MedCofer<\/strong><\/a>! Aqui te ajudaremos na busca da aprova\u00e7\u00e3o com conte\u00fados de qualidade e uma <a href=\"https:\/\/www.grupomedcof.com.br\/blog\/presenca-da-medcof-nas-aprovacoes-em-residencia-medica-no-brasil\/\"><strong>metodologia que j\u00e1 aprovou mais de 10 mil residentes no pa\u00eds!<\/strong> <\/a>Por fim, acesse o <a href=\"https:\/\/www.youtube.com\/@GrupoMedcof\/featured\"><strong>Youtube de MedCof<\/strong><\/a> para ver nossas lives de revis\u00e3o e corre\u00e7\u00e3o.<\/p>\n\n\n\n<figure class=\"wp-block-embed is-type-video is-provider-youtube wp-block-embed-youtube wp-embed-aspect-16-9 wp-has-aspect-ratio\"><div class=\"wp-block-embed__wrapper\">\n<div class=\"youtube-embed\" data-video_id=\"4GJSGtYZc74\"><iframe loading=\"lazy\" title=\"REVIS\u00c3O ACESSO DIRETO ENARE - Prepare-se com os Especialistas da MedCof!\" width=\"696\" height=\"392\" src=\"https:\/\/www.youtube.com\/embed\/4GJSGtYZc74?feature=oembed&#038;enablejsapi=1\" frameborder=\"0\" allow=\"accelerometer; autoplay; clipboard-write; encrypted-media; gyroscope; picture-in-picture; web-share\" referrerpolicy=\"strict-origin-when-cross-origin\" allowfullscreen><\/iframe><\/div>\n<\/div><\/figure>\n","protected":false},"excerpt":{"rendered":"<p>O pr\u00edodo de inscri\u00e7\u00f5es para o ENARE 2025\/2026 foram divulgadas, al\u00e9m de outras informa\u00e7\u00f5es e novidadades. Acompanhe tudo em nosso blog!<\/p>\n","protected":false},"author":20,"featured_media":10226,"comment_status":"open","ping_status":"open","sticky":false,"template":"","format":"standard","meta":{"footnotes":""},"categories":[174],"tags":[29,1431,117,68],"ppma_author":[3616],"class_list":{"0":"post-26400","1":"post","2":"type-post","3":"status-publish","4":"format-standard","5":"has-post-thumbnail","7":"category-residencia-medica","8":"tag-enare","9":"tag-enare-2025","10":"tag-provas-de-residencia","11":"tag-residencia-medica"},"yoast_head":"<!-- This site is optimized with the Yoast SEO Premium plugin v24.3 (Yoast SEO v27.4) - https:\/\/yoast.com\/product\/yoast-seo-premium-wordpress\/ -->\n<title>Inscri\u00e7\u00e3o Enare 2025\/2026: datas e atualiza\u00e7\u00f5es<\/title>\n<meta name=\"description\" content=\"O pr\u00edodo de inscri\u00e7\u00f5es para o ENARE 2025\/2026 foram divulgadas, al\u00e9m de outras informa\u00e7\u00f5es e novidadades. Acompanhe tudo em nosso blog!\" \/>\n<meta name=\"robots\" content=\"index, follow, max-snippet:-1, max-image-preview:large, max-video-preview:-1\" \/>\n<link rel=\"canonical\" href=\"https:\/\/www.grupomedcof.com.br\/blog\/data-para-inscricoes-enare\/\" \/>\n<meta property=\"og:locale\" content=\"pt_BR\" \/>\n<meta property=\"og:type\" content=\"article\" \/>\n<meta property=\"og:title\" content=\"ENARE 2025\/2026: Confira tudo sobre as inscri\u00e7\u00f5es\" \/>\n<meta property=\"og:description\" content=\"O pr\u00edodo de inscri\u00e7\u00f5es para o ENARE 2025\/2026 foram divulgadas, al\u00e9m de outras informa\u00e7\u00f5es e novidadades. Acompanhe tudo em nosso blog!\" \/>\n<meta property=\"og:url\" content=\"https:\/\/www.grupomedcof.com.br\/blog\/data-para-inscricoes-enare\/\" \/>\n<meta property=\"og:site_name\" content=\"Blog de Medcof: conte\u00fados, editais, revalida e mais!\" \/>\n<meta property=\"article:publisher\" content=\"https:\/\/www.facebook.com\/MedCofQbank\/\" \/>\n<meta property=\"article:published_time\" content=\"2025-08-19T18:00:36+00:00\" \/>\n<meta property=\"article:modified_time\" content=\"2026-02-09T14:58:27+00:00\" \/>\n<meta property=\"og:image\" content=\"https:\/\/www.grupomedcof.com.br\/blog\/wp-content\/uploads\/2023\/08\/Blog-MedCof-2023-08-10T140854.234.png\" \/>\n\t<meta property=\"og:image:width\" content=\"2560\" \/>\n\t<meta property=\"og:image:height\" content=\"1440\" \/>\n\t<meta property=\"og:image:type\" content=\"image\/png\" \/>\n<meta name=\"author\" content=\"Leila Menzel\" \/>\n<meta name=\"twitter:card\" content=\"summary_large_image\" \/>\n<meta name=\"twitter:label1\" content=\"Escrito por\" \/>\n\t<meta name=\"twitter:data1\" content=\"Leila Menzel\" \/>\n\t<meta name=\"twitter:label2\" content=\"Est. tempo de leitura\" \/>\n\t<meta name=\"twitter:data2\" content=\"12 minutos\" \/>\n<script type=\"application\/ld+json\" class=\"yoast-schema-graph\">{\"@context\":\"https:\\\/\\\/schema.org\",\"@graph\":[{\"@type\":\"Article\",\"@id\":\"https:\\\/\\\/www.grupomedcof.com.br\\\/blog\\\/data-para-inscricoes-enare\\\/#article\",\"isPartOf\":{\"@id\":\"https:\\\/\\\/www.grupomedcof.com.br\\\/blog\\\/data-para-inscricoes-enare\\\/\"},\"author\":{\"name\":\"Leila Menzel\",\"@id\":\"https:\\\/\\\/www.grupomedcof.com.br\\\/blog\\\/#\\\/schema\\\/person\\\/9a44c2184a836bf5ae6967fdb3a1451e\"},\"headline\":\"ENARE 2025\\\/2026: Confira tudo sobre as inscri\u00e7\u00f5es\",\"datePublished\":\"2025-08-19T18:00:36+00:00\",\"dateModified\":\"2026-02-09T14:58:27+00:00\",\"mainEntityOfPage\":{\"@id\":\"https:\\\/\\\/www.grupomedcof.com.br\\\/blog\\\/data-para-inscricoes-enare\\\/\"},\"wordCount\":2142,\"commentCount\":3,\"publisher\":{\"@id\":\"https:\\\/\\\/www.grupomedcof.com.br\\\/blog\\\/#organization\"},\"image\":{\"@id\":\"https:\\\/\\\/www.grupomedcof.com.br\\\/blog\\\/data-para-inscricoes-enare\\\/#primaryimage\"},\"thumbnailUrl\":\"https:\\\/\\\/www.grupomedcof.com.br\\\/blog\\\/wp-content\\\/uploads\\\/2023\\\/08\\\/Blog-MedCof-2023-08-10T140854.234.png\",\"keywords\":[\"ENARE\",\"ENARE 2025\",\"Provas de Resid\u00eancia\",\"Resid\u00eancia M\u00e9dica\"],\"articleSection\":[\"Resid\u00eancia m\u00e9dica: editais, resultados, temas quentes e mais\"],\"inLanguage\":\"pt-BR\"},{\"@type\":\"WebPage\",\"@id\":\"https:\\\/\\\/www.grupomedcof.com.br\\\/blog\\\/data-para-inscricoes-enare\\\/\",\"url\":\"https:\\\/\\\/www.grupomedcof.com.br\\\/blog\\\/data-para-inscricoes-enare\\\/\",\"name\":\"Inscri\u00e7\u00e3o Enare 2025\\\/2026: datas e atualiza\u00e7\u00f5es\",\"isPartOf\":{\"@id\":\"https:\\\/\\\/www.grupomedcof.com.br\\\/blog\\\/#website\"},\"primaryImageOfPage\":{\"@id\":\"https:\\\/\\\/www.grupomedcof.com.br\\\/blog\\\/data-para-inscricoes-enare\\\/#primaryimage\"},\"image\":{\"@id\":\"https:\\\/\\\/www.grupomedcof.com.br\\\/blog\\\/data-para-inscricoes-enare\\\/#primaryimage\"},\"thumbnailUrl\":\"https:\\\/\\\/www.grupomedcof.com.br\\\/blog\\\/wp-content\\\/uploads\\\/2023\\\/08\\\/Blog-MedCof-2023-08-10T140854.234.png\",\"datePublished\":\"2025-08-19T18:00:36+00:00\",\"dateModified\":\"2026-02-09T14:58:27+00:00\",\"description\":\"O pr\u00edodo de inscri\u00e7\u00f5es para o ENARE 2025\\\/2026 foram divulgadas, al\u00e9m de outras informa\u00e7\u00f5es e novidadades. Acompanhe tudo em nosso blog!\",\"breadcrumb\":{\"@id\":\"https:\\\/\\\/www.grupomedcof.com.br\\\/blog\\\/data-para-inscricoes-enare\\\/#breadcrumb\"},\"inLanguage\":\"pt-BR\",\"potentialAction\":[{\"@type\":\"ReadAction\",\"target\":[\"https:\\\/\\\/www.grupomedcof.com.br\\\/blog\\\/data-para-inscricoes-enare\\\/\"]}]},{\"@type\":\"ImageObject\",\"inLanguage\":\"pt-BR\",\"@id\":\"https:\\\/\\\/www.grupomedcof.com.br\\\/blog\\\/data-para-inscricoes-enare\\\/#primaryimage\",\"url\":\"https:\\\/\\\/www.grupomedcof.com.br\\\/blog\\\/wp-content\\\/uploads\\\/2023\\\/08\\\/Blog-MedCof-2023-08-10T140854.234.png\",\"contentUrl\":\"https:\\\/\\\/www.grupomedcof.com.br\\\/blog\\\/wp-content\\\/uploads\\\/2023\\\/08\\\/Blog-MedCof-2023-08-10T140854.234.png\",\"width\":2560,\"height\":1440,\"caption\":\"enare data da prova, enare 2024, enare inscricao, enare, enare 2023, enare ebserh, enare edital, como funciona o enare, enare inscri\u00e7\u00e3o, enare inscri\u00e7\u00f5es,\"},{\"@type\":\"BreadcrumbList\",\"@id\":\"https:\\\/\\\/www.grupomedcof.com.br\\\/blog\\\/data-para-inscricoes-enare\\\/#breadcrumb\",\"itemListElement\":[{\"@type\":\"ListItem\",\"position\":1,\"name\":\"In\u00edcio\",\"item\":\"https:\\\/\\\/www.grupomedcof.com.br\\\/blog\\\/\"},{\"@type\":\"ListItem\",\"position\":2,\"name\":\"ENARE 2025\\\/2026: Confira tudo sobre as inscri\u00e7\u00f5es\"}]},{\"@type\":\"WebSite\",\"@id\":\"https:\\\/\\\/www.grupomedcof.com.br\\\/blog\\\/#website\",\"url\":\"https:\\\/\\\/www.grupomedcof.com.br\\\/blog\\\/\",\"name\":\"Blog de Medcof: conte\u00fados, editais, revalida e mais!\",\"description\":\"Acesso o blog de MedCof! Seu portal de conte\u00fados sobre resid\u00eancia m\u00e9dica, an\u00e1lise e editais e muito mais. Clique e confira!\",\"publisher\":{\"@id\":\"https:\\\/\\\/www.grupomedcof.com.br\\\/blog\\\/#organization\"},\"alternateName\":\"Blog de Medcof: conte\u00fados, editais, revalida e mais!\",\"potentialAction\":[{\"@type\":\"SearchAction\",\"target\":{\"@type\":\"EntryPoint\",\"urlTemplate\":\"https:\\\/\\\/www.grupomedcof.com.br\\\/blog\\\/?s={search_term_string}\"},\"query-input\":{\"@type\":\"PropertyValueSpecification\",\"valueRequired\":true,\"valueName\":\"search_term_string\"}}],\"inLanguage\":\"pt-BR\"},{\"@type\":\"Organization\",\"@id\":\"https:\\\/\\\/www.grupomedcof.com.br\\\/blog\\\/#organization\",\"name\":\"Grupo MedCof\",\"url\":\"https:\\\/\\\/www.grupomedcof.com.br\\\/blog\\\/\",\"logo\":{\"@type\":\"ImageObject\",\"inLanguage\":\"pt-BR\",\"@id\":\"https:\\\/\\\/www.grupomedcof.com.br\\\/blog\\\/#\\\/schema\\\/logo\\\/image\\\/\",\"url\":\"https:\\\/\\\/www.grupomedcof.com.br\\\/blog\\\/wp-content\\\/uploads\\\/2022\\\/01\\\/logo-medcof.png\",\"contentUrl\":\"https:\\\/\\\/www.grupomedcof.com.br\\\/blog\\\/wp-content\\\/uploads\\\/2022\\\/01\\\/logo-medcof.png\",\"width\":768,\"height\":269,\"caption\":\"Grupo MedCof\"},\"image\":{\"@id\":\"https:\\\/\\\/www.grupomedcof.com.br\\\/blog\\\/#\\\/schema\\\/logo\\\/image\\\/\"},\"sameAs\":[\"https:\\\/\\\/www.facebook.com\\\/MedCofQbank\\\/\",\"https:\\\/\\\/www.instagram.com\\\/grupomedcof\\\/\",\"https:\\\/\\\/br.linkedin.com\\\/company\\\/medcof\",\"https:\\\/\\\/www.youtube.com\\\/channel\\\/UCdHMuOHKICxcHwecxN8P-AA\"]},{\"@type\":\"Person\",\"@id\":\"https:\\\/\\\/www.grupomedcof.com.br\\\/blog\\\/#\\\/schema\\\/person\\\/9a44c2184a836bf5ae6967fdb3a1451e\",\"name\":\"Leila Menzel\",\"image\":{\"@type\":\"ImageObject\",\"inLanguage\":\"pt-BR\",\"@id\":\"https:\\\/\\\/www.grupomedcof.com.br\\\/blog\\\/wp-content\\\/uploads\\\/2025\\\/09\\\/cropped-eu-96x96.jpeg19a74936d997c0a8b3031618467fa1d0\",\"url\":\"https:\\\/\\\/www.grupomedcof.com.br\\\/blog\\\/wp-content\\\/uploads\\\/2025\\\/09\\\/cropped-eu-96x96.jpeg\",\"contentUrl\":\"https:\\\/\\\/www.grupomedcof.com.br\\\/blog\\\/wp-content\\\/uploads\\\/2025\\\/09\\\/cropped-eu-96x96.jpeg\",\"caption\":\"Leila Menzel\"},\"description\":\"Estudante do 6\u00b0 semestre de jornalismo, amo e escrevo poesias e viajo em livros de romances clich\u00eas.\",\"url\":\"https:\\\/\\\/www.grupomedcof.com.br\\\/blog\\\/author\\\/leila-menzel\\\/\"}]}<\/script>\n<!-- \/ Yoast SEO Premium plugin. -->","yoast_head_json":{"title":"Inscri\u00e7\u00e3o Enare 2025\/2026: datas e atualiza\u00e7\u00f5es","description":"O pr\u00edodo de inscri\u00e7\u00f5es para o ENARE 2025\/2026 foram divulgadas, al\u00e9m de outras informa\u00e7\u00f5es e novidadades. Acompanhe tudo em nosso blog!","robots":{"index":"index","follow":"follow","max-snippet":"max-snippet:-1","max-image-preview":"max-image-preview:large","max-video-preview":"max-video-preview:-1"},"canonical":"https:\/\/www.grupomedcof.com.br\/blog\/data-para-inscricoes-enare\/","og_locale":"pt_BR","og_type":"article","og_title":"ENARE 2025\/2026: Confira tudo sobre as inscri\u00e7\u00f5es","og_description":"O pr\u00edodo de inscri\u00e7\u00f5es para o ENARE 2025\/2026 foram divulgadas, al\u00e9m de outras informa\u00e7\u00f5es e novidadades. Acompanhe tudo em nosso blog!","og_url":"https:\/\/www.grupomedcof.com.br\/blog\/data-para-inscricoes-enare\/","og_site_name":"Blog de Medcof: conte\u00fados, editais, revalida e mais!","article_publisher":"https:\/\/www.facebook.com\/MedCofQbank\/","article_published_time":"2025-08-19T18:00:36+00:00","article_modified_time":"2026-02-09T14:58:27+00:00","og_image":[{"width":2560,"height":1440,"url":"https:\/\/www.grupomedcof.com.br\/blog\/wp-content\/uploads\/2023\/08\/Blog-MedCof-2023-08-10T140854.234.png","type":"image\/png"}],"author":"Leila Menzel","twitter_card":"summary_large_image","twitter_misc":{"Escrito por":"Leila Menzel","Est. tempo de leitura":"12 minutos"},"schema":{"@context":"https:\/\/schema.org","@graph":[{"@type":"Article","@id":"https:\/\/www.grupomedcof.com.br\/blog\/data-para-inscricoes-enare\/#article","isPartOf":{"@id":"https:\/\/www.grupomedcof.com.br\/blog\/data-para-inscricoes-enare\/"},"author":{"name":"Leila Menzel","@id":"https:\/\/www.grupomedcof.com.br\/blog\/#\/schema\/person\/9a44c2184a836bf5ae6967fdb3a1451e"},"headline":"ENARE 2025\/2026: Confira tudo sobre as inscri\u00e7\u00f5es","datePublished":"2025-08-19T18:00:36+00:00","dateModified":"2026-02-09T14:58:27+00:00","mainEntityOfPage":{"@id":"https:\/\/www.grupomedcof.com.br\/blog\/data-para-inscricoes-enare\/"},"wordCount":2142,"commentCount":3,"publisher":{"@id":"https:\/\/www.grupomedcof.com.br\/blog\/#organization"},"image":{"@id":"https:\/\/www.grupomedcof.com.br\/blog\/data-para-inscricoes-enare\/#primaryimage"},"thumbnailUrl":"https:\/\/www.grupomedcof.com.br\/blog\/wp-content\/uploads\/2023\/08\/Blog-MedCof-2023-08-10T140854.234.png","keywords":["ENARE","ENARE 2025","Provas de Resid\u00eancia","Resid\u00eancia M\u00e9dica"],"articleSection":["Resid\u00eancia m\u00e9dica: editais, resultados, temas quentes e mais"],"inLanguage":"pt-BR"},{"@type":"WebPage","@id":"https:\/\/www.grupomedcof.com.br\/blog\/data-para-inscricoes-enare\/","url":"https:\/\/www.grupomedcof.com.br\/blog\/data-para-inscricoes-enare\/","name":"Inscri\u00e7\u00e3o Enare 2025\/2026: datas e atualiza\u00e7\u00f5es","isPartOf":{"@id":"https:\/\/www.grupomedcof.com.br\/blog\/#website"},"primaryImageOfPage":{"@id":"https:\/\/www.grupomedcof.com.br\/blog\/data-para-inscricoes-enare\/#primaryimage"},"image":{"@id":"https:\/\/www.grupomedcof.com.br\/blog\/data-para-inscricoes-enare\/#primaryimage"},"thumbnailUrl":"https:\/\/www.grupomedcof.com.br\/blog\/wp-content\/uploads\/2023\/08\/Blog-MedCof-2023-08-10T140854.234.png","datePublished":"2025-08-19T18:00:36+00:00","dateModified":"2026-02-09T14:58:27+00:00","description":"O pr\u00edodo de inscri\u00e7\u00f5es para o ENARE 2025\/2026 foram divulgadas, al\u00e9m de outras informa\u00e7\u00f5es e novidadades. Acompanhe tudo em nosso blog!","breadcrumb":{"@id":"https:\/\/www.grupomedcof.com.br\/blog\/data-para-inscricoes-enare\/#breadcrumb"},"inLanguage":"pt-BR","potentialAction":[{"@type":"ReadAction","target":["https:\/\/www.grupomedcof.com.br\/blog\/data-para-inscricoes-enare\/"]}]},{"@type":"ImageObject","inLanguage":"pt-BR","@id":"https:\/\/www.grupomedcof.com.br\/blog\/data-para-inscricoes-enare\/#primaryimage","url":"https:\/\/www.grupomedcof.com.br\/blog\/wp-content\/uploads\/2023\/08\/Blog-MedCof-2023-08-10T140854.234.png","contentUrl":"https:\/\/www.grupomedcof.com.br\/blog\/wp-content\/uploads\/2023\/08\/Blog-MedCof-2023-08-10T140854.234.png","width":2560,"height":1440,"caption":"enare data da prova, enare 2024, enare inscricao, enare, enare 2023, enare ebserh, enare edital, como funciona o enare, enare inscri\u00e7\u00e3o, enare inscri\u00e7\u00f5es,"},{"@type":"BreadcrumbList","@id":"https:\/\/www.grupomedcof.com.br\/blog\/data-para-inscricoes-enare\/#breadcrumb","itemListElement":[{"@type":"ListItem","position":1,"name":"In\u00edcio","item":"https:\/\/www.grupomedcof.com.br\/blog\/"},{"@type":"ListItem","position":2,"name":"ENARE 2025\/2026: Confira tudo sobre as inscri\u00e7\u00f5es"}]},{"@type":"WebSite","@id":"https:\/\/www.grupomedcof.com.br\/blog\/#website","url":"https:\/\/www.grupomedcof.com.br\/blog\/","name":"Blog de Medcof: conte\u00fados, editais, revalida e mais!","description":"Acesso o blog de MedCof! Seu portal de conte\u00fados sobre resid\u00eancia m\u00e9dica, an\u00e1lise e editais e muito mais. Clique e confira!","publisher":{"@id":"https:\/\/www.grupomedcof.com.br\/blog\/#organization"},"alternateName":"Blog de Medcof: conte\u00fados, editais, revalida e mais!","potentialAction":[{"@type":"SearchAction","target":{"@type":"EntryPoint","urlTemplate":"https:\/\/www.grupomedcof.com.br\/blog\/?s={search_term_string}"},"query-input":{"@type":"PropertyValueSpecification","valueRequired":true,"valueName":"search_term_string"}}],"inLanguage":"pt-BR"},{"@type":"Organization","@id":"https:\/\/www.grupomedcof.com.br\/blog\/#organization","name":"Grupo MedCof","url":"https:\/\/www.grupomedcof.com.br\/blog\/","logo":{"@type":"ImageObject","inLanguage":"pt-BR","@id":"https:\/\/www.grupomedcof.com.br\/blog\/#\/schema\/logo\/image\/","url":"https:\/\/www.grupomedcof.com.br\/blog\/wp-content\/uploads\/2022\/01\/logo-medcof.png","contentUrl":"https:\/\/www.grupomedcof.com.br\/blog\/wp-content\/uploads\/2022\/01\/logo-medcof.png","width":768,"height":269,"caption":"Grupo MedCof"},"image":{"@id":"https:\/\/www.grupomedcof.com.br\/blog\/#\/schema\/logo\/image\/"},"sameAs":["https:\/\/www.facebook.com\/MedCofQbank\/","https:\/\/www.instagram.com\/grupomedcof\/","https:\/\/br.linkedin.com\/company\/medcof","https:\/\/www.youtube.com\/channel\/UCdHMuOHKICxcHwecxN8P-AA"]},{"@type":"Person","@id":"https:\/\/www.grupomedcof.com.br\/blog\/#\/schema\/person\/9a44c2184a836bf5ae6967fdb3a1451e","name":"Leila Menzel","image":{"@type":"ImageObject","inLanguage":"pt-BR","@id":"https:\/\/www.grupomedcof.com.br\/blog\/wp-content\/uploads\/2025\/09\/cropped-eu-96x96.jpeg19a74936d997c0a8b3031618467fa1d0","url":"https:\/\/www.grupomedcof.com.br\/blog\/wp-content\/uploads\/2025\/09\/cropped-eu-96x96.jpeg","contentUrl":"https:\/\/www.grupomedcof.com.br\/blog\/wp-content\/uploads\/2025\/09\/cropped-eu-96x96.jpeg","caption":"Leila Menzel"},"description":"Estudante do 6\u00b0 semestre de jornalismo, amo e escrevo poesias e viajo em livros de romances clich\u00eas.","url":"https:\/\/www.grupomedcof.com.br\/blog\/author\/leila-menzel\/"}]}},"authors":[{"term_id":3616,"user_id":20,"is_guest":0,"slug":"leila-menzel","display_name":"Leila Menzel","avatar_url":"https:\/\/www.grupomedcof.com.br\/blog\/wp-content\/uploads\/2025\/09\/cropped-eu-96x96.jpeg","0":null,"1":"","2":"","3":"","4":"","5":"","6":"","7":"","8":""}],"_links":{"self":[{"href":"https:\/\/www.grupomedcof.com.br\/blog\/wp-json\/wp\/v2\/posts\/26400","targetHints":{"allow":["GET"]}}],"collection":[{"href":"https:\/\/www.grupomedcof.com.br\/blog\/wp-json\/wp\/v2\/posts"}],"about":[{"href":"https:\/\/www.grupomedcof.com.br\/blog\/wp-json\/wp\/v2\/types\/post"}],"author":[{"embeddable":true,"href":"https:\/\/www.grupomedcof.com.br\/blog\/wp-json\/wp\/v2\/users\/20"}],"replies":[{"embeddable":true,"href":"https:\/\/www.grupomedcof.com.br\/blog\/wp-json\/wp\/v2\/comments?post=26400"}],"version-history":[{"count":18,"href":"https:\/\/www.grupomedcof.com.br\/blog\/wp-json\/wp\/v2\/posts\/26400\/revisions"}],"predecessor-version":[{"id":43019,"href":"https:\/\/www.grupomedcof.com.br\/blog\/wp-json\/wp\/v2\/posts\/26400\/revisions\/43019"}],"wp:featuredmedia":[{"embeddable":true,"href":"https:\/\/www.grupomedcof.com.br\/blog\/wp-json\/wp\/v2\/media\/10226"}],"wp:attachment":[{"href":"https:\/\/www.grupomedcof.com.br\/blog\/wp-json\/wp\/v2\/media?parent=26400"}],"wp:term":[{"taxonomy":"category","embeddable":true,"href":"https:\/\/www.grupomedcof.com.br\/blog\/wp-json\/wp\/v2\/categories?post=26400"},{"taxonomy":"post_tag","embeddable":true,"href":"https:\/\/www.grupomedcof.com.br\/blog\/wp-json\/wp\/v2\/tags?post=26400"},{"taxonomy":"author","embeddable":true,"href":"https:\/\/www.grupomedcof.com.br\/blog\/wp-json\/wp\/v2\/ppma_author?post=26400"}],"curies":[{"name":"wp","href":"https:\/\/api.w.org\/{rel}","templated":true}]}}