{"id":26475,"date":"2025-01-21T07:46:12","date_gmt":"2025-01-21T10:46:12","guid":{"rendered":"https:\/\/www.grupomedcof.com.br\/blog\/?p=26475"},"modified":"2025-05-12T19:05:20","modified_gmt":"2025-05-12T22:05:20","slug":"edital-revalida-inep-1-primeira-etapa","status":"publish","type":"post","link":"https:\/\/www.grupomedcof.com.br\/blog\/edital-revalida-inep-1-primeira-etapa\/","title":{"rendered":"INEP divulga edital da 1\u00aa etapa do Revalida 2025.1"},"content":{"rendered":"<div id=\"ez-toc-container\" class=\"ez-toc-v2_0_74 counter-hierarchy ez-toc-counter ez-toc-transparent ez-toc-container-direction\">\n<div class=\"ez-toc-title-container\">\n<p class=\"ez-toc-title\" style=\"cursor:inherit\">Sum\u00e1rio<\/p>\n<span class=\"ez-toc-title-toggle\"><a href=\"#\" class=\"ez-toc-pull-right ez-toc-btn ez-toc-btn-xs ez-toc-btn-default ez-toc-toggle\" aria-label=\"Alternar tabela de conte\u00fado\"><span class=\"ez-toc-js-icon-con\"><span class=\"\"><span class=\"eztoc-hide\" style=\"display:none;\">Toggle<\/span><span class=\"ez-toc-icon-toggle-span\"><svg style=\"fill: #999;color:#999\" xmlns=\"http:\/\/www.w3.org\/2000\/svg\" class=\"list-377408\" width=\"20px\" height=\"20px\" viewBox=\"0 0 24 24\" fill=\"none\"><path d=\"M6 6H4v2h2V6zm14 0H8v2h12V6zM4 11h2v2H4v-2zm16 0H8v2h12v-2zM4 16h2v2H4v-2zm16 0H8v2h12v-2z\" fill=\"currentColor\"><\/path><\/svg><svg style=\"fill: #999;color:#999\" class=\"arrow-unsorted-368013\" xmlns=\"http:\/\/www.w3.org\/2000\/svg\" width=\"10px\" height=\"10px\" viewBox=\"0 0 24 24\" version=\"1.2\" baseProfile=\"tiny\"><path d=\"M18.2 9.3l-6.2-6.3-6.2 6.3c-.2.2-.3.4-.3.7s.1.5.3.7c.2.2.4.3.7.3h11c.3 0 .5-.1.7-.3.2-.2.3-.5.3-.7s-.1-.5-.3-.7zM5.8 14.7l6.2 6.3 6.2-6.3c.2-.2.3-.5.3-.7s-.1-.5-.3-.7c-.2-.2-.4-.3-.7-.3h-11c-.3 0-.5.1-.7.3-.2.2-.3.5-.3.7s.1.5.3.7z\"\/><\/svg><\/span><\/span><\/span><\/a><\/span><\/div>\n<nav><ul class='ez-toc-list ez-toc-list-level-1 ' ><li class='ez-toc-page-1 ez-toc-heading-level-2'><a class=\"ez-toc-link ez-toc-heading-1\" href=\"https:\/\/www.grupomedcof.com.br\/blog\/edital-revalida-inep-1-primeira-etapa\/#Informacoes_edital_Revalida_INEP_20251\" >Informa\u00e7\u00f5es edital Revalida INEP 2025.1<\/a><\/li><li class='ez-toc-page-1 ez-toc-heading-level-2'><a class=\"ez-toc-link ez-toc-heading-2\" href=\"https:\/\/www.grupomedcof.com.br\/blog\/edital-revalida-inep-1-primeira-etapa\/#Processo_Seletivo_Revalida_INEP_20251\" >Processo Seletivo Revalida INEP 2025.1<\/a><\/li><li class='ez-toc-page-1 ez-toc-heading-level-2'><a class=\"ez-toc-link ez-toc-heading-3\" href=\"https:\/\/www.grupomedcof.com.br\/blog\/edital-revalida-inep-1-primeira-etapa\/#Edital_Revalida_INEP_20251\" >Edital Revalida INEP 2025.1<\/a><\/li><li class='ez-toc-page-1 ez-toc-heading-level-2'><a class=\"ez-toc-link ez-toc-heading-4\" href=\"https:\/\/www.grupomedcof.com.br\/blog\/edital-revalida-inep-1-primeira-etapa\/#Cronograma_Revalida_INEP_20251\" >Cronograma Revalida INEP 2025.1<\/a><\/li><li class='ez-toc-page-1 ez-toc-heading-level-2'><a class=\"ez-toc-link ez-toc-heading-5\" href=\"https:\/\/www.grupomedcof.com.br\/blog\/edital-revalida-inep-1-primeira-etapa\/#Prepare-se_para_o_Revalida_Inep_20251\" >Prepare-se para o Revalida Inep 2025.1<\/a><\/li><\/ul><\/nav><\/div>\n\n<figure class=\"wp-block-image size-large\"><img loading=\"lazy\" decoding=\"async\" width=\"1024\" height=\"576\" src=\"https:\/\/www.grupomedcof.com.br\/blog\/wp-content\/uploads\/2024\/05\/Revalida-3-1024x576.jpg\" alt=\"\" class=\"wp-image-33156\" srcset=\"https:\/\/www.grupomedcof.com.br\/blog\/wp-content\/uploads\/2024\/05\/Revalida-3-1024x576.jpg 1024w, https:\/\/www.grupomedcof.com.br\/blog\/wp-content\/uploads\/2024\/05\/Revalida-3-300x169.jpg 300w, https:\/\/www.grupomedcof.com.br\/blog\/wp-content\/uploads\/2024\/05\/Revalida-3-768x432.jpg 768w, https:\/\/www.grupomedcof.com.br\/blog\/wp-content\/uploads\/2024\/05\/Revalida-3-1536x864.jpg 1536w, https:\/\/www.grupomedcof.com.br\/blog\/wp-content\/uploads\/2024\/05\/Revalida-3-2048x1152.jpg 2048w, https:\/\/www.grupomedcof.com.br\/blog\/wp-content\/uploads\/2024\/05\/Revalida-3-747x420.jpg 747w, https:\/\/www.grupomedcof.com.br\/blog\/wp-content\/uploads\/2024\/05\/Revalida-3-150x84.jpg 150w, https:\/\/www.grupomedcof.com.br\/blog\/wp-content\/uploads\/2024\/05\/Revalida-3-696x392.jpg 696w, https:\/\/www.grupomedcof.com.br\/blog\/wp-content\/uploads\/2024\/05\/Revalida-3-1068x601.jpg 1068w, https:\/\/www.grupomedcof.com.br\/blog\/wp-content\/uploads\/2024\/05\/Revalida-3-1920x1080.jpg 1920w\" sizes=\"auto, (max-width: 1024px) 100vw, 1024px\" \/><\/figure>\n\n\n\n<p>O edital foi divulgado na edi\u00e7\u00e3o de <strong>21 de janeiro de 2025 do Di\u00e1rio Oficial da Uni\u00e3o<\/strong>, pelo Instituto Nacional de Estudos e Pesquisas Educacionais An\u00edsio Teixeira (INEP). Confira os detalhes no texto!<\/p>\n\n\n\n<h2 class=\"wp-block-heading\" id=\"h-informacoes-edital-revalida-inep-2025-1\"><span class=\"ez-toc-section\" id=\"Informacoes_edital_Revalida_INEP_20251\"><\/span><strong>Informa\u00e7\u00f5es edital Revalida INEP 2025.1<\/strong><span class=\"ez-toc-section-end\"><\/span><\/h2>\n\n\n\n<p>De acordo com o edital da primeira edi\u00e7\u00e3o do ano do <strong>Exame Nacional de Revalida\u00e7\u00e3o de Diplomas M\u00e9dicos Expedidos por Institui\u00e7\u00e3o de Ensino Superior Estrangeira, <\/strong>as inscri\u00e7\u00f5es ocorrer\u00e3o entre os dias <strong>27 e 31 de janeiro de 2025<\/strong>, mediante pagamento da taxa de inscri\u00e7\u00e3o de <strong>R$410,00<\/strong>, atrav\u00e9s do <a href=\"http:\/\/revalida.inep.gov.br\/revalida\/\" target=\"_blank\" rel=\"noreferrer noopener\">Sistema Revalida<\/a>.<\/p>\n\n\n\n<p>Desse modo, a aplica\u00e7\u00e3o da prova ocorrer\u00e1 no dia <strong>23 de mar\u00e7o de 2025<\/strong>, com in\u00edcio \u00e0s 8h no per\u00edodo da manh\u00e3 e 15h30 para o per\u00edodo da tarde. <\/p>\n\n\n\n<h2 class=\"wp-block-heading\" id=\"h-processo-seletivo-revalida-inep-2025-1\"><span class=\"ez-toc-section\" id=\"Processo_Seletivo_Revalida_INEP_20251\"><\/span><strong>Processo Seletivo<\/strong> <strong>Revalida INEP 2025.1<\/strong><span class=\"ez-toc-section-end\"><\/span><\/h2>\n\n\n\n<p>Para revalidar o diploma em medicina no Brasil, o candidato ter\u00e1 que realizar <strong>duas etapas&nbsp;<\/strong>do exame.<\/p>\n\n\n\n<p>A primeira etapa do processo ser\u00e1 dividida entre a&nbsp;<strong>prova objetiva (P1)<\/strong>, composta por 100 quest\u00f5es de m\u00faltipla escolha, e a<strong>&nbsp;prova discursiva (P2)<\/strong>, composta por 5 quest\u00f5es discursivas.&nbsp;<\/p>\n\n\n\n<p>J\u00e1 a segunda etapa, ser\u00e1 constitu\u00edda por uma&nbsp;<strong>prova de habilidades cl\u00ednicas<\/strong>&nbsp;composta por dez esta\u00e7\u00f5es, divididas pelas cinco grandes \u00e1reas da medicina:<\/p>\n\n\n\n<ul class=\"wp-block-list\">\n<li>Medicina da Fam\u00edlia e Comunidade;<\/li>\n\n\n\n<li>Cl\u00ednica M\u00e9dica;<\/li>\n\n\n\n<li>Cirurgia;<\/li>\n\n\n\n<li>Ginecologia e Obstetr\u00edcia;<\/li>\n\n\n\n<li>Pediatria.<\/li>\n<\/ul>\n\n\n\n<figure class=\"wp-block-image size-large\"><a href=\"https:\/\/www.grupomedcof.com.br\/cofletters\/\"><img loading=\"lazy\" decoding=\"async\" width=\"1024\" height=\"366\" src=\"https:\/\/www.grupomedcof.com.br\/blog\/wp-content\/uploads\/2024\/10\/Capa-Eventos-MedCof-Plus-1-1024x366.png\" alt=\"\" class=\"wp-image-30896\" srcset=\"https:\/\/www.grupomedcof.com.br\/blog\/wp-content\/uploads\/2024\/10\/Capa-Eventos-MedCof-Plus-1-1024x366.png 1024w, https:\/\/www.grupomedcof.com.br\/blog\/wp-content\/uploads\/2024\/10\/Capa-Eventos-MedCof-Plus-1-300x107.png 300w, https:\/\/www.grupomedcof.com.br\/blog\/wp-content\/uploads\/2024\/10\/Capa-Eventos-MedCof-Plus-1-768x275.png 768w, https:\/\/www.grupomedcof.com.br\/blog\/wp-content\/uploads\/2024\/10\/Capa-Eventos-MedCof-Plus-1-1536x549.png 1536w, https:\/\/www.grupomedcof.com.br\/blog\/wp-content\/uploads\/2024\/10\/Capa-Eventos-MedCof-Plus-1-2048x732.png 2048w, https:\/\/www.grupomedcof.com.br\/blog\/wp-content\/uploads\/2024\/10\/Capa-Eventos-MedCof-Plus-1-1175x420.png 1175w, https:\/\/www.grupomedcof.com.br\/blog\/wp-content\/uploads\/2024\/10\/Capa-Eventos-MedCof-Plus-1-150x54.png 150w, https:\/\/www.grupomedcof.com.br\/blog\/wp-content\/uploads\/2024\/10\/Capa-Eventos-MedCof-Plus-1-696x249.png 696w, https:\/\/www.grupomedcof.com.br\/blog\/wp-content\/uploads\/2024\/10\/Capa-Eventos-MedCof-Plus-1-1068x382.png 1068w, https:\/\/www.grupomedcof.com.br\/blog\/wp-content\/uploads\/2024\/10\/Capa-Eventos-MedCof-Plus-1-1920x686.png 1920w\" sizes=\"auto, (max-width: 1024px) 100vw, 1024px\" \/><\/a><\/figure>\n\n\n\n<h2 class=\"wp-block-heading\" id=\"h-edital-revalida-inep-2025-1\"><span class=\"ez-toc-section\" id=\"Edital_Revalida_INEP_20251\"><\/span><strong>Edital Revalida INEP 2025.1<\/strong><span class=\"ez-toc-section-end\"><\/span><\/h2>\n\n\n\n<div data-wp-interactive=\"core\/file\" class=\"wp-block-file\"><object data-wp-bind--hidden=\"!state.hasPdfPreview\" hidden class=\"wp-block-file__embed\" data=\"https:\/\/www.grupomedcof.com.br\/blog\/wp-content\/uploads\/2025\/01\/Edital-Revalida-Inep-2025-1.pdf\" type=\"application\/pdf\" style=\"width:100%;height:600px\" aria-label=\"Incorporado de Edital Revalida Inep 2025-1.\"><\/object><a id=\"wp-block-file--media-11940a9b-60ce-435e-bd7b-09c1977eee9e\" href=\"https:\/\/www.grupomedcof.com.br\/blog\/wp-content\/uploads\/2025\/01\/Edital-Revalida-Inep-2025-1.pdf\">Edital Revalida Inep 2025-1<\/a><a href=\"https:\/\/www.grupomedcof.com.br\/blog\/wp-content\/uploads\/2025\/01\/Edital-Revalida-Inep-2025-1.pdf\" class=\"wp-block-file__button wp-element-button\" download aria-describedby=\"wp-block-file--media-11940a9b-60ce-435e-bd7b-09c1977eee9e\">Baixar<\/a><\/div>\n\n\n\n<h2 class=\"wp-block-heading\" id=\"h-cronograma-revalida-inep-2025-1\"><span class=\"ez-toc-section\" id=\"Cronograma_Revalida_INEP_20251\"><\/span><strong>Cronograma Revalida INEP 2025.1<\/strong><span class=\"ez-toc-section-end\"><\/span><\/h2>\n\n\n\n<figure class=\"wp-block-table\"><table class=\"has-fixed-layout\"><tbody><tr><td><strong>Inscri\u00e7\u00e3o<\/strong><\/td><td>27 a 31\/01\/2025<\/td><\/tr><tr><td><strong>Solicita\u00e7\u00e3o de atendimento especializado<\/strong><\/td><td>27 a 31\/01\/2025<\/td><\/tr><tr><td><strong>Pagamento da taxa de inscri\u00e7\u00e3o<\/strong><\/td><td>at\u00e9 05\/02\/2025<\/td><\/tr><tr><td><strong>Divulga\u00e7\u00e3o da nota de corte da 1\u00aa Etapa<\/strong><\/td><td>20\/02\/2025<\/td><\/tr><tr><td><strong>Divulga\u00e7\u00e3o do cart\u00e3o de confirma\u00e7\u00e3o de inscri\u00e7\u00e3o<\/strong><\/td><td>10\/03\/2025<\/td><\/tr><tr><td><strong>Aplica\u00e7\u00e3o<\/strong> <strong>da prova<\/strong><\/td><td>23\/03\/2025<\/td><\/tr><tr><td><strong>Envio da Documenta\u00e7\u00e3o comprobat\u00f3ria de conclus\u00e3o de curso (Diploma, Certificado ou Declara\u00e7\u00e3o)<\/strong><\/td><td>24 a 29\/03\/2025<\/td><\/tr><tr><td><strong>Resultado da Documenta\u00e7\u00e3o comprobat\u00f3ria de conclus\u00e3o de curso<\/strong><\/td><td>23\/04\/2025<\/td><\/tr><tr><td><strong>Recurso contra Resultado<\/strong><\/td><td>23 a 27\/04\/2025<\/td><\/tr><tr><td><strong>Resultado do Recurso<\/strong><\/td><td>03\/06\/2025<\/td><\/tr><tr><td><strong>Gabarito preliminar da prova objetiva objetiva (P1) e do padr\u00e3o de resposta da prova escrita discursiva (P2)<\/strong><\/td><td>26\/03\/2025<\/td><\/tr><tr><td><strong>Recurso ao gabarito preliminar<\/strong><\/td><td>26\/03 a 01\/04\/2025<\/td><\/tr><tr><td><strong>Resultados do recurso e gabarito definitivo<\/strong><\/td><td>09\/05\/2025<\/td><\/tr><tr><td><strong>Resultado Definitivo Prova Objetiva (P1)<\/strong><\/td><td>09\/05\/2025<\/td><\/tr><tr><td><strong>Resultado preliminar Prova Escrita Discursiva (P2)<\/strong><\/td><td>09\/05\/2025<\/td><\/tr><tr><td><strong>Recurso contra Resultado preliminar (P2)<\/strong><\/td><td>12 a 15\/05\/2025<\/td><\/tr><tr><td><strong>Divulga\u00e7\u00e3o dos resultados finais da 1\u00aa Etapa<\/strong><\/td><td>03\/06\/2025<\/td><\/tr><\/tbody><\/table><\/figure>\n\n\n\n<h2 class=\"wp-block-heading\" id=\"prepare-se-para-o-revalida-inep-2024-2\"><span class=\"ez-toc-section\" id=\"Prepare-se_para_o_Revalida_Inep_20251\"><\/span><strong>Prepare-se para o Revalida Inep 2025.1<\/strong><span class=\"ez-toc-section-end\"><\/span><\/h2>\n\n\n\n<p>Quer se sentir preparado para o Revalida Inep? Ent\u00e3o venha&nbsp;<a href=\"https:\/\/www.grupomedcof.com.br\/home\/\" target=\"_blank\" rel=\"noreferrer noopener\">preparar-se conosco!&nbsp;<\/a>Nossas aulas s\u00e3o elaboradas por especialistas e conte\u00fados 100% atualizados!<\/p>\n\n\n\n<figure class=\"wp-block-embed is-type-video is-provider-youtube wp-block-embed-youtube wp-embed-aspect-16-9 wp-has-aspect-ratio\"><div class=\"wp-block-embed__wrapper\">\n<div class=\"youtube-embed\" data-video_id=\"45SqAgTucv4\"><iframe loading=\"lazy\" title=\"Racioc\u00ednio cl\u00ednico e ferramentas de estudos.\" width=\"696\" height=\"392\" src=\"https:\/\/www.youtube.com\/embed\/45SqAgTucv4?feature=oembed&#038;enablejsapi=1\" frameborder=\"0\" allow=\"accelerometer; autoplay; clipboard-write; encrypted-media; gyroscope; picture-in-picture; web-share\" referrerpolicy=\"strict-origin-when-cross-origin\" allowfullscreen><\/iframe><\/div>\n<\/div><\/figure>\n","protected":false},"excerpt":{"rendered":"<p>O edital foi divulgado na edi\u00e7\u00e3o de 21 de janeiro de 2025 do Di\u00e1rio Oficial da Uni\u00e3o, pelo INEP. Confira as principais informa\u00e7\u00f5es!<\/p>\n","protected":false},"author":20,"featured_media":33156,"comment_status":"open","ping_status":"open","sticky":false,"template":"","format":"standard","meta":{"footnotes":""},"categories":[221],"tags":[1435,809,1434,2490,138],"ppma_author":[3616],"class_list":{"0":"post-26475","1":"post","2":"type-post","3":"status-publish","4":"format-standard","5":"has-post-thumbnail","7":"category-revalida","8":"tag-inep","9":"tag-revalida","10":"tag-revalida-inep","11":"tag-revalida-inep-2025","12":"tag-revalidacao-de-diploma"},"yoast_head":"<!-- This site is optimized with the Yoast SEO Premium plugin v24.3 (Yoast SEO v27.4) - https:\/\/yoast.com\/product\/yoast-seo-premium-wordpress\/ -->\n<title>INEP divulga edital da 1\u00aa etapa do Revalida 2025.1 - Blog de Medcof: conte\u00fados, editais, revalida e mais!<\/title>\n<meta name=\"description\" content=\"O edital foi divulgado na edi\u00e7\u00e3o de 21 de janeiro de 2025 do Di\u00e1rio Oficial da Uni\u00e3o, pelo INEP. Confira as principais informa\u00e7\u00f5es!\" \/>\n<meta name=\"robots\" content=\"index, follow, max-snippet:-1, max-image-preview:large, max-video-preview:-1\" \/>\n<link rel=\"canonical\" href=\"https:\/\/www.grupomedcof.com.br\/blog\/edital-revalida-inep-1-primeira-etapa\/\" \/>\n<meta property=\"og:locale\" content=\"pt_BR\" \/>\n<meta property=\"og:type\" content=\"article\" \/>\n<meta property=\"og:title\" content=\"INEP divulga edital da 1\u00aa etapa do Revalida 2025.1\" \/>\n<meta property=\"og:description\" content=\"O edital foi divulgado na edi\u00e7\u00e3o de 21 de janeiro de 2025 do Di\u00e1rio Oficial da Uni\u00e3o, pelo INEP. Confira as principais informa\u00e7\u00f5es!\" \/>\n<meta property=\"og:url\" content=\"https:\/\/www.grupomedcof.com.br\/blog\/edital-revalida-inep-1-primeira-etapa\/\" \/>\n<meta property=\"og:site_name\" content=\"Blog de Medcof: conte\u00fados, editais, revalida e mais!\" \/>\n<meta property=\"article:publisher\" content=\"https:\/\/www.facebook.com\/MedCofQbank\/\" \/>\n<meta property=\"article:published_time\" content=\"2025-01-21T10:46:12+00:00\" \/>\n<meta property=\"article:modified_time\" content=\"2025-05-12T22:05:20+00:00\" \/>\n<meta property=\"og:image\" content=\"https:\/\/www.grupomedcof.com.br\/blog\/wp-content\/uploads\/2024\/05\/Revalida-3-scaled.jpg\" \/>\n\t<meta property=\"og:image:width\" content=\"2560\" \/>\n\t<meta property=\"og:image:height\" content=\"1440\" \/>\n\t<meta property=\"og:image:type\" content=\"image\/jpeg\" \/>\n<meta name=\"author\" content=\"Leila Menzel\" \/>\n<meta name=\"twitter:card\" content=\"summary_large_image\" \/>\n<meta name=\"twitter:label1\" content=\"Escrito por\" \/>\n\t<meta name=\"twitter:data1\" content=\"Leila Menzel\" \/>\n\t<meta name=\"twitter:label2\" content=\"Est. tempo de leitura\" \/>\n\t<meta name=\"twitter:data2\" content=\"3 minutos\" \/>\n<script type=\"application\/ld+json\" class=\"yoast-schema-graph\">{\"@context\":\"https:\\\/\\\/schema.org\",\"@graph\":[{\"@type\":\"Article\",\"@id\":\"https:\\\/\\\/www.grupomedcof.com.br\\\/blog\\\/edital-revalida-inep-1-primeira-etapa\\\/#article\",\"isPartOf\":{\"@id\":\"https:\\\/\\\/www.grupomedcof.com.br\\\/blog\\\/edital-revalida-inep-1-primeira-etapa\\\/\"},\"author\":{\"name\":\"Leila Menzel\",\"@id\":\"https:\\\/\\\/www.grupomedcof.com.br\\\/blog\\\/#\\\/schema\\\/person\\\/9a44c2184a836bf5ae6967fdb3a1451e\"},\"headline\":\"INEP divulga edital da 1\u00aa etapa do Revalida 2025.1\",\"datePublished\":\"2025-01-21T10:46:12+00:00\",\"dateModified\":\"2025-05-12T22:05:20+00:00\",\"mainEntityOfPage\":{\"@id\":\"https:\\\/\\\/www.grupomedcof.com.br\\\/blog\\\/edital-revalida-inep-1-primeira-etapa\\\/\"},\"wordCount\":409,\"commentCount\":3,\"publisher\":{\"@id\":\"https:\\\/\\\/www.grupomedcof.com.br\\\/blog\\\/#organization\"},\"image\":{\"@id\":\"https:\\\/\\\/www.grupomedcof.com.br\\\/blog\\\/edital-revalida-inep-1-primeira-etapa\\\/#primaryimage\"},\"thumbnailUrl\":\"https:\\\/\\\/www.grupomedcof.com.br\\\/blog\\\/wp-content\\\/uploads\\\/2024\\\/05\\\/Revalida-3-scaled.jpg\",\"keywords\":[\"INEP\",\"revalida\",\"Revalida Inep\",\"Revalida Inep 2025\",\"Revalida\u00e7\u00e3o de Diploma\"],\"articleSection\":[\"Revalida: informa\u00e7\u00f5es confi\u00e1veis e atualizadas\"],\"inLanguage\":\"pt-BR\"},{\"@type\":\"WebPage\",\"@id\":\"https:\\\/\\\/www.grupomedcof.com.br\\\/blog\\\/edital-revalida-inep-1-primeira-etapa\\\/\",\"url\":\"https:\\\/\\\/www.grupomedcof.com.br\\\/blog\\\/edital-revalida-inep-1-primeira-etapa\\\/\",\"name\":\"INEP divulga edital da 1\u00aa etapa do Revalida 2025.1 - Blog de Medcof: conte\u00fados, editais, revalida e mais!\",\"isPartOf\":{\"@id\":\"https:\\\/\\\/www.grupomedcof.com.br\\\/blog\\\/#website\"},\"primaryImageOfPage\":{\"@id\":\"https:\\\/\\\/www.grupomedcof.com.br\\\/blog\\\/edital-revalida-inep-1-primeira-etapa\\\/#primaryimage\"},\"image\":{\"@id\":\"https:\\\/\\\/www.grupomedcof.com.br\\\/blog\\\/edital-revalida-inep-1-primeira-etapa\\\/#primaryimage\"},\"thumbnailUrl\":\"https:\\\/\\\/www.grupomedcof.com.br\\\/blog\\\/wp-content\\\/uploads\\\/2024\\\/05\\\/Revalida-3-scaled.jpg\",\"datePublished\":\"2025-01-21T10:46:12+00:00\",\"dateModified\":\"2025-05-12T22:05:20+00:00\",\"description\":\"O edital foi divulgado na edi\u00e7\u00e3o de 21 de janeiro de 2025 do Di\u00e1rio Oficial da Uni\u00e3o, pelo INEP. Confira as principais informa\u00e7\u00f5es!\",\"breadcrumb\":{\"@id\":\"https:\\\/\\\/www.grupomedcof.com.br\\\/blog\\\/edital-revalida-inep-1-primeira-etapa\\\/#breadcrumb\"},\"inLanguage\":\"pt-BR\",\"potentialAction\":[{\"@type\":\"ReadAction\",\"target\":[\"https:\\\/\\\/www.grupomedcof.com.br\\\/blog\\\/edital-revalida-inep-1-primeira-etapa\\\/\"]}]},{\"@type\":\"ImageObject\",\"inLanguage\":\"pt-BR\",\"@id\":\"https:\\\/\\\/www.grupomedcof.com.br\\\/blog\\\/edital-revalida-inep-1-primeira-etapa\\\/#primaryimage\",\"url\":\"https:\\\/\\\/www.grupomedcof.com.br\\\/blog\\\/wp-content\\\/uploads\\\/2024\\\/05\\\/Revalida-3-scaled.jpg\",\"contentUrl\":\"https:\\\/\\\/www.grupomedcof.com.br\\\/blog\\\/wp-content\\\/uploads\\\/2024\\\/05\\\/Revalida-3-scaled.jpg\",\"width\":2560,\"height\":1440},{\"@type\":\"BreadcrumbList\",\"@id\":\"https:\\\/\\\/www.grupomedcof.com.br\\\/blog\\\/edital-revalida-inep-1-primeira-etapa\\\/#breadcrumb\",\"itemListElement\":[{\"@type\":\"ListItem\",\"position\":1,\"name\":\"In\u00edcio\",\"item\":\"https:\\\/\\\/www.grupomedcof.com.br\\\/blog\\\/\"},{\"@type\":\"ListItem\",\"position\":2,\"name\":\"INEP divulga edital da 1\u00aa etapa do Revalida 2025.1\"}]},{\"@type\":\"WebSite\",\"@id\":\"https:\\\/\\\/www.grupomedcof.com.br\\\/blog\\\/#website\",\"url\":\"https:\\\/\\\/www.grupomedcof.com.br\\\/blog\\\/\",\"name\":\"Blog de Medcof: conte\u00fados, editais, revalida e mais!\",\"description\":\"Acesso o blog de MedCof! Seu portal de conte\u00fados sobre resid\u00eancia m\u00e9dica, an\u00e1lise e editais e muito mais. Clique e confira!\",\"publisher\":{\"@id\":\"https:\\\/\\\/www.grupomedcof.com.br\\\/blog\\\/#organization\"},\"alternateName\":\"Blog de Medcof: conte\u00fados, editais, revalida e mais!\",\"potentialAction\":[{\"@type\":\"SearchAction\",\"target\":{\"@type\":\"EntryPoint\",\"urlTemplate\":\"https:\\\/\\\/www.grupomedcof.com.br\\\/blog\\\/?s={search_term_string}\"},\"query-input\":{\"@type\":\"PropertyValueSpecification\",\"valueRequired\":true,\"valueName\":\"search_term_string\"}}],\"inLanguage\":\"pt-BR\"},{\"@type\":\"Organization\",\"@id\":\"https:\\\/\\\/www.grupomedcof.com.br\\\/blog\\\/#organization\",\"name\":\"Grupo MedCof\",\"url\":\"https:\\\/\\\/www.grupomedcof.com.br\\\/blog\\\/\",\"logo\":{\"@type\":\"ImageObject\",\"inLanguage\":\"pt-BR\",\"@id\":\"https:\\\/\\\/www.grupomedcof.com.br\\\/blog\\\/#\\\/schema\\\/logo\\\/image\\\/\",\"url\":\"https:\\\/\\\/www.grupomedcof.com.br\\\/blog\\\/wp-content\\\/uploads\\\/2022\\\/01\\\/logo-medcof.png\",\"contentUrl\":\"https:\\\/\\\/www.grupomedcof.com.br\\\/blog\\\/wp-content\\\/uploads\\\/2022\\\/01\\\/logo-medcof.png\",\"width\":768,\"height\":269,\"caption\":\"Grupo MedCof\"},\"image\":{\"@id\":\"https:\\\/\\\/www.grupomedcof.com.br\\\/blog\\\/#\\\/schema\\\/logo\\\/image\\\/\"},\"sameAs\":[\"https:\\\/\\\/www.facebook.com\\\/MedCofQbank\\\/\",\"https:\\\/\\\/www.instagram.com\\\/grupomedcof\\\/\",\"https:\\\/\\\/br.linkedin.com\\\/company\\\/medcof\",\"https:\\\/\\\/www.youtube.com\\\/channel\\\/UCdHMuOHKICxcHwecxN8P-AA\"]},{\"@type\":\"Person\",\"@id\":\"https:\\\/\\\/www.grupomedcof.com.br\\\/blog\\\/#\\\/schema\\\/person\\\/9a44c2184a836bf5ae6967fdb3a1451e\",\"name\":\"Leila Menzel\",\"image\":{\"@type\":\"ImageObject\",\"inLanguage\":\"pt-BR\",\"@id\":\"https:\\\/\\\/www.grupomedcof.com.br\\\/blog\\\/wp-content\\\/uploads\\\/2025\\\/09\\\/cropped-eu-96x96.jpeg19a74936d997c0a8b3031618467fa1d0\",\"url\":\"https:\\\/\\\/www.grupomedcof.com.br\\\/blog\\\/wp-content\\\/uploads\\\/2025\\\/09\\\/cropped-eu-96x96.jpeg\",\"contentUrl\":\"https:\\\/\\\/www.grupomedcof.com.br\\\/blog\\\/wp-content\\\/uploads\\\/2025\\\/09\\\/cropped-eu-96x96.jpeg\",\"caption\":\"Leila Menzel\"},\"description\":\"Estudante do 6\u00b0 semestre de jornalismo, amo e escrevo poesias e viajo em livros de romances clich\u00eas.\",\"url\":\"https:\\\/\\\/www.grupomedcof.com.br\\\/blog\\\/author\\\/leila-menzel\\\/\"}]}<\/script>\n<!-- \/ Yoast SEO Premium plugin. -->","yoast_head_json":{"title":"INEP divulga edital da 1\u00aa etapa do Revalida 2025.1 - Blog de Medcof: conte\u00fados, editais, revalida e mais!","description":"O edital foi divulgado na edi\u00e7\u00e3o de 21 de janeiro de 2025 do Di\u00e1rio Oficial da Uni\u00e3o, pelo INEP. Confira as principais informa\u00e7\u00f5es!","robots":{"index":"index","follow":"follow","max-snippet":"max-snippet:-1","max-image-preview":"max-image-preview:large","max-video-preview":"max-video-preview:-1"},"canonical":"https:\/\/www.grupomedcof.com.br\/blog\/edital-revalida-inep-1-primeira-etapa\/","og_locale":"pt_BR","og_type":"article","og_title":"INEP divulga edital da 1\u00aa etapa do Revalida 2025.1","og_description":"O edital foi divulgado na edi\u00e7\u00e3o de 21 de janeiro de 2025 do Di\u00e1rio Oficial da Uni\u00e3o, pelo INEP. Confira as principais informa\u00e7\u00f5es!","og_url":"https:\/\/www.grupomedcof.com.br\/blog\/edital-revalida-inep-1-primeira-etapa\/","og_site_name":"Blog de Medcof: conte\u00fados, editais, revalida e mais!","article_publisher":"https:\/\/www.facebook.com\/MedCofQbank\/","article_published_time":"2025-01-21T10:46:12+00:00","article_modified_time":"2025-05-12T22:05:20+00:00","og_image":[{"width":2560,"height":1440,"url":"https:\/\/www.grupomedcof.com.br\/blog\/wp-content\/uploads\/2024\/05\/Revalida-3-scaled.jpg","type":"image\/jpeg"}],"author":"Leila Menzel","twitter_card":"summary_large_image","twitter_misc":{"Escrito por":"Leila Menzel","Est. tempo de leitura":"3 minutos"},"schema":{"@context":"https:\/\/schema.org","@graph":[{"@type":"Article","@id":"https:\/\/www.grupomedcof.com.br\/blog\/edital-revalida-inep-1-primeira-etapa\/#article","isPartOf":{"@id":"https:\/\/www.grupomedcof.com.br\/blog\/edital-revalida-inep-1-primeira-etapa\/"},"author":{"name":"Leila Menzel","@id":"https:\/\/www.grupomedcof.com.br\/blog\/#\/schema\/person\/9a44c2184a836bf5ae6967fdb3a1451e"},"headline":"INEP divulga edital da 1\u00aa etapa do Revalida 2025.1","datePublished":"2025-01-21T10:46:12+00:00","dateModified":"2025-05-12T22:05:20+00:00","mainEntityOfPage":{"@id":"https:\/\/www.grupomedcof.com.br\/blog\/edital-revalida-inep-1-primeira-etapa\/"},"wordCount":409,"commentCount":3,"publisher":{"@id":"https:\/\/www.grupomedcof.com.br\/blog\/#organization"},"image":{"@id":"https:\/\/www.grupomedcof.com.br\/blog\/edital-revalida-inep-1-primeira-etapa\/#primaryimage"},"thumbnailUrl":"https:\/\/www.grupomedcof.com.br\/blog\/wp-content\/uploads\/2024\/05\/Revalida-3-scaled.jpg","keywords":["INEP","revalida","Revalida Inep","Revalida Inep 2025","Revalida\u00e7\u00e3o de Diploma"],"articleSection":["Revalida: informa\u00e7\u00f5es confi\u00e1veis e atualizadas"],"inLanguage":"pt-BR"},{"@type":"WebPage","@id":"https:\/\/www.grupomedcof.com.br\/blog\/edital-revalida-inep-1-primeira-etapa\/","url":"https:\/\/www.grupomedcof.com.br\/blog\/edital-revalida-inep-1-primeira-etapa\/","name":"INEP divulga edital da 1\u00aa etapa do Revalida 2025.1 - Blog de Medcof: conte\u00fados, editais, revalida e mais!","isPartOf":{"@id":"https:\/\/www.grupomedcof.com.br\/blog\/#website"},"primaryImageOfPage":{"@id":"https:\/\/www.grupomedcof.com.br\/blog\/edital-revalida-inep-1-primeira-etapa\/#primaryimage"},"image":{"@id":"https:\/\/www.grupomedcof.com.br\/blog\/edital-revalida-inep-1-primeira-etapa\/#primaryimage"},"thumbnailUrl":"https:\/\/www.grupomedcof.com.br\/blog\/wp-content\/uploads\/2024\/05\/Revalida-3-scaled.jpg","datePublished":"2025-01-21T10:46:12+00:00","dateModified":"2025-05-12T22:05:20+00:00","description":"O edital foi divulgado na edi\u00e7\u00e3o de 21 de janeiro de 2025 do Di\u00e1rio Oficial da Uni\u00e3o, pelo INEP. Confira as principais informa\u00e7\u00f5es!","breadcrumb":{"@id":"https:\/\/www.grupomedcof.com.br\/blog\/edital-revalida-inep-1-primeira-etapa\/#breadcrumb"},"inLanguage":"pt-BR","potentialAction":[{"@type":"ReadAction","target":["https:\/\/www.grupomedcof.com.br\/blog\/edital-revalida-inep-1-primeira-etapa\/"]}]},{"@type":"ImageObject","inLanguage":"pt-BR","@id":"https:\/\/www.grupomedcof.com.br\/blog\/edital-revalida-inep-1-primeira-etapa\/#primaryimage","url":"https:\/\/www.grupomedcof.com.br\/blog\/wp-content\/uploads\/2024\/05\/Revalida-3-scaled.jpg","contentUrl":"https:\/\/www.grupomedcof.com.br\/blog\/wp-content\/uploads\/2024\/05\/Revalida-3-scaled.jpg","width":2560,"height":1440},{"@type":"BreadcrumbList","@id":"https:\/\/www.grupomedcof.com.br\/blog\/edital-revalida-inep-1-primeira-etapa\/#breadcrumb","itemListElement":[{"@type":"ListItem","position":1,"name":"In\u00edcio","item":"https:\/\/www.grupomedcof.com.br\/blog\/"},{"@type":"ListItem","position":2,"name":"INEP divulga edital da 1\u00aa etapa do Revalida 2025.1"}]},{"@type":"WebSite","@id":"https:\/\/www.grupomedcof.com.br\/blog\/#website","url":"https:\/\/www.grupomedcof.com.br\/blog\/","name":"Blog de Medcof: conte\u00fados, editais, revalida e mais!","description":"Acesso o blog de MedCof! Seu portal de conte\u00fados sobre resid\u00eancia m\u00e9dica, an\u00e1lise e editais e muito mais. Clique e confira!","publisher":{"@id":"https:\/\/www.grupomedcof.com.br\/blog\/#organization"},"alternateName":"Blog de Medcof: conte\u00fados, editais, revalida e mais!","potentialAction":[{"@type":"SearchAction","target":{"@type":"EntryPoint","urlTemplate":"https:\/\/www.grupomedcof.com.br\/blog\/?s={search_term_string}"},"query-input":{"@type":"PropertyValueSpecification","valueRequired":true,"valueName":"search_term_string"}}],"inLanguage":"pt-BR"},{"@type":"Organization","@id":"https:\/\/www.grupomedcof.com.br\/blog\/#organization","name":"Grupo MedCof","url":"https:\/\/www.grupomedcof.com.br\/blog\/","logo":{"@type":"ImageObject","inLanguage":"pt-BR","@id":"https:\/\/www.grupomedcof.com.br\/blog\/#\/schema\/logo\/image\/","url":"https:\/\/www.grupomedcof.com.br\/blog\/wp-content\/uploads\/2022\/01\/logo-medcof.png","contentUrl":"https:\/\/www.grupomedcof.com.br\/blog\/wp-content\/uploads\/2022\/01\/logo-medcof.png","width":768,"height":269,"caption":"Grupo MedCof"},"image":{"@id":"https:\/\/www.grupomedcof.com.br\/blog\/#\/schema\/logo\/image\/"},"sameAs":["https:\/\/www.facebook.com\/MedCofQbank\/","https:\/\/www.instagram.com\/grupomedcof\/","https:\/\/br.linkedin.com\/company\/medcof","https:\/\/www.youtube.com\/channel\/UCdHMuOHKICxcHwecxN8P-AA"]},{"@type":"Person","@id":"https:\/\/www.grupomedcof.com.br\/blog\/#\/schema\/person\/9a44c2184a836bf5ae6967fdb3a1451e","name":"Leila Menzel","image":{"@type":"ImageObject","inLanguage":"pt-BR","@id":"https:\/\/www.grupomedcof.com.br\/blog\/wp-content\/uploads\/2025\/09\/cropped-eu-96x96.jpeg19a74936d997c0a8b3031618467fa1d0","url":"https:\/\/www.grupomedcof.com.br\/blog\/wp-content\/uploads\/2025\/09\/cropped-eu-96x96.jpeg","contentUrl":"https:\/\/www.grupomedcof.com.br\/blog\/wp-content\/uploads\/2025\/09\/cropped-eu-96x96.jpeg","caption":"Leila Menzel"},"description":"Estudante do 6\u00b0 semestre de jornalismo, amo e escrevo poesias e viajo em livros de romances clich\u00eas.","url":"https:\/\/www.grupomedcof.com.br\/blog\/author\/leila-menzel\/"}]}},"authors":[{"term_id":3616,"user_id":20,"is_guest":0,"slug":"leila-menzel","display_name":"Leila Menzel","avatar_url":"https:\/\/www.grupomedcof.com.br\/blog\/wp-content\/uploads\/2025\/09\/cropped-eu-96x96.jpeg","0":null,"1":"","2":"","3":"","4":"","5":"","6":"","7":"","8":""}],"_links":{"self":[{"href":"https:\/\/www.grupomedcof.com.br\/blog\/wp-json\/wp\/v2\/posts\/26475","targetHints":{"allow":["GET"]}}],"collection":[{"href":"https:\/\/www.grupomedcof.com.br\/blog\/wp-json\/wp\/v2\/posts"}],"about":[{"href":"https:\/\/www.grupomedcof.com.br\/blog\/wp-json\/wp\/v2\/types\/post"}],"author":[{"embeddable":true,"href":"https:\/\/www.grupomedcof.com.br\/blog\/wp-json\/wp\/v2\/users\/20"}],"replies":[{"embeddable":true,"href":"https:\/\/www.grupomedcof.com.br\/blog\/wp-json\/wp\/v2\/comments?post=26475"}],"version-history":[{"count":1,"href":"https:\/\/www.grupomedcof.com.br\/blog\/wp-json\/wp\/v2\/posts\/26475\/revisions"}],"predecessor-version":[{"id":35722,"href":"https:\/\/www.grupomedcof.com.br\/blog\/wp-json\/wp\/v2\/posts\/26475\/revisions\/35722"}],"wp:featuredmedia":[{"embeddable":true,"href":"https:\/\/www.grupomedcof.com.br\/blog\/wp-json\/wp\/v2\/media\/33156"}],"wp:attachment":[{"href":"https:\/\/www.grupomedcof.com.br\/blog\/wp-json\/wp\/v2\/media?parent=26475"}],"wp:term":[{"taxonomy":"category","embeddable":true,"href":"https:\/\/www.grupomedcof.com.br\/blog\/wp-json\/wp\/v2\/categories?post=26475"},{"taxonomy":"post_tag","embeddable":true,"href":"https:\/\/www.grupomedcof.com.br\/blog\/wp-json\/wp\/v2\/tags?post=26475"},{"taxonomy":"author","embeddable":true,"href":"https:\/\/www.grupomedcof.com.br\/blog\/wp-json\/wp\/v2\/ppma_author?post=26475"}],"curies":[{"name":"wp","href":"https:\/\/api.w.org\/{rel}","templated":true}]}}